{"id":12338,"date":"2020-11-30T13:35:41","date_gmt":"2020-11-30T12:35:41","guid":{"rendered":"https:\/\/ru.law\/?p=12338"},"modified":"2024-07-08T13:12:43","modified_gmt":"2024-07-08T11:12:43","slug":"daimlers-niederlage-im-mercedes-abgasskandal","status":"publish","type":"post","link":"https:\/\/ru.law\/nl\/daimlers-niederlage-im-mercedes-abgasskandal\/","title":{"rendered":"Daimler&#039;s nederlaag in het Mercedes-emissieschandaal"},"content":{"rendered":"\n<h2 class=\"wp-block-heading\" id=\"h-olg-koln-verurteilt-autobauer-zur-zahlung-von-schadensersatz\"><strong>OLG K\u00f6ln verurteilt Autobauer zur Zahlung von Schadensersatz.<\/strong><\/h2>\n\n\n\n<p>Mit Urteil vom 5. November 2020 entschied das Oberlandesgericht in K\u00f6ln, dass <a href=\"https:\/\/ru.law\/expertise\/abgasskandal\/mercedes-benz-diesel\/\">Daimler<\/a> wegen der Verwendung einer illegalen Abschaltvorrichtung bei einem Mercedes Benz Marco Polo Schadenersatz zu zahlen hat (OLG K\u00f6ln vom 05.11.2020, Az. 7 U 35\/20).<\/p>\n\n\n\n<p>Der Kl\u00e4ger hatte das Wohnmobil im Februar 2017 f\u00fcr rund 61.000 Euro erworben. In dem Fahrzeug ist der Motor OM651 der Schadstoffklasse Euro 6 verbaut. F\u00fcr dieses Modell existiert ein <a href=\"https:\/\/ru.law\/abgasskandal-daimler-mercedes-rueckruf\/\">R\u00fcckruf<\/a> durch das Kraftfahrt-Bundesamt (KBA) wegen der Verwendung unzul\u00e4ssiger Abschalteinrichtungen.<\/p>\n\n\n\n<p>Das von Daimler angebotene Software-Update lie\u00df der Kl\u00e4ger nicht aufspielen.<\/p>\n\n\n\n<h3 class=\"wp-block-heading\" id=\"h-53-000-eur-schadensersatz-fur-den-klager\"><strong>53.000+ EUR Schadensersatz f\u00fcr den Kl\u00e4ger<\/strong><\/h3>\n\n\n\n<p>Das Landgericht Bonn als erste Instanz wies die Klage ab. Nun der Erfolg vor dem OLG K\u00f6ln.<br>Der Senat erkannte eine vors\u00e4tzlich sittenwidrige Sch\u00e4digung und bejahte den Schadensersatzanspruch. Daimler muss den Wagen zur\u00fccknehmen und den Kaufpreis abz\u00fcglich einer Nutzungsentsch\u00e4digung f\u00fcr die gefahrenen knapp 30.000 Kilometer zur\u00fcckzahlen. Der Kl\u00e4ger kann sich \u00fcber rund 53.800 EUR freuen.<\/p>\n\n\n\n<p>Der Inhalt der R\u00fcckrufbescheide des KBA sowie der Freigabebescheinigung f\u00fcr das von <a href=\"https:\/\/ru.law\/expertise\/abgasskandal\/mercedes-benz-diesel\/\">Daimler<\/a> entwickelte Softwareupdate belegen die substantiierte Darlegung einer unzul\u00e4ssigen Abschalteinrichtung seitens des Kl\u00e4gers, so der Senat in seinem Urteil, da sie der Daimler AG aufgeben, auf der Basis der erteilten Typengenehmigungen in den von ihr produzierten Fahrzeugen die \u201eVorschriftsm\u00e4\u00dfigkeit herzustellen, indem alle unzul\u00e4ssigen <a href=\"https:\/\/ru.law\/zykluserkennung-thermofenster-co\/\">Abschalteinrichtungen<\/a> [&#8230;] aus dem Emissionskontrollsystem entfernt werden,&#8220; und \u201edie Emissionsstrategie der derzeit in Produktion befindlichen Fahrzeuge Mercedes C 1.6 l Diesel Euro 6 vollst\u00e4ndig offen zu legen\u201c.<\/p>\n\n\n\n<p>Der beklagte Autohersteller habe den vom Kl\u00e4ger gebrachten Vortrag nicht wirksam bestritten, so dass er als zugestanden gelten muss.<\/p>\n\n\n\n<h3 class=\"wp-block-heading\" id=\"h-grenzwerte-fur-den-stickoxid-ausstoss-im-realen-fahrbetrieb-deutlich-gerissen\"><strong>Grenzwerte f\u00fcr den Stickoxid-Aussto\u00df im realen Fahrbetrieb deutlich gerissen<\/strong><\/h3>\n\n\n\n<p>Neben dem <a href=\"https:\/\/ru.law\/thermofenster-kommt-vw-teuer-zu-stehen\/\">Thermofenster<\/a> wurde vom Kl\u00e4ger noch die Verwendung weiterer Abschalteinrichtungen wie eine sog. Aufw\u00e4rmfunktion mit Teststandserkennung, eine abweichende Arbeitsweise des SCR-Katalysators im normalen Fahrbetrieb, der Wechsel der Motorsteuerung nach ca. 20 Minuten, so dass f\u00fcr die Dauer des Pr\u00fcfzyklus der Wagen sauber ist und danach wieder in den schmutzigen Abgasmodus wechselt sowie die Verwendung einer K\u00fchlmittel-Solltemperatur-Regelung dargelegt. Dadurch werden die Grenzwerte f\u00fcr den Stickoxid-Aussto\u00df im Pr\u00fcfmodus eingehalten, im realen Fahrbetrieb allerdings deutlich gerissen.<\/p>\n\n\n\n<p>Diese Vorw\u00fcrfe hat Daimler nicht entkr\u00e4ften k\u00f6nnen. Dadurch, dass der Bescheid des KBA nur unvollst\u00e4ndig und zu weiten Teilen geschw\u00e4rzt vorgelegt worden ist, bleibt unklar, welche Abschaltvorrichtungen das KBA konkret bem\u00e4ngelt hat. Der beklagte Autohersteller hat nicht dargelegt, warum die Funktionen zul\u00e4ssig sein sollten. Selbst nach ausdr\u00fccklicher Aufforderung durch den Senat hat Daimler die Belege des KBA nur sehr l\u00fcckenhaft vorgelegt.<\/p>\n\n\n\n<section class=\"wp-block-uagb-columns uagb-columns__wrap uagb-columns__background-undefined uagb-columns__stack-mobile uagb-columns__valign-undefined uagb-columns__gap-10 alignundefined uagb-block-a63b8d4d contrast blog_beitraege\"><div class=\"uagb-columns__overlay\"><\/div><div class=\"uagb-columns__inner-wrap uagb-columns__columns-1\">\n<div class=\"wp-block-uagb-column uagb-column__wrap uagb-column__background-undefined uagb-block-6e00ddba\"><div class=\"uagb-column__overlay\"><\/div><div class=\"uagb-column__inner-wrap\">\n<h3 class=\"wp-block-heading\" id=\"das-konnte-sie-auch-interessieren\">Das k\u00f6nnte Sie auch interessieren:<\/h3>\n\n\n\n\t\t\t<div class=\"wp-block-uagb-post-grid uagb-post-grid  uagb-post__image-position-top uagb-post__image-enabled uagb-block-ff875f2e     uagb-post__items uagb-post__columns-3 is-grid uagb-post__columns-tablet-2 uagb-post__columns-mobile-1 uagb-post__equal-height\" data-total=\"3\" style=\"\">\n\n\t\t\t\t\t\t\t\t\t\t\t\t<article class=\"uagb-post__inner-wrap\">\t\t\t\t\t\t\t\t<div class='uagb-post__image'>\n\t\t\t\t\t\t\t\t\t<a href=\"https:\/\/ru.law\/nl\/diesel-ueberholt-benzinpreis-jetzt-erst-recht\/\" target=\"_self\" rel=\"bookmark noopener noreferrer\" class='uagb-image-ratio-inherit'><img loading=\"lazy\" decoding=\"async\" width=\"1024\" height=\"576\" src=\"https:\/\/ru.law\/wp-content\/uploads\/2022\/03\/2021-News-Header-1200x675-2972-1024x576.jpg\" class=\"attachment-large size-large\" alt=\"Rogert-Ulbrich-Rechtsanwaelte-Kanzlei-Diesel-Benzin-Preise\" srcset=\"https:\/\/ru.law\/wp-content\/uploads\/2022\/03\/2021-News-Header-1200x675-2972-1024x576.jpg 1024w, https:\/\/ru.law\/wp-content\/uploads\/2022\/03\/2021-News-Header-1200x675-2972-300x169.jpg 300w, https:\/\/ru.law\/wp-content\/uploads\/2022\/03\/2021-News-Header-1200x675-2972-768x432.jpg 768w, https:\/\/ru.law\/wp-content\/uploads\/2022\/03\/2021-News-Header-1200x675-2972.jpg 1200w\" sizes=\"auto, (max-width: 1024px) 100vw, 1024px\" \/>\t\t\t\t\t<\/a>\n\t\t\t\t\t\t\t<\/div>\n\t\t\t\t\t\t<h4 class=\"uagb-post__title uagb-post__text\">\n\t\t\t\t<a href=\"https:\/\/ru.law\/nl\/diesel-ueberholt-benzinpreis-jetzt-erst-recht\/\" target=\"_self\" rel=\"bookmark noopener noreferrer\">Rekordpreise f\u00fcr Diesel- Jetzt erst RECHT Auto r\u00fcckabwickeln<\/a>\n\t\t\t<\/h4>\n\t\t\t\t\t\t<div class='uagb-post__text uagb-post-grid-byline'>\n\t\t\t\t\t\t\t<\/div>\n\t\t\t\t\t\t\t<div class='uagb-post__text uagb-post__excerpt'>\n\t\t\t\t\t<p>Der Diesel befindet sich in Deutschland auf einem Rekordhoch und auch Benzin n\u00e4hert sich einem&#8230;\t\t\t\t<\/div>\n\t\t\t\t\t\t<div class=\"uagb-post__text uagb-post__cta wp-block-button\">\n\t\t\t\t<a class=\"wp-block-button__link uagb-text-link\" style=\"\" href=\"https:\/\/ru.law\/nl\/diesel-ueberholt-benzinpreis-jetzt-erst-recht\/\" target=\"_self\" rel=\"bookmark noopener noreferrer\">Read More<\/a>\n\t\t\t<\/div>\n\t\t\t\n\t\t\t\t\t\t\t\t<a class=\"uagb-post__link-complete-box\" href=\"https:\/\/ru.law\/nl\/diesel-ueberholt-benzinpreis-jetzt-erst-recht\/\" target=\"_self\" rel=\"bookmark noopener noreferrer\"><\/a>\n\t\t\t\t\t\t\t<\/article>\n\t\t\t\t\t\t\t\t\t\t\t\t\t\t\t\t<article class=\"uagb-post__inner-wrap\">\t\t\t\t\t\t\t\t<div class='uagb-post__image'>\n\t\t\t\t\t\t\t\t\t<a href=\"https:\/\/ru.law\/nl\/vtdi-abgasskandal-rund-um-vw-audi-und-porsche\/\" target=\"_self\" rel=\"bookmark noopener noreferrer\" class='uagb-image-ratio-inherit'><img loading=\"lazy\" decoding=\"async\" width=\"1024\" height=\"576\" src=\"https:\/\/ru.law\/wp-content\/uploads\/2022\/01\/Rogert-Ulbrich-Rechtsanwaelte-Kanzlei-Abgasskandal-Audi-Verjaehrung-2022-1024x576.jpg\" class=\"attachment-large size-large\" alt=\"\" srcset=\"https:\/\/ru.law\/wp-content\/uploads\/2022\/01\/Rogert-Ulbrich-Rechtsanwaelte-Kanzlei-Abgasskandal-Audi-Verjaehrung-2022-1024x576.jpg 1024w, https:\/\/ru.law\/wp-content\/uploads\/2022\/01\/Rogert-Ulbrich-Rechtsanwaelte-Kanzlei-Abgasskandal-Audi-Verjaehrung-2022-300x169.jpg 300w, https:\/\/ru.law\/wp-content\/uploads\/2022\/01\/Rogert-Ulbrich-Rechtsanwaelte-Kanzlei-Abgasskandal-Audi-Verjaehrung-2022-768x432.jpg 768w, https:\/\/ru.law\/wp-content\/uploads\/2022\/01\/Rogert-Ulbrich-Rechtsanwaelte-Kanzlei-Abgasskandal-Audi-Verjaehrung-2022.jpg 1200w\" sizes=\"auto, (max-width: 1024px) 100vw, 1024px\" \/>\t\t\t\t\t<\/a>\n\t\t\t\t\t\t\t<\/div>\n\t\t\t\t\t\t<h4 class=\"uagb-post__title uagb-post__text\">\n\t\t\t\t<a href=\"https:\/\/ru.law\/nl\/vtdi-abgasskandal-rund-um-vw-audi-und-porsche\/\" target=\"_self\" rel=\"bookmark noopener noreferrer\">VTDI-Abgasskandal rund um VW, Audi und Porsche<\/a>\n\t\t\t<\/h4>\n\t\t\t\t\t\t<div class='uagb-post__text uagb-post-grid-byline'>\n\t\t\t\t\t\t\t<\/div>\n\t\t\t\t\t\t\t<div class='uagb-post__text uagb-post__excerpt'>\n\t\t\t\t\t<p>F\u00fcr viele deutsche Automobilhersteller ist der Diesel-Abgasskandal noch immer allgegenw\u00e4rtig, so auch f\u00fcr den VW-Konzern&#8230;\t\t\t\t<\/div>\n\t\t\t\t\t\t<div class=\"uagb-post__text uagb-post__cta wp-block-button\">\n\t\t\t\t<a class=\"wp-block-button__link uagb-text-link\" style=\"\" href=\"https:\/\/ru.law\/nl\/vtdi-abgasskandal-rund-um-vw-audi-und-porsche\/\" target=\"_self\" rel=\"bookmark noopener noreferrer\">Read More<\/a>\n\t\t\t<\/div>\n\t\t\t\n\t\t\t\t\t\t\t\t<a class=\"uagb-post__link-complete-box\" href=\"https:\/\/ru.law\/nl\/vtdi-abgasskandal-rund-um-vw-audi-und-porsche\/\" target=\"_self\" rel=\"bookmark noopener noreferrer\"><\/a>\n\t\t\t\t\t\t\t<\/article>\n\t\t\t\t\t\t\t\t\t\t\t\t\t\t\t\t<article class=\"uagb-post__inner-wrap\">\t\t\t\t\t\t\t\t<div class='uagb-post__image'>\n\t\t\t\t\t\t\t\t\t<a href=\"https:\/\/ru.law\/nl\/olg-koeln-verurteilt-audi-ag\/\" target=\"_self\" rel=\"bookmark noopener noreferrer\" class='uagb-image-ratio-inherit'><img loading=\"lazy\" decoding=\"async\" width=\"1024\" height=\"576\" src=\"https:\/\/ru.law\/wp-content\/uploads\/2021\/09\/rogert-ulbrich-rechtsanwalt-kanzlei-abgasskandal-premium-modelle-porsche-42l-1024x576.jpg\" class=\"attachment-large size-large\" alt=\"\" srcset=\"https:\/\/ru.law\/wp-content\/uploads\/2021\/09\/rogert-ulbrich-rechtsanwalt-kanzlei-abgasskandal-premium-modelle-porsche-42l-1024x576.jpg 1024w, https:\/\/ru.law\/wp-content\/uploads\/2021\/09\/rogert-ulbrich-rechtsanwalt-kanzlei-abgasskandal-premium-modelle-porsche-42l-300x169.jpg 300w, https:\/\/ru.law\/wp-content\/uploads\/2021\/09\/rogert-ulbrich-rechtsanwalt-kanzlei-abgasskandal-premium-modelle-porsche-42l-768x432.jpg 768w, https:\/\/ru.law\/wp-content\/uploads\/2021\/09\/rogert-ulbrich-rechtsanwalt-kanzlei-abgasskandal-premium-modelle-porsche-42l.jpg 1200w\" sizes=\"auto, (max-width: 1024px) 100vw, 1024px\" \/>\t\t\t\t\t<\/a>\n\t\t\t\t\t\t\t<\/div>\n\t\t\t\t\t\t<h4 class=\"uagb-post__title uagb-post__text\">\n\t\t\t\t<a href=\"https:\/\/ru.law\/nl\/olg-koeln-verurteilt-audi-ag\/\" target=\"_self\" rel=\"bookmark noopener noreferrer\">Audi AG zur R\u00fccknahme eines Porsche Cayenne S verurteilt<\/a>\n\t\t\t<\/h4>\n\t\t\t\t\t\t<div class='uagb-post__text uagb-post-grid-byline'>\n\t\t\t\t\t\t\t<\/div>\n\t\t\t\t\t\t\t<div class='uagb-post__text uagb-post__excerpt'>\n\t\t\t\t\t<p>Die Audi AG wurde vom OLG K\u00f6ln zur R\u00fccknahme eines Porsche Cayenne S 4.2l verurteilt&#8230;.\t\t\t\t<\/div>\n\t\t\t\t\t\t<div class=\"uagb-post__text uagb-post__cta wp-block-button\">\n\t\t\t\t<a class=\"wp-block-button__link uagb-text-link\" style=\"\" href=\"https:\/\/ru.law\/nl\/olg-koeln-verurteilt-audi-ag\/\" target=\"_self\" rel=\"bookmark noopener noreferrer\">Read More<\/a>\n\t\t\t<\/div>\n\t\t\t\n\t\t\t\t\t\t\t\t<a class=\"uagb-post__link-complete-box\" href=\"https:\/\/ru.law\/nl\/olg-koeln-verurteilt-audi-ag\/\" target=\"_self\" rel=\"bookmark noopener noreferrer\"><\/a>\n\t\t\t\t\t\t\t<\/article>\n\t\t\t\t\t\t\t\t\t\t\t<\/div>\n\t\t\t\n\n\n<p><\/p>\n<\/div><\/div>\n<\/div><\/section>\n","protected":false},"excerpt":{"rendered":"<p>OLG K\u00f6ln verurteilt Autobauer zur Zahlung von Schadensersatz. Mit Urteil vom 5. November 2020 entschied das Oberlandesgericht in K\u00f6ln, dass Daimler wegen der Verwendung einer [&hellip;]<\/p>\n","protected":false},"author":21,"featured_media":12342,"comment_status":"closed","ping_status":"open","sticky":false,"template":"","format":"standard","meta":{"_uag_custom_page_level_css":"","site-sidebar-layout":"default","site-content-layout":"default","ast-site-content-layout":"default","site-content-style":"default","site-sidebar-style":"default","ast-global-header-display":"","ast-banner-title-visibility":"","ast-main-header-display":"","ast-hfb-above-header-display":"","ast-hfb-below-header-display":"","ast-hfb-mobile-header-display":"","site-post-title":"","ast-breadcrumbs-content":"","ast-featured-img":"","footer-sml-layout":"","ast-disable-related-posts":"","theme-transparent-header-meta":"default","adv-header-id-meta":"","stick-header-meta":"","header-above-stick-meta":"","header-main-stick-meta":"","header-below-stick-meta":"","astra-migrate-meta-layouts":"default","ast-page-background-enabled":"default","ast-page-background-meta":{"desktop":{"background-color":"","background-image":"","background-repeat":"repeat","background-position":"center center","background-size":"auto","background-attachment":"scroll","background-type":"","background-media":"","overlay-type":"","overlay-color":"","overlay-opacity":"","overlay-gradient":""},"tablet":{"background-color":"","background-image":"","background-repeat":"repeat","background-position":"center center","background-size":"auto","background-attachment":"scroll","background-type":"","background-media":"","overlay-type":"","overlay-color":"","overlay-opacity":"","overlay-gradient":""},"mobile":{"background-color":"","background-image":"","background-repeat":"repeat","background-position":"center center","background-size":"auto","background-attachment":"scroll","background-type":"","background-media":"","overlay-type":"","overlay-color":"","overlay-opacity":"","overlay-gradient":""}},"ast-content-background-meta":{"desktop":{"background-color":"var(--ast-global-color-5)","background-image":"","background-repeat":"repeat","background-position":"center center","background-size":"auto","background-attachment":"scroll","background-type":"","background-media":"","overlay-type":"","overlay-color":"","overlay-opacity":"","overlay-gradient":""},"tablet":{"background-color":"var(--ast-global-color-5)","background-image":"","background-repeat":"repeat","background-position":"center center","background-size":"auto","background-attachment":"scroll","background-type":"","background-media":"","overlay-type":"","overlay-color":"","overlay-opacity":"","overlay-gradient":""},"mobile":{"background-color":"var(--ast-global-color-5)","background-image":"","background-repeat":"repeat","background-position":"center center","background-size":"auto","background-attachment":"scroll","background-type":"","background-media":"","overlay-type":"","overlay-color":"","overlay-opacity":"","overlay-gradient":""}},"footnotes":""},"categories":[2],"tags":[18,24,30],"class_list":["post-12338","post","type-post","status-publish","format-standard","has-post-thumbnail","hentry","category-abgasskandal","tag-daimler","tag-euro-6","tag-om651"],"yoast_head":"<!-- This site is optimized with the Yoast SEO Premium plugin v27.4 (Yoast SEO v27.4) - https:\/\/yoast.com\/product\/yoast-seo-premium-wordpress\/ -->\n<title>Daimlers Niederlage im Mercedes-Abgasskandal - R&amp;U<\/title>\n<meta name=\"description\" content=\"OLG K\u00f6ln ver Daimler wegen der Verwendung einer illegalen Abschaltvorrichtung bei einem Mercedes Benz Marco Polo Schadenersatz zu zahlen hat.\" \/>\n<meta name=\"robots\" content=\"index, follow, max-snippet:-1, max-image-preview:large, max-video-preview:-1\" \/>\n<link rel=\"canonical\" href=\"https:\/\/ru.law\/nl\/daimlers-niederlage-im-mercedes-abgasskandal\/\" \/>\n<meta property=\"og:locale\" content=\"nl_NL\" \/>\n<meta property=\"og:type\" content=\"article\" \/>\n<meta property=\"og:title\" content=\"Daimlers Niederlage im Mercedes-Abgasskandal\" \/>\n<meta property=\"og:description\" content=\"OLG K\u00f6ln ver Daimler wegen der Verwendung einer illegalen Abschaltvorrichtung bei einem Mercedes Benz Marco Polo Schadenersatz zu zahlen hat.\" \/>\n<meta property=\"og:url\" content=\"https:\/\/ru.law\/nl\/daimlers-niederlage-im-mercedes-abgasskandal\/\" \/>\n<meta property=\"og:site_name\" content=\"R&amp;U\" \/>\n<meta property=\"article:publisher\" content=\"https:\/\/www.facebook.com\/RogertUlbrich\/\" \/>\n<meta property=\"article:published_time\" content=\"2020-11-30T12:35:41+00:00\" \/>\n<meta property=\"article:modified_time\" content=\"2024-07-08T11:12:43+00:00\" \/>\n<meta property=\"og:image\" content=\"https:\/\/ru.law\/wp-content\/uploads\/2020\/11\/mercedes-marco-polo.jpg\" \/>\n\t<meta property=\"og:image:width\" content=\"1200\" \/>\n\t<meta property=\"og:image:height\" content=\"675\" \/>\n\t<meta property=\"og:image:type\" content=\"image\/jpeg\" \/>\n<meta name=\"author\" content=\"Marco Rogert\" \/>\n<meta name=\"twitter:card\" content=\"summary_large_image\" \/>\n<meta name=\"twitter:creator\" content=\"@RogertUlbrich\" \/>\n<meta name=\"twitter:site\" content=\"@RogertUlbrich\" \/>\n<script type=\"application\/ld+json\" class=\"yoast-schema-graph\">{\"@context\":\"https:\\\/\\\/schema.org\",\"@graph\":[{\"@type\":\"Article\",\"@id\":\"https:\\\/\\\/ru.law\\\/daimlers-niederlage-im-mercedes-abgasskandal\\\/#article\",\"isPartOf\":{\"@id\":\"https:\\\/\\\/ru.law\\\/daimlers-niederlage-im-mercedes-abgasskandal\\\/\"},\"author\":{\"name\":\"Marco Rogert\",\"@id\":\"https:\\\/\\\/ru.law\\\/#\\\/schema\\\/person\\\/b020d506e6bbc471b4565d3a98173b87\"},\"headline\":\"Daimlers Niederlage im Mercedes-Abgasskandal\",\"datePublished\":\"2020-11-30T12:35:41+00:00\",\"dateModified\":\"2024-07-08T11:12:43+00:00\",\"mainEntityOfPage\":{\"@id\":\"https:\\\/\\\/ru.law\\\/daimlers-niederlage-im-mercedes-abgasskandal\\\/\"},\"wordCount\":435,\"publisher\":{\"@id\":\"https:\\\/\\\/ru.law\\\/#organization\"},\"image\":{\"@id\":\"https:\\\/\\\/ru.law\\\/daimlers-niederlage-im-mercedes-abgasskandal\\\/#primaryimage\"},\"thumbnailUrl\":\"https:\\\/\\\/ru.law\\\/wp-content\\\/uploads\\\/2020\\\/11\\\/mercedes-marco-polo.jpg\",\"keywords\":[\"Daimler\",\"Euro-6\",\"OM651\"],\"articleSection\":[\"Abgasskandal\"],\"inLanguage\":\"nl-NL\"},{\"@type\":\"WebPage\",\"@id\":\"https:\\\/\\\/ru.law\\\/daimlers-niederlage-im-mercedes-abgasskandal\\\/\",\"url\":\"https:\\\/\\\/ru.law\\\/daimlers-niederlage-im-mercedes-abgasskandal\\\/\",\"name\":\"Daimlers Niederlage im Mercedes-Abgasskandal - R&amp;U\",\"isPartOf\":{\"@id\":\"https:\\\/\\\/ru.law\\\/#website\"},\"primaryImageOfPage\":{\"@id\":\"https:\\\/\\\/ru.law\\\/daimlers-niederlage-im-mercedes-abgasskandal\\\/#primaryimage\"},\"image\":{\"@id\":\"https:\\\/\\\/ru.law\\\/daimlers-niederlage-im-mercedes-abgasskandal\\\/#primaryimage\"},\"thumbnailUrl\":\"https:\\\/\\\/ru.law\\\/wp-content\\\/uploads\\\/2020\\\/11\\\/mercedes-marco-polo.jpg\",\"datePublished\":\"2020-11-30T12:35:41+00:00\",\"dateModified\":\"2024-07-08T11:12:43+00:00\",\"description\":\"OLG K\u00f6ln ver Daimler wegen der Verwendung einer illegalen Abschaltvorrichtung bei einem Mercedes Benz Marco Polo Schadenersatz zu zahlen hat.\",\"breadcrumb\":{\"@id\":\"https:\\\/\\\/ru.law\\\/daimlers-niederlage-im-mercedes-abgasskandal\\\/#breadcrumb\"},\"inLanguage\":\"nl-NL\",\"potentialAction\":[{\"@type\":\"ReadAction\",\"target\":[\"https:\\\/\\\/ru.law\\\/daimlers-niederlage-im-mercedes-abgasskandal\\\/\"]}]},{\"@type\":\"ImageObject\",\"inLanguage\":\"nl-NL\",\"@id\":\"https:\\\/\\\/ru.law\\\/daimlers-niederlage-im-mercedes-abgasskandal\\\/#primaryimage\",\"url\":\"https:\\\/\\\/ru.law\\\/wp-content\\\/uploads\\\/2020\\\/11\\\/mercedes-marco-polo.jpg\",\"contentUrl\":\"https:\\\/\\\/ru.law\\\/wp-content\\\/uploads\\\/2020\\\/11\\\/mercedes-marco-polo.jpg\",\"width\":1200,\"height\":675},{\"@type\":\"BreadcrumbList\",\"@id\":\"https:\\\/\\\/ru.law\\\/daimlers-niederlage-im-mercedes-abgasskandal\\\/#breadcrumb\",\"itemListElement\":[{\"@type\":\"ListItem\",\"position\":1,\"name\":\"Startseite\",\"item\":\"https:\\\/\\\/ru.law\\\/\"},{\"@type\":\"ListItem\",\"position\":2,\"name\":\"Daimlers Niederlage im Mercedes-Abgasskandal\"}]},{\"@type\":\"WebSite\",\"@id\":\"https:\\\/\\\/ru.law\\\/#website\",\"url\":\"https:\\\/\\\/ru.law\\\/\",\"name\":\"R&U\",\"description\":\"Verbraucheranw\u00e4lte\",\"publisher\":{\"@id\":\"https:\\\/\\\/ru.law\\\/#organization\"},\"alternateName\":\"Rogert & Ulbrich\",\"potentialAction\":[{\"@type\":\"SearchAction\",\"target\":{\"@type\":\"EntryPoint\",\"urlTemplate\":\"https:\\\/\\\/ru.law\\\/?s={search_term_string}\"},\"query-input\":{\"@type\":\"PropertyValueSpecification\",\"valueRequired\":true,\"valueName\":\"search_term_string\"}}],\"inLanguage\":\"nl-NL\"},{\"@type\":\"Organization\",\"@id\":\"https:\\\/\\\/ru.law\\\/#organization\",\"name\":\"Kanzlei Rogert & Ulbrich\",\"url\":\"https:\\\/\\\/ru.law\\\/\",\"logo\":{\"@type\":\"ImageObject\",\"inLanguage\":\"nl-NL\",\"@id\":\"https:\\\/\\\/ru.law\\\/#\\\/schema\\\/logo\\\/image\\\/\",\"url\":\"https:\\\/\\\/ru.law\\\/wp-content\\\/uploads\\\/2020\\\/12\\\/logo-ru-law.svg\",\"contentUrl\":\"https:\\\/\\\/ru.law\\\/wp-content\\\/uploads\\\/2020\\\/12\\\/logo-ru-law.svg\",\"width\":992,\"height\":259,\"caption\":\"Kanzlei Rogert & Ulbrich\"},\"image\":{\"@id\":\"https:\\\/\\\/ru.law\\\/#\\\/schema\\\/logo\\\/image\\\/\"},\"sameAs\":[\"https:\\\/\\\/www.facebook.com\\\/RogertUlbrich\\\/\",\"https:\\\/\\\/x.com\\\/RogertUlbrich\",\"https:\\\/\\\/www.instagram.com\\\/rogertulbrich\\\/\",\"https:\\\/\\\/www.linkedin.com\\\/company\\\/rogert-ulbrich\\\/\",\"https:\\\/\\\/www.youtube.com\\\/channel\\\/UCganCgpvwpPFqMFf1vVmG2A\"]},{\"@type\":\"Person\",\"@id\":\"https:\\\/\\\/ru.law\\\/#\\\/schema\\\/person\\\/b020d506e6bbc471b4565d3a98173b87\",\"name\":\"Marco Rogert\",\"url\":\"https:\\\/\\\/ru.law\\\/nl\\\/author\\\/rogertru-law\\\/\"}]}<\/script>\n<!-- \/ Yoast SEO Premium plugin. -->","yoast_head_json":{"title":"Daimler&#039;s nederlaag in het Mercedes-emissieschandaal - R&amp;U","description":"Het hof van beroep in Keulen heeft bepaald dat Daimler een schadevergoeding moet betalen voor het gebruik van een illegaal sjoemelprogramma in een Mercedes Benz Marco Polo.","robots":{"index":"index","follow":"follow","max-snippet":"max-snippet:-1","max-image-preview":"max-image-preview:large","max-video-preview":"max-video-preview:-1"},"canonical":"https:\/\/ru.law\/nl\/daimlers-niederlage-im-mercedes-abgasskandal\/","og_locale":"nl_NL","og_type":"article","og_title":"Daimlers Niederlage im Mercedes-Abgasskandal","og_description":"OLG K\u00f6ln ver Daimler wegen der Verwendung einer illegalen Abschaltvorrichtung bei einem Mercedes Benz Marco Polo Schadenersatz zu zahlen hat.","og_url":"https:\/\/ru.law\/nl\/daimlers-niederlage-im-mercedes-abgasskandal\/","og_site_name":"R&amp;U","article_publisher":"https:\/\/www.facebook.com\/RogertUlbrich\/","article_published_time":"2020-11-30T12:35:41+00:00","article_modified_time":"2024-07-08T11:12:43+00:00","og_image":[{"width":1200,"height":675,"url":"https:\/\/ru.law\/wp-content\/uploads\/2020\/11\/mercedes-marco-polo.jpg","type":"image\/jpeg"}],"author":"Marco Rogert","twitter_card":"summary_large_image","twitter_creator":"@RogertUlbrich","twitter_site":"@RogertUlbrich","schema":{"@context":"https:\/\/schema.org","@graph":[{"@type":"Article","@id":"https:\/\/ru.law\/daimlers-niederlage-im-mercedes-abgasskandal\/#article","isPartOf":{"@id":"https:\/\/ru.law\/daimlers-niederlage-im-mercedes-abgasskandal\/"},"author":{"name":"Marco Rogert","@id":"https:\/\/ru.law\/#\/schema\/person\/b020d506e6bbc471b4565d3a98173b87"},"headline":"Daimlers Niederlage im Mercedes-Abgasskandal","datePublished":"2020-11-30T12:35:41+00:00","dateModified":"2024-07-08T11:12:43+00:00","mainEntityOfPage":{"@id":"https:\/\/ru.law\/daimlers-niederlage-im-mercedes-abgasskandal\/"},"wordCount":435,"publisher":{"@id":"https:\/\/ru.law\/#organization"},"image":{"@id":"https:\/\/ru.law\/daimlers-niederlage-im-mercedes-abgasskandal\/#primaryimage"},"thumbnailUrl":"https:\/\/ru.law\/wp-content\/uploads\/2020\/11\/mercedes-marco-polo.jpg","keywords":["Daimler","Euro-6","OM651"],"articleSection":["Abgasskandal"],"inLanguage":"nl-NL"},{"@type":"WebPage","@id":"https:\/\/ru.law\/daimlers-niederlage-im-mercedes-abgasskandal\/","url":"https:\/\/ru.law\/daimlers-niederlage-im-mercedes-abgasskandal\/","name":"Daimler&#039;s nederlaag in het Mercedes-emissieschandaal - R&amp;U","isPartOf":{"@id":"https:\/\/ru.law\/#website"},"primaryImageOfPage":{"@id":"https:\/\/ru.law\/daimlers-niederlage-im-mercedes-abgasskandal\/#primaryimage"},"image":{"@id":"https:\/\/ru.law\/daimlers-niederlage-im-mercedes-abgasskandal\/#primaryimage"},"thumbnailUrl":"https:\/\/ru.law\/wp-content\/uploads\/2020\/11\/mercedes-marco-polo.jpg","datePublished":"2020-11-30T12:35:41+00:00","dateModified":"2024-07-08T11:12:43+00:00","description":"Het hof van beroep in Keulen heeft bepaald dat Daimler een schadevergoeding moet betalen voor het gebruik van een illegaal sjoemelprogramma in een Mercedes Benz Marco Polo.","breadcrumb":{"@id":"https:\/\/ru.law\/daimlers-niederlage-im-mercedes-abgasskandal\/#breadcrumb"},"inLanguage":"nl-NL","potentialAction":[{"@type":"ReadAction","target":["https:\/\/ru.law\/daimlers-niederlage-im-mercedes-abgasskandal\/"]}]},{"@type":"ImageObject","inLanguage":"nl-NL","@id":"https:\/\/ru.law\/daimlers-niederlage-im-mercedes-abgasskandal\/#primaryimage","url":"https:\/\/ru.law\/wp-content\/uploads\/2020\/11\/mercedes-marco-polo.jpg","contentUrl":"https:\/\/ru.law\/wp-content\/uploads\/2020\/11\/mercedes-marco-polo.jpg","width":1200,"height":675},{"@type":"BreadcrumbList","@id":"https:\/\/ru.law\/daimlers-niederlage-im-mercedes-abgasskandal\/#breadcrumb","itemListElement":[{"@type":"ListItem","position":1,"name":"Startseite","item":"https:\/\/ru.law\/"},{"@type":"ListItem","position":2,"name":"Daimlers Niederlage im Mercedes-Abgasskandal"}]},{"@type":"WebSite","@id":"https:\/\/ru.law\/#website","url":"https:\/\/ru.law\/","name":"R&amp;U","description":"Consumentenadvocaten","publisher":{"@id":"https:\/\/ru.law\/#organization"},"alternateName":"Rogert & Ulbrich","potentialAction":[{"@type":"SearchAction","target":{"@type":"EntryPoint","urlTemplate":"https:\/\/ru.law\/?s={search_term_string}"},"query-input":{"@type":"PropertyValueSpecification","valueRequired":true,"valueName":"search_term_string"}}],"inLanguage":"nl-NL"},{"@type":"Organization","@id":"https:\/\/ru.law\/#organization","name":"Advocatenkantoor Rogert &amp; Ulbrich","url":"https:\/\/ru.law\/","logo":{"@type":"ImageObject","inLanguage":"nl-NL","@id":"https:\/\/ru.law\/#\/schema\/logo\/image\/","url":"https:\/\/ru.law\/wp-content\/uploads\/2020\/12\/logo-ru-law.svg","contentUrl":"https:\/\/ru.law\/wp-content\/uploads\/2020\/12\/logo-ru-law.svg","width":992,"height":259,"caption":"Kanzlei Rogert & Ulbrich"},"image":{"@id":"https:\/\/ru.law\/#\/schema\/logo\/image\/"},"sameAs":["https:\/\/www.facebook.com\/RogertUlbrich\/","https:\/\/x.com\/RogertUlbrich","https:\/\/www.instagram.com\/rogertulbrich\/","https:\/\/www.linkedin.com\/company\/rogert-ulbrich\/","https:\/\/www.youtube.com\/channel\/UCganCgpvwpPFqMFf1vVmG2A"]},{"@type":"Person","@id":"https:\/\/ru.law\/#\/schema\/person\/b020d506e6bbc471b4565d3a98173b87","name":"Marco Rogert","url":"https:\/\/ru.law\/nl\/author\/rogertru-law\/"}]}},"uagb_featured_image_src":{"full":["https:\/\/ru.law\/wp-content\/uploads\/2020\/11\/mercedes-marco-polo.jpg",1200,675,false],"thumbnail":["https:\/\/ru.law\/wp-content\/uploads\/2020\/11\/mercedes-marco-polo-150x150.jpg",96,96,true],"medium":["https:\/\/ru.law\/wp-content\/uploads\/2020\/11\/mercedes-marco-polo-300x169.jpg",300,169,true],"medium_large":["https:\/\/ru.law\/wp-content\/uploads\/2020\/11\/mercedes-marco-polo-768x432.jpg",768,432,true],"large":["https:\/\/ru.law\/wp-content\/uploads\/2020\/11\/mercedes-marco-polo-1024x576.jpg",1024,576,true],"1536x1536":["https:\/\/ru.law\/wp-content\/uploads\/2020\/11\/mercedes-marco-polo.jpg",1200,675,false],"2048x2048":["https:\/\/ru.law\/wp-content\/uploads\/2020\/11\/mercedes-marco-polo.jpg",1200,675,false],"trp-custom-language-flag":["https:\/\/ru.law\/wp-content\/uploads\/2020\/11\/mercedes-marco-polo.jpg",18,10,false]},"uagb_author_info":{"display_name":"Marco Rogert","author_link":"https:\/\/ru.law\/nl\/author\/rogertru-law\/"},"uagb_comment_info":0,"uagb_excerpt":"OLG K\u00f6ln verurteilt Autobauer zur Zahlung von Schadensersatz. Mit Urteil vom 5. November 2020 entschied das Oberlandesgericht in K\u00f6ln, dass Daimler wegen der Verwendung einer [&hellip;]","_links":{"self":[{"href":"https:\/\/ru.law\/nl\/wp-json\/wp\/v2\/posts\/12338","targetHints":{"allow":["GET"]}}],"collection":[{"href":"https:\/\/ru.law\/nl\/wp-json\/wp\/v2\/posts"}],"about":[{"href":"https:\/\/ru.law\/nl\/wp-json\/wp\/v2\/types\/post"}],"author":[{"embeddable":true,"href":"https:\/\/ru.law\/nl\/wp-json\/wp\/v2\/users\/21"}],"replies":[{"embeddable":true,"href":"https:\/\/ru.law\/nl\/wp-json\/wp\/v2\/comments?post=12338"}],"version-history":[{"count":0,"href":"https:\/\/ru.law\/nl\/wp-json\/wp\/v2\/posts\/12338\/revisions"}],"wp:featuredmedia":[{"embeddable":true,"href":"https:\/\/ru.law\/nl\/wp-json\/wp\/v2\/media\/12342"}],"wp:attachment":[{"href":"https:\/\/ru.law\/nl\/wp-json\/wp\/v2\/media?parent=12338"}],"wp:term":[{"taxonomy":"category","embeddable":true,"href":"https:\/\/ru.law\/nl\/wp-json\/wp\/v2\/categories?post=12338"},{"taxonomy":"post_tag","embeddable":true,"href":"https:\/\/ru.law\/nl\/wp-json\/wp\/v2\/tags?post=12338"}],"curies":[{"name":"wp","href":"https:\/\/api.w.org\/{rel}","templated":true}]}}