{"id":11723,"date":"2020-11-19T12:53:48","date_gmt":"2020-11-19T11:53:48","guid":{"rendered":"https:\/\/ru.law\/?p=11723"},"modified":"2024-07-08T13:12:44","modified_gmt":"2024-07-08T11:12:44","slug":"volkswagen-nimmt-berufung-zurueck","status":"publish","type":"post","link":"https:\/\/ru.law\/nl\/volkswagen-nimmt-berufung-zurueck\/","title":{"rendered":"Volkswagen trekt beroep in in zaak van late koper"},"content":{"rendered":"<h2 class=\"wp-block-heading\" id=\"h-schadensersatz-trotz-kauf-nach-ad-hoc-mitteilung\"><strong>Compensatie ondanks aankoop na ad-hoc melding<\/strong>.<\/h2>\n\n\n\n<p>Na de sensationele uitspraak in Ingolstadt kan het toonaangevende advocatenkantoor in het emissieschandaal, Rogert &amp; Ulbrich, opnieuw een succes claimen in de zaak van een zogenaamde late koper.<br>Dus precies de koper die reageert op de uitspraken van de <a href=\"https:\/\/ru.law\/nl\/expertise\/abgasskandal\/vw-diesel\/\">Volkswagen Groep<\/a> na de aankondiging van de <a href=\"https:\/\/ru.law\/nl\/expertise\/abgasskandal\/\">emissieschandaal<\/a>, vertrouwd. Alles zou nu beter moeten zijn. Klanten van VW waren echter bitter teleurgesteld over het daaropvolgende gedrag van het bedrijf en over de uitspraak van het Federale Hof van Justitie eind juli 2020.<\/p>\n\n\n\n<p>In de huidige procedure voor het Oberlandesgericht Frankfurt a. M. maakte zich zorgen over de terugname van een VW Tiguan die als nieuwe auto was gekocht. Op 24 oktober 2015, iets meer dan een maand na de publicatie van de <a href=\"https:\/\/ru.law\/nl\/abgasskandal-prozessbetrug-bgh-urteil-zur-vw-ad-hoc-mitteilung\/\">ad hoc aankondiging<\/a> Volkswagen AG kocht de auto voor iets minder dan 30.000 euro.<\/p>\n\n\n\n<h3 class=\"wp-block-heading\" id=\"h-der-kaufzeitpunkt-des-betrugsautos-spielt-keine-rolle-urteil-rechtskraftig\"><strong>Het moment waarop de frauduleuze auto is gekocht, speelt geen rol. definitief oordeel<\/strong>.<\/h3>\n\n\n\n<p>In eerste instantie oordeelde de regionale rechtbank in Hanau in het voordeel van de eiser en veroordeelde Volkswagen AG tot betaling van 23.289 euro en tot terugname van de frauduleuze auto (LG Hanau van 21 mei 2019, zaaknummer 1 O 1518\/18). De rechtbank sprak zich duidelijk uit en bevestigde dat er sprake was van opzettelijke, immorele schade. Het gebruik van de frauduleuze software had enkel tot doel om Volkswagen, hetzij uit incompetentie, hetzij uit winstbejag, te misleiden en zo een concurrentievoordeel te behalen. Het moment van aankoop speelde geen rol bij de beoordeling.<\/p>\n\n\n\n<p>Volkswagen AG heeft inmiddels haar beroep tegen de uitspraak van de regionale rechtbank Hanau bij het hof van beroep in Frankfurt ingetrokken. De uitspraak van de Arrondissementsrechtbank van Hanau is nu definitief en bindend: de eiser kan zijn diesel binnenkort teruggeven aan de VW-groep.<\/p>\n\n\n\n<h3 class=\"wp-block-heading\" id=\"h-neue-argumente-stellen-die-inhalte-der-ad-hoc-mitteilung-von-vw-stark-in-frage\"><strong>Nieuwe argumenten trekken de inhoud van de ad-hocaankondiging van VW sterk in twijfel<\/strong>.<\/h3>\n\n\n\n<p>De reden voor de intrekking kan zijn dat in deze procedure nieuwe argumenten naar voren zijn gebracht. Deze stelden de geloofwaardigheid van de Volkswagen Groep in twijfel met betrekking tot de inhoud van de <a href=\"https:\/\/ru.law\/nl\/abgasskandal-prozessbetrug-bgh-urteil-zur-vw-ad-hoc-mitteilung\/\">ad hoc aankondiging<\/a> zeer de vraag. In de ad hoc aankondiging beweerde VW onder meer dat de betreffende software geen invloed had op \u201chet rijgedrag, het verbruik of de emissies.\u201d De vraag is echter welk doel de software zou hebben gediend, behalve het voldoen aan de emissienormen op de testbank die bij gebruik op de openbare weg werden overschreden.<\/p>\n\n\n\n<section class=\"wp-block-uagb-columns uagb-columns__wrap uagb-columns__background-undefined uagb-columns__stack-mobile uagb-columns__valign-undefined uagb-columns__gap-10 alignundefined uagb-block-a63b8d4d contrast blog_beitraege\"><div class=\"uagb-columns__overlay\"><\/div><div class=\"uagb-columns__inner-wrap uagb-columns__columns-1\">\n<div class=\"wp-block-uagb-column uagb-column__wrap uagb-column__background-undefined uagb-block-6e00ddba\"><div class=\"uagb-column__overlay\"><\/div><div class=\"uagb-column__inner-wrap\">\n<h3 class=\"wp-block-heading\" id=\"das-konnte-sie-auch-interessieren\">Misschien bent u ook ge\u00efnteresseerd in:<\/h3>\n\n\n\n\t\t\t<div class=\"wp-block-uagb-post-grid uagb-post-grid  uagb-post__image-position-top uagb-post__image-enabled uagb-block-ff875f2e     uagb-post__items uagb-post__columns-3 is-grid uagb-post__columns-tablet-2 uagb-post__columns-mobile-1 uagb-post__equal-height\" data-total=\"3\" style=\"\">\n\n\t\t\t\t\t\t\t\t\t\t\t\t<article class=\"uagb-post__inner-wrap\">\t\t\t\t\t\t\t\t<div class='uagb-post__image'>\n\t\t\t\t\t\t\t\t\t<a href=\"https:\/\/ru.law\/nl\/diesel-ueberholt-benzinpreis-jetzt-erst-recht\/\" target=\"_self\" rel=\"bookmark noopener noreferrer\" class='uagb-image-ratio-inherit'><img loading=\"lazy\" decoding=\"async\" width=\"1024\" height=\"576\" src=\"https:\/\/ru.law\/wp-content\/uploads\/2022\/03\/2021-News-Header-1200x675-2972-1024x576.jpg\" class=\"attachment-large size-large\" alt=\"Rogert-Ulbrich-Rechtsanwaelte-Kanzlei-Diesel-Benzin-Preise\" srcset=\"https:\/\/ru.law\/wp-content\/uploads\/2022\/03\/2021-News-Header-1200x675-2972-1024x576.jpg 1024w, https:\/\/ru.law\/wp-content\/uploads\/2022\/03\/2021-News-Header-1200x675-2972-300x169.jpg 300w, https:\/\/ru.law\/wp-content\/uploads\/2022\/03\/2021-News-Header-1200x675-2972-768x432.jpg 768w, https:\/\/ru.law\/wp-content\/uploads\/2022\/03\/2021-News-Header-1200x675-2972.jpg 1200w\" sizes=\"auto, (max-width: 1024px) 100vw, 1024px\" \/>\t\t\t\t\t<\/a>\n\t\t\t\t\t\t\t<\/div>\n\t\t\t\t\t\t<h4 class=\"uagb-post__title uagb-post__text\">\n\t\t\t\t<a href=\"https:\/\/ru.law\/nl\/diesel-ueberholt-benzinpreis-jetzt-erst-recht\/\" target=\"_self\" rel=\"bookmark noopener noreferrer\">Recordprijzen voor diesel - Nu is het moment om uw auto terug te draaien<\/a>\n\t\t\t<\/h4>\n\t\t\t\t\t\t<div class='uagb-post__text uagb-post-grid-byline'>\n\t\t\t\t\t\t\t<\/div>\n\t\t\t\t\t\t\t<div class='uagb-post__text uagb-post__excerpt'>\n\t\t\t\t\t<p>Diesel staat in Duitsland op recordhoogte en ook benzine nadert een\u2026\t\t\t\t<\/div>\n\t\t\t\t\t\t<div class=\"uagb-post__text uagb-post__cta wp-block-button\">\n\t\t\t\t<a class=\"wp-block-button__link uagb-text-link\" style=\"\" href=\"https:\/\/ru.law\/nl\/diesel-ueberholt-benzinpreis-jetzt-erst-recht\/\" target=\"_self\" rel=\"bookmark noopener noreferrer\">Lees meer<\/a>\n\t\t\t<\/div>\n\t\t\t\n\t\t\t\t\t\t\t\t<a class=\"uagb-post__link-complete-box\" href=\"https:\/\/ru.law\/nl\/diesel-ueberholt-benzinpreis-jetzt-erst-recht\/\" target=\"_self\" rel=\"bookmark noopener noreferrer\"><\/a>\n\t\t\t\t\t\t\t<\/article>\n\t\t\t\t\t\t\t\t\t\t\t\t\t\t\t\t<article class=\"uagb-post__inner-wrap\">\t\t\t\t\t\t\t\t<div class='uagb-post__image'>\n\t\t\t\t\t\t\t\t\t<a href=\"https:\/\/ru.law\/nl\/vtdi-abgasskandal-rund-um-vw-audi-und-porsche\/\" target=\"_self\" rel=\"bookmark noopener noreferrer\" class='uagb-image-ratio-inherit'><img loading=\"lazy\" decoding=\"async\" width=\"1024\" height=\"576\" src=\"https:\/\/ru.law\/wp-content\/uploads\/2022\/01\/Rogert-Ulbrich-Rechtsanwaelte-Kanzlei-Abgasskandal-Audi-Verjaehrung-2022-1024x576.jpg\" class=\"attachment-large size-large\" alt=\"\" srcset=\"https:\/\/ru.law\/wp-content\/uploads\/2022\/01\/Rogert-Ulbrich-Rechtsanwaelte-Kanzlei-Abgasskandal-Audi-Verjaehrung-2022-1024x576.jpg 1024w, https:\/\/ru.law\/wp-content\/uploads\/2022\/01\/Rogert-Ulbrich-Rechtsanwaelte-Kanzlei-Abgasskandal-Audi-Verjaehrung-2022-300x169.jpg 300w, https:\/\/ru.law\/wp-content\/uploads\/2022\/01\/Rogert-Ulbrich-Rechtsanwaelte-Kanzlei-Abgasskandal-Audi-Verjaehrung-2022-768x432.jpg 768w, https:\/\/ru.law\/wp-content\/uploads\/2022\/01\/Rogert-Ulbrich-Rechtsanwaelte-Kanzlei-Abgasskandal-Audi-Verjaehrung-2022.jpg 1200w\" sizes=\"auto, (max-width: 1024px) 100vw, 1024px\" \/>\t\t\t\t\t<\/a>\n\t\t\t\t\t\t\t<\/div>\n\t\t\t\t\t\t<h4 class=\"uagb-post__title uagb-post__text\">\n\t\t\t\t<a href=\"https:\/\/ru.law\/nl\/vtdi-abgasskandal-rund-um-vw-audi-und-porsche\/\" target=\"_self\" rel=\"bookmark noopener noreferrer\">VTDI-emissieschandaal waarbij VW, Audi en Porsche betrokken zijn<\/a>\n\t\t\t<\/h4>\n\t\t\t\t\t\t<div class='uagb-post__text uagb-post-grid-byline'>\n\t\t\t\t\t\t\t<\/div>\n\t\t\t\t\t\t\t<div class='uagb-post__text uagb-post__excerpt'>\n\t\t\t\t\t<p>Voor veel Duitse autofabrikanten is het dieselemissieschandaal nog steeds alomtegenwoordig, ook voor de VW Groep\u2026\t\t\t\t<\/div>\n\t\t\t\t\t\t<div class=\"uagb-post__text uagb-post__cta wp-block-button\">\n\t\t\t\t<a class=\"wp-block-button__link uagb-text-link\" style=\"\" href=\"https:\/\/ru.law\/nl\/vtdi-abgasskandal-rund-um-vw-audi-und-porsche\/\" target=\"_self\" rel=\"bookmark noopener noreferrer\">Lees meer<\/a>\n\t\t\t<\/div>\n\t\t\t\n\t\t\t\t\t\t\t\t<a class=\"uagb-post__link-complete-box\" href=\"https:\/\/ru.law\/nl\/vtdi-abgasskandal-rund-um-vw-audi-und-porsche\/\" target=\"_self\" rel=\"bookmark noopener noreferrer\"><\/a>\n\t\t\t\t\t\t\t<\/article>\n\t\t\t\t\t\t\t\t\t\t\t\t\t\t\t\t<article class=\"uagb-post__inner-wrap\">\t\t\t\t\t\t\t\t<div class='uagb-post__image'>\n\t\t\t\t\t\t\t\t\t<a href=\"https:\/\/ru.law\/nl\/olg-koeln-verurteilt-audi-ag\/\" target=\"_self\" rel=\"bookmark noopener noreferrer\" class='uagb-image-ratio-inherit'><img loading=\"lazy\" decoding=\"async\" width=\"1024\" height=\"576\" src=\"https:\/\/ru.law\/wp-content\/uploads\/2021\/09\/rogert-ulbrich-rechtsanwalt-kanzlei-abgasskandal-premium-modelle-porsche-42l-1024x576.jpg\" class=\"attachment-large size-large\" alt=\"\" srcset=\"https:\/\/ru.law\/wp-content\/uploads\/2021\/09\/rogert-ulbrich-rechtsanwalt-kanzlei-abgasskandal-premium-modelle-porsche-42l-1024x576.jpg 1024w, https:\/\/ru.law\/wp-content\/uploads\/2021\/09\/rogert-ulbrich-rechtsanwalt-kanzlei-abgasskandal-premium-modelle-porsche-42l-300x169.jpg 300w, https:\/\/ru.law\/wp-content\/uploads\/2021\/09\/rogert-ulbrich-rechtsanwalt-kanzlei-abgasskandal-premium-modelle-porsche-42l-768x432.jpg 768w, https:\/\/ru.law\/wp-content\/uploads\/2021\/09\/rogert-ulbrich-rechtsanwalt-kanzlei-abgasskandal-premium-modelle-porsche-42l.jpg 1200w\" sizes=\"auto, (max-width: 1024px) 100vw, 1024px\" \/>\t\t\t\t\t<\/a>\n\t\t\t\t\t\t\t<\/div>\n\t\t\t\t\t\t<h4 class=\"uagb-post__title uagb-post__text\">\n\t\t\t\t<a href=\"https:\/\/ru.law\/nl\/olg-koeln-verurteilt-audi-ag\/\" target=\"_self\" rel=\"bookmark noopener noreferrer\">Audi AG moet Porsche Cayenne S terugnemen<\/a>\n\t\t\t<\/h4>\n\t\t\t\t\t\t<div class='uagb-post__text uagb-post-grid-byline'>\n\t\t\t\t\t\t\t<\/div>\n\t\t\t\t\t\t\t<div class='uagb-post__text uagb-post__excerpt'>\n\t\t\t\t\t<p>Audi AG kreeg van het Oberlandesgericht Keulen de opdracht een Porsche Cayenne S 4.2l terug te nemen\u2026.\t\t\t\t<\/div>\n\t\t\t\t\t\t<div class=\"uagb-post__text uagb-post__cta wp-block-button\">\n\t\t\t\t<a class=\"wp-block-button__link uagb-text-link\" style=\"\" href=\"https:\/\/ru.law\/nl\/olg-koeln-verurteilt-audi-ag\/\" target=\"_self\" rel=\"bookmark noopener noreferrer\">Lees meer<\/a>\n\t\t\t<\/div>\n\t\t\t\n\t\t\t\t\t\t\t\t<a class=\"uagb-post__link-complete-box\" href=\"https:\/\/ru.law\/nl\/olg-koeln-verurteilt-audi-ag\/\" target=\"_self\" rel=\"bookmark noopener noreferrer\"><\/a>\n\t\t\t\t\t\t\t<\/article>\n\t\t\t\t\t\t\t\t\t\t\t<\/div>\n\t\t\t\n\n\n<p><\/p>\n<\/div><\/div>\n<\/div><\/section>","protected":false},"excerpt":{"rendered":"<p>Schadensersatz trotz Kauf nach ad-hoc Mitteilung. Nach dem sensationellen Urteil in Ingolstadt kann sich die im Abgasskandal f\u00fchrende Kanzlei Rogert &amp; Ulbrich einen weiteren Erfolg [&hellip;]<\/p>\n","protected":false},"author":21,"featured_media":11724,"comment_status":"closed","ping_status":"open","sticky":false,"template":"","format":"standard","meta":{"_uag_custom_page_level_css":"","site-sidebar-layout":"default","site-content-layout":"default","ast-site-content-layout":"default","site-content-style":"default","site-sidebar-style":"default","ast-global-header-display":"","ast-banner-title-visibility":"","ast-main-header-display":"","ast-hfb-above-header-display":"","ast-hfb-below-header-display":"","ast-hfb-mobile-header-display":"","site-post-title":"","ast-breadcrumbs-content":"","ast-featured-img":"","footer-sml-layout":"","ast-disable-related-posts":"","theme-transparent-header-meta":"default","adv-header-id-meta":"","stick-header-meta":"","header-above-stick-meta":"","header-main-stick-meta":"","header-below-stick-meta":"","astra-migrate-meta-layouts":"default","ast-page-background-enabled":"default","ast-page-background-meta":{"desktop":{"background-color":"","background-image":"","background-repeat":"repeat","background-position":"center center","background-size":"auto","background-attachment":"scroll","background-type":"","background-media":"","overlay-type":"","overlay-color":"","overlay-opacity":"","overlay-gradient":""},"tablet":{"background-color":"","background-image":"","background-repeat":"repeat","background-position":"center center","background-size":"auto","background-attachment":"scroll","background-type":"","background-media":"","overlay-type":"","overlay-color":"","overlay-opacity":"","overlay-gradient":""},"mobile":{"background-color":"","background-image":"","background-repeat":"repeat","background-position":"center center","background-size":"auto","background-attachment":"scroll","background-type":"","background-media":"","overlay-type":"","overlay-color":"","overlay-opacity":"","overlay-gradient":""}},"ast-content-background-meta":{"desktop":{"background-color":"var(--ast-global-color-5)","background-image":"","background-repeat":"repeat","background-position":"center center","background-size":"auto","background-attachment":"scroll","background-type":"","background-media":"","overlay-type":"","overlay-color":"","overlay-opacity":"","overlay-gradient":""},"tablet":{"background-color":"var(--ast-global-color-5)","background-image":"","background-repeat":"repeat","background-position":"center center","background-size":"auto","background-attachment":"scroll","background-type":"","background-media":"","overlay-type":"","overlay-color":"","overlay-opacity":"","overlay-gradient":""},"mobile":{"background-color":"var(--ast-global-color-5)","background-image":"","background-repeat":"repeat","background-position":"center center","background-size":"auto","background-attachment":"scroll","background-type":"","background-media":"","overlay-type":"","overlay-color":"","overlay-opacity":"","overlay-gradient":""}},"footnotes":""},"categories":[2,507],"tags":[37,45],"class_list":["post-11723","post","type-post","status-publish","format-standard","has-post-thumbnail","hentry","category-abgasskandal","category-urteile","tag-schadensersatz","tag-vw"],"yoast_head":"<!-- This site is optimized with the Yoast SEO Premium plugin v27.4 (Yoast SEO v27.4) - https:\/\/yoast.com\/product\/yoast-seo-premium-wordpress\/ -->\n<title>Volkswagen nimmt im Sp\u00e4tk\u00e4ufer-Verfahren die Berufung zur\u00fcck! - R&amp;U<\/title>\n<meta name=\"description\" content=\"Nach dem sensationellen Urteil in Ingolstadt erzielten wir einen weiteren Erfolg im Prozess eines sog. Sp\u00e4tk\u00e4ufers! Erfaren Sie mehr!\" \/>\n<meta name=\"robots\" content=\"index, follow, max-snippet:-1, max-image-preview:large, max-video-preview:-1\" \/>\n<link rel=\"canonical\" href=\"https:\/\/ru.law\/nl\/volkswagen-nimmt-berufung-zurueck\/\" \/>\n<meta property=\"og:locale\" content=\"nl_NL\" \/>\n<meta property=\"og:type\" content=\"article\" \/>\n<meta property=\"og:title\" content=\"Volkswagen nimmt im Verfahren eines Sp\u00e4tk\u00e4ufers die Berufung zur\u00fcck\" \/>\n<meta property=\"og:description\" content=\"Nach dem sensationellen Urteil in Ingolstadt erzielten wir einen weiteren Erfolg im Prozess eines sog. Sp\u00e4tk\u00e4ufers! Erfaren Sie mehr!\" \/>\n<meta property=\"og:url\" content=\"https:\/\/ru.law\/nl\/volkswagen-nimmt-berufung-zurueck\/\" \/>\n<meta property=\"og:site_name\" content=\"R&amp;U\" \/>\n<meta property=\"article:publisher\" content=\"https:\/\/www.facebook.com\/RogertUlbrich\/\" \/>\n<meta property=\"article:published_time\" content=\"2020-11-19T11:53:48+00:00\" \/>\n<meta property=\"article:modified_time\" content=\"2024-07-08T11:12:44+00:00\" \/>\n<meta property=\"og:image\" content=\"https:\/\/ru.law\/wp-content\/uploads\/2020\/11\/abgasskandal-volkswagen-tiguan.jpg\" \/>\n\t<meta property=\"og:image:width\" content=\"1200\" \/>\n\t<meta property=\"og:image:height\" content=\"676\" \/>\n\t<meta property=\"og:image:type\" content=\"image\/jpeg\" \/>\n<meta name=\"author\" content=\"Marco Rogert\" \/>\n<meta name=\"twitter:card\" content=\"summary_large_image\" \/>\n<meta name=\"twitter:creator\" content=\"@RogertUlbrich\" \/>\n<meta name=\"twitter:site\" content=\"@RogertUlbrich\" \/>\n<script type=\"application\/ld+json\" class=\"yoast-schema-graph\">{\"@context\":\"https:\\\/\\\/schema.org\",\"@graph\":[{\"@type\":\"Article\",\"@id\":\"https:\\\/\\\/ru.law\\\/volkswagen-nimmt-berufung-zurueck\\\/#article\",\"isPartOf\":{\"@id\":\"https:\\\/\\\/ru.law\\\/volkswagen-nimmt-berufung-zurueck\\\/\"},\"author\":{\"name\":\"Marco Rogert\",\"@id\":\"https:\\\/\\\/ru.law\\\/#\\\/schema\\\/person\\\/b020d506e6bbc471b4565d3a98173b87\"},\"headline\":\"Volkswagen nimmt im Verfahren eines Sp\u00e4tk\u00e4ufers die Berufung zur\u00fcck\",\"datePublished\":\"2020-11-19T11:53:48+00:00\",\"dateModified\":\"2024-07-08T11:12:44+00:00\",\"mainEntityOfPage\":{\"@id\":\"https:\\\/\\\/ru.law\\\/volkswagen-nimmt-berufung-zurueck\\\/\"},\"wordCount\":390,\"publisher\":{\"@id\":\"https:\\\/\\\/ru.law\\\/#organization\"},\"image\":{\"@id\":\"https:\\\/\\\/ru.law\\\/volkswagen-nimmt-berufung-zurueck\\\/#primaryimage\"},\"thumbnailUrl\":\"https:\\\/\\\/ru.law\\\/wp-content\\\/uploads\\\/2020\\\/11\\\/abgasskandal-volkswagen-tiguan.jpg\",\"keywords\":[\"Schadensersatz\",\"VW\"],\"articleSection\":[\"Abgasskandal\",\"Urteile\"],\"inLanguage\":\"nl-NL\"},{\"@type\":\"WebPage\",\"@id\":\"https:\\\/\\\/ru.law\\\/volkswagen-nimmt-berufung-zurueck\\\/\",\"url\":\"https:\\\/\\\/ru.law\\\/volkswagen-nimmt-berufung-zurueck\\\/\",\"name\":\"Volkswagen nimmt im Sp\u00e4tk\u00e4ufer-Verfahren die Berufung zur\u00fcck! - R&amp;U\",\"isPartOf\":{\"@id\":\"https:\\\/\\\/ru.law\\\/#website\"},\"primaryImageOfPage\":{\"@id\":\"https:\\\/\\\/ru.law\\\/volkswagen-nimmt-berufung-zurueck\\\/#primaryimage\"},\"image\":{\"@id\":\"https:\\\/\\\/ru.law\\\/volkswagen-nimmt-berufung-zurueck\\\/#primaryimage\"},\"thumbnailUrl\":\"https:\\\/\\\/ru.law\\\/wp-content\\\/uploads\\\/2020\\\/11\\\/abgasskandal-volkswagen-tiguan.jpg\",\"datePublished\":\"2020-11-19T11:53:48+00:00\",\"dateModified\":\"2024-07-08T11:12:44+00:00\",\"description\":\"Nach dem sensationellen Urteil in Ingolstadt erzielten wir einen weiteren Erfolg im Prozess eines sog. Sp\u00e4tk\u00e4ufers! Erfaren Sie mehr!\",\"breadcrumb\":{\"@id\":\"https:\\\/\\\/ru.law\\\/volkswagen-nimmt-berufung-zurueck\\\/#breadcrumb\"},\"inLanguage\":\"nl-NL\",\"potentialAction\":[{\"@type\":\"ReadAction\",\"target\":[\"https:\\\/\\\/ru.law\\\/volkswagen-nimmt-berufung-zurueck\\\/\"]}]},{\"@type\":\"ImageObject\",\"inLanguage\":\"nl-NL\",\"@id\":\"https:\\\/\\\/ru.law\\\/volkswagen-nimmt-berufung-zurueck\\\/#primaryimage\",\"url\":\"https:\\\/\\\/ru.law\\\/wp-content\\\/uploads\\\/2020\\\/11\\\/abgasskandal-volkswagen-tiguan.jpg\",\"contentUrl\":\"https:\\\/\\\/ru.law\\\/wp-content\\\/uploads\\\/2020\\\/11\\\/abgasskandal-volkswagen-tiguan.jpg\",\"width\":1200,\"height\":676},{\"@type\":\"BreadcrumbList\",\"@id\":\"https:\\\/\\\/ru.law\\\/volkswagen-nimmt-berufung-zurueck\\\/#breadcrumb\",\"itemListElement\":[{\"@type\":\"ListItem\",\"position\":1,\"name\":\"Startseite\",\"item\":\"https:\\\/\\\/ru.law\\\/\"},{\"@type\":\"ListItem\",\"position\":2,\"name\":\"Volkswagen nimmt im Verfahren eines Sp\u00e4tk\u00e4ufers die Berufung zur\u00fcck\"}]},{\"@type\":\"WebSite\",\"@id\":\"https:\\\/\\\/ru.law\\\/#website\",\"url\":\"https:\\\/\\\/ru.law\\\/\",\"name\":\"R&U\",\"description\":\"Verbraucheranw\u00e4lte\",\"publisher\":{\"@id\":\"https:\\\/\\\/ru.law\\\/#organization\"},\"alternateName\":\"Rogert & Ulbrich\",\"potentialAction\":[{\"@type\":\"SearchAction\",\"target\":{\"@type\":\"EntryPoint\",\"urlTemplate\":\"https:\\\/\\\/ru.law\\\/?s={search_term_string}\"},\"query-input\":{\"@type\":\"PropertyValueSpecification\",\"valueRequired\":true,\"valueName\":\"search_term_string\"}}],\"inLanguage\":\"nl-NL\"},{\"@type\":\"Organization\",\"@id\":\"https:\\\/\\\/ru.law\\\/#organization\",\"name\":\"Kanzlei Rogert & Ulbrich\",\"url\":\"https:\\\/\\\/ru.law\\\/\",\"logo\":{\"@type\":\"ImageObject\",\"inLanguage\":\"nl-NL\",\"@id\":\"https:\\\/\\\/ru.law\\\/#\\\/schema\\\/logo\\\/image\\\/\",\"url\":\"https:\\\/\\\/ru.law\\\/wp-content\\\/uploads\\\/2020\\\/12\\\/logo-ru-law.svg\",\"contentUrl\":\"https:\\\/\\\/ru.law\\\/wp-content\\\/uploads\\\/2020\\\/12\\\/logo-ru-law.svg\",\"width\":992,\"height\":259,\"caption\":\"Kanzlei Rogert & Ulbrich\"},\"image\":{\"@id\":\"https:\\\/\\\/ru.law\\\/#\\\/schema\\\/logo\\\/image\\\/\"},\"sameAs\":[\"https:\\\/\\\/www.facebook.com\\\/RogertUlbrich\\\/\",\"https:\\\/\\\/x.com\\\/RogertUlbrich\",\"https:\\\/\\\/www.instagram.com\\\/rogertulbrich\\\/\",\"https:\\\/\\\/www.linkedin.com\\\/company\\\/rogert-ulbrich\\\/\",\"https:\\\/\\\/www.youtube.com\\\/channel\\\/UCganCgpvwpPFqMFf1vVmG2A\"]},{\"@type\":\"Person\",\"@id\":\"https:\\\/\\\/ru.law\\\/#\\\/schema\\\/person\\\/b020d506e6bbc471b4565d3a98173b87\",\"name\":\"Marco Rogert\",\"url\":\"https:\\\/\\\/ru.law\\\/nl\\\/author\\\/rogertru-law\\\/\"}]}<\/script>\n<!-- \/ Yoast SEO Premium plugin. -->","yoast_head_json":{"title":"Volkswagen nimmt im Sp\u00e4tk\u00e4ufer-Verfahren die Berufung zur\u00fcck! - R&amp;U","description":"Nach dem sensationellen Urteil in Ingolstadt erzielten wir einen weiteren Erfolg im Prozess eines sog. Sp\u00e4tk\u00e4ufers! Erfaren Sie mehr!","robots":{"index":"index","follow":"follow","max-snippet":"max-snippet:-1","max-image-preview":"max-image-preview:large","max-video-preview":"max-video-preview:-1"},"canonical":"https:\/\/ru.law\/nl\/volkswagen-nimmt-berufung-zurueck\/","og_locale":"nl_NL","og_type":"article","og_title":"Volkswagen nimmt im Verfahren eines Sp\u00e4tk\u00e4ufers die Berufung zur\u00fcck","og_description":"Nach dem sensationellen Urteil in Ingolstadt erzielten wir einen weiteren Erfolg im Prozess eines sog. Sp\u00e4tk\u00e4ufers! Erfaren Sie mehr!","og_url":"https:\/\/ru.law\/nl\/volkswagen-nimmt-berufung-zurueck\/","og_site_name":"R&amp;U","article_publisher":"https:\/\/www.facebook.com\/RogertUlbrich\/","article_published_time":"2020-11-19T11:53:48+00:00","article_modified_time":"2024-07-08T11:12:44+00:00","og_image":[{"width":1200,"height":676,"url":"https:\/\/ru.law\/wp-content\/uploads\/2020\/11\/abgasskandal-volkswagen-tiguan.jpg","type":"image\/jpeg"}],"author":"Marco Rogert","twitter_card":"summary_large_image","twitter_creator":"@RogertUlbrich","twitter_site":"@RogertUlbrich","schema":{"@context":"https:\/\/schema.org","@graph":[{"@type":"Article","@id":"https:\/\/ru.law\/volkswagen-nimmt-berufung-zurueck\/#article","isPartOf":{"@id":"https:\/\/ru.law\/volkswagen-nimmt-berufung-zurueck\/"},"author":{"name":"Marco Rogert","@id":"https:\/\/ru.law\/#\/schema\/person\/b020d506e6bbc471b4565d3a98173b87"},"headline":"Volkswagen nimmt im Verfahren eines Sp\u00e4tk\u00e4ufers die Berufung zur\u00fcck","datePublished":"2020-11-19T11:53:48+00:00","dateModified":"2024-07-08T11:12:44+00:00","mainEntityOfPage":{"@id":"https:\/\/ru.law\/volkswagen-nimmt-berufung-zurueck\/"},"wordCount":390,"publisher":{"@id":"https:\/\/ru.law\/#organization"},"image":{"@id":"https:\/\/ru.law\/volkswagen-nimmt-berufung-zurueck\/#primaryimage"},"thumbnailUrl":"https:\/\/ru.law\/wp-content\/uploads\/2020\/11\/abgasskandal-volkswagen-tiguan.jpg","keywords":["Schadensersatz","VW"],"articleSection":["Abgasskandal","Urteile"],"inLanguage":"nl-NL"},{"@type":"WebPage","@id":"https:\/\/ru.law\/volkswagen-nimmt-berufung-zurueck\/","url":"https:\/\/ru.law\/volkswagen-nimmt-berufung-zurueck\/","name":"Volkswagen nimmt im Sp\u00e4tk\u00e4ufer-Verfahren die Berufung zur\u00fcck! - R&amp;U","isPartOf":{"@id":"https:\/\/ru.law\/#website"},"primaryImageOfPage":{"@id":"https:\/\/ru.law\/volkswagen-nimmt-berufung-zurueck\/#primaryimage"},"image":{"@id":"https:\/\/ru.law\/volkswagen-nimmt-berufung-zurueck\/#primaryimage"},"thumbnailUrl":"https:\/\/ru.law\/wp-content\/uploads\/2020\/11\/abgasskandal-volkswagen-tiguan.jpg","datePublished":"2020-11-19T11:53:48+00:00","dateModified":"2024-07-08T11:12:44+00:00","description":"Nach dem sensationellen Urteil in Ingolstadt erzielten wir einen weiteren Erfolg im Prozess eines sog. Sp\u00e4tk\u00e4ufers! Erfaren Sie mehr!","breadcrumb":{"@id":"https:\/\/ru.law\/volkswagen-nimmt-berufung-zurueck\/#breadcrumb"},"inLanguage":"nl-NL","potentialAction":[{"@type":"ReadAction","target":["https:\/\/ru.law\/volkswagen-nimmt-berufung-zurueck\/"]}]},{"@type":"ImageObject","inLanguage":"nl-NL","@id":"https:\/\/ru.law\/volkswagen-nimmt-berufung-zurueck\/#primaryimage","url":"https:\/\/ru.law\/wp-content\/uploads\/2020\/11\/abgasskandal-volkswagen-tiguan.jpg","contentUrl":"https:\/\/ru.law\/wp-content\/uploads\/2020\/11\/abgasskandal-volkswagen-tiguan.jpg","width":1200,"height":676},{"@type":"BreadcrumbList","@id":"https:\/\/ru.law\/volkswagen-nimmt-berufung-zurueck\/#breadcrumb","itemListElement":[{"@type":"ListItem","position":1,"name":"Startseite","item":"https:\/\/ru.law\/"},{"@type":"ListItem","position":2,"name":"Volkswagen nimmt im Verfahren eines Sp\u00e4tk\u00e4ufers die Berufung zur\u00fcck"}]},{"@type":"WebSite","@id":"https:\/\/ru.law\/#website","url":"https:\/\/ru.law\/","name":"R&amp;U","description":"Consumentenadvocaten","publisher":{"@id":"https:\/\/ru.law\/#organization"},"alternateName":"Rogert & Ulbrich","potentialAction":[{"@type":"SearchAction","target":{"@type":"EntryPoint","urlTemplate":"https:\/\/ru.law\/?s={search_term_string}"},"query-input":{"@type":"PropertyValueSpecification","valueRequired":true,"valueName":"search_term_string"}}],"inLanguage":"nl-NL"},{"@type":"Organization","@id":"https:\/\/ru.law\/#organization","name":"Advocatenkantoor Rogert &amp; Ulbrich","url":"https:\/\/ru.law\/","logo":{"@type":"ImageObject","inLanguage":"nl-NL","@id":"https:\/\/ru.law\/#\/schema\/logo\/image\/","url":"https:\/\/ru.law\/wp-content\/uploads\/2020\/12\/logo-ru-law.svg","contentUrl":"https:\/\/ru.law\/wp-content\/uploads\/2020\/12\/logo-ru-law.svg","width":992,"height":259,"caption":"Kanzlei Rogert & Ulbrich"},"image":{"@id":"https:\/\/ru.law\/#\/schema\/logo\/image\/"},"sameAs":["https:\/\/www.facebook.com\/RogertUlbrich\/","https:\/\/x.com\/RogertUlbrich","https:\/\/www.instagram.com\/rogertulbrich\/","https:\/\/www.linkedin.com\/company\/rogert-ulbrich\/","https:\/\/www.youtube.com\/channel\/UCganCgpvwpPFqMFf1vVmG2A"]},{"@type":"Person","@id":"https:\/\/ru.law\/#\/schema\/person\/b020d506e6bbc471b4565d3a98173b87","name":"Marco Rogert","url":"https:\/\/ru.law\/nl\/author\/rogertru-law\/"}]}},"uagb_featured_image_src":{"full":["https:\/\/ru.law\/wp-content\/uploads\/2020\/11\/abgasskandal-volkswagen-tiguan.jpg",1200,676,false],"thumbnail":["https:\/\/ru.law\/wp-content\/uploads\/2020\/11\/abgasskandal-volkswagen-tiguan-150x150.jpg",96,96,true],"medium":["https:\/\/ru.law\/wp-content\/uploads\/2020\/11\/abgasskandal-volkswagen-tiguan-300x169.jpg",300,169,true],"medium_large":["https:\/\/ru.law\/wp-content\/uploads\/2020\/11\/abgasskandal-volkswagen-tiguan-768x433.jpg",768,433,true],"large":["https:\/\/ru.law\/wp-content\/uploads\/2020\/11\/abgasskandal-volkswagen-tiguan-1024x577.jpg",1024,577,true],"1536x1536":["https:\/\/ru.law\/wp-content\/uploads\/2020\/11\/abgasskandal-volkswagen-tiguan.jpg",1200,676,false],"2048x2048":["https:\/\/ru.law\/wp-content\/uploads\/2020\/11\/abgasskandal-volkswagen-tiguan.jpg",1200,676,false],"trp-custom-language-flag":["https:\/\/ru.law\/wp-content\/uploads\/2020\/11\/abgasskandal-volkswagen-tiguan.jpg",18,10,false]},"uagb_author_info":{"display_name":"Marco Rogert","author_link":"https:\/\/ru.law\/nl\/author\/rogertru-law\/"},"uagb_comment_info":0,"uagb_excerpt":"Schadensersatz trotz Kauf nach ad-hoc Mitteilung. Nach dem sensationellen Urteil in Ingolstadt kann sich die im Abgasskandal f\u00fchrende Kanzlei Rogert &amp; Ulbrich einen weiteren Erfolg [&hellip;]","_links":{"self":[{"href":"https:\/\/ru.law\/nl\/wp-json\/wp\/v2\/posts\/11723","targetHints":{"allow":["GET"]}}],"collection":[{"href":"https:\/\/ru.law\/nl\/wp-json\/wp\/v2\/posts"}],"about":[{"href":"https:\/\/ru.law\/nl\/wp-json\/wp\/v2\/types\/post"}],"author":[{"embeddable":true,"href":"https:\/\/ru.law\/nl\/wp-json\/wp\/v2\/users\/21"}],"replies":[{"embeddable":true,"href":"https:\/\/ru.law\/nl\/wp-json\/wp\/v2\/comments?post=11723"}],"version-history":[{"count":0,"href":"https:\/\/ru.law\/nl\/wp-json\/wp\/v2\/posts\/11723\/revisions"}],"wp:featuredmedia":[{"embeddable":true,"href":"https:\/\/ru.law\/nl\/wp-json\/wp\/v2\/media\/11724"}],"wp:attachment":[{"href":"https:\/\/ru.law\/nl\/wp-json\/wp\/v2\/media?parent=11723"}],"wp:term":[{"taxonomy":"category","embeddable":true,"href":"https:\/\/ru.law\/nl\/wp-json\/wp\/v2\/categories?post=11723"},{"taxonomy":"post_tag","embeddable":true,"href":"https:\/\/ru.law\/nl\/wp-json\/wp\/v2\/tags?post=11723"}],"curies":[{"name":"wp","href":"https:\/\/api.w.org\/{rel}","templated":true}]}}