{"id":11408,"date":"2020-11-17T12:14:47","date_gmt":"2020-11-17T11:14:47","guid":{"rendered":"https:\/\/ru.law\/?p=11408"},"modified":"2024-07-08T13:12:45","modified_gmt":"2024-07-08T11:12:45","slug":"neue-hoffnung-fuer-spaetkaeufer-von-diesel-betrugsfahrzeugen","status":"publish","type":"post","link":"https:\/\/ru.law\/nl\/neue-hoffnung-fuer-spaetkaeufer-von-diesel-betrugsfahrzeugen\/","title":{"rendered":"Nieuwe hoop voor late kopers van dieselfraudevoertuigen"},"content":{"rendered":"<h2 class=\"wp-block-heading\" id=\"h-landgericht-ingolstadt-spricht-klartext\"><strong>De regionale rechtbank van Ingolstadt spreekt zich duidelijk uit<\/strong>.<\/h2>\n\n\n\n<p>In een sensationeel vonnis van 12 november 2020, zaak nr. 81 O 571\/19, heeft de regionale rechtbank van Ingolstadt ten gunste van een eiser in een procedure tegen de <a href=\"https:\/\/ru.law\/nl\/expertise\/abgasskandal\/audi-diesel\/\">Audi<\/a> AG had gelijk. Het gelastte Audi AG de koopprijs terug te betalen en de auto terug te nemen, ook al had eiser zijn auto in januari 2016 gekocht, d.w.z. <strong>NA de aankondiging van de <a href=\"https:\/\/ru.law\/nl\/expertise\/abgasskandal\/\">emissieschandaal<\/a><\/strong> gekocht.<\/p>\n\n\n\n<p>De eiser heeft de <strong>Audi A4 Avant 2.0 l TDI<\/strong> gebruikt met 17.500 km voor <strong>28.150 euro<\/strong> in januari 2016, bijna vier maanden nadat het emissieschandaal bekend werd.<br>In een soortgelijke zaak heeft het Bundesgerichtshof de vordering afgewezen, omdat volgens de Senaat het gedrag van Volkswagen AG sinds de publicatie van de ad-hocaankondiging op 22 september 2015 zodanig was gewijzigd dat vanaf dat moment niet meer kon worden aangenomen dat het immoreel was. Tot nu toe hebben de rechtbanken dit unaniem gevolgd en de rechtszaken op deze basis afgewezen.<\/p>\n\n\n\n<h3 class=\"wp-block-heading\" id=\"h-urteil-differenziert-klar-zwischen-den-vag-auto-marken\"><strong>Uitspraak maakt duidelijk onderscheid tussen de VAG-automerken<\/strong><\/h3>\n\n\n\n<p>Het arrest van de Arrondissementsrechtbank in Ingolstadt maakt terecht onderscheid tussen de afzonderlijke merken binnen het Volkswagenconcern en komt daarom tot een andere conclusie.<\/p>\n\n\n\n<p>In tegenstelling tot de mening van Audi AG leidt haar gedrag er niet toe dat de beschuldiging van immoraliteit die haar ten laste is gelegd, niet langer terecht is.<\/p>\n\n\n\n<p>Daarmee miskent de rechtbank niet, zo stelt zij in haar uitspraak, dat bij de vereiste totaalbeoordeling ook rekening moet worden gehouden met het gedrag van Audi AG (nadat het voertuig in de handel is gebracht) tot aan het sluiten van de koopovereenkomst. De rechtbank was van oordeel dat de maatregelen die het moederbedrijf, Volkswagen AG, had genomen, niet voldoende waren om het vonnis van immoraliteit jegens Audi ongedaan te maken, aangezien het om tal van andere voertuigen van het gehele concern ging.<\/p>\n\n\n\n<h3 class=\"wp-block-heading\" id=\"h-das-software-update-von-volkswagen-reicht-nicht-zur-entlastung\"><strong>De software-update van Volkswagen is niet voldoende om de problemen op te lossen<\/strong><\/h3>\n\n\n\n<p>Ook uit de door het moederbedrijf genomen maatregelen kan niet de noodzakelijke conclusie worden getrokken dat de beslissing van Audi AG om de bevoegde autoriteiten en uiteindelijk de kopers van voertuigen te misleiden in haar eigen belang, werd vervangen door de strategie om naar de beurs te gaan, onregelmatigheden toe te geven en, in samenwerking met de Bundesautomobilausstellung, maatregelen te ontwikkelen om de illegale situatie op te heffen. De software-update van het moederbedrijf kan voor Audi dus geen soelaas bieden. Zelfs de uitgebreide media-aandacht die het probleem toegankelijk maakte voor het grote publiek, lijkt slechts in geringe mate te zijn meegewogen bij de beoordeling van de inspanningen die Audi AG had moeten leveren om haar gedrag niet immoreel te laten lijken.<\/p>\n\n\n\n\n\n<h3 class=\"wp-block-heading\" id=\"h-mediale-berichterstattung-durch-die-presseabteilung-der-volkswagen-ag-initiiert\"><strong>Media-aandacht ge\u00efnitieerd door de persafdeling van Volkswagen AG<\/strong><\/h3>\n\n\n\n<p>De berichtgeving in de media werd vrijwel uitsluitend ge\u00efnitieerd door de persafdeling van Volkswagen AG en werd daarom vooral gezien als <em>\u201e<a href=\"https:\/\/ru.law\/nl\/expertise\/abgasskandal\/vw-diesel\/\">VW-EMISSIESCANDAAL<\/a>\u201e<\/em> een belangrijk onderwerp geweest.<\/p>\n\n\n\n<p>Ook andere onderwerpen, zoals de oprichting van een informatieve website, de KBA-maatregel en het beschikbaar stellen van de software-update, werden primair aan Volkswagen AG gekoppeld en niet aan Audi AG. Voor zover deze maatregelen al in verband kunnen worden gebracht met een gedragsverandering, kan daaruit in ieder geval niet worden afgeleid dat er sprake is van een gedragsverandering van de verdachte.<\/p>\n\n\n\n<p>Dit geldt des te meer omdat Audi AG, zoals de rechtbank bekend is, vanaf het moment dat het betreffende voertuig op de markt werd gebracht tot aan het sluiten van de koopovereenkomst in tal van andere door haar geproduceerde en ontwikkelde voertuigen, ontoelaatbare manipulatie-instrumenten heeft toegepast, waarin zich door haar ontwikkelde en geproduceerde motoren bevonden. Tegen deze achtergrond lijkt het niet haalbaar om te veronderstellen dat er een verandering in houding zou plaatsvinden die de immoraliteit zou elimineren.<\/p>\n\n\n\n<div class=\"wp-block-columns header__gradient_blog ghostkit-custom-xNr4Y is-layout-flex wp-container-core-columns-is-layout-28f84493 wp-block-columns-is-layout-flex\">\n<div class=\"wp-block-column is-vertically-aligned-top is-layout-flow wp-block-column-is-layout-flow\" style=\"flex-basis:20%\">\n<figure class=\"wp-block-image size-large zitat\"><img loading=\"lazy\" decoding=\"async\" width=\"800\" height=\"800\" src=\"https:\/\/ru.law\/wp-content\/uploads\/2020\/09\/marco_rogert.jpg\" alt=\"\" class=\"wp-image-7473\" srcset=\"https:\/\/ru.law\/wp-content\/uploads\/2020\/09\/marco_rogert.jpg 800w, https:\/\/ru.law\/wp-content\/uploads\/2020\/09\/marco_rogert-300x300.jpg 300w, https:\/\/ru.law\/wp-content\/uploads\/2020\/09\/marco_rogert-150x150.jpg 150w, https:\/\/ru.law\/wp-content\/uploads\/2020\/09\/marco_rogert-768x768.jpg 768w, https:\/\/ru.law\/wp-content\/uploads\/2020\/09\/marco_rogert-500x500.jpg 500w\" sizes=\"auto, (max-width: 800px) 100vw, 800px\" \/><\/figure>\n<\/div>\n\n\n\n<div class=\"wp-block-column is-vertically-aligned-center ghostkit-custom-1SOwj2 is-layout-flow wp-block-column-is-layout-flow\" style=\"flex-basis:80%\">\n<p>\u201cDeze beslissing volgt terecht niet het BGH en geeft Audi AG daarom niet de mogelijkheid om de verantwoordelijkheid te ontlopen. De slappe en onware ad hoc-aankondiging van Wolfsburg is uiteindelijk niet bepaald een teken van gezondheid voor de hele groep. Een ontwikkeling die wij in het belang van de consumentenbescherming van harte toejuichen. Ik ben ervan overtuigd dat veel andere rechtbanken de redenering in dit vonnis zullen volgen.&quot;<\/p>\n\n\n\n<p class=\"has-text-align-left\">Partner Dr. Marco Rogert <\/p>\n<\/div>\n<\/div>\n\n\n\n<section class=\"wp-block-uagb-columns uagb-columns__wrap uagb-columns__background-undefined uagb-columns__stack-mobile uagb-columns__valign-undefined uagb-columns__gap-10 alignundefined uagb-block-a63b8d4d contrast blog_beitraege\"><div class=\"uagb-columns__overlay\"><\/div><div class=\"uagb-columns__inner-wrap uagb-columns__columns-1\">\n<div class=\"wp-block-uagb-column uagb-column__wrap uagb-column__background-undefined uagb-block-6e00ddba\"><div class=\"uagb-column__overlay\"><\/div><div class=\"uagb-column__inner-wrap\">\n<h3 class=\"wp-block-heading\" id=\"das-konnte-sie-auch-interessieren\">Misschien bent u ook ge\u00efnteresseerd in:<\/h3>\n\n\n\n\t\t\t<div class=\"wp-block-uagb-post-grid uagb-post-grid  uagb-post__image-position-top uagb-post__image-enabled uagb-block-ff875f2e     uagb-post__items uagb-post__columns-3 is-grid uagb-post__columns-tablet-2 uagb-post__columns-mobile-1 uagb-post__equal-height\" data-total=\"3\" style=\"\">\n\n\t\t\t\t\t\t\t\t\t\t\t\t<article class=\"uagb-post__inner-wrap\">\t\t\t\t\t\t\t\t<div class='uagb-post__image'>\n\t\t\t\t\t\t\t\t\t<a href=\"https:\/\/ru.law\/nl\/diesel-ueberholt-benzinpreis-jetzt-erst-recht\/\" target=\"_self\" rel=\"bookmark noopener noreferrer\" class='uagb-image-ratio-inherit'><img loading=\"lazy\" decoding=\"async\" width=\"1024\" height=\"576\" src=\"https:\/\/ru.law\/wp-content\/uploads\/2022\/03\/2021-News-Header-1200x675-2972-1024x576.jpg\" class=\"attachment-large size-large\" alt=\"Rogert-Ulbrich-Rechtsanwaelte-Kanzlei-Diesel-Benzin-Preise\" srcset=\"https:\/\/ru.law\/wp-content\/uploads\/2022\/03\/2021-News-Header-1200x675-2972-1024x576.jpg 1024w, https:\/\/ru.law\/wp-content\/uploads\/2022\/03\/2021-News-Header-1200x675-2972-300x169.jpg 300w, https:\/\/ru.law\/wp-content\/uploads\/2022\/03\/2021-News-Header-1200x675-2972-768x432.jpg 768w, https:\/\/ru.law\/wp-content\/uploads\/2022\/03\/2021-News-Header-1200x675-2972.jpg 1200w\" sizes=\"auto, (max-width: 1024px) 100vw, 1024px\" \/>\t\t\t\t\t<\/a>\n\t\t\t\t\t\t\t<\/div>\n\t\t\t\t\t\t<h4 class=\"uagb-post__title uagb-post__text\">\n\t\t\t\t<a href=\"https:\/\/ru.law\/nl\/diesel-ueberholt-benzinpreis-jetzt-erst-recht\/\" target=\"_self\" rel=\"bookmark noopener noreferrer\">Recordprijzen voor diesel - Nu is het moment om uw auto terug te draaien<\/a>\n\t\t\t<\/h4>\n\t\t\t\t\t\t<div class='uagb-post__text uagb-post-grid-byline'>\n\t\t\t\t\t\t\t<\/div>\n\t\t\t\t\t\t\t<div class='uagb-post__text uagb-post__excerpt'>\n\t\t\t\t\t<p>Diesel staat in Duitsland op recordhoogte en ook benzine nadert een\u2026\t\t\t\t<\/div>\n\t\t\t\t\t\t<div class=\"uagb-post__text uagb-post__cta wp-block-button\">\n\t\t\t\t<a class=\"wp-block-button__link uagb-text-link\" style=\"\" href=\"https:\/\/ru.law\/nl\/diesel-ueberholt-benzinpreis-jetzt-erst-recht\/\" target=\"_self\" rel=\"bookmark noopener noreferrer\">Lees meer<\/a>\n\t\t\t<\/div>\n\t\t\t\n\t\t\t\t\t\t\t\t<a class=\"uagb-post__link-complete-box\" href=\"https:\/\/ru.law\/nl\/diesel-ueberholt-benzinpreis-jetzt-erst-recht\/\" target=\"_self\" rel=\"bookmark noopener noreferrer\"><\/a>\n\t\t\t\t\t\t\t<\/article>\n\t\t\t\t\t\t\t\t\t\t\t\t\t\t\t\t<article class=\"uagb-post__inner-wrap\">\t\t\t\t\t\t\t\t<div class='uagb-post__image'>\n\t\t\t\t\t\t\t\t\t<a href=\"https:\/\/ru.law\/nl\/vtdi-abgasskandal-rund-um-vw-audi-und-porsche\/\" target=\"_self\" rel=\"bookmark noopener noreferrer\" class='uagb-image-ratio-inherit'><img loading=\"lazy\" decoding=\"async\" width=\"1024\" height=\"576\" src=\"https:\/\/ru.law\/wp-content\/uploads\/2022\/01\/Rogert-Ulbrich-Rechtsanwaelte-Kanzlei-Abgasskandal-Audi-Verjaehrung-2022-1024x576.jpg\" class=\"attachment-large size-large\" alt=\"\" srcset=\"https:\/\/ru.law\/wp-content\/uploads\/2022\/01\/Rogert-Ulbrich-Rechtsanwaelte-Kanzlei-Abgasskandal-Audi-Verjaehrung-2022-1024x576.jpg 1024w, https:\/\/ru.law\/wp-content\/uploads\/2022\/01\/Rogert-Ulbrich-Rechtsanwaelte-Kanzlei-Abgasskandal-Audi-Verjaehrung-2022-300x169.jpg 300w, https:\/\/ru.law\/wp-content\/uploads\/2022\/01\/Rogert-Ulbrich-Rechtsanwaelte-Kanzlei-Abgasskandal-Audi-Verjaehrung-2022-768x432.jpg 768w, https:\/\/ru.law\/wp-content\/uploads\/2022\/01\/Rogert-Ulbrich-Rechtsanwaelte-Kanzlei-Abgasskandal-Audi-Verjaehrung-2022.jpg 1200w\" sizes=\"auto, (max-width: 1024px) 100vw, 1024px\" \/>\t\t\t\t\t<\/a>\n\t\t\t\t\t\t\t<\/div>\n\t\t\t\t\t\t<h4 class=\"uagb-post__title uagb-post__text\">\n\t\t\t\t<a href=\"https:\/\/ru.law\/nl\/vtdi-abgasskandal-rund-um-vw-audi-und-porsche\/\" target=\"_self\" rel=\"bookmark noopener noreferrer\">VTDI-emissieschandaal waarbij VW, Audi en Porsche betrokken zijn<\/a>\n\t\t\t<\/h4>\n\t\t\t\t\t\t<div class='uagb-post__text uagb-post-grid-byline'>\n\t\t\t\t\t\t\t<\/div>\n\t\t\t\t\t\t\t<div class='uagb-post__text uagb-post__excerpt'>\n\t\t\t\t\t<p>Voor veel Duitse autofabrikanten is het dieselemissieschandaal nog steeds alomtegenwoordig, ook voor de VW Groep\u2026\t\t\t\t<\/div>\n\t\t\t\t\t\t<div class=\"uagb-post__text uagb-post__cta wp-block-button\">\n\t\t\t\t<a class=\"wp-block-button__link uagb-text-link\" style=\"\" href=\"https:\/\/ru.law\/nl\/vtdi-abgasskandal-rund-um-vw-audi-und-porsche\/\" target=\"_self\" rel=\"bookmark noopener noreferrer\">Lees meer<\/a>\n\t\t\t<\/div>\n\t\t\t\n\t\t\t\t\t\t\t\t<a class=\"uagb-post__link-complete-box\" href=\"https:\/\/ru.law\/nl\/vtdi-abgasskandal-rund-um-vw-audi-und-porsche\/\" target=\"_self\" rel=\"bookmark noopener noreferrer\"><\/a>\n\t\t\t\t\t\t\t<\/article>\n\t\t\t\t\t\t\t\t\t\t\t\t\t\t\t\t<article class=\"uagb-post__inner-wrap\">\t\t\t\t\t\t\t\t<div class='uagb-post__image'>\n\t\t\t\t\t\t\t\t\t<a href=\"https:\/\/ru.law\/nl\/olg-koeln-verurteilt-audi-ag\/\" target=\"_self\" rel=\"bookmark noopener noreferrer\" class='uagb-image-ratio-inherit'><img loading=\"lazy\" decoding=\"async\" width=\"1024\" height=\"576\" src=\"https:\/\/ru.law\/wp-content\/uploads\/2021\/09\/rogert-ulbrich-rechtsanwalt-kanzlei-abgasskandal-premium-modelle-porsche-42l-1024x576.jpg\" class=\"attachment-large size-large\" alt=\"\" srcset=\"https:\/\/ru.law\/wp-content\/uploads\/2021\/09\/rogert-ulbrich-rechtsanwalt-kanzlei-abgasskandal-premium-modelle-porsche-42l-1024x576.jpg 1024w, https:\/\/ru.law\/wp-content\/uploads\/2021\/09\/rogert-ulbrich-rechtsanwalt-kanzlei-abgasskandal-premium-modelle-porsche-42l-300x169.jpg 300w, https:\/\/ru.law\/wp-content\/uploads\/2021\/09\/rogert-ulbrich-rechtsanwalt-kanzlei-abgasskandal-premium-modelle-porsche-42l-768x432.jpg 768w, https:\/\/ru.law\/wp-content\/uploads\/2021\/09\/rogert-ulbrich-rechtsanwalt-kanzlei-abgasskandal-premium-modelle-porsche-42l.jpg 1200w\" sizes=\"auto, (max-width: 1024px) 100vw, 1024px\" \/>\t\t\t\t\t<\/a>\n\t\t\t\t\t\t\t<\/div>\n\t\t\t\t\t\t<h4 class=\"uagb-post__title uagb-post__text\">\n\t\t\t\t<a href=\"https:\/\/ru.law\/nl\/olg-koeln-verurteilt-audi-ag\/\" target=\"_self\" rel=\"bookmark noopener noreferrer\">Audi AG moet Porsche Cayenne S terugnemen<\/a>\n\t\t\t<\/h4>\n\t\t\t\t\t\t<div class='uagb-post__text uagb-post-grid-byline'>\n\t\t\t\t\t\t\t<\/div>\n\t\t\t\t\t\t\t<div class='uagb-post__text uagb-post__excerpt'>\n\t\t\t\t\t<p>Audi AG kreeg van het Oberlandesgericht Keulen de opdracht een Porsche Cayenne S 4.2l terug te nemen\u2026.\t\t\t\t<\/div>\n\t\t\t\t\t\t<div class=\"uagb-post__text uagb-post__cta wp-block-button\">\n\t\t\t\t<a class=\"wp-block-button__link uagb-text-link\" style=\"\" href=\"https:\/\/ru.law\/nl\/olg-koeln-verurteilt-audi-ag\/\" target=\"_self\" rel=\"bookmark noopener noreferrer\">Lees meer<\/a>\n\t\t\t<\/div>\n\t\t\t\n\t\t\t\t\t\t\t\t<a class=\"uagb-post__link-complete-box\" href=\"https:\/\/ru.law\/nl\/olg-koeln-verurteilt-audi-ag\/\" target=\"_self\" rel=\"bookmark noopener noreferrer\"><\/a>\n\t\t\t\t\t\t\t<\/article>\n\t\t\t\t\t\t\t\t\t\t\t<\/div>\n\t\t\t\n\n\n<p><\/p>\n<\/div><\/div>\n<\/div><\/section>","protected":false},"excerpt":{"rendered":"<p>Landgericht Ingolstadt spricht Klartext. Das Landgericht Ingolstadt hat in einem sensationellen Urteil vom 12.11.2020, Az. 81 O 571\/19, einem Kl\u00e4ger in einem Verfahren gegen die [&hellip;]<\/p>\n","protected":false},"author":21,"featured_media":11436,"comment_status":"closed","ping_status":"open","sticky":false,"template":"","format":"standard","meta":{"_uag_custom_page_level_css":"","site-sidebar-layout":"default","site-content-layout":"default","ast-site-content-layout":"default","site-content-style":"default","site-sidebar-style":"default","ast-global-header-display":"","ast-banner-title-visibility":"","ast-main-header-display":"","ast-hfb-above-header-display":"","ast-hfb-below-header-display":"","ast-hfb-mobile-header-display":"","site-post-title":"","ast-breadcrumbs-content":"","ast-featured-img":"","footer-sml-layout":"","ast-disable-related-posts":"","theme-transparent-header-meta":"default","adv-header-id-meta":"","stick-header-meta":"","header-above-stick-meta":"","header-main-stick-meta":"","header-below-stick-meta":"","astra-migrate-meta-layouts":"default","ast-page-background-enabled":"default","ast-page-background-meta":{"desktop":{"background-color":"","background-image":"","background-repeat":"repeat","background-position":"center center","background-size":"auto","background-attachment":"scroll","background-type":"","background-media":"","overlay-type":"","overlay-color":"","overlay-opacity":"","overlay-gradient":""},"tablet":{"background-color":"","background-image":"","background-repeat":"repeat","background-position":"center center","background-size":"auto","background-attachment":"scroll","background-type":"","background-media":"","overlay-type":"","overlay-color":"","overlay-opacity":"","overlay-gradient":""},"mobile":{"background-color":"","background-image":"","background-repeat":"repeat","background-position":"center center","background-size":"auto","background-attachment":"scroll","background-type":"","background-media":"","overlay-type":"","overlay-color":"","overlay-opacity":"","overlay-gradient":""}},"ast-content-background-meta":{"desktop":{"background-color":"var(--ast-global-color-5)","background-image":"","background-repeat":"repeat","background-position":"center center","background-size":"auto","background-attachment":"scroll","background-type":"","background-media":"","overlay-type":"","overlay-color":"","overlay-opacity":"","overlay-gradient":""},"tablet":{"background-color":"var(--ast-global-color-5)","background-image":"","background-repeat":"repeat","background-position":"center center","background-size":"auto","background-attachment":"scroll","background-type":"","background-media":"","overlay-type":"","overlay-color":"","overlay-opacity":"","overlay-gradient":""},"mobile":{"background-color":"var(--ast-global-color-5)","background-image":"","background-repeat":"repeat","background-position":"center center","background-size":"auto","background-attachment":"scroll","background-type":"","background-media":"","overlay-type":"","overlay-color":"","overlay-opacity":"","overlay-gradient":""}},"footnotes":""},"categories":[2,507],"tags":[9,14],"class_list":["post-11408","post","type-post","status-publish","format-standard","has-post-thumbnail","hentry","category-abgasskandal","category-urteile","tag-audi","tag-bgh"],"yoast_head":"<!-- This site is optimized with the Yoast SEO Premium plugin v27.4 (Yoast SEO v27.4) - https:\/\/yoast.com\/product\/yoast-seo-premium-wordpress\/ -->\n<title>Neue Hoffnung f\u00fcr Sp\u00e4tk\u00e4ufer von Diesel-Betrugsfahrzeugen - R&amp;U<\/title>\n<meta name=\"description\" content=\"Das LG Ingolstadt hat verurteilte die Audi AG zur R\u00fcckzahlung des Kaufpreises obwohl der Kl\u00e4ger seinen PKW NACH dem Bekanntwerden des Abgasskandals erworben hat.\" \/>\n<meta name=\"robots\" content=\"index, follow, max-snippet:-1, max-image-preview:large, max-video-preview:-1\" \/>\n<link rel=\"canonical\" href=\"https:\/\/ru.law\/nl\/neue-hoffnung-fuer-spaetkaeufer-von-diesel-betrugsfahrzeugen\/\" \/>\n<meta property=\"og:locale\" content=\"nl_NL\" \/>\n<meta property=\"og:type\" content=\"article\" \/>\n<meta property=\"og:title\" content=\"Neue Hoffnung f\u00fcr Sp\u00e4tk\u00e4ufer von Diesel-Betrugsfahrzeugen\" \/>\n<meta property=\"og:description\" content=\"Das LG Ingolstadt hat verurteilte die Audi AG zur R\u00fcckzahlung des Kaufpreises obwohl der Kl\u00e4ger seinen PKW NACH dem Bekanntwerden des Abgasskandals erworben hat.\" \/>\n<meta property=\"og:url\" content=\"https:\/\/ru.law\/nl\/neue-hoffnung-fuer-spaetkaeufer-von-diesel-betrugsfahrzeugen\/\" \/>\n<meta property=\"og:site_name\" content=\"R&amp;U\" \/>\n<meta property=\"article:publisher\" content=\"https:\/\/www.facebook.com\/RogertUlbrich\/\" \/>\n<meta property=\"article:published_time\" content=\"2020-11-17T11:14:47+00:00\" \/>\n<meta property=\"article:modified_time\" content=\"2024-07-08T11:12:45+00:00\" \/>\n<meta property=\"og:image\" content=\"https:\/\/ru.law\/wp-content\/uploads\/2020\/11\/audi-spaetkauf-pkw.jpg\" \/>\n\t<meta property=\"og:image:width\" content=\"1200\" \/>\n\t<meta property=\"og:image:height\" content=\"675\" \/>\n\t<meta property=\"og:image:type\" content=\"image\/jpeg\" \/>\n<meta name=\"author\" content=\"Marco Rogert\" \/>\n<meta name=\"twitter:card\" content=\"summary_large_image\" \/>\n<meta name=\"twitter:creator\" content=\"@RogertUlbrich\" \/>\n<meta name=\"twitter:site\" content=\"@RogertUlbrich\" \/>\n<script type=\"application\/ld+json\" class=\"yoast-schema-graph\">{\"@context\":\"https:\\\/\\\/schema.org\",\"@graph\":[{\"@type\":\"Article\",\"@id\":\"https:\\\/\\\/ru.law\\\/neue-hoffnung-fuer-spaetkaeufer-von-diesel-betrugsfahrzeugen\\\/#article\",\"isPartOf\":{\"@id\":\"https:\\\/\\\/ru.law\\\/neue-hoffnung-fuer-spaetkaeufer-von-diesel-betrugsfahrzeugen\\\/\"},\"author\":{\"name\":\"Marco Rogert\",\"@id\":\"https:\\\/\\\/ru.law\\\/#\\\/schema\\\/person\\\/b020d506e6bbc471b4565d3a98173b87\"},\"headline\":\"Neue Hoffnung f\u00fcr Sp\u00e4tk\u00e4ufer von Diesel-Betrugsfahrzeugen\",\"datePublished\":\"2020-11-17T11:14:47+00:00\",\"dateModified\":\"2024-07-08T11:12:45+00:00\",\"mainEntityOfPage\":{\"@id\":\"https:\\\/\\\/ru.law\\\/neue-hoffnung-fuer-spaetkaeufer-von-diesel-betrugsfahrzeugen\\\/\"},\"wordCount\":668,\"publisher\":{\"@id\":\"https:\\\/\\\/ru.law\\\/#organization\"},\"image\":{\"@id\":\"https:\\\/\\\/ru.law\\\/neue-hoffnung-fuer-spaetkaeufer-von-diesel-betrugsfahrzeugen\\\/#primaryimage\"},\"thumbnailUrl\":\"https:\\\/\\\/ru.law\\\/wp-content\\\/uploads\\\/2020\\\/11\\\/audi-spaetkauf-pkw.jpg\",\"keywords\":[\"Audi\",\"BGH\"],\"articleSection\":[\"Abgasskandal\",\"Urteile\"],\"inLanguage\":\"nl-NL\"},{\"@type\":\"WebPage\",\"@id\":\"https:\\\/\\\/ru.law\\\/neue-hoffnung-fuer-spaetkaeufer-von-diesel-betrugsfahrzeugen\\\/\",\"url\":\"https:\\\/\\\/ru.law\\\/neue-hoffnung-fuer-spaetkaeufer-von-diesel-betrugsfahrzeugen\\\/\",\"name\":\"Neue Hoffnung f\u00fcr Sp\u00e4tk\u00e4ufer von Diesel-Betrugsfahrzeugen - R&amp;U\",\"isPartOf\":{\"@id\":\"https:\\\/\\\/ru.law\\\/#website\"},\"primaryImageOfPage\":{\"@id\":\"https:\\\/\\\/ru.law\\\/neue-hoffnung-fuer-spaetkaeufer-von-diesel-betrugsfahrzeugen\\\/#primaryimage\"},\"image\":{\"@id\":\"https:\\\/\\\/ru.law\\\/neue-hoffnung-fuer-spaetkaeufer-von-diesel-betrugsfahrzeugen\\\/#primaryimage\"},\"thumbnailUrl\":\"https:\\\/\\\/ru.law\\\/wp-content\\\/uploads\\\/2020\\\/11\\\/audi-spaetkauf-pkw.jpg\",\"datePublished\":\"2020-11-17T11:14:47+00:00\",\"dateModified\":\"2024-07-08T11:12:45+00:00\",\"description\":\"Das LG Ingolstadt hat verurteilte die Audi AG zur R\u00fcckzahlung des Kaufpreises obwohl der Kl\u00e4ger seinen PKW NACH dem Bekanntwerden des Abgasskandals erworben hat.\",\"breadcrumb\":{\"@id\":\"https:\\\/\\\/ru.law\\\/neue-hoffnung-fuer-spaetkaeufer-von-diesel-betrugsfahrzeugen\\\/#breadcrumb\"},\"inLanguage\":\"nl-NL\",\"potentialAction\":[{\"@type\":\"ReadAction\",\"target\":[\"https:\\\/\\\/ru.law\\\/neue-hoffnung-fuer-spaetkaeufer-von-diesel-betrugsfahrzeugen\\\/\"]}]},{\"@type\":\"ImageObject\",\"inLanguage\":\"nl-NL\",\"@id\":\"https:\\\/\\\/ru.law\\\/neue-hoffnung-fuer-spaetkaeufer-von-diesel-betrugsfahrzeugen\\\/#primaryimage\",\"url\":\"https:\\\/\\\/ru.law\\\/wp-content\\\/uploads\\\/2020\\\/11\\\/audi-spaetkauf-pkw.jpg\",\"contentUrl\":\"https:\\\/\\\/ru.law\\\/wp-content\\\/uploads\\\/2020\\\/11\\\/audi-spaetkauf-pkw.jpg\",\"width\":1200,\"height\":675,\"caption\":\"Audi Spaetkauf PKW\"},{\"@type\":\"BreadcrumbList\",\"@id\":\"https:\\\/\\\/ru.law\\\/neue-hoffnung-fuer-spaetkaeufer-von-diesel-betrugsfahrzeugen\\\/#breadcrumb\",\"itemListElement\":[{\"@type\":\"ListItem\",\"position\":1,\"name\":\"Startseite\",\"item\":\"https:\\\/\\\/ru.law\\\/\"},{\"@type\":\"ListItem\",\"position\":2,\"name\":\"Neue Hoffnung f\u00fcr Sp\u00e4tk\u00e4ufer von Diesel-Betrugsfahrzeugen\"}]},{\"@type\":\"WebSite\",\"@id\":\"https:\\\/\\\/ru.law\\\/#website\",\"url\":\"https:\\\/\\\/ru.law\\\/\",\"name\":\"R&U\",\"description\":\"Verbraucheranw\u00e4lte\",\"publisher\":{\"@id\":\"https:\\\/\\\/ru.law\\\/#organization\"},\"alternateName\":\"Rogert & Ulbrich\",\"potentialAction\":[{\"@type\":\"SearchAction\",\"target\":{\"@type\":\"EntryPoint\",\"urlTemplate\":\"https:\\\/\\\/ru.law\\\/?s={search_term_string}\"},\"query-input\":{\"@type\":\"PropertyValueSpecification\",\"valueRequired\":true,\"valueName\":\"search_term_string\"}}],\"inLanguage\":\"nl-NL\"},{\"@type\":\"Organization\",\"@id\":\"https:\\\/\\\/ru.law\\\/#organization\",\"name\":\"Kanzlei Rogert & Ulbrich\",\"url\":\"https:\\\/\\\/ru.law\\\/\",\"logo\":{\"@type\":\"ImageObject\",\"inLanguage\":\"nl-NL\",\"@id\":\"https:\\\/\\\/ru.law\\\/#\\\/schema\\\/logo\\\/image\\\/\",\"url\":\"https:\\\/\\\/ru.law\\\/wp-content\\\/uploads\\\/2020\\\/12\\\/logo-ru-law.svg\",\"contentUrl\":\"https:\\\/\\\/ru.law\\\/wp-content\\\/uploads\\\/2020\\\/12\\\/logo-ru-law.svg\",\"width\":992,\"height\":259,\"caption\":\"Kanzlei Rogert & Ulbrich\"},\"image\":{\"@id\":\"https:\\\/\\\/ru.law\\\/#\\\/schema\\\/logo\\\/image\\\/\"},\"sameAs\":[\"https:\\\/\\\/www.facebook.com\\\/RogertUlbrich\\\/\",\"https:\\\/\\\/x.com\\\/RogertUlbrich\",\"https:\\\/\\\/www.instagram.com\\\/rogertulbrich\\\/\",\"https:\\\/\\\/www.linkedin.com\\\/company\\\/rogert-ulbrich\\\/\",\"https:\\\/\\\/www.youtube.com\\\/channel\\\/UCganCgpvwpPFqMFf1vVmG2A\"]},{\"@type\":\"Person\",\"@id\":\"https:\\\/\\\/ru.law\\\/#\\\/schema\\\/person\\\/b020d506e6bbc471b4565d3a98173b87\",\"name\":\"Marco Rogert\",\"url\":\"https:\\\/\\\/ru.law\\\/nl\\\/author\\\/rogertru-law\\\/\"}]}<\/script>\n<!-- \/ Yoast SEO Premium plugin. -->","yoast_head_json":{"title":"Neue Hoffnung f\u00fcr Sp\u00e4tk\u00e4ufer von Diesel-Betrugsfahrzeugen - R&amp;U","description":"Das LG Ingolstadt hat verurteilte die Audi AG zur R\u00fcckzahlung des Kaufpreises obwohl der Kl\u00e4ger seinen PKW NACH dem Bekanntwerden des Abgasskandals erworben hat.","robots":{"index":"index","follow":"follow","max-snippet":"max-snippet:-1","max-image-preview":"max-image-preview:large","max-video-preview":"max-video-preview:-1"},"canonical":"https:\/\/ru.law\/nl\/neue-hoffnung-fuer-spaetkaeufer-von-diesel-betrugsfahrzeugen\/","og_locale":"nl_NL","og_type":"article","og_title":"Neue Hoffnung f\u00fcr Sp\u00e4tk\u00e4ufer von Diesel-Betrugsfahrzeugen","og_description":"Das LG Ingolstadt hat verurteilte die Audi AG zur R\u00fcckzahlung des Kaufpreises obwohl der Kl\u00e4ger seinen PKW NACH dem Bekanntwerden des Abgasskandals erworben hat.","og_url":"https:\/\/ru.law\/nl\/neue-hoffnung-fuer-spaetkaeufer-von-diesel-betrugsfahrzeugen\/","og_site_name":"R&amp;U","article_publisher":"https:\/\/www.facebook.com\/RogertUlbrich\/","article_published_time":"2020-11-17T11:14:47+00:00","article_modified_time":"2024-07-08T11:12:45+00:00","og_image":[{"width":1200,"height":675,"url":"https:\/\/ru.law\/wp-content\/uploads\/2020\/11\/audi-spaetkauf-pkw.jpg","type":"image\/jpeg"}],"author":"Marco Rogert","twitter_card":"summary_large_image","twitter_creator":"@RogertUlbrich","twitter_site":"@RogertUlbrich","schema":{"@context":"https:\/\/schema.org","@graph":[{"@type":"Article","@id":"https:\/\/ru.law\/neue-hoffnung-fuer-spaetkaeufer-von-diesel-betrugsfahrzeugen\/#article","isPartOf":{"@id":"https:\/\/ru.law\/neue-hoffnung-fuer-spaetkaeufer-von-diesel-betrugsfahrzeugen\/"},"author":{"name":"Marco Rogert","@id":"https:\/\/ru.law\/#\/schema\/person\/b020d506e6bbc471b4565d3a98173b87"},"headline":"Neue Hoffnung f\u00fcr Sp\u00e4tk\u00e4ufer von Diesel-Betrugsfahrzeugen","datePublished":"2020-11-17T11:14:47+00:00","dateModified":"2024-07-08T11:12:45+00:00","mainEntityOfPage":{"@id":"https:\/\/ru.law\/neue-hoffnung-fuer-spaetkaeufer-von-diesel-betrugsfahrzeugen\/"},"wordCount":668,"publisher":{"@id":"https:\/\/ru.law\/#organization"},"image":{"@id":"https:\/\/ru.law\/neue-hoffnung-fuer-spaetkaeufer-von-diesel-betrugsfahrzeugen\/#primaryimage"},"thumbnailUrl":"https:\/\/ru.law\/wp-content\/uploads\/2020\/11\/audi-spaetkauf-pkw.jpg","keywords":["Audi","BGH"],"articleSection":["Abgasskandal","Urteile"],"inLanguage":"nl-NL"},{"@type":"WebPage","@id":"https:\/\/ru.law\/neue-hoffnung-fuer-spaetkaeufer-von-diesel-betrugsfahrzeugen\/","url":"https:\/\/ru.law\/neue-hoffnung-fuer-spaetkaeufer-von-diesel-betrugsfahrzeugen\/","name":"Neue Hoffnung f\u00fcr Sp\u00e4tk\u00e4ufer von Diesel-Betrugsfahrzeugen - R&amp;U","isPartOf":{"@id":"https:\/\/ru.law\/#website"},"primaryImageOfPage":{"@id":"https:\/\/ru.law\/neue-hoffnung-fuer-spaetkaeufer-von-diesel-betrugsfahrzeugen\/#primaryimage"},"image":{"@id":"https:\/\/ru.law\/neue-hoffnung-fuer-spaetkaeufer-von-diesel-betrugsfahrzeugen\/#primaryimage"},"thumbnailUrl":"https:\/\/ru.law\/wp-content\/uploads\/2020\/11\/audi-spaetkauf-pkw.jpg","datePublished":"2020-11-17T11:14:47+00:00","dateModified":"2024-07-08T11:12:45+00:00","description":"Das LG Ingolstadt hat verurteilte die Audi AG zur R\u00fcckzahlung des Kaufpreises obwohl der Kl\u00e4ger seinen PKW NACH dem Bekanntwerden des Abgasskandals erworben hat.","breadcrumb":{"@id":"https:\/\/ru.law\/neue-hoffnung-fuer-spaetkaeufer-von-diesel-betrugsfahrzeugen\/#breadcrumb"},"inLanguage":"nl-NL","potentialAction":[{"@type":"ReadAction","target":["https:\/\/ru.law\/neue-hoffnung-fuer-spaetkaeufer-von-diesel-betrugsfahrzeugen\/"]}]},{"@type":"ImageObject","inLanguage":"nl-NL","@id":"https:\/\/ru.law\/neue-hoffnung-fuer-spaetkaeufer-von-diesel-betrugsfahrzeugen\/#primaryimage","url":"https:\/\/ru.law\/wp-content\/uploads\/2020\/11\/audi-spaetkauf-pkw.jpg","contentUrl":"https:\/\/ru.law\/wp-content\/uploads\/2020\/11\/audi-spaetkauf-pkw.jpg","width":1200,"height":675,"caption":"Audi Spaetkauf PKW"},{"@type":"BreadcrumbList","@id":"https:\/\/ru.law\/neue-hoffnung-fuer-spaetkaeufer-von-diesel-betrugsfahrzeugen\/#breadcrumb","itemListElement":[{"@type":"ListItem","position":1,"name":"Startseite","item":"https:\/\/ru.law\/"},{"@type":"ListItem","position":2,"name":"Neue Hoffnung f\u00fcr Sp\u00e4tk\u00e4ufer von Diesel-Betrugsfahrzeugen"}]},{"@type":"WebSite","@id":"https:\/\/ru.law\/#website","url":"https:\/\/ru.law\/","name":"R&amp;U","description":"Consumentenadvocaten","publisher":{"@id":"https:\/\/ru.law\/#organization"},"alternateName":"Rogert & Ulbrich","potentialAction":[{"@type":"SearchAction","target":{"@type":"EntryPoint","urlTemplate":"https:\/\/ru.law\/?s={search_term_string}"},"query-input":{"@type":"PropertyValueSpecification","valueRequired":true,"valueName":"search_term_string"}}],"inLanguage":"nl-NL"},{"@type":"Organization","@id":"https:\/\/ru.law\/#organization","name":"Advocatenkantoor Rogert &amp; Ulbrich","url":"https:\/\/ru.law\/","logo":{"@type":"ImageObject","inLanguage":"nl-NL","@id":"https:\/\/ru.law\/#\/schema\/logo\/image\/","url":"https:\/\/ru.law\/wp-content\/uploads\/2020\/12\/logo-ru-law.svg","contentUrl":"https:\/\/ru.law\/wp-content\/uploads\/2020\/12\/logo-ru-law.svg","width":992,"height":259,"caption":"Kanzlei Rogert & Ulbrich"},"image":{"@id":"https:\/\/ru.law\/#\/schema\/logo\/image\/"},"sameAs":["https:\/\/www.facebook.com\/RogertUlbrich\/","https:\/\/x.com\/RogertUlbrich","https:\/\/www.instagram.com\/rogertulbrich\/","https:\/\/www.linkedin.com\/company\/rogert-ulbrich\/","https:\/\/www.youtube.com\/channel\/UCganCgpvwpPFqMFf1vVmG2A"]},{"@type":"Person","@id":"https:\/\/ru.law\/#\/schema\/person\/b020d506e6bbc471b4565d3a98173b87","name":"Marco Rogert","url":"https:\/\/ru.law\/nl\/author\/rogertru-law\/"}]}},"uagb_featured_image_src":{"full":["https:\/\/ru.law\/wp-content\/uploads\/2020\/11\/audi-spaetkauf-pkw.jpg",1200,675,false],"thumbnail":["https:\/\/ru.law\/wp-content\/uploads\/2020\/11\/audi-spaetkauf-pkw-150x150.jpg",96,96,true],"medium":["https:\/\/ru.law\/wp-content\/uploads\/2020\/11\/audi-spaetkauf-pkw-300x169.jpg",300,169,true],"medium_large":["https:\/\/ru.law\/wp-content\/uploads\/2020\/11\/audi-spaetkauf-pkw-768x432.jpg",768,432,true],"large":["https:\/\/ru.law\/wp-content\/uploads\/2020\/11\/audi-spaetkauf-pkw-1024x576.jpg",1024,576,true],"1536x1536":["https:\/\/ru.law\/wp-content\/uploads\/2020\/11\/audi-spaetkauf-pkw.jpg",1200,675,false],"2048x2048":["https:\/\/ru.law\/wp-content\/uploads\/2020\/11\/audi-spaetkauf-pkw.jpg",1200,675,false],"trp-custom-language-flag":["https:\/\/ru.law\/wp-content\/uploads\/2020\/11\/audi-spaetkauf-pkw.jpg",18,10,false]},"uagb_author_info":{"display_name":"Marco Rogert","author_link":"https:\/\/ru.law\/nl\/author\/rogertru-law\/"},"uagb_comment_info":0,"uagb_excerpt":"Landgericht Ingolstadt spricht Klartext. Das Landgericht Ingolstadt hat in einem sensationellen Urteil vom 12.11.2020, Az. 81 O 571\/19, einem Kl\u00e4ger in einem Verfahren gegen die [&hellip;]","_links":{"self":[{"href":"https:\/\/ru.law\/nl\/wp-json\/wp\/v2\/posts\/11408","targetHints":{"allow":["GET"]}}],"collection":[{"href":"https:\/\/ru.law\/nl\/wp-json\/wp\/v2\/posts"}],"about":[{"href":"https:\/\/ru.law\/nl\/wp-json\/wp\/v2\/types\/post"}],"author":[{"embeddable":true,"href":"https:\/\/ru.law\/nl\/wp-json\/wp\/v2\/users\/21"}],"replies":[{"embeddable":true,"href":"https:\/\/ru.law\/nl\/wp-json\/wp\/v2\/comments?post=11408"}],"version-history":[{"count":0,"href":"https:\/\/ru.law\/nl\/wp-json\/wp\/v2\/posts\/11408\/revisions"}],"wp:featuredmedia":[{"embeddable":true,"href":"https:\/\/ru.law\/nl\/wp-json\/wp\/v2\/media\/11436"}],"wp:attachment":[{"href":"https:\/\/ru.law\/nl\/wp-json\/wp\/v2\/media?parent=11408"}],"wp:term":[{"taxonomy":"category","embeddable":true,"href":"https:\/\/ru.law\/nl\/wp-json\/wp\/v2\/categories?post=11408"},{"taxonomy":"post_tag","embeddable":true,"href":"https:\/\/ru.law\/nl\/wp-json\/wp\/v2\/tags?post=11408"}],"curies":[{"name":"wp","href":"https:\/\/api.w.org\/{rel}","templated":true}]}}