{"id":10974,"date":"2020-11-12T11:10:00","date_gmt":"2020-11-12T10:10:00","guid":{"rendered":"https:\/\/ru.law\/?p=10974"},"modified":"2024-07-08T13:12:45","modified_gmt":"2024-07-08T11:12:45","slug":"neue-urteile-gegen-audi-ag-modelle-mit-3-0l-motoren-betroffen","status":"publish","type":"post","link":"https:\/\/ru.law\/nl\/neue-urteile-gegen-audi-ag-modelle-mit-3-0l-motoren-betroffen\/","title":{"rendered":"Nieuwe uitspraken tegen Audi AG: modellen met 3.0l-motoren getroffen"},"content":{"rendered":"<h2 class=\"wp-block-heading\" id=\"h-zwei-geschadigte-auto-kaufer-freuen-sich-uber-schadensersatz\"><strong>Twee gewonde autokopers zijn blij met schadevergoeding<\/strong>.<\/h2>\n\n\n\n<p>Bij de regionale rechtbank van Ingolstadt konden wij twee interessante uitspraken verkrijgen ten gunste van onze cli\u00ebnten.<\/p>\n\n\n\n<p>In beide gevallen gaat het om Audi&#039;s met 3.0l-motoren.<\/p>\n\n\n\n<p>In een procedure kan de eiser zich beroepen op een <strong>hoeveelheid van<\/strong> <strong>21.239 euro<\/strong> en kan de auto meenemen naar de <a href=\"https:\/\/ru.law\/nl\/expertise\/abgasskandal\/audi-diesel\/\">Audi<\/a> AG (LG Ingolstadt van 30.10.2020, ref. 31 O 255\/20). Hij had zijn <strong>Audi Q5 3.0l Euro 6<\/strong> met de frauduleuze software in januari 2018 voor iets minder dan 37.000 euro gekocht en sindsdien ruim 60.000 km mee gereden. Bovendien hoefde hij het resterende leenbedrag van 7.100 euro niet terug te betalen.<\/p>\n\n\n\n<p>Volgens de jurisprudentie van het Bundesgerichtshof moet hem voor de afgelegde afstand een gebruiksvergoeding van bijna 9.600 euro worden aangerekend.<\/p>\n\n\n\n<h3 class=\"wp-block-heading\" id=\"h-der-zweite-audi-fall-schadensersatz-trotz-verkauf-des-wagens\"><strong>De tweede Audi-zaak: schadevergoeding ondanks verkoop van de auto<\/strong><\/h3>\n\n\n\n<p>Het tweede geval is enigszins anders. Hier had de eiser de auto, een <strong>Audi A7 3.0l Euro 6<\/strong>, tijdens de veiling verkocht voor 31.500 euro. Hij kocht hem in oktober 2016 voor 56.550 euro en had er bijna 85.000 km mee gereden.<br>De rechtbank heeft Audi AG nu veroordeeld tot <strong>betaling van een extra bedrag van 8.600 euro<\/strong> (LG Ingolstadt van 30.10.2020, ref. 51 O 714\/20).<\/p>\n\n\n\n<p>In beide gevallen was de rechtbank ervan overtuigd dat er in de motorbesturingssoftware van beide modellen een illegaal manipulatiemechanisme was gebruikt.<\/p>\n\n\n\n<h3 class=\"wp-block-heading\" id=\"h-gleich-zwei-urteile-im-sinne-der-verbraucher-in-einer-sehr-kurzen-zeit\"><strong>Twee uitspraken in het voordeel van de consument in zeer korte tijd<\/strong><\/h3>\n\n\n\n<p>De rechters waren van oordeel dat het schadelijke feit bestond uit het op de markt brengen van de gebrekkige voertuigen. Audi AG verhulde de illegale softwareprogrammering, wat leidde tot een terugroepactie door de KBA. Dit gedrag werd geclassificeerd als immoreel en opzettelijk schade toebrengen. Audi&#039;s bedrog diende uiteraard alleen om kosten te besparen.<\/p>\n\n\n\n<p>De autofabrikant heeft geprobeerd om juridisch en technisch verantwoorde, maar duurdere oplossingen voor de reiniging van uitlaatgassen te omzeilen en een concurrentievoordeel te behalen door gebruik te maken van ogenschijnlijk milieuvriendelijke testbankwaarden.<\/p>\n\n\n\n<p>Wij zijn er bijzonder blij mee dat wij de twee veroordelingen tegen Audi AG binnen een zeer korte tijd hebben kunnen verkrijgen. Beide rechtszaken werden aangespannen in het eerste kwartaal van 2020 en werden eind oktober 2020 geschikt. Hoewel de beslissing nog niet definitief is, hopen wij op een even snelle en probleemloze terugdraaiing, gezien de duidelijke juridische situatie die het Federale Hof van Justitie heeft uiteengezet.<\/p>\n\n\n\n\n\n<section class=\"wp-block-uagb-columns uagb-columns__wrap uagb-columns__background-undefined uagb-columns__stack-mobile uagb-columns__valign-undefined uagb-columns__gap-10 alignundefined uagb-block-a63b8d4d contrast blog_beitraege\"><div class=\"uagb-columns__overlay\"><\/div><div class=\"uagb-columns__inner-wrap uagb-columns__columns-1\">\n<div class=\"wp-block-uagb-column uagb-column__wrap uagb-column__background-undefined uagb-block-6e00ddba\"><div class=\"uagb-column__overlay\"><\/div><div class=\"uagb-column__inner-wrap\">\n<h3 class=\"wp-block-heading\" id=\"das-konnte-sie-auch-interessieren\">Misschien bent u ook ge\u00efnteresseerd in:<\/h3>\n\n\n\n\t\t\t<div class=\"wp-block-uagb-post-grid uagb-post-grid  uagb-post__image-position-top uagb-post__image-enabled uagb-block-ff875f2e     uagb-post__items uagb-post__columns-3 is-grid uagb-post__columns-tablet-2 uagb-post__columns-mobile-1 uagb-post__equal-height\" data-total=\"3\" style=\"\">\n\n\t\t\t\t\t\t\t\t\t\t\t\t<article class=\"uagb-post__inner-wrap\">\t\t\t\t\t\t\t\t<div class='uagb-post__image'>\n\t\t\t\t\t\t\t\t\t<a href=\"https:\/\/ru.law\/nl\/diesel-ueberholt-benzinpreis-jetzt-erst-recht\/\" target=\"_self\" rel=\"bookmark noopener noreferrer\" class='uagb-image-ratio-inherit'><img loading=\"lazy\" decoding=\"async\" width=\"1024\" height=\"576\" src=\"https:\/\/ru.law\/wp-content\/uploads\/2022\/03\/2021-News-Header-1200x675-2972-1024x576.jpg\" class=\"attachment-large size-large\" alt=\"Rogert-Ulbrich-Rechtsanwaelte-Kanzlei-Diesel-Benzin-Preise\" srcset=\"https:\/\/ru.law\/wp-content\/uploads\/2022\/03\/2021-News-Header-1200x675-2972-1024x576.jpg 1024w, https:\/\/ru.law\/wp-content\/uploads\/2022\/03\/2021-News-Header-1200x675-2972-300x169.jpg 300w, https:\/\/ru.law\/wp-content\/uploads\/2022\/03\/2021-News-Header-1200x675-2972-768x432.jpg 768w, https:\/\/ru.law\/wp-content\/uploads\/2022\/03\/2021-News-Header-1200x675-2972.jpg 1200w\" sizes=\"auto, (max-width: 1024px) 100vw, 1024px\" \/>\t\t\t\t\t<\/a>\n\t\t\t\t\t\t\t<\/div>\n\t\t\t\t\t\t<h4 class=\"uagb-post__title uagb-post__text\">\n\t\t\t\t<a href=\"https:\/\/ru.law\/nl\/diesel-ueberholt-benzinpreis-jetzt-erst-recht\/\" target=\"_self\" rel=\"bookmark noopener noreferrer\">Recordprijzen voor diesel - Nu is het moment om uw auto terug te draaien<\/a>\n\t\t\t<\/h4>\n\t\t\t\t\t\t<div class='uagb-post__text uagb-post-grid-byline'>\n\t\t\t\t\t\t\t<\/div>\n\t\t\t\t\t\t\t<div class='uagb-post__text uagb-post__excerpt'>\n\t\t\t\t\t<p>Diesel staat in Duitsland op recordhoogte en ook benzine nadert een\u2026\t\t\t\t<\/div>\n\t\t\t\t\t\t<div class=\"uagb-post__text uagb-post__cta wp-block-button\">\n\t\t\t\t<a class=\"wp-block-button__link uagb-text-link\" style=\"\" href=\"https:\/\/ru.law\/nl\/diesel-ueberholt-benzinpreis-jetzt-erst-recht\/\" target=\"_self\" rel=\"bookmark noopener noreferrer\">Lees meer<\/a>\n\t\t\t<\/div>\n\t\t\t\n\t\t\t\t\t\t\t\t<a class=\"uagb-post__link-complete-box\" href=\"https:\/\/ru.law\/nl\/diesel-ueberholt-benzinpreis-jetzt-erst-recht\/\" target=\"_self\" rel=\"bookmark noopener noreferrer\"><\/a>\n\t\t\t\t\t\t\t<\/article>\n\t\t\t\t\t\t\t\t\t\t\t\t\t\t\t\t<article class=\"uagb-post__inner-wrap\">\t\t\t\t\t\t\t\t<div class='uagb-post__image'>\n\t\t\t\t\t\t\t\t\t<a href=\"https:\/\/ru.law\/nl\/vtdi-abgasskandal-rund-um-vw-audi-und-porsche\/\" target=\"_self\" rel=\"bookmark noopener noreferrer\" class='uagb-image-ratio-inherit'><img loading=\"lazy\" decoding=\"async\" width=\"1024\" height=\"576\" src=\"https:\/\/ru.law\/wp-content\/uploads\/2022\/01\/Rogert-Ulbrich-Rechtsanwaelte-Kanzlei-Abgasskandal-Audi-Verjaehrung-2022-1024x576.jpg\" class=\"attachment-large size-large\" alt=\"\" srcset=\"https:\/\/ru.law\/wp-content\/uploads\/2022\/01\/Rogert-Ulbrich-Rechtsanwaelte-Kanzlei-Abgasskandal-Audi-Verjaehrung-2022-1024x576.jpg 1024w, https:\/\/ru.law\/wp-content\/uploads\/2022\/01\/Rogert-Ulbrich-Rechtsanwaelte-Kanzlei-Abgasskandal-Audi-Verjaehrung-2022-300x169.jpg 300w, https:\/\/ru.law\/wp-content\/uploads\/2022\/01\/Rogert-Ulbrich-Rechtsanwaelte-Kanzlei-Abgasskandal-Audi-Verjaehrung-2022-768x432.jpg 768w, https:\/\/ru.law\/wp-content\/uploads\/2022\/01\/Rogert-Ulbrich-Rechtsanwaelte-Kanzlei-Abgasskandal-Audi-Verjaehrung-2022.jpg 1200w\" sizes=\"auto, (max-width: 1024px) 100vw, 1024px\" \/>\t\t\t\t\t<\/a>\n\t\t\t\t\t\t\t<\/div>\n\t\t\t\t\t\t<h4 class=\"uagb-post__title uagb-post__text\">\n\t\t\t\t<a href=\"https:\/\/ru.law\/nl\/vtdi-abgasskandal-rund-um-vw-audi-und-porsche\/\" target=\"_self\" rel=\"bookmark noopener noreferrer\">VTDI-emissieschandaal waarbij VW, Audi en Porsche betrokken zijn<\/a>\n\t\t\t<\/h4>\n\t\t\t\t\t\t<div class='uagb-post__text uagb-post-grid-byline'>\n\t\t\t\t\t\t\t<\/div>\n\t\t\t\t\t\t\t<div class='uagb-post__text uagb-post__excerpt'>\n\t\t\t\t\t<p>Voor veel Duitse autofabrikanten is het dieselemissieschandaal nog steeds alomtegenwoordig, ook voor de VW Groep\u2026\t\t\t\t<\/div>\n\t\t\t\t\t\t<div class=\"uagb-post__text uagb-post__cta wp-block-button\">\n\t\t\t\t<a class=\"wp-block-button__link uagb-text-link\" style=\"\" href=\"https:\/\/ru.law\/nl\/vtdi-abgasskandal-rund-um-vw-audi-und-porsche\/\" target=\"_self\" rel=\"bookmark noopener noreferrer\">Lees meer<\/a>\n\t\t\t<\/div>\n\t\t\t\n\t\t\t\t\t\t\t\t<a class=\"uagb-post__link-complete-box\" href=\"https:\/\/ru.law\/nl\/vtdi-abgasskandal-rund-um-vw-audi-und-porsche\/\" target=\"_self\" rel=\"bookmark noopener noreferrer\"><\/a>\n\t\t\t\t\t\t\t<\/article>\n\t\t\t\t\t\t\t\t\t\t\t\t\t\t\t\t<article class=\"uagb-post__inner-wrap\">\t\t\t\t\t\t\t\t<div class='uagb-post__image'>\n\t\t\t\t\t\t\t\t\t<a href=\"https:\/\/ru.law\/nl\/olg-koeln-verurteilt-audi-ag\/\" target=\"_self\" rel=\"bookmark noopener noreferrer\" class='uagb-image-ratio-inherit'><img loading=\"lazy\" decoding=\"async\" width=\"1024\" height=\"576\" src=\"https:\/\/ru.law\/wp-content\/uploads\/2021\/09\/rogert-ulbrich-rechtsanwalt-kanzlei-abgasskandal-premium-modelle-porsche-42l-1024x576.jpg\" class=\"attachment-large size-large\" alt=\"\" srcset=\"https:\/\/ru.law\/wp-content\/uploads\/2021\/09\/rogert-ulbrich-rechtsanwalt-kanzlei-abgasskandal-premium-modelle-porsche-42l-1024x576.jpg 1024w, https:\/\/ru.law\/wp-content\/uploads\/2021\/09\/rogert-ulbrich-rechtsanwalt-kanzlei-abgasskandal-premium-modelle-porsche-42l-300x169.jpg 300w, https:\/\/ru.law\/wp-content\/uploads\/2021\/09\/rogert-ulbrich-rechtsanwalt-kanzlei-abgasskandal-premium-modelle-porsche-42l-768x432.jpg 768w, https:\/\/ru.law\/wp-content\/uploads\/2021\/09\/rogert-ulbrich-rechtsanwalt-kanzlei-abgasskandal-premium-modelle-porsche-42l.jpg 1200w\" sizes=\"auto, (max-width: 1024px) 100vw, 1024px\" \/>\t\t\t\t\t<\/a>\n\t\t\t\t\t\t\t<\/div>\n\t\t\t\t\t\t<h4 class=\"uagb-post__title uagb-post__text\">\n\t\t\t\t<a href=\"https:\/\/ru.law\/nl\/olg-koeln-verurteilt-audi-ag\/\" target=\"_self\" rel=\"bookmark noopener noreferrer\">Audi AG moet Porsche Cayenne S terugnemen<\/a>\n\t\t\t<\/h4>\n\t\t\t\t\t\t<div class='uagb-post__text uagb-post-grid-byline'>\n\t\t\t\t\t\t\t<\/div>\n\t\t\t\t\t\t\t<div class='uagb-post__text uagb-post__excerpt'>\n\t\t\t\t\t<p>Audi AG kreeg van het Oberlandesgericht Keulen de opdracht een Porsche Cayenne S 4.2l terug te nemen\u2026.\t\t\t\t<\/div>\n\t\t\t\t\t\t<div class=\"uagb-post__text uagb-post__cta wp-block-button\">\n\t\t\t\t<a class=\"wp-block-button__link uagb-text-link\" style=\"\" href=\"https:\/\/ru.law\/nl\/olg-koeln-verurteilt-audi-ag\/\" target=\"_self\" rel=\"bookmark noopener noreferrer\">Lees meer<\/a>\n\t\t\t<\/div>\n\t\t\t\n\t\t\t\t\t\t\t\t<a class=\"uagb-post__link-complete-box\" href=\"https:\/\/ru.law\/nl\/olg-koeln-verurteilt-audi-ag\/\" target=\"_self\" rel=\"bookmark noopener noreferrer\"><\/a>\n\t\t\t\t\t\t\t<\/article>\n\t\t\t\t\t\t\t\t\t\t\t<\/div>\n\t\t\t\n\n\n<p><\/p>\n<\/div><\/div>\n<\/div><\/section>","protected":false},"excerpt":{"rendered":"<p>Zwei gesch\u00e4digte Auto-K\u00e4ufer freuen sich \u00fcber Schadensersatz. Gleich zwei interessante Urteile konnten wir vor dem Landgericht Ingolstadt zu Gunsten unserer Mandanten erringen. In beiden F\u00e4llen [&hellip;]<\/p>\n","protected":false},"author":21,"featured_media":11002,"comment_status":"closed","ping_status":"open","sticky":false,"template":"","format":"standard","meta":{"_uag_custom_page_level_css":"","site-sidebar-layout":"default","site-content-layout":"default","ast-site-content-layout":"default","site-content-style":"default","site-sidebar-style":"default","ast-global-header-display":"","ast-banner-title-visibility":"","ast-main-header-display":"","ast-hfb-above-header-display":"","ast-hfb-below-header-display":"","ast-hfb-mobile-header-display":"","site-post-title":"","ast-breadcrumbs-content":"","ast-featured-img":"","footer-sml-layout":"","ast-disable-related-posts":"","theme-transparent-header-meta":"default","adv-header-id-meta":"","stick-header-meta":"","header-above-stick-meta":"","header-main-stick-meta":"","header-below-stick-meta":"","astra-migrate-meta-layouts":"default","ast-page-background-enabled":"default","ast-page-background-meta":{"desktop":{"background-color":"","background-image":"","background-repeat":"repeat","background-position":"center center","background-size":"auto","background-attachment":"scroll","background-type":"","background-media":"","overlay-type":"","overlay-color":"","overlay-opacity":"","overlay-gradient":""},"tablet":{"background-color":"","background-image":"","background-repeat":"repeat","background-position":"center center","background-size":"auto","background-attachment":"scroll","background-type":"","background-media":"","overlay-type":"","overlay-color":"","overlay-opacity":"","overlay-gradient":""},"mobile":{"background-color":"","background-image":"","background-repeat":"repeat","background-position":"center center","background-size":"auto","background-attachment":"scroll","background-type":"","background-media":"","overlay-type":"","overlay-color":"","overlay-opacity":"","overlay-gradient":""}},"ast-content-background-meta":{"desktop":{"background-color":"var(--ast-global-color-5)","background-image":"","background-repeat":"repeat","background-position":"center center","background-size":"auto","background-attachment":"scroll","background-type":"","background-media":"","overlay-type":"","overlay-color":"","overlay-opacity":"","overlay-gradient":""},"tablet":{"background-color":"var(--ast-global-color-5)","background-image":"","background-repeat":"repeat","background-position":"center center","background-size":"auto","background-attachment":"scroll","background-type":"","background-media":"","overlay-type":"","overlay-color":"","overlay-opacity":"","overlay-gradient":""},"mobile":{"background-color":"var(--ast-global-color-5)","background-image":"","background-repeat":"repeat","background-position":"center center","background-size":"auto","background-attachment":"scroll","background-type":"","background-media":"","overlay-type":"","overlay-color":"","overlay-opacity":"","overlay-gradient":""}},"footnotes":""},"categories":[2,507],"tags":[9],"class_list":["post-10974","post","type-post","status-publish","format-standard","has-post-thumbnail","hentry","category-abgasskandal","category-urteile","tag-audi"],"yoast_head":"<!-- This site is optimized with the Yoast SEO Premium plugin v27.4 (Yoast SEO v27.4) - https:\/\/yoast.com\/product\/yoast-seo-premium-wordpress\/ -->\n<title>Audi AG: Modelle mit 3.0l Motoren im Abgasskandal - R&amp;U<\/title>\n<meta name=\"description\" content=\"Neue Urteile gegen Audi AG: Zwei gesch\u00e4digte Audi-K\u00e4ufer freuen sich \u00fcber Schadensersatz. In beiden F\u00e4llen geht es um Audis mit 3.0l-Motoren.\" \/>\n<meta name=\"robots\" content=\"index, follow, max-snippet:-1, max-image-preview:large, max-video-preview:-1\" \/>\n<link rel=\"canonical\" href=\"https:\/\/ru.law\/nl\/neue-urteile-gegen-audi-ag-modelle-mit-3-0l-motoren-betroffen\/\" \/>\n<meta property=\"og:locale\" content=\"nl_NL\" \/>\n<meta property=\"og:type\" content=\"article\" \/>\n<meta property=\"og:title\" content=\"Neue Urteile gegen Audi AG: Modelle mit 3.0l Motoren betroffen\" \/>\n<meta property=\"og:description\" content=\"Neue Urteile gegen Audi AG: Zwei gesch\u00e4digte Audi-K\u00e4ufer freuen sich \u00fcber Schadensersatz. In beiden F\u00e4llen geht es um Audis mit 3.0l-Motoren.\" \/>\n<meta property=\"og:url\" content=\"https:\/\/ru.law\/nl\/neue-urteile-gegen-audi-ag-modelle-mit-3-0l-motoren-betroffen\/\" \/>\n<meta property=\"og:site_name\" content=\"R&amp;U\" \/>\n<meta property=\"article:publisher\" content=\"https:\/\/www.facebook.com\/RogertUlbrich\/\" \/>\n<meta property=\"article:published_time\" content=\"2020-11-12T10:10:00+00:00\" \/>\n<meta property=\"article:modified_time\" content=\"2024-07-08T11:12:45+00:00\" \/>\n<meta property=\"og:image\" content=\"https:\/\/ru.law\/wp-content\/uploads\/2020\/11\/audi-mit-3-liter-motor.jpg\" \/>\n\t<meta property=\"og:image:width\" content=\"1201\" \/>\n\t<meta property=\"og:image:height\" content=\"675\" \/>\n\t<meta property=\"og:image:type\" content=\"image\/jpeg\" \/>\n<meta name=\"author\" content=\"Marco Rogert\" \/>\n<meta name=\"twitter:card\" content=\"summary_large_image\" \/>\n<meta name=\"twitter:creator\" content=\"@RogertUlbrich\" \/>\n<meta name=\"twitter:site\" content=\"@RogertUlbrich\" \/>\n<script type=\"application\/ld+json\" class=\"yoast-schema-graph\">{\"@context\":\"https:\\\/\\\/schema.org\",\"@graph\":[{\"@type\":\"Article\",\"@id\":\"https:\\\/\\\/ru.law\\\/neue-urteile-gegen-audi-ag-modelle-mit-3-0l-motoren-betroffen\\\/#article\",\"isPartOf\":{\"@id\":\"https:\\\/\\\/ru.law\\\/neue-urteile-gegen-audi-ag-modelle-mit-3-0l-motoren-betroffen\\\/\"},\"author\":{\"name\":\"Marco Rogert\",\"@id\":\"https:\\\/\\\/ru.law\\\/#\\\/schema\\\/person\\\/b020d506e6bbc471b4565d3a98173b87\"},\"headline\":\"Neue Urteile gegen Audi AG: Modelle mit 3.0l Motoren betroffen\",\"datePublished\":\"2020-11-12T10:10:00+00:00\",\"dateModified\":\"2024-07-08T11:12:45+00:00\",\"mainEntityOfPage\":{\"@id\":\"https:\\\/\\\/ru.law\\\/neue-urteile-gegen-audi-ag-modelle-mit-3-0l-motoren-betroffen\\\/\"},\"wordCount\":374,\"publisher\":{\"@id\":\"https:\\\/\\\/ru.law\\\/#organization\"},\"image\":{\"@id\":\"https:\\\/\\\/ru.law\\\/neue-urteile-gegen-audi-ag-modelle-mit-3-0l-motoren-betroffen\\\/#primaryimage\"},\"thumbnailUrl\":\"https:\\\/\\\/ru.law\\\/wp-content\\\/uploads\\\/2020\\\/11\\\/audi-mit-3-liter-motor.jpg\",\"keywords\":[\"Audi\"],\"articleSection\":[\"Abgasskandal\",\"Urteile\"],\"inLanguage\":\"nl-NL\"},{\"@type\":\"WebPage\",\"@id\":\"https:\\\/\\\/ru.law\\\/neue-urteile-gegen-audi-ag-modelle-mit-3-0l-motoren-betroffen\\\/\",\"url\":\"https:\\\/\\\/ru.law\\\/neue-urteile-gegen-audi-ag-modelle-mit-3-0l-motoren-betroffen\\\/\",\"name\":\"Audi AG: Modelle mit 3.0l Motoren im Abgasskandal - R&amp;U\",\"isPartOf\":{\"@id\":\"https:\\\/\\\/ru.law\\\/#website\"},\"primaryImageOfPage\":{\"@id\":\"https:\\\/\\\/ru.law\\\/neue-urteile-gegen-audi-ag-modelle-mit-3-0l-motoren-betroffen\\\/#primaryimage\"},\"image\":{\"@id\":\"https:\\\/\\\/ru.law\\\/neue-urteile-gegen-audi-ag-modelle-mit-3-0l-motoren-betroffen\\\/#primaryimage\"},\"thumbnailUrl\":\"https:\\\/\\\/ru.law\\\/wp-content\\\/uploads\\\/2020\\\/11\\\/audi-mit-3-liter-motor.jpg\",\"datePublished\":\"2020-11-12T10:10:00+00:00\",\"dateModified\":\"2024-07-08T11:12:45+00:00\",\"description\":\"Neue Urteile gegen Audi AG: Zwei gesch\u00e4digte Audi-K\u00e4ufer freuen sich \u00fcber Schadensersatz. In beiden F\u00e4llen geht es um Audis mit 3.0l-Motoren.\",\"breadcrumb\":{\"@id\":\"https:\\\/\\\/ru.law\\\/neue-urteile-gegen-audi-ag-modelle-mit-3-0l-motoren-betroffen\\\/#breadcrumb\"},\"inLanguage\":\"nl-NL\",\"potentialAction\":[{\"@type\":\"ReadAction\",\"target\":[\"https:\\\/\\\/ru.law\\\/neue-urteile-gegen-audi-ag-modelle-mit-3-0l-motoren-betroffen\\\/\"]}]},{\"@type\":\"ImageObject\",\"inLanguage\":\"nl-NL\",\"@id\":\"https:\\\/\\\/ru.law\\\/neue-urteile-gegen-audi-ag-modelle-mit-3-0l-motoren-betroffen\\\/#primaryimage\",\"url\":\"https:\\\/\\\/ru.law\\\/wp-content\\\/uploads\\\/2020\\\/11\\\/audi-mit-3-liter-motor.jpg\",\"contentUrl\":\"https:\\\/\\\/ru.law\\\/wp-content\\\/uploads\\\/2020\\\/11\\\/audi-mit-3-liter-motor.jpg\",\"width\":1201,\"height\":675},{\"@type\":\"BreadcrumbList\",\"@id\":\"https:\\\/\\\/ru.law\\\/neue-urteile-gegen-audi-ag-modelle-mit-3-0l-motoren-betroffen\\\/#breadcrumb\",\"itemListElement\":[{\"@type\":\"ListItem\",\"position\":1,\"name\":\"Startseite\",\"item\":\"https:\\\/\\\/ru.law\\\/\"},{\"@type\":\"ListItem\",\"position\":2,\"name\":\"Neue Urteile gegen Audi AG: Modelle mit 3.0l Motoren betroffen\"}]},{\"@type\":\"WebSite\",\"@id\":\"https:\\\/\\\/ru.law\\\/#website\",\"url\":\"https:\\\/\\\/ru.law\\\/\",\"name\":\"R&U\",\"description\":\"Verbraucheranw\u00e4lte\",\"publisher\":{\"@id\":\"https:\\\/\\\/ru.law\\\/#organization\"},\"alternateName\":\"Rogert & Ulbrich\",\"potentialAction\":[{\"@type\":\"SearchAction\",\"target\":{\"@type\":\"EntryPoint\",\"urlTemplate\":\"https:\\\/\\\/ru.law\\\/?s={search_term_string}\"},\"query-input\":{\"@type\":\"PropertyValueSpecification\",\"valueRequired\":true,\"valueName\":\"search_term_string\"}}],\"inLanguage\":\"nl-NL\"},{\"@type\":\"Organization\",\"@id\":\"https:\\\/\\\/ru.law\\\/#organization\",\"name\":\"Kanzlei Rogert & Ulbrich\",\"url\":\"https:\\\/\\\/ru.law\\\/\",\"logo\":{\"@type\":\"ImageObject\",\"inLanguage\":\"nl-NL\",\"@id\":\"https:\\\/\\\/ru.law\\\/#\\\/schema\\\/logo\\\/image\\\/\",\"url\":\"https:\\\/\\\/ru.law\\\/wp-content\\\/uploads\\\/2020\\\/12\\\/logo-ru-law.svg\",\"contentUrl\":\"https:\\\/\\\/ru.law\\\/wp-content\\\/uploads\\\/2020\\\/12\\\/logo-ru-law.svg\",\"width\":992,\"height\":259,\"caption\":\"Kanzlei Rogert & Ulbrich\"},\"image\":{\"@id\":\"https:\\\/\\\/ru.law\\\/#\\\/schema\\\/logo\\\/image\\\/\"},\"sameAs\":[\"https:\\\/\\\/www.facebook.com\\\/RogertUlbrich\\\/\",\"https:\\\/\\\/x.com\\\/RogertUlbrich\",\"https:\\\/\\\/www.instagram.com\\\/rogertulbrich\\\/\",\"https:\\\/\\\/www.linkedin.com\\\/company\\\/rogert-ulbrich\\\/\",\"https:\\\/\\\/www.youtube.com\\\/channel\\\/UCganCgpvwpPFqMFf1vVmG2A\"]},{\"@type\":\"Person\",\"@id\":\"https:\\\/\\\/ru.law\\\/#\\\/schema\\\/person\\\/b020d506e6bbc471b4565d3a98173b87\",\"name\":\"Marco Rogert\",\"url\":\"https:\\\/\\\/ru.law\\\/nl\\\/author\\\/rogertru-law\\\/\"}]}<\/script>\n<!-- \/ Yoast SEO Premium plugin. -->","yoast_head_json":{"title":"Audi AG: Modellen met 3.0l-motoren in emissieschandaal - R&amp;U","description":"Nieuwe uitspraken tegen Audi AG: Twee gedupeerde Audi-kopers krijgen schadevergoeding. In beide gevallen gaat het om Audi&#039;s met 3,0-liter motoren.","robots":{"index":"index","follow":"follow","max-snippet":"max-snippet:-1","max-image-preview":"max-image-preview:large","max-video-preview":"max-video-preview:-1"},"canonical":"https:\/\/ru.law\/nl\/neue-urteile-gegen-audi-ag-modelle-mit-3-0l-motoren-betroffen\/","og_locale":"nl_NL","og_type":"article","og_title":"Neue Urteile gegen Audi AG: Modelle mit 3.0l Motoren betroffen","og_description":"Neue Urteile gegen Audi AG: Zwei gesch\u00e4digte Audi-K\u00e4ufer freuen sich \u00fcber Schadensersatz. In beiden F\u00e4llen geht es um Audis mit 3.0l-Motoren.","og_url":"https:\/\/ru.law\/nl\/neue-urteile-gegen-audi-ag-modelle-mit-3-0l-motoren-betroffen\/","og_site_name":"R&amp;U","article_publisher":"https:\/\/www.facebook.com\/RogertUlbrich\/","article_published_time":"2020-11-12T10:10:00+00:00","article_modified_time":"2024-07-08T11:12:45+00:00","og_image":[{"width":1201,"height":675,"url":"https:\/\/ru.law\/wp-content\/uploads\/2020\/11\/audi-mit-3-liter-motor.jpg","type":"image\/jpeg"}],"author":"Marco Rogert","twitter_card":"summary_large_image","twitter_creator":"@RogertUlbrich","twitter_site":"@RogertUlbrich","schema":{"@context":"https:\/\/schema.org","@graph":[{"@type":"Article","@id":"https:\/\/ru.law\/neue-urteile-gegen-audi-ag-modelle-mit-3-0l-motoren-betroffen\/#article","isPartOf":{"@id":"https:\/\/ru.law\/neue-urteile-gegen-audi-ag-modelle-mit-3-0l-motoren-betroffen\/"},"author":{"name":"Marco Rogert","@id":"https:\/\/ru.law\/#\/schema\/person\/b020d506e6bbc471b4565d3a98173b87"},"headline":"Neue Urteile gegen Audi AG: Modelle mit 3.0l Motoren betroffen","datePublished":"2020-11-12T10:10:00+00:00","dateModified":"2024-07-08T11:12:45+00:00","mainEntityOfPage":{"@id":"https:\/\/ru.law\/neue-urteile-gegen-audi-ag-modelle-mit-3-0l-motoren-betroffen\/"},"wordCount":374,"publisher":{"@id":"https:\/\/ru.law\/#organization"},"image":{"@id":"https:\/\/ru.law\/neue-urteile-gegen-audi-ag-modelle-mit-3-0l-motoren-betroffen\/#primaryimage"},"thumbnailUrl":"https:\/\/ru.law\/wp-content\/uploads\/2020\/11\/audi-mit-3-liter-motor.jpg","keywords":["Audi"],"articleSection":["Abgasskandal","Urteile"],"inLanguage":"nl-NL"},{"@type":"WebPage","@id":"https:\/\/ru.law\/neue-urteile-gegen-audi-ag-modelle-mit-3-0l-motoren-betroffen\/","url":"https:\/\/ru.law\/neue-urteile-gegen-audi-ag-modelle-mit-3-0l-motoren-betroffen\/","name":"Audi AG: Modellen met 3.0l-motoren in emissieschandaal - R&amp;U","isPartOf":{"@id":"https:\/\/ru.law\/#website"},"primaryImageOfPage":{"@id":"https:\/\/ru.law\/neue-urteile-gegen-audi-ag-modelle-mit-3-0l-motoren-betroffen\/#primaryimage"},"image":{"@id":"https:\/\/ru.law\/neue-urteile-gegen-audi-ag-modelle-mit-3-0l-motoren-betroffen\/#primaryimage"},"thumbnailUrl":"https:\/\/ru.law\/wp-content\/uploads\/2020\/11\/audi-mit-3-liter-motor.jpg","datePublished":"2020-11-12T10:10:00+00:00","dateModified":"2024-07-08T11:12:45+00:00","description":"Nieuwe uitspraken tegen Audi AG: Twee gedupeerde Audi-kopers krijgen schadevergoeding. In beide gevallen gaat het om Audi&#039;s met 3,0-liter motoren.","breadcrumb":{"@id":"https:\/\/ru.law\/neue-urteile-gegen-audi-ag-modelle-mit-3-0l-motoren-betroffen\/#breadcrumb"},"inLanguage":"nl-NL","potentialAction":[{"@type":"ReadAction","target":["https:\/\/ru.law\/neue-urteile-gegen-audi-ag-modelle-mit-3-0l-motoren-betroffen\/"]}]},{"@type":"ImageObject","inLanguage":"nl-NL","@id":"https:\/\/ru.law\/neue-urteile-gegen-audi-ag-modelle-mit-3-0l-motoren-betroffen\/#primaryimage","url":"https:\/\/ru.law\/wp-content\/uploads\/2020\/11\/audi-mit-3-liter-motor.jpg","contentUrl":"https:\/\/ru.law\/wp-content\/uploads\/2020\/11\/audi-mit-3-liter-motor.jpg","width":1201,"height":675},{"@type":"BreadcrumbList","@id":"https:\/\/ru.law\/neue-urteile-gegen-audi-ag-modelle-mit-3-0l-motoren-betroffen\/#breadcrumb","itemListElement":[{"@type":"ListItem","position":1,"name":"Startseite","item":"https:\/\/ru.law\/"},{"@type":"ListItem","position":2,"name":"Neue Urteile gegen Audi AG: Modelle mit 3.0l Motoren betroffen"}]},{"@type":"WebSite","@id":"https:\/\/ru.law\/#website","url":"https:\/\/ru.law\/","name":"R&amp;U","description":"Consumentenadvocaten","publisher":{"@id":"https:\/\/ru.law\/#organization"},"alternateName":"Rogert & Ulbrich","potentialAction":[{"@type":"SearchAction","target":{"@type":"EntryPoint","urlTemplate":"https:\/\/ru.law\/?s={search_term_string}"},"query-input":{"@type":"PropertyValueSpecification","valueRequired":true,"valueName":"search_term_string"}}],"inLanguage":"nl-NL"},{"@type":"Organization","@id":"https:\/\/ru.law\/#organization","name":"Advocatenkantoor Rogert &amp; Ulbrich","url":"https:\/\/ru.law\/","logo":{"@type":"ImageObject","inLanguage":"nl-NL","@id":"https:\/\/ru.law\/#\/schema\/logo\/image\/","url":"https:\/\/ru.law\/wp-content\/uploads\/2020\/12\/logo-ru-law.svg","contentUrl":"https:\/\/ru.law\/wp-content\/uploads\/2020\/12\/logo-ru-law.svg","width":992,"height":259,"caption":"Kanzlei Rogert & Ulbrich"},"image":{"@id":"https:\/\/ru.law\/#\/schema\/logo\/image\/"},"sameAs":["https:\/\/www.facebook.com\/RogertUlbrich\/","https:\/\/x.com\/RogertUlbrich","https:\/\/www.instagram.com\/rogertulbrich\/","https:\/\/www.linkedin.com\/company\/rogert-ulbrich\/","https:\/\/www.youtube.com\/channel\/UCganCgpvwpPFqMFf1vVmG2A"]},{"@type":"Person","@id":"https:\/\/ru.law\/#\/schema\/person\/b020d506e6bbc471b4565d3a98173b87","name":"Marco Rogert","url":"https:\/\/ru.law\/nl\/author\/rogertru-law\/"}]}},"uagb_featured_image_src":{"full":["https:\/\/ru.law\/wp-content\/uploads\/2020\/11\/audi-mit-3-liter-motor.jpg",1201,675,false],"thumbnail":["https:\/\/ru.law\/wp-content\/uploads\/2020\/11\/audi-mit-3-liter-motor-150x150.jpg",96,96,true],"medium":["https:\/\/ru.law\/wp-content\/uploads\/2020\/11\/audi-mit-3-liter-motor-300x169.jpg",300,169,true],"medium_large":["https:\/\/ru.law\/wp-content\/uploads\/2020\/11\/audi-mit-3-liter-motor-768x432.jpg",768,432,true],"large":["https:\/\/ru.law\/wp-content\/uploads\/2020\/11\/audi-mit-3-liter-motor-1024x576.jpg",1024,576,true],"1536x1536":["https:\/\/ru.law\/wp-content\/uploads\/2020\/11\/audi-mit-3-liter-motor.jpg",1201,675,false],"2048x2048":["https:\/\/ru.law\/wp-content\/uploads\/2020\/11\/audi-mit-3-liter-motor.jpg",1201,675,false],"trp-custom-language-flag":["https:\/\/ru.law\/wp-content\/uploads\/2020\/11\/audi-mit-3-liter-motor.jpg",18,10,false]},"uagb_author_info":{"display_name":"Marco Rogert","author_link":"https:\/\/ru.law\/nl\/author\/rogertru-law\/"},"uagb_comment_info":0,"uagb_excerpt":"Zwei gesch\u00e4digte Auto-K\u00e4ufer freuen sich \u00fcber Schadensersatz. Gleich zwei interessante Urteile konnten wir vor dem Landgericht Ingolstadt zu Gunsten unserer Mandanten erringen. In beiden F\u00e4llen [&hellip;]","_links":{"self":[{"href":"https:\/\/ru.law\/nl\/wp-json\/wp\/v2\/posts\/10974","targetHints":{"allow":["GET"]}}],"collection":[{"href":"https:\/\/ru.law\/nl\/wp-json\/wp\/v2\/posts"}],"about":[{"href":"https:\/\/ru.law\/nl\/wp-json\/wp\/v2\/types\/post"}],"author":[{"embeddable":true,"href":"https:\/\/ru.law\/nl\/wp-json\/wp\/v2\/users\/21"}],"replies":[{"embeddable":true,"href":"https:\/\/ru.law\/nl\/wp-json\/wp\/v2\/comments?post=10974"}],"version-history":[{"count":0,"href":"https:\/\/ru.law\/nl\/wp-json\/wp\/v2\/posts\/10974\/revisions"}],"wp:featuredmedia":[{"embeddable":true,"href":"https:\/\/ru.law\/nl\/wp-json\/wp\/v2\/media\/11002"}],"wp:attachment":[{"href":"https:\/\/ru.law\/nl\/wp-json\/wp\/v2\/media?parent=10974"}],"wp:term":[{"taxonomy":"category","embeddable":true,"href":"https:\/\/ru.law\/nl\/wp-json\/wp\/v2\/categories?post=10974"},{"taxonomy":"post_tag","embeddable":true,"href":"https:\/\/ru.law\/nl\/wp-json\/wp\/v2\/tags?post=10974"}],"curies":[{"name":"wp","href":"https:\/\/api.w.org\/{rel}","templated":true}]}}