{"id":9566,"date":"2020-11-02T10:25:37","date_gmt":"2020-11-02T09:25:37","guid":{"rendered":"https:\/\/ru.law\/?p=9566"},"modified":"2024-07-08T13:12:47","modified_gmt":"2024-07-08T11:12:47","slug":"abgasskandal-daimler-mercedes-rueckruf","status":"publish","type":"post","link":"https:\/\/ru.law\/en\/abgasskandal-daimler-mercedes-rueckruf\/","title":{"rendered":"Emissions scandal at Daimler \u2013 Hardly a Mercedes without a recall!"},"content":{"rendered":"<h2 class=\"wp-block-heading\" id=\"h-die-ruckrufwelle-bei-daimler-ebbt-nicht-ab\"><strong>The wave of recalls at Daimler shows no signs of abating<\/strong>.<\/h2>\n\n\n\n<p>Just in June of this year, numerous Mercedes diesel models of the A and B classes, as well as the C, E and S classes, were recalled by the Federal Motor Transport Authority. At the end of August, recalls followed for E-Class models built between 2010 and 2014. Now the wave of recalls at Daimler Benz continues unabated.<\/p>\n\n\n\n<h3 class=\"wp-block-heading\" id=\"h-ruckruf-um-ruckruf-abgasskandal-bei-daimler-schreitet-fort\"><strong>Recall after recall - Daimler emissions scandal continues<\/strong><\/h3>\n\n\n\n<p>Due to illegal shutdown devices in the exhaust system, there are current <a href=\"https:\/\/www.kba.de\/DE\/Marktueberwachung\/Rueckrufe\/Kodex\/kodex_pdf.pdf?__blob=publicationFile&amp;v=6\" target=\"_blank\" rel=\"noreferrer noopener\">recalls<\/a> for the following Mercedes diesel models:<\/p>\n\n\n\n<ul class=\"is-style-none car_model ghostkit-custom-17eC63 wp-block-list\"><li><strong>C-Class<\/strong> <em>year of construction 2009 \u2013 2010<\/em><\/li><li><strong>E-Class<\/strong> <em>year of construction 2009 \u2013 2010<\/em><\/li><li><strong>GLC <\/strong><em>year of construction 2015 \u2013 2016<\/em><\/li><li><strong>GLE <\/strong><em>year of construction 2015 \u2013 2017<\/em><\/li><li><strong>GLK<\/strong> <em>year of construction 2014 \u2013 2015<\/em><\/li><li><strong>GLS<\/strong> <em>year of construction 2015 \u2013 2017<\/em><\/li><li><strong>ML<\/strong> <em>year of construction 2015 \u2013 2016<\/em><\/li><\/ul>\n\n\n\n<p><\/p>\n\n\n\n<p>Many owners of Daimler Benz diesel vehicles also receive mail from the manufacturer. Daimler AG itself writes to vehicle owners about a voluntary customer service measure. But what is behind it?<\/p>\n\n\n\n<h3 class=\"wp-block-heading\" id=\"h-wie-freiwillig-ist-eine-freiwillige-mercedes-kundendienstmassnahme\"><strong>How voluntary is a voluntary Mercedes customer service measure?<\/strong><\/h3>\n\n\n\n<p>We ask how voluntary a so-called &quot;voluntary customer service measure&quot; really is! Just one thing right away - for you as a customer it is definitely voluntary, even if some car dealerships or authorized workshops would like to tell you otherwise. However, drivers should be careful here.<\/p>\n\n\n\n<p>&nbsp;\u201cFirst we received two letters telling us to make an appointment at one of the manufacturer\u2019s authorized workshops, then they even called me at home and said I absolutely had to come to the workshop!\u201d This was the story of a totally confused client. The manufacturer\u2019s letter said something about a \u201cvoluntary Mercedes customer service measure,\u201d but now the client was being put under pressure. Why? What happens if you <a href=\"https:\/\/ru.law\/en\/neuer-ueberwachter-vw-rueckruf-vom-kraftfahrt-bundesamt\/\" target=\"_blank\" rel=\"noreferrer noopener\">voluntary recall<\/a> does not comply?<\/p>\n\n\n\n<h3 class=\"wp-block-heading\" id=\"h-freiwillige-kundendienstmassnahme-doch-nicht-so-freiwillig\"><strong>Voluntary customer service measure \u2013 not so voluntary after all?<\/strong><\/h3>\n\n\n\n<p>The lawyers at Rogert &amp; Ulbrich have received such calls almost every day this year and advise their clients not to drive to your car manufacturer&#039;s authorized repair shop, not even to change your tires. Why?<\/p>\n\n\n\n<p>Tobias Ulbrich: \u201cIt has happened that one of these supposedly voluntary updates was simply installed secretly when changing tires.\u201d <\/p>\n\n\n\n<p>Why do lawyers advise against these updates?<\/p>\n\n\n\n<div class=\"wp-block-columns header__gradient_blog ghostkit-custom-ZXdKJl is-layout-flex wp-container-core-columns-is-layout-28f84493 wp-block-columns-is-layout-flex\">\n<div class=\"wp-block-column is-vertically-aligned-top is-layout-flow wp-block-column-is-layout-flow\" style=\"flex-basis:20%\">\n<figure class=\"wp-block-image size-large zitat\"><img loading=\"lazy\" decoding=\"async\" width=\"800\" height=\"800\" src=\"https:\/\/ru.law\/wp-content\/uploads\/2020\/09\/marco_rogert.jpg\" alt=\"\" class=\"wp-image-7473\" srcset=\"https:\/\/ru.law\/wp-content\/uploads\/2020\/09\/marco_rogert.jpg 800w, https:\/\/ru.law\/wp-content\/uploads\/2020\/09\/marco_rogert-300x300.jpg 300w, https:\/\/ru.law\/wp-content\/uploads\/2020\/09\/marco_rogert-150x150.jpg 150w, https:\/\/ru.law\/wp-content\/uploads\/2020\/09\/marco_rogert-768x768.jpg 768w, https:\/\/ru.law\/wp-content\/uploads\/2020\/09\/marco_rogert-500x500.jpg 500w\" sizes=\"auto, (max-width: 800px) 100vw, 800px\" \/><\/figure>\n<\/div>\n\n\n\n<div class=\"wp-block-column is-vertically-aligned-center ghostkit-custom-Z1mGIEm is-layout-flow wp-block-column-is-layout-flow\" style=\"flex-basis:80%\">\n<p>&quot;To put it very simply, the cars are not designed to allow more dirt to be fed back into the engine after the software update. This can lead to consequential damage for which the manufacturers still do not want to provide a guarantee. And: the cars are not clean even after the update!&quot;<\/p>\n\n\n\n<p class=\"has-text-align-left\">Partner Dr. Marco Rogert <\/p>\n<\/div>\n<\/div>\n\n\n\n<h3 class=\"wp-block-heading\" id=\"h-daimler-software-update-birgt-gefahr-von-folgeschaden\"><strong>Daimler software update poses risk of consequential damage<\/strong><\/h3>\n\n\n\n<p>This is proven, for example, in the case of VW, by a recent <a href=\"https:\/\/ru.law\/en\/neuer-ueberwachter-vw-rueckruf-vom-kraftfahrt-bundesamt\/\" target=\"_blank\" rel=\"noreferrer noopener\">recall for the VW EOS<\/a>, which was specifically recalled in September 2020 after the software update because compliance with the nitrogen oxide limit values is not certain even after the software update.<\/p>\n\n\n\n<p>In January 2020, the <a href=\"https:\/\/www.zdf.de\/politik\/frontal-21\/frontal-21-vom-21-januar-2020-100.html\" target=\"_blank\" rel=\"noreferrer noopener\">ZDF magazine &quot;Frontal&quot;<\/a> reported that Daimler&#039;s voluntary service campaigns did not have the desired effect and did not reduce nitrogen oxide emissions by 25-30 percent, but actually made them worse. Updates therefore achieve nothing at all, except possibly cause even more problems.<\/p>\n\n\n\n<div class=\"wp-block-columns header__gradient_blog ghostkit-custom-27nuvl is-layout-flex wp-container-core-columns-is-layout-28f84493 wp-block-columns-is-layout-flex\">\n<div class=\"wp-block-column is-vertically-aligned-top is-layout-flow wp-block-column-is-layout-flow\" style=\"flex-basis:20%\">\n<figure class=\"wp-block-image size-large zitat\"><img loading=\"lazy\" decoding=\"async\" width=\"800\" height=\"800\" src=\"https:\/\/ru.law\/wp-content\/uploads\/2020\/09\/tobias_ulbrich.jpg\" alt=\"\" class=\"wp-image-7474\" srcset=\"https:\/\/ru.law\/wp-content\/uploads\/2020\/09\/tobias_ulbrich.jpg 800w, https:\/\/ru.law\/wp-content\/uploads\/2020\/09\/tobias_ulbrich-300x300.jpg 300w, https:\/\/ru.law\/wp-content\/uploads\/2020\/09\/tobias_ulbrich-150x150.jpg 150w, https:\/\/ru.law\/wp-content\/uploads\/2020\/09\/tobias_ulbrich-768x768.jpg 768w, https:\/\/ru.law\/wp-content\/uploads\/2020\/09\/tobias_ulbrich-500x500.jpg 500w\" sizes=\"auto, (max-width: 800px) 100vw, 800px\" \/><\/figure>\n<\/div>\n\n\n\n<div class=\"wp-block-column is-vertically-aligned-center ghostkit-custom-ZGkKKI is-layout-flow wp-block-column-is-layout-flow\" style=\"flex-basis:80%\">\n<p>&quot;It is important to know that no car manufacturer and not even the Federal Motor Transport Authority can take a vehicle out of service! Please do not trust any information like this on the manufacturer&#039;s website or in workshops. You only have to react when you receive a letter from your local road traffic authority, not before!&quot;<\/p>\n\n\n\n<p class=\"has-text-align-left\"><em>partner Tobias Ulbrich<\/em><\/p>\n<\/div>\n<\/div>\n\n\n\n<p>But why do workshops and manufacturers want to entice customers to update their software?<\/p>\n\n\n\n<p>Quite simply, it makes it more difficult to provide evidence in court. If evidence is to be taken in a trial as to whether an illegal switch-off device was installed before the update, it is not so easy to determine how the software was programmed before the update. The car manufacturer being sued must then help with this, because only they know what was subsequently installed. This is then usually refused under flimsy excuses.<\/p>\n\n\n\n\n\n<p>This is how the <a href=\"https:\/\/ru.law\/en\/expertise\/abgasskandal\/mercedes-benz-diesel\/\" target=\"_blank\" rel=\"noreferrer noopener\">Daimler AG<\/a> in a case that it was a matter of business and trade secrets that could not be disclosed. In this case, however, the court did not accept this. The Stuttgart Regional Court used this very reason to hang the car manufacturer and sentenced Daimler to <strong>repayment of the purchase price of EUR 45,000 <\/strong>minus usage compensation for kilometers driven. In the ruling, the Stuttgart judges stated that Daimler&#039;s operational and business secrets must also be disclosed. (LG Stuttgart, Az.14 O 89\/20, ruling of October 9, 2020). It remains to be hoped that more judges will agree with this view.<\/p>\n\n\n\n<section class=\"wp-block-uagb-columns uagb-columns__wrap uagb-columns__background-undefined uagb-columns__stack-mobile uagb-columns__valign-undefined uagb-columns__gap-10 alignundefined uagb-block-a63b8d4d contrast blog_beitraege\"><div class=\"uagb-columns__overlay\"><\/div><div class=\"uagb-columns__inner-wrap uagb-columns__columns-1\">\n<div class=\"wp-block-uagb-column uagb-column__wrap uagb-column__background-undefined uagb-block-6e00ddba\"><div class=\"uagb-column__overlay\"><\/div><div class=\"uagb-column__inner-wrap\">\n<h3 class=\"wp-block-heading\" id=\"das-konnte-sie-auch-interessieren\">You might also be interested in:<\/h3>\n\n\n\n\t\t\t<div class=\"wp-block-uagb-post-grid uagb-post-grid  uagb-post__image-position-top uagb-post__image-enabled uagb-block-ff875f2e     uagb-post__items uagb-post__columns-3 is-grid uagb-post__columns-tablet-2 uagb-post__columns-mobile-1 uagb-post__equal-height\" data-total=\"3\" style=\"\">\n\n\t\t\t\t\t\t\t\t\t\t\t\t<article class=\"uagb-post__inner-wrap\">\t\t\t\t\t\t\t\t<div class='uagb-post__image'>\n\t\t\t\t\t\t\t\t\t<a href=\"https:\/\/ru.law\/en\/diesel-ueberholt-benzinpreis-jetzt-erst-recht\/\" target=\"_self\" rel=\"bookmark noopener noreferrer\" class='uagb-image-ratio-inherit'><img loading=\"lazy\" decoding=\"async\" width=\"1024\" height=\"576\" src=\"https:\/\/ru.law\/wp-content\/uploads\/2022\/03\/2021-News-Header-1200x675-2972-1024x576.jpg\" class=\"attachment-large size-large\" alt=\"Rogert-Ulbrich-Rechtsanwaelte-Kanzlei-Diesel-Benzin-Preise\" srcset=\"https:\/\/ru.law\/wp-content\/uploads\/2022\/03\/2021-News-Header-1200x675-2972-1024x576.jpg 1024w, https:\/\/ru.law\/wp-content\/uploads\/2022\/03\/2021-News-Header-1200x675-2972-300x169.jpg 300w, https:\/\/ru.law\/wp-content\/uploads\/2022\/03\/2021-News-Header-1200x675-2972-768x432.jpg 768w, https:\/\/ru.law\/wp-content\/uploads\/2022\/03\/2021-News-Header-1200x675-2972.jpg 1200w\" sizes=\"auto, (max-width: 1024px) 100vw, 1024px\" \/>\t\t\t\t\t<\/a>\n\t\t\t\t\t\t\t<\/div>\n\t\t\t\t\t\t<h4 class=\"uagb-post__title uagb-post__text\">\n\t\t\t\t<a href=\"https:\/\/ru.law\/en\/diesel-ueberholt-benzinpreis-jetzt-erst-recht\/\" target=\"_self\" rel=\"bookmark noopener noreferrer\">Record prices for diesel - Now is the time to reverse your car<\/a>\n\t\t\t<\/h4>\n\t\t\t\t\t\t<div class='uagb-post__text uagb-post-grid-byline'>\n\t\t\t\t\t\t\t<\/div>\n\t\t\t\t\t\t\t<div class='uagb-post__text uagb-post__excerpt'>\n\t\t\t\t\t<p>Diesel is at a record high in Germany and petrol is also approaching a\u2026\t\t\t\t<\/div>\n\t\t\t\t\t\t<div class=\"uagb-post__text uagb-post__cta wp-block-button\">\n\t\t\t\t<a class=\"wp-block-button__link uagb-text-link\" style=\"\" href=\"https:\/\/ru.law\/en\/diesel-ueberholt-benzinpreis-jetzt-erst-recht\/\" target=\"_self\" rel=\"bookmark noopener noreferrer\">Read More<\/a>\n\t\t\t<\/div>\n\t\t\t\n\t\t\t\t\t\t\t\t<a class=\"uagb-post__link-complete-box\" href=\"https:\/\/ru.law\/en\/diesel-ueberholt-benzinpreis-jetzt-erst-recht\/\" target=\"_self\" rel=\"bookmark noopener noreferrer\"><\/a>\n\t\t\t\t\t\t\t<\/article>\n\t\t\t\t\t\t\t\t\t\t\t\t\t\t\t\t<article class=\"uagb-post__inner-wrap\">\t\t\t\t\t\t\t\t<div class='uagb-post__image'>\n\t\t\t\t\t\t\t\t\t<a href=\"https:\/\/ru.law\/en\/vtdi-abgasskandal-rund-um-vw-audi-und-porsche\/\" target=\"_self\" rel=\"bookmark noopener noreferrer\" class='uagb-image-ratio-inherit'><img loading=\"lazy\" decoding=\"async\" width=\"1024\" height=\"576\" src=\"https:\/\/ru.law\/wp-content\/uploads\/2022\/01\/Rogert-Ulbrich-Rechtsanwaelte-Kanzlei-Abgasskandal-Audi-Verjaehrung-2022-1024x576.jpg\" class=\"attachment-large size-large\" alt=\"\" srcset=\"https:\/\/ru.law\/wp-content\/uploads\/2022\/01\/Rogert-Ulbrich-Rechtsanwaelte-Kanzlei-Abgasskandal-Audi-Verjaehrung-2022-1024x576.jpg 1024w, https:\/\/ru.law\/wp-content\/uploads\/2022\/01\/Rogert-Ulbrich-Rechtsanwaelte-Kanzlei-Abgasskandal-Audi-Verjaehrung-2022-300x169.jpg 300w, https:\/\/ru.law\/wp-content\/uploads\/2022\/01\/Rogert-Ulbrich-Rechtsanwaelte-Kanzlei-Abgasskandal-Audi-Verjaehrung-2022-768x432.jpg 768w, https:\/\/ru.law\/wp-content\/uploads\/2022\/01\/Rogert-Ulbrich-Rechtsanwaelte-Kanzlei-Abgasskandal-Audi-Verjaehrung-2022.jpg 1200w\" sizes=\"auto, (max-width: 1024px) 100vw, 1024px\" \/>\t\t\t\t\t<\/a>\n\t\t\t\t\t\t\t<\/div>\n\t\t\t\t\t\t<h4 class=\"uagb-post__title uagb-post__text\">\n\t\t\t\t<a href=\"https:\/\/ru.law\/en\/vtdi-abgasskandal-rund-um-vw-audi-und-porsche\/\" target=\"_self\" rel=\"bookmark noopener noreferrer\">VTDI emissions scandal involving VW, Audi and Porsche<\/a>\n\t\t\t<\/h4>\n\t\t\t\t\t\t<div class='uagb-post__text uagb-post-grid-byline'>\n\t\t\t\t\t\t\t<\/div>\n\t\t\t\t\t\t\t<div class='uagb-post__text uagb-post__excerpt'>\n\t\t\t\t\t<p>For many German car manufacturers, the diesel emissions scandal is still omnipresent, including the VW Group\u2026\t\t\t\t<\/div>\n\t\t\t\t\t\t<div class=\"uagb-post__text uagb-post__cta wp-block-button\">\n\t\t\t\t<a class=\"wp-block-button__link uagb-text-link\" style=\"\" href=\"https:\/\/ru.law\/en\/vtdi-abgasskandal-rund-um-vw-audi-und-porsche\/\" target=\"_self\" rel=\"bookmark noopener noreferrer\">Read More<\/a>\n\t\t\t<\/div>\n\t\t\t\n\t\t\t\t\t\t\t\t<a class=\"uagb-post__link-complete-box\" href=\"https:\/\/ru.law\/en\/vtdi-abgasskandal-rund-um-vw-audi-und-porsche\/\" target=\"_self\" rel=\"bookmark noopener noreferrer\"><\/a>\n\t\t\t\t\t\t\t<\/article>\n\t\t\t\t\t\t\t\t\t\t\t\t\t\t\t\t<article class=\"uagb-post__inner-wrap\">\t\t\t\t\t\t\t\t<div class='uagb-post__image'>\n\t\t\t\t\t\t\t\t\t<a href=\"https:\/\/ru.law\/en\/olg-koeln-verurteilt-audi-ag\/\" target=\"_self\" rel=\"bookmark noopener noreferrer\" class='uagb-image-ratio-inherit'><img loading=\"lazy\" decoding=\"async\" width=\"1024\" height=\"576\" src=\"https:\/\/ru.law\/wp-content\/uploads\/2021\/09\/rogert-ulbrich-rechtsanwalt-kanzlei-abgasskandal-premium-modelle-porsche-42l-1024x576.jpg\" class=\"attachment-large size-large\" alt=\"\" srcset=\"https:\/\/ru.law\/wp-content\/uploads\/2021\/09\/rogert-ulbrich-rechtsanwalt-kanzlei-abgasskandal-premium-modelle-porsche-42l-1024x576.jpg 1024w, https:\/\/ru.law\/wp-content\/uploads\/2021\/09\/rogert-ulbrich-rechtsanwalt-kanzlei-abgasskandal-premium-modelle-porsche-42l-300x169.jpg 300w, https:\/\/ru.law\/wp-content\/uploads\/2021\/09\/rogert-ulbrich-rechtsanwalt-kanzlei-abgasskandal-premium-modelle-porsche-42l-768x432.jpg 768w, https:\/\/ru.law\/wp-content\/uploads\/2021\/09\/rogert-ulbrich-rechtsanwalt-kanzlei-abgasskandal-premium-modelle-porsche-42l.jpg 1200w\" sizes=\"auto, (max-width: 1024px) 100vw, 1024px\" \/>\t\t\t\t\t<\/a>\n\t\t\t\t\t\t\t<\/div>\n\t\t\t\t\t\t<h4 class=\"uagb-post__title uagb-post__text\">\n\t\t\t\t<a href=\"https:\/\/ru.law\/en\/olg-koeln-verurteilt-audi-ag\/\" target=\"_self\" rel=\"bookmark noopener noreferrer\">Audi AG ordered to take back a Porsche Cayenne S<\/a>\n\t\t\t<\/h4>\n\t\t\t\t\t\t<div class='uagb-post__text uagb-post-grid-byline'>\n\t\t\t\t\t\t\t<\/div>\n\t\t\t\t\t\t\t<div class='uagb-post__text uagb-post__excerpt'>\n\t\t\t\t\t<p>Audi AG was ordered by the Cologne Higher Regional Court to take back a Porsche Cayenne S 4.2l\u2026.\t\t\t\t<\/div>\n\t\t\t\t\t\t<div class=\"uagb-post__text uagb-post__cta wp-block-button\">\n\t\t\t\t<a class=\"wp-block-button__link uagb-text-link\" style=\"\" href=\"https:\/\/ru.law\/en\/olg-koeln-verurteilt-audi-ag\/\" target=\"_self\" rel=\"bookmark noopener noreferrer\">Read More<\/a>\n\t\t\t<\/div>\n\t\t\t\n\t\t\t\t\t\t\t\t<a class=\"uagb-post__link-complete-box\" href=\"https:\/\/ru.law\/en\/olg-koeln-verurteilt-audi-ag\/\" target=\"_self\" rel=\"bookmark noopener noreferrer\"><\/a>\n\t\t\t\t\t\t\t<\/article>\n\t\t\t\t\t\t\t\t\t\t\t<\/div>\n\t\t\t\n\n\n<p><\/p>\n<\/div><\/div>\n<\/div><\/section>","protected":false},"excerpt":{"rendered":"<p>Die R\u00fcckrufwelle bei Daimler ebbt nicht ab. Erst im Juni dieses Jahres wurden zahlreiche Mercedes Dieselmodelle der A- und B-Klasse, sowie der C-, E- und [&hellip;]<\/p>\n","protected":false},"author":21,"featured_media":9579,"comment_status":"closed","ping_status":"open","sticky":false,"template":"","format":"standard","meta":{"_uag_custom_page_level_css":"","site-sidebar-layout":"default","site-content-layout":"default","ast-site-content-layout":"default","site-content-style":"default","site-sidebar-style":"default","ast-global-header-display":"","ast-banner-title-visibility":"","ast-main-header-display":"","ast-hfb-above-header-display":"","ast-hfb-below-header-display":"","ast-hfb-mobile-header-display":"","site-post-title":"","ast-breadcrumbs-content":"","ast-featured-img":"","footer-sml-layout":"","ast-disable-related-posts":"","theme-transparent-header-meta":"default","adv-header-id-meta":"","stick-header-meta":"","header-above-stick-meta":"","header-main-stick-meta":"","header-below-stick-meta":"","astra-migrate-meta-layouts":"default","ast-page-background-enabled":"default","ast-page-background-meta":{"desktop":{"background-color":"","background-image":"","background-repeat":"repeat","background-position":"center center","background-size":"auto","background-attachment":"scroll","background-type":"","background-media":"","overlay-type":"","overlay-color":"","overlay-opacity":"","overlay-gradient":""},"tablet":{"background-color":"","background-image":"","background-repeat":"repeat","background-position":"center center","background-size":"auto","background-attachment":"scroll","background-type":"","background-media":"","overlay-type":"","overlay-color":"","overlay-opacity":"","overlay-gradient":""},"mobile":{"background-color":"","background-image":"","background-repeat":"repeat","background-position":"center center","background-size":"auto","background-attachment":"scroll","background-type":"","background-media":"","overlay-type":"","overlay-color":"","overlay-opacity":"","overlay-gradient":""}},"ast-content-background-meta":{"desktop":{"background-color":"var(--ast-global-color-5)","background-image":"","background-repeat":"repeat","background-position":"center center","background-size":"auto","background-attachment":"scroll","background-type":"","background-media":"","overlay-type":"","overlay-color":"","overlay-opacity":"","overlay-gradient":""},"tablet":{"background-color":"var(--ast-global-color-5)","background-image":"","background-repeat":"repeat","background-position":"center center","background-size":"auto","background-attachment":"scroll","background-type":"","background-media":"","overlay-type":"","overlay-color":"","overlay-opacity":"","overlay-gradient":""},"mobile":{"background-color":"var(--ast-global-color-5)","background-image":"","background-repeat":"repeat","background-position":"center center","background-size":"auto","background-attachment":"scroll","background-type":"","background-media":"","overlay-type":"","overlay-color":"","overlay-opacity":"","overlay-gradient":""}},"footnotes":""},"categories":[2],"tags":[133,35],"class_list":["post-9566","post","type-post","status-publish","format-standard","has-post-thumbnail","hentry","category-abgasskandal","tag-mercedes","tag-rueckruf"],"yoast_head":"<!-- This site is optimized with the Yoast SEO Premium plugin v27.4 (Yoast SEO v27.4) - https:\/\/yoast.com\/product\/yoast-seo-premium-wordpress\/ -->\n<title>Abgasskandal bei Daimler - Kaum noch ein Mercedes ohne R\u00fcckruf! - R&amp;U<\/title>\n<meta name=\"description\" content=\"Die R\u00fcckrufwelle bei Daimler ebbt nicht ab! Immer mehr Merecdes Modelle werden zur\u00fcckgerufen. Alle Informationen zu den Daimler R\u00fcckrufen.\" \/>\n<meta name=\"robots\" content=\"index, follow, max-snippet:-1, max-image-preview:large, max-video-preview:-1\" \/>\n<link rel=\"canonical\" href=\"https:\/\/ru.law\/en\/abgasskandal-daimler-mercedes-rueckruf\/\" \/>\n<meta property=\"og:locale\" content=\"en_GB\" \/>\n<meta property=\"og:type\" content=\"article\" \/>\n<meta property=\"og:title\" content=\"Abgasskandal bei Daimler - Kaum noch ein Mercedes ohne R\u00fcckruf!\" \/>\n<meta property=\"og:description\" content=\"Die R\u00fcckrufwelle bei Daimler ebbt nicht ab! Immer mehr Merecdes Modelle werden zur\u00fcckgerufen. Alle Informationen zu den Daimler R\u00fcckrufen.\" \/>\n<meta property=\"og:url\" content=\"https:\/\/ru.law\/en\/abgasskandal-daimler-mercedes-rueckruf\/\" \/>\n<meta property=\"og:site_name\" content=\"R&amp;U\" \/>\n<meta property=\"article:publisher\" content=\"https:\/\/www.facebook.com\/RogertUlbrich\/\" \/>\n<meta property=\"article:published_time\" content=\"2020-11-02T09:25:37+00:00\" \/>\n<meta property=\"article:modified_time\" content=\"2024-07-08T11:12:47+00:00\" \/>\n<meta property=\"og:image\" content=\"https:\/\/ru.law\/wp-content\/uploads\/2020\/10\/daimler-rueckruf-mercedes-software-update.jpg\" \/>\n\t<meta property=\"og:image:width\" content=\"1200\" \/>\n\t<meta property=\"og:image:height\" content=\"675\" \/>\n\t<meta property=\"og:image:type\" content=\"image\/jpeg\" \/>\n<meta name=\"author\" content=\"Marco Rogert\" \/>\n<meta name=\"twitter:card\" content=\"summary_large_image\" \/>\n<meta name=\"twitter:creator\" content=\"@RogertUlbrich\" \/>\n<meta name=\"twitter:site\" content=\"@RogertUlbrich\" \/>\n<script type=\"application\/ld+json\" class=\"yoast-schema-graph\">{\"@context\":\"https:\\\/\\\/schema.org\",\"@graph\":[{\"@type\":\"Article\",\"@id\":\"https:\\\/\\\/ru.law\\\/abgasskandal-daimler-mercedes-rueckruf\\\/#article\",\"isPartOf\":{\"@id\":\"https:\\\/\\\/ru.law\\\/abgasskandal-daimler-mercedes-rueckruf\\\/\"},\"author\":{\"name\":\"Marco Rogert\",\"@id\":\"https:\\\/\\\/ru.law\\\/#\\\/schema\\\/person\\\/b020d506e6bbc471b4565d3a98173b87\"},\"headline\":\"Abgasskandal bei Daimler &#8211; Kaum noch ein Mercedes ohne R\u00fcckruf!\",\"datePublished\":\"2020-11-02T09:25:37+00:00\",\"dateModified\":\"2024-07-08T11:12:47+00:00\",\"mainEntityOfPage\":{\"@id\":\"https:\\\/\\\/ru.law\\\/abgasskandal-daimler-mercedes-rueckruf\\\/\"},\"wordCount\":725,\"publisher\":{\"@id\":\"https:\\\/\\\/ru.law\\\/#organization\"},\"image\":{\"@id\":\"https:\\\/\\\/ru.law\\\/abgasskandal-daimler-mercedes-rueckruf\\\/#primaryimage\"},\"thumbnailUrl\":\"https:\\\/\\\/ru.law\\\/wp-content\\\/uploads\\\/2020\\\/10\\\/daimler-rueckruf-mercedes-software-update.jpg\",\"keywords\":[\"Mercedes\",\"R\u00fcckruf\"],\"articleSection\":[\"Abgasskandal\"],\"inLanguage\":\"en-GB\"},{\"@type\":\"WebPage\",\"@id\":\"https:\\\/\\\/ru.law\\\/abgasskandal-daimler-mercedes-rueckruf\\\/\",\"url\":\"https:\\\/\\\/ru.law\\\/abgasskandal-daimler-mercedes-rueckruf\\\/\",\"name\":\"Abgasskandal bei Daimler - Kaum noch ein Mercedes ohne R\u00fcckruf! - R&amp;U\",\"isPartOf\":{\"@id\":\"https:\\\/\\\/ru.law\\\/#website\"},\"primaryImageOfPage\":{\"@id\":\"https:\\\/\\\/ru.law\\\/abgasskandal-daimler-mercedes-rueckruf\\\/#primaryimage\"},\"image\":{\"@id\":\"https:\\\/\\\/ru.law\\\/abgasskandal-daimler-mercedes-rueckruf\\\/#primaryimage\"},\"thumbnailUrl\":\"https:\\\/\\\/ru.law\\\/wp-content\\\/uploads\\\/2020\\\/10\\\/daimler-rueckruf-mercedes-software-update.jpg\",\"datePublished\":\"2020-11-02T09:25:37+00:00\",\"dateModified\":\"2024-07-08T11:12:47+00:00\",\"description\":\"Die R\u00fcckrufwelle bei Daimler ebbt nicht ab! Immer mehr Merecdes Modelle werden zur\u00fcckgerufen. Alle Informationen zu den Daimler R\u00fcckrufen.\",\"breadcrumb\":{\"@id\":\"https:\\\/\\\/ru.law\\\/abgasskandal-daimler-mercedes-rueckruf\\\/#breadcrumb\"},\"inLanguage\":\"en-GB\",\"potentialAction\":[{\"@type\":\"ReadAction\",\"target\":[\"https:\\\/\\\/ru.law\\\/abgasskandal-daimler-mercedes-rueckruf\\\/\"]}]},{\"@type\":\"ImageObject\",\"inLanguage\":\"en-GB\",\"@id\":\"https:\\\/\\\/ru.law\\\/abgasskandal-daimler-mercedes-rueckruf\\\/#primaryimage\",\"url\":\"https:\\\/\\\/ru.law\\\/wp-content\\\/uploads\\\/2020\\\/10\\\/daimler-rueckruf-mercedes-software-update.jpg\",\"contentUrl\":\"https:\\\/\\\/ru.law\\\/wp-content\\\/uploads\\\/2020\\\/10\\\/daimler-rueckruf-mercedes-software-update.jpg\",\"width\":1200,\"height\":675,\"caption\":\"Daimler Rueckruf Mercedes Software-Update\"},{\"@type\":\"BreadcrumbList\",\"@id\":\"https:\\\/\\\/ru.law\\\/abgasskandal-daimler-mercedes-rueckruf\\\/#breadcrumb\",\"itemListElement\":[{\"@type\":\"ListItem\",\"position\":1,\"name\":\"Startseite\",\"item\":\"https:\\\/\\\/ru.law\\\/\"},{\"@type\":\"ListItem\",\"position\":2,\"name\":\"Abgasskandal bei Daimler &#8211; Kaum noch ein Mercedes ohne R\u00fcckruf!\"}]},{\"@type\":\"WebSite\",\"@id\":\"https:\\\/\\\/ru.law\\\/#website\",\"url\":\"https:\\\/\\\/ru.law\\\/\",\"name\":\"R&U\",\"description\":\"Verbraucheranw\u00e4lte\",\"publisher\":{\"@id\":\"https:\\\/\\\/ru.law\\\/#organization\"},\"alternateName\":\"Rogert & Ulbrich\",\"potentialAction\":[{\"@type\":\"SearchAction\",\"target\":{\"@type\":\"EntryPoint\",\"urlTemplate\":\"https:\\\/\\\/ru.law\\\/?s={search_term_string}\"},\"query-input\":{\"@type\":\"PropertyValueSpecification\",\"valueRequired\":true,\"valueName\":\"search_term_string\"}}],\"inLanguage\":\"en-GB\"},{\"@type\":\"Organization\",\"@id\":\"https:\\\/\\\/ru.law\\\/#organization\",\"name\":\"Kanzlei Rogert & Ulbrich\",\"url\":\"https:\\\/\\\/ru.law\\\/\",\"logo\":{\"@type\":\"ImageObject\",\"inLanguage\":\"en-GB\",\"@id\":\"https:\\\/\\\/ru.law\\\/#\\\/schema\\\/logo\\\/image\\\/\",\"url\":\"https:\\\/\\\/ru.law\\\/wp-content\\\/uploads\\\/2020\\\/12\\\/logo-ru-law.svg\",\"contentUrl\":\"https:\\\/\\\/ru.law\\\/wp-content\\\/uploads\\\/2020\\\/12\\\/logo-ru-law.svg\",\"width\":992,\"height\":259,\"caption\":\"Kanzlei Rogert & Ulbrich\"},\"image\":{\"@id\":\"https:\\\/\\\/ru.law\\\/#\\\/schema\\\/logo\\\/image\\\/\"},\"sameAs\":[\"https:\\\/\\\/www.facebook.com\\\/RogertUlbrich\\\/\",\"https:\\\/\\\/x.com\\\/RogertUlbrich\",\"https:\\\/\\\/www.instagram.com\\\/rogertulbrich\\\/\",\"https:\\\/\\\/www.linkedin.com\\\/company\\\/rogert-ulbrich\\\/\",\"https:\\\/\\\/www.youtube.com\\\/channel\\\/UCganCgpvwpPFqMFf1vVmG2A\"]},{\"@type\":\"Person\",\"@id\":\"https:\\\/\\\/ru.law\\\/#\\\/schema\\\/person\\\/b020d506e6bbc471b4565d3a98173b87\",\"name\":\"Marco Rogert\",\"url\":\"https:\\\/\\\/ru.law\\\/en\\\/author\\\/rogertru-law\\\/\"}]}<\/script>\n<!-- \/ Yoast SEO Premium plugin. -->","yoast_head_json":{"title":"Daimler emissions scandal \u2013 hardly a Mercedes goes by without a recall! \u2013 R&amp;U","description":"The Daimler recall wave continues! More and more Mercedes models are being recalled. All information on the Daimler recalls.","robots":{"index":"index","follow":"follow","max-snippet":"max-snippet:-1","max-image-preview":"max-image-preview:large","max-video-preview":"max-video-preview:-1"},"canonical":"https:\/\/ru.law\/en\/abgasskandal-daimler-mercedes-rueckruf\/","og_locale":"en_GB","og_type":"article","og_title":"Abgasskandal bei Daimler - Kaum noch ein Mercedes ohne R\u00fcckruf!","og_description":"Die R\u00fcckrufwelle bei Daimler ebbt nicht ab! Immer mehr Merecdes Modelle werden zur\u00fcckgerufen. Alle Informationen zu den Daimler R\u00fcckrufen.","og_url":"https:\/\/ru.law\/en\/abgasskandal-daimler-mercedes-rueckruf\/","og_site_name":"R&amp;U","article_publisher":"https:\/\/www.facebook.com\/RogertUlbrich\/","article_published_time":"2020-11-02T09:25:37+00:00","article_modified_time":"2024-07-08T11:12:47+00:00","og_image":[{"width":1200,"height":675,"url":"https:\/\/ru.law\/wp-content\/uploads\/2020\/10\/daimler-rueckruf-mercedes-software-update.jpg","type":"image\/jpeg"}],"author":"Marco Rogert","twitter_card":"summary_large_image","twitter_creator":"@RogertUlbrich","twitter_site":"@RogertUlbrich","schema":{"@context":"https:\/\/schema.org","@graph":[{"@type":"Article","@id":"https:\/\/ru.law\/abgasskandal-daimler-mercedes-rueckruf\/#article","isPartOf":{"@id":"https:\/\/ru.law\/abgasskandal-daimler-mercedes-rueckruf\/"},"author":{"name":"Marco Rogert","@id":"https:\/\/ru.law\/#\/schema\/person\/b020d506e6bbc471b4565d3a98173b87"},"headline":"Abgasskandal bei Daimler &#8211; Kaum noch ein Mercedes ohne R\u00fcckruf!","datePublished":"2020-11-02T09:25:37+00:00","dateModified":"2024-07-08T11:12:47+00:00","mainEntityOfPage":{"@id":"https:\/\/ru.law\/abgasskandal-daimler-mercedes-rueckruf\/"},"wordCount":725,"publisher":{"@id":"https:\/\/ru.law\/#organization"},"image":{"@id":"https:\/\/ru.law\/abgasskandal-daimler-mercedes-rueckruf\/#primaryimage"},"thumbnailUrl":"https:\/\/ru.law\/wp-content\/uploads\/2020\/10\/daimler-rueckruf-mercedes-software-update.jpg","keywords":["Mercedes","R\u00fcckruf"],"articleSection":["Abgasskandal"],"inLanguage":"en-GB"},{"@type":"WebPage","@id":"https:\/\/ru.law\/abgasskandal-daimler-mercedes-rueckruf\/","url":"https:\/\/ru.law\/abgasskandal-daimler-mercedes-rueckruf\/","name":"Daimler emissions scandal \u2013 hardly a Mercedes goes by without a recall! \u2013 R&amp;U","isPartOf":{"@id":"https:\/\/ru.law\/#website"},"primaryImageOfPage":{"@id":"https:\/\/ru.law\/abgasskandal-daimler-mercedes-rueckruf\/#primaryimage"},"image":{"@id":"https:\/\/ru.law\/abgasskandal-daimler-mercedes-rueckruf\/#primaryimage"},"thumbnailUrl":"https:\/\/ru.law\/wp-content\/uploads\/2020\/10\/daimler-rueckruf-mercedes-software-update.jpg","datePublished":"2020-11-02T09:25:37+00:00","dateModified":"2024-07-08T11:12:47+00:00","description":"The Daimler recall wave continues! More and more Mercedes models are being recalled. All information on the Daimler recalls.","breadcrumb":{"@id":"https:\/\/ru.law\/abgasskandal-daimler-mercedes-rueckruf\/#breadcrumb"},"inLanguage":"en-GB","potentialAction":[{"@type":"ReadAction","target":["https:\/\/ru.law\/abgasskandal-daimler-mercedes-rueckruf\/"]}]},{"@type":"ImageObject","inLanguage":"en-GB","@id":"https:\/\/ru.law\/abgasskandal-daimler-mercedes-rueckruf\/#primaryimage","url":"https:\/\/ru.law\/wp-content\/uploads\/2020\/10\/daimler-rueckruf-mercedes-software-update.jpg","contentUrl":"https:\/\/ru.law\/wp-content\/uploads\/2020\/10\/daimler-rueckruf-mercedes-software-update.jpg","width":1200,"height":675,"caption":"Daimler Rueckruf Mercedes Software-Update"},{"@type":"BreadcrumbList","@id":"https:\/\/ru.law\/abgasskandal-daimler-mercedes-rueckruf\/#breadcrumb","itemListElement":[{"@type":"ListItem","position":1,"name":"Startseite","item":"https:\/\/ru.law\/"},{"@type":"ListItem","position":2,"name":"Abgasskandal bei Daimler &#8211; Kaum noch ein Mercedes ohne R\u00fcckruf!"}]},{"@type":"WebSite","@id":"https:\/\/ru.law\/#website","url":"https:\/\/ru.law\/","name":"R&amp;U","description":"Consumer lawyers","publisher":{"@id":"https:\/\/ru.law\/#organization"},"alternateName":"Rogert & Ulbrich","potentialAction":[{"@type":"SearchAction","target":{"@type":"EntryPoint","urlTemplate":"https:\/\/ru.law\/?s={search_term_string}"},"query-input":{"@type":"PropertyValueSpecification","valueRequired":true,"valueName":"search_term_string"}}],"inLanguage":"en-GB"},{"@type":"Organization","@id":"https:\/\/ru.law\/#organization","name":"Rogert &amp; Ulbrich Law Firm","url":"https:\/\/ru.law\/","logo":{"@type":"ImageObject","inLanguage":"en-GB","@id":"https:\/\/ru.law\/#\/schema\/logo\/image\/","url":"https:\/\/ru.law\/wp-content\/uploads\/2020\/12\/logo-ru-law.svg","contentUrl":"https:\/\/ru.law\/wp-content\/uploads\/2020\/12\/logo-ru-law.svg","width":992,"height":259,"caption":"Kanzlei Rogert & Ulbrich"},"image":{"@id":"https:\/\/ru.law\/#\/schema\/logo\/image\/"},"sameAs":["https:\/\/www.facebook.com\/RogertUlbrich\/","https:\/\/x.com\/RogertUlbrich","https:\/\/www.instagram.com\/rogertulbrich\/","https:\/\/www.linkedin.com\/company\/rogert-ulbrich\/","https:\/\/www.youtube.com\/channel\/UCganCgpvwpPFqMFf1vVmG2A"]},{"@type":"Person","@id":"https:\/\/ru.law\/#\/schema\/person\/b020d506e6bbc471b4565d3a98173b87","name":"Marco Rogert","url":"https:\/\/ru.law\/en\/author\/rogertru-law\/"}]}},"uagb_featured_image_src":{"full":["https:\/\/ru.law\/wp-content\/uploads\/2020\/10\/daimler-rueckruf-mercedes-software-update.jpg",1200,675,false],"thumbnail":["https:\/\/ru.law\/wp-content\/uploads\/2020\/10\/daimler-rueckruf-mercedes-software-update-150x150.jpg",96,96,true],"medium":["https:\/\/ru.law\/wp-content\/uploads\/2020\/10\/daimler-rueckruf-mercedes-software-update-300x169.jpg",300,169,true],"medium_large":["https:\/\/ru.law\/wp-content\/uploads\/2020\/10\/daimler-rueckruf-mercedes-software-update-768x432.jpg",768,432,true],"large":["https:\/\/ru.law\/wp-content\/uploads\/2020\/10\/daimler-rueckruf-mercedes-software-update-1024x576.jpg",1024,576,true],"1536x1536":["https:\/\/ru.law\/wp-content\/uploads\/2020\/10\/daimler-rueckruf-mercedes-software-update.jpg",1200,675,false],"2048x2048":["https:\/\/ru.law\/wp-content\/uploads\/2020\/10\/daimler-rueckruf-mercedes-software-update.jpg",1200,675,false],"trp-custom-language-flag":["https:\/\/ru.law\/wp-content\/uploads\/2020\/10\/daimler-rueckruf-mercedes-software-update.jpg",18,10,false]},"uagb_author_info":{"display_name":"Marco Rogert","author_link":"https:\/\/ru.law\/en\/author\/rogertru-law\/"},"uagb_comment_info":0,"uagb_excerpt":"Die R\u00fcckrufwelle bei Daimler ebbt nicht ab. Erst im Juni dieses Jahres wurden zahlreiche Mercedes Dieselmodelle der A- und B-Klasse, sowie der C-, E- und [&hellip;]","_links":{"self":[{"href":"https:\/\/ru.law\/en\/wp-json\/wp\/v2\/posts\/9566","targetHints":{"allow":["GET"]}}],"collection":[{"href":"https:\/\/ru.law\/en\/wp-json\/wp\/v2\/posts"}],"about":[{"href":"https:\/\/ru.law\/en\/wp-json\/wp\/v2\/types\/post"}],"author":[{"embeddable":true,"href":"https:\/\/ru.law\/en\/wp-json\/wp\/v2\/users\/21"}],"replies":[{"embeddable":true,"href":"https:\/\/ru.law\/en\/wp-json\/wp\/v2\/comments?post=9566"}],"version-history":[{"count":0,"href":"https:\/\/ru.law\/en\/wp-json\/wp\/v2\/posts\/9566\/revisions"}],"wp:featuredmedia":[{"embeddable":true,"href":"https:\/\/ru.law\/en\/wp-json\/wp\/v2\/media\/9579"}],"wp:attachment":[{"href":"https:\/\/ru.law\/en\/wp-json\/wp\/v2\/media?parent=9566"}],"wp:term":[{"taxonomy":"category","embeddable":true,"href":"https:\/\/ru.law\/en\/wp-json\/wp\/v2\/categories?post=9566"},{"taxonomy":"post_tag","embeddable":true,"href":"https:\/\/ru.law\/en\/wp-json\/wp\/v2\/tags?post=9566"}],"curies":[{"name":"wp","href":"https:\/\/api.w.org\/{rel}","templated":true}]}}