{"id":94719,"date":"2025-11-11T09:44:23","date_gmt":"2025-11-11T08:44:23","guid":{"rendered":"https:\/\/ru.law\/?p=94719"},"modified":"2025-11-13T14:24:59","modified_gmt":"2025-11-13T13:24:59","slug":"olg-jena-verurteilt-mercedes-benz-im-dieselverfahren-klaeger-erhaelt-schadensersatz-wegen-unzulaessiger-abschalteinrichtung","status":"publish","type":"post","link":"https:\/\/ru.law\/en\/olg-jena-verurteilt-mercedes-benz-im-dieselverfahren-klaeger-erhaelt-schadensersatz-wegen-unzulaessiger-abschalteinrichtung\/","title":{"rendered":"Jena Higher Regional Court convicts Mercedes-Benz in diesel case \u2013 plaintiff receives damages due to illegal defeat device"},"content":{"rendered":"<p>The Thuringian Higher Regional Court in Jena (case no. 10 U 49\/24) ruled on <strong>November 4, 2025<\/strong> A verdict favorable to consumers has been reached in the diesel emissions scandal: The <strong>Mercedes-Benz Group AG<\/strong> was ordered to pay the plaintiff <strong>\u20ac5,133.02 in damages<\/strong> to pay.<\/p>\n\n\n\n<p>The case concerns a <strong>Mercedes GLC 220 d 4Matic<\/strong> with the <strong>OM 651 diesel engine<\/strong>. The vehicle was equipped with a <strong>SCR system<\/strong> equipped for exhaust gas purification using AdBlue. However, in the court&#039;s opinion, the specific design of the SCR control \u2013 in particular the switching logic between different dosing modes \u2013 constituted a <strong>impermissible shutdown device<\/strong> This led to exhaust gas purification being restricted under certain conditions, which could result in higher nitrogen oxide levels in real-world driving than on the test bench.<\/p>\n\n\n\n<p>The plaintiff, represented by the <strong>Rogert &amp; Ulbrich Law Firm<\/strong>, Mercedes-Benz subsequently demanded damages. While the Erfurt Regional Court had already ruled in favor of the buyer in the first instance, Mercedes-Benz appealed \u2013 but without success. The Jena Higher Regional Court essentially upheld the first-instance ruling and clarified that Mercedes was liable to the plaintiff for damages based on a <strong>negligent violation of Section 823 Paragraph 2 of the German Civil Code (BGB) in conjunction with Sections 6 and 27 of the EC Vehicle Approval Regulation (EG-FGV)<\/strong> liable.<\/p>\n\n\n\n<p>The judges considered it proven that Mercedes had failed to provide the buyer with a <strong>incorrect certificate of conformity<\/strong> The company had been granted a permit because the vehicle had been put into circulation with an illegal emissions control system. Neither the approval by the Federal Motor Transport Authority (KBA) nor the subsequent software update changed the liability. The company&#039;s attempt to plead a so-called mistake of law was also unsuccessful.<\/p>\n\n\n\n<h2 class=\"wp-block-heading\" id=\"h-fazit\">Conclusion<\/h2>\n\n\n\n<p>The ruling is another important victory for affected diesel owners. It shows that even after software updates, manufacturers remain liable if the exhaust gas purification system continues to be technically manipulated. Affected buyers can therefore continue to successfully pursue their claims. <strong>Claims for damages against Mercedes-Benz<\/strong> assert your claim.<\/p>","protected":false},"excerpt":{"rendered":"<p>Das Th\u00fcringer Oberlandesgericht in Jena (Az. 10 U 49\/24) hat am 4. November 2025 ein f\u00fcr Verbraucher erfreuliches Urteil im Diesel-Abgasskandal gef\u00e4llt: Die Mercedes-Benz Group [&hellip;]<\/p>\n","protected":false},"author":2,"featured_media":94720,"comment_status":"closed","ping_status":"open","sticky":false,"template":"","format":"standard","meta":{"_uag_custom_page_level_css":"","site-sidebar-layout":"default","site-content-layout":"","ast-site-content-layout":"default","site-content-style":"default","site-sidebar-style":"default","ast-global-header-display":"","ast-banner-title-visibility":"","ast-main-header-display":"","ast-hfb-above-header-display":"","ast-hfb-below-header-display":"","ast-hfb-mobile-header-display":"","site-post-title":"","ast-breadcrumbs-content":"","ast-featured-img":"","footer-sml-layout":"","ast-disable-related-posts":"","theme-transparent-header-meta":"","adv-header-id-meta":"","stick-header-meta":"","header-above-stick-meta":"","header-main-stick-meta":"","header-below-stick-meta":"","astra-migrate-meta-layouts":"set","ast-page-background-enabled":"default","ast-page-background-meta":{"desktop":{"background-color":"","background-image":"","background-repeat":"repeat","background-position":"center center","background-size":"auto","background-attachment":"scroll","background-type":"","background-media":"","overlay-type":"","overlay-color":"","overlay-opacity":"","overlay-gradient":""},"tablet":{"background-color":"","background-image":"","background-repeat":"repeat","background-position":"center center","background-size":"auto","background-attachment":"scroll","background-type":"","background-media":"","overlay-type":"","overlay-color":"","overlay-opacity":"","overlay-gradient":""},"mobile":{"background-color":"","background-image":"","background-repeat":"repeat","background-position":"center center","background-size":"auto","background-attachment":"scroll","background-type":"","background-media":"","overlay-type":"","overlay-color":"","overlay-opacity":"","overlay-gradient":""}},"ast-content-background-meta":{"desktop":{"background-color":"var(--ast-global-color-5)","background-image":"","background-repeat":"repeat","background-position":"center center","background-size":"auto","background-attachment":"scroll","background-type":"","background-media":"","overlay-type":"","overlay-color":"","overlay-opacity":"","overlay-gradient":""},"tablet":{"background-color":"var(--ast-global-color-5)","background-image":"","background-repeat":"repeat","background-position":"center center","background-size":"auto","background-attachment":"scroll","background-type":"","background-media":"","overlay-type":"","overlay-color":"","overlay-opacity":"","overlay-gradient":""},"mobile":{"background-color":"var(--ast-global-color-5)","background-image":"","background-repeat":"repeat","background-position":"center center","background-size":"auto","background-attachment":"scroll","background-type":"","background-media":"","overlay-type":"","overlay-color":"","overlay-opacity":"","overlay-gradient":""}},"footnotes":""},"categories":[1320,507],"tags":[895,1402,1403,37],"class_list":["post-94719","post","type-post","status-publish","format-standard","has-post-thumbnail","hentry","category-automotive","category-urteile","tag-abschalteinrichtung","tag-mercedes-diesel-urteil","tag-olg-jena","tag-schadensersatz"],"yoast_head":"<!-- This site is optimized with the Yoast SEO Premium plugin v27.4 (Yoast SEO v27.4) - https:\/\/yoast.com\/product\/yoast-seo-premium-wordpress\/ -->\n<title>OLG Jena verurteilt Mercedes-Benz im Dieselverfahren \u2013 Kl\u00e4ger erh\u00e4lt Schadensersatz wegen unzul\u00e4ssiger Abschalteinrichtung - R&amp;U<\/title>\n<meta name=\"description\" content=\"OLG Jena verurteilt Mercedes-Benz: 5.133,02 \u20ac Schadensersatz wegen unzul\u00e4ssiger Abschalteinrichtung \u2013 Erfolg f\u00fcr Dieselk\u00e4ufer.\" \/>\n<meta name=\"robots\" content=\"index, follow, max-snippet:-1, max-image-preview:large, max-video-preview:-1\" \/>\n<link rel=\"canonical\" href=\"https:\/\/ru.law\/en\/olg-jena-verurteilt-mercedes-benz-im-dieselverfahren-klaeger-erhaelt-schadensersatz-wegen-unzulaessiger-abschalteinrichtung\/\" \/>\n<meta property=\"og:locale\" content=\"en_GB\" \/>\n<meta property=\"og:type\" content=\"article\" \/>\n<meta property=\"og:title\" content=\"OLG Jena verurteilt Mercedes-Benz im Dieselverfahren \u2013 Kl\u00e4ger erh\u00e4lt Schadensersatz wegen unzul\u00e4ssiger Abschalteinrichtung\" \/>\n<meta property=\"og:description\" content=\"OLG Jena verurteilt Mercedes-Benz: 5.133,02 \u20ac Schadensersatz wegen unzul\u00e4ssiger Abschalteinrichtung \u2013 Erfolg f\u00fcr Dieselk\u00e4ufer.\" \/>\n<meta property=\"og:url\" content=\"https:\/\/ru.law\/en\/olg-jena-verurteilt-mercedes-benz-im-dieselverfahren-klaeger-erhaelt-schadensersatz-wegen-unzulaessiger-abschalteinrichtung\/\" \/>\n<meta property=\"og:site_name\" content=\"R&amp;U\" \/>\n<meta property=\"article:publisher\" content=\"https:\/\/www.facebook.com\/RogertUlbrich\/\" \/>\n<meta property=\"article:published_time\" content=\"2025-11-11T08:44:23+00:00\" \/>\n<meta property=\"article:modified_time\" content=\"2025-11-13T13:24:59+00:00\" \/>\n<meta property=\"og:image\" content=\"https:\/\/ru.law\/wp-content\/uploads\/2025\/11\/AdobeStock_302279500-scaled.jpeg\" \/>\n\t<meta property=\"og:image:width\" content=\"2560\" \/>\n\t<meta property=\"og:image:height\" content=\"1140\" \/>\n\t<meta property=\"og:image:type\" content=\"image\/jpeg\" \/>\n<meta name=\"author\" content=\"Stefan Selge\" \/>\n<meta name=\"twitter:card\" content=\"summary_large_image\" \/>\n<meta name=\"twitter:creator\" content=\"@RogertUlbrich\" \/>\n<meta name=\"twitter:site\" content=\"@RogertUlbrich\" \/>\n<script type=\"application\/ld+json\" class=\"yoast-schema-graph\">{\"@context\":\"https:\\\/\\\/schema.org\",\"@graph\":[{\"@type\":\"Article\",\"@id\":\"https:\\\/\\\/ru.law\\\/olg-jena-verurteilt-mercedes-benz-im-dieselverfahren-klaeger-erhaelt-schadensersatz-wegen-unzulaessiger-abschalteinrichtung\\\/#article\",\"isPartOf\":{\"@id\":\"https:\\\/\\\/ru.law\\\/olg-jena-verurteilt-mercedes-benz-im-dieselverfahren-klaeger-erhaelt-schadensersatz-wegen-unzulaessiger-abschalteinrichtung\\\/\"},\"author\":{\"name\":\"Stefan Selge\",\"@id\":\"https:\\\/\\\/ru.law\\\/#\\\/schema\\\/person\\\/10e5b85e615f8a9d0bb96174432e1e1a\"},\"headline\":\"OLG Jena verurteilt Mercedes-Benz im Dieselverfahren \u2013 Kl\u00e4ger erh\u00e4lt Schadensersatz wegen unzul\u00e4ssiger Abschalteinrichtung\",\"datePublished\":\"2025-11-11T08:44:23+00:00\",\"dateModified\":\"2025-11-13T13:24:59+00:00\",\"mainEntityOfPage\":{\"@id\":\"https:\\\/\\\/ru.law\\\/olg-jena-verurteilt-mercedes-benz-im-dieselverfahren-klaeger-erhaelt-schadensersatz-wegen-unzulaessiger-abschalteinrichtung\\\/\"},\"wordCount\":297,\"publisher\":{\"@id\":\"https:\\\/\\\/ru.law\\\/#organization\"},\"image\":{\"@id\":\"https:\\\/\\\/ru.law\\\/olg-jena-verurteilt-mercedes-benz-im-dieselverfahren-klaeger-erhaelt-schadensersatz-wegen-unzulaessiger-abschalteinrichtung\\\/#primaryimage\"},\"thumbnailUrl\":\"https:\\\/\\\/ru.law\\\/wp-content\\\/uploads\\\/2025\\\/11\\\/AdobeStock_302279500-scaled.jpeg\",\"keywords\":[\"Abschalteinrichtung\",\"Mercedes Diesel Urteil\",\"OLG Jena\",\"Schadensersatz\"],\"articleSection\":[\"Automotive\",\"Urteile\"],\"inLanguage\":\"en-GB\"},{\"@type\":\"WebPage\",\"@id\":\"https:\\\/\\\/ru.law\\\/olg-jena-verurteilt-mercedes-benz-im-dieselverfahren-klaeger-erhaelt-schadensersatz-wegen-unzulaessiger-abschalteinrichtung\\\/\",\"url\":\"https:\\\/\\\/ru.law\\\/olg-jena-verurteilt-mercedes-benz-im-dieselverfahren-klaeger-erhaelt-schadensersatz-wegen-unzulaessiger-abschalteinrichtung\\\/\",\"name\":\"OLG Jena verurteilt Mercedes-Benz im Dieselverfahren \u2013 Kl\u00e4ger erh\u00e4lt Schadensersatz wegen unzul\u00e4ssiger Abschalteinrichtung - R&amp;U\",\"isPartOf\":{\"@id\":\"https:\\\/\\\/ru.law\\\/#website\"},\"primaryImageOfPage\":{\"@id\":\"https:\\\/\\\/ru.law\\\/olg-jena-verurteilt-mercedes-benz-im-dieselverfahren-klaeger-erhaelt-schadensersatz-wegen-unzulaessiger-abschalteinrichtung\\\/#primaryimage\"},\"image\":{\"@id\":\"https:\\\/\\\/ru.law\\\/olg-jena-verurteilt-mercedes-benz-im-dieselverfahren-klaeger-erhaelt-schadensersatz-wegen-unzulaessiger-abschalteinrichtung\\\/#primaryimage\"},\"thumbnailUrl\":\"https:\\\/\\\/ru.law\\\/wp-content\\\/uploads\\\/2025\\\/11\\\/AdobeStock_302279500-scaled.jpeg\",\"datePublished\":\"2025-11-11T08:44:23+00:00\",\"dateModified\":\"2025-11-13T13:24:59+00:00\",\"description\":\"OLG Jena verurteilt Mercedes-Benz: 5.133,02 \u20ac Schadensersatz wegen unzul\u00e4ssiger Abschalteinrichtung \u2013 Erfolg f\u00fcr Dieselk\u00e4ufer.\",\"breadcrumb\":{\"@id\":\"https:\\\/\\\/ru.law\\\/olg-jena-verurteilt-mercedes-benz-im-dieselverfahren-klaeger-erhaelt-schadensersatz-wegen-unzulaessiger-abschalteinrichtung\\\/#breadcrumb\"},\"inLanguage\":\"en-GB\",\"potentialAction\":[{\"@type\":\"ReadAction\",\"target\":[\"https:\\\/\\\/ru.law\\\/olg-jena-verurteilt-mercedes-benz-im-dieselverfahren-klaeger-erhaelt-schadensersatz-wegen-unzulaessiger-abschalteinrichtung\\\/\"]}]},{\"@type\":\"ImageObject\",\"inLanguage\":\"en-GB\",\"@id\":\"https:\\\/\\\/ru.law\\\/olg-jena-verurteilt-mercedes-benz-im-dieselverfahren-klaeger-erhaelt-schadensersatz-wegen-unzulaessiger-abschalteinrichtung\\\/#primaryimage\",\"url\":\"https:\\\/\\\/ru.law\\\/wp-content\\\/uploads\\\/2025\\\/11\\\/AdobeStock_302279500-scaled.jpeg\",\"contentUrl\":\"https:\\\/\\\/ru.law\\\/wp-content\\\/uploads\\\/2025\\\/11\\\/AdobeStock_302279500-scaled.jpeg\",\"width\":2560,\"height\":1140},{\"@type\":\"BreadcrumbList\",\"@id\":\"https:\\\/\\\/ru.law\\\/olg-jena-verurteilt-mercedes-benz-im-dieselverfahren-klaeger-erhaelt-schadensersatz-wegen-unzulaessiger-abschalteinrichtung\\\/#breadcrumb\",\"itemListElement\":[{\"@type\":\"ListItem\",\"position\":1,\"name\":\"Startseite\",\"item\":\"https:\\\/\\\/ru.law\\\/\"},{\"@type\":\"ListItem\",\"position\":2,\"name\":\"OLG Jena verurteilt Mercedes-Benz im Dieselverfahren \u2013 Kl\u00e4ger erh\u00e4lt Schadensersatz wegen unzul\u00e4ssiger Abschalteinrichtung\"}]},{\"@type\":\"WebSite\",\"@id\":\"https:\\\/\\\/ru.law\\\/#website\",\"url\":\"https:\\\/\\\/ru.law\\\/\",\"name\":\"R&U\",\"description\":\"Verbraucheranw\u00e4lte\",\"publisher\":{\"@id\":\"https:\\\/\\\/ru.law\\\/#organization\"},\"alternateName\":\"Rogert & Ulbrich\",\"potentialAction\":[{\"@type\":\"SearchAction\",\"target\":{\"@type\":\"EntryPoint\",\"urlTemplate\":\"https:\\\/\\\/ru.law\\\/?s={search_term_string}\"},\"query-input\":{\"@type\":\"PropertyValueSpecification\",\"valueRequired\":true,\"valueName\":\"search_term_string\"}}],\"inLanguage\":\"en-GB\"},{\"@type\":\"Organization\",\"@id\":\"https:\\\/\\\/ru.law\\\/#organization\",\"name\":\"Kanzlei Rogert & Ulbrich\",\"url\":\"https:\\\/\\\/ru.law\\\/\",\"logo\":{\"@type\":\"ImageObject\",\"inLanguage\":\"en-GB\",\"@id\":\"https:\\\/\\\/ru.law\\\/#\\\/schema\\\/logo\\\/image\\\/\",\"url\":\"https:\\\/\\\/ru.law\\\/wp-content\\\/uploads\\\/2020\\\/12\\\/logo-ru-law.svg\",\"contentUrl\":\"https:\\\/\\\/ru.law\\\/wp-content\\\/uploads\\\/2020\\\/12\\\/logo-ru-law.svg\",\"width\":992,\"height\":259,\"caption\":\"Kanzlei Rogert & Ulbrich\"},\"image\":{\"@id\":\"https:\\\/\\\/ru.law\\\/#\\\/schema\\\/logo\\\/image\\\/\"},\"sameAs\":[\"https:\\\/\\\/www.facebook.com\\\/RogertUlbrich\\\/\",\"https:\\\/\\\/x.com\\\/RogertUlbrich\",\"https:\\\/\\\/www.instagram.com\\\/rogertulbrich\\\/\",\"https:\\\/\\\/www.linkedin.com\\\/company\\\/rogert-ulbrich\\\/\",\"https:\\\/\\\/www.youtube.com\\\/channel\\\/UCganCgpvwpPFqMFf1vVmG2A\"]},{\"@type\":\"Person\",\"@id\":\"https:\\\/\\\/ru.law\\\/#\\\/schema\\\/person\\\/10e5b85e615f8a9d0bb96174432e1e1a\",\"name\":\"Stefan Selge\",\"url\":\"https:\\\/\\\/ru.law\\\/en\\\/author\\\/selge\\\/\"}]}<\/script>\n<!-- \/ Yoast SEO Premium plugin. -->","yoast_head_json":{"title":"OLG Jena verurteilt Mercedes-Benz im Dieselverfahren \u2013 Kl\u00e4ger erh\u00e4lt Schadensersatz wegen unzul\u00e4ssiger Abschalteinrichtung - R&amp;U","description":"OLG Jena verurteilt Mercedes-Benz: 5.133,02 \u20ac Schadensersatz wegen unzul\u00e4ssiger Abschalteinrichtung \u2013 Erfolg f\u00fcr Dieselk\u00e4ufer.","robots":{"index":"index","follow":"follow","max-snippet":"max-snippet:-1","max-image-preview":"max-image-preview:large","max-video-preview":"max-video-preview:-1"},"canonical":"https:\/\/ru.law\/en\/olg-jena-verurteilt-mercedes-benz-im-dieselverfahren-klaeger-erhaelt-schadensersatz-wegen-unzulaessiger-abschalteinrichtung\/","og_locale":"en_GB","og_type":"article","og_title":"OLG Jena verurteilt Mercedes-Benz im Dieselverfahren \u2013 Kl\u00e4ger erh\u00e4lt Schadensersatz wegen unzul\u00e4ssiger Abschalteinrichtung","og_description":"OLG Jena verurteilt Mercedes-Benz: 5.133,02 \u20ac Schadensersatz wegen unzul\u00e4ssiger Abschalteinrichtung \u2013 Erfolg f\u00fcr Dieselk\u00e4ufer.","og_url":"https:\/\/ru.law\/en\/olg-jena-verurteilt-mercedes-benz-im-dieselverfahren-klaeger-erhaelt-schadensersatz-wegen-unzulaessiger-abschalteinrichtung\/","og_site_name":"R&amp;U","article_publisher":"https:\/\/www.facebook.com\/RogertUlbrich\/","article_published_time":"2025-11-11T08:44:23+00:00","article_modified_time":"2025-11-13T13:24:59+00:00","og_image":[{"width":2560,"height":1140,"url":"https:\/\/ru.law\/wp-content\/uploads\/2025\/11\/AdobeStock_302279500-scaled.jpeg","type":"image\/jpeg"}],"author":"Stefan Selge","twitter_card":"summary_large_image","twitter_creator":"@RogertUlbrich","twitter_site":"@RogertUlbrich","schema":{"@context":"https:\/\/schema.org","@graph":[{"@type":"Article","@id":"https:\/\/ru.law\/olg-jena-verurteilt-mercedes-benz-im-dieselverfahren-klaeger-erhaelt-schadensersatz-wegen-unzulaessiger-abschalteinrichtung\/#article","isPartOf":{"@id":"https:\/\/ru.law\/olg-jena-verurteilt-mercedes-benz-im-dieselverfahren-klaeger-erhaelt-schadensersatz-wegen-unzulaessiger-abschalteinrichtung\/"},"author":{"name":"Stefan Selge","@id":"https:\/\/ru.law\/#\/schema\/person\/10e5b85e615f8a9d0bb96174432e1e1a"},"headline":"OLG Jena verurteilt Mercedes-Benz im Dieselverfahren \u2013 Kl\u00e4ger erh\u00e4lt Schadensersatz wegen unzul\u00e4ssiger Abschalteinrichtung","datePublished":"2025-11-11T08:44:23+00:00","dateModified":"2025-11-13T13:24:59+00:00","mainEntityOfPage":{"@id":"https:\/\/ru.law\/olg-jena-verurteilt-mercedes-benz-im-dieselverfahren-klaeger-erhaelt-schadensersatz-wegen-unzulaessiger-abschalteinrichtung\/"},"wordCount":297,"publisher":{"@id":"https:\/\/ru.law\/#organization"},"image":{"@id":"https:\/\/ru.law\/olg-jena-verurteilt-mercedes-benz-im-dieselverfahren-klaeger-erhaelt-schadensersatz-wegen-unzulaessiger-abschalteinrichtung\/#primaryimage"},"thumbnailUrl":"https:\/\/ru.law\/wp-content\/uploads\/2025\/11\/AdobeStock_302279500-scaled.jpeg","keywords":["Abschalteinrichtung","Mercedes Diesel Urteil","OLG Jena","Schadensersatz"],"articleSection":["Automotive","Urteile"],"inLanguage":"en-GB"},{"@type":"WebPage","@id":"https:\/\/ru.law\/olg-jena-verurteilt-mercedes-benz-im-dieselverfahren-klaeger-erhaelt-schadensersatz-wegen-unzulaessiger-abschalteinrichtung\/","url":"https:\/\/ru.law\/olg-jena-verurteilt-mercedes-benz-im-dieselverfahren-klaeger-erhaelt-schadensersatz-wegen-unzulaessiger-abschalteinrichtung\/","name":"OLG Jena verurteilt Mercedes-Benz im Dieselverfahren \u2013 Kl\u00e4ger erh\u00e4lt Schadensersatz wegen unzul\u00e4ssiger Abschalteinrichtung - R&amp;U","isPartOf":{"@id":"https:\/\/ru.law\/#website"},"primaryImageOfPage":{"@id":"https:\/\/ru.law\/olg-jena-verurteilt-mercedes-benz-im-dieselverfahren-klaeger-erhaelt-schadensersatz-wegen-unzulaessiger-abschalteinrichtung\/#primaryimage"},"image":{"@id":"https:\/\/ru.law\/olg-jena-verurteilt-mercedes-benz-im-dieselverfahren-klaeger-erhaelt-schadensersatz-wegen-unzulaessiger-abschalteinrichtung\/#primaryimage"},"thumbnailUrl":"https:\/\/ru.law\/wp-content\/uploads\/2025\/11\/AdobeStock_302279500-scaled.jpeg","datePublished":"2025-11-11T08:44:23+00:00","dateModified":"2025-11-13T13:24:59+00:00","description":"OLG Jena verurteilt Mercedes-Benz: 5.133,02 \u20ac Schadensersatz wegen unzul\u00e4ssiger Abschalteinrichtung \u2013 Erfolg f\u00fcr Dieselk\u00e4ufer.","breadcrumb":{"@id":"https:\/\/ru.law\/olg-jena-verurteilt-mercedes-benz-im-dieselverfahren-klaeger-erhaelt-schadensersatz-wegen-unzulaessiger-abschalteinrichtung\/#breadcrumb"},"inLanguage":"en-GB","potentialAction":[{"@type":"ReadAction","target":["https:\/\/ru.law\/olg-jena-verurteilt-mercedes-benz-im-dieselverfahren-klaeger-erhaelt-schadensersatz-wegen-unzulaessiger-abschalteinrichtung\/"]}]},{"@type":"ImageObject","inLanguage":"en-GB","@id":"https:\/\/ru.law\/olg-jena-verurteilt-mercedes-benz-im-dieselverfahren-klaeger-erhaelt-schadensersatz-wegen-unzulaessiger-abschalteinrichtung\/#primaryimage","url":"https:\/\/ru.law\/wp-content\/uploads\/2025\/11\/AdobeStock_302279500-scaled.jpeg","contentUrl":"https:\/\/ru.law\/wp-content\/uploads\/2025\/11\/AdobeStock_302279500-scaled.jpeg","width":2560,"height":1140},{"@type":"BreadcrumbList","@id":"https:\/\/ru.law\/olg-jena-verurteilt-mercedes-benz-im-dieselverfahren-klaeger-erhaelt-schadensersatz-wegen-unzulaessiger-abschalteinrichtung\/#breadcrumb","itemListElement":[{"@type":"ListItem","position":1,"name":"Startseite","item":"https:\/\/ru.law\/"},{"@type":"ListItem","position":2,"name":"OLG Jena verurteilt Mercedes-Benz im Dieselverfahren \u2013 Kl\u00e4ger erh\u00e4lt Schadensersatz wegen unzul\u00e4ssiger Abschalteinrichtung"}]},{"@type":"WebSite","@id":"https:\/\/ru.law\/#website","url":"https:\/\/ru.law\/","name":"R&amp;U","description":"Consumer lawyers","publisher":{"@id":"https:\/\/ru.law\/#organization"},"alternateName":"Rogert & Ulbrich","potentialAction":[{"@type":"SearchAction","target":{"@type":"EntryPoint","urlTemplate":"https:\/\/ru.law\/?s={search_term_string}"},"query-input":{"@type":"PropertyValueSpecification","valueRequired":true,"valueName":"search_term_string"}}],"inLanguage":"en-GB"},{"@type":"Organization","@id":"https:\/\/ru.law\/#organization","name":"Rogert &amp; Ulbrich Law Firm","url":"https:\/\/ru.law\/","logo":{"@type":"ImageObject","inLanguage":"en-GB","@id":"https:\/\/ru.law\/#\/schema\/logo\/image\/","url":"https:\/\/ru.law\/wp-content\/uploads\/2020\/12\/logo-ru-law.svg","contentUrl":"https:\/\/ru.law\/wp-content\/uploads\/2020\/12\/logo-ru-law.svg","width":992,"height":259,"caption":"Kanzlei Rogert & Ulbrich"},"image":{"@id":"https:\/\/ru.law\/#\/schema\/logo\/image\/"},"sameAs":["https:\/\/www.facebook.com\/RogertUlbrich\/","https:\/\/x.com\/RogertUlbrich","https:\/\/www.instagram.com\/rogertulbrich\/","https:\/\/www.linkedin.com\/company\/rogert-ulbrich\/","https:\/\/www.youtube.com\/channel\/UCganCgpvwpPFqMFf1vVmG2A"]},{"@type":"Person","@id":"https:\/\/ru.law\/#\/schema\/person\/10e5b85e615f8a9d0bb96174432e1e1a","name":"Stefan Selge","url":"https:\/\/ru.law\/en\/author\/selge\/"}]}},"uagb_featured_image_src":{"full":["https:\/\/ru.law\/wp-content\/uploads\/2025\/11\/AdobeStock_302279500-scaled.jpeg",2560,1140,false],"thumbnail":["https:\/\/ru.law\/wp-content\/uploads\/2025\/11\/AdobeStock_302279500-scaled.jpeg",128,57,false],"medium":["https:\/\/ru.law\/wp-content\/uploads\/2025\/11\/AdobeStock_302279500-scaled.jpeg",2560,1140,false],"medium_large":["https:\/\/ru.law\/wp-content\/uploads\/2025\/11\/AdobeStock_302279500-768x342.jpeg",768,342,true],"large":["https:\/\/ru.law\/wp-content\/uploads\/2025\/11\/AdobeStock_302279500-scaled.jpeg",2560,1140,false],"1536x1536":["https:\/\/ru.law\/wp-content\/uploads\/2025\/11\/AdobeStock_302279500-1536x684.jpeg",1536,684,true],"2048x2048":["https:\/\/ru.law\/wp-content\/uploads\/2025\/11\/AdobeStock_302279500-2048x912.jpeg",2048,912,true],"trp-custom-language-flag":["https:\/\/ru.law\/wp-content\/uploads\/2025\/11\/AdobeStock_302279500-18x8.jpeg",18,8,true]},"uagb_author_info":{"display_name":"Stefan Selge","author_link":"https:\/\/ru.law\/en\/author\/selge\/"},"uagb_comment_info":0,"uagb_excerpt":"Das Th\u00fcringer Oberlandesgericht in Jena (Az. 10 U 49\/24) hat am 4. November 2025 ein f\u00fcr Verbraucher erfreuliches Urteil im Diesel-Abgasskandal gef\u00e4llt: Die Mercedes-Benz Group [&hellip;]","_links":{"self":[{"href":"https:\/\/ru.law\/en\/wp-json\/wp\/v2\/posts\/94719","targetHints":{"allow":["GET"]}}],"collection":[{"href":"https:\/\/ru.law\/en\/wp-json\/wp\/v2\/posts"}],"about":[{"href":"https:\/\/ru.law\/en\/wp-json\/wp\/v2\/types\/post"}],"author":[{"embeddable":true,"href":"https:\/\/ru.law\/en\/wp-json\/wp\/v2\/users\/2"}],"replies":[{"embeddable":true,"href":"https:\/\/ru.law\/en\/wp-json\/wp\/v2\/comments?post=94719"}],"version-history":[{"count":0,"href":"https:\/\/ru.law\/en\/wp-json\/wp\/v2\/posts\/94719\/revisions"}],"wp:featuredmedia":[{"embeddable":true,"href":"https:\/\/ru.law\/en\/wp-json\/wp\/v2\/media\/94720"}],"wp:attachment":[{"href":"https:\/\/ru.law\/en\/wp-json\/wp\/v2\/media?parent=94719"}],"wp:term":[{"taxonomy":"category","embeddable":true,"href":"https:\/\/ru.law\/en\/wp-json\/wp\/v2\/categories?post=94719"},{"taxonomy":"post_tag","embeddable":true,"href":"https:\/\/ru.law\/en\/wp-json\/wp\/v2\/tags?post=94719"}],"curies":[{"name":"wp","href":"https:\/\/api.w.org\/{rel}","templated":true}]}}