{"id":93778,"date":"2025-10-07T09:51:07","date_gmt":"2025-10-07T07:51:07","guid":{"rendered":"https:\/\/ru.law\/?p=93778"},"modified":"2025-10-07T09:57:48","modified_gmt":"2025-10-07T07:57:48","slug":"einbuergerung-nach-3-jahren","status":"publish","type":"post","link":"https:\/\/ru.law\/en\/einbuergerung-nach-3-jahren\/","title":{"rendered":"Naturalization after 3 years: Planned abolition in 2025 \u2013 What those affected should know"},"content":{"rendered":"<p>According to the current coalition agreement between the CDU, CSU, and SPD, the regulation that allows naturalization after just three years of residence in Germany is to be abolished in 2025. For many migrants who have previously benefited from the shortened period, this will bring noticeable changes.<\/p>\n\n\n\n<p>We are here to help you with all questions about naturalization, residency rights, and the legal implications of the planned change in the law. Anyone currently planning to become a naturalized citizen after three years should seek advice in good time to meet deadlines and avoid potential disadvantages.<\/p>\n\n\n\n<h3 class=\"wp-block-heading\" id=\"h-was-andert-sich-konkret-bei-der-einburgerung\">What exactly changes regarding naturalization?<\/h3>\n\n\n\n<p>The &quot;supercharged naturalization&quot; introduced in 2024, which allowed naturalization after just three years of residence, is about to be abolished. This regulation was aimed at particularly well-integrated individuals with German language skills at C1 level and active social engagement. The coalition agreement between the CDU, CSU, and SPD explicitly announces the abolition of &quot;supercharged naturalization&quot; for 2025.<\/p>\n\n\n\n<p>Our immigration lawyers will assess whether accelerated naturalization is still possible and provide comprehensive advice on your options. Schedule a personal legal consultation now!<\/p>\n\n\n\n<h3 class=\"wp-block-heading\" id=\"h-was-bleibt-beim-einburgerungsrecht-bestehen\">What remains in the naturalization law?<\/h3>\n\n\n\n<p>The reduction of the standard minimum residence period for naturalization from eight to five years, already introduced in 2024, remains unchanged. Dual citizenship will also continue to be possible and will remain the norm. According to the coalition agreement, other key components of the citizenship law reform will also be retained.<\/p>\n\n\n\n<h3 class=\"wp-block-heading\" id=\"h-wann-tritt-die-abschaffung-der-turbo-einburgerung-in-kraft\">When will the abolition of turbo naturalization come into effect?<\/h3>\n\n\n\n<p>The coalition agreement between the CDU, CSU, and SPD initially represents a political declaration of intent and has no immediate legal effect. The planned abolition of naturalization after three years still has to be implemented through a legislative process in the Bundestag. Until then, the current regulation will remain in place. However, it is expected that the new government will soon present a draft bill amending citizenship law.<\/p>\n\n\n\n<h3 class=\"wp-block-heading\" id=\"h-jetzt-handeln-einburgerung-nach-3-jahren-soll-bald-entfallen\">Act now: Naturalization after 3 years will soon be abolished<\/h3>\n\n\n\n<p>Anyone who currently meets all the requirements for naturalization after three years should consider whether a timely application makes sense. Due to the upcoming changes, it is advisable to seek advice from experienced immigration lawyers early on in order to meet deadlines and secure your chances of naturalization.<\/p>\n\n\n\n<p>Our lawyers will assess your individual situation and show you how you can still benefit from &quot;supercharged naturalization.&quot; Schedule a consultation now!<\/p>","protected":false},"excerpt":{"rendered":"<p>Die Regelung, die eine Einb\u00fcrgerung bereits nach drei Jahren Aufenthalt in Deutschland erm\u00f6glicht, soll laut dem aktuellen Koalitionsvertrag von CDU, CSU und SPD im Jahr [&hellip;]<\/p>\n","protected":false},"author":54,"featured_media":93779,"comment_status":"closed","ping_status":"open","sticky":false,"template":"","format":"standard","meta":{"_uag_custom_page_level_css":"","site-sidebar-layout":"default","site-content-layout":"","ast-site-content-layout":"default","site-content-style":"default","site-sidebar-style":"default","ast-global-header-display":"","ast-banner-title-visibility":"","ast-main-header-display":"","ast-hfb-above-header-display":"","ast-hfb-below-header-display":"","ast-hfb-mobile-header-display":"","site-post-title":"","ast-breadcrumbs-content":"","ast-featured-img":"","footer-sml-layout":"","ast-disable-related-posts":"","theme-transparent-header-meta":"","adv-header-id-meta":"","stick-header-meta":"","header-above-stick-meta":"","header-main-stick-meta":"","header-below-stick-meta":"","astra-migrate-meta-layouts":"set","ast-page-background-enabled":"default","ast-page-background-meta":{"desktop":{"background-color":"","background-image":"","background-repeat":"repeat","background-position":"center center","background-size":"auto","background-attachment":"scroll","background-type":"","background-media":"","overlay-type":"","overlay-color":"","overlay-opacity":"","overlay-gradient":""},"tablet":{"background-color":"","background-image":"","background-repeat":"repeat","background-position":"center center","background-size":"auto","background-attachment":"scroll","background-type":"","background-media":"","overlay-type":"","overlay-color":"","overlay-opacity":"","overlay-gradient":""},"mobile":{"background-color":"","background-image":"","background-repeat":"repeat","background-position":"center center","background-size":"auto","background-attachment":"scroll","background-type":"","background-media":"","overlay-type":"","overlay-color":"","overlay-opacity":"","overlay-gradient":""}},"ast-content-background-meta":{"desktop":{"background-color":"var(--ast-global-color-5)","background-image":"","background-repeat":"repeat","background-position":"center center","background-size":"auto","background-attachment":"scroll","background-type":"","background-media":"","overlay-type":"","overlay-color":"","overlay-opacity":"","overlay-gradient":""},"tablet":{"background-color":"var(--ast-global-color-5)","background-image":"","background-repeat":"repeat","background-position":"center center","background-size":"auto","background-attachment":"scroll","background-type":"","background-media":"","overlay-type":"","overlay-color":"","overlay-opacity":"","overlay-gradient":""},"mobile":{"background-color":"var(--ast-global-color-5)","background-image":"","background-repeat":"repeat","background-position":"center center","background-size":"auto","background-attachment":"scroll","background-type":"","background-media":"","overlay-type":"","overlay-color":"","overlay-opacity":"","overlay-gradient":""}},"footnotes":""},"categories":[1220],"tags":[1376,1378,1379,1375,1377],"class_list":["post-93778","post","type-post","status-publish","format-standard","has-post-thumbnail","hentry","category-bank-und-kapitalmarktrecht","tag-investor","tag-krypto","tag-krypto-anleger","tag-krypto-transaktionen","tag-kryptoplattform"],"yoast_head":"<!-- This site is optimized with the Yoast SEO Premium plugin v27.4 (Yoast SEO v27.4) - https:\/\/yoast.com\/product\/yoast-seo-premium-wordpress\/ -->\n<title>Einb\u00fcrgerung nach 3 Jahren: Geplante Abschaffung 2025 \u2013 Das sollten Betroffene wissen - R&amp;U<\/title>\n<meta name=\"description\" content=\"F\u00fcr zahlreiche Migrantinnen und Migranten bringt dies sp\u00fcrbare Ver\u00e4nderungen mit sich. Wir stehen Ihnen zur Seite.\" \/>\n<meta name=\"robots\" content=\"index, follow, max-snippet:-1, max-image-preview:large, max-video-preview:-1\" \/>\n<link rel=\"canonical\" href=\"https:\/\/ru.law\/en\/einbuergerung-nach-3-jahren\/\" \/>\n<meta property=\"og:locale\" content=\"en_GB\" \/>\n<meta property=\"og:type\" content=\"article\" \/>\n<meta property=\"og:title\" content=\"Einb\u00fcrgerung nach 3 Jahren: Geplante Abschaffung 2025 \u2013 Das sollten Betroffene wissen\" \/>\n<meta property=\"og:description\" content=\"F\u00fcr zahlreiche Migrantinnen und Migranten bringt dies sp\u00fcrbare Ver\u00e4nderungen mit sich. Wir stehen Ihnen zur Seite.\" \/>\n<meta property=\"og:url\" content=\"https:\/\/ru.law\/en\/einbuergerung-nach-3-jahren\/\" \/>\n<meta property=\"og:site_name\" content=\"R&amp;U\" \/>\n<meta property=\"article:publisher\" content=\"https:\/\/www.facebook.com\/RogertUlbrich\/\" \/>\n<meta property=\"article:published_time\" content=\"2025-10-07T07:51:07+00:00\" \/>\n<meta property=\"article:modified_time\" content=\"2025-10-07T07:57:48+00:00\" \/>\n<meta property=\"og:image\" content=\"https:\/\/ru.law\/wp-content\/uploads\/2025\/10\/AdobeStock_806505003-scaled.jpeg\" \/>\n\t<meta property=\"og:image:width\" content=\"2560\" \/>\n\t<meta property=\"og:image:height\" content=\"1709\" \/>\n\t<meta property=\"og:image:type\" content=\"image\/jpeg\" \/>\n<meta name=\"author\" content=\"ommatic\" \/>\n<meta name=\"twitter:card\" content=\"summary_large_image\" \/>\n<meta name=\"twitter:creator\" content=\"@RogertUlbrich\" \/>\n<meta name=\"twitter:site\" content=\"@RogertUlbrich\" \/>\n<script type=\"application\/ld+json\" class=\"yoast-schema-graph\">{\"@context\":\"https:\\\/\\\/schema.org\",\"@graph\":[{\"@type\":\"Article\",\"@id\":\"https:\\\/\\\/ru.law\\\/einbuergerung-nach-3-jahren\\\/#article\",\"isPartOf\":{\"@id\":\"https:\\\/\\\/ru.law\\\/einbuergerung-nach-3-jahren\\\/\"},\"author\":{\"name\":\"ommatic\",\"@id\":\"https:\\\/\\\/ru.law\\\/#\\\/schema\\\/person\\\/c89a1a1d9667e53bc3eea7493e437f13\"},\"headline\":\"Einb\u00fcrgerung nach 3 Jahren: Geplante Abschaffung 2025 \u2013 Das sollten Betroffene wissen\",\"datePublished\":\"2025-10-07T07:51:07+00:00\",\"dateModified\":\"2025-10-07T07:57:48+00:00\",\"mainEntityOfPage\":{\"@id\":\"https:\\\/\\\/ru.law\\\/einbuergerung-nach-3-jahren\\\/\"},\"wordCount\":425,\"publisher\":{\"@id\":\"https:\\\/\\\/ru.law\\\/#organization\"},\"image\":{\"@id\":\"https:\\\/\\\/ru.law\\\/einbuergerung-nach-3-jahren\\\/#primaryimage\"},\"thumbnailUrl\":\"https:\\\/\\\/ru.law\\\/wp-content\\\/uploads\\\/2025\\\/10\\\/AdobeStock_806505003-scaled.jpeg\",\"keywords\":[\"Investor\",\"Krypto\",\"Krypto-Anleger\",\"Krypto-Transaktionen\",\"Kryptoplattform\"],\"articleSection\":[\"Bank- und Kapitalmarktrecht\"],\"inLanguage\":\"en-GB\"},{\"@type\":\"WebPage\",\"@id\":\"https:\\\/\\\/ru.law\\\/einbuergerung-nach-3-jahren\\\/\",\"url\":\"https:\\\/\\\/ru.law\\\/einbuergerung-nach-3-jahren\\\/\",\"name\":\"Einb\u00fcrgerung nach 3 Jahren: Geplante Abschaffung 2025 \u2013 Das sollten Betroffene wissen - R&amp;U\",\"isPartOf\":{\"@id\":\"https:\\\/\\\/ru.law\\\/#website\"},\"primaryImageOfPage\":{\"@id\":\"https:\\\/\\\/ru.law\\\/einbuergerung-nach-3-jahren\\\/#primaryimage\"},\"image\":{\"@id\":\"https:\\\/\\\/ru.law\\\/einbuergerung-nach-3-jahren\\\/#primaryimage\"},\"thumbnailUrl\":\"https:\\\/\\\/ru.law\\\/wp-content\\\/uploads\\\/2025\\\/10\\\/AdobeStock_806505003-scaled.jpeg\",\"datePublished\":\"2025-10-07T07:51:07+00:00\",\"dateModified\":\"2025-10-07T07:57:48+00:00\",\"description\":\"F\u00fcr zahlreiche Migrantinnen und Migranten bringt dies sp\u00fcrbare Ver\u00e4nderungen mit sich. Wir stehen Ihnen zur Seite.\",\"breadcrumb\":{\"@id\":\"https:\\\/\\\/ru.law\\\/einbuergerung-nach-3-jahren\\\/#breadcrumb\"},\"inLanguage\":\"en-GB\",\"potentialAction\":[{\"@type\":\"ReadAction\",\"target\":[\"https:\\\/\\\/ru.law\\\/einbuergerung-nach-3-jahren\\\/\"]}]},{\"@type\":\"ImageObject\",\"inLanguage\":\"en-GB\",\"@id\":\"https:\\\/\\\/ru.law\\\/einbuergerung-nach-3-jahren\\\/#primaryimage\",\"url\":\"https:\\\/\\\/ru.law\\\/wp-content\\\/uploads\\\/2025\\\/10\\\/AdobeStock_806505003-scaled.jpeg\",\"contentUrl\":\"https:\\\/\\\/ru.law\\\/wp-content\\\/uploads\\\/2025\\\/10\\\/AdobeStock_806505003-scaled.jpeg\",\"width\":2560,\"height\":1709},{\"@type\":\"BreadcrumbList\",\"@id\":\"https:\\\/\\\/ru.law\\\/einbuergerung-nach-3-jahren\\\/#breadcrumb\",\"itemListElement\":[{\"@type\":\"ListItem\",\"position\":1,\"name\":\"Startseite\",\"item\":\"https:\\\/\\\/ru.law\\\/\"},{\"@type\":\"ListItem\",\"position\":2,\"name\":\"Einb\u00fcrgerung nach 3 Jahren: Geplante Abschaffung 2025 \u2013 Das sollten Betroffene wissen\"}]},{\"@type\":\"WebSite\",\"@id\":\"https:\\\/\\\/ru.law\\\/#website\",\"url\":\"https:\\\/\\\/ru.law\\\/\",\"name\":\"R&U\",\"description\":\"Verbraucheranw\u00e4lte\",\"publisher\":{\"@id\":\"https:\\\/\\\/ru.law\\\/#organization\"},\"alternateName\":\"Rogert & Ulbrich\",\"potentialAction\":[{\"@type\":\"SearchAction\",\"target\":{\"@type\":\"EntryPoint\",\"urlTemplate\":\"https:\\\/\\\/ru.law\\\/?s={search_term_string}\"},\"query-input\":{\"@type\":\"PropertyValueSpecification\",\"valueRequired\":true,\"valueName\":\"search_term_string\"}}],\"inLanguage\":\"en-GB\"},{\"@type\":\"Organization\",\"@id\":\"https:\\\/\\\/ru.law\\\/#organization\",\"name\":\"Kanzlei Rogert & Ulbrich\",\"url\":\"https:\\\/\\\/ru.law\\\/\",\"logo\":{\"@type\":\"ImageObject\",\"inLanguage\":\"en-GB\",\"@id\":\"https:\\\/\\\/ru.law\\\/#\\\/schema\\\/logo\\\/image\\\/\",\"url\":\"https:\\\/\\\/ru.law\\\/wp-content\\\/uploads\\\/2020\\\/12\\\/logo-ru-law.svg\",\"contentUrl\":\"https:\\\/\\\/ru.law\\\/wp-content\\\/uploads\\\/2020\\\/12\\\/logo-ru-law.svg\",\"width\":992,\"height\":259,\"caption\":\"Kanzlei Rogert & Ulbrich\"},\"image\":{\"@id\":\"https:\\\/\\\/ru.law\\\/#\\\/schema\\\/logo\\\/image\\\/\"},\"sameAs\":[\"https:\\\/\\\/www.facebook.com\\\/RogertUlbrich\\\/\",\"https:\\\/\\\/x.com\\\/RogertUlbrich\",\"https:\\\/\\\/www.instagram.com\\\/rogertulbrich\\\/\",\"https:\\\/\\\/www.linkedin.com\\\/company\\\/rogert-ulbrich\\\/\",\"https:\\\/\\\/www.youtube.com\\\/channel\\\/UCganCgpvwpPFqMFf1vVmG2A\"]},{\"@type\":\"Person\",\"@id\":\"https:\\\/\\\/ru.law\\\/#\\\/schema\\\/person\\\/c89a1a1d9667e53bc3eea7493e437f13\",\"name\":\"ommatic\",\"url\":\"https:\\\/\\\/ru.law\\\/en\\\/author\\\/ommatic\\\/\"}]}<\/script>\n<!-- \/ Yoast SEO Premium plugin. -->","yoast_head_json":{"title":"Einb\u00fcrgerung nach 3 Jahren: Geplante Abschaffung 2025 \u2013 Das sollten Betroffene wissen - R&amp;U","description":"F\u00fcr zahlreiche Migrantinnen und Migranten bringt dies sp\u00fcrbare Ver\u00e4nderungen mit sich. Wir stehen Ihnen zur Seite.","robots":{"index":"index","follow":"follow","max-snippet":"max-snippet:-1","max-image-preview":"max-image-preview:large","max-video-preview":"max-video-preview:-1"},"canonical":"https:\/\/ru.law\/en\/einbuergerung-nach-3-jahren\/","og_locale":"en_GB","og_type":"article","og_title":"Einb\u00fcrgerung nach 3 Jahren: Geplante Abschaffung 2025 \u2013 Das sollten Betroffene wissen","og_description":"F\u00fcr zahlreiche Migrantinnen und Migranten bringt dies sp\u00fcrbare Ver\u00e4nderungen mit sich. Wir stehen Ihnen zur Seite.","og_url":"https:\/\/ru.law\/en\/einbuergerung-nach-3-jahren\/","og_site_name":"R&amp;U","article_publisher":"https:\/\/www.facebook.com\/RogertUlbrich\/","article_published_time":"2025-10-07T07:51:07+00:00","article_modified_time":"2025-10-07T07:57:48+00:00","og_image":[{"width":2560,"height":1709,"url":"https:\/\/ru.law\/wp-content\/uploads\/2025\/10\/AdobeStock_806505003-scaled.jpeg","type":"image\/jpeg"}],"author":"ommatic","twitter_card":"summary_large_image","twitter_creator":"@RogertUlbrich","twitter_site":"@RogertUlbrich","schema":{"@context":"https:\/\/schema.org","@graph":[{"@type":"Article","@id":"https:\/\/ru.law\/einbuergerung-nach-3-jahren\/#article","isPartOf":{"@id":"https:\/\/ru.law\/einbuergerung-nach-3-jahren\/"},"author":{"name":"ommatic","@id":"https:\/\/ru.law\/#\/schema\/person\/c89a1a1d9667e53bc3eea7493e437f13"},"headline":"Einb\u00fcrgerung nach 3 Jahren: Geplante Abschaffung 2025 \u2013 Das sollten Betroffene wissen","datePublished":"2025-10-07T07:51:07+00:00","dateModified":"2025-10-07T07:57:48+00:00","mainEntityOfPage":{"@id":"https:\/\/ru.law\/einbuergerung-nach-3-jahren\/"},"wordCount":425,"publisher":{"@id":"https:\/\/ru.law\/#organization"},"image":{"@id":"https:\/\/ru.law\/einbuergerung-nach-3-jahren\/#primaryimage"},"thumbnailUrl":"https:\/\/ru.law\/wp-content\/uploads\/2025\/10\/AdobeStock_806505003-scaled.jpeg","keywords":["Investor","Krypto","Krypto-Anleger","Krypto-Transaktionen","Kryptoplattform"],"articleSection":["Bank- und Kapitalmarktrecht"],"inLanguage":"en-GB"},{"@type":"WebPage","@id":"https:\/\/ru.law\/einbuergerung-nach-3-jahren\/","url":"https:\/\/ru.law\/einbuergerung-nach-3-jahren\/","name":"Einb\u00fcrgerung nach 3 Jahren: Geplante Abschaffung 2025 \u2013 Das sollten Betroffene wissen - R&amp;U","isPartOf":{"@id":"https:\/\/ru.law\/#website"},"primaryImageOfPage":{"@id":"https:\/\/ru.law\/einbuergerung-nach-3-jahren\/#primaryimage"},"image":{"@id":"https:\/\/ru.law\/einbuergerung-nach-3-jahren\/#primaryimage"},"thumbnailUrl":"https:\/\/ru.law\/wp-content\/uploads\/2025\/10\/AdobeStock_806505003-scaled.jpeg","datePublished":"2025-10-07T07:51:07+00:00","dateModified":"2025-10-07T07:57:48+00:00","description":"F\u00fcr zahlreiche Migrantinnen und Migranten bringt dies sp\u00fcrbare Ver\u00e4nderungen mit sich. Wir stehen Ihnen zur Seite.","breadcrumb":{"@id":"https:\/\/ru.law\/einbuergerung-nach-3-jahren\/#breadcrumb"},"inLanguage":"en-GB","potentialAction":[{"@type":"ReadAction","target":["https:\/\/ru.law\/einbuergerung-nach-3-jahren\/"]}]},{"@type":"ImageObject","inLanguage":"en-GB","@id":"https:\/\/ru.law\/einbuergerung-nach-3-jahren\/#primaryimage","url":"https:\/\/ru.law\/wp-content\/uploads\/2025\/10\/AdobeStock_806505003-scaled.jpeg","contentUrl":"https:\/\/ru.law\/wp-content\/uploads\/2025\/10\/AdobeStock_806505003-scaled.jpeg","width":2560,"height":1709},{"@type":"BreadcrumbList","@id":"https:\/\/ru.law\/einbuergerung-nach-3-jahren\/#breadcrumb","itemListElement":[{"@type":"ListItem","position":1,"name":"Startseite","item":"https:\/\/ru.law\/"},{"@type":"ListItem","position":2,"name":"Einb\u00fcrgerung nach 3 Jahren: Geplante Abschaffung 2025 \u2013 Das sollten Betroffene wissen"}]},{"@type":"WebSite","@id":"https:\/\/ru.law\/#website","url":"https:\/\/ru.law\/","name":"R&amp;U","description":"Consumer lawyers","publisher":{"@id":"https:\/\/ru.law\/#organization"},"alternateName":"Rogert & Ulbrich","potentialAction":[{"@type":"SearchAction","target":{"@type":"EntryPoint","urlTemplate":"https:\/\/ru.law\/?s={search_term_string}"},"query-input":{"@type":"PropertyValueSpecification","valueRequired":true,"valueName":"search_term_string"}}],"inLanguage":"en-GB"},{"@type":"Organization","@id":"https:\/\/ru.law\/#organization","name":"Rogert &amp; Ulbrich Law Firm","url":"https:\/\/ru.law\/","logo":{"@type":"ImageObject","inLanguage":"en-GB","@id":"https:\/\/ru.law\/#\/schema\/logo\/image\/","url":"https:\/\/ru.law\/wp-content\/uploads\/2020\/12\/logo-ru-law.svg","contentUrl":"https:\/\/ru.law\/wp-content\/uploads\/2020\/12\/logo-ru-law.svg","width":992,"height":259,"caption":"Kanzlei Rogert & Ulbrich"},"image":{"@id":"https:\/\/ru.law\/#\/schema\/logo\/image\/"},"sameAs":["https:\/\/www.facebook.com\/RogertUlbrich\/","https:\/\/x.com\/RogertUlbrich","https:\/\/www.instagram.com\/rogertulbrich\/","https:\/\/www.linkedin.com\/company\/rogert-ulbrich\/","https:\/\/www.youtube.com\/channel\/UCganCgpvwpPFqMFf1vVmG2A"]},{"@type":"Person","@id":"https:\/\/ru.law\/#\/schema\/person\/c89a1a1d9667e53bc3eea7493e437f13","name":"ommatic","url":"https:\/\/ru.law\/en\/author\/ommatic\/"}]}},"uagb_featured_image_src":{"full":["https:\/\/ru.law\/wp-content\/uploads\/2025\/10\/AdobeStock_806505003-scaled.jpeg",2560,1709,false],"thumbnail":["https:\/\/ru.law\/wp-content\/uploads\/2025\/10\/AdobeStock_806505003-scaled.jpeg",128,85,false],"medium":["https:\/\/ru.law\/wp-content\/uploads\/2025\/10\/AdobeStock_806505003-scaled.jpeg",2560,1709,false],"medium_large":["https:\/\/ru.law\/wp-content\/uploads\/2025\/10\/AdobeStock_806505003-768x513.jpeg",768,513,true],"large":["https:\/\/ru.law\/wp-content\/uploads\/2025\/10\/AdobeStock_806505003-scaled.jpeg",2560,1709,false],"1536x1536":["https:\/\/ru.law\/wp-content\/uploads\/2025\/10\/AdobeStock_806505003-1536x1025.jpeg",1536,1025,true],"2048x2048":["https:\/\/ru.law\/wp-content\/uploads\/2025\/10\/AdobeStock_806505003-2048x1367.jpeg",2048,1367,true],"trp-custom-language-flag":["https:\/\/ru.law\/wp-content\/uploads\/2025\/10\/AdobeStock_806505003-18x12.jpeg",18,12,true]},"uagb_author_info":{"display_name":"ommatic","author_link":"https:\/\/ru.law\/en\/author\/ommatic\/"},"uagb_comment_info":0,"uagb_excerpt":"Die Regelung, die eine Einb\u00fcrgerung bereits nach drei Jahren Aufenthalt in Deutschland erm\u00f6glicht, soll laut dem aktuellen Koalitionsvertrag von CDU, CSU und SPD im Jahr [&hellip;]","_links":{"self":[{"href":"https:\/\/ru.law\/en\/wp-json\/wp\/v2\/posts\/93778","targetHints":{"allow":["GET"]}}],"collection":[{"href":"https:\/\/ru.law\/en\/wp-json\/wp\/v2\/posts"}],"about":[{"href":"https:\/\/ru.law\/en\/wp-json\/wp\/v2\/types\/post"}],"author":[{"embeddable":true,"href":"https:\/\/ru.law\/en\/wp-json\/wp\/v2\/users\/54"}],"replies":[{"embeddable":true,"href":"https:\/\/ru.law\/en\/wp-json\/wp\/v2\/comments?post=93778"}],"version-history":[{"count":0,"href":"https:\/\/ru.law\/en\/wp-json\/wp\/v2\/posts\/93778\/revisions"}],"wp:featuredmedia":[{"embeddable":true,"href":"https:\/\/ru.law\/en\/wp-json\/wp\/v2\/media\/93779"}],"wp:attachment":[{"href":"https:\/\/ru.law\/en\/wp-json\/wp\/v2\/media?parent=93778"}],"wp:term":[{"taxonomy":"category","embeddable":true,"href":"https:\/\/ru.law\/en\/wp-json\/wp\/v2\/categories?post=93778"},{"taxonomy":"post_tag","embeddable":true,"href":"https:\/\/ru.law\/en\/wp-json\/wp\/v2\/tags?post=93778"}],"curies":[{"name":"wp","href":"https:\/\/api.w.org\/{rel}","templated":true}]}}