{"id":93296,"date":"2025-09-29T09:42:39","date_gmt":"2025-09-29T07:42:39","guid":{"rendered":"https:\/\/ru.law\/?p=93296"},"modified":"2025-09-30T09:26:04","modified_gmt":"2025-09-30T07:26:04","slug":"feuergefahr-bei-bmw","status":"publish","type":"post","link":"https:\/\/ru.law\/en\/feuergefahr-bei-bmw\/","title":{"rendered":"Fire hazard at BMW: Recall of 136,500 vehicles in Germany"},"content":{"rendered":"<p>BMW is recalling hundreds of thousands of vehicles worldwide due to a defect in the starter motor. According to the manufacturer, the problem could even lead to a fire in the worst case scenario.<\/p>\n\n\n\n<p>In Germany, approximately 136,500 vehicles are affected. In the US, approximately 195,000 more vehicles must be inspected. BMW has not disclosed an exact global figure, but one thing is clear: numerous models produced between September 2015 and September 2021 are affected \u2013 including in Asia and other European countries. BMW is informing affected customers directly.<\/p>\n\n\n\n<h4 class=\"wp-block-heading\" id=\"h-mogliche-folgen-des-defekts\"><strong>Possible consequences of the defect<\/strong><\/h4>\n\n\n\n<p>Water penetration into the starter motor can cause corrosion, starting problems, short circuits, and localized overheating. BMW explicitly warns: In the worst case, the vehicle could catch fire.<\/p>\n\n\n\n<p>The risk exists even when the car is parked. BMW therefore recommends keeping the vehicle outdoors until repairs are completed, and not near buildings or garages. BMW has not disclosed the cost of the recall. However, given the necessary starter replacements and, in some cases, more powerful batteries in hundreds of thousands of vehicles, the sum is likely to be substantial.<\/p>","protected":false},"excerpt":{"rendered":"<p>BMW l\u00f6st weltweit einen R\u00fcckruf von Hunderttausenden Fahrzeugen aus \u2013 Grund ist ein Defekt am Starter. Nach Angaben des Herstellers kann das Problem im schlimmsten [&hellip;]<\/p>\n","protected":false},"author":54,"featured_media":93297,"comment_status":"closed","ping_status":"open","sticky":false,"template":"","format":"standard","meta":{"_uag_custom_page_level_css":"","site-sidebar-layout":"default","site-content-layout":"","ast-site-content-layout":"default","site-content-style":"default","site-sidebar-style":"default","ast-global-header-display":"","ast-banner-title-visibility":"","ast-main-header-display":"","ast-hfb-above-header-display":"","ast-hfb-below-header-display":"","ast-hfb-mobile-header-display":"","site-post-title":"","ast-breadcrumbs-content":"","ast-featured-img":"","footer-sml-layout":"","ast-disable-related-posts":"","theme-transparent-header-meta":"","adv-header-id-meta":"","stick-header-meta":"","header-above-stick-meta":"","header-main-stick-meta":"","header-below-stick-meta":"","astra-migrate-meta-layouts":"set","ast-page-background-enabled":"default","ast-page-background-meta":{"desktop":{"background-color":"","background-image":"","background-repeat":"repeat","background-position":"center center","background-size":"auto","background-attachment":"scroll","background-type":"","background-media":"","overlay-type":"","overlay-color":"","overlay-opacity":"","overlay-gradient":""},"tablet":{"background-color":"","background-image":"","background-repeat":"repeat","background-position":"center center","background-size":"auto","background-attachment":"scroll","background-type":"","background-media":"","overlay-type":"","overlay-color":"","overlay-opacity":"","overlay-gradient":""},"mobile":{"background-color":"","background-image":"","background-repeat":"repeat","background-position":"center center","background-size":"auto","background-attachment":"scroll","background-type":"","background-media":"","overlay-type":"","overlay-color":"","overlay-opacity":"","overlay-gradient":""}},"ast-content-background-meta":{"desktop":{"background-color":"var(--ast-global-color-5)","background-image":"","background-repeat":"repeat","background-position":"center center","background-size":"auto","background-attachment":"scroll","background-type":"","background-media":"","overlay-type":"","overlay-color":"","overlay-opacity":"","overlay-gradient":""},"tablet":{"background-color":"var(--ast-global-color-5)","background-image":"","background-repeat":"repeat","background-position":"center center","background-size":"auto","background-attachment":"scroll","background-type":"","background-media":"","overlay-type":"","overlay-color":"","overlay-opacity":"","overlay-gradient":""},"mobile":{"background-color":"var(--ast-global-color-5)","background-image":"","background-repeat":"repeat","background-position":"center center","background-size":"auto","background-attachment":"scroll","background-type":"","background-media":"","overlay-type":"","overlay-color":"","overlay-opacity":"","overlay-gradient":""}},"footnotes":""},"categories":[1320],"tags":[15,1369,1368,35],"class_list":["post-93296","post","type-post","status-publish","format-standard","has-post-thumbnail","hentry","category-automotive","tag-bmw","tag-defekt","tag-feuergefahr","tag-rueckruf"],"yoast_head":"<!-- This site is optimized with the Yoast SEO Premium plugin v27.4 (Yoast SEO v27.4) - https:\/\/yoast.com\/product\/yoast-seo-premium-wordpress\/ -->\n<title>Feuergefahr bei BMW: R\u00fcckruf von 136.500 Fahrzeugen in Deutschland - R&amp;U<\/title>\n<meta name=\"description\" content=\"BMW l\u00f6st weltweit einen R\u00fcckruf von Hunderttausenden Fahrzeugen aus \u2013 Grund ist ein Defekt am Starter. Es kann sogar zu Brand f\u00fchren.\" \/>\n<meta name=\"robots\" content=\"index, follow, max-snippet:-1, max-image-preview:large, max-video-preview:-1\" \/>\n<link rel=\"canonical\" href=\"https:\/\/ru.law\/en\/feuergefahr-bei-bmw\/\" \/>\n<meta property=\"og:locale\" content=\"en_GB\" \/>\n<meta property=\"og:type\" content=\"article\" \/>\n<meta property=\"og:title\" content=\"Feuergefahr bei BMW: R\u00fcckruf von 136.500 Fahrzeugen in Deutschland\" \/>\n<meta property=\"og:description\" content=\"BMW l\u00f6st weltweit einen R\u00fcckruf von Hunderttausenden Fahrzeugen aus \u2013 Grund ist ein Defekt am Starter. Es kann sogar zu Brand f\u00fchren.\" \/>\n<meta property=\"og:url\" content=\"https:\/\/ru.law\/en\/feuergefahr-bei-bmw\/\" \/>\n<meta property=\"og:site_name\" content=\"R&amp;U\" \/>\n<meta property=\"article:publisher\" content=\"https:\/\/www.facebook.com\/RogertUlbrich\/\" \/>\n<meta property=\"article:published_time\" content=\"2025-09-29T07:42:39+00:00\" \/>\n<meta property=\"article:modified_time\" content=\"2025-09-30T07:26:04+00:00\" \/>\n<meta property=\"og:image\" content=\"https:\/\/ru.law\/wp-content\/uploads\/2025\/09\/AdobeStock_1602066902-scaled.jpeg\" \/>\n\t<meta property=\"og:image:width\" content=\"2560\" \/>\n\t<meta property=\"og:image:height\" content=\"1707\" \/>\n\t<meta property=\"og:image:type\" content=\"image\/jpeg\" \/>\n<meta name=\"author\" content=\"ommatic\" \/>\n<meta name=\"twitter:card\" content=\"summary_large_image\" \/>\n<meta name=\"twitter:creator\" content=\"@RogertUlbrich\" \/>\n<meta name=\"twitter:site\" content=\"@RogertUlbrich\" \/>\n<script type=\"application\/ld+json\" class=\"yoast-schema-graph\">{\"@context\":\"https:\\\/\\\/schema.org\",\"@graph\":[{\"@type\":\"Article\",\"@id\":\"https:\\\/\\\/ru.law\\\/feuergefahr-bei-bmw\\\/#article\",\"isPartOf\":{\"@id\":\"https:\\\/\\\/ru.law\\\/feuergefahr-bei-bmw\\\/\"},\"author\":{\"name\":\"ommatic\",\"@id\":\"https:\\\/\\\/ru.law\\\/#\\\/schema\\\/person\\\/c89a1a1d9667e53bc3eea7493e437f13\"},\"headline\":\"Feuergefahr bei BMW: R\u00fcckruf von 136.500 Fahrzeugen in Deutschland\",\"datePublished\":\"2025-09-29T07:42:39+00:00\",\"dateModified\":\"2025-09-30T07:26:04+00:00\",\"mainEntityOfPage\":{\"@id\":\"https:\\\/\\\/ru.law\\\/feuergefahr-bei-bmw\\\/\"},\"wordCount\":195,\"publisher\":{\"@id\":\"https:\\\/\\\/ru.law\\\/#organization\"},\"image\":{\"@id\":\"https:\\\/\\\/ru.law\\\/feuergefahr-bei-bmw\\\/#primaryimage\"},\"thumbnailUrl\":\"https:\\\/\\\/ru.law\\\/wp-content\\\/uploads\\\/2025\\\/09\\\/AdobeStock_1602066902-scaled.jpeg\",\"keywords\":[\"BMW\",\"Defekt\",\"Feuergefahr\",\"R\u00fcckruf\"],\"articleSection\":[\"Automotive\"],\"inLanguage\":\"en-GB\"},{\"@type\":\"WebPage\",\"@id\":\"https:\\\/\\\/ru.law\\\/feuergefahr-bei-bmw\\\/\",\"url\":\"https:\\\/\\\/ru.law\\\/feuergefahr-bei-bmw\\\/\",\"name\":\"Feuergefahr bei BMW: R\u00fcckruf von 136.500 Fahrzeugen in Deutschland - R&amp;U\",\"isPartOf\":{\"@id\":\"https:\\\/\\\/ru.law\\\/#website\"},\"primaryImageOfPage\":{\"@id\":\"https:\\\/\\\/ru.law\\\/feuergefahr-bei-bmw\\\/#primaryimage\"},\"image\":{\"@id\":\"https:\\\/\\\/ru.law\\\/feuergefahr-bei-bmw\\\/#primaryimage\"},\"thumbnailUrl\":\"https:\\\/\\\/ru.law\\\/wp-content\\\/uploads\\\/2025\\\/09\\\/AdobeStock_1602066902-scaled.jpeg\",\"datePublished\":\"2025-09-29T07:42:39+00:00\",\"dateModified\":\"2025-09-30T07:26:04+00:00\",\"description\":\"BMW l\u00f6st weltweit einen R\u00fcckruf von Hunderttausenden Fahrzeugen aus \u2013 Grund ist ein Defekt am Starter. Es kann sogar zu Brand f\u00fchren.\",\"breadcrumb\":{\"@id\":\"https:\\\/\\\/ru.law\\\/feuergefahr-bei-bmw\\\/#breadcrumb\"},\"inLanguage\":\"en-GB\",\"potentialAction\":[{\"@type\":\"ReadAction\",\"target\":[\"https:\\\/\\\/ru.law\\\/feuergefahr-bei-bmw\\\/\"]}]},{\"@type\":\"ImageObject\",\"inLanguage\":\"en-GB\",\"@id\":\"https:\\\/\\\/ru.law\\\/feuergefahr-bei-bmw\\\/#primaryimage\",\"url\":\"https:\\\/\\\/ru.law\\\/wp-content\\\/uploads\\\/2025\\\/09\\\/AdobeStock_1602066902-scaled.jpeg\",\"contentUrl\":\"https:\\\/\\\/ru.law\\\/wp-content\\\/uploads\\\/2025\\\/09\\\/AdobeStock_1602066902-scaled.jpeg\",\"width\":2560,\"height\":1707},{\"@type\":\"BreadcrumbList\",\"@id\":\"https:\\\/\\\/ru.law\\\/feuergefahr-bei-bmw\\\/#breadcrumb\",\"itemListElement\":[{\"@type\":\"ListItem\",\"position\":1,\"name\":\"Startseite\",\"item\":\"https:\\\/\\\/ru.law\\\/\"},{\"@type\":\"ListItem\",\"position\":2,\"name\":\"Feuergefahr bei BMW: R\u00fcckruf von 136.500 Fahrzeugen in Deutschland\"}]},{\"@type\":\"WebSite\",\"@id\":\"https:\\\/\\\/ru.law\\\/#website\",\"url\":\"https:\\\/\\\/ru.law\\\/\",\"name\":\"R&U\",\"description\":\"Verbraucheranw\u00e4lte\",\"publisher\":{\"@id\":\"https:\\\/\\\/ru.law\\\/#organization\"},\"alternateName\":\"Rogert & Ulbrich\",\"potentialAction\":[{\"@type\":\"SearchAction\",\"target\":{\"@type\":\"EntryPoint\",\"urlTemplate\":\"https:\\\/\\\/ru.law\\\/?s={search_term_string}\"},\"query-input\":{\"@type\":\"PropertyValueSpecification\",\"valueRequired\":true,\"valueName\":\"search_term_string\"}}],\"inLanguage\":\"en-GB\"},{\"@type\":\"Organization\",\"@id\":\"https:\\\/\\\/ru.law\\\/#organization\",\"name\":\"Kanzlei Rogert & Ulbrich\",\"url\":\"https:\\\/\\\/ru.law\\\/\",\"logo\":{\"@type\":\"ImageObject\",\"inLanguage\":\"en-GB\",\"@id\":\"https:\\\/\\\/ru.law\\\/#\\\/schema\\\/logo\\\/image\\\/\",\"url\":\"https:\\\/\\\/ru.law\\\/wp-content\\\/uploads\\\/2020\\\/12\\\/logo-ru-law.svg\",\"contentUrl\":\"https:\\\/\\\/ru.law\\\/wp-content\\\/uploads\\\/2020\\\/12\\\/logo-ru-law.svg\",\"width\":992,\"height\":259,\"caption\":\"Kanzlei Rogert & Ulbrich\"},\"image\":{\"@id\":\"https:\\\/\\\/ru.law\\\/#\\\/schema\\\/logo\\\/image\\\/\"},\"sameAs\":[\"https:\\\/\\\/www.facebook.com\\\/RogertUlbrich\\\/\",\"https:\\\/\\\/x.com\\\/RogertUlbrich\",\"https:\\\/\\\/www.instagram.com\\\/rogertulbrich\\\/\",\"https:\\\/\\\/www.linkedin.com\\\/company\\\/rogert-ulbrich\\\/\",\"https:\\\/\\\/www.youtube.com\\\/channel\\\/UCganCgpvwpPFqMFf1vVmG2A\"]},{\"@type\":\"Person\",\"@id\":\"https:\\\/\\\/ru.law\\\/#\\\/schema\\\/person\\\/c89a1a1d9667e53bc3eea7493e437f13\",\"name\":\"ommatic\",\"url\":\"https:\\\/\\\/ru.law\\\/en\\\/author\\\/ommatic\\\/\"}]}<\/script>\n<!-- \/ Yoast SEO Premium plugin. -->","yoast_head_json":{"title":"Feuergefahr bei BMW: R\u00fcckruf von 136.500 Fahrzeugen in Deutschland - R&amp;U","description":"BMW l\u00f6st weltweit einen R\u00fcckruf von Hunderttausenden Fahrzeugen aus \u2013 Grund ist ein Defekt am Starter. Es kann sogar zu Brand f\u00fchren.","robots":{"index":"index","follow":"follow","max-snippet":"max-snippet:-1","max-image-preview":"max-image-preview:large","max-video-preview":"max-video-preview:-1"},"canonical":"https:\/\/ru.law\/en\/feuergefahr-bei-bmw\/","og_locale":"en_GB","og_type":"article","og_title":"Feuergefahr bei BMW: R\u00fcckruf von 136.500 Fahrzeugen in Deutschland","og_description":"BMW l\u00f6st weltweit einen R\u00fcckruf von Hunderttausenden Fahrzeugen aus \u2013 Grund ist ein Defekt am Starter. Es kann sogar zu Brand f\u00fchren.","og_url":"https:\/\/ru.law\/en\/feuergefahr-bei-bmw\/","og_site_name":"R&amp;U","article_publisher":"https:\/\/www.facebook.com\/RogertUlbrich\/","article_published_time":"2025-09-29T07:42:39+00:00","article_modified_time":"2025-09-30T07:26:04+00:00","og_image":[{"width":2560,"height":1707,"url":"https:\/\/ru.law\/wp-content\/uploads\/2025\/09\/AdobeStock_1602066902-scaled.jpeg","type":"image\/jpeg"}],"author":"ommatic","twitter_card":"summary_large_image","twitter_creator":"@RogertUlbrich","twitter_site":"@RogertUlbrich","schema":{"@context":"https:\/\/schema.org","@graph":[{"@type":"Article","@id":"https:\/\/ru.law\/feuergefahr-bei-bmw\/#article","isPartOf":{"@id":"https:\/\/ru.law\/feuergefahr-bei-bmw\/"},"author":{"name":"ommatic","@id":"https:\/\/ru.law\/#\/schema\/person\/c89a1a1d9667e53bc3eea7493e437f13"},"headline":"Feuergefahr bei BMW: R\u00fcckruf von 136.500 Fahrzeugen in Deutschland","datePublished":"2025-09-29T07:42:39+00:00","dateModified":"2025-09-30T07:26:04+00:00","mainEntityOfPage":{"@id":"https:\/\/ru.law\/feuergefahr-bei-bmw\/"},"wordCount":195,"publisher":{"@id":"https:\/\/ru.law\/#organization"},"image":{"@id":"https:\/\/ru.law\/feuergefahr-bei-bmw\/#primaryimage"},"thumbnailUrl":"https:\/\/ru.law\/wp-content\/uploads\/2025\/09\/AdobeStock_1602066902-scaled.jpeg","keywords":["BMW","Defekt","Feuergefahr","R\u00fcckruf"],"articleSection":["Automotive"],"inLanguage":"en-GB"},{"@type":"WebPage","@id":"https:\/\/ru.law\/feuergefahr-bei-bmw\/","url":"https:\/\/ru.law\/feuergefahr-bei-bmw\/","name":"Feuergefahr bei BMW: R\u00fcckruf von 136.500 Fahrzeugen in Deutschland - R&amp;U","isPartOf":{"@id":"https:\/\/ru.law\/#website"},"primaryImageOfPage":{"@id":"https:\/\/ru.law\/feuergefahr-bei-bmw\/#primaryimage"},"image":{"@id":"https:\/\/ru.law\/feuergefahr-bei-bmw\/#primaryimage"},"thumbnailUrl":"https:\/\/ru.law\/wp-content\/uploads\/2025\/09\/AdobeStock_1602066902-scaled.jpeg","datePublished":"2025-09-29T07:42:39+00:00","dateModified":"2025-09-30T07:26:04+00:00","description":"BMW l\u00f6st weltweit einen R\u00fcckruf von Hunderttausenden Fahrzeugen aus \u2013 Grund ist ein Defekt am Starter. Es kann sogar zu Brand f\u00fchren.","breadcrumb":{"@id":"https:\/\/ru.law\/feuergefahr-bei-bmw\/#breadcrumb"},"inLanguage":"en-GB","potentialAction":[{"@type":"ReadAction","target":["https:\/\/ru.law\/feuergefahr-bei-bmw\/"]}]},{"@type":"ImageObject","inLanguage":"en-GB","@id":"https:\/\/ru.law\/feuergefahr-bei-bmw\/#primaryimage","url":"https:\/\/ru.law\/wp-content\/uploads\/2025\/09\/AdobeStock_1602066902-scaled.jpeg","contentUrl":"https:\/\/ru.law\/wp-content\/uploads\/2025\/09\/AdobeStock_1602066902-scaled.jpeg","width":2560,"height":1707},{"@type":"BreadcrumbList","@id":"https:\/\/ru.law\/feuergefahr-bei-bmw\/#breadcrumb","itemListElement":[{"@type":"ListItem","position":1,"name":"Startseite","item":"https:\/\/ru.law\/"},{"@type":"ListItem","position":2,"name":"Feuergefahr bei BMW: R\u00fcckruf von 136.500 Fahrzeugen in Deutschland"}]},{"@type":"WebSite","@id":"https:\/\/ru.law\/#website","url":"https:\/\/ru.law\/","name":"R&amp;U","description":"Consumer lawyers","publisher":{"@id":"https:\/\/ru.law\/#organization"},"alternateName":"Rogert & Ulbrich","potentialAction":[{"@type":"SearchAction","target":{"@type":"EntryPoint","urlTemplate":"https:\/\/ru.law\/?s={search_term_string}"},"query-input":{"@type":"PropertyValueSpecification","valueRequired":true,"valueName":"search_term_string"}}],"inLanguage":"en-GB"},{"@type":"Organization","@id":"https:\/\/ru.law\/#organization","name":"Rogert &amp; Ulbrich Law Firm","url":"https:\/\/ru.law\/","logo":{"@type":"ImageObject","inLanguage":"en-GB","@id":"https:\/\/ru.law\/#\/schema\/logo\/image\/","url":"https:\/\/ru.law\/wp-content\/uploads\/2020\/12\/logo-ru-law.svg","contentUrl":"https:\/\/ru.law\/wp-content\/uploads\/2020\/12\/logo-ru-law.svg","width":992,"height":259,"caption":"Kanzlei Rogert & Ulbrich"},"image":{"@id":"https:\/\/ru.law\/#\/schema\/logo\/image\/"},"sameAs":["https:\/\/www.facebook.com\/RogertUlbrich\/","https:\/\/x.com\/RogertUlbrich","https:\/\/www.instagram.com\/rogertulbrich\/","https:\/\/www.linkedin.com\/company\/rogert-ulbrich\/","https:\/\/www.youtube.com\/channel\/UCganCgpvwpPFqMFf1vVmG2A"]},{"@type":"Person","@id":"https:\/\/ru.law\/#\/schema\/person\/c89a1a1d9667e53bc3eea7493e437f13","name":"ommatic","url":"https:\/\/ru.law\/en\/author\/ommatic\/"}]}},"uagb_featured_image_src":{"full":["https:\/\/ru.law\/wp-content\/uploads\/2025\/09\/AdobeStock_1602066902-scaled.jpeg",2560,1707,false],"thumbnail":["https:\/\/ru.law\/wp-content\/uploads\/2025\/09\/AdobeStock_1602066902-scaled.jpeg",128,85,false],"medium":["https:\/\/ru.law\/wp-content\/uploads\/2025\/09\/AdobeStock_1602066902-scaled.jpeg",2560,1707,false],"medium_large":["https:\/\/ru.law\/wp-content\/uploads\/2025\/09\/AdobeStock_1602066902-768x512.jpeg",768,512,true],"large":["https:\/\/ru.law\/wp-content\/uploads\/2025\/09\/AdobeStock_1602066902-scaled.jpeg",2560,1707,false],"1536x1536":["https:\/\/ru.law\/wp-content\/uploads\/2025\/09\/AdobeStock_1602066902-1536x1024.jpeg",1536,1024,true],"2048x2048":["https:\/\/ru.law\/wp-content\/uploads\/2025\/09\/AdobeStock_1602066902-2048x1365.jpeg",2048,1365,true],"trp-custom-language-flag":["https:\/\/ru.law\/wp-content\/uploads\/2025\/09\/AdobeStock_1602066902-18x12.jpeg",18,12,true]},"uagb_author_info":{"display_name":"ommatic","author_link":"https:\/\/ru.law\/en\/author\/ommatic\/"},"uagb_comment_info":0,"uagb_excerpt":"BMW l\u00f6st weltweit einen R\u00fcckruf von Hunderttausenden Fahrzeugen aus \u2013 Grund ist ein Defekt am Starter. Nach Angaben des Herstellers kann das Problem im schlimmsten [&hellip;]","_links":{"self":[{"href":"https:\/\/ru.law\/en\/wp-json\/wp\/v2\/posts\/93296","targetHints":{"allow":["GET"]}}],"collection":[{"href":"https:\/\/ru.law\/en\/wp-json\/wp\/v2\/posts"}],"about":[{"href":"https:\/\/ru.law\/en\/wp-json\/wp\/v2\/types\/post"}],"author":[{"embeddable":true,"href":"https:\/\/ru.law\/en\/wp-json\/wp\/v2\/users\/54"}],"replies":[{"embeddable":true,"href":"https:\/\/ru.law\/en\/wp-json\/wp\/v2\/comments?post=93296"}],"version-history":[{"count":0,"href":"https:\/\/ru.law\/en\/wp-json\/wp\/v2\/posts\/93296\/revisions"}],"wp:featuredmedia":[{"embeddable":true,"href":"https:\/\/ru.law\/en\/wp-json\/wp\/v2\/media\/93297"}],"wp:attachment":[{"href":"https:\/\/ru.law\/en\/wp-json\/wp\/v2\/media?parent=93296"}],"wp:term":[{"taxonomy":"category","embeddable":true,"href":"https:\/\/ru.law\/en\/wp-json\/wp\/v2\/categories?post=93296"},{"taxonomy":"post_tag","embeddable":true,"href":"https:\/\/ru.law\/en\/wp-json\/wp\/v2\/tags?post=93296"}],"curies":[{"name":"wp","href":"https:\/\/api.w.org\/{rel}","templated":true}]}}