{"id":9056,"date":"2020-10-17T12:00:00","date_gmt":"2020-10-17T10:00:00","guid":{"rendered":"https:\/\/ru.law\/?p=9056"},"modified":"2024-07-08T13:12:47","modified_gmt":"2024-07-08T11:12:47","slug":"abgasskandal-prozessbetrug-bgh-urteil-zur-vw-ad-hoc-mitteilung","status":"publish","type":"post","link":"https:\/\/ru.law\/en\/abgasskandal-prozessbetrug-bgh-urteil-zur-vw-ad-hoc-mitteilung\/","title":{"rendered":"The scandal in the emissions scandal - did VW win the BGH ruling on the purchase after ad-hoc notification through process fraud?"},"content":{"rendered":"<h2 class=\"wp-block-heading\" id=\"neue-hoffnung-fur-diesel-kaufer-die-ihr-fahrzeug-nach-dem-22-09-2015-erworben-haben\"><strong>New hope for diesel buyers who purchased their vehicle after September 22, 2015<\/strong>.<\/h2>\n\n\n\n<p>In its judgment of July 30, 2020, the Federal Court of Justice ruled on the case of a plaintiff who bought his diesel vehicle in August 2016, almost 11 months after the publication of the \u201cad hoc announcement\u201d by Volkswagen AG.<\/p>\n\n\n\n<p>In contrast to the fundamental ruling in <a href=\"https:\/\/ru.law\/en\/expertise\/abgasskandal\/\">diesel emissions scandal<\/a> of 05.05.2020, where the Senate had affirmed claims against the Volkswagen Group for intentional immoral damage, the <a href=\"https:\/\/ru.law\/en\/bgh-urteil-vw-hat-seine-kunden-vorsaetzlich-und-sittenwidrig-getaeuscht\/\">BGH<\/a>, here the claim for damages. In the opinion of the Senate, \u201c<em>VW&#039;s communication of 22 September 2015 is likely to destroy the confidence of potential buyers of used cars with VW diesel engines in the correct exhaust emission technology and to eliminate the innocence in this regard.&quot;<\/em><\/p>\n\n\n\n<p><strong>In plain English: From this point on, buyers of used VW vehicles with diesel engines could no longer expect a compliant vehicle from the VW Group<em>.<\/em><\/strong><\/p>\n\n\n\n<p>A sentence that you have to let roll around on your tongue in many ways.<\/p>\n\n\n\n<p>Surprisingly, according to the BGH, this statement was not challenged by the plaintiff in the specific case under consideration.<\/p>\n\n\n\n<h3 class=\"wp-block-heading\" id=\"in-der-ad-hoc-mitteilung-von-vw-steckt-kein-funkchen-wahrheit\"><strong>There is no grain of truth in VW\u2019s ad hoc announcement<\/strong><\/h3>\n\n\n\n<p>Original sound partner Dr. Marco Rogert<em>: But that should definitely have been done, in other words, denied \u2013 as we lawyers put it!<\/em> <em>At R &amp; U, we have analyzed the decisive reasons for the Federal Court of Justice&#039;s ruling in detail and found that the July ruling on &quot;ad hoc purchases&quot; is based on the assumption that Volkswagen AG had &quot;come clean&quot; with its announcement of September 22, 2015. But VW has not done so - on the contrary!<\/em><\/p>\n\n\n\n<p><strong>There is not a shred of truth in the third sentence of the ad hoc communication. It reads: \u201c<em>The software in question does not affect driving behavior, consumption or emissions.\u201d<\/em><\/strong><\/p>\n\n\n\n<p>Original sound partner Dr. Marco Rogert: <em>In the case of the EA 189, the scandalous engine that made the emissions scandal known, no court has since denied that the &quot;complained software&quot; does indeed influence the vehicles&#039; exhaust emissions. It was used for the sole purpose of reducing emissions on the test bench in order to create the illusion that the legal limits were being complied with.<\/em><\/p>\n\n\n\n<h3 class=\"wp-block-heading\" id=\"der-inhalt-der-ad-hoc-mitteilung-wurde-falsch-formuliert-um-den-skandal-herunterzuspielen\"><strong>The content of the ad hoc communication was incorrectly worded in order to downplay the scandal<\/strong><\/h3>\n\n\n\n<p>So the willingness of those responsible in Wolfsburg to provide clarification cannot have been that great back then.<\/p>\n\n\n\n<p>Original sound partner Dr. Marco Rogert: <em>Rather, it can be assumed that this content in particular was deliberately formulated incorrectly and incompletely in order to deceive potential buyers and diesel drivers in particular and thus downplay the scandal. The aim was not to inform consumers, but rather to limit the damage to the company.<\/em><\/p>\n\n\n\n<h3 class=\"wp-block-heading\" id=\"strafanzeige-gegen-die-verantwortlichen-des-vw-konzerns-abgewiesene-klagen-konnten-erneut-aufgerollt-werden\"><strong>Criminal charges filed against those responsible at the VW Group \u2013 dismissed lawsuits could be reopened<\/strong><\/h3>\n\n\n\n<p>The R &amp; U law firm sees itself as a representative of the interests of its clients \u2013 thousands of victims from Germany and abroad \u2013 and as an organ of the legal system obliged to make this fact public.<\/p>\n\n\n\n<div class=\"wp-block-columns header__gradient_blog ghostkit-custom-xNr4Y is-layout-flex wp-container-core-columns-is-layout-28f84493 wp-block-columns-is-layout-flex\">\n<div class=\"wp-block-column is-vertically-aligned-top is-layout-flow wp-block-column-is-layout-flow\" style=\"flex-basis:20%\">\n<figure class=\"wp-block-image size-large zitat\"><img loading=\"lazy\" decoding=\"async\" width=\"800\" height=\"800\" src=\"https:\/\/ru.law\/wp-content\/uploads\/2020\/09\/marco_rogert.jpg\" alt=\"\" class=\"wp-image-7473\" srcset=\"https:\/\/ru.law\/wp-content\/uploads\/2020\/09\/marco_rogert.jpg 800w, https:\/\/ru.law\/wp-content\/uploads\/2020\/09\/marco_rogert-300x300.jpg 300w, https:\/\/ru.law\/wp-content\/uploads\/2020\/09\/marco_rogert-150x150.jpg 150w, https:\/\/ru.law\/wp-content\/uploads\/2020\/09\/marco_rogert-768x768.jpg 768w, https:\/\/ru.law\/wp-content\/uploads\/2020\/09\/marco_rogert-500x500.jpg 500w\" sizes=\"auto, (max-width: 800px) 100vw, 800px\" \/><\/figure>\n<\/div>\n\n\n\n<div class=\"wp-block-column is-vertically-aligned-center ghostkit-custom-1SOwj2 is-layout-flow wp-block-column-is-layout-flow\" style=\"flex-basis:80%\">\n<p>&quot;We have filed a criminal complaint against those responsible at the VW Group. Significant evidence for the false and incomplete ad hoc notification also arises from new findings by the Munich public prosecutor&#039;s office and the Federal Motor Transport Authority (KBA).&quot;<\/p>\n\n\n\n<p>Learn more in the <a href=\"https:\/\/www.focus.de\/auto\/experten\/rogert\/ea288-motoren-vw-will-neue-diesel-klagewelle-verhindern-mit-erfolg_id_12534790.html\"><span class=\"has-inline-color has-cyan-bluish-gray-color\">Handelsblatt<\/span><\/a>!<\/p>\n\n\n\n<p class=\"has-text-align-left\">Partner Dr. Marco Rogert <\/p>\n<\/div>\n<\/div>\n\n\n\n<p><em>We will defend ourselves against all decisions based on this BGH ruling (ad hoc ruling) from July. Even lawsuits that have already been legally dismissed could be reopened in the event of a criminal conviction of VW for fraudulent proceedings.<\/em><\/p>\n\n\n\n<h3 class=\"wp-block-heading\" id=\"fast-alle-euro-6-diesel-fahrzeugmodelle-von-vw-audi-und-porsche-zuruckgerufen-fahrzeuge-mit-dem-ea288-motor-ebenfalls-betroffen\"><strong>Almost all Euro 6 diesel vehicle models from VW, Audi and Porsche recalled. Vehicles with the EA288 engine also affected<\/strong><\/h3>\n\n\n\n<p>The second sentence of the ad hoc announcement, \u201cThe new EU 6 diesel-powered cars from the Volkswagen Group currently offered in the European Union meet the legal requirements and environmental standards,\u201d also seems less credible today.<\/p>\n\n\n\n<p>In fact, almost all 3.0 liter diesel vehicle models of the brands <a href=\"https:\/\/ru.law\/en\/expertise\/abgasskandal\/vw-diesel\/\">VW<\/a>, <a href=\"https:\/\/ru.law\/en\/expertise\/abgasskandal\/audi-diesel\/\">Audi<\/a> and <a href=\"https:\/\/ru.law\/en\/expertise\/abgasskandal\/porsche-diesel\/\">Porsche<\/a>, the Euro 6 emissions class, have already been recalled by the KBA due to illegal switch-off devices. Further recalls are currently being issued for the 3.0 liter models in the Euro 5 emissions class.<\/p>\n\n\n\n<p>Original sound partner Dr. Marco Rogert: <em>And that&#039;s not the end of the story. There are also legitimate doubts about whether the successor to the scandalous EA189 engine - the EA 288 - is clean for the group&#039;s 2.0 liter diesel models. Here, too, we already have 8 regional courts that have sentenced VW to pay damages in the first instance.<\/em><\/p>\n\n\n\n<p>An internal document proves that there was a written instruction to also use the manipulation software used in the scandal engine EA 189 in the EA 288 vehicles - at least until week 22 of 2016.<\/p>\n\n\n\n<p>In retrospect, the idea that the foundation for VW AG&#039;s transformation from Saul to Paul in the emissions scandal was laid with the ad hoc announcement in autumn 2015 seems more than refuted and certainly also criminally relevant.<\/p>\n\n\n\n<p>The end of the emissions scandal is still far from in sight.<\/p>\n\n\n\n<h4 class=\"wp-block-heading\" id=\"hier-noch-einmal-die-ad-hoc-mitteilung-der-volkswagen-ag-vom-22-09-2015\"><strong>Here again is the ad hoc announcement from Volkswagen AG dated September 22, 2015:<\/strong><\/h4>\n\n\n\n<h5 class=\"wp-block-heading\" id=\"volkswagen-ag-informiert\">Volkswagen AG informs:<\/h5>\n\n\n\n<p>Volkswagen is working hard to clarify irregularities in the software used in diesel engines. The new cars from the Volkswagen Group with EU 6 diesel engines currently offered in the European Union meet the legal requirements and environmental standards. The software in question does not affect driving behavior, consumption or emissions. This provides clarity for customers and dealers.<\/p>\n\n\n\n<p>Further internal tests to date have shown that the control software in question is also present in other diesel vehicles of the Volkswagen Group. The software has no effect on the majority of these engines.<\/p>\n\n\n\n<p>Vehicles with EA 189 engines are conspicuous, with a total volume of around eleven million vehicles worldwide. A noticeable deviation between test bench values and real driving conditions was only found for this engine type. Volkswagen is working hard to eliminate these deviations with technical measures. The company is currently in contact with the responsible authorities and the German Federal Motor Transport Authority.<\/p>\n\n\n\n<p>To cover necessary service measures and further efforts to regain the trust of our customers, <a href=\"https:\/\/ru.law\/en\/expertise\/abgasskandal\/vw-diesel\/\">Volkswagen<\/a>, to set aside around 6.5 billion euros in the third quarter of the current financial year. Due to the ongoing investigations, the assumed amount is subject to estimation risks. The Group&#039;s earnings targets for 2015 will be adjusted accordingly.<\/p>\n\n\n\n<p>Volkswagen does not tolerate any violations of the law. The Board of Management&#039;s primary goal remains to regain lost trust and prevent damage to our customers. The Group will continuously and transparently inform the public about the further progress of the investigation.<\/p>\n\n\n\n<section class=\"wp-block-uagb-columns uagb-columns__wrap uagb-columns__background-undefined uagb-columns__stack-mobile uagb-columns__valign-undefined uagb-columns__gap-10 alignundefined uagb-block-a63b8d4d contrast blog_beitraege\"><div class=\"uagb-columns__overlay\"><\/div><div class=\"uagb-columns__inner-wrap uagb-columns__columns-1\">\n<div class=\"wp-block-uagb-column uagb-column__wrap uagb-column__background-undefined uagb-block-6e00ddba\"><div class=\"uagb-column__overlay\"><\/div><div class=\"uagb-column__inner-wrap\">\n<h3 class=\"wp-block-heading\" id=\"das-konnte-sie-auch-interessieren\">You might also be interested in:<\/h3>\n\n\n\n\t\t\t<div class=\"wp-block-uagb-post-grid uagb-post-grid  uagb-post__image-position-top uagb-post__image-enabled uagb-block-ff875f2e     uagb-post__items uagb-post__columns-3 is-grid uagb-post__columns-tablet-2 uagb-post__columns-mobile-1 uagb-post__equal-height\" data-total=\"2\" style=\"\">\n\n\t\t\t\t\t\t\t\t\t\t\t\t<article class=\"uagb-post__inner-wrap\">\t\t\t\t\t\t\t\t<div class='uagb-post__image'>\n\t\t\t\t\t\t\t\t\t<a href=\"https:\/\/ru.law\/en\/diesel-ueberholt-benzinpreis-jetzt-erst-recht\/\" target=\"_self\" rel=\"bookmark noopener noreferrer\" class='uagb-image-ratio-inherit'><img loading=\"lazy\" decoding=\"async\" width=\"1024\" height=\"576\" src=\"https:\/\/ru.law\/wp-content\/uploads\/2022\/03\/2021-News-Header-1200x675-2972-1024x576.jpg\" class=\"attachment-large size-large\" alt=\"Rogert-Ulbrich-Rechtsanwaelte-Kanzlei-Diesel-Benzin-Preise\" srcset=\"https:\/\/ru.law\/wp-content\/uploads\/2022\/03\/2021-News-Header-1200x675-2972-1024x576.jpg 1024w, https:\/\/ru.law\/wp-content\/uploads\/2022\/03\/2021-News-Header-1200x675-2972-300x169.jpg 300w, https:\/\/ru.law\/wp-content\/uploads\/2022\/03\/2021-News-Header-1200x675-2972-768x432.jpg 768w, https:\/\/ru.law\/wp-content\/uploads\/2022\/03\/2021-News-Header-1200x675-2972.jpg 1200w\" sizes=\"auto, (max-width: 1024px) 100vw, 1024px\" \/>\t\t\t\t\t<\/a>\n\t\t\t\t\t\t\t<\/div>\n\t\t\t\t\t\t<h4 class=\"uagb-post__title uagb-post__text\">\n\t\t\t\t<a href=\"https:\/\/ru.law\/en\/diesel-ueberholt-benzinpreis-jetzt-erst-recht\/\" target=\"_self\" rel=\"bookmark noopener noreferrer\">Record prices for diesel - Now is the time to reverse your car<\/a>\n\t\t\t<\/h4>\n\t\t\t\t\t\t<div class='uagb-post__text uagb-post-grid-byline'>\n\t\t\t\t\t\t\t<\/div>\n\t\t\t\t\t\t\t<div class='uagb-post__text uagb-post__excerpt'>\n\t\t\t\t\t<p>Diesel is at a record high in Germany and petrol is also approaching a\u2026\t\t\t\t<\/div>\n\t\t\t\t\t\t<div class=\"uagb-post__text uagb-post__cta wp-block-button\">\n\t\t\t\t<a class=\"wp-block-button__link uagb-text-link\" style=\"\" href=\"https:\/\/ru.law\/en\/diesel-ueberholt-benzinpreis-jetzt-erst-recht\/\" target=\"_self\" rel=\"bookmark noopener noreferrer\">Read More<\/a>\n\t\t\t<\/div>\n\t\t\t\n\t\t\t\t\t\t\t\t<a class=\"uagb-post__link-complete-box\" href=\"https:\/\/ru.law\/en\/diesel-ueberholt-benzinpreis-jetzt-erst-recht\/\" target=\"_self\" rel=\"bookmark noopener noreferrer\"><\/a>\n\t\t\t\t\t\t\t<\/article>\n\t\t\t\t\t\t\t\t\t\t\t\t\t\t\t\t<article class=\"uagb-post__inner-wrap\">\t\t\t\t\t\t\t\t<div class='uagb-post__image'>\n\t\t\t\t\t\t\t\t\t<a href=\"https:\/\/ru.law\/en\/vtdi-abgasskandal-rund-um-vw-audi-und-porsche\/\" target=\"_self\" rel=\"bookmark noopener noreferrer\" class='uagb-image-ratio-inherit'><img loading=\"lazy\" decoding=\"async\" width=\"1024\" height=\"576\" src=\"https:\/\/ru.law\/wp-content\/uploads\/2022\/01\/Rogert-Ulbrich-Rechtsanwaelte-Kanzlei-Abgasskandal-Audi-Verjaehrung-2022-1024x576.jpg\" class=\"attachment-large size-large\" alt=\"\" srcset=\"https:\/\/ru.law\/wp-content\/uploads\/2022\/01\/Rogert-Ulbrich-Rechtsanwaelte-Kanzlei-Abgasskandal-Audi-Verjaehrung-2022-1024x576.jpg 1024w, https:\/\/ru.law\/wp-content\/uploads\/2022\/01\/Rogert-Ulbrich-Rechtsanwaelte-Kanzlei-Abgasskandal-Audi-Verjaehrung-2022-300x169.jpg 300w, https:\/\/ru.law\/wp-content\/uploads\/2022\/01\/Rogert-Ulbrich-Rechtsanwaelte-Kanzlei-Abgasskandal-Audi-Verjaehrung-2022-768x432.jpg 768w, https:\/\/ru.law\/wp-content\/uploads\/2022\/01\/Rogert-Ulbrich-Rechtsanwaelte-Kanzlei-Abgasskandal-Audi-Verjaehrung-2022.jpg 1200w\" sizes=\"auto, (max-width: 1024px) 100vw, 1024px\" \/>\t\t\t\t\t<\/a>\n\t\t\t\t\t\t\t<\/div>\n\t\t\t\t\t\t<h4 class=\"uagb-post__title uagb-post__text\">\n\t\t\t\t<a href=\"https:\/\/ru.law\/en\/vtdi-abgasskandal-rund-um-vw-audi-und-porsche\/\" target=\"_self\" rel=\"bookmark noopener noreferrer\">VTDI emissions scandal involving VW, Audi and Porsche<\/a>\n\t\t\t<\/h4>\n\t\t\t\t\t\t<div class='uagb-post__text uagb-post-grid-byline'>\n\t\t\t\t\t\t\t<\/div>\n\t\t\t\t\t\t\t<div class='uagb-post__text uagb-post__excerpt'>\n\t\t\t\t\t<p>For many German car manufacturers, the diesel emissions scandal is still omnipresent, including the VW Group\u2026\t\t\t\t<\/div>\n\t\t\t\t\t\t<div class=\"uagb-post__text uagb-post__cta wp-block-button\">\n\t\t\t\t<a class=\"wp-block-button__link uagb-text-link\" style=\"\" href=\"https:\/\/ru.law\/en\/vtdi-abgasskandal-rund-um-vw-audi-und-porsche\/\" target=\"_self\" rel=\"bookmark noopener noreferrer\">Read More<\/a>\n\t\t\t<\/div>\n\t\t\t\n\t\t\t\t\t\t\t\t<a class=\"uagb-post__link-complete-box\" href=\"https:\/\/ru.law\/en\/vtdi-abgasskandal-rund-um-vw-audi-und-porsche\/\" target=\"_self\" rel=\"bookmark noopener noreferrer\"><\/a>\n\t\t\t\t\t\t\t<\/article>\n\t\t\t\t\t\t\t\t\t\t\t\t\t\t\t\t<article class=\"uagb-post__inner-wrap\">\t\t\t\t\t\t\t\t<div class='uagb-post__image'>\n\t\t\t\t\t\t\t\t\t<a href=\"https:\/\/ru.law\/en\/olg-koeln-verurteilt-audi-ag\/\" target=\"_self\" rel=\"bookmark noopener noreferrer\" class='uagb-image-ratio-inherit'><img loading=\"lazy\" decoding=\"async\" width=\"1024\" height=\"576\" src=\"https:\/\/ru.law\/wp-content\/uploads\/2021\/09\/rogert-ulbrich-rechtsanwalt-kanzlei-abgasskandal-premium-modelle-porsche-42l-1024x576.jpg\" class=\"attachment-large size-large\" alt=\"\" srcset=\"https:\/\/ru.law\/wp-content\/uploads\/2021\/09\/rogert-ulbrich-rechtsanwalt-kanzlei-abgasskandal-premium-modelle-porsche-42l-1024x576.jpg 1024w, https:\/\/ru.law\/wp-content\/uploads\/2021\/09\/rogert-ulbrich-rechtsanwalt-kanzlei-abgasskandal-premium-modelle-porsche-42l-300x169.jpg 300w, https:\/\/ru.law\/wp-content\/uploads\/2021\/09\/rogert-ulbrich-rechtsanwalt-kanzlei-abgasskandal-premium-modelle-porsche-42l-768x432.jpg 768w, https:\/\/ru.law\/wp-content\/uploads\/2021\/09\/rogert-ulbrich-rechtsanwalt-kanzlei-abgasskandal-premium-modelle-porsche-42l.jpg 1200w\" sizes=\"auto, (max-width: 1024px) 100vw, 1024px\" \/>\t\t\t\t\t<\/a>\n\t\t\t\t\t\t\t<\/div>\n\t\t\t\t\t\t<h4 class=\"uagb-post__title uagb-post__text\">\n\t\t\t\t<a href=\"https:\/\/ru.law\/en\/olg-koeln-verurteilt-audi-ag\/\" target=\"_self\" rel=\"bookmark noopener noreferrer\">Audi AG ordered to take back a Porsche Cayenne S<\/a>\n\t\t\t<\/h4>\n\t\t\t\t\t\t<div class='uagb-post__text uagb-post-grid-byline'>\n\t\t\t\t\t\t\t<\/div>\n\t\t\t\t\t\t\t<div class='uagb-post__text uagb-post__excerpt'>\n\t\t\t\t\t<p>Audi AG was ordered by the Cologne Higher Regional Court to take back a Porsche Cayenne S 4.2l\u2026.\t\t\t\t<\/div>\n\t\t\t\t\t\t<div class=\"uagb-post__text uagb-post__cta wp-block-button\">\n\t\t\t\t<a class=\"wp-block-button__link uagb-text-link\" style=\"\" href=\"https:\/\/ru.law\/en\/olg-koeln-verurteilt-audi-ag\/\" target=\"_self\" rel=\"bookmark noopener noreferrer\">Read More<\/a>\n\t\t\t<\/div>\n\t\t\t\n\t\t\t\t\t\t\t\t<a class=\"uagb-post__link-complete-box\" href=\"https:\/\/ru.law\/en\/olg-koeln-verurteilt-audi-ag\/\" target=\"_self\" rel=\"bookmark noopener noreferrer\"><\/a>\n\t\t\t\t\t\t\t<\/article>\n\t\t\t\t\t\t\t\t\t\t\t<\/div>\n\t\t\t\n\n\n<p><\/p>\n<\/div><\/div>\n<\/div><\/section>\n\n\n\n<p><\/p>","protected":false},"excerpt":{"rendered":"<p>Neue Hoffnung f\u00fcr Diesel-K\u00e4ufer, die ihr Fahrzeug nach dem 22.09.2015 erworben haben. Mit Urteil vom 30.07.2020 hat der BGH \u00fcber den Fall eines Kl\u00e4gers entschieden, [&hellip;]<\/p>\n","protected":false},"author":21,"featured_media":8652,"comment_status":"closed","ping_status":"open","sticky":false,"template":"","format":"standard","meta":{"_uag_custom_page_level_css":"","site-sidebar-layout":"default","site-content-layout":"default","ast-site-content-layout":"default","site-content-style":"default","site-sidebar-style":"default","ast-global-header-display":"","ast-banner-title-visibility":"","ast-main-header-display":"","ast-hfb-above-header-display":"","ast-hfb-below-header-display":"","ast-hfb-mobile-header-display":"","site-post-title":"","ast-breadcrumbs-content":"","ast-featured-img":"","footer-sml-layout":"","ast-disable-related-posts":"","theme-transparent-header-meta":"default","adv-header-id-meta":"","stick-header-meta":"","header-above-stick-meta":"","header-main-stick-meta":"","header-below-stick-meta":"","astra-migrate-meta-layouts":"default","ast-page-background-enabled":"default","ast-page-background-meta":{"desktop":{"background-color":"","background-image":"","background-repeat":"repeat","background-position":"center center","background-size":"auto","background-attachment":"scroll","background-type":"","background-media":"","overlay-type":"","overlay-color":"","overlay-opacity":"","overlay-gradient":""},"tablet":{"background-color":"","background-image":"","background-repeat":"repeat","background-position":"center center","background-size":"auto","background-attachment":"scroll","background-type":"","background-media":"","overlay-type":"","overlay-color":"","overlay-opacity":"","overlay-gradient":""},"mobile":{"background-color":"","background-image":"","background-repeat":"repeat","background-position":"center center","background-size":"auto","background-attachment":"scroll","background-type":"","background-media":"","overlay-type":"","overlay-color":"","overlay-opacity":"","overlay-gradient":""}},"ast-content-background-meta":{"desktop":{"background-color":"var(--ast-global-color-5)","background-image":"","background-repeat":"repeat","background-position":"center center","background-size":"auto","background-attachment":"scroll","background-type":"","background-media":"","overlay-type":"","overlay-color":"","overlay-opacity":"","overlay-gradient":""},"tablet":{"background-color":"var(--ast-global-color-5)","background-image":"","background-repeat":"repeat","background-position":"center center","background-size":"auto","background-attachment":"scroll","background-type":"","background-media":"","overlay-type":"","overlay-color":"","overlay-opacity":"","overlay-gradient":""},"mobile":{"background-color":"var(--ast-global-color-5)","background-image":"","background-repeat":"repeat","background-position":"center center","background-size":"auto","background-attachment":"scroll","background-type":"","background-media":"","overlay-type":"","overlay-color":"","overlay-opacity":"","overlay-gradient":""}},"footnotes":""},"categories":[2,507],"tags":[9,14,20,31,45],"class_list":["post-9056","post","type-post","status-publish","format-standard","has-post-thumbnail","hentry","category-abgasskandal","category-urteile","tag-audi","tag-bgh","tag-ea288","tag-porsche","tag-vw"],"yoast_head":"<!-- This site is optimized with the Yoast SEO Premium plugin v27.4 (Yoast SEO v27.4) - https:\/\/yoast.com\/product\/yoast-seo-premium-wordpress\/ -->\n<title>VW Abgassakandal - BGH Urteil durch Prozessbetrug - R&amp;U<\/title>\n<meta name=\"description\" content=\"Neue Hoffnung f\u00fcr Diesel-K\u00e4ufer im VW Abgasskandal! BGH Urteil zur VW ad-hoc Mitteilung durch Prozessbetrug erstritten? Jetzt informieren!\" \/>\n<meta name=\"robots\" content=\"index, follow, max-snippet:-1, max-image-preview:large, max-video-preview:-1\" \/>\n<link rel=\"canonical\" href=\"https:\/\/ru.law\/en\/abgasskandal-prozessbetrug-bgh-urteil-zur-vw-ad-hoc-mitteilung\/\" \/>\n<meta property=\"og:locale\" content=\"en_GB\" \/>\n<meta property=\"og:type\" content=\"article\" \/>\n<meta property=\"og:title\" content=\"Der Skandal im Abgasskandal- hat VW das BGH Urteil zum Kauf nach ad-hoc Mitteilung durch Prozessbetrug erstritten?\" \/>\n<meta property=\"og:description\" content=\"Neue Hoffnung f\u00fcr Diesel-K\u00e4ufer im VW Abgasskandal! BGH Urteil zur VW ad-hoc Mitteilung durch Prozessbetrug erstritten? Jetzt informieren!\" \/>\n<meta property=\"og:url\" content=\"https:\/\/ru.law\/en\/abgasskandal-prozessbetrug-bgh-urteil-zur-vw-ad-hoc-mitteilung\/\" \/>\n<meta property=\"og:site_name\" content=\"R&amp;U\" \/>\n<meta property=\"article:publisher\" content=\"https:\/\/www.facebook.com\/RogertUlbrich\/\" \/>\n<meta property=\"article:published_time\" content=\"2020-10-17T10:00:00+00:00\" \/>\n<meta property=\"article:modified_time\" content=\"2024-07-08T11:12:47+00:00\" \/>\n<meta property=\"og:image\" content=\"https:\/\/ru.law\/wp-content\/uploads\/2020\/10\/abgasskandal-fahrzeuge.jpg\" \/>\n\t<meta property=\"og:image:width\" content=\"1400\" \/>\n\t<meta property=\"og:image:height\" content=\"800\" \/>\n\t<meta property=\"og:image:type\" content=\"image\/jpeg\" \/>\n<meta name=\"author\" content=\"Marco Rogert\" \/>\n<meta name=\"twitter:card\" content=\"summary_large_image\" \/>\n<meta name=\"twitter:creator\" content=\"@RogertUlbrich\" \/>\n<meta name=\"twitter:site\" content=\"@RogertUlbrich\" \/>\n<script type=\"application\/ld+json\" class=\"yoast-schema-graph\">{\"@context\":\"https:\\\/\\\/schema.org\",\"@graph\":[{\"@type\":\"Article\",\"@id\":\"https:\\\/\\\/ru.law\\\/abgasskandal-prozessbetrug-bgh-urteil-zur-vw-ad-hoc-mitteilung\\\/#article\",\"isPartOf\":{\"@id\":\"https:\\\/\\\/ru.law\\\/abgasskandal-prozessbetrug-bgh-urteil-zur-vw-ad-hoc-mitteilung\\\/\"},\"author\":{\"name\":\"Marco Rogert\",\"@id\":\"https:\\\/\\\/ru.law\\\/#\\\/schema\\\/person\\\/b020d506e6bbc471b4565d3a98173b87\"},\"headline\":\"Der Skandal im Abgasskandal- hat VW das BGH Urteil zum Kauf nach ad-hoc Mitteilung durch Prozessbetrug erstritten?\",\"datePublished\":\"2020-10-17T10:00:00+00:00\",\"dateModified\":\"2024-07-08T11:12:47+00:00\",\"mainEntityOfPage\":{\"@id\":\"https:\\\/\\\/ru.law\\\/abgasskandal-prozessbetrug-bgh-urteil-zur-vw-ad-hoc-mitteilung\\\/\"},\"wordCount\":1054,\"publisher\":{\"@id\":\"https:\\\/\\\/ru.law\\\/#organization\"},\"image\":{\"@id\":\"https:\\\/\\\/ru.law\\\/abgasskandal-prozessbetrug-bgh-urteil-zur-vw-ad-hoc-mitteilung\\\/#primaryimage\"},\"thumbnailUrl\":\"https:\\\/\\\/ru.law\\\/wp-content\\\/uploads\\\/2020\\\/10\\\/abgasskandal-fahrzeuge.jpg\",\"keywords\":[\"Audi\",\"BGH\",\"EA288\",\"Porsche\",\"VW\"],\"articleSection\":[\"Abgasskandal\",\"Urteile\"],\"inLanguage\":\"en-GB\"},{\"@type\":\"WebPage\",\"@id\":\"https:\\\/\\\/ru.law\\\/abgasskandal-prozessbetrug-bgh-urteil-zur-vw-ad-hoc-mitteilung\\\/\",\"url\":\"https:\\\/\\\/ru.law\\\/abgasskandal-prozessbetrug-bgh-urteil-zur-vw-ad-hoc-mitteilung\\\/\",\"name\":\"VW Abgassakandal - BGH Urteil durch Prozessbetrug - R&amp;U\",\"isPartOf\":{\"@id\":\"https:\\\/\\\/ru.law\\\/#website\"},\"primaryImageOfPage\":{\"@id\":\"https:\\\/\\\/ru.law\\\/abgasskandal-prozessbetrug-bgh-urteil-zur-vw-ad-hoc-mitteilung\\\/#primaryimage\"},\"image\":{\"@id\":\"https:\\\/\\\/ru.law\\\/abgasskandal-prozessbetrug-bgh-urteil-zur-vw-ad-hoc-mitteilung\\\/#primaryimage\"},\"thumbnailUrl\":\"https:\\\/\\\/ru.law\\\/wp-content\\\/uploads\\\/2020\\\/10\\\/abgasskandal-fahrzeuge.jpg\",\"datePublished\":\"2020-10-17T10:00:00+00:00\",\"dateModified\":\"2024-07-08T11:12:47+00:00\",\"description\":\"Neue Hoffnung f\u00fcr Diesel-K\u00e4ufer im VW Abgasskandal! BGH Urteil zur VW ad-hoc Mitteilung durch Prozessbetrug erstritten? Jetzt informieren!\",\"breadcrumb\":{\"@id\":\"https:\\\/\\\/ru.law\\\/abgasskandal-prozessbetrug-bgh-urteil-zur-vw-ad-hoc-mitteilung\\\/#breadcrumb\"},\"inLanguage\":\"en-GB\",\"potentialAction\":[{\"@type\":\"ReadAction\",\"target\":[\"https:\\\/\\\/ru.law\\\/abgasskandal-prozessbetrug-bgh-urteil-zur-vw-ad-hoc-mitteilung\\\/\"]}]},{\"@type\":\"ImageObject\",\"inLanguage\":\"en-GB\",\"@id\":\"https:\\\/\\\/ru.law\\\/abgasskandal-prozessbetrug-bgh-urteil-zur-vw-ad-hoc-mitteilung\\\/#primaryimage\",\"url\":\"https:\\\/\\\/ru.law\\\/wp-content\\\/uploads\\\/2020\\\/10\\\/abgasskandal-fahrzeuge.jpg\",\"contentUrl\":\"https:\\\/\\\/ru.law\\\/wp-content\\\/uploads\\\/2020\\\/10\\\/abgasskandal-fahrzeuge.jpg\",\"width\":1400,\"height\":800,\"caption\":\"Abgasskandal Fahrzeuge\"},{\"@type\":\"BreadcrumbList\",\"@id\":\"https:\\\/\\\/ru.law\\\/abgasskandal-prozessbetrug-bgh-urteil-zur-vw-ad-hoc-mitteilung\\\/#breadcrumb\",\"itemListElement\":[{\"@type\":\"ListItem\",\"position\":1,\"name\":\"Startseite\",\"item\":\"https:\\\/\\\/ru.law\\\/\"},{\"@type\":\"ListItem\",\"position\":2,\"name\":\"Der Skandal im Abgasskandal- hat VW das BGH Urteil zum Kauf nach ad-hoc Mitteilung durch Prozessbetrug erstritten?\"}]},{\"@type\":\"WebSite\",\"@id\":\"https:\\\/\\\/ru.law\\\/#website\",\"url\":\"https:\\\/\\\/ru.law\\\/\",\"name\":\"R&U\",\"description\":\"Verbraucheranw\u00e4lte\",\"publisher\":{\"@id\":\"https:\\\/\\\/ru.law\\\/#organization\"},\"alternateName\":\"Rogert & Ulbrich\",\"potentialAction\":[{\"@type\":\"SearchAction\",\"target\":{\"@type\":\"EntryPoint\",\"urlTemplate\":\"https:\\\/\\\/ru.law\\\/?s={search_term_string}\"},\"query-input\":{\"@type\":\"PropertyValueSpecification\",\"valueRequired\":true,\"valueName\":\"search_term_string\"}}],\"inLanguage\":\"en-GB\"},{\"@type\":\"Organization\",\"@id\":\"https:\\\/\\\/ru.law\\\/#organization\",\"name\":\"Kanzlei Rogert & Ulbrich\",\"url\":\"https:\\\/\\\/ru.law\\\/\",\"logo\":{\"@type\":\"ImageObject\",\"inLanguage\":\"en-GB\",\"@id\":\"https:\\\/\\\/ru.law\\\/#\\\/schema\\\/logo\\\/image\\\/\",\"url\":\"https:\\\/\\\/ru.law\\\/wp-content\\\/uploads\\\/2020\\\/12\\\/logo-ru-law.svg\",\"contentUrl\":\"https:\\\/\\\/ru.law\\\/wp-content\\\/uploads\\\/2020\\\/12\\\/logo-ru-law.svg\",\"width\":992,\"height\":259,\"caption\":\"Kanzlei Rogert & Ulbrich\"},\"image\":{\"@id\":\"https:\\\/\\\/ru.law\\\/#\\\/schema\\\/logo\\\/image\\\/\"},\"sameAs\":[\"https:\\\/\\\/www.facebook.com\\\/RogertUlbrich\\\/\",\"https:\\\/\\\/x.com\\\/RogertUlbrich\",\"https:\\\/\\\/www.instagram.com\\\/rogertulbrich\\\/\",\"https:\\\/\\\/www.linkedin.com\\\/company\\\/rogert-ulbrich\\\/\",\"https:\\\/\\\/www.youtube.com\\\/channel\\\/UCganCgpvwpPFqMFf1vVmG2A\"]},{\"@type\":\"Person\",\"@id\":\"https:\\\/\\\/ru.law\\\/#\\\/schema\\\/person\\\/b020d506e6bbc471b4565d3a98173b87\",\"name\":\"Marco Rogert\",\"url\":\"https:\\\/\\\/ru.law\\\/en\\\/author\\\/rogertru-law\\\/\"}]}<\/script>\n<!-- \/ Yoast SEO Premium plugin. -->","yoast_head_json":{"title":"VW emissions scandal - Federal Court of Justice ruling based on procedural fraud - R&amp;U","description":"New hope for diesel buyers in the VW emissions scandal! Was the Federal Court of Justice (BGH) ruling on VW&#039;s ad-hoc announcement obtained through procedural fraud? Find out more now!","robots":{"index":"index","follow":"follow","max-snippet":"max-snippet:-1","max-image-preview":"max-image-preview:large","max-video-preview":"max-video-preview:-1"},"canonical":"https:\/\/ru.law\/en\/abgasskandal-prozessbetrug-bgh-urteil-zur-vw-ad-hoc-mitteilung\/","og_locale":"en_GB","og_type":"article","og_title":"Der Skandal im Abgasskandal- hat VW das BGH Urteil zum Kauf nach ad-hoc Mitteilung durch Prozessbetrug erstritten?","og_description":"Neue Hoffnung f\u00fcr Diesel-K\u00e4ufer im VW Abgasskandal! BGH Urteil zur VW ad-hoc Mitteilung durch Prozessbetrug erstritten? Jetzt informieren!","og_url":"https:\/\/ru.law\/en\/abgasskandal-prozessbetrug-bgh-urteil-zur-vw-ad-hoc-mitteilung\/","og_site_name":"R&amp;U","article_publisher":"https:\/\/www.facebook.com\/RogertUlbrich\/","article_published_time":"2020-10-17T10:00:00+00:00","article_modified_time":"2024-07-08T11:12:47+00:00","og_image":[{"width":1400,"height":800,"url":"https:\/\/ru.law\/wp-content\/uploads\/2020\/10\/abgasskandal-fahrzeuge.jpg","type":"image\/jpeg"}],"author":"Marco Rogert","twitter_card":"summary_large_image","twitter_creator":"@RogertUlbrich","twitter_site":"@RogertUlbrich","schema":{"@context":"https:\/\/schema.org","@graph":[{"@type":"Article","@id":"https:\/\/ru.law\/abgasskandal-prozessbetrug-bgh-urteil-zur-vw-ad-hoc-mitteilung\/#article","isPartOf":{"@id":"https:\/\/ru.law\/abgasskandal-prozessbetrug-bgh-urteil-zur-vw-ad-hoc-mitteilung\/"},"author":{"name":"Marco Rogert","@id":"https:\/\/ru.law\/#\/schema\/person\/b020d506e6bbc471b4565d3a98173b87"},"headline":"Der Skandal im Abgasskandal- hat VW das BGH Urteil zum Kauf nach ad-hoc Mitteilung durch Prozessbetrug erstritten?","datePublished":"2020-10-17T10:00:00+00:00","dateModified":"2024-07-08T11:12:47+00:00","mainEntityOfPage":{"@id":"https:\/\/ru.law\/abgasskandal-prozessbetrug-bgh-urteil-zur-vw-ad-hoc-mitteilung\/"},"wordCount":1054,"publisher":{"@id":"https:\/\/ru.law\/#organization"},"image":{"@id":"https:\/\/ru.law\/abgasskandal-prozessbetrug-bgh-urteil-zur-vw-ad-hoc-mitteilung\/#primaryimage"},"thumbnailUrl":"https:\/\/ru.law\/wp-content\/uploads\/2020\/10\/abgasskandal-fahrzeuge.jpg","keywords":["Audi","BGH","EA288","Porsche","VW"],"articleSection":["Abgasskandal","Urteile"],"inLanguage":"en-GB"},{"@type":"WebPage","@id":"https:\/\/ru.law\/abgasskandal-prozessbetrug-bgh-urteil-zur-vw-ad-hoc-mitteilung\/","url":"https:\/\/ru.law\/abgasskandal-prozessbetrug-bgh-urteil-zur-vw-ad-hoc-mitteilung\/","name":"VW emissions scandal - Federal Court of Justice ruling based on procedural fraud - R&amp;U","isPartOf":{"@id":"https:\/\/ru.law\/#website"},"primaryImageOfPage":{"@id":"https:\/\/ru.law\/abgasskandal-prozessbetrug-bgh-urteil-zur-vw-ad-hoc-mitteilung\/#primaryimage"},"image":{"@id":"https:\/\/ru.law\/abgasskandal-prozessbetrug-bgh-urteil-zur-vw-ad-hoc-mitteilung\/#primaryimage"},"thumbnailUrl":"https:\/\/ru.law\/wp-content\/uploads\/2020\/10\/abgasskandal-fahrzeuge.jpg","datePublished":"2020-10-17T10:00:00+00:00","dateModified":"2024-07-08T11:12:47+00:00","description":"New hope for diesel buyers in the VW emissions scandal! Was the Federal Court of Justice (BGH) ruling on VW&#039;s ad-hoc announcement obtained through procedural fraud? Find out more now!","breadcrumb":{"@id":"https:\/\/ru.law\/abgasskandal-prozessbetrug-bgh-urteil-zur-vw-ad-hoc-mitteilung\/#breadcrumb"},"inLanguage":"en-GB","potentialAction":[{"@type":"ReadAction","target":["https:\/\/ru.law\/abgasskandal-prozessbetrug-bgh-urteil-zur-vw-ad-hoc-mitteilung\/"]}]},{"@type":"ImageObject","inLanguage":"en-GB","@id":"https:\/\/ru.law\/abgasskandal-prozessbetrug-bgh-urteil-zur-vw-ad-hoc-mitteilung\/#primaryimage","url":"https:\/\/ru.law\/wp-content\/uploads\/2020\/10\/abgasskandal-fahrzeuge.jpg","contentUrl":"https:\/\/ru.law\/wp-content\/uploads\/2020\/10\/abgasskandal-fahrzeuge.jpg","width":1400,"height":800,"caption":"Abgasskandal Fahrzeuge"},{"@type":"BreadcrumbList","@id":"https:\/\/ru.law\/abgasskandal-prozessbetrug-bgh-urteil-zur-vw-ad-hoc-mitteilung\/#breadcrumb","itemListElement":[{"@type":"ListItem","position":1,"name":"Startseite","item":"https:\/\/ru.law\/"},{"@type":"ListItem","position":2,"name":"Der Skandal im Abgasskandal- hat VW das BGH Urteil zum Kauf nach ad-hoc Mitteilung durch Prozessbetrug erstritten?"}]},{"@type":"WebSite","@id":"https:\/\/ru.law\/#website","url":"https:\/\/ru.law\/","name":"R&amp;U","description":"Consumer lawyers","publisher":{"@id":"https:\/\/ru.law\/#organization"},"alternateName":"Rogert & Ulbrich","potentialAction":[{"@type":"SearchAction","target":{"@type":"EntryPoint","urlTemplate":"https:\/\/ru.law\/?s={search_term_string}"},"query-input":{"@type":"PropertyValueSpecification","valueRequired":true,"valueName":"search_term_string"}}],"inLanguage":"en-GB"},{"@type":"Organization","@id":"https:\/\/ru.law\/#organization","name":"Rogert &amp; Ulbrich Law Firm","url":"https:\/\/ru.law\/","logo":{"@type":"ImageObject","inLanguage":"en-GB","@id":"https:\/\/ru.law\/#\/schema\/logo\/image\/","url":"https:\/\/ru.law\/wp-content\/uploads\/2020\/12\/logo-ru-law.svg","contentUrl":"https:\/\/ru.law\/wp-content\/uploads\/2020\/12\/logo-ru-law.svg","width":992,"height":259,"caption":"Kanzlei Rogert & Ulbrich"},"image":{"@id":"https:\/\/ru.law\/#\/schema\/logo\/image\/"},"sameAs":["https:\/\/www.facebook.com\/RogertUlbrich\/","https:\/\/x.com\/RogertUlbrich","https:\/\/www.instagram.com\/rogertulbrich\/","https:\/\/www.linkedin.com\/company\/rogert-ulbrich\/","https:\/\/www.youtube.com\/channel\/UCganCgpvwpPFqMFf1vVmG2A"]},{"@type":"Person","@id":"https:\/\/ru.law\/#\/schema\/person\/b020d506e6bbc471b4565d3a98173b87","name":"Marco Rogert","url":"https:\/\/ru.law\/en\/author\/rogertru-law\/"}]}},"uagb_featured_image_src":{"full":["https:\/\/ru.law\/wp-content\/uploads\/2020\/10\/abgasskandal-fahrzeuge.jpg",1400,800,false],"thumbnail":["https:\/\/ru.law\/wp-content\/uploads\/2020\/10\/abgasskandal-fahrzeuge-150x150.jpg",96,96,true],"medium":["https:\/\/ru.law\/wp-content\/uploads\/2020\/10\/abgasskandal-fahrzeuge-300x171.jpg",300,171,true],"medium_large":["https:\/\/ru.law\/wp-content\/uploads\/2020\/10\/abgasskandal-fahrzeuge-768x439.jpg",768,439,true],"large":["https:\/\/ru.law\/wp-content\/uploads\/2020\/10\/abgasskandal-fahrzeuge-1024x585.jpg",1024,585,true],"1536x1536":["https:\/\/ru.law\/wp-content\/uploads\/2020\/10\/abgasskandal-fahrzeuge.jpg",1400,800,false],"2048x2048":["https:\/\/ru.law\/wp-content\/uploads\/2020\/10\/abgasskandal-fahrzeuge.jpg",1400,800,false],"trp-custom-language-flag":["https:\/\/ru.law\/wp-content\/uploads\/2020\/10\/abgasskandal-fahrzeuge.jpg",18,10,false]},"uagb_author_info":{"display_name":"Marco Rogert","author_link":"https:\/\/ru.law\/en\/author\/rogertru-law\/"},"uagb_comment_info":0,"uagb_excerpt":"Neue Hoffnung f\u00fcr Diesel-K\u00e4ufer, die ihr Fahrzeug nach dem 22.09.2015 erworben haben. Mit Urteil vom 30.07.2020 hat der BGH \u00fcber den Fall eines Kl\u00e4gers entschieden, [&hellip;]","_links":{"self":[{"href":"https:\/\/ru.law\/en\/wp-json\/wp\/v2\/posts\/9056","targetHints":{"allow":["GET"]}}],"collection":[{"href":"https:\/\/ru.law\/en\/wp-json\/wp\/v2\/posts"}],"about":[{"href":"https:\/\/ru.law\/en\/wp-json\/wp\/v2\/types\/post"}],"author":[{"embeddable":true,"href":"https:\/\/ru.law\/en\/wp-json\/wp\/v2\/users\/21"}],"replies":[{"embeddable":true,"href":"https:\/\/ru.law\/en\/wp-json\/wp\/v2\/comments?post=9056"}],"version-history":[{"count":0,"href":"https:\/\/ru.law\/en\/wp-json\/wp\/v2\/posts\/9056\/revisions"}],"wp:featuredmedia":[{"embeddable":true,"href":"https:\/\/ru.law\/en\/wp-json\/wp\/v2\/media\/8652"}],"wp:attachment":[{"href":"https:\/\/ru.law\/en\/wp-json\/wp\/v2\/media?parent=9056"}],"wp:term":[{"taxonomy":"category","embeddable":true,"href":"https:\/\/ru.law\/en\/wp-json\/wp\/v2\/categories?post=9056"},{"taxonomy":"post_tag","embeddable":true,"href":"https:\/\/ru.law\/en\/wp-json\/wp\/v2\/tags?post=9056"}],"curies":[{"name":"wp","href":"https:\/\/api.w.org\/{rel}","templated":true}]}}