{"id":90014,"date":"2025-05-28T09:29:26","date_gmt":"2025-05-28T07:29:26","guid":{"rendered":"https:\/\/ru.law\/?p=90014"},"modified":"2025-05-28T09:37:26","modified_gmt":"2025-05-28T07:37:26","slug":"plaene-zur-migrationspolitik-aussetzung-des-familiennachzugs-und-ende-der-turbo-einbuergerung","status":"publish","type":"post","link":"https:\/\/ru.law\/en\/plaene-zur-migrationspolitik-aussetzung-des-familiennachzugs-und-ende-der-turbo-einbuergerung\/","title":{"rendered":"Plans for migration policy: suspension of family reunification and end of turbo naturalization"},"content":{"rendered":"<p>Federal Interior Minister Dobrindt is planning drastic cuts in German migration policy: Family reunification for refugees with subsidiary protection is to be suspended for two years, while accelerated naturalization is to be abolished. These measures, aimed at easing the burden on the integration systems, are not without controversy, however. Critics warn of long-term family separations and see them as a serious infringement of fundamental rights. The debate on this is now expected in the Bundestag and Bundesrat.<\/p>\n\n\n\n<p>Read the whole article <a href=\"https:\/\/www.tagesschau.de\/inland\/innenpolitik\/familiennachzug-migration-kabinett-100.html\">here<\/a>. <\/p>","protected":false},"excerpt":{"rendered":"<p>Bundesinnenminister Dobrindt plant drastische Einschnitte in der deutschen Migrationspolitik: Der Familiennachzug f\u00fcr subsidi\u00e4r gesch\u00fctzte Fl\u00fcchtlinge soll f\u00fcr zwei Jahre ausgesetzt werden, w\u00e4hrend die beschleunigte Einb\u00fcrgerung [&hellip;]<\/p>\n","protected":false},"author":21,"featured_media":90015,"comment_status":"closed","ping_status":"open","sticky":false,"template":"","format":"standard","meta":{"_uag_custom_page_level_css":"","site-sidebar-layout":"default","site-content-layout":"","ast-site-content-layout":"default","site-content-style":"default","site-sidebar-style":"default","ast-global-header-display":"","ast-banner-title-visibility":"","ast-main-header-display":"","ast-hfb-above-header-display":"","ast-hfb-below-header-display":"","ast-hfb-mobile-header-display":"","site-post-title":"","ast-breadcrumbs-content":"","ast-featured-img":"","footer-sml-layout":"","ast-disable-related-posts":"","theme-transparent-header-meta":"","adv-header-id-meta":"","stick-header-meta":"","header-above-stick-meta":"","header-main-stick-meta":"","header-below-stick-meta":"","astra-migrate-meta-layouts":"set","ast-page-background-enabled":"default","ast-page-background-meta":{"desktop":{"background-color":"","background-image":"","background-repeat":"repeat","background-position":"center center","background-size":"auto","background-attachment":"scroll","background-type":"","background-media":"","overlay-type":"","overlay-color":"","overlay-opacity":"","overlay-gradient":""},"tablet":{"background-color":"","background-image":"","background-repeat":"repeat","background-position":"center center","background-size":"auto","background-attachment":"scroll","background-type":"","background-media":"","overlay-type":"","overlay-color":"","overlay-opacity":"","overlay-gradient":""},"mobile":{"background-color":"","background-image":"","background-repeat":"repeat","background-position":"center center","background-size":"auto","background-attachment":"scroll","background-type":"","background-media":"","overlay-type":"","overlay-color":"","overlay-opacity":"","overlay-gradient":""}},"ast-content-background-meta":{"desktop":{"background-color":"var(--ast-global-color-5)","background-image":"","background-repeat":"repeat","background-position":"center center","background-size":"auto","background-attachment":"scroll","background-type":"","background-media":"","overlay-type":"","overlay-color":"","overlay-opacity":"","overlay-gradient":""},"tablet":{"background-color":"var(--ast-global-color-5)","background-image":"","background-repeat":"repeat","background-position":"center center","background-size":"auto","background-attachment":"scroll","background-type":"","background-media":"","overlay-type":"","overlay-color":"","overlay-opacity":"","overlay-gradient":""},"mobile":{"background-color":"var(--ast-global-color-5)","background-image":"","background-repeat":"repeat","background-position":"center center","background-size":"auto","background-attachment":"scroll","background-type":"","background-media":"","overlay-type":"","overlay-color":"","overlay-opacity":"","overlay-gradient":""}},"footnotes":""},"categories":[1311],"tags":[1316,1317,1312],"class_list":["post-90014","post","type-post","status-publish","format-standard","has-post-thumbnail","hentry","category-migrationsrecht","tag-familiennachzug","tag-migrationspolitik","tag-turbo-einbuergerung"],"yoast_head":"<!-- This site is optimized with the Yoast SEO Premium plugin v27.4 (Yoast SEO v27.4) - https:\/\/yoast.com\/product\/yoast-seo-premium-wordpress\/ -->\n<title>Pl\u00e4ne zur Migrationspolitik: Aussetzung des Familiennachzugs und Ende der Turbo-Einb\u00fcrgerung - R&amp;U<\/title>\n<meta name=\"description\" content=\"Einb\u00fcrgerung nach 3 Jahren: Geplante Abschaffung 2025 \u2013 Was Betroffene jetzt wissen sollten. Wir helfen Ihnen.\" \/>\n<meta name=\"robots\" content=\"index, follow, max-snippet:-1, max-image-preview:large, max-video-preview:-1\" \/>\n<link rel=\"canonical\" href=\"https:\/\/ru.law\/en\/plaene-zur-migrationspolitik-aussetzung-des-familiennachzugs-und-ende-der-turbo-einbuergerung\/\" \/>\n<meta property=\"og:locale\" content=\"en_GB\" \/>\n<meta property=\"og:type\" content=\"article\" \/>\n<meta property=\"og:title\" content=\"Pl\u00e4ne zur Migrationspolitik: Aussetzung des Familiennachzugs und Ende der Turbo-Einb\u00fcrgerung\" \/>\n<meta property=\"og:description\" content=\"Einb\u00fcrgerung nach 3 Jahren: Geplante Abschaffung 2025 \u2013 Was Betroffene jetzt wissen sollten. Wir helfen Ihnen.\" \/>\n<meta property=\"og:url\" content=\"https:\/\/ru.law\/en\/plaene-zur-migrationspolitik-aussetzung-des-familiennachzugs-und-ende-der-turbo-einbuergerung\/\" \/>\n<meta property=\"og:site_name\" content=\"R&amp;U\" \/>\n<meta property=\"article:publisher\" content=\"https:\/\/www.facebook.com\/RogertUlbrich\/\" \/>\n<meta property=\"article:published_time\" content=\"2025-05-28T07:29:26+00:00\" \/>\n<meta property=\"article:modified_time\" content=\"2025-05-28T07:37:26+00:00\" \/>\n<meta property=\"og:image\" content=\"https:\/\/ru.law\/wp-content\/uploads\/2025\/05\/AdobeStock_1186364429-scaled.jpeg\" \/>\n\t<meta property=\"og:image:width\" content=\"2560\" \/>\n\t<meta property=\"og:image:height\" content=\"1991\" \/>\n\t<meta property=\"og:image:type\" content=\"image\/jpeg\" \/>\n<meta name=\"author\" content=\"Marco Rogert\" \/>\n<meta name=\"twitter:card\" content=\"summary_large_image\" \/>\n<meta name=\"twitter:creator\" content=\"@RogertUlbrich\" \/>\n<meta name=\"twitter:site\" content=\"@RogertUlbrich\" \/>\n<script type=\"application\/ld+json\" class=\"yoast-schema-graph\">{\"@context\":\"https:\\\/\\\/schema.org\",\"@graph\":[{\"@type\":\"Article\",\"@id\":\"https:\\\/\\\/ru.law\\\/plaene-zur-migrationspolitik-aussetzung-des-familiennachzugs-und-ende-der-turbo-einbuergerung\\\/#article\",\"isPartOf\":{\"@id\":\"https:\\\/\\\/ru.law\\\/plaene-zur-migrationspolitik-aussetzung-des-familiennachzugs-und-ende-der-turbo-einbuergerung\\\/\"},\"author\":{\"name\":\"Marco Rogert\",\"@id\":\"https:\\\/\\\/ru.law\\\/#\\\/schema\\\/person\\\/b020d506e6bbc471b4565d3a98173b87\"},\"headline\":\"Pl\u00e4ne zur Migrationspolitik: Aussetzung des Familiennachzugs und Ende der Turbo-Einb\u00fcrgerung\",\"datePublished\":\"2025-05-28T07:29:26+00:00\",\"dateModified\":\"2025-05-28T07:37:26+00:00\",\"mainEntityOfPage\":{\"@id\":\"https:\\\/\\\/ru.law\\\/plaene-zur-migrationspolitik-aussetzung-des-familiennachzugs-und-ende-der-turbo-einbuergerung\\\/\"},\"wordCount\":91,\"publisher\":{\"@id\":\"https:\\\/\\\/ru.law\\\/#organization\"},\"image\":{\"@id\":\"https:\\\/\\\/ru.law\\\/plaene-zur-migrationspolitik-aussetzung-des-familiennachzugs-und-ende-der-turbo-einbuergerung\\\/#primaryimage\"},\"thumbnailUrl\":\"https:\\\/\\\/ru.law\\\/wp-content\\\/uploads\\\/2025\\\/05\\\/AdobeStock_1186364429-scaled.jpeg\",\"keywords\":[\"Familiennachzug\",\"Migrationspolitik\",\"Turbo-Einb\u00fcrgerung\"],\"articleSection\":[\"Migrationsrecht\"],\"inLanguage\":\"en-GB\"},{\"@type\":\"WebPage\",\"@id\":\"https:\\\/\\\/ru.law\\\/plaene-zur-migrationspolitik-aussetzung-des-familiennachzugs-und-ende-der-turbo-einbuergerung\\\/\",\"url\":\"https:\\\/\\\/ru.law\\\/plaene-zur-migrationspolitik-aussetzung-des-familiennachzugs-und-ende-der-turbo-einbuergerung\\\/\",\"name\":\"Pl\u00e4ne zur Migrationspolitik: Aussetzung des Familiennachzugs und Ende der Turbo-Einb\u00fcrgerung - R&amp;U\",\"isPartOf\":{\"@id\":\"https:\\\/\\\/ru.law\\\/#website\"},\"primaryImageOfPage\":{\"@id\":\"https:\\\/\\\/ru.law\\\/plaene-zur-migrationspolitik-aussetzung-des-familiennachzugs-und-ende-der-turbo-einbuergerung\\\/#primaryimage\"},\"image\":{\"@id\":\"https:\\\/\\\/ru.law\\\/plaene-zur-migrationspolitik-aussetzung-des-familiennachzugs-und-ende-der-turbo-einbuergerung\\\/#primaryimage\"},\"thumbnailUrl\":\"https:\\\/\\\/ru.law\\\/wp-content\\\/uploads\\\/2025\\\/05\\\/AdobeStock_1186364429-scaled.jpeg\",\"datePublished\":\"2025-05-28T07:29:26+00:00\",\"dateModified\":\"2025-05-28T07:37:26+00:00\",\"description\":\"Einb\u00fcrgerung nach 3 Jahren: Geplante Abschaffung 2025 \u2013 Was Betroffene jetzt wissen sollten. Wir helfen Ihnen.\",\"breadcrumb\":{\"@id\":\"https:\\\/\\\/ru.law\\\/plaene-zur-migrationspolitik-aussetzung-des-familiennachzugs-und-ende-der-turbo-einbuergerung\\\/#breadcrumb\"},\"inLanguage\":\"en-GB\",\"potentialAction\":[{\"@type\":\"ReadAction\",\"target\":[\"https:\\\/\\\/ru.law\\\/plaene-zur-migrationspolitik-aussetzung-des-familiennachzugs-und-ende-der-turbo-einbuergerung\\\/\"]}]},{\"@type\":\"ImageObject\",\"inLanguage\":\"en-GB\",\"@id\":\"https:\\\/\\\/ru.law\\\/plaene-zur-migrationspolitik-aussetzung-des-familiennachzugs-und-ende-der-turbo-einbuergerung\\\/#primaryimage\",\"url\":\"https:\\\/\\\/ru.law\\\/wp-content\\\/uploads\\\/2025\\\/05\\\/AdobeStock_1186364429-scaled.jpeg\",\"contentUrl\":\"https:\\\/\\\/ru.law\\\/wp-content\\\/uploads\\\/2025\\\/05\\\/AdobeStock_1186364429-scaled.jpeg\",\"width\":2560,\"height\":1991,\"caption\":\"Colorful figurines representing diverse population. Colorful figures stand together demographic study. Analysis of cultural integration demographic change presented in close-up image. Sociological\"},{\"@type\":\"BreadcrumbList\",\"@id\":\"https:\\\/\\\/ru.law\\\/plaene-zur-migrationspolitik-aussetzung-des-familiennachzugs-und-ende-der-turbo-einbuergerung\\\/#breadcrumb\",\"itemListElement\":[{\"@type\":\"ListItem\",\"position\":1,\"name\":\"Startseite\",\"item\":\"https:\\\/\\\/ru.law\\\/\"},{\"@type\":\"ListItem\",\"position\":2,\"name\":\"Pl\u00e4ne zur Migrationspolitik: Aussetzung des Familiennachzugs und Ende der Turbo-Einb\u00fcrgerung\"}]},{\"@type\":\"WebSite\",\"@id\":\"https:\\\/\\\/ru.law\\\/#website\",\"url\":\"https:\\\/\\\/ru.law\\\/\",\"name\":\"R&U\",\"description\":\"Verbraucheranw\u00e4lte\",\"publisher\":{\"@id\":\"https:\\\/\\\/ru.law\\\/#organization\"},\"alternateName\":\"Rogert & Ulbrich\",\"potentialAction\":[{\"@type\":\"SearchAction\",\"target\":{\"@type\":\"EntryPoint\",\"urlTemplate\":\"https:\\\/\\\/ru.law\\\/?s={search_term_string}\"},\"query-input\":{\"@type\":\"PropertyValueSpecification\",\"valueRequired\":true,\"valueName\":\"search_term_string\"}}],\"inLanguage\":\"en-GB\"},{\"@type\":\"Organization\",\"@id\":\"https:\\\/\\\/ru.law\\\/#organization\",\"name\":\"Kanzlei Rogert & Ulbrich\",\"url\":\"https:\\\/\\\/ru.law\\\/\",\"logo\":{\"@type\":\"ImageObject\",\"inLanguage\":\"en-GB\",\"@id\":\"https:\\\/\\\/ru.law\\\/#\\\/schema\\\/logo\\\/image\\\/\",\"url\":\"https:\\\/\\\/ru.law\\\/wp-content\\\/uploads\\\/2020\\\/12\\\/logo-ru-law.svg\",\"contentUrl\":\"https:\\\/\\\/ru.law\\\/wp-content\\\/uploads\\\/2020\\\/12\\\/logo-ru-law.svg\",\"width\":992,\"height\":259,\"caption\":\"Kanzlei Rogert & Ulbrich\"},\"image\":{\"@id\":\"https:\\\/\\\/ru.law\\\/#\\\/schema\\\/logo\\\/image\\\/\"},\"sameAs\":[\"https:\\\/\\\/www.facebook.com\\\/RogertUlbrich\\\/\",\"https:\\\/\\\/x.com\\\/RogertUlbrich\",\"https:\\\/\\\/www.instagram.com\\\/rogertulbrich\\\/\",\"https:\\\/\\\/www.linkedin.com\\\/company\\\/rogert-ulbrich\\\/\",\"https:\\\/\\\/www.youtube.com\\\/channel\\\/UCganCgpvwpPFqMFf1vVmG2A\"]},{\"@type\":\"Person\",\"@id\":\"https:\\\/\\\/ru.law\\\/#\\\/schema\\\/person\\\/b020d506e6bbc471b4565d3a98173b87\",\"name\":\"Marco Rogert\",\"url\":\"https:\\\/\\\/ru.law\\\/en\\\/author\\\/rogertru-law\\\/\"}]}<\/script>\n<!-- \/ Yoast SEO Premium plugin. -->","yoast_head_json":{"title":"Migration policy plans: Suspension of family reunification and end of accelerated naturalization - R&amp;U","description":"Naturalization after 3 years: Planned abolition in 2025 \u2013 What those affected should know now. We can help you.","robots":{"index":"index","follow":"follow","max-snippet":"max-snippet:-1","max-image-preview":"max-image-preview:large","max-video-preview":"max-video-preview:-1"},"canonical":"https:\/\/ru.law\/en\/plaene-zur-migrationspolitik-aussetzung-des-familiennachzugs-und-ende-der-turbo-einbuergerung\/","og_locale":"en_GB","og_type":"article","og_title":"Pl\u00e4ne zur Migrationspolitik: Aussetzung des Familiennachzugs und Ende der Turbo-Einb\u00fcrgerung","og_description":"Einb\u00fcrgerung nach 3 Jahren: Geplante Abschaffung 2025 \u2013 Was Betroffene jetzt wissen sollten. Wir helfen Ihnen.","og_url":"https:\/\/ru.law\/en\/plaene-zur-migrationspolitik-aussetzung-des-familiennachzugs-und-ende-der-turbo-einbuergerung\/","og_site_name":"R&amp;U","article_publisher":"https:\/\/www.facebook.com\/RogertUlbrich\/","article_published_time":"2025-05-28T07:29:26+00:00","article_modified_time":"2025-05-28T07:37:26+00:00","og_image":[{"width":2560,"height":1991,"url":"https:\/\/ru.law\/wp-content\/uploads\/2025\/05\/AdobeStock_1186364429-scaled.jpeg","type":"image\/jpeg"}],"author":"Marco Rogert","twitter_card":"summary_large_image","twitter_creator":"@RogertUlbrich","twitter_site":"@RogertUlbrich","schema":{"@context":"https:\/\/schema.org","@graph":[{"@type":"Article","@id":"https:\/\/ru.law\/plaene-zur-migrationspolitik-aussetzung-des-familiennachzugs-und-ende-der-turbo-einbuergerung\/#article","isPartOf":{"@id":"https:\/\/ru.law\/plaene-zur-migrationspolitik-aussetzung-des-familiennachzugs-und-ende-der-turbo-einbuergerung\/"},"author":{"name":"Marco Rogert","@id":"https:\/\/ru.law\/#\/schema\/person\/b020d506e6bbc471b4565d3a98173b87"},"headline":"Pl\u00e4ne zur Migrationspolitik: Aussetzung des Familiennachzugs und Ende der Turbo-Einb\u00fcrgerung","datePublished":"2025-05-28T07:29:26+00:00","dateModified":"2025-05-28T07:37:26+00:00","mainEntityOfPage":{"@id":"https:\/\/ru.law\/plaene-zur-migrationspolitik-aussetzung-des-familiennachzugs-und-ende-der-turbo-einbuergerung\/"},"wordCount":91,"publisher":{"@id":"https:\/\/ru.law\/#organization"},"image":{"@id":"https:\/\/ru.law\/plaene-zur-migrationspolitik-aussetzung-des-familiennachzugs-und-ende-der-turbo-einbuergerung\/#primaryimage"},"thumbnailUrl":"https:\/\/ru.law\/wp-content\/uploads\/2025\/05\/AdobeStock_1186364429-scaled.jpeg","keywords":["Familiennachzug","Migrationspolitik","Turbo-Einb\u00fcrgerung"],"articleSection":["Migrationsrecht"],"inLanguage":"en-GB"},{"@type":"WebPage","@id":"https:\/\/ru.law\/plaene-zur-migrationspolitik-aussetzung-des-familiennachzugs-und-ende-der-turbo-einbuergerung\/","url":"https:\/\/ru.law\/plaene-zur-migrationspolitik-aussetzung-des-familiennachzugs-und-ende-der-turbo-einbuergerung\/","name":"Migration policy plans: Suspension of family reunification and end of accelerated naturalization - R&amp;U","isPartOf":{"@id":"https:\/\/ru.law\/#website"},"primaryImageOfPage":{"@id":"https:\/\/ru.law\/plaene-zur-migrationspolitik-aussetzung-des-familiennachzugs-und-ende-der-turbo-einbuergerung\/#primaryimage"},"image":{"@id":"https:\/\/ru.law\/plaene-zur-migrationspolitik-aussetzung-des-familiennachzugs-und-ende-der-turbo-einbuergerung\/#primaryimage"},"thumbnailUrl":"https:\/\/ru.law\/wp-content\/uploads\/2025\/05\/AdobeStock_1186364429-scaled.jpeg","datePublished":"2025-05-28T07:29:26+00:00","dateModified":"2025-05-28T07:37:26+00:00","description":"Naturalization after 3 years: Planned abolition in 2025 \u2013 What those affected should know now. We can help you.","breadcrumb":{"@id":"https:\/\/ru.law\/plaene-zur-migrationspolitik-aussetzung-des-familiennachzugs-und-ende-der-turbo-einbuergerung\/#breadcrumb"},"inLanguage":"en-GB","potentialAction":[{"@type":"ReadAction","target":["https:\/\/ru.law\/plaene-zur-migrationspolitik-aussetzung-des-familiennachzugs-und-ende-der-turbo-einbuergerung\/"]}]},{"@type":"ImageObject","inLanguage":"en-GB","@id":"https:\/\/ru.law\/plaene-zur-migrationspolitik-aussetzung-des-familiennachzugs-und-ende-der-turbo-einbuergerung\/#primaryimage","url":"https:\/\/ru.law\/wp-content\/uploads\/2025\/05\/AdobeStock_1186364429-scaled.jpeg","contentUrl":"https:\/\/ru.law\/wp-content\/uploads\/2025\/05\/AdobeStock_1186364429-scaled.jpeg","width":2560,"height":1991,"caption":"Colorful figurines representing diverse population. Colorful figures stand together demographic study. Analysis of cultural integration demographic change presented in close-up image. Sociological"},{"@type":"BreadcrumbList","@id":"https:\/\/ru.law\/plaene-zur-migrationspolitik-aussetzung-des-familiennachzugs-und-ende-der-turbo-einbuergerung\/#breadcrumb","itemListElement":[{"@type":"ListItem","position":1,"name":"Startseite","item":"https:\/\/ru.law\/"},{"@type":"ListItem","position":2,"name":"Pl\u00e4ne zur Migrationspolitik: Aussetzung des Familiennachzugs und Ende der Turbo-Einb\u00fcrgerung"}]},{"@type":"WebSite","@id":"https:\/\/ru.law\/#website","url":"https:\/\/ru.law\/","name":"R&amp;U","description":"Consumer lawyers","publisher":{"@id":"https:\/\/ru.law\/#organization"},"alternateName":"Rogert & Ulbrich","potentialAction":[{"@type":"SearchAction","target":{"@type":"EntryPoint","urlTemplate":"https:\/\/ru.law\/?s={search_term_string}"},"query-input":{"@type":"PropertyValueSpecification","valueRequired":true,"valueName":"search_term_string"}}],"inLanguage":"en-GB"},{"@type":"Organization","@id":"https:\/\/ru.law\/#organization","name":"Rogert &amp; Ulbrich Law Firm","url":"https:\/\/ru.law\/","logo":{"@type":"ImageObject","inLanguage":"en-GB","@id":"https:\/\/ru.law\/#\/schema\/logo\/image\/","url":"https:\/\/ru.law\/wp-content\/uploads\/2020\/12\/logo-ru-law.svg","contentUrl":"https:\/\/ru.law\/wp-content\/uploads\/2020\/12\/logo-ru-law.svg","width":992,"height":259,"caption":"Kanzlei Rogert & Ulbrich"},"image":{"@id":"https:\/\/ru.law\/#\/schema\/logo\/image\/"},"sameAs":["https:\/\/www.facebook.com\/RogertUlbrich\/","https:\/\/x.com\/RogertUlbrich","https:\/\/www.instagram.com\/rogertulbrich\/","https:\/\/www.linkedin.com\/company\/rogert-ulbrich\/","https:\/\/www.youtube.com\/channel\/UCganCgpvwpPFqMFf1vVmG2A"]},{"@type":"Person","@id":"https:\/\/ru.law\/#\/schema\/person\/b020d506e6bbc471b4565d3a98173b87","name":"Marco Rogert","url":"https:\/\/ru.law\/en\/author\/rogertru-law\/"}]}},"uagb_featured_image_src":{"full":["https:\/\/ru.law\/wp-content\/uploads\/2025\/05\/AdobeStock_1186364429-scaled.jpeg",2560,1991,false],"thumbnail":["https:\/\/ru.law\/wp-content\/uploads\/2025\/05\/AdobeStock_1186364429-scaled.jpeg",123,96,false],"medium":["https:\/\/ru.law\/wp-content\/uploads\/2025\/05\/AdobeStock_1186364429-scaled.jpeg",2560,1991,false],"medium_large":["https:\/\/ru.law\/wp-content\/uploads\/2025\/05\/AdobeStock_1186364429-768x597.jpeg",768,597,true],"large":["https:\/\/ru.law\/wp-content\/uploads\/2025\/05\/AdobeStock_1186364429-scaled.jpeg",2560,1991,false],"1536x1536":["https:\/\/ru.law\/wp-content\/uploads\/2025\/05\/AdobeStock_1186364429-1536x1195.jpeg",1536,1195,true],"2048x2048":["https:\/\/ru.law\/wp-content\/uploads\/2025\/05\/AdobeStock_1186364429-2048x1593.jpeg",2048,1593,true],"trp-custom-language-flag":["https:\/\/ru.law\/wp-content\/uploads\/2025\/05\/AdobeStock_1186364429-15x12.jpeg",15,12,true]},"uagb_author_info":{"display_name":"Marco Rogert","author_link":"https:\/\/ru.law\/en\/author\/rogertru-law\/"},"uagb_comment_info":0,"uagb_excerpt":"Bundesinnenminister Dobrindt plant drastische Einschnitte in der deutschen Migrationspolitik: Der Familiennachzug f\u00fcr subsidi\u00e4r gesch\u00fctzte Fl\u00fcchtlinge soll f\u00fcr zwei Jahre ausgesetzt werden, w\u00e4hrend die beschleunigte Einb\u00fcrgerung [&hellip;]","_links":{"self":[{"href":"https:\/\/ru.law\/en\/wp-json\/wp\/v2\/posts\/90014","targetHints":{"allow":["GET"]}}],"collection":[{"href":"https:\/\/ru.law\/en\/wp-json\/wp\/v2\/posts"}],"about":[{"href":"https:\/\/ru.law\/en\/wp-json\/wp\/v2\/types\/post"}],"author":[{"embeddable":true,"href":"https:\/\/ru.law\/en\/wp-json\/wp\/v2\/users\/21"}],"replies":[{"embeddable":true,"href":"https:\/\/ru.law\/en\/wp-json\/wp\/v2\/comments?post=90014"}],"version-history":[{"count":0,"href":"https:\/\/ru.law\/en\/wp-json\/wp\/v2\/posts\/90014\/revisions"}],"wp:featuredmedia":[{"embeddable":true,"href":"https:\/\/ru.law\/en\/wp-json\/wp\/v2\/media\/90015"}],"wp:attachment":[{"href":"https:\/\/ru.law\/en\/wp-json\/wp\/v2\/media?parent=90014"}],"wp:term":[{"taxonomy":"category","embeddable":true,"href":"https:\/\/ru.law\/en\/wp-json\/wp\/v2\/categories?post=90014"},{"taxonomy":"post_tag","embeddable":true,"href":"https:\/\/ru.law\/en\/wp-json\/wp\/v2\/tags?post=90014"}],"curies":[{"name":"wp","href":"https:\/\/api.w.org\/{rel}","templated":true}]}}