{"id":88655,"date":"2025-04-01T08:00:00","date_gmt":"2025-04-01T06:00:00","guid":{"rendered":"https:\/\/ru.law\/?p=88655"},"modified":"2025-05-28T09:30:40","modified_gmt":"2025-05-28T07:30:40","slug":"diebstahl-aus-lik","status":"publish","type":"post","link":"https:\/\/ru.law\/en\/diebstahl-aus-lik\/","title":{"rendered":"On the qualified negligence of the carrier in the case of theft from a truck parked overnight at an Italian rest stop; the validity of a general terms and conditions clause according to which the driver may only drive to guarded parking lots"},"content":{"rendered":"<p>Within the framework of transport contracts, the carrier is responsible for the security of the transported goods. This includes not only proper transportation but also protection against potential damage such as theft. Jurisprudence from the Munich Higher Regional Court makes it clear that the carrier&#039;s security precautions must be consistent with the specific risks of the transport. Of particular importance in this regard is the extent to which clauses in general terms and conditions (GTC) are effective and what requirements must be placed on the carrier with regard to theft protection.<\/p>\n\n\n\n<h2 class=\"wp-block-heading\" id=\"h-urteil-oberlandesgericht-munchen\">Judgment of the Higher Regional Court of Munich<\/h2>\n\n\n\n<p>A provision in the general terms and conditions according to which the driver may only drive to guarded parking spaces constitutes a surprising clause within the meaning of Section 305 c Paragraph 1 of the German Civil Code (BGB) and therefore does not become part of the contract if the carrier was not informed of this provision either in the transport order or verbally before the conclusion of the contract.<\/p>\n\n\n\n<p>The security precautions that the carrier must take to fulfill its contractual obligation to protect the goods entrusted to it from theft during transport depend on the circumstances of the individual case. The decisive factor is whether the measures taken meet the standards of care required for the transport to be carried out. The greater the risks associated with the transport of goods, the higher the demands placed on the security measures to be taken. Of considerable importance in this context are whether the transported goods are easily usable and therefore particularly vulnerable to theft, their value, whether the carrier had to be aware of the particular risk, and what specific options existed for a secure break in the journey in order to comply with prescribed rest periods.<\/p>\n\n\n\n<p>If the freight carrier is unaware that they are transporting goods at risk of theft and the transport order only refers to &quot;groupage,&quot; they cannot be expected to implement increased security measures. If they take their rest at a rest stop that is open throughout the night and choose a parking space in an area where several trucks are parked side by side, they cannot be accused of aggravated negligence.<\/p>\n\n\n\n<ol start=\"1\" class=\"wp-block-list\">\n<li><\/li>\n<\/ol>\n\n\n\n<h2 class=\"wp-block-heading\" id=\"h-fazit\">Conclusion<\/h2>\n\n\n\n<p>The decision of the Munich Higher Regional Court shows that clauses in general terms and conditions that require the driver to use only guarded parking lots are invalid if they were not communicated to the carrier prior to the conclusion of the contract. With regard to theft during transport, the carrier is only liable if it was aware of an increased risk of theft or if it failed to take appropriate security precautions in a dangerous situation. However, if the carrier is not informed of the risk of theft and chooses a suitable rest area to comply with rest periods, it cannot be accused of qualified negligence.<\/p>","protected":false},"excerpt":{"rendered":"<p>The Munich Higher Regional Court ruled that a general terms and conditions clause requiring the driver to use only guarded parking lots is invalid if the driver was not informed of this before the contract was concluded. The carrier is only liable if it is aware of an increased risk of theft or if security measures are inadequate. Qualifying negligence does not exist if the carrier chooses suitable rest areas.<\/p>","protected":false},"author":21,"featured_media":88656,"comment_status":"closed","ping_status":"open","sticky":false,"template":"","format":"standard","meta":{"_uag_custom_page_level_css":"","site-sidebar-layout":"default","site-content-layout":"","ast-site-content-layout":"default","site-content-style":"default","site-sidebar-style":"default","ast-global-header-display":"","ast-banner-title-visibility":"","ast-main-header-display":"","ast-hfb-above-header-display":"","ast-hfb-below-header-display":"","ast-hfb-mobile-header-display":"","site-post-title":"","ast-breadcrumbs-content":"","ast-featured-img":"","footer-sml-layout":"","ast-disable-related-posts":"","theme-transparent-header-meta":"","adv-header-id-meta":"","stick-header-meta":"","header-above-stick-meta":"","header-main-stick-meta":"","header-below-stick-meta":"","astra-migrate-meta-layouts":"set","ast-page-background-enabled":"default","ast-page-background-meta":{"desktop":{"background-color":"","background-image":"","background-repeat":"repeat","background-position":"center center","background-size":"auto","background-attachment":"scroll","background-type":"","background-media":"","overlay-type":"","overlay-color":"","overlay-opacity":"","overlay-gradient":""},"tablet":{"background-color":"","background-image":"","background-repeat":"repeat","background-position":"center center","background-size":"auto","background-attachment":"scroll","background-type":"","background-media":"","overlay-type":"","overlay-color":"","overlay-opacity":"","overlay-gradient":""},"mobile":{"background-color":"","background-image":"","background-repeat":"repeat","background-position":"center center","background-size":"auto","background-attachment":"scroll","background-type":"","background-media":"","overlay-type":"","overlay-color":"","overlay-opacity":"","overlay-gradient":""}},"ast-content-background-meta":{"desktop":{"background-color":"var(--ast-global-color-5)","background-image":"","background-repeat":"repeat","background-position":"center center","background-size":"auto","background-attachment":"scroll","background-type":"","background-media":"","overlay-type":"","overlay-color":"","overlay-opacity":"","overlay-gradient":""},"tablet":{"background-color":"var(--ast-global-color-5)","background-image":"","background-repeat":"repeat","background-position":"center center","background-size":"auto","background-attachment":"scroll","background-type":"","background-media":"","overlay-type":"","overlay-color":"","overlay-opacity":"","overlay-gradient":""},"mobile":{"background-color":"var(--ast-global-color-5)","background-image":"","background-repeat":"repeat","background-position":"center center","background-size":"auto","background-attachment":"scroll","background-type":"","background-media":"","overlay-type":"","overlay-color":"","overlay-opacity":"","overlay-gradient":""}},"footnotes":""},"categories":[507],"tags":[1274,1275,1277,1276,1278],"class_list":["post-88655","post","type-post","status-publish","format-standard","has-post-thumbnail","hentry","category-urteile","tag-diebstahl","tag-lkw","tag-parplattz","tag-rastaette","tag-verschulden-frachtfuehrer"],"yoast_head":"<!-- This site is optimized with the Yoast SEO Premium plugin v27.4 (Yoast SEO v27.4) - https:\/\/yoast.com\/product\/yoast-seo-premium-wordpress\/ -->\n<title>Zum qualifiziertes Verschulden des Frachtf\u00fchrers bei Diebstahl aus einem \u00fcber Nacht abgestellten LKW an einer italienischen Rastst\u00e4tte; Wirksamkeit einer AGB-Klausel, wonach der Fahrer nur bewachte Parkpl\u00e4tze anfahren darf - R&amp;U<\/title>\n<meta name=\"description\" content=\"Gerichtsurteil uum qualifiziertes Verschulden des Frachtf\u00fchrers bei Diebstahl aus einem \u00fcber Nacht abgestellten LKW an einer italienischen Rastst\u00e4tte\" \/>\n<meta name=\"robots\" content=\"index, follow, max-snippet:-1, max-image-preview:large, max-video-preview:-1\" \/>\n<link rel=\"canonical\" href=\"https:\/\/ru.law\/en\/diebstahl-aus-lik\/\" \/>\n<meta property=\"og:locale\" content=\"en_GB\" \/>\n<meta property=\"og:type\" content=\"article\" \/>\n<meta property=\"og:title\" content=\"Zum qualifiziertes Verschulden des Frachtf\u00fchrers bei Diebstahl aus einem \u00fcber Nacht abgestellten LKW an einer italienischen Rastst\u00e4tte; Wirksamkeit einer AGB-Klausel, wonach der Fahrer nur bewachte Parkpl\u00e4tze anfahren darf\" \/>\n<meta property=\"og:description\" content=\"Gerichtsurteil uum qualifiziertes Verschulden des Frachtf\u00fchrers bei Diebstahl aus einem \u00fcber Nacht abgestellten LKW an einer italienischen Rastst\u00e4tte\" \/>\n<meta property=\"og:url\" content=\"https:\/\/ru.law\/en\/diebstahl-aus-lik\/\" \/>\n<meta property=\"og:site_name\" content=\"R&amp;U\" \/>\n<meta property=\"article:publisher\" content=\"https:\/\/www.facebook.com\/RogertUlbrich\/\" \/>\n<meta property=\"article:published_time\" content=\"2025-04-01T06:00:00+00:00\" \/>\n<meta property=\"article:modified_time\" content=\"2025-05-28T07:30:40+00:00\" \/>\n<meta property=\"og:image\" content=\"https:\/\/ru.law\/wp-content\/uploads\/2025\/03\/AdobeStock_262307767-scaled.jpeg\" \/>\n\t<meta property=\"og:image:width\" content=\"2560\" \/>\n\t<meta property=\"og:image:height\" content=\"1448\" \/>\n\t<meta property=\"og:image:type\" content=\"image\/jpeg\" \/>\n<meta name=\"author\" content=\"Marco Rogert\" \/>\n<meta name=\"twitter:card\" content=\"summary_large_image\" \/>\n<meta name=\"twitter:creator\" content=\"@RogertUlbrich\" \/>\n<meta name=\"twitter:site\" content=\"@RogertUlbrich\" \/>\n<script type=\"application\/ld+json\" class=\"yoast-schema-graph\">{\"@context\":\"https:\\\/\\\/schema.org\",\"@graph\":[{\"@type\":\"Article\",\"@id\":\"https:\\\/\\\/ru.law\\\/diebstahl-aus-lik\\\/#article\",\"isPartOf\":{\"@id\":\"https:\\\/\\\/ru.law\\\/diebstahl-aus-lik\\\/\"},\"author\":{\"name\":\"Marco Rogert\",\"@id\":\"https:\\\/\\\/ru.law\\\/#\\\/schema\\\/person\\\/b020d506e6bbc471b4565d3a98173b87\"},\"headline\":\"Zum qualifiziertes Verschulden des Frachtf\u00fchrers bei Diebstahl aus einem \u00fcber Nacht abgestellten LKW an einer italienischen Rastst\u00e4tte; Wirksamkeit einer AGB-Klausel, wonach der Fahrer nur bewachte Parkpl\u00e4tze anfahren darf\",\"datePublished\":\"2025-04-01T06:00:00+00:00\",\"dateModified\":\"2025-05-28T07:30:40+00:00\",\"mainEntityOfPage\":{\"@id\":\"https:\\\/\\\/ru.law\\\/diebstahl-aus-lik\\\/\"},\"wordCount\":477,\"publisher\":{\"@id\":\"https:\\\/\\\/ru.law\\\/#organization\"},\"image\":{\"@id\":\"https:\\\/\\\/ru.law\\\/diebstahl-aus-lik\\\/#primaryimage\"},\"thumbnailUrl\":\"https:\\\/\\\/ru.law\\\/wp-content\\\/uploads\\\/2025\\\/03\\\/AdobeStock_262307767-scaled.jpeg\",\"keywords\":[\"Diebstahl\",\"LKW\",\"Parplattz\",\"Rast\u00e4tte\",\"Verschulden Frachtf\u00fchrer\"],\"articleSection\":[\"Urteile\"],\"inLanguage\":\"en-GB\"},{\"@type\":\"WebPage\",\"@id\":\"https:\\\/\\\/ru.law\\\/diebstahl-aus-lik\\\/\",\"url\":\"https:\\\/\\\/ru.law\\\/diebstahl-aus-lik\\\/\",\"name\":\"Zum qualifiziertes Verschulden des Frachtf\u00fchrers bei Diebstahl aus einem \u00fcber Nacht abgestellten LKW an einer italienischen Rastst\u00e4tte; Wirksamkeit einer AGB-Klausel, wonach der Fahrer nur bewachte Parkpl\u00e4tze anfahren darf - R&amp;U\",\"isPartOf\":{\"@id\":\"https:\\\/\\\/ru.law\\\/#website\"},\"primaryImageOfPage\":{\"@id\":\"https:\\\/\\\/ru.law\\\/diebstahl-aus-lik\\\/#primaryimage\"},\"image\":{\"@id\":\"https:\\\/\\\/ru.law\\\/diebstahl-aus-lik\\\/#primaryimage\"},\"thumbnailUrl\":\"https:\\\/\\\/ru.law\\\/wp-content\\\/uploads\\\/2025\\\/03\\\/AdobeStock_262307767-scaled.jpeg\",\"datePublished\":\"2025-04-01T06:00:00+00:00\",\"dateModified\":\"2025-05-28T07:30:40+00:00\",\"description\":\"Gerichtsurteil uum qualifiziertes Verschulden des Frachtf\u00fchrers bei Diebstahl aus einem \u00fcber Nacht abgestellten LKW an einer italienischen Rastst\u00e4tte\",\"breadcrumb\":{\"@id\":\"https:\\\/\\\/ru.law\\\/diebstahl-aus-lik\\\/#breadcrumb\"},\"inLanguage\":\"en-GB\",\"potentialAction\":[{\"@type\":\"ReadAction\",\"target\":[\"https:\\\/\\\/ru.law\\\/diebstahl-aus-lik\\\/\"]}]},{\"@type\":\"ImageObject\",\"inLanguage\":\"en-GB\",\"@id\":\"https:\\\/\\\/ru.law\\\/diebstahl-aus-lik\\\/#primaryimage\",\"url\":\"https:\\\/\\\/ru.law\\\/wp-content\\\/uploads\\\/2025\\\/03\\\/AdobeStock_262307767-scaled.jpeg\",\"contentUrl\":\"https:\\\/\\\/ru.law\\\/wp-content\\\/uploads\\\/2025\\\/03\\\/AdobeStock_262307767-scaled.jpeg\",\"width\":2560,\"height\":1448},{\"@type\":\"BreadcrumbList\",\"@id\":\"https:\\\/\\\/ru.law\\\/diebstahl-aus-lik\\\/#breadcrumb\",\"itemListElement\":[{\"@type\":\"ListItem\",\"position\":1,\"name\":\"Startseite\",\"item\":\"https:\\\/\\\/ru.law\\\/\"},{\"@type\":\"ListItem\",\"position\":2,\"name\":\"Zum qualifiziertes Verschulden des Frachtf\u00fchrers bei Diebstahl aus einem \u00fcber Nacht abgestellten LKW an einer italienischen Rastst\u00e4tte; Wirksamkeit einer AGB-Klausel, wonach der Fahrer nur bewachte Parkpl\u00e4tze anfahren darf\"}]},{\"@type\":\"WebSite\",\"@id\":\"https:\\\/\\\/ru.law\\\/#website\",\"url\":\"https:\\\/\\\/ru.law\\\/\",\"name\":\"R&U\",\"description\":\"Verbraucheranw\u00e4lte\",\"publisher\":{\"@id\":\"https:\\\/\\\/ru.law\\\/#organization\"},\"alternateName\":\"Rogert & Ulbrich\",\"potentialAction\":[{\"@type\":\"SearchAction\",\"target\":{\"@type\":\"EntryPoint\",\"urlTemplate\":\"https:\\\/\\\/ru.law\\\/?s={search_term_string}\"},\"query-input\":{\"@type\":\"PropertyValueSpecification\",\"valueRequired\":true,\"valueName\":\"search_term_string\"}}],\"inLanguage\":\"en-GB\"},{\"@type\":\"Organization\",\"@id\":\"https:\\\/\\\/ru.law\\\/#organization\",\"name\":\"Kanzlei Rogert & Ulbrich\",\"url\":\"https:\\\/\\\/ru.law\\\/\",\"logo\":{\"@type\":\"ImageObject\",\"inLanguage\":\"en-GB\",\"@id\":\"https:\\\/\\\/ru.law\\\/#\\\/schema\\\/logo\\\/image\\\/\",\"url\":\"https:\\\/\\\/ru.law\\\/wp-content\\\/uploads\\\/2020\\\/12\\\/logo-ru-law.svg\",\"contentUrl\":\"https:\\\/\\\/ru.law\\\/wp-content\\\/uploads\\\/2020\\\/12\\\/logo-ru-law.svg\",\"width\":992,\"height\":259,\"caption\":\"Kanzlei Rogert & Ulbrich\"},\"image\":{\"@id\":\"https:\\\/\\\/ru.law\\\/#\\\/schema\\\/logo\\\/image\\\/\"},\"sameAs\":[\"https:\\\/\\\/www.facebook.com\\\/RogertUlbrich\\\/\",\"https:\\\/\\\/x.com\\\/RogertUlbrich\",\"https:\\\/\\\/www.instagram.com\\\/rogertulbrich\\\/\",\"https:\\\/\\\/www.linkedin.com\\\/company\\\/rogert-ulbrich\\\/\",\"https:\\\/\\\/www.youtube.com\\\/channel\\\/UCganCgpvwpPFqMFf1vVmG2A\"]},{\"@type\":\"Person\",\"@id\":\"https:\\\/\\\/ru.law\\\/#\\\/schema\\\/person\\\/b020d506e6bbc471b4565d3a98173b87\",\"name\":\"Marco Rogert\",\"url\":\"https:\\\/\\\/ru.law\\\/en\\\/author\\\/rogertru-law\\\/\"}]}<\/script>\n<!-- \/ Yoast SEO Premium plugin. -->","yoast_head_json":{"title":"Zum qualifiziertes Verschulden des Frachtf\u00fchrers bei Diebstahl aus einem \u00fcber Nacht abgestellten LKW an einer italienischen Rastst\u00e4tte; Wirksamkeit einer AGB-Klausel, wonach der Fahrer nur bewachte Parkpl\u00e4tze anfahren darf - R&amp;U","description":"Gerichtsurteil uum qualifiziertes Verschulden des Frachtf\u00fchrers bei Diebstahl aus einem \u00fcber Nacht abgestellten LKW an einer italienischen Rastst\u00e4tte","robots":{"index":"index","follow":"follow","max-snippet":"max-snippet:-1","max-image-preview":"max-image-preview:large","max-video-preview":"max-video-preview:-1"},"canonical":"https:\/\/ru.law\/en\/diebstahl-aus-lik\/","og_locale":"en_GB","og_type":"article","og_title":"Zum qualifiziertes Verschulden des Frachtf\u00fchrers bei Diebstahl aus einem \u00fcber Nacht abgestellten LKW an einer italienischen Rastst\u00e4tte; Wirksamkeit einer AGB-Klausel, wonach der Fahrer nur bewachte Parkpl\u00e4tze anfahren darf","og_description":"Gerichtsurteil uum qualifiziertes Verschulden des Frachtf\u00fchrers bei Diebstahl aus einem \u00fcber Nacht abgestellten LKW an einer italienischen Rastst\u00e4tte","og_url":"https:\/\/ru.law\/en\/diebstahl-aus-lik\/","og_site_name":"R&amp;U","article_publisher":"https:\/\/www.facebook.com\/RogertUlbrich\/","article_published_time":"2025-04-01T06:00:00+00:00","article_modified_time":"2025-05-28T07:30:40+00:00","og_image":[{"width":2560,"height":1448,"url":"https:\/\/ru.law\/wp-content\/uploads\/2025\/03\/AdobeStock_262307767-scaled.jpeg","type":"image\/jpeg"}],"author":"Marco Rogert","twitter_card":"summary_large_image","twitter_creator":"@RogertUlbrich","twitter_site":"@RogertUlbrich","schema":{"@context":"https:\/\/schema.org","@graph":[{"@type":"Article","@id":"https:\/\/ru.law\/diebstahl-aus-lik\/#article","isPartOf":{"@id":"https:\/\/ru.law\/diebstahl-aus-lik\/"},"author":{"name":"Marco Rogert","@id":"https:\/\/ru.law\/#\/schema\/person\/b020d506e6bbc471b4565d3a98173b87"},"headline":"Zum qualifiziertes Verschulden des Frachtf\u00fchrers bei Diebstahl aus einem \u00fcber Nacht abgestellten LKW an einer italienischen Rastst\u00e4tte; Wirksamkeit einer AGB-Klausel, wonach der Fahrer nur bewachte Parkpl\u00e4tze anfahren darf","datePublished":"2025-04-01T06:00:00+00:00","dateModified":"2025-05-28T07:30:40+00:00","mainEntityOfPage":{"@id":"https:\/\/ru.law\/diebstahl-aus-lik\/"},"wordCount":477,"publisher":{"@id":"https:\/\/ru.law\/#organization"},"image":{"@id":"https:\/\/ru.law\/diebstahl-aus-lik\/#primaryimage"},"thumbnailUrl":"https:\/\/ru.law\/wp-content\/uploads\/2025\/03\/AdobeStock_262307767-scaled.jpeg","keywords":["Diebstahl","LKW","Parplattz","Rast\u00e4tte","Verschulden Frachtf\u00fchrer"],"articleSection":["Urteile"],"inLanguage":"en-GB"},{"@type":"WebPage","@id":"https:\/\/ru.law\/diebstahl-aus-lik\/","url":"https:\/\/ru.law\/diebstahl-aus-lik\/","name":"Zum qualifiziertes Verschulden des Frachtf\u00fchrers bei Diebstahl aus einem \u00fcber Nacht abgestellten LKW an einer italienischen Rastst\u00e4tte; Wirksamkeit einer AGB-Klausel, wonach der Fahrer nur bewachte Parkpl\u00e4tze anfahren darf - R&amp;U","isPartOf":{"@id":"https:\/\/ru.law\/#website"},"primaryImageOfPage":{"@id":"https:\/\/ru.law\/diebstahl-aus-lik\/#primaryimage"},"image":{"@id":"https:\/\/ru.law\/diebstahl-aus-lik\/#primaryimage"},"thumbnailUrl":"https:\/\/ru.law\/wp-content\/uploads\/2025\/03\/AdobeStock_262307767-scaled.jpeg","datePublished":"2025-04-01T06:00:00+00:00","dateModified":"2025-05-28T07:30:40+00:00","description":"Gerichtsurteil uum qualifiziertes Verschulden des Frachtf\u00fchrers bei Diebstahl aus einem \u00fcber Nacht abgestellten LKW an einer italienischen Rastst\u00e4tte","breadcrumb":{"@id":"https:\/\/ru.law\/diebstahl-aus-lik\/#breadcrumb"},"inLanguage":"en-GB","potentialAction":[{"@type":"ReadAction","target":["https:\/\/ru.law\/diebstahl-aus-lik\/"]}]},{"@type":"ImageObject","inLanguage":"en-GB","@id":"https:\/\/ru.law\/diebstahl-aus-lik\/#primaryimage","url":"https:\/\/ru.law\/wp-content\/uploads\/2025\/03\/AdobeStock_262307767-scaled.jpeg","contentUrl":"https:\/\/ru.law\/wp-content\/uploads\/2025\/03\/AdobeStock_262307767-scaled.jpeg","width":2560,"height":1448},{"@type":"BreadcrumbList","@id":"https:\/\/ru.law\/diebstahl-aus-lik\/#breadcrumb","itemListElement":[{"@type":"ListItem","position":1,"name":"Startseite","item":"https:\/\/ru.law\/"},{"@type":"ListItem","position":2,"name":"Zum qualifiziertes Verschulden des Frachtf\u00fchrers bei Diebstahl aus einem \u00fcber Nacht abgestellten LKW an einer italienischen Rastst\u00e4tte; Wirksamkeit einer AGB-Klausel, wonach der Fahrer nur bewachte Parkpl\u00e4tze anfahren darf"}]},{"@type":"WebSite","@id":"https:\/\/ru.law\/#website","url":"https:\/\/ru.law\/","name":"R&amp;U","description":"Consumer lawyers","publisher":{"@id":"https:\/\/ru.law\/#organization"},"alternateName":"Rogert & Ulbrich","potentialAction":[{"@type":"SearchAction","target":{"@type":"EntryPoint","urlTemplate":"https:\/\/ru.law\/?s={search_term_string}"},"query-input":{"@type":"PropertyValueSpecification","valueRequired":true,"valueName":"search_term_string"}}],"inLanguage":"en-GB"},{"@type":"Organization","@id":"https:\/\/ru.law\/#organization","name":"Rogert &amp; Ulbrich Law Firm","url":"https:\/\/ru.law\/","logo":{"@type":"ImageObject","inLanguage":"en-GB","@id":"https:\/\/ru.law\/#\/schema\/logo\/image\/","url":"https:\/\/ru.law\/wp-content\/uploads\/2020\/12\/logo-ru-law.svg","contentUrl":"https:\/\/ru.law\/wp-content\/uploads\/2020\/12\/logo-ru-law.svg","width":992,"height":259,"caption":"Kanzlei Rogert & Ulbrich"},"image":{"@id":"https:\/\/ru.law\/#\/schema\/logo\/image\/"},"sameAs":["https:\/\/www.facebook.com\/RogertUlbrich\/","https:\/\/x.com\/RogertUlbrich","https:\/\/www.instagram.com\/rogertulbrich\/","https:\/\/www.linkedin.com\/company\/rogert-ulbrich\/","https:\/\/www.youtube.com\/channel\/UCganCgpvwpPFqMFf1vVmG2A"]},{"@type":"Person","@id":"https:\/\/ru.law\/#\/schema\/person\/b020d506e6bbc471b4565d3a98173b87","name":"Marco Rogert","url":"https:\/\/ru.law\/en\/author\/rogertru-law\/"}]}},"uagb_featured_image_src":{"full":["https:\/\/ru.law\/wp-content\/uploads\/2025\/03\/AdobeStock_262307767-scaled.jpeg",2560,1448,false],"thumbnail":["https:\/\/ru.law\/wp-content\/uploads\/2025\/03\/AdobeStock_262307767-scaled.jpeg",128,72,false],"medium":["https:\/\/ru.law\/wp-content\/uploads\/2025\/03\/AdobeStock_262307767-scaled.jpeg",2560,1448,false],"medium_large":["https:\/\/ru.law\/wp-content\/uploads\/2025\/03\/AdobeStock_262307767-768x434.jpeg",768,434,true],"large":["https:\/\/ru.law\/wp-content\/uploads\/2025\/03\/AdobeStock_262307767-scaled.jpeg",2560,1448,false],"1536x1536":["https:\/\/ru.law\/wp-content\/uploads\/2025\/03\/AdobeStock_262307767-1536x869.jpeg",1536,869,true],"2048x2048":["https:\/\/ru.law\/wp-content\/uploads\/2025\/03\/AdobeStock_262307767-2048x1159.jpeg",2048,1159,true],"trp-custom-language-flag":["https:\/\/ru.law\/wp-content\/uploads\/2025\/03\/AdobeStock_262307767-18x10.jpeg",18,10,true]},"uagb_author_info":{"display_name":"Marco Rogert","author_link":"https:\/\/ru.law\/en\/author\/rogertru-law\/"},"uagb_comment_info":0,"uagb_excerpt":"Das OLG M\u00fcnchen entschied, dass eine AGB-Klausel, die den Fahrer verpflichtet, nur bewachte Parkpl\u00e4tze anzufahren, unwirksam ist, wenn sie ihm nicht vor Vertragsschluss mitgeteilt wurde. Der Frachtf\u00fchrer haftet nur bei Kenntnis einer erh\u00f6hten Diebstahlsgefahr oder bei unzureichenden Sicherheitsvorkehrungen. Ein qualifiziertes Verschulden liegt nicht vor, wenn er geeignete Rastst\u00e4tten w\u00e4hlt.","_links":{"self":[{"href":"https:\/\/ru.law\/en\/wp-json\/wp\/v2\/posts\/88655","targetHints":{"allow":["GET"]}}],"collection":[{"href":"https:\/\/ru.law\/en\/wp-json\/wp\/v2\/posts"}],"about":[{"href":"https:\/\/ru.law\/en\/wp-json\/wp\/v2\/types\/post"}],"author":[{"embeddable":true,"href":"https:\/\/ru.law\/en\/wp-json\/wp\/v2\/users\/21"}],"replies":[{"embeddable":true,"href":"https:\/\/ru.law\/en\/wp-json\/wp\/v2\/comments?post=88655"}],"version-history":[{"count":0,"href":"https:\/\/ru.law\/en\/wp-json\/wp\/v2\/posts\/88655\/revisions"}],"wp:featuredmedia":[{"embeddable":true,"href":"https:\/\/ru.law\/en\/wp-json\/wp\/v2\/media\/88656"}],"wp:attachment":[{"href":"https:\/\/ru.law\/en\/wp-json\/wp\/v2\/media?parent=88655"}],"wp:term":[{"taxonomy":"category","embeddable":true,"href":"https:\/\/ru.law\/en\/wp-json\/wp\/v2\/categories?post=88655"},{"taxonomy":"post_tag","embeddable":true,"href":"https:\/\/ru.law\/en\/wp-json\/wp\/v2\/tags?post=88655"}],"curies":[{"name":"wp","href":"https:\/\/api.w.org\/{rel}","templated":true}]}}