{"id":88648,"date":"2025-03-17T13:03:31","date_gmt":"2025-03-17T12:03:31","guid":{"rendered":"https:\/\/ru.law\/?p=88648"},"modified":"2025-05-28T09:31:20","modified_gmt":"2025-05-28T07:31:20","slug":"temperaturschaden-bei-tiefkuehlgut","status":"publish","type":"post","link":"https:\/\/ru.law\/en\/temperaturschaden-bei-tiefkuehlgut\/","title":{"rendered":"On the requirements for temperature damage to frozen goods; qualified negligence when using a refrigerated vehicle without active cooling"},"content":{"rendered":"<p>The handling of frozen goods is subject to strict legal requirements, particularly Section 2, Paragraph 4 of the German Regulation on Deep-Frozen Foods (TLMV), which stipulates a continuous temperature of -18\u00b0C or below during transport. Violations of these regulations can not only impair the marketability of the products but also pose significant health risks to consumers. This legal framework forms the basis for liability issues in the event of temperature-related damage to frozen goods, particularly when the carrier is at fault.<\/p>\n\n\n\n<h2 class=\"wp-block-heading\" id=\"h-urteil-oberlandesgericht-dusseldorf\">Judgment of the Higher Regional Court of D\u00fcsseldorf<\/h2>\n\n\n\n<p>If the provisions of Section 2, Paragraph 4 of the Regulation on Deep-Frozen Foods (TLMV) are not complied with, which stipulate that deep-frozen foodstuffs must be kept at -18\u00b0C or lower at all points on the product after initial freezing until delivery to the consumer, and that short-term fluctuations of no more than 3\u00b0C are permissible during shipping, are no longer marketable. Precisely because of the consequences of food law and the potential damage to a merchant&#039;s image if they place frozen products on the market that are not permitted under food law, it can be assumed that frozen goods are not marketable if the goods do not comply with food law regulations. Meticulous implementation of the TLMV is essential to avert significant risks to consumer health. If the freight carrier delivers frozen goods to the recipient at a temperature above -15\u00b0C, the frozen goods being transported have been damaged. The question of the microbiological condition of the goods is therefore no longer relevant.<\/p>\n\n\n\n<p>For frozen transport, it is recognized that the freight carrier must provide a suitable transport vehicle. They are therefore responsible for ensuring that the goods can be transported at all times in accordance with the contractual agreements. This also applies if delays occur that require the goods to remain in the transport vehicle for an extended period. If the carrier uses a vehicle without active refrigeration, they knowingly assume the risk of spoilage of the goods in the event of transport delays \u2013 which constitutes qualified negligence.<\/p>\n\n\n\n<ol start=\"1\" class=\"wp-block-list\">\n<li><\/li>\n<\/ol>\n\n\n\n<h2 class=\"wp-block-heading\" id=\"h-fazit\">Conclusion<\/h2>\n\n\n\n<p>Overall, case law shows that the use of transport vehicles without adequate refrigeration poses a high liability risk for freight carriers. The due diligence obligations arising from the TLMV, as well as the responsibility to ensure product quality during transport, are essential. Violation of these obligations can not only lead to spoilage of the goods but also to significant legal consequences for all parties involved in the transport process.<\/p>","protected":false},"excerpt":{"rendered":"<p>The D\u00fcsseldorf Higher Regional Court has clarified: Violations of the TLMV (Trade Mark Regulations) regarding the temperature of frozen goods during transport result in a loss of marketability. The freight carrier is responsible for using a suitable refrigerated vehicle. A vehicle without active refrigeration during delays constitutes aggravated negligence and can lead to significant liability consequences.<\/p>","protected":false},"author":21,"featured_media":88809,"comment_status":"closed","ping_status":"open","sticky":false,"template":"","format":"standard","meta":{"_uag_custom_page_level_css":"","site-sidebar-layout":"default","site-content-layout":"","ast-site-content-layout":"default","site-content-style":"default","site-sidebar-style":"default","ast-global-header-display":"","ast-banner-title-visibility":"","ast-main-header-display":"","ast-hfb-above-header-display":"","ast-hfb-below-header-display":"","ast-hfb-mobile-header-display":"","site-post-title":"","ast-breadcrumbs-content":"","ast-featured-img":"","footer-sml-layout":"","ast-disable-related-posts":"","theme-transparent-header-meta":"","adv-header-id-meta":"","stick-header-meta":"","header-above-stick-meta":"","header-main-stick-meta":"","header-below-stick-meta":"","astra-migrate-meta-layouts":"set","ast-page-background-enabled":"default","ast-page-background-meta":{"desktop":{"background-color":"","background-image":"","background-repeat":"repeat","background-position":"center center","background-size":"auto","background-attachment":"scroll","background-type":"","background-media":"","overlay-type":"","overlay-color":"","overlay-opacity":"","overlay-gradient":""},"tablet":{"background-color":"","background-image":"","background-repeat":"repeat","background-position":"center center","background-size":"auto","background-attachment":"scroll","background-type":"","background-media":"","overlay-type":"","overlay-color":"","overlay-opacity":"","overlay-gradient":""},"mobile":{"background-color":"","background-image":"","background-repeat":"repeat","background-position":"center center","background-size":"auto","background-attachment":"scroll","background-type":"","background-media":"","overlay-type":"","overlay-color":"","overlay-opacity":"","overlay-gradient":""}},"ast-content-background-meta":{"desktop":{"background-color":"var(--ast-global-color-5)","background-image":"","background-repeat":"repeat","background-position":"center center","background-size":"auto","background-attachment":"scroll","background-type":"","background-media":"","overlay-type":"","overlay-color":"","overlay-opacity":"","overlay-gradient":""},"tablet":{"background-color":"var(--ast-global-color-5)","background-image":"","background-repeat":"repeat","background-position":"center center","background-size":"auto","background-attachment":"scroll","background-type":"","background-media":"","overlay-type":"","overlay-color":"","overlay-opacity":"","overlay-gradient":""},"mobile":{"background-color":"var(--ast-global-color-5)","background-image":"","background-repeat":"repeat","background-position":"center center","background-size":"auto","background-attachment":"scroll","background-type":"","background-media":"","overlay-type":"","overlay-color":"","overlay-opacity":"","overlay-gradient":""}},"footnotes":""},"categories":[507],"tags":[1270,1269,1267,1268],"class_list":["post-88648","post","type-post","status-publish","format-standard","has-post-thumbnail","hentry","category-urteile","tag-kuehlfahrzeug","tag-kuehlung","tag-temparaturschaden","tag-tiefkuehlware"],"yoast_head":"<!-- This site is optimized with the Yoast SEO Premium plugin v27.4 (Yoast SEO v27.4) - https:\/\/yoast.com\/product\/yoast-seo-premium-wordpress\/ -->\n<title>Zu den Voraussetzungen an einen Temperaturschaden bei Tiefk\u00fchlgut; qualifiziertes Verschulden bei Einsatz eines K\u00fchlfahrzeuges ohne aktive K\u00fchlung - R&amp;U<\/title>\n<meta name=\"description\" content=\"Temperaturschaden bei Tiefk\u00fchlgut. Qualifiziertes Verschulden bei Einsatz eines K\u00fchlfahrzeuges ohne aktive K\u00fchlung\" \/>\n<meta name=\"robots\" content=\"index, follow, max-snippet:-1, max-image-preview:large, max-video-preview:-1\" \/>\n<link rel=\"canonical\" href=\"https:\/\/ru.law\/en\/temperaturschaden-bei-tiefkuehlgut\/\" \/>\n<meta property=\"og:locale\" content=\"en_GB\" \/>\n<meta property=\"og:type\" content=\"article\" \/>\n<meta property=\"og:title\" content=\"Zu den Voraussetzungen an einen Temperaturschaden bei Tiefk\u00fchlgut; qualifiziertes Verschulden bei Einsatz eines K\u00fchlfahrzeuges ohne aktive K\u00fchlung\" \/>\n<meta property=\"og:description\" content=\"Temperaturschaden bei Tiefk\u00fchlgut. Qualifiziertes Verschulden bei Einsatz eines K\u00fchlfahrzeuges ohne aktive K\u00fchlung\" \/>\n<meta property=\"og:url\" content=\"https:\/\/ru.law\/en\/temperaturschaden-bei-tiefkuehlgut\/\" \/>\n<meta property=\"og:site_name\" content=\"R&amp;U\" \/>\n<meta property=\"article:publisher\" content=\"https:\/\/www.facebook.com\/RogertUlbrich\/\" \/>\n<meta property=\"article:published_time\" content=\"2025-03-17T12:03:31+00:00\" \/>\n<meta property=\"article:modified_time\" content=\"2025-05-28T07:31:20+00:00\" \/>\n<meta property=\"og:image\" content=\"https:\/\/ru.law\/wp-content\/uploads\/2025\/03\/AdobeStock_1275051882-scaled.jpeg\" \/>\n\t<meta property=\"og:image:width\" content=\"2560\" \/>\n\t<meta property=\"og:image:height\" content=\"1707\" \/>\n\t<meta property=\"og:image:type\" content=\"image\/jpeg\" \/>\n<meta name=\"author\" content=\"Marco Rogert\" \/>\n<meta name=\"twitter:card\" content=\"summary_large_image\" \/>\n<meta name=\"twitter:creator\" content=\"@RogertUlbrich\" \/>\n<meta name=\"twitter:site\" content=\"@RogertUlbrich\" \/>\n<script type=\"application\/ld+json\" class=\"yoast-schema-graph\">{\"@context\":\"https:\\\/\\\/schema.org\",\"@graph\":[{\"@type\":\"Article\",\"@id\":\"https:\\\/\\\/ru.law\\\/temperaturschaden-bei-tiefkuehlgut\\\/#article\",\"isPartOf\":{\"@id\":\"https:\\\/\\\/ru.law\\\/temperaturschaden-bei-tiefkuehlgut\\\/\"},\"author\":{\"name\":\"Marco Rogert\",\"@id\":\"https:\\\/\\\/ru.law\\\/#\\\/schema\\\/person\\\/b020d506e6bbc471b4565d3a98173b87\"},\"headline\":\"Zu den Voraussetzungen an einen Temperaturschaden bei Tiefk\u00fchlgut; qualifiziertes Verschulden bei Einsatz eines K\u00fchlfahrzeuges ohne aktive K\u00fchlung\",\"datePublished\":\"2025-03-17T12:03:31+00:00\",\"dateModified\":\"2025-05-28T07:31:20+00:00\",\"mainEntityOfPage\":{\"@id\":\"https:\\\/\\\/ru.law\\\/temperaturschaden-bei-tiefkuehlgut\\\/\"},\"wordCount\":437,\"publisher\":{\"@id\":\"https:\\\/\\\/ru.law\\\/#organization\"},\"image\":{\"@id\":\"https:\\\/\\\/ru.law\\\/temperaturschaden-bei-tiefkuehlgut\\\/#primaryimage\"},\"thumbnailUrl\":\"https:\\\/\\\/ru.law\\\/wp-content\\\/uploads\\\/2025\\\/03\\\/AdobeStock_1275051882-scaled.jpeg\",\"keywords\":[\"K\u00fchlfahrzeug\",\"K\u00fchlung\",\"Temparaturschaden\",\"Tiefk\u00fchlware\"],\"articleSection\":[\"Urteile\"],\"inLanguage\":\"en-GB\"},{\"@type\":\"WebPage\",\"@id\":\"https:\\\/\\\/ru.law\\\/temperaturschaden-bei-tiefkuehlgut\\\/\",\"url\":\"https:\\\/\\\/ru.law\\\/temperaturschaden-bei-tiefkuehlgut\\\/\",\"name\":\"Zu den Voraussetzungen an einen Temperaturschaden bei Tiefk\u00fchlgut; qualifiziertes Verschulden bei Einsatz eines K\u00fchlfahrzeuges ohne aktive K\u00fchlung - R&amp;U\",\"isPartOf\":{\"@id\":\"https:\\\/\\\/ru.law\\\/#website\"},\"primaryImageOfPage\":{\"@id\":\"https:\\\/\\\/ru.law\\\/temperaturschaden-bei-tiefkuehlgut\\\/#primaryimage\"},\"image\":{\"@id\":\"https:\\\/\\\/ru.law\\\/temperaturschaden-bei-tiefkuehlgut\\\/#primaryimage\"},\"thumbnailUrl\":\"https:\\\/\\\/ru.law\\\/wp-content\\\/uploads\\\/2025\\\/03\\\/AdobeStock_1275051882-scaled.jpeg\",\"datePublished\":\"2025-03-17T12:03:31+00:00\",\"dateModified\":\"2025-05-28T07:31:20+00:00\",\"description\":\"Temperaturschaden bei Tiefk\u00fchlgut. Qualifiziertes Verschulden bei Einsatz eines K\u00fchlfahrzeuges ohne aktive K\u00fchlung\",\"breadcrumb\":{\"@id\":\"https:\\\/\\\/ru.law\\\/temperaturschaden-bei-tiefkuehlgut\\\/#breadcrumb\"},\"inLanguage\":\"en-GB\",\"potentialAction\":[{\"@type\":\"ReadAction\",\"target\":[\"https:\\\/\\\/ru.law\\\/temperaturschaden-bei-tiefkuehlgut\\\/\"]}]},{\"@type\":\"ImageObject\",\"inLanguage\":\"en-GB\",\"@id\":\"https:\\\/\\\/ru.law\\\/temperaturschaden-bei-tiefkuehlgut\\\/#primaryimage\",\"url\":\"https:\\\/\\\/ru.law\\\/wp-content\\\/uploads\\\/2025\\\/03\\\/AdobeStock_1275051882-scaled.jpeg\",\"contentUrl\":\"https:\\\/\\\/ru.law\\\/wp-content\\\/uploads\\\/2025\\\/03\\\/AdobeStock_1275051882-scaled.jpeg\",\"width\":2560,\"height\":1707,\"caption\":\"Cool Storage Warehouse Aisles with Packed Shelves\"},{\"@type\":\"BreadcrumbList\",\"@id\":\"https:\\\/\\\/ru.law\\\/temperaturschaden-bei-tiefkuehlgut\\\/#breadcrumb\",\"itemListElement\":[{\"@type\":\"ListItem\",\"position\":1,\"name\":\"Startseite\",\"item\":\"https:\\\/\\\/ru.law\\\/\"},{\"@type\":\"ListItem\",\"position\":2,\"name\":\"Zu den Voraussetzungen an einen Temperaturschaden bei Tiefk\u00fchlgut; qualifiziertes Verschulden bei Einsatz eines K\u00fchlfahrzeuges ohne aktive K\u00fchlung\"}]},{\"@type\":\"WebSite\",\"@id\":\"https:\\\/\\\/ru.law\\\/#website\",\"url\":\"https:\\\/\\\/ru.law\\\/\",\"name\":\"R&U\",\"description\":\"Verbraucheranw\u00e4lte\",\"publisher\":{\"@id\":\"https:\\\/\\\/ru.law\\\/#organization\"},\"alternateName\":\"Rogert & Ulbrich\",\"potentialAction\":[{\"@type\":\"SearchAction\",\"target\":{\"@type\":\"EntryPoint\",\"urlTemplate\":\"https:\\\/\\\/ru.law\\\/?s={search_term_string}\"},\"query-input\":{\"@type\":\"PropertyValueSpecification\",\"valueRequired\":true,\"valueName\":\"search_term_string\"}}],\"inLanguage\":\"en-GB\"},{\"@type\":\"Organization\",\"@id\":\"https:\\\/\\\/ru.law\\\/#organization\",\"name\":\"Kanzlei Rogert & Ulbrich\",\"url\":\"https:\\\/\\\/ru.law\\\/\",\"logo\":{\"@type\":\"ImageObject\",\"inLanguage\":\"en-GB\",\"@id\":\"https:\\\/\\\/ru.law\\\/#\\\/schema\\\/logo\\\/image\\\/\",\"url\":\"https:\\\/\\\/ru.law\\\/wp-content\\\/uploads\\\/2020\\\/12\\\/logo-ru-law.svg\",\"contentUrl\":\"https:\\\/\\\/ru.law\\\/wp-content\\\/uploads\\\/2020\\\/12\\\/logo-ru-law.svg\",\"width\":992,\"height\":259,\"caption\":\"Kanzlei Rogert & Ulbrich\"},\"image\":{\"@id\":\"https:\\\/\\\/ru.law\\\/#\\\/schema\\\/logo\\\/image\\\/\"},\"sameAs\":[\"https:\\\/\\\/www.facebook.com\\\/RogertUlbrich\\\/\",\"https:\\\/\\\/x.com\\\/RogertUlbrich\",\"https:\\\/\\\/www.instagram.com\\\/rogertulbrich\\\/\",\"https:\\\/\\\/www.linkedin.com\\\/company\\\/rogert-ulbrich\\\/\",\"https:\\\/\\\/www.youtube.com\\\/channel\\\/UCganCgpvwpPFqMFf1vVmG2A\"]},{\"@type\":\"Person\",\"@id\":\"https:\\\/\\\/ru.law\\\/#\\\/schema\\\/person\\\/b020d506e6bbc471b4565d3a98173b87\",\"name\":\"Marco Rogert\",\"url\":\"https:\\\/\\\/ru.law\\\/en\\\/author\\\/rogertru-law\\\/\"}]}<\/script>\n<!-- \/ Yoast SEO Premium plugin. -->","yoast_head_json":{"title":"Zu den Voraussetzungen an einen Temperaturschaden bei Tiefk\u00fchlgut; qualifiziertes Verschulden bei Einsatz eines K\u00fchlfahrzeuges ohne aktive K\u00fchlung - R&amp;U","description":"Temperaturschaden bei Tiefk\u00fchlgut. Qualifiziertes Verschulden bei Einsatz eines K\u00fchlfahrzeuges ohne aktive K\u00fchlung","robots":{"index":"index","follow":"follow","max-snippet":"max-snippet:-1","max-image-preview":"max-image-preview:large","max-video-preview":"max-video-preview:-1"},"canonical":"https:\/\/ru.law\/en\/temperaturschaden-bei-tiefkuehlgut\/","og_locale":"en_GB","og_type":"article","og_title":"Zu den Voraussetzungen an einen Temperaturschaden bei Tiefk\u00fchlgut; qualifiziertes Verschulden bei Einsatz eines K\u00fchlfahrzeuges ohne aktive K\u00fchlung","og_description":"Temperaturschaden bei Tiefk\u00fchlgut. Qualifiziertes Verschulden bei Einsatz eines K\u00fchlfahrzeuges ohne aktive K\u00fchlung","og_url":"https:\/\/ru.law\/en\/temperaturschaden-bei-tiefkuehlgut\/","og_site_name":"R&amp;U","article_publisher":"https:\/\/www.facebook.com\/RogertUlbrich\/","article_published_time":"2025-03-17T12:03:31+00:00","article_modified_time":"2025-05-28T07:31:20+00:00","og_image":[{"width":2560,"height":1707,"url":"https:\/\/ru.law\/wp-content\/uploads\/2025\/03\/AdobeStock_1275051882-scaled.jpeg","type":"image\/jpeg"}],"author":"Marco Rogert","twitter_card":"summary_large_image","twitter_creator":"@RogertUlbrich","twitter_site":"@RogertUlbrich","schema":{"@context":"https:\/\/schema.org","@graph":[{"@type":"Article","@id":"https:\/\/ru.law\/temperaturschaden-bei-tiefkuehlgut\/#article","isPartOf":{"@id":"https:\/\/ru.law\/temperaturschaden-bei-tiefkuehlgut\/"},"author":{"name":"Marco Rogert","@id":"https:\/\/ru.law\/#\/schema\/person\/b020d506e6bbc471b4565d3a98173b87"},"headline":"Zu den Voraussetzungen an einen Temperaturschaden bei Tiefk\u00fchlgut; qualifiziertes Verschulden bei Einsatz eines K\u00fchlfahrzeuges ohne aktive K\u00fchlung","datePublished":"2025-03-17T12:03:31+00:00","dateModified":"2025-05-28T07:31:20+00:00","mainEntityOfPage":{"@id":"https:\/\/ru.law\/temperaturschaden-bei-tiefkuehlgut\/"},"wordCount":437,"publisher":{"@id":"https:\/\/ru.law\/#organization"},"image":{"@id":"https:\/\/ru.law\/temperaturschaden-bei-tiefkuehlgut\/#primaryimage"},"thumbnailUrl":"https:\/\/ru.law\/wp-content\/uploads\/2025\/03\/AdobeStock_1275051882-scaled.jpeg","keywords":["K\u00fchlfahrzeug","K\u00fchlung","Temparaturschaden","Tiefk\u00fchlware"],"articleSection":["Urteile"],"inLanguage":"en-GB"},{"@type":"WebPage","@id":"https:\/\/ru.law\/temperaturschaden-bei-tiefkuehlgut\/","url":"https:\/\/ru.law\/temperaturschaden-bei-tiefkuehlgut\/","name":"Zu den Voraussetzungen an einen Temperaturschaden bei Tiefk\u00fchlgut; qualifiziertes Verschulden bei Einsatz eines K\u00fchlfahrzeuges ohne aktive K\u00fchlung - R&amp;U","isPartOf":{"@id":"https:\/\/ru.law\/#website"},"primaryImageOfPage":{"@id":"https:\/\/ru.law\/temperaturschaden-bei-tiefkuehlgut\/#primaryimage"},"image":{"@id":"https:\/\/ru.law\/temperaturschaden-bei-tiefkuehlgut\/#primaryimage"},"thumbnailUrl":"https:\/\/ru.law\/wp-content\/uploads\/2025\/03\/AdobeStock_1275051882-scaled.jpeg","datePublished":"2025-03-17T12:03:31+00:00","dateModified":"2025-05-28T07:31:20+00:00","description":"Temperaturschaden bei Tiefk\u00fchlgut. Qualifiziertes Verschulden bei Einsatz eines K\u00fchlfahrzeuges ohne aktive K\u00fchlung","breadcrumb":{"@id":"https:\/\/ru.law\/temperaturschaden-bei-tiefkuehlgut\/#breadcrumb"},"inLanguage":"en-GB","potentialAction":[{"@type":"ReadAction","target":["https:\/\/ru.law\/temperaturschaden-bei-tiefkuehlgut\/"]}]},{"@type":"ImageObject","inLanguage":"en-GB","@id":"https:\/\/ru.law\/temperaturschaden-bei-tiefkuehlgut\/#primaryimage","url":"https:\/\/ru.law\/wp-content\/uploads\/2025\/03\/AdobeStock_1275051882-scaled.jpeg","contentUrl":"https:\/\/ru.law\/wp-content\/uploads\/2025\/03\/AdobeStock_1275051882-scaled.jpeg","width":2560,"height":1707,"caption":"Cool Storage Warehouse Aisles with Packed Shelves"},{"@type":"BreadcrumbList","@id":"https:\/\/ru.law\/temperaturschaden-bei-tiefkuehlgut\/#breadcrumb","itemListElement":[{"@type":"ListItem","position":1,"name":"Startseite","item":"https:\/\/ru.law\/"},{"@type":"ListItem","position":2,"name":"Zu den Voraussetzungen an einen Temperaturschaden bei Tiefk\u00fchlgut; qualifiziertes Verschulden bei Einsatz eines K\u00fchlfahrzeuges ohne aktive K\u00fchlung"}]},{"@type":"WebSite","@id":"https:\/\/ru.law\/#website","url":"https:\/\/ru.law\/","name":"R&amp;U","description":"Consumer lawyers","publisher":{"@id":"https:\/\/ru.law\/#organization"},"alternateName":"Rogert & Ulbrich","potentialAction":[{"@type":"SearchAction","target":{"@type":"EntryPoint","urlTemplate":"https:\/\/ru.law\/?s={search_term_string}"},"query-input":{"@type":"PropertyValueSpecification","valueRequired":true,"valueName":"search_term_string"}}],"inLanguage":"en-GB"},{"@type":"Organization","@id":"https:\/\/ru.law\/#organization","name":"Rogert &amp; Ulbrich Law Firm","url":"https:\/\/ru.law\/","logo":{"@type":"ImageObject","inLanguage":"en-GB","@id":"https:\/\/ru.law\/#\/schema\/logo\/image\/","url":"https:\/\/ru.law\/wp-content\/uploads\/2020\/12\/logo-ru-law.svg","contentUrl":"https:\/\/ru.law\/wp-content\/uploads\/2020\/12\/logo-ru-law.svg","width":992,"height":259,"caption":"Kanzlei Rogert & Ulbrich"},"image":{"@id":"https:\/\/ru.law\/#\/schema\/logo\/image\/"},"sameAs":["https:\/\/www.facebook.com\/RogertUlbrich\/","https:\/\/x.com\/RogertUlbrich","https:\/\/www.instagram.com\/rogertulbrich\/","https:\/\/www.linkedin.com\/company\/rogert-ulbrich\/","https:\/\/www.youtube.com\/channel\/UCganCgpvwpPFqMFf1vVmG2A"]},{"@type":"Person","@id":"https:\/\/ru.law\/#\/schema\/person\/b020d506e6bbc471b4565d3a98173b87","name":"Marco Rogert","url":"https:\/\/ru.law\/en\/author\/rogertru-law\/"}]}},"uagb_featured_image_src":{"full":["https:\/\/ru.law\/wp-content\/uploads\/2025\/03\/AdobeStock_1275051882-scaled.jpeg",2560,1707,false],"thumbnail":["https:\/\/ru.law\/wp-content\/uploads\/2025\/03\/AdobeStock_1275051882-scaled.jpeg",128,85,false],"medium":["https:\/\/ru.law\/wp-content\/uploads\/2025\/03\/AdobeStock_1275051882-scaled.jpeg",2560,1707,false],"medium_large":["https:\/\/ru.law\/wp-content\/uploads\/2025\/03\/AdobeStock_1275051882-768x512.jpeg",768,512,true],"large":["https:\/\/ru.law\/wp-content\/uploads\/2025\/03\/AdobeStock_1275051882-scaled.jpeg",2560,1707,false],"1536x1536":["https:\/\/ru.law\/wp-content\/uploads\/2025\/03\/AdobeStock_1275051882-1536x1024.jpeg",1536,1024,true],"2048x2048":["https:\/\/ru.law\/wp-content\/uploads\/2025\/03\/AdobeStock_1275051882-2048x1365.jpeg",2048,1365,true],"trp-custom-language-flag":["https:\/\/ru.law\/wp-content\/uploads\/2025\/03\/AdobeStock_1275051882-18x12.jpeg",18,12,true]},"uagb_author_info":{"display_name":"Marco Rogert","author_link":"https:\/\/ru.law\/en\/author\/rogertru-law\/"},"uagb_comment_info":0,"uagb_excerpt":"Das Oberlandesgericht D\u00fcsseldorf stellt klar: Verst\u00f6\u00dfe gegen die TLMV-Vorgaben zur Temperatur von Tiefk\u00fchlware w\u00e4hrend des Transports f\u00fchren zu einem Verlust der Verkehrsf\u00e4higkeit. Der Frachtf\u00fchrer tr\u00e4gt die Verantwortung, ein geeignetes K\u00fchlfahrzeug einzusetzen. Ein Fahrzeug ohne aktive K\u00fchlung bei Verz\u00f6gerungen stellt ein qualifiziertes Verschulden dar und kann zu erheblichen Haftungsfolgen f\u00fchren.","_links":{"self":[{"href":"https:\/\/ru.law\/en\/wp-json\/wp\/v2\/posts\/88648","targetHints":{"allow":["GET"]}}],"collection":[{"href":"https:\/\/ru.law\/en\/wp-json\/wp\/v2\/posts"}],"about":[{"href":"https:\/\/ru.law\/en\/wp-json\/wp\/v2\/types\/post"}],"author":[{"embeddable":true,"href":"https:\/\/ru.law\/en\/wp-json\/wp\/v2\/users\/21"}],"replies":[{"embeddable":true,"href":"https:\/\/ru.law\/en\/wp-json\/wp\/v2\/comments?post=88648"}],"version-history":[{"count":0,"href":"https:\/\/ru.law\/en\/wp-json\/wp\/v2\/posts\/88648\/revisions"}],"wp:featuredmedia":[{"embeddable":true,"href":"https:\/\/ru.law\/en\/wp-json\/wp\/v2\/media\/88809"}],"wp:attachment":[{"href":"https:\/\/ru.law\/en\/wp-json\/wp\/v2\/media?parent=88648"}],"wp:term":[{"taxonomy":"category","embeddable":true,"href":"https:\/\/ru.law\/en\/wp-json\/wp\/v2\/categories?post=88648"},{"taxonomy":"post_tag","embeddable":true,"href":"https:\/\/ru.law\/en\/wp-json\/wp\/v2\/tags?post=88648"}],"curies":[{"name":"wp","href":"https:\/\/api.w.org\/{rel}","templated":true}]}}