{"id":88178,"date":"2025-02-28T10:00:37","date_gmt":"2025-02-28T09:00:37","guid":{"rendered":"https:\/\/ru.law\/?p=88178"},"modified":"2025-05-28T09:31:41","modified_gmt":"2025-05-28T07:31:41","slug":"eu-kommission-plant-verschiebung-des-lieferkettengesetzes-nach-kritik-aus-der-wirtschaft","status":"publish","type":"post","link":"https:\/\/ru.law\/en\/eu-kommission-plant-verschiebung-des-lieferkettengesetzes-nach-kritik-aus-der-wirtschaft\/","title":{"rendered":"EU Commission plans to postpone supply chain law after criticism from business"},"content":{"rendered":"<p>The EU Commission plans to delay the entry into force of the Supply Chain Act and implement it in a weakened form. This decision follows considerable criticism from the business community. Adjustments to CO\u2082 taxes and sustainability reports are also planned.<\/p>\n\n\n\n<h2 class=\"wp-block-heading\" id=\"h-verzogerung-und-lockerungen-beschlossen\">Delay and relaxation decided<\/h2>\n\n\n\n<p>The Commission announced that it would postpone the initial deadlines for implementing the Supply Chain Act by one year to 2028. At the same time, simplified requirements are intended to ease the burden on companies and, according to EU estimates, enable savings of up to \u20ac320 million per year. It was originally planned that member states would transpose the new regulations into national law within just over two years. The law, which was passed just last year, aims to improve human rights protection worldwide. Large companies will in future be held liable for violations such as child or forced labor if they profit from them.<\/p>\n\n\n\n<h2 class=\"wp-block-heading\" id=\"h-reaktion-auf-widerstand-aus-der-wirtschaft\">Reaction to resistance from the business community<\/h2>\n\n\n\n<p>Companies had criticized the Supply Chain Act as an excessive bureaucratic burden that threatened their competitiveness. The Commission therefore proposes postponing the implementation date to June 26, 2028. The law would then enter into full force one year later.<\/p>\n\n\n\n<p>A significant change concerns the scope of audits: Companies will no longer be responsible for the entire supply chain, but only for direct suppliers. Furthermore, proof of compliance with the regulations will no longer be required annually, but only every five years. EU-wide civil liability for violations will also be limited. Commission President Ursula von der Leyen announced plans to reduce excessive regulation \u2013 a plan that still requires the approval of EU member states and the European Parliament.<\/p>\n\n\n\n<h2 class=\"wp-block-heading\" id=\"h-weitere-anpassungen-bei-nachhaltigkeitsberichten-und-co\u2082-abgaben\">Further adjustments to sustainability reports and CO\u2082 taxes<\/h2>\n\n\n\n<p>In addition to postponing the Supply Chain Act, the Commission plans to revise the sustainability reporting rules. Their introduction will be delayed by two years, and approximately 80 percent of the companies currently covered could be exempted from the requirement.<\/p>\n\n\n\n<p>In addition, numerous companies are to be exempted from the planned CO\u2082 tax on imported goods. According to the Commission&#039;s assessment, their emissions are minimal. The regulation will apply to companies that import fewer than 50 tons of steel, aluminum, cement, or fertilizers into the EU.<\/p>","protected":false},"excerpt":{"rendered":"<p>The EU Commission is responding to criticism from the business community and postponing the introduction of the supply chain law by one year to 2028. In addition, companies should fulfil fewer bureaucratic obligations<\/p>","protected":false},"author":21,"featured_media":88183,"comment_status":"closed","ping_status":"open","sticky":false,"template":"","format":"standard","meta":{"_uag_custom_page_level_css":"","site-sidebar-layout":"default","site-content-layout":"","ast-site-content-layout":"default","site-content-style":"default","site-sidebar-style":"default","ast-global-header-display":"","ast-banner-title-visibility":"","ast-main-header-display":"","ast-hfb-above-header-display":"","ast-hfb-below-header-display":"","ast-hfb-mobile-header-display":"","site-post-title":"","ast-breadcrumbs-content":"","ast-featured-img":"","footer-sml-layout":"","ast-disable-related-posts":"","theme-transparent-header-meta":"","adv-header-id-meta":"","stick-header-meta":"","header-above-stick-meta":"","header-main-stick-meta":"","header-below-stick-meta":"","astra-migrate-meta-layouts":"set","ast-page-background-enabled":"default","ast-page-background-meta":{"desktop":{"background-color":"","background-image":"","background-repeat":"repeat","background-position":"center center","background-size":"auto","background-attachment":"scroll","background-type":"","background-media":"","overlay-type":"","overlay-color":"","overlay-opacity":"","overlay-gradient":""},"tablet":{"background-color":"","background-image":"","background-repeat":"repeat","background-position":"center center","background-size":"auto","background-attachment":"scroll","background-type":"","background-media":"","overlay-type":"","overlay-color":"","overlay-opacity":"","overlay-gradient":""},"mobile":{"background-color":"","background-image":"","background-repeat":"repeat","background-position":"center center","background-size":"auto","background-attachment":"scroll","background-type":"","background-media":"","overlay-type":"","overlay-color":"","overlay-opacity":"","overlay-gradient":""}},"ast-content-background-meta":{"desktop":{"background-color":"var(--ast-global-color-5)","background-image":"","background-repeat":"repeat","background-position":"center center","background-size":"auto","background-attachment":"scroll","background-type":"","background-media":"","overlay-type":"","overlay-color":"","overlay-opacity":"","overlay-gradient":""},"tablet":{"background-color":"var(--ast-global-color-5)","background-image":"","background-repeat":"repeat","background-position":"center center","background-size":"auto","background-attachment":"scroll","background-type":"","background-media":"","overlay-type":"","overlay-color":"","overlay-opacity":"","overlay-gradient":""},"mobile":{"background-color":"var(--ast-global-color-5)","background-image":"","background-repeat":"repeat","background-position":"center center","background-size":"auto","background-attachment":"scroll","background-type":"","background-media":"","overlay-type":"","overlay-color":"","overlay-opacity":"","overlay-gradient":""}},"footnotes":""},"categories":[1257],"tags":[1258,1263,1256,1262,1264,1261],"class_list":["post-88178","post","type-post","status-publish","format-standard","has-post-thumbnail","hentry","category-handelsrecht","tag-b2b","tag-eu","tag-lieferketten","tag-lieferkettengesetz","tag-nachhaltigkeit","tag-wirtschaft"],"yoast_head":"<!-- This site is optimized with the Yoast SEO Premium plugin v27.4 (Yoast SEO v27.4) - https:\/\/yoast.com\/product\/yoast-seo-premium-wordpress\/ -->\n<title>EU-Kommission plant Verschiebung des Lieferkettengesetzes - R&amp;U<\/title>\n<meta name=\"description\" content=\"Die EU-Kommission reagiert auf Kritik aus der Wirtschaft und verschiebt die Einf\u00fchrung des Lieferkettengesetzes um ein Jahr auf 2028.\" \/>\n<meta name=\"robots\" content=\"index, follow, max-snippet:-1, max-image-preview:large, max-video-preview:-1\" \/>\n<link rel=\"canonical\" href=\"https:\/\/ru.law\/en\/eu-kommission-plant-verschiebung-des-lieferkettengesetzes-nach-kritik-aus-der-wirtschaft\/\" \/>\n<meta property=\"og:locale\" content=\"en_GB\" \/>\n<meta property=\"og:type\" content=\"article\" \/>\n<meta property=\"og:title\" content=\"EU-Kommission plant Verschiebung des Lieferkettengesetzes nach Kritik aus der Wirtschaft\" \/>\n<meta property=\"og:description\" content=\"Die EU-Kommission reagiert auf Kritik aus der Wirtschaft und verschiebt die Einf\u00fchrung des Lieferkettengesetzes um ein Jahr auf 2028.\" \/>\n<meta property=\"og:url\" content=\"https:\/\/ru.law\/en\/eu-kommission-plant-verschiebung-des-lieferkettengesetzes-nach-kritik-aus-der-wirtschaft\/\" \/>\n<meta property=\"og:site_name\" content=\"R&amp;U\" \/>\n<meta property=\"article:publisher\" content=\"https:\/\/www.facebook.com\/RogertUlbrich\/\" \/>\n<meta property=\"article:published_time\" content=\"2025-02-28T09:00:37+00:00\" \/>\n<meta property=\"article:modified_time\" content=\"2025-05-28T07:31:41+00:00\" \/>\n<meta property=\"og:image\" content=\"https:\/\/ru.law\/wp-content\/uploads\/2025\/02\/EU-Parlament-scaled.jpeg\" \/>\n\t<meta property=\"og:image:width\" content=\"2560\" \/>\n\t<meta property=\"og:image:height\" content=\"1920\" \/>\n\t<meta property=\"og:image:type\" content=\"image\/jpeg\" \/>\n<meta name=\"author\" content=\"Marco Rogert\" \/>\n<meta name=\"twitter:card\" content=\"summary_large_image\" \/>\n<meta name=\"twitter:creator\" content=\"@RogertUlbrich\" \/>\n<meta name=\"twitter:site\" content=\"@RogertUlbrich\" \/>\n<script type=\"application\/ld+json\" class=\"yoast-schema-graph\">{\"@context\":\"https:\\\/\\\/schema.org\",\"@graph\":[{\"@type\":\"Article\",\"@id\":\"https:\\\/\\\/ru.law\\\/eu-kommission-plant-verschiebung-des-lieferkettengesetzes-nach-kritik-aus-der-wirtschaft\\\/#article\",\"isPartOf\":{\"@id\":\"https:\\\/\\\/ru.law\\\/eu-kommission-plant-verschiebung-des-lieferkettengesetzes-nach-kritik-aus-der-wirtschaft\\\/\"},\"author\":{\"name\":\"Marco Rogert\",\"@id\":\"https:\\\/\\\/ru.law\\\/#\\\/schema\\\/person\\\/b020d506e6bbc471b4565d3a98173b87\"},\"headline\":\"EU-Kommission plant Verschiebung des Lieferkettengesetzes nach Kritik aus der Wirtschaft\",\"datePublished\":\"2025-02-28T09:00:37+00:00\",\"dateModified\":\"2025-05-28T07:31:41+00:00\",\"mainEntityOfPage\":{\"@id\":\"https:\\\/\\\/ru.law\\\/eu-kommission-plant-verschiebung-des-lieferkettengesetzes-nach-kritik-aus-der-wirtschaft\\\/\"},\"wordCount\":385,\"publisher\":{\"@id\":\"https:\\\/\\\/ru.law\\\/#organization\"},\"image\":{\"@id\":\"https:\\\/\\\/ru.law\\\/eu-kommission-plant-verschiebung-des-lieferkettengesetzes-nach-kritik-aus-der-wirtschaft\\\/#primaryimage\"},\"thumbnailUrl\":\"https:\\\/\\\/ru.law\\\/wp-content\\\/uploads\\\/2025\\\/02\\\/EU-Parlament-scaled.jpeg\",\"keywords\":[\"B2B\",\"EU\",\"Lieferketten\",\"Lieferkettengesetz\",\"Nachhaltigkeit\",\"Wirtschaft\"],\"articleSection\":[\"Handelsrecht\"],\"inLanguage\":\"en-GB\"},{\"@type\":\"WebPage\",\"@id\":\"https:\\\/\\\/ru.law\\\/eu-kommission-plant-verschiebung-des-lieferkettengesetzes-nach-kritik-aus-der-wirtschaft\\\/\",\"url\":\"https:\\\/\\\/ru.law\\\/eu-kommission-plant-verschiebung-des-lieferkettengesetzes-nach-kritik-aus-der-wirtschaft\\\/\",\"name\":\"EU-Kommission plant Verschiebung des Lieferkettengesetzes - R&amp;U\",\"isPartOf\":{\"@id\":\"https:\\\/\\\/ru.law\\\/#website\"},\"primaryImageOfPage\":{\"@id\":\"https:\\\/\\\/ru.law\\\/eu-kommission-plant-verschiebung-des-lieferkettengesetzes-nach-kritik-aus-der-wirtschaft\\\/#primaryimage\"},\"image\":{\"@id\":\"https:\\\/\\\/ru.law\\\/eu-kommission-plant-verschiebung-des-lieferkettengesetzes-nach-kritik-aus-der-wirtschaft\\\/#primaryimage\"},\"thumbnailUrl\":\"https:\\\/\\\/ru.law\\\/wp-content\\\/uploads\\\/2025\\\/02\\\/EU-Parlament-scaled.jpeg\",\"datePublished\":\"2025-02-28T09:00:37+00:00\",\"dateModified\":\"2025-05-28T07:31:41+00:00\",\"description\":\"Die EU-Kommission reagiert auf Kritik aus der Wirtschaft und verschiebt die Einf\u00fchrung des Lieferkettengesetzes um ein Jahr auf 2028.\",\"breadcrumb\":{\"@id\":\"https:\\\/\\\/ru.law\\\/eu-kommission-plant-verschiebung-des-lieferkettengesetzes-nach-kritik-aus-der-wirtschaft\\\/#breadcrumb\"},\"inLanguage\":\"en-GB\",\"potentialAction\":[{\"@type\":\"ReadAction\",\"target\":[\"https:\\\/\\\/ru.law\\\/eu-kommission-plant-verschiebung-des-lieferkettengesetzes-nach-kritik-aus-der-wirtschaft\\\/\"]}]},{\"@type\":\"ImageObject\",\"inLanguage\":\"en-GB\",\"@id\":\"https:\\\/\\\/ru.law\\\/eu-kommission-plant-verschiebung-des-lieferkettengesetzes-nach-kritik-aus-der-wirtschaft\\\/#primaryimage\",\"url\":\"https:\\\/\\\/ru.law\\\/wp-content\\\/uploads\\\/2025\\\/02\\\/EU-Parlament-scaled.jpeg\",\"contentUrl\":\"https:\\\/\\\/ru.law\\\/wp-content\\\/uploads\\\/2025\\\/02\\\/EU-Parlament-scaled.jpeg\",\"width\":2560,\"height\":1920,\"caption\":\"EU-Kommission Lieferketten\"},{\"@type\":\"BreadcrumbList\",\"@id\":\"https:\\\/\\\/ru.law\\\/eu-kommission-plant-verschiebung-des-lieferkettengesetzes-nach-kritik-aus-der-wirtschaft\\\/#breadcrumb\",\"itemListElement\":[{\"@type\":\"ListItem\",\"position\":1,\"name\":\"Startseite\",\"item\":\"https:\\\/\\\/ru.law\\\/\"},{\"@type\":\"ListItem\",\"position\":2,\"name\":\"EU-Kommission plant Verschiebung des Lieferkettengesetzes nach Kritik aus der Wirtschaft\"}]},{\"@type\":\"WebSite\",\"@id\":\"https:\\\/\\\/ru.law\\\/#website\",\"url\":\"https:\\\/\\\/ru.law\\\/\",\"name\":\"R&U\",\"description\":\"Verbraucheranw\u00e4lte\",\"publisher\":{\"@id\":\"https:\\\/\\\/ru.law\\\/#organization\"},\"alternateName\":\"Rogert & Ulbrich\",\"potentialAction\":[{\"@type\":\"SearchAction\",\"target\":{\"@type\":\"EntryPoint\",\"urlTemplate\":\"https:\\\/\\\/ru.law\\\/?s={search_term_string}\"},\"query-input\":{\"@type\":\"PropertyValueSpecification\",\"valueRequired\":true,\"valueName\":\"search_term_string\"}}],\"inLanguage\":\"en-GB\"},{\"@type\":\"Organization\",\"@id\":\"https:\\\/\\\/ru.law\\\/#organization\",\"name\":\"Kanzlei Rogert & Ulbrich\",\"url\":\"https:\\\/\\\/ru.law\\\/\",\"logo\":{\"@type\":\"ImageObject\",\"inLanguage\":\"en-GB\",\"@id\":\"https:\\\/\\\/ru.law\\\/#\\\/schema\\\/logo\\\/image\\\/\",\"url\":\"https:\\\/\\\/ru.law\\\/wp-content\\\/uploads\\\/2020\\\/12\\\/logo-ru-law.svg\",\"contentUrl\":\"https:\\\/\\\/ru.law\\\/wp-content\\\/uploads\\\/2020\\\/12\\\/logo-ru-law.svg\",\"width\":992,\"height\":259,\"caption\":\"Kanzlei Rogert & Ulbrich\"},\"image\":{\"@id\":\"https:\\\/\\\/ru.law\\\/#\\\/schema\\\/logo\\\/image\\\/\"},\"sameAs\":[\"https:\\\/\\\/www.facebook.com\\\/RogertUlbrich\\\/\",\"https:\\\/\\\/x.com\\\/RogertUlbrich\",\"https:\\\/\\\/www.instagram.com\\\/rogertulbrich\\\/\",\"https:\\\/\\\/www.linkedin.com\\\/company\\\/rogert-ulbrich\\\/\",\"https:\\\/\\\/www.youtube.com\\\/channel\\\/UCganCgpvwpPFqMFf1vVmG2A\"]},{\"@type\":\"Person\",\"@id\":\"https:\\\/\\\/ru.law\\\/#\\\/schema\\\/person\\\/b020d506e6bbc471b4565d3a98173b87\",\"name\":\"Marco Rogert\",\"url\":\"https:\\\/\\\/ru.law\\\/en\\\/author\\\/rogertru-law\\\/\"}]}<\/script>\n<!-- \/ Yoast SEO Premium plugin. -->","yoast_head_json":{"title":"EU-Kommission plant Verschiebung des Lieferkettengesetzes - R&amp;U","description":"Die EU-Kommission reagiert auf Kritik aus der Wirtschaft und verschiebt die Einf\u00fchrung des Lieferkettengesetzes um ein Jahr auf 2028.","robots":{"index":"index","follow":"follow","max-snippet":"max-snippet:-1","max-image-preview":"max-image-preview:large","max-video-preview":"max-video-preview:-1"},"canonical":"https:\/\/ru.law\/en\/eu-kommission-plant-verschiebung-des-lieferkettengesetzes-nach-kritik-aus-der-wirtschaft\/","og_locale":"en_GB","og_type":"article","og_title":"EU-Kommission plant Verschiebung des Lieferkettengesetzes nach Kritik aus der Wirtschaft","og_description":"Die EU-Kommission reagiert auf Kritik aus der Wirtschaft und verschiebt die Einf\u00fchrung des Lieferkettengesetzes um ein Jahr auf 2028.","og_url":"https:\/\/ru.law\/en\/eu-kommission-plant-verschiebung-des-lieferkettengesetzes-nach-kritik-aus-der-wirtschaft\/","og_site_name":"R&amp;U","article_publisher":"https:\/\/www.facebook.com\/RogertUlbrich\/","article_published_time":"2025-02-28T09:00:37+00:00","article_modified_time":"2025-05-28T07:31:41+00:00","og_image":[{"width":2560,"height":1920,"url":"https:\/\/ru.law\/wp-content\/uploads\/2025\/02\/EU-Parlament-scaled.jpeg","type":"image\/jpeg"}],"author":"Marco Rogert","twitter_card":"summary_large_image","twitter_creator":"@RogertUlbrich","twitter_site":"@RogertUlbrich","schema":{"@context":"https:\/\/schema.org","@graph":[{"@type":"Article","@id":"https:\/\/ru.law\/eu-kommission-plant-verschiebung-des-lieferkettengesetzes-nach-kritik-aus-der-wirtschaft\/#article","isPartOf":{"@id":"https:\/\/ru.law\/eu-kommission-plant-verschiebung-des-lieferkettengesetzes-nach-kritik-aus-der-wirtschaft\/"},"author":{"name":"Marco Rogert","@id":"https:\/\/ru.law\/#\/schema\/person\/b020d506e6bbc471b4565d3a98173b87"},"headline":"EU-Kommission plant Verschiebung des Lieferkettengesetzes nach Kritik aus der Wirtschaft","datePublished":"2025-02-28T09:00:37+00:00","dateModified":"2025-05-28T07:31:41+00:00","mainEntityOfPage":{"@id":"https:\/\/ru.law\/eu-kommission-plant-verschiebung-des-lieferkettengesetzes-nach-kritik-aus-der-wirtschaft\/"},"wordCount":385,"publisher":{"@id":"https:\/\/ru.law\/#organization"},"image":{"@id":"https:\/\/ru.law\/eu-kommission-plant-verschiebung-des-lieferkettengesetzes-nach-kritik-aus-der-wirtschaft\/#primaryimage"},"thumbnailUrl":"https:\/\/ru.law\/wp-content\/uploads\/2025\/02\/EU-Parlament-scaled.jpeg","keywords":["B2B","EU","Lieferketten","Lieferkettengesetz","Nachhaltigkeit","Wirtschaft"],"articleSection":["Handelsrecht"],"inLanguage":"en-GB"},{"@type":"WebPage","@id":"https:\/\/ru.law\/eu-kommission-plant-verschiebung-des-lieferkettengesetzes-nach-kritik-aus-der-wirtschaft\/","url":"https:\/\/ru.law\/eu-kommission-plant-verschiebung-des-lieferkettengesetzes-nach-kritik-aus-der-wirtschaft\/","name":"EU-Kommission plant Verschiebung des Lieferkettengesetzes - R&amp;U","isPartOf":{"@id":"https:\/\/ru.law\/#website"},"primaryImageOfPage":{"@id":"https:\/\/ru.law\/eu-kommission-plant-verschiebung-des-lieferkettengesetzes-nach-kritik-aus-der-wirtschaft\/#primaryimage"},"image":{"@id":"https:\/\/ru.law\/eu-kommission-plant-verschiebung-des-lieferkettengesetzes-nach-kritik-aus-der-wirtschaft\/#primaryimage"},"thumbnailUrl":"https:\/\/ru.law\/wp-content\/uploads\/2025\/02\/EU-Parlament-scaled.jpeg","datePublished":"2025-02-28T09:00:37+00:00","dateModified":"2025-05-28T07:31:41+00:00","description":"Die EU-Kommission reagiert auf Kritik aus der Wirtschaft und verschiebt die Einf\u00fchrung des Lieferkettengesetzes um ein Jahr auf 2028.","breadcrumb":{"@id":"https:\/\/ru.law\/eu-kommission-plant-verschiebung-des-lieferkettengesetzes-nach-kritik-aus-der-wirtschaft\/#breadcrumb"},"inLanguage":"en-GB","potentialAction":[{"@type":"ReadAction","target":["https:\/\/ru.law\/eu-kommission-plant-verschiebung-des-lieferkettengesetzes-nach-kritik-aus-der-wirtschaft\/"]}]},{"@type":"ImageObject","inLanguage":"en-GB","@id":"https:\/\/ru.law\/eu-kommission-plant-verschiebung-des-lieferkettengesetzes-nach-kritik-aus-der-wirtschaft\/#primaryimage","url":"https:\/\/ru.law\/wp-content\/uploads\/2025\/02\/EU-Parlament-scaled.jpeg","contentUrl":"https:\/\/ru.law\/wp-content\/uploads\/2025\/02\/EU-Parlament-scaled.jpeg","width":2560,"height":1920,"caption":"EU-Kommission Lieferketten"},{"@type":"BreadcrumbList","@id":"https:\/\/ru.law\/eu-kommission-plant-verschiebung-des-lieferkettengesetzes-nach-kritik-aus-der-wirtschaft\/#breadcrumb","itemListElement":[{"@type":"ListItem","position":1,"name":"Startseite","item":"https:\/\/ru.law\/"},{"@type":"ListItem","position":2,"name":"EU-Kommission plant Verschiebung des Lieferkettengesetzes nach Kritik aus der Wirtschaft"}]},{"@type":"WebSite","@id":"https:\/\/ru.law\/#website","url":"https:\/\/ru.law\/","name":"R&amp;U","description":"Consumer lawyers","publisher":{"@id":"https:\/\/ru.law\/#organization"},"alternateName":"Rogert & Ulbrich","potentialAction":[{"@type":"SearchAction","target":{"@type":"EntryPoint","urlTemplate":"https:\/\/ru.law\/?s={search_term_string}"},"query-input":{"@type":"PropertyValueSpecification","valueRequired":true,"valueName":"search_term_string"}}],"inLanguage":"en-GB"},{"@type":"Organization","@id":"https:\/\/ru.law\/#organization","name":"Rogert &amp; Ulbrich Law Firm","url":"https:\/\/ru.law\/","logo":{"@type":"ImageObject","inLanguage":"en-GB","@id":"https:\/\/ru.law\/#\/schema\/logo\/image\/","url":"https:\/\/ru.law\/wp-content\/uploads\/2020\/12\/logo-ru-law.svg","contentUrl":"https:\/\/ru.law\/wp-content\/uploads\/2020\/12\/logo-ru-law.svg","width":992,"height":259,"caption":"Kanzlei Rogert & Ulbrich"},"image":{"@id":"https:\/\/ru.law\/#\/schema\/logo\/image\/"},"sameAs":["https:\/\/www.facebook.com\/RogertUlbrich\/","https:\/\/x.com\/RogertUlbrich","https:\/\/www.instagram.com\/rogertulbrich\/","https:\/\/www.linkedin.com\/company\/rogert-ulbrich\/","https:\/\/www.youtube.com\/channel\/UCganCgpvwpPFqMFf1vVmG2A"]},{"@type":"Person","@id":"https:\/\/ru.law\/#\/schema\/person\/b020d506e6bbc471b4565d3a98173b87","name":"Marco Rogert","url":"https:\/\/ru.law\/en\/author\/rogertru-law\/"}]}},"uagb_featured_image_src":{"full":["https:\/\/ru.law\/wp-content\/uploads\/2025\/02\/EU-Parlament-scaled.jpeg",2560,1920,false],"thumbnail":["https:\/\/ru.law\/wp-content\/uploads\/2025\/02\/EU-Parlament-scaled.jpeg",128,96,false],"medium":["https:\/\/ru.law\/wp-content\/uploads\/2025\/02\/EU-Parlament-scaled.jpeg",2560,1920,false],"medium_large":["https:\/\/ru.law\/wp-content\/uploads\/2025\/02\/EU-Parlament-768x576.jpeg",768,576,true],"large":["https:\/\/ru.law\/wp-content\/uploads\/2025\/02\/EU-Parlament-scaled.jpeg",2560,1920,false],"1536x1536":["https:\/\/ru.law\/wp-content\/uploads\/2025\/02\/EU-Parlament-1536x1152.jpeg",1536,1152,true],"2048x2048":["https:\/\/ru.law\/wp-content\/uploads\/2025\/02\/EU-Parlament-2048x1536.jpeg",2048,1536,true],"trp-custom-language-flag":["https:\/\/ru.law\/wp-content\/uploads\/2025\/02\/EU-Parlament-scaled.jpeg",16,12,false]},"uagb_author_info":{"display_name":"Marco Rogert","author_link":"https:\/\/ru.law\/en\/author\/rogertru-law\/"},"uagb_comment_info":0,"uagb_excerpt":"Die EU-Kommission reagiert auf Kritik aus der Wirtschaft und verschiebt die Einf\u00fchrung des Lieferkettengesetzes um ein Jahr auf 2028. Zudem sollen Unternehmen weniger b\u00fcrokratische Pflichten erf\u00fcllen","_links":{"self":[{"href":"https:\/\/ru.law\/en\/wp-json\/wp\/v2\/posts\/88178","targetHints":{"allow":["GET"]}}],"collection":[{"href":"https:\/\/ru.law\/en\/wp-json\/wp\/v2\/posts"}],"about":[{"href":"https:\/\/ru.law\/en\/wp-json\/wp\/v2\/types\/post"}],"author":[{"embeddable":true,"href":"https:\/\/ru.law\/en\/wp-json\/wp\/v2\/users\/21"}],"replies":[{"embeddable":true,"href":"https:\/\/ru.law\/en\/wp-json\/wp\/v2\/comments?post=88178"}],"version-history":[{"count":0,"href":"https:\/\/ru.law\/en\/wp-json\/wp\/v2\/posts\/88178\/revisions"}],"wp:featuredmedia":[{"embeddable":true,"href":"https:\/\/ru.law\/en\/wp-json\/wp\/v2\/media\/88183"}],"wp:attachment":[{"href":"https:\/\/ru.law\/en\/wp-json\/wp\/v2\/media?parent=88178"}],"wp:term":[{"taxonomy":"category","embeddable":true,"href":"https:\/\/ru.law\/en\/wp-json\/wp\/v2\/categories?post=88178"},{"taxonomy":"post_tag","embeddable":true,"href":"https:\/\/ru.law\/en\/wp-json\/wp\/v2\/tags?post=88178"}],"curies":[{"name":"wp","href":"https:\/\/api.w.org\/{rel}","templated":true}]}}