{"id":86024,"date":"2025-01-10T10:44:40","date_gmt":"2025-01-10T09:44:40","guid":{"rendered":"https:\/\/ru.law\/?p=86024"},"modified":"2025-05-28T09:32:19","modified_gmt":"2025-05-28T07:32:19","slug":"moegliche-datenschutzverstoesse-bei-vw-betroffene-koennten-anspruch-auf-schadenersatz-haben","status":"publish","type":"post","link":"https:\/\/ru.law\/en\/moegliche-datenschutzverstoesse-bei-vw-betroffene-koennten-anspruch-auf-schadenersatz-haben\/","title":{"rendered":"Possible data protection violations at VW: Those affected could be entitled to compensation"},"content":{"rendered":"<p>A recent data breach at Volkswagen, in which data from 800,000 electric vehicles, including movement profiles and personal information, was exposed online without security, raises serious questions about the company&#039;s compliance with the General Data Protection Regulation (GDPR) and its IT security measures. A thorough investigation into the case is being called for to assert the rights of those affected.<\/p>\n\n\n\n<p>The disclosure of location data and personal details such as email addresses and phone numbers highlights a worrying weakness in security measures. It is both legally and ethically imperative to protect such information, especially when it provides deep insights into individuals&#039; private lives.<\/p>\n\n\n\n<h3 class=\"wp-block-heading\" id=\"h-unterstutzung-bei-datenschutzrechtlichen-anliegen\">Support with data protection issues<\/h3>\n\n\n\n<p>We offer affected vehicle owners comprehensive support in enforcing their data protection rights. Our services include:<\/p>\n\n\n\n<ul class=\"wp-block-list\">\n<li>Support in the deletion of personal data: We help with the claim to the \u201cright to be forgotten\u201d under Article 17 GDPR.<\/li>\n\n\n\n<li>Requests for information in accordance with Article 15 GDPR: We determine which personal data has been stored and how it has been used.<\/li>\n\n\n\n<li>Review of legal options: This includes examining the possibilities for a class action declaratory judgment or individual claims for damages.<\/li>\n\n\n\n<li>Assertion of claims for damages: In case of financial or immaterial damages caused by unprotected data publication.<\/li>\n<\/ul>\n\n\n\n<h3 class=\"wp-block-heading\" id=\"h-datenschutzverletzung-bei-vw-rechtliche-schritte-und-erhohte-sicherheitsanforderungen\" style=\"margin-top:var(--wp--preset--spacing--20);margin-bottom:var(--wp--preset--spacing--20)\">Data breach at VW: Legal steps and increased security requirements<\/h3>\n\n\n\n<p>The data leak could give rise to claims against subsidiaries such as VW Financial Services and VW Bank. Volkswagen Bank GmbH is a wholly owned subsidiary of Volkswagen Financial Services AG.<\/p>\n\n\n\n<p>The disclosure of customer data provides criminals with the opportunity to launch phishing emails or other fraudulent activities. Customers who suffer financial losses as a result may have the right to claim compensation.<\/p>\n\n\n\n<p>The potential dangers of phishing attacks or identity theft associated with VW Financial Services and VW Bank data are serious. It is imperative that companies treat the security of customer data as a top priority.<\/p>\n\n\n\n<p><strong>Demand for stricter data protection standards<\/strong> It also calls on companies to improve data protection and IT security standards. The push toward electric vehicles and advanced connected technologies should not compromise user privacy. Manufacturers must ensure that personal data is not only collected legally but also comprehensively protected.<\/p>\n\n\n\n<p><strong>Need for action at the political level<\/strong> This incident highlights the need for strict enforcement of regulatory requirements such as the upcoming EU Data Act. Manufacturers should be expected to provide consumers with clear and secure data management. Data protection should be an integral part of modern mobility.<\/p>\n\n\n\n<h3 class=\"wp-block-heading\" id=\"h-kostenlose-ersteinschatzung\"><strong>Free initial assessment<\/strong> <\/h3>\n\n\n\n<p>Those affected can contact specialist lawyers for a non-binding initial assessment of their legal options. The goal is to take the necessary steps under data protection and civil law together with the affected parties.<\/p>","protected":false},"excerpt":{"rendered":"<p>Ein neuer Datenschutzvorfall bei Volkswagen, bei dem Daten von 800.000 Elektrofahrzeugen, einschlie\u00dflich Bewegungsprofilen und pers\u00f6nlichen Informationen, ungesichert online zug\u00e4nglich waren, stellt ernsthafte Fragen bez\u00fcglich der [&hellip;]<\/p>\n","protected":false},"author":21,"featured_media":86025,"comment_status":"closed","ping_status":"open","sticky":false,"template":"","format":"standard","meta":{"_uag_custom_page_level_css":"","site-sidebar-layout":"default","site-content-layout":"","ast-site-content-layout":"default","site-content-style":"default","site-sidebar-style":"default","ast-global-header-display":"","ast-banner-title-visibility":"","ast-main-header-display":"","ast-hfb-above-header-display":"","ast-hfb-below-header-display":"","ast-hfb-mobile-header-display":"","site-post-title":"","ast-breadcrumbs-content":"","ast-featured-img":"","footer-sml-layout":"","ast-disable-related-posts":"","theme-transparent-header-meta":"","adv-header-id-meta":"","stick-header-meta":"","header-above-stick-meta":"","header-main-stick-meta":"","header-below-stick-meta":"","astra-migrate-meta-layouts":"set","ast-page-background-enabled":"default","ast-page-background-meta":{"desktop":{"background-color":"","background-image":"","background-repeat":"repeat","background-position":"center center","background-size":"auto","background-attachment":"scroll","background-type":"","background-media":"","overlay-type":"","overlay-color":"","overlay-opacity":"","overlay-gradient":""},"tablet":{"background-color":"","background-image":"","background-repeat":"repeat","background-position":"center center","background-size":"auto","background-attachment":"scroll","background-type":"","background-media":"","overlay-type":"","overlay-color":"","overlay-opacity":"","overlay-gradient":""},"mobile":{"background-color":"","background-image":"","background-repeat":"repeat","background-position":"center center","background-size":"auto","background-attachment":"scroll","background-type":"","background-media":"","overlay-type":"","overlay-color":"","overlay-opacity":"","overlay-gradient":""}},"ast-content-background-meta":{"desktop":{"background-color":"var(--ast-global-color-5)","background-image":"","background-repeat":"repeat","background-position":"center center","background-size":"auto","background-attachment":"scroll","background-type":"","background-media":"","overlay-type":"","overlay-color":"","overlay-opacity":"","overlay-gradient":""},"tablet":{"background-color":"var(--ast-global-color-5)","background-image":"","background-repeat":"repeat","background-position":"center center","background-size":"auto","background-attachment":"scroll","background-type":"","background-media":"","overlay-type":"","overlay-color":"","overlay-opacity":"","overlay-gradient":""},"mobile":{"background-color":"var(--ast-global-color-5)","background-image":"","background-repeat":"repeat","background-position":"center center","background-size":"auto","background-attachment":"scroll","background-type":"","background-media":"","overlay-type":"","overlay-color":"","overlay-opacity":"","overlay-gradient":""}},"footnotes":""},"categories":[1172,1093],"tags":[1185,1186,37,45],"class_list":["post-86024","post","type-post","status-publish","format-standard","has-post-thumbnail","hentry","category-datenschutzrecht","category-verkehrsrecht","tag-datenschutzrecht","tag-elektrofahrzeug","tag-schadensersatz","tag-vw"],"yoast_head":"<!-- This site is optimized with the Yoast SEO Premium plugin v27.4 (Yoast SEO v27.4) - https:\/\/yoast.com\/product\/yoast-seo-premium-wordpress\/ -->\n<title>M\u00f6gliche Datenschutzverst\u00f6\u00dfe bei VW: Betroffene k\u00f6nnten Anspruch auf Schadenersatz haben - R&amp;U<\/title>\n<meta name=\"description\" content=\"Eine m\u00f6gliche Entscheidung des EuGH ist von solcher Tragweite, dass sogar der BGH seine Verhandlungen verschiebt. Handeln Sie jetzt!\" \/>\n<meta name=\"robots\" content=\"index, follow, max-snippet:-1, max-image-preview:large, max-video-preview:-1\" \/>\n<link rel=\"canonical\" href=\"https:\/\/ru.law\/en\/moegliche-datenschutzverstoesse-bei-vw-betroffene-koennten-anspruch-auf-schadenersatz-haben\/\" \/>\n<meta property=\"og:locale\" content=\"en_GB\" \/>\n<meta property=\"og:type\" content=\"article\" \/>\n<meta property=\"og:title\" content=\"M\u00f6gliche Datenschutzverst\u00f6\u00dfe bei VW: Betroffene k\u00f6nnten Anspruch auf Schadenersatz haben\" \/>\n<meta property=\"og:description\" content=\"Eine m\u00f6gliche Entscheidung des EuGH ist von solcher Tragweite, dass sogar der BGH seine Verhandlungen verschiebt. Handeln Sie jetzt!\" \/>\n<meta property=\"og:url\" content=\"https:\/\/ru.law\/en\/moegliche-datenschutzverstoesse-bei-vw-betroffene-koennten-anspruch-auf-schadenersatz-haben\/\" \/>\n<meta property=\"og:site_name\" content=\"R&amp;U\" \/>\n<meta property=\"article:publisher\" content=\"https:\/\/www.facebook.com\/RogertUlbrich\/\" \/>\n<meta property=\"article:published_time\" content=\"2025-01-10T09:44:40+00:00\" \/>\n<meta property=\"article:modified_time\" content=\"2025-05-28T07:32:19+00:00\" \/>\n<meta property=\"og:image\" content=\"https:\/\/ru.law\/wp-content\/uploads\/2025\/01\/AdobeStock_923761879-1-scaled.jpeg\" \/>\n\t<meta property=\"og:image:width\" content=\"2560\" \/>\n\t<meta property=\"og:image:height\" content=\"1435\" \/>\n\t<meta property=\"og:image:type\" content=\"image\/jpeg\" \/>\n<meta name=\"author\" content=\"Marco Rogert\" \/>\n<meta name=\"twitter:card\" content=\"summary_large_image\" \/>\n<meta name=\"twitter:creator\" content=\"@RogertUlbrich\" \/>\n<meta name=\"twitter:site\" content=\"@RogertUlbrich\" \/>\n<script type=\"application\/ld+json\" class=\"yoast-schema-graph\">{\"@context\":\"https:\\\/\\\/schema.org\",\"@graph\":[{\"@type\":\"Article\",\"@id\":\"https:\\\/\\\/ru.law\\\/moegliche-datenschutzverstoesse-bei-vw-betroffene-koennten-anspruch-auf-schadenersatz-haben\\\/#article\",\"isPartOf\":{\"@id\":\"https:\\\/\\\/ru.law\\\/moegliche-datenschutzverstoesse-bei-vw-betroffene-koennten-anspruch-auf-schadenersatz-haben\\\/\"},\"author\":{\"name\":\"Marco Rogert\",\"@id\":\"https:\\\/\\\/ru.law\\\/#\\\/schema\\\/person\\\/b020d506e6bbc471b4565d3a98173b87\"},\"headline\":\"M\u00f6gliche Datenschutzverst\u00f6\u00dfe bei VW: Betroffene k\u00f6nnten Anspruch auf Schadenersatz haben\",\"datePublished\":\"2025-01-10T09:44:40+00:00\",\"dateModified\":\"2025-05-28T07:32:19+00:00\",\"mainEntityOfPage\":{\"@id\":\"https:\\\/\\\/ru.law\\\/moegliche-datenschutzverstoesse-bei-vw-betroffene-koennten-anspruch-auf-schadenersatz-haben\\\/\"},\"wordCount\":452,\"publisher\":{\"@id\":\"https:\\\/\\\/ru.law\\\/#organization\"},\"image\":{\"@id\":\"https:\\\/\\\/ru.law\\\/moegliche-datenschutzverstoesse-bei-vw-betroffene-koennten-anspruch-auf-schadenersatz-haben\\\/#primaryimage\"},\"thumbnailUrl\":\"https:\\\/\\\/ru.law\\\/wp-content\\\/uploads\\\/2025\\\/01\\\/AdobeStock_923761879-1-scaled.jpeg\",\"keywords\":[\"Datenschutzrecht\",\"Elektrofahrzeug\",\"Schadensersatz\",\"VW\"],\"articleSection\":[\"Datenschutzrecht\",\"Verkehrsrecht\"],\"inLanguage\":\"en-GB\"},{\"@type\":\"WebPage\",\"@id\":\"https:\\\/\\\/ru.law\\\/moegliche-datenschutzverstoesse-bei-vw-betroffene-koennten-anspruch-auf-schadenersatz-haben\\\/\",\"url\":\"https:\\\/\\\/ru.law\\\/moegliche-datenschutzverstoesse-bei-vw-betroffene-koennten-anspruch-auf-schadenersatz-haben\\\/\",\"name\":\"M\u00f6gliche Datenschutzverst\u00f6\u00dfe bei VW: Betroffene k\u00f6nnten Anspruch auf Schadenersatz haben - R&amp;U\",\"isPartOf\":{\"@id\":\"https:\\\/\\\/ru.law\\\/#website\"},\"primaryImageOfPage\":{\"@id\":\"https:\\\/\\\/ru.law\\\/moegliche-datenschutzverstoesse-bei-vw-betroffene-koennten-anspruch-auf-schadenersatz-haben\\\/#primaryimage\"},\"image\":{\"@id\":\"https:\\\/\\\/ru.law\\\/moegliche-datenschutzverstoesse-bei-vw-betroffene-koennten-anspruch-auf-schadenersatz-haben\\\/#primaryimage\"},\"thumbnailUrl\":\"https:\\\/\\\/ru.law\\\/wp-content\\\/uploads\\\/2025\\\/01\\\/AdobeStock_923761879-1-scaled.jpeg\",\"datePublished\":\"2025-01-10T09:44:40+00:00\",\"dateModified\":\"2025-05-28T07:32:19+00:00\",\"description\":\"Eine m\u00f6gliche Entscheidung des EuGH ist von solcher Tragweite, dass sogar der BGH seine Verhandlungen verschiebt. Handeln Sie jetzt!\",\"breadcrumb\":{\"@id\":\"https:\\\/\\\/ru.law\\\/moegliche-datenschutzverstoesse-bei-vw-betroffene-koennten-anspruch-auf-schadenersatz-haben\\\/#breadcrumb\"},\"inLanguage\":\"en-GB\",\"potentialAction\":[{\"@type\":\"ReadAction\",\"target\":[\"https:\\\/\\\/ru.law\\\/moegliche-datenschutzverstoesse-bei-vw-betroffene-koennten-anspruch-auf-schadenersatz-haben\\\/\"]}]},{\"@type\":\"ImageObject\",\"inLanguage\":\"en-GB\",\"@id\":\"https:\\\/\\\/ru.law\\\/moegliche-datenschutzverstoesse-bei-vw-betroffene-koennten-anspruch-auf-schadenersatz-haben\\\/#primaryimage\",\"url\":\"https:\\\/\\\/ru.law\\\/wp-content\\\/uploads\\\/2025\\\/01\\\/AdobeStock_923761879-1-scaled.jpeg\",\"contentUrl\":\"https:\\\/\\\/ru.law\\\/wp-content\\\/uploads\\\/2025\\\/01\\\/AdobeStock_923761879-1-scaled.jpeg\",\"width\":2560,\"height\":1435},{\"@type\":\"BreadcrumbList\",\"@id\":\"https:\\\/\\\/ru.law\\\/moegliche-datenschutzverstoesse-bei-vw-betroffene-koennten-anspruch-auf-schadenersatz-haben\\\/#breadcrumb\",\"itemListElement\":[{\"@type\":\"ListItem\",\"position\":1,\"name\":\"Startseite\",\"item\":\"https:\\\/\\\/ru.law\\\/\"},{\"@type\":\"ListItem\",\"position\":2,\"name\":\"M\u00f6gliche Datenschutzverst\u00f6\u00dfe bei VW: Betroffene k\u00f6nnten Anspruch auf Schadenersatz haben\"}]},{\"@type\":\"WebSite\",\"@id\":\"https:\\\/\\\/ru.law\\\/#website\",\"url\":\"https:\\\/\\\/ru.law\\\/\",\"name\":\"R&U\",\"description\":\"Verbraucheranw\u00e4lte\",\"publisher\":{\"@id\":\"https:\\\/\\\/ru.law\\\/#organization\"},\"alternateName\":\"Rogert & Ulbrich\",\"potentialAction\":[{\"@type\":\"SearchAction\",\"target\":{\"@type\":\"EntryPoint\",\"urlTemplate\":\"https:\\\/\\\/ru.law\\\/?s={search_term_string}\"},\"query-input\":{\"@type\":\"PropertyValueSpecification\",\"valueRequired\":true,\"valueName\":\"search_term_string\"}}],\"inLanguage\":\"en-GB\"},{\"@type\":\"Organization\",\"@id\":\"https:\\\/\\\/ru.law\\\/#organization\",\"name\":\"Kanzlei Rogert & Ulbrich\",\"url\":\"https:\\\/\\\/ru.law\\\/\",\"logo\":{\"@type\":\"ImageObject\",\"inLanguage\":\"en-GB\",\"@id\":\"https:\\\/\\\/ru.law\\\/#\\\/schema\\\/logo\\\/image\\\/\",\"url\":\"https:\\\/\\\/ru.law\\\/wp-content\\\/uploads\\\/2020\\\/12\\\/logo-ru-law.svg\",\"contentUrl\":\"https:\\\/\\\/ru.law\\\/wp-content\\\/uploads\\\/2020\\\/12\\\/logo-ru-law.svg\",\"width\":992,\"height\":259,\"caption\":\"Kanzlei Rogert & Ulbrich\"},\"image\":{\"@id\":\"https:\\\/\\\/ru.law\\\/#\\\/schema\\\/logo\\\/image\\\/\"},\"sameAs\":[\"https:\\\/\\\/www.facebook.com\\\/RogertUlbrich\\\/\",\"https:\\\/\\\/x.com\\\/RogertUlbrich\",\"https:\\\/\\\/www.instagram.com\\\/rogertulbrich\\\/\",\"https:\\\/\\\/www.linkedin.com\\\/company\\\/rogert-ulbrich\\\/\",\"https:\\\/\\\/www.youtube.com\\\/channel\\\/UCganCgpvwpPFqMFf1vVmG2A\"]},{\"@type\":\"Person\",\"@id\":\"https:\\\/\\\/ru.law\\\/#\\\/schema\\\/person\\\/b020d506e6bbc471b4565d3a98173b87\",\"name\":\"Marco Rogert\",\"url\":\"https:\\\/\\\/ru.law\\\/en\\\/author\\\/rogertru-law\\\/\"}]}<\/script>\n<!-- \/ Yoast SEO Premium plugin. -->","yoast_head_json":{"title":"Potential data protection breaches at VW: Those affected could be entitled to compensation - R&amp;U","description":"A potential ECJ ruling is so far-reaching that even the Federal Court of Justice is postponing its hearings. Act now!","robots":{"index":"index","follow":"follow","max-snippet":"max-snippet:-1","max-image-preview":"max-image-preview:large","max-video-preview":"max-video-preview:-1"},"canonical":"https:\/\/ru.law\/en\/moegliche-datenschutzverstoesse-bei-vw-betroffene-koennten-anspruch-auf-schadenersatz-haben\/","og_locale":"en_GB","og_type":"article","og_title":"M\u00f6gliche Datenschutzverst\u00f6\u00dfe bei VW: Betroffene k\u00f6nnten Anspruch auf Schadenersatz haben","og_description":"Eine m\u00f6gliche Entscheidung des EuGH ist von solcher Tragweite, dass sogar der BGH seine Verhandlungen verschiebt. Handeln Sie jetzt!","og_url":"https:\/\/ru.law\/en\/moegliche-datenschutzverstoesse-bei-vw-betroffene-koennten-anspruch-auf-schadenersatz-haben\/","og_site_name":"R&amp;U","article_publisher":"https:\/\/www.facebook.com\/RogertUlbrich\/","article_published_time":"2025-01-10T09:44:40+00:00","article_modified_time":"2025-05-28T07:32:19+00:00","og_image":[{"width":2560,"height":1435,"url":"https:\/\/ru.law\/wp-content\/uploads\/2025\/01\/AdobeStock_923761879-1-scaled.jpeg","type":"image\/jpeg"}],"author":"Marco Rogert","twitter_card":"summary_large_image","twitter_creator":"@RogertUlbrich","twitter_site":"@RogertUlbrich","schema":{"@context":"https:\/\/schema.org","@graph":[{"@type":"Article","@id":"https:\/\/ru.law\/moegliche-datenschutzverstoesse-bei-vw-betroffene-koennten-anspruch-auf-schadenersatz-haben\/#article","isPartOf":{"@id":"https:\/\/ru.law\/moegliche-datenschutzverstoesse-bei-vw-betroffene-koennten-anspruch-auf-schadenersatz-haben\/"},"author":{"name":"Marco Rogert","@id":"https:\/\/ru.law\/#\/schema\/person\/b020d506e6bbc471b4565d3a98173b87"},"headline":"M\u00f6gliche Datenschutzverst\u00f6\u00dfe bei VW: Betroffene k\u00f6nnten Anspruch auf Schadenersatz haben","datePublished":"2025-01-10T09:44:40+00:00","dateModified":"2025-05-28T07:32:19+00:00","mainEntityOfPage":{"@id":"https:\/\/ru.law\/moegliche-datenschutzverstoesse-bei-vw-betroffene-koennten-anspruch-auf-schadenersatz-haben\/"},"wordCount":452,"publisher":{"@id":"https:\/\/ru.law\/#organization"},"image":{"@id":"https:\/\/ru.law\/moegliche-datenschutzverstoesse-bei-vw-betroffene-koennten-anspruch-auf-schadenersatz-haben\/#primaryimage"},"thumbnailUrl":"https:\/\/ru.law\/wp-content\/uploads\/2025\/01\/AdobeStock_923761879-1-scaled.jpeg","keywords":["Datenschutzrecht","Elektrofahrzeug","Schadensersatz","VW"],"articleSection":["Datenschutzrecht","Verkehrsrecht"],"inLanguage":"en-GB"},{"@type":"WebPage","@id":"https:\/\/ru.law\/moegliche-datenschutzverstoesse-bei-vw-betroffene-koennten-anspruch-auf-schadenersatz-haben\/","url":"https:\/\/ru.law\/moegliche-datenschutzverstoesse-bei-vw-betroffene-koennten-anspruch-auf-schadenersatz-haben\/","name":"Potential data protection breaches at VW: Those affected could be entitled to compensation - R&amp;U","isPartOf":{"@id":"https:\/\/ru.law\/#website"},"primaryImageOfPage":{"@id":"https:\/\/ru.law\/moegliche-datenschutzverstoesse-bei-vw-betroffene-koennten-anspruch-auf-schadenersatz-haben\/#primaryimage"},"image":{"@id":"https:\/\/ru.law\/moegliche-datenschutzverstoesse-bei-vw-betroffene-koennten-anspruch-auf-schadenersatz-haben\/#primaryimage"},"thumbnailUrl":"https:\/\/ru.law\/wp-content\/uploads\/2025\/01\/AdobeStock_923761879-1-scaled.jpeg","datePublished":"2025-01-10T09:44:40+00:00","dateModified":"2025-05-28T07:32:19+00:00","description":"A potential ECJ ruling is so far-reaching that even the Federal Court of Justice is postponing its hearings. Act now!","breadcrumb":{"@id":"https:\/\/ru.law\/moegliche-datenschutzverstoesse-bei-vw-betroffene-koennten-anspruch-auf-schadenersatz-haben\/#breadcrumb"},"inLanguage":"en-GB","potentialAction":[{"@type":"ReadAction","target":["https:\/\/ru.law\/moegliche-datenschutzverstoesse-bei-vw-betroffene-koennten-anspruch-auf-schadenersatz-haben\/"]}]},{"@type":"ImageObject","inLanguage":"en-GB","@id":"https:\/\/ru.law\/moegliche-datenschutzverstoesse-bei-vw-betroffene-koennten-anspruch-auf-schadenersatz-haben\/#primaryimage","url":"https:\/\/ru.law\/wp-content\/uploads\/2025\/01\/AdobeStock_923761879-1-scaled.jpeg","contentUrl":"https:\/\/ru.law\/wp-content\/uploads\/2025\/01\/AdobeStock_923761879-1-scaled.jpeg","width":2560,"height":1435},{"@type":"BreadcrumbList","@id":"https:\/\/ru.law\/moegliche-datenschutzverstoesse-bei-vw-betroffene-koennten-anspruch-auf-schadenersatz-haben\/#breadcrumb","itemListElement":[{"@type":"ListItem","position":1,"name":"Startseite","item":"https:\/\/ru.law\/"},{"@type":"ListItem","position":2,"name":"M\u00f6gliche Datenschutzverst\u00f6\u00dfe bei VW: Betroffene k\u00f6nnten Anspruch auf Schadenersatz haben"}]},{"@type":"WebSite","@id":"https:\/\/ru.law\/#website","url":"https:\/\/ru.law\/","name":"R&amp;U","description":"Consumer lawyers","publisher":{"@id":"https:\/\/ru.law\/#organization"},"alternateName":"Rogert & Ulbrich","potentialAction":[{"@type":"SearchAction","target":{"@type":"EntryPoint","urlTemplate":"https:\/\/ru.law\/?s={search_term_string}"},"query-input":{"@type":"PropertyValueSpecification","valueRequired":true,"valueName":"search_term_string"}}],"inLanguage":"en-GB"},{"@type":"Organization","@id":"https:\/\/ru.law\/#organization","name":"Rogert &amp; Ulbrich Law Firm","url":"https:\/\/ru.law\/","logo":{"@type":"ImageObject","inLanguage":"en-GB","@id":"https:\/\/ru.law\/#\/schema\/logo\/image\/","url":"https:\/\/ru.law\/wp-content\/uploads\/2020\/12\/logo-ru-law.svg","contentUrl":"https:\/\/ru.law\/wp-content\/uploads\/2020\/12\/logo-ru-law.svg","width":992,"height":259,"caption":"Kanzlei Rogert & Ulbrich"},"image":{"@id":"https:\/\/ru.law\/#\/schema\/logo\/image\/"},"sameAs":["https:\/\/www.facebook.com\/RogertUlbrich\/","https:\/\/x.com\/RogertUlbrich","https:\/\/www.instagram.com\/rogertulbrich\/","https:\/\/www.linkedin.com\/company\/rogert-ulbrich\/","https:\/\/www.youtube.com\/channel\/UCganCgpvwpPFqMFf1vVmG2A"]},{"@type":"Person","@id":"https:\/\/ru.law\/#\/schema\/person\/b020d506e6bbc471b4565d3a98173b87","name":"Marco Rogert","url":"https:\/\/ru.law\/en\/author\/rogertru-law\/"}]}},"uagb_featured_image_src":{"full":["https:\/\/ru.law\/wp-content\/uploads\/2025\/01\/AdobeStock_923761879-1-scaled.jpeg",2560,1435,false],"thumbnail":["https:\/\/ru.law\/wp-content\/uploads\/2025\/01\/AdobeStock_923761879-1-scaled.jpeg",128,72,false],"medium":["https:\/\/ru.law\/wp-content\/uploads\/2025\/01\/AdobeStock_923761879-1-scaled.jpeg",2560,1435,false],"medium_large":["https:\/\/ru.law\/wp-content\/uploads\/2025\/01\/AdobeStock_923761879-1-768x430.jpeg",768,430,true],"large":["https:\/\/ru.law\/wp-content\/uploads\/2025\/01\/AdobeStock_923761879-1-scaled.jpeg",2560,1435,false],"1536x1536":["https:\/\/ru.law\/wp-content\/uploads\/2025\/01\/AdobeStock_923761879-1-1536x861.jpeg",1536,861,true],"2048x2048":["https:\/\/ru.law\/wp-content\/uploads\/2025\/01\/AdobeStock_923761879-1-2048x1148.jpeg",2048,1148,true],"trp-custom-language-flag":["https:\/\/ru.law\/wp-content\/uploads\/2025\/01\/AdobeStock_923761879-1-scaled.jpeg",18,10,false]},"uagb_author_info":{"display_name":"Marco Rogert","author_link":"https:\/\/ru.law\/en\/author\/rogertru-law\/"},"uagb_comment_info":0,"uagb_excerpt":"Ein neuer Datenschutzvorfall bei Volkswagen, bei dem Daten von 800.000 Elektrofahrzeugen, einschlie\u00dflich Bewegungsprofilen und pers\u00f6nlichen Informationen, ungesichert online zug\u00e4nglich waren, stellt ernsthafte Fragen bez\u00fcglich der [&hellip;]","_links":{"self":[{"href":"https:\/\/ru.law\/en\/wp-json\/wp\/v2\/posts\/86024","targetHints":{"allow":["GET"]}}],"collection":[{"href":"https:\/\/ru.law\/en\/wp-json\/wp\/v2\/posts"}],"about":[{"href":"https:\/\/ru.law\/en\/wp-json\/wp\/v2\/types\/post"}],"author":[{"embeddable":true,"href":"https:\/\/ru.law\/en\/wp-json\/wp\/v2\/users\/21"}],"replies":[{"embeddable":true,"href":"https:\/\/ru.law\/en\/wp-json\/wp\/v2\/comments?post=86024"}],"version-history":[{"count":0,"href":"https:\/\/ru.law\/en\/wp-json\/wp\/v2\/posts\/86024\/revisions"}],"wp:featuredmedia":[{"embeddable":true,"href":"https:\/\/ru.law\/en\/wp-json\/wp\/v2\/media\/86025"}],"wp:attachment":[{"href":"https:\/\/ru.law\/en\/wp-json\/wp\/v2\/media?parent=86024"}],"wp:term":[{"taxonomy":"category","embeddable":true,"href":"https:\/\/ru.law\/en\/wp-json\/wp\/v2\/categories?post=86024"},{"taxonomy":"post_tag","embeddable":true,"href":"https:\/\/ru.law\/en\/wp-json\/wp\/v2\/tags?post=86024"}],"curies":[{"name":"wp","href":"https:\/\/api.w.org\/{rel}","templated":true}]}}