{"id":6541,"date":"2020-09-18T09:03:27","date_gmt":"2020-09-18T07:03:27","guid":{"rendered":"https:\/\/www.rogertulbrich.de\/wp\/?p=6541"},"modified":"2024-07-08T13:12:51","modified_gmt":"2024-07-08T11:12:51","slug":"neuer-ueberwachter-vw-rueckruf-vom-kraftfahrt-bundesamt","status":"publish","type":"post","link":"https:\/\/ru.law\/en\/neuer-ueberwachter-vw-rueckruf-vom-kraftfahrt-bundesamt\/","title":{"rendered":"New monitored VW recall from the Federal Motor Transport Authority"},"content":{"rendered":"<h2 class=\"wp-block-heading\" id=\"h-volkswagen-eos-muss-nochmal-in-die-werkstatt\"><strong>Volkswagen Eos has to go to the workshop again<\/strong>.<\/h2>\n\n\n\n<p>The Federal Motor Transport Authority has ordered another so-called \u201cmonitored recall\u201d for around 5,800 Eos drivers under the code \u201c23AO\u201d. The KBA publication shows that the vehicles built between 2010 and 2015 are again being recalled due to the <strong>&quot;Removal of an inadmissible defeat device or increased emission values even after implementation of Action 23R7&quot;<\/strong> be recalled and undergo a software update.<\/p>\n\n\n\n<h3 class=\"wp-block-heading\" id=\"h-der-kodex-des-kba-kennt-3-arten-von-ruckrufen\"><strong>The KBA Code of Conduct <a href=\"https:\/\/www.kba.de\/DE\/Marktueberwachung\/Rueckrufe\/Kodex\/kodex_pdf.pdf?__blob=publicationFile&amp;v=6\">3 Types of Recalls<\/a><\/strong><\/h3>\n\n\n\n<p>There is the \u201cvoluntary recall\u201d, the \u201csupervised recall\u201d and the \u201cordered recall\u201d.<\/p>\n\n\n\n<p>A monitored recall, the middle recall level, occurs when the responsible economic operator (i.e. the manufacturer) has information that a product poses a serious risk and informs the KBA in accordance with its reporting obligation. If the internal assessment of the facts shows that this risk exists, the KBA checks whether the measures proposed by the manufacturer to eliminate the risk are sufficient.<\/p>\n\n\n\n<p>The KBA expects \u201c<strong>a maximum fulfillment rate<\/strong>\u201c, which in the case of vehicles subject to registration can lead to a ban on operation if the vehicle owner does not comply with the request to remedy the defect within the specified period.<\/p>\n\n\n\n<p>In plain language, this means that the respective owner cannot avoid this recall. This is because the malfunction in the VW Eos is such a serious fault in the vehicle that this recall must be monitored by the authorities.<\/p>\n\n\n\n<h3 class=\"wp-block-heading\" id=\"h-fast-die-gesamte-volkswagen-modellpalette-von-ruckrufen-betroffen\"><strong>Almost the entire Volkswagen model range affected by recalls<\/strong><\/h3>\n\n\n\n<p>The original recall with the code \u201c23R7\u201d affected not only VW Eos, but also <strong>1.6 million other Volkswagen models equipped with the EA 189 engine<\/strong> recalled.<\/p>\n\n\n\n<p>Volkswagen AG continues to emphasize that the software update means the vehicles are clean and comply with the limits of the Euro 5 emissions class. The new recall monitored by the KBA shows more than clearly that this can be doubted.<\/p>\n\n\n\n<p>It remains to be seen whether other models will also need to undergo follow-up treatment.<br>Finally, under the codes \u201c23R7\u201d, \u201c23Q7\u201d, \u201c23S1\u201d and \u201c23R6\u201d <strong>almost the entire <a href=\"https:\/\/ru.law\/en\/expertise\/abgasskandal\/vw-diesel\/\">Volkswagen<\/a> product range <\/strong>built between 2008 and 2015, a total of just under <strong>2.6 million vehicles<\/strong>, recalled.<\/p>\n\n\n\n<p>Expert reports have shown that the update did not have the desired effect and Volkswagen could only resort to another shutdown device - the so-called thermal window. The probability that owners of other models from the Volkswagen Group will also have to have their vehicles subjected to another software update remains very high.<\/p>\n\n\n\n\n\n<section class=\"wp-block-uagb-columns uagb-columns__wrap uagb-columns__background-undefined uagb-columns__stack-mobile uagb-columns__valign-undefined uagb-columns__gap-10 alignundefined uagb-block-a63b8d4d contrast blog_beitraege\"><div class=\"uagb-columns__overlay\"><\/div><div class=\"uagb-columns__inner-wrap uagb-columns__columns-1\">\n<div class=\"wp-block-uagb-column uagb-column__wrap uagb-column__background-undefined uagb-block-6e00ddba\"><div class=\"uagb-column__overlay\"><\/div><div class=\"uagb-column__inner-wrap\">\n<h3 class=\"wp-block-heading\" id=\"das-konnte-sie-auch-interessieren\">You might also be interested in:<\/h3>\n\n\n\n\t\t\t<div class=\"wp-block-uagb-post-grid uagb-post-grid  uagb-post__image-position-top uagb-post__image-enabled uagb-block-ff875f2e     uagb-post__items uagb-post__columns-3 is-grid uagb-post__columns-tablet-2 uagb-post__columns-mobile-1 uagb-post__equal-height\" data-total=\"3\" style=\"\">\n\n\t\t\t\t\t\t\t\t\t\t\t\t<article class=\"uagb-post__inner-wrap\">\t\t\t\t\t\t\t\t<div class='uagb-post__image'>\n\t\t\t\t\t\t\t\t\t<a href=\"https:\/\/ru.law\/en\/diesel-ueberholt-benzinpreis-jetzt-erst-recht\/\" target=\"_self\" rel=\"bookmark noopener noreferrer\" class='uagb-image-ratio-inherit'><img loading=\"lazy\" decoding=\"async\" width=\"1024\" height=\"576\" src=\"https:\/\/ru.law\/wp-content\/uploads\/2022\/03\/2021-News-Header-1200x675-2972-1024x576.jpg\" class=\"attachment-large size-large\" alt=\"Rogert-Ulbrich-Rechtsanwaelte-Kanzlei-Diesel-Benzin-Preise\" srcset=\"https:\/\/ru.law\/wp-content\/uploads\/2022\/03\/2021-News-Header-1200x675-2972-1024x576.jpg 1024w, https:\/\/ru.law\/wp-content\/uploads\/2022\/03\/2021-News-Header-1200x675-2972-300x169.jpg 300w, https:\/\/ru.law\/wp-content\/uploads\/2022\/03\/2021-News-Header-1200x675-2972-768x432.jpg 768w, https:\/\/ru.law\/wp-content\/uploads\/2022\/03\/2021-News-Header-1200x675-2972.jpg 1200w\" sizes=\"auto, (max-width: 1024px) 100vw, 1024px\" \/>\t\t\t\t\t<\/a>\n\t\t\t\t\t\t\t<\/div>\n\t\t\t\t\t\t<h4 class=\"uagb-post__title uagb-post__text\">\n\t\t\t\t<a href=\"https:\/\/ru.law\/en\/diesel-ueberholt-benzinpreis-jetzt-erst-recht\/\" target=\"_self\" rel=\"bookmark noopener noreferrer\">Record prices for diesel - Now is the time to reverse your car<\/a>\n\t\t\t<\/h4>\n\t\t\t\t\t\t<div class='uagb-post__text uagb-post-grid-byline'>\n\t\t\t\t\t\t\t<\/div>\n\t\t\t\t\t\t\t<div class='uagb-post__text uagb-post__excerpt'>\n\t\t\t\t\t<p>Diesel is at a record high in Germany and petrol is also approaching a\u2026\t\t\t\t<\/div>\n\t\t\t\t\t\t<div class=\"uagb-post__text uagb-post__cta wp-block-button\">\n\t\t\t\t<a class=\"wp-block-button__link uagb-text-link\" style=\"\" href=\"https:\/\/ru.law\/en\/diesel-ueberholt-benzinpreis-jetzt-erst-recht\/\" target=\"_self\" rel=\"bookmark noopener noreferrer\">Read More<\/a>\n\t\t\t<\/div>\n\t\t\t\n\t\t\t\t\t\t\t\t<a class=\"uagb-post__link-complete-box\" href=\"https:\/\/ru.law\/en\/diesel-ueberholt-benzinpreis-jetzt-erst-recht\/\" target=\"_self\" rel=\"bookmark noopener noreferrer\"><\/a>\n\t\t\t\t\t\t\t<\/article>\n\t\t\t\t\t\t\t\t\t\t\t\t\t\t\t\t<article class=\"uagb-post__inner-wrap\">\t\t\t\t\t\t\t\t<div class='uagb-post__image'>\n\t\t\t\t\t\t\t\t\t<a href=\"https:\/\/ru.law\/en\/vtdi-abgasskandal-rund-um-vw-audi-und-porsche\/\" target=\"_self\" rel=\"bookmark noopener noreferrer\" class='uagb-image-ratio-inherit'><img loading=\"lazy\" decoding=\"async\" width=\"1024\" height=\"576\" src=\"https:\/\/ru.law\/wp-content\/uploads\/2022\/01\/Rogert-Ulbrich-Rechtsanwaelte-Kanzlei-Abgasskandal-Audi-Verjaehrung-2022-1024x576.jpg\" class=\"attachment-large size-large\" alt=\"\" srcset=\"https:\/\/ru.law\/wp-content\/uploads\/2022\/01\/Rogert-Ulbrich-Rechtsanwaelte-Kanzlei-Abgasskandal-Audi-Verjaehrung-2022-1024x576.jpg 1024w, https:\/\/ru.law\/wp-content\/uploads\/2022\/01\/Rogert-Ulbrich-Rechtsanwaelte-Kanzlei-Abgasskandal-Audi-Verjaehrung-2022-300x169.jpg 300w, https:\/\/ru.law\/wp-content\/uploads\/2022\/01\/Rogert-Ulbrich-Rechtsanwaelte-Kanzlei-Abgasskandal-Audi-Verjaehrung-2022-768x432.jpg 768w, https:\/\/ru.law\/wp-content\/uploads\/2022\/01\/Rogert-Ulbrich-Rechtsanwaelte-Kanzlei-Abgasskandal-Audi-Verjaehrung-2022.jpg 1200w\" sizes=\"auto, (max-width: 1024px) 100vw, 1024px\" \/>\t\t\t\t\t<\/a>\n\t\t\t\t\t\t\t<\/div>\n\t\t\t\t\t\t<h4 class=\"uagb-post__title uagb-post__text\">\n\t\t\t\t<a href=\"https:\/\/ru.law\/en\/vtdi-abgasskandal-rund-um-vw-audi-und-porsche\/\" target=\"_self\" rel=\"bookmark noopener noreferrer\">VTDI emissions scandal involving VW, Audi and Porsche<\/a>\n\t\t\t<\/h4>\n\t\t\t\t\t\t<div class='uagb-post__text uagb-post-grid-byline'>\n\t\t\t\t\t\t\t<\/div>\n\t\t\t\t\t\t\t<div class='uagb-post__text uagb-post__excerpt'>\n\t\t\t\t\t<p>For many German car manufacturers, the diesel emissions scandal is still omnipresent, including the VW Group\u2026\t\t\t\t<\/div>\n\t\t\t\t\t\t<div class=\"uagb-post__text uagb-post__cta wp-block-button\">\n\t\t\t\t<a class=\"wp-block-button__link uagb-text-link\" style=\"\" href=\"https:\/\/ru.law\/en\/vtdi-abgasskandal-rund-um-vw-audi-und-porsche\/\" target=\"_self\" rel=\"bookmark noopener noreferrer\">Read More<\/a>\n\t\t\t<\/div>\n\t\t\t\n\t\t\t\t\t\t\t\t<a class=\"uagb-post__link-complete-box\" href=\"https:\/\/ru.law\/en\/vtdi-abgasskandal-rund-um-vw-audi-und-porsche\/\" target=\"_self\" rel=\"bookmark noopener noreferrer\"><\/a>\n\t\t\t\t\t\t\t<\/article>\n\t\t\t\t\t\t\t\t\t\t\t\t\t\t\t\t<article class=\"uagb-post__inner-wrap\">\t\t\t\t\t\t\t\t<div class='uagb-post__image'>\n\t\t\t\t\t\t\t\t\t<a href=\"https:\/\/ru.law\/en\/olg-koeln-verurteilt-audi-ag\/\" target=\"_self\" rel=\"bookmark noopener noreferrer\" class='uagb-image-ratio-inherit'><img loading=\"lazy\" decoding=\"async\" width=\"1024\" height=\"576\" src=\"https:\/\/ru.law\/wp-content\/uploads\/2021\/09\/rogert-ulbrich-rechtsanwalt-kanzlei-abgasskandal-premium-modelle-porsche-42l-1024x576.jpg\" class=\"attachment-large size-large\" alt=\"\" srcset=\"https:\/\/ru.law\/wp-content\/uploads\/2021\/09\/rogert-ulbrich-rechtsanwalt-kanzlei-abgasskandal-premium-modelle-porsche-42l-1024x576.jpg 1024w, https:\/\/ru.law\/wp-content\/uploads\/2021\/09\/rogert-ulbrich-rechtsanwalt-kanzlei-abgasskandal-premium-modelle-porsche-42l-300x169.jpg 300w, https:\/\/ru.law\/wp-content\/uploads\/2021\/09\/rogert-ulbrich-rechtsanwalt-kanzlei-abgasskandal-premium-modelle-porsche-42l-768x432.jpg 768w, https:\/\/ru.law\/wp-content\/uploads\/2021\/09\/rogert-ulbrich-rechtsanwalt-kanzlei-abgasskandal-premium-modelle-porsche-42l.jpg 1200w\" sizes=\"auto, (max-width: 1024px) 100vw, 1024px\" \/>\t\t\t\t\t<\/a>\n\t\t\t\t\t\t\t<\/div>\n\t\t\t\t\t\t<h4 class=\"uagb-post__title uagb-post__text\">\n\t\t\t\t<a href=\"https:\/\/ru.law\/en\/olg-koeln-verurteilt-audi-ag\/\" target=\"_self\" rel=\"bookmark noopener noreferrer\">Audi AG ordered to take back a Porsche Cayenne S<\/a>\n\t\t\t<\/h4>\n\t\t\t\t\t\t<div class='uagb-post__text uagb-post-grid-byline'>\n\t\t\t\t\t\t\t<\/div>\n\t\t\t\t\t\t\t<div class='uagb-post__text uagb-post__excerpt'>\n\t\t\t\t\t<p>Audi AG was ordered by the Cologne Higher Regional Court to take back a Porsche Cayenne S 4.2l\u2026.\t\t\t\t<\/div>\n\t\t\t\t\t\t<div class=\"uagb-post__text uagb-post__cta wp-block-button\">\n\t\t\t\t<a class=\"wp-block-button__link uagb-text-link\" style=\"\" href=\"https:\/\/ru.law\/en\/olg-koeln-verurteilt-audi-ag\/\" target=\"_self\" rel=\"bookmark noopener noreferrer\">Read More<\/a>\n\t\t\t<\/div>\n\t\t\t\n\t\t\t\t\t\t\t\t<a class=\"uagb-post__link-complete-box\" href=\"https:\/\/ru.law\/en\/olg-koeln-verurteilt-audi-ag\/\" target=\"_self\" rel=\"bookmark noopener noreferrer\"><\/a>\n\t\t\t\t\t\t\t<\/article>\n\t\t\t\t\t\t\t\t\t\t\t<\/div>\n\t\t\t\n\n\n<p><\/p>\n<\/div><\/div>\n<\/div><\/section>","protected":false},"excerpt":{"rendered":"<p>Volkswagen Eos muss nochmal in die Werkstatt. Das Kraftfahrtbundesamt hat f\u00fcr ca. 5.800 Eos-Fahrer unter dem Code \u201e23AO\u201c einen weiteren sog. \u201e\u00dcberwachten R\u00fcckruf\u201c angeordnet. Aus [&hellip;]<\/p>\n","protected":false},"author":21,"featured_media":7444,"comment_status":"closed","ping_status":"open","sticky":false,"template":"","format":"standard","meta":{"_uag_custom_page_level_css":"","site-sidebar-layout":"default","site-content-layout":"default","ast-site-content-layout":"default","site-content-style":"default","site-sidebar-style":"default","ast-global-header-display":"","ast-banner-title-visibility":"","ast-main-header-display":"","ast-hfb-above-header-display":"","ast-hfb-below-header-display":"","ast-hfb-mobile-header-display":"","site-post-title":"","ast-breadcrumbs-content":"","ast-featured-img":"","footer-sml-layout":"","ast-disable-related-posts":"","theme-transparent-header-meta":"default","adv-header-id-meta":"","stick-header-meta":"","header-above-stick-meta":"","header-main-stick-meta":"","header-below-stick-meta":"","astra-migrate-meta-layouts":"default","ast-page-background-enabled":"default","ast-page-background-meta":{"desktop":{"background-color":"","background-image":"","background-repeat":"repeat","background-position":"center center","background-size":"auto","background-attachment":"scroll","background-type":"","background-media":"","overlay-type":"","overlay-color":"","overlay-opacity":"","overlay-gradient":""},"tablet":{"background-color":"","background-image":"","background-repeat":"repeat","background-position":"center center","background-size":"auto","background-attachment":"scroll","background-type":"","background-media":"","overlay-type":"","overlay-color":"","overlay-opacity":"","overlay-gradient":""},"mobile":{"background-color":"","background-image":"","background-repeat":"repeat","background-position":"center center","background-size":"auto","background-attachment":"scroll","background-type":"","background-media":"","overlay-type":"","overlay-color":"","overlay-opacity":"","overlay-gradient":""}},"ast-content-background-meta":{"desktop":{"background-color":"var(--ast-global-color-5)","background-image":"","background-repeat":"repeat","background-position":"center center","background-size":"auto","background-attachment":"scroll","background-type":"","background-media":"","overlay-type":"","overlay-color":"","overlay-opacity":"","overlay-gradient":""},"tablet":{"background-color":"var(--ast-global-color-5)","background-image":"","background-repeat":"repeat","background-position":"center center","background-size":"auto","background-attachment":"scroll","background-type":"","background-media":"","overlay-type":"","overlay-color":"","overlay-opacity":"","overlay-gradient":""},"mobile":{"background-color":"var(--ast-global-color-5)","background-image":"","background-repeat":"repeat","background-position":"center center","background-size":"auto","background-attachment":"scroll","background-type":"","background-media":"","overlay-type":"","overlay-color":"","overlay-opacity":"","overlay-gradient":""}},"footnotes":""},"categories":[2],"tags":[35,45],"class_list":["post-6541","post","type-post","status-publish","format-standard","has-post-thumbnail","hentry","category-abgasskandal","tag-rueckruf","tag-vw"],"yoast_head":"<!-- This site is optimized with the Yoast SEO Premium plugin v27.4 (Yoast SEO v27.4) - https:\/\/yoast.com\/product\/yoast-seo-premium-wordpress\/ -->\n<title>Neuer \u00fcberwachter VW-R\u00fcckruf vom Kraftfahrt-Bundesamt - R&amp;U<\/title>\n<meta name=\"description\" content=\"Neuer \u00fcberwachter R\u00fcckruf vom KBA: VW Eos muss nochmal in die Werkstatt! Fast die gesamte Volkswagen Modellpalette von R\u00fcckrufen betroffen!\" \/>\n<meta name=\"robots\" content=\"index, follow, max-snippet:-1, max-image-preview:large, max-video-preview:-1\" \/>\n<link rel=\"canonical\" href=\"https:\/\/ru.law\/en\/neuer-ueberwachter-vw-rueckruf-vom-kraftfahrt-bundesamt\/\" \/>\n<meta property=\"og:locale\" content=\"en_GB\" \/>\n<meta property=\"og:type\" content=\"article\" \/>\n<meta property=\"og:title\" content=\"Neuer \u00fcberwachter VW-R\u00fcckruf vom Kraftfahrt-Bundesamt\" \/>\n<meta property=\"og:description\" content=\"Neuer \u00fcberwachter R\u00fcckruf vom KBA: VW Eos muss nochmal in die Werkstatt! Fast die gesamte Volkswagen Modellpalette von R\u00fcckrufen betroffen!\" \/>\n<meta property=\"og:url\" content=\"https:\/\/ru.law\/en\/neuer-ueberwachter-vw-rueckruf-vom-kraftfahrt-bundesamt\/\" \/>\n<meta property=\"og:site_name\" content=\"R&amp;U\" \/>\n<meta property=\"article:publisher\" content=\"https:\/\/www.facebook.com\/RogertUlbrich\/\" \/>\n<meta property=\"article:published_time\" content=\"2020-09-18T07:03:27+00:00\" \/>\n<meta property=\"article:modified_time\" content=\"2024-07-08T11:12:51+00:00\" \/>\n<meta property=\"og:image\" content=\"https:\/\/ru.law\/wp-content\/uploads\/2020\/09\/volkswagen-rueckruf-modell-1.jpg\" \/>\n\t<meta property=\"og:image:width\" content=\"1198\" \/>\n\t<meta property=\"og:image:height\" content=\"675\" \/>\n\t<meta property=\"og:image:type\" content=\"image\/jpeg\" \/>\n<meta name=\"author\" content=\"Marco Rogert\" \/>\n<meta name=\"twitter:card\" content=\"summary_large_image\" \/>\n<meta name=\"twitter:creator\" content=\"@RogertUlbrich\" \/>\n<meta name=\"twitter:site\" content=\"@RogertUlbrich\" \/>\n<script type=\"application\/ld+json\" class=\"yoast-schema-graph\">{\"@context\":\"https:\\\/\\\/schema.org\",\"@graph\":[{\"@type\":\"Article\",\"@id\":\"https:\\\/\\\/ru.law\\\/neuer-ueberwachter-vw-rueckruf-vom-kraftfahrt-bundesamt\\\/#article\",\"isPartOf\":{\"@id\":\"https:\\\/\\\/ru.law\\\/neuer-ueberwachter-vw-rueckruf-vom-kraftfahrt-bundesamt\\\/\"},\"author\":{\"name\":\"Marco Rogert\",\"@id\":\"https:\\\/\\\/ru.law\\\/#\\\/schema\\\/person\\\/b020d506e6bbc471b4565d3a98173b87\"},\"headline\":\"Neuer \u00fcberwachter VW-R\u00fcckruf vom Kraftfahrt-Bundesamt\",\"datePublished\":\"2020-09-18T07:03:27+00:00\",\"dateModified\":\"2024-07-08T11:12:51+00:00\",\"mainEntityOfPage\":{\"@id\":\"https:\\\/\\\/ru.law\\\/neuer-ueberwachter-vw-rueckruf-vom-kraftfahrt-bundesamt\\\/\"},\"wordCount\":395,\"publisher\":{\"@id\":\"https:\\\/\\\/ru.law\\\/#organization\"},\"image\":{\"@id\":\"https:\\\/\\\/ru.law\\\/neuer-ueberwachter-vw-rueckruf-vom-kraftfahrt-bundesamt\\\/#primaryimage\"},\"thumbnailUrl\":\"https:\\\/\\\/ru.law\\\/wp-content\\\/uploads\\\/2020\\\/09\\\/volkswagen-rueckruf-modell-1.jpg\",\"keywords\":[\"R\u00fcckruf\",\"VW\"],\"articleSection\":[\"Abgasskandal\"],\"inLanguage\":\"en-GB\"},{\"@type\":\"WebPage\",\"@id\":\"https:\\\/\\\/ru.law\\\/neuer-ueberwachter-vw-rueckruf-vom-kraftfahrt-bundesamt\\\/\",\"url\":\"https:\\\/\\\/ru.law\\\/neuer-ueberwachter-vw-rueckruf-vom-kraftfahrt-bundesamt\\\/\",\"name\":\"Neuer \u00fcberwachter VW-R\u00fcckruf vom Kraftfahrt-Bundesamt - R&amp;U\",\"isPartOf\":{\"@id\":\"https:\\\/\\\/ru.law\\\/#website\"},\"primaryImageOfPage\":{\"@id\":\"https:\\\/\\\/ru.law\\\/neuer-ueberwachter-vw-rueckruf-vom-kraftfahrt-bundesamt\\\/#primaryimage\"},\"image\":{\"@id\":\"https:\\\/\\\/ru.law\\\/neuer-ueberwachter-vw-rueckruf-vom-kraftfahrt-bundesamt\\\/#primaryimage\"},\"thumbnailUrl\":\"https:\\\/\\\/ru.law\\\/wp-content\\\/uploads\\\/2020\\\/09\\\/volkswagen-rueckruf-modell-1.jpg\",\"datePublished\":\"2020-09-18T07:03:27+00:00\",\"dateModified\":\"2024-07-08T11:12:51+00:00\",\"description\":\"Neuer \u00fcberwachter R\u00fcckruf vom KBA: VW Eos muss nochmal in die Werkstatt! Fast die gesamte Volkswagen Modellpalette von R\u00fcckrufen betroffen!\",\"breadcrumb\":{\"@id\":\"https:\\\/\\\/ru.law\\\/neuer-ueberwachter-vw-rueckruf-vom-kraftfahrt-bundesamt\\\/#breadcrumb\"},\"inLanguage\":\"en-GB\",\"potentialAction\":[{\"@type\":\"ReadAction\",\"target\":[\"https:\\\/\\\/ru.law\\\/neuer-ueberwachter-vw-rueckruf-vom-kraftfahrt-bundesamt\\\/\"]}]},{\"@type\":\"ImageObject\",\"inLanguage\":\"en-GB\",\"@id\":\"https:\\\/\\\/ru.law\\\/neuer-ueberwachter-vw-rueckruf-vom-kraftfahrt-bundesamt\\\/#primaryimage\",\"url\":\"https:\\\/\\\/ru.law\\\/wp-content\\\/uploads\\\/2020\\\/09\\\/volkswagen-rueckruf-modell-1.jpg\",\"contentUrl\":\"https:\\\/\\\/ru.law\\\/wp-content\\\/uploads\\\/2020\\\/09\\\/volkswagen-rueckruf-modell-1.jpg\",\"width\":1198,\"height\":675,\"caption\":\"Volkswagen Rueckruf-Modell\"},{\"@type\":\"BreadcrumbList\",\"@id\":\"https:\\\/\\\/ru.law\\\/neuer-ueberwachter-vw-rueckruf-vom-kraftfahrt-bundesamt\\\/#breadcrumb\",\"itemListElement\":[{\"@type\":\"ListItem\",\"position\":1,\"name\":\"Startseite\",\"item\":\"https:\\\/\\\/ru.law\\\/\"},{\"@type\":\"ListItem\",\"position\":2,\"name\":\"Neuer \u00fcberwachter VW-R\u00fcckruf vom Kraftfahrt-Bundesamt\"}]},{\"@type\":\"WebSite\",\"@id\":\"https:\\\/\\\/ru.law\\\/#website\",\"url\":\"https:\\\/\\\/ru.law\\\/\",\"name\":\"R&U\",\"description\":\"Verbraucheranw\u00e4lte\",\"publisher\":{\"@id\":\"https:\\\/\\\/ru.law\\\/#organization\"},\"alternateName\":\"Rogert & Ulbrich\",\"potentialAction\":[{\"@type\":\"SearchAction\",\"target\":{\"@type\":\"EntryPoint\",\"urlTemplate\":\"https:\\\/\\\/ru.law\\\/?s={search_term_string}\"},\"query-input\":{\"@type\":\"PropertyValueSpecification\",\"valueRequired\":true,\"valueName\":\"search_term_string\"}}],\"inLanguage\":\"en-GB\"},{\"@type\":\"Organization\",\"@id\":\"https:\\\/\\\/ru.law\\\/#organization\",\"name\":\"Kanzlei Rogert & Ulbrich\",\"url\":\"https:\\\/\\\/ru.law\\\/\",\"logo\":{\"@type\":\"ImageObject\",\"inLanguage\":\"en-GB\",\"@id\":\"https:\\\/\\\/ru.law\\\/#\\\/schema\\\/logo\\\/image\\\/\",\"url\":\"https:\\\/\\\/ru.law\\\/wp-content\\\/uploads\\\/2020\\\/12\\\/logo-ru-law.svg\",\"contentUrl\":\"https:\\\/\\\/ru.law\\\/wp-content\\\/uploads\\\/2020\\\/12\\\/logo-ru-law.svg\",\"width\":992,\"height\":259,\"caption\":\"Kanzlei Rogert & Ulbrich\"},\"image\":{\"@id\":\"https:\\\/\\\/ru.law\\\/#\\\/schema\\\/logo\\\/image\\\/\"},\"sameAs\":[\"https:\\\/\\\/www.facebook.com\\\/RogertUlbrich\\\/\",\"https:\\\/\\\/x.com\\\/RogertUlbrich\",\"https:\\\/\\\/www.instagram.com\\\/rogertulbrich\\\/\",\"https:\\\/\\\/www.linkedin.com\\\/company\\\/rogert-ulbrich\\\/\",\"https:\\\/\\\/www.youtube.com\\\/channel\\\/UCganCgpvwpPFqMFf1vVmG2A\"]},{\"@type\":\"Person\",\"@id\":\"https:\\\/\\\/ru.law\\\/#\\\/schema\\\/person\\\/b020d506e6bbc471b4565d3a98173b87\",\"name\":\"Marco Rogert\",\"url\":\"https:\\\/\\\/ru.law\\\/en\\\/author\\\/rogertru-law\\\/\"}]}<\/script>\n<!-- \/ Yoast SEO Premium plugin. -->","yoast_head_json":{"title":"New monitored VW recall from the Federal Motor Transport Authority - R&amp;U","description":"New KBA-monitored recall: VW Eos needs to go back to the workshop! Almost the entire Volkswagen model range is affected by recalls!","robots":{"index":"index","follow":"follow","max-snippet":"max-snippet:-1","max-image-preview":"max-image-preview:large","max-video-preview":"max-video-preview:-1"},"canonical":"https:\/\/ru.law\/en\/neuer-ueberwachter-vw-rueckruf-vom-kraftfahrt-bundesamt\/","og_locale":"en_GB","og_type":"article","og_title":"Neuer \u00fcberwachter VW-R\u00fcckruf vom Kraftfahrt-Bundesamt","og_description":"Neuer \u00fcberwachter R\u00fcckruf vom KBA: VW Eos muss nochmal in die Werkstatt! Fast die gesamte Volkswagen Modellpalette von R\u00fcckrufen betroffen!","og_url":"https:\/\/ru.law\/en\/neuer-ueberwachter-vw-rueckruf-vom-kraftfahrt-bundesamt\/","og_site_name":"R&amp;U","article_publisher":"https:\/\/www.facebook.com\/RogertUlbrich\/","article_published_time":"2020-09-18T07:03:27+00:00","article_modified_time":"2024-07-08T11:12:51+00:00","og_image":[{"width":1198,"height":675,"url":"https:\/\/ru.law\/wp-content\/uploads\/2020\/09\/volkswagen-rueckruf-modell-1.jpg","type":"image\/jpeg"}],"author":"Marco Rogert","twitter_card":"summary_large_image","twitter_creator":"@RogertUlbrich","twitter_site":"@RogertUlbrich","schema":{"@context":"https:\/\/schema.org","@graph":[{"@type":"Article","@id":"https:\/\/ru.law\/neuer-ueberwachter-vw-rueckruf-vom-kraftfahrt-bundesamt\/#article","isPartOf":{"@id":"https:\/\/ru.law\/neuer-ueberwachter-vw-rueckruf-vom-kraftfahrt-bundesamt\/"},"author":{"name":"Marco Rogert","@id":"https:\/\/ru.law\/#\/schema\/person\/b020d506e6bbc471b4565d3a98173b87"},"headline":"Neuer \u00fcberwachter VW-R\u00fcckruf vom Kraftfahrt-Bundesamt","datePublished":"2020-09-18T07:03:27+00:00","dateModified":"2024-07-08T11:12:51+00:00","mainEntityOfPage":{"@id":"https:\/\/ru.law\/neuer-ueberwachter-vw-rueckruf-vom-kraftfahrt-bundesamt\/"},"wordCount":395,"publisher":{"@id":"https:\/\/ru.law\/#organization"},"image":{"@id":"https:\/\/ru.law\/neuer-ueberwachter-vw-rueckruf-vom-kraftfahrt-bundesamt\/#primaryimage"},"thumbnailUrl":"https:\/\/ru.law\/wp-content\/uploads\/2020\/09\/volkswagen-rueckruf-modell-1.jpg","keywords":["R\u00fcckruf","VW"],"articleSection":["Abgasskandal"],"inLanguage":"en-GB"},{"@type":"WebPage","@id":"https:\/\/ru.law\/neuer-ueberwachter-vw-rueckruf-vom-kraftfahrt-bundesamt\/","url":"https:\/\/ru.law\/neuer-ueberwachter-vw-rueckruf-vom-kraftfahrt-bundesamt\/","name":"New monitored VW recall from the Federal Motor Transport Authority - R&amp;U","isPartOf":{"@id":"https:\/\/ru.law\/#website"},"primaryImageOfPage":{"@id":"https:\/\/ru.law\/neuer-ueberwachter-vw-rueckruf-vom-kraftfahrt-bundesamt\/#primaryimage"},"image":{"@id":"https:\/\/ru.law\/neuer-ueberwachter-vw-rueckruf-vom-kraftfahrt-bundesamt\/#primaryimage"},"thumbnailUrl":"https:\/\/ru.law\/wp-content\/uploads\/2020\/09\/volkswagen-rueckruf-modell-1.jpg","datePublished":"2020-09-18T07:03:27+00:00","dateModified":"2024-07-08T11:12:51+00:00","description":"New KBA-monitored recall: VW Eos needs to go back to the workshop! Almost the entire Volkswagen model range is affected by recalls!","breadcrumb":{"@id":"https:\/\/ru.law\/neuer-ueberwachter-vw-rueckruf-vom-kraftfahrt-bundesamt\/#breadcrumb"},"inLanguage":"en-GB","potentialAction":[{"@type":"ReadAction","target":["https:\/\/ru.law\/neuer-ueberwachter-vw-rueckruf-vom-kraftfahrt-bundesamt\/"]}]},{"@type":"ImageObject","inLanguage":"en-GB","@id":"https:\/\/ru.law\/neuer-ueberwachter-vw-rueckruf-vom-kraftfahrt-bundesamt\/#primaryimage","url":"https:\/\/ru.law\/wp-content\/uploads\/2020\/09\/volkswagen-rueckruf-modell-1.jpg","contentUrl":"https:\/\/ru.law\/wp-content\/uploads\/2020\/09\/volkswagen-rueckruf-modell-1.jpg","width":1198,"height":675,"caption":"Volkswagen Rueckruf-Modell"},{"@type":"BreadcrumbList","@id":"https:\/\/ru.law\/neuer-ueberwachter-vw-rueckruf-vom-kraftfahrt-bundesamt\/#breadcrumb","itemListElement":[{"@type":"ListItem","position":1,"name":"Startseite","item":"https:\/\/ru.law\/"},{"@type":"ListItem","position":2,"name":"Neuer \u00fcberwachter VW-R\u00fcckruf vom Kraftfahrt-Bundesamt"}]},{"@type":"WebSite","@id":"https:\/\/ru.law\/#website","url":"https:\/\/ru.law\/","name":"R&amp;U","description":"Consumer lawyers","publisher":{"@id":"https:\/\/ru.law\/#organization"},"alternateName":"Rogert & Ulbrich","potentialAction":[{"@type":"SearchAction","target":{"@type":"EntryPoint","urlTemplate":"https:\/\/ru.law\/?s={search_term_string}"},"query-input":{"@type":"PropertyValueSpecification","valueRequired":true,"valueName":"search_term_string"}}],"inLanguage":"en-GB"},{"@type":"Organization","@id":"https:\/\/ru.law\/#organization","name":"Rogert &amp; Ulbrich Law Firm","url":"https:\/\/ru.law\/","logo":{"@type":"ImageObject","inLanguage":"en-GB","@id":"https:\/\/ru.law\/#\/schema\/logo\/image\/","url":"https:\/\/ru.law\/wp-content\/uploads\/2020\/12\/logo-ru-law.svg","contentUrl":"https:\/\/ru.law\/wp-content\/uploads\/2020\/12\/logo-ru-law.svg","width":992,"height":259,"caption":"Kanzlei Rogert & Ulbrich"},"image":{"@id":"https:\/\/ru.law\/#\/schema\/logo\/image\/"},"sameAs":["https:\/\/www.facebook.com\/RogertUlbrich\/","https:\/\/x.com\/RogertUlbrich","https:\/\/www.instagram.com\/rogertulbrich\/","https:\/\/www.linkedin.com\/company\/rogert-ulbrich\/","https:\/\/www.youtube.com\/channel\/UCganCgpvwpPFqMFf1vVmG2A"]},{"@type":"Person","@id":"https:\/\/ru.law\/#\/schema\/person\/b020d506e6bbc471b4565d3a98173b87","name":"Marco Rogert","url":"https:\/\/ru.law\/en\/author\/rogertru-law\/"}]}},"uagb_featured_image_src":{"full":["https:\/\/ru.law\/wp-content\/uploads\/2020\/09\/volkswagen-rueckruf-modell-1.jpg",1198,675,false],"thumbnail":["https:\/\/ru.law\/wp-content\/uploads\/2020\/09\/volkswagen-rueckruf-modell-1-150x150.jpg",96,96,true],"medium":["https:\/\/ru.law\/wp-content\/uploads\/2020\/09\/volkswagen-rueckruf-modell-1-300x169.jpg",300,169,true],"medium_large":["https:\/\/ru.law\/wp-content\/uploads\/2020\/09\/volkswagen-rueckruf-modell-1-768x433.jpg",768,433,true],"large":["https:\/\/ru.law\/wp-content\/uploads\/2020\/09\/volkswagen-rueckruf-modell-1-1024x577.jpg",1024,577,true],"1536x1536":["https:\/\/ru.law\/wp-content\/uploads\/2020\/09\/volkswagen-rueckruf-modell-1.jpg",1198,675,false],"2048x2048":["https:\/\/ru.law\/wp-content\/uploads\/2020\/09\/volkswagen-rueckruf-modell-1.jpg",1198,675,false],"trp-custom-language-flag":["https:\/\/ru.law\/wp-content\/uploads\/2020\/09\/volkswagen-rueckruf-modell-1.jpg",18,10,false]},"uagb_author_info":{"display_name":"Marco Rogert","author_link":"https:\/\/ru.law\/en\/author\/rogertru-law\/"},"uagb_comment_info":0,"uagb_excerpt":"Volkswagen Eos muss nochmal in die Werkstatt. Das Kraftfahrtbundesamt hat f\u00fcr ca. 5.800 Eos-Fahrer unter dem Code \u201e23AO\u201c einen weiteren sog. \u201e\u00dcberwachten R\u00fcckruf\u201c angeordnet. Aus [&hellip;]","_links":{"self":[{"href":"https:\/\/ru.law\/en\/wp-json\/wp\/v2\/posts\/6541","targetHints":{"allow":["GET"]}}],"collection":[{"href":"https:\/\/ru.law\/en\/wp-json\/wp\/v2\/posts"}],"about":[{"href":"https:\/\/ru.law\/en\/wp-json\/wp\/v2\/types\/post"}],"author":[{"embeddable":true,"href":"https:\/\/ru.law\/en\/wp-json\/wp\/v2\/users\/21"}],"replies":[{"embeddable":true,"href":"https:\/\/ru.law\/en\/wp-json\/wp\/v2\/comments?post=6541"}],"version-history":[{"count":0,"href":"https:\/\/ru.law\/en\/wp-json\/wp\/v2\/posts\/6541\/revisions"}],"wp:featuredmedia":[{"embeddable":true,"href":"https:\/\/ru.law\/en\/wp-json\/wp\/v2\/media\/7444"}],"wp:attachment":[{"href":"https:\/\/ru.law\/en\/wp-json\/wp\/v2\/media?parent=6541"}],"wp:term":[{"taxonomy":"category","embeddable":true,"href":"https:\/\/ru.law\/en\/wp-json\/wp\/v2\/categories?post=6541"},{"taxonomy":"post_tag","embeddable":true,"href":"https:\/\/ru.law\/en\/wp-json\/wp\/v2\/tags?post=6541"}],"curies":[{"name":"wp","href":"https:\/\/api.w.org\/{rel}","templated":true}]}}