{"id":62516,"date":"2023-09-21T09:37:02","date_gmt":"2023-09-21T07:37:02","guid":{"rendered":"https:\/\/ru.law\/?p=62516"},"modified":"2024-10-29T08:11:38","modified_gmt":"2024-10-29T07:11:38","slug":"dieselskandal-stilllegung-von-mercedes-benz-wegen-illegaler-manipulation-der-abgassoftware-moeglich","status":"publish","type":"post","link":"https:\/\/ru.law\/en\/dieselskandal-stilllegung-von-mercedes-benz-wegen-illegaler-manipulation-der-abgassoftware-moeglich\/","title":{"rendered":"Diesel scandal: Mercedes-Benz could be shut down due to illegal manipulation of emissions software"},"content":{"rendered":"<p>Since July, the Federal Motor Transport Authority (KBA) has been demanding clarification from Mercedes-Benz regarding critical and allegedly illegal defeat devices in the OM642 V6 diesel engine. The KBA has identified three defeat devices and classified them as &quot;critical or illegal.&quot;&nbsp;&nbsp;<\/p>\n\n\n\n<h2 class=\"wp-block-heading\" id=\"h-motor-om642-kba-bemangelt-3-abschalteinrichtungen\"><strong><strong>Engine OM642: KBA criticizes 3 defeat devices<\/strong><\/strong><\/h2>\n\n\n\n<p>One of the defeat devices limits the function of the emission control system to a specific temperature range, known as the &quot;thermal window,&quot; which has been declared illegal by the European Court of Justice. Another defeat device causes different amounts of the urea solution AdBlue to be injected into the emission control system depending on specific driving conditions. A third defeat device makes the effectiveness of the SCR catalyst dependent on the temperature of the intake air during emission control.<\/p>\n\n\n\n<h3 class=\"wp-block-heading\" id=\"h-insbesondere-e-klasse-limousinen-betroffen\">E-Class sedans particularly affected<\/h3>\n\n\n\n<p>This specific case involves a Mercedes E-Class 350 Blue TEC sedan with a Euro 6 diesel engine. According to the German Federal Motor Transport Authority (KBA), the model has been undergoing a voluntary software update program by the manufacturer since 2019. Vehicle manufacturers have offered voluntary service programs in the past, but these became mandatory after some time.<\/p>\n\n\n\n<p>The responsible authority can then enforce the compulsory decommissioning of your vehicle. If this is not done, there is a risk, in the worst case, that the affected vehicles will be banned from operation and decommissioned.<\/p>\n\n\n\n<p>The exact number of affected vehicles with the OM642 engine type is still unclear. However, the E-Class is one of the group&#039;s best-selling models in Germany. The automaker was supposed to notify the KBA of &quot;suitable remedial measures&quot; by July 27. However, the company has requested an extension.<\/p>\n\n\n\n<p>The Rogert &amp; Ulbrich law firm, considered pioneers in the emissions scandal, knows that the OM642 engine is not only installed in the E-Class. Your Mercedes could therefore also be affected.<\/p>\n\n\n\n<h3 class=\"wp-block-heading\" id=\"h-bgh-starkt-die-verbraucherrechte\"><strong>BGH strengthens consumer rights<\/strong><\/h3>\n\n\n\n<p>According to the Federal Court of Justice&#039;s ruling from June 2023, there are good prospects for compensation, as all manufacturers can already be held liable for the installation of illegal &quot;thermal windows&quot;, even if there is only negligence and no intent. <a href=\"http:\/\/juris.bundesgerichtshof.de\/cgi-bin\/rechtsprechung\/document.py?Gericht=bgh&amp;Art=pm&amp;Datum=2023&amp;nr=133943&amp;linked=urt&amp;Blank=1&amp;file=dokument.pdf\">(File number VIa ZR 1031\/22)<\/a>.<\/p>\n\n\n\n<h3 class=\"wp-block-heading\" id=\"h-finanzielles-desaster-fur-mercedes-benz\"><strong>Financial disaster for Mercedes-Benz<\/strong><\/h3>\n\n\n\n<p>The diesel scandal has already cost the automaker dearly. In 2019, the Stuttgart public prosecutor&#039;s office imposed a record fine of \u20ac870 million. Out-of-court settlements in the US cost approximately \u20ac1.3 billion. In addition, \u20ac590 million was paid in the US and \u20ac175 million in Canada to settle class action lawsuits.<\/p>\n\n\n\n<p>Therefore, according to its own annual reports, Mercedes-Benz Group AG, formerly Daimler AG, is making massive provisions for liability and litigation risks as well as regulatory proceedings:<\/p>\n\n\n\n<ul class=\"wp-block-list\">\n<li>\u20ac2.1 billion in 2018 <a href=\"https:\/\/group.mercedes-benz.com\/dokumente\/investoren\/berichte\/geschaeftsberichte\/daimler\/daimler-ir-geschaeftsbericht-2019-inkl-zusammengefasster-lagebericht-daimler-ag.pdf\">(Annual Report, page 88)<\/a><\/li>\n\n\n\n<li>\u20ac4.9 billion in 2019 <a href=\"https:\/\/group.mercedes-benz.com\/dokumente\/investoren\/berichte\/geschaeftsberichte\/daimler\/daimler-ir-geschaeftsbericht-2019-inkl-zusammengefasster-lagebericht-daimler-ag.pdf\">(Annual Report, page 88)<\/a><\/li>\n\n\n\n<li>\u20ac4.6 billion in 2020 <a href=\"https:\/\/group.mercedes-benz.com\/dokumente\/investoren\/berichte\/geschaeftsberichte\/daimler\/daimler-ir-geschaeftsbericht-2020-inkl-zusammengefasster-lagebericht-daimler-ag.pdf\">(Annual Report, page 67)<\/a><\/li>\n\n\n\n<li>\u20ac2.6 billion in 2021 <a href=\"https:\/\/group.mercedes-benz.com\/dokumente\/investoren\/berichte\/geschaeftsberichte\/mercedes-benz\/mercedes-benz-ir-geschaeftsbericht-2021-inkl-zusammengefasster-lagebericht-mbg-ag.pdf\">(Annual Report, page 83)<\/a><\/li>\n\n\n\n<li>\u20ac2.8 billion in 2022 <a href=\"https:\/\/group.mercedes-benz.com\/dokumente\/investoren\/berichte\/geschaeftsberichte\/mercedes-benz\/mercedes-benz-geschaeftsbericht-2022-inkl-zusammengefasster-lagebericht-mbg-ag.pdf\">(Annual Report, page 77)<\/a><\/li>\n<\/ul>\n\n\n\n<p><\/p>\n\n\n\n<h3 class=\"wp-block-heading\" id=\"h-veroffentlichung-samtlicher-abgasmessungen-gefordert\"><strong>Publication of all exhaust gas measurements required<\/strong><\/h3>\n\n\n\n<p>The law firm Rogert &amp; Ulbrich joins the appeal of the German Environmental Aid (DUH) and demands that the Federal Ministry of Transport publish all exhaust gas measurements and documents on \u201cofficially identified defeat devices\u201d in order to help the approximately 10 million owners of fraudulent diesel vehicles.<\/p>\n\n\n\n<h3 class=\"wp-block-heading\" id=\"h-veroffentlichung-samtlicher-abgasmessungen-gefordert-0\"><strong>Publication of all exhaust gas measurements required<\/strong><\/h3>\n\n\n\n<p>On September 21, 2023, the model declaratory action against Mercedes-Benz Group AG will enter the next round. The German Consumer Organization (vzbv) is suing on behalf of thousands of injured Mercedes-Benz owners who own a model with the OM651 engine type.<\/p>\n\n\n\n<h2 class=\"wp-block-heading\" id=\"h-rogert-amp-ulbrich-empfiehlt\">Rogert &amp; Ulbrich recommends <\/h2>\n\n\n\n<p><a href=\"https:\/\/ru.law\/en\/expertise\/abgasskandal\/mercedes-benz-diesel\/#modelle\">We will check for you free of charge whether your Mercedes model is affected by the diesel emissions scandal<\/a> and calculate the amount of your compensation claim. Contact us by phone without obligation. <a href=\"https:\/\/ru.law\/en\/expertise\/abgasskandal\/mercedes-benz-diesel\/#erstberatung\">We advise you free of charge and without obligation.<\/a><a id=\"_msocom_1\"><\/a><\/p>","protected":false},"excerpt":{"rendered":"<p>Seit Juli fordert das Kraftfahrtbundesamt (KBA) Aufkl\u00e4rung seitens Mercedes-Benz \u00fcber kritische und mutma\u00dflich unzul\u00e4ssige Abschalteinrichtungen des V6-Dieselmotors OM642. Das KBA hat 3 Abschalteinrichtungen identifiziert und [&hellip;]<\/p>\n","protected":false},"author":2,"featured_media":62540,"comment_status":"closed","ping_status":"open","sticky":false,"template":"","format":"standard","meta":{"_uag_custom_page_level_css":"","site-sidebar-layout":"default","site-content-layout":"","ast-site-content-layout":"default","site-content-style":"default","site-sidebar-style":"default","ast-global-header-display":"","ast-banner-title-visibility":"","ast-main-header-display":"","ast-hfb-above-header-display":"","ast-hfb-below-header-display":"","ast-hfb-mobile-header-display":"","site-post-title":"","ast-breadcrumbs-content":"","ast-featured-img":"","footer-sml-layout":"","ast-disable-related-posts":"","theme-transparent-header-meta":"","adv-header-id-meta":"","stick-header-meta":"","header-above-stick-meta":"","header-main-stick-meta":"","header-below-stick-meta":"","astra-migrate-meta-layouts":"set","ast-page-background-enabled":"default","ast-page-background-meta":{"desktop":{"background-color":"","background-image":"","background-repeat":"repeat","background-position":"center center","background-size":"auto","background-attachment":"scroll","background-type":"","background-media":"","overlay-type":"","overlay-color":"","overlay-opacity":"","overlay-gradient":""},"tablet":{"background-color":"","background-image":"","background-repeat":"repeat","background-position":"center center","background-size":"auto","background-attachment":"scroll","background-type":"","background-media":"","overlay-type":"","overlay-color":"","overlay-opacity":"","overlay-gradient":""},"mobile":{"background-color":"","background-image":"","background-repeat":"repeat","background-position":"center center","background-size":"auto","background-attachment":"scroll","background-type":"","background-media":"","overlay-type":"","overlay-color":"","overlay-opacity":"","overlay-gradient":""}},"ast-content-background-meta":{"desktop":{"background-color":"var(--ast-global-color-5)","background-image":"","background-repeat":"repeat","background-position":"center center","background-size":"auto","background-attachment":"scroll","background-type":"","background-media":"","overlay-type":"","overlay-color":"","overlay-opacity":"","overlay-gradient":""},"tablet":{"background-color":"var(--ast-global-color-5)","background-image":"","background-repeat":"repeat","background-position":"center center","background-size":"auto","background-attachment":"scroll","background-type":"","background-media":"","overlay-type":"","overlay-color":"","overlay-opacity":"","overlay-gradient":""},"mobile":{"background-color":"var(--ast-global-color-5)","background-image":"","background-repeat":"repeat","background-position":"center center","background-size":"auto","background-attachment":"scroll","background-type":"","background-media":"","overlay-type":"","overlay-color":"","overlay-opacity":"","overlay-gradient":""}},"footnotes":""},"categories":[2],"tags":[895,14,18,991,24,697,876,35,37,41],"class_list":["post-62516","post","type-post","status-publish","format-standard","has-post-thumbnail","hentry","category-abgasskandal","tag-abschalteinrichtung","tag-bgh","tag-daimler","tag-eugh","tag-euro-6","tag-kba","tag-mercedes-benz","tag-rueckruf","tag-schadensersatz","tag-thermofenster"],"yoast_head":"<!-- This site is optimized with the Yoast SEO Premium plugin v27.4 (Yoast SEO v27.4) - https:\/\/yoast.com\/product\/yoast-seo-premium-wordpress\/ -->\n<title>Dieselskandal: Stilllegung von Mercedes-Benz wegen illegaler Manipulation der Abgassoftware m\u00f6glich - R&amp;U<\/title>\n<meta name=\"description\" content=\"Eine m\u00f6gliche Entscheidung des EuGH ist von solcher Tragweite, dass sogar der BGH seine Verhandlungen verschiebt. Handeln Sie jetzt!\" \/>\n<meta name=\"robots\" content=\"index, follow, max-snippet:-1, max-image-preview:large, max-video-preview:-1\" \/>\n<link rel=\"canonical\" href=\"https:\/\/ru.law\/en\/dieselskandal-stilllegung-von-mercedes-benz-wegen-illegaler-manipulation-der-abgassoftware-moeglich\/\" \/>\n<meta property=\"og:locale\" content=\"en_GB\" \/>\n<meta property=\"og:type\" content=\"article\" \/>\n<meta property=\"og:title\" content=\"Dieselskandal: Stilllegung von Mercedes-Benz wegen illegaler Manipulation der Abgassoftware m\u00f6glich\" \/>\n<meta property=\"og:description\" content=\"Eine m\u00f6gliche Entscheidung des EuGH ist von solcher Tragweite, dass sogar der BGH seine Verhandlungen verschiebt. Handeln Sie jetzt!\" \/>\n<meta property=\"og:url\" content=\"https:\/\/ru.law\/en\/dieselskandal-stilllegung-von-mercedes-benz-wegen-illegaler-manipulation-der-abgassoftware-moeglich\/\" \/>\n<meta property=\"og:site_name\" content=\"R&amp;U\" \/>\n<meta property=\"article:publisher\" content=\"https:\/\/www.facebook.com\/RogertUlbrich\/\" \/>\n<meta property=\"article:published_time\" content=\"2023-09-21T07:37:02+00:00\" \/>\n<meta property=\"article:modified_time\" content=\"2024-10-29T07:11:38+00:00\" \/>\n<meta property=\"og:image\" content=\"https:\/\/ru.law\/wp-content\/uploads\/2023\/09\/dieselskandal_Kanzlei_rogert_ulbrich_mercedes-benz_kba_stilllegung_om642.jpg\" \/>\n\t<meta property=\"og:image:width\" content=\"1200\" \/>\n\t<meta property=\"og:image:height\" content=\"675\" \/>\n\t<meta property=\"og:image:type\" content=\"image\/jpeg\" \/>\n<meta name=\"author\" content=\"Stefan Selge\" \/>\n<meta name=\"twitter:card\" content=\"summary_large_image\" \/>\n<meta name=\"twitter:creator\" content=\"@RogertUlbrich\" \/>\n<meta name=\"twitter:site\" content=\"@RogertUlbrich\" \/>\n<script type=\"application\/ld+json\" class=\"yoast-schema-graph\">{\"@context\":\"https:\\\/\\\/schema.org\",\"@graph\":[{\"@type\":\"Article\",\"@id\":\"https:\\\/\\\/ru.law\\\/dieselskandal-stilllegung-von-mercedes-benz-wegen-illegaler-manipulation-der-abgassoftware-moeglich\\\/#article\",\"isPartOf\":{\"@id\":\"https:\\\/\\\/ru.law\\\/dieselskandal-stilllegung-von-mercedes-benz-wegen-illegaler-manipulation-der-abgassoftware-moeglich\\\/\"},\"author\":{\"name\":\"Stefan Selge\",\"@id\":\"https:\\\/\\\/ru.law\\\/#\\\/schema\\\/person\\\/10e5b85e615f8a9d0bb96174432e1e1a\"},\"headline\":\"Dieselskandal: Stilllegung von Mercedes-Benz wegen illegaler Manipulation der Abgassoftware m\u00f6glich\",\"datePublished\":\"2023-09-21T07:37:02+00:00\",\"dateModified\":\"2024-10-29T07:11:38+00:00\",\"mainEntityOfPage\":{\"@id\":\"https:\\\/\\\/ru.law\\\/dieselskandal-stilllegung-von-mercedes-benz-wegen-illegaler-manipulation-der-abgassoftware-moeglich\\\/\"},\"wordCount\":554,\"publisher\":{\"@id\":\"https:\\\/\\\/ru.law\\\/#organization\"},\"image\":{\"@id\":\"https:\\\/\\\/ru.law\\\/dieselskandal-stilllegung-von-mercedes-benz-wegen-illegaler-manipulation-der-abgassoftware-moeglich\\\/#primaryimage\"},\"thumbnailUrl\":\"https:\\\/\\\/ru.law\\\/wp-content\\\/uploads\\\/2023\\\/09\\\/dieselskandal_Kanzlei_rogert_ulbrich_mercedes-benz_kba_stilllegung_om642.jpg\",\"keywords\":[\"Abschalteinrichtung\",\"BGH\",\"Daimler\",\"EuGH\",\"Euro-6\",\"KBA\",\"Mercedes-Benz\",\"R\u00fcckruf\",\"Schadensersatz\",\"Thermofenster\"],\"articleSection\":[\"Abgasskandal\"],\"inLanguage\":\"en-GB\"},{\"@type\":\"WebPage\",\"@id\":\"https:\\\/\\\/ru.law\\\/dieselskandal-stilllegung-von-mercedes-benz-wegen-illegaler-manipulation-der-abgassoftware-moeglich\\\/\",\"url\":\"https:\\\/\\\/ru.law\\\/dieselskandal-stilllegung-von-mercedes-benz-wegen-illegaler-manipulation-der-abgassoftware-moeglich\\\/\",\"name\":\"Dieselskandal: Stilllegung von Mercedes-Benz wegen illegaler Manipulation der Abgassoftware m\u00f6glich - R&amp;U\",\"isPartOf\":{\"@id\":\"https:\\\/\\\/ru.law\\\/#website\"},\"primaryImageOfPage\":{\"@id\":\"https:\\\/\\\/ru.law\\\/dieselskandal-stilllegung-von-mercedes-benz-wegen-illegaler-manipulation-der-abgassoftware-moeglich\\\/#primaryimage\"},\"image\":{\"@id\":\"https:\\\/\\\/ru.law\\\/dieselskandal-stilllegung-von-mercedes-benz-wegen-illegaler-manipulation-der-abgassoftware-moeglich\\\/#primaryimage\"},\"thumbnailUrl\":\"https:\\\/\\\/ru.law\\\/wp-content\\\/uploads\\\/2023\\\/09\\\/dieselskandal_Kanzlei_rogert_ulbrich_mercedes-benz_kba_stilllegung_om642.jpg\",\"datePublished\":\"2023-09-21T07:37:02+00:00\",\"dateModified\":\"2024-10-29T07:11:38+00:00\",\"description\":\"Eine m\u00f6gliche Entscheidung des EuGH ist von solcher Tragweite, dass sogar der BGH seine Verhandlungen verschiebt. Handeln Sie jetzt!\",\"breadcrumb\":{\"@id\":\"https:\\\/\\\/ru.law\\\/dieselskandal-stilllegung-von-mercedes-benz-wegen-illegaler-manipulation-der-abgassoftware-moeglich\\\/#breadcrumb\"},\"inLanguage\":\"en-GB\",\"potentialAction\":[{\"@type\":\"ReadAction\",\"target\":[\"https:\\\/\\\/ru.law\\\/dieselskandal-stilllegung-von-mercedes-benz-wegen-illegaler-manipulation-der-abgassoftware-moeglich\\\/\"]}]},{\"@type\":\"ImageObject\",\"inLanguage\":\"en-GB\",\"@id\":\"https:\\\/\\\/ru.law\\\/dieselskandal-stilllegung-von-mercedes-benz-wegen-illegaler-manipulation-der-abgassoftware-moeglich\\\/#primaryimage\",\"url\":\"https:\\\/\\\/ru.law\\\/wp-content\\\/uploads\\\/2023\\\/09\\\/dieselskandal_Kanzlei_rogert_ulbrich_mercedes-benz_kba_stilllegung_om642.jpg\",\"contentUrl\":\"https:\\\/\\\/ru.law\\\/wp-content\\\/uploads\\\/2023\\\/09\\\/dieselskandal_Kanzlei_rogert_ulbrich_mercedes-benz_kba_stilllegung_om642.jpg\",\"width\":1200,\"height\":675},{\"@type\":\"BreadcrumbList\",\"@id\":\"https:\\\/\\\/ru.law\\\/dieselskandal-stilllegung-von-mercedes-benz-wegen-illegaler-manipulation-der-abgassoftware-moeglich\\\/#breadcrumb\",\"itemListElement\":[{\"@type\":\"ListItem\",\"position\":1,\"name\":\"Startseite\",\"item\":\"https:\\\/\\\/ru.law\\\/\"},{\"@type\":\"ListItem\",\"position\":2,\"name\":\"Dieselskandal: Stilllegung von Mercedes-Benz wegen illegaler Manipulation der Abgassoftware m\u00f6glich\"}]},{\"@type\":\"WebSite\",\"@id\":\"https:\\\/\\\/ru.law\\\/#website\",\"url\":\"https:\\\/\\\/ru.law\\\/\",\"name\":\"R&U\",\"description\":\"Verbraucheranw\u00e4lte\",\"publisher\":{\"@id\":\"https:\\\/\\\/ru.law\\\/#organization\"},\"alternateName\":\"Rogert & Ulbrich\",\"potentialAction\":[{\"@type\":\"SearchAction\",\"target\":{\"@type\":\"EntryPoint\",\"urlTemplate\":\"https:\\\/\\\/ru.law\\\/?s={search_term_string}\"},\"query-input\":{\"@type\":\"PropertyValueSpecification\",\"valueRequired\":true,\"valueName\":\"search_term_string\"}}],\"inLanguage\":\"en-GB\"},{\"@type\":\"Organization\",\"@id\":\"https:\\\/\\\/ru.law\\\/#organization\",\"name\":\"Kanzlei Rogert & Ulbrich\",\"url\":\"https:\\\/\\\/ru.law\\\/\",\"logo\":{\"@type\":\"ImageObject\",\"inLanguage\":\"en-GB\",\"@id\":\"https:\\\/\\\/ru.law\\\/#\\\/schema\\\/logo\\\/image\\\/\",\"url\":\"https:\\\/\\\/ru.law\\\/wp-content\\\/uploads\\\/2020\\\/12\\\/logo-ru-law.svg\",\"contentUrl\":\"https:\\\/\\\/ru.law\\\/wp-content\\\/uploads\\\/2020\\\/12\\\/logo-ru-law.svg\",\"width\":992,\"height\":259,\"caption\":\"Kanzlei Rogert & Ulbrich\"},\"image\":{\"@id\":\"https:\\\/\\\/ru.law\\\/#\\\/schema\\\/logo\\\/image\\\/\"},\"sameAs\":[\"https:\\\/\\\/www.facebook.com\\\/RogertUlbrich\\\/\",\"https:\\\/\\\/x.com\\\/RogertUlbrich\",\"https:\\\/\\\/www.instagram.com\\\/rogertulbrich\\\/\",\"https:\\\/\\\/www.linkedin.com\\\/company\\\/rogert-ulbrich\\\/\",\"https:\\\/\\\/www.youtube.com\\\/channel\\\/UCganCgpvwpPFqMFf1vVmG2A\"]},{\"@type\":\"Person\",\"@id\":\"https:\\\/\\\/ru.law\\\/#\\\/schema\\\/person\\\/10e5b85e615f8a9d0bb96174432e1e1a\",\"name\":\"Stefan Selge\",\"url\":\"https:\\\/\\\/ru.law\\\/en\\\/author\\\/selge\\\/\"}]}<\/script>\n<!-- \/ Yoast SEO Premium plugin. -->","yoast_head_json":{"title":"Diesel scandal: Mercedes-Benz vehicles could be taken off the road due to illegal manipulation of emissions software - R&amp;U","description":"A potential ECJ ruling is so far-reaching that even the Federal Court of Justice is postponing its hearings. Act now!","robots":{"index":"index","follow":"follow","max-snippet":"max-snippet:-1","max-image-preview":"max-image-preview:large","max-video-preview":"max-video-preview:-1"},"canonical":"https:\/\/ru.law\/en\/dieselskandal-stilllegung-von-mercedes-benz-wegen-illegaler-manipulation-der-abgassoftware-moeglich\/","og_locale":"en_GB","og_type":"article","og_title":"Dieselskandal: Stilllegung von Mercedes-Benz wegen illegaler Manipulation der Abgassoftware m\u00f6glich","og_description":"Eine m\u00f6gliche Entscheidung des EuGH ist von solcher Tragweite, dass sogar der BGH seine Verhandlungen verschiebt. Handeln Sie jetzt!","og_url":"https:\/\/ru.law\/en\/dieselskandal-stilllegung-von-mercedes-benz-wegen-illegaler-manipulation-der-abgassoftware-moeglich\/","og_site_name":"R&amp;U","article_publisher":"https:\/\/www.facebook.com\/RogertUlbrich\/","article_published_time":"2023-09-21T07:37:02+00:00","article_modified_time":"2024-10-29T07:11:38+00:00","og_image":[{"width":1200,"height":675,"url":"https:\/\/ru.law\/wp-content\/uploads\/2023\/09\/dieselskandal_Kanzlei_rogert_ulbrich_mercedes-benz_kba_stilllegung_om642.jpg","type":"image\/jpeg"}],"author":"Stefan Selge","twitter_card":"summary_large_image","twitter_creator":"@RogertUlbrich","twitter_site":"@RogertUlbrich","schema":{"@context":"https:\/\/schema.org","@graph":[{"@type":"Article","@id":"https:\/\/ru.law\/dieselskandal-stilllegung-von-mercedes-benz-wegen-illegaler-manipulation-der-abgassoftware-moeglich\/#article","isPartOf":{"@id":"https:\/\/ru.law\/dieselskandal-stilllegung-von-mercedes-benz-wegen-illegaler-manipulation-der-abgassoftware-moeglich\/"},"author":{"name":"Stefan Selge","@id":"https:\/\/ru.law\/#\/schema\/person\/10e5b85e615f8a9d0bb96174432e1e1a"},"headline":"Dieselskandal: Stilllegung von Mercedes-Benz wegen illegaler Manipulation der Abgassoftware m\u00f6glich","datePublished":"2023-09-21T07:37:02+00:00","dateModified":"2024-10-29T07:11:38+00:00","mainEntityOfPage":{"@id":"https:\/\/ru.law\/dieselskandal-stilllegung-von-mercedes-benz-wegen-illegaler-manipulation-der-abgassoftware-moeglich\/"},"wordCount":554,"publisher":{"@id":"https:\/\/ru.law\/#organization"},"image":{"@id":"https:\/\/ru.law\/dieselskandal-stilllegung-von-mercedes-benz-wegen-illegaler-manipulation-der-abgassoftware-moeglich\/#primaryimage"},"thumbnailUrl":"https:\/\/ru.law\/wp-content\/uploads\/2023\/09\/dieselskandal_Kanzlei_rogert_ulbrich_mercedes-benz_kba_stilllegung_om642.jpg","keywords":["Abschalteinrichtung","BGH","Daimler","EuGH","Euro-6","KBA","Mercedes-Benz","R\u00fcckruf","Schadensersatz","Thermofenster"],"articleSection":["Abgasskandal"],"inLanguage":"en-GB"},{"@type":"WebPage","@id":"https:\/\/ru.law\/dieselskandal-stilllegung-von-mercedes-benz-wegen-illegaler-manipulation-der-abgassoftware-moeglich\/","url":"https:\/\/ru.law\/dieselskandal-stilllegung-von-mercedes-benz-wegen-illegaler-manipulation-der-abgassoftware-moeglich\/","name":"Diesel scandal: Mercedes-Benz vehicles could be taken off the road due to illegal manipulation of emissions software - R&amp;U","isPartOf":{"@id":"https:\/\/ru.law\/#website"},"primaryImageOfPage":{"@id":"https:\/\/ru.law\/dieselskandal-stilllegung-von-mercedes-benz-wegen-illegaler-manipulation-der-abgassoftware-moeglich\/#primaryimage"},"image":{"@id":"https:\/\/ru.law\/dieselskandal-stilllegung-von-mercedes-benz-wegen-illegaler-manipulation-der-abgassoftware-moeglich\/#primaryimage"},"thumbnailUrl":"https:\/\/ru.law\/wp-content\/uploads\/2023\/09\/dieselskandal_Kanzlei_rogert_ulbrich_mercedes-benz_kba_stilllegung_om642.jpg","datePublished":"2023-09-21T07:37:02+00:00","dateModified":"2024-10-29T07:11:38+00:00","description":"A potential ECJ ruling is so far-reaching that even the Federal Court of Justice is postponing its hearings. Act now!","breadcrumb":{"@id":"https:\/\/ru.law\/dieselskandal-stilllegung-von-mercedes-benz-wegen-illegaler-manipulation-der-abgassoftware-moeglich\/#breadcrumb"},"inLanguage":"en-GB","potentialAction":[{"@type":"ReadAction","target":["https:\/\/ru.law\/dieselskandal-stilllegung-von-mercedes-benz-wegen-illegaler-manipulation-der-abgassoftware-moeglich\/"]}]},{"@type":"ImageObject","inLanguage":"en-GB","@id":"https:\/\/ru.law\/dieselskandal-stilllegung-von-mercedes-benz-wegen-illegaler-manipulation-der-abgassoftware-moeglich\/#primaryimage","url":"https:\/\/ru.law\/wp-content\/uploads\/2023\/09\/dieselskandal_Kanzlei_rogert_ulbrich_mercedes-benz_kba_stilllegung_om642.jpg","contentUrl":"https:\/\/ru.law\/wp-content\/uploads\/2023\/09\/dieselskandal_Kanzlei_rogert_ulbrich_mercedes-benz_kba_stilllegung_om642.jpg","width":1200,"height":675},{"@type":"BreadcrumbList","@id":"https:\/\/ru.law\/dieselskandal-stilllegung-von-mercedes-benz-wegen-illegaler-manipulation-der-abgassoftware-moeglich\/#breadcrumb","itemListElement":[{"@type":"ListItem","position":1,"name":"Startseite","item":"https:\/\/ru.law\/"},{"@type":"ListItem","position":2,"name":"Dieselskandal: Stilllegung von Mercedes-Benz wegen illegaler Manipulation der Abgassoftware m\u00f6glich"}]},{"@type":"WebSite","@id":"https:\/\/ru.law\/#website","url":"https:\/\/ru.law\/","name":"R&amp;U","description":"Consumer lawyers","publisher":{"@id":"https:\/\/ru.law\/#organization"},"alternateName":"Rogert & Ulbrich","potentialAction":[{"@type":"SearchAction","target":{"@type":"EntryPoint","urlTemplate":"https:\/\/ru.law\/?s={search_term_string}"},"query-input":{"@type":"PropertyValueSpecification","valueRequired":true,"valueName":"search_term_string"}}],"inLanguage":"en-GB"},{"@type":"Organization","@id":"https:\/\/ru.law\/#organization","name":"Rogert &amp; Ulbrich Law Firm","url":"https:\/\/ru.law\/","logo":{"@type":"ImageObject","inLanguage":"en-GB","@id":"https:\/\/ru.law\/#\/schema\/logo\/image\/","url":"https:\/\/ru.law\/wp-content\/uploads\/2020\/12\/logo-ru-law.svg","contentUrl":"https:\/\/ru.law\/wp-content\/uploads\/2020\/12\/logo-ru-law.svg","width":992,"height":259,"caption":"Kanzlei Rogert & Ulbrich"},"image":{"@id":"https:\/\/ru.law\/#\/schema\/logo\/image\/"},"sameAs":["https:\/\/www.facebook.com\/RogertUlbrich\/","https:\/\/x.com\/RogertUlbrich","https:\/\/www.instagram.com\/rogertulbrich\/","https:\/\/www.linkedin.com\/company\/rogert-ulbrich\/","https:\/\/www.youtube.com\/channel\/UCganCgpvwpPFqMFf1vVmG2A"]},{"@type":"Person","@id":"https:\/\/ru.law\/#\/schema\/person\/10e5b85e615f8a9d0bb96174432e1e1a","name":"Stefan Selge","url":"https:\/\/ru.law\/en\/author\/selge\/"}]}},"uagb_featured_image_src":{"full":["https:\/\/ru.law\/wp-content\/uploads\/2023\/09\/dieselskandal_Kanzlei_rogert_ulbrich_mercedes-benz_kba_stilllegung_om642.jpg",1200,675,false],"thumbnail":["https:\/\/ru.law\/wp-content\/uploads\/2023\/09\/dieselskandal_Kanzlei_rogert_ulbrich_mercedes-benz_kba_stilllegung_om642.jpg",128,72,false],"medium":["https:\/\/ru.law\/wp-content\/uploads\/2023\/09\/dieselskandal_Kanzlei_rogert_ulbrich_mercedes-benz_kba_stilllegung_om642.jpg",1200,675,false],"medium_large":["https:\/\/ru.law\/wp-content\/uploads\/2023\/09\/dieselskandal_Kanzlei_rogert_ulbrich_mercedes-benz_kba_stilllegung_om642-768x432.jpg",768,432,true],"large":["https:\/\/ru.law\/wp-content\/uploads\/2023\/09\/dieselskandal_Kanzlei_rogert_ulbrich_mercedes-benz_kba_stilllegung_om642.jpg",1200,675,false],"1536x1536":["https:\/\/ru.law\/wp-content\/uploads\/2023\/09\/dieselskandal_Kanzlei_rogert_ulbrich_mercedes-benz_kba_stilllegung_om642.jpg",1200,675,false],"2048x2048":["https:\/\/ru.law\/wp-content\/uploads\/2023\/09\/dieselskandal_Kanzlei_rogert_ulbrich_mercedes-benz_kba_stilllegung_om642.jpg",1200,675,false],"trp-custom-language-flag":["https:\/\/ru.law\/wp-content\/uploads\/2023\/09\/dieselskandal_Kanzlei_rogert_ulbrich_mercedes-benz_kba_stilllegung_om642.jpg",18,10,false]},"uagb_author_info":{"display_name":"Stefan Selge","author_link":"https:\/\/ru.law\/en\/author\/selge\/"},"uagb_comment_info":0,"uagb_excerpt":"Seit Juli fordert das Kraftfahrtbundesamt (KBA) Aufkl\u00e4rung seitens Mercedes-Benz \u00fcber kritische und mutma\u00dflich unzul\u00e4ssige Abschalteinrichtungen des V6-Dieselmotors OM642. Das KBA hat 3 Abschalteinrichtungen identifiziert und [&hellip;]","_links":{"self":[{"href":"https:\/\/ru.law\/en\/wp-json\/wp\/v2\/posts\/62516","targetHints":{"allow":["GET"]}}],"collection":[{"href":"https:\/\/ru.law\/en\/wp-json\/wp\/v2\/posts"}],"about":[{"href":"https:\/\/ru.law\/en\/wp-json\/wp\/v2\/types\/post"}],"author":[{"embeddable":true,"href":"https:\/\/ru.law\/en\/wp-json\/wp\/v2\/users\/2"}],"replies":[{"embeddable":true,"href":"https:\/\/ru.law\/en\/wp-json\/wp\/v2\/comments?post=62516"}],"version-history":[{"count":0,"href":"https:\/\/ru.law\/en\/wp-json\/wp\/v2\/posts\/62516\/revisions"}],"wp:featuredmedia":[{"embeddable":true,"href":"https:\/\/ru.law\/en\/wp-json\/wp\/v2\/media\/62540"}],"wp:attachment":[{"href":"https:\/\/ru.law\/en\/wp-json\/wp\/v2\/media?parent=62516"}],"wp:term":[{"taxonomy":"category","embeddable":true,"href":"https:\/\/ru.law\/en\/wp-json\/wp\/v2\/categories?post=62516"},{"taxonomy":"post_tag","embeddable":true,"href":"https:\/\/ru.law\/en\/wp-json\/wp\/v2\/tags?post=62516"}],"curies":[{"name":"wp","href":"https:\/\/api.w.org\/{rel}","templated":true}]}}