{"id":6187,"date":"2020-04-30T10:04:47","date_gmt":"2020-04-30T08:04:47","guid":{"rendered":"https:\/\/www.rogertulbrich.de\/wp\/?p=6187"},"modified":"2024-07-08T13:13:10","modified_gmt":"2024-07-08T11:13:10","slug":"abgasskandal-vor-dem-europaeischen-gerichtshof","status":"publish","type":"post","link":"https:\/\/ru.law\/en\/abgasskandal-vor-dem-europaeischen-gerichtshof\/","title":{"rendered":"emissions scandal before the European Court of Justice"},"content":{"rendered":"<h2 class=\"wp-block-heading\" id=\"h-eugh-generalanwaltin-erklart-abschalteinrichtungen-fur-illegal\">ECJ Advocate General declares defeat devices illegal.<\/h2>\n\n\n\n<p>Now things are getting tight for car manufacturers. In her final submission to the European Court of Justice (ECJ), Advocate General Eleanor Sharpston declared defeat devices in diesel vehicles to be inadmissible; exceptions also only apply within a very narrow framework. Although this does not mean that a verdict has been made, ECJ judges usually follow the request of the Attorney General and tend to rule in a more consumer-friendly manner.<\/p>\n\n\n\n<p><a href=\"https:\/\/ru.law\/en\/zykluserkennung-thermofenster-co\/\">shutdown devices<\/a> to manipulate the exhaust gas purification in diesel vehicles are not permitted. Following numerous German regional and higher regional courts, the Advocate General at the ECJ has now also followed this legal opinion. In her opinion (reference number C-693\/18), she referred to European Regulation 715\/2007. This prohibits the use of defeat devices that reduce the effectiveness of emission control systems under normal conditions of use.<\/p>\n\n\n\n<h3 class=\"wp-block-heading\" id=\"h-autohersteller-mussen-fur-die-einhaltung-der-grenzwerte-sorgen\">Car manufacturers must ensure compliance with the limits<\/h3>\n\n\n\n<p>However, under Article 3, No. 10, the EU regulation provides for exceptions: namely when it comes to driving safety and protecting the engine from damage. Numerous car manufacturers rely on these exceptions to justify manipulating exhaust gas purification through cycle recognition or thermal windows. However, according to Eleanor Sharpston, these exceptions should be interpreted narrowly: &quot;They only cover protecting the engine from immediate or sudden damage (and not from long-term effects such as wear and tear or loss of value).&quot; In addition, car manufacturers must ensure that vehicles comply with the prescribed emission limits throughout their normal operation.<\/p>\n\n\n\n\n\n<h3 class=\"wp-block-heading\" id=\"h-diese-fragen-mussen-im-abgasskandal-vom-eugh-geklart-werden\">These questions must be clarified by the ECJ in the emissions scandal<\/h3>\n\n\n\n<p>The proceedings before the highest European court were initiated by a judge of the Tribunal de Grande Instance de Paris. In the context of proceedings against <a href=\"https:\/\/ru.law\/en\/expertise\/abgasskandal\/vw-diesel\/\">VW<\/a> he referred key questions to the ECJ for clarification:<\/p>\n\n\n\n<ul class=\"wp-block-list\"><li>Did the car manufacturer use an illegal defeat device?<\/li><li>Has this led to increased NOx emissions in road traffic?<\/li><li>Did the car buyer suffer any damage as a result?<\/li><li>Under what conditions may defeat devices be activated.<\/li><\/ul>\n\n\n\n<h3 class=\"wp-block-heading\" id=\"h-9-verfahren-zum-abgasskandal-beim-eugh\">9 proceedings on the emissions scandal at the ECJ<\/h3>\n\n\n\n<p>A ruling from Luxembourg is not expected for several weeks, but the opinion of the Advocate General will also have an impact on the remaining nine cases in the emissions scandal that are still pending before the ECJ. These cases concern, among other things, the legality of thermal windows at Porsche, the legal conformity of software updates and the question of whether injured consumers must pay compensation for use.<\/p>\n\n\n\n<div class=\"wp-block-columns header__gradient_blog ghostkit-custom-xNr4Y is-layout-flex wp-container-core-columns-is-layout-28f84493 wp-block-columns-is-layout-flex\">\n<div class=\"wp-block-column is-vertically-aligned-top is-layout-flow wp-block-column-is-layout-flow\" style=\"flex-basis:20%\">\n<figure class=\"wp-block-image size-large zitat\"><img decoding=\"async\" src=\"https:\/\/www.rogertulbrich.de\/wp\/wp-content\/uploads\/2020\/07\/marco_rogert_handy-2.jpg\" alt=\"\" class=\"wp-image-749\" \/><\/figure>\n<\/div>\n\n\n\n<div class=\"wp-block-column is-vertically-aligned-center ghostkit-custom-1SOwj2 is-layout-flow wp-block-column-is-layout-flow\" style=\"flex-basis:80%\">\n<p>&quot;The Attorney General in Luxembourg has answered these questions with a clear message to the automotive industry - not just to VW, but to all manufacturers. Her vote can already be seen as a preliminary decision and is likely to set the tone for many important decisions in the emissions scandal, especially that of the Federal Court of Justice on May 5. Things are now getting serious for the car manufacturers. We recommend that all victims who have not reached a settlement with VW seek legal advice now and use their opportunity to reverse the car purchase.&quot;<\/p>\n\n\n\n<p class=\"has-text-align-left\">Partner Dr. Marco Rogert <\/p>\n<\/div>\n<\/div>\n\n\n\n<section class=\"wp-block-uagb-columns uagb-columns__wrap uagb-columns__background-undefined uagb-columns__stack-mobile uagb-columns__valign-undefined uagb-columns__gap-10 alignundefined uagb-block-a63b8d4d contrast blog_beitraege\"><div class=\"uagb-columns__overlay\"><\/div><div class=\"uagb-columns__inner-wrap uagb-columns__columns-1\">\n<div class=\"wp-block-uagb-column uagb-column__wrap uagb-column__background-undefined uagb-block-6e00ddba\"><div class=\"uagb-column__overlay\"><\/div><div class=\"uagb-column__inner-wrap\">\n<h3 class=\"wp-block-heading\" id=\"das-konnte-sie-auch-interessieren\">You might also be interested in:<\/h3>\n\n\n\n\t\t\t<div class=\"wp-block-uagb-post-grid uagb-post-grid  uagb-post__image-position-top uagb-post__image-enabled uagb-block-ff875f2e     uagb-post__items uagb-post__columns-3 is-grid uagb-post__columns-tablet-2 uagb-post__columns-mobile-1 uagb-post__equal-height\" data-total=\"3\" style=\"\">\n\n\t\t\t\t\t\t\t\t\t\t\t\t<article class=\"uagb-post__inner-wrap\">\t\t\t\t\t\t\t\t<div class='uagb-post__image'>\n\t\t\t\t\t\t\t\t\t<a href=\"https:\/\/ru.law\/en\/diesel-ueberholt-benzinpreis-jetzt-erst-recht\/\" target=\"_self\" rel=\"bookmark noopener noreferrer\" class='uagb-image-ratio-inherit'><img loading=\"lazy\" decoding=\"async\" width=\"1024\" height=\"576\" src=\"https:\/\/ru.law\/wp-content\/uploads\/2022\/03\/2021-News-Header-1200x675-2972-1024x576.jpg\" class=\"attachment-large size-large\" alt=\"Rogert-Ulbrich-Rechtsanwaelte-Kanzlei-Diesel-Benzin-Preise\" srcset=\"https:\/\/ru.law\/wp-content\/uploads\/2022\/03\/2021-News-Header-1200x675-2972-1024x576.jpg 1024w, https:\/\/ru.law\/wp-content\/uploads\/2022\/03\/2021-News-Header-1200x675-2972-300x169.jpg 300w, https:\/\/ru.law\/wp-content\/uploads\/2022\/03\/2021-News-Header-1200x675-2972-768x432.jpg 768w, https:\/\/ru.law\/wp-content\/uploads\/2022\/03\/2021-News-Header-1200x675-2972.jpg 1200w\" sizes=\"auto, (max-width: 1024px) 100vw, 1024px\" \/>\t\t\t\t\t<\/a>\n\t\t\t\t\t\t\t<\/div>\n\t\t\t\t\t\t<h4 class=\"uagb-post__title uagb-post__text\">\n\t\t\t\t<a href=\"https:\/\/ru.law\/en\/diesel-ueberholt-benzinpreis-jetzt-erst-recht\/\" target=\"_self\" rel=\"bookmark noopener noreferrer\">Record prices for diesel - Now is the time to reverse your car<\/a>\n\t\t\t<\/h4>\n\t\t\t\t\t\t<div class='uagb-post__text uagb-post-grid-byline'>\n\t\t\t\t\t\t\t<\/div>\n\t\t\t\t\t\t\t<div class='uagb-post__text uagb-post__excerpt'>\n\t\t\t\t\t<p>Diesel is at a record high in Germany and petrol is also approaching a\u2026\t\t\t\t<\/div>\n\t\t\t\t\t\t<div class=\"uagb-post__text uagb-post__cta wp-block-button\">\n\t\t\t\t<a class=\"wp-block-button__link uagb-text-link\" style=\"\" href=\"https:\/\/ru.law\/en\/diesel-ueberholt-benzinpreis-jetzt-erst-recht\/\" target=\"_self\" rel=\"bookmark noopener noreferrer\">Read More<\/a>\n\t\t\t<\/div>\n\t\t\t\n\t\t\t\t\t\t\t\t<a class=\"uagb-post__link-complete-box\" href=\"https:\/\/ru.law\/en\/diesel-ueberholt-benzinpreis-jetzt-erst-recht\/\" target=\"_self\" rel=\"bookmark noopener noreferrer\"><\/a>\n\t\t\t\t\t\t\t<\/article>\n\t\t\t\t\t\t\t\t\t\t\t\t\t\t\t\t<article class=\"uagb-post__inner-wrap\">\t\t\t\t\t\t\t\t<div class='uagb-post__image'>\n\t\t\t\t\t\t\t\t\t<a href=\"https:\/\/ru.law\/en\/vtdi-abgasskandal-rund-um-vw-audi-und-porsche\/\" target=\"_self\" rel=\"bookmark noopener noreferrer\" class='uagb-image-ratio-inherit'><img loading=\"lazy\" decoding=\"async\" width=\"1024\" height=\"576\" src=\"https:\/\/ru.law\/wp-content\/uploads\/2022\/01\/Rogert-Ulbrich-Rechtsanwaelte-Kanzlei-Abgasskandal-Audi-Verjaehrung-2022-1024x576.jpg\" class=\"attachment-large size-large\" alt=\"\" srcset=\"https:\/\/ru.law\/wp-content\/uploads\/2022\/01\/Rogert-Ulbrich-Rechtsanwaelte-Kanzlei-Abgasskandal-Audi-Verjaehrung-2022-1024x576.jpg 1024w, https:\/\/ru.law\/wp-content\/uploads\/2022\/01\/Rogert-Ulbrich-Rechtsanwaelte-Kanzlei-Abgasskandal-Audi-Verjaehrung-2022-300x169.jpg 300w, https:\/\/ru.law\/wp-content\/uploads\/2022\/01\/Rogert-Ulbrich-Rechtsanwaelte-Kanzlei-Abgasskandal-Audi-Verjaehrung-2022-768x432.jpg 768w, https:\/\/ru.law\/wp-content\/uploads\/2022\/01\/Rogert-Ulbrich-Rechtsanwaelte-Kanzlei-Abgasskandal-Audi-Verjaehrung-2022.jpg 1200w\" sizes=\"auto, (max-width: 1024px) 100vw, 1024px\" \/>\t\t\t\t\t<\/a>\n\t\t\t\t\t\t\t<\/div>\n\t\t\t\t\t\t<h4 class=\"uagb-post__title uagb-post__text\">\n\t\t\t\t<a href=\"https:\/\/ru.law\/en\/vtdi-abgasskandal-rund-um-vw-audi-und-porsche\/\" target=\"_self\" rel=\"bookmark noopener noreferrer\">VTDI emissions scandal involving VW, Audi and Porsche<\/a>\n\t\t\t<\/h4>\n\t\t\t\t\t\t<div class='uagb-post__text uagb-post-grid-byline'>\n\t\t\t\t\t\t\t<\/div>\n\t\t\t\t\t\t\t<div class='uagb-post__text uagb-post__excerpt'>\n\t\t\t\t\t<p>For many German car manufacturers, the diesel emissions scandal is still omnipresent, including the VW Group\u2026\t\t\t\t<\/div>\n\t\t\t\t\t\t<div class=\"uagb-post__text uagb-post__cta wp-block-button\">\n\t\t\t\t<a class=\"wp-block-button__link uagb-text-link\" style=\"\" href=\"https:\/\/ru.law\/en\/vtdi-abgasskandal-rund-um-vw-audi-und-porsche\/\" target=\"_self\" rel=\"bookmark noopener noreferrer\">Read More<\/a>\n\t\t\t<\/div>\n\t\t\t\n\t\t\t\t\t\t\t\t<a class=\"uagb-post__link-complete-box\" href=\"https:\/\/ru.law\/en\/vtdi-abgasskandal-rund-um-vw-audi-und-porsche\/\" target=\"_self\" rel=\"bookmark noopener noreferrer\"><\/a>\n\t\t\t\t\t\t\t<\/article>\n\t\t\t\t\t\t\t\t\t\t\t\t\t\t\t\t<article class=\"uagb-post__inner-wrap\">\t\t\t\t\t\t\t\t<div class='uagb-post__image'>\n\t\t\t\t\t\t\t\t\t<a href=\"https:\/\/ru.law\/en\/olg-koeln-verurteilt-audi-ag\/\" target=\"_self\" rel=\"bookmark noopener noreferrer\" class='uagb-image-ratio-inherit'><img loading=\"lazy\" decoding=\"async\" width=\"1024\" height=\"576\" src=\"https:\/\/ru.law\/wp-content\/uploads\/2021\/09\/rogert-ulbrich-rechtsanwalt-kanzlei-abgasskandal-premium-modelle-porsche-42l-1024x576.jpg\" class=\"attachment-large size-large\" alt=\"\" srcset=\"https:\/\/ru.law\/wp-content\/uploads\/2021\/09\/rogert-ulbrich-rechtsanwalt-kanzlei-abgasskandal-premium-modelle-porsche-42l-1024x576.jpg 1024w, https:\/\/ru.law\/wp-content\/uploads\/2021\/09\/rogert-ulbrich-rechtsanwalt-kanzlei-abgasskandal-premium-modelle-porsche-42l-300x169.jpg 300w, https:\/\/ru.law\/wp-content\/uploads\/2021\/09\/rogert-ulbrich-rechtsanwalt-kanzlei-abgasskandal-premium-modelle-porsche-42l-768x432.jpg 768w, https:\/\/ru.law\/wp-content\/uploads\/2021\/09\/rogert-ulbrich-rechtsanwalt-kanzlei-abgasskandal-premium-modelle-porsche-42l.jpg 1200w\" sizes=\"auto, (max-width: 1024px) 100vw, 1024px\" \/>\t\t\t\t\t<\/a>\n\t\t\t\t\t\t\t<\/div>\n\t\t\t\t\t\t<h4 class=\"uagb-post__title uagb-post__text\">\n\t\t\t\t<a href=\"https:\/\/ru.law\/en\/olg-koeln-verurteilt-audi-ag\/\" target=\"_self\" rel=\"bookmark noopener noreferrer\">Audi AG ordered to take back a Porsche Cayenne S<\/a>\n\t\t\t<\/h4>\n\t\t\t\t\t\t<div class='uagb-post__text uagb-post-grid-byline'>\n\t\t\t\t\t\t\t<\/div>\n\t\t\t\t\t\t\t<div class='uagb-post__text uagb-post__excerpt'>\n\t\t\t\t\t<p>Audi AG was ordered by the Cologne Higher Regional Court to take back a Porsche Cayenne S 4.2l\u2026.\t\t\t\t<\/div>\n\t\t\t\t\t\t<div class=\"uagb-post__text uagb-post__cta wp-block-button\">\n\t\t\t\t<a class=\"wp-block-button__link uagb-text-link\" style=\"\" href=\"https:\/\/ru.law\/en\/olg-koeln-verurteilt-audi-ag\/\" target=\"_self\" rel=\"bookmark noopener noreferrer\">Read More<\/a>\n\t\t\t<\/div>\n\t\t\t\n\t\t\t\t\t\t\t\t<a class=\"uagb-post__link-complete-box\" href=\"https:\/\/ru.law\/en\/olg-koeln-verurteilt-audi-ag\/\" target=\"_self\" rel=\"bookmark noopener noreferrer\"><\/a>\n\t\t\t\t\t\t\t<\/article>\n\t\t\t\t\t\t\t\t\t\t\t<\/div>\n\t\t\t\n\n\n<p><\/p>\n<\/div><\/div>\n<\/div><\/section>","protected":false},"excerpt":{"rendered":"<p>EuGH-Generalanw\u00e4ltin erkl\u00e4rt Abschalteinrichtungen f\u00fcr illegal. Jetzt wird es eng f\u00fcr die Autohersteller. In ihrem Schlussantrag vor dem Europ\u00e4ischen Gerichtshof (EuGH) hat die Generalanw\u00e4ltin Eleanor Sharpston [&hellip;]<\/p>\n","protected":false},"author":21,"featured_media":7602,"comment_status":"closed","ping_status":"open","sticky":false,"template":"","format":"standard","meta":{"_uag_custom_page_level_css":"","site-sidebar-layout":"default","site-content-layout":"default","ast-site-content-layout":"default","site-content-style":"default","site-sidebar-style":"default","ast-global-header-display":"","ast-banner-title-visibility":"","ast-main-header-display":"","ast-hfb-above-header-display":"","ast-hfb-below-header-display":"","ast-hfb-mobile-header-display":"","site-post-title":"","ast-breadcrumbs-content":"","ast-featured-img":"","footer-sml-layout":"","ast-disable-related-posts":"","theme-transparent-header-meta":"default","adv-header-id-meta":"","stick-header-meta":"","header-above-stick-meta":"","header-main-stick-meta":"","header-below-stick-meta":"","astra-migrate-meta-layouts":"default","ast-page-background-enabled":"default","ast-page-background-meta":{"desktop":{"background-color":"","background-image":"","background-repeat":"repeat","background-position":"center center","background-size":"auto","background-attachment":"scroll","background-type":"","background-media":"","overlay-type":"","overlay-color":"","overlay-opacity":"","overlay-gradient":""},"tablet":{"background-color":"","background-image":"","background-repeat":"repeat","background-position":"center center","background-size":"auto","background-attachment":"scroll","background-type":"","background-media":"","overlay-type":"","overlay-color":"","overlay-opacity":"","overlay-gradient":""},"mobile":{"background-color":"","background-image":"","background-repeat":"repeat","background-position":"center center","background-size":"auto","background-attachment":"scroll","background-type":"","background-media":"","overlay-type":"","overlay-color":"","overlay-opacity":"","overlay-gradient":""}},"ast-content-background-meta":{"desktop":{"background-color":"var(--ast-global-color-5)","background-image":"","background-repeat":"repeat","background-position":"center center","background-size":"auto","background-attachment":"scroll","background-type":"","background-media":"","overlay-type":"","overlay-color":"","overlay-opacity":"","overlay-gradient":""},"tablet":{"background-color":"var(--ast-global-color-5)","background-image":"","background-repeat":"repeat","background-position":"center center","background-size":"auto","background-attachment":"scroll","background-type":"","background-media":"","overlay-type":"","overlay-color":"","overlay-opacity":"","overlay-gradient":""},"mobile":{"background-color":"var(--ast-global-color-5)","background-image":"","background-repeat":"repeat","background-position":"center center","background-size":"auto","background-attachment":"scroll","background-type":"","background-media":"","overlay-type":"","overlay-color":"","overlay-opacity":"","overlay-gradient":""}},"footnotes":""},"categories":[2,507],"tags":[],"class_list":["post-6187","post","type-post","status-publish","format-standard","has-post-thumbnail","hentry","category-abgasskandal","category-urteile"],"yoast_head":"<!-- This site is optimized with the Yoast SEO Premium plugin v27.4 (Yoast SEO v27.4) - https:\/\/yoast.com\/product\/yoast-seo-premium-wordpress\/ -->\n<title>Abgasskandal vor dem Europ\u00e4ischen Gerichtshof - R&amp;U<\/title>\n<meta name=\"description\" content=\"Jetzt wird es eng f\u00fcr die Autohersteller: EuGH Generalanw\u00e4ltin erkl\u00e4rt Abschalteinrichtungen vor dem Europ\u00e4ischen Gerichtshof f\u00fcr illegal.\" \/>\n<meta name=\"robots\" content=\"index, follow, max-snippet:-1, max-image-preview:large, max-video-preview:-1\" \/>\n<link rel=\"canonical\" href=\"https:\/\/ru.law\/en\/abgasskandal-vor-dem-europaeischen-gerichtshof\/\" \/>\n<meta property=\"og:locale\" content=\"en_GB\" \/>\n<meta property=\"og:type\" content=\"article\" \/>\n<meta property=\"og:title\" content=\"Abgasskandal vor dem Europ\u00e4ischen Gerichtshof\" \/>\n<meta property=\"og:description\" content=\"Jetzt wird es eng f\u00fcr die Autohersteller: EuGH Generalanw\u00e4ltin erkl\u00e4rt Abschalteinrichtungen vor dem Europ\u00e4ischen Gerichtshof f\u00fcr illegal.\" \/>\n<meta property=\"og:url\" content=\"https:\/\/ru.law\/en\/abgasskandal-vor-dem-europaeischen-gerichtshof\/\" \/>\n<meta property=\"og:site_name\" content=\"R&amp;U\" \/>\n<meta property=\"article:publisher\" content=\"https:\/\/www.facebook.com\/RogertUlbrich\/\" \/>\n<meta property=\"article:published_time\" content=\"2020-04-30T08:04:47+00:00\" \/>\n<meta property=\"article:modified_time\" content=\"2024-07-08T11:13:10+00:00\" \/>\n<meta property=\"og:image\" content=\"https:\/\/ru.law\/wp-content\/uploads\/2020\/04\/abgasskandal-eugh-erklaerung.jpg\" \/>\n\t<meta property=\"og:image:width\" content=\"1200\" \/>\n\t<meta property=\"og:image:height\" content=\"675\" \/>\n\t<meta property=\"og:image:type\" content=\"image\/jpeg\" \/>\n<meta name=\"author\" content=\"Marco Rogert\" \/>\n<meta name=\"twitter:card\" content=\"summary_large_image\" \/>\n<meta name=\"twitter:creator\" content=\"@RogertUlbrich\" \/>\n<meta name=\"twitter:site\" content=\"@RogertUlbrich\" \/>\n<script type=\"application\/ld+json\" class=\"yoast-schema-graph\">{\"@context\":\"https:\\\/\\\/schema.org\",\"@graph\":[{\"@type\":\"Article\",\"@id\":\"https:\\\/\\\/ru.law\\\/abgasskandal-vor-dem-europaeischen-gerichtshof\\\/#article\",\"isPartOf\":{\"@id\":\"https:\\\/\\\/ru.law\\\/abgasskandal-vor-dem-europaeischen-gerichtshof\\\/\"},\"author\":{\"name\":\"Marco Rogert\",\"@id\":\"https:\\\/\\\/ru.law\\\/#\\\/schema\\\/person\\\/b020d506e6bbc471b4565d3a98173b87\"},\"headline\":\"Abgasskandal vor dem Europ\u00e4ischen Gerichtshof\",\"datePublished\":\"2020-04-30T08:04:47+00:00\",\"dateModified\":\"2024-07-08T11:13:10+00:00\",\"mainEntityOfPage\":{\"@id\":\"https:\\\/\\\/ru.law\\\/abgasskandal-vor-dem-europaeischen-gerichtshof\\\/\"},\"wordCount\":500,\"publisher\":{\"@id\":\"https:\\\/\\\/ru.law\\\/#organization\"},\"image\":{\"@id\":\"https:\\\/\\\/ru.law\\\/abgasskandal-vor-dem-europaeischen-gerichtshof\\\/#primaryimage\"},\"thumbnailUrl\":\"https:\\\/\\\/ru.law\\\/wp-content\\\/uploads\\\/2020\\\/04\\\/abgasskandal-eugh-erklaerung.jpg\",\"articleSection\":[\"Abgasskandal\",\"Urteile\"],\"inLanguage\":\"en-GB\"},{\"@type\":\"WebPage\",\"@id\":\"https:\\\/\\\/ru.law\\\/abgasskandal-vor-dem-europaeischen-gerichtshof\\\/\",\"url\":\"https:\\\/\\\/ru.law\\\/abgasskandal-vor-dem-europaeischen-gerichtshof\\\/\",\"name\":\"Abgasskandal vor dem Europ\u00e4ischen Gerichtshof - R&amp;U\",\"isPartOf\":{\"@id\":\"https:\\\/\\\/ru.law\\\/#website\"},\"primaryImageOfPage\":{\"@id\":\"https:\\\/\\\/ru.law\\\/abgasskandal-vor-dem-europaeischen-gerichtshof\\\/#primaryimage\"},\"image\":{\"@id\":\"https:\\\/\\\/ru.law\\\/abgasskandal-vor-dem-europaeischen-gerichtshof\\\/#primaryimage\"},\"thumbnailUrl\":\"https:\\\/\\\/ru.law\\\/wp-content\\\/uploads\\\/2020\\\/04\\\/abgasskandal-eugh-erklaerung.jpg\",\"datePublished\":\"2020-04-30T08:04:47+00:00\",\"dateModified\":\"2024-07-08T11:13:10+00:00\",\"description\":\"Jetzt wird es eng f\u00fcr die Autohersteller: EuGH Generalanw\u00e4ltin erkl\u00e4rt Abschalteinrichtungen vor dem Europ\u00e4ischen Gerichtshof f\u00fcr illegal.\",\"breadcrumb\":{\"@id\":\"https:\\\/\\\/ru.law\\\/abgasskandal-vor-dem-europaeischen-gerichtshof\\\/#breadcrumb\"},\"inLanguage\":\"en-GB\",\"potentialAction\":[{\"@type\":\"ReadAction\",\"target\":[\"https:\\\/\\\/ru.law\\\/abgasskandal-vor-dem-europaeischen-gerichtshof\\\/\"]}]},{\"@type\":\"ImageObject\",\"inLanguage\":\"en-GB\",\"@id\":\"https:\\\/\\\/ru.law\\\/abgasskandal-vor-dem-europaeischen-gerichtshof\\\/#primaryimage\",\"url\":\"https:\\\/\\\/ru.law\\\/wp-content\\\/uploads\\\/2020\\\/04\\\/abgasskandal-eugh-erklaerung.jpg\",\"contentUrl\":\"https:\\\/\\\/ru.law\\\/wp-content\\\/uploads\\\/2020\\\/04\\\/abgasskandal-eugh-erklaerung.jpg\",\"width\":1200,\"height\":675,\"caption\":\"Abgasskandal EUGH Erklaerung\"},{\"@type\":\"BreadcrumbList\",\"@id\":\"https:\\\/\\\/ru.law\\\/abgasskandal-vor-dem-europaeischen-gerichtshof\\\/#breadcrumb\",\"itemListElement\":[{\"@type\":\"ListItem\",\"position\":1,\"name\":\"Startseite\",\"item\":\"https:\\\/\\\/ru.law\\\/\"},{\"@type\":\"ListItem\",\"position\":2,\"name\":\"Abgasskandal vor dem Europ\u00e4ischen Gerichtshof\"}]},{\"@type\":\"WebSite\",\"@id\":\"https:\\\/\\\/ru.law\\\/#website\",\"url\":\"https:\\\/\\\/ru.law\\\/\",\"name\":\"R&U\",\"description\":\"Verbraucheranw\u00e4lte\",\"publisher\":{\"@id\":\"https:\\\/\\\/ru.law\\\/#organization\"},\"alternateName\":\"Rogert & Ulbrich\",\"potentialAction\":[{\"@type\":\"SearchAction\",\"target\":{\"@type\":\"EntryPoint\",\"urlTemplate\":\"https:\\\/\\\/ru.law\\\/?s={search_term_string}\"},\"query-input\":{\"@type\":\"PropertyValueSpecification\",\"valueRequired\":true,\"valueName\":\"search_term_string\"}}],\"inLanguage\":\"en-GB\"},{\"@type\":\"Organization\",\"@id\":\"https:\\\/\\\/ru.law\\\/#organization\",\"name\":\"Kanzlei Rogert & Ulbrich\",\"url\":\"https:\\\/\\\/ru.law\\\/\",\"logo\":{\"@type\":\"ImageObject\",\"inLanguage\":\"en-GB\",\"@id\":\"https:\\\/\\\/ru.law\\\/#\\\/schema\\\/logo\\\/image\\\/\",\"url\":\"https:\\\/\\\/ru.law\\\/wp-content\\\/uploads\\\/2020\\\/12\\\/logo-ru-law.svg\",\"contentUrl\":\"https:\\\/\\\/ru.law\\\/wp-content\\\/uploads\\\/2020\\\/12\\\/logo-ru-law.svg\",\"width\":992,\"height\":259,\"caption\":\"Kanzlei Rogert & Ulbrich\"},\"image\":{\"@id\":\"https:\\\/\\\/ru.law\\\/#\\\/schema\\\/logo\\\/image\\\/\"},\"sameAs\":[\"https:\\\/\\\/www.facebook.com\\\/RogertUlbrich\\\/\",\"https:\\\/\\\/x.com\\\/RogertUlbrich\",\"https:\\\/\\\/www.instagram.com\\\/rogertulbrich\\\/\",\"https:\\\/\\\/www.linkedin.com\\\/company\\\/rogert-ulbrich\\\/\",\"https:\\\/\\\/www.youtube.com\\\/channel\\\/UCganCgpvwpPFqMFf1vVmG2A\"]},{\"@type\":\"Person\",\"@id\":\"https:\\\/\\\/ru.law\\\/#\\\/schema\\\/person\\\/b020d506e6bbc471b4565d3a98173b87\",\"name\":\"Marco Rogert\",\"url\":\"https:\\\/\\\/ru.law\\\/en\\\/author\\\/rogertru-law\\\/\"}]}<\/script>\n<!-- \/ Yoast SEO Premium plugin. -->","yoast_head_json":{"title":"Emissions scandal before the European Court of Justice - R&amp;U","description":"Things are getting tight for car manufacturers: The Advocate General of the European Court of Justice has declared defeat devices illegal before the European Court of Justice.","robots":{"index":"index","follow":"follow","max-snippet":"max-snippet:-1","max-image-preview":"max-image-preview:large","max-video-preview":"max-video-preview:-1"},"canonical":"https:\/\/ru.law\/en\/abgasskandal-vor-dem-europaeischen-gerichtshof\/","og_locale":"en_GB","og_type":"article","og_title":"Abgasskandal vor dem Europ\u00e4ischen Gerichtshof","og_description":"Jetzt wird es eng f\u00fcr die Autohersteller: EuGH Generalanw\u00e4ltin erkl\u00e4rt Abschalteinrichtungen vor dem Europ\u00e4ischen Gerichtshof f\u00fcr illegal.","og_url":"https:\/\/ru.law\/en\/abgasskandal-vor-dem-europaeischen-gerichtshof\/","og_site_name":"R&amp;U","article_publisher":"https:\/\/www.facebook.com\/RogertUlbrich\/","article_published_time":"2020-04-30T08:04:47+00:00","article_modified_time":"2024-07-08T11:13:10+00:00","og_image":[{"width":1200,"height":675,"url":"https:\/\/ru.law\/wp-content\/uploads\/2020\/04\/abgasskandal-eugh-erklaerung.jpg","type":"image\/jpeg"}],"author":"Marco Rogert","twitter_card":"summary_large_image","twitter_creator":"@RogertUlbrich","twitter_site":"@RogertUlbrich","schema":{"@context":"https:\/\/schema.org","@graph":[{"@type":"Article","@id":"https:\/\/ru.law\/abgasskandal-vor-dem-europaeischen-gerichtshof\/#article","isPartOf":{"@id":"https:\/\/ru.law\/abgasskandal-vor-dem-europaeischen-gerichtshof\/"},"author":{"name":"Marco Rogert","@id":"https:\/\/ru.law\/#\/schema\/person\/b020d506e6bbc471b4565d3a98173b87"},"headline":"Abgasskandal vor dem Europ\u00e4ischen Gerichtshof","datePublished":"2020-04-30T08:04:47+00:00","dateModified":"2024-07-08T11:13:10+00:00","mainEntityOfPage":{"@id":"https:\/\/ru.law\/abgasskandal-vor-dem-europaeischen-gerichtshof\/"},"wordCount":500,"publisher":{"@id":"https:\/\/ru.law\/#organization"},"image":{"@id":"https:\/\/ru.law\/abgasskandal-vor-dem-europaeischen-gerichtshof\/#primaryimage"},"thumbnailUrl":"https:\/\/ru.law\/wp-content\/uploads\/2020\/04\/abgasskandal-eugh-erklaerung.jpg","articleSection":["Abgasskandal","Urteile"],"inLanguage":"en-GB"},{"@type":"WebPage","@id":"https:\/\/ru.law\/abgasskandal-vor-dem-europaeischen-gerichtshof\/","url":"https:\/\/ru.law\/abgasskandal-vor-dem-europaeischen-gerichtshof\/","name":"Emissions scandal before the European Court of Justice - R&amp;U","isPartOf":{"@id":"https:\/\/ru.law\/#website"},"primaryImageOfPage":{"@id":"https:\/\/ru.law\/abgasskandal-vor-dem-europaeischen-gerichtshof\/#primaryimage"},"image":{"@id":"https:\/\/ru.law\/abgasskandal-vor-dem-europaeischen-gerichtshof\/#primaryimage"},"thumbnailUrl":"https:\/\/ru.law\/wp-content\/uploads\/2020\/04\/abgasskandal-eugh-erklaerung.jpg","datePublished":"2020-04-30T08:04:47+00:00","dateModified":"2024-07-08T11:13:10+00:00","description":"Things are getting tight for car manufacturers: The Advocate General of the European Court of Justice has declared defeat devices illegal before the European Court of Justice.","breadcrumb":{"@id":"https:\/\/ru.law\/abgasskandal-vor-dem-europaeischen-gerichtshof\/#breadcrumb"},"inLanguage":"en-GB","potentialAction":[{"@type":"ReadAction","target":["https:\/\/ru.law\/abgasskandal-vor-dem-europaeischen-gerichtshof\/"]}]},{"@type":"ImageObject","inLanguage":"en-GB","@id":"https:\/\/ru.law\/abgasskandal-vor-dem-europaeischen-gerichtshof\/#primaryimage","url":"https:\/\/ru.law\/wp-content\/uploads\/2020\/04\/abgasskandal-eugh-erklaerung.jpg","contentUrl":"https:\/\/ru.law\/wp-content\/uploads\/2020\/04\/abgasskandal-eugh-erklaerung.jpg","width":1200,"height":675,"caption":"Abgasskandal EUGH Erklaerung"},{"@type":"BreadcrumbList","@id":"https:\/\/ru.law\/abgasskandal-vor-dem-europaeischen-gerichtshof\/#breadcrumb","itemListElement":[{"@type":"ListItem","position":1,"name":"Startseite","item":"https:\/\/ru.law\/"},{"@type":"ListItem","position":2,"name":"Abgasskandal vor dem Europ\u00e4ischen Gerichtshof"}]},{"@type":"WebSite","@id":"https:\/\/ru.law\/#website","url":"https:\/\/ru.law\/","name":"R&amp;U","description":"Consumer lawyers","publisher":{"@id":"https:\/\/ru.law\/#organization"},"alternateName":"Rogert & Ulbrich","potentialAction":[{"@type":"SearchAction","target":{"@type":"EntryPoint","urlTemplate":"https:\/\/ru.law\/?s={search_term_string}"},"query-input":{"@type":"PropertyValueSpecification","valueRequired":true,"valueName":"search_term_string"}}],"inLanguage":"en-GB"},{"@type":"Organization","@id":"https:\/\/ru.law\/#organization","name":"Rogert &amp; Ulbrich Law Firm","url":"https:\/\/ru.law\/","logo":{"@type":"ImageObject","inLanguage":"en-GB","@id":"https:\/\/ru.law\/#\/schema\/logo\/image\/","url":"https:\/\/ru.law\/wp-content\/uploads\/2020\/12\/logo-ru-law.svg","contentUrl":"https:\/\/ru.law\/wp-content\/uploads\/2020\/12\/logo-ru-law.svg","width":992,"height":259,"caption":"Kanzlei Rogert & Ulbrich"},"image":{"@id":"https:\/\/ru.law\/#\/schema\/logo\/image\/"},"sameAs":["https:\/\/www.facebook.com\/RogertUlbrich\/","https:\/\/x.com\/RogertUlbrich","https:\/\/www.instagram.com\/rogertulbrich\/","https:\/\/www.linkedin.com\/company\/rogert-ulbrich\/","https:\/\/www.youtube.com\/channel\/UCganCgpvwpPFqMFf1vVmG2A"]},{"@type":"Person","@id":"https:\/\/ru.law\/#\/schema\/person\/b020d506e6bbc471b4565d3a98173b87","name":"Marco Rogert","url":"https:\/\/ru.law\/en\/author\/rogertru-law\/"}]}},"uagb_featured_image_src":{"full":["https:\/\/ru.law\/wp-content\/uploads\/2020\/04\/abgasskandal-eugh-erklaerung.jpg",1200,675,false],"thumbnail":["https:\/\/ru.law\/wp-content\/uploads\/2020\/04\/abgasskandal-eugh-erklaerung-150x150.jpg",96,96,true],"medium":["https:\/\/ru.law\/wp-content\/uploads\/2020\/04\/abgasskandal-eugh-erklaerung-300x169.jpg",300,169,true],"medium_large":["https:\/\/ru.law\/wp-content\/uploads\/2020\/04\/abgasskandal-eugh-erklaerung-768x432.jpg",768,432,true],"large":["https:\/\/ru.law\/wp-content\/uploads\/2020\/04\/abgasskandal-eugh-erklaerung-1024x576.jpg",1024,576,true],"1536x1536":["https:\/\/ru.law\/wp-content\/uploads\/2020\/04\/abgasskandal-eugh-erklaerung.jpg",1200,675,false],"2048x2048":["https:\/\/ru.law\/wp-content\/uploads\/2020\/04\/abgasskandal-eugh-erklaerung.jpg",1200,675,false],"trp-custom-language-flag":["https:\/\/ru.law\/wp-content\/uploads\/2020\/04\/abgasskandal-eugh-erklaerung.jpg",18,10,false]},"uagb_author_info":{"display_name":"Marco Rogert","author_link":"https:\/\/ru.law\/en\/author\/rogertru-law\/"},"uagb_comment_info":0,"uagb_excerpt":"EuGH-Generalanw\u00e4ltin erkl\u00e4rt Abschalteinrichtungen f\u00fcr illegal. Jetzt wird es eng f\u00fcr die Autohersteller. In ihrem Schlussantrag vor dem Europ\u00e4ischen Gerichtshof (EuGH) hat die Generalanw\u00e4ltin Eleanor Sharpston [&hellip;]","_links":{"self":[{"href":"https:\/\/ru.law\/en\/wp-json\/wp\/v2\/posts\/6187","targetHints":{"allow":["GET"]}}],"collection":[{"href":"https:\/\/ru.law\/en\/wp-json\/wp\/v2\/posts"}],"about":[{"href":"https:\/\/ru.law\/en\/wp-json\/wp\/v2\/types\/post"}],"author":[{"embeddable":true,"href":"https:\/\/ru.law\/en\/wp-json\/wp\/v2\/users\/21"}],"replies":[{"embeddable":true,"href":"https:\/\/ru.law\/en\/wp-json\/wp\/v2\/comments?post=6187"}],"version-history":[{"count":0,"href":"https:\/\/ru.law\/en\/wp-json\/wp\/v2\/posts\/6187\/revisions"}],"wp:featuredmedia":[{"embeddable":true,"href":"https:\/\/ru.law\/en\/wp-json\/wp\/v2\/media\/7602"}],"wp:attachment":[{"href":"https:\/\/ru.law\/en\/wp-json\/wp\/v2\/media?parent=6187"}],"wp:term":[{"taxonomy":"category","embeddable":true,"href":"https:\/\/ru.law\/en\/wp-json\/wp\/v2\/categories?post=6187"},{"taxonomy":"post_tag","embeddable":true,"href":"https:\/\/ru.law\/en\/wp-json\/wp\/v2\/tags?post=6187"}],"curies":[{"name":"wp","href":"https:\/\/api.w.org\/{rel}","templated":true}]}}