{"id":5982,"date":"2020-02-19T09:45:23","date_gmt":"2020-02-19T08:45:23","guid":{"rendered":"https:\/\/www.rogertulbrich.de\/wp\/?p=5982"},"modified":"2024-07-08T13:13:11","modified_gmt":"2024-07-08T11:13:11","slug":"volkswagen-musterfeststellungsklage-und-vergleich-aktuelle-informationen","status":"publish","type":"post","link":"https:\/\/ru.law\/en\/volkswagen-musterfeststellungsklage-und-vergleich-aktuelle-informationen\/","title":{"rendered":"Volkswagen Model Declaratory Action and Settlement: Current Information"},"content":{"rendered":"<h2 class=\"wp-block-heading\" id=\"h-wie-geht-es-weiter\">What happens next?<\/h2>\n\n\n\n<p>On Friday, Volkswagen broke off talks on an out-of-court settlement with the Federal Association of Consumer Organizations (VZBV), which Rogert and Ulbrich represent as lawyers in the model declaratory action. The negotiations with the VZBV failed &quot;because Volkswagen has not been prepared to provide transparency and security measures so far,&quot; explained VZBV board member Klaus M\u00fcller in a press conference called at short notice. On this page, affected diesel drivers can find all the information on the open questions surrounding the model declaratory action and the VW settlement. Read the&nbsp;<a href=\"https:\/\/www.vzbv.de\/pressemitteilung\/vzbv-fordert-sichere-und-transparente-vergleichsabwicklung-von-vw\" target=\"_blank\" rel=\"noreferrer noopener\">press release of the VZBV<\/a>.<\/p>\n\n\n\n<h3 class=\"wp-block-heading\" id=\"h-was-ist-genau-passiert\">What exactly happened?<\/h3>\n\n\n\n<p>Although a settlement was within reach, Volkswagen had the settlement negotiations with the vzbv declared a failure via the press on Friday and announced that it wanted to make a settlement offer itself. The VZBV commented on this as follows:<\/p>\n\n\n\n<p>After almost five years <a href=\"https:\/\/ru.law\/en\/expertise\/abgasskandal\/\">diesel scandal<\/a> It is of course good news that Volkswagen is willing to make payments in Germany as well. In the settlement negotiations, Volkswagen was not prepared to compensate all of the defrauded customers. If VW is now really concerned about fairness, the group should <strong>make an offer to all those affected<\/strong>&nbsp;and not just those who are on the register of claims for the model declaratory action. However, no details of the offer are yet known. Therefore, all affected customers who now receive a settlement from VW should examine it very carefully.<\/p>\n\n\n\n<p>The VZBV is irritated by the way in which VW\u2019s talks were broken off and by VW\u2019s negotiating style, as the&nbsp;<a href=\"https:\/\/www.handelsblatt.com\/unternehmen\/industrie\/verbraucher-vorstand-klaus-mueller-abbruch-der-vergleichsgespraeche-der-vw-konzern-hat-ein-zweites-mal-betrogen\/25551958.html?share=twitter&amp;ticket=ST-4713942-gDeQqafUiGycPdkKqQY0-ap4\" target=\"_blank\" rel=\"noreferrer noopener\">Handelsblatt in an interview with Klaus M\u00fcller<\/a>&nbsp;reported.<\/p>\n\n\n\n<h3 class=\"wp-block-heading\" id=\"h-wie-hoch-ist-der-angebliche-vw-vergleich\">How high is the alleged VW comparison?<\/h3>\n\n\n\n<p>First of all, it must be made clear that the vzbv is opposed to the public presentation of <a href=\"https:\/\/ru.law\/en\/expertise\/abgasskandal\/vw-diesel\/\">Volkswagen<\/a> contradicts that there was an \u201calready negotiated settlement\u201d. Most recently, a compensation sum of&nbsp;<strong>around 15 percent of the purchase price<\/strong>&nbsp;and a correction clause have been discussed. Given the number of people registered in the model declaratory action, this results in a&nbsp;<strong>compensation amounting to around 830 million euros<\/strong>In addition, when processing the compensation, it is important to keep the overall package in mind in order to ensure transparency and &quot;to make sure that the money reaches the consumers in the agreed amount,&quot; according to the VZBV.<\/p>\n\n\n\n<h3 class=\"wp-block-heading\" id=\"h-was-passiert-wenn-ich-dem-angebot-von-vw-zustimme\">What happens if I accept VW&#039;s offer?<\/h3>\n\n\n\n<p>If you accept VW&#039;s direct compensation offer, you do not need to do anything else as part of the model declaratory action. You will take care of the formalities directly with VW - we, the lawyers at VZBV, can then do nothing more for you. You do not need to be removed from the register of claims for the VW model declaratory action. However, if a positive declaratory judgment is reached as part of the class action, the individual settlement offered by VW should mean that you cannot claim damages from VW again individually. Please check carefully whether you really want to accept the VW offer.<\/p>\n\n\n\n\n\n<h3 class=\"wp-block-heading\" id=\"h-was-passiert-wenn-ich-das-angebot-von-vw-nicht-annehme\">What happens if I do not accept VW&#039;s offer?<\/h3>\n\n\n\n<p>It&#039;s very simple: the model declaratory action is continuing - with the possibility of claiming significantly higher sums for diesel drivers, although these must be claimed individually following the ruling. This means that all consumers who have registered in the register of claims and do not accept VW&#039;s offer are still bound by the outcome of the model declaratory action. The fact that VW has broken off talks on an out-of-court settlement does not change this.<\/p>\n\n\n\n<h3 class=\"wp-block-heading\" id=\"h-wie-geht-es-jetzt-mit-der-musterfeststellungsklage-weiter\">What happens now with the model declaratory action?<\/h3>\n\n\n\n<p>The Higher Regional Court in Braunschweig will set a new date - and the lawyers at Rogert &amp; Ulbrich will continue to do everything they can to obtain the best possible verdict for the affected VW customers in court. The trend in case law in the VW emissions scandal gives great cause for hope. In May, a ruling from the Federal Court of Justice is also expected that will overturn the previous regulation on &quot;compensation for use&quot;. The Rogert &amp; Ulbrich law firm recently achieved another groundbreaking ruling on this. This is not least why the Volkswagen Group is trying to settle as many cases as possible that could benefit from such a Federal Court of Justice ruling in advance through a &quot;direct settlement&quot;.<\/p>\n\n\n\n<section class=\"wp-block-uagb-columns uagb-columns__wrap uagb-columns__background-undefined uagb-columns__stack-mobile uagb-columns__valign-undefined uagb-columns__gap-10 alignundefined uagb-block-a63b8d4d contrast blog_beitraege\"><div class=\"uagb-columns__overlay\"><\/div><div class=\"uagb-columns__inner-wrap uagb-columns__columns-1\">\n<div class=\"wp-block-uagb-column uagb-column__wrap uagb-column__background-undefined uagb-block-6e00ddba\"><div class=\"uagb-column__overlay\"><\/div><div class=\"uagb-column__inner-wrap\">\n<h3 class=\"wp-block-heading\" id=\"das-konnte-sie-auch-interessieren\">You might also be interested in:<\/h3>\n\n\n\n\t\t\t<div class=\"wp-block-uagb-post-grid uagb-post-grid  uagb-post__image-position-top uagb-post__image-enabled uagb-block-ff875f2e     uagb-post__items uagb-post__columns-3 is-grid uagb-post__columns-tablet-2 uagb-post__columns-mobile-1 uagb-post__equal-height\" data-total=\"3\" style=\"\">\n\n\t\t\t\t\t\t\t\t\t\t\t\t<article class=\"uagb-post__inner-wrap\">\t\t\t\t\t\t\t\t<div class='uagb-post__image'>\n\t\t\t\t\t\t\t\t\t<a href=\"https:\/\/ru.law\/en\/diesel-ueberholt-benzinpreis-jetzt-erst-recht\/\" target=\"_self\" rel=\"bookmark noopener noreferrer\" class='uagb-image-ratio-inherit'><img loading=\"lazy\" decoding=\"async\" width=\"1024\" height=\"576\" src=\"https:\/\/ru.law\/wp-content\/uploads\/2022\/03\/2021-News-Header-1200x675-2972-1024x576.jpg\" class=\"attachment-large size-large\" alt=\"Rogert-Ulbrich-Rechtsanwaelte-Kanzlei-Diesel-Benzin-Preise\" srcset=\"https:\/\/ru.law\/wp-content\/uploads\/2022\/03\/2021-News-Header-1200x675-2972-1024x576.jpg 1024w, https:\/\/ru.law\/wp-content\/uploads\/2022\/03\/2021-News-Header-1200x675-2972-300x169.jpg 300w, https:\/\/ru.law\/wp-content\/uploads\/2022\/03\/2021-News-Header-1200x675-2972-768x432.jpg 768w, https:\/\/ru.law\/wp-content\/uploads\/2022\/03\/2021-News-Header-1200x675-2972.jpg 1200w\" sizes=\"auto, (max-width: 1024px) 100vw, 1024px\" \/>\t\t\t\t\t<\/a>\n\t\t\t\t\t\t\t<\/div>\n\t\t\t\t\t\t<h4 class=\"uagb-post__title uagb-post__text\">\n\t\t\t\t<a href=\"https:\/\/ru.law\/en\/diesel-ueberholt-benzinpreis-jetzt-erst-recht\/\" target=\"_self\" rel=\"bookmark noopener noreferrer\">Record prices for diesel - Now is the time to reverse your car<\/a>\n\t\t\t<\/h4>\n\t\t\t\t\t\t<div class='uagb-post__text uagb-post-grid-byline'>\n\t\t\t\t\t\t\t<\/div>\n\t\t\t\t\t\t\t<div class='uagb-post__text uagb-post__excerpt'>\n\t\t\t\t\t<p>Diesel is at a record high in Germany and petrol is also approaching a\u2026\t\t\t\t<\/div>\n\t\t\t\t\t\t<div class=\"uagb-post__text uagb-post__cta wp-block-button\">\n\t\t\t\t<a class=\"wp-block-button__link uagb-text-link\" style=\"\" href=\"https:\/\/ru.law\/en\/diesel-ueberholt-benzinpreis-jetzt-erst-recht\/\" target=\"_self\" rel=\"bookmark noopener noreferrer\">Read More<\/a>\n\t\t\t<\/div>\n\t\t\t\n\t\t\t\t\t\t\t\t<a class=\"uagb-post__link-complete-box\" href=\"https:\/\/ru.law\/en\/diesel-ueberholt-benzinpreis-jetzt-erst-recht\/\" target=\"_self\" rel=\"bookmark noopener noreferrer\"><\/a>\n\t\t\t\t\t\t\t<\/article>\n\t\t\t\t\t\t\t\t\t\t\t\t\t\t\t\t<article class=\"uagb-post__inner-wrap\">\t\t\t\t\t\t\t\t<div class='uagb-post__image'>\n\t\t\t\t\t\t\t\t\t<a href=\"https:\/\/ru.law\/en\/vtdi-abgasskandal-rund-um-vw-audi-und-porsche\/\" target=\"_self\" rel=\"bookmark noopener noreferrer\" class='uagb-image-ratio-inherit'><img loading=\"lazy\" decoding=\"async\" width=\"1024\" height=\"576\" src=\"https:\/\/ru.law\/wp-content\/uploads\/2022\/01\/Rogert-Ulbrich-Rechtsanwaelte-Kanzlei-Abgasskandal-Audi-Verjaehrung-2022-1024x576.jpg\" class=\"attachment-large size-large\" alt=\"\" srcset=\"https:\/\/ru.law\/wp-content\/uploads\/2022\/01\/Rogert-Ulbrich-Rechtsanwaelte-Kanzlei-Abgasskandal-Audi-Verjaehrung-2022-1024x576.jpg 1024w, https:\/\/ru.law\/wp-content\/uploads\/2022\/01\/Rogert-Ulbrich-Rechtsanwaelte-Kanzlei-Abgasskandal-Audi-Verjaehrung-2022-300x169.jpg 300w, https:\/\/ru.law\/wp-content\/uploads\/2022\/01\/Rogert-Ulbrich-Rechtsanwaelte-Kanzlei-Abgasskandal-Audi-Verjaehrung-2022-768x432.jpg 768w, https:\/\/ru.law\/wp-content\/uploads\/2022\/01\/Rogert-Ulbrich-Rechtsanwaelte-Kanzlei-Abgasskandal-Audi-Verjaehrung-2022.jpg 1200w\" sizes=\"auto, (max-width: 1024px) 100vw, 1024px\" \/>\t\t\t\t\t<\/a>\n\t\t\t\t\t\t\t<\/div>\n\t\t\t\t\t\t<h4 class=\"uagb-post__title uagb-post__text\">\n\t\t\t\t<a href=\"https:\/\/ru.law\/en\/vtdi-abgasskandal-rund-um-vw-audi-und-porsche\/\" target=\"_self\" rel=\"bookmark noopener noreferrer\">VTDI emissions scandal involving VW, Audi and Porsche<\/a>\n\t\t\t<\/h4>\n\t\t\t\t\t\t<div class='uagb-post__text uagb-post-grid-byline'>\n\t\t\t\t\t\t\t<\/div>\n\t\t\t\t\t\t\t<div class='uagb-post__text uagb-post__excerpt'>\n\t\t\t\t\t<p>For many German car manufacturers, the diesel emissions scandal is still omnipresent, including the VW Group\u2026\t\t\t\t<\/div>\n\t\t\t\t\t\t<div class=\"uagb-post__text uagb-post__cta wp-block-button\">\n\t\t\t\t<a class=\"wp-block-button__link uagb-text-link\" style=\"\" href=\"https:\/\/ru.law\/en\/vtdi-abgasskandal-rund-um-vw-audi-und-porsche\/\" target=\"_self\" rel=\"bookmark noopener noreferrer\">Read More<\/a>\n\t\t\t<\/div>\n\t\t\t\n\t\t\t\t\t\t\t\t<a class=\"uagb-post__link-complete-box\" href=\"https:\/\/ru.law\/en\/vtdi-abgasskandal-rund-um-vw-audi-und-porsche\/\" target=\"_self\" rel=\"bookmark noopener noreferrer\"><\/a>\n\t\t\t\t\t\t\t<\/article>\n\t\t\t\t\t\t\t\t\t\t\t\t\t\t\t\t<article class=\"uagb-post__inner-wrap\">\t\t\t\t\t\t\t\t<div class='uagb-post__image'>\n\t\t\t\t\t\t\t\t\t<a href=\"https:\/\/ru.law\/en\/olg-koeln-verurteilt-audi-ag\/\" target=\"_self\" rel=\"bookmark noopener noreferrer\" class='uagb-image-ratio-inherit'><img loading=\"lazy\" decoding=\"async\" width=\"1024\" height=\"576\" src=\"https:\/\/ru.law\/wp-content\/uploads\/2021\/09\/rogert-ulbrich-rechtsanwalt-kanzlei-abgasskandal-premium-modelle-porsche-42l-1024x576.jpg\" class=\"attachment-large size-large\" alt=\"\" srcset=\"https:\/\/ru.law\/wp-content\/uploads\/2021\/09\/rogert-ulbrich-rechtsanwalt-kanzlei-abgasskandal-premium-modelle-porsche-42l-1024x576.jpg 1024w, https:\/\/ru.law\/wp-content\/uploads\/2021\/09\/rogert-ulbrich-rechtsanwalt-kanzlei-abgasskandal-premium-modelle-porsche-42l-300x169.jpg 300w, https:\/\/ru.law\/wp-content\/uploads\/2021\/09\/rogert-ulbrich-rechtsanwalt-kanzlei-abgasskandal-premium-modelle-porsche-42l-768x432.jpg 768w, https:\/\/ru.law\/wp-content\/uploads\/2021\/09\/rogert-ulbrich-rechtsanwalt-kanzlei-abgasskandal-premium-modelle-porsche-42l.jpg 1200w\" sizes=\"auto, (max-width: 1024px) 100vw, 1024px\" \/>\t\t\t\t\t<\/a>\n\t\t\t\t\t\t\t<\/div>\n\t\t\t\t\t\t<h4 class=\"uagb-post__title uagb-post__text\">\n\t\t\t\t<a href=\"https:\/\/ru.law\/en\/olg-koeln-verurteilt-audi-ag\/\" target=\"_self\" rel=\"bookmark noopener noreferrer\">Audi AG ordered to take back a Porsche Cayenne S<\/a>\n\t\t\t<\/h4>\n\t\t\t\t\t\t<div class='uagb-post__text uagb-post-grid-byline'>\n\t\t\t\t\t\t\t<\/div>\n\t\t\t\t\t\t\t<div class='uagb-post__text uagb-post__excerpt'>\n\t\t\t\t\t<p>Audi AG was ordered by the Cologne Higher Regional Court to take back a Porsche Cayenne S 4.2l\u2026.\t\t\t\t<\/div>\n\t\t\t\t\t\t<div class=\"uagb-post__text uagb-post__cta wp-block-button\">\n\t\t\t\t<a class=\"wp-block-button__link uagb-text-link\" style=\"\" href=\"https:\/\/ru.law\/en\/olg-koeln-verurteilt-audi-ag\/\" target=\"_self\" rel=\"bookmark noopener noreferrer\">Read More<\/a>\n\t\t\t<\/div>\n\t\t\t\n\t\t\t\t\t\t\t\t<a class=\"uagb-post__link-complete-box\" href=\"https:\/\/ru.law\/en\/olg-koeln-verurteilt-audi-ag\/\" target=\"_self\" rel=\"bookmark noopener noreferrer\"><\/a>\n\t\t\t\t\t\t\t<\/article>\n\t\t\t\t\t\t\t\t\t\t\t<\/div>\n\t\t\t\n\n\n<p><\/p>\n<\/div><\/div>\n<\/div><\/section>","protected":false},"excerpt":{"rendered":"<p>Wie geht es weiter? Am Freitag hat Volkswagen die Gespr\u00e4che zu einer au\u00dfergerichtlichen Einigung mit der Verbraucherzentrale Bundesverband (VZBV), welche&nbsp;Rogert und Ulbrich&nbsp;als Anw\u00e4lte in der [&hellip;]<\/p>\n","protected":false},"author":21,"featured_media":7611,"comment_status":"closed","ping_status":"open","sticky":false,"template":"","format":"standard","meta":{"_uag_custom_page_level_css":"","site-sidebar-layout":"default","site-content-layout":"default","ast-site-content-layout":"default","site-content-style":"default","site-sidebar-style":"default","ast-global-header-display":"","ast-banner-title-visibility":"","ast-main-header-display":"","ast-hfb-above-header-display":"","ast-hfb-below-header-display":"","ast-hfb-mobile-header-display":"","site-post-title":"","ast-breadcrumbs-content":"","ast-featured-img":"","footer-sml-layout":"","ast-disable-related-posts":"","theme-transparent-header-meta":"default","adv-header-id-meta":"","stick-header-meta":"","header-above-stick-meta":"","header-main-stick-meta":"","header-below-stick-meta":"","astra-migrate-meta-layouts":"default","ast-page-background-enabled":"default","ast-page-background-meta":{"desktop":{"background-color":"","background-image":"","background-repeat":"repeat","background-position":"center center","background-size":"auto","background-attachment":"scroll","background-type":"","background-media":"","overlay-type":"","overlay-color":"","overlay-opacity":"","overlay-gradient":""},"tablet":{"background-color":"","background-image":"","background-repeat":"repeat","background-position":"center center","background-size":"auto","background-attachment":"scroll","background-type":"","background-media":"","overlay-type":"","overlay-color":"","overlay-opacity":"","overlay-gradient":""},"mobile":{"background-color":"","background-image":"","background-repeat":"repeat","background-position":"center center","background-size":"auto","background-attachment":"scroll","background-type":"","background-media":"","overlay-type":"","overlay-color":"","overlay-opacity":"","overlay-gradient":""}},"ast-content-background-meta":{"desktop":{"background-color":"var(--ast-global-color-5)","background-image":"","background-repeat":"repeat","background-position":"center center","background-size":"auto","background-attachment":"scroll","background-type":"","background-media":"","overlay-type":"","overlay-color":"","overlay-opacity":"","overlay-gradient":""},"tablet":{"background-color":"var(--ast-global-color-5)","background-image":"","background-repeat":"repeat","background-position":"center center","background-size":"auto","background-attachment":"scroll","background-type":"","background-media":"","overlay-type":"","overlay-color":"","overlay-opacity":"","overlay-gradient":""},"mobile":{"background-color":"var(--ast-global-color-5)","background-image":"","background-repeat":"repeat","background-position":"center center","background-size":"auto","background-attachment":"scroll","background-type":"","background-media":"","overlay-type":"","overlay-color":"","overlay-opacity":"","overlay-gradient":""}},"footnotes":""},"categories":[2,507],"tags":[45],"class_list":["post-5982","post","type-post","status-publish","format-standard","has-post-thumbnail","hentry","category-abgasskandal","category-urteile","tag-vw"],"yoast_head":"<!-- This site is optimized with the Yoast SEO Premium plugin v27.4 (Yoast SEO v27.4) - https:\/\/yoast.com\/product\/yoast-seo-premium-wordpress\/ -->\n<title>Volkswagen Musterfeststellungsklage und Vergleich - R&amp;U<\/title>\n<meta name=\"description\" content=\"Volkswagen hat die Gespr\u00e4che zu einer Einigung mit der Verbraucherzentrale (VZBV) in der Musterfeststellungsklage, platzen lassen.\" \/>\n<meta name=\"robots\" content=\"index, follow, max-snippet:-1, max-image-preview:large, max-video-preview:-1\" \/>\n<link rel=\"canonical\" href=\"https:\/\/ru.law\/en\/volkswagen-musterfeststellungsklage-und-vergleich-aktuelle-informationen\/\" \/>\n<meta property=\"og:locale\" content=\"en_GB\" \/>\n<meta property=\"og:type\" content=\"article\" \/>\n<meta property=\"og:title\" content=\"Volkswagen Musterfeststellungsklage und Vergleich: Aktuelle Informationen\" \/>\n<meta property=\"og:description\" content=\"Volkswagen hat die Gespr\u00e4che zu einer Einigung mit der Verbraucherzentrale (VZBV) in der Musterfeststellungsklage, platzen lassen.\" \/>\n<meta property=\"og:url\" content=\"https:\/\/ru.law\/en\/volkswagen-musterfeststellungsklage-und-vergleich-aktuelle-informationen\/\" \/>\n<meta property=\"og:site_name\" content=\"R&amp;U\" \/>\n<meta property=\"article:publisher\" content=\"https:\/\/www.facebook.com\/RogertUlbrich\/\" \/>\n<meta property=\"article:published_time\" content=\"2020-02-19T08:45:23+00:00\" \/>\n<meta property=\"article:modified_time\" content=\"2024-07-08T11:13:11+00:00\" \/>\n<meta property=\"og:image\" content=\"https:\/\/ru.law\/wp-content\/uploads\/2020\/02\/volkswagen-logo-chrom.jpg\" \/>\n\t<meta property=\"og:image:width\" content=\"1200\" \/>\n\t<meta property=\"og:image:height\" content=\"675\" \/>\n\t<meta property=\"og:image:type\" content=\"image\/jpeg\" \/>\n<meta name=\"author\" content=\"Marco Rogert\" \/>\n<meta name=\"twitter:card\" content=\"summary_large_image\" \/>\n<meta name=\"twitter:creator\" content=\"@RogertUlbrich\" \/>\n<meta name=\"twitter:site\" content=\"@RogertUlbrich\" \/>\n<script type=\"application\/ld+json\" class=\"yoast-schema-graph\">{\"@context\":\"https:\\\/\\\/schema.org\",\"@graph\":[{\"@type\":\"Article\",\"@id\":\"https:\\\/\\\/ru.law\\\/volkswagen-musterfeststellungsklage-und-vergleich-aktuelle-informationen\\\/#article\",\"isPartOf\":{\"@id\":\"https:\\\/\\\/ru.law\\\/volkswagen-musterfeststellungsklage-und-vergleich-aktuelle-informationen\\\/\"},\"author\":{\"name\":\"Marco Rogert\",\"@id\":\"https:\\\/\\\/ru.law\\\/#\\\/schema\\\/person\\\/b020d506e6bbc471b4565d3a98173b87\"},\"headline\":\"Volkswagen Musterfeststellungsklage und Vergleich: Aktuelle Informationen\",\"datePublished\":\"2020-02-19T08:45:23+00:00\",\"dateModified\":\"2024-07-08T11:13:11+00:00\",\"mainEntityOfPage\":{\"@id\":\"https:\\\/\\\/ru.law\\\/volkswagen-musterfeststellungsklage-und-vergleich-aktuelle-informationen\\\/\"},\"wordCount\":687,\"publisher\":{\"@id\":\"https:\\\/\\\/ru.law\\\/#organization\"},\"image\":{\"@id\":\"https:\\\/\\\/ru.law\\\/volkswagen-musterfeststellungsklage-und-vergleich-aktuelle-informationen\\\/#primaryimage\"},\"thumbnailUrl\":\"https:\\\/\\\/ru.law\\\/wp-content\\\/uploads\\\/2020\\\/02\\\/volkswagen-logo-chrom.jpg\",\"keywords\":[\"VW\"],\"articleSection\":[\"Abgasskandal\",\"Urteile\"],\"inLanguage\":\"en-GB\"},{\"@type\":\"WebPage\",\"@id\":\"https:\\\/\\\/ru.law\\\/volkswagen-musterfeststellungsklage-und-vergleich-aktuelle-informationen\\\/\",\"url\":\"https:\\\/\\\/ru.law\\\/volkswagen-musterfeststellungsklage-und-vergleich-aktuelle-informationen\\\/\",\"name\":\"Volkswagen Musterfeststellungsklage und Vergleich - R&amp;U\",\"isPartOf\":{\"@id\":\"https:\\\/\\\/ru.law\\\/#website\"},\"primaryImageOfPage\":{\"@id\":\"https:\\\/\\\/ru.law\\\/volkswagen-musterfeststellungsklage-und-vergleich-aktuelle-informationen\\\/#primaryimage\"},\"image\":{\"@id\":\"https:\\\/\\\/ru.law\\\/volkswagen-musterfeststellungsklage-und-vergleich-aktuelle-informationen\\\/#primaryimage\"},\"thumbnailUrl\":\"https:\\\/\\\/ru.law\\\/wp-content\\\/uploads\\\/2020\\\/02\\\/volkswagen-logo-chrom.jpg\",\"datePublished\":\"2020-02-19T08:45:23+00:00\",\"dateModified\":\"2024-07-08T11:13:11+00:00\",\"description\":\"Volkswagen hat die Gespr\u00e4che zu einer Einigung mit der Verbraucherzentrale (VZBV) in der Musterfeststellungsklage, platzen lassen.\",\"breadcrumb\":{\"@id\":\"https:\\\/\\\/ru.law\\\/volkswagen-musterfeststellungsklage-und-vergleich-aktuelle-informationen\\\/#breadcrumb\"},\"inLanguage\":\"en-GB\",\"potentialAction\":[{\"@type\":\"ReadAction\",\"target\":[\"https:\\\/\\\/ru.law\\\/volkswagen-musterfeststellungsklage-und-vergleich-aktuelle-informationen\\\/\"]}]},{\"@type\":\"ImageObject\",\"inLanguage\":\"en-GB\",\"@id\":\"https:\\\/\\\/ru.law\\\/volkswagen-musterfeststellungsklage-und-vergleich-aktuelle-informationen\\\/#primaryimage\",\"url\":\"https:\\\/\\\/ru.law\\\/wp-content\\\/uploads\\\/2020\\\/02\\\/volkswagen-logo-chrom.jpg\",\"contentUrl\":\"https:\\\/\\\/ru.law\\\/wp-content\\\/uploads\\\/2020\\\/02\\\/volkswagen-logo-chrom.jpg\",\"width\":1200,\"height\":675,\"caption\":\"Volkswagen Logo Chrom\"},{\"@type\":\"BreadcrumbList\",\"@id\":\"https:\\\/\\\/ru.law\\\/volkswagen-musterfeststellungsklage-und-vergleich-aktuelle-informationen\\\/#breadcrumb\",\"itemListElement\":[{\"@type\":\"ListItem\",\"position\":1,\"name\":\"Startseite\",\"item\":\"https:\\\/\\\/ru.law\\\/\"},{\"@type\":\"ListItem\",\"position\":2,\"name\":\"Volkswagen Musterfeststellungsklage und Vergleich: Aktuelle Informationen\"}]},{\"@type\":\"WebSite\",\"@id\":\"https:\\\/\\\/ru.law\\\/#website\",\"url\":\"https:\\\/\\\/ru.law\\\/\",\"name\":\"R&U\",\"description\":\"Verbraucheranw\u00e4lte\",\"publisher\":{\"@id\":\"https:\\\/\\\/ru.law\\\/#organization\"},\"alternateName\":\"Rogert & Ulbrich\",\"potentialAction\":[{\"@type\":\"SearchAction\",\"target\":{\"@type\":\"EntryPoint\",\"urlTemplate\":\"https:\\\/\\\/ru.law\\\/?s={search_term_string}\"},\"query-input\":{\"@type\":\"PropertyValueSpecification\",\"valueRequired\":true,\"valueName\":\"search_term_string\"}}],\"inLanguage\":\"en-GB\"},{\"@type\":\"Organization\",\"@id\":\"https:\\\/\\\/ru.law\\\/#organization\",\"name\":\"Kanzlei Rogert & Ulbrich\",\"url\":\"https:\\\/\\\/ru.law\\\/\",\"logo\":{\"@type\":\"ImageObject\",\"inLanguage\":\"en-GB\",\"@id\":\"https:\\\/\\\/ru.law\\\/#\\\/schema\\\/logo\\\/image\\\/\",\"url\":\"https:\\\/\\\/ru.law\\\/wp-content\\\/uploads\\\/2020\\\/12\\\/logo-ru-law.svg\",\"contentUrl\":\"https:\\\/\\\/ru.law\\\/wp-content\\\/uploads\\\/2020\\\/12\\\/logo-ru-law.svg\",\"width\":992,\"height\":259,\"caption\":\"Kanzlei Rogert & Ulbrich\"},\"image\":{\"@id\":\"https:\\\/\\\/ru.law\\\/#\\\/schema\\\/logo\\\/image\\\/\"},\"sameAs\":[\"https:\\\/\\\/www.facebook.com\\\/RogertUlbrich\\\/\",\"https:\\\/\\\/x.com\\\/RogertUlbrich\",\"https:\\\/\\\/www.instagram.com\\\/rogertulbrich\\\/\",\"https:\\\/\\\/www.linkedin.com\\\/company\\\/rogert-ulbrich\\\/\",\"https:\\\/\\\/www.youtube.com\\\/channel\\\/UCganCgpvwpPFqMFf1vVmG2A\"]},{\"@type\":\"Person\",\"@id\":\"https:\\\/\\\/ru.law\\\/#\\\/schema\\\/person\\\/b020d506e6bbc471b4565d3a98173b87\",\"name\":\"Marco Rogert\",\"url\":\"https:\\\/\\\/ru.law\\\/en\\\/author\\\/rogertru-law\\\/\"}]}<\/script>\n<!-- \/ Yoast SEO Premium plugin. -->","yoast_head_json":{"title":"Volkswagen class action lawsuit and settlement - R&amp;U","description":"Volkswagen has broken off talks with the consumer protection organization (VZBV) regarding a settlement in the class action lawsuit.","robots":{"index":"index","follow":"follow","max-snippet":"max-snippet:-1","max-image-preview":"max-image-preview:large","max-video-preview":"max-video-preview:-1"},"canonical":"https:\/\/ru.law\/en\/volkswagen-musterfeststellungsklage-und-vergleich-aktuelle-informationen\/","og_locale":"en_GB","og_type":"article","og_title":"Volkswagen Musterfeststellungsklage und Vergleich: Aktuelle Informationen","og_description":"Volkswagen hat die Gespr\u00e4che zu einer Einigung mit der Verbraucherzentrale (VZBV) in der Musterfeststellungsklage, platzen lassen.","og_url":"https:\/\/ru.law\/en\/volkswagen-musterfeststellungsklage-und-vergleich-aktuelle-informationen\/","og_site_name":"R&amp;U","article_publisher":"https:\/\/www.facebook.com\/RogertUlbrich\/","article_published_time":"2020-02-19T08:45:23+00:00","article_modified_time":"2024-07-08T11:13:11+00:00","og_image":[{"width":1200,"height":675,"url":"https:\/\/ru.law\/wp-content\/uploads\/2020\/02\/volkswagen-logo-chrom.jpg","type":"image\/jpeg"}],"author":"Marco Rogert","twitter_card":"summary_large_image","twitter_creator":"@RogertUlbrich","twitter_site":"@RogertUlbrich","schema":{"@context":"https:\/\/schema.org","@graph":[{"@type":"Article","@id":"https:\/\/ru.law\/volkswagen-musterfeststellungsklage-und-vergleich-aktuelle-informationen\/#article","isPartOf":{"@id":"https:\/\/ru.law\/volkswagen-musterfeststellungsklage-und-vergleich-aktuelle-informationen\/"},"author":{"name":"Marco Rogert","@id":"https:\/\/ru.law\/#\/schema\/person\/b020d506e6bbc471b4565d3a98173b87"},"headline":"Volkswagen Musterfeststellungsklage und Vergleich: Aktuelle Informationen","datePublished":"2020-02-19T08:45:23+00:00","dateModified":"2024-07-08T11:13:11+00:00","mainEntityOfPage":{"@id":"https:\/\/ru.law\/volkswagen-musterfeststellungsklage-und-vergleich-aktuelle-informationen\/"},"wordCount":687,"publisher":{"@id":"https:\/\/ru.law\/#organization"},"image":{"@id":"https:\/\/ru.law\/volkswagen-musterfeststellungsklage-und-vergleich-aktuelle-informationen\/#primaryimage"},"thumbnailUrl":"https:\/\/ru.law\/wp-content\/uploads\/2020\/02\/volkswagen-logo-chrom.jpg","keywords":["VW"],"articleSection":["Abgasskandal","Urteile"],"inLanguage":"en-GB"},{"@type":"WebPage","@id":"https:\/\/ru.law\/volkswagen-musterfeststellungsklage-und-vergleich-aktuelle-informationen\/","url":"https:\/\/ru.law\/volkswagen-musterfeststellungsklage-und-vergleich-aktuelle-informationen\/","name":"Volkswagen class action lawsuit and settlement - R&amp;U","isPartOf":{"@id":"https:\/\/ru.law\/#website"},"primaryImageOfPage":{"@id":"https:\/\/ru.law\/volkswagen-musterfeststellungsklage-und-vergleich-aktuelle-informationen\/#primaryimage"},"image":{"@id":"https:\/\/ru.law\/volkswagen-musterfeststellungsklage-und-vergleich-aktuelle-informationen\/#primaryimage"},"thumbnailUrl":"https:\/\/ru.law\/wp-content\/uploads\/2020\/02\/volkswagen-logo-chrom.jpg","datePublished":"2020-02-19T08:45:23+00:00","dateModified":"2024-07-08T11:13:11+00:00","description":"Volkswagen has broken off talks with the consumer protection organization (VZBV) regarding a settlement in the class action lawsuit.","breadcrumb":{"@id":"https:\/\/ru.law\/volkswagen-musterfeststellungsklage-und-vergleich-aktuelle-informationen\/#breadcrumb"},"inLanguage":"en-GB","potentialAction":[{"@type":"ReadAction","target":["https:\/\/ru.law\/volkswagen-musterfeststellungsklage-und-vergleich-aktuelle-informationen\/"]}]},{"@type":"ImageObject","inLanguage":"en-GB","@id":"https:\/\/ru.law\/volkswagen-musterfeststellungsklage-und-vergleich-aktuelle-informationen\/#primaryimage","url":"https:\/\/ru.law\/wp-content\/uploads\/2020\/02\/volkswagen-logo-chrom.jpg","contentUrl":"https:\/\/ru.law\/wp-content\/uploads\/2020\/02\/volkswagen-logo-chrom.jpg","width":1200,"height":675,"caption":"Volkswagen Logo Chrom"},{"@type":"BreadcrumbList","@id":"https:\/\/ru.law\/volkswagen-musterfeststellungsklage-und-vergleich-aktuelle-informationen\/#breadcrumb","itemListElement":[{"@type":"ListItem","position":1,"name":"Startseite","item":"https:\/\/ru.law\/"},{"@type":"ListItem","position":2,"name":"Volkswagen Musterfeststellungsklage und Vergleich: Aktuelle Informationen"}]},{"@type":"WebSite","@id":"https:\/\/ru.law\/#website","url":"https:\/\/ru.law\/","name":"R&amp;U","description":"Consumer lawyers","publisher":{"@id":"https:\/\/ru.law\/#organization"},"alternateName":"Rogert & Ulbrich","potentialAction":[{"@type":"SearchAction","target":{"@type":"EntryPoint","urlTemplate":"https:\/\/ru.law\/?s={search_term_string}"},"query-input":{"@type":"PropertyValueSpecification","valueRequired":true,"valueName":"search_term_string"}}],"inLanguage":"en-GB"},{"@type":"Organization","@id":"https:\/\/ru.law\/#organization","name":"Rogert &amp; Ulbrich Law Firm","url":"https:\/\/ru.law\/","logo":{"@type":"ImageObject","inLanguage":"en-GB","@id":"https:\/\/ru.law\/#\/schema\/logo\/image\/","url":"https:\/\/ru.law\/wp-content\/uploads\/2020\/12\/logo-ru-law.svg","contentUrl":"https:\/\/ru.law\/wp-content\/uploads\/2020\/12\/logo-ru-law.svg","width":992,"height":259,"caption":"Kanzlei Rogert & Ulbrich"},"image":{"@id":"https:\/\/ru.law\/#\/schema\/logo\/image\/"},"sameAs":["https:\/\/www.facebook.com\/RogertUlbrich\/","https:\/\/x.com\/RogertUlbrich","https:\/\/www.instagram.com\/rogertulbrich\/","https:\/\/www.linkedin.com\/company\/rogert-ulbrich\/","https:\/\/www.youtube.com\/channel\/UCganCgpvwpPFqMFf1vVmG2A"]},{"@type":"Person","@id":"https:\/\/ru.law\/#\/schema\/person\/b020d506e6bbc471b4565d3a98173b87","name":"Marco Rogert","url":"https:\/\/ru.law\/en\/author\/rogertru-law\/"}]}},"uagb_featured_image_src":{"full":["https:\/\/ru.law\/wp-content\/uploads\/2020\/02\/volkswagen-logo-chrom.jpg",1200,675,false],"thumbnail":["https:\/\/ru.law\/wp-content\/uploads\/2020\/02\/volkswagen-logo-chrom-150x150.jpg",96,96,true],"medium":["https:\/\/ru.law\/wp-content\/uploads\/2020\/02\/volkswagen-logo-chrom-300x169.jpg",300,169,true],"medium_large":["https:\/\/ru.law\/wp-content\/uploads\/2020\/02\/volkswagen-logo-chrom-768x432.jpg",768,432,true],"large":["https:\/\/ru.law\/wp-content\/uploads\/2020\/02\/volkswagen-logo-chrom-1024x576.jpg",1024,576,true],"1536x1536":["https:\/\/ru.law\/wp-content\/uploads\/2020\/02\/volkswagen-logo-chrom.jpg",1200,675,false],"2048x2048":["https:\/\/ru.law\/wp-content\/uploads\/2020\/02\/volkswagen-logo-chrom.jpg",1200,675,false],"trp-custom-language-flag":["https:\/\/ru.law\/wp-content\/uploads\/2020\/02\/volkswagen-logo-chrom.jpg",18,10,false]},"uagb_author_info":{"display_name":"Marco Rogert","author_link":"https:\/\/ru.law\/en\/author\/rogertru-law\/"},"uagb_comment_info":0,"uagb_excerpt":"Wie geht es weiter? Am Freitag hat Volkswagen die Gespr\u00e4che zu einer au\u00dfergerichtlichen Einigung mit der Verbraucherzentrale Bundesverband (VZBV), welche&nbsp;Rogert und Ulbrich&nbsp;als Anw\u00e4lte in der [&hellip;]","_links":{"self":[{"href":"https:\/\/ru.law\/en\/wp-json\/wp\/v2\/posts\/5982","targetHints":{"allow":["GET"]}}],"collection":[{"href":"https:\/\/ru.law\/en\/wp-json\/wp\/v2\/posts"}],"about":[{"href":"https:\/\/ru.law\/en\/wp-json\/wp\/v2\/types\/post"}],"author":[{"embeddable":true,"href":"https:\/\/ru.law\/en\/wp-json\/wp\/v2\/users\/21"}],"replies":[{"embeddable":true,"href":"https:\/\/ru.law\/en\/wp-json\/wp\/v2\/comments?post=5982"}],"version-history":[{"count":0,"href":"https:\/\/ru.law\/en\/wp-json\/wp\/v2\/posts\/5982\/revisions"}],"wp:featuredmedia":[{"embeddable":true,"href":"https:\/\/ru.law\/en\/wp-json\/wp\/v2\/media\/7611"}],"wp:attachment":[{"href":"https:\/\/ru.law\/en\/wp-json\/wp\/v2\/media?parent=5982"}],"wp:term":[{"taxonomy":"category","embeddable":true,"href":"https:\/\/ru.law\/en\/wp-json\/wp\/v2\/categories?post=5982"},{"taxonomy":"post_tag","embeddable":true,"href":"https:\/\/ru.law\/en\/wp-json\/wp\/v2\/tags?post=5982"}],"curies":[{"name":"wp","href":"https:\/\/api.w.org\/{rel}","templated":true}]}}