{"id":4887,"date":"2020-04-09T16:26:23","date_gmt":"2020-04-09T14:26:23","guid":{"rendered":"https:\/\/www.rogertulbrich.de\/wp\/?p=4887"},"modified":"2024-07-08T13:13:11","modified_gmt":"2024-07-08T11:13:11","slug":"wann-endet-die-verjaehrungsfrist-fuer-schadensersatzansprueche","status":"publish","type":"post","link":"https:\/\/ru.law\/en\/wann-endet-die-verjaehrungsfrist-fuer-schadensersatzansprueche\/","title":{"rendered":"When does the limitation period for claims for damages end?"},"content":{"rendered":"<h2 class=\"wp-block-heading\" id=\"h-vw-abgasskandal\">VW emissions scandal.<\/h2>\n\n\n\n<p>The <a href=\"https:\/\/ru.law\/en\/expertise\/abgasskandal\/\">diesel emissions scandal<\/a> has been keeping the courts busy for almost five years. Do I still have a chance to sue for damages or have all claims long since expired? Those affected who have not yet taken legal action are asking. Here you can find all the information about the statute of limitations in the emissions scandal.<\/p>\n\n\n\n<p>Car buyers can usually assert warranty claims against the seller due to material defects up to two years after purchasing the vehicle. However, the illegal switch-off devices that VW installed in diesel cars represent intentional, immoral damage. This claim for damages is generally subject to a limitation period of three years until the end of the year. However, it is not clear when exactly this period begins. According to Section 199, Paragraph 1 No. 1 of the German Civil Code, it begins at the end of the year in which the damage occurs, i.e. when the illegal switch-off devices were installed in the vehicle. On the other hand, it is also relevant when the owner of the vehicle found out about the emissions manipulation and his claims (Section 199, Paragraph 1 No. 3 of the German Civil Code).<\/p>\n\n\n\n<h3 class=\"wp-block-heading\" id=\"h-ab-wann-wussten-betrogene-dieselkaufer-von-ihrem-entschadigungsanspruch\">When did cheated diesel buyers know about their right to compensation?<\/h3>\n\n\n\n<p>This is exactly where the crux of the matter lies: when did the affected car owners really have knowledge of the emissions manipulation and their resulting claims against the manufacturers? From September 22, 2015, when VW in a <a href=\"https:\/\/ru.law\/en\/abgasskandal-prozessbetrug-bgh-urteil-zur-vw-ad-hoc-mitteilung\/\">ad hoc announcement<\/a> about &quot;irregularities in the development of diesel engines&quot;? After the recall campaign by the Federal Motor Transport Authority began on October 15, 2015? Or could those affected only assume that they had claims for damages against VW in 2017, when the first courts had made consumer-friendly rulings?<\/p>\n\n\n\n<p>The Trier Regional Court made a remarkable ruling on these questions (September 19, 2019, case number 5 O 417\/18): The three-year limitation period can only begin once there is a decision by the highest court.<\/p>\n\n\n\n\n\n<h3 class=\"wp-block-heading\" id=\"h-solange-eine-entscheidung-des-bgh-nicht-vorliegt-muss-die-rechtslage-als-ungeklart-angesehen-werden\">As long as there is no decision by the Federal Court of Justice, the legal situation must be regarded as unclear<\/h3>\n\n\n<p>Both the Frankfurt am Main Regional Court (judgment of February 5, 2020, case number 2-O4 O 321\/19) and the Duisburg Regional Court (judgment of January 20, 2020, case number 4 O 165\/19) have agreed with the Trier Regional Court&#039;s opinion. The latter even goes further. The judgment states:<\/p>\n<p>&quot;It is objectively unreasonable for an injured party to file a lawsuit because they cannot predict how a lawsuit will be decided by a court dealing with it. It ultimately depends on chance whether they will come across a panel that will uphold or reject their lawsuit. There is now a discernible trend within case law in favor of injured vehicle owners. However, as long as the Federal Court of Justice has not made a decision in a comparable case, the legal situation must be regarded as unclear. This does not place the defendant at an unreasonable disadvantage; it is in their power to bring about a decision by the Federal Court of Justice and thus a clarification of the legal situation.&quot;<\/p>\n\n\n<p>As long as the Federal Court of Justice has not made a decision in the emissions cases, the time limit does not begin to run. It is interesting to note that the 6th Senate, which is responsible for the VW case, has already commented on the subject of the start of the limitation period in previous cases. For example, in a ruling of January 31, 1995, the court pointed out that an injured party &quot;is not obliged to take their own initiative in the interests of the person who caused the damage ... to obtain information about the course of the damage and the identity of the person who caused the damage. In a further ruling (January 18, 2000, case number VI ZR 375\/98), the Senate confirmed the legal opinion once again. Accordingly, injured car buyers do not have to take excessive action in the interests of the car companies in order to ensure that the limitation period begins early.&nbsp;<\/p>\n\n\n\n<section class=\"wp-block-uagb-columns uagb-columns__wrap uagb-columns__background-undefined uagb-columns__stack-mobile uagb-columns__valign-undefined uagb-columns__gap-10 alignundefined uagb-block-a63b8d4d contrast blog_beitraege\"><div class=\"uagb-columns__overlay\"><\/div><div class=\"uagb-columns__inner-wrap uagb-columns__columns-1\">\n<div class=\"wp-block-uagb-column uagb-column__wrap uagb-column__background-undefined uagb-block-6e00ddba\"><div class=\"uagb-column__overlay\"><\/div><div class=\"uagb-column__inner-wrap\">\n<h3 class=\"wp-block-heading\" id=\"das-konnte-sie-auch-interessieren\">You might also be interested in:<\/h3>\n\n\n\n\t\t\t<div class=\"wp-block-uagb-post-grid uagb-post-grid  uagb-post__image-position-top uagb-post__image-enabled uagb-block-ff875f2e     uagb-post__items uagb-post__columns-3 is-grid uagb-post__columns-tablet-2 uagb-post__columns-mobile-1 uagb-post__equal-height\" data-total=\"3\" style=\"\">\n\n\t\t\t\t\t\t\t\t\t\t\t\t<article class=\"uagb-post__inner-wrap\">\t\t\t\t\t\t\t\t<div class='uagb-post__image'>\n\t\t\t\t\t\t\t\t\t<a href=\"https:\/\/ru.law\/en\/diesel-ueberholt-benzinpreis-jetzt-erst-recht\/\" target=\"_self\" rel=\"bookmark noopener noreferrer\" class='uagb-image-ratio-inherit'><img loading=\"lazy\" decoding=\"async\" width=\"1024\" height=\"576\" src=\"https:\/\/ru.law\/wp-content\/uploads\/2022\/03\/2021-News-Header-1200x675-2972-1024x576.jpg\" class=\"attachment-large size-large\" alt=\"Rogert-Ulbrich-Rechtsanwaelte-Kanzlei-Diesel-Benzin-Preise\" srcset=\"https:\/\/ru.law\/wp-content\/uploads\/2022\/03\/2021-News-Header-1200x675-2972-1024x576.jpg 1024w, https:\/\/ru.law\/wp-content\/uploads\/2022\/03\/2021-News-Header-1200x675-2972-300x169.jpg 300w, https:\/\/ru.law\/wp-content\/uploads\/2022\/03\/2021-News-Header-1200x675-2972-768x432.jpg 768w, https:\/\/ru.law\/wp-content\/uploads\/2022\/03\/2021-News-Header-1200x675-2972.jpg 1200w\" sizes=\"auto, (max-width: 1024px) 100vw, 1024px\" \/>\t\t\t\t\t<\/a>\n\t\t\t\t\t\t\t<\/div>\n\t\t\t\t\t\t<h4 class=\"uagb-post__title uagb-post__text\">\n\t\t\t\t<a href=\"https:\/\/ru.law\/en\/diesel-ueberholt-benzinpreis-jetzt-erst-recht\/\" target=\"_self\" rel=\"bookmark noopener noreferrer\">Record prices for diesel - Now is the time to reverse your car<\/a>\n\t\t\t<\/h4>\n\t\t\t\t\t\t<div class='uagb-post__text uagb-post-grid-byline'>\n\t\t\t\t\t\t\t<\/div>\n\t\t\t\t\t\t\t<div class='uagb-post__text uagb-post__excerpt'>\n\t\t\t\t\t<p>Diesel is at a record high in Germany and petrol is also approaching a\u2026\t\t\t\t<\/div>\n\t\t\t\t\t\t<div class=\"uagb-post__text uagb-post__cta wp-block-button\">\n\t\t\t\t<a class=\"wp-block-button__link uagb-text-link\" style=\"\" href=\"https:\/\/ru.law\/en\/diesel-ueberholt-benzinpreis-jetzt-erst-recht\/\" target=\"_self\" rel=\"bookmark noopener noreferrer\">Read More<\/a>\n\t\t\t<\/div>\n\t\t\t\n\t\t\t\t\t\t\t\t<a class=\"uagb-post__link-complete-box\" href=\"https:\/\/ru.law\/en\/diesel-ueberholt-benzinpreis-jetzt-erst-recht\/\" target=\"_self\" rel=\"bookmark noopener noreferrer\"><\/a>\n\t\t\t\t\t\t\t<\/article>\n\t\t\t\t\t\t\t\t\t\t\t\t\t\t\t\t<article class=\"uagb-post__inner-wrap\">\t\t\t\t\t\t\t\t<div class='uagb-post__image'>\n\t\t\t\t\t\t\t\t\t<a href=\"https:\/\/ru.law\/en\/vtdi-abgasskandal-rund-um-vw-audi-und-porsche\/\" target=\"_self\" rel=\"bookmark noopener noreferrer\" class='uagb-image-ratio-inherit'><img loading=\"lazy\" decoding=\"async\" width=\"1024\" height=\"576\" src=\"https:\/\/ru.law\/wp-content\/uploads\/2022\/01\/Rogert-Ulbrich-Rechtsanwaelte-Kanzlei-Abgasskandal-Audi-Verjaehrung-2022-1024x576.jpg\" class=\"attachment-large size-large\" alt=\"\" srcset=\"https:\/\/ru.law\/wp-content\/uploads\/2022\/01\/Rogert-Ulbrich-Rechtsanwaelte-Kanzlei-Abgasskandal-Audi-Verjaehrung-2022-1024x576.jpg 1024w, https:\/\/ru.law\/wp-content\/uploads\/2022\/01\/Rogert-Ulbrich-Rechtsanwaelte-Kanzlei-Abgasskandal-Audi-Verjaehrung-2022-300x169.jpg 300w, https:\/\/ru.law\/wp-content\/uploads\/2022\/01\/Rogert-Ulbrich-Rechtsanwaelte-Kanzlei-Abgasskandal-Audi-Verjaehrung-2022-768x432.jpg 768w, https:\/\/ru.law\/wp-content\/uploads\/2022\/01\/Rogert-Ulbrich-Rechtsanwaelte-Kanzlei-Abgasskandal-Audi-Verjaehrung-2022.jpg 1200w\" sizes=\"auto, (max-width: 1024px) 100vw, 1024px\" \/>\t\t\t\t\t<\/a>\n\t\t\t\t\t\t\t<\/div>\n\t\t\t\t\t\t<h4 class=\"uagb-post__title uagb-post__text\">\n\t\t\t\t<a href=\"https:\/\/ru.law\/en\/vtdi-abgasskandal-rund-um-vw-audi-und-porsche\/\" target=\"_self\" rel=\"bookmark noopener noreferrer\">VTDI emissions scandal involving VW, Audi and Porsche<\/a>\n\t\t\t<\/h4>\n\t\t\t\t\t\t<div class='uagb-post__text uagb-post-grid-byline'>\n\t\t\t\t\t\t\t<\/div>\n\t\t\t\t\t\t\t<div class='uagb-post__text uagb-post__excerpt'>\n\t\t\t\t\t<p>For many German car manufacturers, the diesel emissions scandal is still omnipresent, including the VW Group\u2026\t\t\t\t<\/div>\n\t\t\t\t\t\t<div class=\"uagb-post__text uagb-post__cta wp-block-button\">\n\t\t\t\t<a class=\"wp-block-button__link uagb-text-link\" style=\"\" href=\"https:\/\/ru.law\/en\/vtdi-abgasskandal-rund-um-vw-audi-und-porsche\/\" target=\"_self\" rel=\"bookmark noopener noreferrer\">Read More<\/a>\n\t\t\t<\/div>\n\t\t\t\n\t\t\t\t\t\t\t\t<a class=\"uagb-post__link-complete-box\" href=\"https:\/\/ru.law\/en\/vtdi-abgasskandal-rund-um-vw-audi-und-porsche\/\" target=\"_self\" rel=\"bookmark noopener noreferrer\"><\/a>\n\t\t\t\t\t\t\t<\/article>\n\t\t\t\t\t\t\t\t\t\t\t\t\t\t\t\t<article class=\"uagb-post__inner-wrap\">\t\t\t\t\t\t\t\t<div class='uagb-post__image'>\n\t\t\t\t\t\t\t\t\t<a href=\"https:\/\/ru.law\/en\/olg-koeln-verurteilt-audi-ag\/\" target=\"_self\" rel=\"bookmark noopener noreferrer\" class='uagb-image-ratio-inherit'><img loading=\"lazy\" decoding=\"async\" width=\"1024\" height=\"576\" src=\"https:\/\/ru.law\/wp-content\/uploads\/2021\/09\/rogert-ulbrich-rechtsanwalt-kanzlei-abgasskandal-premium-modelle-porsche-42l-1024x576.jpg\" class=\"attachment-large size-large\" alt=\"\" srcset=\"https:\/\/ru.law\/wp-content\/uploads\/2021\/09\/rogert-ulbrich-rechtsanwalt-kanzlei-abgasskandal-premium-modelle-porsche-42l-1024x576.jpg 1024w, https:\/\/ru.law\/wp-content\/uploads\/2021\/09\/rogert-ulbrich-rechtsanwalt-kanzlei-abgasskandal-premium-modelle-porsche-42l-300x169.jpg 300w, https:\/\/ru.law\/wp-content\/uploads\/2021\/09\/rogert-ulbrich-rechtsanwalt-kanzlei-abgasskandal-premium-modelle-porsche-42l-768x432.jpg 768w, https:\/\/ru.law\/wp-content\/uploads\/2021\/09\/rogert-ulbrich-rechtsanwalt-kanzlei-abgasskandal-premium-modelle-porsche-42l.jpg 1200w\" sizes=\"auto, (max-width: 1024px) 100vw, 1024px\" \/>\t\t\t\t\t<\/a>\n\t\t\t\t\t\t\t<\/div>\n\t\t\t\t\t\t<h4 class=\"uagb-post__title uagb-post__text\">\n\t\t\t\t<a href=\"https:\/\/ru.law\/en\/olg-koeln-verurteilt-audi-ag\/\" target=\"_self\" rel=\"bookmark noopener noreferrer\">Audi AG ordered to take back a Porsche Cayenne S<\/a>\n\t\t\t<\/h4>\n\t\t\t\t\t\t<div class='uagb-post__text uagb-post-grid-byline'>\n\t\t\t\t\t\t\t<\/div>\n\t\t\t\t\t\t\t<div class='uagb-post__text uagb-post__excerpt'>\n\t\t\t\t\t<p>Audi AG was ordered by the Cologne Higher Regional Court to take back a Porsche Cayenne S 4.2l\u2026.\t\t\t\t<\/div>\n\t\t\t\t\t\t<div class=\"uagb-post__text uagb-post__cta wp-block-button\">\n\t\t\t\t<a class=\"wp-block-button__link uagb-text-link\" style=\"\" href=\"https:\/\/ru.law\/en\/olg-koeln-verurteilt-audi-ag\/\" target=\"_self\" rel=\"bookmark noopener noreferrer\">Read More<\/a>\n\t\t\t<\/div>\n\t\t\t\n\t\t\t\t\t\t\t\t<a class=\"uagb-post__link-complete-box\" href=\"https:\/\/ru.law\/en\/olg-koeln-verurteilt-audi-ag\/\" target=\"_self\" rel=\"bookmark noopener noreferrer\"><\/a>\n\t\t\t\t\t\t\t<\/article>\n\t\t\t\t\t\t\t\t\t\t\t<\/div>\n\t\t\t\n\n\n<p><\/p>\n<\/div><\/div>\n<\/div><\/section>","protected":false},"excerpt":{"rendered":"<p>VW Abgasskandal. Der Diesel-Abgasskandal besch\u00e4ftigt die Gerichte bereits seit fast f\u00fcnf Jahren. Habe ich \u00fcberhaupt noch eine Chance, auf Schadenersatz zu klagen oder sind alle [&hellip;]<\/p>\n","protected":false},"author":21,"featured_media":7605,"comment_status":"closed","ping_status":"open","sticky":false,"template":"","format":"standard","meta":{"_uag_custom_page_level_css":"","site-sidebar-layout":"default","site-content-layout":"default","ast-site-content-layout":"default","site-content-style":"default","site-sidebar-style":"default","ast-global-header-display":"","ast-banner-title-visibility":"","ast-main-header-display":"","ast-hfb-above-header-display":"","ast-hfb-below-header-display":"","ast-hfb-mobile-header-display":"","site-post-title":"","ast-breadcrumbs-content":"","ast-featured-img":"","footer-sml-layout":"","ast-disable-related-posts":"","theme-transparent-header-meta":"default","adv-header-id-meta":"","stick-header-meta":"","header-above-stick-meta":"","header-main-stick-meta":"","header-below-stick-meta":"","astra-migrate-meta-layouts":"default","ast-page-background-enabled":"default","ast-page-background-meta":{"desktop":{"background-color":"","background-image":"","background-repeat":"repeat","background-position":"center center","background-size":"auto","background-attachment":"scroll","background-type":"","background-media":"","overlay-type":"","overlay-color":"","overlay-opacity":"","overlay-gradient":""},"tablet":{"background-color":"","background-image":"","background-repeat":"repeat","background-position":"center center","background-size":"auto","background-attachment":"scroll","background-type":"","background-media":"","overlay-type":"","overlay-color":"","overlay-opacity":"","overlay-gradient":""},"mobile":{"background-color":"","background-image":"","background-repeat":"repeat","background-position":"center center","background-size":"auto","background-attachment":"scroll","background-type":"","background-media":"","overlay-type":"","overlay-color":"","overlay-opacity":"","overlay-gradient":""}},"ast-content-background-meta":{"desktop":{"background-color":"var(--ast-global-color-5)","background-image":"","background-repeat":"repeat","background-position":"center center","background-size":"auto","background-attachment":"scroll","background-type":"","background-media":"","overlay-type":"","overlay-color":"","overlay-opacity":"","overlay-gradient":""},"tablet":{"background-color":"var(--ast-global-color-5)","background-image":"","background-repeat":"repeat","background-position":"center center","background-size":"auto","background-attachment":"scroll","background-type":"","background-media":"","overlay-type":"","overlay-color":"","overlay-opacity":"","overlay-gradient":""},"mobile":{"background-color":"var(--ast-global-color-5)","background-image":"","background-repeat":"repeat","background-position":"center center","background-size":"auto","background-attachment":"scroll","background-type":"","background-media":"","overlay-type":"","overlay-color":"","overlay-opacity":"","overlay-gradient":""}},"footnotes":""},"categories":[2],"tags":[14,37,45],"class_list":["post-4887","post","type-post","status-publish","format-standard","has-post-thumbnail","hentry","category-abgasskandal","tag-bgh","tag-schadensersatz","tag-vw"],"yoast_head":"<!-- This site is optimized with the Yoast SEO Premium plugin v27.4 (Yoast SEO v27.4) - https:\/\/yoast.com\/product\/yoast-seo-premium-wordpress\/ -->\n<title>Wann endet die Verj\u00e4hrungsfrist f\u00fcr Schadensersatzanspr\u00fcche? - R&amp;U<\/title>\n<meta name=\"description\" content=\"Hier finden Sie alle Informationen zur Verj\u00e4hrungsfrist f\u00fcr Ihre Schadensersatzanspr\u00fcche im Diesel-Abgasskandal. Jetzt informieren!\" \/>\n<meta name=\"robots\" content=\"index, follow, max-snippet:-1, max-image-preview:large, max-video-preview:-1\" \/>\n<link rel=\"canonical\" href=\"https:\/\/ru.law\/en\/wann-endet-die-verjaehrungsfrist-fuer-schadensersatzansprueche\/\" \/>\n<meta property=\"og:locale\" content=\"en_GB\" \/>\n<meta property=\"og:type\" content=\"article\" \/>\n<meta property=\"og:title\" content=\"Wann endet die Verj\u00e4hrungsfrist f\u00fcr Schadensersatzanspr\u00fcche?\" \/>\n<meta property=\"og:description\" content=\"Hier finden Sie alle Informationen zur Verj\u00e4hrungsfrist f\u00fcr Ihre Schadensersatzanspr\u00fcche im Diesel-Abgasskandal. Jetzt informieren!\" \/>\n<meta property=\"og:url\" content=\"https:\/\/ru.law\/en\/wann-endet-die-verjaehrungsfrist-fuer-schadensersatzansprueche\/\" \/>\n<meta property=\"og:site_name\" content=\"R&amp;U\" \/>\n<meta property=\"article:publisher\" content=\"https:\/\/www.facebook.com\/RogertUlbrich\/\" \/>\n<meta property=\"article:published_time\" content=\"2020-04-09T14:26:23+00:00\" \/>\n<meta property=\"article:modified_time\" content=\"2024-07-08T11:13:11+00:00\" \/>\n<meta property=\"og:image\" content=\"https:\/\/ru.law\/wp-content\/uploads\/2020\/04\/abgasskandal-verjaehrungsfrist-detail.jpg\" \/>\n\t<meta property=\"og:image:width\" content=\"1200\" \/>\n\t<meta property=\"og:image:height\" content=\"675\" \/>\n\t<meta property=\"og:image:type\" content=\"image\/jpeg\" \/>\n<meta name=\"author\" content=\"Marco Rogert\" \/>\n<meta name=\"twitter:card\" content=\"summary_large_image\" \/>\n<meta name=\"twitter:creator\" content=\"@RogertUlbrich\" \/>\n<meta name=\"twitter:site\" content=\"@RogertUlbrich\" \/>\n<script type=\"application\/ld+json\" class=\"yoast-schema-graph\">{\"@context\":\"https:\\\/\\\/schema.org\",\"@graph\":[{\"@type\":\"Article\",\"@id\":\"https:\\\/\\\/ru.law\\\/wann-endet-die-verjaehrungsfrist-fuer-schadensersatzansprueche\\\/#article\",\"isPartOf\":{\"@id\":\"https:\\\/\\\/ru.law\\\/wann-endet-die-verjaehrungsfrist-fuer-schadensersatzansprueche\\\/\"},\"author\":{\"name\":\"Marco Rogert\",\"@id\":\"https:\\\/\\\/ru.law\\\/#\\\/schema\\\/person\\\/b020d506e6bbc471b4565d3a98173b87\"},\"headline\":\"Wann endet die Verj\u00e4hrungsfrist f\u00fcr Schadensersatzanspr\u00fcche?\",\"datePublished\":\"2020-04-09T14:26:23+00:00\",\"dateModified\":\"2024-07-08T11:13:11+00:00\",\"mainEntityOfPage\":{\"@id\":\"https:\\\/\\\/ru.law\\\/wann-endet-die-verjaehrungsfrist-fuer-schadensersatzansprueche\\\/\"},\"wordCount\":592,\"publisher\":{\"@id\":\"https:\\\/\\\/ru.law\\\/#organization\"},\"image\":{\"@id\":\"https:\\\/\\\/ru.law\\\/wann-endet-die-verjaehrungsfrist-fuer-schadensersatzansprueche\\\/#primaryimage\"},\"thumbnailUrl\":\"https:\\\/\\\/ru.law\\\/wp-content\\\/uploads\\\/2020\\\/04\\\/abgasskandal-verjaehrungsfrist-detail.jpg\",\"keywords\":[\"BGH\",\"Schadensersatz\",\"VW\"],\"articleSection\":[\"Abgasskandal\"],\"inLanguage\":\"en-GB\"},{\"@type\":\"WebPage\",\"@id\":\"https:\\\/\\\/ru.law\\\/wann-endet-die-verjaehrungsfrist-fuer-schadensersatzansprueche\\\/\",\"url\":\"https:\\\/\\\/ru.law\\\/wann-endet-die-verjaehrungsfrist-fuer-schadensersatzansprueche\\\/\",\"name\":\"Wann endet die Verj\u00e4hrungsfrist f\u00fcr Schadensersatzanspr\u00fcche? - R&amp;U\",\"isPartOf\":{\"@id\":\"https:\\\/\\\/ru.law\\\/#website\"},\"primaryImageOfPage\":{\"@id\":\"https:\\\/\\\/ru.law\\\/wann-endet-die-verjaehrungsfrist-fuer-schadensersatzansprueche\\\/#primaryimage\"},\"image\":{\"@id\":\"https:\\\/\\\/ru.law\\\/wann-endet-die-verjaehrungsfrist-fuer-schadensersatzansprueche\\\/#primaryimage\"},\"thumbnailUrl\":\"https:\\\/\\\/ru.law\\\/wp-content\\\/uploads\\\/2020\\\/04\\\/abgasskandal-verjaehrungsfrist-detail.jpg\",\"datePublished\":\"2020-04-09T14:26:23+00:00\",\"dateModified\":\"2024-07-08T11:13:11+00:00\",\"description\":\"Hier finden Sie alle Informationen zur Verj\u00e4hrungsfrist f\u00fcr Ihre Schadensersatzanspr\u00fcche im Diesel-Abgasskandal. Jetzt informieren!\",\"breadcrumb\":{\"@id\":\"https:\\\/\\\/ru.law\\\/wann-endet-die-verjaehrungsfrist-fuer-schadensersatzansprueche\\\/#breadcrumb\"},\"inLanguage\":\"en-GB\",\"potentialAction\":[{\"@type\":\"ReadAction\",\"target\":[\"https:\\\/\\\/ru.law\\\/wann-endet-die-verjaehrungsfrist-fuer-schadensersatzansprueche\\\/\"]}]},{\"@type\":\"ImageObject\",\"inLanguage\":\"en-GB\",\"@id\":\"https:\\\/\\\/ru.law\\\/wann-endet-die-verjaehrungsfrist-fuer-schadensersatzansprueche\\\/#primaryimage\",\"url\":\"https:\\\/\\\/ru.law\\\/wp-content\\\/uploads\\\/2020\\\/04\\\/abgasskandal-verjaehrungsfrist-detail.jpg\",\"contentUrl\":\"https:\\\/\\\/ru.law\\\/wp-content\\\/uploads\\\/2020\\\/04\\\/abgasskandal-verjaehrungsfrist-detail.jpg\",\"width\":1200,\"height\":675,\"caption\":\"Abgasskandal Verjaehrungsfrist Detail\"},{\"@type\":\"BreadcrumbList\",\"@id\":\"https:\\\/\\\/ru.law\\\/wann-endet-die-verjaehrungsfrist-fuer-schadensersatzansprueche\\\/#breadcrumb\",\"itemListElement\":[{\"@type\":\"ListItem\",\"position\":1,\"name\":\"Startseite\",\"item\":\"https:\\\/\\\/ru.law\\\/\"},{\"@type\":\"ListItem\",\"position\":2,\"name\":\"Wann endet die Verj\u00e4hrungsfrist f\u00fcr Schadensersatzanspr\u00fcche?\"}]},{\"@type\":\"WebSite\",\"@id\":\"https:\\\/\\\/ru.law\\\/#website\",\"url\":\"https:\\\/\\\/ru.law\\\/\",\"name\":\"R&U\",\"description\":\"Verbraucheranw\u00e4lte\",\"publisher\":{\"@id\":\"https:\\\/\\\/ru.law\\\/#organization\"},\"alternateName\":\"Rogert & Ulbrich\",\"potentialAction\":[{\"@type\":\"SearchAction\",\"target\":{\"@type\":\"EntryPoint\",\"urlTemplate\":\"https:\\\/\\\/ru.law\\\/?s={search_term_string}\"},\"query-input\":{\"@type\":\"PropertyValueSpecification\",\"valueRequired\":true,\"valueName\":\"search_term_string\"}}],\"inLanguage\":\"en-GB\"},{\"@type\":\"Organization\",\"@id\":\"https:\\\/\\\/ru.law\\\/#organization\",\"name\":\"Kanzlei Rogert & Ulbrich\",\"url\":\"https:\\\/\\\/ru.law\\\/\",\"logo\":{\"@type\":\"ImageObject\",\"inLanguage\":\"en-GB\",\"@id\":\"https:\\\/\\\/ru.law\\\/#\\\/schema\\\/logo\\\/image\\\/\",\"url\":\"https:\\\/\\\/ru.law\\\/wp-content\\\/uploads\\\/2020\\\/12\\\/logo-ru-law.svg\",\"contentUrl\":\"https:\\\/\\\/ru.law\\\/wp-content\\\/uploads\\\/2020\\\/12\\\/logo-ru-law.svg\",\"width\":992,\"height\":259,\"caption\":\"Kanzlei Rogert & Ulbrich\"},\"image\":{\"@id\":\"https:\\\/\\\/ru.law\\\/#\\\/schema\\\/logo\\\/image\\\/\"},\"sameAs\":[\"https:\\\/\\\/www.facebook.com\\\/RogertUlbrich\\\/\",\"https:\\\/\\\/x.com\\\/RogertUlbrich\",\"https:\\\/\\\/www.instagram.com\\\/rogertulbrich\\\/\",\"https:\\\/\\\/www.linkedin.com\\\/company\\\/rogert-ulbrich\\\/\",\"https:\\\/\\\/www.youtube.com\\\/channel\\\/UCganCgpvwpPFqMFf1vVmG2A\"]},{\"@type\":\"Person\",\"@id\":\"https:\\\/\\\/ru.law\\\/#\\\/schema\\\/person\\\/b020d506e6bbc471b4565d3a98173b87\",\"name\":\"Marco Rogert\",\"url\":\"https:\\\/\\\/ru.law\\\/en\\\/author\\\/rogertru-law\\\/\"}]}<\/script>\n<!-- \/ Yoast SEO Premium plugin. -->","yoast_head_json":{"title":"Wann endet die Verj\u00e4hrungsfrist f\u00fcr Schadensersatzanspr\u00fcche? - R&amp;U","description":"Hier finden Sie alle Informationen zur Verj\u00e4hrungsfrist f\u00fcr Ihre Schadensersatzanspr\u00fcche im Diesel-Abgasskandal. Jetzt informieren!","robots":{"index":"index","follow":"follow","max-snippet":"max-snippet:-1","max-image-preview":"max-image-preview:large","max-video-preview":"max-video-preview:-1"},"canonical":"https:\/\/ru.law\/en\/wann-endet-die-verjaehrungsfrist-fuer-schadensersatzansprueche\/","og_locale":"en_GB","og_type":"article","og_title":"Wann endet die Verj\u00e4hrungsfrist f\u00fcr Schadensersatzanspr\u00fcche?","og_description":"Hier finden Sie alle Informationen zur Verj\u00e4hrungsfrist f\u00fcr Ihre Schadensersatzanspr\u00fcche im Diesel-Abgasskandal. Jetzt informieren!","og_url":"https:\/\/ru.law\/en\/wann-endet-die-verjaehrungsfrist-fuer-schadensersatzansprueche\/","og_site_name":"R&amp;U","article_publisher":"https:\/\/www.facebook.com\/RogertUlbrich\/","article_published_time":"2020-04-09T14:26:23+00:00","article_modified_time":"2024-07-08T11:13:11+00:00","og_image":[{"width":1200,"height":675,"url":"https:\/\/ru.law\/wp-content\/uploads\/2020\/04\/abgasskandal-verjaehrungsfrist-detail.jpg","type":"image\/jpeg"}],"author":"Marco Rogert","twitter_card":"summary_large_image","twitter_creator":"@RogertUlbrich","twitter_site":"@RogertUlbrich","schema":{"@context":"https:\/\/schema.org","@graph":[{"@type":"Article","@id":"https:\/\/ru.law\/wann-endet-die-verjaehrungsfrist-fuer-schadensersatzansprueche\/#article","isPartOf":{"@id":"https:\/\/ru.law\/wann-endet-die-verjaehrungsfrist-fuer-schadensersatzansprueche\/"},"author":{"name":"Marco Rogert","@id":"https:\/\/ru.law\/#\/schema\/person\/b020d506e6bbc471b4565d3a98173b87"},"headline":"Wann endet die Verj\u00e4hrungsfrist f\u00fcr Schadensersatzanspr\u00fcche?","datePublished":"2020-04-09T14:26:23+00:00","dateModified":"2024-07-08T11:13:11+00:00","mainEntityOfPage":{"@id":"https:\/\/ru.law\/wann-endet-die-verjaehrungsfrist-fuer-schadensersatzansprueche\/"},"wordCount":592,"publisher":{"@id":"https:\/\/ru.law\/#organization"},"image":{"@id":"https:\/\/ru.law\/wann-endet-die-verjaehrungsfrist-fuer-schadensersatzansprueche\/#primaryimage"},"thumbnailUrl":"https:\/\/ru.law\/wp-content\/uploads\/2020\/04\/abgasskandal-verjaehrungsfrist-detail.jpg","keywords":["BGH","Schadensersatz","VW"],"articleSection":["Abgasskandal"],"inLanguage":"en-GB"},{"@type":"WebPage","@id":"https:\/\/ru.law\/wann-endet-die-verjaehrungsfrist-fuer-schadensersatzansprueche\/","url":"https:\/\/ru.law\/wann-endet-die-verjaehrungsfrist-fuer-schadensersatzansprueche\/","name":"Wann endet die Verj\u00e4hrungsfrist f\u00fcr Schadensersatzanspr\u00fcche? - R&amp;U","isPartOf":{"@id":"https:\/\/ru.law\/#website"},"primaryImageOfPage":{"@id":"https:\/\/ru.law\/wann-endet-die-verjaehrungsfrist-fuer-schadensersatzansprueche\/#primaryimage"},"image":{"@id":"https:\/\/ru.law\/wann-endet-die-verjaehrungsfrist-fuer-schadensersatzansprueche\/#primaryimage"},"thumbnailUrl":"https:\/\/ru.law\/wp-content\/uploads\/2020\/04\/abgasskandal-verjaehrungsfrist-detail.jpg","datePublished":"2020-04-09T14:26:23+00:00","dateModified":"2024-07-08T11:13:11+00:00","description":"Hier finden Sie alle Informationen zur Verj\u00e4hrungsfrist f\u00fcr Ihre Schadensersatzanspr\u00fcche im Diesel-Abgasskandal. Jetzt informieren!","breadcrumb":{"@id":"https:\/\/ru.law\/wann-endet-die-verjaehrungsfrist-fuer-schadensersatzansprueche\/#breadcrumb"},"inLanguage":"en-GB","potentialAction":[{"@type":"ReadAction","target":["https:\/\/ru.law\/wann-endet-die-verjaehrungsfrist-fuer-schadensersatzansprueche\/"]}]},{"@type":"ImageObject","inLanguage":"en-GB","@id":"https:\/\/ru.law\/wann-endet-die-verjaehrungsfrist-fuer-schadensersatzansprueche\/#primaryimage","url":"https:\/\/ru.law\/wp-content\/uploads\/2020\/04\/abgasskandal-verjaehrungsfrist-detail.jpg","contentUrl":"https:\/\/ru.law\/wp-content\/uploads\/2020\/04\/abgasskandal-verjaehrungsfrist-detail.jpg","width":1200,"height":675,"caption":"Abgasskandal Verjaehrungsfrist Detail"},{"@type":"BreadcrumbList","@id":"https:\/\/ru.law\/wann-endet-die-verjaehrungsfrist-fuer-schadensersatzansprueche\/#breadcrumb","itemListElement":[{"@type":"ListItem","position":1,"name":"Startseite","item":"https:\/\/ru.law\/"},{"@type":"ListItem","position":2,"name":"Wann endet die Verj\u00e4hrungsfrist f\u00fcr Schadensersatzanspr\u00fcche?"}]},{"@type":"WebSite","@id":"https:\/\/ru.law\/#website","url":"https:\/\/ru.law\/","name":"R&amp;U","description":"Consumer lawyers","publisher":{"@id":"https:\/\/ru.law\/#organization"},"alternateName":"Rogert & Ulbrich","potentialAction":[{"@type":"SearchAction","target":{"@type":"EntryPoint","urlTemplate":"https:\/\/ru.law\/?s={search_term_string}"},"query-input":{"@type":"PropertyValueSpecification","valueRequired":true,"valueName":"search_term_string"}}],"inLanguage":"en-GB"},{"@type":"Organization","@id":"https:\/\/ru.law\/#organization","name":"Rogert &amp; Ulbrich Law Firm","url":"https:\/\/ru.law\/","logo":{"@type":"ImageObject","inLanguage":"en-GB","@id":"https:\/\/ru.law\/#\/schema\/logo\/image\/","url":"https:\/\/ru.law\/wp-content\/uploads\/2020\/12\/logo-ru-law.svg","contentUrl":"https:\/\/ru.law\/wp-content\/uploads\/2020\/12\/logo-ru-law.svg","width":992,"height":259,"caption":"Kanzlei Rogert & Ulbrich"},"image":{"@id":"https:\/\/ru.law\/#\/schema\/logo\/image\/"},"sameAs":["https:\/\/www.facebook.com\/RogertUlbrich\/","https:\/\/x.com\/RogertUlbrich","https:\/\/www.instagram.com\/rogertulbrich\/","https:\/\/www.linkedin.com\/company\/rogert-ulbrich\/","https:\/\/www.youtube.com\/channel\/UCganCgpvwpPFqMFf1vVmG2A"]},{"@type":"Person","@id":"https:\/\/ru.law\/#\/schema\/person\/b020d506e6bbc471b4565d3a98173b87","name":"Marco Rogert","url":"https:\/\/ru.law\/en\/author\/rogertru-law\/"}]}},"uagb_featured_image_src":{"full":["https:\/\/ru.law\/wp-content\/uploads\/2020\/04\/abgasskandal-verjaehrungsfrist-detail.jpg",1200,675,false],"thumbnail":["https:\/\/ru.law\/wp-content\/uploads\/2020\/04\/abgasskandal-verjaehrungsfrist-detail-150x150.jpg",96,96,true],"medium":["https:\/\/ru.law\/wp-content\/uploads\/2020\/04\/abgasskandal-verjaehrungsfrist-detail-300x169.jpg",300,169,true],"medium_large":["https:\/\/ru.law\/wp-content\/uploads\/2020\/04\/abgasskandal-verjaehrungsfrist-detail-768x432.jpg",768,432,true],"large":["https:\/\/ru.law\/wp-content\/uploads\/2020\/04\/abgasskandal-verjaehrungsfrist-detail-1024x576.jpg",1024,576,true],"1536x1536":["https:\/\/ru.law\/wp-content\/uploads\/2020\/04\/abgasskandal-verjaehrungsfrist-detail.jpg",1200,675,false],"2048x2048":["https:\/\/ru.law\/wp-content\/uploads\/2020\/04\/abgasskandal-verjaehrungsfrist-detail.jpg",1200,675,false],"trp-custom-language-flag":["https:\/\/ru.law\/wp-content\/uploads\/2020\/04\/abgasskandal-verjaehrungsfrist-detail.jpg",18,10,false]},"uagb_author_info":{"display_name":"Marco Rogert","author_link":"https:\/\/ru.law\/en\/author\/rogertru-law\/"},"uagb_comment_info":0,"uagb_excerpt":"VW Abgasskandal. Der Diesel-Abgasskandal besch\u00e4ftigt die Gerichte bereits seit fast f\u00fcnf Jahren. Habe ich \u00fcberhaupt noch eine Chance, auf Schadenersatz zu klagen oder sind alle [&hellip;]","_links":{"self":[{"href":"https:\/\/ru.law\/en\/wp-json\/wp\/v2\/posts\/4887","targetHints":{"allow":["GET"]}}],"collection":[{"href":"https:\/\/ru.law\/en\/wp-json\/wp\/v2\/posts"}],"about":[{"href":"https:\/\/ru.law\/en\/wp-json\/wp\/v2\/types\/post"}],"author":[{"embeddable":true,"href":"https:\/\/ru.law\/en\/wp-json\/wp\/v2\/users\/21"}],"replies":[{"embeddable":true,"href":"https:\/\/ru.law\/en\/wp-json\/wp\/v2\/comments?post=4887"}],"version-history":[{"count":0,"href":"https:\/\/ru.law\/en\/wp-json\/wp\/v2\/posts\/4887\/revisions"}],"wp:featuredmedia":[{"embeddable":true,"href":"https:\/\/ru.law\/en\/wp-json\/wp\/v2\/media\/7605"}],"wp:attachment":[{"href":"https:\/\/ru.law\/en\/wp-json\/wp\/v2\/media?parent=4887"}],"wp:term":[{"taxonomy":"category","embeddable":true,"href":"https:\/\/ru.law\/en\/wp-json\/wp\/v2\/categories?post=4887"},{"taxonomy":"post_tag","embeddable":true,"href":"https:\/\/ru.law\/en\/wp-json\/wp\/v2\/tags?post=4887"}],"curies":[{"name":"wp","href":"https:\/\/api.w.org\/{rel}","templated":true}]}}