{"id":3422,"date":"2020-09-01T15:35:26","date_gmt":"2020-09-01T13:35:26","guid":{"rendered":"https:\/\/www.rogertulbrich.de\/wp\/?p=3422"},"modified":"2024-07-08T13:12:56","modified_gmt":"2024-07-08T11:12:56","slug":"abgasskandal-45-000-eur-schadensersatz-fuer-audi-q5-fahrer","status":"publish","type":"post","link":"https:\/\/ru.law\/en\/abgasskandal-45-000-eur-schadensersatz-fuer-audi-q5-fahrer\/","title":{"rendered":"45,000+ EUR compensation for Audi Q5 driver"},"content":{"rendered":"<h2 class=\"wp-block-heading\" id=\"h-audi-legt-keine-berufung-gegen-urteil-ein\">Audi does not appeal the verdict.<\/h2>\n\n\n\n<p>Another victory for consumers in the emissions scandal. In a recent case, the owner of an Audi Q5 with a 3.0l engine sued Audi AG and won.<\/p>\n\n\n\n<p>The Ingolstadt Regional Court sentenced <a href=\"https:\/\/ru.law\/en\/expertise\/abgasskandal\/audi-diesel\/\">Audi<\/a> to pay&nbsp;<strong>45,866.81 euros in damages<\/strong>&nbsp;and to take back the manipulated car.<\/p>\n\n\n\n<p>The owner of the vehicle had bought the car new in June 2015 for 58,770 euros and had driven it almost 77,000 km up until the day of the court hearing. With a total mileage of 300,000 km assumed by the court, this results in compensation for use of a good 15,700 euros, which is to be credited to the plaintiff.<\/p>\n\n\n\n<p>The Ingolstadt Regional Court again confirmed that the car manufacturer&#039;s conduct violated common decency. The deception served the purpose of avoiding legally and technically sound but more expensive solutions for exhaust gas purification in order to reduce costs - no other motives were explained by Audi, nor were they otherwise apparent. In addition, the car manufacturer had achieved a competitive advantage with the help of the apparently environmentally friendly test bench values. This pursuit of profit at the price of deceiving and disadvantaging customers already gave Audi&#039;s actions the character of immorality, the verdict states.<\/p>\n\n\n\n<p>It is astonishing, but Audi AG has not appealed against a ruling by the Ingolstadt Regional Court.<\/p>\n\n\n\n<h3 class=\"wp-block-heading\" id=\"h-die-vw-tochter-legt-keine-berufung-ein-urteil-rechtskraftig-und-dieses-urteil-rechtskraftig\">The VW subsidiary is not appealing. The verdict is final! and this verdict is final!<\/h3>\n\n\n\n<p>As usual, the VW subsidiary has not appealed against this ruling. <a href=\"https:\/\/ru.law\/en\/expertise\/abgasskandal\/audi-diesel\/\">Audi<\/a> One can only speculate as to why this prompted the court not to take further action against the judgment of the Ingolstadt Regional Court.<\/p>\n\n\n\n<p>Is it the costs that will be saved on both sides by this step or is it the likely defeat in court?<\/p>\n\n\n\n<p>A negative side effect of an appeal would be that the proceedings would have dragged on. The vehicle owner would probably have continued to drive the car and could have claimed higher compensation for use. The amount to be paid out by Audi would therefore be significantly reduced.<\/p>\n\n\n\n<p>All affected Audi owners will definitely be happy because they will get their damages reimbursed quicker than expected and will be able to return the car.<\/p>\n\n\n\n<section class=\"wp-block-uagb-columns uagb-columns__wrap uagb-columns__background-undefined uagb-columns__stack-mobile uagb-columns__valign-undefined uagb-columns__gap-10 alignundefined uagb-block-a63b8d4d contrast blog_beitraege\"><div class=\"uagb-columns__overlay\"><\/div><div class=\"uagb-columns__inner-wrap uagb-columns__columns-1\">\n<div class=\"wp-block-uagb-column uagb-column__wrap uagb-column__background-undefined uagb-block-6e00ddba\"><div class=\"uagb-column__overlay\"><\/div><div class=\"uagb-column__inner-wrap\">\n<h3 class=\"wp-block-heading\" id=\"das-konnte-sie-auch-interessieren\">You might also be interested in:<\/h3>\n\n\n\n\t\t\t<div class=\"wp-block-uagb-post-grid uagb-post-grid  uagb-post__image-position-top uagb-post__image-enabled uagb-block-ff875f2e     uagb-post__items uagb-post__columns-3 is-grid uagb-post__columns-tablet-2 uagb-post__columns-mobile-1 uagb-post__equal-height\" data-total=\"3\" style=\"\">\n\n\t\t\t\t\t\t\t\t\t\t\t\t<article class=\"uagb-post__inner-wrap\">\t\t\t\t\t\t\t\t<div class='uagb-post__image'>\n\t\t\t\t\t\t\t\t\t<a href=\"https:\/\/ru.law\/en\/diesel-ueberholt-benzinpreis-jetzt-erst-recht\/\" target=\"_self\" rel=\"bookmark noopener noreferrer\" class='uagb-image-ratio-inherit'><img loading=\"lazy\" decoding=\"async\" width=\"1024\" height=\"576\" src=\"https:\/\/ru.law\/wp-content\/uploads\/2022\/03\/2021-News-Header-1200x675-2972-1024x576.jpg\" class=\"attachment-large size-large\" alt=\"Rogert-Ulbrich-Rechtsanwaelte-Kanzlei-Diesel-Benzin-Preise\" srcset=\"https:\/\/ru.law\/wp-content\/uploads\/2022\/03\/2021-News-Header-1200x675-2972-1024x576.jpg 1024w, https:\/\/ru.law\/wp-content\/uploads\/2022\/03\/2021-News-Header-1200x675-2972-300x169.jpg 300w, https:\/\/ru.law\/wp-content\/uploads\/2022\/03\/2021-News-Header-1200x675-2972-768x432.jpg 768w, https:\/\/ru.law\/wp-content\/uploads\/2022\/03\/2021-News-Header-1200x675-2972.jpg 1200w\" sizes=\"auto, (max-width: 1024px) 100vw, 1024px\" \/>\t\t\t\t\t<\/a>\n\t\t\t\t\t\t\t<\/div>\n\t\t\t\t\t\t<h4 class=\"uagb-post__title uagb-post__text\">\n\t\t\t\t<a href=\"https:\/\/ru.law\/en\/diesel-ueberholt-benzinpreis-jetzt-erst-recht\/\" target=\"_self\" rel=\"bookmark noopener noreferrer\">Record prices for diesel - Now is the time to reverse your car<\/a>\n\t\t\t<\/h4>\n\t\t\t\t\t\t<div class='uagb-post__text uagb-post-grid-byline'>\n\t\t\t\t\t\t\t<\/div>\n\t\t\t\t\t\t\t<div class='uagb-post__text uagb-post__excerpt'>\n\t\t\t\t\t<p>Diesel is at a record high in Germany and petrol is also approaching a\u2026\t\t\t\t<\/div>\n\t\t\t\t\t\t<div class=\"uagb-post__text uagb-post__cta wp-block-button\">\n\t\t\t\t<a class=\"wp-block-button__link uagb-text-link\" style=\"\" href=\"https:\/\/ru.law\/en\/diesel-ueberholt-benzinpreis-jetzt-erst-recht\/\" target=\"_self\" rel=\"bookmark noopener noreferrer\">Read More<\/a>\n\t\t\t<\/div>\n\t\t\t\n\t\t\t\t\t\t\t\t<a class=\"uagb-post__link-complete-box\" href=\"https:\/\/ru.law\/en\/diesel-ueberholt-benzinpreis-jetzt-erst-recht\/\" target=\"_self\" rel=\"bookmark noopener noreferrer\"><\/a>\n\t\t\t\t\t\t\t<\/article>\n\t\t\t\t\t\t\t\t\t\t\t\t\t\t\t\t<article class=\"uagb-post__inner-wrap\">\t\t\t\t\t\t\t\t<div class='uagb-post__image'>\n\t\t\t\t\t\t\t\t\t<a href=\"https:\/\/ru.law\/en\/vtdi-abgasskandal-rund-um-vw-audi-und-porsche\/\" target=\"_self\" rel=\"bookmark noopener noreferrer\" class='uagb-image-ratio-inherit'><img loading=\"lazy\" decoding=\"async\" width=\"1024\" height=\"576\" src=\"https:\/\/ru.law\/wp-content\/uploads\/2022\/01\/Rogert-Ulbrich-Rechtsanwaelte-Kanzlei-Abgasskandal-Audi-Verjaehrung-2022-1024x576.jpg\" class=\"attachment-large size-large\" alt=\"\" srcset=\"https:\/\/ru.law\/wp-content\/uploads\/2022\/01\/Rogert-Ulbrich-Rechtsanwaelte-Kanzlei-Abgasskandal-Audi-Verjaehrung-2022-1024x576.jpg 1024w, https:\/\/ru.law\/wp-content\/uploads\/2022\/01\/Rogert-Ulbrich-Rechtsanwaelte-Kanzlei-Abgasskandal-Audi-Verjaehrung-2022-300x169.jpg 300w, https:\/\/ru.law\/wp-content\/uploads\/2022\/01\/Rogert-Ulbrich-Rechtsanwaelte-Kanzlei-Abgasskandal-Audi-Verjaehrung-2022-768x432.jpg 768w, https:\/\/ru.law\/wp-content\/uploads\/2022\/01\/Rogert-Ulbrich-Rechtsanwaelte-Kanzlei-Abgasskandal-Audi-Verjaehrung-2022.jpg 1200w\" sizes=\"auto, (max-width: 1024px) 100vw, 1024px\" \/>\t\t\t\t\t<\/a>\n\t\t\t\t\t\t\t<\/div>\n\t\t\t\t\t\t<h4 class=\"uagb-post__title uagb-post__text\">\n\t\t\t\t<a href=\"https:\/\/ru.law\/en\/vtdi-abgasskandal-rund-um-vw-audi-und-porsche\/\" target=\"_self\" rel=\"bookmark noopener noreferrer\">VTDI emissions scandal involving VW, Audi and Porsche<\/a>\n\t\t\t<\/h4>\n\t\t\t\t\t\t<div class='uagb-post__text uagb-post-grid-byline'>\n\t\t\t\t\t\t\t<\/div>\n\t\t\t\t\t\t\t<div class='uagb-post__text uagb-post__excerpt'>\n\t\t\t\t\t<p>For many German car manufacturers, the diesel emissions scandal is still omnipresent, including the VW Group\u2026\t\t\t\t<\/div>\n\t\t\t\t\t\t<div class=\"uagb-post__text uagb-post__cta wp-block-button\">\n\t\t\t\t<a class=\"wp-block-button__link uagb-text-link\" style=\"\" href=\"https:\/\/ru.law\/en\/vtdi-abgasskandal-rund-um-vw-audi-und-porsche\/\" target=\"_self\" rel=\"bookmark noopener noreferrer\">Read More<\/a>\n\t\t\t<\/div>\n\t\t\t\n\t\t\t\t\t\t\t\t<a class=\"uagb-post__link-complete-box\" href=\"https:\/\/ru.law\/en\/vtdi-abgasskandal-rund-um-vw-audi-und-porsche\/\" target=\"_self\" rel=\"bookmark noopener noreferrer\"><\/a>\n\t\t\t\t\t\t\t<\/article>\n\t\t\t\t\t\t\t\t\t\t\t\t\t\t\t\t<article class=\"uagb-post__inner-wrap\">\t\t\t\t\t\t\t\t<div class='uagb-post__image'>\n\t\t\t\t\t\t\t\t\t<a href=\"https:\/\/ru.law\/en\/olg-koeln-verurteilt-audi-ag\/\" target=\"_self\" rel=\"bookmark noopener noreferrer\" class='uagb-image-ratio-inherit'><img loading=\"lazy\" decoding=\"async\" width=\"1024\" height=\"576\" src=\"https:\/\/ru.law\/wp-content\/uploads\/2021\/09\/rogert-ulbrich-rechtsanwalt-kanzlei-abgasskandal-premium-modelle-porsche-42l-1024x576.jpg\" class=\"attachment-large size-large\" alt=\"\" srcset=\"https:\/\/ru.law\/wp-content\/uploads\/2021\/09\/rogert-ulbrich-rechtsanwalt-kanzlei-abgasskandal-premium-modelle-porsche-42l-1024x576.jpg 1024w, https:\/\/ru.law\/wp-content\/uploads\/2021\/09\/rogert-ulbrich-rechtsanwalt-kanzlei-abgasskandal-premium-modelle-porsche-42l-300x169.jpg 300w, https:\/\/ru.law\/wp-content\/uploads\/2021\/09\/rogert-ulbrich-rechtsanwalt-kanzlei-abgasskandal-premium-modelle-porsche-42l-768x432.jpg 768w, https:\/\/ru.law\/wp-content\/uploads\/2021\/09\/rogert-ulbrich-rechtsanwalt-kanzlei-abgasskandal-premium-modelle-porsche-42l.jpg 1200w\" sizes=\"auto, (max-width: 1024px) 100vw, 1024px\" \/>\t\t\t\t\t<\/a>\n\t\t\t\t\t\t\t<\/div>\n\t\t\t\t\t\t<h4 class=\"uagb-post__title uagb-post__text\">\n\t\t\t\t<a href=\"https:\/\/ru.law\/en\/olg-koeln-verurteilt-audi-ag\/\" target=\"_self\" rel=\"bookmark noopener noreferrer\">Audi AG ordered to take back a Porsche Cayenne S<\/a>\n\t\t\t<\/h4>\n\t\t\t\t\t\t<div class='uagb-post__text uagb-post-grid-byline'>\n\t\t\t\t\t\t\t<\/div>\n\t\t\t\t\t\t\t<div class='uagb-post__text uagb-post__excerpt'>\n\t\t\t\t\t<p>Audi AG was ordered by the Cologne Higher Regional Court to take back a Porsche Cayenne S 4.2l\u2026.\t\t\t\t<\/div>\n\t\t\t\t\t\t<div class=\"uagb-post__text uagb-post__cta wp-block-button\">\n\t\t\t\t<a class=\"wp-block-button__link uagb-text-link\" style=\"\" href=\"https:\/\/ru.law\/en\/olg-koeln-verurteilt-audi-ag\/\" target=\"_self\" rel=\"bookmark noopener noreferrer\">Read More<\/a>\n\t\t\t<\/div>\n\t\t\t\n\t\t\t\t\t\t\t\t<a class=\"uagb-post__link-complete-box\" href=\"https:\/\/ru.law\/en\/olg-koeln-verurteilt-audi-ag\/\" target=\"_self\" rel=\"bookmark noopener noreferrer\"><\/a>\n\t\t\t\t\t\t\t<\/article>\n\t\t\t\t\t\t\t\t\t\t\t<\/div>\n\t\t\t\n\n\n<p><\/p>\n<\/div><\/div>\n<\/div><\/section>","protected":false},"excerpt":{"rendered":"<p>Audi legt keine Berufung gegen Urteil ein. Ein weiterer Sieg f\u00fcr Verbraucher im Abgasskandal. In einem aktuellen Verfahren klagte der Eigent\u00fcmer eines Audi Q5 mit [&hellip;]<\/p>\n","protected":false},"author":21,"featured_media":7500,"comment_status":"closed","ping_status":"open","sticky":false,"template":"","format":"standard","meta":{"_uag_custom_page_level_css":"","site-sidebar-layout":"default","site-content-layout":"default","ast-site-content-layout":"default","site-content-style":"default","site-sidebar-style":"default","ast-global-header-display":"","ast-banner-title-visibility":"","ast-main-header-display":"","ast-hfb-above-header-display":"","ast-hfb-below-header-display":"","ast-hfb-mobile-header-display":"","site-post-title":"","ast-breadcrumbs-content":"","ast-featured-img":"","footer-sml-layout":"","ast-disable-related-posts":"","theme-transparent-header-meta":"default","adv-header-id-meta":"","stick-header-meta":"","header-above-stick-meta":"","header-main-stick-meta":"","header-below-stick-meta":"","astra-migrate-meta-layouts":"default","ast-page-background-enabled":"default","ast-page-background-meta":{"desktop":{"background-color":"","background-image":"","background-repeat":"repeat","background-position":"center center","background-size":"auto","background-attachment":"scroll","background-type":"","background-media":"","overlay-type":"","overlay-color":"","overlay-opacity":"","overlay-gradient":""},"tablet":{"background-color":"","background-image":"","background-repeat":"repeat","background-position":"center center","background-size":"auto","background-attachment":"scroll","background-type":"","background-media":"","overlay-type":"","overlay-color":"","overlay-opacity":"","overlay-gradient":""},"mobile":{"background-color":"","background-image":"","background-repeat":"repeat","background-position":"center center","background-size":"auto","background-attachment":"scroll","background-type":"","background-media":"","overlay-type":"","overlay-color":"","overlay-opacity":"","overlay-gradient":""}},"ast-content-background-meta":{"desktop":{"background-color":"var(--ast-global-color-5)","background-image":"","background-repeat":"repeat","background-position":"center center","background-size":"auto","background-attachment":"scroll","background-type":"","background-media":"","overlay-type":"","overlay-color":"","overlay-opacity":"","overlay-gradient":""},"tablet":{"background-color":"var(--ast-global-color-5)","background-image":"","background-repeat":"repeat","background-position":"center center","background-size":"auto","background-attachment":"scroll","background-type":"","background-media":"","overlay-type":"","overlay-color":"","overlay-opacity":"","overlay-gradient":""},"mobile":{"background-color":"var(--ast-global-color-5)","background-image":"","background-repeat":"repeat","background-position":"center center","background-size":"auto","background-attachment":"scroll","background-type":"","background-media":"","overlay-type":"","overlay-color":"","overlay-opacity":"","overlay-gradient":""}},"footnotes":""},"categories":[2,507],"tags":[9,37],"class_list":["post-3422","post","type-post","status-publish","format-standard","has-post-thumbnail","hentry","category-abgasskandal","category-urteile","tag-audi","tag-schadensersatz"],"yoast_head":"<!-- This site is optimized with the Yoast SEO Premium plugin v27.4 (Yoast SEO v27.4) - https:\/\/yoast.com\/product\/yoast-seo-premium-wordpress\/ -->\n<title>45.000+ EUR Schadensersatz f\u00fcr Audi Q5 Fahrer - R&amp;U<\/title>\n<meta name=\"description\" content=\"Ein weiterer Sieg f\u00fcr Verbraucher im Abgasskandal. Der Eigent\u00fcmer eines Audi Q5 klagte gegen die Audi AG und bekam Recht.\" \/>\n<meta name=\"robots\" content=\"index, follow, max-snippet:-1, max-image-preview:large, max-video-preview:-1\" \/>\n<link rel=\"canonical\" href=\"https:\/\/ru.law\/en\/abgasskandal-45-000-eur-schadensersatz-fuer-audi-q5-fahrer\/\" \/>\n<meta property=\"og:locale\" content=\"en_GB\" \/>\n<meta property=\"og:type\" content=\"article\" \/>\n<meta property=\"og:title\" content=\"45.000+ EUR Schadensersatz f\u00fcr Audi Q5 Fahrer\" \/>\n<meta property=\"og:description\" content=\"Ein weiterer Sieg f\u00fcr Verbraucher im Abgasskandal. Der Eigent\u00fcmer eines Audi Q5 klagte gegen die Audi AG und bekam Recht.\" \/>\n<meta property=\"og:url\" content=\"https:\/\/ru.law\/en\/abgasskandal-45-000-eur-schadensersatz-fuer-audi-q5-fahrer\/\" \/>\n<meta property=\"og:site_name\" content=\"R&amp;U\" \/>\n<meta property=\"article:publisher\" content=\"https:\/\/www.facebook.com\/RogertUlbrich\/\" \/>\n<meta property=\"article:published_time\" content=\"2020-09-01T13:35:26+00:00\" \/>\n<meta property=\"article:modified_time\" content=\"2024-07-08T11:12:56+00:00\" \/>\n<meta property=\"og:image\" content=\"https:\/\/ru.law\/wp-content\/uploads\/2020\/09\/abgasskandal-schadensersatz-euro-1.jpg\" \/>\n\t<meta property=\"og:image:width\" content=\"1200\" \/>\n\t<meta property=\"og:image:height\" content=\"666\" \/>\n\t<meta property=\"og:image:type\" content=\"image\/jpeg\" \/>\n<meta name=\"author\" content=\"Marco Rogert\" \/>\n<meta name=\"twitter:card\" content=\"summary_large_image\" \/>\n<meta name=\"twitter:creator\" content=\"@RogertUlbrich\" \/>\n<meta name=\"twitter:site\" content=\"@RogertUlbrich\" \/>\n<script type=\"application\/ld+json\" class=\"yoast-schema-graph\">{\"@context\":\"https:\\\/\\\/schema.org\",\"@graph\":[{\"@type\":\"Article\",\"@id\":\"https:\\\/\\\/ru.law\\\/abgasskandal-45-000-eur-schadensersatz-fuer-audi-q5-fahrer\\\/#article\",\"isPartOf\":{\"@id\":\"https:\\\/\\\/ru.law\\\/abgasskandal-45-000-eur-schadensersatz-fuer-audi-q5-fahrer\\\/\"},\"author\":{\"name\":\"Marco Rogert\",\"@id\":\"https:\\\/\\\/ru.law\\\/#\\\/schema\\\/person\\\/b020d506e6bbc471b4565d3a98173b87\"},\"headline\":\"45.000+ EUR Schadensersatz f\u00fcr Audi Q5 Fahrer\",\"datePublished\":\"2020-09-01T13:35:26+00:00\",\"dateModified\":\"2024-07-08T11:12:56+00:00\",\"mainEntityOfPage\":{\"@id\":\"https:\\\/\\\/ru.law\\\/abgasskandal-45-000-eur-schadensersatz-fuer-audi-q5-fahrer\\\/\"},\"wordCount\":348,\"publisher\":{\"@id\":\"https:\\\/\\\/ru.law\\\/#organization\"},\"image\":{\"@id\":\"https:\\\/\\\/ru.law\\\/abgasskandal-45-000-eur-schadensersatz-fuer-audi-q5-fahrer\\\/#primaryimage\"},\"thumbnailUrl\":\"https:\\\/\\\/ru.law\\\/wp-content\\\/uploads\\\/2020\\\/09\\\/abgasskandal-schadensersatz-euro-1.jpg\",\"keywords\":[\"Audi\",\"Schadensersatz\"],\"articleSection\":[\"Abgasskandal\",\"Urteile\"],\"inLanguage\":\"en-GB\"},{\"@type\":\"WebPage\",\"@id\":\"https:\\\/\\\/ru.law\\\/abgasskandal-45-000-eur-schadensersatz-fuer-audi-q5-fahrer\\\/\",\"url\":\"https:\\\/\\\/ru.law\\\/abgasskandal-45-000-eur-schadensersatz-fuer-audi-q5-fahrer\\\/\",\"name\":\"45.000+ EUR Schadensersatz f\u00fcr Audi Q5 Fahrer - R&amp;U\",\"isPartOf\":{\"@id\":\"https:\\\/\\\/ru.law\\\/#website\"},\"primaryImageOfPage\":{\"@id\":\"https:\\\/\\\/ru.law\\\/abgasskandal-45-000-eur-schadensersatz-fuer-audi-q5-fahrer\\\/#primaryimage\"},\"image\":{\"@id\":\"https:\\\/\\\/ru.law\\\/abgasskandal-45-000-eur-schadensersatz-fuer-audi-q5-fahrer\\\/#primaryimage\"},\"thumbnailUrl\":\"https:\\\/\\\/ru.law\\\/wp-content\\\/uploads\\\/2020\\\/09\\\/abgasskandal-schadensersatz-euro-1.jpg\",\"datePublished\":\"2020-09-01T13:35:26+00:00\",\"dateModified\":\"2024-07-08T11:12:56+00:00\",\"description\":\"Ein weiterer Sieg f\u00fcr Verbraucher im Abgasskandal. Der Eigent\u00fcmer eines Audi Q5 klagte gegen die Audi AG und bekam Recht.\",\"breadcrumb\":{\"@id\":\"https:\\\/\\\/ru.law\\\/abgasskandal-45-000-eur-schadensersatz-fuer-audi-q5-fahrer\\\/#breadcrumb\"},\"inLanguage\":\"en-GB\",\"potentialAction\":[{\"@type\":\"ReadAction\",\"target\":[\"https:\\\/\\\/ru.law\\\/abgasskandal-45-000-eur-schadensersatz-fuer-audi-q5-fahrer\\\/\"]}]},{\"@type\":\"ImageObject\",\"inLanguage\":\"en-GB\",\"@id\":\"https:\\\/\\\/ru.law\\\/abgasskandal-45-000-eur-schadensersatz-fuer-audi-q5-fahrer\\\/#primaryimage\",\"url\":\"https:\\\/\\\/ru.law\\\/wp-content\\\/uploads\\\/2020\\\/09\\\/abgasskandal-schadensersatz-euro-1.jpg\",\"contentUrl\":\"https:\\\/\\\/ru.law\\\/wp-content\\\/uploads\\\/2020\\\/09\\\/abgasskandal-schadensersatz-euro-1.jpg\",\"width\":1200,\"height\":666,\"caption\":\"Abgasskandal Schadensersatz Euro\"},{\"@type\":\"BreadcrumbList\",\"@id\":\"https:\\\/\\\/ru.law\\\/abgasskandal-45-000-eur-schadensersatz-fuer-audi-q5-fahrer\\\/#breadcrumb\",\"itemListElement\":[{\"@type\":\"ListItem\",\"position\":1,\"name\":\"Startseite\",\"item\":\"https:\\\/\\\/ru.law\\\/\"},{\"@type\":\"ListItem\",\"position\":2,\"name\":\"45.000+ EUR Schadensersatz f\u00fcr Audi Q5 Fahrer\"}]},{\"@type\":\"WebSite\",\"@id\":\"https:\\\/\\\/ru.law\\\/#website\",\"url\":\"https:\\\/\\\/ru.law\\\/\",\"name\":\"R&U\",\"description\":\"Verbraucheranw\u00e4lte\",\"publisher\":{\"@id\":\"https:\\\/\\\/ru.law\\\/#organization\"},\"alternateName\":\"Rogert & Ulbrich\",\"potentialAction\":[{\"@type\":\"SearchAction\",\"target\":{\"@type\":\"EntryPoint\",\"urlTemplate\":\"https:\\\/\\\/ru.law\\\/?s={search_term_string}\"},\"query-input\":{\"@type\":\"PropertyValueSpecification\",\"valueRequired\":true,\"valueName\":\"search_term_string\"}}],\"inLanguage\":\"en-GB\"},{\"@type\":\"Organization\",\"@id\":\"https:\\\/\\\/ru.law\\\/#organization\",\"name\":\"Kanzlei Rogert & Ulbrich\",\"url\":\"https:\\\/\\\/ru.law\\\/\",\"logo\":{\"@type\":\"ImageObject\",\"inLanguage\":\"en-GB\",\"@id\":\"https:\\\/\\\/ru.law\\\/#\\\/schema\\\/logo\\\/image\\\/\",\"url\":\"https:\\\/\\\/ru.law\\\/wp-content\\\/uploads\\\/2020\\\/12\\\/logo-ru-law.svg\",\"contentUrl\":\"https:\\\/\\\/ru.law\\\/wp-content\\\/uploads\\\/2020\\\/12\\\/logo-ru-law.svg\",\"width\":992,\"height\":259,\"caption\":\"Kanzlei Rogert & Ulbrich\"},\"image\":{\"@id\":\"https:\\\/\\\/ru.law\\\/#\\\/schema\\\/logo\\\/image\\\/\"},\"sameAs\":[\"https:\\\/\\\/www.facebook.com\\\/RogertUlbrich\\\/\",\"https:\\\/\\\/x.com\\\/RogertUlbrich\",\"https:\\\/\\\/www.instagram.com\\\/rogertulbrich\\\/\",\"https:\\\/\\\/www.linkedin.com\\\/company\\\/rogert-ulbrich\\\/\",\"https:\\\/\\\/www.youtube.com\\\/channel\\\/UCganCgpvwpPFqMFf1vVmG2A\"]},{\"@type\":\"Person\",\"@id\":\"https:\\\/\\\/ru.law\\\/#\\\/schema\\\/person\\\/b020d506e6bbc471b4565d3a98173b87\",\"name\":\"Marco Rogert\",\"url\":\"https:\\\/\\\/ru.law\\\/en\\\/author\\\/rogertru-law\\\/\"}]}<\/script>\n<!-- \/ Yoast SEO Premium plugin. -->","yoast_head_json":{"title":"45.000+ EUR Schadensersatz f\u00fcr Audi Q5 Fahrer - R&amp;U","description":"Ein weiterer Sieg f\u00fcr Verbraucher im Abgasskandal. Der Eigent\u00fcmer eines Audi Q5 klagte gegen die Audi AG und bekam Recht.","robots":{"index":"index","follow":"follow","max-snippet":"max-snippet:-1","max-image-preview":"max-image-preview:large","max-video-preview":"max-video-preview:-1"},"canonical":"https:\/\/ru.law\/en\/abgasskandal-45-000-eur-schadensersatz-fuer-audi-q5-fahrer\/","og_locale":"en_GB","og_type":"article","og_title":"45.000+ EUR Schadensersatz f\u00fcr Audi Q5 Fahrer","og_description":"Ein weiterer Sieg f\u00fcr Verbraucher im Abgasskandal. Der Eigent\u00fcmer eines Audi Q5 klagte gegen die Audi AG und bekam Recht.","og_url":"https:\/\/ru.law\/en\/abgasskandal-45-000-eur-schadensersatz-fuer-audi-q5-fahrer\/","og_site_name":"R&amp;U","article_publisher":"https:\/\/www.facebook.com\/RogertUlbrich\/","article_published_time":"2020-09-01T13:35:26+00:00","article_modified_time":"2024-07-08T11:12:56+00:00","og_image":[{"width":1200,"height":666,"url":"https:\/\/ru.law\/wp-content\/uploads\/2020\/09\/abgasskandal-schadensersatz-euro-1.jpg","type":"image\/jpeg"}],"author":"Marco Rogert","twitter_card":"summary_large_image","twitter_creator":"@RogertUlbrich","twitter_site":"@RogertUlbrich","schema":{"@context":"https:\/\/schema.org","@graph":[{"@type":"Article","@id":"https:\/\/ru.law\/abgasskandal-45-000-eur-schadensersatz-fuer-audi-q5-fahrer\/#article","isPartOf":{"@id":"https:\/\/ru.law\/abgasskandal-45-000-eur-schadensersatz-fuer-audi-q5-fahrer\/"},"author":{"name":"Marco Rogert","@id":"https:\/\/ru.law\/#\/schema\/person\/b020d506e6bbc471b4565d3a98173b87"},"headline":"45.000+ EUR Schadensersatz f\u00fcr Audi Q5 Fahrer","datePublished":"2020-09-01T13:35:26+00:00","dateModified":"2024-07-08T11:12:56+00:00","mainEntityOfPage":{"@id":"https:\/\/ru.law\/abgasskandal-45-000-eur-schadensersatz-fuer-audi-q5-fahrer\/"},"wordCount":348,"publisher":{"@id":"https:\/\/ru.law\/#organization"},"image":{"@id":"https:\/\/ru.law\/abgasskandal-45-000-eur-schadensersatz-fuer-audi-q5-fahrer\/#primaryimage"},"thumbnailUrl":"https:\/\/ru.law\/wp-content\/uploads\/2020\/09\/abgasskandal-schadensersatz-euro-1.jpg","keywords":["Audi","Schadensersatz"],"articleSection":["Abgasskandal","Urteile"],"inLanguage":"en-GB"},{"@type":"WebPage","@id":"https:\/\/ru.law\/abgasskandal-45-000-eur-schadensersatz-fuer-audi-q5-fahrer\/","url":"https:\/\/ru.law\/abgasskandal-45-000-eur-schadensersatz-fuer-audi-q5-fahrer\/","name":"45.000+ EUR Schadensersatz f\u00fcr Audi Q5 Fahrer - R&amp;U","isPartOf":{"@id":"https:\/\/ru.law\/#website"},"primaryImageOfPage":{"@id":"https:\/\/ru.law\/abgasskandal-45-000-eur-schadensersatz-fuer-audi-q5-fahrer\/#primaryimage"},"image":{"@id":"https:\/\/ru.law\/abgasskandal-45-000-eur-schadensersatz-fuer-audi-q5-fahrer\/#primaryimage"},"thumbnailUrl":"https:\/\/ru.law\/wp-content\/uploads\/2020\/09\/abgasskandal-schadensersatz-euro-1.jpg","datePublished":"2020-09-01T13:35:26+00:00","dateModified":"2024-07-08T11:12:56+00:00","description":"Ein weiterer Sieg f\u00fcr Verbraucher im Abgasskandal. Der Eigent\u00fcmer eines Audi Q5 klagte gegen die Audi AG und bekam Recht.","breadcrumb":{"@id":"https:\/\/ru.law\/abgasskandal-45-000-eur-schadensersatz-fuer-audi-q5-fahrer\/#breadcrumb"},"inLanguage":"en-GB","potentialAction":[{"@type":"ReadAction","target":["https:\/\/ru.law\/abgasskandal-45-000-eur-schadensersatz-fuer-audi-q5-fahrer\/"]}]},{"@type":"ImageObject","inLanguage":"en-GB","@id":"https:\/\/ru.law\/abgasskandal-45-000-eur-schadensersatz-fuer-audi-q5-fahrer\/#primaryimage","url":"https:\/\/ru.law\/wp-content\/uploads\/2020\/09\/abgasskandal-schadensersatz-euro-1.jpg","contentUrl":"https:\/\/ru.law\/wp-content\/uploads\/2020\/09\/abgasskandal-schadensersatz-euro-1.jpg","width":1200,"height":666,"caption":"Abgasskandal Schadensersatz Euro"},{"@type":"BreadcrumbList","@id":"https:\/\/ru.law\/abgasskandal-45-000-eur-schadensersatz-fuer-audi-q5-fahrer\/#breadcrumb","itemListElement":[{"@type":"ListItem","position":1,"name":"Startseite","item":"https:\/\/ru.law\/"},{"@type":"ListItem","position":2,"name":"45.000+ EUR Schadensersatz f\u00fcr Audi Q5 Fahrer"}]},{"@type":"WebSite","@id":"https:\/\/ru.law\/#website","url":"https:\/\/ru.law\/","name":"R&amp;U","description":"Consumer lawyers","publisher":{"@id":"https:\/\/ru.law\/#organization"},"alternateName":"Rogert & Ulbrich","potentialAction":[{"@type":"SearchAction","target":{"@type":"EntryPoint","urlTemplate":"https:\/\/ru.law\/?s={search_term_string}"},"query-input":{"@type":"PropertyValueSpecification","valueRequired":true,"valueName":"search_term_string"}}],"inLanguage":"en-GB"},{"@type":"Organization","@id":"https:\/\/ru.law\/#organization","name":"Rogert &amp; Ulbrich Law Firm","url":"https:\/\/ru.law\/","logo":{"@type":"ImageObject","inLanguage":"en-GB","@id":"https:\/\/ru.law\/#\/schema\/logo\/image\/","url":"https:\/\/ru.law\/wp-content\/uploads\/2020\/12\/logo-ru-law.svg","contentUrl":"https:\/\/ru.law\/wp-content\/uploads\/2020\/12\/logo-ru-law.svg","width":992,"height":259,"caption":"Kanzlei Rogert & Ulbrich"},"image":{"@id":"https:\/\/ru.law\/#\/schema\/logo\/image\/"},"sameAs":["https:\/\/www.facebook.com\/RogertUlbrich\/","https:\/\/x.com\/RogertUlbrich","https:\/\/www.instagram.com\/rogertulbrich\/","https:\/\/www.linkedin.com\/company\/rogert-ulbrich\/","https:\/\/www.youtube.com\/channel\/UCganCgpvwpPFqMFf1vVmG2A"]},{"@type":"Person","@id":"https:\/\/ru.law\/#\/schema\/person\/b020d506e6bbc471b4565d3a98173b87","name":"Marco Rogert","url":"https:\/\/ru.law\/en\/author\/rogertru-law\/"}]}},"uagb_featured_image_src":{"full":["https:\/\/ru.law\/wp-content\/uploads\/2020\/09\/abgasskandal-schadensersatz-euro-1.jpg",1200,666,false],"thumbnail":["https:\/\/ru.law\/wp-content\/uploads\/2020\/09\/abgasskandal-schadensersatz-euro-1-150x150.jpg",96,96,true],"medium":["https:\/\/ru.law\/wp-content\/uploads\/2020\/09\/abgasskandal-schadensersatz-euro-1-300x167.jpg",300,167,true],"medium_large":["https:\/\/ru.law\/wp-content\/uploads\/2020\/09\/abgasskandal-schadensersatz-euro-1-768x426.jpg",768,426,true],"large":["https:\/\/ru.law\/wp-content\/uploads\/2020\/09\/abgasskandal-schadensersatz-euro-1-1024x568.jpg",1024,568,true],"1536x1536":["https:\/\/ru.law\/wp-content\/uploads\/2020\/09\/abgasskandal-schadensersatz-euro-1.jpg",1200,666,false],"2048x2048":["https:\/\/ru.law\/wp-content\/uploads\/2020\/09\/abgasskandal-schadensersatz-euro-1.jpg",1200,666,false],"trp-custom-language-flag":["https:\/\/ru.law\/wp-content\/uploads\/2020\/09\/abgasskandal-schadensersatz-euro-1.jpg",18,10,false]},"uagb_author_info":{"display_name":"Marco Rogert","author_link":"https:\/\/ru.law\/en\/author\/rogertru-law\/"},"uagb_comment_info":0,"uagb_excerpt":"Audi legt keine Berufung gegen Urteil ein. Ein weiterer Sieg f\u00fcr Verbraucher im Abgasskandal. In einem aktuellen Verfahren klagte der Eigent\u00fcmer eines Audi Q5 mit [&hellip;]","_links":{"self":[{"href":"https:\/\/ru.law\/en\/wp-json\/wp\/v2\/posts\/3422","targetHints":{"allow":["GET"]}}],"collection":[{"href":"https:\/\/ru.law\/en\/wp-json\/wp\/v2\/posts"}],"about":[{"href":"https:\/\/ru.law\/en\/wp-json\/wp\/v2\/types\/post"}],"author":[{"embeddable":true,"href":"https:\/\/ru.law\/en\/wp-json\/wp\/v2\/users\/21"}],"replies":[{"embeddable":true,"href":"https:\/\/ru.law\/en\/wp-json\/wp\/v2\/comments?post=3422"}],"version-history":[{"count":0,"href":"https:\/\/ru.law\/en\/wp-json\/wp\/v2\/posts\/3422\/revisions"}],"wp:featuredmedia":[{"embeddable":true,"href":"https:\/\/ru.law\/en\/wp-json\/wp\/v2\/media\/7500"}],"wp:attachment":[{"href":"https:\/\/ru.law\/en\/wp-json\/wp\/v2\/media?parent=3422"}],"wp:term":[{"taxonomy":"category","embeddable":true,"href":"https:\/\/ru.law\/en\/wp-json\/wp\/v2\/categories?post=3422"},{"taxonomy":"post_tag","embeddable":true,"href":"https:\/\/ru.law\/en\/wp-json\/wp\/v2\/tags?post=3422"}],"curies":[{"name":"wp","href":"https:\/\/api.w.org\/{rel}","templated":true}]}}