{"id":32299,"date":"2022-06-14T12:50:09","date_gmt":"2022-06-14T10:50:09","guid":{"rendered":"https:\/\/ru.law\/?p=32299"},"modified":"2024-07-08T13:11:43","modified_gmt":"2024-07-08T11:11:43","slug":"kba-weist-auf-unzulaessigkeit-bei-mercedes-benz-hin","status":"publish","type":"post","link":"https:\/\/ru.law\/en\/kba-weist-auf-unzulaessigkeit-bei-mercedes-benz-hin\/","title":{"rendered":"KBA points out inadmissibility at Mercedes-Benz"},"content":{"rendered":"<p>The Federal Motor Transport Authority (KBA) was asked by the Higher Regional Court (OLG) of Munich to provide information by order of 3 August 2021. The subject matter of the dispute was a <a href=\"https:\/\/ru.law\/en\/expertise\/abgasskandal\/mercedes-benz-diesel\/#modelle\">Mercedes-Benz GLK 220 CDI 4MATIC diesel with 125 kW and Euro 5<\/a>-emission standard. According to the KBA, the vehicle has a<a href=\"https:\/\/ru.law\/en\/expertise\/abgasskandal\/mercedes-benz-diesel\/#software\"> impermissible shutdown device<\/a> regarding emissions behaviour. As early as 21 June 2019, the authority issued a <a href=\"https:\/\/ru.law\/en\/expertise\/abgasskandal\/mercedes-benz-diesel\/#rueckruf\">Recall notice <\/a>for vehicles of this model.<\/p>\n\n\n\n<h2 class=\"wp-block-heading\" id=\"h-kuhlmittelsolltemperatur-ist-unzulassig\">Coolant target temperature is not permitted <\/h2>\n\n\n\n<p>The reason for the recall of some Mercedes-Benz GLK vehicles is that the pollutant and exhaust gas strategy was classified as inadmissible due to a \u201cregulated coolant thermostat\u201d during engine warm-up.<\/p>\n\n\n\n<p>With coolant target temperature control, a software function activates a special temperature control that artificially keeps the coolant circuit cooler and delays the warming up of the engine oil. Only in this way can nitrogen oxide levels on the test bench remain below the legally prescribed limits. However, in real-world driving conditions, this function is deactivated, and the legal limit of 180 mg\/km is significantly exceeded. The software function was discovered during emissions measurements on a Mercedes GLK 220 CDI with the&nbsp;<a href=\"https:\/\/ru.law\/en\/expertise\/abgasskandal\/mercedes-benz-diesel\/#motor\">OM 651 diesel engine<\/a>&nbsp;and Euro 5 standard.<\/p>\n\n\n\n<p>The Federal Court of Justice (BGH) has also <a href=\"https:\/\/ru.law\/en\/expertise\/abgasskandal\/mercedes-benz-diesel\/#urteile\">multiple positive<\/a> for consumers. Only recently, the Federal Court of Justice (BGH) ruled again in a case we were conducting that the judgment of the Higher Regional Court (OLG) of Koblenz had to be overturned and referred back to the Court of Appeal for a new decision (<a href=\"https:\/\/ru.law\/en\/erneuter-erfolg-im-mercedes-abgasskandal-vor-dem-bgh\/\">Federal Court of Justice decision of 20 April 2022, Ref. VII ZR 720\/21<\/a>). This case also concerned a used&nbsp;<a href=\"https:\/\/ru.law\/en\/expertise\/abgasskandal\/mercedes-benz-diesel\/#modelle\">Mercedes-Benz GLK 220 CDI BE 4M&nbsp;<\/a>(emission class Euro 5). The vehicle is equipped with a&nbsp;<a href=\"https:\/\/ru.law\/en\/expertise\/abgasskandal\/mercedes-benz-diesel\/#motor\">Diesel engine type OM 651<\/a>&nbsp;equipped.<\/p>\n\n\n\n<h3 class=\"wp-block-heading\" id=\"h-rogert-amp-ulbrich-empfiehlt-mercedes-benz-fahrern\">Rogert &amp; Ulbrich recommends Mercedes-Benz drivers <\/h3>\n\n\n\n<p>If you are the owner of a Mercedes-Benz, you should now&nbsp;<a href=\"https:\/\/ru.law\/en\/expertise\/abgasskandal\/mercedes-benz-diesel\/#mandat\">Chance of a<\/a>&nbsp;<a href=\"https:\/\/ru.law\/en\/expertise\/abgasskandal\/mercedes-benz-diesel\/#mandat\">possible compensation<\/a>The law firm Rogert &amp; Ulbrich was the first law firm in Germany to be able to<a href=\"https:\/\/ru.law\/en\/expertise\/abgasskandal\/mercedes-benz-diesel\/#urteile\">positive decision<\/a>before the Federal Court of Justice in a Daimler case. Please contact us and let us<a href=\"https:\/\/ru.law\/en\/expertise\/abgasskandal\/mercedes-benz-diesel\/#erstberatung\">your demands<\/a>Check without obligation and free of charge.<\/p>\n\n\n\n<section class=\"wp-block-uagb-columns uagb-columns__wrap uagb-columns__stack-mobile uagb-columns__valign- uagb-columns__gap-10 align uagb-block-a4de9b8e uagb-columns__columns-1 uagb-columns__max_width-theme contrast blog_beitraege\"><div class=\"uagb-columns__overlay\"><\/div><div class=\"uagb-columns__inner-wrap uagb-columns__columns-1\">\n<div class=\"wp-block-uagb-column uagb-column__wrap uagb-column__background-undefined uagb-block-55dd5287\"><div class=\"uagb-column__overlay\"><\/div>\n<h3 class=\"wp-block-heading\" id=\"h-das-konnte-sie-auch-interessieren\">You might also be interested in:<\/h3>\n\n\n\n\t\t\t<div class=\"wp-block-uagb-post-grid uagb-post-grid  uagb-post__image-position-top uagb-post__image-enabled uagb-block-a4df2dfb     uagb-post__items uagb-post__columns-3 is-grid uagb-post__columns-tablet-2 uagb-post__columns-mobile-1 uagb-post__equal-height\" data-total=\"9\" style=\"\">\n\n\t\t\t\t\t\t\t\t\t\t\t\t<article class=\"uagb-post__inner-wrap\">\t\t\t\t\t\t\t\t<div class='uagb-post__image'>\n\t\t\t\t\t\t\t\t\t<a href=\"https:\/\/ru.law\/en\/musterfeststellungsklage-gegen-die-daimler-ag\/\" target=\"_self\" rel=\"bookmark noopener noreferrer\" class='uagb-image-ratio-inherit'><img loading=\"lazy\" decoding=\"async\" width=\"1024\" height=\"576\" src=\"https:\/\/ru.law\/wp-content\/uploads\/2021\/07\/Rogert-Ulbrich-Rechtsanwalts-Kanzlei-Mercedes-Benz-Musterfestellungsklage72-1024x576.jpg\" class=\"attachment-large size-large\" alt=\"\" srcset=\"https:\/\/ru.law\/wp-content\/uploads\/2021\/07\/Rogert-Ulbrich-Rechtsanwalts-Kanzlei-Mercedes-Benz-Musterfestellungsklage72-1024x576.jpg 1024w, https:\/\/ru.law\/wp-content\/uploads\/2021\/07\/Rogert-Ulbrich-Rechtsanwalts-Kanzlei-Mercedes-Benz-Musterfestellungsklage72-300x169.jpg 300w, https:\/\/ru.law\/wp-content\/uploads\/2021\/07\/Rogert-Ulbrich-Rechtsanwalts-Kanzlei-Mercedes-Benz-Musterfestellungsklage72-768x432.jpg 768w, https:\/\/ru.law\/wp-content\/uploads\/2021\/07\/Rogert-Ulbrich-Rechtsanwalts-Kanzlei-Mercedes-Benz-Musterfestellungsklage72.jpg 1200w\" sizes=\"auto, (max-width: 1024px) 100vw, 1024px\" \/>\t\t\t\t\t<\/a>\n\t\t\t\t\t\t\t<\/div>\n\t\t\t\t\t\t<h4 class=\"uagb-post__title uagb-post__text\">\n\t\t\t\t<a href=\"https:\/\/ru.law\/en\/musterfeststellungsklage-gegen-die-daimler-ag\/\" target=\"_self\" rel=\"bookmark noopener noreferrer\">vzbv files another model declaratory action \u2013 Volkswagen is followed by Daimler AG<\/a>\n\t\t\t<\/h4>\n\t\t\t\t\t\t<div class='uagb-post__text uagb-post-grid-byline'>\n\t\t\t\t\t\t\t<\/div>\n\t\t\t\t\t\t\t<div class='uagb-post__text uagb-post__excerpt'>\n\t\t\t\t\t<p>Bad news for the car manufacturers from Stuttgart. The Federal Association of Consumer Organizations (vzbv) is being\u2026\t\t\t\t<\/div>\n\t\t\t\n\t\t\t\t\t\t\t\t\t<\/article>\n\t\t\t\t\t\t\t\t\t\t\t\t\t\t\t\t<article class=\"uagb-post__inner-wrap\">\t\t\t\t\t\t\t\t<div class='uagb-post__image'>\n\t\t\t\t\t\t\t\t\t<a href=\"https:\/\/ru.law\/en\/verjaehrung-bei-mercedes-benz-zum-ende-des-jahres-2021\/\" target=\"_self\" rel=\"bookmark noopener noreferrer\" class='uagb-image-ratio-inherit'><img loading=\"lazy\" decoding=\"async\" width=\"1024\" height=\"576\" src=\"https:\/\/ru.law\/wp-content\/uploads\/2021\/10\/Rogert-Ulbrich-Rechtsanwaelte-Kanzlei-Mercedes-Vito-GLC-Marco-Polo-Euro6-1024x576.jpg\" class=\"attachment-large size-large\" alt=\"Rogert-Ulbrich-Rechtsanwaelte-Kanzlei-Mercedes-Vito-GLC-Marco-Polo-Euro6.jp\" srcset=\"https:\/\/ru.law\/wp-content\/uploads\/2021\/10\/Rogert-Ulbrich-Rechtsanwaelte-Kanzlei-Mercedes-Vito-GLC-Marco-Polo-Euro6-1024x576.jpg 1024w, https:\/\/ru.law\/wp-content\/uploads\/2021\/10\/Rogert-Ulbrich-Rechtsanwaelte-Kanzlei-Mercedes-Vito-GLC-Marco-Polo-Euro6-300x169.jpg 300w, https:\/\/ru.law\/wp-content\/uploads\/2021\/10\/Rogert-Ulbrich-Rechtsanwaelte-Kanzlei-Mercedes-Vito-GLC-Marco-Polo-Euro6-768x432.jpg 768w, https:\/\/ru.law\/wp-content\/uploads\/2021\/10\/Rogert-Ulbrich-Rechtsanwaelte-Kanzlei-Mercedes-Vito-GLC-Marco-Polo-Euro6.jpg 1200w\" sizes=\"auto, (max-width: 1024px) 100vw, 1024px\" \/>\t\t\t\t\t<\/a>\n\t\t\t\t\t\t\t<\/div>\n\t\t\t\t\t\t<h4 class=\"uagb-post__title uagb-post__text\">\n\t\t\t\t<a href=\"https:\/\/ru.law\/en\/verjaehrung-bei-mercedes-benz-zum-ende-des-jahres-2021\/\" target=\"_self\" rel=\"bookmark noopener noreferrer\">Limitation period at Mercedes-Benz at the end of 2021<\/a>\n\t\t\t<\/h4>\n\t\t\t\t\t\t<div class='uagb-post__text uagb-post-grid-byline'>\n\t\t\t\t\t\t\t<\/div>\n\t\t\t\t\t\t\t<div class='uagb-post__text uagb-post__excerpt'>\n\t\t\t\t\t<p>Do you drive a Mercedes-Benz GLC, V-Class, Vito or Marco Polo? Then you should note that...\t\t\t\t<\/div>\n\t\t\t\n\t\t\t\t\t\t\t\t\t<\/article>\n\t\t\t\t\t\t\t\t\t\t\t\t\t\t\t\t<article class=\"uagb-post__inner-wrap\">\t\t\t\t\t\t\t\t<div class='uagb-post__image'>\n\t\t\t\t\t\t\t\t\t<a href=\"https:\/\/ru.law\/en\/urteil-gegen-daimler-ag-vorsaetzlich-sittenwidrige-schaedigung\/\" target=\"_self\" rel=\"bookmark noopener noreferrer\" class='uagb-image-ratio-inherit'><img loading=\"lazy\" decoding=\"async\" width=\"1024\" height=\"576\" src=\"https:\/\/ru.law\/wp-content\/uploads\/2022\/02\/Rogert-Ulbrich-Rechtsanwaelte-Kanzlei-Abgasskandal-Urteile-Daimler-Mercedes-Benz-1024x576.png\" class=\"attachment-large size-large\" alt=\"\" srcset=\"https:\/\/ru.law\/wp-content\/uploads\/2022\/02\/Rogert-Ulbrich-Rechtsanwaelte-Kanzlei-Abgasskandal-Urteile-Daimler-Mercedes-Benz-1024x576.png 1024w, https:\/\/ru.law\/wp-content\/uploads\/2022\/02\/Rogert-Ulbrich-Rechtsanwaelte-Kanzlei-Abgasskandal-Urteile-Daimler-Mercedes-Benz-300x169.png 300w, https:\/\/ru.law\/wp-content\/uploads\/2022\/02\/Rogert-Ulbrich-Rechtsanwaelte-Kanzlei-Abgasskandal-Urteile-Daimler-Mercedes-Benz-768x432.png 768w, https:\/\/ru.law\/wp-content\/uploads\/2022\/02\/Rogert-Ulbrich-Rechtsanwaelte-Kanzlei-Abgasskandal-Urteile-Daimler-Mercedes-Benz.png 1200w\" sizes=\"auto, (max-width: 1024px) 100vw, 1024px\" \/>\t\t\t\t\t<\/a>\n\t\t\t\t\t\t\t<\/div>\n\t\t\t\t\t\t<h4 class=\"uagb-post__title uagb-post__text\">\n\t\t\t\t<a href=\"https:\/\/ru.law\/en\/urteil-gegen-daimler-ag-vorsaetzlich-sittenwidrige-schaedigung\/\" target=\"_self\" rel=\"bookmark noopener noreferrer\">Judgment against Daimler AG \u2013 intentional immoral damage<\/a>\n\t\t\t<\/h4>\n\t\t\t\t\t\t<div class='uagb-post__text uagb-post-grid-byline'>\n\t\t\t\t\t\t\t<\/div>\n\t\t\t\t\t\t\t<div class='uagb-post__text uagb-post__excerpt'>\n\t\t\t\t\t<p>In its judgment of January 28, 2022, the Stuttgart Regional Court (LG) sentenced Daimler AG to\u2026\t\t\t\t<\/div>\n\t\t\t\n\t\t\t\t\t\t\t\t\t<\/article>\n\t\t\t\t\t\t\t\t\t\t\t<\/div>\n\t\t\t<\/div>\n<\/div><\/section>","protected":false},"excerpt":{"rendered":"<p>Das Kraftfahrtbundesamt (KBA) wurde durch das Oberlandesgericht (OLG) M\u00fcnchen mit Beschluss vom 03.08.2021 um Erteilung einer Auskunft gebeten. Streitgegenst\u00e4ndlich war ein Mercedes-Benz GLK 220 CDI [&hellip;]<\/p>\n","protected":false},"author":21,"featured_media":62591,"comment_status":"closed","ping_status":"open","sticky":false,"template":"","format":"standard","meta":{"_uag_custom_page_level_css":"","site-sidebar-layout":"default","site-content-layout":"","ast-site-content-layout":"default","site-content-style":"default","site-sidebar-style":"default","ast-global-header-display":"","ast-banner-title-visibility":"","ast-main-header-display":"","ast-hfb-above-header-display":"","ast-hfb-below-header-display":"","ast-hfb-mobile-header-display":"","site-post-title":"","ast-breadcrumbs-content":"","ast-featured-img":"","footer-sml-layout":"","ast-disable-related-posts":"","theme-transparent-header-meta":"","adv-header-id-meta":"","stick-header-meta":"","header-above-stick-meta":"","header-main-stick-meta":"","header-below-stick-meta":"","astra-migrate-meta-layouts":"set","ast-page-background-enabled":"default","ast-page-background-meta":{"desktop":{"background-color":"","background-image":"","background-repeat":"repeat","background-position":"center center","background-size":"auto","background-attachment":"scroll","background-type":"","background-media":"","overlay-type":"","overlay-color":"","overlay-opacity":"","overlay-gradient":""},"tablet":{"background-color":"","background-image":"","background-repeat":"repeat","background-position":"center center","background-size":"auto","background-attachment":"scroll","background-type":"","background-media":"","overlay-type":"","overlay-color":"","overlay-opacity":"","overlay-gradient":""},"mobile":{"background-color":"","background-image":"","background-repeat":"repeat","background-position":"center center","background-size":"auto","background-attachment":"scroll","background-type":"","background-media":"","overlay-type":"","overlay-color":"","overlay-opacity":"","overlay-gradient":""}},"ast-content-background-meta":{"desktop":{"background-color":"var(--ast-global-color-5)","background-image":"","background-repeat":"repeat","background-position":"center center","background-size":"auto","background-attachment":"scroll","background-type":"","background-media":"","overlay-type":"","overlay-color":"","overlay-opacity":"","overlay-gradient":""},"tablet":{"background-color":"var(--ast-global-color-5)","background-image":"","background-repeat":"repeat","background-position":"center center","background-size":"auto","background-attachment":"scroll","background-type":"","background-media":"","overlay-type":"","overlay-color":"","overlay-opacity":"","overlay-gradient":""},"mobile":{"background-color":"var(--ast-global-color-5)","background-image":"","background-repeat":"repeat","background-position":"center center","background-size":"auto","background-attachment":"scroll","background-type":"","background-media":"","overlay-type":"","overlay-color":"","overlay-opacity":"","overlay-gradient":""}},"footnotes":""},"categories":[2],"tags":[895,18,697,876,35,40],"class_list":["post-32299","post","type-post","status-publish","format-standard","has-post-thumbnail","hentry","category-abgasskandal","tag-abschalteinrichtung","tag-daimler","tag-kba","tag-mercedes-benz","tag-rueckruf","tag-software-update"],"yoast_head":"<!-- This site is optimized with the Yoast SEO Premium plugin v27.4 (Yoast SEO v27.4) - https:\/\/yoast.com\/product\/yoast-seo-premium-wordpress\/ -->\n<title>KBA weist auf Unzul\u00e4ssigkeit bei Mercedes-Benz hin - R&amp;U<\/title>\n<meta name=\"description\" content=\"Das KBA weist erneut auf eine Unzul\u00e4ssigkeit bei Mercedes-Benz hin. Die Daimler AG r\u00fcckt immer weiter in den Fokus. Handeln Sie jetzt!\" \/>\n<meta name=\"robots\" content=\"index, follow, max-snippet:-1, max-image-preview:large, max-video-preview:-1\" \/>\n<link rel=\"canonical\" href=\"https:\/\/ru.law\/en\/kba-weist-auf-unzulaessigkeit-bei-mercedes-benz-hin\/\" \/>\n<meta property=\"og:locale\" content=\"en_GB\" \/>\n<meta property=\"og:type\" content=\"article\" \/>\n<meta property=\"og:title\" content=\"KBA weist auf Unzul\u00e4ssigkeit bei Mercedes-Benz hin\" \/>\n<meta property=\"og:description\" content=\"Das KBA weist erneut auf eine Unzul\u00e4ssigkeit bei Mercedes-Benz hin. Die Daimler AG r\u00fcckt immer weiter in den Fokus. Handeln Sie jetzt!\" \/>\n<meta property=\"og:url\" content=\"https:\/\/ru.law\/en\/kba-weist-auf-unzulaessigkeit-bei-mercedes-benz-hin\/\" \/>\n<meta property=\"og:site_name\" content=\"R&amp;U\" \/>\n<meta property=\"article:publisher\" content=\"https:\/\/www.facebook.com\/RogertUlbrich\/\" \/>\n<meta property=\"article:published_time\" content=\"2022-06-14T10:50:09+00:00\" \/>\n<meta property=\"article:modified_time\" content=\"2024-07-08T11:11:43+00:00\" \/>\n<meta property=\"og:image\" content=\"https:\/\/ru.law\/wp-content\/uploads\/2022\/06\/Rogert-Ulbrich-Rechtsanwaelt-Kanzlei-Abgasskandal-Mercedes-Benz-KBA-Rueckruf-Abschalteinrichtung-kuehlmittelsolltemperatur.jpg\" \/>\n\t<meta property=\"og:image:width\" content=\"1200\" \/>\n\t<meta property=\"og:image:height\" content=\"675\" \/>\n\t<meta property=\"og:image:type\" content=\"image\/jpeg\" \/>\n<meta name=\"author\" content=\"Marco Rogert\" \/>\n<meta name=\"twitter:card\" content=\"summary_large_image\" \/>\n<meta name=\"twitter:creator\" content=\"@RogertUlbrich\" \/>\n<meta name=\"twitter:site\" content=\"@RogertUlbrich\" \/>\n<script type=\"application\/ld+json\" class=\"yoast-schema-graph\">{\"@context\":\"https:\\\/\\\/schema.org\",\"@graph\":[{\"@type\":\"Article\",\"@id\":\"https:\\\/\\\/ru.law\\\/kba-weist-auf-unzulaessigkeit-bei-mercedes-benz-hin\\\/#article\",\"isPartOf\":{\"@id\":\"https:\\\/\\\/ru.law\\\/kba-weist-auf-unzulaessigkeit-bei-mercedes-benz-hin\\\/\"},\"author\":{\"name\":\"Marco Rogert\",\"@id\":\"https:\\\/\\\/ru.law\\\/#\\\/schema\\\/person\\\/b020d506e6bbc471b4565d3a98173b87\"},\"headline\":\"KBA weist auf Unzul\u00e4ssigkeit bei Mercedes-Benz hin\",\"datePublished\":\"2022-06-14T10:50:09+00:00\",\"dateModified\":\"2024-07-08T11:11:43+00:00\",\"mainEntityOfPage\":{\"@id\":\"https:\\\/\\\/ru.law\\\/kba-weist-auf-unzulaessigkeit-bei-mercedes-benz-hin\\\/\"},\"wordCount\":335,\"publisher\":{\"@id\":\"https:\\\/\\\/ru.law\\\/#organization\"},\"image\":{\"@id\":\"https:\\\/\\\/ru.law\\\/kba-weist-auf-unzulaessigkeit-bei-mercedes-benz-hin\\\/#primaryimage\"},\"thumbnailUrl\":\"https:\\\/\\\/ru.law\\\/wp-content\\\/uploads\\\/2022\\\/06\\\/Rogert-Ulbrich-Rechtsanwaelt-Kanzlei-Abgasskandal-Mercedes-Benz-KBA-Rueckruf-Abschalteinrichtung-kuehlmittelsolltemperatur.jpg\",\"keywords\":[\"Abschalteinrichtung\",\"Daimler\",\"KBA\",\"Mercedes-Benz\",\"R\u00fcckruf\",\"Software-Update\"],\"articleSection\":[\"Abgasskandal\"],\"inLanguage\":\"en-GB\"},{\"@type\":\"WebPage\",\"@id\":\"https:\\\/\\\/ru.law\\\/kba-weist-auf-unzulaessigkeit-bei-mercedes-benz-hin\\\/\",\"url\":\"https:\\\/\\\/ru.law\\\/kba-weist-auf-unzulaessigkeit-bei-mercedes-benz-hin\\\/\",\"name\":\"KBA weist auf Unzul\u00e4ssigkeit bei Mercedes-Benz hin - R&amp;U\",\"isPartOf\":{\"@id\":\"https:\\\/\\\/ru.law\\\/#website\"},\"primaryImageOfPage\":{\"@id\":\"https:\\\/\\\/ru.law\\\/kba-weist-auf-unzulaessigkeit-bei-mercedes-benz-hin\\\/#primaryimage\"},\"image\":{\"@id\":\"https:\\\/\\\/ru.law\\\/kba-weist-auf-unzulaessigkeit-bei-mercedes-benz-hin\\\/#primaryimage\"},\"thumbnailUrl\":\"https:\\\/\\\/ru.law\\\/wp-content\\\/uploads\\\/2022\\\/06\\\/Rogert-Ulbrich-Rechtsanwaelt-Kanzlei-Abgasskandal-Mercedes-Benz-KBA-Rueckruf-Abschalteinrichtung-kuehlmittelsolltemperatur.jpg\",\"datePublished\":\"2022-06-14T10:50:09+00:00\",\"dateModified\":\"2024-07-08T11:11:43+00:00\",\"description\":\"Das KBA weist erneut auf eine Unzul\u00e4ssigkeit bei Mercedes-Benz hin. Die Daimler AG r\u00fcckt immer weiter in den Fokus. Handeln Sie jetzt!\",\"breadcrumb\":{\"@id\":\"https:\\\/\\\/ru.law\\\/kba-weist-auf-unzulaessigkeit-bei-mercedes-benz-hin\\\/#breadcrumb\"},\"inLanguage\":\"en-GB\",\"potentialAction\":[{\"@type\":\"ReadAction\",\"target\":[\"https:\\\/\\\/ru.law\\\/kba-weist-auf-unzulaessigkeit-bei-mercedes-benz-hin\\\/\"]}]},{\"@type\":\"ImageObject\",\"inLanguage\":\"en-GB\",\"@id\":\"https:\\\/\\\/ru.law\\\/kba-weist-auf-unzulaessigkeit-bei-mercedes-benz-hin\\\/#primaryimage\",\"url\":\"https:\\\/\\\/ru.law\\\/wp-content\\\/uploads\\\/2022\\\/06\\\/Rogert-Ulbrich-Rechtsanwaelt-Kanzlei-Abgasskandal-Mercedes-Benz-KBA-Rueckruf-Abschalteinrichtung-kuehlmittelsolltemperatur.jpg\",\"contentUrl\":\"https:\\\/\\\/ru.law\\\/wp-content\\\/uploads\\\/2022\\\/06\\\/Rogert-Ulbrich-Rechtsanwaelt-Kanzlei-Abgasskandal-Mercedes-Benz-KBA-Rueckruf-Abschalteinrichtung-kuehlmittelsolltemperatur.jpg\",\"width\":1200,\"height\":675},{\"@type\":\"BreadcrumbList\",\"@id\":\"https:\\\/\\\/ru.law\\\/kba-weist-auf-unzulaessigkeit-bei-mercedes-benz-hin\\\/#breadcrumb\",\"itemListElement\":[{\"@type\":\"ListItem\",\"position\":1,\"name\":\"Startseite\",\"item\":\"https:\\\/\\\/ru.law\\\/\"},{\"@type\":\"ListItem\",\"position\":2,\"name\":\"KBA weist auf Unzul\u00e4ssigkeit bei Mercedes-Benz hin\"}]},{\"@type\":\"WebSite\",\"@id\":\"https:\\\/\\\/ru.law\\\/#website\",\"url\":\"https:\\\/\\\/ru.law\\\/\",\"name\":\"R&U\",\"description\":\"Verbraucheranw\u00e4lte\",\"publisher\":{\"@id\":\"https:\\\/\\\/ru.law\\\/#organization\"},\"alternateName\":\"Rogert & Ulbrich\",\"potentialAction\":[{\"@type\":\"SearchAction\",\"target\":{\"@type\":\"EntryPoint\",\"urlTemplate\":\"https:\\\/\\\/ru.law\\\/?s={search_term_string}\"},\"query-input\":{\"@type\":\"PropertyValueSpecification\",\"valueRequired\":true,\"valueName\":\"search_term_string\"}}],\"inLanguage\":\"en-GB\"},{\"@type\":\"Organization\",\"@id\":\"https:\\\/\\\/ru.law\\\/#organization\",\"name\":\"Kanzlei Rogert & Ulbrich\",\"url\":\"https:\\\/\\\/ru.law\\\/\",\"logo\":{\"@type\":\"ImageObject\",\"inLanguage\":\"en-GB\",\"@id\":\"https:\\\/\\\/ru.law\\\/#\\\/schema\\\/logo\\\/image\\\/\",\"url\":\"https:\\\/\\\/ru.law\\\/wp-content\\\/uploads\\\/2020\\\/12\\\/logo-ru-law.svg\",\"contentUrl\":\"https:\\\/\\\/ru.law\\\/wp-content\\\/uploads\\\/2020\\\/12\\\/logo-ru-law.svg\",\"width\":992,\"height\":259,\"caption\":\"Kanzlei Rogert & Ulbrich\"},\"image\":{\"@id\":\"https:\\\/\\\/ru.law\\\/#\\\/schema\\\/logo\\\/image\\\/\"},\"sameAs\":[\"https:\\\/\\\/www.facebook.com\\\/RogertUlbrich\\\/\",\"https:\\\/\\\/x.com\\\/RogertUlbrich\",\"https:\\\/\\\/www.instagram.com\\\/rogertulbrich\\\/\",\"https:\\\/\\\/www.linkedin.com\\\/company\\\/rogert-ulbrich\\\/\",\"https:\\\/\\\/www.youtube.com\\\/channel\\\/UCganCgpvwpPFqMFf1vVmG2A\"]},{\"@type\":\"Person\",\"@id\":\"https:\\\/\\\/ru.law\\\/#\\\/schema\\\/person\\\/b020d506e6bbc471b4565d3a98173b87\",\"name\":\"Marco Rogert\",\"url\":\"https:\\\/\\\/ru.law\\\/en\\\/author\\\/rogertru-law\\\/\"}]}<\/script>\n<!-- \/ Yoast SEO Premium plugin. -->","yoast_head_json":{"title":"KBA weist auf Unzul\u00e4ssigkeit bei Mercedes-Benz hin - R&amp;U","description":"Das KBA weist erneut auf eine Unzul\u00e4ssigkeit bei Mercedes-Benz hin. Die Daimler AG r\u00fcckt immer weiter in den Fokus. Handeln Sie jetzt!","robots":{"index":"index","follow":"follow","max-snippet":"max-snippet:-1","max-image-preview":"max-image-preview:large","max-video-preview":"max-video-preview:-1"},"canonical":"https:\/\/ru.law\/en\/kba-weist-auf-unzulaessigkeit-bei-mercedes-benz-hin\/","og_locale":"en_GB","og_type":"article","og_title":"KBA weist auf Unzul\u00e4ssigkeit bei Mercedes-Benz hin","og_description":"Das KBA weist erneut auf eine Unzul\u00e4ssigkeit bei Mercedes-Benz hin. Die Daimler AG r\u00fcckt immer weiter in den Fokus. Handeln Sie jetzt!","og_url":"https:\/\/ru.law\/en\/kba-weist-auf-unzulaessigkeit-bei-mercedes-benz-hin\/","og_site_name":"R&amp;U","article_publisher":"https:\/\/www.facebook.com\/RogertUlbrich\/","article_published_time":"2022-06-14T10:50:09+00:00","article_modified_time":"2024-07-08T11:11:43+00:00","og_image":[{"width":1200,"height":675,"url":"https:\/\/ru.law\/wp-content\/uploads\/2022\/06\/Rogert-Ulbrich-Rechtsanwaelt-Kanzlei-Abgasskandal-Mercedes-Benz-KBA-Rueckruf-Abschalteinrichtung-kuehlmittelsolltemperatur.jpg","type":"image\/jpeg"}],"author":"Marco Rogert","twitter_card":"summary_large_image","twitter_creator":"@RogertUlbrich","twitter_site":"@RogertUlbrich","schema":{"@context":"https:\/\/schema.org","@graph":[{"@type":"Article","@id":"https:\/\/ru.law\/kba-weist-auf-unzulaessigkeit-bei-mercedes-benz-hin\/#article","isPartOf":{"@id":"https:\/\/ru.law\/kba-weist-auf-unzulaessigkeit-bei-mercedes-benz-hin\/"},"author":{"name":"Marco Rogert","@id":"https:\/\/ru.law\/#\/schema\/person\/b020d506e6bbc471b4565d3a98173b87"},"headline":"KBA weist auf Unzul\u00e4ssigkeit bei Mercedes-Benz hin","datePublished":"2022-06-14T10:50:09+00:00","dateModified":"2024-07-08T11:11:43+00:00","mainEntityOfPage":{"@id":"https:\/\/ru.law\/kba-weist-auf-unzulaessigkeit-bei-mercedes-benz-hin\/"},"wordCount":335,"publisher":{"@id":"https:\/\/ru.law\/#organization"},"image":{"@id":"https:\/\/ru.law\/kba-weist-auf-unzulaessigkeit-bei-mercedes-benz-hin\/#primaryimage"},"thumbnailUrl":"https:\/\/ru.law\/wp-content\/uploads\/2022\/06\/Rogert-Ulbrich-Rechtsanwaelt-Kanzlei-Abgasskandal-Mercedes-Benz-KBA-Rueckruf-Abschalteinrichtung-kuehlmittelsolltemperatur.jpg","keywords":["Abschalteinrichtung","Daimler","KBA","Mercedes-Benz","R\u00fcckruf","Software-Update"],"articleSection":["Abgasskandal"],"inLanguage":"en-GB"},{"@type":"WebPage","@id":"https:\/\/ru.law\/kba-weist-auf-unzulaessigkeit-bei-mercedes-benz-hin\/","url":"https:\/\/ru.law\/kba-weist-auf-unzulaessigkeit-bei-mercedes-benz-hin\/","name":"KBA weist auf Unzul\u00e4ssigkeit bei Mercedes-Benz hin - R&amp;U","isPartOf":{"@id":"https:\/\/ru.law\/#website"},"primaryImageOfPage":{"@id":"https:\/\/ru.law\/kba-weist-auf-unzulaessigkeit-bei-mercedes-benz-hin\/#primaryimage"},"image":{"@id":"https:\/\/ru.law\/kba-weist-auf-unzulaessigkeit-bei-mercedes-benz-hin\/#primaryimage"},"thumbnailUrl":"https:\/\/ru.law\/wp-content\/uploads\/2022\/06\/Rogert-Ulbrich-Rechtsanwaelt-Kanzlei-Abgasskandal-Mercedes-Benz-KBA-Rueckruf-Abschalteinrichtung-kuehlmittelsolltemperatur.jpg","datePublished":"2022-06-14T10:50:09+00:00","dateModified":"2024-07-08T11:11:43+00:00","description":"Das KBA weist erneut auf eine Unzul\u00e4ssigkeit bei Mercedes-Benz hin. Die Daimler AG r\u00fcckt immer weiter in den Fokus. Handeln Sie jetzt!","breadcrumb":{"@id":"https:\/\/ru.law\/kba-weist-auf-unzulaessigkeit-bei-mercedes-benz-hin\/#breadcrumb"},"inLanguage":"en-GB","potentialAction":[{"@type":"ReadAction","target":["https:\/\/ru.law\/kba-weist-auf-unzulaessigkeit-bei-mercedes-benz-hin\/"]}]},{"@type":"ImageObject","inLanguage":"en-GB","@id":"https:\/\/ru.law\/kba-weist-auf-unzulaessigkeit-bei-mercedes-benz-hin\/#primaryimage","url":"https:\/\/ru.law\/wp-content\/uploads\/2022\/06\/Rogert-Ulbrich-Rechtsanwaelt-Kanzlei-Abgasskandal-Mercedes-Benz-KBA-Rueckruf-Abschalteinrichtung-kuehlmittelsolltemperatur.jpg","contentUrl":"https:\/\/ru.law\/wp-content\/uploads\/2022\/06\/Rogert-Ulbrich-Rechtsanwaelt-Kanzlei-Abgasskandal-Mercedes-Benz-KBA-Rueckruf-Abschalteinrichtung-kuehlmittelsolltemperatur.jpg","width":1200,"height":675},{"@type":"BreadcrumbList","@id":"https:\/\/ru.law\/kba-weist-auf-unzulaessigkeit-bei-mercedes-benz-hin\/#breadcrumb","itemListElement":[{"@type":"ListItem","position":1,"name":"Startseite","item":"https:\/\/ru.law\/"},{"@type":"ListItem","position":2,"name":"KBA weist auf Unzul\u00e4ssigkeit bei Mercedes-Benz hin"}]},{"@type":"WebSite","@id":"https:\/\/ru.law\/#website","url":"https:\/\/ru.law\/","name":"R&amp;U","description":"Consumer lawyers","publisher":{"@id":"https:\/\/ru.law\/#organization"},"alternateName":"Rogert & Ulbrich","potentialAction":[{"@type":"SearchAction","target":{"@type":"EntryPoint","urlTemplate":"https:\/\/ru.law\/?s={search_term_string}"},"query-input":{"@type":"PropertyValueSpecification","valueRequired":true,"valueName":"search_term_string"}}],"inLanguage":"en-GB"},{"@type":"Organization","@id":"https:\/\/ru.law\/#organization","name":"Rogert &amp; Ulbrich Law Firm","url":"https:\/\/ru.law\/","logo":{"@type":"ImageObject","inLanguage":"en-GB","@id":"https:\/\/ru.law\/#\/schema\/logo\/image\/","url":"https:\/\/ru.law\/wp-content\/uploads\/2020\/12\/logo-ru-law.svg","contentUrl":"https:\/\/ru.law\/wp-content\/uploads\/2020\/12\/logo-ru-law.svg","width":992,"height":259,"caption":"Kanzlei Rogert & Ulbrich"},"image":{"@id":"https:\/\/ru.law\/#\/schema\/logo\/image\/"},"sameAs":["https:\/\/www.facebook.com\/RogertUlbrich\/","https:\/\/x.com\/RogertUlbrich","https:\/\/www.instagram.com\/rogertulbrich\/","https:\/\/www.linkedin.com\/company\/rogert-ulbrich\/","https:\/\/www.youtube.com\/channel\/UCganCgpvwpPFqMFf1vVmG2A"]},{"@type":"Person","@id":"https:\/\/ru.law\/#\/schema\/person\/b020d506e6bbc471b4565d3a98173b87","name":"Marco Rogert","url":"https:\/\/ru.law\/en\/author\/rogertru-law\/"}]}},"uagb_featured_image_src":{"full":["https:\/\/ru.law\/wp-content\/uploads\/2022\/06\/Rogert-Ulbrich-Rechtsanwaelt-Kanzlei-Abgasskandal-Mercedes-Benz-KBA-Rueckruf-Abschalteinrichtung-kuehlmittelsolltemperatur.jpg",1200,675,false],"thumbnail":["https:\/\/ru.law\/wp-content\/uploads\/2022\/06\/Rogert-Ulbrich-Rechtsanwaelt-Kanzlei-Abgasskandal-Mercedes-Benz-KBA-Rueckruf-Abschalteinrichtung-kuehlmittelsolltemperatur.jpg",128,72,false],"medium":["https:\/\/ru.law\/wp-content\/uploads\/2022\/06\/Rogert-Ulbrich-Rechtsanwaelt-Kanzlei-Abgasskandal-Mercedes-Benz-KBA-Rueckruf-Abschalteinrichtung-kuehlmittelsolltemperatur.jpg",1200,675,false],"medium_large":["https:\/\/ru.law\/wp-content\/uploads\/2022\/06\/Rogert-Ulbrich-Rechtsanwaelt-Kanzlei-Abgasskandal-Mercedes-Benz-KBA-Rueckruf-Abschalteinrichtung-kuehlmittelsolltemperatur-768x432.jpg",768,432,true],"large":["https:\/\/ru.law\/wp-content\/uploads\/2022\/06\/Rogert-Ulbrich-Rechtsanwaelt-Kanzlei-Abgasskandal-Mercedes-Benz-KBA-Rueckruf-Abschalteinrichtung-kuehlmittelsolltemperatur.jpg",1200,675,false],"1536x1536":["https:\/\/ru.law\/wp-content\/uploads\/2022\/06\/Rogert-Ulbrich-Rechtsanwaelt-Kanzlei-Abgasskandal-Mercedes-Benz-KBA-Rueckruf-Abschalteinrichtung-kuehlmittelsolltemperatur.jpg",1200,675,false],"2048x2048":["https:\/\/ru.law\/wp-content\/uploads\/2022\/06\/Rogert-Ulbrich-Rechtsanwaelt-Kanzlei-Abgasskandal-Mercedes-Benz-KBA-Rueckruf-Abschalteinrichtung-kuehlmittelsolltemperatur.jpg",1200,675,false],"trp-custom-language-flag":["https:\/\/ru.law\/wp-content\/uploads\/2022\/06\/Rogert-Ulbrich-Rechtsanwaelt-Kanzlei-Abgasskandal-Mercedes-Benz-KBA-Rueckruf-Abschalteinrichtung-kuehlmittelsolltemperatur.jpg",18,10,false]},"uagb_author_info":{"display_name":"Marco Rogert","author_link":"https:\/\/ru.law\/en\/author\/rogertru-law\/"},"uagb_comment_info":0,"uagb_excerpt":"Das Kraftfahrtbundesamt (KBA) wurde durch das Oberlandesgericht (OLG) M\u00fcnchen mit Beschluss vom 03.08.2021 um Erteilung einer Auskunft gebeten. Streitgegenst\u00e4ndlich war ein Mercedes-Benz GLK 220 CDI [&hellip;]","_links":{"self":[{"href":"https:\/\/ru.law\/en\/wp-json\/wp\/v2\/posts\/32299","targetHints":{"allow":["GET"]}}],"collection":[{"href":"https:\/\/ru.law\/en\/wp-json\/wp\/v2\/posts"}],"about":[{"href":"https:\/\/ru.law\/en\/wp-json\/wp\/v2\/types\/post"}],"author":[{"embeddable":true,"href":"https:\/\/ru.law\/en\/wp-json\/wp\/v2\/users\/21"}],"replies":[{"embeddable":true,"href":"https:\/\/ru.law\/en\/wp-json\/wp\/v2\/comments?post=32299"}],"version-history":[{"count":0,"href":"https:\/\/ru.law\/en\/wp-json\/wp\/v2\/posts\/32299\/revisions"}],"wp:featuredmedia":[{"embeddable":true,"href":"https:\/\/ru.law\/en\/wp-json\/wp\/v2\/media\/62591"}],"wp:attachment":[{"href":"https:\/\/ru.law\/en\/wp-json\/wp\/v2\/media?parent=32299"}],"wp:term":[{"taxonomy":"category","embeddable":true,"href":"https:\/\/ru.law\/en\/wp-json\/wp\/v2\/categories?post=32299"},{"taxonomy":"post_tag","embeddable":true,"href":"https:\/\/ru.law\/en\/wp-json\/wp\/v2\/tags?post=32299"}],"curies":[{"name":"wp","href":"https:\/\/api.w.org\/{rel}","templated":true}]}}