{"id":31894,"date":"2022-06-02T12:58:29","date_gmt":"2022-06-02T10:58:29","guid":{"rendered":"https:\/\/ru.law\/?p=31894"},"modified":"2024-07-08T13:11:43","modified_gmt":"2024-07-08T11:11:43","slug":"erneuter-erfolg-im-mercedes-abgasskandal-vor-dem-bgh","status":"publish","type":"post","link":"https:\/\/ru.law\/en\/erneuter-erfolg-im-mercedes-abgasskandal-vor-dem-bgh\/","title":{"rendered":"Another success in the Mercedes emissions scandal before the Federal Court of Justice"},"content":{"rendered":"<p>The Federal Court of Justice (BGH) has&nbsp;<a href=\"https:\/\/www.presseportal.de\/pm\/119896\/4967479\">anew&nbsp;<\/a><a href=\"https:\/\/ru.law\/en\/expertise\/abgasskandal\/mercedes-benz-diesel\/#urteile\">positive<\/a>&nbsp;for a plaintiff we represented in the Mercedes emissions scandal. This is not the first case we have conducted that has been referred back to the competent lower court for further review by the Federal Court of Justice (<a href=\"https:\/\/www.presseportal.de\/pm\/119896\/4967479\">BGH ruling of 13 July 2021, Ref. VI ZR 128\/20<\/a> and <a href=\"https:\/\/ru.law\/en\/mercedes-abgasskandal-erneut-positive-bgh-entscheidung\/\">Federal Court of Justice decision of February 23, 2022, Ref. VII ZR 602\/21<\/a>). In this decision, the Federal Court of Justice (BGH) also ruled that the judgment of the Higher Regional Court (OLG) Koblenz had to be overturned and referred back to the Court of Appeal for a new decision (BGH decision of 20 April 2022, Ref. No. VII ZR 720\/21). Specifically, the case concerns a used <a href=\"https:\/\/ru.law\/en\/expertise\/abgasskandal\/mercedes-benz-diesel\/#modelle\">Mercedes-Benz GLK 220 CDI BE 4M <\/a>(emission class Euro 5). The vehicle is equipped with a <a href=\"https:\/\/ru.law\/en\/expertise\/abgasskandal\/mercedes-benz-diesel\/#motor\">Diesel engine type OM 651<\/a> equipped. <\/p>\n\n\n\n<p>Both the Regional Court and the Higher Regional Court had previously dismissed the plaintiff&#039;s claim and had not awarded him any damages. However, the Federal Court of Justice criticised the plaintiff&#039;s factual submission that&nbsp;<a href=\"https:\/\/ru.law\/en\/expertise\/abgasskandal\/mercedes-benz-diesel\/#abschalteinrichtungen\">Exhaust gas purification<\/a>&nbsp;The driver&#039;s vehicle&#039;s performance is controlled by a software function that detects whether the vehicle is on the test bench and, in this case, activates a coolant target temperature control (CTC). When a CTC is activated, nitrogen oxide emissions are reduced to the permissible level.<\/p>\n\n\n\n<p><\/p>\n\n\n\n<h2 class=\"wp-block-heading\" id=\"h-bgh-sieht-sittenwidriges-verhalten-als-gegeben-an\">BGH considers immoral behavior to be given <\/h2>\n\n\n\n<p>The Federal Court of Justice (BGH) stated that a mandatory recall by the Federal Motor Transport Authority (KBA) does not sufficiently establish the existence of an inadmissible defeat device. Rather, according to established case law of the highest courts, circumstances must exist that make the conduct of the persons involved appear particularly reprehensible (cf. BGH ruling of September 16, 2021, Ref. No. VII ZR 190\/20). By using a <a href=\"https:\/\/ru.law\/en\/expertise\/abgasskandal\/mercedes-benz-diesel\/#software\">Test bench recognition software <\/a>According to the BGH, however, this would constitute immoral conduct. <\/p>\n\n\n\n<p>The KBA has been investigating since autumn 2018 on suspicion of <a href=\"https:\/\/ru.law\/en\/expertise\/abgasskandal\/mercedes-benz-diesel\/#abschalteinrichtungen\">impermissible shutdown device<\/a> against Daimler AG. The use of a <a href=\"https:\/\/ru.law\/en\/expertise\/abgasskandal\/mercedes-benz-diesel\/#software\">software<\/a>, which detects whether the vehicle is on the test bench and then reduces nitrogen oxide emissions, appears to be immoral according to the Federal Court of Justice. Nitrogen oxide emissions are thus only minimized on the test bench and not in real driving conditions on the roads. There, the legal limit of 180 mg\/km is significantly exceeded. The KSR keeps the coolant circuit artificially colder and delays the warming up of the engine oil. This results in significantly lower NOx formation and compliance with the limit values on the test bench. However, if the engine is started without the test bench detection software, the KSR does not take effect. The result: The coolant and engine oil heat up more quickly and nitrogen oxide emissions are higher.<\/p>\n\n\n\n<p><\/p>\n\n\n\n<h3 class=\"wp-block-heading\" id=\"h-rogert-ulbrich-empfiehlt-mercedes-fahrern\">Rogert &amp; Ulbrich recommends Mercedes drivers <\/h3>\n\n\n\n<p>If you are the owner of an affected vehicle with <a href=\"https:\/\/ru.law\/en\/expertise\/abgasskandal\/mercedes-benz-diesel\/#motor\">Engine type OM651<\/a>&nbsp;you should now <a href=\"https:\/\/ru.law\/en\/expertise\/abgasskandal\/mercedes-benz-diesel\/#mandat\">Chance of a<\/a> <a href=\"https:\/\/ru.law\/en\/expertise\/abgasskandal\/mercedes-benz-diesel\/#mandat\">possible compensation<\/a>The law firm Rogert &amp; Ulbrich was the first law firm in Germany to be able to<a href=\"https:\/\/ru.law\/en\/expertise\/abgasskandal\/mercedes-benz-diesel\/#urteile\">positive decision<\/a>before the Federal Court of Justice in a Daimler case. Please contact us and let us<a href=\"https:\/\/ru.law\/en\/expertise\/abgasskandal\/mercedes-benz-diesel\/#erstberatung\">your demands<\/a>check without obligation and free of charge.&nbsp;<\/p>\n\n\n\n<p><\/p>\n\n\n\n<section class=\"wp-block-uagb-columns uagb-columns__wrap uagb-columns__background-undefined uagb-columns__stack-mobile uagb-columns__valign-undefined uagb-columns__gap-10 alignundefined uagb-block-23a72f0c contrast blog_beitraege\"><div class=\"uagb-columns__overlay\"><\/div><div class=\"uagb-columns__inner-wrap uagb-columns__columns-1\">\n<div class=\"wp-block-uagb-column uagb-column__wrap uagb-column__background-undefined uagb-block-03317455\"><div class=\"uagb-column__overlay\"><\/div><div class=\"uagb-column__inner-wrap\">\n<h3 class=\"wp-block-heading\" id=\"h-das-konnte-sie-auch-interessieren\">You might also be interested in:<\/h3>\n\n\n\n\t\t\t<div class=\"wp-block-uagb-post-grid uagb-post-grid  uagb-post__image-position-top uagb-post__image-enabled uagb-block-9f14f215     uagb-post__items uagb-post__columns-3 is-grid uagb-post__columns-tablet-2 uagb-post__columns-mobile-1 uagb-post__equal-height\" data-total=\"9\" style=\"\">\n\n\t\t\t\t\t\t\t\t\t\t\t\t<article class=\"uagb-post__inner-wrap\">\t\t\t\t\t\t\t\t<div class='uagb-post__image'>\n\t\t\t\t\t\t\t\t\t<a href=\"https:\/\/ru.law\/en\/musterfeststellungsklage-gegen-die-daimler-ag\/\" target=\"_self\" rel=\"bookmark noopener noreferrer\" class='uagb-image-ratio-inherit'><img loading=\"lazy\" decoding=\"async\" width=\"1024\" height=\"576\" src=\"https:\/\/ru.law\/wp-content\/uploads\/2021\/07\/Rogert-Ulbrich-Rechtsanwalts-Kanzlei-Mercedes-Benz-Musterfestellungsklage72-1024x576.jpg\" class=\"attachment-large size-large\" alt=\"\" srcset=\"https:\/\/ru.law\/wp-content\/uploads\/2021\/07\/Rogert-Ulbrich-Rechtsanwalts-Kanzlei-Mercedes-Benz-Musterfestellungsklage72-1024x576.jpg 1024w, https:\/\/ru.law\/wp-content\/uploads\/2021\/07\/Rogert-Ulbrich-Rechtsanwalts-Kanzlei-Mercedes-Benz-Musterfestellungsklage72-300x169.jpg 300w, https:\/\/ru.law\/wp-content\/uploads\/2021\/07\/Rogert-Ulbrich-Rechtsanwalts-Kanzlei-Mercedes-Benz-Musterfestellungsklage72-768x432.jpg 768w, https:\/\/ru.law\/wp-content\/uploads\/2021\/07\/Rogert-Ulbrich-Rechtsanwalts-Kanzlei-Mercedes-Benz-Musterfestellungsklage72.jpg 1200w\" sizes=\"auto, (max-width: 1024px) 100vw, 1024px\" \/>\t\t\t\t\t<\/a>\n\t\t\t\t\t\t\t<\/div>\n\t\t\t\t\t\t<h4 class=\"uagb-post__title uagb-post__text\">\n\t\t\t\t<a href=\"https:\/\/ru.law\/en\/musterfeststellungsklage-gegen-die-daimler-ag\/\" target=\"_self\" rel=\"bookmark noopener noreferrer\">vzbv files another model declaratory action \u2013 Volkswagen is followed by Daimler AG<\/a>\n\t\t\t<\/h4>\n\t\t\t\t\t\t<div class='uagb-post__text uagb-post-grid-byline'>\n\t\t\t\t\t\t\t<\/div>\n\t\t\t\t\t\t\t<div class='uagb-post__text uagb-post__excerpt'>\n\t\t\t\t\t<p>Bad news for the car manufacturers from Stuttgart. The Federal Association of Consumer Organizations (vzbv) is being\u2026\t\t\t\t<\/div>\n\t\t\t\n\t\t\t\t\t\t\t\t\t<\/article>\n\t\t\t\t\t\t\t\t\t\t\t\t\t\t\t\t<article class=\"uagb-post__inner-wrap\">\t\t\t\t\t\t\t\t<div class='uagb-post__image'>\n\t\t\t\t\t\t\t\t\t<a href=\"https:\/\/ru.law\/en\/verjaehrung-bei-mercedes-benz-zum-ende-des-jahres-2021\/\" target=\"_self\" rel=\"bookmark noopener noreferrer\" class='uagb-image-ratio-inherit'><img loading=\"lazy\" decoding=\"async\" width=\"1024\" height=\"576\" src=\"https:\/\/ru.law\/wp-content\/uploads\/2021\/10\/Rogert-Ulbrich-Rechtsanwaelte-Kanzlei-Mercedes-Vito-GLC-Marco-Polo-Euro6-1024x576.jpg\" class=\"attachment-large size-large\" alt=\"Rogert-Ulbrich-Rechtsanwaelte-Kanzlei-Mercedes-Vito-GLC-Marco-Polo-Euro6.jp\" srcset=\"https:\/\/ru.law\/wp-content\/uploads\/2021\/10\/Rogert-Ulbrich-Rechtsanwaelte-Kanzlei-Mercedes-Vito-GLC-Marco-Polo-Euro6-1024x576.jpg 1024w, https:\/\/ru.law\/wp-content\/uploads\/2021\/10\/Rogert-Ulbrich-Rechtsanwaelte-Kanzlei-Mercedes-Vito-GLC-Marco-Polo-Euro6-300x169.jpg 300w, https:\/\/ru.law\/wp-content\/uploads\/2021\/10\/Rogert-Ulbrich-Rechtsanwaelte-Kanzlei-Mercedes-Vito-GLC-Marco-Polo-Euro6-768x432.jpg 768w, https:\/\/ru.law\/wp-content\/uploads\/2021\/10\/Rogert-Ulbrich-Rechtsanwaelte-Kanzlei-Mercedes-Vito-GLC-Marco-Polo-Euro6.jpg 1200w\" sizes=\"auto, (max-width: 1024px) 100vw, 1024px\" \/>\t\t\t\t\t<\/a>\n\t\t\t\t\t\t\t<\/div>\n\t\t\t\t\t\t<h4 class=\"uagb-post__title uagb-post__text\">\n\t\t\t\t<a href=\"https:\/\/ru.law\/en\/verjaehrung-bei-mercedes-benz-zum-ende-des-jahres-2021\/\" target=\"_self\" rel=\"bookmark noopener noreferrer\">Limitation period at Mercedes-Benz at the end of 2021<\/a>\n\t\t\t<\/h4>\n\t\t\t\t\t\t<div class='uagb-post__text uagb-post-grid-byline'>\n\t\t\t\t\t\t\t<\/div>\n\t\t\t\t\t\t\t<div class='uagb-post__text uagb-post__excerpt'>\n\t\t\t\t\t<p>Do you drive a Mercedes-Benz GLC, V-Class, Vito or Marco Polo? Then you should note that...\t\t\t\t<\/div>\n\t\t\t\n\t\t\t\t\t\t\t\t\t<\/article>\n\t\t\t\t\t\t\t\t\t\t\t\t\t\t\t\t<article class=\"uagb-post__inner-wrap\">\t\t\t\t\t\t\t\t<div class='uagb-post__image'>\n\t\t\t\t\t\t\t\t\t<a href=\"https:\/\/ru.law\/en\/urteil-gegen-daimler-ag-vorsaetzlich-sittenwidrige-schaedigung\/\" target=\"_self\" rel=\"bookmark noopener noreferrer\" class='uagb-image-ratio-inherit'><img loading=\"lazy\" decoding=\"async\" width=\"1024\" height=\"576\" src=\"https:\/\/ru.law\/wp-content\/uploads\/2022\/02\/Rogert-Ulbrich-Rechtsanwaelte-Kanzlei-Abgasskandal-Urteile-Daimler-Mercedes-Benz-1024x576.png\" class=\"attachment-large size-large\" alt=\"\" srcset=\"https:\/\/ru.law\/wp-content\/uploads\/2022\/02\/Rogert-Ulbrich-Rechtsanwaelte-Kanzlei-Abgasskandal-Urteile-Daimler-Mercedes-Benz-1024x576.png 1024w, https:\/\/ru.law\/wp-content\/uploads\/2022\/02\/Rogert-Ulbrich-Rechtsanwaelte-Kanzlei-Abgasskandal-Urteile-Daimler-Mercedes-Benz-300x169.png 300w, https:\/\/ru.law\/wp-content\/uploads\/2022\/02\/Rogert-Ulbrich-Rechtsanwaelte-Kanzlei-Abgasskandal-Urteile-Daimler-Mercedes-Benz-768x432.png 768w, https:\/\/ru.law\/wp-content\/uploads\/2022\/02\/Rogert-Ulbrich-Rechtsanwaelte-Kanzlei-Abgasskandal-Urteile-Daimler-Mercedes-Benz.png 1200w\" sizes=\"auto, (max-width: 1024px) 100vw, 1024px\" \/>\t\t\t\t\t<\/a>\n\t\t\t\t\t\t\t<\/div>\n\t\t\t\t\t\t<h4 class=\"uagb-post__title uagb-post__text\">\n\t\t\t\t<a href=\"https:\/\/ru.law\/en\/urteil-gegen-daimler-ag-vorsaetzlich-sittenwidrige-schaedigung\/\" target=\"_self\" rel=\"bookmark noopener noreferrer\">Judgment against Daimler AG \u2013 intentional immoral damage<\/a>\n\t\t\t<\/h4>\n\t\t\t\t\t\t<div class='uagb-post__text uagb-post-grid-byline'>\n\t\t\t\t\t\t\t<\/div>\n\t\t\t\t\t\t\t<div class='uagb-post__text uagb-post__excerpt'>\n\t\t\t\t\t<p>In its judgment of January 28, 2022, the Stuttgart Regional Court (LG) sentenced Daimler AG to\u2026\t\t\t\t<\/div>\n\t\t\t\n\t\t\t\t\t\t\t\t\t<\/article>\n\t\t\t\t\t\t\t\t\t\t\t<\/div>\n\t\t\t<\/div><\/div>\n<\/div><\/section>","protected":false},"excerpt":{"rendered":"<p>Der Bundesgerichthof (BGH) hat&nbsp;erneut&nbsp;positiv&nbsp;f\u00fcr einen durch uns vertretenen Kl\u00e4ger im Mercedes-Abgasskandal entschieden. Es ist nicht das erste von uns&nbsp;gef\u00fchrte Verfahren, welches vom Bundesgerichtshof an die [&hellip;]<\/p>\n","protected":false},"author":21,"featured_media":31901,"comment_status":"closed","ping_status":"open","sticky":false,"template":"","format":"standard","meta":{"_uag_custom_page_level_css":"","site-sidebar-layout":"default","site-content-layout":"","ast-site-content-layout":"default","site-content-style":"default","site-sidebar-style":"default","ast-global-header-display":"","ast-banner-title-visibility":"","ast-main-header-display":"","ast-hfb-above-header-display":"","ast-hfb-below-header-display":"","ast-hfb-mobile-header-display":"","site-post-title":"","ast-breadcrumbs-content":"","ast-featured-img":"","footer-sml-layout":"","ast-disable-related-posts":"","theme-transparent-header-meta":"","adv-header-id-meta":"","stick-header-meta":"","header-above-stick-meta":"","header-main-stick-meta":"","header-below-stick-meta":"","astra-migrate-meta-layouts":"default","ast-page-background-enabled":"default","ast-page-background-meta":{"desktop":{"background-color":"","background-image":"","background-repeat":"repeat","background-position":"center center","background-size":"auto","background-attachment":"scroll","background-type":"","background-media":"","overlay-type":"","overlay-color":"","overlay-opacity":"","overlay-gradient":""},"tablet":{"background-color":"","background-image":"","background-repeat":"repeat","background-position":"center center","background-size":"auto","background-attachment":"scroll","background-type":"","background-media":"","overlay-type":"","overlay-color":"","overlay-opacity":"","overlay-gradient":""},"mobile":{"background-color":"","background-image":"","background-repeat":"repeat","background-position":"center center","background-size":"auto","background-attachment":"scroll","background-type":"","background-media":"","overlay-type":"","overlay-color":"","overlay-opacity":"","overlay-gradient":""}},"ast-content-background-meta":{"desktop":{"background-color":"var(--ast-global-color-5)","background-image":"","background-repeat":"repeat","background-position":"center center","background-size":"auto","background-attachment":"scroll","background-type":"","background-media":"","overlay-type":"","overlay-color":"","overlay-opacity":"","overlay-gradient":""},"tablet":{"background-color":"var(--ast-global-color-5)","background-image":"","background-repeat":"repeat","background-position":"center center","background-size":"auto","background-attachment":"scroll","background-type":"","background-media":"","overlay-type":"","overlay-color":"","overlay-opacity":"","overlay-gradient":""},"mobile":{"background-color":"var(--ast-global-color-5)","background-image":"","background-repeat":"repeat","background-position":"center center","background-size":"auto","background-attachment":"scroll","background-type":"","background-media":"","overlay-type":"","overlay-color":"","overlay-opacity":"","overlay-gradient":""}},"footnotes":""},"categories":[2],"tags":[895,18,23,697,876,30,35,37,41],"class_list":["post-31894","post","type-post","status-publish","format-standard","has-post-thumbnail","hentry","category-abgasskandal","tag-abschalteinrichtung","tag-daimler","tag-euro-5","tag-kba","tag-mercedes-benz","tag-om651","tag-rueckruf","tag-schadensersatz","tag-thermofenster"],"yoast_head":"<!-- This site is optimized with the Yoast SEO Premium plugin v27.4 (Yoast SEO v27.4) - https:\/\/yoast.com\/product\/yoast-seo-premium-wordpress\/ -->\n<title>Erneuter Erfolg im Mercedes-Abgasskandal vor dem BGH - R&amp;U<\/title>\n<meta name=\"description\" content=\"Wieder einmal eine positive Entscheidung f\u00fcr alle Mercedes Fahrer. Der BGH spricht sich erneut f\u00fcr Verbraucher aus. Lassen Sie sich beraten!\" \/>\n<meta name=\"robots\" content=\"index, follow, max-snippet:-1, max-image-preview:large, max-video-preview:-1\" \/>\n<link rel=\"canonical\" href=\"https:\/\/ru.law\/en\/erneuter-erfolg-im-mercedes-abgasskandal-vor-dem-bgh\/\" \/>\n<meta property=\"og:locale\" content=\"en_GB\" \/>\n<meta property=\"og:type\" content=\"article\" \/>\n<meta property=\"og:title\" content=\"Erneuter Erfolg im Mercedes-Abgasskandal vor dem BGH\" \/>\n<meta property=\"og:description\" content=\"Wieder einmal eine positive Entscheidung f\u00fcr alle Mercedes Fahrer. Der BGH spricht sich erneut f\u00fcr Verbraucher aus. Lassen Sie sich beraten!\" \/>\n<meta property=\"og:url\" content=\"https:\/\/ru.law\/en\/erneuter-erfolg-im-mercedes-abgasskandal-vor-dem-bgh\/\" \/>\n<meta property=\"og:site_name\" content=\"R&amp;U\" \/>\n<meta property=\"article:publisher\" content=\"https:\/\/www.facebook.com\/RogertUlbrich\/\" \/>\n<meta property=\"article:published_time\" content=\"2022-06-02T10:58:29+00:00\" \/>\n<meta property=\"article:modified_time\" content=\"2024-07-08T11:11:43+00:00\" \/>\n<meta property=\"og:image\" content=\"https:\/\/ru.law\/wp-content\/uploads\/2022\/06\/Rogert-Ulbrich-Rechtsanwaelte-Kanzlei-Mercedes-Abgasskandal-Daimler-Benz-BGH-Thermofenster.jpg\" \/>\n\t<meta property=\"og:image:width\" content=\"1200\" \/>\n\t<meta property=\"og:image:height\" content=\"675\" \/>\n\t<meta property=\"og:image:type\" content=\"image\/jpeg\" \/>\n<meta name=\"author\" content=\"Marco Rogert\" \/>\n<meta name=\"twitter:card\" content=\"summary_large_image\" \/>\n<meta name=\"twitter:creator\" content=\"@RogertUlbrich\" \/>\n<meta name=\"twitter:site\" content=\"@RogertUlbrich\" \/>\n<script type=\"application\/ld+json\" class=\"yoast-schema-graph\">{\"@context\":\"https:\\\/\\\/schema.org\",\"@graph\":[{\"@type\":\"Article\",\"@id\":\"https:\\\/\\\/ru.law\\\/erneuter-erfolg-im-mercedes-abgasskandal-vor-dem-bgh\\\/#article\",\"isPartOf\":{\"@id\":\"https:\\\/\\\/ru.law\\\/erneuter-erfolg-im-mercedes-abgasskandal-vor-dem-bgh\\\/\"},\"author\":{\"name\":\"Marco Rogert\",\"@id\":\"https:\\\/\\\/ru.law\\\/#\\\/schema\\\/person\\\/b020d506e6bbc471b4565d3a98173b87\"},\"headline\":\"Erneuter Erfolg im Mercedes-Abgasskandal vor dem BGH\",\"datePublished\":\"2022-06-02T10:58:29+00:00\",\"dateModified\":\"2024-07-08T11:11:43+00:00\",\"mainEntityOfPage\":{\"@id\":\"https:\\\/\\\/ru.law\\\/erneuter-erfolg-im-mercedes-abgasskandal-vor-dem-bgh\\\/\"},\"wordCount\":496,\"publisher\":{\"@id\":\"https:\\\/\\\/ru.law\\\/#organization\"},\"image\":{\"@id\":\"https:\\\/\\\/ru.law\\\/erneuter-erfolg-im-mercedes-abgasskandal-vor-dem-bgh\\\/#primaryimage\"},\"thumbnailUrl\":\"https:\\\/\\\/ru.law\\\/wp-content\\\/uploads\\\/2022\\\/06\\\/Rogert-Ulbrich-Rechtsanwaelte-Kanzlei-Mercedes-Abgasskandal-Daimler-Benz-BGH-Thermofenster.jpg\",\"keywords\":[\"Abschalteinrichtung\",\"Daimler\",\"Euro-5\",\"KBA\",\"Mercedes-Benz\",\"OM651\",\"R\u00fcckruf\",\"Schadensersatz\",\"Thermofenster\"],\"articleSection\":[\"Abgasskandal\"],\"inLanguage\":\"en-GB\"},{\"@type\":\"WebPage\",\"@id\":\"https:\\\/\\\/ru.law\\\/erneuter-erfolg-im-mercedes-abgasskandal-vor-dem-bgh\\\/\",\"url\":\"https:\\\/\\\/ru.law\\\/erneuter-erfolg-im-mercedes-abgasskandal-vor-dem-bgh\\\/\",\"name\":\"Erneuter Erfolg im Mercedes-Abgasskandal vor dem BGH - R&amp;U\",\"isPartOf\":{\"@id\":\"https:\\\/\\\/ru.law\\\/#website\"},\"primaryImageOfPage\":{\"@id\":\"https:\\\/\\\/ru.law\\\/erneuter-erfolg-im-mercedes-abgasskandal-vor-dem-bgh\\\/#primaryimage\"},\"image\":{\"@id\":\"https:\\\/\\\/ru.law\\\/erneuter-erfolg-im-mercedes-abgasskandal-vor-dem-bgh\\\/#primaryimage\"},\"thumbnailUrl\":\"https:\\\/\\\/ru.law\\\/wp-content\\\/uploads\\\/2022\\\/06\\\/Rogert-Ulbrich-Rechtsanwaelte-Kanzlei-Mercedes-Abgasskandal-Daimler-Benz-BGH-Thermofenster.jpg\",\"datePublished\":\"2022-06-02T10:58:29+00:00\",\"dateModified\":\"2024-07-08T11:11:43+00:00\",\"description\":\"Wieder einmal eine positive Entscheidung f\u00fcr alle Mercedes Fahrer. Der BGH spricht sich erneut f\u00fcr Verbraucher aus. Lassen Sie sich beraten!\",\"breadcrumb\":{\"@id\":\"https:\\\/\\\/ru.law\\\/erneuter-erfolg-im-mercedes-abgasskandal-vor-dem-bgh\\\/#breadcrumb\"},\"inLanguage\":\"en-GB\",\"potentialAction\":[{\"@type\":\"ReadAction\",\"target\":[\"https:\\\/\\\/ru.law\\\/erneuter-erfolg-im-mercedes-abgasskandal-vor-dem-bgh\\\/\"]}]},{\"@type\":\"ImageObject\",\"inLanguage\":\"en-GB\",\"@id\":\"https:\\\/\\\/ru.law\\\/erneuter-erfolg-im-mercedes-abgasskandal-vor-dem-bgh\\\/#primaryimage\",\"url\":\"https:\\\/\\\/ru.law\\\/wp-content\\\/uploads\\\/2022\\\/06\\\/Rogert-Ulbrich-Rechtsanwaelte-Kanzlei-Mercedes-Abgasskandal-Daimler-Benz-BGH-Thermofenster.jpg\",\"contentUrl\":\"https:\\\/\\\/ru.law\\\/wp-content\\\/uploads\\\/2022\\\/06\\\/Rogert-Ulbrich-Rechtsanwaelte-Kanzlei-Mercedes-Abgasskandal-Daimler-Benz-BGH-Thermofenster.jpg\",\"width\":1200,\"height\":675},{\"@type\":\"BreadcrumbList\",\"@id\":\"https:\\\/\\\/ru.law\\\/erneuter-erfolg-im-mercedes-abgasskandal-vor-dem-bgh\\\/#breadcrumb\",\"itemListElement\":[{\"@type\":\"ListItem\",\"position\":1,\"name\":\"Startseite\",\"item\":\"https:\\\/\\\/ru.law\\\/\"},{\"@type\":\"ListItem\",\"position\":2,\"name\":\"Erneuter Erfolg im Mercedes-Abgasskandal vor dem BGH\"}]},{\"@type\":\"WebSite\",\"@id\":\"https:\\\/\\\/ru.law\\\/#website\",\"url\":\"https:\\\/\\\/ru.law\\\/\",\"name\":\"R&U\",\"description\":\"Verbraucheranw\u00e4lte\",\"publisher\":{\"@id\":\"https:\\\/\\\/ru.law\\\/#organization\"},\"alternateName\":\"Rogert & Ulbrich\",\"potentialAction\":[{\"@type\":\"SearchAction\",\"target\":{\"@type\":\"EntryPoint\",\"urlTemplate\":\"https:\\\/\\\/ru.law\\\/?s={search_term_string}\"},\"query-input\":{\"@type\":\"PropertyValueSpecification\",\"valueRequired\":true,\"valueName\":\"search_term_string\"}}],\"inLanguage\":\"en-GB\"},{\"@type\":\"Organization\",\"@id\":\"https:\\\/\\\/ru.law\\\/#organization\",\"name\":\"Kanzlei Rogert & Ulbrich\",\"url\":\"https:\\\/\\\/ru.law\\\/\",\"logo\":{\"@type\":\"ImageObject\",\"inLanguage\":\"en-GB\",\"@id\":\"https:\\\/\\\/ru.law\\\/#\\\/schema\\\/logo\\\/image\\\/\",\"url\":\"https:\\\/\\\/ru.law\\\/wp-content\\\/uploads\\\/2020\\\/12\\\/logo-ru-law.svg\",\"contentUrl\":\"https:\\\/\\\/ru.law\\\/wp-content\\\/uploads\\\/2020\\\/12\\\/logo-ru-law.svg\",\"width\":992,\"height\":259,\"caption\":\"Kanzlei Rogert & Ulbrich\"},\"image\":{\"@id\":\"https:\\\/\\\/ru.law\\\/#\\\/schema\\\/logo\\\/image\\\/\"},\"sameAs\":[\"https:\\\/\\\/www.facebook.com\\\/RogertUlbrich\\\/\",\"https:\\\/\\\/x.com\\\/RogertUlbrich\",\"https:\\\/\\\/www.instagram.com\\\/rogertulbrich\\\/\",\"https:\\\/\\\/www.linkedin.com\\\/company\\\/rogert-ulbrich\\\/\",\"https:\\\/\\\/www.youtube.com\\\/channel\\\/UCganCgpvwpPFqMFf1vVmG2A\"]},{\"@type\":\"Person\",\"@id\":\"https:\\\/\\\/ru.law\\\/#\\\/schema\\\/person\\\/b020d506e6bbc471b4565d3a98173b87\",\"name\":\"Marco Rogert\",\"url\":\"https:\\\/\\\/ru.law\\\/en\\\/author\\\/rogertru-law\\\/\"}]}<\/script>\n<!-- \/ Yoast SEO Premium plugin. -->","yoast_head_json":{"title":"Erneuter Erfolg im Mercedes-Abgasskandal vor dem BGH - R&amp;U","description":"Wieder einmal eine positive Entscheidung f\u00fcr alle Mercedes Fahrer. Der BGH spricht sich erneut f\u00fcr Verbraucher aus. Lassen Sie sich beraten!","robots":{"index":"index","follow":"follow","max-snippet":"max-snippet:-1","max-image-preview":"max-image-preview:large","max-video-preview":"max-video-preview:-1"},"canonical":"https:\/\/ru.law\/en\/erneuter-erfolg-im-mercedes-abgasskandal-vor-dem-bgh\/","og_locale":"en_GB","og_type":"article","og_title":"Erneuter Erfolg im Mercedes-Abgasskandal vor dem BGH","og_description":"Wieder einmal eine positive Entscheidung f\u00fcr alle Mercedes Fahrer. Der BGH spricht sich erneut f\u00fcr Verbraucher aus. Lassen Sie sich beraten!","og_url":"https:\/\/ru.law\/en\/erneuter-erfolg-im-mercedes-abgasskandal-vor-dem-bgh\/","og_site_name":"R&amp;U","article_publisher":"https:\/\/www.facebook.com\/RogertUlbrich\/","article_published_time":"2022-06-02T10:58:29+00:00","article_modified_time":"2024-07-08T11:11:43+00:00","og_image":[{"width":1200,"height":675,"url":"https:\/\/ru.law\/wp-content\/uploads\/2022\/06\/Rogert-Ulbrich-Rechtsanwaelte-Kanzlei-Mercedes-Abgasskandal-Daimler-Benz-BGH-Thermofenster.jpg","type":"image\/jpeg"}],"author":"Marco Rogert","twitter_card":"summary_large_image","twitter_creator":"@RogertUlbrich","twitter_site":"@RogertUlbrich","schema":{"@context":"https:\/\/schema.org","@graph":[{"@type":"Article","@id":"https:\/\/ru.law\/erneuter-erfolg-im-mercedes-abgasskandal-vor-dem-bgh\/#article","isPartOf":{"@id":"https:\/\/ru.law\/erneuter-erfolg-im-mercedes-abgasskandal-vor-dem-bgh\/"},"author":{"name":"Marco Rogert","@id":"https:\/\/ru.law\/#\/schema\/person\/b020d506e6bbc471b4565d3a98173b87"},"headline":"Erneuter Erfolg im Mercedes-Abgasskandal vor dem BGH","datePublished":"2022-06-02T10:58:29+00:00","dateModified":"2024-07-08T11:11:43+00:00","mainEntityOfPage":{"@id":"https:\/\/ru.law\/erneuter-erfolg-im-mercedes-abgasskandal-vor-dem-bgh\/"},"wordCount":496,"publisher":{"@id":"https:\/\/ru.law\/#organization"},"image":{"@id":"https:\/\/ru.law\/erneuter-erfolg-im-mercedes-abgasskandal-vor-dem-bgh\/#primaryimage"},"thumbnailUrl":"https:\/\/ru.law\/wp-content\/uploads\/2022\/06\/Rogert-Ulbrich-Rechtsanwaelte-Kanzlei-Mercedes-Abgasskandal-Daimler-Benz-BGH-Thermofenster.jpg","keywords":["Abschalteinrichtung","Daimler","Euro-5","KBA","Mercedes-Benz","OM651","R\u00fcckruf","Schadensersatz","Thermofenster"],"articleSection":["Abgasskandal"],"inLanguage":"en-GB"},{"@type":"WebPage","@id":"https:\/\/ru.law\/erneuter-erfolg-im-mercedes-abgasskandal-vor-dem-bgh\/","url":"https:\/\/ru.law\/erneuter-erfolg-im-mercedes-abgasskandal-vor-dem-bgh\/","name":"Erneuter Erfolg im Mercedes-Abgasskandal vor dem BGH - R&amp;U","isPartOf":{"@id":"https:\/\/ru.law\/#website"},"primaryImageOfPage":{"@id":"https:\/\/ru.law\/erneuter-erfolg-im-mercedes-abgasskandal-vor-dem-bgh\/#primaryimage"},"image":{"@id":"https:\/\/ru.law\/erneuter-erfolg-im-mercedes-abgasskandal-vor-dem-bgh\/#primaryimage"},"thumbnailUrl":"https:\/\/ru.law\/wp-content\/uploads\/2022\/06\/Rogert-Ulbrich-Rechtsanwaelte-Kanzlei-Mercedes-Abgasskandal-Daimler-Benz-BGH-Thermofenster.jpg","datePublished":"2022-06-02T10:58:29+00:00","dateModified":"2024-07-08T11:11:43+00:00","description":"Wieder einmal eine positive Entscheidung f\u00fcr alle Mercedes Fahrer. Der BGH spricht sich erneut f\u00fcr Verbraucher aus. Lassen Sie sich beraten!","breadcrumb":{"@id":"https:\/\/ru.law\/erneuter-erfolg-im-mercedes-abgasskandal-vor-dem-bgh\/#breadcrumb"},"inLanguage":"en-GB","potentialAction":[{"@type":"ReadAction","target":["https:\/\/ru.law\/erneuter-erfolg-im-mercedes-abgasskandal-vor-dem-bgh\/"]}]},{"@type":"ImageObject","inLanguage":"en-GB","@id":"https:\/\/ru.law\/erneuter-erfolg-im-mercedes-abgasskandal-vor-dem-bgh\/#primaryimage","url":"https:\/\/ru.law\/wp-content\/uploads\/2022\/06\/Rogert-Ulbrich-Rechtsanwaelte-Kanzlei-Mercedes-Abgasskandal-Daimler-Benz-BGH-Thermofenster.jpg","contentUrl":"https:\/\/ru.law\/wp-content\/uploads\/2022\/06\/Rogert-Ulbrich-Rechtsanwaelte-Kanzlei-Mercedes-Abgasskandal-Daimler-Benz-BGH-Thermofenster.jpg","width":1200,"height":675},{"@type":"BreadcrumbList","@id":"https:\/\/ru.law\/erneuter-erfolg-im-mercedes-abgasskandal-vor-dem-bgh\/#breadcrumb","itemListElement":[{"@type":"ListItem","position":1,"name":"Startseite","item":"https:\/\/ru.law\/"},{"@type":"ListItem","position":2,"name":"Erneuter Erfolg im Mercedes-Abgasskandal vor dem BGH"}]},{"@type":"WebSite","@id":"https:\/\/ru.law\/#website","url":"https:\/\/ru.law\/","name":"R&amp;U","description":"Consumer lawyers","publisher":{"@id":"https:\/\/ru.law\/#organization"},"alternateName":"Rogert & Ulbrich","potentialAction":[{"@type":"SearchAction","target":{"@type":"EntryPoint","urlTemplate":"https:\/\/ru.law\/?s={search_term_string}"},"query-input":{"@type":"PropertyValueSpecification","valueRequired":true,"valueName":"search_term_string"}}],"inLanguage":"en-GB"},{"@type":"Organization","@id":"https:\/\/ru.law\/#organization","name":"Rogert &amp; Ulbrich Law Firm","url":"https:\/\/ru.law\/","logo":{"@type":"ImageObject","inLanguage":"en-GB","@id":"https:\/\/ru.law\/#\/schema\/logo\/image\/","url":"https:\/\/ru.law\/wp-content\/uploads\/2020\/12\/logo-ru-law.svg","contentUrl":"https:\/\/ru.law\/wp-content\/uploads\/2020\/12\/logo-ru-law.svg","width":992,"height":259,"caption":"Kanzlei Rogert & Ulbrich"},"image":{"@id":"https:\/\/ru.law\/#\/schema\/logo\/image\/"},"sameAs":["https:\/\/www.facebook.com\/RogertUlbrich\/","https:\/\/x.com\/RogertUlbrich","https:\/\/www.instagram.com\/rogertulbrich\/","https:\/\/www.linkedin.com\/company\/rogert-ulbrich\/","https:\/\/www.youtube.com\/channel\/UCganCgpvwpPFqMFf1vVmG2A"]},{"@type":"Person","@id":"https:\/\/ru.law\/#\/schema\/person\/b020d506e6bbc471b4565d3a98173b87","name":"Marco Rogert","url":"https:\/\/ru.law\/en\/author\/rogertru-law\/"}]}},"uagb_featured_image_src":{"full":["https:\/\/ru.law\/wp-content\/uploads\/2022\/06\/Rogert-Ulbrich-Rechtsanwaelte-Kanzlei-Mercedes-Abgasskandal-Daimler-Benz-BGH-Thermofenster.jpg",1200,675,false],"thumbnail":["https:\/\/ru.law\/wp-content\/uploads\/2022\/06\/Rogert-Ulbrich-Rechtsanwaelte-Kanzlei-Mercedes-Abgasskandal-Daimler-Benz-BGH-Thermofenster-150x150.jpg",96,96,true],"medium":["https:\/\/ru.law\/wp-content\/uploads\/2022\/06\/Rogert-Ulbrich-Rechtsanwaelte-Kanzlei-Mercedes-Abgasskandal-Daimler-Benz-BGH-Thermofenster-300x169.jpg",300,169,true],"medium_large":["https:\/\/ru.law\/wp-content\/uploads\/2022\/06\/Rogert-Ulbrich-Rechtsanwaelte-Kanzlei-Mercedes-Abgasskandal-Daimler-Benz-BGH-Thermofenster-768x432.jpg",768,432,true],"large":["https:\/\/ru.law\/wp-content\/uploads\/2022\/06\/Rogert-Ulbrich-Rechtsanwaelte-Kanzlei-Mercedes-Abgasskandal-Daimler-Benz-BGH-Thermofenster-1024x576.jpg",1024,576,true],"1536x1536":["https:\/\/ru.law\/wp-content\/uploads\/2022\/06\/Rogert-Ulbrich-Rechtsanwaelte-Kanzlei-Mercedes-Abgasskandal-Daimler-Benz-BGH-Thermofenster.jpg",1200,675,false],"2048x2048":["https:\/\/ru.law\/wp-content\/uploads\/2022\/06\/Rogert-Ulbrich-Rechtsanwaelte-Kanzlei-Mercedes-Abgasskandal-Daimler-Benz-BGH-Thermofenster.jpg",1200,675,false],"trp-custom-language-flag":["https:\/\/ru.law\/wp-content\/uploads\/2022\/06\/Rogert-Ulbrich-Rechtsanwaelte-Kanzlei-Mercedes-Abgasskandal-Daimler-Benz-BGH-Thermofenster.jpg",18,10,false]},"uagb_author_info":{"display_name":"Marco Rogert","author_link":"https:\/\/ru.law\/en\/author\/rogertru-law\/"},"uagb_comment_info":0,"uagb_excerpt":"Der Bundesgerichthof (BGH) hat&nbsp;erneut&nbsp;positiv&nbsp;f\u00fcr einen durch uns vertretenen Kl\u00e4ger im Mercedes-Abgasskandal entschieden. Es ist nicht das erste von uns&nbsp;gef\u00fchrte Verfahren, welches vom Bundesgerichtshof an die [&hellip;]","_links":{"self":[{"href":"https:\/\/ru.law\/en\/wp-json\/wp\/v2\/posts\/31894","targetHints":{"allow":["GET"]}}],"collection":[{"href":"https:\/\/ru.law\/en\/wp-json\/wp\/v2\/posts"}],"about":[{"href":"https:\/\/ru.law\/en\/wp-json\/wp\/v2\/types\/post"}],"author":[{"embeddable":true,"href":"https:\/\/ru.law\/en\/wp-json\/wp\/v2\/users\/21"}],"replies":[{"embeddable":true,"href":"https:\/\/ru.law\/en\/wp-json\/wp\/v2\/comments?post=31894"}],"version-history":[{"count":0,"href":"https:\/\/ru.law\/en\/wp-json\/wp\/v2\/posts\/31894\/revisions"}],"wp:featuredmedia":[{"embeddable":true,"href":"https:\/\/ru.law\/en\/wp-json\/wp\/v2\/media\/31901"}],"wp:attachment":[{"href":"https:\/\/ru.law\/en\/wp-json\/wp\/v2\/media?parent=31894"}],"wp:term":[{"taxonomy":"category","embeddable":true,"href":"https:\/\/ru.law\/en\/wp-json\/wp\/v2\/categories?post=31894"},{"taxonomy":"post_tag","embeddable":true,"href":"https:\/\/ru.law\/en\/wp-json\/wp\/v2\/tags?post=31894"}],"curies":[{"name":"wp","href":"https:\/\/api.w.org\/{rel}","templated":true}]}}