{"id":31633,"date":"2022-06-01T11:03:44","date_gmt":"2022-06-01T09:03:44","guid":{"rendered":"https:\/\/ru.law\/?p=31633"},"modified":"2024-07-08T13:11:43","modified_gmt":"2024-07-08T11:11:43","slug":"lg-duesseldorf-erneut-positive-entscheidung-zu-3-liter-motor","status":"publish","type":"post","link":"https:\/\/ru.law\/en\/lg-duesseldorf-erneut-positive-entscheidung-zu-3-liter-motor\/","title":{"rendered":"LG D\u00fcsseldorf: Another positive decision on 3-liter engine"},"content":{"rendered":"<p>The Regional Court (LG) D\u00fcsseldorf sentenced Audi AG to pay damages in the amount of \u20ac 40,472 and to take back one <a href=\"https:\/\/ru.law\/en\/expertise\/abgasskandal\/3-liter-motoren\/#modelle\">Audi AG Avant 3.0 TDI<\/a> (Judgment of 25.05.2022, Az. 16 O 345\/20). The vehicle in question has a <a href=\"https:\/\/ru.law\/en\/expertise\/abgasskandal\/3-liter-motoren\/#motor\">EA897 evo engine<\/a> and was registered according to EU standard 6. The plaintiff (a foundation) purchased the Audi A6 Avant 3.0 l on November 24, 2017 for a net purchase price of \u20ac 47,305. The new car had a mileage of 0 km when it was purchased. At the time of the oral hearing, the vehicle had a mileage of 36,112 km. <\/p>\n\n\n\n<p>The LG sees compensation for intentional immoral damage according to&nbsp;<a href=\"https:\/\/www.gesetze-im-internet.de\/bgb\/__826.html\" target=\"_blank\" rel=\"noreferrer noopener\">\u00a7 826 BGB<\/a>&nbsp;combined with&nbsp;<a href=\"https:\/\/www.gesetze-im-internet.de\/bgb\/__31.html\" target=\"_blank\" rel=\"noreferrer noopener\">\u00a7 31 BGB<\/a>&nbsp;As a given, Audi AG has, by placing the engine on the market with a <a href=\"https:\/\/ru.law\/en\/expertise\/abgasskandal\/3-liter-motoren\/#abschalteinrichtungen\">manipulated engine control software <\/a>implicitly deceived. <\/p>\n\n\n\n<h2 class=\"wp-block-heading\" id=\"h-durch-software-update-kein-ruckwirkend-gewollter-vertragsschluss\">No retroactive contract conclusion due to software update<\/h2>\n\n\n\n<p>The programming of the control software with regard to AdBlue injection is provided with a function that is known as <a href=\"https:\/\/ru.law\/en\/expertise\/abgasskandal\/3-liter-motoren\/#abschalteinrichtungen\">impermissible shutdown device<\/a> in accordance with Article 5, paragraphs 1 and 2 of Regulation (EC) 715\/207. The Federal Motor Transport Authority (KBA) has also classified the programming in this way. The control software reduces nitrogen emissions by injecting AdBlue accordingly. The system is then only switched off during normal operation. <\/p>\n\n\n\n<p>The installation of such engine control software is also immoral, as it was carried out solely to deceive the KBA about compliance with the emission limits in the respective driving cycles in order to obtain type approval. Audi AG also accepted the harm to a large number of people, significant material damage and increased environmental damage. <\/p>\n\n\n\n<p>According to the regional court, the plaintiff also suffered damage because the purchase burdened the plaintiff with an unwanted obligation. The vehicle is not usable as it is, as the type approval can be revoked at any time. The damage caused cannot be remedied by the subsequent possibility of a software update. This is because an immorally concluded contract through deception cannot lead to an intended conclusion of the contract through a later software update. <\/p>\n\n\n\n<p><\/p>\n\n\n\n<h3 class=\"wp-block-heading\" id=\"h-3-liter-motor-rogert-ulbrich-empfiehlt\">3-liter engine: Rogert &amp; Ulbrich recommends <\/h3>\n\n\n\n<p>Do you drive an Audi or a vehicle with a 3-litre engine? Then you should act now and contact us\u00a0<a href=\"https:\/\/ru.law\/en\/expertise\/abgasskandal\/3-liter-motoren\/#schritte\">advise<\/a><a href=\"https:\/\/ru.law\/en\/kontakt\/#kontaktformular\"> let<\/a>.\u00a0<a href=\"https:\/\/ru.law\/en\/expertise\/abgasskandal\/3-liter-motoren\/#urteile\">Current case law also shows that your chances have never been better.<\/a>Prevent your potential claims for damages from becoming time-barred and have them filed with us\u00a0<a href=\"https:\/\/ru.law\/en\/expertise\/abgasskandal\/3-liter-motoren\/#erstberatung\">free and non-binding\u00a0<\/a>check.\u00a0<\/p>\n\n\n\n<section class=\"wp-block-uagb-columns uagb-columns__wrap uagb-columns__background-undefined uagb-columns__stack-mobile uagb-columns__valign-undefined uagb-columns__gap-10 alignundefined uagb-block-0a2e1546 contrast blog_beitraege\"><div class=\"uagb-columns__overlay\"><\/div><div class=\"uagb-columns__inner-wrap uagb-columns__columns-1\">\n<div class=\"wp-block-uagb-column uagb-column__wrap uagb-column__background-undefined uagb-block-608a864e\"><div class=\"uagb-column__overlay\"><\/div><div class=\"uagb-column__inner-wrap\">\n<h3 class=\"wp-block-heading\" id=\"h-das-konnte-sie-auch-interessieren\">You might also be interested in:<\/h3>\n\n\n\n\t\t\t<div class=\"wp-block-uagb-post-grid uagb-post-grid  uagb-post__image-position-top uagb-post__image-enabled uagb-block-6ef01a72     uagb-post__items uagb-post__columns-3 is-grid uagb-post__columns-tablet-2 uagb-post__columns-mobile-1 uagb-post__equal-height\" data-total=\"1\" style=\"\">\n\n\t\t\t\t\t\t\t\t\t\t\t\t<article class=\"uagb-post__inner-wrap\">\t\t\t\t\t\t\t\t<div class='uagb-post__image'>\n\t\t\t\t\t\t\t\t\t<a href=\"https:\/\/ru.law\/en\/vw-muss-auch-fuer-audi-motor-ea897evo-haften\/\" target=\"_self\" rel=\"bookmark noopener noreferrer\" class='uagb-image-ratio-inherit'><img loading=\"lazy\" decoding=\"async\" width=\"1024\" height=\"576\" src=\"https:\/\/ru.law\/wp-content\/uploads\/2021\/08\/Rogert-Ulbrich-Rechtsanwaelte-Kanzlei-Abgasskandal-Diesel-Euro-6-VW-1024x576.jpg\" class=\"attachment-large size-large\" alt=\"\" srcset=\"https:\/\/ru.law\/wp-content\/uploads\/2021\/08\/Rogert-Ulbrich-Rechtsanwaelte-Kanzlei-Abgasskandal-Diesel-Euro-6-VW-1024x576.jpg 1024w, https:\/\/ru.law\/wp-content\/uploads\/2021\/08\/Rogert-Ulbrich-Rechtsanwaelte-Kanzlei-Abgasskandal-Diesel-Euro-6-VW-300x169.jpg 300w, https:\/\/ru.law\/wp-content\/uploads\/2021\/08\/Rogert-Ulbrich-Rechtsanwaelte-Kanzlei-Abgasskandal-Diesel-Euro-6-VW-768x432.jpg 768w, https:\/\/ru.law\/wp-content\/uploads\/2021\/08\/Rogert-Ulbrich-Rechtsanwaelte-Kanzlei-Abgasskandal-Diesel-Euro-6-VW.jpg 1200w\" sizes=\"auto, (max-width: 1024px) 100vw, 1024px\" \/>\t\t\t\t\t<\/a>\n\t\t\t\t\t\t\t<\/div>\n\t\t\t\t\t\t<h4 class=\"uagb-post__title uagb-post__text\">\n\t\t\t\t<a href=\"https:\/\/ru.law\/en\/vw-muss-auch-fuer-audi-motor-ea897evo-haften\/\" target=\"_self\" rel=\"bookmark noopener noreferrer\">VW liable for Audi\u2019s EA897evo \u2013 tactic does not work<\/a>\n\t\t\t<\/h4>\n\t\t\t\t\t\t<div class='uagb-post__text uagb-post-grid-byline'>\n\t\t\t\t\t\t\t<\/div>\n\t\t\t\t\t\t\t<div class='uagb-post__text uagb-post__excerpt'>\n\t\t\t\t\t<p>The Wolfsburg-based company&#039;s tactic of taking responsibility for the components installed in its premium models and...\t\t\t\t<\/div>\n\t\t\t\n\t\t\t\t\t\t\t\t\t<\/article>\n\t\t\t\t\t\t\t\t\t\t\t\t\t\t\t\t<article class=\"uagb-post__inner-wrap\">\t\t\t\t\t\t\t\t<div class='uagb-post__image'>\n\t\t\t\t\t\t\t\t\t<a href=\"https:\/\/ru.law\/en\/landgericht-wuerzburg-verurteilt-audi-zur-ruecknahme-eines-audi-a7\/\" target=\"_self\" rel=\"bookmark noopener noreferrer\" class='uagb-image-ratio-inherit'><img loading=\"lazy\" decoding=\"async\" width=\"1024\" height=\"576\" src=\"https:\/\/ru.law\/wp-content\/uploads\/2021\/06\/rogert-ulbrich-rechtsanwalt-kanzlei-abgasskandal-audi-a7-3.0--1024x576.jpg\" class=\"attachment-large size-large\" alt=\"\" srcset=\"https:\/\/ru.law\/wp-content\/uploads\/2021\/06\/rogert-ulbrich-rechtsanwalt-kanzlei-abgasskandal-audi-a7-3.0--1024x576.jpg 1024w, https:\/\/ru.law\/wp-content\/uploads\/2021\/06\/rogert-ulbrich-rechtsanwalt-kanzlei-abgasskandal-audi-a7-3.0--300x169.jpg 300w, https:\/\/ru.law\/wp-content\/uploads\/2021\/06\/rogert-ulbrich-rechtsanwalt-kanzlei-abgasskandal-audi-a7-3.0--768x432.jpg 768w, https:\/\/ru.law\/wp-content\/uploads\/2021\/06\/rogert-ulbrich-rechtsanwalt-kanzlei-abgasskandal-audi-a7-3.0-.jpg 1200w\" sizes=\"auto, (max-width: 1024px) 100vw, 1024px\" \/>\t\t\t\t\t<\/a>\n\t\t\t\t\t\t\t<\/div>\n\t\t\t\t\t\t<h4 class=\"uagb-post__title uagb-post__text\">\n\t\t\t\t<a href=\"https:\/\/ru.law\/en\/landgericht-wuerzburg-verurteilt-audi-zur-ruecknahme-eines-audi-a7\/\" target=\"_self\" rel=\"bookmark noopener noreferrer\">W\u00fcrzburg Regional Court orders Audi to take back an Audi A7<\/a>\n\t\t\t<\/h4>\n\t\t\t\t\t\t<div class='uagb-post__text uagb-post-grid-byline'>\n\t\t\t\t\t\t\t<\/div>\n\t\t\t\t\t\t\t<div class='uagb-post__text uagb-post__excerpt'>\n\t\t\t\t\t<p>Good news from W\u00fcrzburg. The local district court upheld our client&#039;s claim. The Audi\u2026\t\t\t\t<\/div>\n\t\t\t\n\t\t\t\t\t\t\t\t\t<\/article>\n\t\t\t\t\t\t\t\t\t\t\t\t\t\t\t\t<article class=\"uagb-post__inner-wrap\">\t\t\t\t\t\t\t\t<div class='uagb-post__image'>\n\t\t\t\t\t\t\t\t\t<a href=\"https:\/\/ru.law\/en\/premium-dieselskandal-neue-entscheidung-zu-3-liter-v6-motor\/\" target=\"_self\" rel=\"bookmark noopener noreferrer\" class='uagb-image-ratio-inherit'><img loading=\"lazy\" decoding=\"async\" width=\"1024\" height=\"576\" src=\"https:\/\/ru.law\/wp-content\/uploads\/2022\/05\/Rogert-Ulbrich-Rechtsanwaelte-Kanzlei-Abgasskandal-VW-V6-3.0-Motor-1024x576.jpg\" class=\"attachment-large size-large\" alt=\"\" srcset=\"https:\/\/ru.law\/wp-content\/uploads\/2022\/05\/Rogert-Ulbrich-Rechtsanwaelte-Kanzlei-Abgasskandal-VW-V6-3.0-Motor-1024x576.jpg 1024w, https:\/\/ru.law\/wp-content\/uploads\/2022\/05\/Rogert-Ulbrich-Rechtsanwaelte-Kanzlei-Abgasskandal-VW-V6-3.0-Motor-300x169.jpg 300w, https:\/\/ru.law\/wp-content\/uploads\/2022\/05\/Rogert-Ulbrich-Rechtsanwaelte-Kanzlei-Abgasskandal-VW-V6-3.0-Motor-768x432.jpg 768w, https:\/\/ru.law\/wp-content\/uploads\/2022\/05\/Rogert-Ulbrich-Rechtsanwaelte-Kanzlei-Abgasskandal-VW-V6-3.0-Motor.jpg 1200w\" sizes=\"auto, (max-width: 1024px) 100vw, 1024px\" \/>\t\t\t\t\t<\/a>\n\t\t\t\t\t\t\t<\/div>\n\t\t\t\t\t\t<h4 class=\"uagb-post__title uagb-post__text\">\n\t\t\t\t<a href=\"https:\/\/ru.law\/en\/premium-dieselskandal-neue-entscheidung-zu-3-liter-v6-motor\/\" target=\"_self\" rel=\"bookmark noopener noreferrer\">\u201cPremium\u201d diesel scandal: New decision on 3-liter V6 engine<\/a>\n\t\t\t<\/h4>\n\t\t\t\t\t\t<div class='uagb-post__text uagb-post-grid-byline'>\n\t\t\t\t\t\t\t<\/div>\n\t\t\t\t\t\t\t<div class='uagb-post__text uagb-post__excerpt'>\n\t\t\t\t\t<p>By decision of May 13, 2022, the Higher Regional Court (OLG) Celle rejected VW AG&#039;s appeal...\t\t\t\t<\/div>\n\t\t\t\n\t\t\t\t\t\t\t\t\t<\/article>\n\t\t\t\t\t\t\t\t\t\t\t<\/div>\n\t\t\t<\/div><\/div>\n<\/div><\/section>","protected":false},"excerpt":{"rendered":"<p>Das Landgericht (LG) D\u00fcsseldorf verurteilte die Audi AG zur Zahlung eines Schadensersatzes in H\u00f6he von \u20ac 40.472,- und R\u00fccknahme eins Audi AG Avant 3.0 TDI [&hellip;]<\/p>\n","protected":false},"author":21,"featured_media":31635,"comment_status":"closed","ping_status":"open","sticky":false,"template":"","format":"standard","meta":{"_uag_custom_page_level_css":"","site-sidebar-layout":"default","site-content-layout":"","ast-site-content-layout":"default","site-content-style":"default","site-sidebar-style":"default","ast-global-header-display":"","ast-banner-title-visibility":"","ast-main-header-display":"","ast-hfb-above-header-display":"","ast-hfb-below-header-display":"","ast-hfb-mobile-header-display":"","site-post-title":"","ast-breadcrumbs-content":"","ast-featured-img":"","footer-sml-layout":"","ast-disable-related-posts":"","theme-transparent-header-meta":"","adv-header-id-meta":"","stick-header-meta":"","header-above-stick-meta":"","header-main-stick-meta":"","header-below-stick-meta":"","astra-migrate-meta-layouts":"default","ast-page-background-enabled":"default","ast-page-background-meta":{"desktop":{"background-color":"","background-image":"","background-repeat":"repeat","background-position":"center center","background-size":"auto","background-attachment":"scroll","background-type":"","background-media":"","overlay-type":"","overlay-color":"","overlay-opacity":"","overlay-gradient":""},"tablet":{"background-color":"","background-image":"","background-repeat":"repeat","background-position":"center center","background-size":"auto","background-attachment":"scroll","background-type":"","background-media":"","overlay-type":"","overlay-color":"","overlay-opacity":"","overlay-gradient":""},"mobile":{"background-color":"","background-image":"","background-repeat":"repeat","background-position":"center center","background-size":"auto","background-attachment":"scroll","background-type":"","background-media":"","overlay-type":"","overlay-color":"","overlay-opacity":"","overlay-gradient":""}},"ast-content-background-meta":{"desktop":{"background-color":"var(--ast-global-color-5)","background-image":"","background-repeat":"repeat","background-position":"center center","background-size":"auto","background-attachment":"scroll","background-type":"","background-media":"","overlay-type":"","overlay-color":"","overlay-opacity":"","overlay-gradient":""},"tablet":{"background-color":"var(--ast-global-color-5)","background-image":"","background-repeat":"repeat","background-position":"center center","background-size":"auto","background-attachment":"scroll","background-type":"","background-media":"","overlay-type":"","overlay-color":"","overlay-opacity":"","overlay-gradient":""},"mobile":{"background-color":"var(--ast-global-color-5)","background-image":"","background-repeat":"repeat","background-position":"center center","background-size":"auto","background-attachment":"scroll","background-type":"","background-media":"","overlay-type":"","overlay-color":"","overlay-opacity":"","overlay-gradient":""}},"footnotes":""},"categories":[2,507],"tags":[1039,895,9,883,24,697,37,40],"class_list":["post-31633","post","type-post","status-publish","format-standard","has-post-thumbnail","hentry","category-abgasskandal","category-urteile","tag-3-liter","tag-abschalteinrichtung","tag-audi","tag-ea897evo","tag-euro-6","tag-kba","tag-schadensersatz","tag-software-update"],"yoast_head":"<!-- This site is optimized with the Yoast SEO Premium plugin v27.4 (Yoast SEO v27.4) - https:\/\/yoast.com\/product\/yoast-seo-premium-wordpress\/ -->\n<title>LG D\u00fcsseldorf: Erneut positive Entscheidung zu 3-Liter-Motor - R&amp;U<\/title>\n<meta name=\"description\" content=\"Das LG D\u00fcsseldorf verurteilte die Audi AG bei einem 3-Liter-Motor. Auch durch ein Software-Update kein r\u00fcckwirkender Vertragsschluss.\" \/>\n<meta name=\"robots\" content=\"index, follow, max-snippet:-1, max-image-preview:large, max-video-preview:-1\" \/>\n<link rel=\"canonical\" href=\"https:\/\/ru.law\/en\/lg-duesseldorf-erneut-positive-entscheidung-zu-3-liter-motor\/\" \/>\n<meta property=\"og:locale\" content=\"en_GB\" \/>\n<meta property=\"og:type\" content=\"article\" \/>\n<meta property=\"og:title\" content=\"LG D\u00fcsseldorf: Erneut positive Entscheidung zu 3-Liter-Motor\" \/>\n<meta property=\"og:description\" content=\"Das LG D\u00fcsseldorf verurteilte die Audi AG bei einem 3-Liter-Motor. Auch durch ein Software-Update kein r\u00fcckwirkender Vertragsschluss.\" \/>\n<meta property=\"og:url\" content=\"https:\/\/ru.law\/en\/lg-duesseldorf-erneut-positive-entscheidung-zu-3-liter-motor\/\" \/>\n<meta property=\"og:site_name\" content=\"R&amp;U\" \/>\n<meta property=\"article:publisher\" content=\"https:\/\/www.facebook.com\/RogertUlbrich\/\" \/>\n<meta property=\"article:published_time\" content=\"2022-06-01T09:03:44+00:00\" \/>\n<meta property=\"article:modified_time\" content=\"2024-07-08T11:11:43+00:00\" \/>\n<meta property=\"og:image\" content=\"https:\/\/ru.law\/wp-content\/uploads\/2022\/05\/Rogert-Ulbrich-Rechtsanwaelte-Kanzlei-Abgasskandal-Urteile-Audi-A6-3-Liter.jpg\" \/>\n\t<meta property=\"og:image:width\" content=\"1200\" \/>\n\t<meta property=\"og:image:height\" content=\"675\" \/>\n\t<meta property=\"og:image:type\" content=\"image\/jpeg\" \/>\n<meta name=\"author\" content=\"Marco Rogert\" \/>\n<meta name=\"twitter:card\" content=\"summary_large_image\" \/>\n<meta name=\"twitter:creator\" content=\"@RogertUlbrich\" \/>\n<meta name=\"twitter:site\" content=\"@RogertUlbrich\" \/>\n<script type=\"application\/ld+json\" class=\"yoast-schema-graph\">{\"@context\":\"https:\\\/\\\/schema.org\",\"@graph\":[{\"@type\":\"Article\",\"@id\":\"https:\\\/\\\/ru.law\\\/lg-duesseldorf-erneut-positive-entscheidung-zu-3-liter-motor\\\/#article\",\"isPartOf\":{\"@id\":\"https:\\\/\\\/ru.law\\\/lg-duesseldorf-erneut-positive-entscheidung-zu-3-liter-motor\\\/\"},\"author\":{\"name\":\"Marco Rogert\",\"@id\":\"https:\\\/\\\/ru.law\\\/#\\\/schema\\\/person\\\/b020d506e6bbc471b4565d3a98173b87\"},\"headline\":\"LG D\u00fcsseldorf: Erneut positive Entscheidung zu 3-Liter-Motor\",\"datePublished\":\"2022-06-01T09:03:44+00:00\",\"dateModified\":\"2024-07-08T11:11:43+00:00\",\"mainEntityOfPage\":{\"@id\":\"https:\\\/\\\/ru.law\\\/lg-duesseldorf-erneut-positive-entscheidung-zu-3-liter-motor\\\/\"},\"wordCount\":407,\"publisher\":{\"@id\":\"https:\\\/\\\/ru.law\\\/#organization\"},\"image\":{\"@id\":\"https:\\\/\\\/ru.law\\\/lg-duesseldorf-erneut-positive-entscheidung-zu-3-liter-motor\\\/#primaryimage\"},\"thumbnailUrl\":\"https:\\\/\\\/ru.law\\\/wp-content\\\/uploads\\\/2022\\\/05\\\/Rogert-Ulbrich-Rechtsanwaelte-Kanzlei-Abgasskandal-Urteile-Audi-A6-3-Liter.jpg\",\"keywords\":[\"3-Liter\",\"Abschalteinrichtung\",\"Audi\",\"EA897evo\",\"Euro-6\",\"KBA\",\"Schadensersatz\",\"Software-Update\"],\"articleSection\":[\"Abgasskandal\",\"Urteile\"],\"inLanguage\":\"en-GB\"},{\"@type\":\"WebPage\",\"@id\":\"https:\\\/\\\/ru.law\\\/lg-duesseldorf-erneut-positive-entscheidung-zu-3-liter-motor\\\/\",\"url\":\"https:\\\/\\\/ru.law\\\/lg-duesseldorf-erneut-positive-entscheidung-zu-3-liter-motor\\\/\",\"name\":\"LG D\u00fcsseldorf: Erneut positive Entscheidung zu 3-Liter-Motor - R&amp;U\",\"isPartOf\":{\"@id\":\"https:\\\/\\\/ru.law\\\/#website\"},\"primaryImageOfPage\":{\"@id\":\"https:\\\/\\\/ru.law\\\/lg-duesseldorf-erneut-positive-entscheidung-zu-3-liter-motor\\\/#primaryimage\"},\"image\":{\"@id\":\"https:\\\/\\\/ru.law\\\/lg-duesseldorf-erneut-positive-entscheidung-zu-3-liter-motor\\\/#primaryimage\"},\"thumbnailUrl\":\"https:\\\/\\\/ru.law\\\/wp-content\\\/uploads\\\/2022\\\/05\\\/Rogert-Ulbrich-Rechtsanwaelte-Kanzlei-Abgasskandal-Urteile-Audi-A6-3-Liter.jpg\",\"datePublished\":\"2022-06-01T09:03:44+00:00\",\"dateModified\":\"2024-07-08T11:11:43+00:00\",\"description\":\"Das LG D\u00fcsseldorf verurteilte die Audi AG bei einem 3-Liter-Motor. Auch durch ein Software-Update kein r\u00fcckwirkender Vertragsschluss.\",\"breadcrumb\":{\"@id\":\"https:\\\/\\\/ru.law\\\/lg-duesseldorf-erneut-positive-entscheidung-zu-3-liter-motor\\\/#breadcrumb\"},\"inLanguage\":\"en-GB\",\"potentialAction\":[{\"@type\":\"ReadAction\",\"target\":[\"https:\\\/\\\/ru.law\\\/lg-duesseldorf-erneut-positive-entscheidung-zu-3-liter-motor\\\/\"]}]},{\"@type\":\"ImageObject\",\"inLanguage\":\"en-GB\",\"@id\":\"https:\\\/\\\/ru.law\\\/lg-duesseldorf-erneut-positive-entscheidung-zu-3-liter-motor\\\/#primaryimage\",\"url\":\"https:\\\/\\\/ru.law\\\/wp-content\\\/uploads\\\/2022\\\/05\\\/Rogert-Ulbrich-Rechtsanwaelte-Kanzlei-Abgasskandal-Urteile-Audi-A6-3-Liter.jpg\",\"contentUrl\":\"https:\\\/\\\/ru.law\\\/wp-content\\\/uploads\\\/2022\\\/05\\\/Rogert-Ulbrich-Rechtsanwaelte-Kanzlei-Abgasskandal-Urteile-Audi-A6-3-Liter.jpg\",\"width\":1200,\"height\":675},{\"@type\":\"BreadcrumbList\",\"@id\":\"https:\\\/\\\/ru.law\\\/lg-duesseldorf-erneut-positive-entscheidung-zu-3-liter-motor\\\/#breadcrumb\",\"itemListElement\":[{\"@type\":\"ListItem\",\"position\":1,\"name\":\"Startseite\",\"item\":\"https:\\\/\\\/ru.law\\\/\"},{\"@type\":\"ListItem\",\"position\":2,\"name\":\"LG D\u00fcsseldorf: Erneut positive Entscheidung zu 3-Liter-Motor\"}]},{\"@type\":\"WebSite\",\"@id\":\"https:\\\/\\\/ru.law\\\/#website\",\"url\":\"https:\\\/\\\/ru.law\\\/\",\"name\":\"R&U\",\"description\":\"Verbraucheranw\u00e4lte\",\"publisher\":{\"@id\":\"https:\\\/\\\/ru.law\\\/#organization\"},\"alternateName\":\"Rogert & Ulbrich\",\"potentialAction\":[{\"@type\":\"SearchAction\",\"target\":{\"@type\":\"EntryPoint\",\"urlTemplate\":\"https:\\\/\\\/ru.law\\\/?s={search_term_string}\"},\"query-input\":{\"@type\":\"PropertyValueSpecification\",\"valueRequired\":true,\"valueName\":\"search_term_string\"}}],\"inLanguage\":\"en-GB\"},{\"@type\":\"Organization\",\"@id\":\"https:\\\/\\\/ru.law\\\/#organization\",\"name\":\"Kanzlei Rogert & Ulbrich\",\"url\":\"https:\\\/\\\/ru.law\\\/\",\"logo\":{\"@type\":\"ImageObject\",\"inLanguage\":\"en-GB\",\"@id\":\"https:\\\/\\\/ru.law\\\/#\\\/schema\\\/logo\\\/image\\\/\",\"url\":\"https:\\\/\\\/ru.law\\\/wp-content\\\/uploads\\\/2020\\\/12\\\/logo-ru-law.svg\",\"contentUrl\":\"https:\\\/\\\/ru.law\\\/wp-content\\\/uploads\\\/2020\\\/12\\\/logo-ru-law.svg\",\"width\":992,\"height\":259,\"caption\":\"Kanzlei Rogert & Ulbrich\"},\"image\":{\"@id\":\"https:\\\/\\\/ru.law\\\/#\\\/schema\\\/logo\\\/image\\\/\"},\"sameAs\":[\"https:\\\/\\\/www.facebook.com\\\/RogertUlbrich\\\/\",\"https:\\\/\\\/x.com\\\/RogertUlbrich\",\"https:\\\/\\\/www.instagram.com\\\/rogertulbrich\\\/\",\"https:\\\/\\\/www.linkedin.com\\\/company\\\/rogert-ulbrich\\\/\",\"https:\\\/\\\/www.youtube.com\\\/channel\\\/UCganCgpvwpPFqMFf1vVmG2A\"]},{\"@type\":\"Person\",\"@id\":\"https:\\\/\\\/ru.law\\\/#\\\/schema\\\/person\\\/b020d506e6bbc471b4565d3a98173b87\",\"name\":\"Marco Rogert\",\"url\":\"https:\\\/\\\/ru.law\\\/en\\\/author\\\/rogertru-law\\\/\"}]}<\/script>\n<!-- \/ Yoast SEO Premium plugin. -->","yoast_head_json":{"title":"D\u00fcsseldorf Regional Court: Another positive ruling on the 3-liter engine - R&amp;U","description":"The D\u00fcsseldorf Regional Court ruled against Audi AG in a case concerning a 3-liter engine. Even a software update did not constitute a retroactive contractual agreement.","robots":{"index":"index","follow":"follow","max-snippet":"max-snippet:-1","max-image-preview":"max-image-preview:large","max-video-preview":"max-video-preview:-1"},"canonical":"https:\/\/ru.law\/en\/lg-duesseldorf-erneut-positive-entscheidung-zu-3-liter-motor\/","og_locale":"en_GB","og_type":"article","og_title":"LG D\u00fcsseldorf: Erneut positive Entscheidung zu 3-Liter-Motor","og_description":"Das LG D\u00fcsseldorf verurteilte die Audi AG bei einem 3-Liter-Motor. Auch durch ein Software-Update kein r\u00fcckwirkender Vertragsschluss.","og_url":"https:\/\/ru.law\/en\/lg-duesseldorf-erneut-positive-entscheidung-zu-3-liter-motor\/","og_site_name":"R&amp;U","article_publisher":"https:\/\/www.facebook.com\/RogertUlbrich\/","article_published_time":"2022-06-01T09:03:44+00:00","article_modified_time":"2024-07-08T11:11:43+00:00","og_image":[{"width":1200,"height":675,"url":"https:\/\/ru.law\/wp-content\/uploads\/2022\/05\/Rogert-Ulbrich-Rechtsanwaelte-Kanzlei-Abgasskandal-Urteile-Audi-A6-3-Liter.jpg","type":"image\/jpeg"}],"author":"Marco Rogert","twitter_card":"summary_large_image","twitter_creator":"@RogertUlbrich","twitter_site":"@RogertUlbrich","schema":{"@context":"https:\/\/schema.org","@graph":[{"@type":"Article","@id":"https:\/\/ru.law\/lg-duesseldorf-erneut-positive-entscheidung-zu-3-liter-motor\/#article","isPartOf":{"@id":"https:\/\/ru.law\/lg-duesseldorf-erneut-positive-entscheidung-zu-3-liter-motor\/"},"author":{"name":"Marco Rogert","@id":"https:\/\/ru.law\/#\/schema\/person\/b020d506e6bbc471b4565d3a98173b87"},"headline":"LG D\u00fcsseldorf: Erneut positive Entscheidung zu 3-Liter-Motor","datePublished":"2022-06-01T09:03:44+00:00","dateModified":"2024-07-08T11:11:43+00:00","mainEntityOfPage":{"@id":"https:\/\/ru.law\/lg-duesseldorf-erneut-positive-entscheidung-zu-3-liter-motor\/"},"wordCount":407,"publisher":{"@id":"https:\/\/ru.law\/#organization"},"image":{"@id":"https:\/\/ru.law\/lg-duesseldorf-erneut-positive-entscheidung-zu-3-liter-motor\/#primaryimage"},"thumbnailUrl":"https:\/\/ru.law\/wp-content\/uploads\/2022\/05\/Rogert-Ulbrich-Rechtsanwaelte-Kanzlei-Abgasskandal-Urteile-Audi-A6-3-Liter.jpg","keywords":["3-Liter","Abschalteinrichtung","Audi","EA897evo","Euro-6","KBA","Schadensersatz","Software-Update"],"articleSection":["Abgasskandal","Urteile"],"inLanguage":"en-GB"},{"@type":"WebPage","@id":"https:\/\/ru.law\/lg-duesseldorf-erneut-positive-entscheidung-zu-3-liter-motor\/","url":"https:\/\/ru.law\/lg-duesseldorf-erneut-positive-entscheidung-zu-3-liter-motor\/","name":"D\u00fcsseldorf Regional Court: Another positive ruling on the 3-liter engine - R&amp;U","isPartOf":{"@id":"https:\/\/ru.law\/#website"},"primaryImageOfPage":{"@id":"https:\/\/ru.law\/lg-duesseldorf-erneut-positive-entscheidung-zu-3-liter-motor\/#primaryimage"},"image":{"@id":"https:\/\/ru.law\/lg-duesseldorf-erneut-positive-entscheidung-zu-3-liter-motor\/#primaryimage"},"thumbnailUrl":"https:\/\/ru.law\/wp-content\/uploads\/2022\/05\/Rogert-Ulbrich-Rechtsanwaelte-Kanzlei-Abgasskandal-Urteile-Audi-A6-3-Liter.jpg","datePublished":"2022-06-01T09:03:44+00:00","dateModified":"2024-07-08T11:11:43+00:00","description":"The D\u00fcsseldorf Regional Court ruled against Audi AG in a case concerning a 3-liter engine. Even a software update did not constitute a retroactive contractual agreement.","breadcrumb":{"@id":"https:\/\/ru.law\/lg-duesseldorf-erneut-positive-entscheidung-zu-3-liter-motor\/#breadcrumb"},"inLanguage":"en-GB","potentialAction":[{"@type":"ReadAction","target":["https:\/\/ru.law\/lg-duesseldorf-erneut-positive-entscheidung-zu-3-liter-motor\/"]}]},{"@type":"ImageObject","inLanguage":"en-GB","@id":"https:\/\/ru.law\/lg-duesseldorf-erneut-positive-entscheidung-zu-3-liter-motor\/#primaryimage","url":"https:\/\/ru.law\/wp-content\/uploads\/2022\/05\/Rogert-Ulbrich-Rechtsanwaelte-Kanzlei-Abgasskandal-Urteile-Audi-A6-3-Liter.jpg","contentUrl":"https:\/\/ru.law\/wp-content\/uploads\/2022\/05\/Rogert-Ulbrich-Rechtsanwaelte-Kanzlei-Abgasskandal-Urteile-Audi-A6-3-Liter.jpg","width":1200,"height":675},{"@type":"BreadcrumbList","@id":"https:\/\/ru.law\/lg-duesseldorf-erneut-positive-entscheidung-zu-3-liter-motor\/#breadcrumb","itemListElement":[{"@type":"ListItem","position":1,"name":"Startseite","item":"https:\/\/ru.law\/"},{"@type":"ListItem","position":2,"name":"LG D\u00fcsseldorf: Erneut positive Entscheidung zu 3-Liter-Motor"}]},{"@type":"WebSite","@id":"https:\/\/ru.law\/#website","url":"https:\/\/ru.law\/","name":"R&amp;U","description":"Consumer lawyers","publisher":{"@id":"https:\/\/ru.law\/#organization"},"alternateName":"Rogert & Ulbrich","potentialAction":[{"@type":"SearchAction","target":{"@type":"EntryPoint","urlTemplate":"https:\/\/ru.law\/?s={search_term_string}"},"query-input":{"@type":"PropertyValueSpecification","valueRequired":true,"valueName":"search_term_string"}}],"inLanguage":"en-GB"},{"@type":"Organization","@id":"https:\/\/ru.law\/#organization","name":"Rogert &amp; Ulbrich Law Firm","url":"https:\/\/ru.law\/","logo":{"@type":"ImageObject","inLanguage":"en-GB","@id":"https:\/\/ru.law\/#\/schema\/logo\/image\/","url":"https:\/\/ru.law\/wp-content\/uploads\/2020\/12\/logo-ru-law.svg","contentUrl":"https:\/\/ru.law\/wp-content\/uploads\/2020\/12\/logo-ru-law.svg","width":992,"height":259,"caption":"Kanzlei Rogert & Ulbrich"},"image":{"@id":"https:\/\/ru.law\/#\/schema\/logo\/image\/"},"sameAs":["https:\/\/www.facebook.com\/RogertUlbrich\/","https:\/\/x.com\/RogertUlbrich","https:\/\/www.instagram.com\/rogertulbrich\/","https:\/\/www.linkedin.com\/company\/rogert-ulbrich\/","https:\/\/www.youtube.com\/channel\/UCganCgpvwpPFqMFf1vVmG2A"]},{"@type":"Person","@id":"https:\/\/ru.law\/#\/schema\/person\/b020d506e6bbc471b4565d3a98173b87","name":"Marco Rogert","url":"https:\/\/ru.law\/en\/author\/rogertru-law\/"}]}},"uagb_featured_image_src":{"full":["https:\/\/ru.law\/wp-content\/uploads\/2022\/05\/Rogert-Ulbrich-Rechtsanwaelte-Kanzlei-Abgasskandal-Urteile-Audi-A6-3-Liter.jpg",1200,675,false],"thumbnail":["https:\/\/ru.law\/wp-content\/uploads\/2022\/05\/Rogert-Ulbrich-Rechtsanwaelte-Kanzlei-Abgasskandal-Urteile-Audi-A6-3-Liter-150x150.jpg",96,96,true],"medium":["https:\/\/ru.law\/wp-content\/uploads\/2022\/05\/Rogert-Ulbrich-Rechtsanwaelte-Kanzlei-Abgasskandal-Urteile-Audi-A6-3-Liter-300x169.jpg",300,169,true],"medium_large":["https:\/\/ru.law\/wp-content\/uploads\/2022\/05\/Rogert-Ulbrich-Rechtsanwaelte-Kanzlei-Abgasskandal-Urteile-Audi-A6-3-Liter-768x432.jpg",768,432,true],"large":["https:\/\/ru.law\/wp-content\/uploads\/2022\/05\/Rogert-Ulbrich-Rechtsanwaelte-Kanzlei-Abgasskandal-Urteile-Audi-A6-3-Liter-1024x576.jpg",1024,576,true],"1536x1536":["https:\/\/ru.law\/wp-content\/uploads\/2022\/05\/Rogert-Ulbrich-Rechtsanwaelte-Kanzlei-Abgasskandal-Urteile-Audi-A6-3-Liter.jpg",1200,675,false],"2048x2048":["https:\/\/ru.law\/wp-content\/uploads\/2022\/05\/Rogert-Ulbrich-Rechtsanwaelte-Kanzlei-Abgasskandal-Urteile-Audi-A6-3-Liter.jpg",1200,675,false],"trp-custom-language-flag":["https:\/\/ru.law\/wp-content\/uploads\/2022\/05\/Rogert-Ulbrich-Rechtsanwaelte-Kanzlei-Abgasskandal-Urteile-Audi-A6-3-Liter.jpg",18,10,false]},"uagb_author_info":{"display_name":"Marco Rogert","author_link":"https:\/\/ru.law\/en\/author\/rogertru-law\/"},"uagb_comment_info":0,"uagb_excerpt":"Das Landgericht (LG) D\u00fcsseldorf verurteilte die Audi AG zur Zahlung eines Schadensersatzes in H\u00f6he von \u20ac 40.472,- und R\u00fccknahme eins Audi AG Avant 3.0 TDI [&hellip;]","_links":{"self":[{"href":"https:\/\/ru.law\/en\/wp-json\/wp\/v2\/posts\/31633","targetHints":{"allow":["GET"]}}],"collection":[{"href":"https:\/\/ru.law\/en\/wp-json\/wp\/v2\/posts"}],"about":[{"href":"https:\/\/ru.law\/en\/wp-json\/wp\/v2\/types\/post"}],"author":[{"embeddable":true,"href":"https:\/\/ru.law\/en\/wp-json\/wp\/v2\/users\/21"}],"replies":[{"embeddable":true,"href":"https:\/\/ru.law\/en\/wp-json\/wp\/v2\/comments?post=31633"}],"version-history":[{"count":0,"href":"https:\/\/ru.law\/en\/wp-json\/wp\/v2\/posts\/31633\/revisions"}],"wp:featuredmedia":[{"embeddable":true,"href":"https:\/\/ru.law\/en\/wp-json\/wp\/v2\/media\/31635"}],"wp:attachment":[{"href":"https:\/\/ru.law\/en\/wp-json\/wp\/v2\/media?parent=31633"}],"wp:term":[{"taxonomy":"category","embeddable":true,"href":"https:\/\/ru.law\/en\/wp-json\/wp\/v2\/categories?post=31633"},{"taxonomy":"post_tag","embeddable":true,"href":"https:\/\/ru.law\/en\/wp-json\/wp\/v2\/tags?post=31633"}],"curies":[{"name":"wp","href":"https:\/\/api.w.org\/{rel}","templated":true}]}}