{"id":31041,"date":"2022-05-19T09:00:00","date_gmt":"2022-05-19T07:00:00","guid":{"rendered":"https:\/\/ru.law\/?p=31041"},"modified":"2024-07-08T13:11:45","modified_gmt":"2024-07-08T11:11:45","slug":"olg-muenchen-berufung-der-audi-ag-zurueckgewiesen","status":"publish","type":"post","link":"https:\/\/ru.law\/en\/olg-muenchen-berufung-der-audi-ag-zurueckgewiesen\/","title":{"rendered":"Munich Higher Regional Court: Audi AG&#039;s appeal rejected"},"content":{"rendered":"<p>The Higher Regional Court (OLG) of Munich rejected Audi AG&#039;s appeal by decision of May 11, 2022 (decision of May 11, 2022, ref. 3 U 742\/22). The Regional Court (LG) of Ingolstadt had previously awarded a plaintiff represented by us damages of \u20ac 9,171.61 against return of the vehicle (judgment of January 26, 2022, ref. 33 O 2523\/20). The vehicle in dispute is a <a href=\"https:\/\/ru.law\/en\/expertise\/abgasskandal\/3-liter-motoren\/#modelle\">Audi A8 3.0,<\/a> which the plaintiff had purchased for a purchase price of \u20ac 20,850. The vehicle is equipped with a <a href=\"https:\/\/ru.law\/en\/expertise\/abgasskandal\/3-liter-motoren\/#motor\">3.0 liter V6 turbo diesel engine<\/a> with an output of 184 kW. The mileage at the time of purchase was 96,000 km. At the time of the judgment, the mileage was stated as 210,494 km.<\/p>\n\n\n\n<h2 class=\"wp-block-heading\" id=\"h-ruckruf-des-kba-als-ausreichender-grund\">Recall of the KBA as sufficient reason <\/h2>\n\n\n\n<p>Audi AG claims that the gearshift point control of the transmission is not part of the emissions control system. In addition, according to Audi, the plaintiff had not provided sufficient substantiation, so that an appeal was necessary.<\/p>\n\n\n\n<p>The Federal Motor Transport Authority (KBA) had<a href=\"https:\/\/ru.law\/en\/expertise\/abgasskandal\/3-liter-motoren\/#rueckruf\"> recall 23X6<\/a> one <a href=\"https:\/\/ru.law\/en\/expertise\/abgasskandal\/3-liter-motoren\/#abschalteinrichtungen\">impermissible shutdown device<\/a> or an inadmissible reduction in the effectiveness of the emissions control system was found. Both the regional court and the higher regional court based their decision on the recall notice, which shows that an inadmissible switch-off device was installed to adjust the emissions behavior. This switch-off device means that the exhaust emissions are only reduced on the test bench. <\/p>\n\n\n\n<p>Audi AG acted intentionally and immorally by putting vehicles on the market for years that only met the prescribed emissions standards on the test bench. The type approval was therefore obtained through deception.  <\/p>\n\n\n\n<p><\/p>\n\n\n\n<h3 class=\"wp-block-heading\" id=\"h-rogert-ulbrich-empfiehlt-audi-fahrern\">Rogert &amp; Ulbrich recommends Audi drivers <\/h3>\n\n\n\n<p>Do you drive an Audi and have received a recall letter from the manufacturer? Then you should act now and contact us <a href=\"https:\/\/ru.law\/en\/kontakt\/#kontaktformular\">get advice<\/a>. <a href=\"https:\/\/ru.law\/en\/expertise\/abgasskandal\/3-liter-motoren\/#urteile\" target=\"_blank\" rel=\"noreferrer noopener\">Current case law also shows that your chances have never been better.<\/a>Prevent your potential claims for damages from becoming time-barred and have them filed with us <a href=\"https:\/\/ru.law\/en\/expertise\/abgasskandal\/#erstberatung\">free and non-binding <\/a>check.&nbsp;<\/p>\n\n\n\n<section class=\"wp-block-uagb-columns uagb-columns__wrap uagb-columns__background-undefined uagb-columns__stack-mobile uagb-columns__valign-undefined uagb-columns__gap-10 alignundefined uagb-block-e80e7114 contrast blog_beitraege\"><div class=\"uagb-columns__overlay\"><\/div><div class=\"uagb-columns__inner-wrap uagb-columns__columns-1\">\n<div class=\"wp-block-uagb-column uagb-column__wrap uagb-column__background-undefined uagb-block-76f48ef1\"><div class=\"uagb-column__overlay\"><\/div><div class=\"uagb-column__inner-wrap\">\n<h3 class=\"wp-block-heading\" id=\"h-das-konnte-sie-auch-interessieren\">You might also be interested in:<\/h3>\n\n\n\n\t\t\t<div class=\"wp-block-uagb-post-grid uagb-post-grid  uagb-post__image-position-top uagb-post__image-enabled uagb-block-3c9cac1f     uagb-post__items uagb-post__columns-3 is-grid uagb-post__columns-tablet-2 uagb-post__columns-mobile-1 uagb-post__equal-height\" data-total=\"2\" style=\"\">\n\n\t\t\t\t\t\t\t\t\t\t\t\t<article class=\"uagb-post__inner-wrap\">\t\t\t\t\t\t\t\t<div class='uagb-post__image'>\n\t\t\t\t\t\t\t\t\t<a href=\"https:\/\/ru.law\/en\/vw-muss-auch-fuer-audi-motor-ea897evo-haften\/\" target=\"_self\" rel=\"bookmark noopener noreferrer\" class='uagb-image-ratio-inherit'><img loading=\"lazy\" decoding=\"async\" width=\"1024\" height=\"576\" src=\"https:\/\/ru.law\/wp-content\/uploads\/2021\/08\/Rogert-Ulbrich-Rechtsanwaelte-Kanzlei-Abgasskandal-Diesel-Euro-6-VW-1024x576.jpg\" class=\"attachment-large size-large\" alt=\"\" srcset=\"https:\/\/ru.law\/wp-content\/uploads\/2021\/08\/Rogert-Ulbrich-Rechtsanwaelte-Kanzlei-Abgasskandal-Diesel-Euro-6-VW-1024x576.jpg 1024w, https:\/\/ru.law\/wp-content\/uploads\/2021\/08\/Rogert-Ulbrich-Rechtsanwaelte-Kanzlei-Abgasskandal-Diesel-Euro-6-VW-300x169.jpg 300w, https:\/\/ru.law\/wp-content\/uploads\/2021\/08\/Rogert-Ulbrich-Rechtsanwaelte-Kanzlei-Abgasskandal-Diesel-Euro-6-VW-768x432.jpg 768w, https:\/\/ru.law\/wp-content\/uploads\/2021\/08\/Rogert-Ulbrich-Rechtsanwaelte-Kanzlei-Abgasskandal-Diesel-Euro-6-VW.jpg 1200w\" sizes=\"auto, (max-width: 1024px) 100vw, 1024px\" \/>\t\t\t\t\t<\/a>\n\t\t\t\t\t\t\t<\/div>\n\t\t\t\t\t\t<h4 class=\"uagb-post__title uagb-post__text\">\n\t\t\t\t<a href=\"https:\/\/ru.law\/en\/vw-muss-auch-fuer-audi-motor-ea897evo-haften\/\" target=\"_self\" rel=\"bookmark noopener noreferrer\">VW liable for Audi\u2019s EA897evo \u2013 tactic does not work<\/a>\n\t\t\t<\/h4>\n\t\t\t\t\t\t<div class='uagb-post__text uagb-post-grid-byline'>\n\t\t\t\t\t\t\t<\/div>\n\t\t\t\t\t\t\t<div class='uagb-post__text uagb-post__excerpt'>\n\t\t\t\t\t<p>The Wolfsburg-based company&#039;s tactic of taking responsibility for the components installed in its premium models and...\t\t\t\t<\/div>\n\t\t\t\n\t\t\t\t\t\t\t\t\t<\/article>\n\t\t\t\t\t\t\t\t\t\t\t\t\t\t\t\t<article class=\"uagb-post__inner-wrap\">\t\t\t\t\t\t\t\t<div class='uagb-post__image'>\n\t\t\t\t\t\t\t\t\t<a href=\"https:\/\/ru.law\/en\/lg-duesseldorf-erneut-positive-entscheidung-zu-3-liter-motor\/\" target=\"_self\" rel=\"bookmark noopener noreferrer\" class='uagb-image-ratio-inherit'><img loading=\"lazy\" decoding=\"async\" width=\"1024\" height=\"576\" src=\"https:\/\/ru.law\/wp-content\/uploads\/2022\/05\/Rogert-Ulbrich-Rechtsanwaelte-Kanzlei-Abgasskandal-Urteile-Audi-A6-3-Liter-1024x576.jpg\" class=\"attachment-large size-large\" alt=\"\" srcset=\"https:\/\/ru.law\/wp-content\/uploads\/2022\/05\/Rogert-Ulbrich-Rechtsanwaelte-Kanzlei-Abgasskandal-Urteile-Audi-A6-3-Liter-1024x576.jpg 1024w, https:\/\/ru.law\/wp-content\/uploads\/2022\/05\/Rogert-Ulbrich-Rechtsanwaelte-Kanzlei-Abgasskandal-Urteile-Audi-A6-3-Liter-300x169.jpg 300w, https:\/\/ru.law\/wp-content\/uploads\/2022\/05\/Rogert-Ulbrich-Rechtsanwaelte-Kanzlei-Abgasskandal-Urteile-Audi-A6-3-Liter-768x432.jpg 768w, https:\/\/ru.law\/wp-content\/uploads\/2022\/05\/Rogert-Ulbrich-Rechtsanwaelte-Kanzlei-Abgasskandal-Urteile-Audi-A6-3-Liter.jpg 1200w\" sizes=\"auto, (max-width: 1024px) 100vw, 1024px\" \/>\t\t\t\t\t<\/a>\n\t\t\t\t\t\t\t<\/div>\n\t\t\t\t\t\t<h4 class=\"uagb-post__title uagb-post__text\">\n\t\t\t\t<a href=\"https:\/\/ru.law\/en\/lg-duesseldorf-erneut-positive-entscheidung-zu-3-liter-motor\/\" target=\"_self\" rel=\"bookmark noopener noreferrer\">LG D\u00fcsseldorf: Another positive decision on 3-liter engine<\/a>\n\t\t\t<\/h4>\n\t\t\t\t\t\t<div class='uagb-post__text uagb-post-grid-byline'>\n\t\t\t\t\t\t\t<\/div>\n\t\t\t\t\t\t\t<div class='uagb-post__text uagb-post__excerpt'>\n\t\t\t\t\t<p>The Regional Court (LG) D\u00fcsseldorf sentenced Audi AG to pay damages in the amount of\u2026\t\t\t\t<\/div>\n\t\t\t\n\t\t\t\t\t\t\t\t\t<\/article>\n\t\t\t\t\t\t\t\t\t\t\t\t\t\t\t\t<article class=\"uagb-post__inner-wrap\">\t\t\t\t\t\t\t\t<div class='uagb-post__image'>\n\t\t\t\t\t\t\t\t\t<a href=\"https:\/\/ru.law\/en\/landgericht-wuerzburg-verurteilt-audi-zur-ruecknahme-eines-audi-a7\/\" target=\"_self\" rel=\"bookmark noopener noreferrer\" class='uagb-image-ratio-inherit'><img loading=\"lazy\" decoding=\"async\" width=\"1024\" height=\"576\" src=\"https:\/\/ru.law\/wp-content\/uploads\/2021\/06\/rogert-ulbrich-rechtsanwalt-kanzlei-abgasskandal-audi-a7-3.0--1024x576.jpg\" class=\"attachment-large size-large\" alt=\"\" srcset=\"https:\/\/ru.law\/wp-content\/uploads\/2021\/06\/rogert-ulbrich-rechtsanwalt-kanzlei-abgasskandal-audi-a7-3.0--1024x576.jpg 1024w, https:\/\/ru.law\/wp-content\/uploads\/2021\/06\/rogert-ulbrich-rechtsanwalt-kanzlei-abgasskandal-audi-a7-3.0--300x169.jpg 300w, https:\/\/ru.law\/wp-content\/uploads\/2021\/06\/rogert-ulbrich-rechtsanwalt-kanzlei-abgasskandal-audi-a7-3.0--768x432.jpg 768w, https:\/\/ru.law\/wp-content\/uploads\/2021\/06\/rogert-ulbrich-rechtsanwalt-kanzlei-abgasskandal-audi-a7-3.0-.jpg 1200w\" sizes=\"auto, (max-width: 1024px) 100vw, 1024px\" \/>\t\t\t\t\t<\/a>\n\t\t\t\t\t\t\t<\/div>\n\t\t\t\t\t\t<h4 class=\"uagb-post__title uagb-post__text\">\n\t\t\t\t<a href=\"https:\/\/ru.law\/en\/landgericht-wuerzburg-verurteilt-audi-zur-ruecknahme-eines-audi-a7\/\" target=\"_self\" rel=\"bookmark noopener noreferrer\">W\u00fcrzburg Regional Court orders Audi to take back an Audi A7<\/a>\n\t\t\t<\/h4>\n\t\t\t\t\t\t<div class='uagb-post__text uagb-post-grid-byline'>\n\t\t\t\t\t\t\t<\/div>\n\t\t\t\t\t\t\t<div class='uagb-post__text uagb-post__excerpt'>\n\t\t\t\t\t<p>Good news from W\u00fcrzburg. The local district court upheld our client&#039;s claim. The Audi\u2026\t\t\t\t<\/div>\n\t\t\t\n\t\t\t\t\t\t\t\t\t<\/article>\n\t\t\t\t\t\t\t\t\t\t\t<\/div>\n\t\t\t<\/div><\/div>\n<\/div><\/section>","protected":false},"excerpt":{"rendered":"<p>Das Oberlandesgericht (OLG) M\u00fcnchen hat mit Beschluss vom 11.05.2022 die Berufung der Audi AG zur\u00fcckgewiesen (Beschluss v. 11.05.2022, Az. 3 U 742\/22). Das Landgericht (LG) [&hellip;]<\/p>\n","protected":false},"author":21,"featured_media":31043,"comment_status":"closed","ping_status":"open","sticky":false,"template":"","format":"standard","meta":{"_uag_custom_page_level_css":"","site-sidebar-layout":"default","site-content-layout":"","ast-site-content-layout":"default","site-content-style":"default","site-sidebar-style":"default","ast-global-header-display":"","ast-banner-title-visibility":"","ast-main-header-display":"","ast-hfb-above-header-display":"","ast-hfb-below-header-display":"","ast-hfb-mobile-header-display":"","site-post-title":"","ast-breadcrumbs-content":"","ast-featured-img":"","footer-sml-layout":"","ast-disable-related-posts":"","theme-transparent-header-meta":"","adv-header-id-meta":"","stick-header-meta":"","header-above-stick-meta":"","header-main-stick-meta":"","header-below-stick-meta":"","astra-migrate-meta-layouts":"default","ast-page-background-enabled":"default","ast-page-background-meta":{"desktop":{"background-color":"","background-image":"","background-repeat":"repeat","background-position":"center center","background-size":"auto","background-attachment":"scroll","background-type":"","background-media":"","overlay-type":"","overlay-color":"","overlay-opacity":"","overlay-gradient":""},"tablet":{"background-color":"","background-image":"","background-repeat":"repeat","background-position":"center center","background-size":"auto","background-attachment":"scroll","background-type":"","background-media":"","overlay-type":"","overlay-color":"","overlay-opacity":"","overlay-gradient":""},"mobile":{"background-color":"","background-image":"","background-repeat":"repeat","background-position":"center center","background-size":"auto","background-attachment":"scroll","background-type":"","background-media":"","overlay-type":"","overlay-color":"","overlay-opacity":"","overlay-gradient":""}},"ast-content-background-meta":{"desktop":{"background-color":"var(--ast-global-color-5)","background-image":"","background-repeat":"repeat","background-position":"center center","background-size":"auto","background-attachment":"scroll","background-type":"","background-media":"","overlay-type":"","overlay-color":"","overlay-opacity":"","overlay-gradient":""},"tablet":{"background-color":"var(--ast-global-color-5)","background-image":"","background-repeat":"repeat","background-position":"center center","background-size":"auto","background-attachment":"scroll","background-type":"","background-media":"","overlay-type":"","overlay-color":"","overlay-opacity":"","overlay-gradient":""},"mobile":{"background-color":"var(--ast-global-color-5)","background-image":"","background-repeat":"repeat","background-position":"center center","background-size":"auto","background-attachment":"scroll","background-type":"","background-media":"","overlay-type":"","overlay-color":"","overlay-opacity":"","overlay-gradient":""}},"footnotes":""},"categories":[2],"tags":[1039,9,23,697,35,37],"class_list":["post-31041","post","type-post","status-publish","format-standard","has-post-thumbnail","hentry","category-abgasskandal","tag-3-liter","tag-audi","tag-euro-5","tag-kba","tag-rueckruf","tag-schadensersatz"],"yoast_head":"<!-- This site is optimized with the Yoast SEO Premium plugin v27.4 (Yoast SEO v27.4) - https:\/\/yoast.com\/product\/yoast-seo-premium-wordpress\/ -->\n<title>OLG M\u00fcnchen: Berufung der Audi AG zur\u00fcckgewiesen - R&amp;U<\/title>\n<meta name=\"description\" content=\"Das OLG M\u00fcnchen hat die Berufung der Audi AG zur\u00fcckgewiesen. Wieder ein Erfolg im Abgasskandal f\u00fcr Verbraucher. Lassen Sie sich beraten!\" \/>\n<meta name=\"robots\" content=\"index, follow, max-snippet:-1, max-image-preview:large, max-video-preview:-1\" \/>\n<link rel=\"canonical\" href=\"https:\/\/ru.law\/en\/olg-muenchen-berufung-der-audi-ag-zurueckgewiesen\/\" \/>\n<meta property=\"og:locale\" content=\"en_GB\" \/>\n<meta property=\"og:type\" content=\"article\" \/>\n<meta property=\"og:title\" content=\"OLG M\u00fcnchen: Berufung der Audi AG zur\u00fcckgewiesen\" \/>\n<meta property=\"og:description\" content=\"Das OLG M\u00fcnchen hat die Berufung der Audi AG zur\u00fcckgewiesen. Wieder ein Erfolg im Abgasskandal f\u00fcr Verbraucher. Lassen Sie sich beraten!\" \/>\n<meta property=\"og:url\" content=\"https:\/\/ru.law\/en\/olg-muenchen-berufung-der-audi-ag-zurueckgewiesen\/\" \/>\n<meta property=\"og:site_name\" content=\"R&amp;U\" \/>\n<meta property=\"article:publisher\" content=\"https:\/\/www.facebook.com\/RogertUlbrich\/\" \/>\n<meta property=\"article:published_time\" content=\"2022-05-19T07:00:00+00:00\" \/>\n<meta property=\"article:modified_time\" content=\"2024-07-08T11:11:45+00:00\" \/>\n<meta property=\"og:image\" content=\"https:\/\/ru.law\/wp-content\/uploads\/2022\/05\/Rogert-Ulbrich-Rechtsanwaelte-Kanzlei-Abgasskandal-Audi-Rueckruf-KBA.jpg\" \/>\n\t<meta property=\"og:image:width\" content=\"1200\" \/>\n\t<meta property=\"og:image:height\" content=\"675\" \/>\n\t<meta property=\"og:image:type\" content=\"image\/jpeg\" \/>\n<meta name=\"author\" content=\"Marco Rogert\" \/>\n<meta name=\"twitter:card\" content=\"summary_large_image\" \/>\n<meta name=\"twitter:creator\" content=\"@RogertUlbrich\" \/>\n<meta name=\"twitter:site\" content=\"@RogertUlbrich\" \/>\n<script type=\"application\/ld+json\" class=\"yoast-schema-graph\">{\"@context\":\"https:\\\/\\\/schema.org\",\"@graph\":[{\"@type\":\"Article\",\"@id\":\"https:\\\/\\\/ru.law\\\/olg-muenchen-berufung-der-audi-ag-zurueckgewiesen\\\/#article\",\"isPartOf\":{\"@id\":\"https:\\\/\\\/ru.law\\\/olg-muenchen-berufung-der-audi-ag-zurueckgewiesen\\\/\"},\"author\":{\"name\":\"Marco Rogert\",\"@id\":\"https:\\\/\\\/ru.law\\\/#\\\/schema\\\/person\\\/b020d506e6bbc471b4565d3a98173b87\"},\"headline\":\"OLG M\u00fcnchen: Berufung der Audi AG zur\u00fcckgewiesen\",\"datePublished\":\"2022-05-19T07:00:00+00:00\",\"dateModified\":\"2024-07-08T11:11:45+00:00\",\"mainEntityOfPage\":{\"@id\":\"https:\\\/\\\/ru.law\\\/olg-muenchen-berufung-der-audi-ag-zurueckgewiesen\\\/\"},\"wordCount\":322,\"publisher\":{\"@id\":\"https:\\\/\\\/ru.law\\\/#organization\"},\"image\":{\"@id\":\"https:\\\/\\\/ru.law\\\/olg-muenchen-berufung-der-audi-ag-zurueckgewiesen\\\/#primaryimage\"},\"thumbnailUrl\":\"https:\\\/\\\/ru.law\\\/wp-content\\\/uploads\\\/2022\\\/05\\\/Rogert-Ulbrich-Rechtsanwaelte-Kanzlei-Abgasskandal-Audi-Rueckruf-KBA.jpg\",\"keywords\":[\"3-Liter\",\"Audi\",\"Euro-5\",\"KBA\",\"R\u00fcckruf\",\"Schadensersatz\"],\"articleSection\":[\"Abgasskandal\"],\"inLanguage\":\"en-GB\"},{\"@type\":\"WebPage\",\"@id\":\"https:\\\/\\\/ru.law\\\/olg-muenchen-berufung-der-audi-ag-zurueckgewiesen\\\/\",\"url\":\"https:\\\/\\\/ru.law\\\/olg-muenchen-berufung-der-audi-ag-zurueckgewiesen\\\/\",\"name\":\"OLG M\u00fcnchen: Berufung der Audi AG zur\u00fcckgewiesen - R&amp;U\",\"isPartOf\":{\"@id\":\"https:\\\/\\\/ru.law\\\/#website\"},\"primaryImageOfPage\":{\"@id\":\"https:\\\/\\\/ru.law\\\/olg-muenchen-berufung-der-audi-ag-zurueckgewiesen\\\/#primaryimage\"},\"image\":{\"@id\":\"https:\\\/\\\/ru.law\\\/olg-muenchen-berufung-der-audi-ag-zurueckgewiesen\\\/#primaryimage\"},\"thumbnailUrl\":\"https:\\\/\\\/ru.law\\\/wp-content\\\/uploads\\\/2022\\\/05\\\/Rogert-Ulbrich-Rechtsanwaelte-Kanzlei-Abgasskandal-Audi-Rueckruf-KBA.jpg\",\"datePublished\":\"2022-05-19T07:00:00+00:00\",\"dateModified\":\"2024-07-08T11:11:45+00:00\",\"description\":\"Das OLG M\u00fcnchen hat die Berufung der Audi AG zur\u00fcckgewiesen. Wieder ein Erfolg im Abgasskandal f\u00fcr Verbraucher. Lassen Sie sich beraten!\",\"breadcrumb\":{\"@id\":\"https:\\\/\\\/ru.law\\\/olg-muenchen-berufung-der-audi-ag-zurueckgewiesen\\\/#breadcrumb\"},\"inLanguage\":\"en-GB\",\"potentialAction\":[{\"@type\":\"ReadAction\",\"target\":[\"https:\\\/\\\/ru.law\\\/olg-muenchen-berufung-der-audi-ag-zurueckgewiesen\\\/\"]}]},{\"@type\":\"ImageObject\",\"inLanguage\":\"en-GB\",\"@id\":\"https:\\\/\\\/ru.law\\\/olg-muenchen-berufung-der-audi-ag-zurueckgewiesen\\\/#primaryimage\",\"url\":\"https:\\\/\\\/ru.law\\\/wp-content\\\/uploads\\\/2022\\\/05\\\/Rogert-Ulbrich-Rechtsanwaelte-Kanzlei-Abgasskandal-Audi-Rueckruf-KBA.jpg\",\"contentUrl\":\"https:\\\/\\\/ru.law\\\/wp-content\\\/uploads\\\/2022\\\/05\\\/Rogert-Ulbrich-Rechtsanwaelte-Kanzlei-Abgasskandal-Audi-Rueckruf-KBA.jpg\",\"width\":1200,\"height\":675},{\"@type\":\"BreadcrumbList\",\"@id\":\"https:\\\/\\\/ru.law\\\/olg-muenchen-berufung-der-audi-ag-zurueckgewiesen\\\/#breadcrumb\",\"itemListElement\":[{\"@type\":\"ListItem\",\"position\":1,\"name\":\"Startseite\",\"item\":\"https:\\\/\\\/ru.law\\\/\"},{\"@type\":\"ListItem\",\"position\":2,\"name\":\"OLG M\u00fcnchen: Berufung der Audi AG zur\u00fcckgewiesen\"}]},{\"@type\":\"WebSite\",\"@id\":\"https:\\\/\\\/ru.law\\\/#website\",\"url\":\"https:\\\/\\\/ru.law\\\/\",\"name\":\"R&U\",\"description\":\"Verbraucheranw\u00e4lte\",\"publisher\":{\"@id\":\"https:\\\/\\\/ru.law\\\/#organization\"},\"alternateName\":\"Rogert & Ulbrich\",\"potentialAction\":[{\"@type\":\"SearchAction\",\"target\":{\"@type\":\"EntryPoint\",\"urlTemplate\":\"https:\\\/\\\/ru.law\\\/?s={search_term_string}\"},\"query-input\":{\"@type\":\"PropertyValueSpecification\",\"valueRequired\":true,\"valueName\":\"search_term_string\"}}],\"inLanguage\":\"en-GB\"},{\"@type\":\"Organization\",\"@id\":\"https:\\\/\\\/ru.law\\\/#organization\",\"name\":\"Kanzlei Rogert & Ulbrich\",\"url\":\"https:\\\/\\\/ru.law\\\/\",\"logo\":{\"@type\":\"ImageObject\",\"inLanguage\":\"en-GB\",\"@id\":\"https:\\\/\\\/ru.law\\\/#\\\/schema\\\/logo\\\/image\\\/\",\"url\":\"https:\\\/\\\/ru.law\\\/wp-content\\\/uploads\\\/2020\\\/12\\\/logo-ru-law.svg\",\"contentUrl\":\"https:\\\/\\\/ru.law\\\/wp-content\\\/uploads\\\/2020\\\/12\\\/logo-ru-law.svg\",\"width\":992,\"height\":259,\"caption\":\"Kanzlei Rogert & Ulbrich\"},\"image\":{\"@id\":\"https:\\\/\\\/ru.law\\\/#\\\/schema\\\/logo\\\/image\\\/\"},\"sameAs\":[\"https:\\\/\\\/www.facebook.com\\\/RogertUlbrich\\\/\",\"https:\\\/\\\/x.com\\\/RogertUlbrich\",\"https:\\\/\\\/www.instagram.com\\\/rogertulbrich\\\/\",\"https:\\\/\\\/www.linkedin.com\\\/company\\\/rogert-ulbrich\\\/\",\"https:\\\/\\\/www.youtube.com\\\/channel\\\/UCganCgpvwpPFqMFf1vVmG2A\"]},{\"@type\":\"Person\",\"@id\":\"https:\\\/\\\/ru.law\\\/#\\\/schema\\\/person\\\/b020d506e6bbc471b4565d3a98173b87\",\"name\":\"Marco Rogert\",\"url\":\"https:\\\/\\\/ru.law\\\/en\\\/author\\\/rogertru-law\\\/\"}]}<\/script>\n<!-- \/ Yoast SEO Premium plugin. -->","yoast_head_json":{"title":"OLG M\u00fcnchen: Berufung der Audi AG zur\u00fcckgewiesen - R&amp;U","description":"Das OLG M\u00fcnchen hat die Berufung der Audi AG zur\u00fcckgewiesen. Wieder ein Erfolg im Abgasskandal f\u00fcr Verbraucher. Lassen Sie sich beraten!","robots":{"index":"index","follow":"follow","max-snippet":"max-snippet:-1","max-image-preview":"max-image-preview:large","max-video-preview":"max-video-preview:-1"},"canonical":"https:\/\/ru.law\/en\/olg-muenchen-berufung-der-audi-ag-zurueckgewiesen\/","og_locale":"en_GB","og_type":"article","og_title":"OLG M\u00fcnchen: Berufung der Audi AG zur\u00fcckgewiesen","og_description":"Das OLG M\u00fcnchen hat die Berufung der Audi AG zur\u00fcckgewiesen. Wieder ein Erfolg im Abgasskandal f\u00fcr Verbraucher. Lassen Sie sich beraten!","og_url":"https:\/\/ru.law\/en\/olg-muenchen-berufung-der-audi-ag-zurueckgewiesen\/","og_site_name":"R&amp;U","article_publisher":"https:\/\/www.facebook.com\/RogertUlbrich\/","article_published_time":"2022-05-19T07:00:00+00:00","article_modified_time":"2024-07-08T11:11:45+00:00","og_image":[{"width":1200,"height":675,"url":"https:\/\/ru.law\/wp-content\/uploads\/2022\/05\/Rogert-Ulbrich-Rechtsanwaelte-Kanzlei-Abgasskandal-Audi-Rueckruf-KBA.jpg","type":"image\/jpeg"}],"author":"Marco Rogert","twitter_card":"summary_large_image","twitter_creator":"@RogertUlbrich","twitter_site":"@RogertUlbrich","schema":{"@context":"https:\/\/schema.org","@graph":[{"@type":"Article","@id":"https:\/\/ru.law\/olg-muenchen-berufung-der-audi-ag-zurueckgewiesen\/#article","isPartOf":{"@id":"https:\/\/ru.law\/olg-muenchen-berufung-der-audi-ag-zurueckgewiesen\/"},"author":{"name":"Marco Rogert","@id":"https:\/\/ru.law\/#\/schema\/person\/b020d506e6bbc471b4565d3a98173b87"},"headline":"OLG M\u00fcnchen: Berufung der Audi AG zur\u00fcckgewiesen","datePublished":"2022-05-19T07:00:00+00:00","dateModified":"2024-07-08T11:11:45+00:00","mainEntityOfPage":{"@id":"https:\/\/ru.law\/olg-muenchen-berufung-der-audi-ag-zurueckgewiesen\/"},"wordCount":322,"publisher":{"@id":"https:\/\/ru.law\/#organization"},"image":{"@id":"https:\/\/ru.law\/olg-muenchen-berufung-der-audi-ag-zurueckgewiesen\/#primaryimage"},"thumbnailUrl":"https:\/\/ru.law\/wp-content\/uploads\/2022\/05\/Rogert-Ulbrich-Rechtsanwaelte-Kanzlei-Abgasskandal-Audi-Rueckruf-KBA.jpg","keywords":["3-Liter","Audi","Euro-5","KBA","R\u00fcckruf","Schadensersatz"],"articleSection":["Abgasskandal"],"inLanguage":"en-GB"},{"@type":"WebPage","@id":"https:\/\/ru.law\/olg-muenchen-berufung-der-audi-ag-zurueckgewiesen\/","url":"https:\/\/ru.law\/olg-muenchen-berufung-der-audi-ag-zurueckgewiesen\/","name":"OLG M\u00fcnchen: Berufung der Audi AG zur\u00fcckgewiesen - R&amp;U","isPartOf":{"@id":"https:\/\/ru.law\/#website"},"primaryImageOfPage":{"@id":"https:\/\/ru.law\/olg-muenchen-berufung-der-audi-ag-zurueckgewiesen\/#primaryimage"},"image":{"@id":"https:\/\/ru.law\/olg-muenchen-berufung-der-audi-ag-zurueckgewiesen\/#primaryimage"},"thumbnailUrl":"https:\/\/ru.law\/wp-content\/uploads\/2022\/05\/Rogert-Ulbrich-Rechtsanwaelte-Kanzlei-Abgasskandal-Audi-Rueckruf-KBA.jpg","datePublished":"2022-05-19T07:00:00+00:00","dateModified":"2024-07-08T11:11:45+00:00","description":"Das OLG M\u00fcnchen hat die Berufung der Audi AG zur\u00fcckgewiesen. Wieder ein Erfolg im Abgasskandal f\u00fcr Verbraucher. Lassen Sie sich beraten!","breadcrumb":{"@id":"https:\/\/ru.law\/olg-muenchen-berufung-der-audi-ag-zurueckgewiesen\/#breadcrumb"},"inLanguage":"en-GB","potentialAction":[{"@type":"ReadAction","target":["https:\/\/ru.law\/olg-muenchen-berufung-der-audi-ag-zurueckgewiesen\/"]}]},{"@type":"ImageObject","inLanguage":"en-GB","@id":"https:\/\/ru.law\/olg-muenchen-berufung-der-audi-ag-zurueckgewiesen\/#primaryimage","url":"https:\/\/ru.law\/wp-content\/uploads\/2022\/05\/Rogert-Ulbrich-Rechtsanwaelte-Kanzlei-Abgasskandal-Audi-Rueckruf-KBA.jpg","contentUrl":"https:\/\/ru.law\/wp-content\/uploads\/2022\/05\/Rogert-Ulbrich-Rechtsanwaelte-Kanzlei-Abgasskandal-Audi-Rueckruf-KBA.jpg","width":1200,"height":675},{"@type":"BreadcrumbList","@id":"https:\/\/ru.law\/olg-muenchen-berufung-der-audi-ag-zurueckgewiesen\/#breadcrumb","itemListElement":[{"@type":"ListItem","position":1,"name":"Startseite","item":"https:\/\/ru.law\/"},{"@type":"ListItem","position":2,"name":"OLG M\u00fcnchen: Berufung der Audi AG zur\u00fcckgewiesen"}]},{"@type":"WebSite","@id":"https:\/\/ru.law\/#website","url":"https:\/\/ru.law\/","name":"R&amp;U","description":"Consumer lawyers","publisher":{"@id":"https:\/\/ru.law\/#organization"},"alternateName":"Rogert & Ulbrich","potentialAction":[{"@type":"SearchAction","target":{"@type":"EntryPoint","urlTemplate":"https:\/\/ru.law\/?s={search_term_string}"},"query-input":{"@type":"PropertyValueSpecification","valueRequired":true,"valueName":"search_term_string"}}],"inLanguage":"en-GB"},{"@type":"Organization","@id":"https:\/\/ru.law\/#organization","name":"Rogert &amp; Ulbrich Law Firm","url":"https:\/\/ru.law\/","logo":{"@type":"ImageObject","inLanguage":"en-GB","@id":"https:\/\/ru.law\/#\/schema\/logo\/image\/","url":"https:\/\/ru.law\/wp-content\/uploads\/2020\/12\/logo-ru-law.svg","contentUrl":"https:\/\/ru.law\/wp-content\/uploads\/2020\/12\/logo-ru-law.svg","width":992,"height":259,"caption":"Kanzlei Rogert & Ulbrich"},"image":{"@id":"https:\/\/ru.law\/#\/schema\/logo\/image\/"},"sameAs":["https:\/\/www.facebook.com\/RogertUlbrich\/","https:\/\/x.com\/RogertUlbrich","https:\/\/www.instagram.com\/rogertulbrich\/","https:\/\/www.linkedin.com\/company\/rogert-ulbrich\/","https:\/\/www.youtube.com\/channel\/UCganCgpvwpPFqMFf1vVmG2A"]},{"@type":"Person","@id":"https:\/\/ru.law\/#\/schema\/person\/b020d506e6bbc471b4565d3a98173b87","name":"Marco Rogert","url":"https:\/\/ru.law\/en\/author\/rogertru-law\/"}]}},"uagb_featured_image_src":{"full":["https:\/\/ru.law\/wp-content\/uploads\/2022\/05\/Rogert-Ulbrich-Rechtsanwaelte-Kanzlei-Abgasskandal-Audi-Rueckruf-KBA.jpg",1200,675,false],"thumbnail":["https:\/\/ru.law\/wp-content\/uploads\/2022\/05\/Rogert-Ulbrich-Rechtsanwaelte-Kanzlei-Abgasskandal-Audi-Rueckruf-KBA-150x150.jpg",96,96,true],"medium":["https:\/\/ru.law\/wp-content\/uploads\/2022\/05\/Rogert-Ulbrich-Rechtsanwaelte-Kanzlei-Abgasskandal-Audi-Rueckruf-KBA-300x169.jpg",300,169,true],"medium_large":["https:\/\/ru.law\/wp-content\/uploads\/2022\/05\/Rogert-Ulbrich-Rechtsanwaelte-Kanzlei-Abgasskandal-Audi-Rueckruf-KBA-768x432.jpg",768,432,true],"large":["https:\/\/ru.law\/wp-content\/uploads\/2022\/05\/Rogert-Ulbrich-Rechtsanwaelte-Kanzlei-Abgasskandal-Audi-Rueckruf-KBA-1024x576.jpg",1024,576,true],"1536x1536":["https:\/\/ru.law\/wp-content\/uploads\/2022\/05\/Rogert-Ulbrich-Rechtsanwaelte-Kanzlei-Abgasskandal-Audi-Rueckruf-KBA.jpg",1200,675,false],"2048x2048":["https:\/\/ru.law\/wp-content\/uploads\/2022\/05\/Rogert-Ulbrich-Rechtsanwaelte-Kanzlei-Abgasskandal-Audi-Rueckruf-KBA.jpg",1200,675,false],"trp-custom-language-flag":["https:\/\/ru.law\/wp-content\/uploads\/2022\/05\/Rogert-Ulbrich-Rechtsanwaelte-Kanzlei-Abgasskandal-Audi-Rueckruf-KBA.jpg",18,10,false]},"uagb_author_info":{"display_name":"Marco Rogert","author_link":"https:\/\/ru.law\/en\/author\/rogertru-law\/"},"uagb_comment_info":0,"uagb_excerpt":"Das Oberlandesgericht (OLG) M\u00fcnchen hat mit Beschluss vom 11.05.2022 die Berufung der Audi AG zur\u00fcckgewiesen (Beschluss v. 11.05.2022, Az. 3 U 742\/22). Das Landgericht (LG) [&hellip;]","_links":{"self":[{"href":"https:\/\/ru.law\/en\/wp-json\/wp\/v2\/posts\/31041","targetHints":{"allow":["GET"]}}],"collection":[{"href":"https:\/\/ru.law\/en\/wp-json\/wp\/v2\/posts"}],"about":[{"href":"https:\/\/ru.law\/en\/wp-json\/wp\/v2\/types\/post"}],"author":[{"embeddable":true,"href":"https:\/\/ru.law\/en\/wp-json\/wp\/v2\/users\/21"}],"replies":[{"embeddable":true,"href":"https:\/\/ru.law\/en\/wp-json\/wp\/v2\/comments?post=31041"}],"version-history":[{"count":0,"href":"https:\/\/ru.law\/en\/wp-json\/wp\/v2\/posts\/31041\/revisions"}],"wp:featuredmedia":[{"embeddable":true,"href":"https:\/\/ru.law\/en\/wp-json\/wp\/v2\/media\/31043"}],"wp:attachment":[{"href":"https:\/\/ru.law\/en\/wp-json\/wp\/v2\/media?parent=31041"}],"wp:term":[{"taxonomy":"category","embeddable":true,"href":"https:\/\/ru.law\/en\/wp-json\/wp\/v2\/categories?post=31041"},{"taxonomy":"post_tag","embeddable":true,"href":"https:\/\/ru.law\/en\/wp-json\/wp\/v2\/tags?post=31041"}],"curies":[{"name":"wp","href":"https:\/\/api.w.org\/{rel}","templated":true}]}}