{"id":30717,"date":"2022-05-11T11:20:43","date_gmt":"2022-05-11T09:20:43","guid":{"rendered":"https:\/\/ru.law\/?p=30717"},"modified":"2024-11-11T08:28:23","modified_gmt":"2024-11-11T07:28:23","slug":"checkliste-fuer-arbeitnehmende-bei-einer-kuendigung","status":"publish","type":"post","link":"https:\/\/ru.law\/en\/checkliste-fuer-arbeitnehmende-bei-einer-kuendigung\/","title":{"rendered":"Checklist for employees in the event of termination"},"content":{"rendered":"<p>Terminating an employment relationship is initially a difficult blow. We typically spend more time at work than at home, so quitting is never easy. More and more employees are affected by layoffs these days, but many are unaware of their rights after being fired. <\/p>\n\n\n\n<p>Don&#039;t be discouraged right now! Many dismissed employees have general legal protection against dismissal. This is<a href=\"https:\/\/www.gesetze-im-internet.de\/kschg\/\" target=\"_blank\" rel=\"noreferrer noopener\">&nbsp;Dismissal Protection Act (KSchG)<\/a>&nbsp;regulated and&nbsp;<a href=\"https:\/\/www.gesetze-im-internet.de\/kschg\/__23.html\" target=\"_blank\" rel=\"noreferrer noopener\">applies to employees whose employment relationship has lasted longer than six months and who are not employed in small businesses<\/a>Termination of the employment relationship is only possible under certain conditions. If these conditions are not met, the&nbsp;<a href=\"https:\/\/ru.law\/en\/arbeitsrecht-kuendigungsschutz\/#fehler\">Termination may be ineffective<\/a>. Laws are complex and not immediately understandable for everyone, so you should always inform us about your termination&nbsp;<a href=\"https:\/\/ru.law\/en\/arbeitsrecht-kuendigungsschutz\/#schritte\">have it checked!<\/a><\/p>\n\n\n\n<h2 class=\"wp-block-heading\" id=\"h-worum-sie-sich-nach-ihrer-kundigung-kummern-mussen\">What you need to take care of after your termination<\/h2>\n\n\n\n<ol class=\"wp-block-list\">\n<li>Keep calm! Now is not the time for rash action.\u00a0<\/li>\n\n\n\n<li>You should register within<strong>\u00a03 days<\/strong>\u00a0at the <a href=\"https:\/\/ru.law\/en\/arbeitsrecht-kuendigungsschutz\/#amt\">employment agency <\/a>register as unemployed. Otherwise, they face a waiting period.<\/li>\n\n\n\n<li>Get professional support and let us advise you! Our initial consultation is free and non-binding. <a href=\"https:\/\/ru.law\/en\/arbeitsrecht-kuendigungsschutz\/#fehler\">We will check whether your cancellation is valid. <\/a><\/li>\n\n\n\n<li>We advise against signing a termination agreement. This would result in a barring period at the employment office. Therefore, you should never sign a termination agreement without professional advice. <\/li>\n\n\n\n<li>It should also be noted that the <a href=\"https:\/\/ru.law\/en\/arbeitsrecht-kuendigungsschutz\/#frist\">Deadline <\/a>for a wrongful dismissal claim<a href=\"https:\/\/ru.law\/en\/arbeitsrecht-kuendigungsschutz\/#21tage\"> <strong>3 weeks from receipt of notice of termination<\/strong> <\/a>You should therefore\u00a0<strong>immediately\u00a0<\/strong>contact us after you have received notice of termination so that we can discuss all the details with you and\u00a0<strong>on time\u00a0<\/strong>can file a wrongful termination suit on your behalf.\u00a0<\/li>\n\n\n\n<li>It&#039;s best to submit applications before the notice period expires. The employer must release the terminated employee for interviews.<\/li>\n<\/ol>\n\n\n\n<p><\/p>\n\n\n\n<h3 class=\"wp-block-heading\" id=\"h-wir-bei-rogert-amp-ulbrich-wissen-was-zu-beachten-gilt\"><strong>We at Rogert &amp; Ulbrich know what to consider!<\/strong><\/h3>\n\n\n\n<p>Are you unsure whether your employer has complied with the statutory notice periods or whether your termination without notice contains an important reason? We offer you a <a href=\"https:\/\/ru.law\/en\/arbeitsrecht-kuendigungsschutz\/#erstberatung\">professional and free initial consultation<\/a>. You send us <a href=\"https:\/\/ru.law\/en\/arbeitsrecht-kuendigungsschutz\/online-beauftragung\/\">all necessary documents<\/a> (Employment contract, possible amendments, termination, payroll) and we will prepare for you within&nbsp;<a href=\"https:\/\/ru.law\/en\/arbeitsrecht-kuendigungsschutz\/#24stunden\">24 hours<\/a>&nbsp;a draft lawsuit and an out-of-court dismissal letter to your employer. <\/p>\n\n\n\n<section class=\"wp-block-uagb-columns uagb-columns__wrap uagb-columns__stack-mobile uagb-columns__valign- uagb-columns__gap-10 align uagb-block-e98a96d8 uagb-columns__columns-1 uagb-columns__max_width-theme contrast blog_beitraege\"><div class=\"uagb-columns__overlay\"><\/div><div class=\"uagb-columns__inner-wrap uagb-columns__columns-1\">\n<div class=\"wp-block-uagb-column uagb-column__wrap uagb-column__background-undefined uagb-block-afb6302d\"><div class=\"uagb-column__overlay\"><\/div>\n<h3 class=\"wp-block-heading\" id=\"h-das-konnte-sie-auch-interessieren\">You might also be interested in:<\/h3>\n\n\n\n\t\t\t<div class=\"wp-block-uagb-post-grid uagb-post-grid  uagb-post__image-position-top uagb-post__image-enabled uagb-block-b65cb899     uagb-post__items uagb-post__columns-3 is-grid uagb-post__columns-tablet-2 uagb-post__columns-mobile-1 uagb-post__equal-height\" data-total=\"3\" style=\"\">\n\n\t\t\t\t\t\t\t\t\t\t\t\t<article class=\"uagb-post__inner-wrap\">\t\t\t\t\t\t\t\t<div class='uagb-post__image'>\n\t\t\t\t\t\t\t\t\t<a href=\"https:\/\/ru.law\/en\/kuendigung-eines-logistikvertrages\/\" target=\"_self\" rel=\"bookmark noopener noreferrer\" class='uagb-image-ratio-inherit'><img loading=\"lazy\" decoding=\"async\" width=\"2560\" height=\"1451\" src=\"https:\/\/ru.law\/wp-content\/uploads\/2025\/03\/AdobeStock_1017160952-scaled.jpeg\" class=\"attachment-large size-large\" alt=\"\" srcset=\"https:\/\/ru.law\/wp-content\/uploads\/2025\/03\/AdobeStock_1017160952-scaled.jpeg 2560w, https:\/\/ru.law\/wp-content\/uploads\/2025\/03\/AdobeStock_1017160952-768x435.jpeg 768w, https:\/\/ru.law\/wp-content\/uploads\/2025\/03\/AdobeStock_1017160952-1536x870.jpeg 1536w, https:\/\/ru.law\/wp-content\/uploads\/2025\/03\/AdobeStock_1017160952-2048x1161.jpeg 2048w, https:\/\/ru.law\/wp-content\/uploads\/2025\/03\/AdobeStock_1017160952-18x10.jpeg 18w\" sizes=\"auto, (max-width: 2560px) 100vw, 2560px\" \/>\t\t\t\t\t<\/a>\n\t\t\t\t\t\t\t<\/div>\n\t\t\t\t\t\t<h4 class=\"uagb-post__title uagb-post__text\">\n\t\t\t\t<a href=\"https:\/\/ru.law\/en\/kuendigung-eines-logistikvertrages\/\" target=\"_self\" rel=\"bookmark noopener noreferrer\">On claims for damages after termination of a logistics contract<\/a>\n\t\t\t<\/h4>\n\t\t\t\t\t\t<div class='uagb-post__text uagb-post-grid-byline'>\n\t\t\t\t\t\t\t<\/div>\n\t\t\t\t\t\t\t<div class='uagb-post__text uagb-post__excerpt'>\n\t\t\t\t\tThe D\u00fcsseldorf Regional Court emphasizes that for claims for damages following an ineffective termination, concrete facts regarding the lost income are required.\t\t\t\t<\/div>\n\t\t\t\n\t\t\t\t\t\t\t\t\t<\/article>\n\t\t\t\t\t\t\t\t\t\t\t\t\t\t\t\t<article class=\"uagb-post__inner-wrap\">\t\t\t\t\t\t\t\t<div class='uagb-post__image'>\n\t\t\t\t\t\t\t\t\t<a href=\"https:\/\/ru.law\/en\/schutz-von-arbeitnehmenden-am-arbeitsplatz\/\" target=\"_self\" rel=\"bookmark noopener noreferrer\" class='uagb-image-ratio-inherit'><img loading=\"lazy\" decoding=\"async\" width=\"1024\" height=\"576\" src=\"https:\/\/ru.law\/wp-content\/uploads\/2022\/07\/Rogert-Ulbrich-Rechtsanwaelte-Kanzlei-Arbeitsrecht-Kuendigungsschutz-Schutz-Arbeitnehmende-1024x576.jpg\" class=\"attachment-large size-large\" alt=\"\" srcset=\"https:\/\/ru.law\/wp-content\/uploads\/2022\/07\/Rogert-Ulbrich-Rechtsanwaelte-Kanzlei-Arbeitsrecht-Kuendigungsschutz-Schutz-Arbeitnehmende-1024x576.jpg 1024w, https:\/\/ru.law\/wp-content\/uploads\/2022\/07\/Rogert-Ulbrich-Rechtsanwaelte-Kanzlei-Arbeitsrecht-Kuendigungsschutz-Schutz-Arbeitnehmende-300x169.jpg 300w, https:\/\/ru.law\/wp-content\/uploads\/2022\/07\/Rogert-Ulbrich-Rechtsanwaelte-Kanzlei-Arbeitsrecht-Kuendigungsschutz-Schutz-Arbeitnehmende-768x432.jpg 768w, https:\/\/ru.law\/wp-content\/uploads\/2022\/07\/Rogert-Ulbrich-Rechtsanwaelte-Kanzlei-Arbeitsrecht-Kuendigungsschutz-Schutz-Arbeitnehmende.jpg 1200w\" sizes=\"auto, (max-width: 1024px) 100vw, 1024px\" \/>\t\t\t\t\t<\/a>\n\t\t\t\t\t\t\t<\/div>\n\t\t\t\t\t\t<h4 class=\"uagb-post__title uagb-post__text\">\n\t\t\t\t<a href=\"https:\/\/ru.law\/en\/schutz-von-arbeitnehmenden-am-arbeitsplatz\/\" target=\"_self\" rel=\"bookmark noopener noreferrer\">Protection of Employees at Work<\/a>\n\t\t\t<\/h4>\n\t\t\t\t\t\t<div class='uagb-post__text uagb-post-grid-byline'>\n\t\t\t\t\t\t\t<\/div>\n\t\t\t\t\t\t\t<div class='uagb-post__text uagb-post__excerpt'>\n\t\t\t\t\t<p>In practice, despite many years of service and a high level of commitment on the part of the employee,\u2026\t\t\t\t<\/div>\n\t\t\t\n\t\t\t\t\t\t\t\t\t<\/article>\n\t\t\t\t\t\t\t\t\t\t\t\t\t\t\t\t<article class=\"uagb-post__inner-wrap\">\t\t\t\t\t\t\t\t<div class='uagb-post__image'>\n\t\t\t\t\t\t\t\t\t<a href=\"https:\/\/ru.law\/en\/wann-bekomme-ich-prozesskostenhilfe\/\" target=\"_self\" rel=\"bookmark noopener noreferrer\" class='uagb-image-ratio-inherit'><img loading=\"lazy\" decoding=\"async\" width=\"1024\" height=\"576\" src=\"https:\/\/ru.law\/wp-content\/uploads\/2022\/02\/Rogert-Ulbrich-Rechtsanwaelte-Kanzlei-Kuendigungsschutz-Klage-Prozesskostenhilfe-1024x576.jpg\" class=\"attachment-large size-large\" alt=\"\" srcset=\"https:\/\/ru.law\/wp-content\/uploads\/2022\/02\/Rogert-Ulbrich-Rechtsanwaelte-Kanzlei-Kuendigungsschutz-Klage-Prozesskostenhilfe-1024x576.jpg 1024w, https:\/\/ru.law\/wp-content\/uploads\/2022\/02\/Rogert-Ulbrich-Rechtsanwaelte-Kanzlei-Kuendigungsschutz-Klage-Prozesskostenhilfe-300x169.jpg 300w, https:\/\/ru.law\/wp-content\/uploads\/2022\/02\/Rogert-Ulbrich-Rechtsanwaelte-Kanzlei-Kuendigungsschutz-Klage-Prozesskostenhilfe-768x432.jpg 768w, https:\/\/ru.law\/wp-content\/uploads\/2022\/02\/Rogert-Ulbrich-Rechtsanwaelte-Kanzlei-Kuendigungsschutz-Klage-Prozesskostenhilfe.jpg 1200w\" sizes=\"auto, (max-width: 1024px) 100vw, 1024px\" \/>\t\t\t\t\t<\/a>\n\t\t\t\t\t\t\t<\/div>\n\t\t\t\t\t\t<h4 class=\"uagb-post__title uagb-post__text\">\n\t\t\t\t<a href=\"https:\/\/ru.law\/en\/wann-bekomme-ich-prozesskostenhilfe\/\" target=\"_self\" rel=\"bookmark noopener noreferrer\">Dismissal protection suit: entitlement to legal aid?<\/a>\n\t\t\t<\/h4>\n\t\t\t\t\t\t<div class='uagb-post__text uagb-post-grid-byline'>\n\t\t\t\t\t\t\t<\/div>\n\t\t\t\t\t\t\t<div class='uagb-post__text uagb-post__excerpt'>\n\t\t\t\t\t<p>In a dismissal protection case, costs are incurred by each party in the first instance, because\u2026\t\t\t\t<\/div>\n\t\t\t\n\t\t\t\t\t\t\t\t\t<\/article>\n\t\t\t\t\t\t\t\t\t\t\t<\/div>\n\t\t\t<\/div>\n<\/div><\/section>","protected":false},"excerpt":{"rendered":"<p>Die Beendigung eines Arbeitsverh\u00e4ltnisses ist zun\u00e4chst ein schwerer Schlag. In der Regel verbringen wir mehr Zeit am Arbeitsplatz als zu Hause, sodass eine K\u00fcndigung niemals [&hellip;]<\/p>\n","protected":false},"author":21,"featured_media":30719,"comment_status":"closed","ping_status":"open","sticky":false,"template":"","format":"standard","meta":{"_uag_custom_page_level_css":"","site-sidebar-layout":"default","site-content-layout":"","ast-site-content-layout":"default","site-content-style":"default","site-sidebar-style":"default","ast-global-header-display":"","ast-banner-title-visibility":"","ast-main-header-display":"","ast-hfb-above-header-display":"","ast-hfb-below-header-display":"","ast-hfb-mobile-header-display":"","site-post-title":"","ast-breadcrumbs-content":"","ast-featured-img":"","footer-sml-layout":"","ast-disable-related-posts":"","theme-transparent-header-meta":"","adv-header-id-meta":"","stick-header-meta":"","header-above-stick-meta":"","header-main-stick-meta":"","header-below-stick-meta":"","astra-migrate-meta-layouts":"set","ast-page-background-enabled":"default","ast-page-background-meta":{"desktop":{"background-color":"","background-image":"","background-repeat":"repeat","background-position":"center center","background-size":"auto","background-attachment":"scroll","background-type":"","background-media":"","overlay-type":"","overlay-color":"","overlay-opacity":"","overlay-gradient":""},"tablet":{"background-color":"","background-image":"","background-repeat":"repeat","background-position":"center center","background-size":"auto","background-attachment":"scroll","background-type":"","background-media":"","overlay-type":"","overlay-color":"","overlay-opacity":"","overlay-gradient":""},"mobile":{"background-color":"","background-image":"","background-repeat":"repeat","background-position":"center center","background-size":"auto","background-attachment":"scroll","background-type":"","background-media":"","overlay-type":"","overlay-color":"","overlay-opacity":"","overlay-gradient":""}},"ast-content-background-meta":{"desktop":{"background-color":"var(--ast-global-color-5)","background-image":"","background-repeat":"repeat","background-position":"center center","background-size":"auto","background-attachment":"scroll","background-type":"","background-media":"","overlay-type":"","overlay-color":"","overlay-opacity":"","overlay-gradient":""},"tablet":{"background-color":"var(--ast-global-color-5)","background-image":"","background-repeat":"repeat","background-position":"center center","background-size":"auto","background-attachment":"scroll","background-type":"","background-media":"","overlay-type":"","overlay-color":"","overlay-opacity":"","overlay-gradient":""},"mobile":{"background-color":"var(--ast-global-color-5)","background-image":"","background-repeat":"repeat","background-position":"center center","background-size":"auto","background-attachment":"scroll","background-type":"","background-media":"","overlay-type":"","overlay-color":"","overlay-opacity":"","overlay-gradient":""}},"footnotes":""},"categories":[1139],"tags":[1073,1065,1071,1064,1072,1067],"class_list":["post-30717","post","type-post","status-publish","format-standard","has-post-thumbnail","hentry","category-arbeitsrecht","tag-fristlose-kuendigung","tag-kuendigung","tag-kuendigungsfrist","tag-kuendigungsschutz","tag-ordentliche-kuendigung","tag-weiterbeschaeftigungsanspruch"],"yoast_head":"<!-- This site is optimized with the Yoast SEO Premium plugin v27.4 (Yoast SEO v27.4) - https:\/\/yoast.com\/product\/yoast-seo-premium-wordpress\/ -->\n<title>Checkliste f\u00fcr Arbeitnehmende bei einer K\u00fcndigung - R&amp;U<\/title>\n<meta name=\"description\" content=\"Hier erfahren Sie, was Sie nach Erhalt einer K\u00fcndigung unternehmen sollten. Handeln Sie jetzt und lassen Sie sich von uns beraten!\" \/>\n<meta name=\"robots\" content=\"index, follow, max-snippet:-1, max-image-preview:large, max-video-preview:-1\" \/>\n<link rel=\"canonical\" href=\"https:\/\/ru.law\/en\/checkliste-fuer-arbeitnehmende-bei-einer-kuendigung\/\" \/>\n<meta property=\"og:locale\" content=\"en_GB\" \/>\n<meta property=\"og:type\" content=\"article\" \/>\n<meta property=\"og:title\" content=\"Checkliste f\u00fcr Arbeitnehmende bei einer K\u00fcndigung\" \/>\n<meta property=\"og:description\" content=\"Hier erfahren Sie, was Sie nach Erhalt einer K\u00fcndigung unternehmen sollten. Handeln Sie jetzt und lassen Sie sich von uns beraten!\" \/>\n<meta property=\"og:url\" content=\"https:\/\/ru.law\/en\/checkliste-fuer-arbeitnehmende-bei-einer-kuendigung\/\" \/>\n<meta property=\"og:site_name\" content=\"R&amp;U\" \/>\n<meta property=\"article:publisher\" content=\"https:\/\/www.facebook.com\/RogertUlbrich\/\" \/>\n<meta property=\"article:published_time\" content=\"2022-05-11T09:20:43+00:00\" \/>\n<meta property=\"article:modified_time\" content=\"2024-11-11T07:28:23+00:00\" \/>\n<meta property=\"og:image\" content=\"https:\/\/ru.law\/wp-content\/uploads\/2022\/05\/Rogert-Ulbrich-Rechtsanwaelte-Kanzlei-Arbeitsrecht-Kuendigungsschutzklage-Kuendigung-Checkliste.jpg\" \/>\n\t<meta property=\"og:image:width\" content=\"1200\" \/>\n\t<meta property=\"og:image:height\" content=\"675\" \/>\n\t<meta property=\"og:image:type\" content=\"image\/jpeg\" \/>\n<meta name=\"author\" content=\"Marco Rogert\" \/>\n<meta name=\"twitter:card\" content=\"summary_large_image\" \/>\n<meta name=\"twitter:creator\" content=\"@RogertUlbrich\" \/>\n<meta name=\"twitter:site\" content=\"@RogertUlbrich\" \/>\n<script type=\"application\/ld+json\" class=\"yoast-schema-graph\">{\"@context\":\"https:\\\/\\\/schema.org\",\"@graph\":[{\"@type\":\"Article\",\"@id\":\"https:\\\/\\\/ru.law\\\/checkliste-fuer-arbeitnehmende-bei-einer-kuendigung\\\/#article\",\"isPartOf\":{\"@id\":\"https:\\\/\\\/ru.law\\\/checkliste-fuer-arbeitnehmende-bei-einer-kuendigung\\\/\"},\"author\":{\"name\":\"Marco Rogert\",\"@id\":\"https:\\\/\\\/ru.law\\\/#\\\/schema\\\/person\\\/b020d506e6bbc471b4565d3a98173b87\"},\"headline\":\"Checkliste f\u00fcr Arbeitnehmende bei einer K\u00fcndigung\",\"datePublished\":\"2022-05-11T09:20:43+00:00\",\"dateModified\":\"2024-11-11T07:28:23+00:00\",\"mainEntityOfPage\":{\"@id\":\"https:\\\/\\\/ru.law\\\/checkliste-fuer-arbeitnehmende-bei-einer-kuendigung\\\/\"},\"wordCount\":422,\"publisher\":{\"@id\":\"https:\\\/\\\/ru.law\\\/#organization\"},\"image\":{\"@id\":\"https:\\\/\\\/ru.law\\\/checkliste-fuer-arbeitnehmende-bei-einer-kuendigung\\\/#primaryimage\"},\"thumbnailUrl\":\"https:\\\/\\\/ru.law\\\/wp-content\\\/uploads\\\/2022\\\/05\\\/Rogert-Ulbrich-Rechtsanwaelte-Kanzlei-Arbeitsrecht-Kuendigungsschutzklage-Kuendigung-Checkliste.jpg\",\"keywords\":[\"fristlose K\u00fcndigung\",\"K\u00fcndigung\",\"K\u00fcndigungsfrist\",\"K\u00fcndigungsschutz\",\"ordentliche K\u00fcndigung\",\"Weiterbesch\u00e4ftigungsanspruch\"],\"articleSection\":[\"Arbeitsrecht\"],\"inLanguage\":\"en-GB\"},{\"@type\":\"WebPage\",\"@id\":\"https:\\\/\\\/ru.law\\\/checkliste-fuer-arbeitnehmende-bei-einer-kuendigung\\\/\",\"url\":\"https:\\\/\\\/ru.law\\\/checkliste-fuer-arbeitnehmende-bei-einer-kuendigung\\\/\",\"name\":\"Checkliste f\u00fcr Arbeitnehmende bei einer K\u00fcndigung - R&amp;U\",\"isPartOf\":{\"@id\":\"https:\\\/\\\/ru.law\\\/#website\"},\"primaryImageOfPage\":{\"@id\":\"https:\\\/\\\/ru.law\\\/checkliste-fuer-arbeitnehmende-bei-einer-kuendigung\\\/#primaryimage\"},\"image\":{\"@id\":\"https:\\\/\\\/ru.law\\\/checkliste-fuer-arbeitnehmende-bei-einer-kuendigung\\\/#primaryimage\"},\"thumbnailUrl\":\"https:\\\/\\\/ru.law\\\/wp-content\\\/uploads\\\/2022\\\/05\\\/Rogert-Ulbrich-Rechtsanwaelte-Kanzlei-Arbeitsrecht-Kuendigungsschutzklage-Kuendigung-Checkliste.jpg\",\"datePublished\":\"2022-05-11T09:20:43+00:00\",\"dateModified\":\"2024-11-11T07:28:23+00:00\",\"description\":\"Hier erfahren Sie, was Sie nach Erhalt einer K\u00fcndigung unternehmen sollten. Handeln Sie jetzt und lassen Sie sich von uns beraten!\",\"breadcrumb\":{\"@id\":\"https:\\\/\\\/ru.law\\\/checkliste-fuer-arbeitnehmende-bei-einer-kuendigung\\\/#breadcrumb\"},\"inLanguage\":\"en-GB\",\"potentialAction\":[{\"@type\":\"ReadAction\",\"target\":[\"https:\\\/\\\/ru.law\\\/checkliste-fuer-arbeitnehmende-bei-einer-kuendigung\\\/\"]}]},{\"@type\":\"ImageObject\",\"inLanguage\":\"en-GB\",\"@id\":\"https:\\\/\\\/ru.law\\\/checkliste-fuer-arbeitnehmende-bei-einer-kuendigung\\\/#primaryimage\",\"url\":\"https:\\\/\\\/ru.law\\\/wp-content\\\/uploads\\\/2022\\\/05\\\/Rogert-Ulbrich-Rechtsanwaelte-Kanzlei-Arbeitsrecht-Kuendigungsschutzklage-Kuendigung-Checkliste.jpg\",\"contentUrl\":\"https:\\\/\\\/ru.law\\\/wp-content\\\/uploads\\\/2022\\\/05\\\/Rogert-Ulbrich-Rechtsanwaelte-Kanzlei-Arbeitsrecht-Kuendigungsschutzklage-Kuendigung-Checkliste.jpg\",\"width\":1200,\"height\":675},{\"@type\":\"BreadcrumbList\",\"@id\":\"https:\\\/\\\/ru.law\\\/checkliste-fuer-arbeitnehmende-bei-einer-kuendigung\\\/#breadcrumb\",\"itemListElement\":[{\"@type\":\"ListItem\",\"position\":1,\"name\":\"Startseite\",\"item\":\"https:\\\/\\\/ru.law\\\/\"},{\"@type\":\"ListItem\",\"position\":2,\"name\":\"Checkliste f\u00fcr Arbeitnehmende bei einer K\u00fcndigung\"}]},{\"@type\":\"WebSite\",\"@id\":\"https:\\\/\\\/ru.law\\\/#website\",\"url\":\"https:\\\/\\\/ru.law\\\/\",\"name\":\"R&U\",\"description\":\"Verbraucheranw\u00e4lte\",\"publisher\":{\"@id\":\"https:\\\/\\\/ru.law\\\/#organization\"},\"alternateName\":\"Rogert & Ulbrich\",\"potentialAction\":[{\"@type\":\"SearchAction\",\"target\":{\"@type\":\"EntryPoint\",\"urlTemplate\":\"https:\\\/\\\/ru.law\\\/?s={search_term_string}\"},\"query-input\":{\"@type\":\"PropertyValueSpecification\",\"valueRequired\":true,\"valueName\":\"search_term_string\"}}],\"inLanguage\":\"en-GB\"},{\"@type\":\"Organization\",\"@id\":\"https:\\\/\\\/ru.law\\\/#organization\",\"name\":\"Kanzlei Rogert & Ulbrich\",\"url\":\"https:\\\/\\\/ru.law\\\/\",\"logo\":{\"@type\":\"ImageObject\",\"inLanguage\":\"en-GB\",\"@id\":\"https:\\\/\\\/ru.law\\\/#\\\/schema\\\/logo\\\/image\\\/\",\"url\":\"https:\\\/\\\/ru.law\\\/wp-content\\\/uploads\\\/2020\\\/12\\\/logo-ru-law.svg\",\"contentUrl\":\"https:\\\/\\\/ru.law\\\/wp-content\\\/uploads\\\/2020\\\/12\\\/logo-ru-law.svg\",\"width\":992,\"height\":259,\"caption\":\"Kanzlei Rogert & Ulbrich\"},\"image\":{\"@id\":\"https:\\\/\\\/ru.law\\\/#\\\/schema\\\/logo\\\/image\\\/\"},\"sameAs\":[\"https:\\\/\\\/www.facebook.com\\\/RogertUlbrich\\\/\",\"https:\\\/\\\/x.com\\\/RogertUlbrich\",\"https:\\\/\\\/www.instagram.com\\\/rogertulbrich\\\/\",\"https:\\\/\\\/www.linkedin.com\\\/company\\\/rogert-ulbrich\\\/\",\"https:\\\/\\\/www.youtube.com\\\/channel\\\/UCganCgpvwpPFqMFf1vVmG2A\"]},{\"@type\":\"Person\",\"@id\":\"https:\\\/\\\/ru.law\\\/#\\\/schema\\\/person\\\/b020d506e6bbc471b4565d3a98173b87\",\"name\":\"Marco Rogert\",\"url\":\"https:\\\/\\\/ru.law\\\/en\\\/author\\\/rogertru-law\\\/\"}]}<\/script>\n<!-- \/ Yoast SEO Premium plugin. -->","yoast_head_json":{"title":"Checkliste f\u00fcr Arbeitnehmende bei einer K\u00fcndigung - R&amp;U","description":"Hier erfahren Sie, was Sie nach Erhalt einer K\u00fcndigung unternehmen sollten. Handeln Sie jetzt und lassen Sie sich von uns beraten!","robots":{"index":"index","follow":"follow","max-snippet":"max-snippet:-1","max-image-preview":"max-image-preview:large","max-video-preview":"max-video-preview:-1"},"canonical":"https:\/\/ru.law\/en\/checkliste-fuer-arbeitnehmende-bei-einer-kuendigung\/","og_locale":"en_GB","og_type":"article","og_title":"Checkliste f\u00fcr Arbeitnehmende bei einer K\u00fcndigung","og_description":"Hier erfahren Sie, was Sie nach Erhalt einer K\u00fcndigung unternehmen sollten. Handeln Sie jetzt und lassen Sie sich von uns beraten!","og_url":"https:\/\/ru.law\/en\/checkliste-fuer-arbeitnehmende-bei-einer-kuendigung\/","og_site_name":"R&amp;U","article_publisher":"https:\/\/www.facebook.com\/RogertUlbrich\/","article_published_time":"2022-05-11T09:20:43+00:00","article_modified_time":"2024-11-11T07:28:23+00:00","og_image":[{"width":1200,"height":675,"url":"https:\/\/ru.law\/wp-content\/uploads\/2022\/05\/Rogert-Ulbrich-Rechtsanwaelte-Kanzlei-Arbeitsrecht-Kuendigungsschutzklage-Kuendigung-Checkliste.jpg","type":"image\/jpeg"}],"author":"Marco Rogert","twitter_card":"summary_large_image","twitter_creator":"@RogertUlbrich","twitter_site":"@RogertUlbrich","schema":{"@context":"https:\/\/schema.org","@graph":[{"@type":"Article","@id":"https:\/\/ru.law\/checkliste-fuer-arbeitnehmende-bei-einer-kuendigung\/#article","isPartOf":{"@id":"https:\/\/ru.law\/checkliste-fuer-arbeitnehmende-bei-einer-kuendigung\/"},"author":{"name":"Marco Rogert","@id":"https:\/\/ru.law\/#\/schema\/person\/b020d506e6bbc471b4565d3a98173b87"},"headline":"Checkliste f\u00fcr Arbeitnehmende bei einer K\u00fcndigung","datePublished":"2022-05-11T09:20:43+00:00","dateModified":"2024-11-11T07:28:23+00:00","mainEntityOfPage":{"@id":"https:\/\/ru.law\/checkliste-fuer-arbeitnehmende-bei-einer-kuendigung\/"},"wordCount":422,"publisher":{"@id":"https:\/\/ru.law\/#organization"},"image":{"@id":"https:\/\/ru.law\/checkliste-fuer-arbeitnehmende-bei-einer-kuendigung\/#primaryimage"},"thumbnailUrl":"https:\/\/ru.law\/wp-content\/uploads\/2022\/05\/Rogert-Ulbrich-Rechtsanwaelte-Kanzlei-Arbeitsrecht-Kuendigungsschutzklage-Kuendigung-Checkliste.jpg","keywords":["fristlose K\u00fcndigung","K\u00fcndigung","K\u00fcndigungsfrist","K\u00fcndigungsschutz","ordentliche K\u00fcndigung","Weiterbesch\u00e4ftigungsanspruch"],"articleSection":["Arbeitsrecht"],"inLanguage":"en-GB"},{"@type":"WebPage","@id":"https:\/\/ru.law\/checkliste-fuer-arbeitnehmende-bei-einer-kuendigung\/","url":"https:\/\/ru.law\/checkliste-fuer-arbeitnehmende-bei-einer-kuendigung\/","name":"Checkliste f\u00fcr Arbeitnehmende bei einer K\u00fcndigung - R&amp;U","isPartOf":{"@id":"https:\/\/ru.law\/#website"},"primaryImageOfPage":{"@id":"https:\/\/ru.law\/checkliste-fuer-arbeitnehmende-bei-einer-kuendigung\/#primaryimage"},"image":{"@id":"https:\/\/ru.law\/checkliste-fuer-arbeitnehmende-bei-einer-kuendigung\/#primaryimage"},"thumbnailUrl":"https:\/\/ru.law\/wp-content\/uploads\/2022\/05\/Rogert-Ulbrich-Rechtsanwaelte-Kanzlei-Arbeitsrecht-Kuendigungsschutzklage-Kuendigung-Checkliste.jpg","datePublished":"2022-05-11T09:20:43+00:00","dateModified":"2024-11-11T07:28:23+00:00","description":"Hier erfahren Sie, was Sie nach Erhalt einer K\u00fcndigung unternehmen sollten. Handeln Sie jetzt und lassen Sie sich von uns beraten!","breadcrumb":{"@id":"https:\/\/ru.law\/checkliste-fuer-arbeitnehmende-bei-einer-kuendigung\/#breadcrumb"},"inLanguage":"en-GB","potentialAction":[{"@type":"ReadAction","target":["https:\/\/ru.law\/checkliste-fuer-arbeitnehmende-bei-einer-kuendigung\/"]}]},{"@type":"ImageObject","inLanguage":"en-GB","@id":"https:\/\/ru.law\/checkliste-fuer-arbeitnehmende-bei-einer-kuendigung\/#primaryimage","url":"https:\/\/ru.law\/wp-content\/uploads\/2022\/05\/Rogert-Ulbrich-Rechtsanwaelte-Kanzlei-Arbeitsrecht-Kuendigungsschutzklage-Kuendigung-Checkliste.jpg","contentUrl":"https:\/\/ru.law\/wp-content\/uploads\/2022\/05\/Rogert-Ulbrich-Rechtsanwaelte-Kanzlei-Arbeitsrecht-Kuendigungsschutzklage-Kuendigung-Checkliste.jpg","width":1200,"height":675},{"@type":"BreadcrumbList","@id":"https:\/\/ru.law\/checkliste-fuer-arbeitnehmende-bei-einer-kuendigung\/#breadcrumb","itemListElement":[{"@type":"ListItem","position":1,"name":"Startseite","item":"https:\/\/ru.law\/"},{"@type":"ListItem","position":2,"name":"Checkliste f\u00fcr Arbeitnehmende bei einer K\u00fcndigung"}]},{"@type":"WebSite","@id":"https:\/\/ru.law\/#website","url":"https:\/\/ru.law\/","name":"R&amp;U","description":"Consumer lawyers","publisher":{"@id":"https:\/\/ru.law\/#organization"},"alternateName":"Rogert & Ulbrich","potentialAction":[{"@type":"SearchAction","target":{"@type":"EntryPoint","urlTemplate":"https:\/\/ru.law\/?s={search_term_string}"},"query-input":{"@type":"PropertyValueSpecification","valueRequired":true,"valueName":"search_term_string"}}],"inLanguage":"en-GB"},{"@type":"Organization","@id":"https:\/\/ru.law\/#organization","name":"Rogert &amp; Ulbrich Law Firm","url":"https:\/\/ru.law\/","logo":{"@type":"ImageObject","inLanguage":"en-GB","@id":"https:\/\/ru.law\/#\/schema\/logo\/image\/","url":"https:\/\/ru.law\/wp-content\/uploads\/2020\/12\/logo-ru-law.svg","contentUrl":"https:\/\/ru.law\/wp-content\/uploads\/2020\/12\/logo-ru-law.svg","width":992,"height":259,"caption":"Kanzlei Rogert & Ulbrich"},"image":{"@id":"https:\/\/ru.law\/#\/schema\/logo\/image\/"},"sameAs":["https:\/\/www.facebook.com\/RogertUlbrich\/","https:\/\/x.com\/RogertUlbrich","https:\/\/www.instagram.com\/rogertulbrich\/","https:\/\/www.linkedin.com\/company\/rogert-ulbrich\/","https:\/\/www.youtube.com\/channel\/UCganCgpvwpPFqMFf1vVmG2A"]},{"@type":"Person","@id":"https:\/\/ru.law\/#\/schema\/person\/b020d506e6bbc471b4565d3a98173b87","name":"Marco Rogert","url":"https:\/\/ru.law\/en\/author\/rogertru-law\/"}]}},"uagb_featured_image_src":{"full":["https:\/\/ru.law\/wp-content\/uploads\/2022\/05\/Rogert-Ulbrich-Rechtsanwaelte-Kanzlei-Arbeitsrecht-Kuendigungsschutzklage-Kuendigung-Checkliste.jpg",1200,675,false],"thumbnail":["https:\/\/ru.law\/wp-content\/uploads\/2022\/05\/Rogert-Ulbrich-Rechtsanwaelte-Kanzlei-Arbeitsrecht-Kuendigungsschutzklage-Kuendigung-Checkliste-150x150.jpg",96,96,true],"medium":["https:\/\/ru.law\/wp-content\/uploads\/2022\/05\/Rogert-Ulbrich-Rechtsanwaelte-Kanzlei-Arbeitsrecht-Kuendigungsschutzklage-Kuendigung-Checkliste-300x169.jpg",300,169,true],"medium_large":["https:\/\/ru.law\/wp-content\/uploads\/2022\/05\/Rogert-Ulbrich-Rechtsanwaelte-Kanzlei-Arbeitsrecht-Kuendigungsschutzklage-Kuendigung-Checkliste-768x432.jpg",768,432,true],"large":["https:\/\/ru.law\/wp-content\/uploads\/2022\/05\/Rogert-Ulbrich-Rechtsanwaelte-Kanzlei-Arbeitsrecht-Kuendigungsschutzklage-Kuendigung-Checkliste-1024x576.jpg",1024,576,true],"1536x1536":["https:\/\/ru.law\/wp-content\/uploads\/2022\/05\/Rogert-Ulbrich-Rechtsanwaelte-Kanzlei-Arbeitsrecht-Kuendigungsschutzklage-Kuendigung-Checkliste.jpg",1200,675,false],"2048x2048":["https:\/\/ru.law\/wp-content\/uploads\/2022\/05\/Rogert-Ulbrich-Rechtsanwaelte-Kanzlei-Arbeitsrecht-Kuendigungsschutzklage-Kuendigung-Checkliste.jpg",1200,675,false],"trp-custom-language-flag":["https:\/\/ru.law\/wp-content\/uploads\/2022\/05\/Rogert-Ulbrich-Rechtsanwaelte-Kanzlei-Arbeitsrecht-Kuendigungsschutzklage-Kuendigung-Checkliste.jpg",18,10,false]},"uagb_author_info":{"display_name":"Marco Rogert","author_link":"https:\/\/ru.law\/en\/author\/rogertru-law\/"},"uagb_comment_info":0,"uagb_excerpt":"Die Beendigung eines Arbeitsverh\u00e4ltnisses ist zun\u00e4chst ein schwerer Schlag. In der Regel verbringen wir mehr Zeit am Arbeitsplatz als zu Hause, sodass eine K\u00fcndigung niemals [&hellip;]","_links":{"self":[{"href":"https:\/\/ru.law\/en\/wp-json\/wp\/v2\/posts\/30717","targetHints":{"allow":["GET"]}}],"collection":[{"href":"https:\/\/ru.law\/en\/wp-json\/wp\/v2\/posts"}],"about":[{"href":"https:\/\/ru.law\/en\/wp-json\/wp\/v2\/types\/post"}],"author":[{"embeddable":true,"href":"https:\/\/ru.law\/en\/wp-json\/wp\/v2\/users\/21"}],"replies":[{"embeddable":true,"href":"https:\/\/ru.law\/en\/wp-json\/wp\/v2\/comments?post=30717"}],"version-history":[{"count":0,"href":"https:\/\/ru.law\/en\/wp-json\/wp\/v2\/posts\/30717\/revisions"}],"wp:featuredmedia":[{"embeddable":true,"href":"https:\/\/ru.law\/en\/wp-json\/wp\/v2\/media\/30719"}],"wp:attachment":[{"href":"https:\/\/ru.law\/en\/wp-json\/wp\/v2\/media?parent=30717"}],"wp:term":[{"taxonomy":"category","embeddable":true,"href":"https:\/\/ru.law\/en\/wp-json\/wp\/v2\/categories?post=30717"},{"taxonomy":"post_tag","embeddable":true,"href":"https:\/\/ru.law\/en\/wp-json\/wp\/v2\/tags?post=30717"}],"curies":[{"name":"wp","href":"https:\/\/api.w.org\/{rel}","templated":true}]}}