{"id":29175,"date":"2022-04-11T09:00:00","date_gmt":"2022-04-11T07:00:00","guid":{"rendered":"https:\/\/ru.law\/?p=29175"},"modified":"2024-07-08T13:11:50","modified_gmt":"2024-07-08T11:11:50","slug":"opel-abgasskandal-erst-freiwillige-servicemassnahme-dann-doch-verpflichtender-rueckruf","status":"publish","type":"post","link":"https:\/\/ru.law\/en\/opel-abgasskandal-erst-freiwillige-servicemassnahme-dann-doch-verpflichtender-rueckruf\/","title":{"rendered":"Opel emissions scandal: First voluntary service measure, then mandatory recall"},"content":{"rendered":"<p>The popular German car manufacturer under the umbrella of the multinational automotive group Stellantis is even more deeply involved in the emissions scandal than was initially assumed. As the recently <a href=\"https:\/\/ru.law\/en\/expertise\/abgasskandal\/opel-diesel\/#rueckruf\">published recall<\/a> As the German Federal Motor Transport Authority (KBA) has shown in its investigation into Opel, the manufacturer not only intervened in the <a href=\"https:\/\/ru.law\/en\/expertise\/abgasskandal\/opel-diesel\/#modelle\">Cascada, Insignia and Zafira models<\/a> with AdBlue injection to illegal switch-off devices, but also in other vehicles that are supposed to meet the Euro 6 emissions standard. According to the KBA, in Germany alone, almost 75,000 Astra, Corsa and Insignia models from the years 2013 to 2018 are affected.<\/p>\n\n\n\n<p>What is special about it: At the beginning of 2021, the KBA initially granted Opel the opportunity to eliminate the inadmissible defeat device(s) with the help of a so-called \u201cvoluntary\u201d software update, before the measure was converted into a mandatory recall in December 2021. &nbsp;<\/p>\n\n\n\n<h2 class=\"wp-block-heading\" id=\"h-opel-aufforderung-zum-softwareupdate-erreicht-die-ersten-fahrzeughalter\">Opel: <strong>Request for software update reaches the first vehicle owners&nbsp;<\/strong><\/h2>\n\n\n\n<p>For about two weeks now, affected vehicle owners have been receiving a request to contact their Opel service partner &quot;immediately&quot; and have the software &quot;conversion&quot; carried out. Despite the KBA&#039;s order to Opel that must be implemented immediately, the manufacturer still maintains that the vehicles do not contain any prohibited functions (defeat devices).<\/p>\n\n\n\n<p>This makes the fact that the campaign number of the voluntary software &quot;upgrade&quot; at the beginning of 2021 (E172109770 (21-R-054) 084) and that of the now mandatory software update (E172109770 (21-R-054)) do not differ seem all the more questionable. On the contrary: Opel even explicitly points out that it is the same software update.<\/p>\n\n\n\n<h3 class=\"wp-block-heading\" id=\"h-freiwillige-servicemassnahmen-bei-opel-gar-nicht-so-freiwillig-wie-man-zunachst-vermuten-konnte\"><strong>\u201cVoluntary\u201d service measures at Opel are not as \u201cvoluntary\u201d as one might initially assume<\/strong><\/h3>\n\n\n\n<p>The case described makes it clear that so-called &quot;voluntary&quot; service measures (often) only serve to unconsciously remove (&quot;conceal&quot;) defeat devices installed in the vehicle. If a certain number of affected vehicle owners take part in a voluntary recall campaign, the manufacturer can avoid a mandatory recall measure. A public admission that the KBA&#039;s order was issued due to the use of legally inadmissible defeat devices can thus be avoided.<\/p>\n\n\n\n<p>Opel seems to have failed to do this and is now likely to face a <a href=\"https:\/\/ru.law\/en\/expertise\/abgasskandal\/opel-diesel\/#schritte\">veritable wave of lawsuits<\/a> Our law firm received numerous inquiries within a very short period of time.<\/p>\n\n\n\n<p>Do you also drive an affected vehicle and have you already been asked by Opel to carry out the software \u201cconversion\u201d? <a href=\"https:\/\/ru.law\/en\/expertise\/abgasskandal\/opel-diesel\/#rechner\">Let&#039;s talk!<\/a> <a href=\"https:\/\/ru.law\/en\/expertise\/abgasskandal\/opel-diesel\/#erstberatung\">We will examine your claim for compensation free of charge and initiate all further necessary steps for you<\/a>.&nbsp; &nbsp;&nbsp;<\/p>\n\n\n\n<section class=\"wp-block-uagb-columns uagb-columns__wrap uagb-columns__background-undefined uagb-columns__stack-mobile uagb-columns__valign-undefined uagb-columns__gap-10 alignundefined uagb-block-6eca782f contrast blog_beitraege\"><div class=\"uagb-columns__overlay\"><\/div><div class=\"uagb-columns__inner-wrap uagb-columns__columns-1\">\n<div class=\"wp-block-uagb-column uagb-column__wrap uagb-column__background-undefined uagb-block-6dec6895\"><div class=\"uagb-column__overlay\"><\/div><div class=\"uagb-column__inner-wrap\">\n<h3 class=\"wp-block-heading\" id=\"h-das-konnte-sie-auch-interessieren\">You might also be interested in:<\/h3>\n\n\n\n\t\t\t<div class=\"wp-block-uagb-post-grid uagb-post-grid  uagb-post__image-position-top uagb-post__image-enabled uagb-block-d2985020     uagb-post__items uagb-post__columns-3 is-grid uagb-post__columns-tablet-2 uagb-post__columns-mobile-1 uagb-post__equal-height\" data-total=\"1\" style=\"\">\n\n\t\t\t\t\t\t\t\t\t\t\t\t<article class=\"uagb-post__inner-wrap\">\t\t\t\t\t\t\t\t<div class='uagb-post__image'>\n\t\t\t\t\t\t\t\t\t<a href=\"https:\/\/ru.law\/en\/opel-abgasskandal-neue-amtliche-rueckrufe\/\" target=\"_self\" rel=\"bookmark noopener noreferrer\" class='uagb-image-ratio-inherit'><img loading=\"lazy\" decoding=\"async\" width=\"1024\" height=\"576\" src=\"https:\/\/ru.law\/wp-content\/uploads\/2022\/03\/Rogert-Ulbrich-Rechtsanwaelte-Kanzlei-Abgasskandal-Opel-Rueckruf-KBA-1024x576.jpg\" class=\"attachment-large size-large\" alt=\"\" srcset=\"https:\/\/ru.law\/wp-content\/uploads\/2022\/03\/Rogert-Ulbrich-Rechtsanwaelte-Kanzlei-Abgasskandal-Opel-Rueckruf-KBA-1024x576.jpg 1024w, https:\/\/ru.law\/wp-content\/uploads\/2022\/03\/Rogert-Ulbrich-Rechtsanwaelte-Kanzlei-Abgasskandal-Opel-Rueckruf-KBA-300x169.jpg 300w, https:\/\/ru.law\/wp-content\/uploads\/2022\/03\/Rogert-Ulbrich-Rechtsanwaelte-Kanzlei-Abgasskandal-Opel-Rueckruf-KBA-768x432.jpg 768w, https:\/\/ru.law\/wp-content\/uploads\/2022\/03\/Rogert-Ulbrich-Rechtsanwaelte-Kanzlei-Abgasskandal-Opel-Rueckruf-KBA.jpg 1200w\" sizes=\"auto, (max-width: 1024px) 100vw, 1024px\" \/>\t\t\t\t\t<\/a>\n\t\t\t\t\t\t\t<\/div>\n\t\t\t\t\t\t<h4 class=\"uagb-post__title uagb-post__text\">\n\t\t\t\t<a href=\"https:\/\/ru.law\/en\/opel-abgasskandal-neue-amtliche-rueckrufe\/\" target=\"_self\" rel=\"bookmark noopener noreferrer\">Opel emissions scandal: New official recalls<\/a>\n\t\t\t<\/h4>\n\t\t\t\t\t\t<div class='uagb-post__text uagb-post-grid-byline'>\n\t\t\t\t\t\t\t<\/div>\n\t\t\t\t\t\t\t<div class='uagb-post__text uagb-post__excerpt'>\n\t\t\t\t\t<p>The recall database of the Federal Motor Transport Authority (KBA) has once again been enriched with new recall measures from the vehicle manufacturer Opel....\t\t\t\t<\/div>\n\t\t\t\n\t\t\t\t\t\t\t\t\t<\/article>\n\t\t\t\t\t\t\t\t\t\t\t\t\t\t\t\t<article class=\"uagb-post__inner-wrap\">\t\t\t\t\t\t\t\t<div class='uagb-post__image'>\n\t\t\t\t\t\t\t\t\t<a href=\"https:\/\/ru.law\/en\/erste-erfolge-im-opel-abgasskandal\/\" target=\"_self\" rel=\"bookmark noopener noreferrer\" class='uagb-image-ratio-inherit'><img loading=\"lazy\" decoding=\"async\" width=\"1024\" height=\"576\" src=\"https:\/\/ru.law\/wp-content\/uploads\/2021\/11\/Rogert-Ulbrich-Rechtsanwaelte-Kanzlei-Abgasskandal-Opel-1-1024x576.jpg\" class=\"attachment-large size-large\" alt=\"\" srcset=\"https:\/\/ru.law\/wp-content\/uploads\/2021\/11\/Rogert-Ulbrich-Rechtsanwaelte-Kanzlei-Abgasskandal-Opel-1-1024x576.jpg 1024w, https:\/\/ru.law\/wp-content\/uploads\/2021\/11\/Rogert-Ulbrich-Rechtsanwaelte-Kanzlei-Abgasskandal-Opel-1-300x169.jpg 300w, https:\/\/ru.law\/wp-content\/uploads\/2021\/11\/Rogert-Ulbrich-Rechtsanwaelte-Kanzlei-Abgasskandal-Opel-1-768x432.jpg 768w, https:\/\/ru.law\/wp-content\/uploads\/2021\/11\/Rogert-Ulbrich-Rechtsanwaelte-Kanzlei-Abgasskandal-Opel-1.jpg 1200w\" sizes=\"auto, (max-width: 1024px) 100vw, 1024px\" \/>\t\t\t\t\t<\/a>\n\t\t\t\t\t\t\t<\/div>\n\t\t\t\t\t\t<h4 class=\"uagb-post__title uagb-post__text\">\n\t\t\t\t<a href=\"https:\/\/ru.law\/en\/erste-erfolge-im-opel-abgasskandal\/\" target=\"_self\" rel=\"bookmark noopener noreferrer\">First successes in the Opel emissions scandal<\/a>\n\t\t\t<\/h4>\n\t\t\t\t\t\t<div class='uagb-post__text uagb-post-grid-byline'>\n\t\t\t\t\t\t\t<\/div>\n\t\t\t\t\t\t\t<div class='uagb-post__text uagb-post__excerpt'>\n\t\t\t\t\t<p>The Cologne Regional Court has now ruled in a case we conducted against Adam Opel\u2026\t\t\t\t<\/div>\n\t\t\t\n\t\t\t\t\t\t\t\t\t<\/article>\n\t\t\t\t\t\t\t\t\t\t\t<\/div>\n\t\t\t<\/div><\/div>\n<\/div><\/section>","protected":false},"excerpt":{"rendered":"<p>Der so beliebte deutsche Automobilhersteller unter dem Dach des multinationalen Automobilkonzerns Stellantis steckt noch tiefer im Abgasskandal, als man dies zun\u00e4chst annehmen durfte. Wie der [&hellip;]<\/p>\n","protected":false},"author":21,"featured_media":29177,"comment_status":"closed","ping_status":"open","sticky":false,"template":"","format":"standard","meta":{"_uag_custom_page_level_css":"","site-sidebar-layout":"default","site-content-layout":"","ast-site-content-layout":"default","site-content-style":"default","site-sidebar-style":"default","ast-global-header-display":"","ast-banner-title-visibility":"","ast-main-header-display":"","ast-hfb-above-header-display":"","ast-hfb-below-header-display":"","ast-hfb-mobile-header-display":"","site-post-title":"","ast-breadcrumbs-content":"","ast-featured-img":"","footer-sml-layout":"","ast-disable-related-posts":"","theme-transparent-header-meta":"","adv-header-id-meta":"","stick-header-meta":"","header-above-stick-meta":"","header-main-stick-meta":"","header-below-stick-meta":"","astra-migrate-meta-layouts":"default","ast-page-background-enabled":"default","ast-page-background-meta":{"desktop":{"background-color":"","background-image":"","background-repeat":"repeat","background-position":"center center","background-size":"auto","background-attachment":"scroll","background-type":"","background-media":"","overlay-type":"","overlay-color":"","overlay-opacity":"","overlay-gradient":""},"tablet":{"background-color":"","background-image":"","background-repeat":"repeat","background-position":"center center","background-size":"auto","background-attachment":"scroll","background-type":"","background-media":"","overlay-type":"","overlay-color":"","overlay-opacity":"","overlay-gradient":""},"mobile":{"background-color":"","background-image":"","background-repeat":"repeat","background-position":"center center","background-size":"auto","background-attachment":"scroll","background-type":"","background-media":"","overlay-type":"","overlay-color":"","overlay-opacity":"","overlay-gradient":""}},"ast-content-background-meta":{"desktop":{"background-color":"var(--ast-global-color-5)","background-image":"","background-repeat":"repeat","background-position":"center center","background-size":"auto","background-attachment":"scroll","background-type":"","background-media":"","overlay-type":"","overlay-color":"","overlay-opacity":"","overlay-gradient":""},"tablet":{"background-color":"var(--ast-global-color-5)","background-image":"","background-repeat":"repeat","background-position":"center center","background-size":"auto","background-attachment":"scroll","background-type":"","background-media":"","overlay-type":"","overlay-color":"","overlay-opacity":"","overlay-gradient":""},"mobile":{"background-color":"var(--ast-global-color-5)","background-image":"","background-repeat":"repeat","background-position":"center center","background-size":"auto","background-attachment":"scroll","background-type":"","background-media":"","overlay-type":"","overlay-color":"","overlay-opacity":"","overlay-gradient":""}},"footnotes":""},"categories":[2],"tags":[697,1004,35,37,40],"class_list":["post-29175","post","type-post","status-publish","format-standard","has-post-thumbnail","hentry","category-abgasskandal","tag-kba","tag-opel","tag-rueckruf","tag-schadensersatz","tag-software-update"],"yoast_head":"<!-- This site is optimized with the Yoast SEO Premium plugin v27.4 (Yoast SEO v27.4) - https:\/\/yoast.com\/product\/yoast-seo-premium-wordpress\/ -->\n<title>Opel-Abgasskandal: Erst freiwillige Servicema\u00dfnahme, dann doch verpflichtender R\u00fcckruf - R&amp;U<\/title>\n<meta name=\"description\" content=\"Fahren Sie einen betroffenen Opel und wurden bereits von Opel zur Durchf\u00fchrung der Software-\u201eUmr\u00fcstung\u201c aufgefordert? Lassen Sie uns sprechen!\" \/>\n<meta name=\"robots\" content=\"index, follow, max-snippet:-1, max-image-preview:large, max-video-preview:-1\" \/>\n<link rel=\"canonical\" href=\"https:\/\/ru.law\/en\/opel-abgasskandal-erst-freiwillige-servicemassnahme-dann-doch-verpflichtender-rueckruf\/\" \/>\n<meta property=\"og:locale\" content=\"en_GB\" \/>\n<meta property=\"og:type\" content=\"article\" \/>\n<meta property=\"og:title\" content=\"Opel-Abgasskandal: Erst freiwillige Servicema\u00dfnahme, dann doch verpflichtender R\u00fcckruf\" \/>\n<meta property=\"og:description\" content=\"Fahren Sie einen betroffenen Opel und wurden bereits von Opel zur Durchf\u00fchrung der Software-\u201eUmr\u00fcstung\u201c aufgefordert? Lassen Sie uns sprechen!\" \/>\n<meta property=\"og:url\" content=\"https:\/\/ru.law\/en\/opel-abgasskandal-erst-freiwillige-servicemassnahme-dann-doch-verpflichtender-rueckruf\/\" \/>\n<meta property=\"og:site_name\" content=\"R&amp;U\" \/>\n<meta property=\"article:publisher\" content=\"https:\/\/www.facebook.com\/RogertUlbrich\/\" \/>\n<meta property=\"article:published_time\" content=\"2022-04-11T07:00:00+00:00\" \/>\n<meta property=\"article:modified_time\" content=\"2024-07-08T11:11:50+00:00\" \/>\n<meta property=\"og:image\" content=\"https:\/\/ru.law\/wp-content\/uploads\/2022\/04\/Rogert-Ulbrich-Rechtsanwaelte-Kanzlei-Abgasskandal-Opel-Rueckruf-KBA-Software-Update.jpg\" \/>\n\t<meta property=\"og:image:width\" content=\"1200\" \/>\n\t<meta property=\"og:image:height\" content=\"675\" \/>\n\t<meta property=\"og:image:type\" content=\"image\/jpeg\" \/>\n<meta name=\"author\" content=\"Marco Rogert\" \/>\n<meta name=\"twitter:card\" content=\"summary_large_image\" \/>\n<meta name=\"twitter:creator\" content=\"@RogertUlbrich\" \/>\n<meta name=\"twitter:site\" content=\"@RogertUlbrich\" \/>\n<script type=\"application\/ld+json\" class=\"yoast-schema-graph\">{\"@context\":\"https:\\\/\\\/schema.org\",\"@graph\":[{\"@type\":\"Article\",\"@id\":\"https:\\\/\\\/ru.law\\\/opel-abgasskandal-erst-freiwillige-servicemassnahme-dann-doch-verpflichtender-rueckruf\\\/#article\",\"isPartOf\":{\"@id\":\"https:\\\/\\\/ru.law\\\/opel-abgasskandal-erst-freiwillige-servicemassnahme-dann-doch-verpflichtender-rueckruf\\\/\"},\"author\":{\"name\":\"Marco Rogert\",\"@id\":\"https:\\\/\\\/ru.law\\\/#\\\/schema\\\/person\\\/b020d506e6bbc471b4565d3a98173b87\"},\"headline\":\"Opel-Abgasskandal: Erst freiwillige Servicema\u00dfnahme, dann doch verpflichtender R\u00fcckruf\",\"datePublished\":\"2022-04-11T07:00:00+00:00\",\"dateModified\":\"2024-07-08T11:11:50+00:00\",\"mainEntityOfPage\":{\"@id\":\"https:\\\/\\\/ru.law\\\/opel-abgasskandal-erst-freiwillige-servicemassnahme-dann-doch-verpflichtender-rueckruf\\\/\"},\"wordCount\":426,\"publisher\":{\"@id\":\"https:\\\/\\\/ru.law\\\/#organization\"},\"image\":{\"@id\":\"https:\\\/\\\/ru.law\\\/opel-abgasskandal-erst-freiwillige-servicemassnahme-dann-doch-verpflichtender-rueckruf\\\/#primaryimage\"},\"thumbnailUrl\":\"https:\\\/\\\/ru.law\\\/wp-content\\\/uploads\\\/2022\\\/04\\\/Rogert-Ulbrich-Rechtsanwaelte-Kanzlei-Abgasskandal-Opel-Rueckruf-KBA-Software-Update.jpg\",\"keywords\":[\"KBA\",\"Opel\",\"R\u00fcckruf\",\"Schadensersatz\",\"Software-Update\"],\"articleSection\":[\"Abgasskandal\"],\"inLanguage\":\"en-GB\"},{\"@type\":\"WebPage\",\"@id\":\"https:\\\/\\\/ru.law\\\/opel-abgasskandal-erst-freiwillige-servicemassnahme-dann-doch-verpflichtender-rueckruf\\\/\",\"url\":\"https:\\\/\\\/ru.law\\\/opel-abgasskandal-erst-freiwillige-servicemassnahme-dann-doch-verpflichtender-rueckruf\\\/\",\"name\":\"Opel-Abgasskandal: Erst freiwillige Servicema\u00dfnahme, dann doch verpflichtender R\u00fcckruf - R&amp;U\",\"isPartOf\":{\"@id\":\"https:\\\/\\\/ru.law\\\/#website\"},\"primaryImageOfPage\":{\"@id\":\"https:\\\/\\\/ru.law\\\/opel-abgasskandal-erst-freiwillige-servicemassnahme-dann-doch-verpflichtender-rueckruf\\\/#primaryimage\"},\"image\":{\"@id\":\"https:\\\/\\\/ru.law\\\/opel-abgasskandal-erst-freiwillige-servicemassnahme-dann-doch-verpflichtender-rueckruf\\\/#primaryimage\"},\"thumbnailUrl\":\"https:\\\/\\\/ru.law\\\/wp-content\\\/uploads\\\/2022\\\/04\\\/Rogert-Ulbrich-Rechtsanwaelte-Kanzlei-Abgasskandal-Opel-Rueckruf-KBA-Software-Update.jpg\",\"datePublished\":\"2022-04-11T07:00:00+00:00\",\"dateModified\":\"2024-07-08T11:11:50+00:00\",\"description\":\"Fahren Sie einen betroffenen Opel und wurden bereits von Opel zur Durchf\u00fchrung der Software-\u201eUmr\u00fcstung\u201c aufgefordert? Lassen Sie uns sprechen!\",\"breadcrumb\":{\"@id\":\"https:\\\/\\\/ru.law\\\/opel-abgasskandal-erst-freiwillige-servicemassnahme-dann-doch-verpflichtender-rueckruf\\\/#breadcrumb\"},\"inLanguage\":\"en-GB\",\"potentialAction\":[{\"@type\":\"ReadAction\",\"target\":[\"https:\\\/\\\/ru.law\\\/opel-abgasskandal-erst-freiwillige-servicemassnahme-dann-doch-verpflichtender-rueckruf\\\/\"]}]},{\"@type\":\"ImageObject\",\"inLanguage\":\"en-GB\",\"@id\":\"https:\\\/\\\/ru.law\\\/opel-abgasskandal-erst-freiwillige-servicemassnahme-dann-doch-verpflichtender-rueckruf\\\/#primaryimage\",\"url\":\"https:\\\/\\\/ru.law\\\/wp-content\\\/uploads\\\/2022\\\/04\\\/Rogert-Ulbrich-Rechtsanwaelte-Kanzlei-Abgasskandal-Opel-Rueckruf-KBA-Software-Update.jpg\",\"contentUrl\":\"https:\\\/\\\/ru.law\\\/wp-content\\\/uploads\\\/2022\\\/04\\\/Rogert-Ulbrich-Rechtsanwaelte-Kanzlei-Abgasskandal-Opel-Rueckruf-KBA-Software-Update.jpg\",\"width\":1200,\"height\":675},{\"@type\":\"BreadcrumbList\",\"@id\":\"https:\\\/\\\/ru.law\\\/opel-abgasskandal-erst-freiwillige-servicemassnahme-dann-doch-verpflichtender-rueckruf\\\/#breadcrumb\",\"itemListElement\":[{\"@type\":\"ListItem\",\"position\":1,\"name\":\"Startseite\",\"item\":\"https:\\\/\\\/ru.law\\\/\"},{\"@type\":\"ListItem\",\"position\":2,\"name\":\"Opel-Abgasskandal: Erst freiwillige Servicema\u00dfnahme, dann doch verpflichtender R\u00fcckruf\"}]},{\"@type\":\"WebSite\",\"@id\":\"https:\\\/\\\/ru.law\\\/#website\",\"url\":\"https:\\\/\\\/ru.law\\\/\",\"name\":\"R&U\",\"description\":\"Verbraucheranw\u00e4lte\",\"publisher\":{\"@id\":\"https:\\\/\\\/ru.law\\\/#organization\"},\"alternateName\":\"Rogert & Ulbrich\",\"potentialAction\":[{\"@type\":\"SearchAction\",\"target\":{\"@type\":\"EntryPoint\",\"urlTemplate\":\"https:\\\/\\\/ru.law\\\/?s={search_term_string}\"},\"query-input\":{\"@type\":\"PropertyValueSpecification\",\"valueRequired\":true,\"valueName\":\"search_term_string\"}}],\"inLanguage\":\"en-GB\"},{\"@type\":\"Organization\",\"@id\":\"https:\\\/\\\/ru.law\\\/#organization\",\"name\":\"Kanzlei Rogert & Ulbrich\",\"url\":\"https:\\\/\\\/ru.law\\\/\",\"logo\":{\"@type\":\"ImageObject\",\"inLanguage\":\"en-GB\",\"@id\":\"https:\\\/\\\/ru.law\\\/#\\\/schema\\\/logo\\\/image\\\/\",\"url\":\"https:\\\/\\\/ru.law\\\/wp-content\\\/uploads\\\/2020\\\/12\\\/logo-ru-law.svg\",\"contentUrl\":\"https:\\\/\\\/ru.law\\\/wp-content\\\/uploads\\\/2020\\\/12\\\/logo-ru-law.svg\",\"width\":992,\"height\":259,\"caption\":\"Kanzlei Rogert & Ulbrich\"},\"image\":{\"@id\":\"https:\\\/\\\/ru.law\\\/#\\\/schema\\\/logo\\\/image\\\/\"},\"sameAs\":[\"https:\\\/\\\/www.facebook.com\\\/RogertUlbrich\\\/\",\"https:\\\/\\\/x.com\\\/RogertUlbrich\",\"https:\\\/\\\/www.instagram.com\\\/rogertulbrich\\\/\",\"https:\\\/\\\/www.linkedin.com\\\/company\\\/rogert-ulbrich\\\/\",\"https:\\\/\\\/www.youtube.com\\\/channel\\\/UCganCgpvwpPFqMFf1vVmG2A\"]},{\"@type\":\"Person\",\"@id\":\"https:\\\/\\\/ru.law\\\/#\\\/schema\\\/person\\\/b020d506e6bbc471b4565d3a98173b87\",\"name\":\"Marco Rogert\",\"url\":\"https:\\\/\\\/ru.law\\\/en\\\/author\\\/rogertru-law\\\/\"}]}<\/script>\n<!-- \/ Yoast SEO Premium plugin. -->","yoast_head_json":{"title":"Opel emissions scandal: First a voluntary service measure, then a mandatory recall - R&amp;U","description":"Do you drive an affected Opel and have you already been asked by Opel to have the software &quot;update&quot; performed? Let&#039;s talk!","robots":{"index":"index","follow":"follow","max-snippet":"max-snippet:-1","max-image-preview":"max-image-preview:large","max-video-preview":"max-video-preview:-1"},"canonical":"https:\/\/ru.law\/en\/opel-abgasskandal-erst-freiwillige-servicemassnahme-dann-doch-verpflichtender-rueckruf\/","og_locale":"en_GB","og_type":"article","og_title":"Opel-Abgasskandal: Erst freiwillige Servicema\u00dfnahme, dann doch verpflichtender R\u00fcckruf","og_description":"Fahren Sie einen betroffenen Opel und wurden bereits von Opel zur Durchf\u00fchrung der Software-\u201eUmr\u00fcstung\u201c aufgefordert? Lassen Sie uns sprechen!","og_url":"https:\/\/ru.law\/en\/opel-abgasskandal-erst-freiwillige-servicemassnahme-dann-doch-verpflichtender-rueckruf\/","og_site_name":"R&amp;U","article_publisher":"https:\/\/www.facebook.com\/RogertUlbrich\/","article_published_time":"2022-04-11T07:00:00+00:00","article_modified_time":"2024-07-08T11:11:50+00:00","og_image":[{"width":1200,"height":675,"url":"https:\/\/ru.law\/wp-content\/uploads\/2022\/04\/Rogert-Ulbrich-Rechtsanwaelte-Kanzlei-Abgasskandal-Opel-Rueckruf-KBA-Software-Update.jpg","type":"image\/jpeg"}],"author":"Marco Rogert","twitter_card":"summary_large_image","twitter_creator":"@RogertUlbrich","twitter_site":"@RogertUlbrich","schema":{"@context":"https:\/\/schema.org","@graph":[{"@type":"Article","@id":"https:\/\/ru.law\/opel-abgasskandal-erst-freiwillige-servicemassnahme-dann-doch-verpflichtender-rueckruf\/#article","isPartOf":{"@id":"https:\/\/ru.law\/opel-abgasskandal-erst-freiwillige-servicemassnahme-dann-doch-verpflichtender-rueckruf\/"},"author":{"name":"Marco Rogert","@id":"https:\/\/ru.law\/#\/schema\/person\/b020d506e6bbc471b4565d3a98173b87"},"headline":"Opel-Abgasskandal: Erst freiwillige Servicema\u00dfnahme, dann doch verpflichtender R\u00fcckruf","datePublished":"2022-04-11T07:00:00+00:00","dateModified":"2024-07-08T11:11:50+00:00","mainEntityOfPage":{"@id":"https:\/\/ru.law\/opel-abgasskandal-erst-freiwillige-servicemassnahme-dann-doch-verpflichtender-rueckruf\/"},"wordCount":426,"publisher":{"@id":"https:\/\/ru.law\/#organization"},"image":{"@id":"https:\/\/ru.law\/opel-abgasskandal-erst-freiwillige-servicemassnahme-dann-doch-verpflichtender-rueckruf\/#primaryimage"},"thumbnailUrl":"https:\/\/ru.law\/wp-content\/uploads\/2022\/04\/Rogert-Ulbrich-Rechtsanwaelte-Kanzlei-Abgasskandal-Opel-Rueckruf-KBA-Software-Update.jpg","keywords":["KBA","Opel","R\u00fcckruf","Schadensersatz","Software-Update"],"articleSection":["Abgasskandal"],"inLanguage":"en-GB"},{"@type":"WebPage","@id":"https:\/\/ru.law\/opel-abgasskandal-erst-freiwillige-servicemassnahme-dann-doch-verpflichtender-rueckruf\/","url":"https:\/\/ru.law\/opel-abgasskandal-erst-freiwillige-servicemassnahme-dann-doch-verpflichtender-rueckruf\/","name":"Opel emissions scandal: First a voluntary service measure, then a mandatory recall - R&amp;U","isPartOf":{"@id":"https:\/\/ru.law\/#website"},"primaryImageOfPage":{"@id":"https:\/\/ru.law\/opel-abgasskandal-erst-freiwillige-servicemassnahme-dann-doch-verpflichtender-rueckruf\/#primaryimage"},"image":{"@id":"https:\/\/ru.law\/opel-abgasskandal-erst-freiwillige-servicemassnahme-dann-doch-verpflichtender-rueckruf\/#primaryimage"},"thumbnailUrl":"https:\/\/ru.law\/wp-content\/uploads\/2022\/04\/Rogert-Ulbrich-Rechtsanwaelte-Kanzlei-Abgasskandal-Opel-Rueckruf-KBA-Software-Update.jpg","datePublished":"2022-04-11T07:00:00+00:00","dateModified":"2024-07-08T11:11:50+00:00","description":"Do you drive an affected Opel and have you already been asked by Opel to have the software &quot;update&quot; performed? Let&#039;s talk!","breadcrumb":{"@id":"https:\/\/ru.law\/opel-abgasskandal-erst-freiwillige-servicemassnahme-dann-doch-verpflichtender-rueckruf\/#breadcrumb"},"inLanguage":"en-GB","potentialAction":[{"@type":"ReadAction","target":["https:\/\/ru.law\/opel-abgasskandal-erst-freiwillige-servicemassnahme-dann-doch-verpflichtender-rueckruf\/"]}]},{"@type":"ImageObject","inLanguage":"en-GB","@id":"https:\/\/ru.law\/opel-abgasskandal-erst-freiwillige-servicemassnahme-dann-doch-verpflichtender-rueckruf\/#primaryimage","url":"https:\/\/ru.law\/wp-content\/uploads\/2022\/04\/Rogert-Ulbrich-Rechtsanwaelte-Kanzlei-Abgasskandal-Opel-Rueckruf-KBA-Software-Update.jpg","contentUrl":"https:\/\/ru.law\/wp-content\/uploads\/2022\/04\/Rogert-Ulbrich-Rechtsanwaelte-Kanzlei-Abgasskandal-Opel-Rueckruf-KBA-Software-Update.jpg","width":1200,"height":675},{"@type":"BreadcrumbList","@id":"https:\/\/ru.law\/opel-abgasskandal-erst-freiwillige-servicemassnahme-dann-doch-verpflichtender-rueckruf\/#breadcrumb","itemListElement":[{"@type":"ListItem","position":1,"name":"Startseite","item":"https:\/\/ru.law\/"},{"@type":"ListItem","position":2,"name":"Opel-Abgasskandal: Erst freiwillige Servicema\u00dfnahme, dann doch verpflichtender R\u00fcckruf"}]},{"@type":"WebSite","@id":"https:\/\/ru.law\/#website","url":"https:\/\/ru.law\/","name":"R&amp;U","description":"Consumer lawyers","publisher":{"@id":"https:\/\/ru.law\/#organization"},"alternateName":"Rogert & Ulbrich","potentialAction":[{"@type":"SearchAction","target":{"@type":"EntryPoint","urlTemplate":"https:\/\/ru.law\/?s={search_term_string}"},"query-input":{"@type":"PropertyValueSpecification","valueRequired":true,"valueName":"search_term_string"}}],"inLanguage":"en-GB"},{"@type":"Organization","@id":"https:\/\/ru.law\/#organization","name":"Rogert &amp; Ulbrich Law Firm","url":"https:\/\/ru.law\/","logo":{"@type":"ImageObject","inLanguage":"en-GB","@id":"https:\/\/ru.law\/#\/schema\/logo\/image\/","url":"https:\/\/ru.law\/wp-content\/uploads\/2020\/12\/logo-ru-law.svg","contentUrl":"https:\/\/ru.law\/wp-content\/uploads\/2020\/12\/logo-ru-law.svg","width":992,"height":259,"caption":"Kanzlei Rogert & Ulbrich"},"image":{"@id":"https:\/\/ru.law\/#\/schema\/logo\/image\/"},"sameAs":["https:\/\/www.facebook.com\/RogertUlbrich\/","https:\/\/x.com\/RogertUlbrich","https:\/\/www.instagram.com\/rogertulbrich\/","https:\/\/www.linkedin.com\/company\/rogert-ulbrich\/","https:\/\/www.youtube.com\/channel\/UCganCgpvwpPFqMFf1vVmG2A"]},{"@type":"Person","@id":"https:\/\/ru.law\/#\/schema\/person\/b020d506e6bbc471b4565d3a98173b87","name":"Marco Rogert","url":"https:\/\/ru.law\/en\/author\/rogertru-law\/"}]}},"uagb_featured_image_src":{"full":["https:\/\/ru.law\/wp-content\/uploads\/2022\/04\/Rogert-Ulbrich-Rechtsanwaelte-Kanzlei-Abgasskandal-Opel-Rueckruf-KBA-Software-Update.jpg",1200,675,false],"thumbnail":["https:\/\/ru.law\/wp-content\/uploads\/2022\/04\/Rogert-Ulbrich-Rechtsanwaelte-Kanzlei-Abgasskandal-Opel-Rueckruf-KBA-Software-Update-150x150.jpg",96,96,true],"medium":["https:\/\/ru.law\/wp-content\/uploads\/2022\/04\/Rogert-Ulbrich-Rechtsanwaelte-Kanzlei-Abgasskandal-Opel-Rueckruf-KBA-Software-Update-300x169.jpg",300,169,true],"medium_large":["https:\/\/ru.law\/wp-content\/uploads\/2022\/04\/Rogert-Ulbrich-Rechtsanwaelte-Kanzlei-Abgasskandal-Opel-Rueckruf-KBA-Software-Update-768x432.jpg",768,432,true],"large":["https:\/\/ru.law\/wp-content\/uploads\/2022\/04\/Rogert-Ulbrich-Rechtsanwaelte-Kanzlei-Abgasskandal-Opel-Rueckruf-KBA-Software-Update-1024x576.jpg",1024,576,true],"1536x1536":["https:\/\/ru.law\/wp-content\/uploads\/2022\/04\/Rogert-Ulbrich-Rechtsanwaelte-Kanzlei-Abgasskandal-Opel-Rueckruf-KBA-Software-Update.jpg",1200,675,false],"2048x2048":["https:\/\/ru.law\/wp-content\/uploads\/2022\/04\/Rogert-Ulbrich-Rechtsanwaelte-Kanzlei-Abgasskandal-Opel-Rueckruf-KBA-Software-Update.jpg",1200,675,false],"trp-custom-language-flag":["https:\/\/ru.law\/wp-content\/uploads\/2022\/04\/Rogert-Ulbrich-Rechtsanwaelte-Kanzlei-Abgasskandal-Opel-Rueckruf-KBA-Software-Update.jpg",18,10,false]},"uagb_author_info":{"display_name":"Marco Rogert","author_link":"https:\/\/ru.law\/en\/author\/rogertru-law\/"},"uagb_comment_info":0,"uagb_excerpt":"Der so beliebte deutsche Automobilhersteller unter dem Dach des multinationalen Automobilkonzerns Stellantis steckt noch tiefer im Abgasskandal, als man dies zun\u00e4chst annehmen durfte. Wie der [&hellip;]","_links":{"self":[{"href":"https:\/\/ru.law\/en\/wp-json\/wp\/v2\/posts\/29175","targetHints":{"allow":["GET"]}}],"collection":[{"href":"https:\/\/ru.law\/en\/wp-json\/wp\/v2\/posts"}],"about":[{"href":"https:\/\/ru.law\/en\/wp-json\/wp\/v2\/types\/post"}],"author":[{"embeddable":true,"href":"https:\/\/ru.law\/en\/wp-json\/wp\/v2\/users\/21"}],"replies":[{"embeddable":true,"href":"https:\/\/ru.law\/en\/wp-json\/wp\/v2\/comments?post=29175"}],"version-history":[{"count":0,"href":"https:\/\/ru.law\/en\/wp-json\/wp\/v2\/posts\/29175\/revisions"}],"wp:featuredmedia":[{"embeddable":true,"href":"https:\/\/ru.law\/en\/wp-json\/wp\/v2\/media\/29177"}],"wp:attachment":[{"href":"https:\/\/ru.law\/en\/wp-json\/wp\/v2\/media?parent=29175"}],"wp:term":[{"taxonomy":"category","embeddable":true,"href":"https:\/\/ru.law\/en\/wp-json\/wp\/v2\/categories?post=29175"},{"taxonomy":"post_tag","embeddable":true,"href":"https:\/\/ru.law\/en\/wp-json\/wp\/v2\/tags?post=29175"}],"curies":[{"name":"wp","href":"https:\/\/api.w.org\/{rel}","templated":true}]}}