{"id":28038,"date":"2022-03-11T12:52:00","date_gmt":"2022-03-11T11:52:00","guid":{"rendered":"https:\/\/ru.law\/?p=28038"},"modified":"2024-07-08T13:11:56","modified_gmt":"2024-07-08T11:11:56","slug":"diesel-ueberholt-benzinpreis-jetzt-erst-recht","status":"publish","type":"post","link":"https:\/\/ru.law\/en\/diesel-ueberholt-benzinpreis-jetzt-erst-recht\/","title":{"rendered":"Record prices for diesel - Now is the time to reverse your car"},"content":{"rendered":"<p>Diesel is at a record high in Germany and petrol is also approaching a record high. The ever-increasing price of crude oil is having an impact on consumers. A litre of diesel has never been as expensive in Germany as it is now. Drivers, and currently diesel drivers in particular, have to dig deep into their pockets to fill up. We at<a href=\"https:\/\/ru.law\/en\/expertise\/abgasskandal\/\"> Rogert and Ulbrich<\/a> say: \u201cNow it\u2019s time\u201d \u2013 reversing your diesel vehicle is more attractive than ever before.<\/p>\n\n\n\n<p>Why is filling up so expensive? And why is the price of diesel so high? The price at the filling station is closely linked to the development of the oil price - and it is currently particularly high. This is due, among other things, to the fact that oil production is not running at full speed due to current events and that high demand is currently meeting a shortage of supply.<\/p>\n\n\n\n<h2 class=\"wp-block-heading\">Diesel price overtakes gasoline price<\/h2>\n\n\n\n<p>The &quot;diesel emissions scandal&quot;, which has been public knowledge since 2015, is far from over in legal terms - on the contrary! Ever new findings regarding further manipulation by car manufacturers, especially with current engines and vehicle models, ensure that more and more victims are demanding compensation from the manufacturers or dealers.<\/p>\n\n\n\n<h3 class=\"wp-block-heading\" id=\"h-rogert-ulbrich-empfiehlt\">Rogert &amp; Ulbrich recommends<\/h3>\n\n\n\n<p>The law firm, which has been in existence for 15 years<a href=\"https:\/\/ru.law\/en\/\" target=\"_blank\" rel=\"noreferrer noopener\">Rogert &amp; Ulbrich<\/a>has made it its mission to fight on behalf of injured consumers nationwide. The broad team of lawyers and business lawyers not only helped within the framework of the&nbsp;<a href=\"https:\/\/ru.law\/en\/expertise\/abgasskandal\/\" target=\"_blank\" rel=\"noreferrer noopener\">emissions scandal<\/a>&nbsp;has already compensated thousands of defrauded customers for damages and has thus made a valuable contribution to achieving justice. Our&nbsp;<a href=\"https:\/\/ru.law\/en\/expertise\/abgasskandal\/3-liter-motoren\/#erstberatung\">initial consultation&nbsp;<\/a>is free and non-binding.&nbsp;<a href=\"https:\/\/ru.law\/en\/expertise\/abgasskandal\/3-liter-motoren\/#mandat\">Get advice without obligation.<\/a><\/p>\n\n\n\n<section class=\"wp-block-uagb-columns uagb-columns__wrap uagb-columns__background-undefined uagb-columns__stack-mobile uagb-columns__valign-undefined uagb-columns__gap-10 alignundefined uagb-block-f012631d contrast blog_beitraege\"><div class=\"uagb-columns__overlay\"><\/div><div class=\"uagb-columns__inner-wrap uagb-columns__columns-1\">\n<div class=\"wp-block-uagb-column uagb-column__wrap uagb-column__background-undefined uagb-block-e6839370\"><div class=\"uagb-column__overlay\"><\/div><div class=\"uagb-column__inner-wrap\">\n<h3 class=\"wp-block-heading\" id=\"h-das-konnte-sie-auch-interessieren\">You might also be interested in:<\/h3>\n\n\n\n\t\t\t<div class=\"wp-block-uagb-post-grid uagb-post-grid  uagb-post__image-position-top uagb-post__image-enabled uagb-block-a847243a     uagb-post__items uagb-post__columns-3 is-grid uagb-post__columns-tablet-2 uagb-post__columns-mobile-1 uagb-post__equal-height\" data-total=\"2\" style=\"\">\n\n\t\t\t\t\t\t\t\t\t\t\t\t<article class=\"uagb-post__inner-wrap\">\t\t\t\t\t\t\t\t<div class='uagb-post__image'>\n\t\t\t\t\t\t\t\t\t<a href=\"https:\/\/ru.law\/en\/wettbewerbsstrafen-gegen-bmw-und-volkswagen-in-millionen-hoehe\/\" target=\"_self\" rel=\"bookmark noopener noreferrer\" class='uagb-image-ratio-inherit'><img loading=\"lazy\" decoding=\"async\" width=\"1024\" height=\"576\" src=\"https:\/\/ru.law\/wp-content\/uploads\/2021\/07\/Rogert-Ulbrich-Rechtsanwalt-Kanzlei-BMW-Volkswagen-AdBlue72-1024x576.jpg\" class=\"attachment-large size-large\" alt=\"\" srcset=\"https:\/\/ru.law\/wp-content\/uploads\/2021\/07\/Rogert-Ulbrich-Rechtsanwalt-Kanzlei-BMW-Volkswagen-AdBlue72-1024x576.jpg 1024w, https:\/\/ru.law\/wp-content\/uploads\/2021\/07\/Rogert-Ulbrich-Rechtsanwalt-Kanzlei-BMW-Volkswagen-AdBlue72-300x169.jpg 300w, https:\/\/ru.law\/wp-content\/uploads\/2021\/07\/Rogert-Ulbrich-Rechtsanwalt-Kanzlei-BMW-Volkswagen-AdBlue72-768x432.jpg 768w, https:\/\/ru.law\/wp-content\/uploads\/2021\/07\/Rogert-Ulbrich-Rechtsanwalt-Kanzlei-BMW-Volkswagen-AdBlue72.jpg 1200w\" sizes=\"auto, (max-width: 1024px) 100vw, 1024px\" \/>\t\t\t\t\t<\/a>\n\t\t\t\t\t\t\t<\/div>\n\t\t\t\t\t\t<h4 class=\"uagb-post__title uagb-post__text\">\n\t\t\t\t<a href=\"https:\/\/ru.law\/en\/wettbewerbsstrafen-gegen-bmw-und-volkswagen-in-millionen-hoehe\/\" target=\"_self\" rel=\"bookmark noopener noreferrer\">Competition fines against BMW and Volkswagen amounting to millions<\/a>\n\t\t\t<\/h4>\n\t\t\t\t\t\t<div class='uagb-post__text uagb-post-grid-byline'>\n\t\t\t\t\t\t\t<\/div>\n\t\t\t\t\t\t\t<div class='uagb-post__text uagb-post__excerpt'>\n\t\t\t\t\t<p>BMW and Volkswagen are accused of having entered into illegal agreements with their competitors. In detail\u2026\t\t\t\t<\/div>\n\t\t\t\n\t\t\t\t\t\t\t\t\t<\/article>\n\t\t\t\t\t\t\t\t\t\t\t\t\t\t\t\t<article class=\"uagb-post__inner-wrap\">\t\t\t\t\t\t\t\t<div class='uagb-post__image'>\n\t\t\t\t\t\t\t\t\t<a href=\"https:\/\/ru.law\/en\/landgericht-moenchengladbach-entscheidet-gegen-daimler-ag\/\" target=\"_self\" rel=\"bookmark noopener noreferrer\" class='uagb-image-ratio-inherit'><img loading=\"lazy\" decoding=\"async\" width=\"1024\" height=\"576\" src=\"https:\/\/ru.law\/wp-content\/uploads\/2021\/07\/Rogert-Ulbrich-Rechtsanwaelte-Kanzlei-Mercedes-Benz-positive-Urteile72-1024x576.jpg\" class=\"attachment-large size-large\" alt=\"\" srcset=\"https:\/\/ru.law\/wp-content\/uploads\/2021\/07\/Rogert-Ulbrich-Rechtsanwaelte-Kanzlei-Mercedes-Benz-positive-Urteile72-1024x576.jpg 1024w, https:\/\/ru.law\/wp-content\/uploads\/2021\/07\/Rogert-Ulbrich-Rechtsanwaelte-Kanzlei-Mercedes-Benz-positive-Urteile72-300x169.jpg 300w, https:\/\/ru.law\/wp-content\/uploads\/2021\/07\/Rogert-Ulbrich-Rechtsanwaelte-Kanzlei-Mercedes-Benz-positive-Urteile72-768x432.jpg 768w, https:\/\/ru.law\/wp-content\/uploads\/2021\/07\/Rogert-Ulbrich-Rechtsanwaelte-Kanzlei-Mercedes-Benz-positive-Urteile72.jpg 1200w\" sizes=\"auto, (max-width: 1024px) 100vw, 1024px\" \/>\t\t\t\t\t<\/a>\n\t\t\t\t\t\t\t<\/div>\n\t\t\t\t\t\t<h4 class=\"uagb-post__title uagb-post__text\">\n\t\t\t\t<a href=\"https:\/\/ru.law\/en\/landgericht-moenchengladbach-entscheidet-gegen-daimler-ag\/\" target=\"_self\" rel=\"bookmark noopener noreferrer\">M\u00f6nchengladbach Regional Court rules against Daimler AG<\/a>\n\t\t\t<\/h4>\n\t\t\t\t\t\t<div class='uagb-post__text uagb-post-grid-byline'>\n\t\t\t\t\t\t\t<\/div>\n\t\t\t\t\t\t\t<div class='uagb-post__text uagb-post__excerpt'>\n\t\t\t\t\t<p>On June 30, 2021, the M\u00f6nchengladbach Regional Court ruled in favor of our client and against Daimler AG. In\u2026\t\t\t\t<\/div>\n\t\t\t\n\t\t\t\t\t\t\t\t\t<\/article>\n\t\t\t\t\t\t\t\t\t\t\t\t\t\t\t\t<article class=\"uagb-post__inner-wrap\">\t\t\t\t\t\t\t\t<div class='uagb-post__image'>\n\t\t\t\t\t\t\t\t\t<a href=\"https:\/\/ru.law\/en\/bgh-illegale-abschalteinrichtung-bei-mercedes-benz\/\" target=\"_self\" rel=\"bookmark noopener noreferrer\" class='uagb-image-ratio-inherit'><img loading=\"lazy\" decoding=\"async\" width=\"1024\" height=\"576\" src=\"https:\/\/ru.law\/wp-content\/uploads\/2021\/05\/rogert-ulbrich-rechtsanwalt-kanzlei-abgasskandal-daimler-glk-1-1024x576.jpg\" class=\"attachment-large size-large\" alt=\"\" srcset=\"https:\/\/ru.law\/wp-content\/uploads\/2021\/05\/rogert-ulbrich-rechtsanwalt-kanzlei-abgasskandal-daimler-glk-1-1024x576.jpg 1024w, https:\/\/ru.law\/wp-content\/uploads\/2021\/05\/rogert-ulbrich-rechtsanwalt-kanzlei-abgasskandal-daimler-glk-1-300x169.jpg 300w, https:\/\/ru.law\/wp-content\/uploads\/2021\/05\/rogert-ulbrich-rechtsanwalt-kanzlei-abgasskandal-daimler-glk-1-768x432.jpg 768w, https:\/\/ru.law\/wp-content\/uploads\/2021\/05\/rogert-ulbrich-rechtsanwalt-kanzlei-abgasskandal-daimler-glk-1.jpg 1200w\" sizes=\"auto, (max-width: 1024px) 100vw, 1024px\" \/>\t\t\t\t\t<\/a>\n\t\t\t\t\t\t\t<\/div>\n\t\t\t\t\t\t<h4 class=\"uagb-post__title uagb-post__text\">\n\t\t\t\t<a href=\"https:\/\/ru.law\/en\/bgh-illegale-abschalteinrichtung-bei-mercedes-benz\/\" target=\"_self\" rel=\"bookmark noopener noreferrer\">Illegal defeat device at Mercedes-Benz<\/a>\n\t\t\t<\/h4>\n\t\t\t\t\t\t<div class='uagb-post__text uagb-post-grid-byline'>\n\t\t\t\t\t\t\t<\/div>\n\t\t\t\t\t\t\t<div class='uagb-post__text uagb-post__excerpt'>\n\t\t\t\t\t<p>It has recently become apparent that Mercedes has installed further illegal switch-off devices in Mercedes vehicles. In\u2026\t\t\t\t<\/div>\n\t\t\t\n\t\t\t\t\t\t\t\t\t<\/article>\n\t\t\t\t\t\t\t\t\t\t\t<\/div>\n\t\t\t<\/div><\/div>\n<\/div><\/section>","protected":false},"excerpt":{"rendered":"<p>Der Diesel befindet sich in Deutschland auf einem Rekordhoch und auch Benzin n\u00e4hert sich einem H\u00f6chststand an. Der immer weiter steigende Erd\u00f6lpreis schl\u00e4gt auf die [&hellip;]<\/p>\n","protected":false},"author":21,"featured_media":28041,"comment_status":"closed","ping_status":"open","sticky":false,"template":"","format":"standard","meta":{"_uag_custom_page_level_css":"","site-sidebar-layout":"default","site-content-layout":"","ast-site-content-layout":"default","site-content-style":"default","site-sidebar-style":"default","ast-global-header-display":"","ast-banner-title-visibility":"","ast-main-header-display":"","ast-hfb-above-header-display":"","ast-hfb-below-header-display":"","ast-hfb-mobile-header-display":"","site-post-title":"","ast-breadcrumbs-content":"","ast-featured-img":"","footer-sml-layout":"","ast-disable-related-posts":"","theme-transparent-header-meta":"","adv-header-id-meta":"","stick-header-meta":"","header-above-stick-meta":"","header-main-stick-meta":"","header-below-stick-meta":"","astra-migrate-meta-layouts":"default","ast-page-background-enabled":"default","ast-page-background-meta":{"desktop":{"background-color":"","background-image":"","background-repeat":"repeat","background-position":"center center","background-size":"auto","background-attachment":"scroll","background-type":"","background-media":"","overlay-type":"","overlay-color":"","overlay-opacity":"","overlay-gradient":""},"tablet":{"background-color":"","background-image":"","background-repeat":"repeat","background-position":"center center","background-size":"auto","background-attachment":"scroll","background-type":"","background-media":"","overlay-type":"","overlay-color":"","overlay-opacity":"","overlay-gradient":""},"mobile":{"background-color":"","background-image":"","background-repeat":"repeat","background-position":"center center","background-size":"auto","background-attachment":"scroll","background-type":"","background-media":"","overlay-type":"","overlay-color":"","overlay-opacity":"","overlay-gradient":""}},"ast-content-background-meta":{"desktop":{"background-color":"var(--ast-global-color-5)","background-image":"","background-repeat":"repeat","background-position":"center center","background-size":"auto","background-attachment":"scroll","background-type":"","background-media":"","overlay-type":"","overlay-color":"","overlay-opacity":"","overlay-gradient":""},"tablet":{"background-color":"var(--ast-global-color-5)","background-image":"","background-repeat":"repeat","background-position":"center center","background-size":"auto","background-attachment":"scroll","background-type":"","background-media":"","overlay-type":"","overlay-color":"","overlay-opacity":"","overlay-gradient":""},"mobile":{"background-color":"var(--ast-global-color-5)","background-image":"","background-repeat":"repeat","background-position":"center center","background-size":"auto","background-attachment":"scroll","background-type":"","background-media":"","overlay-type":"","overlay-color":"","overlay-opacity":"","overlay-gradient":""}},"footnotes":""},"categories":[2],"tags":[9,1075,876,31,45],"class_list":["post-28038","post","type-post","status-publish","format-standard","has-post-thumbnail","hentry","category-abgasskandal","tag-audi","tag-diesel","tag-mercedes-benz","tag-porsche","tag-vw"],"yoast_head":"<!-- This site is optimized with the Yoast SEO Premium plugin v27.4 (Yoast SEO v27.4) - https:\/\/yoast.com\/product\/yoast-seo-premium-wordpress\/ -->\n<title>Rekordpreise f\u00fcr Diesel- Jetzt erst RECHT Auto r\u00fcckabwickeln - R&amp;U<\/title>\n<meta name=\"description\" content=\"Der Diesel befindet sich in Deutschland auf einem Rekord hoch und auch Benzin n\u00e4hert sich einem H\u00f6chststand an.\" \/>\n<meta name=\"robots\" content=\"index, follow, max-snippet:-1, max-image-preview:large, max-video-preview:-1\" \/>\n<link rel=\"canonical\" href=\"https:\/\/ru.law\/en\/diesel-ueberholt-benzinpreis-jetzt-erst-recht\/\" \/>\n<meta property=\"og:locale\" content=\"en_GB\" \/>\n<meta property=\"og:type\" content=\"article\" \/>\n<meta property=\"og:title\" content=\"Rekordpreise f\u00fcr Diesel- Jetzt erst RECHT Auto r\u00fcckabwickeln\" \/>\n<meta property=\"og:description\" content=\"Der Diesel befindet sich in Deutschland auf einem Rekord hoch und auch Benzin n\u00e4hert sich einem H\u00f6chststand an.\" \/>\n<meta property=\"og:url\" content=\"https:\/\/ru.law\/en\/diesel-ueberholt-benzinpreis-jetzt-erst-recht\/\" \/>\n<meta property=\"og:site_name\" content=\"R&amp;U\" \/>\n<meta property=\"article:publisher\" content=\"https:\/\/www.facebook.com\/RogertUlbrich\/\" \/>\n<meta property=\"article:published_time\" content=\"2022-03-11T11:52:00+00:00\" \/>\n<meta property=\"article:modified_time\" content=\"2024-07-08T11:11:56+00:00\" \/>\n<meta property=\"og:image\" content=\"https:\/\/ru.law\/wp-content\/uploads\/2022\/03\/2021-News-Header-1200x675-2972.jpg\" \/>\n\t<meta property=\"og:image:width\" content=\"1200\" \/>\n\t<meta property=\"og:image:height\" content=\"675\" \/>\n\t<meta property=\"og:image:type\" content=\"image\/jpeg\" \/>\n<meta name=\"author\" content=\"Marco Rogert\" \/>\n<meta name=\"twitter:card\" content=\"summary_large_image\" \/>\n<meta name=\"twitter:creator\" content=\"@RogertUlbrich\" \/>\n<meta name=\"twitter:site\" content=\"@RogertUlbrich\" \/>\n<script type=\"application\/ld+json\" class=\"yoast-schema-graph\">{\"@context\":\"https:\\\/\\\/schema.org\",\"@graph\":[{\"@type\":\"Article\",\"@id\":\"https:\\\/\\\/ru.law\\\/diesel-ueberholt-benzinpreis-jetzt-erst-recht\\\/#article\",\"isPartOf\":{\"@id\":\"https:\\\/\\\/ru.law\\\/diesel-ueberholt-benzinpreis-jetzt-erst-recht\\\/\"},\"author\":{\"name\":\"Marco Rogert\",\"@id\":\"https:\\\/\\\/ru.law\\\/#\\\/schema\\\/person\\\/b020d506e6bbc471b4565d3a98173b87\"},\"headline\":\"Rekordpreise f\u00fcr Diesel- Jetzt erst RECHT Auto r\u00fcckabwickeln\",\"datePublished\":\"2022-03-11T11:52:00+00:00\",\"dateModified\":\"2024-07-08T11:11:56+00:00\",\"mainEntityOfPage\":{\"@id\":\"https:\\\/\\\/ru.law\\\/diesel-ueberholt-benzinpreis-jetzt-erst-recht\\\/\"},\"wordCount\":287,\"publisher\":{\"@id\":\"https:\\\/\\\/ru.law\\\/#organization\"},\"image\":{\"@id\":\"https:\\\/\\\/ru.law\\\/diesel-ueberholt-benzinpreis-jetzt-erst-recht\\\/#primaryimage\"},\"thumbnailUrl\":\"https:\\\/\\\/ru.law\\\/wp-content\\\/uploads\\\/2022\\\/03\\\/2021-News-Header-1200x675-2972.jpg\",\"keywords\":[\"Audi\",\"Diesel\",\"Mercedes-Benz\",\"Porsche\",\"VW\"],\"articleSection\":[\"Abgasskandal\"],\"inLanguage\":\"en-GB\"},{\"@type\":\"WebPage\",\"@id\":\"https:\\\/\\\/ru.law\\\/diesel-ueberholt-benzinpreis-jetzt-erst-recht\\\/\",\"url\":\"https:\\\/\\\/ru.law\\\/diesel-ueberholt-benzinpreis-jetzt-erst-recht\\\/\",\"name\":\"Rekordpreise f\u00fcr Diesel- Jetzt erst RECHT Auto r\u00fcckabwickeln - R&amp;U\",\"isPartOf\":{\"@id\":\"https:\\\/\\\/ru.law\\\/#website\"},\"primaryImageOfPage\":{\"@id\":\"https:\\\/\\\/ru.law\\\/diesel-ueberholt-benzinpreis-jetzt-erst-recht\\\/#primaryimage\"},\"image\":{\"@id\":\"https:\\\/\\\/ru.law\\\/diesel-ueberholt-benzinpreis-jetzt-erst-recht\\\/#primaryimage\"},\"thumbnailUrl\":\"https:\\\/\\\/ru.law\\\/wp-content\\\/uploads\\\/2022\\\/03\\\/2021-News-Header-1200x675-2972.jpg\",\"datePublished\":\"2022-03-11T11:52:00+00:00\",\"dateModified\":\"2024-07-08T11:11:56+00:00\",\"description\":\"Der Diesel befindet sich in Deutschland auf einem Rekord hoch und auch Benzin n\u00e4hert sich einem H\u00f6chststand an.\",\"breadcrumb\":{\"@id\":\"https:\\\/\\\/ru.law\\\/diesel-ueberholt-benzinpreis-jetzt-erst-recht\\\/#breadcrumb\"},\"inLanguage\":\"en-GB\",\"potentialAction\":[{\"@type\":\"ReadAction\",\"target\":[\"https:\\\/\\\/ru.law\\\/diesel-ueberholt-benzinpreis-jetzt-erst-recht\\\/\"]}]},{\"@type\":\"ImageObject\",\"inLanguage\":\"en-GB\",\"@id\":\"https:\\\/\\\/ru.law\\\/diesel-ueberholt-benzinpreis-jetzt-erst-recht\\\/#primaryimage\",\"url\":\"https:\\\/\\\/ru.law\\\/wp-content\\\/uploads\\\/2022\\\/03\\\/2021-News-Header-1200x675-2972.jpg\",\"contentUrl\":\"https:\\\/\\\/ru.law\\\/wp-content\\\/uploads\\\/2022\\\/03\\\/2021-News-Header-1200x675-2972.jpg\",\"width\":1200,\"height\":675,\"caption\":\"Rogert-Ulbrich-Rechtsanwaelte-Kanzlei-Diesel-Benzin-Preise\"},{\"@type\":\"BreadcrumbList\",\"@id\":\"https:\\\/\\\/ru.law\\\/diesel-ueberholt-benzinpreis-jetzt-erst-recht\\\/#breadcrumb\",\"itemListElement\":[{\"@type\":\"ListItem\",\"position\":1,\"name\":\"Startseite\",\"item\":\"https:\\\/\\\/ru.law\\\/\"},{\"@type\":\"ListItem\",\"position\":2,\"name\":\"Rekordpreise f\u00fcr Diesel- Jetzt erst RECHT Auto r\u00fcckabwickeln\"}]},{\"@type\":\"WebSite\",\"@id\":\"https:\\\/\\\/ru.law\\\/#website\",\"url\":\"https:\\\/\\\/ru.law\\\/\",\"name\":\"R&U\",\"description\":\"Verbraucheranw\u00e4lte\",\"publisher\":{\"@id\":\"https:\\\/\\\/ru.law\\\/#organization\"},\"alternateName\":\"Rogert & Ulbrich\",\"potentialAction\":[{\"@type\":\"SearchAction\",\"target\":{\"@type\":\"EntryPoint\",\"urlTemplate\":\"https:\\\/\\\/ru.law\\\/?s={search_term_string}\"},\"query-input\":{\"@type\":\"PropertyValueSpecification\",\"valueRequired\":true,\"valueName\":\"search_term_string\"}}],\"inLanguage\":\"en-GB\"},{\"@type\":\"Organization\",\"@id\":\"https:\\\/\\\/ru.law\\\/#organization\",\"name\":\"Kanzlei Rogert & Ulbrich\",\"url\":\"https:\\\/\\\/ru.law\\\/\",\"logo\":{\"@type\":\"ImageObject\",\"inLanguage\":\"en-GB\",\"@id\":\"https:\\\/\\\/ru.law\\\/#\\\/schema\\\/logo\\\/image\\\/\",\"url\":\"https:\\\/\\\/ru.law\\\/wp-content\\\/uploads\\\/2020\\\/12\\\/logo-ru-law.svg\",\"contentUrl\":\"https:\\\/\\\/ru.law\\\/wp-content\\\/uploads\\\/2020\\\/12\\\/logo-ru-law.svg\",\"width\":992,\"height\":259,\"caption\":\"Kanzlei Rogert & Ulbrich\"},\"image\":{\"@id\":\"https:\\\/\\\/ru.law\\\/#\\\/schema\\\/logo\\\/image\\\/\"},\"sameAs\":[\"https:\\\/\\\/www.facebook.com\\\/RogertUlbrich\\\/\",\"https:\\\/\\\/x.com\\\/RogertUlbrich\",\"https:\\\/\\\/www.instagram.com\\\/rogertulbrich\\\/\",\"https:\\\/\\\/www.linkedin.com\\\/company\\\/rogert-ulbrich\\\/\",\"https:\\\/\\\/www.youtube.com\\\/channel\\\/UCganCgpvwpPFqMFf1vVmG2A\"]},{\"@type\":\"Person\",\"@id\":\"https:\\\/\\\/ru.law\\\/#\\\/schema\\\/person\\\/b020d506e6bbc471b4565d3a98173b87\",\"name\":\"Marco Rogert\",\"url\":\"https:\\\/\\\/ru.law\\\/en\\\/author\\\/rogertru-law\\\/\"}]}<\/script>\n<!-- \/ Yoast SEO Premium plugin. -->","yoast_head_json":{"title":"Record prices for diesel vehicles - Now more than ever, reverse the car purchase - R&amp;U","description":"Diesel prices in Germany are at a record high, and gasoline prices are also approaching a peak.","robots":{"index":"index","follow":"follow","max-snippet":"max-snippet:-1","max-image-preview":"max-image-preview:large","max-video-preview":"max-video-preview:-1"},"canonical":"https:\/\/ru.law\/en\/diesel-ueberholt-benzinpreis-jetzt-erst-recht\/","og_locale":"en_GB","og_type":"article","og_title":"Rekordpreise f\u00fcr Diesel- Jetzt erst RECHT Auto r\u00fcckabwickeln","og_description":"Der Diesel befindet sich in Deutschland auf einem Rekord hoch und auch Benzin n\u00e4hert sich einem H\u00f6chststand an.","og_url":"https:\/\/ru.law\/en\/diesel-ueberholt-benzinpreis-jetzt-erst-recht\/","og_site_name":"R&amp;U","article_publisher":"https:\/\/www.facebook.com\/RogertUlbrich\/","article_published_time":"2022-03-11T11:52:00+00:00","article_modified_time":"2024-07-08T11:11:56+00:00","og_image":[{"width":1200,"height":675,"url":"https:\/\/ru.law\/wp-content\/uploads\/2022\/03\/2021-News-Header-1200x675-2972.jpg","type":"image\/jpeg"}],"author":"Marco Rogert","twitter_card":"summary_large_image","twitter_creator":"@RogertUlbrich","twitter_site":"@RogertUlbrich","schema":{"@context":"https:\/\/schema.org","@graph":[{"@type":"Article","@id":"https:\/\/ru.law\/diesel-ueberholt-benzinpreis-jetzt-erst-recht\/#article","isPartOf":{"@id":"https:\/\/ru.law\/diesel-ueberholt-benzinpreis-jetzt-erst-recht\/"},"author":{"name":"Marco Rogert","@id":"https:\/\/ru.law\/#\/schema\/person\/b020d506e6bbc471b4565d3a98173b87"},"headline":"Rekordpreise f\u00fcr Diesel- Jetzt erst RECHT Auto r\u00fcckabwickeln","datePublished":"2022-03-11T11:52:00+00:00","dateModified":"2024-07-08T11:11:56+00:00","mainEntityOfPage":{"@id":"https:\/\/ru.law\/diesel-ueberholt-benzinpreis-jetzt-erst-recht\/"},"wordCount":287,"publisher":{"@id":"https:\/\/ru.law\/#organization"},"image":{"@id":"https:\/\/ru.law\/diesel-ueberholt-benzinpreis-jetzt-erst-recht\/#primaryimage"},"thumbnailUrl":"https:\/\/ru.law\/wp-content\/uploads\/2022\/03\/2021-News-Header-1200x675-2972.jpg","keywords":["Audi","Diesel","Mercedes-Benz","Porsche","VW"],"articleSection":["Abgasskandal"],"inLanguage":"en-GB"},{"@type":"WebPage","@id":"https:\/\/ru.law\/diesel-ueberholt-benzinpreis-jetzt-erst-recht\/","url":"https:\/\/ru.law\/diesel-ueberholt-benzinpreis-jetzt-erst-recht\/","name":"Record prices for diesel vehicles - Now more than ever, reverse the car purchase - R&amp;U","isPartOf":{"@id":"https:\/\/ru.law\/#website"},"primaryImageOfPage":{"@id":"https:\/\/ru.law\/diesel-ueberholt-benzinpreis-jetzt-erst-recht\/#primaryimage"},"image":{"@id":"https:\/\/ru.law\/diesel-ueberholt-benzinpreis-jetzt-erst-recht\/#primaryimage"},"thumbnailUrl":"https:\/\/ru.law\/wp-content\/uploads\/2022\/03\/2021-News-Header-1200x675-2972.jpg","datePublished":"2022-03-11T11:52:00+00:00","dateModified":"2024-07-08T11:11:56+00:00","description":"Diesel prices in Germany are at a record high, and gasoline prices are also approaching a peak.","breadcrumb":{"@id":"https:\/\/ru.law\/diesel-ueberholt-benzinpreis-jetzt-erst-recht\/#breadcrumb"},"inLanguage":"en-GB","potentialAction":[{"@type":"ReadAction","target":["https:\/\/ru.law\/diesel-ueberholt-benzinpreis-jetzt-erst-recht\/"]}]},{"@type":"ImageObject","inLanguage":"en-GB","@id":"https:\/\/ru.law\/diesel-ueberholt-benzinpreis-jetzt-erst-recht\/#primaryimage","url":"https:\/\/ru.law\/wp-content\/uploads\/2022\/03\/2021-News-Header-1200x675-2972.jpg","contentUrl":"https:\/\/ru.law\/wp-content\/uploads\/2022\/03\/2021-News-Header-1200x675-2972.jpg","width":1200,"height":675,"caption":"Rogert-Ulbrich-Rechtsanwaelte-Kanzlei-Diesel-Benzin-Preise"},{"@type":"BreadcrumbList","@id":"https:\/\/ru.law\/diesel-ueberholt-benzinpreis-jetzt-erst-recht\/#breadcrumb","itemListElement":[{"@type":"ListItem","position":1,"name":"Startseite","item":"https:\/\/ru.law\/"},{"@type":"ListItem","position":2,"name":"Rekordpreise f\u00fcr Diesel- Jetzt erst RECHT Auto r\u00fcckabwickeln"}]},{"@type":"WebSite","@id":"https:\/\/ru.law\/#website","url":"https:\/\/ru.law\/","name":"R&amp;U","description":"Consumer lawyers","publisher":{"@id":"https:\/\/ru.law\/#organization"},"alternateName":"Rogert & Ulbrich","potentialAction":[{"@type":"SearchAction","target":{"@type":"EntryPoint","urlTemplate":"https:\/\/ru.law\/?s={search_term_string}"},"query-input":{"@type":"PropertyValueSpecification","valueRequired":true,"valueName":"search_term_string"}}],"inLanguage":"en-GB"},{"@type":"Organization","@id":"https:\/\/ru.law\/#organization","name":"Rogert &amp; Ulbrich Law Firm","url":"https:\/\/ru.law\/","logo":{"@type":"ImageObject","inLanguage":"en-GB","@id":"https:\/\/ru.law\/#\/schema\/logo\/image\/","url":"https:\/\/ru.law\/wp-content\/uploads\/2020\/12\/logo-ru-law.svg","contentUrl":"https:\/\/ru.law\/wp-content\/uploads\/2020\/12\/logo-ru-law.svg","width":992,"height":259,"caption":"Kanzlei Rogert & Ulbrich"},"image":{"@id":"https:\/\/ru.law\/#\/schema\/logo\/image\/"},"sameAs":["https:\/\/www.facebook.com\/RogertUlbrich\/","https:\/\/x.com\/RogertUlbrich","https:\/\/www.instagram.com\/rogertulbrich\/","https:\/\/www.linkedin.com\/company\/rogert-ulbrich\/","https:\/\/www.youtube.com\/channel\/UCganCgpvwpPFqMFf1vVmG2A"]},{"@type":"Person","@id":"https:\/\/ru.law\/#\/schema\/person\/b020d506e6bbc471b4565d3a98173b87","name":"Marco Rogert","url":"https:\/\/ru.law\/en\/author\/rogertru-law\/"}]}},"uagb_featured_image_src":{"full":["https:\/\/ru.law\/wp-content\/uploads\/2022\/03\/2021-News-Header-1200x675-2972.jpg",1200,675,false],"thumbnail":["https:\/\/ru.law\/wp-content\/uploads\/2022\/03\/2021-News-Header-1200x675-2972-150x150.jpg",96,96,true],"medium":["https:\/\/ru.law\/wp-content\/uploads\/2022\/03\/2021-News-Header-1200x675-2972-300x169.jpg",300,169,true],"medium_large":["https:\/\/ru.law\/wp-content\/uploads\/2022\/03\/2021-News-Header-1200x675-2972-768x432.jpg",768,432,true],"large":["https:\/\/ru.law\/wp-content\/uploads\/2022\/03\/2021-News-Header-1200x675-2972-1024x576.jpg",1024,576,true],"1536x1536":["https:\/\/ru.law\/wp-content\/uploads\/2022\/03\/2021-News-Header-1200x675-2972.jpg",1200,675,false],"2048x2048":["https:\/\/ru.law\/wp-content\/uploads\/2022\/03\/2021-News-Header-1200x675-2972.jpg",1200,675,false],"trp-custom-language-flag":["https:\/\/ru.law\/wp-content\/uploads\/2022\/03\/2021-News-Header-1200x675-2972.jpg",18,10,false]},"uagb_author_info":{"display_name":"Marco Rogert","author_link":"https:\/\/ru.law\/en\/author\/rogertru-law\/"},"uagb_comment_info":0,"uagb_excerpt":"Der Diesel befindet sich in Deutschland auf einem Rekordhoch und auch Benzin n\u00e4hert sich einem H\u00f6chststand an. Der immer weiter steigende Erd\u00f6lpreis schl\u00e4gt auf die [&hellip;]","_links":{"self":[{"href":"https:\/\/ru.law\/en\/wp-json\/wp\/v2\/posts\/28038","targetHints":{"allow":["GET"]}}],"collection":[{"href":"https:\/\/ru.law\/en\/wp-json\/wp\/v2\/posts"}],"about":[{"href":"https:\/\/ru.law\/en\/wp-json\/wp\/v2\/types\/post"}],"author":[{"embeddable":true,"href":"https:\/\/ru.law\/en\/wp-json\/wp\/v2\/users\/21"}],"replies":[{"embeddable":true,"href":"https:\/\/ru.law\/en\/wp-json\/wp\/v2\/comments?post=28038"}],"version-history":[{"count":0,"href":"https:\/\/ru.law\/en\/wp-json\/wp\/v2\/posts\/28038\/revisions"}],"wp:featuredmedia":[{"embeddable":true,"href":"https:\/\/ru.law\/en\/wp-json\/wp\/v2\/media\/28041"}],"wp:attachment":[{"href":"https:\/\/ru.law\/en\/wp-json\/wp\/v2\/media?parent=28038"}],"wp:term":[{"taxonomy":"category","embeddable":true,"href":"https:\/\/ru.law\/en\/wp-json\/wp\/v2\/categories?post=28038"},{"taxonomy":"post_tag","embeddable":true,"href":"https:\/\/ru.law\/en\/wp-json\/wp\/v2\/tags?post=28038"}],"curies":[{"name":"wp","href":"https:\/\/api.w.org\/{rel}","templated":true}]}}