{"id":27808,"date":"2022-03-02T08:49:53","date_gmt":"2022-03-02T07:49:53","guid":{"rendered":"https:\/\/ru.law\/?p=27808"},"modified":"2024-07-08T13:11:57","modified_gmt":"2024-07-08T11:11:57","slug":"olg-duesseldorf-haftung-der-vw-ag-bei-ea897","status":"publish","type":"post","link":"https:\/\/ru.law\/en\/olg-duesseldorf-haftung-der-vw-ag-bei-ea897\/","title":{"rendered":"OLG D\u00fcsseldorf: Liability of VW AG in EA897"},"content":{"rendered":"<p>The Higher Regional Court (OLG) D\u00fcsseldorf ordered VW AG to withdraw a<a href=\"https:\/\/ru.law\/en\/expertise\/abgasskandal\/3-liter-motoren\/#modelle\"> VW Touareg<\/a> (<a href=\"https:\/\/ru.law\/en\/expertise\/abgasskandal\/3-liter-motoren\/#motor\">with V6 engine<\/a>) and damages in the amount of \u20ac 41,897 (judgment of February 21, 2022, ref. I-9 U 63\/20). The plaintiff we represent had purchased the vehicle with the Euro 6 emissions class as a new car for a purchase price of \u20ac 65,750. He financed the vehicle with a loan from Volkswagen Bank, which has since been fully repaid. At the time of the oral hearing before the Senate, the VW Touareg had a mileage of 128,966. <\/p>\n\n\n\n<p>The OLG sees the obstruction of the <a href=\"https:\/\/ru.law\/en\/expertise\/abgasskandal\/3-liter-motoren\/#motor\">engine type EA897<\/a> as was the case with the <a href=\"https:\/\/ru.law\/en\/expertise\/abgasskandal\/vw-diesel\/\">EA189 engine<\/a> an immoral act by VW AG. The deception therefore fits seamlessly into the scandal of the VW Group, which became known in 2015 with the engine type EA189. <\/p>\n\n\n\n<h2 class=\"wp-block-heading\" id=\"h-vw-ag-haftet-fur-durch-audi-ag-produzierten-v6-motor\">VW AG is liable for V6 engine produced by Audi AG <\/h2>\n\n\n\n<p>Because VW AG itself has assumed responsibility for the EA897 engine and thus also for the absence <a href=\"https:\/\/ru.law\/en\/expertise\/abgasskandal\/3-liter-motoren\/#abschalteinrichtungen\">unauthorized shutdown devices<\/a>, it cannot withdraw by saying that the engine in question is not its own. The 3-litre V6 and 4.2-litre V8 diesel engines were produced by Audi AG, but VW AG explicitly identified itself as the manufacturer in the EC declaration of conformity. This is especially true since it had already tampered with the EA189 engine type. The presence of further illegal defeat devices in other diesel engines of the VW Group is therefore not a mere coincidence. <\/p>\n\n\n\n<p>The Higher Regional Court sees the deception of putting vehicles with manipulated EA897 engines into circulation as an attempt to achieve higher profits by saving costs. <\/p>\n\n\n\n<h3 class=\"wp-block-heading\" id=\"h-rogert-ulbrich-empfiehlt\">Rogert &amp; Ulbrich recommends <\/h3>\n\n\n\n<p>Since 2007, we have been fighting on behalf of consumers against large corporations nationwide. Through our own law firm\u00a0<a href=\"https:\/\/ru.law\/en\/expertise\/abgasskandal\/3-liter-motoren\/#urteile\">database\u00a0<\/a>enables us to identify the optimal litigation strategy with the best prospects of success. Our\u00a0<a href=\"https:\/\/ru.law\/en\/expertise\/abgasskandal\/3-liter-motoren\/#erstberatung\">initial consultation\u00a0<\/a>is free and non-binding.\u00a0<a href=\"https:\/\/ru.law\/en\/expertise\/abgasskandal\/3-liter-motoren\/#mandat\">Get advice without obligation.<\/a><\/p>\n\n\n\n<section class=\"wp-block-uagb-columns uagb-columns__wrap uagb-columns__background-undefined uagb-columns__stack-mobile uagb-columns__valign-undefined uagb-columns__gap-10 alignundefined uagb-block-383c8822 contrast blog_beitraege\"><div class=\"uagb-columns__overlay\"><\/div><div class=\"uagb-columns__inner-wrap uagb-columns__columns-1\">\n<div class=\"wp-block-uagb-column uagb-column__wrap uagb-column__background-undefined uagb-block-325dbaab\"><div class=\"uagb-column__overlay\"><\/div><div class=\"uagb-column__inner-wrap\">\n<h3 class=\"wp-block-heading\" id=\"h-das-konnte-sie-auch-interessieren\">You might also be interested in:<\/h3>\n\n\n\n\t\t\t<div class=\"wp-block-uagb-post-grid uagb-post-grid  uagb-post__image-position-top uagb-post__image-enabled uagb-block-7c784234     uagb-post__items uagb-post__columns-3 is-grid uagb-post__columns-tablet-2 uagb-post__columns-mobile-1 uagb-post__equal-height\" data-total=\"2\" style=\"\">\n\n\t\t\t\t\t\t\t\t\t\t\t\t<article class=\"uagb-post__inner-wrap\">\t\t\t\t\t\t\t\t<div class='uagb-post__image'>\n\t\t\t\t\t\t\t\t\t<a href=\"https:\/\/ru.law\/en\/vw-muss-auch-fuer-audi-motor-ea897evo-haften\/\" target=\"_self\" rel=\"bookmark noopener noreferrer\" class='uagb-image-ratio-inherit'><img loading=\"lazy\" decoding=\"async\" width=\"1024\" height=\"576\" src=\"https:\/\/ru.law\/wp-content\/uploads\/2021\/08\/Rogert-Ulbrich-Rechtsanwaelte-Kanzlei-Abgasskandal-Diesel-Euro-6-VW-1024x576.jpg\" class=\"attachment-large size-large\" alt=\"\" srcset=\"https:\/\/ru.law\/wp-content\/uploads\/2021\/08\/Rogert-Ulbrich-Rechtsanwaelte-Kanzlei-Abgasskandal-Diesel-Euro-6-VW-1024x576.jpg 1024w, https:\/\/ru.law\/wp-content\/uploads\/2021\/08\/Rogert-Ulbrich-Rechtsanwaelte-Kanzlei-Abgasskandal-Diesel-Euro-6-VW-300x169.jpg 300w, https:\/\/ru.law\/wp-content\/uploads\/2021\/08\/Rogert-Ulbrich-Rechtsanwaelte-Kanzlei-Abgasskandal-Diesel-Euro-6-VW-768x432.jpg 768w, https:\/\/ru.law\/wp-content\/uploads\/2021\/08\/Rogert-Ulbrich-Rechtsanwaelte-Kanzlei-Abgasskandal-Diesel-Euro-6-VW.jpg 1200w\" sizes=\"auto, (max-width: 1024px) 100vw, 1024px\" \/>\t\t\t\t\t<\/a>\n\t\t\t\t\t\t\t<\/div>\n\t\t\t\t\t\t<h4 class=\"uagb-post__title uagb-post__text\">\n\t\t\t\t<a href=\"https:\/\/ru.law\/en\/vw-muss-auch-fuer-audi-motor-ea897evo-haften\/\" target=\"_self\" rel=\"bookmark noopener noreferrer\">VW liable for Audi\u2019s EA897evo \u2013 tactic does not work<\/a>\n\t\t\t<\/h4>\n\t\t\t\t\t\t<div class='uagb-post__text uagb-post-grid-byline'>\n\t\t\t\t\t\t\t<\/div>\n\t\t\t\t\t\t\t<div class='uagb-post__text uagb-post__excerpt'>\n\t\t\t\t\t<p>The Wolfsburg-based company&#039;s tactic of taking responsibility for the components installed in its premium models and...\t\t\t\t<\/div>\n\t\t\t\n\t\t\t\t\t\t\t\t\t<\/article>\n\t\t\t\t\t\t\t\t\t\t\t\t\t\t\t\t<article class=\"uagb-post__inner-wrap\">\t\t\t\t\t\t\t\t<div class='uagb-post__image'>\n\t\t\t\t\t\t\t\t\t<a href=\"https:\/\/ru.law\/en\/lg-duesseldorf-erneut-positive-entscheidung-zu-3-liter-motor\/\" target=\"_self\" rel=\"bookmark noopener noreferrer\" class='uagb-image-ratio-inherit'><img loading=\"lazy\" decoding=\"async\" width=\"1024\" height=\"576\" src=\"https:\/\/ru.law\/wp-content\/uploads\/2022\/05\/Rogert-Ulbrich-Rechtsanwaelte-Kanzlei-Abgasskandal-Urteile-Audi-A6-3-Liter-1024x576.jpg\" class=\"attachment-large size-large\" alt=\"\" srcset=\"https:\/\/ru.law\/wp-content\/uploads\/2022\/05\/Rogert-Ulbrich-Rechtsanwaelte-Kanzlei-Abgasskandal-Urteile-Audi-A6-3-Liter-1024x576.jpg 1024w, https:\/\/ru.law\/wp-content\/uploads\/2022\/05\/Rogert-Ulbrich-Rechtsanwaelte-Kanzlei-Abgasskandal-Urteile-Audi-A6-3-Liter-300x169.jpg 300w, https:\/\/ru.law\/wp-content\/uploads\/2022\/05\/Rogert-Ulbrich-Rechtsanwaelte-Kanzlei-Abgasskandal-Urteile-Audi-A6-3-Liter-768x432.jpg 768w, https:\/\/ru.law\/wp-content\/uploads\/2022\/05\/Rogert-Ulbrich-Rechtsanwaelte-Kanzlei-Abgasskandal-Urteile-Audi-A6-3-Liter.jpg 1200w\" sizes=\"auto, (max-width: 1024px) 100vw, 1024px\" \/>\t\t\t\t\t<\/a>\n\t\t\t\t\t\t\t<\/div>\n\t\t\t\t\t\t<h4 class=\"uagb-post__title uagb-post__text\">\n\t\t\t\t<a href=\"https:\/\/ru.law\/en\/lg-duesseldorf-erneut-positive-entscheidung-zu-3-liter-motor\/\" target=\"_self\" rel=\"bookmark noopener noreferrer\">LG D\u00fcsseldorf: Another positive decision on 3-liter engine<\/a>\n\t\t\t<\/h4>\n\t\t\t\t\t\t<div class='uagb-post__text uagb-post-grid-byline'>\n\t\t\t\t\t\t\t<\/div>\n\t\t\t\t\t\t\t<div class='uagb-post__text uagb-post__excerpt'>\n\t\t\t\t\t<p>The Regional Court (LG) D\u00fcsseldorf sentenced Audi AG to pay damages in the amount of\u2026\t\t\t\t<\/div>\n\t\t\t\n\t\t\t\t\t\t\t\t\t<\/article>\n\t\t\t\t\t\t\t\t\t\t\t\t\t\t\t\t<article class=\"uagb-post__inner-wrap\">\t\t\t\t\t\t\t\t<div class='uagb-post__image'>\n\t\t\t\t\t\t\t\t\t<a href=\"https:\/\/ru.law\/en\/landgericht-wuerzburg-verurteilt-audi-zur-ruecknahme-eines-audi-a7\/\" target=\"_self\" rel=\"bookmark noopener noreferrer\" class='uagb-image-ratio-inherit'><img loading=\"lazy\" decoding=\"async\" width=\"1024\" height=\"576\" src=\"https:\/\/ru.law\/wp-content\/uploads\/2021\/06\/rogert-ulbrich-rechtsanwalt-kanzlei-abgasskandal-audi-a7-3.0--1024x576.jpg\" class=\"attachment-large size-large\" alt=\"\" srcset=\"https:\/\/ru.law\/wp-content\/uploads\/2021\/06\/rogert-ulbrich-rechtsanwalt-kanzlei-abgasskandal-audi-a7-3.0--1024x576.jpg 1024w, https:\/\/ru.law\/wp-content\/uploads\/2021\/06\/rogert-ulbrich-rechtsanwalt-kanzlei-abgasskandal-audi-a7-3.0--300x169.jpg 300w, https:\/\/ru.law\/wp-content\/uploads\/2021\/06\/rogert-ulbrich-rechtsanwalt-kanzlei-abgasskandal-audi-a7-3.0--768x432.jpg 768w, https:\/\/ru.law\/wp-content\/uploads\/2021\/06\/rogert-ulbrich-rechtsanwalt-kanzlei-abgasskandal-audi-a7-3.0-.jpg 1200w\" sizes=\"auto, (max-width: 1024px) 100vw, 1024px\" \/>\t\t\t\t\t<\/a>\n\t\t\t\t\t\t\t<\/div>\n\t\t\t\t\t\t<h4 class=\"uagb-post__title uagb-post__text\">\n\t\t\t\t<a href=\"https:\/\/ru.law\/en\/landgericht-wuerzburg-verurteilt-audi-zur-ruecknahme-eines-audi-a7\/\" target=\"_self\" rel=\"bookmark noopener noreferrer\">W\u00fcrzburg Regional Court orders Audi to take back an Audi A7<\/a>\n\t\t\t<\/h4>\n\t\t\t\t\t\t<div class='uagb-post__text uagb-post-grid-byline'>\n\t\t\t\t\t\t\t<\/div>\n\t\t\t\t\t\t\t<div class='uagb-post__text uagb-post__excerpt'>\n\t\t\t\t\t<p>Good news from W\u00fcrzburg. The local district court upheld our client&#039;s claim. The Audi\u2026\t\t\t\t<\/div>\n\t\t\t\n\t\t\t\t\t\t\t\t\t<\/article>\n\t\t\t\t\t\t\t\t\t\t\t<\/div>\n\t\t\t<\/div><\/div>\n<\/div><\/section>","protected":false},"excerpt":{"rendered":"<p>Das Oberlandesgericht (OLG) D\u00fcsseldorf verurteilte die VW AG zur R\u00fccknahme eines VW Touareg (mit V6-Motor) und Schadensersatzzahlung in H\u00f6he von \u20ac 41.897,- (Urteil vom 21.02.2022, [&hellip;]<\/p>\n","protected":false},"author":21,"featured_media":27814,"comment_status":"closed","ping_status":"open","sticky":false,"template":"","format":"standard","meta":{"_uag_custom_page_level_css":"","site-sidebar-layout":"default","site-content-layout":"","ast-site-content-layout":"default","site-content-style":"default","site-sidebar-style":"default","ast-global-header-display":"","ast-banner-title-visibility":"","ast-main-header-display":"","ast-hfb-above-header-display":"","ast-hfb-below-header-display":"","ast-hfb-mobile-header-display":"","site-post-title":"","ast-breadcrumbs-content":"","ast-featured-img":"","footer-sml-layout":"","ast-disable-related-posts":"","theme-transparent-header-meta":"","adv-header-id-meta":"","stick-header-meta":"","header-above-stick-meta":"","header-main-stick-meta":"","header-below-stick-meta":"","astra-migrate-meta-layouts":"default","ast-page-background-enabled":"default","ast-page-background-meta":{"desktop":{"background-color":"","background-image":"","background-repeat":"repeat","background-position":"center center","background-size":"auto","background-attachment":"scroll","background-type":"","background-media":"","overlay-type":"","overlay-color":"","overlay-opacity":"","overlay-gradient":""},"tablet":{"background-color":"","background-image":"","background-repeat":"repeat","background-position":"center center","background-size":"auto","background-attachment":"scroll","background-type":"","background-media":"","overlay-type":"","overlay-color":"","overlay-opacity":"","overlay-gradient":""},"mobile":{"background-color":"","background-image":"","background-repeat":"repeat","background-position":"center center","background-size":"auto","background-attachment":"scroll","background-type":"","background-media":"","overlay-type":"","overlay-color":"","overlay-opacity":"","overlay-gradient":""}},"ast-content-background-meta":{"desktop":{"background-color":"var(--ast-global-color-5)","background-image":"","background-repeat":"repeat","background-position":"center center","background-size":"auto","background-attachment":"scroll","background-type":"","background-media":"","overlay-type":"","overlay-color":"","overlay-opacity":"","overlay-gradient":""},"tablet":{"background-color":"var(--ast-global-color-5)","background-image":"","background-repeat":"repeat","background-position":"center center","background-size":"auto","background-attachment":"scroll","background-type":"","background-media":"","overlay-type":"","overlay-color":"","overlay-opacity":"","overlay-gradient":""},"mobile":{"background-color":"var(--ast-global-color-5)","background-image":"","background-repeat":"repeat","background-position":"center center","background-size":"auto","background-attachment":"scroll","background-type":"","background-media":"","overlay-type":"","overlay-color":"","overlay-opacity":"","overlay-gradient":""}},"footnotes":""},"categories":[2,507],"tags":[1039,21,24,697,35,40,45],"class_list":["post-27808","post","type-post","status-publish","format-standard","has-post-thumbnail","hentry","category-abgasskandal","category-urteile","tag-3-liter","tag-ea897","tag-euro-6","tag-kba","tag-rueckruf","tag-software-update","tag-vw"],"yoast_head":"<!-- This site is optimized with the Yoast SEO Premium plugin v27.4 (Yoast SEO v27.4) - https:\/\/yoast.com\/product\/yoast-seo-premium-wordpress\/ -->\n<title>OLG D\u00fcsseldorf: Haftung der VW AG bei EA897 - R&amp;U<\/title>\n<meta name=\"description\" content=\"OLG D\u00fcsseldorf: VW AG haftet auch f\u00fcr den durch die Audi AG produzierten V6-Dieselmotor. Lassen Sie sich kostenlos durch uns beraten!\" \/>\n<meta name=\"robots\" content=\"index, follow, max-snippet:-1, max-image-preview:large, max-video-preview:-1\" \/>\n<link rel=\"canonical\" href=\"https:\/\/ru.law\/en\/olg-duesseldorf-haftung-der-vw-ag-bei-ea897\/\" \/>\n<meta property=\"og:locale\" content=\"en_GB\" \/>\n<meta property=\"og:type\" content=\"article\" \/>\n<meta property=\"og:title\" content=\"OLG D\u00fcsseldorf: Haftung der VW AG bei EA897\" \/>\n<meta property=\"og:description\" content=\"OLG D\u00fcsseldorf: VW AG haftet auch f\u00fcr den durch die Audi AG produzierten V6-Dieselmotor. Lassen Sie sich kostenlos durch uns beraten!\" \/>\n<meta property=\"og:url\" content=\"https:\/\/ru.law\/en\/olg-duesseldorf-haftung-der-vw-ag-bei-ea897\/\" \/>\n<meta property=\"og:site_name\" content=\"R&amp;U\" \/>\n<meta property=\"article:publisher\" content=\"https:\/\/www.facebook.com\/RogertUlbrich\/\" \/>\n<meta property=\"article:published_time\" content=\"2022-03-02T07:49:53+00:00\" \/>\n<meta property=\"article:modified_time\" content=\"2024-07-08T11:11:57+00:00\" \/>\n<meta property=\"og:image\" content=\"https:\/\/ru.law\/wp-content\/uploads\/2022\/03\/Rogert-Ulbrich-Rechtsanwaelte-Kanzlei-Abgasskandal-Urteil-VW-Touareg-EA897.jpg\" \/>\n\t<meta property=\"og:image:width\" content=\"1200\" \/>\n\t<meta property=\"og:image:height\" content=\"675\" \/>\n\t<meta property=\"og:image:type\" content=\"image\/jpeg\" \/>\n<meta name=\"author\" content=\"Marco Rogert\" \/>\n<meta name=\"twitter:card\" content=\"summary_large_image\" \/>\n<meta name=\"twitter:creator\" content=\"@RogertUlbrich\" \/>\n<meta name=\"twitter:site\" content=\"@RogertUlbrich\" \/>\n<script type=\"application\/ld+json\" class=\"yoast-schema-graph\">{\"@context\":\"https:\\\/\\\/schema.org\",\"@graph\":[{\"@type\":\"Article\",\"@id\":\"https:\\\/\\\/ru.law\\\/olg-duesseldorf-haftung-der-vw-ag-bei-ea897\\\/#article\",\"isPartOf\":{\"@id\":\"https:\\\/\\\/ru.law\\\/olg-duesseldorf-haftung-der-vw-ag-bei-ea897\\\/\"},\"author\":{\"name\":\"Marco Rogert\",\"@id\":\"https:\\\/\\\/ru.law\\\/#\\\/schema\\\/person\\\/b020d506e6bbc471b4565d3a98173b87\"},\"headline\":\"OLG D\u00fcsseldorf: Haftung der VW AG bei EA897\",\"datePublished\":\"2022-03-02T07:49:53+00:00\",\"dateModified\":\"2024-07-08T11:11:57+00:00\",\"mainEntityOfPage\":{\"@id\":\"https:\\\/\\\/ru.law\\\/olg-duesseldorf-haftung-der-vw-ag-bei-ea897\\\/\"},\"wordCount\":336,\"publisher\":{\"@id\":\"https:\\\/\\\/ru.law\\\/#organization\"},\"image\":{\"@id\":\"https:\\\/\\\/ru.law\\\/olg-duesseldorf-haftung-der-vw-ag-bei-ea897\\\/#primaryimage\"},\"thumbnailUrl\":\"https:\\\/\\\/ru.law\\\/wp-content\\\/uploads\\\/2022\\\/03\\\/Rogert-Ulbrich-Rechtsanwaelte-Kanzlei-Abgasskandal-Urteil-VW-Touareg-EA897.jpg\",\"keywords\":[\"3-Liter\",\"EA897\",\"Euro-6\",\"KBA\",\"R\u00fcckruf\",\"Software-Update\",\"VW\"],\"articleSection\":[\"Abgasskandal\",\"Urteile\"],\"inLanguage\":\"en-GB\"},{\"@type\":\"WebPage\",\"@id\":\"https:\\\/\\\/ru.law\\\/olg-duesseldorf-haftung-der-vw-ag-bei-ea897\\\/\",\"url\":\"https:\\\/\\\/ru.law\\\/olg-duesseldorf-haftung-der-vw-ag-bei-ea897\\\/\",\"name\":\"OLG D\u00fcsseldorf: Haftung der VW AG bei EA897 - R&amp;U\",\"isPartOf\":{\"@id\":\"https:\\\/\\\/ru.law\\\/#website\"},\"primaryImageOfPage\":{\"@id\":\"https:\\\/\\\/ru.law\\\/olg-duesseldorf-haftung-der-vw-ag-bei-ea897\\\/#primaryimage\"},\"image\":{\"@id\":\"https:\\\/\\\/ru.law\\\/olg-duesseldorf-haftung-der-vw-ag-bei-ea897\\\/#primaryimage\"},\"thumbnailUrl\":\"https:\\\/\\\/ru.law\\\/wp-content\\\/uploads\\\/2022\\\/03\\\/Rogert-Ulbrich-Rechtsanwaelte-Kanzlei-Abgasskandal-Urteil-VW-Touareg-EA897.jpg\",\"datePublished\":\"2022-03-02T07:49:53+00:00\",\"dateModified\":\"2024-07-08T11:11:57+00:00\",\"description\":\"OLG D\u00fcsseldorf: VW AG haftet auch f\u00fcr den durch die Audi AG produzierten V6-Dieselmotor. Lassen Sie sich kostenlos durch uns beraten!\",\"breadcrumb\":{\"@id\":\"https:\\\/\\\/ru.law\\\/olg-duesseldorf-haftung-der-vw-ag-bei-ea897\\\/#breadcrumb\"},\"inLanguage\":\"en-GB\",\"potentialAction\":[{\"@type\":\"ReadAction\",\"target\":[\"https:\\\/\\\/ru.law\\\/olg-duesseldorf-haftung-der-vw-ag-bei-ea897\\\/\"]}]},{\"@type\":\"ImageObject\",\"inLanguage\":\"en-GB\",\"@id\":\"https:\\\/\\\/ru.law\\\/olg-duesseldorf-haftung-der-vw-ag-bei-ea897\\\/#primaryimage\",\"url\":\"https:\\\/\\\/ru.law\\\/wp-content\\\/uploads\\\/2022\\\/03\\\/Rogert-Ulbrich-Rechtsanwaelte-Kanzlei-Abgasskandal-Urteil-VW-Touareg-EA897.jpg\",\"contentUrl\":\"https:\\\/\\\/ru.law\\\/wp-content\\\/uploads\\\/2022\\\/03\\\/Rogert-Ulbrich-Rechtsanwaelte-Kanzlei-Abgasskandal-Urteil-VW-Touareg-EA897.jpg\",\"width\":1200,\"height\":675},{\"@type\":\"BreadcrumbList\",\"@id\":\"https:\\\/\\\/ru.law\\\/olg-duesseldorf-haftung-der-vw-ag-bei-ea897\\\/#breadcrumb\",\"itemListElement\":[{\"@type\":\"ListItem\",\"position\":1,\"name\":\"Startseite\",\"item\":\"https:\\\/\\\/ru.law\\\/\"},{\"@type\":\"ListItem\",\"position\":2,\"name\":\"OLG D\u00fcsseldorf: Haftung der VW AG bei EA897\"}]},{\"@type\":\"WebSite\",\"@id\":\"https:\\\/\\\/ru.law\\\/#website\",\"url\":\"https:\\\/\\\/ru.law\\\/\",\"name\":\"R&U\",\"description\":\"Verbraucheranw\u00e4lte\",\"publisher\":{\"@id\":\"https:\\\/\\\/ru.law\\\/#organization\"},\"alternateName\":\"Rogert & Ulbrich\",\"potentialAction\":[{\"@type\":\"SearchAction\",\"target\":{\"@type\":\"EntryPoint\",\"urlTemplate\":\"https:\\\/\\\/ru.law\\\/?s={search_term_string}\"},\"query-input\":{\"@type\":\"PropertyValueSpecification\",\"valueRequired\":true,\"valueName\":\"search_term_string\"}}],\"inLanguage\":\"en-GB\"},{\"@type\":\"Organization\",\"@id\":\"https:\\\/\\\/ru.law\\\/#organization\",\"name\":\"Kanzlei Rogert & Ulbrich\",\"url\":\"https:\\\/\\\/ru.law\\\/\",\"logo\":{\"@type\":\"ImageObject\",\"inLanguage\":\"en-GB\",\"@id\":\"https:\\\/\\\/ru.law\\\/#\\\/schema\\\/logo\\\/image\\\/\",\"url\":\"https:\\\/\\\/ru.law\\\/wp-content\\\/uploads\\\/2020\\\/12\\\/logo-ru-law.svg\",\"contentUrl\":\"https:\\\/\\\/ru.law\\\/wp-content\\\/uploads\\\/2020\\\/12\\\/logo-ru-law.svg\",\"width\":992,\"height\":259,\"caption\":\"Kanzlei Rogert & Ulbrich\"},\"image\":{\"@id\":\"https:\\\/\\\/ru.law\\\/#\\\/schema\\\/logo\\\/image\\\/\"},\"sameAs\":[\"https:\\\/\\\/www.facebook.com\\\/RogertUlbrich\\\/\",\"https:\\\/\\\/x.com\\\/RogertUlbrich\",\"https:\\\/\\\/www.instagram.com\\\/rogertulbrich\\\/\",\"https:\\\/\\\/www.linkedin.com\\\/company\\\/rogert-ulbrich\\\/\",\"https:\\\/\\\/www.youtube.com\\\/channel\\\/UCganCgpvwpPFqMFf1vVmG2A\"]},{\"@type\":\"Person\",\"@id\":\"https:\\\/\\\/ru.law\\\/#\\\/schema\\\/person\\\/b020d506e6bbc471b4565d3a98173b87\",\"name\":\"Marco Rogert\",\"url\":\"https:\\\/\\\/ru.law\\\/en\\\/author\\\/rogertru-law\\\/\"}]}<\/script>\n<!-- \/ Yoast SEO Premium plugin. -->","yoast_head_json":{"title":"OLG D\u00fcsseldorf: Haftung der VW AG bei EA897 - R&amp;U","description":"OLG D\u00fcsseldorf: VW AG haftet auch f\u00fcr den durch die Audi AG produzierten V6-Dieselmotor. Lassen Sie sich kostenlos durch uns beraten!","robots":{"index":"index","follow":"follow","max-snippet":"max-snippet:-1","max-image-preview":"max-image-preview:large","max-video-preview":"max-video-preview:-1"},"canonical":"https:\/\/ru.law\/en\/olg-duesseldorf-haftung-der-vw-ag-bei-ea897\/","og_locale":"en_GB","og_type":"article","og_title":"OLG D\u00fcsseldorf: Haftung der VW AG bei EA897","og_description":"OLG D\u00fcsseldorf: VW AG haftet auch f\u00fcr den durch die Audi AG produzierten V6-Dieselmotor. Lassen Sie sich kostenlos durch uns beraten!","og_url":"https:\/\/ru.law\/en\/olg-duesseldorf-haftung-der-vw-ag-bei-ea897\/","og_site_name":"R&amp;U","article_publisher":"https:\/\/www.facebook.com\/RogertUlbrich\/","article_published_time":"2022-03-02T07:49:53+00:00","article_modified_time":"2024-07-08T11:11:57+00:00","og_image":[{"width":1200,"height":675,"url":"https:\/\/ru.law\/wp-content\/uploads\/2022\/03\/Rogert-Ulbrich-Rechtsanwaelte-Kanzlei-Abgasskandal-Urteil-VW-Touareg-EA897.jpg","type":"image\/jpeg"}],"author":"Marco Rogert","twitter_card":"summary_large_image","twitter_creator":"@RogertUlbrich","twitter_site":"@RogertUlbrich","schema":{"@context":"https:\/\/schema.org","@graph":[{"@type":"Article","@id":"https:\/\/ru.law\/olg-duesseldorf-haftung-der-vw-ag-bei-ea897\/#article","isPartOf":{"@id":"https:\/\/ru.law\/olg-duesseldorf-haftung-der-vw-ag-bei-ea897\/"},"author":{"name":"Marco Rogert","@id":"https:\/\/ru.law\/#\/schema\/person\/b020d506e6bbc471b4565d3a98173b87"},"headline":"OLG D\u00fcsseldorf: Haftung der VW AG bei EA897","datePublished":"2022-03-02T07:49:53+00:00","dateModified":"2024-07-08T11:11:57+00:00","mainEntityOfPage":{"@id":"https:\/\/ru.law\/olg-duesseldorf-haftung-der-vw-ag-bei-ea897\/"},"wordCount":336,"publisher":{"@id":"https:\/\/ru.law\/#organization"},"image":{"@id":"https:\/\/ru.law\/olg-duesseldorf-haftung-der-vw-ag-bei-ea897\/#primaryimage"},"thumbnailUrl":"https:\/\/ru.law\/wp-content\/uploads\/2022\/03\/Rogert-Ulbrich-Rechtsanwaelte-Kanzlei-Abgasskandal-Urteil-VW-Touareg-EA897.jpg","keywords":["3-Liter","EA897","Euro-6","KBA","R\u00fcckruf","Software-Update","VW"],"articleSection":["Abgasskandal","Urteile"],"inLanguage":"en-GB"},{"@type":"WebPage","@id":"https:\/\/ru.law\/olg-duesseldorf-haftung-der-vw-ag-bei-ea897\/","url":"https:\/\/ru.law\/olg-duesseldorf-haftung-der-vw-ag-bei-ea897\/","name":"OLG D\u00fcsseldorf: Haftung der VW AG bei EA897 - R&amp;U","isPartOf":{"@id":"https:\/\/ru.law\/#website"},"primaryImageOfPage":{"@id":"https:\/\/ru.law\/olg-duesseldorf-haftung-der-vw-ag-bei-ea897\/#primaryimage"},"image":{"@id":"https:\/\/ru.law\/olg-duesseldorf-haftung-der-vw-ag-bei-ea897\/#primaryimage"},"thumbnailUrl":"https:\/\/ru.law\/wp-content\/uploads\/2022\/03\/Rogert-Ulbrich-Rechtsanwaelte-Kanzlei-Abgasskandal-Urteil-VW-Touareg-EA897.jpg","datePublished":"2022-03-02T07:49:53+00:00","dateModified":"2024-07-08T11:11:57+00:00","description":"OLG D\u00fcsseldorf: VW AG haftet auch f\u00fcr den durch die Audi AG produzierten V6-Dieselmotor. Lassen Sie sich kostenlos durch uns beraten!","breadcrumb":{"@id":"https:\/\/ru.law\/olg-duesseldorf-haftung-der-vw-ag-bei-ea897\/#breadcrumb"},"inLanguage":"en-GB","potentialAction":[{"@type":"ReadAction","target":["https:\/\/ru.law\/olg-duesseldorf-haftung-der-vw-ag-bei-ea897\/"]}]},{"@type":"ImageObject","inLanguage":"en-GB","@id":"https:\/\/ru.law\/olg-duesseldorf-haftung-der-vw-ag-bei-ea897\/#primaryimage","url":"https:\/\/ru.law\/wp-content\/uploads\/2022\/03\/Rogert-Ulbrich-Rechtsanwaelte-Kanzlei-Abgasskandal-Urteil-VW-Touareg-EA897.jpg","contentUrl":"https:\/\/ru.law\/wp-content\/uploads\/2022\/03\/Rogert-Ulbrich-Rechtsanwaelte-Kanzlei-Abgasskandal-Urteil-VW-Touareg-EA897.jpg","width":1200,"height":675},{"@type":"BreadcrumbList","@id":"https:\/\/ru.law\/olg-duesseldorf-haftung-der-vw-ag-bei-ea897\/#breadcrumb","itemListElement":[{"@type":"ListItem","position":1,"name":"Startseite","item":"https:\/\/ru.law\/"},{"@type":"ListItem","position":2,"name":"OLG D\u00fcsseldorf: Haftung der VW AG bei EA897"}]},{"@type":"WebSite","@id":"https:\/\/ru.law\/#website","url":"https:\/\/ru.law\/","name":"R&amp;U","description":"Consumer lawyers","publisher":{"@id":"https:\/\/ru.law\/#organization"},"alternateName":"Rogert & Ulbrich","potentialAction":[{"@type":"SearchAction","target":{"@type":"EntryPoint","urlTemplate":"https:\/\/ru.law\/?s={search_term_string}"},"query-input":{"@type":"PropertyValueSpecification","valueRequired":true,"valueName":"search_term_string"}}],"inLanguage":"en-GB"},{"@type":"Organization","@id":"https:\/\/ru.law\/#organization","name":"Rogert &amp; Ulbrich Law Firm","url":"https:\/\/ru.law\/","logo":{"@type":"ImageObject","inLanguage":"en-GB","@id":"https:\/\/ru.law\/#\/schema\/logo\/image\/","url":"https:\/\/ru.law\/wp-content\/uploads\/2020\/12\/logo-ru-law.svg","contentUrl":"https:\/\/ru.law\/wp-content\/uploads\/2020\/12\/logo-ru-law.svg","width":992,"height":259,"caption":"Kanzlei Rogert & Ulbrich"},"image":{"@id":"https:\/\/ru.law\/#\/schema\/logo\/image\/"},"sameAs":["https:\/\/www.facebook.com\/RogertUlbrich\/","https:\/\/x.com\/RogertUlbrich","https:\/\/www.instagram.com\/rogertulbrich\/","https:\/\/www.linkedin.com\/company\/rogert-ulbrich\/","https:\/\/www.youtube.com\/channel\/UCganCgpvwpPFqMFf1vVmG2A"]},{"@type":"Person","@id":"https:\/\/ru.law\/#\/schema\/person\/b020d506e6bbc471b4565d3a98173b87","name":"Marco Rogert","url":"https:\/\/ru.law\/en\/author\/rogertru-law\/"}]}},"uagb_featured_image_src":{"full":["https:\/\/ru.law\/wp-content\/uploads\/2022\/03\/Rogert-Ulbrich-Rechtsanwaelte-Kanzlei-Abgasskandal-Urteil-VW-Touareg-EA897.jpg",1200,675,false],"thumbnail":["https:\/\/ru.law\/wp-content\/uploads\/2022\/03\/Rogert-Ulbrich-Rechtsanwaelte-Kanzlei-Abgasskandal-Urteil-VW-Touareg-EA897-150x150.jpg",96,96,true],"medium":["https:\/\/ru.law\/wp-content\/uploads\/2022\/03\/Rogert-Ulbrich-Rechtsanwaelte-Kanzlei-Abgasskandal-Urteil-VW-Touareg-EA897-300x169.jpg",300,169,true],"medium_large":["https:\/\/ru.law\/wp-content\/uploads\/2022\/03\/Rogert-Ulbrich-Rechtsanwaelte-Kanzlei-Abgasskandal-Urteil-VW-Touareg-EA897-768x432.jpg",768,432,true],"large":["https:\/\/ru.law\/wp-content\/uploads\/2022\/03\/Rogert-Ulbrich-Rechtsanwaelte-Kanzlei-Abgasskandal-Urteil-VW-Touareg-EA897-1024x576.jpg",1024,576,true],"1536x1536":["https:\/\/ru.law\/wp-content\/uploads\/2022\/03\/Rogert-Ulbrich-Rechtsanwaelte-Kanzlei-Abgasskandal-Urteil-VW-Touareg-EA897.jpg",1200,675,false],"2048x2048":["https:\/\/ru.law\/wp-content\/uploads\/2022\/03\/Rogert-Ulbrich-Rechtsanwaelte-Kanzlei-Abgasskandal-Urteil-VW-Touareg-EA897.jpg",1200,675,false],"trp-custom-language-flag":["https:\/\/ru.law\/wp-content\/uploads\/2022\/03\/Rogert-Ulbrich-Rechtsanwaelte-Kanzlei-Abgasskandal-Urteil-VW-Touareg-EA897.jpg",18,10,false]},"uagb_author_info":{"display_name":"Marco Rogert","author_link":"https:\/\/ru.law\/en\/author\/rogertru-law\/"},"uagb_comment_info":0,"uagb_excerpt":"Das Oberlandesgericht (OLG) D\u00fcsseldorf verurteilte die VW AG zur R\u00fccknahme eines VW Touareg (mit V6-Motor) und Schadensersatzzahlung in H\u00f6he von \u20ac 41.897,- (Urteil vom 21.02.2022, [&hellip;]","_links":{"self":[{"href":"https:\/\/ru.law\/en\/wp-json\/wp\/v2\/posts\/27808","targetHints":{"allow":["GET"]}}],"collection":[{"href":"https:\/\/ru.law\/en\/wp-json\/wp\/v2\/posts"}],"about":[{"href":"https:\/\/ru.law\/en\/wp-json\/wp\/v2\/types\/post"}],"author":[{"embeddable":true,"href":"https:\/\/ru.law\/en\/wp-json\/wp\/v2\/users\/21"}],"replies":[{"embeddable":true,"href":"https:\/\/ru.law\/en\/wp-json\/wp\/v2\/comments?post=27808"}],"version-history":[{"count":0,"href":"https:\/\/ru.law\/en\/wp-json\/wp\/v2\/posts\/27808\/revisions"}],"wp:featuredmedia":[{"embeddable":true,"href":"https:\/\/ru.law\/en\/wp-json\/wp\/v2\/media\/27814"}],"wp:attachment":[{"href":"https:\/\/ru.law\/en\/wp-json\/wp\/v2\/media?parent=27808"}],"wp:term":[{"taxonomy":"category","embeddable":true,"href":"https:\/\/ru.law\/en\/wp-json\/wp\/v2\/categories?post=27808"},{"taxonomy":"post_tag","embeddable":true,"href":"https:\/\/ru.law\/en\/wp-json\/wp\/v2\/tags?post=27808"}],"curies":[{"name":"wp","href":"https:\/\/api.w.org\/{rel}","templated":true}]}}