{"id":27351,"date":"2022-02-21T11:50:57","date_gmt":"2022-02-21T10:50:57","guid":{"rendered":"https:\/\/ru.law\/?p=27351"},"modified":"2024-11-11T08:29:11","modified_gmt":"2024-11-11T07:29:11","slug":"kuendigungsfristen-was-ist-zu-beachten","status":"publish","type":"post","link":"https:\/\/ru.law\/en\/kuendigungsfristen-was-ist-zu-beachten\/","title":{"rendered":"Notice periods \u2013 what should be taken into account?"},"content":{"rendered":"<p>The <a href=\"https:\/\/ru.law\/en\/arbeitsrecht-kuendigungsschutz\/#frist\">notice periods <\/a>in labor law are in the <a href=\"https:\/\/www.gesetze-im-internet.de\/bgb\/__622.html\" target=\"_blank\" rel=\"noreferrer noopener\">\u00a7\u00a7 622 ff. BGB<\/a> This stipulates that employees are entitled to a uniform statutory minimum notice period of <strong>four weeks<\/strong> by the 15th or at the end of a calendar month. An exception is the probationary period: During this period, both employees and employers can terminate the employment relationship at any time with a notice period of 2 weeks (Section 622 Paragraph 3 of the German Civil Code). <\/p>\n\n\n\n<p>But what are the notice periods for the employer? Depending on the length of service, the notice period for the employer can be extended&nbsp;<a href=\"https:\/\/dejure.org\/gesetze\/BGB\/622.html\" target=\"_blank\" rel=\"noreferrer noopener\">(\u00a7 622 para. 2 BGB)<\/a>If, for example, the employee has been working for the company for two years, his notice period is one month to the end of the calendar month. If he has been working there for five years, his notice period is two months to the end of the month. <\/p>\n\n\n\n<ul class=\"wp-block-list\">\n<li>at 8 years, the notice period is 3 months to the end of the month <\/li>\n\n\n\n<li>at 10 years, the notice period is 4 months to the end of the month <\/li>\n\n\n\n<li>at 12 years, the notice period is 5 months to the end of the month <\/li>\n\n\n\n<li>at 15 years, the notice period is 6 months to the end of the month <\/li>\n\n\n\n<li>at 20 years, the notice period is 7 months to the end of the month <\/li>\n<\/ul>\n\n\n\n<p>This legal regulation is intended to protect employees, especially those who have been working for the same company for a long time. <\/p>\n\n\n\n<p>A notice period may also be agreed in the employment contract. It should be noted that a shorter notice period is only possible under certain circumstances (<a href=\"https:\/\/www.gesetze-im-internet.de\/bgb\/__622.html\" target=\"_blank\" rel=\"noreferrer noopener\">\u00a7 622 para. 5 BGB<\/a>). Employees must have been hired as temporary workers, and the working period must not exceed 3 months. It is also important that no longer notice period may be agreed for the termination of the employment relationship by the employee than for the termination by the employer (Section 622 Paragraph 6 of the German Civil Code). If, for example, a notice period of 3 months is agreed in the employment contract, this period must apply to both parties. <\/p>\n\n\n\n<h2 class=\"wp-block-heading\" id=\"h-abweichung-wann-ist-eine-fristlose-kundigung-moglich\">Deviation: When is termination without notice possible? <\/h2>\n\n\n\n<p>A deviation from \u00a7 622 BGB is <a href=\"https:\/\/www.gesetze-im-internet.de\/bgb\/__626.html\" target=\"_blank\" rel=\"noreferrer noopener\">\u00a7 626 BGB<\/a>. This is where termination without notice for good cause is regulated. The notice periods of \u00a7 622 BGB do not apply in the context of termination without notice. However, a <ins>&quot;<\/ins>important reason<ins>&quot;<\/ins>. It is questionable <ins>meanwhile, <\/ins>which is an important reason for an extraordinary (immediate) termination. It must be unreasonable for the person terminating the contract to comply with the regular notice periods. This requires a serious violation which cannot be justified. As a rule, the employer must <ins>nonetheless <\/ins>check beforehand whether a milder measure, such as a warning, comes into consideration.<\/p>\n\n\n\n<p>The following reasons would justify termination without notice: <\/p>\n\n\n\n<ul class=\"wp-block-list\">\n<li>data protection violation<\/li>\n\n\n\n<li>Sexual harassment\/coercion<\/li>\n\n\n\n<li>working time fraud<\/li>\n\n\n\n<li>theft<\/li>\n\n\n\n<li>vacation without permission<\/li>\n\n\n\n<li>Unexcused absence<\/li>\n\n\n\n<li>Forgery of vaccination\/recovery certificate<\/li>\n\n\n\n<li>threat of violence<\/li>\n\n\n\n<li>insult<\/li>\n\n\n\n<li>bullying<\/li>\n<\/ul>\n\n\n\n<h3 class=\"wp-block-heading\" id=\"h-wir-bei-rogert-amp-ulbrich-wissen-was-zu-beachten-gilt\"><strong>We at Rogert &amp; Ulbrich know what to consider!<\/strong><\/h3>\n\n\n\n<p>Are you unsure whether your employer has observed the statutory notice periods or whether your termination without notice contains an important reason? <a href=\"https:\/\/ru.law\/en\/arbeitsrecht-kuendigungsschutz\/#schritte\">Then let us advise you free of charge and without obligation<\/a>We will prepare for you within&nbsp;<a href=\"https:\/\/ru.law\/en\/arbeitsrecht-kuendigungsschutz\/#24stunden\">24 hours<\/a>&nbsp;a draft lawsuit and an out-of-court dismissal letter to your employer. <strong><a href=\"https:\/\/ru.law\/en\/arbeitsrecht-kuendigungsschutz\/#erstberatung\">Take advantage of our free initial telephone consultation now and ask our specialized lawyers your questions.<\/a><\/strong><\/p>\n\n\n\n<section class=\"wp-block-uagb-columns uagb-columns__wrap uagb-columns__stack-mobile uagb-columns__valign- uagb-columns__gap-10 align uagb-block-bc4eaf7c uagb-columns__columns-1 uagb-columns__max_width-theme contrast blog_beitraege\"><div class=\"uagb-columns__overlay\"><\/div><div class=\"uagb-columns__inner-wrap uagb-columns__columns-1\">\n<div class=\"wp-block-uagb-column uagb-column__wrap uagb-column__background-undefined uagb-block-0a8122d2\"><div class=\"uagb-column__overlay\"><\/div>\n<h3 class=\"wp-block-heading\" id=\"h-das-konnte-sie-auch-interessieren\">You might also be interested in:<\/h3>\n\n\n\n\t\t\t<div class=\"wp-block-uagb-post-grid uagb-post-grid  uagb-post__image-position-top uagb-post__image-enabled uagb-block-327005d6     uagb-post__items uagb-post__columns-3 is-grid uagb-post__columns-tablet-2 uagb-post__columns-mobile-1 uagb-post__equal-height\" data-total=\"0\" style=\"\">\n\n\t\t\t\t\t\t\t\t\t<p class=\"uagb-post__no-posts\">\n\t\t\t\t\t\tNo post found!\t\t\t\t\t<\/p>\n\t\t\t\t\t\t\t\t<\/div>\n\t\t\t<\/div>\n<\/div><\/section>","protected":false},"excerpt":{"rendered":"<p>Die K\u00fcndigungsfristen im Arbeitsrecht sind in den \u00a7\u00a7 622 ff. BGB gesetzlich festgehalten. Dort ist geregelt, dass Arbeitnehmende gem\u00e4\u00df \u00a7 622 Abs. 1 BGB eine [&hellip;]<\/p>\n","protected":false},"author":21,"featured_media":27353,"comment_status":"closed","ping_status":"open","sticky":false,"template":"","format":"standard","meta":{"_uag_custom_page_level_css":"","site-sidebar-layout":"default","site-content-layout":"","ast-site-content-layout":"default","site-content-style":"default","site-sidebar-style":"default","ast-global-header-display":"","ast-banner-title-visibility":"","ast-main-header-display":"","ast-hfb-above-header-display":"","ast-hfb-below-header-display":"","ast-hfb-mobile-header-display":"","site-post-title":"","ast-breadcrumbs-content":"","ast-featured-img":"","footer-sml-layout":"","ast-disable-related-posts":"","theme-transparent-header-meta":"","adv-header-id-meta":"","stick-header-meta":"","header-above-stick-meta":"","header-main-stick-meta":"","header-below-stick-meta":"","astra-migrate-meta-layouts":"set","ast-page-background-enabled":"default","ast-page-background-meta":{"desktop":{"background-color":"","background-image":"","background-repeat":"repeat","background-position":"center center","background-size":"auto","background-attachment":"scroll","background-type":"","background-media":"","overlay-type":"","overlay-color":"","overlay-opacity":"","overlay-gradient":""},"tablet":{"background-color":"","background-image":"","background-repeat":"repeat","background-position":"center center","background-size":"auto","background-attachment":"scroll","background-type":"","background-media":"","overlay-type":"","overlay-color":"","overlay-opacity":"","overlay-gradient":""},"mobile":{"background-color":"","background-image":"","background-repeat":"repeat","background-position":"center center","background-size":"auto","background-attachment":"scroll","background-type":"","background-media":"","overlay-type":"","overlay-color":"","overlay-opacity":"","overlay-gradient":""}},"ast-content-background-meta":{"desktop":{"background-color":"var(--ast-global-color-5)","background-image":"","background-repeat":"repeat","background-position":"center center","background-size":"auto","background-attachment":"scroll","background-type":"","background-media":"","overlay-type":"","overlay-color":"","overlay-opacity":"","overlay-gradient":""},"tablet":{"background-color":"var(--ast-global-color-5)","background-image":"","background-repeat":"repeat","background-position":"center center","background-size":"auto","background-attachment":"scroll","background-type":"","background-media":"","overlay-type":"","overlay-color":"","overlay-opacity":"","overlay-gradient":""},"mobile":{"background-color":"var(--ast-global-color-5)","background-image":"","background-repeat":"repeat","background-position":"center center","background-size":"auto","background-attachment":"scroll","background-type":"","background-media":"","overlay-type":"","overlay-color":"","overlay-opacity":"","overlay-gradient":""}},"footnotes":""},"categories":[1139],"tags":[1073,1065,1071,1064,1072],"class_list":["post-27351","post","type-post","status-publish","format-standard","has-post-thumbnail","hentry","category-arbeitsrecht","tag-fristlose-kuendigung","tag-kuendigung","tag-kuendigungsfrist","tag-kuendigungsschutz","tag-ordentliche-kuendigung"],"yoast_head":"<!-- This site is optimized with the Yoast SEO Premium plugin v27.4 (Yoast SEO v27.4) - https:\/\/yoast.com\/product\/yoast-seo-premium-wordpress\/ -->\n<title>K\u00fcndigungsfristen - Was ist zu beachten? - R&amp;U<\/title>\n<meta name=\"description\" content=\"Wurden die gesetzlichen K\u00fcndigungsfristen eingehalten? Lassen Sie sich von uns kostenlos und unverbindlich beraten!\" \/>\n<meta name=\"robots\" content=\"index, follow, max-snippet:-1, max-image-preview:large, max-video-preview:-1\" \/>\n<link rel=\"canonical\" href=\"https:\/\/ru.law\/en\/kuendigungsfristen-was-ist-zu-beachten\/\" \/>\n<meta property=\"og:locale\" content=\"en_GB\" \/>\n<meta property=\"og:type\" content=\"article\" \/>\n<meta property=\"og:title\" content=\"K\u00fcndigungsfristen - Was ist zu beachten?\" \/>\n<meta property=\"og:description\" content=\"Wurden die gesetzlichen K\u00fcndigungsfristen eingehalten? Lassen Sie sich von uns kostenlos und unverbindlich beraten!\" \/>\n<meta property=\"og:url\" content=\"https:\/\/ru.law\/en\/kuendigungsfristen-was-ist-zu-beachten\/\" \/>\n<meta property=\"og:site_name\" content=\"R&amp;U\" \/>\n<meta property=\"article:publisher\" content=\"https:\/\/www.facebook.com\/RogertUlbrich\/\" \/>\n<meta property=\"article:published_time\" content=\"2022-02-21T10:50:57+00:00\" \/>\n<meta property=\"article:modified_time\" content=\"2024-11-11T07:29:11+00:00\" \/>\n<meta property=\"og:image\" content=\"https:\/\/ru.law\/wp-content\/uploads\/2022\/02\/Rogert-Ulbrich-Rechtsanwaelte-Kanzlei-Kuendigungsschutz-Klage-Kuendigungsfrist-Fristen.jpg\" \/>\n\t<meta property=\"og:image:width\" content=\"1200\" \/>\n\t<meta property=\"og:image:height\" content=\"675\" \/>\n\t<meta property=\"og:image:type\" content=\"image\/jpeg\" \/>\n<meta name=\"author\" content=\"Marco Rogert\" \/>\n<meta name=\"twitter:card\" content=\"summary_large_image\" \/>\n<meta name=\"twitter:creator\" content=\"@RogertUlbrich\" \/>\n<meta name=\"twitter:site\" content=\"@RogertUlbrich\" \/>\n<script type=\"application\/ld+json\" class=\"yoast-schema-graph\">{\"@context\":\"https:\\\/\\\/schema.org\",\"@graph\":[{\"@type\":\"Article\",\"@id\":\"https:\\\/\\\/ru.law\\\/kuendigungsfristen-was-ist-zu-beachten\\\/#article\",\"isPartOf\":{\"@id\":\"https:\\\/\\\/ru.law\\\/kuendigungsfristen-was-ist-zu-beachten\\\/\"},\"author\":{\"name\":\"Marco Rogert\",\"@id\":\"https:\\\/\\\/ru.law\\\/#\\\/schema\\\/person\\\/b020d506e6bbc471b4565d3a98173b87\"},\"headline\":\"K\u00fcndigungsfristen &#8211; Was ist zu beachten?\",\"datePublished\":\"2022-02-21T10:50:57+00:00\",\"dateModified\":\"2024-11-11T07:29:11+00:00\",\"mainEntityOfPage\":{\"@id\":\"https:\\\/\\\/ru.law\\\/kuendigungsfristen-was-ist-zu-beachten\\\/\"},\"wordCount\":545,\"publisher\":{\"@id\":\"https:\\\/\\\/ru.law\\\/#organization\"},\"image\":{\"@id\":\"https:\\\/\\\/ru.law\\\/kuendigungsfristen-was-ist-zu-beachten\\\/#primaryimage\"},\"thumbnailUrl\":\"https:\\\/\\\/ru.law\\\/wp-content\\\/uploads\\\/2022\\\/02\\\/Rogert-Ulbrich-Rechtsanwaelte-Kanzlei-Kuendigungsschutz-Klage-Kuendigungsfrist-Fristen.jpg\",\"keywords\":[\"fristlose K\u00fcndigung\",\"K\u00fcndigung\",\"K\u00fcndigungsfrist\",\"K\u00fcndigungsschutz\",\"ordentliche K\u00fcndigung\"],\"articleSection\":[\"Arbeitsrecht\"],\"inLanguage\":\"en-GB\"},{\"@type\":\"WebPage\",\"@id\":\"https:\\\/\\\/ru.law\\\/kuendigungsfristen-was-ist-zu-beachten\\\/\",\"url\":\"https:\\\/\\\/ru.law\\\/kuendigungsfristen-was-ist-zu-beachten\\\/\",\"name\":\"K\u00fcndigungsfristen - Was ist zu beachten? - R&amp;U\",\"isPartOf\":{\"@id\":\"https:\\\/\\\/ru.law\\\/#website\"},\"primaryImageOfPage\":{\"@id\":\"https:\\\/\\\/ru.law\\\/kuendigungsfristen-was-ist-zu-beachten\\\/#primaryimage\"},\"image\":{\"@id\":\"https:\\\/\\\/ru.law\\\/kuendigungsfristen-was-ist-zu-beachten\\\/#primaryimage\"},\"thumbnailUrl\":\"https:\\\/\\\/ru.law\\\/wp-content\\\/uploads\\\/2022\\\/02\\\/Rogert-Ulbrich-Rechtsanwaelte-Kanzlei-Kuendigungsschutz-Klage-Kuendigungsfrist-Fristen.jpg\",\"datePublished\":\"2022-02-21T10:50:57+00:00\",\"dateModified\":\"2024-11-11T07:29:11+00:00\",\"description\":\"Wurden die gesetzlichen K\u00fcndigungsfristen eingehalten? Lassen Sie sich von uns kostenlos und unverbindlich beraten!\",\"breadcrumb\":{\"@id\":\"https:\\\/\\\/ru.law\\\/kuendigungsfristen-was-ist-zu-beachten\\\/#breadcrumb\"},\"inLanguage\":\"en-GB\",\"potentialAction\":[{\"@type\":\"ReadAction\",\"target\":[\"https:\\\/\\\/ru.law\\\/kuendigungsfristen-was-ist-zu-beachten\\\/\"]}]},{\"@type\":\"ImageObject\",\"inLanguage\":\"en-GB\",\"@id\":\"https:\\\/\\\/ru.law\\\/kuendigungsfristen-was-ist-zu-beachten\\\/#primaryimage\",\"url\":\"https:\\\/\\\/ru.law\\\/wp-content\\\/uploads\\\/2022\\\/02\\\/Rogert-Ulbrich-Rechtsanwaelte-Kanzlei-Kuendigungsschutz-Klage-Kuendigungsfrist-Fristen.jpg\",\"contentUrl\":\"https:\\\/\\\/ru.law\\\/wp-content\\\/uploads\\\/2022\\\/02\\\/Rogert-Ulbrich-Rechtsanwaelte-Kanzlei-Kuendigungsschutz-Klage-Kuendigungsfrist-Fristen.jpg\",\"width\":1200,\"height\":675},{\"@type\":\"BreadcrumbList\",\"@id\":\"https:\\\/\\\/ru.law\\\/kuendigungsfristen-was-ist-zu-beachten\\\/#breadcrumb\",\"itemListElement\":[{\"@type\":\"ListItem\",\"position\":1,\"name\":\"Startseite\",\"item\":\"https:\\\/\\\/ru.law\\\/\"},{\"@type\":\"ListItem\",\"position\":2,\"name\":\"K\u00fcndigungsfristen &#8211; Was ist zu beachten?\"}]},{\"@type\":\"WebSite\",\"@id\":\"https:\\\/\\\/ru.law\\\/#website\",\"url\":\"https:\\\/\\\/ru.law\\\/\",\"name\":\"R&U\",\"description\":\"Verbraucheranw\u00e4lte\",\"publisher\":{\"@id\":\"https:\\\/\\\/ru.law\\\/#organization\"},\"alternateName\":\"Rogert & Ulbrich\",\"potentialAction\":[{\"@type\":\"SearchAction\",\"target\":{\"@type\":\"EntryPoint\",\"urlTemplate\":\"https:\\\/\\\/ru.law\\\/?s={search_term_string}\"},\"query-input\":{\"@type\":\"PropertyValueSpecification\",\"valueRequired\":true,\"valueName\":\"search_term_string\"}}],\"inLanguage\":\"en-GB\"},{\"@type\":\"Organization\",\"@id\":\"https:\\\/\\\/ru.law\\\/#organization\",\"name\":\"Kanzlei Rogert & Ulbrich\",\"url\":\"https:\\\/\\\/ru.law\\\/\",\"logo\":{\"@type\":\"ImageObject\",\"inLanguage\":\"en-GB\",\"@id\":\"https:\\\/\\\/ru.law\\\/#\\\/schema\\\/logo\\\/image\\\/\",\"url\":\"https:\\\/\\\/ru.law\\\/wp-content\\\/uploads\\\/2020\\\/12\\\/logo-ru-law.svg\",\"contentUrl\":\"https:\\\/\\\/ru.law\\\/wp-content\\\/uploads\\\/2020\\\/12\\\/logo-ru-law.svg\",\"width\":992,\"height\":259,\"caption\":\"Kanzlei Rogert & Ulbrich\"},\"image\":{\"@id\":\"https:\\\/\\\/ru.law\\\/#\\\/schema\\\/logo\\\/image\\\/\"},\"sameAs\":[\"https:\\\/\\\/www.facebook.com\\\/RogertUlbrich\\\/\",\"https:\\\/\\\/x.com\\\/RogertUlbrich\",\"https:\\\/\\\/www.instagram.com\\\/rogertulbrich\\\/\",\"https:\\\/\\\/www.linkedin.com\\\/company\\\/rogert-ulbrich\\\/\",\"https:\\\/\\\/www.youtube.com\\\/channel\\\/UCganCgpvwpPFqMFf1vVmG2A\"]},{\"@type\":\"Person\",\"@id\":\"https:\\\/\\\/ru.law\\\/#\\\/schema\\\/person\\\/b020d506e6bbc471b4565d3a98173b87\",\"name\":\"Marco Rogert\",\"url\":\"https:\\\/\\\/ru.law\\\/en\\\/author\\\/rogertru-law\\\/\"}]}<\/script>\n<!-- \/ Yoast SEO Premium plugin. -->","yoast_head_json":{"title":"Notice periods - What do you need to know? - R&amp;U","description":"Were the statutory notice periods observed? Let us advise you free of charge and without obligation!","robots":{"index":"index","follow":"follow","max-snippet":"max-snippet:-1","max-image-preview":"max-image-preview:large","max-video-preview":"max-video-preview:-1"},"canonical":"https:\/\/ru.law\/en\/kuendigungsfristen-was-ist-zu-beachten\/","og_locale":"en_GB","og_type":"article","og_title":"K\u00fcndigungsfristen - Was ist zu beachten?","og_description":"Wurden die gesetzlichen K\u00fcndigungsfristen eingehalten? Lassen Sie sich von uns kostenlos und unverbindlich beraten!","og_url":"https:\/\/ru.law\/en\/kuendigungsfristen-was-ist-zu-beachten\/","og_site_name":"R&amp;U","article_publisher":"https:\/\/www.facebook.com\/RogertUlbrich\/","article_published_time":"2022-02-21T10:50:57+00:00","article_modified_time":"2024-11-11T07:29:11+00:00","og_image":[{"width":1200,"height":675,"url":"https:\/\/ru.law\/wp-content\/uploads\/2022\/02\/Rogert-Ulbrich-Rechtsanwaelte-Kanzlei-Kuendigungsschutz-Klage-Kuendigungsfrist-Fristen.jpg","type":"image\/jpeg"}],"author":"Marco Rogert","twitter_card":"summary_large_image","twitter_creator":"@RogertUlbrich","twitter_site":"@RogertUlbrich","schema":{"@context":"https:\/\/schema.org","@graph":[{"@type":"Article","@id":"https:\/\/ru.law\/kuendigungsfristen-was-ist-zu-beachten\/#article","isPartOf":{"@id":"https:\/\/ru.law\/kuendigungsfristen-was-ist-zu-beachten\/"},"author":{"name":"Marco Rogert","@id":"https:\/\/ru.law\/#\/schema\/person\/b020d506e6bbc471b4565d3a98173b87"},"headline":"K\u00fcndigungsfristen &#8211; Was ist zu beachten?","datePublished":"2022-02-21T10:50:57+00:00","dateModified":"2024-11-11T07:29:11+00:00","mainEntityOfPage":{"@id":"https:\/\/ru.law\/kuendigungsfristen-was-ist-zu-beachten\/"},"wordCount":545,"publisher":{"@id":"https:\/\/ru.law\/#organization"},"image":{"@id":"https:\/\/ru.law\/kuendigungsfristen-was-ist-zu-beachten\/#primaryimage"},"thumbnailUrl":"https:\/\/ru.law\/wp-content\/uploads\/2022\/02\/Rogert-Ulbrich-Rechtsanwaelte-Kanzlei-Kuendigungsschutz-Klage-Kuendigungsfrist-Fristen.jpg","keywords":["fristlose K\u00fcndigung","K\u00fcndigung","K\u00fcndigungsfrist","K\u00fcndigungsschutz","ordentliche K\u00fcndigung"],"articleSection":["Arbeitsrecht"],"inLanguage":"en-GB"},{"@type":"WebPage","@id":"https:\/\/ru.law\/kuendigungsfristen-was-ist-zu-beachten\/","url":"https:\/\/ru.law\/kuendigungsfristen-was-ist-zu-beachten\/","name":"Notice periods - What do you need to know? - R&amp;U","isPartOf":{"@id":"https:\/\/ru.law\/#website"},"primaryImageOfPage":{"@id":"https:\/\/ru.law\/kuendigungsfristen-was-ist-zu-beachten\/#primaryimage"},"image":{"@id":"https:\/\/ru.law\/kuendigungsfristen-was-ist-zu-beachten\/#primaryimage"},"thumbnailUrl":"https:\/\/ru.law\/wp-content\/uploads\/2022\/02\/Rogert-Ulbrich-Rechtsanwaelte-Kanzlei-Kuendigungsschutz-Klage-Kuendigungsfrist-Fristen.jpg","datePublished":"2022-02-21T10:50:57+00:00","dateModified":"2024-11-11T07:29:11+00:00","description":"Were the statutory notice periods observed? Let us advise you free of charge and without obligation!","breadcrumb":{"@id":"https:\/\/ru.law\/kuendigungsfristen-was-ist-zu-beachten\/#breadcrumb"},"inLanguage":"en-GB","potentialAction":[{"@type":"ReadAction","target":["https:\/\/ru.law\/kuendigungsfristen-was-ist-zu-beachten\/"]}]},{"@type":"ImageObject","inLanguage":"en-GB","@id":"https:\/\/ru.law\/kuendigungsfristen-was-ist-zu-beachten\/#primaryimage","url":"https:\/\/ru.law\/wp-content\/uploads\/2022\/02\/Rogert-Ulbrich-Rechtsanwaelte-Kanzlei-Kuendigungsschutz-Klage-Kuendigungsfrist-Fristen.jpg","contentUrl":"https:\/\/ru.law\/wp-content\/uploads\/2022\/02\/Rogert-Ulbrich-Rechtsanwaelte-Kanzlei-Kuendigungsschutz-Klage-Kuendigungsfrist-Fristen.jpg","width":1200,"height":675},{"@type":"BreadcrumbList","@id":"https:\/\/ru.law\/kuendigungsfristen-was-ist-zu-beachten\/#breadcrumb","itemListElement":[{"@type":"ListItem","position":1,"name":"Startseite","item":"https:\/\/ru.law\/"},{"@type":"ListItem","position":2,"name":"K\u00fcndigungsfristen &#8211; Was ist zu beachten?"}]},{"@type":"WebSite","@id":"https:\/\/ru.law\/#website","url":"https:\/\/ru.law\/","name":"R&amp;U","description":"Consumer lawyers","publisher":{"@id":"https:\/\/ru.law\/#organization"},"alternateName":"Rogert & Ulbrich","potentialAction":[{"@type":"SearchAction","target":{"@type":"EntryPoint","urlTemplate":"https:\/\/ru.law\/?s={search_term_string}"},"query-input":{"@type":"PropertyValueSpecification","valueRequired":true,"valueName":"search_term_string"}}],"inLanguage":"en-GB"},{"@type":"Organization","@id":"https:\/\/ru.law\/#organization","name":"Rogert &amp; Ulbrich Law Firm","url":"https:\/\/ru.law\/","logo":{"@type":"ImageObject","inLanguage":"en-GB","@id":"https:\/\/ru.law\/#\/schema\/logo\/image\/","url":"https:\/\/ru.law\/wp-content\/uploads\/2020\/12\/logo-ru-law.svg","contentUrl":"https:\/\/ru.law\/wp-content\/uploads\/2020\/12\/logo-ru-law.svg","width":992,"height":259,"caption":"Kanzlei Rogert & Ulbrich"},"image":{"@id":"https:\/\/ru.law\/#\/schema\/logo\/image\/"},"sameAs":["https:\/\/www.facebook.com\/RogertUlbrich\/","https:\/\/x.com\/RogertUlbrich","https:\/\/www.instagram.com\/rogertulbrich\/","https:\/\/www.linkedin.com\/company\/rogert-ulbrich\/","https:\/\/www.youtube.com\/channel\/UCganCgpvwpPFqMFf1vVmG2A"]},{"@type":"Person","@id":"https:\/\/ru.law\/#\/schema\/person\/b020d506e6bbc471b4565d3a98173b87","name":"Marco Rogert","url":"https:\/\/ru.law\/en\/author\/rogertru-law\/"}]}},"uagb_featured_image_src":{"full":["https:\/\/ru.law\/wp-content\/uploads\/2022\/02\/Rogert-Ulbrich-Rechtsanwaelte-Kanzlei-Kuendigungsschutz-Klage-Kuendigungsfrist-Fristen.jpg",1200,675,false],"thumbnail":["https:\/\/ru.law\/wp-content\/uploads\/2022\/02\/Rogert-Ulbrich-Rechtsanwaelte-Kanzlei-Kuendigungsschutz-Klage-Kuendigungsfrist-Fristen-150x150.jpg",96,96,true],"medium":["https:\/\/ru.law\/wp-content\/uploads\/2022\/02\/Rogert-Ulbrich-Rechtsanwaelte-Kanzlei-Kuendigungsschutz-Klage-Kuendigungsfrist-Fristen-300x169.jpg",300,169,true],"medium_large":["https:\/\/ru.law\/wp-content\/uploads\/2022\/02\/Rogert-Ulbrich-Rechtsanwaelte-Kanzlei-Kuendigungsschutz-Klage-Kuendigungsfrist-Fristen-768x432.jpg",768,432,true],"large":["https:\/\/ru.law\/wp-content\/uploads\/2022\/02\/Rogert-Ulbrich-Rechtsanwaelte-Kanzlei-Kuendigungsschutz-Klage-Kuendigungsfrist-Fristen-1024x576.jpg",1024,576,true],"1536x1536":["https:\/\/ru.law\/wp-content\/uploads\/2022\/02\/Rogert-Ulbrich-Rechtsanwaelte-Kanzlei-Kuendigungsschutz-Klage-Kuendigungsfrist-Fristen.jpg",1200,675,false],"2048x2048":["https:\/\/ru.law\/wp-content\/uploads\/2022\/02\/Rogert-Ulbrich-Rechtsanwaelte-Kanzlei-Kuendigungsschutz-Klage-Kuendigungsfrist-Fristen.jpg",1200,675,false],"trp-custom-language-flag":["https:\/\/ru.law\/wp-content\/uploads\/2022\/02\/Rogert-Ulbrich-Rechtsanwaelte-Kanzlei-Kuendigungsschutz-Klage-Kuendigungsfrist-Fristen.jpg",18,10,false]},"uagb_author_info":{"display_name":"Marco Rogert","author_link":"https:\/\/ru.law\/en\/author\/rogertru-law\/"},"uagb_comment_info":0,"uagb_excerpt":"Die K\u00fcndigungsfristen im Arbeitsrecht sind in den \u00a7\u00a7 622 ff. BGB gesetzlich festgehalten. Dort ist geregelt, dass Arbeitnehmende gem\u00e4\u00df \u00a7 622 Abs. 1 BGB eine [&hellip;]","_links":{"self":[{"href":"https:\/\/ru.law\/en\/wp-json\/wp\/v2\/posts\/27351","targetHints":{"allow":["GET"]}}],"collection":[{"href":"https:\/\/ru.law\/en\/wp-json\/wp\/v2\/posts"}],"about":[{"href":"https:\/\/ru.law\/en\/wp-json\/wp\/v2\/types\/post"}],"author":[{"embeddable":true,"href":"https:\/\/ru.law\/en\/wp-json\/wp\/v2\/users\/21"}],"replies":[{"embeddable":true,"href":"https:\/\/ru.law\/en\/wp-json\/wp\/v2\/comments?post=27351"}],"version-history":[{"count":0,"href":"https:\/\/ru.law\/en\/wp-json\/wp\/v2\/posts\/27351\/revisions"}],"wp:featuredmedia":[{"embeddable":true,"href":"https:\/\/ru.law\/en\/wp-json\/wp\/v2\/media\/27353"}],"wp:attachment":[{"href":"https:\/\/ru.law\/en\/wp-json\/wp\/v2\/media?parent=27351"}],"wp:term":[{"taxonomy":"category","embeddable":true,"href":"https:\/\/ru.law\/en\/wp-json\/wp\/v2\/categories?post=27351"},{"taxonomy":"post_tag","embeddable":true,"href":"https:\/\/ru.law\/en\/wp-json\/wp\/v2\/tags?post=27351"}],"curies":[{"name":"wp","href":"https:\/\/api.w.org\/{rel}","templated":true}]}}