{"id":26120,"date":"2022-02-09T10:46:26","date_gmt":"2022-02-09T09:46:26","guid":{"rendered":"https:\/\/ru.law\/?p=26120"},"modified":"2024-07-08T13:12:00","modified_gmt":"2024-07-08T11:12:00","slug":"audi-abgasskandal-neue-entscheidung-zu-3-liter-v6-motor","status":"publish","type":"post","link":"https:\/\/ru.law\/en\/audi-abgasskandal-neue-entscheidung-zu-3-liter-v6-motor\/","title":{"rendered":"Audi emissions scandal: New decision on 3-liter V6 engine"},"content":{"rendered":"<p>The Nuremberg-F\u00fcrth Regional Court sentenced Audi AG to withdraw a <a href=\"https:\/\/ru.law\/en\/expertise\/abgasskandal\/3-liter-motoren\/#modelle\">Audi SQ5<\/a> <a href=\"https:\/\/ru.law\/en\/expertise\/abgasskandal\/3-liter-motoren\/#motor\">3.0 (with V6 engine)<\/a> and damages in the amount of \u20ac58,971 (judgment of February 2, 2022, case number 16 O 2782\/21). The plaintiff, whom we represent, had purchased the vehicle with the Euro 6 emissions standard as a new car for a purchase price of \u20ac83,075. At the time of the oral hearing, the Audi had a mileage of 87,044. <\/p>\n\n\n\n<p>The court undisputedly assumes the existence of a <a href=\"https:\/\/ru.law\/en\/expertise\/abgasskandal\/3-liter-motoren\/#rueckruf\">inadmissible defeat device of the emission control system according to Art. 5 Para. 2 S. 1 of Regulation 715\/2007\/EC<\/a> The vehicle in question uses two different operating modes. It uses various parameters to determine whether it is on the test bench. On the test bench, the exhaust gas purification system works more effectively. In real driving conditions on the road, however, more nitrogen oxides are emitted. According to the court, the test bench does not have to be exactly identical to the real driving conditions, but the engine control system should function essentially the same. <\/p>\n\n\n\n<h2 class=\"wp-block-heading\" id=\"h-audi-tauschte-vorsatzlich-um-hohere-gewinne-zu-erzielen\">Audi deliberately deceived in order to achieve higher profits <\/h2>\n\n\n\n<p>The Nuremberg-F\u00fcrth Regional Court also found that Audi AG&#039;s conduct was immoral. Audi AG deliberately deceived potential buyers into purchasing the vehicles in question. Because the installed <a href=\"https:\/\/ru.law\/en\/expertise\/abgasskandal\/3-liter-motoren\/#abschalteinrichtungen\">impermissible shutdown device<\/a> was not disclosed, there is intentional deception. <\/p>\n\n\n\n<p>The purpose of the design was likely to make the affected vehicles attractive to environmentally conscious buyers. This enabled Audi to sell a larger number of vehicles and thus generate higher profits. According to the court, Audi AG must also have been aware that the resulting damage to the purchaser would result. At the very least, there is a risk that the vehicle&#039;s operating license will be revoked due to the defeat device. <\/p>\n\n\n\n<p>Audi has therefore both violated environmental protection regulations and systematically concealed the existence of an illegal defeat device from consumers in order to gain a competitive advantage. <\/p>\n\n\n\n<h3 class=\"wp-block-heading\" id=\"h-rogert-ulbrich-empfiehlt\">Rogert &amp; Ulbrich recommends <\/h3>\n\n\n\n<p>Since 2007, we have been fighting on behalf of consumers against large corporations nationwide. Through our own law firm <a href=\"https:\/\/ru.law\/en\/expertise\/abgasskandal\/3-liter-motoren\/#urteile\">database <\/a>enables us to identify the most optimal litigation strategy with the best chances of success. Our\u00a0<a href=\"https:\/\/ru.law\/en\/expertise\/abgasskandal\/3-liter-motoren\/#erstberatung\">initial consultation\u00a0<\/a>is free and non-binding.\u00a0<a href=\"https:\/\/ru.law\/en\/expertise\/abgasskandal\/3-liter-motoren\/#mandat\">Get advice without obligation.<\/a><\/p>\n\n\n\n<section class=\"wp-block-uagb-columns uagb-columns__wrap uagb-columns__background-undefined uagb-columns__stack-mobile uagb-columns__valign-undefined uagb-columns__gap-10 alignundefined uagb-block-86836ea5 contrast blog_beitraege\"><div class=\"uagb-columns__overlay\"><\/div><div class=\"uagb-columns__inner-wrap uagb-columns__columns-1\">\n<div class=\"wp-block-uagb-column uagb-column__wrap uagb-column__background-undefined uagb-block-b1a76a14\"><div class=\"uagb-column__overlay\"><\/div><div class=\"uagb-column__inner-wrap\">\n<h3 class=\"wp-block-heading\" id=\"h-das-konnte-sie-auch-interessieren\">You might also be interested in:<\/h3>\n\n\n\n\t\t\t<div class=\"wp-block-uagb-post-grid uagb-post-grid  uagb-post__image-position-top uagb-post__image-enabled uagb-block-e212a6bd     uagb-post__items uagb-post__columns-3 is-grid uagb-post__columns-tablet-2 uagb-post__columns-mobile-1 uagb-post__equal-height\" data-total=\"12\" style=\"\">\n\n\t\t\t\t\t\t\t\t\t\t\t\t<article class=\"uagb-post__inner-wrap\">\t\t\t\t\t\t\t\t<div class='uagb-post__image'>\n\t\t\t\t\t\t\t\t\t<a href=\"https:\/\/ru.law\/en\/zahlreiche-positive-urteile-fuer-verbraucher-am-landgericht-ingolstadt\/\" target=\"_self\" rel=\"bookmark noopener noreferrer\" class='uagb-image-ratio-inherit'><img loading=\"lazy\" decoding=\"async\" width=\"1024\" height=\"576\" src=\"https:\/\/ru.law\/wp-content\/uploads\/2021\/01\/audi-a6-1024x576.jpg\" class=\"attachment-large size-large\" alt=\"\" srcset=\"https:\/\/ru.law\/wp-content\/uploads\/2021\/01\/audi-a6-1024x576.jpg 1024w, https:\/\/ru.law\/wp-content\/uploads\/2021\/01\/audi-a6-300x169.jpg 300w, https:\/\/ru.law\/wp-content\/uploads\/2021\/01\/audi-a6-768x432.jpg 768w, https:\/\/ru.law\/wp-content\/uploads\/2021\/01\/audi-a6.jpg 1200w\" sizes=\"auto, (max-width: 1024px) 100vw, 1024px\" \/>\t\t\t\t\t<\/a>\n\t\t\t\t\t\t\t<\/div>\n\t\t\t\t\t\t<h4 class=\"uagb-post__title uagb-post__text\">\n\t\t\t\t<a href=\"https:\/\/ru.law\/en\/zahlreiche-positive-urteile-fuer-verbraucher-am-landgericht-ingolstadt\/\" target=\"_self\" rel=\"bookmark noopener noreferrer\">Numerous positive judgments for consumers at the Ingolstadt Regional Court<\/a>\n\t\t\t<\/h4>\n\t\t\t\t\t\t<div class='uagb-post__text uagb-post-grid-byline'>\n\t\t\t\t\t\t\t<\/div>\n\t\t\t\t\t\t\t<div class='uagb-post__text uagb-post__excerpt'>\n\t\t\t\t\t<p>Audi AG was sentenced to pay damages several times in January 2021. In a recent ruling dated January 15, 2021,\u2026\t\t\t\t<\/div>\n\t\t\t\n\t\t\t\t\t\t\t\t\t<\/article>\n\t\t\t\t\t\t\t\t\t\t\t\t\t\t\t\t<article class=\"uagb-post__inner-wrap\">\t\t\t\t\t\t\t\t<div class='uagb-post__image'>\n\t\t\t\t\t\t\t\t\t<a href=\"https:\/\/ru.law\/en\/vtdi-abgasskandal-rund-um-vw-audi-und-porsche\/\" target=\"_self\" rel=\"bookmark noopener noreferrer\" class='uagb-image-ratio-inherit'><img loading=\"lazy\" decoding=\"async\" width=\"1024\" height=\"576\" src=\"https:\/\/ru.law\/wp-content\/uploads\/2022\/01\/Rogert-Ulbrich-Rechtsanwaelte-Kanzlei-Abgasskandal-Audi-Verjaehrung-2022-1024x576.jpg\" class=\"attachment-large size-large\" alt=\"\" srcset=\"https:\/\/ru.law\/wp-content\/uploads\/2022\/01\/Rogert-Ulbrich-Rechtsanwaelte-Kanzlei-Abgasskandal-Audi-Verjaehrung-2022-1024x576.jpg 1024w, https:\/\/ru.law\/wp-content\/uploads\/2022\/01\/Rogert-Ulbrich-Rechtsanwaelte-Kanzlei-Abgasskandal-Audi-Verjaehrung-2022-300x169.jpg 300w, https:\/\/ru.law\/wp-content\/uploads\/2022\/01\/Rogert-Ulbrich-Rechtsanwaelte-Kanzlei-Abgasskandal-Audi-Verjaehrung-2022-768x432.jpg 768w, https:\/\/ru.law\/wp-content\/uploads\/2022\/01\/Rogert-Ulbrich-Rechtsanwaelte-Kanzlei-Abgasskandal-Audi-Verjaehrung-2022.jpg 1200w\" sizes=\"auto, (max-width: 1024px) 100vw, 1024px\" \/>\t\t\t\t\t<\/a>\n\t\t\t\t\t\t\t<\/div>\n\t\t\t\t\t\t<h4 class=\"uagb-post__title uagb-post__text\">\n\t\t\t\t<a href=\"https:\/\/ru.law\/en\/vtdi-abgasskandal-rund-um-vw-audi-und-porsche\/\" target=\"_self\" rel=\"bookmark noopener noreferrer\">VTDI emissions scandal involving VW, Audi and Porsche<\/a>\n\t\t\t<\/h4>\n\t\t\t\t\t\t<div class='uagb-post__text uagb-post-grid-byline'>\n\t\t\t\t\t\t\t<\/div>\n\t\t\t\t\t\t\t<div class='uagb-post__text uagb-post__excerpt'>\n\t\t\t\t\t<p>For many German car manufacturers, the diesel emissions scandal is still omnipresent, including the VW Group\u2026\t\t\t\t<\/div>\n\t\t\t\n\t\t\t\t\t\t\t\t\t<\/article>\n\t\t\t\t\t\t\t\t\t\t\t\t\t\t\t\t<article class=\"uagb-post__inner-wrap\">\t\t\t\t\t\t\t\t<div class='uagb-post__image'>\n\t\t\t\t\t\t\t\t\t<a href=\"https:\/\/ru.law\/en\/verjaehrung-im-audi-abgasskandal-zum-ende-des-jahres-2021\/\" target=\"_self\" rel=\"bookmark noopener noreferrer\" class='uagb-image-ratio-inherit'><img loading=\"lazy\" decoding=\"async\" width=\"1024\" height=\"576\" src=\"https:\/\/ru.law\/wp-content\/uploads\/2021\/12\/Rogert-Ulbrich-Rechtsanwaelte-Kanzlei-Abgasskandal-Audi-Verjaehrung-3-Liter-1024x576.jpg\" class=\"attachment-large size-large\" alt=\"\" srcset=\"https:\/\/ru.law\/wp-content\/uploads\/2021\/12\/Rogert-Ulbrich-Rechtsanwaelte-Kanzlei-Abgasskandal-Audi-Verjaehrung-3-Liter-1024x576.jpg 1024w, https:\/\/ru.law\/wp-content\/uploads\/2021\/12\/Rogert-Ulbrich-Rechtsanwaelte-Kanzlei-Abgasskandal-Audi-Verjaehrung-3-Liter-300x169.jpg 300w, https:\/\/ru.law\/wp-content\/uploads\/2021\/12\/Rogert-Ulbrich-Rechtsanwaelte-Kanzlei-Abgasskandal-Audi-Verjaehrung-3-Liter-768x432.jpg 768w, https:\/\/ru.law\/wp-content\/uploads\/2021\/12\/Rogert-Ulbrich-Rechtsanwaelte-Kanzlei-Abgasskandal-Audi-Verjaehrung-3-Liter.jpg 1200w\" sizes=\"auto, (max-width: 1024px) 100vw, 1024px\" \/>\t\t\t\t\t<\/a>\n\t\t\t\t\t\t\t<\/div>\n\t\t\t\t\t\t<h4 class=\"uagb-post__title uagb-post__text\">\n\t\t\t\t<a href=\"https:\/\/ru.law\/en\/verjaehrung-im-audi-abgasskandal-zum-ende-des-jahres-2021\/\" target=\"_self\" rel=\"bookmark noopener noreferrer\">Statute of limitations in the Audi emissions scandal at the end of 2021<\/a>\n\t\t\t<\/h4>\n\t\t\t\t\t\t<div class='uagb-post__text uagb-post-grid-byline'>\n\t\t\t\t\t\t\t<\/div>\n\t\t\t\t\t\t\t<div class='uagb-post__text uagb-post__excerpt'>\n\t\t\t\t\t<p>Since 2018, the Federal Motor Transport Authority (KBA) had already ordered numerous recalls under the recall code 23X6 because\u2026\t\t\t\t<\/div>\n\t\t\t\n\t\t\t\t\t\t\t\t\t<\/article>\n\t\t\t\t\t\t\t\t\t\t\t<\/div>\n\t\t\t<\/div><\/div>\n<\/div><\/section>","protected":false},"excerpt":{"rendered":"<p>Das Landgericht N\u00fcrnberg-F\u00fcrth verurteilte die Audi AG zur R\u00fccknahme eines Audi SQ5 3.0 (mit V6-Motor) und Schadensersatzzahlung in H\u00f6he von \u20ac 58.971,- (Urteil vom 02.02.2022, [&hellip;]<\/p>\n","protected":false},"author":21,"featured_media":26123,"comment_status":"closed","ping_status":"open","sticky":false,"template":"","format":"standard","meta":{"_uag_custom_page_level_css":"","site-sidebar-layout":"default","site-content-layout":"","ast-site-content-layout":"default","site-content-style":"default","site-sidebar-style":"default","ast-global-header-display":"","ast-banner-title-visibility":"","ast-main-header-display":"","ast-hfb-above-header-display":"","ast-hfb-below-header-display":"","ast-hfb-mobile-header-display":"","site-post-title":"","ast-breadcrumbs-content":"","ast-featured-img":"","footer-sml-layout":"","ast-disable-related-posts":"","theme-transparent-header-meta":"","adv-header-id-meta":"","stick-header-meta":"","header-above-stick-meta":"","header-main-stick-meta":"","header-below-stick-meta":"","astra-migrate-meta-layouts":"default","ast-page-background-enabled":"default","ast-page-background-meta":{"desktop":{"background-color":"","background-image":"","background-repeat":"repeat","background-position":"center center","background-size":"auto","background-attachment":"scroll","background-type":"","background-media":"","overlay-type":"","overlay-color":"","overlay-opacity":"","overlay-gradient":""},"tablet":{"background-color":"","background-image":"","background-repeat":"repeat","background-position":"center center","background-size":"auto","background-attachment":"scroll","background-type":"","background-media":"","overlay-type":"","overlay-color":"","overlay-opacity":"","overlay-gradient":""},"mobile":{"background-color":"","background-image":"","background-repeat":"repeat","background-position":"center center","background-size":"auto","background-attachment":"scroll","background-type":"","background-media":"","overlay-type":"","overlay-color":"","overlay-opacity":"","overlay-gradient":""}},"ast-content-background-meta":{"desktop":{"background-color":"var(--ast-global-color-5)","background-image":"","background-repeat":"repeat","background-position":"center center","background-size":"auto","background-attachment":"scroll","background-type":"","background-media":"","overlay-type":"","overlay-color":"","overlay-opacity":"","overlay-gradient":""},"tablet":{"background-color":"var(--ast-global-color-5)","background-image":"","background-repeat":"repeat","background-position":"center center","background-size":"auto","background-attachment":"scroll","background-type":"","background-media":"","overlay-type":"","overlay-color":"","overlay-opacity":"","overlay-gradient":""},"mobile":{"background-color":"var(--ast-global-color-5)","background-image":"","background-repeat":"repeat","background-position":"center center","background-size":"auto","background-attachment":"scroll","background-type":"","background-media":"","overlay-type":"","overlay-color":"","overlay-opacity":"","overlay-gradient":""}},"footnotes":""},"categories":[2,507],"tags":[1039,895,9,24,697,35,37,41],"class_list":["post-26120","post","type-post","status-publish","format-standard","has-post-thumbnail","hentry","category-abgasskandal","category-urteile","tag-3-liter","tag-abschalteinrichtung","tag-audi","tag-euro-6","tag-kba","tag-rueckruf","tag-schadensersatz","tag-thermofenster"],"yoast_head":"<!-- This site is optimized with the Yoast SEO Premium plugin v27.4 (Yoast SEO v27.4) - https:\/\/yoast.com\/product\/yoast-seo-premium-wordpress\/ -->\n<title>Audi-Abgasskandal: Neue Entscheidung zu 3-Liter-V6-Motor - R&amp;U<\/title>\n<meta name=\"description\" content=\"Audi AG t\u00e4uschte Kaufinteressenten laut Landgericht N\u00fcrnberg-F\u00fcrth vors\u00e4tzlich um h\u00f6here Gewinne zu erzielen.\" \/>\n<meta name=\"robots\" content=\"index, follow, max-snippet:-1, max-image-preview:large, max-video-preview:-1\" \/>\n<link rel=\"canonical\" href=\"https:\/\/ru.law\/en\/audi-abgasskandal-neue-entscheidung-zu-3-liter-v6-motor\/\" \/>\n<meta property=\"og:locale\" content=\"en_GB\" \/>\n<meta property=\"og:type\" content=\"article\" \/>\n<meta property=\"og:title\" content=\"Audi-Abgasskandal: Neue Entscheidung zu 3-Liter-V6-Motor\" \/>\n<meta property=\"og:description\" content=\"Audi AG t\u00e4uschte Kaufinteressenten laut Landgericht N\u00fcrnberg-F\u00fcrth vors\u00e4tzlich um h\u00f6here Gewinne zu erzielen.\" \/>\n<meta property=\"og:url\" content=\"https:\/\/ru.law\/en\/audi-abgasskandal-neue-entscheidung-zu-3-liter-v6-motor\/\" \/>\n<meta property=\"og:site_name\" content=\"R&amp;U\" \/>\n<meta property=\"article:publisher\" content=\"https:\/\/www.facebook.com\/RogertUlbrich\/\" \/>\n<meta property=\"article:published_time\" content=\"2022-02-09T09:46:26+00:00\" \/>\n<meta property=\"article:modified_time\" content=\"2024-07-08T11:12:00+00:00\" \/>\n<meta property=\"og:image\" content=\"https:\/\/ru.law\/wp-content\/uploads\/2022\/02\/Rogert-Ulbrich-Rechtanwaelte-Kanzlei-Abgasskandal-Urteile-Audi-3-Liter.jpg\" \/>\n\t<meta property=\"og:image:width\" content=\"1200\" \/>\n\t<meta property=\"og:image:height\" content=\"675\" \/>\n\t<meta property=\"og:image:type\" content=\"image\/jpeg\" \/>\n<meta name=\"author\" content=\"Marco Rogert\" \/>\n<meta name=\"twitter:card\" content=\"summary_large_image\" \/>\n<meta name=\"twitter:creator\" content=\"@RogertUlbrich\" \/>\n<meta name=\"twitter:site\" content=\"@RogertUlbrich\" \/>\n<script type=\"application\/ld+json\" class=\"yoast-schema-graph\">{\"@context\":\"https:\\\/\\\/schema.org\",\"@graph\":[{\"@type\":\"Article\",\"@id\":\"https:\\\/\\\/ru.law\\\/audi-abgasskandal-neue-entscheidung-zu-3-liter-v6-motor\\\/#article\",\"isPartOf\":{\"@id\":\"https:\\\/\\\/ru.law\\\/audi-abgasskandal-neue-entscheidung-zu-3-liter-v6-motor\\\/\"},\"author\":{\"name\":\"Marco Rogert\",\"@id\":\"https:\\\/\\\/ru.law\\\/#\\\/schema\\\/person\\\/b020d506e6bbc471b4565d3a98173b87\"},\"headline\":\"Audi-Abgasskandal: Neue Entscheidung zu 3-Liter-V6-Motor\",\"datePublished\":\"2022-02-09T09:46:26+00:00\",\"dateModified\":\"2024-07-08T11:12:00+00:00\",\"mainEntityOfPage\":{\"@id\":\"https:\\\/\\\/ru.law\\\/audi-abgasskandal-neue-entscheidung-zu-3-liter-v6-motor\\\/\"},\"wordCount\":357,\"publisher\":{\"@id\":\"https:\\\/\\\/ru.law\\\/#organization\"},\"image\":{\"@id\":\"https:\\\/\\\/ru.law\\\/audi-abgasskandal-neue-entscheidung-zu-3-liter-v6-motor\\\/#primaryimage\"},\"thumbnailUrl\":\"https:\\\/\\\/ru.law\\\/wp-content\\\/uploads\\\/2022\\\/02\\\/Rogert-Ulbrich-Rechtanwaelte-Kanzlei-Abgasskandal-Urteile-Audi-3-Liter.jpg\",\"keywords\":[\"3-Liter\",\"Abschalteinrichtung\",\"Audi\",\"Euro-6\",\"KBA\",\"R\u00fcckruf\",\"Schadensersatz\",\"Thermofenster\"],\"articleSection\":[\"Abgasskandal\",\"Urteile\"],\"inLanguage\":\"en-GB\"},{\"@type\":\"WebPage\",\"@id\":\"https:\\\/\\\/ru.law\\\/audi-abgasskandal-neue-entscheidung-zu-3-liter-v6-motor\\\/\",\"url\":\"https:\\\/\\\/ru.law\\\/audi-abgasskandal-neue-entscheidung-zu-3-liter-v6-motor\\\/\",\"name\":\"Audi-Abgasskandal: Neue Entscheidung zu 3-Liter-V6-Motor - R&amp;U\",\"isPartOf\":{\"@id\":\"https:\\\/\\\/ru.law\\\/#website\"},\"primaryImageOfPage\":{\"@id\":\"https:\\\/\\\/ru.law\\\/audi-abgasskandal-neue-entscheidung-zu-3-liter-v6-motor\\\/#primaryimage\"},\"image\":{\"@id\":\"https:\\\/\\\/ru.law\\\/audi-abgasskandal-neue-entscheidung-zu-3-liter-v6-motor\\\/#primaryimage\"},\"thumbnailUrl\":\"https:\\\/\\\/ru.law\\\/wp-content\\\/uploads\\\/2022\\\/02\\\/Rogert-Ulbrich-Rechtanwaelte-Kanzlei-Abgasskandal-Urteile-Audi-3-Liter.jpg\",\"datePublished\":\"2022-02-09T09:46:26+00:00\",\"dateModified\":\"2024-07-08T11:12:00+00:00\",\"description\":\"Audi AG t\u00e4uschte Kaufinteressenten laut Landgericht N\u00fcrnberg-F\u00fcrth vors\u00e4tzlich um h\u00f6here Gewinne zu erzielen.\",\"breadcrumb\":{\"@id\":\"https:\\\/\\\/ru.law\\\/audi-abgasskandal-neue-entscheidung-zu-3-liter-v6-motor\\\/#breadcrumb\"},\"inLanguage\":\"en-GB\",\"potentialAction\":[{\"@type\":\"ReadAction\",\"target\":[\"https:\\\/\\\/ru.law\\\/audi-abgasskandal-neue-entscheidung-zu-3-liter-v6-motor\\\/\"]}]},{\"@type\":\"ImageObject\",\"inLanguage\":\"en-GB\",\"@id\":\"https:\\\/\\\/ru.law\\\/audi-abgasskandal-neue-entscheidung-zu-3-liter-v6-motor\\\/#primaryimage\",\"url\":\"https:\\\/\\\/ru.law\\\/wp-content\\\/uploads\\\/2022\\\/02\\\/Rogert-Ulbrich-Rechtanwaelte-Kanzlei-Abgasskandal-Urteile-Audi-3-Liter.jpg\",\"contentUrl\":\"https:\\\/\\\/ru.law\\\/wp-content\\\/uploads\\\/2022\\\/02\\\/Rogert-Ulbrich-Rechtanwaelte-Kanzlei-Abgasskandal-Urteile-Audi-3-Liter.jpg\",\"width\":1200,\"height\":675},{\"@type\":\"BreadcrumbList\",\"@id\":\"https:\\\/\\\/ru.law\\\/audi-abgasskandal-neue-entscheidung-zu-3-liter-v6-motor\\\/#breadcrumb\",\"itemListElement\":[{\"@type\":\"ListItem\",\"position\":1,\"name\":\"Startseite\",\"item\":\"https:\\\/\\\/ru.law\\\/\"},{\"@type\":\"ListItem\",\"position\":2,\"name\":\"Audi-Abgasskandal: Neue Entscheidung zu 3-Liter-V6-Motor\"}]},{\"@type\":\"WebSite\",\"@id\":\"https:\\\/\\\/ru.law\\\/#website\",\"url\":\"https:\\\/\\\/ru.law\\\/\",\"name\":\"R&U\",\"description\":\"Verbraucheranw\u00e4lte\",\"publisher\":{\"@id\":\"https:\\\/\\\/ru.law\\\/#organization\"},\"alternateName\":\"Rogert & Ulbrich\",\"potentialAction\":[{\"@type\":\"SearchAction\",\"target\":{\"@type\":\"EntryPoint\",\"urlTemplate\":\"https:\\\/\\\/ru.law\\\/?s={search_term_string}\"},\"query-input\":{\"@type\":\"PropertyValueSpecification\",\"valueRequired\":true,\"valueName\":\"search_term_string\"}}],\"inLanguage\":\"en-GB\"},{\"@type\":\"Organization\",\"@id\":\"https:\\\/\\\/ru.law\\\/#organization\",\"name\":\"Kanzlei Rogert & Ulbrich\",\"url\":\"https:\\\/\\\/ru.law\\\/\",\"logo\":{\"@type\":\"ImageObject\",\"inLanguage\":\"en-GB\",\"@id\":\"https:\\\/\\\/ru.law\\\/#\\\/schema\\\/logo\\\/image\\\/\",\"url\":\"https:\\\/\\\/ru.law\\\/wp-content\\\/uploads\\\/2020\\\/12\\\/logo-ru-law.svg\",\"contentUrl\":\"https:\\\/\\\/ru.law\\\/wp-content\\\/uploads\\\/2020\\\/12\\\/logo-ru-law.svg\",\"width\":992,\"height\":259,\"caption\":\"Kanzlei Rogert & Ulbrich\"},\"image\":{\"@id\":\"https:\\\/\\\/ru.law\\\/#\\\/schema\\\/logo\\\/image\\\/\"},\"sameAs\":[\"https:\\\/\\\/www.facebook.com\\\/RogertUlbrich\\\/\",\"https:\\\/\\\/x.com\\\/RogertUlbrich\",\"https:\\\/\\\/www.instagram.com\\\/rogertulbrich\\\/\",\"https:\\\/\\\/www.linkedin.com\\\/company\\\/rogert-ulbrich\\\/\",\"https:\\\/\\\/www.youtube.com\\\/channel\\\/UCganCgpvwpPFqMFf1vVmG2A\"]},{\"@type\":\"Person\",\"@id\":\"https:\\\/\\\/ru.law\\\/#\\\/schema\\\/person\\\/b020d506e6bbc471b4565d3a98173b87\",\"name\":\"Marco Rogert\",\"url\":\"https:\\\/\\\/ru.law\\\/en\\\/author\\\/rogertru-law\\\/\"}]}<\/script>\n<!-- \/ Yoast SEO Premium plugin. -->","yoast_head_json":{"title":"Audi emissions scandal: New decision on 3-liter V6 engine - R&amp;U","description":"According to the Nuremberg-F\u00fcrth Regional Court, Audi AG deliberately deceived potential buyers in order to achieve higher profits.","robots":{"index":"index","follow":"follow","max-snippet":"max-snippet:-1","max-image-preview":"max-image-preview:large","max-video-preview":"max-video-preview:-1"},"canonical":"https:\/\/ru.law\/en\/audi-abgasskandal-neue-entscheidung-zu-3-liter-v6-motor\/","og_locale":"en_GB","og_type":"article","og_title":"Audi-Abgasskandal: Neue Entscheidung zu 3-Liter-V6-Motor","og_description":"Audi AG t\u00e4uschte Kaufinteressenten laut Landgericht N\u00fcrnberg-F\u00fcrth vors\u00e4tzlich um h\u00f6here Gewinne zu erzielen.","og_url":"https:\/\/ru.law\/en\/audi-abgasskandal-neue-entscheidung-zu-3-liter-v6-motor\/","og_site_name":"R&amp;U","article_publisher":"https:\/\/www.facebook.com\/RogertUlbrich\/","article_published_time":"2022-02-09T09:46:26+00:00","article_modified_time":"2024-07-08T11:12:00+00:00","og_image":[{"width":1200,"height":675,"url":"https:\/\/ru.law\/wp-content\/uploads\/2022\/02\/Rogert-Ulbrich-Rechtanwaelte-Kanzlei-Abgasskandal-Urteile-Audi-3-Liter.jpg","type":"image\/jpeg"}],"author":"Marco Rogert","twitter_card":"summary_large_image","twitter_creator":"@RogertUlbrich","twitter_site":"@RogertUlbrich","schema":{"@context":"https:\/\/schema.org","@graph":[{"@type":"Article","@id":"https:\/\/ru.law\/audi-abgasskandal-neue-entscheidung-zu-3-liter-v6-motor\/#article","isPartOf":{"@id":"https:\/\/ru.law\/audi-abgasskandal-neue-entscheidung-zu-3-liter-v6-motor\/"},"author":{"name":"Marco Rogert","@id":"https:\/\/ru.law\/#\/schema\/person\/b020d506e6bbc471b4565d3a98173b87"},"headline":"Audi-Abgasskandal: Neue Entscheidung zu 3-Liter-V6-Motor","datePublished":"2022-02-09T09:46:26+00:00","dateModified":"2024-07-08T11:12:00+00:00","mainEntityOfPage":{"@id":"https:\/\/ru.law\/audi-abgasskandal-neue-entscheidung-zu-3-liter-v6-motor\/"},"wordCount":357,"publisher":{"@id":"https:\/\/ru.law\/#organization"},"image":{"@id":"https:\/\/ru.law\/audi-abgasskandal-neue-entscheidung-zu-3-liter-v6-motor\/#primaryimage"},"thumbnailUrl":"https:\/\/ru.law\/wp-content\/uploads\/2022\/02\/Rogert-Ulbrich-Rechtanwaelte-Kanzlei-Abgasskandal-Urteile-Audi-3-Liter.jpg","keywords":["3-Liter","Abschalteinrichtung","Audi","Euro-6","KBA","R\u00fcckruf","Schadensersatz","Thermofenster"],"articleSection":["Abgasskandal","Urteile"],"inLanguage":"en-GB"},{"@type":"WebPage","@id":"https:\/\/ru.law\/audi-abgasskandal-neue-entscheidung-zu-3-liter-v6-motor\/","url":"https:\/\/ru.law\/audi-abgasskandal-neue-entscheidung-zu-3-liter-v6-motor\/","name":"Audi emissions scandal: New decision on 3-liter V6 engine - R&amp;U","isPartOf":{"@id":"https:\/\/ru.law\/#website"},"primaryImageOfPage":{"@id":"https:\/\/ru.law\/audi-abgasskandal-neue-entscheidung-zu-3-liter-v6-motor\/#primaryimage"},"image":{"@id":"https:\/\/ru.law\/audi-abgasskandal-neue-entscheidung-zu-3-liter-v6-motor\/#primaryimage"},"thumbnailUrl":"https:\/\/ru.law\/wp-content\/uploads\/2022\/02\/Rogert-Ulbrich-Rechtanwaelte-Kanzlei-Abgasskandal-Urteile-Audi-3-Liter.jpg","datePublished":"2022-02-09T09:46:26+00:00","dateModified":"2024-07-08T11:12:00+00:00","description":"According to the Nuremberg-F\u00fcrth Regional Court, Audi AG deliberately deceived potential buyers in order to achieve higher profits.","breadcrumb":{"@id":"https:\/\/ru.law\/audi-abgasskandal-neue-entscheidung-zu-3-liter-v6-motor\/#breadcrumb"},"inLanguage":"en-GB","potentialAction":[{"@type":"ReadAction","target":["https:\/\/ru.law\/audi-abgasskandal-neue-entscheidung-zu-3-liter-v6-motor\/"]}]},{"@type":"ImageObject","inLanguage":"en-GB","@id":"https:\/\/ru.law\/audi-abgasskandal-neue-entscheidung-zu-3-liter-v6-motor\/#primaryimage","url":"https:\/\/ru.law\/wp-content\/uploads\/2022\/02\/Rogert-Ulbrich-Rechtanwaelte-Kanzlei-Abgasskandal-Urteile-Audi-3-Liter.jpg","contentUrl":"https:\/\/ru.law\/wp-content\/uploads\/2022\/02\/Rogert-Ulbrich-Rechtanwaelte-Kanzlei-Abgasskandal-Urteile-Audi-3-Liter.jpg","width":1200,"height":675},{"@type":"BreadcrumbList","@id":"https:\/\/ru.law\/audi-abgasskandal-neue-entscheidung-zu-3-liter-v6-motor\/#breadcrumb","itemListElement":[{"@type":"ListItem","position":1,"name":"Startseite","item":"https:\/\/ru.law\/"},{"@type":"ListItem","position":2,"name":"Audi-Abgasskandal: Neue Entscheidung zu 3-Liter-V6-Motor"}]},{"@type":"WebSite","@id":"https:\/\/ru.law\/#website","url":"https:\/\/ru.law\/","name":"R&amp;U","description":"Consumer lawyers","publisher":{"@id":"https:\/\/ru.law\/#organization"},"alternateName":"Rogert & Ulbrich","potentialAction":[{"@type":"SearchAction","target":{"@type":"EntryPoint","urlTemplate":"https:\/\/ru.law\/?s={search_term_string}"},"query-input":{"@type":"PropertyValueSpecification","valueRequired":true,"valueName":"search_term_string"}}],"inLanguage":"en-GB"},{"@type":"Organization","@id":"https:\/\/ru.law\/#organization","name":"Rogert &amp; Ulbrich Law Firm","url":"https:\/\/ru.law\/","logo":{"@type":"ImageObject","inLanguage":"en-GB","@id":"https:\/\/ru.law\/#\/schema\/logo\/image\/","url":"https:\/\/ru.law\/wp-content\/uploads\/2020\/12\/logo-ru-law.svg","contentUrl":"https:\/\/ru.law\/wp-content\/uploads\/2020\/12\/logo-ru-law.svg","width":992,"height":259,"caption":"Kanzlei Rogert & Ulbrich"},"image":{"@id":"https:\/\/ru.law\/#\/schema\/logo\/image\/"},"sameAs":["https:\/\/www.facebook.com\/RogertUlbrich\/","https:\/\/x.com\/RogertUlbrich","https:\/\/www.instagram.com\/rogertulbrich\/","https:\/\/www.linkedin.com\/company\/rogert-ulbrich\/","https:\/\/www.youtube.com\/channel\/UCganCgpvwpPFqMFf1vVmG2A"]},{"@type":"Person","@id":"https:\/\/ru.law\/#\/schema\/person\/b020d506e6bbc471b4565d3a98173b87","name":"Marco Rogert","url":"https:\/\/ru.law\/en\/author\/rogertru-law\/"}]}},"uagb_featured_image_src":{"full":["https:\/\/ru.law\/wp-content\/uploads\/2022\/02\/Rogert-Ulbrich-Rechtanwaelte-Kanzlei-Abgasskandal-Urteile-Audi-3-Liter.jpg",1200,675,false],"thumbnail":["https:\/\/ru.law\/wp-content\/uploads\/2022\/02\/Rogert-Ulbrich-Rechtanwaelte-Kanzlei-Abgasskandal-Urteile-Audi-3-Liter-150x150.jpg",96,96,true],"medium":["https:\/\/ru.law\/wp-content\/uploads\/2022\/02\/Rogert-Ulbrich-Rechtanwaelte-Kanzlei-Abgasskandal-Urteile-Audi-3-Liter-300x169.jpg",300,169,true],"medium_large":["https:\/\/ru.law\/wp-content\/uploads\/2022\/02\/Rogert-Ulbrich-Rechtanwaelte-Kanzlei-Abgasskandal-Urteile-Audi-3-Liter-768x432.jpg",768,432,true],"large":["https:\/\/ru.law\/wp-content\/uploads\/2022\/02\/Rogert-Ulbrich-Rechtanwaelte-Kanzlei-Abgasskandal-Urteile-Audi-3-Liter-1024x576.jpg",1024,576,true],"1536x1536":["https:\/\/ru.law\/wp-content\/uploads\/2022\/02\/Rogert-Ulbrich-Rechtanwaelte-Kanzlei-Abgasskandal-Urteile-Audi-3-Liter.jpg",1200,675,false],"2048x2048":["https:\/\/ru.law\/wp-content\/uploads\/2022\/02\/Rogert-Ulbrich-Rechtanwaelte-Kanzlei-Abgasskandal-Urteile-Audi-3-Liter.jpg",1200,675,false],"trp-custom-language-flag":["https:\/\/ru.law\/wp-content\/uploads\/2022\/02\/Rogert-Ulbrich-Rechtanwaelte-Kanzlei-Abgasskandal-Urteile-Audi-3-Liter.jpg",18,10,false]},"uagb_author_info":{"display_name":"Marco Rogert","author_link":"https:\/\/ru.law\/en\/author\/rogertru-law\/"},"uagb_comment_info":0,"uagb_excerpt":"Das Landgericht N\u00fcrnberg-F\u00fcrth verurteilte die Audi AG zur R\u00fccknahme eines Audi SQ5 3.0 (mit V6-Motor) und Schadensersatzzahlung in H\u00f6he von \u20ac 58.971,- (Urteil vom 02.02.2022, [&hellip;]","_links":{"self":[{"href":"https:\/\/ru.law\/en\/wp-json\/wp\/v2\/posts\/26120","targetHints":{"allow":["GET"]}}],"collection":[{"href":"https:\/\/ru.law\/en\/wp-json\/wp\/v2\/posts"}],"about":[{"href":"https:\/\/ru.law\/en\/wp-json\/wp\/v2\/types\/post"}],"author":[{"embeddable":true,"href":"https:\/\/ru.law\/en\/wp-json\/wp\/v2\/users\/21"}],"replies":[{"embeddable":true,"href":"https:\/\/ru.law\/en\/wp-json\/wp\/v2\/comments?post=26120"}],"version-history":[{"count":0,"href":"https:\/\/ru.law\/en\/wp-json\/wp\/v2\/posts\/26120\/revisions"}],"wp:featuredmedia":[{"embeddable":true,"href":"https:\/\/ru.law\/en\/wp-json\/wp\/v2\/media\/26123"}],"wp:attachment":[{"href":"https:\/\/ru.law\/en\/wp-json\/wp\/v2\/media?parent=26120"}],"wp:term":[{"taxonomy":"category","embeddable":true,"href":"https:\/\/ru.law\/en\/wp-json\/wp\/v2\/categories?post=26120"},{"taxonomy":"post_tag","embeddable":true,"href":"https:\/\/ru.law\/en\/wp-json\/wp\/v2\/tags?post=26120"}],"curies":[{"name":"wp","href":"https:\/\/api.w.org\/{rel}","templated":true}]}}