{"id":25188,"date":"2022-01-28T10:41:37","date_gmt":"2022-01-28T09:41:37","guid":{"rendered":"https:\/\/ru.law\/?p=25188"},"modified":"2024-07-08T13:12:03","modified_gmt":"2024-07-08T11:12:03","slug":"mercedes-abgasskandal-zeichen-aus-koeln-daimler-verurteilt","status":"publish","type":"post","link":"https:\/\/ru.law\/en\/mercedes-abgasskandal-zeichen-aus-koeln-daimler-verurteilt\/","title":{"rendered":"Mercedes emissions scandal: Signs from Cologne \u2013 Daimler condemned\u00a0"},"content":{"rendered":"<p>The Cologne Regional Court ordered the Daimler Group to withdraw a&nbsp;<a href=\"https:\/\/ru.law\/en\/expertise\/abgasskandal\/mercedes-benz-diesel\/\" target=\"_blank\" rel=\"noreferrer noopener\">Mercedes Benz<\/a>&nbsp;ML 250 Bluetec 4Matic (engine type OM651) and to repay the purchase price of around&nbsp;<a href=\"https:\/\/ru.law\/en\/expertise\/abgasskandal\/mercedes-benz-diesel\/#rechner\" target=\"_blank\" rel=\"noreferrer noopener\">\u20ac 26.400,00<\/a>&nbsp;(Judgment of the Cologne Regional Court of January 10, 2022, case number 19 O 11\/21).&nbsp;&nbsp;<\/p>\n\n\n\n<p>In its reasoning, the court found that Mercedes-Benz AG, on the basis of a fundamental strategic decision made for its group in engine development in its own interest in terms of costs and thus profit, had systematically and deliberately deceived the Federal Motor Transport Authority over many years with regard to the diesel engine of the OM 651 series.&nbsp;<\/p>\n\n\n\n<p>The engine control software of this model was deliberately programmed in such a way that the legal emission limits were only complied with on the test bench by means of an inadmissible switch-off device.&nbsp;<\/p>\n\n\n\n<p>During the proceedings, Daimler failed to refute the arguments put forward by the plaintiff as to whether and why the contested illegal switch-off devices were necessary for reasons of engine protection.&nbsp;<\/p>\n\n\n\n<h2 class=\"wp-block-heading\" id=\"sittenwidriges-verhalten\"><strong>Immoral behavior<\/strong>&nbsp;<\/h2>\n\n\n\n<p>The argument that the engine control of the vehicle in question contains a so-called thermal window is not sufficient in itself to justify compensation. However, objectively immoral conduct on the part of the Daimler Group is evident from the plaintiff&#039;s further argument that the Federal Motor Transport Authority has now identified other illegal functions in addition to the thermal window. These are the coolant setpoint temperature control and the other modifications to the engine control, which reduce the rate of exhaust gas recirculation outside the NEDC test cycle, which leads to increased nitrogen oxide emissions.&nbsp;<\/p>\n\n\n\n<p>The court is convinced that the defeat devices mentioned by the plaintiff are to be qualified as test bench recognition software.&nbsp;<\/p>\n\n\n\n<h3 class=\"wp-block-heading\" id=\"was-konnen-sie-tun\"><strong>What can you do?<\/strong>&nbsp;<\/h3>\n\n\n\n<p>If you are the owner of an affected vehicle with engine type OM651, you should now<a href=\"https:\/\/ru.law\/en\/expertise\/abgasskandal\/mercedes-benz-diesel\/#mandat\" target=\"_blank\" rel=\"noreferrer noopener\">chance of possible compensation<\/a>The law firm Rogert &amp; Ulbrich was the first law firm in Germany to be able to<a href=\"https:\/\/ru.law\/en\/expertise\/abgasskandal\/mercedes-benz-diesel\/#urteile\" target=\"_blank\" rel=\"noreferrer noopener\">positive decision<\/a>before the Federal Court of Justice in a Daimler case. Please contact us and let us<a href=\"https:\/\/ru.law\/en\/expertise\/abgasskandal\/mercedes-benz-diesel\/#erstberatung\" target=\"_blank\" rel=\"noreferrer noopener\">your demands<\/a>check without obligation and free of charge.&nbsp;<\/p>\n\n\n\n<section class=\"wp-block-uagb-columns uagb-columns__wrap uagb-columns__background-undefined uagb-columns__stack-mobile uagb-columns__valign-undefined uagb-columns__gap-10 alignundefined uagb-block-1e20d3ef contrast blog_beitraege\"><div class=\"uagb-columns__overlay\"><\/div><div class=\"uagb-columns__inner-wrap uagb-columns__columns-1\">\n<div class=\"wp-block-uagb-column uagb-column__wrap uagb-column__background-undefined uagb-block-3c7d72e7\"><div class=\"uagb-column__overlay\"><\/div><div class=\"uagb-column__inner-wrap\">\n<h3 class=\"wp-block-heading\" id=\"h-das-konnte-sie-auch-interessieren\">You might also be interested in:<\/h3>\n\n\n\n\t\t\t<div class=\"wp-block-uagb-post-grid uagb-post-grid  uagb-post__image-position-top uagb-post__image-enabled uagb-block-79295431     uagb-post__items uagb-post__columns-3 is-grid uagb-post__columns-tablet-2 uagb-post__columns-mobile-1 uagb-post__equal-height\" data-total=\"9\" style=\"\">\n\n\t\t\t\t\t\t\t\t\t\t\t\t<article class=\"uagb-post__inner-wrap\">\t\t\t\t\t\t\t\t<div class='uagb-post__image'>\n\t\t\t\t\t\t\t\t\t<a href=\"https:\/\/ru.law\/en\/musterfeststellungsklage-gegen-die-daimler-ag\/\" target=\"_self\" rel=\"bookmark noopener noreferrer\" class='uagb-image-ratio-inherit'><img loading=\"lazy\" decoding=\"async\" width=\"1024\" height=\"576\" src=\"https:\/\/ru.law\/wp-content\/uploads\/2021\/07\/Rogert-Ulbrich-Rechtsanwalts-Kanzlei-Mercedes-Benz-Musterfestellungsklage72-1024x576.jpg\" class=\"attachment-large size-large\" alt=\"\" srcset=\"https:\/\/ru.law\/wp-content\/uploads\/2021\/07\/Rogert-Ulbrich-Rechtsanwalts-Kanzlei-Mercedes-Benz-Musterfestellungsklage72-1024x576.jpg 1024w, https:\/\/ru.law\/wp-content\/uploads\/2021\/07\/Rogert-Ulbrich-Rechtsanwalts-Kanzlei-Mercedes-Benz-Musterfestellungsklage72-300x169.jpg 300w, https:\/\/ru.law\/wp-content\/uploads\/2021\/07\/Rogert-Ulbrich-Rechtsanwalts-Kanzlei-Mercedes-Benz-Musterfestellungsklage72-768x432.jpg 768w, https:\/\/ru.law\/wp-content\/uploads\/2021\/07\/Rogert-Ulbrich-Rechtsanwalts-Kanzlei-Mercedes-Benz-Musterfestellungsklage72.jpg 1200w\" sizes=\"auto, (max-width: 1024px) 100vw, 1024px\" \/>\t\t\t\t\t<\/a>\n\t\t\t\t\t\t\t<\/div>\n\t\t\t\t\t\t<h4 class=\"uagb-post__title uagb-post__text\">\n\t\t\t\t<a href=\"https:\/\/ru.law\/en\/musterfeststellungsklage-gegen-die-daimler-ag\/\" target=\"_self\" rel=\"bookmark noopener noreferrer\">vzbv files another model declaratory action \u2013 Volkswagen is followed by Daimler AG<\/a>\n\t\t\t<\/h4>\n\t\t\t\t\t\t<div class='uagb-post__text uagb-post-grid-byline'>\n\t\t\t\t\t\t\t<\/div>\n\t\t\t\t\t\t\t<div class='uagb-post__text uagb-post__excerpt'>\n\t\t\t\t\t<p>Bad news for the car manufacturers from Stuttgart. The Federal Association of Consumer Organizations (vzbv) is being\u2026\t\t\t\t<\/div>\n\t\t\t\n\t\t\t\t\t\t\t\t\t<\/article>\n\t\t\t\t\t\t\t\t\t\t\t\t\t\t\t\t<article class=\"uagb-post__inner-wrap\">\t\t\t\t\t\t\t\t<div class='uagb-post__image'>\n\t\t\t\t\t\t\t\t\t<a href=\"https:\/\/ru.law\/en\/verjaehrung-bei-mercedes-benz-zum-ende-des-jahres-2021\/\" target=\"_self\" rel=\"bookmark noopener noreferrer\" class='uagb-image-ratio-inherit'><img loading=\"lazy\" decoding=\"async\" width=\"1024\" height=\"576\" src=\"https:\/\/ru.law\/wp-content\/uploads\/2021\/10\/Rogert-Ulbrich-Rechtsanwaelte-Kanzlei-Mercedes-Vito-GLC-Marco-Polo-Euro6-1024x576.jpg\" class=\"attachment-large size-large\" alt=\"Rogert-Ulbrich-Rechtsanwaelte-Kanzlei-Mercedes-Vito-GLC-Marco-Polo-Euro6.jp\" srcset=\"https:\/\/ru.law\/wp-content\/uploads\/2021\/10\/Rogert-Ulbrich-Rechtsanwaelte-Kanzlei-Mercedes-Vito-GLC-Marco-Polo-Euro6-1024x576.jpg 1024w, https:\/\/ru.law\/wp-content\/uploads\/2021\/10\/Rogert-Ulbrich-Rechtsanwaelte-Kanzlei-Mercedes-Vito-GLC-Marco-Polo-Euro6-300x169.jpg 300w, https:\/\/ru.law\/wp-content\/uploads\/2021\/10\/Rogert-Ulbrich-Rechtsanwaelte-Kanzlei-Mercedes-Vito-GLC-Marco-Polo-Euro6-768x432.jpg 768w, https:\/\/ru.law\/wp-content\/uploads\/2021\/10\/Rogert-Ulbrich-Rechtsanwaelte-Kanzlei-Mercedes-Vito-GLC-Marco-Polo-Euro6.jpg 1200w\" sizes=\"auto, (max-width: 1024px) 100vw, 1024px\" \/>\t\t\t\t\t<\/a>\n\t\t\t\t\t\t\t<\/div>\n\t\t\t\t\t\t<h4 class=\"uagb-post__title uagb-post__text\">\n\t\t\t\t<a href=\"https:\/\/ru.law\/en\/verjaehrung-bei-mercedes-benz-zum-ende-des-jahres-2021\/\" target=\"_self\" rel=\"bookmark noopener noreferrer\">Limitation period at Mercedes-Benz at the end of 2021<\/a>\n\t\t\t<\/h4>\n\t\t\t\t\t\t<div class='uagb-post__text uagb-post-grid-byline'>\n\t\t\t\t\t\t\t<\/div>\n\t\t\t\t\t\t\t<div class='uagb-post__text uagb-post__excerpt'>\n\t\t\t\t\t<p>Do you drive a Mercedes-Benz GLC, V-Class, Vito or Marco Polo? Then you should note that...\t\t\t\t<\/div>\n\t\t\t\n\t\t\t\t\t\t\t\t\t<\/article>\n\t\t\t\t\t\t\t\t\t\t\t\t\t\t\t\t<article class=\"uagb-post__inner-wrap\">\t\t\t\t\t\t\t\t<div class='uagb-post__image'>\n\t\t\t\t\t\t\t\t\t<a href=\"https:\/\/ru.law\/en\/urteil-gegen-daimler-ag-vorsaetzlich-sittenwidrige-schaedigung\/\" target=\"_self\" rel=\"bookmark noopener noreferrer\" class='uagb-image-ratio-inherit'><img loading=\"lazy\" decoding=\"async\" width=\"1024\" height=\"576\" src=\"https:\/\/ru.law\/wp-content\/uploads\/2022\/02\/Rogert-Ulbrich-Rechtsanwaelte-Kanzlei-Abgasskandal-Urteile-Daimler-Mercedes-Benz-1024x576.png\" class=\"attachment-large size-large\" alt=\"\" srcset=\"https:\/\/ru.law\/wp-content\/uploads\/2022\/02\/Rogert-Ulbrich-Rechtsanwaelte-Kanzlei-Abgasskandal-Urteile-Daimler-Mercedes-Benz-1024x576.png 1024w, https:\/\/ru.law\/wp-content\/uploads\/2022\/02\/Rogert-Ulbrich-Rechtsanwaelte-Kanzlei-Abgasskandal-Urteile-Daimler-Mercedes-Benz-300x169.png 300w, https:\/\/ru.law\/wp-content\/uploads\/2022\/02\/Rogert-Ulbrich-Rechtsanwaelte-Kanzlei-Abgasskandal-Urteile-Daimler-Mercedes-Benz-768x432.png 768w, https:\/\/ru.law\/wp-content\/uploads\/2022\/02\/Rogert-Ulbrich-Rechtsanwaelte-Kanzlei-Abgasskandal-Urteile-Daimler-Mercedes-Benz.png 1200w\" sizes=\"auto, (max-width: 1024px) 100vw, 1024px\" \/>\t\t\t\t\t<\/a>\n\t\t\t\t\t\t\t<\/div>\n\t\t\t\t\t\t<h4 class=\"uagb-post__title uagb-post__text\">\n\t\t\t\t<a href=\"https:\/\/ru.law\/en\/urteil-gegen-daimler-ag-vorsaetzlich-sittenwidrige-schaedigung\/\" target=\"_self\" rel=\"bookmark noopener noreferrer\">Judgment against Daimler AG \u2013 intentional immoral damage<\/a>\n\t\t\t<\/h4>\n\t\t\t\t\t\t<div class='uagb-post__text uagb-post-grid-byline'>\n\t\t\t\t\t\t\t<\/div>\n\t\t\t\t\t\t\t<div class='uagb-post__text uagb-post__excerpt'>\n\t\t\t\t\t<p>In its judgment of January 28, 2022, the Stuttgart Regional Court (LG) sentenced Daimler AG to\u2026\t\t\t\t<\/div>\n\t\t\t\n\t\t\t\t\t\t\t\t\t<\/article>\n\t\t\t\t\t\t\t\t\t\t\t<\/div>\n\t\t\t<\/div><\/div>\n<\/div><\/section>","protected":false},"excerpt":{"rendered":"<p>Das Landgericht&nbsp;K\u00f6ln&nbsp;verurteilte den Daimler-Konzern zur R\u00fccknahme eines&nbsp;Mercedes Benz&nbsp;ML 250&nbsp;Bluetec&nbsp;4Matic&nbsp;(Motortyp OM651)&nbsp;und&nbsp;zur&nbsp;R\u00fcckzahlung des Kaufpreises von rund&nbsp;\u20ac 26.400,00&nbsp;(Urteil&nbsp;LG K\u00f6ln&nbsp;vom 10.01.2022, Az.&nbsp;19 O 11\/21).&nbsp;&nbsp; Das Gericht befand in seiner [&hellip;]<\/p>\n","protected":false},"author":21,"featured_media":25192,"comment_status":"closed","ping_status":"open","sticky":false,"template":"","format":"standard","meta":{"_uag_custom_page_level_css":"","site-sidebar-layout":"default","site-content-layout":"","ast-site-content-layout":"default","site-content-style":"default","site-sidebar-style":"default","ast-global-header-display":"","ast-banner-title-visibility":"","ast-main-header-display":"","ast-hfb-above-header-display":"","ast-hfb-below-header-display":"","ast-hfb-mobile-header-display":"","site-post-title":"","ast-breadcrumbs-content":"","ast-featured-img":"","footer-sml-layout":"","ast-disable-related-posts":"","theme-transparent-header-meta":"","adv-header-id-meta":"","stick-header-meta":"","header-above-stick-meta":"","header-main-stick-meta":"","header-below-stick-meta":"","astra-migrate-meta-layouts":"default","ast-page-background-enabled":"default","ast-page-background-meta":{"desktop":{"background-color":"","background-image":"","background-repeat":"repeat","background-position":"center center","background-size":"auto","background-attachment":"scroll","background-type":"","background-media":"","overlay-type":"","overlay-color":"","overlay-opacity":"","overlay-gradient":""},"tablet":{"background-color":"","background-image":"","background-repeat":"repeat","background-position":"center center","background-size":"auto","background-attachment":"scroll","background-type":"","background-media":"","overlay-type":"","overlay-color":"","overlay-opacity":"","overlay-gradient":""},"mobile":{"background-color":"","background-image":"","background-repeat":"repeat","background-position":"center center","background-size":"auto","background-attachment":"scroll","background-type":"","background-media":"","overlay-type":"","overlay-color":"","overlay-opacity":"","overlay-gradient":""}},"ast-content-background-meta":{"desktop":{"background-color":"var(--ast-global-color-5)","background-image":"","background-repeat":"repeat","background-position":"center center","background-size":"auto","background-attachment":"scroll","background-type":"","background-media":"","overlay-type":"","overlay-color":"","overlay-opacity":"","overlay-gradient":""},"tablet":{"background-color":"var(--ast-global-color-5)","background-image":"","background-repeat":"repeat","background-position":"center center","background-size":"auto","background-attachment":"scroll","background-type":"","background-media":"","overlay-type":"","overlay-color":"","overlay-opacity":"","overlay-gradient":""},"mobile":{"background-color":"var(--ast-global-color-5)","background-image":"","background-repeat":"repeat","background-position":"center center","background-size":"auto","background-attachment":"scroll","background-type":"","background-media":"","overlay-type":"","overlay-color":"","overlay-opacity":"","overlay-gradient":""}},"footnotes":""},"categories":[2,507],"tags":[18,876,30],"class_list":["post-25188","post","type-post","status-publish","format-standard","has-post-thumbnail","hentry","category-abgasskandal","category-urteile","tag-daimler","tag-mercedes-benz","tag-om651"],"yoast_head":"<!-- This site is optimized with the Yoast SEO Premium plugin v27.4 (Yoast SEO v27.4) - https:\/\/yoast.com\/product\/yoast-seo-premium-wordpress\/ -->\n<title>Mercedes-Abgasskandal:\u00a0Zeichen aus K\u00f6ln\u00a0\u2013 Daimler verurteilt\u00a0 - R&amp;U<\/title>\n<meta name=\"description\" content=\"Das Landgericht\u00a0K\u00f6ln\u00a0verurteilte den Daimler-Konzern zur R\u00fccknahme eines\u00a0Mercedes Benz\u00a0ML 250\u00a0und\u00a0zur\u00a0R\u00fcckzahlung von rund\u00a0\u20ac 26.400,00.\" \/>\n<meta name=\"robots\" content=\"index, follow, max-snippet:-1, max-image-preview:large, max-video-preview:-1\" \/>\n<link rel=\"canonical\" href=\"https:\/\/ru.law\/en\/mercedes-abgasskandal-zeichen-aus-koeln-daimler-verurteilt\/\" \/>\n<meta property=\"og:locale\" content=\"en_GB\" \/>\n<meta property=\"og:type\" content=\"article\" \/>\n<meta property=\"og:title\" content=\"Mercedes-Abgasskandal:\u00a0Zeichen aus K\u00f6ln\u00a0\u2013 Daimler verurteilt\u00a0\" \/>\n<meta property=\"og:description\" content=\"Das Landgericht\u00a0K\u00f6ln\u00a0verurteilte den Daimler-Konzern zur R\u00fccknahme eines\u00a0Mercedes Benz\u00a0ML 250\u00a0und\u00a0zur\u00a0R\u00fcckzahlung von rund\u00a0\u20ac 26.400,00.\" \/>\n<meta property=\"og:url\" content=\"https:\/\/ru.law\/en\/mercedes-abgasskandal-zeichen-aus-koeln-daimler-verurteilt\/\" \/>\n<meta property=\"og:site_name\" content=\"R&amp;U\" \/>\n<meta property=\"article:publisher\" content=\"https:\/\/www.facebook.com\/RogertUlbrich\/\" \/>\n<meta property=\"article:published_time\" content=\"2022-01-28T09:41:37+00:00\" \/>\n<meta property=\"article:modified_time\" content=\"2024-07-08T11:12:03+00:00\" \/>\n<meta property=\"og:image\" content=\"https:\/\/ru.law\/wp-content\/uploads\/2022\/01\/2021-News-Header-1200x675-972.jpg\" \/>\n\t<meta property=\"og:image:width\" content=\"1200\" \/>\n\t<meta property=\"og:image:height\" content=\"675\" \/>\n\t<meta property=\"og:image:type\" content=\"image\/jpeg\" \/>\n<meta name=\"author\" content=\"Marco Rogert\" \/>\n<meta name=\"twitter:card\" content=\"summary_large_image\" \/>\n<meta name=\"twitter:creator\" content=\"@RogertUlbrich\" \/>\n<meta name=\"twitter:site\" content=\"@RogertUlbrich\" \/>\n<script type=\"application\/ld+json\" class=\"yoast-schema-graph\">{\"@context\":\"https:\\\/\\\/schema.org\",\"@graph\":[{\"@type\":\"Article\",\"@id\":\"https:\\\/\\\/ru.law\\\/mercedes-abgasskandal-zeichen-aus-koeln-daimler-verurteilt\\\/#article\",\"isPartOf\":{\"@id\":\"https:\\\/\\\/ru.law\\\/mercedes-abgasskandal-zeichen-aus-koeln-daimler-verurteilt\\\/\"},\"author\":{\"name\":\"Marco Rogert\",\"@id\":\"https:\\\/\\\/ru.law\\\/#\\\/schema\\\/person\\\/b020d506e6bbc471b4565d3a98173b87\"},\"headline\":\"Mercedes-Abgasskandal:\u00a0Zeichen aus K\u00f6ln\u00a0\u2013 Daimler verurteilt\u00a0\",\"datePublished\":\"2022-01-28T09:41:37+00:00\",\"dateModified\":\"2024-07-08T11:12:03+00:00\",\"mainEntityOfPage\":{\"@id\":\"https:\\\/\\\/ru.law\\\/mercedes-abgasskandal-zeichen-aus-koeln-daimler-verurteilt\\\/\"},\"wordCount\":384,\"publisher\":{\"@id\":\"https:\\\/\\\/ru.law\\\/#organization\"},\"image\":{\"@id\":\"https:\\\/\\\/ru.law\\\/mercedes-abgasskandal-zeichen-aus-koeln-daimler-verurteilt\\\/#primaryimage\"},\"thumbnailUrl\":\"https:\\\/\\\/ru.law\\\/wp-content\\\/uploads\\\/2022\\\/01\\\/2021-News-Header-1200x675-972.jpg\",\"keywords\":[\"Daimler\",\"Mercedes-Benz\",\"OM651\"],\"articleSection\":[\"Abgasskandal\",\"Urteile\"],\"inLanguage\":\"en-GB\"},{\"@type\":\"WebPage\",\"@id\":\"https:\\\/\\\/ru.law\\\/mercedes-abgasskandal-zeichen-aus-koeln-daimler-verurteilt\\\/\",\"url\":\"https:\\\/\\\/ru.law\\\/mercedes-abgasskandal-zeichen-aus-koeln-daimler-verurteilt\\\/\",\"name\":\"Mercedes-Abgasskandal:\u00a0Zeichen aus K\u00f6ln\u00a0\u2013 Daimler verurteilt\u00a0 - R&amp;U\",\"isPartOf\":{\"@id\":\"https:\\\/\\\/ru.law\\\/#website\"},\"primaryImageOfPage\":{\"@id\":\"https:\\\/\\\/ru.law\\\/mercedes-abgasskandal-zeichen-aus-koeln-daimler-verurteilt\\\/#primaryimage\"},\"image\":{\"@id\":\"https:\\\/\\\/ru.law\\\/mercedes-abgasskandal-zeichen-aus-koeln-daimler-verurteilt\\\/#primaryimage\"},\"thumbnailUrl\":\"https:\\\/\\\/ru.law\\\/wp-content\\\/uploads\\\/2022\\\/01\\\/2021-News-Header-1200x675-972.jpg\",\"datePublished\":\"2022-01-28T09:41:37+00:00\",\"dateModified\":\"2024-07-08T11:12:03+00:00\",\"description\":\"Das Landgericht\u00a0K\u00f6ln\u00a0verurteilte den Daimler-Konzern zur R\u00fccknahme eines\u00a0Mercedes Benz\u00a0ML 250\u00a0und\u00a0zur\u00a0R\u00fcckzahlung von rund\u00a0\u20ac 26.400,00.\",\"breadcrumb\":{\"@id\":\"https:\\\/\\\/ru.law\\\/mercedes-abgasskandal-zeichen-aus-koeln-daimler-verurteilt\\\/#breadcrumb\"},\"inLanguage\":\"en-GB\",\"potentialAction\":[{\"@type\":\"ReadAction\",\"target\":[\"https:\\\/\\\/ru.law\\\/mercedes-abgasskandal-zeichen-aus-koeln-daimler-verurteilt\\\/\"]}]},{\"@type\":\"ImageObject\",\"inLanguage\":\"en-GB\",\"@id\":\"https:\\\/\\\/ru.law\\\/mercedes-abgasskandal-zeichen-aus-koeln-daimler-verurteilt\\\/#primaryimage\",\"url\":\"https:\\\/\\\/ru.law\\\/wp-content\\\/uploads\\\/2022\\\/01\\\/2021-News-Header-1200x675-972.jpg\",\"contentUrl\":\"https:\\\/\\\/ru.law\\\/wp-content\\\/uploads\\\/2022\\\/01\\\/2021-News-Header-1200x675-972.jpg\",\"width\":1200,\"height\":675,\"caption\":\"Kanzlei-Rogert-Ulbrich-Rechtsanw\u00e4lte-Mercedes-Benz-ML250\"},{\"@type\":\"BreadcrumbList\",\"@id\":\"https:\\\/\\\/ru.law\\\/mercedes-abgasskandal-zeichen-aus-koeln-daimler-verurteilt\\\/#breadcrumb\",\"itemListElement\":[{\"@type\":\"ListItem\",\"position\":1,\"name\":\"Startseite\",\"item\":\"https:\\\/\\\/ru.law\\\/\"},{\"@type\":\"ListItem\",\"position\":2,\"name\":\"Mercedes-Abgasskandal:\u00a0Zeichen aus K\u00f6ln\u00a0\u2013 Daimler verurteilt\u00a0\"}]},{\"@type\":\"WebSite\",\"@id\":\"https:\\\/\\\/ru.law\\\/#website\",\"url\":\"https:\\\/\\\/ru.law\\\/\",\"name\":\"R&U\",\"description\":\"Verbraucheranw\u00e4lte\",\"publisher\":{\"@id\":\"https:\\\/\\\/ru.law\\\/#organization\"},\"alternateName\":\"Rogert & Ulbrich\",\"potentialAction\":[{\"@type\":\"SearchAction\",\"target\":{\"@type\":\"EntryPoint\",\"urlTemplate\":\"https:\\\/\\\/ru.law\\\/?s={search_term_string}\"},\"query-input\":{\"@type\":\"PropertyValueSpecification\",\"valueRequired\":true,\"valueName\":\"search_term_string\"}}],\"inLanguage\":\"en-GB\"},{\"@type\":\"Organization\",\"@id\":\"https:\\\/\\\/ru.law\\\/#organization\",\"name\":\"Kanzlei Rogert & Ulbrich\",\"url\":\"https:\\\/\\\/ru.law\\\/\",\"logo\":{\"@type\":\"ImageObject\",\"inLanguage\":\"en-GB\",\"@id\":\"https:\\\/\\\/ru.law\\\/#\\\/schema\\\/logo\\\/image\\\/\",\"url\":\"https:\\\/\\\/ru.law\\\/wp-content\\\/uploads\\\/2020\\\/12\\\/logo-ru-law.svg\",\"contentUrl\":\"https:\\\/\\\/ru.law\\\/wp-content\\\/uploads\\\/2020\\\/12\\\/logo-ru-law.svg\",\"width\":992,\"height\":259,\"caption\":\"Kanzlei Rogert & Ulbrich\"},\"image\":{\"@id\":\"https:\\\/\\\/ru.law\\\/#\\\/schema\\\/logo\\\/image\\\/\"},\"sameAs\":[\"https:\\\/\\\/www.facebook.com\\\/RogertUlbrich\\\/\",\"https:\\\/\\\/x.com\\\/RogertUlbrich\",\"https:\\\/\\\/www.instagram.com\\\/rogertulbrich\\\/\",\"https:\\\/\\\/www.linkedin.com\\\/company\\\/rogert-ulbrich\\\/\",\"https:\\\/\\\/www.youtube.com\\\/channel\\\/UCganCgpvwpPFqMFf1vVmG2A\"]},{\"@type\":\"Person\",\"@id\":\"https:\\\/\\\/ru.law\\\/#\\\/schema\\\/person\\\/b020d506e6bbc471b4565d3a98173b87\",\"name\":\"Marco Rogert\",\"url\":\"https:\\\/\\\/ru.law\\\/en\\\/author\\\/rogertru-law\\\/\"}]}<\/script>\n<!-- \/ Yoast SEO Premium plugin. -->","yoast_head_json":{"title":"Mercedes-Abgasskandal:\u00a0Zeichen aus K\u00f6ln\u00a0\u2013 Daimler verurteilt\u00a0 - R&amp;U","description":"Das Landgericht\u00a0K\u00f6ln\u00a0verurteilte den Daimler-Konzern zur R\u00fccknahme eines\u00a0Mercedes Benz\u00a0ML 250\u00a0und\u00a0zur\u00a0R\u00fcckzahlung von rund\u00a0\u20ac 26.400,00.","robots":{"index":"index","follow":"follow","max-snippet":"max-snippet:-1","max-image-preview":"max-image-preview:large","max-video-preview":"max-video-preview:-1"},"canonical":"https:\/\/ru.law\/en\/mercedes-abgasskandal-zeichen-aus-koeln-daimler-verurteilt\/","og_locale":"en_GB","og_type":"article","og_title":"Mercedes-Abgasskandal:\u00a0Zeichen aus K\u00f6ln\u00a0\u2013 Daimler verurteilt\u00a0","og_description":"Das Landgericht\u00a0K\u00f6ln\u00a0verurteilte den Daimler-Konzern zur R\u00fccknahme eines\u00a0Mercedes Benz\u00a0ML 250\u00a0und\u00a0zur\u00a0R\u00fcckzahlung von rund\u00a0\u20ac 26.400,00.","og_url":"https:\/\/ru.law\/en\/mercedes-abgasskandal-zeichen-aus-koeln-daimler-verurteilt\/","og_site_name":"R&amp;U","article_publisher":"https:\/\/www.facebook.com\/RogertUlbrich\/","article_published_time":"2022-01-28T09:41:37+00:00","article_modified_time":"2024-07-08T11:12:03+00:00","og_image":[{"width":1200,"height":675,"url":"https:\/\/ru.law\/wp-content\/uploads\/2022\/01\/2021-News-Header-1200x675-972.jpg","type":"image\/jpeg"}],"author":"Marco Rogert","twitter_card":"summary_large_image","twitter_creator":"@RogertUlbrich","twitter_site":"@RogertUlbrich","schema":{"@context":"https:\/\/schema.org","@graph":[{"@type":"Article","@id":"https:\/\/ru.law\/mercedes-abgasskandal-zeichen-aus-koeln-daimler-verurteilt\/#article","isPartOf":{"@id":"https:\/\/ru.law\/mercedes-abgasskandal-zeichen-aus-koeln-daimler-verurteilt\/"},"author":{"name":"Marco Rogert","@id":"https:\/\/ru.law\/#\/schema\/person\/b020d506e6bbc471b4565d3a98173b87"},"headline":"Mercedes-Abgasskandal:\u00a0Zeichen aus K\u00f6ln\u00a0\u2013 Daimler verurteilt\u00a0","datePublished":"2022-01-28T09:41:37+00:00","dateModified":"2024-07-08T11:12:03+00:00","mainEntityOfPage":{"@id":"https:\/\/ru.law\/mercedes-abgasskandal-zeichen-aus-koeln-daimler-verurteilt\/"},"wordCount":384,"publisher":{"@id":"https:\/\/ru.law\/#organization"},"image":{"@id":"https:\/\/ru.law\/mercedes-abgasskandal-zeichen-aus-koeln-daimler-verurteilt\/#primaryimage"},"thumbnailUrl":"https:\/\/ru.law\/wp-content\/uploads\/2022\/01\/2021-News-Header-1200x675-972.jpg","keywords":["Daimler","Mercedes-Benz","OM651"],"articleSection":["Abgasskandal","Urteile"],"inLanguage":"en-GB"},{"@type":"WebPage","@id":"https:\/\/ru.law\/mercedes-abgasskandal-zeichen-aus-koeln-daimler-verurteilt\/","url":"https:\/\/ru.law\/mercedes-abgasskandal-zeichen-aus-koeln-daimler-verurteilt\/","name":"Mercedes-Abgasskandal:\u00a0Zeichen aus K\u00f6ln\u00a0\u2013 Daimler verurteilt\u00a0 - R&amp;U","isPartOf":{"@id":"https:\/\/ru.law\/#website"},"primaryImageOfPage":{"@id":"https:\/\/ru.law\/mercedes-abgasskandal-zeichen-aus-koeln-daimler-verurteilt\/#primaryimage"},"image":{"@id":"https:\/\/ru.law\/mercedes-abgasskandal-zeichen-aus-koeln-daimler-verurteilt\/#primaryimage"},"thumbnailUrl":"https:\/\/ru.law\/wp-content\/uploads\/2022\/01\/2021-News-Header-1200x675-972.jpg","datePublished":"2022-01-28T09:41:37+00:00","dateModified":"2024-07-08T11:12:03+00:00","description":"Das Landgericht\u00a0K\u00f6ln\u00a0verurteilte den Daimler-Konzern zur R\u00fccknahme eines\u00a0Mercedes Benz\u00a0ML 250\u00a0und\u00a0zur\u00a0R\u00fcckzahlung von rund\u00a0\u20ac 26.400,00.","breadcrumb":{"@id":"https:\/\/ru.law\/mercedes-abgasskandal-zeichen-aus-koeln-daimler-verurteilt\/#breadcrumb"},"inLanguage":"en-GB","potentialAction":[{"@type":"ReadAction","target":["https:\/\/ru.law\/mercedes-abgasskandal-zeichen-aus-koeln-daimler-verurteilt\/"]}]},{"@type":"ImageObject","inLanguage":"en-GB","@id":"https:\/\/ru.law\/mercedes-abgasskandal-zeichen-aus-koeln-daimler-verurteilt\/#primaryimage","url":"https:\/\/ru.law\/wp-content\/uploads\/2022\/01\/2021-News-Header-1200x675-972.jpg","contentUrl":"https:\/\/ru.law\/wp-content\/uploads\/2022\/01\/2021-News-Header-1200x675-972.jpg","width":1200,"height":675,"caption":"Kanzlei-Rogert-Ulbrich-Rechtsanw\u00e4lte-Mercedes-Benz-ML250"},{"@type":"BreadcrumbList","@id":"https:\/\/ru.law\/mercedes-abgasskandal-zeichen-aus-koeln-daimler-verurteilt\/#breadcrumb","itemListElement":[{"@type":"ListItem","position":1,"name":"Startseite","item":"https:\/\/ru.law\/"},{"@type":"ListItem","position":2,"name":"Mercedes-Abgasskandal:\u00a0Zeichen aus K\u00f6ln\u00a0\u2013 Daimler verurteilt\u00a0"}]},{"@type":"WebSite","@id":"https:\/\/ru.law\/#website","url":"https:\/\/ru.law\/","name":"R&amp;U","description":"Consumer lawyers","publisher":{"@id":"https:\/\/ru.law\/#organization"},"alternateName":"Rogert & Ulbrich","potentialAction":[{"@type":"SearchAction","target":{"@type":"EntryPoint","urlTemplate":"https:\/\/ru.law\/?s={search_term_string}"},"query-input":{"@type":"PropertyValueSpecification","valueRequired":true,"valueName":"search_term_string"}}],"inLanguage":"en-GB"},{"@type":"Organization","@id":"https:\/\/ru.law\/#organization","name":"Rogert &amp; Ulbrich Law Firm","url":"https:\/\/ru.law\/","logo":{"@type":"ImageObject","inLanguage":"en-GB","@id":"https:\/\/ru.law\/#\/schema\/logo\/image\/","url":"https:\/\/ru.law\/wp-content\/uploads\/2020\/12\/logo-ru-law.svg","contentUrl":"https:\/\/ru.law\/wp-content\/uploads\/2020\/12\/logo-ru-law.svg","width":992,"height":259,"caption":"Kanzlei Rogert & Ulbrich"},"image":{"@id":"https:\/\/ru.law\/#\/schema\/logo\/image\/"},"sameAs":["https:\/\/www.facebook.com\/RogertUlbrich\/","https:\/\/x.com\/RogertUlbrich","https:\/\/www.instagram.com\/rogertulbrich\/","https:\/\/www.linkedin.com\/company\/rogert-ulbrich\/","https:\/\/www.youtube.com\/channel\/UCganCgpvwpPFqMFf1vVmG2A"]},{"@type":"Person","@id":"https:\/\/ru.law\/#\/schema\/person\/b020d506e6bbc471b4565d3a98173b87","name":"Marco Rogert","url":"https:\/\/ru.law\/en\/author\/rogertru-law\/"}]}},"uagb_featured_image_src":{"full":["https:\/\/ru.law\/wp-content\/uploads\/2022\/01\/2021-News-Header-1200x675-972.jpg",1200,675,false],"thumbnail":["https:\/\/ru.law\/wp-content\/uploads\/2022\/01\/2021-News-Header-1200x675-972-150x150.jpg",96,96,true],"medium":["https:\/\/ru.law\/wp-content\/uploads\/2022\/01\/2021-News-Header-1200x675-972-300x169.jpg",300,169,true],"medium_large":["https:\/\/ru.law\/wp-content\/uploads\/2022\/01\/2021-News-Header-1200x675-972-768x432.jpg",768,432,true],"large":["https:\/\/ru.law\/wp-content\/uploads\/2022\/01\/2021-News-Header-1200x675-972-1024x576.jpg",1024,576,true],"1536x1536":["https:\/\/ru.law\/wp-content\/uploads\/2022\/01\/2021-News-Header-1200x675-972.jpg",1200,675,false],"2048x2048":["https:\/\/ru.law\/wp-content\/uploads\/2022\/01\/2021-News-Header-1200x675-972.jpg",1200,675,false],"trp-custom-language-flag":["https:\/\/ru.law\/wp-content\/uploads\/2022\/01\/2021-News-Header-1200x675-972.jpg",18,10,false]},"uagb_author_info":{"display_name":"Marco Rogert","author_link":"https:\/\/ru.law\/en\/author\/rogertru-law\/"},"uagb_comment_info":0,"uagb_excerpt":"Das Landgericht&nbsp;K\u00f6ln&nbsp;verurteilte den Daimler-Konzern zur R\u00fccknahme eines&nbsp;Mercedes Benz&nbsp;ML 250&nbsp;Bluetec&nbsp;4Matic&nbsp;(Motortyp OM651)&nbsp;und&nbsp;zur&nbsp;R\u00fcckzahlung des Kaufpreises von rund&nbsp;\u20ac 26.400,00&nbsp;(Urteil&nbsp;LG K\u00f6ln&nbsp;vom 10.01.2022, Az.&nbsp;19 O 11\/21).&nbsp;&nbsp; Das Gericht befand in seiner [&hellip;]","_links":{"self":[{"href":"https:\/\/ru.law\/en\/wp-json\/wp\/v2\/posts\/25188","targetHints":{"allow":["GET"]}}],"collection":[{"href":"https:\/\/ru.law\/en\/wp-json\/wp\/v2\/posts"}],"about":[{"href":"https:\/\/ru.law\/en\/wp-json\/wp\/v2\/types\/post"}],"author":[{"embeddable":true,"href":"https:\/\/ru.law\/en\/wp-json\/wp\/v2\/users\/21"}],"replies":[{"embeddable":true,"href":"https:\/\/ru.law\/en\/wp-json\/wp\/v2\/comments?post=25188"}],"version-history":[{"count":0,"href":"https:\/\/ru.law\/en\/wp-json\/wp\/v2\/posts\/25188\/revisions"}],"wp:featuredmedia":[{"embeddable":true,"href":"https:\/\/ru.law\/en\/wp-json\/wp\/v2\/media\/25192"}],"wp:attachment":[{"href":"https:\/\/ru.law\/en\/wp-json\/wp\/v2\/media?parent=25188"}],"wp:term":[{"taxonomy":"category","embeddable":true,"href":"https:\/\/ru.law\/en\/wp-json\/wp\/v2\/categories?post=25188"},{"taxonomy":"post_tag","embeddable":true,"href":"https:\/\/ru.law\/en\/wp-json\/wp\/v2\/tags?post=25188"}],"curies":[{"name":"wp","href":"https:\/\/api.w.org\/{rel}","templated":true}]}}