{"id":2373,"date":"2020-06-21T11:37:47","date_gmt":"2020-06-21T09:37:47","guid":{"rendered":"https:\/\/www.rogertulbrich.de\/wp\/?p=2373"},"modified":"2024-07-08T13:13:06","modified_gmt":"2024-07-08T11:13:06","slug":"abgasskandal-nachruestung-fuer-euro-5-diesel","status":"publish","type":"post","link":"https:\/\/ru.law\/en\/abgasskandal-nachruestung-fuer-euro-5-diesel\/","title":{"rendered":"Emissions scandal: Retrofitting for EURO 5 diesel"},"content":{"rendered":"<h2 class=\"wp-block-heading\" id=\"h-lohnt-sich-das-hardware-update-fur-sie\">Is the hardware update worth it for you?<\/h2>\n\n\n<p>The car companies have caused massive damage to diesel buyers with illegal emissions manipulation. Those affected are threatened with driving bans due to the high nitrogen emissions and financial damage as the buyback value of the vehicles has fallen dramatically. Diesel manufacturers have long refused to offer effective hardware upgrades, but now many customers are receiving offers to do so. What should we make of this?<\/p>\n<p>For several months now, owners of Euro 5 diesels, including the brands\u00a0<a href=\"https:\/\/ru.law\/en\/expertise\/abgasskandal\/bmw-diesel\/\">BMW<\/a>,\u00a0<a href=\"https:\/\/ru.law\/en\/expertise\/abgasskandal\/mercedes-benz-diesel\/\">Mercedes<\/a>, Volvo and\u00a0<a href=\"https:\/\/ru.law\/en\/expertise\/abgasskandal\/\">VW<\/a>, offers for retrofitting with SCR catalysts. This is intended to \u201ccompletely avoid\u201d driving bans. <a href=\"https:\/\/ru.law\/en\/expertise\/abgasskandal\/vw-diesel\/\">Volkswagen<\/a> and <a href=\"https:\/\/ru.law\/en\/expertise\/abgasskandal\/mercedes-benz-diesel\/\">Daimler<\/a> pay subsidies of up to 3,000 euros for the conversion \u2013 but only in cities with too high NO<sub>x<\/sub>values in which\u00a0<a href=\"https:\/\/www.verbraucherzentrale.de\/wissen\/reise-mobilitaet\/unterwegs-sein\/dieselfahrverbote-in-deutschland-fragen-und-antworten-26275\" target=\"_blank\" rel=\"noopener noreferrer\">driving bans<\/a>\u00a0BMW and Volvo have so far refused. Since the cost of the conversion is well over 3,000 euros, even diesel owners who receive a subsidy have to pay a few hundred euros extra. For a Mercedes GLK 220 CDI, for example, 1,250 euros are due.<\/p>\n\n\n<h3 class=\"wp-block-heading\" id=\"h-was-bringt-die-hardware-nachrustung\">What are the benefits of hardware upgrade?<\/h3>\n\n\n<p>Many drivers are confused: does the retrofitting of SCR catalysts really make vehicles cleaner? And why should only Euro 5 diesels be fitted with them when there are numerous Euro 6 cars whose nitrogen oxide (NOx) emissions are well above the permissible limits? Car manufacturers have long refused to carry out hardware upgrades; does the sudden change of opinion mean that software updates are useless after all? And why do car manufacturers not cover the full cost of the upgrades? After all, they are responsible for the fact that diesels only comply with the limits on the test bench, but not on the road.<\/p>\n\n\n<h3 class=\"wp-block-heading\" id=\"h-fahrverbote-vermeiden\">Avoid driving bans<\/h3>\n\n\n<p>In fact, the hardware upgrades for Euro 5 diesel are part of the&nbsp;<a href=\"https:\/\/www.bmu.de\/meldung\/konzept-fuer-saubere-luft-und-die-sicherung-der-individuellen-mobilitaet-in-unseren-staedten\/\" target=\"_blank\" rel=\"noopener noreferrer\">&quot;Concept for clean air and securing individual mobility in our cities&quot;<\/a>This provides for driving bans for Euro 4 and Euro 5 diesel vehicles \u2013 unless the vehicles emit less than 270 mg NO in real operation.<sub>x<\/sub>&nbsp;per kilometer \u2013 and not just in a narrow \u201c<a href=\"https:\/\/www.auto-rueckabwicklung.de\/aktuelles\/diesel\/abgasskandal-zykluserkennung-thermofenster-co-die-tricks-der-autohersteller?tx_mindshaperogert_calculator%5Bcontroller%5D=Calculator&amp;cHash=268519dd23e3bc9c4127b031bb5ad2c6\" target=\"_blank\" rel=\"noopener noreferrer\">thermal window<\/a>\u201c, but under the weather conditions typical in Central Europe.<\/p>\n\n\n\n\n<h3 class=\"wp-block-heading\" id=\"h-50-prozent-weniger-stickoxide-durch-scr-katalysator\">50 percent less nitrogen oxides thanks to SCR catalyst<\/h3>\n\n\n<p>These limits cannot be met with the software updates advertised by the car manufacturers. On the contrary: in some cases, nitrogen emissions even increase further after the update, as a report by the ZDF magazine&nbsp;<a href=\"https:\/\/www.zdf.de\/politik\/frontal-21\/dieselabgase-software-update-100.html\" target=\"_blank\" rel=\"noopener noreferrer\">&quot;Frontal 21&quot;<\/a>&nbsp;shows.<\/p>\n<p>Now hardware upgrades are supposed to fix it. The Federal Motor Transport Authority (KBA) has been issuing operating permits for SCR systems since mid-2019. In cooperation with the Baden-W\u00fcrttemberg Ministry of Transport, the&nbsp;<a href=\"https:\/\/www.adac.de\/verkehr\/abgas-diesel-fahrverbote\/dieselkauf\/test-prototypen-scr-nachruestkats\/\" target=\"_blank\" rel=\"noopener noreferrer\">ADAC<\/a>&nbsp;four retrofit catalysts were tested. The result: The NO<sub>x<\/sub>Emissions from Euro 5 diesels can be reduced by at least 50 percent \u2013 albeit with outliers at low temperatures.<\/p>\n\n\n<div class=\"wp-block-columns header__gradient_blog ghostkit-custom-xNr4Y is-layout-flex wp-container-core-columns-is-layout-28f84493 wp-block-columns-is-layout-flex\">\n<div class=\"wp-block-column is-vertically-aligned-top is-layout-flow wp-block-column-is-layout-flow\" style=\"flex-basis:20%\">\n<figure class=\"wp-block-image size-large zitat\"><img decoding=\"async\" src=\"https:\/\/www.rogertulbrich.de\/wp\/wp-content\/uploads\/2020\/07\/marco_rogert_handy-2.jpg\" alt=\"\" class=\"wp-image-749\" \/><\/figure>\n<\/div>\n\n\n\n<div class=\"wp-block-column is-vertically-aligned-center ghostkit-custom-1SOwj2 is-layout-flow wp-block-column-is-layout-flow\" style=\"flex-basis:80%\">\n<p>&quot;Better late than never. The car companies have finally realized that their cheap solution of software updates does not turn polluters into environmentally friendly cars. For diesel owners, hardware retrofitting is a good way to make their diesel cleaner and avoid driving bans and loss of value. But: only a few diesel owners receive the manufacturer subsidy. And those who claim it usually waive their right to compensation in the diesel emissions scandal. Given the fact that the car manufacturers deliberately harmed their customers with the illegal switch-off devices, this is unacceptable. The manufacturers would have to bear the full costs of repairing the damage they caused themselves. We therefore recommend that all those affected seek legal advice.&quot;<\/p>\n\n\n\n<p class=\"has-text-align-left\">Partner Dr. Marco Rogert <\/p>\n<\/div>\n<\/div>\n\n\n\n<h3 class=\"wp-block-heading\" id=\"h-ist-die-hardware-nachrustung-die-richtige-losung-fur-sie\">Is hardware upgrade the right solution for you?<\/h3>\n\n\n<p>If you receive an offer to retrofit your vehicle, you are not obliged to have the update carried out. Before you decide, you should first consider whether the SCR retrofit is worthwhile for your vehicle at all. This depends on the age of your diesel, the potential increase in value and any possible driving bans. In particular, if the manufacturer does not provide a cost subsidy, reversing the car purchase in return for compensation may be the better alternative for you. Or would you like to keep your car but have the manufacturer pay for the update in full?<\/p>\n<p><strong>We are happy to advise you and represent your claims. The chances for individual lawsuits are better than ever. Trust our expertise and extensive experience with proceedings in the diesel emissions scandal. We have already obtained numerous successful judgments for our clients. Contact us!<\/strong><\/p>\n\n\n<section class=\"wp-block-uagb-columns uagb-columns__wrap uagb-columns__background-undefined uagb-columns__stack-mobile uagb-columns__valign-undefined uagb-columns__gap-10 alignundefined uagb-block-a63b8d4d contrast blog_beitraege\"><div class=\"uagb-columns__overlay\"><\/div><div class=\"uagb-columns__inner-wrap uagb-columns__columns-1\">\n<div class=\"wp-block-uagb-column uagb-column__wrap uagb-column__background-undefined uagb-block-6e00ddba\"><div class=\"uagb-column__overlay\"><\/div><div class=\"uagb-column__inner-wrap\">\n<h3 class=\"wp-block-heading\" id=\"das-konnte-sie-auch-interessieren\">You might also be interested in:<\/h3>\n\n\n\n\t\t\t<div class=\"wp-block-uagb-post-grid uagb-post-grid  uagb-post__image-position-top uagb-post__image-enabled uagb-block-ff875f2e     uagb-post__items uagb-post__columns-3 is-grid uagb-post__columns-tablet-2 uagb-post__columns-mobile-1 uagb-post__equal-height\" data-total=\"3\" style=\"\">\n\n\t\t\t\t\t\t\t\t\t\t\t\t<article class=\"uagb-post__inner-wrap\">\t\t\t\t\t\t\t\t<div class='uagb-post__image'>\n\t\t\t\t\t\t\t\t\t<a href=\"https:\/\/ru.law\/en\/diesel-ueberholt-benzinpreis-jetzt-erst-recht\/\" target=\"_self\" rel=\"bookmark noopener noreferrer\" class='uagb-image-ratio-inherit'><img loading=\"lazy\" decoding=\"async\" width=\"1024\" height=\"576\" src=\"https:\/\/ru.law\/wp-content\/uploads\/2022\/03\/2021-News-Header-1200x675-2972-1024x576.jpg\" class=\"attachment-large size-large\" alt=\"Rogert-Ulbrich-Rechtsanwaelte-Kanzlei-Diesel-Benzin-Preise\" srcset=\"https:\/\/ru.law\/wp-content\/uploads\/2022\/03\/2021-News-Header-1200x675-2972-1024x576.jpg 1024w, https:\/\/ru.law\/wp-content\/uploads\/2022\/03\/2021-News-Header-1200x675-2972-300x169.jpg 300w, https:\/\/ru.law\/wp-content\/uploads\/2022\/03\/2021-News-Header-1200x675-2972-768x432.jpg 768w, https:\/\/ru.law\/wp-content\/uploads\/2022\/03\/2021-News-Header-1200x675-2972.jpg 1200w\" sizes=\"auto, (max-width: 1024px) 100vw, 1024px\" \/>\t\t\t\t\t<\/a>\n\t\t\t\t\t\t\t<\/div>\n\t\t\t\t\t\t<h4 class=\"uagb-post__title uagb-post__text\">\n\t\t\t\t<a href=\"https:\/\/ru.law\/en\/diesel-ueberholt-benzinpreis-jetzt-erst-recht\/\" target=\"_self\" rel=\"bookmark noopener noreferrer\">Record prices for diesel - Now is the time to reverse your car<\/a>\n\t\t\t<\/h4>\n\t\t\t\t\t\t<div class='uagb-post__text uagb-post-grid-byline'>\n\t\t\t\t\t\t\t<\/div>\n\t\t\t\t\t\t\t<div class='uagb-post__text uagb-post__excerpt'>\n\t\t\t\t\t<p>Diesel is at a record high in Germany and petrol is also approaching a\u2026\t\t\t\t<\/div>\n\t\t\t\t\t\t<div class=\"uagb-post__text uagb-post__cta wp-block-button\">\n\t\t\t\t<a class=\"wp-block-button__link uagb-text-link\" style=\"\" href=\"https:\/\/ru.law\/en\/diesel-ueberholt-benzinpreis-jetzt-erst-recht\/\" target=\"_self\" rel=\"bookmark noopener noreferrer\">Read More<\/a>\n\t\t\t<\/div>\n\t\t\t\n\t\t\t\t\t\t\t\t<a class=\"uagb-post__link-complete-box\" href=\"https:\/\/ru.law\/en\/diesel-ueberholt-benzinpreis-jetzt-erst-recht\/\" target=\"_self\" rel=\"bookmark noopener noreferrer\"><\/a>\n\t\t\t\t\t\t\t<\/article>\n\t\t\t\t\t\t\t\t\t\t\t\t\t\t\t\t<article class=\"uagb-post__inner-wrap\">\t\t\t\t\t\t\t\t<div class='uagb-post__image'>\n\t\t\t\t\t\t\t\t\t<a href=\"https:\/\/ru.law\/en\/vtdi-abgasskandal-rund-um-vw-audi-und-porsche\/\" target=\"_self\" rel=\"bookmark noopener noreferrer\" class='uagb-image-ratio-inherit'><img loading=\"lazy\" decoding=\"async\" width=\"1024\" height=\"576\" src=\"https:\/\/ru.law\/wp-content\/uploads\/2022\/01\/Rogert-Ulbrich-Rechtsanwaelte-Kanzlei-Abgasskandal-Audi-Verjaehrung-2022-1024x576.jpg\" class=\"attachment-large size-large\" alt=\"\" srcset=\"https:\/\/ru.law\/wp-content\/uploads\/2022\/01\/Rogert-Ulbrich-Rechtsanwaelte-Kanzlei-Abgasskandal-Audi-Verjaehrung-2022-1024x576.jpg 1024w, https:\/\/ru.law\/wp-content\/uploads\/2022\/01\/Rogert-Ulbrich-Rechtsanwaelte-Kanzlei-Abgasskandal-Audi-Verjaehrung-2022-300x169.jpg 300w, https:\/\/ru.law\/wp-content\/uploads\/2022\/01\/Rogert-Ulbrich-Rechtsanwaelte-Kanzlei-Abgasskandal-Audi-Verjaehrung-2022-768x432.jpg 768w, https:\/\/ru.law\/wp-content\/uploads\/2022\/01\/Rogert-Ulbrich-Rechtsanwaelte-Kanzlei-Abgasskandal-Audi-Verjaehrung-2022.jpg 1200w\" sizes=\"auto, (max-width: 1024px) 100vw, 1024px\" \/>\t\t\t\t\t<\/a>\n\t\t\t\t\t\t\t<\/div>\n\t\t\t\t\t\t<h4 class=\"uagb-post__title uagb-post__text\">\n\t\t\t\t<a href=\"https:\/\/ru.law\/en\/vtdi-abgasskandal-rund-um-vw-audi-und-porsche\/\" target=\"_self\" rel=\"bookmark noopener noreferrer\">VTDI emissions scandal involving VW, Audi and Porsche<\/a>\n\t\t\t<\/h4>\n\t\t\t\t\t\t<div class='uagb-post__text uagb-post-grid-byline'>\n\t\t\t\t\t\t\t<\/div>\n\t\t\t\t\t\t\t<div class='uagb-post__text uagb-post__excerpt'>\n\t\t\t\t\t<p>For many German car manufacturers, the diesel emissions scandal is still omnipresent, including the VW Group\u2026\t\t\t\t<\/div>\n\t\t\t\t\t\t<div class=\"uagb-post__text uagb-post__cta wp-block-button\">\n\t\t\t\t<a class=\"wp-block-button__link uagb-text-link\" style=\"\" href=\"https:\/\/ru.law\/en\/vtdi-abgasskandal-rund-um-vw-audi-und-porsche\/\" target=\"_self\" rel=\"bookmark noopener noreferrer\">Read More<\/a>\n\t\t\t<\/div>\n\t\t\t\n\t\t\t\t\t\t\t\t<a class=\"uagb-post__link-complete-box\" href=\"https:\/\/ru.law\/en\/vtdi-abgasskandal-rund-um-vw-audi-und-porsche\/\" target=\"_self\" rel=\"bookmark noopener noreferrer\"><\/a>\n\t\t\t\t\t\t\t<\/article>\n\t\t\t\t\t\t\t\t\t\t\t\t\t\t\t\t<article class=\"uagb-post__inner-wrap\">\t\t\t\t\t\t\t\t<div class='uagb-post__image'>\n\t\t\t\t\t\t\t\t\t<a href=\"https:\/\/ru.law\/en\/olg-koeln-verurteilt-audi-ag\/\" target=\"_self\" rel=\"bookmark noopener noreferrer\" class='uagb-image-ratio-inherit'><img loading=\"lazy\" decoding=\"async\" width=\"1024\" height=\"576\" src=\"https:\/\/ru.law\/wp-content\/uploads\/2021\/09\/rogert-ulbrich-rechtsanwalt-kanzlei-abgasskandal-premium-modelle-porsche-42l-1024x576.jpg\" class=\"attachment-large size-large\" alt=\"\" srcset=\"https:\/\/ru.law\/wp-content\/uploads\/2021\/09\/rogert-ulbrich-rechtsanwalt-kanzlei-abgasskandal-premium-modelle-porsche-42l-1024x576.jpg 1024w, https:\/\/ru.law\/wp-content\/uploads\/2021\/09\/rogert-ulbrich-rechtsanwalt-kanzlei-abgasskandal-premium-modelle-porsche-42l-300x169.jpg 300w, https:\/\/ru.law\/wp-content\/uploads\/2021\/09\/rogert-ulbrich-rechtsanwalt-kanzlei-abgasskandal-premium-modelle-porsche-42l-768x432.jpg 768w, https:\/\/ru.law\/wp-content\/uploads\/2021\/09\/rogert-ulbrich-rechtsanwalt-kanzlei-abgasskandal-premium-modelle-porsche-42l.jpg 1200w\" sizes=\"auto, (max-width: 1024px) 100vw, 1024px\" \/>\t\t\t\t\t<\/a>\n\t\t\t\t\t\t\t<\/div>\n\t\t\t\t\t\t<h4 class=\"uagb-post__title uagb-post__text\">\n\t\t\t\t<a href=\"https:\/\/ru.law\/en\/olg-koeln-verurteilt-audi-ag\/\" target=\"_self\" rel=\"bookmark noopener noreferrer\">Audi AG ordered to take back a Porsche Cayenne S<\/a>\n\t\t\t<\/h4>\n\t\t\t\t\t\t<div class='uagb-post__text uagb-post-grid-byline'>\n\t\t\t\t\t\t\t<\/div>\n\t\t\t\t\t\t\t<div class='uagb-post__text uagb-post__excerpt'>\n\t\t\t\t\t<p>Audi AG was ordered by the Cologne Higher Regional Court to take back a Porsche Cayenne S 4.2l\u2026.\t\t\t\t<\/div>\n\t\t\t\t\t\t<div class=\"uagb-post__text uagb-post__cta wp-block-button\">\n\t\t\t\t<a class=\"wp-block-button__link uagb-text-link\" style=\"\" href=\"https:\/\/ru.law\/en\/olg-koeln-verurteilt-audi-ag\/\" target=\"_self\" rel=\"bookmark noopener noreferrer\">Read More<\/a>\n\t\t\t<\/div>\n\t\t\t\n\t\t\t\t\t\t\t\t<a class=\"uagb-post__link-complete-box\" href=\"https:\/\/ru.law\/en\/olg-koeln-verurteilt-audi-ag\/\" target=\"_self\" rel=\"bookmark noopener noreferrer\"><\/a>\n\t\t\t\t\t\t\t<\/article>\n\t\t\t\t\t\t\t\t\t\t\t<\/div>\n\t\t\t\n\n\n<p><\/p>\n<\/div><\/div>\n<\/div><\/section>","protected":false},"excerpt":{"rendered":"<p>Lohnt sich das Hardware-Update f\u00fcr Sie? Mit illegalen Abgasmanipulationen haben die Autokonzerne Dieselk\u00e4ufer massiv gesch\u00e4digt. Den Betroffenen drohen Fahrverbote aufgrund des hohen Stickstoffaussto\u00dfes sowie finanzielle [&hellip;]<\/p>\n","protected":false},"author":21,"featured_media":10362,"comment_status":"closed","ping_status":"open","sticky":false,"template":"","format":"standard","meta":{"_uag_custom_page_level_css":"","site-sidebar-layout":"default","site-content-layout":"default","ast-site-content-layout":"default","site-content-style":"default","site-sidebar-style":"default","ast-global-header-display":"","ast-banner-title-visibility":"","ast-main-header-display":"","ast-hfb-above-header-display":"","ast-hfb-below-header-display":"","ast-hfb-mobile-header-display":"","site-post-title":"","ast-breadcrumbs-content":"","ast-featured-img":"","footer-sml-layout":"","ast-disable-related-posts":"","theme-transparent-header-meta":"default","adv-header-id-meta":"","stick-header-meta":"","header-above-stick-meta":"","header-main-stick-meta":"","header-below-stick-meta":"","astra-migrate-meta-layouts":"default","ast-page-background-enabled":"default","ast-page-background-meta":{"desktop":{"background-color":"","background-image":"","background-repeat":"repeat","background-position":"center center","background-size":"auto","background-attachment":"scroll","background-type":"","background-media":"","overlay-type":"","overlay-color":"","overlay-opacity":"","overlay-gradient":""},"tablet":{"background-color":"","background-image":"","background-repeat":"repeat","background-position":"center center","background-size":"auto","background-attachment":"scroll","background-type":"","background-media":"","overlay-type":"","overlay-color":"","overlay-opacity":"","overlay-gradient":""},"mobile":{"background-color":"","background-image":"","background-repeat":"repeat","background-position":"center center","background-size":"auto","background-attachment":"scroll","background-type":"","background-media":"","overlay-type":"","overlay-color":"","overlay-opacity":"","overlay-gradient":""}},"ast-content-background-meta":{"desktop":{"background-color":"var(--ast-global-color-5)","background-image":"","background-repeat":"repeat","background-position":"center center","background-size":"auto","background-attachment":"scroll","background-type":"","background-media":"","overlay-type":"","overlay-color":"","overlay-opacity":"","overlay-gradient":""},"tablet":{"background-color":"var(--ast-global-color-5)","background-image":"","background-repeat":"repeat","background-position":"center center","background-size":"auto","background-attachment":"scroll","background-type":"","background-media":"","overlay-type":"","overlay-color":"","overlay-opacity":"","overlay-gradient":""},"mobile":{"background-color":"var(--ast-global-color-5)","background-image":"","background-repeat":"repeat","background-position":"center center","background-size":"auto","background-attachment":"scroll","background-type":"","background-media":"","overlay-type":"","overlay-color":"","overlay-opacity":"","overlay-gradient":""}},"footnotes":""},"categories":[2],"tags":[15,23,45],"class_list":["post-2373","post","type-post","status-publish","format-standard","has-post-thumbnail","hentry","category-abgasskandal","tag-bmw","tag-euro-5","tag-vw"],"yoast_head":"<!-- This site is optimized with the Yoast SEO Premium plugin v27.4 (Yoast SEO v27.4) - https:\/\/yoast.com\/product\/yoast-seo-premium-wordpress\/ -->\n<title>Abgasskandal: Nachr\u00fcstung f\u00fcr EURO-5-Diesel - R&amp;U<\/title>\n<meta name=\"description\" content=\"Besitzer von Euro-5-Dieseln bekommen Angebote f\u00fcr eine Nachr\u00fcstung mit SCR-Katalysator.\u00a0Lohnt sich das Hardware-Update f\u00fcr Sie?\" \/>\n<meta name=\"robots\" content=\"index, follow, max-snippet:-1, max-image-preview:large, max-video-preview:-1\" \/>\n<link rel=\"canonical\" href=\"https:\/\/ru.law\/en\/abgasskandal-nachruestung-fuer-euro-5-diesel\/\" \/>\n<meta property=\"og:locale\" content=\"en_GB\" \/>\n<meta property=\"og:type\" content=\"article\" \/>\n<meta property=\"og:title\" content=\"Abgasskandal: Nachr\u00fcstung f\u00fcr EURO-5-Diesel\" \/>\n<meta property=\"og:description\" content=\"Besitzer von Euro-5-Dieseln bekommen Angebote f\u00fcr eine Nachr\u00fcstung mit SCR-Katalysator.\u00a0Lohnt sich das Hardware-Update f\u00fcr Sie?\" \/>\n<meta property=\"og:url\" content=\"https:\/\/ru.law\/en\/abgasskandal-nachruestung-fuer-euro-5-diesel\/\" \/>\n<meta property=\"og:site_name\" content=\"R&amp;U\" \/>\n<meta property=\"article:publisher\" content=\"https:\/\/www.facebook.com\/RogertUlbrich\/\" \/>\n<meta property=\"article:published_time\" content=\"2020-06-21T09:37:47+00:00\" \/>\n<meta property=\"article:modified_time\" content=\"2024-07-08T11:13:06+00:00\" \/>\n<meta property=\"og:image\" content=\"https:\/\/ru.law\/wp-content\/uploads\/2020\/06\/abgasskandal-hardware-nachruestung-1.jpg\" \/>\n\t<meta property=\"og:image:width\" content=\"1200\" \/>\n\t<meta property=\"og:image:height\" content=\"675\" \/>\n\t<meta property=\"og:image:type\" content=\"image\/jpeg\" \/>\n<meta name=\"author\" content=\"Marco Rogert\" \/>\n<meta name=\"twitter:card\" content=\"summary_large_image\" \/>\n<meta name=\"twitter:creator\" content=\"@RogertUlbrich\" \/>\n<meta name=\"twitter:site\" content=\"@RogertUlbrich\" \/>\n<script type=\"application\/ld+json\" class=\"yoast-schema-graph\">{\"@context\":\"https:\\\/\\\/schema.org\",\"@graph\":[{\"@type\":\"Article\",\"@id\":\"https:\\\/\\\/ru.law\\\/abgasskandal-nachruestung-fuer-euro-5-diesel\\\/#article\",\"isPartOf\":{\"@id\":\"https:\\\/\\\/ru.law\\\/abgasskandal-nachruestung-fuer-euro-5-diesel\\\/\"},\"author\":{\"name\":\"Marco Rogert\",\"@id\":\"https:\\\/\\\/ru.law\\\/#\\\/schema\\\/person\\\/b020d506e6bbc471b4565d3a98173b87\"},\"headline\":\"Abgasskandal: Nachr\u00fcstung f\u00fcr EURO-5-Diesel\",\"datePublished\":\"2020-06-21T09:37:47+00:00\",\"dateModified\":\"2024-07-08T11:13:06+00:00\",\"mainEntityOfPage\":{\"@id\":\"https:\\\/\\\/ru.law\\\/abgasskandal-nachruestung-fuer-euro-5-diesel\\\/\"},\"wordCount\":726,\"publisher\":{\"@id\":\"https:\\\/\\\/ru.law\\\/#organization\"},\"image\":{\"@id\":\"https:\\\/\\\/ru.law\\\/abgasskandal-nachruestung-fuer-euro-5-diesel\\\/#primaryimage\"},\"thumbnailUrl\":\"https:\\\/\\\/ru.law\\\/wp-content\\\/uploads\\\/2020\\\/06\\\/abgasskandal-hardware-nachruestung-1.jpg\",\"keywords\":[\"BMW\",\"Euro-5\",\"VW\"],\"articleSection\":[\"Abgasskandal\"],\"inLanguage\":\"en-GB\"},{\"@type\":\"WebPage\",\"@id\":\"https:\\\/\\\/ru.law\\\/abgasskandal-nachruestung-fuer-euro-5-diesel\\\/\",\"url\":\"https:\\\/\\\/ru.law\\\/abgasskandal-nachruestung-fuer-euro-5-diesel\\\/\",\"name\":\"Abgasskandal: Nachr\u00fcstung f\u00fcr EURO-5-Diesel - R&amp;U\",\"isPartOf\":{\"@id\":\"https:\\\/\\\/ru.law\\\/#website\"},\"primaryImageOfPage\":{\"@id\":\"https:\\\/\\\/ru.law\\\/abgasskandal-nachruestung-fuer-euro-5-diesel\\\/#primaryimage\"},\"image\":{\"@id\":\"https:\\\/\\\/ru.law\\\/abgasskandal-nachruestung-fuer-euro-5-diesel\\\/#primaryimage\"},\"thumbnailUrl\":\"https:\\\/\\\/ru.law\\\/wp-content\\\/uploads\\\/2020\\\/06\\\/abgasskandal-hardware-nachruestung-1.jpg\",\"datePublished\":\"2020-06-21T09:37:47+00:00\",\"dateModified\":\"2024-07-08T11:13:06+00:00\",\"description\":\"Besitzer von Euro-5-Dieseln bekommen Angebote f\u00fcr eine Nachr\u00fcstung mit SCR-Katalysator.\u00a0Lohnt sich das Hardware-Update f\u00fcr Sie?\",\"breadcrumb\":{\"@id\":\"https:\\\/\\\/ru.law\\\/abgasskandal-nachruestung-fuer-euro-5-diesel\\\/#breadcrumb\"},\"inLanguage\":\"en-GB\",\"potentialAction\":[{\"@type\":\"ReadAction\",\"target\":[\"https:\\\/\\\/ru.law\\\/abgasskandal-nachruestung-fuer-euro-5-diesel\\\/\"]}]},{\"@type\":\"ImageObject\",\"inLanguage\":\"en-GB\",\"@id\":\"https:\\\/\\\/ru.law\\\/abgasskandal-nachruestung-fuer-euro-5-diesel\\\/#primaryimage\",\"url\":\"https:\\\/\\\/ru.law\\\/wp-content\\\/uploads\\\/2020\\\/06\\\/abgasskandal-hardware-nachruestung-1.jpg\",\"contentUrl\":\"https:\\\/\\\/ru.law\\\/wp-content\\\/uploads\\\/2020\\\/06\\\/abgasskandal-hardware-nachruestung-1.jpg\",\"width\":1200,\"height\":675,\"caption\":\"Abgasskandal Hardware Nachruestung\"},{\"@type\":\"BreadcrumbList\",\"@id\":\"https:\\\/\\\/ru.law\\\/abgasskandal-nachruestung-fuer-euro-5-diesel\\\/#breadcrumb\",\"itemListElement\":[{\"@type\":\"ListItem\",\"position\":1,\"name\":\"Startseite\",\"item\":\"https:\\\/\\\/ru.law\\\/\"},{\"@type\":\"ListItem\",\"position\":2,\"name\":\"Abgasskandal: Nachr\u00fcstung f\u00fcr EURO-5-Diesel\"}]},{\"@type\":\"WebSite\",\"@id\":\"https:\\\/\\\/ru.law\\\/#website\",\"url\":\"https:\\\/\\\/ru.law\\\/\",\"name\":\"R&U\",\"description\":\"Verbraucheranw\u00e4lte\",\"publisher\":{\"@id\":\"https:\\\/\\\/ru.law\\\/#organization\"},\"alternateName\":\"Rogert & Ulbrich\",\"potentialAction\":[{\"@type\":\"SearchAction\",\"target\":{\"@type\":\"EntryPoint\",\"urlTemplate\":\"https:\\\/\\\/ru.law\\\/?s={search_term_string}\"},\"query-input\":{\"@type\":\"PropertyValueSpecification\",\"valueRequired\":true,\"valueName\":\"search_term_string\"}}],\"inLanguage\":\"en-GB\"},{\"@type\":\"Organization\",\"@id\":\"https:\\\/\\\/ru.law\\\/#organization\",\"name\":\"Kanzlei Rogert & Ulbrich\",\"url\":\"https:\\\/\\\/ru.law\\\/\",\"logo\":{\"@type\":\"ImageObject\",\"inLanguage\":\"en-GB\",\"@id\":\"https:\\\/\\\/ru.law\\\/#\\\/schema\\\/logo\\\/image\\\/\",\"url\":\"https:\\\/\\\/ru.law\\\/wp-content\\\/uploads\\\/2020\\\/12\\\/logo-ru-law.svg\",\"contentUrl\":\"https:\\\/\\\/ru.law\\\/wp-content\\\/uploads\\\/2020\\\/12\\\/logo-ru-law.svg\",\"width\":992,\"height\":259,\"caption\":\"Kanzlei Rogert & Ulbrich\"},\"image\":{\"@id\":\"https:\\\/\\\/ru.law\\\/#\\\/schema\\\/logo\\\/image\\\/\"},\"sameAs\":[\"https:\\\/\\\/www.facebook.com\\\/RogertUlbrich\\\/\",\"https:\\\/\\\/x.com\\\/RogertUlbrich\",\"https:\\\/\\\/www.instagram.com\\\/rogertulbrich\\\/\",\"https:\\\/\\\/www.linkedin.com\\\/company\\\/rogert-ulbrich\\\/\",\"https:\\\/\\\/www.youtube.com\\\/channel\\\/UCganCgpvwpPFqMFf1vVmG2A\"]},{\"@type\":\"Person\",\"@id\":\"https:\\\/\\\/ru.law\\\/#\\\/schema\\\/person\\\/b020d506e6bbc471b4565d3a98173b87\",\"name\":\"Marco Rogert\",\"url\":\"https:\\\/\\\/ru.law\\\/en\\\/author\\\/rogertru-law\\\/\"}]}<\/script>\n<!-- \/ Yoast SEO Premium plugin. -->","yoast_head_json":{"title":"Emissions scandal: Retrofitting for EURO 5 diesel vehicles - R&amp;U","description":"Owners of Euro 5 diesel vehicles are receiving offers for a retrofit with an SCR catalytic converter. Is the hardware upgrade worthwhile for you?","robots":{"index":"index","follow":"follow","max-snippet":"max-snippet:-1","max-image-preview":"max-image-preview:large","max-video-preview":"max-video-preview:-1"},"canonical":"https:\/\/ru.law\/en\/abgasskandal-nachruestung-fuer-euro-5-diesel\/","og_locale":"en_GB","og_type":"article","og_title":"Abgasskandal: Nachr\u00fcstung f\u00fcr EURO-5-Diesel","og_description":"Besitzer von Euro-5-Dieseln bekommen Angebote f\u00fcr eine Nachr\u00fcstung mit SCR-Katalysator.\u00a0Lohnt sich das Hardware-Update f\u00fcr Sie?","og_url":"https:\/\/ru.law\/en\/abgasskandal-nachruestung-fuer-euro-5-diesel\/","og_site_name":"R&amp;U","article_publisher":"https:\/\/www.facebook.com\/RogertUlbrich\/","article_published_time":"2020-06-21T09:37:47+00:00","article_modified_time":"2024-07-08T11:13:06+00:00","og_image":[{"width":1200,"height":675,"url":"https:\/\/ru.law\/wp-content\/uploads\/2020\/06\/abgasskandal-hardware-nachruestung-1.jpg","type":"image\/jpeg"}],"author":"Marco Rogert","twitter_card":"summary_large_image","twitter_creator":"@RogertUlbrich","twitter_site":"@RogertUlbrich","schema":{"@context":"https:\/\/schema.org","@graph":[{"@type":"Article","@id":"https:\/\/ru.law\/abgasskandal-nachruestung-fuer-euro-5-diesel\/#article","isPartOf":{"@id":"https:\/\/ru.law\/abgasskandal-nachruestung-fuer-euro-5-diesel\/"},"author":{"name":"Marco Rogert","@id":"https:\/\/ru.law\/#\/schema\/person\/b020d506e6bbc471b4565d3a98173b87"},"headline":"Abgasskandal: Nachr\u00fcstung f\u00fcr EURO-5-Diesel","datePublished":"2020-06-21T09:37:47+00:00","dateModified":"2024-07-08T11:13:06+00:00","mainEntityOfPage":{"@id":"https:\/\/ru.law\/abgasskandal-nachruestung-fuer-euro-5-diesel\/"},"wordCount":726,"publisher":{"@id":"https:\/\/ru.law\/#organization"},"image":{"@id":"https:\/\/ru.law\/abgasskandal-nachruestung-fuer-euro-5-diesel\/#primaryimage"},"thumbnailUrl":"https:\/\/ru.law\/wp-content\/uploads\/2020\/06\/abgasskandal-hardware-nachruestung-1.jpg","keywords":["BMW","Euro-5","VW"],"articleSection":["Abgasskandal"],"inLanguage":"en-GB"},{"@type":"WebPage","@id":"https:\/\/ru.law\/abgasskandal-nachruestung-fuer-euro-5-diesel\/","url":"https:\/\/ru.law\/abgasskandal-nachruestung-fuer-euro-5-diesel\/","name":"Emissions scandal: Retrofitting for EURO 5 diesel vehicles - R&amp;U","isPartOf":{"@id":"https:\/\/ru.law\/#website"},"primaryImageOfPage":{"@id":"https:\/\/ru.law\/abgasskandal-nachruestung-fuer-euro-5-diesel\/#primaryimage"},"image":{"@id":"https:\/\/ru.law\/abgasskandal-nachruestung-fuer-euro-5-diesel\/#primaryimage"},"thumbnailUrl":"https:\/\/ru.law\/wp-content\/uploads\/2020\/06\/abgasskandal-hardware-nachruestung-1.jpg","datePublished":"2020-06-21T09:37:47+00:00","dateModified":"2024-07-08T11:13:06+00:00","description":"Owners of Euro 5 diesel vehicles are receiving offers for a retrofit with an SCR catalytic converter. Is the hardware upgrade worthwhile for you?","breadcrumb":{"@id":"https:\/\/ru.law\/abgasskandal-nachruestung-fuer-euro-5-diesel\/#breadcrumb"},"inLanguage":"en-GB","potentialAction":[{"@type":"ReadAction","target":["https:\/\/ru.law\/abgasskandal-nachruestung-fuer-euro-5-diesel\/"]}]},{"@type":"ImageObject","inLanguage":"en-GB","@id":"https:\/\/ru.law\/abgasskandal-nachruestung-fuer-euro-5-diesel\/#primaryimage","url":"https:\/\/ru.law\/wp-content\/uploads\/2020\/06\/abgasskandal-hardware-nachruestung-1.jpg","contentUrl":"https:\/\/ru.law\/wp-content\/uploads\/2020\/06\/abgasskandal-hardware-nachruestung-1.jpg","width":1200,"height":675,"caption":"Abgasskandal Hardware Nachruestung"},{"@type":"BreadcrumbList","@id":"https:\/\/ru.law\/abgasskandal-nachruestung-fuer-euro-5-diesel\/#breadcrumb","itemListElement":[{"@type":"ListItem","position":1,"name":"Startseite","item":"https:\/\/ru.law\/"},{"@type":"ListItem","position":2,"name":"Abgasskandal: Nachr\u00fcstung f\u00fcr EURO-5-Diesel"}]},{"@type":"WebSite","@id":"https:\/\/ru.law\/#website","url":"https:\/\/ru.law\/","name":"R&amp;U","description":"Consumer lawyers","publisher":{"@id":"https:\/\/ru.law\/#organization"},"alternateName":"Rogert & Ulbrich","potentialAction":[{"@type":"SearchAction","target":{"@type":"EntryPoint","urlTemplate":"https:\/\/ru.law\/?s={search_term_string}"},"query-input":{"@type":"PropertyValueSpecification","valueRequired":true,"valueName":"search_term_string"}}],"inLanguage":"en-GB"},{"@type":"Organization","@id":"https:\/\/ru.law\/#organization","name":"Rogert &amp; Ulbrich Law Firm","url":"https:\/\/ru.law\/","logo":{"@type":"ImageObject","inLanguage":"en-GB","@id":"https:\/\/ru.law\/#\/schema\/logo\/image\/","url":"https:\/\/ru.law\/wp-content\/uploads\/2020\/12\/logo-ru-law.svg","contentUrl":"https:\/\/ru.law\/wp-content\/uploads\/2020\/12\/logo-ru-law.svg","width":992,"height":259,"caption":"Kanzlei Rogert & Ulbrich"},"image":{"@id":"https:\/\/ru.law\/#\/schema\/logo\/image\/"},"sameAs":["https:\/\/www.facebook.com\/RogertUlbrich\/","https:\/\/x.com\/RogertUlbrich","https:\/\/www.instagram.com\/rogertulbrich\/","https:\/\/www.linkedin.com\/company\/rogert-ulbrich\/","https:\/\/www.youtube.com\/channel\/UCganCgpvwpPFqMFf1vVmG2A"]},{"@type":"Person","@id":"https:\/\/ru.law\/#\/schema\/person\/b020d506e6bbc471b4565d3a98173b87","name":"Marco Rogert","url":"https:\/\/ru.law\/en\/author\/rogertru-law\/"}]}},"uagb_featured_image_src":{"full":["https:\/\/ru.law\/wp-content\/uploads\/2020\/06\/abgasskandal-hardware-nachruestung-1.jpg",1200,675,false],"thumbnail":["https:\/\/ru.law\/wp-content\/uploads\/2020\/06\/abgasskandal-hardware-nachruestung-1-150x150.jpg",96,96,true],"medium":["https:\/\/ru.law\/wp-content\/uploads\/2020\/06\/abgasskandal-hardware-nachruestung-1-300x169.jpg",300,169,true],"medium_large":["https:\/\/ru.law\/wp-content\/uploads\/2020\/06\/abgasskandal-hardware-nachruestung-1-768x432.jpg",768,432,true],"large":["https:\/\/ru.law\/wp-content\/uploads\/2020\/06\/abgasskandal-hardware-nachruestung-1-1024x576.jpg",1024,576,true],"1536x1536":["https:\/\/ru.law\/wp-content\/uploads\/2020\/06\/abgasskandal-hardware-nachruestung-1.jpg",1200,675,false],"2048x2048":["https:\/\/ru.law\/wp-content\/uploads\/2020\/06\/abgasskandal-hardware-nachruestung-1.jpg",1200,675,false],"trp-custom-language-flag":["https:\/\/ru.law\/wp-content\/uploads\/2020\/06\/abgasskandal-hardware-nachruestung-1.jpg",18,10,false]},"uagb_author_info":{"display_name":"Marco Rogert","author_link":"https:\/\/ru.law\/en\/author\/rogertru-law\/"},"uagb_comment_info":0,"uagb_excerpt":"Lohnt sich das Hardware-Update f\u00fcr Sie? Mit illegalen Abgasmanipulationen haben die Autokonzerne Dieselk\u00e4ufer massiv gesch\u00e4digt. Den Betroffenen drohen Fahrverbote aufgrund des hohen Stickstoffaussto\u00dfes sowie finanzielle [&hellip;]","_links":{"self":[{"href":"https:\/\/ru.law\/en\/wp-json\/wp\/v2\/posts\/2373","targetHints":{"allow":["GET"]}}],"collection":[{"href":"https:\/\/ru.law\/en\/wp-json\/wp\/v2\/posts"}],"about":[{"href":"https:\/\/ru.law\/en\/wp-json\/wp\/v2\/types\/post"}],"author":[{"embeddable":true,"href":"https:\/\/ru.law\/en\/wp-json\/wp\/v2\/users\/21"}],"replies":[{"embeddable":true,"href":"https:\/\/ru.law\/en\/wp-json\/wp\/v2\/comments?post=2373"}],"version-history":[{"count":0,"href":"https:\/\/ru.law\/en\/wp-json\/wp\/v2\/posts\/2373\/revisions"}],"wp:featuredmedia":[{"embeddable":true,"href":"https:\/\/ru.law\/en\/wp-json\/wp\/v2\/media\/10362"}],"wp:attachment":[{"href":"https:\/\/ru.law\/en\/wp-json\/wp\/v2\/media?parent=2373"}],"wp:term":[{"taxonomy":"category","embeddable":true,"href":"https:\/\/ru.law\/en\/wp-json\/wp\/v2\/categories?post=2373"},{"taxonomy":"post_tag","embeddable":true,"href":"https:\/\/ru.law\/en\/wp-json\/wp\/v2\/tags?post=2373"}],"curies":[{"name":"wp","href":"https:\/\/api.w.org\/{rel}","templated":true}]}}