{"id":2364,"date":"2020-06-30T11:22:00","date_gmt":"2020-06-30T09:22:00","guid":{"rendered":"https:\/\/www.rogertulbrich.de\/wp\/?p=2364"},"modified":"2024-07-08T13:13:05","modified_gmt":"2024-07-08T11:13:05","slug":"verjaehren-ansprueche-von-autokaeufern-nach-10-jahren","status":"publish","type":"post","link":"https:\/\/ru.law\/en\/verjaehren-ansprueche-von-autokaeufern-nach-10-jahren\/","title":{"rendered":"Do car buyers\u2019 claims only expire after 10 years?"},"content":{"rendered":"<h2 class=\"wp-block-heading\" id=\"h-diesel-abgasskandal\">diesel emissions scandal.<\/h2>\n\n\n\n<p>When do the claims of injured diesel buyers expire in <a href=\"https:\/\/ru.law\/en\/expertise\/abgasskandal\/\">emissions scandal<\/a>? This legally complex question is still controversial. A decision by the Marburg District Court now shows a new perspective and gives injured car buyers the opportunity to assert their claims well beyond 2020.<\/p>\n\n\n\n<p>According to the prevailing legal opinion to date, claims for damages by many VW customers in the diesel emissions scandal have been time-barred since the end of 2019. However, the Marburg District Court now takes the view that the claim for damages by injured parties should not expire after 3 years, but only after 10 years in accordance with Section 852 of the German Civil Code (June 16, 2020, case number 9 C 891\/19).&nbsp;<\/p>\n\n\n<p>Section 852 of the German Civil Code states: \u201cIf the person liable for compensation has gained something through an unlawful act at the expense of the injured party, he is obliged to return the damage in accordance with the provisions on the return of unjust enrichment, even after the limitation period for the claim for compensation for the damage resulting from an unlawful act has expired. This claim expires ten years after it arises\u2026\u201d&nbsp;<\/p>\n<p>The prerequisite is that there is a fundamental claim for damages - and the Federal Court of Justice clearly affirmed this in the diesel emissions scandal, initially only with regard to VW, but the ruling is likely to set the tone for proceedings against other car manufacturers.<\/p>\n\n\n<div class=\"wp-block-columns header__gradient_blog ghostkit-custom-xNr4Y is-layout-flex wp-container-core-columns-is-layout-28f84493 wp-block-columns-is-layout-flex\">\n<div class=\"wp-block-column is-vertically-aligned-top is-layout-flow wp-block-column-is-layout-flow\" style=\"flex-basis:20%\">\n<figure class=\"wp-block-image size-large zitat\"><img decoding=\"async\" src=\"https:\/\/www.rogertulbrich.de\/wp\/wp-content\/uploads\/2020\/07\/marco_rogert_handy-2.jpg\" alt=\"\" class=\"wp-image-749\" \/><\/figure>\n<\/div>\n\n\n\n<div class=\"wp-block-column is-vertically-aligned-center ghostkit-custom-1SOwj2 is-layout-flow wp-block-column-is-layout-flow\" style=\"flex-basis:80%\">\n<p>&quot;The Marburg decision offers interesting food for thought. It states that manufacturers who - like VW - have deliberately and immorally deceived their customers must pay for their financial losses even 10 years later. Volkswagen&#039;s delaying tactics and attempts to delay proceedings until the end of the statute of limitations will not get them through. Even if higher courts confirm this legal opinion, diesel buyers who have previously assumed that their claims were time-barred at the end of 2019 also have a good chance of getting their rights.&quot;<\/p>\n\n\n\n<p class=\"has-text-align-left\">Partner Dr. Marco Rogert <\/p>\n<\/div>\n<\/div>\n\n\n\n<h3 class=\"wp-block-heading\" id=\"h-umstritten-wann-beginnt-die-verjahrunsgfrist\">Controversial: When does the limitation period begin?<\/h3>\n\n\n<p>The decision of the Marburg District Court sheds new light on an unresolved and controversial issue. Claims for damages due to intentional immoral damage under Section 826 of the German Civil Code are usually time-barred after 3 years - this is what Section 195 of the German Civil Code stipulates. However, it is still disputed when exactly this 3-year period begins. According to Section 199 of the German Civil Code, it runs from the end of the year in which the claim arose or the diesel buyer had or should have had knowledge of the &quot;circumstances giving rise to the claim&quot;, i.e. the presence of an illegal switch-off device. This is exactly where the rub lies. There are still different views on the question of when customers could have known about the emissions manipulation, especially with the scandalous EA189 engine:<\/p>\n<p><\/p>\n<ul>\n<li><strong>The statute of limitations began at the end of 2015<\/strong>, i.e. at the end of the year in which the emissions scandal became public. In this case, diesel buyers would have had to assert their claims by December 31, 2018.<\/li>\n<li><strong>The statute of limitations began at the end of 2016 or 2017<\/strong>&nbsp;when VW informed diesel buyers about the switch-off devices in the EA 189. In this case, the limitation period would have expired on December 31, 2019 or would end on December 31, 2020. It should be remembered that until the BGH ruling in May, VW always denied that the buyers had suffered any damage at all. If one follows this adventurous argument, the question arises as to how customers can be aware of damage that supposedly does not even exist.<\/li>\n<li><strong>Many lawyers and courts therefore take the view, in line with the Federal Court of Justice, that the limitation period only begins to run when the legal situation is clear.&nbsp;<\/strong>But there are also different opinions about when this is the case:<\/li>\n<\/ul>\n<ol>\n<li><strong>After the first higher regional court rulings against VW in 2018<\/strong>&nbsp;\u2013 then the limitation period would end on December 31, 2021.<\/li>\n<li><strong>According to the BGH ruling of 25 May 2020<\/strong>&nbsp;- then the limitation period would not end until December 31, 2023. This view is held by the Trier Regional Court, the Frankfurt am Main Regional Court and the Duisburg Regional Court, among others. The latter stated clearly in its ruling: &quot;As long as there is no decision by the Federal Court of Justice in a comparable case, the legal situation must be regarded as unclear.&quot;<\/li>\n<\/ol>\n<p><strong>Special regulations apply to diesel buyers who joined the model declaratory action against VW<\/strong>, but have withdrawn their participation or have not received or accepted the VW settlement offer.<\/p>\n\n\n\n\n<h3 class=\"wp-block-heading\" id=\"h-noch-viele-offene-fragen-zur-verjahrung\">Still many open questions about the statute of limitations<\/h3>\n\n\n<p>In addition, further questions remain unanswered: What applies to diesel buyers who buy other vehicles from the Volkswagen Group, such as <a href=\"https:\/\/ru.law\/en\/expertise\/abgasskandal\/audi-diesel\/\">Audi<\/a>&nbsp;&nbsp;or <a href=\"https:\/\/ru.law\/en\/expertise\/abgasskandal\/porsche-diesel\/\">Porsche<\/a> Or vehicles with other engines, such as the EA288? When do the claims of defrauded <a href=\"https:\/\/ru.law\/en\/expertise\/abgasskandal\/mercedes-benz-diesel\/\">Mercedes-<\/a> and <a href=\"https:\/\/ru.law\/en\/expertise\/abgasskandal\/bmw-diesel\/\">BMW<\/a>Buyers? And how do software updates affect the statute of limitations? After all, it has been shown that exhaust gas purification often only works within a narrow temperature range, even after software updates. Such <a href=\"https:\/\/ru.law\/en\/zykluserkennung-thermofenster-co\/\">thermal window<\/a> Both German courts and the Advocate General of the European Court of Justice have clearly classified this as illegal.<\/p>\n\n\n<h3 class=\"wp-block-heading\" id=\"h-es-kommt-auf-den-einzelfall-an\">It depends on the individual case<\/h3>\n\n\n<p>If, like the Marburg District Court, one assumes that Section 852 of the German Civil Code applies, the question of the statute of limitations loses its urgency, since the time window for claims by victims is much longer at 10 years. The issue remains controversial until a supreme court ruling from the Federal Court of Justice, which is expected at the end of July 2020. In principle, the question of the statute of limitations must be clarified for each individual case. Diesel buyers who have suffered damage should therefore definitely seek the advice of a competent lawyer who is experienced in the emissions scandal issue.<\/p>\n\n\n<section class=\"wp-block-uagb-columns uagb-columns__wrap uagb-columns__background-undefined uagb-columns__stack-mobile uagb-columns__valign-undefined uagb-columns__gap-10 alignundefined uagb-block-a63b8d4d contrast blog_beitraege\"><div class=\"uagb-columns__overlay\"><\/div><div class=\"uagb-columns__inner-wrap uagb-columns__columns-1\">\n<div class=\"wp-block-uagb-column uagb-column__wrap uagb-column__background-undefined uagb-block-6e00ddba\"><div class=\"uagb-column__overlay\"><\/div><div class=\"uagb-column__inner-wrap\">\n<h3 class=\"wp-block-heading\" id=\"das-konnte-sie-auch-interessieren\">You might also be interested in:<\/h3>\n\n\n\n\t\t\t<div class=\"wp-block-uagb-post-grid uagb-post-grid  uagb-post__image-position-top uagb-post__image-enabled uagb-block-ff875f2e     uagb-post__items uagb-post__columns-3 is-grid uagb-post__columns-tablet-2 uagb-post__columns-mobile-1 uagb-post__equal-height\" data-total=\"3\" style=\"\">\n\n\t\t\t\t\t\t\t\t\t\t\t\t<article class=\"uagb-post__inner-wrap\">\t\t\t\t\t\t\t\t<div class='uagb-post__image'>\n\t\t\t\t\t\t\t\t\t<a href=\"https:\/\/ru.law\/en\/diesel-ueberholt-benzinpreis-jetzt-erst-recht\/\" target=\"_self\" rel=\"bookmark noopener noreferrer\" class='uagb-image-ratio-inherit'><img loading=\"lazy\" decoding=\"async\" width=\"1024\" height=\"576\" src=\"https:\/\/ru.law\/wp-content\/uploads\/2022\/03\/2021-News-Header-1200x675-2972-1024x576.jpg\" class=\"attachment-large size-large\" alt=\"Rogert-Ulbrich-Rechtsanwaelte-Kanzlei-Diesel-Benzin-Preise\" srcset=\"https:\/\/ru.law\/wp-content\/uploads\/2022\/03\/2021-News-Header-1200x675-2972-1024x576.jpg 1024w, https:\/\/ru.law\/wp-content\/uploads\/2022\/03\/2021-News-Header-1200x675-2972-300x169.jpg 300w, https:\/\/ru.law\/wp-content\/uploads\/2022\/03\/2021-News-Header-1200x675-2972-768x432.jpg 768w, https:\/\/ru.law\/wp-content\/uploads\/2022\/03\/2021-News-Header-1200x675-2972.jpg 1200w\" sizes=\"auto, (max-width: 1024px) 100vw, 1024px\" \/>\t\t\t\t\t<\/a>\n\t\t\t\t\t\t\t<\/div>\n\t\t\t\t\t\t<h4 class=\"uagb-post__title uagb-post__text\">\n\t\t\t\t<a href=\"https:\/\/ru.law\/en\/diesel-ueberholt-benzinpreis-jetzt-erst-recht\/\" target=\"_self\" rel=\"bookmark noopener noreferrer\">Record prices for diesel - Now is the time to reverse your car<\/a>\n\t\t\t<\/h4>\n\t\t\t\t\t\t<div class='uagb-post__text uagb-post-grid-byline'>\n\t\t\t\t\t\t\t<\/div>\n\t\t\t\t\t\t\t<div class='uagb-post__text uagb-post__excerpt'>\n\t\t\t\t\t<p>Diesel is at a record high in Germany and petrol is also approaching a\u2026\t\t\t\t<\/div>\n\t\t\t\t\t\t<div class=\"uagb-post__text uagb-post__cta wp-block-button\">\n\t\t\t\t<a class=\"wp-block-button__link uagb-text-link\" style=\"\" href=\"https:\/\/ru.law\/en\/diesel-ueberholt-benzinpreis-jetzt-erst-recht\/\" target=\"_self\" rel=\"bookmark noopener noreferrer\">Read More<\/a>\n\t\t\t<\/div>\n\t\t\t\n\t\t\t\t\t\t\t\t<a class=\"uagb-post__link-complete-box\" href=\"https:\/\/ru.law\/en\/diesel-ueberholt-benzinpreis-jetzt-erst-recht\/\" target=\"_self\" rel=\"bookmark noopener noreferrer\"><\/a>\n\t\t\t\t\t\t\t<\/article>\n\t\t\t\t\t\t\t\t\t\t\t\t\t\t\t\t<article class=\"uagb-post__inner-wrap\">\t\t\t\t\t\t\t\t<div class='uagb-post__image'>\n\t\t\t\t\t\t\t\t\t<a href=\"https:\/\/ru.law\/en\/vtdi-abgasskandal-rund-um-vw-audi-und-porsche\/\" target=\"_self\" rel=\"bookmark noopener noreferrer\" class='uagb-image-ratio-inherit'><img loading=\"lazy\" decoding=\"async\" width=\"1024\" height=\"576\" src=\"https:\/\/ru.law\/wp-content\/uploads\/2022\/01\/Rogert-Ulbrich-Rechtsanwaelte-Kanzlei-Abgasskandal-Audi-Verjaehrung-2022-1024x576.jpg\" class=\"attachment-large size-large\" alt=\"\" srcset=\"https:\/\/ru.law\/wp-content\/uploads\/2022\/01\/Rogert-Ulbrich-Rechtsanwaelte-Kanzlei-Abgasskandal-Audi-Verjaehrung-2022-1024x576.jpg 1024w, https:\/\/ru.law\/wp-content\/uploads\/2022\/01\/Rogert-Ulbrich-Rechtsanwaelte-Kanzlei-Abgasskandal-Audi-Verjaehrung-2022-300x169.jpg 300w, https:\/\/ru.law\/wp-content\/uploads\/2022\/01\/Rogert-Ulbrich-Rechtsanwaelte-Kanzlei-Abgasskandal-Audi-Verjaehrung-2022-768x432.jpg 768w, https:\/\/ru.law\/wp-content\/uploads\/2022\/01\/Rogert-Ulbrich-Rechtsanwaelte-Kanzlei-Abgasskandal-Audi-Verjaehrung-2022.jpg 1200w\" sizes=\"auto, (max-width: 1024px) 100vw, 1024px\" \/>\t\t\t\t\t<\/a>\n\t\t\t\t\t\t\t<\/div>\n\t\t\t\t\t\t<h4 class=\"uagb-post__title uagb-post__text\">\n\t\t\t\t<a href=\"https:\/\/ru.law\/en\/vtdi-abgasskandal-rund-um-vw-audi-und-porsche\/\" target=\"_self\" rel=\"bookmark noopener noreferrer\">VTDI emissions scandal involving VW, Audi and Porsche<\/a>\n\t\t\t<\/h4>\n\t\t\t\t\t\t<div class='uagb-post__text uagb-post-grid-byline'>\n\t\t\t\t\t\t\t<\/div>\n\t\t\t\t\t\t\t<div class='uagb-post__text uagb-post__excerpt'>\n\t\t\t\t\t<p>For many German car manufacturers, the diesel emissions scandal is still omnipresent, including the VW Group\u2026\t\t\t\t<\/div>\n\t\t\t\t\t\t<div class=\"uagb-post__text uagb-post__cta wp-block-button\">\n\t\t\t\t<a class=\"wp-block-button__link uagb-text-link\" style=\"\" href=\"https:\/\/ru.law\/en\/vtdi-abgasskandal-rund-um-vw-audi-und-porsche\/\" target=\"_self\" rel=\"bookmark noopener noreferrer\">Read More<\/a>\n\t\t\t<\/div>\n\t\t\t\n\t\t\t\t\t\t\t\t<a class=\"uagb-post__link-complete-box\" href=\"https:\/\/ru.law\/en\/vtdi-abgasskandal-rund-um-vw-audi-und-porsche\/\" target=\"_self\" rel=\"bookmark noopener noreferrer\"><\/a>\n\t\t\t\t\t\t\t<\/article>\n\t\t\t\t\t\t\t\t\t\t\t\t\t\t\t\t<article class=\"uagb-post__inner-wrap\">\t\t\t\t\t\t\t\t<div class='uagb-post__image'>\n\t\t\t\t\t\t\t\t\t<a href=\"https:\/\/ru.law\/en\/olg-koeln-verurteilt-audi-ag\/\" target=\"_self\" rel=\"bookmark noopener noreferrer\" class='uagb-image-ratio-inherit'><img loading=\"lazy\" decoding=\"async\" width=\"1024\" height=\"576\" src=\"https:\/\/ru.law\/wp-content\/uploads\/2021\/09\/rogert-ulbrich-rechtsanwalt-kanzlei-abgasskandal-premium-modelle-porsche-42l-1024x576.jpg\" class=\"attachment-large size-large\" alt=\"\" srcset=\"https:\/\/ru.law\/wp-content\/uploads\/2021\/09\/rogert-ulbrich-rechtsanwalt-kanzlei-abgasskandal-premium-modelle-porsche-42l-1024x576.jpg 1024w, https:\/\/ru.law\/wp-content\/uploads\/2021\/09\/rogert-ulbrich-rechtsanwalt-kanzlei-abgasskandal-premium-modelle-porsche-42l-300x169.jpg 300w, https:\/\/ru.law\/wp-content\/uploads\/2021\/09\/rogert-ulbrich-rechtsanwalt-kanzlei-abgasskandal-premium-modelle-porsche-42l-768x432.jpg 768w, https:\/\/ru.law\/wp-content\/uploads\/2021\/09\/rogert-ulbrich-rechtsanwalt-kanzlei-abgasskandal-premium-modelle-porsche-42l.jpg 1200w\" sizes=\"auto, (max-width: 1024px) 100vw, 1024px\" \/>\t\t\t\t\t<\/a>\n\t\t\t\t\t\t\t<\/div>\n\t\t\t\t\t\t<h4 class=\"uagb-post__title uagb-post__text\">\n\t\t\t\t<a href=\"https:\/\/ru.law\/en\/olg-koeln-verurteilt-audi-ag\/\" target=\"_self\" rel=\"bookmark noopener noreferrer\">Audi AG ordered to take back a Porsche Cayenne S<\/a>\n\t\t\t<\/h4>\n\t\t\t\t\t\t<div class='uagb-post__text uagb-post-grid-byline'>\n\t\t\t\t\t\t\t<\/div>\n\t\t\t\t\t\t\t<div class='uagb-post__text uagb-post__excerpt'>\n\t\t\t\t\t<p>Audi AG was ordered by the Cologne Higher Regional Court to take back a Porsche Cayenne S 4.2l\u2026.\t\t\t\t<\/div>\n\t\t\t\t\t\t<div class=\"uagb-post__text uagb-post__cta wp-block-button\">\n\t\t\t\t<a class=\"wp-block-button__link uagb-text-link\" style=\"\" href=\"https:\/\/ru.law\/en\/olg-koeln-verurteilt-audi-ag\/\" target=\"_self\" rel=\"bookmark noopener noreferrer\">Read More<\/a>\n\t\t\t<\/div>\n\t\t\t\n\t\t\t\t\t\t\t\t<a class=\"uagb-post__link-complete-box\" href=\"https:\/\/ru.law\/en\/olg-koeln-verurteilt-audi-ag\/\" target=\"_self\" rel=\"bookmark noopener noreferrer\"><\/a>\n\t\t\t\t\t\t\t<\/article>\n\t\t\t\t\t\t\t\t\t\t\t<\/div>\n\t\t\t\n\n\n<p><\/p>\n<\/div><\/div>\n<\/div><\/section>","protected":false},"excerpt":{"rendered":"<p>Diesel-Abgasskandal. Wann verj\u00e4hren die Anspr\u00fcche gesch\u00e4digter Dieselk\u00e4ufer im Abgasskandal? Diese rechtlich komplexe Frage ist nach wie vor umstritten. Ein Beschluss des Amtgerichts Marburg zeigt nun [&hellip;]<\/p>\n","protected":false},"author":21,"featured_media":7562,"comment_status":"closed","ping_status":"open","sticky":false,"template":"","format":"standard","meta":{"_uag_custom_page_level_css":"","site-sidebar-layout":"default","site-content-layout":"default","ast-site-content-layout":"default","site-content-style":"default","site-sidebar-style":"default","ast-global-header-display":"","ast-banner-title-visibility":"","ast-main-header-display":"","ast-hfb-above-header-display":"","ast-hfb-below-header-display":"","ast-hfb-mobile-header-display":"","site-post-title":"","ast-breadcrumbs-content":"","ast-featured-img":"","footer-sml-layout":"","ast-disable-related-posts":"","theme-transparent-header-meta":"default","adv-header-id-meta":"","stick-header-meta":"","header-above-stick-meta":"","header-main-stick-meta":"","header-below-stick-meta":"","astra-migrate-meta-layouts":"default","ast-page-background-enabled":"default","ast-page-background-meta":{"desktop":{"background-color":"","background-image":"","background-repeat":"repeat","background-position":"center center","background-size":"auto","background-attachment":"scroll","background-type":"","background-media":"","overlay-type":"","overlay-color":"","overlay-opacity":"","overlay-gradient":""},"tablet":{"background-color":"","background-image":"","background-repeat":"repeat","background-position":"center center","background-size":"auto","background-attachment":"scroll","background-type":"","background-media":"","overlay-type":"","overlay-color":"","overlay-opacity":"","overlay-gradient":""},"mobile":{"background-color":"","background-image":"","background-repeat":"repeat","background-position":"center center","background-size":"auto","background-attachment":"scroll","background-type":"","background-media":"","overlay-type":"","overlay-color":"","overlay-opacity":"","overlay-gradient":""}},"ast-content-background-meta":{"desktop":{"background-color":"var(--ast-global-color-5)","background-image":"","background-repeat":"repeat","background-position":"center center","background-size":"auto","background-attachment":"scroll","background-type":"","background-media":"","overlay-type":"","overlay-color":"","overlay-opacity":"","overlay-gradient":""},"tablet":{"background-color":"var(--ast-global-color-5)","background-image":"","background-repeat":"repeat","background-position":"center center","background-size":"auto","background-attachment":"scroll","background-type":"","background-media":"","overlay-type":"","overlay-color":"","overlay-opacity":"","overlay-gradient":""},"mobile":{"background-color":"var(--ast-global-color-5)","background-image":"","background-repeat":"repeat","background-position":"center center","background-size":"auto","background-attachment":"scroll","background-type":"","background-media":"","overlay-type":"","overlay-color":"","overlay-opacity":"","overlay-gradient":""}},"footnotes":""},"categories":[2,507],"tags":[14,27],"class_list":["post-2364","post","type-post","status-publish","format-standard","has-post-thumbnail","hentry","category-abgasskandal","category-urteile","tag-bgh","tag-musterfeststellungsklage"],"yoast_head":"<!-- This site is optimized with the Yoast SEO Premium plugin v27.4 (Yoast SEO v27.4) - https:\/\/yoast.com\/product\/yoast-seo-premium-wordpress\/ -->\n<title>Verj\u00e4hren Anspr\u00fcche von Autok\u00e4ufern erst nach 10 Jahren? - R&amp;U<\/title>\n<meta name=\"description\" content=\"Wann verj\u00e4hren die Anspr\u00fcche gesch\u00e4digter Autok\u00e4ufer im Abgasskandal? Ein Gerichts-Beschluss zeigt Verbrauchern eine neue Perspektive auf.\" \/>\n<meta name=\"robots\" content=\"index, follow, max-snippet:-1, max-image-preview:large, max-video-preview:-1\" \/>\n<link rel=\"canonical\" href=\"https:\/\/ru.law\/en\/verjaehren-ansprueche-von-autokaeufern-nach-10-jahren\/\" \/>\n<meta property=\"og:locale\" content=\"en_GB\" \/>\n<meta property=\"og:type\" content=\"article\" \/>\n<meta property=\"og:title\" content=\"Verj\u00e4hren Anspr\u00fcche von Autok\u00e4ufern erst nach 10 Jahren?\" \/>\n<meta property=\"og:description\" content=\"Wann verj\u00e4hren die Anspr\u00fcche gesch\u00e4digter Autok\u00e4ufer im Abgasskandal? Ein Gerichts-Beschluss zeigt Verbrauchern eine neue Perspektive auf.\" \/>\n<meta property=\"og:url\" content=\"https:\/\/ru.law\/en\/verjaehren-ansprueche-von-autokaeufern-nach-10-jahren\/\" \/>\n<meta property=\"og:site_name\" content=\"R&amp;U\" \/>\n<meta property=\"article:publisher\" content=\"https:\/\/www.facebook.com\/RogertUlbrich\/\" \/>\n<meta property=\"article:published_time\" content=\"2020-06-30T09:22:00+00:00\" \/>\n<meta property=\"article:modified_time\" content=\"2024-07-08T11:13:05+00:00\" \/>\n<meta property=\"og:image\" content=\"https:\/\/ru.law\/wp-content\/uploads\/2020\/06\/abgasskandal-schadensersatz-anspruch-unterlagen-1.jpg\" \/>\n\t<meta property=\"og:image:width\" content=\"1200\" \/>\n\t<meta property=\"og:image:height\" content=\"675\" \/>\n\t<meta property=\"og:image:type\" content=\"image\/jpeg\" \/>\n<meta name=\"author\" content=\"Marco Rogert\" \/>\n<meta name=\"twitter:card\" content=\"summary_large_image\" \/>\n<meta name=\"twitter:creator\" content=\"@RogertUlbrich\" \/>\n<meta name=\"twitter:site\" content=\"@RogertUlbrich\" \/>\n<script type=\"application\/ld+json\" class=\"yoast-schema-graph\">{\"@context\":\"https:\\\/\\\/schema.org\",\"@graph\":[{\"@type\":\"Article\",\"@id\":\"https:\\\/\\\/ru.law\\\/verjaehren-ansprueche-von-autokaeufern-nach-10-jahren\\\/#article\",\"isPartOf\":{\"@id\":\"https:\\\/\\\/ru.law\\\/verjaehren-ansprueche-von-autokaeufern-nach-10-jahren\\\/\"},\"author\":{\"name\":\"Marco Rogert\",\"@id\":\"https:\\\/\\\/ru.law\\\/#\\\/schema\\\/person\\\/b020d506e6bbc471b4565d3a98173b87\"},\"headline\":\"Verj\u00e4hren Anspr\u00fcche von Autok\u00e4ufern erst nach 10 Jahren?\",\"datePublished\":\"2020-06-30T09:22:00+00:00\",\"dateModified\":\"2024-07-08T11:13:05+00:00\",\"mainEntityOfPage\":{\"@id\":\"https:\\\/\\\/ru.law\\\/verjaehren-ansprueche-von-autokaeufern-nach-10-jahren\\\/\"},\"wordCount\":887,\"publisher\":{\"@id\":\"https:\\\/\\\/ru.law\\\/#organization\"},\"image\":{\"@id\":\"https:\\\/\\\/ru.law\\\/verjaehren-ansprueche-von-autokaeufern-nach-10-jahren\\\/#primaryimage\"},\"thumbnailUrl\":\"https:\\\/\\\/ru.law\\\/wp-content\\\/uploads\\\/2020\\\/06\\\/abgasskandal-schadensersatz-anspruch-unterlagen-1.jpg\",\"keywords\":[\"BGH\",\"Musterfeststellungsklage\"],\"articleSection\":[\"Abgasskandal\",\"Urteile\"],\"inLanguage\":\"en-GB\"},{\"@type\":\"WebPage\",\"@id\":\"https:\\\/\\\/ru.law\\\/verjaehren-ansprueche-von-autokaeufern-nach-10-jahren\\\/\",\"url\":\"https:\\\/\\\/ru.law\\\/verjaehren-ansprueche-von-autokaeufern-nach-10-jahren\\\/\",\"name\":\"Verj\u00e4hren Anspr\u00fcche von Autok\u00e4ufern erst nach 10 Jahren? - R&amp;U\",\"isPartOf\":{\"@id\":\"https:\\\/\\\/ru.law\\\/#website\"},\"primaryImageOfPage\":{\"@id\":\"https:\\\/\\\/ru.law\\\/verjaehren-ansprueche-von-autokaeufern-nach-10-jahren\\\/#primaryimage\"},\"image\":{\"@id\":\"https:\\\/\\\/ru.law\\\/verjaehren-ansprueche-von-autokaeufern-nach-10-jahren\\\/#primaryimage\"},\"thumbnailUrl\":\"https:\\\/\\\/ru.law\\\/wp-content\\\/uploads\\\/2020\\\/06\\\/abgasskandal-schadensersatz-anspruch-unterlagen-1.jpg\",\"datePublished\":\"2020-06-30T09:22:00+00:00\",\"dateModified\":\"2024-07-08T11:13:05+00:00\",\"description\":\"Wann verj\u00e4hren die Anspr\u00fcche gesch\u00e4digter Autok\u00e4ufer im Abgasskandal? Ein Gerichts-Beschluss zeigt Verbrauchern eine neue Perspektive auf.\",\"breadcrumb\":{\"@id\":\"https:\\\/\\\/ru.law\\\/verjaehren-ansprueche-von-autokaeufern-nach-10-jahren\\\/#breadcrumb\"},\"inLanguage\":\"en-GB\",\"potentialAction\":[{\"@type\":\"ReadAction\",\"target\":[\"https:\\\/\\\/ru.law\\\/verjaehren-ansprueche-von-autokaeufern-nach-10-jahren\\\/\"]}]},{\"@type\":\"ImageObject\",\"inLanguage\":\"en-GB\",\"@id\":\"https:\\\/\\\/ru.law\\\/verjaehren-ansprueche-von-autokaeufern-nach-10-jahren\\\/#primaryimage\",\"url\":\"https:\\\/\\\/ru.law\\\/wp-content\\\/uploads\\\/2020\\\/06\\\/abgasskandal-schadensersatz-anspruch-unterlagen-1.jpg\",\"contentUrl\":\"https:\\\/\\\/ru.law\\\/wp-content\\\/uploads\\\/2020\\\/06\\\/abgasskandal-schadensersatz-anspruch-unterlagen-1.jpg\",\"width\":1200,\"height\":675,\"caption\":\"Kreditwiderruf finanzielle Vorteile\"},{\"@type\":\"BreadcrumbList\",\"@id\":\"https:\\\/\\\/ru.law\\\/verjaehren-ansprueche-von-autokaeufern-nach-10-jahren\\\/#breadcrumb\",\"itemListElement\":[{\"@type\":\"ListItem\",\"position\":1,\"name\":\"Startseite\",\"item\":\"https:\\\/\\\/ru.law\\\/\"},{\"@type\":\"ListItem\",\"position\":2,\"name\":\"Verj\u00e4hren Anspr\u00fcche von Autok\u00e4ufern erst nach 10 Jahren?\"}]},{\"@type\":\"WebSite\",\"@id\":\"https:\\\/\\\/ru.law\\\/#website\",\"url\":\"https:\\\/\\\/ru.law\\\/\",\"name\":\"R&U\",\"description\":\"Verbraucheranw\u00e4lte\",\"publisher\":{\"@id\":\"https:\\\/\\\/ru.law\\\/#organization\"},\"alternateName\":\"Rogert & Ulbrich\",\"potentialAction\":[{\"@type\":\"SearchAction\",\"target\":{\"@type\":\"EntryPoint\",\"urlTemplate\":\"https:\\\/\\\/ru.law\\\/?s={search_term_string}\"},\"query-input\":{\"@type\":\"PropertyValueSpecification\",\"valueRequired\":true,\"valueName\":\"search_term_string\"}}],\"inLanguage\":\"en-GB\"},{\"@type\":\"Organization\",\"@id\":\"https:\\\/\\\/ru.law\\\/#organization\",\"name\":\"Kanzlei Rogert & Ulbrich\",\"url\":\"https:\\\/\\\/ru.law\\\/\",\"logo\":{\"@type\":\"ImageObject\",\"inLanguage\":\"en-GB\",\"@id\":\"https:\\\/\\\/ru.law\\\/#\\\/schema\\\/logo\\\/image\\\/\",\"url\":\"https:\\\/\\\/ru.law\\\/wp-content\\\/uploads\\\/2020\\\/12\\\/logo-ru-law.svg\",\"contentUrl\":\"https:\\\/\\\/ru.law\\\/wp-content\\\/uploads\\\/2020\\\/12\\\/logo-ru-law.svg\",\"width\":992,\"height\":259,\"caption\":\"Kanzlei Rogert & Ulbrich\"},\"image\":{\"@id\":\"https:\\\/\\\/ru.law\\\/#\\\/schema\\\/logo\\\/image\\\/\"},\"sameAs\":[\"https:\\\/\\\/www.facebook.com\\\/RogertUlbrich\\\/\",\"https:\\\/\\\/x.com\\\/RogertUlbrich\",\"https:\\\/\\\/www.instagram.com\\\/rogertulbrich\\\/\",\"https:\\\/\\\/www.linkedin.com\\\/company\\\/rogert-ulbrich\\\/\",\"https:\\\/\\\/www.youtube.com\\\/channel\\\/UCganCgpvwpPFqMFf1vVmG2A\"]},{\"@type\":\"Person\",\"@id\":\"https:\\\/\\\/ru.law\\\/#\\\/schema\\\/person\\\/b020d506e6bbc471b4565d3a98173b87\",\"name\":\"Marco Rogert\",\"url\":\"https:\\\/\\\/ru.law\\\/en\\\/author\\\/rogertru-law\\\/\"}]}<\/script>\n<!-- \/ Yoast SEO Premium plugin. -->","yoast_head_json":{"title":"Do claims by car buyers only expire after 10 years? - R&amp;U","description":"When do the claims of aggrieved car buyers in the emissions scandal expire? A court ruling offers consumers a new perspective.","robots":{"index":"index","follow":"follow","max-snippet":"max-snippet:-1","max-image-preview":"max-image-preview:large","max-video-preview":"max-video-preview:-1"},"canonical":"https:\/\/ru.law\/en\/verjaehren-ansprueche-von-autokaeufern-nach-10-jahren\/","og_locale":"en_GB","og_type":"article","og_title":"Verj\u00e4hren Anspr\u00fcche von Autok\u00e4ufern erst nach 10 Jahren?","og_description":"Wann verj\u00e4hren die Anspr\u00fcche gesch\u00e4digter Autok\u00e4ufer im Abgasskandal? Ein Gerichts-Beschluss zeigt Verbrauchern eine neue Perspektive auf.","og_url":"https:\/\/ru.law\/en\/verjaehren-ansprueche-von-autokaeufern-nach-10-jahren\/","og_site_name":"R&amp;U","article_publisher":"https:\/\/www.facebook.com\/RogertUlbrich\/","article_published_time":"2020-06-30T09:22:00+00:00","article_modified_time":"2024-07-08T11:13:05+00:00","og_image":[{"width":1200,"height":675,"url":"https:\/\/ru.law\/wp-content\/uploads\/2020\/06\/abgasskandal-schadensersatz-anspruch-unterlagen-1.jpg","type":"image\/jpeg"}],"author":"Marco Rogert","twitter_card":"summary_large_image","twitter_creator":"@RogertUlbrich","twitter_site":"@RogertUlbrich","schema":{"@context":"https:\/\/schema.org","@graph":[{"@type":"Article","@id":"https:\/\/ru.law\/verjaehren-ansprueche-von-autokaeufern-nach-10-jahren\/#article","isPartOf":{"@id":"https:\/\/ru.law\/verjaehren-ansprueche-von-autokaeufern-nach-10-jahren\/"},"author":{"name":"Marco Rogert","@id":"https:\/\/ru.law\/#\/schema\/person\/b020d506e6bbc471b4565d3a98173b87"},"headline":"Verj\u00e4hren Anspr\u00fcche von Autok\u00e4ufern erst nach 10 Jahren?","datePublished":"2020-06-30T09:22:00+00:00","dateModified":"2024-07-08T11:13:05+00:00","mainEntityOfPage":{"@id":"https:\/\/ru.law\/verjaehren-ansprueche-von-autokaeufern-nach-10-jahren\/"},"wordCount":887,"publisher":{"@id":"https:\/\/ru.law\/#organization"},"image":{"@id":"https:\/\/ru.law\/verjaehren-ansprueche-von-autokaeufern-nach-10-jahren\/#primaryimage"},"thumbnailUrl":"https:\/\/ru.law\/wp-content\/uploads\/2020\/06\/abgasskandal-schadensersatz-anspruch-unterlagen-1.jpg","keywords":["BGH","Musterfeststellungsklage"],"articleSection":["Abgasskandal","Urteile"],"inLanguage":"en-GB"},{"@type":"WebPage","@id":"https:\/\/ru.law\/verjaehren-ansprueche-von-autokaeufern-nach-10-jahren\/","url":"https:\/\/ru.law\/verjaehren-ansprueche-von-autokaeufern-nach-10-jahren\/","name":"Do claims by car buyers only expire after 10 years? - R&amp;U","isPartOf":{"@id":"https:\/\/ru.law\/#website"},"primaryImageOfPage":{"@id":"https:\/\/ru.law\/verjaehren-ansprueche-von-autokaeufern-nach-10-jahren\/#primaryimage"},"image":{"@id":"https:\/\/ru.law\/verjaehren-ansprueche-von-autokaeufern-nach-10-jahren\/#primaryimage"},"thumbnailUrl":"https:\/\/ru.law\/wp-content\/uploads\/2020\/06\/abgasskandal-schadensersatz-anspruch-unterlagen-1.jpg","datePublished":"2020-06-30T09:22:00+00:00","dateModified":"2024-07-08T11:13:05+00:00","description":"When do the claims of aggrieved car buyers in the emissions scandal expire? A court ruling offers consumers a new perspective.","breadcrumb":{"@id":"https:\/\/ru.law\/verjaehren-ansprueche-von-autokaeufern-nach-10-jahren\/#breadcrumb"},"inLanguage":"en-GB","potentialAction":[{"@type":"ReadAction","target":["https:\/\/ru.law\/verjaehren-ansprueche-von-autokaeufern-nach-10-jahren\/"]}]},{"@type":"ImageObject","inLanguage":"en-GB","@id":"https:\/\/ru.law\/verjaehren-ansprueche-von-autokaeufern-nach-10-jahren\/#primaryimage","url":"https:\/\/ru.law\/wp-content\/uploads\/2020\/06\/abgasskandal-schadensersatz-anspruch-unterlagen-1.jpg","contentUrl":"https:\/\/ru.law\/wp-content\/uploads\/2020\/06\/abgasskandal-schadensersatz-anspruch-unterlagen-1.jpg","width":1200,"height":675,"caption":"Kreditwiderruf finanzielle Vorteile"},{"@type":"BreadcrumbList","@id":"https:\/\/ru.law\/verjaehren-ansprueche-von-autokaeufern-nach-10-jahren\/#breadcrumb","itemListElement":[{"@type":"ListItem","position":1,"name":"Startseite","item":"https:\/\/ru.law\/"},{"@type":"ListItem","position":2,"name":"Verj\u00e4hren Anspr\u00fcche von Autok\u00e4ufern erst nach 10 Jahren?"}]},{"@type":"WebSite","@id":"https:\/\/ru.law\/#website","url":"https:\/\/ru.law\/","name":"R&amp;U","description":"Consumer lawyers","publisher":{"@id":"https:\/\/ru.law\/#organization"},"alternateName":"Rogert & Ulbrich","potentialAction":[{"@type":"SearchAction","target":{"@type":"EntryPoint","urlTemplate":"https:\/\/ru.law\/?s={search_term_string}"},"query-input":{"@type":"PropertyValueSpecification","valueRequired":true,"valueName":"search_term_string"}}],"inLanguage":"en-GB"},{"@type":"Organization","@id":"https:\/\/ru.law\/#organization","name":"Rogert &amp; Ulbrich Law Firm","url":"https:\/\/ru.law\/","logo":{"@type":"ImageObject","inLanguage":"en-GB","@id":"https:\/\/ru.law\/#\/schema\/logo\/image\/","url":"https:\/\/ru.law\/wp-content\/uploads\/2020\/12\/logo-ru-law.svg","contentUrl":"https:\/\/ru.law\/wp-content\/uploads\/2020\/12\/logo-ru-law.svg","width":992,"height":259,"caption":"Kanzlei Rogert & Ulbrich"},"image":{"@id":"https:\/\/ru.law\/#\/schema\/logo\/image\/"},"sameAs":["https:\/\/www.facebook.com\/RogertUlbrich\/","https:\/\/x.com\/RogertUlbrich","https:\/\/www.instagram.com\/rogertulbrich\/","https:\/\/www.linkedin.com\/company\/rogert-ulbrich\/","https:\/\/www.youtube.com\/channel\/UCganCgpvwpPFqMFf1vVmG2A"]},{"@type":"Person","@id":"https:\/\/ru.law\/#\/schema\/person\/b020d506e6bbc471b4565d3a98173b87","name":"Marco Rogert","url":"https:\/\/ru.law\/en\/author\/rogertru-law\/"}]}},"uagb_featured_image_src":{"full":["https:\/\/ru.law\/wp-content\/uploads\/2020\/06\/abgasskandal-schadensersatz-anspruch-unterlagen-1.jpg",1200,675,false],"thumbnail":["https:\/\/ru.law\/wp-content\/uploads\/2020\/06\/abgasskandal-schadensersatz-anspruch-unterlagen-1-150x150.jpg",96,96,true],"medium":["https:\/\/ru.law\/wp-content\/uploads\/2020\/06\/abgasskandal-schadensersatz-anspruch-unterlagen-1-300x169.jpg",300,169,true],"medium_large":["https:\/\/ru.law\/wp-content\/uploads\/2020\/06\/abgasskandal-schadensersatz-anspruch-unterlagen-1-768x432.jpg",768,432,true],"large":["https:\/\/ru.law\/wp-content\/uploads\/2020\/06\/abgasskandal-schadensersatz-anspruch-unterlagen-1-1024x576.jpg",1024,576,true],"1536x1536":["https:\/\/ru.law\/wp-content\/uploads\/2020\/06\/abgasskandal-schadensersatz-anspruch-unterlagen-1.jpg",1200,675,false],"2048x2048":["https:\/\/ru.law\/wp-content\/uploads\/2020\/06\/abgasskandal-schadensersatz-anspruch-unterlagen-1.jpg",1200,675,false],"trp-custom-language-flag":["https:\/\/ru.law\/wp-content\/uploads\/2020\/06\/abgasskandal-schadensersatz-anspruch-unterlagen-1.jpg",18,10,false]},"uagb_author_info":{"display_name":"Marco Rogert","author_link":"https:\/\/ru.law\/en\/author\/rogertru-law\/"},"uagb_comment_info":0,"uagb_excerpt":"Diesel-Abgasskandal. Wann verj\u00e4hren die Anspr\u00fcche gesch\u00e4digter Dieselk\u00e4ufer im Abgasskandal? Diese rechtlich komplexe Frage ist nach wie vor umstritten. Ein Beschluss des Amtgerichts Marburg zeigt nun [&hellip;]","_links":{"self":[{"href":"https:\/\/ru.law\/en\/wp-json\/wp\/v2\/posts\/2364","targetHints":{"allow":["GET"]}}],"collection":[{"href":"https:\/\/ru.law\/en\/wp-json\/wp\/v2\/posts"}],"about":[{"href":"https:\/\/ru.law\/en\/wp-json\/wp\/v2\/types\/post"}],"author":[{"embeddable":true,"href":"https:\/\/ru.law\/en\/wp-json\/wp\/v2\/users\/21"}],"replies":[{"embeddable":true,"href":"https:\/\/ru.law\/en\/wp-json\/wp\/v2\/comments?post=2364"}],"version-history":[{"count":0,"href":"https:\/\/ru.law\/en\/wp-json\/wp\/v2\/posts\/2364\/revisions"}],"wp:featuredmedia":[{"embeddable":true,"href":"https:\/\/ru.law\/en\/wp-json\/wp\/v2\/media\/7562"}],"wp:attachment":[{"href":"https:\/\/ru.law\/en\/wp-json\/wp\/v2\/media?parent=2364"}],"wp:term":[{"taxonomy":"category","embeddable":true,"href":"https:\/\/ru.law\/en\/wp-json\/wp\/v2\/categories?post=2364"},{"taxonomy":"post_tag","embeddable":true,"href":"https:\/\/ru.law\/en\/wp-json\/wp\/v2\/tags?post=2364"}],"curies":[{"name":"wp","href":"https:\/\/api.w.org\/{rel}","templated":true}]}}