{"id":2324,"date":"2020-07-07T10:45:00","date_gmt":"2020-07-07T08:45:00","guid":{"rendered":"https:\/\/www.rogertulbrich.de\/wp\/?p=2324"},"modified":"2024-07-08T13:13:04","modified_gmt":"2024-07-08T11:13:04","slug":"gerichtsbeschluesse-zur-auskunftspflicht-im-diesel-abgasskandal","status":"publish","type":"post","link":"https:\/\/ru.law\/en\/gerichtsbeschluesse-zur-auskunftspflicht-im-diesel-abgasskandal\/","title":{"rendered":"Court decisions on the obligation to provide information in the diesel emissions scandal"},"content":{"rendered":"<h2 class=\"wp-block-heading\" id=\"h-hersteller-und-behorden-mussen-brisante-akten-herausgeben\">Manufacturers and authorities must release sensitive files.<\/h2>\n\n\n\n<p>In the <a href=\"https:\/\/ru.law\/en\/expertise\/abgasskandal\/\">diesel emissions scandal<\/a> Those responsible are practicing secrecy: documents on software manipulation are considered trade secrets, responsibilities remain vague, official measurement and test results are kept under wraps - and not just by the car manufacturers, but also by the Federal Motor Transport Authority (KBA) and the Federal Ministry of Justice. But the courts have long given the public&#039;s interest in clearing up the scandal more importance than the manufacturers&#039; trade secrets. Car companies and state institutions are increasingly being ordered to hand over documents. Is the whole truth finally coming to light?<\/p>\n\n\n\n<p>When it comes to complaints from injured diesel buyers in the <a href=\"https:\/\/ru.law\/en\/expertise\/abgasskandal\/\">emissions scandal<\/a> In order to brush off the accusations, car manufacturers like to accuse the plaintiffs of arguing \u201cout of the blue\u201d. However, if you ask the manufacturers how exactly their switch-off devices work and why they are necessary, the companies react very tightly, citing trade secrets, claiming to know nothing or \u2013 as for example <a href=\"https:\/\/ru.law\/en\/expertise\/abgasskandal\/mercedes-benz-diesel\/\">Daimler<\/a> before the Heilbronn Regional Court or in&nbsp;<a rel=\"noreferrer noopener\" href=\"https:\/\/www.anwalt.de\/rechtstipps\/abgasskandal-spezialsenat-daimler-muss-funktionsweise-der-abschalteinrichtung-erklaeren_167744.html\" target=\"_blank\">proceedings before the Higher Regional Court of Stuttgart<\/a>&nbsp;\u2013 predominantly blacked out pages.&nbsp;<\/p>\n\n\n\n<h3 class=\"wp-block-heading\" id=\"h-sekundare-darlegungslast-autohersteller-mussen-fakten-liefern\">Secondary burden of proof: Car manufacturers must provide facts<\/h3>\n\n\n<p>Judges have long criticized the insufficiently substantiated statements of the car companies and point to the&nbsp;<a href=\"https:\/\/de.wikipedia.org\/wiki\/Sekund%C3%A4re_Darlegungslast\" target=\"_blank\" rel=\"noopener noreferrer\">secondary burden of presentation and proof<\/a>&nbsp;the manufacturer. This means that in proceedings in the emissions scandal, the diesel buyers who are suing cannot explain details of the engine control and software manipulation in detail because they do not have access to the relevant information. In this case, the secondary burden of explanation and proof falls on the defendant, i.e. the car manufacturers. They have detailed information on defeat devices and are obliged to answer open questions and substantively dispute the plaintiffs&#039; statements by presenting facts that prove the opposite. Concrete facts, in other words, instead of nebulous claims: this is what the Federal Court of Justice recently demanded in its ruling in the proceedings against VW.<\/p>\n\n\n<h3 class=\"wp-block-heading\" id=\"h-autokonzerne-kba-und-verkehrsministerium-eine-mauer-des-schweigens\">Car companies, KBA and Ministry of Transport: a wall of silence<\/h3>\n\n\n<p>The disclosure of technical details and the release of documents on shutdown devices, decision-making processes and responsibilities are opposed not only by&nbsp;<a href=\"https:\/\/ru.law\/en\/expertise\/abgasskandal\/vw-diesel\/\">Volkswagen<\/a>,&nbsp;<a href=\"https:\/\/ru.law\/en\/expertise\/abgasskandal\/mercedes-benz-diesel\/\">Daimler<\/a>&nbsp;&amp; Co. The KBA and the Federal Ministry of Transport are also trying to keep sensitive documents and test results under wraps. It is thanks to persistent journalists, environmentalists and courageous lawyers that they can no longer get away with this secrecy. This is shown by numerous court rulings from recent months, for example from Schleswig, Berlin and Leipzig.<\/p>\n\n\n<h3 class=\"wp-block-heading\" id=\"h-offentlichkeit-hat-ein-recht-auf-aufklarung-im-abgasskandal\">Public has a right to information in the emissions scandal<\/h3>\n\n\n<p>The ZDF political magazine&nbsp;<a href=\"https:\/\/www.zdf.de\/politik\/frontal-21\" target=\"_blank\" rel=\"noopener noreferrer\">Frontal 21<\/a>&nbsp;has been reporting continuously on the diesel emissions scandal since 2015. In the course of the research, the editorial team asked VW and the KBA to inspect documents on software updates for the EA 189 scandal engine. The content of the approximately 4,000 pages is explosive. They may contain evidence that illegal switch-off devices are still effective in the 2.0-liter diesel engines of the VW Amarok, Audi A4, Audi A5, Audi Q5 and Seat Exeo, even after software updates.<\/p>\n<p>VW and KBA refused to provide access to the files on the grounds that the documents contained trade and business secrets and would jeopardise \u201cfair proceedings\u201d in parallel proceedings. The Schleswig-Holstein Administrative Court had already ordered the KBA to release the documents in April 2019.&nbsp;<a href=\"https:\/\/kanzlei-partsch.de\/de\/aktuelles\/item\/170-kraftfahrtbundesamt-muss-dieselskandal-unterlagen-an-zdf-journalisten-koberstein-herausgeben\" target=\"_blank\" rel=\"noopener noreferrer\">sentenced<\/a>&nbsp;(April 22, 2019, ref. 6 A 222\/16). Almost exactly one year later, the Schleswig-Holstein Higher Administrative Court rejected the KBA&#039;s appeal (April 27, 2020, ref. 4 LA 251\/19). The first instance judgment is now final. The KBA must grant Frontal 21-Reaktion access to the files.<\/p>\n<p>The reasoning of the Higher Administrative Court leaves nothing to be desired in terms of clarity: Given that 2.5 million car buyers were affected by the emissions scandal, the public interest in the publication of the documents is to be valued higher than VW&#039;s interest in the confidentiality of operational and business secrets.<\/p>\n\n\n\n\n<h3 class=\"wp-block-heading\" id=\"h-deutsche-umwelthilfe-akteneinsicht-nach-der-dritten-instanz\">Deutsche Umwelthilfe: Access to files after the third instance<\/h3>\n\n\n<p>Without a court order, neither car manufacturers nor state institutions comply with their duty to provide information as set out in Section 3 Paragraph 1 and Section 2 Paragraph 1 of the Environmental Information Act (UIG). This is demonstrated by the \u201cFrontal 21 case\u201d as well as a&nbsp;<a href=\"https:\/\/www.presseportal.de\/pm\/22521\/4612021\" target=\"_blank\" rel=\"noopener noreferrer\">Proceedings of the German Environmental Aid (DUH) against the Federal Ministry of Transport<\/a>, which also shows how close the relationship is between VW and the ministry.<\/p>\n<p>Since 2015, the environmental organisation has been requesting access to the files of the \u201cVolkswagen Investigation Commission\u201d, which was set up by former Transport Minister Alexander Dobrindt. The ministry refused, the DUH sued for access to the files and won the case before the Berlin Administrative Court (30.11.2017, Az. VG 2 K 288.16) as well as the appeal before the Berlin-Brandenburg Higher Administrative Court (29.03.2019, Az. OVG 12 B 13.18 u. 14.18). The appeal against the Higher Administrative Court\u2019s ruling has been rejected by the&nbsp;<a href=\"https:\/\/www.bverwg.de\/220420B10B18.19.0\" target=\"_blank\" rel=\"noopener noreferrer\">Federal Administrative Court in Leipzig<\/a>&nbsp;not admitted (April 22, 2020; Ref. BVerwG 10 B 18.19). The judgment is now legally binding - and after more than 4 years of legal disputes, the Federal Ministry must finally release the files to the DUH.<\/p>\n<p>In this case too, all courts valued the public&#039;s interest in clarifying the emissions scandal more highly than VW&#039;s operational and business secrets. In another case, the DUH is demanding access to a document from Volkswagen AG in which the company admitted to the Federal Ministry of Transport in November 2015 that it had false CO2 values for 800,000 cars and explained in more detail how this had come about. The decision is still pending here.<\/p>\n<p>In another case, Deutsche Umwelthilfe obtained a ruling from the Schleswig-Holstein Administrative Court in 2018 that forces the KBA to release documents relating to the recall of VW diesel vehicles (April 20, 2018, case number 6 A 48\/16).<\/p>\n\n\n<div class=\"wp-block-columns header__gradient_blog ghostkit-custom-xNr4Y is-layout-flex wp-container-core-columns-is-layout-28f84493 wp-block-columns-is-layout-flex\">\n<div class=\"wp-block-column is-vertically-aligned-top is-layout-flow wp-block-column-is-layout-flow\" style=\"flex-basis:20%\">\n<figure class=\"wp-block-image size-large zitat\"><img decoding=\"async\" src=\"https:\/\/www.rogertulbrich.de\/wp\/wp-content\/uploads\/2020\/07\/marco_rogert_handy-2.jpg\" alt=\"\" class=\"wp-image-749\" \/><\/figure>\n<\/div>\n\n\n\n<div class=\"wp-block-column is-vertically-aligned-center ghostkit-custom-1SOwj2 is-layout-flow wp-block-column-is-layout-flow\" style=\"flex-basis:80%\">\n<p>&quot;It is a scandal within a scandal how even state institutions such as the KBA and the Ministry of Transport refuse to fulfill their duty to provide information and cover up the deceptive maneuvers of the car manufacturers. We therefore welcome the rulings of the Schleswig-Holstein Higher Administrative Court and the Federal Administrative Court all the more. This is the only way the facts will finally come to light. The decisions from Leipzig and Schleswig will have wider ramifications. Daimler will also no longer be able to get out of the affair with blacked-out documents.&quot;&nbsp;<\/p>\n\n\n\n<p class=\"has-text-align-left\">Partner Dr. Marco Rogert <\/p>\n<\/div>\n<\/div>\n\n\n\n<section class=\"wp-block-uagb-columns uagb-columns__wrap uagb-columns__background-undefined uagb-columns__stack-mobile uagb-columns__valign-undefined uagb-columns__gap-10 alignundefined uagb-block-a63b8d4d contrast blog_beitraege\"><div class=\"uagb-columns__overlay\"><\/div><div class=\"uagb-columns__inner-wrap uagb-columns__columns-1\">\n<div class=\"wp-block-uagb-column uagb-column__wrap uagb-column__background-undefined uagb-block-6e00ddba\"><div class=\"uagb-column__overlay\"><\/div><div class=\"uagb-column__inner-wrap\">\n<h3 class=\"wp-block-heading\" id=\"das-konnte-sie-auch-interessieren\">You might also be interested in:<\/h3>\n\n\n\n\t\t\t<div class=\"wp-block-uagb-post-grid uagb-post-grid  uagb-post__image-position-top uagb-post__image-enabled uagb-block-ff875f2e     uagb-post__items uagb-post__columns-3 is-grid uagb-post__columns-tablet-2 uagb-post__columns-mobile-1 uagb-post__equal-height\" data-total=\"3\" style=\"\">\n\n\t\t\t\t\t\t\t\t\t\t\t\t<article class=\"uagb-post__inner-wrap\">\t\t\t\t\t\t\t\t<div class='uagb-post__image'>\n\t\t\t\t\t\t\t\t\t<a href=\"https:\/\/ru.law\/en\/diesel-ueberholt-benzinpreis-jetzt-erst-recht\/\" target=\"_self\" rel=\"bookmark noopener noreferrer\" class='uagb-image-ratio-inherit'><img loading=\"lazy\" decoding=\"async\" width=\"1024\" height=\"576\" src=\"https:\/\/ru.law\/wp-content\/uploads\/2022\/03\/2021-News-Header-1200x675-2972-1024x576.jpg\" class=\"attachment-large size-large\" alt=\"Rogert-Ulbrich-Rechtsanwaelte-Kanzlei-Diesel-Benzin-Preise\" srcset=\"https:\/\/ru.law\/wp-content\/uploads\/2022\/03\/2021-News-Header-1200x675-2972-1024x576.jpg 1024w, https:\/\/ru.law\/wp-content\/uploads\/2022\/03\/2021-News-Header-1200x675-2972-300x169.jpg 300w, https:\/\/ru.law\/wp-content\/uploads\/2022\/03\/2021-News-Header-1200x675-2972-768x432.jpg 768w, https:\/\/ru.law\/wp-content\/uploads\/2022\/03\/2021-News-Header-1200x675-2972.jpg 1200w\" sizes=\"auto, (max-width: 1024px) 100vw, 1024px\" \/>\t\t\t\t\t<\/a>\n\t\t\t\t\t\t\t<\/div>\n\t\t\t\t\t\t<h4 class=\"uagb-post__title uagb-post__text\">\n\t\t\t\t<a href=\"https:\/\/ru.law\/en\/diesel-ueberholt-benzinpreis-jetzt-erst-recht\/\" target=\"_self\" rel=\"bookmark noopener noreferrer\">Record prices for diesel - Now is the time to reverse your car<\/a>\n\t\t\t<\/h4>\n\t\t\t\t\t\t<div class='uagb-post__text uagb-post-grid-byline'>\n\t\t\t\t\t\t\t<\/div>\n\t\t\t\t\t\t\t<div class='uagb-post__text uagb-post__excerpt'>\n\t\t\t\t\t<p>Diesel is at a record high in Germany and petrol is also approaching a\u2026\t\t\t\t<\/div>\n\t\t\t\t\t\t<div class=\"uagb-post__text uagb-post__cta wp-block-button\">\n\t\t\t\t<a class=\"wp-block-button__link uagb-text-link\" style=\"\" href=\"https:\/\/ru.law\/en\/diesel-ueberholt-benzinpreis-jetzt-erst-recht\/\" target=\"_self\" rel=\"bookmark noopener noreferrer\">Read More<\/a>\n\t\t\t<\/div>\n\t\t\t\n\t\t\t\t\t\t\t\t<a class=\"uagb-post__link-complete-box\" href=\"https:\/\/ru.law\/en\/diesel-ueberholt-benzinpreis-jetzt-erst-recht\/\" target=\"_self\" rel=\"bookmark noopener noreferrer\"><\/a>\n\t\t\t\t\t\t\t<\/article>\n\t\t\t\t\t\t\t\t\t\t\t\t\t\t\t\t<article class=\"uagb-post__inner-wrap\">\t\t\t\t\t\t\t\t<div class='uagb-post__image'>\n\t\t\t\t\t\t\t\t\t<a href=\"https:\/\/ru.law\/en\/vtdi-abgasskandal-rund-um-vw-audi-und-porsche\/\" target=\"_self\" rel=\"bookmark noopener noreferrer\" class='uagb-image-ratio-inherit'><img loading=\"lazy\" decoding=\"async\" width=\"1024\" height=\"576\" src=\"https:\/\/ru.law\/wp-content\/uploads\/2022\/01\/Rogert-Ulbrich-Rechtsanwaelte-Kanzlei-Abgasskandal-Audi-Verjaehrung-2022-1024x576.jpg\" class=\"attachment-large size-large\" alt=\"\" srcset=\"https:\/\/ru.law\/wp-content\/uploads\/2022\/01\/Rogert-Ulbrich-Rechtsanwaelte-Kanzlei-Abgasskandal-Audi-Verjaehrung-2022-1024x576.jpg 1024w, https:\/\/ru.law\/wp-content\/uploads\/2022\/01\/Rogert-Ulbrich-Rechtsanwaelte-Kanzlei-Abgasskandal-Audi-Verjaehrung-2022-300x169.jpg 300w, https:\/\/ru.law\/wp-content\/uploads\/2022\/01\/Rogert-Ulbrich-Rechtsanwaelte-Kanzlei-Abgasskandal-Audi-Verjaehrung-2022-768x432.jpg 768w, https:\/\/ru.law\/wp-content\/uploads\/2022\/01\/Rogert-Ulbrich-Rechtsanwaelte-Kanzlei-Abgasskandal-Audi-Verjaehrung-2022.jpg 1200w\" sizes=\"auto, (max-width: 1024px) 100vw, 1024px\" \/>\t\t\t\t\t<\/a>\n\t\t\t\t\t\t\t<\/div>\n\t\t\t\t\t\t<h4 class=\"uagb-post__title uagb-post__text\">\n\t\t\t\t<a href=\"https:\/\/ru.law\/en\/vtdi-abgasskandal-rund-um-vw-audi-und-porsche\/\" target=\"_self\" rel=\"bookmark noopener noreferrer\">VTDI emissions scandal involving VW, Audi and Porsche<\/a>\n\t\t\t<\/h4>\n\t\t\t\t\t\t<div class='uagb-post__text uagb-post-grid-byline'>\n\t\t\t\t\t\t\t<\/div>\n\t\t\t\t\t\t\t<div class='uagb-post__text uagb-post__excerpt'>\n\t\t\t\t\t<p>For many German car manufacturers, the diesel emissions scandal is still omnipresent, including the VW Group\u2026\t\t\t\t<\/div>\n\t\t\t\t\t\t<div class=\"uagb-post__text uagb-post__cta wp-block-button\">\n\t\t\t\t<a class=\"wp-block-button__link uagb-text-link\" style=\"\" href=\"https:\/\/ru.law\/en\/vtdi-abgasskandal-rund-um-vw-audi-und-porsche\/\" target=\"_self\" rel=\"bookmark noopener noreferrer\">Read More<\/a>\n\t\t\t<\/div>\n\t\t\t\n\t\t\t\t\t\t\t\t<a class=\"uagb-post__link-complete-box\" href=\"https:\/\/ru.law\/en\/vtdi-abgasskandal-rund-um-vw-audi-und-porsche\/\" target=\"_self\" rel=\"bookmark noopener noreferrer\"><\/a>\n\t\t\t\t\t\t\t<\/article>\n\t\t\t\t\t\t\t\t\t\t\t\t\t\t\t\t<article class=\"uagb-post__inner-wrap\">\t\t\t\t\t\t\t\t<div class='uagb-post__image'>\n\t\t\t\t\t\t\t\t\t<a href=\"https:\/\/ru.law\/en\/olg-koeln-verurteilt-audi-ag\/\" target=\"_self\" rel=\"bookmark noopener noreferrer\" class='uagb-image-ratio-inherit'><img loading=\"lazy\" decoding=\"async\" width=\"1024\" height=\"576\" src=\"https:\/\/ru.law\/wp-content\/uploads\/2021\/09\/rogert-ulbrich-rechtsanwalt-kanzlei-abgasskandal-premium-modelle-porsche-42l-1024x576.jpg\" class=\"attachment-large size-large\" alt=\"\" srcset=\"https:\/\/ru.law\/wp-content\/uploads\/2021\/09\/rogert-ulbrich-rechtsanwalt-kanzlei-abgasskandal-premium-modelle-porsche-42l-1024x576.jpg 1024w, https:\/\/ru.law\/wp-content\/uploads\/2021\/09\/rogert-ulbrich-rechtsanwalt-kanzlei-abgasskandal-premium-modelle-porsche-42l-300x169.jpg 300w, https:\/\/ru.law\/wp-content\/uploads\/2021\/09\/rogert-ulbrich-rechtsanwalt-kanzlei-abgasskandal-premium-modelle-porsche-42l-768x432.jpg 768w, https:\/\/ru.law\/wp-content\/uploads\/2021\/09\/rogert-ulbrich-rechtsanwalt-kanzlei-abgasskandal-premium-modelle-porsche-42l.jpg 1200w\" sizes=\"auto, (max-width: 1024px) 100vw, 1024px\" \/>\t\t\t\t\t<\/a>\n\t\t\t\t\t\t\t<\/div>\n\t\t\t\t\t\t<h4 class=\"uagb-post__title uagb-post__text\">\n\t\t\t\t<a href=\"https:\/\/ru.law\/en\/olg-koeln-verurteilt-audi-ag\/\" target=\"_self\" rel=\"bookmark noopener noreferrer\">Audi AG ordered to take back a Porsche Cayenne S<\/a>\n\t\t\t<\/h4>\n\t\t\t\t\t\t<div class='uagb-post__text uagb-post-grid-byline'>\n\t\t\t\t\t\t\t<\/div>\n\t\t\t\t\t\t\t<div class='uagb-post__text uagb-post__excerpt'>\n\t\t\t\t\t<p>Audi AG was ordered by the Cologne Higher Regional Court to take back a Porsche Cayenne S 4.2l\u2026.\t\t\t\t<\/div>\n\t\t\t\t\t\t<div class=\"uagb-post__text uagb-post__cta wp-block-button\">\n\t\t\t\t<a class=\"wp-block-button__link uagb-text-link\" style=\"\" href=\"https:\/\/ru.law\/en\/olg-koeln-verurteilt-audi-ag\/\" target=\"_self\" rel=\"bookmark noopener noreferrer\">Read More<\/a>\n\t\t\t<\/div>\n\t\t\t\n\t\t\t\t\t\t\t\t<a class=\"uagb-post__link-complete-box\" href=\"https:\/\/ru.law\/en\/olg-koeln-verurteilt-audi-ag\/\" target=\"_self\" rel=\"bookmark noopener noreferrer\"><\/a>\n\t\t\t\t\t\t\t<\/article>\n\t\t\t\t\t\t\t\t\t\t\t<\/div>\n\t\t\t\n\n\n<p><\/p>\n<\/div><\/div>\n<\/div><\/section>","protected":false},"excerpt":{"rendered":"<p>Hersteller und Beh\u00f6rden m\u00fcssen brisante Akten herausgeben. Im Diesel-Abgasskandal \u00fcben sich die Verantwortlichen in Heimlichtuerei: Dokumente zu Softwaremanipulationen gelten als Betriebsgeheimnisse, Verantwortlichkeiten bleiben im Vagen, [&hellip;]<\/p>\n","protected":false},"author":21,"featured_media":7547,"comment_status":"closed","ping_status":"open","sticky":false,"template":"","format":"standard","meta":{"_uag_custom_page_level_css":"","site-sidebar-layout":"default","site-content-layout":"default","ast-site-content-layout":"default","site-content-style":"default","site-sidebar-style":"default","ast-global-header-display":"","ast-banner-title-visibility":"","ast-main-header-display":"","ast-hfb-above-header-display":"","ast-hfb-below-header-display":"","ast-hfb-mobile-header-display":"","site-post-title":"","ast-breadcrumbs-content":"","ast-featured-img":"","footer-sml-layout":"","ast-disable-related-posts":"","theme-transparent-header-meta":"default","adv-header-id-meta":"","stick-header-meta":"","header-above-stick-meta":"","header-main-stick-meta":"","header-below-stick-meta":"","astra-migrate-meta-layouts":"default","ast-page-background-enabled":"default","ast-page-background-meta":{"desktop":{"background-color":"","background-image":"","background-repeat":"repeat","background-position":"center center","background-size":"auto","background-attachment":"scroll","background-type":"","background-media":"","overlay-type":"","overlay-color":"","overlay-opacity":"","overlay-gradient":""},"tablet":{"background-color":"","background-image":"","background-repeat":"repeat","background-position":"center center","background-size":"auto","background-attachment":"scroll","background-type":"","background-media":"","overlay-type":"","overlay-color":"","overlay-opacity":"","overlay-gradient":""},"mobile":{"background-color":"","background-image":"","background-repeat":"repeat","background-position":"center center","background-size":"auto","background-attachment":"scroll","background-type":"","background-media":"","overlay-type":"","overlay-color":"","overlay-opacity":"","overlay-gradient":""}},"ast-content-background-meta":{"desktop":{"background-color":"var(--ast-global-color-5)","background-image":"","background-repeat":"repeat","background-position":"center center","background-size":"auto","background-attachment":"scroll","background-type":"","background-media":"","overlay-type":"","overlay-color":"","overlay-opacity":"","overlay-gradient":""},"tablet":{"background-color":"var(--ast-global-color-5)","background-image":"","background-repeat":"repeat","background-position":"center center","background-size":"auto","background-attachment":"scroll","background-type":"","background-media":"","overlay-type":"","overlay-color":"","overlay-opacity":"","overlay-gradient":""},"mobile":{"background-color":"var(--ast-global-color-5)","background-image":"","background-repeat":"repeat","background-position":"center center","background-size":"auto","background-attachment":"scroll","background-type":"","background-media":"","overlay-type":"","overlay-color":"","overlay-opacity":"","overlay-gradient":""}},"footnotes":""},"categories":[2],"tags":[14,18,19,133,45],"class_list":["post-2324","post","type-post","status-publish","format-standard","has-post-thumbnail","hentry","category-abgasskandal","tag-bgh","tag-daimler","tag-ea189","tag-mercedes","tag-vw"],"yoast_head":"<!-- This site is optimized with the Yoast SEO Premium plugin v27.4 (Yoast SEO v27.4) - https:\/\/yoast.com\/product\/yoast-seo-premium-wordpress\/ -->\n<title>Gerichtsbeschl\u00fcsse zur Auskunftspflicht im Diesel-Abgasskandal - R&amp;U<\/title>\n<meta name=\"description\" content=\"Im Diesel-Abgasskandal \u00fcben sich die Verantwortlichen in Heimlichtuerei: zwingen Gerichtsbeschl\u00fcsse sie nun dazu, brisante Akten rausgeben.\" \/>\n<meta name=\"robots\" content=\"index, follow, max-snippet:-1, max-image-preview:large, max-video-preview:-1\" \/>\n<link rel=\"canonical\" href=\"https:\/\/ru.law\/en\/gerichtsbeschluesse-zur-auskunftspflicht-im-diesel-abgasskandal\/\" \/>\n<meta property=\"og:locale\" content=\"en_GB\" \/>\n<meta property=\"og:type\" content=\"article\" \/>\n<meta property=\"og:title\" content=\"Gerichtsbeschl\u00fcsse zur Auskunftspflicht im Diesel-Abgasskandal\" \/>\n<meta property=\"og:description\" content=\"Im Diesel-Abgasskandal \u00fcben sich die Verantwortlichen in Heimlichtuerei: zwingen Gerichtsbeschl\u00fcsse sie nun dazu, brisante Akten rausgeben.\" \/>\n<meta property=\"og:url\" content=\"https:\/\/ru.law\/en\/gerichtsbeschluesse-zur-auskunftspflicht-im-diesel-abgasskandal\/\" \/>\n<meta property=\"og:site_name\" content=\"R&amp;U\" \/>\n<meta property=\"article:publisher\" content=\"https:\/\/www.facebook.com\/RogertUlbrich\/\" \/>\n<meta property=\"article:published_time\" content=\"2020-07-07T08:45:00+00:00\" \/>\n<meta property=\"article:modified_time\" content=\"2024-07-08T11:13:04+00:00\" \/>\n<meta property=\"og:image\" content=\"https:\/\/ru.law\/wp-content\/uploads\/2020\/07\/abgasskandal-akten-1.jpg\" \/>\n\t<meta property=\"og:image:width\" content=\"1200\" \/>\n\t<meta property=\"og:image:height\" content=\"675\" \/>\n\t<meta property=\"og:image:type\" content=\"image\/jpeg\" \/>\n<meta name=\"author\" content=\"Marco Rogert\" \/>\n<meta name=\"twitter:card\" content=\"summary_large_image\" \/>\n<meta name=\"twitter:creator\" content=\"@RogertUlbrich\" \/>\n<meta name=\"twitter:site\" content=\"@RogertUlbrich\" \/>\n<script type=\"application\/ld+json\" class=\"yoast-schema-graph\">{\"@context\":\"https:\\\/\\\/schema.org\",\"@graph\":[{\"@type\":\"Article\",\"@id\":\"https:\\\/\\\/ru.law\\\/gerichtsbeschluesse-zur-auskunftspflicht-im-diesel-abgasskandal\\\/#article\",\"isPartOf\":{\"@id\":\"https:\\\/\\\/ru.law\\\/gerichtsbeschluesse-zur-auskunftspflicht-im-diesel-abgasskandal\\\/\"},\"author\":{\"name\":\"Marco Rogert\",\"@id\":\"https:\\\/\\\/ru.law\\\/#\\\/schema\\\/person\\\/b020d506e6bbc471b4565d3a98173b87\"},\"headline\":\"Gerichtsbeschl\u00fcsse zur Auskunftspflicht im Diesel-Abgasskandal\",\"datePublished\":\"2020-07-07T08:45:00+00:00\",\"dateModified\":\"2024-07-08T11:13:04+00:00\",\"mainEntityOfPage\":{\"@id\":\"https:\\\/\\\/ru.law\\\/gerichtsbeschluesse-zur-auskunftspflicht-im-diesel-abgasskandal\\\/\"},\"wordCount\":963,\"publisher\":{\"@id\":\"https:\\\/\\\/ru.law\\\/#organization\"},\"image\":{\"@id\":\"https:\\\/\\\/ru.law\\\/gerichtsbeschluesse-zur-auskunftspflicht-im-diesel-abgasskandal\\\/#primaryimage\"},\"thumbnailUrl\":\"https:\\\/\\\/ru.law\\\/wp-content\\\/uploads\\\/2020\\\/07\\\/abgasskandal-akten-1.jpg\",\"keywords\":[\"BGH\",\"Daimler\",\"EA189\",\"Mercedes\",\"VW\"],\"articleSection\":[\"Abgasskandal\"],\"inLanguage\":\"en-GB\"},{\"@type\":\"WebPage\",\"@id\":\"https:\\\/\\\/ru.law\\\/gerichtsbeschluesse-zur-auskunftspflicht-im-diesel-abgasskandal\\\/\",\"url\":\"https:\\\/\\\/ru.law\\\/gerichtsbeschluesse-zur-auskunftspflicht-im-diesel-abgasskandal\\\/\",\"name\":\"Gerichtsbeschl\u00fcsse zur Auskunftspflicht im Diesel-Abgasskandal - R&amp;U\",\"isPartOf\":{\"@id\":\"https:\\\/\\\/ru.law\\\/#website\"},\"primaryImageOfPage\":{\"@id\":\"https:\\\/\\\/ru.law\\\/gerichtsbeschluesse-zur-auskunftspflicht-im-diesel-abgasskandal\\\/#primaryimage\"},\"image\":{\"@id\":\"https:\\\/\\\/ru.law\\\/gerichtsbeschluesse-zur-auskunftspflicht-im-diesel-abgasskandal\\\/#primaryimage\"},\"thumbnailUrl\":\"https:\\\/\\\/ru.law\\\/wp-content\\\/uploads\\\/2020\\\/07\\\/abgasskandal-akten-1.jpg\",\"datePublished\":\"2020-07-07T08:45:00+00:00\",\"dateModified\":\"2024-07-08T11:13:04+00:00\",\"description\":\"Im Diesel-Abgasskandal \u00fcben sich die Verantwortlichen in Heimlichtuerei: zwingen Gerichtsbeschl\u00fcsse sie nun dazu, brisante Akten rausgeben.\",\"breadcrumb\":{\"@id\":\"https:\\\/\\\/ru.law\\\/gerichtsbeschluesse-zur-auskunftspflicht-im-diesel-abgasskandal\\\/#breadcrumb\"},\"inLanguage\":\"en-GB\",\"potentialAction\":[{\"@type\":\"ReadAction\",\"target\":[\"https:\\\/\\\/ru.law\\\/gerichtsbeschluesse-zur-auskunftspflicht-im-diesel-abgasskandal\\\/\"]}]},{\"@type\":\"ImageObject\",\"inLanguage\":\"en-GB\",\"@id\":\"https:\\\/\\\/ru.law\\\/gerichtsbeschluesse-zur-auskunftspflicht-im-diesel-abgasskandal\\\/#primaryimage\",\"url\":\"https:\\\/\\\/ru.law\\\/wp-content\\\/uploads\\\/2020\\\/07\\\/abgasskandal-akten-1.jpg\",\"contentUrl\":\"https:\\\/\\\/ru.law\\\/wp-content\\\/uploads\\\/2020\\\/07\\\/abgasskandal-akten-1.jpg\",\"width\":1200,\"height\":675,\"caption\":\"Abgasskandal-Akten\"},{\"@type\":\"BreadcrumbList\",\"@id\":\"https:\\\/\\\/ru.law\\\/gerichtsbeschluesse-zur-auskunftspflicht-im-diesel-abgasskandal\\\/#breadcrumb\",\"itemListElement\":[{\"@type\":\"ListItem\",\"position\":1,\"name\":\"Startseite\",\"item\":\"https:\\\/\\\/ru.law\\\/\"},{\"@type\":\"ListItem\",\"position\":2,\"name\":\"Gerichtsbeschl\u00fcsse zur Auskunftspflicht im Diesel-Abgasskandal\"}]},{\"@type\":\"WebSite\",\"@id\":\"https:\\\/\\\/ru.law\\\/#website\",\"url\":\"https:\\\/\\\/ru.law\\\/\",\"name\":\"R&U\",\"description\":\"Verbraucheranw\u00e4lte\",\"publisher\":{\"@id\":\"https:\\\/\\\/ru.law\\\/#organization\"},\"alternateName\":\"Rogert & Ulbrich\",\"potentialAction\":[{\"@type\":\"SearchAction\",\"target\":{\"@type\":\"EntryPoint\",\"urlTemplate\":\"https:\\\/\\\/ru.law\\\/?s={search_term_string}\"},\"query-input\":{\"@type\":\"PropertyValueSpecification\",\"valueRequired\":true,\"valueName\":\"search_term_string\"}}],\"inLanguage\":\"en-GB\"},{\"@type\":\"Organization\",\"@id\":\"https:\\\/\\\/ru.law\\\/#organization\",\"name\":\"Kanzlei Rogert & Ulbrich\",\"url\":\"https:\\\/\\\/ru.law\\\/\",\"logo\":{\"@type\":\"ImageObject\",\"inLanguage\":\"en-GB\",\"@id\":\"https:\\\/\\\/ru.law\\\/#\\\/schema\\\/logo\\\/image\\\/\",\"url\":\"https:\\\/\\\/ru.law\\\/wp-content\\\/uploads\\\/2020\\\/12\\\/logo-ru-law.svg\",\"contentUrl\":\"https:\\\/\\\/ru.law\\\/wp-content\\\/uploads\\\/2020\\\/12\\\/logo-ru-law.svg\",\"width\":992,\"height\":259,\"caption\":\"Kanzlei Rogert & Ulbrich\"},\"image\":{\"@id\":\"https:\\\/\\\/ru.law\\\/#\\\/schema\\\/logo\\\/image\\\/\"},\"sameAs\":[\"https:\\\/\\\/www.facebook.com\\\/RogertUlbrich\\\/\",\"https:\\\/\\\/x.com\\\/RogertUlbrich\",\"https:\\\/\\\/www.instagram.com\\\/rogertulbrich\\\/\",\"https:\\\/\\\/www.linkedin.com\\\/company\\\/rogert-ulbrich\\\/\",\"https:\\\/\\\/www.youtube.com\\\/channel\\\/UCganCgpvwpPFqMFf1vVmG2A\"]},{\"@type\":\"Person\",\"@id\":\"https:\\\/\\\/ru.law\\\/#\\\/schema\\\/person\\\/b020d506e6bbc471b4565d3a98173b87\",\"name\":\"Marco Rogert\",\"url\":\"https:\\\/\\\/ru.law\\\/en\\\/author\\\/rogertru-law\\\/\"}]}<\/script>\n<!-- \/ Yoast SEO Premium plugin. -->","yoast_head_json":{"title":"Gerichtsbeschl\u00fcsse zur Auskunftspflicht im Diesel-Abgasskandal - R&amp;U","description":"Im Diesel-Abgasskandal \u00fcben sich die Verantwortlichen in Heimlichtuerei: zwingen Gerichtsbeschl\u00fcsse sie nun dazu, brisante Akten rausgeben.","robots":{"index":"index","follow":"follow","max-snippet":"max-snippet:-1","max-image-preview":"max-image-preview:large","max-video-preview":"max-video-preview:-1"},"canonical":"https:\/\/ru.law\/en\/gerichtsbeschluesse-zur-auskunftspflicht-im-diesel-abgasskandal\/","og_locale":"en_GB","og_type":"article","og_title":"Gerichtsbeschl\u00fcsse zur Auskunftspflicht im Diesel-Abgasskandal","og_description":"Im Diesel-Abgasskandal \u00fcben sich die Verantwortlichen in Heimlichtuerei: zwingen Gerichtsbeschl\u00fcsse sie nun dazu, brisante Akten rausgeben.","og_url":"https:\/\/ru.law\/en\/gerichtsbeschluesse-zur-auskunftspflicht-im-diesel-abgasskandal\/","og_site_name":"R&amp;U","article_publisher":"https:\/\/www.facebook.com\/RogertUlbrich\/","article_published_time":"2020-07-07T08:45:00+00:00","article_modified_time":"2024-07-08T11:13:04+00:00","og_image":[{"width":1200,"height":675,"url":"https:\/\/ru.law\/wp-content\/uploads\/2020\/07\/abgasskandal-akten-1.jpg","type":"image\/jpeg"}],"author":"Marco Rogert","twitter_card":"summary_large_image","twitter_creator":"@RogertUlbrich","twitter_site":"@RogertUlbrich","schema":{"@context":"https:\/\/schema.org","@graph":[{"@type":"Article","@id":"https:\/\/ru.law\/gerichtsbeschluesse-zur-auskunftspflicht-im-diesel-abgasskandal\/#article","isPartOf":{"@id":"https:\/\/ru.law\/gerichtsbeschluesse-zur-auskunftspflicht-im-diesel-abgasskandal\/"},"author":{"name":"Marco Rogert","@id":"https:\/\/ru.law\/#\/schema\/person\/b020d506e6bbc471b4565d3a98173b87"},"headline":"Gerichtsbeschl\u00fcsse zur Auskunftspflicht im Diesel-Abgasskandal","datePublished":"2020-07-07T08:45:00+00:00","dateModified":"2024-07-08T11:13:04+00:00","mainEntityOfPage":{"@id":"https:\/\/ru.law\/gerichtsbeschluesse-zur-auskunftspflicht-im-diesel-abgasskandal\/"},"wordCount":963,"publisher":{"@id":"https:\/\/ru.law\/#organization"},"image":{"@id":"https:\/\/ru.law\/gerichtsbeschluesse-zur-auskunftspflicht-im-diesel-abgasskandal\/#primaryimage"},"thumbnailUrl":"https:\/\/ru.law\/wp-content\/uploads\/2020\/07\/abgasskandal-akten-1.jpg","keywords":["BGH","Daimler","EA189","Mercedes","VW"],"articleSection":["Abgasskandal"],"inLanguage":"en-GB"},{"@type":"WebPage","@id":"https:\/\/ru.law\/gerichtsbeschluesse-zur-auskunftspflicht-im-diesel-abgasskandal\/","url":"https:\/\/ru.law\/gerichtsbeschluesse-zur-auskunftspflicht-im-diesel-abgasskandal\/","name":"Gerichtsbeschl\u00fcsse zur Auskunftspflicht im Diesel-Abgasskandal - R&amp;U","isPartOf":{"@id":"https:\/\/ru.law\/#website"},"primaryImageOfPage":{"@id":"https:\/\/ru.law\/gerichtsbeschluesse-zur-auskunftspflicht-im-diesel-abgasskandal\/#primaryimage"},"image":{"@id":"https:\/\/ru.law\/gerichtsbeschluesse-zur-auskunftspflicht-im-diesel-abgasskandal\/#primaryimage"},"thumbnailUrl":"https:\/\/ru.law\/wp-content\/uploads\/2020\/07\/abgasskandal-akten-1.jpg","datePublished":"2020-07-07T08:45:00+00:00","dateModified":"2024-07-08T11:13:04+00:00","description":"Im Diesel-Abgasskandal \u00fcben sich die Verantwortlichen in Heimlichtuerei: zwingen Gerichtsbeschl\u00fcsse sie nun dazu, brisante Akten rausgeben.","breadcrumb":{"@id":"https:\/\/ru.law\/gerichtsbeschluesse-zur-auskunftspflicht-im-diesel-abgasskandal\/#breadcrumb"},"inLanguage":"en-GB","potentialAction":[{"@type":"ReadAction","target":["https:\/\/ru.law\/gerichtsbeschluesse-zur-auskunftspflicht-im-diesel-abgasskandal\/"]}]},{"@type":"ImageObject","inLanguage":"en-GB","@id":"https:\/\/ru.law\/gerichtsbeschluesse-zur-auskunftspflicht-im-diesel-abgasskandal\/#primaryimage","url":"https:\/\/ru.law\/wp-content\/uploads\/2020\/07\/abgasskandal-akten-1.jpg","contentUrl":"https:\/\/ru.law\/wp-content\/uploads\/2020\/07\/abgasskandal-akten-1.jpg","width":1200,"height":675,"caption":"Abgasskandal-Akten"},{"@type":"BreadcrumbList","@id":"https:\/\/ru.law\/gerichtsbeschluesse-zur-auskunftspflicht-im-diesel-abgasskandal\/#breadcrumb","itemListElement":[{"@type":"ListItem","position":1,"name":"Startseite","item":"https:\/\/ru.law\/"},{"@type":"ListItem","position":2,"name":"Gerichtsbeschl\u00fcsse zur Auskunftspflicht im Diesel-Abgasskandal"}]},{"@type":"WebSite","@id":"https:\/\/ru.law\/#website","url":"https:\/\/ru.law\/","name":"R&amp;U","description":"Consumer lawyers","publisher":{"@id":"https:\/\/ru.law\/#organization"},"alternateName":"Rogert & Ulbrich","potentialAction":[{"@type":"SearchAction","target":{"@type":"EntryPoint","urlTemplate":"https:\/\/ru.law\/?s={search_term_string}"},"query-input":{"@type":"PropertyValueSpecification","valueRequired":true,"valueName":"search_term_string"}}],"inLanguage":"en-GB"},{"@type":"Organization","@id":"https:\/\/ru.law\/#organization","name":"Rogert &amp; Ulbrich Law Firm","url":"https:\/\/ru.law\/","logo":{"@type":"ImageObject","inLanguage":"en-GB","@id":"https:\/\/ru.law\/#\/schema\/logo\/image\/","url":"https:\/\/ru.law\/wp-content\/uploads\/2020\/12\/logo-ru-law.svg","contentUrl":"https:\/\/ru.law\/wp-content\/uploads\/2020\/12\/logo-ru-law.svg","width":992,"height":259,"caption":"Kanzlei Rogert & Ulbrich"},"image":{"@id":"https:\/\/ru.law\/#\/schema\/logo\/image\/"},"sameAs":["https:\/\/www.facebook.com\/RogertUlbrich\/","https:\/\/x.com\/RogertUlbrich","https:\/\/www.instagram.com\/rogertulbrich\/","https:\/\/www.linkedin.com\/company\/rogert-ulbrich\/","https:\/\/www.youtube.com\/channel\/UCganCgpvwpPFqMFf1vVmG2A"]},{"@type":"Person","@id":"https:\/\/ru.law\/#\/schema\/person\/b020d506e6bbc471b4565d3a98173b87","name":"Marco Rogert","url":"https:\/\/ru.law\/en\/author\/rogertru-law\/"}]}},"uagb_featured_image_src":{"full":["https:\/\/ru.law\/wp-content\/uploads\/2020\/07\/abgasskandal-akten-1.jpg",1200,675,false],"thumbnail":["https:\/\/ru.law\/wp-content\/uploads\/2020\/07\/abgasskandal-akten-1-150x150.jpg",96,96,true],"medium":["https:\/\/ru.law\/wp-content\/uploads\/2020\/07\/abgasskandal-akten-1-300x169.jpg",300,169,true],"medium_large":["https:\/\/ru.law\/wp-content\/uploads\/2020\/07\/abgasskandal-akten-1-768x432.jpg",768,432,true],"large":["https:\/\/ru.law\/wp-content\/uploads\/2020\/07\/abgasskandal-akten-1-1024x576.jpg",1024,576,true],"1536x1536":["https:\/\/ru.law\/wp-content\/uploads\/2020\/07\/abgasskandal-akten-1.jpg",1200,675,false],"2048x2048":["https:\/\/ru.law\/wp-content\/uploads\/2020\/07\/abgasskandal-akten-1.jpg",1200,675,false],"trp-custom-language-flag":["https:\/\/ru.law\/wp-content\/uploads\/2020\/07\/abgasskandal-akten-1.jpg",18,10,false]},"uagb_author_info":{"display_name":"Marco Rogert","author_link":"https:\/\/ru.law\/en\/author\/rogertru-law\/"},"uagb_comment_info":0,"uagb_excerpt":"Hersteller und Beh\u00f6rden m\u00fcssen brisante Akten herausgeben. Im Diesel-Abgasskandal \u00fcben sich die Verantwortlichen in Heimlichtuerei: Dokumente zu Softwaremanipulationen gelten als Betriebsgeheimnisse, Verantwortlichkeiten bleiben im Vagen, [&hellip;]","_links":{"self":[{"href":"https:\/\/ru.law\/en\/wp-json\/wp\/v2\/posts\/2324","targetHints":{"allow":["GET"]}}],"collection":[{"href":"https:\/\/ru.law\/en\/wp-json\/wp\/v2\/posts"}],"about":[{"href":"https:\/\/ru.law\/en\/wp-json\/wp\/v2\/types\/post"}],"author":[{"embeddable":true,"href":"https:\/\/ru.law\/en\/wp-json\/wp\/v2\/users\/21"}],"replies":[{"embeddable":true,"href":"https:\/\/ru.law\/en\/wp-json\/wp\/v2\/comments?post=2324"}],"version-history":[{"count":0,"href":"https:\/\/ru.law\/en\/wp-json\/wp\/v2\/posts\/2324\/revisions"}],"wp:featuredmedia":[{"embeddable":true,"href":"https:\/\/ru.law\/en\/wp-json\/wp\/v2\/media\/7547"}],"wp:attachment":[{"href":"https:\/\/ru.law\/en\/wp-json\/wp\/v2\/media?parent=2324"}],"wp:term":[{"taxonomy":"category","embeddable":true,"href":"https:\/\/ru.law\/en\/wp-json\/wp\/v2\/categories?post=2324"},{"taxonomy":"post_tag","embeddable":true,"href":"https:\/\/ru.law\/en\/wp-json\/wp\/v2\/tags?post=2324"}],"curies":[{"name":"wp","href":"https:\/\/api.w.org\/{rel}","templated":true}]}}