{"id":23157,"date":"2021-12-09T12:53:00","date_gmt":"2021-12-09T11:53:00","guid":{"rendered":"https:\/\/ru.law\/?p=23157"},"modified":"2024-07-08T13:12:07","modified_gmt":"2024-07-08T11:12:07","slug":"dieselskandal-2-0-schadensersatz-bei-vw-beetle","status":"publish","type":"post","link":"https:\/\/ru.law\/en\/dieselskandal-2-0-schadensersatz-bei-vw-beetle\/","title":{"rendered":"Diesel scandal 2.0 \u2013 compensation for VW Beetle"},"content":{"rendered":"<p>Another setback for VW AG in the diesel scandal 2.0: The Higher Regional Court (OLG) Naumburg has once again sentenced VW AG to pay damages in the amount of \u20ac 10,553 due to intentional and immoral damage under Section 826 of the German Civil Code (BGB) (judgment of November 12, 2021, case number 8 U 46\/21).<\/p>\n\n\n\n<p>The plaintiff had the <a href=\"https:\/\/ru.law\/en\/expertise\/abgasskandal\/ea288\/#modelle\">VW Beetle 2.0 TDI Cabrio<\/a> Bought used in July 2018 for \u20ac 29,770. The car is equipped with the <a href=\"https:\/\/ru.law\/en\/expertise\/abgasskandal\/ea288\/#motor\">engine EA288<\/a> equipped with a NOx storage catalyst that complies with the Euro 6 emissions standard.<\/p>\n\n\n\n<h2 class=\"wp-block-heading\" id=\"h-zugestandnis-durch-nichterscheinen-im-dieselskandal-2-0\">Concession by non-appearance in diesel scandal 2.0? <\/h2>\n\n\n\n<p>The plaintiff claimed damages due to the use of an illegal switch-off device. The Senate saw the failure of VW&#039;s lawyers to appear as a concession. Due to a switch-off device, the vehicle only complies with the legally prescribed limits on the test bench. Software for the purpose of detecting the test bench is installed in the form of curve detection in the corresponding vehicles with the EA288 engine type. In real driving on the road, however, the limits are exceeded many times over.<\/p>\n\n\n\n<p>In April 2021, the Naumburg Higher Regional Court had already sentenced VW AG to pay damages of \u20ac20,885 for a Golf VII with the EA 288 engine (judgment of April 9, 2021, case number 8 U 68\/20).<\/p>\n\n\n\n<h3 class=\"wp-block-heading\" id=\"h-klagen-im-dieselskandal-2-0-um-den-ea288-erfolgversprechend\"><strong>Lawsuits in the diesel scandal 2.0 about the EA288 promising<\/strong> <\/h3>\n\n\n\n<p>The&nbsp;<a href=\"https:\/\/ru.law\/en\/expertise\/abgasskandal\/ea288\/#urteile\">consumer-friendly jurisprudence<\/a>&nbsp;is becoming more and more accepted in the courts. Your chances in court against VW AG are better than ever. Further information on the subject and a non-exhaustive overview of the judgments passed can be found on our website at&nbsp;<a href=\"https:\/\/ru.law\/en\/expertise\/abgasskandal\/ea288\/\" target=\"_blank\" rel=\"noreferrer noopener\">https:\/\/ru.law\/<\/a><a href=\"https:\/\/ru.law\/en\/expertise\/abgasskandal\/ea288\/\">e<\/a><a href=\"https:\/\/ru.law\/en\/expertise\/abgasskandal\/ea288\/\" target=\"_blank\" rel=\"noreferrer noopener\">xpertise\/emissions scandal\/ea288\/<\/a>.&nbsp;<\/p>\n\n\n\n<p>Please feel free to take advantage of our free and non-binding&nbsp;<a href=\"https:\/\/ru.law\/en\/expertise\/abgasskandal\/ea288\/#erstberatung\">initial consultation<\/a>&nbsp;and have your case examined individually.&nbsp; <\/p>\n\n\n\n<section class=\"wp-block-uagb-columns uagb-columns__wrap uagb-columns__background-undefined uagb-columns__stack-mobile uagb-columns__valign-undefined uagb-columns__gap-10 alignundefined uagb-block-6269c34b contrast blog_beitraege\"><div class=\"uagb-columns__overlay\"><\/div><div class=\"uagb-columns__inner-wrap uagb-columns__columns-1\">\n<div class=\"wp-block-uagb-column uagb-column__wrap uagb-column__background-undefined uagb-block-d12126c2\"><div class=\"uagb-column__overlay\"><\/div><div class=\"uagb-column__inner-wrap\">\n<h3 class=\"wp-block-heading\" id=\"h-das-konnte-sie-auch-interessieren\">You might also be interested in:<\/h3>\n\n\n\n\t\t\t<div class=\"wp-block-uagb-post-grid uagb-post-grid  uagb-post__image-position-top uagb-post__image-enabled uagb-block-d3a24c4e     uagb-post__items uagb-post__columns-3 is-grid uagb-post__columns-tablet-2 uagb-post__columns-mobile-1 uagb-post__equal-height\" data-total=\"9\" style=\"\">\n\n\t\t\t\t\t\t\t\t\t\t\t\t<article class=\"uagb-post__inner-wrap\">\t\t\t\t\t\t\t\t<div class='uagb-post__image'>\n\t\t\t\t\t\t\t\t\t<a href=\"https:\/\/ru.law\/en\/vw-muss-erneut-ein-urteil-zugunsten-eines-geschaedigten-vw-fahrers-mit-ea288-motor-einstecken\/\" target=\"_self\" rel=\"bookmark noopener noreferrer\" class='uagb-image-ratio-inherit'><img loading=\"lazy\" decoding=\"async\" width=\"1024\" height=\"576\" src=\"https:\/\/ru.law\/wp-content\/uploads\/2021\/07\/Rogert-Ulbrich-Rechtsanwaelte-Kanzlei-VW-EA28872-1024x576.jpg\" class=\"attachment-large size-large\" alt=\"\" srcset=\"https:\/\/ru.law\/wp-content\/uploads\/2021\/07\/Rogert-Ulbrich-Rechtsanwaelte-Kanzlei-VW-EA28872-1024x576.jpg 1024w, https:\/\/ru.law\/wp-content\/uploads\/2021\/07\/Rogert-Ulbrich-Rechtsanwaelte-Kanzlei-VW-EA28872-300x169.jpg 300w, https:\/\/ru.law\/wp-content\/uploads\/2021\/07\/Rogert-Ulbrich-Rechtsanwaelte-Kanzlei-VW-EA28872-768x432.jpg 768w, https:\/\/ru.law\/wp-content\/uploads\/2021\/07\/Rogert-Ulbrich-Rechtsanwaelte-Kanzlei-VW-EA28872.jpg 1200w\" sizes=\"auto, (max-width: 1024px) 100vw, 1024px\" \/>\t\t\t\t\t<\/a>\n\t\t\t\t\t\t\t<\/div>\n\t\t\t\t\t\t<h4 class=\"uagb-post__title uagb-post__text\">\n\t\t\t\t<a href=\"https:\/\/ru.law\/en\/vw-muss-erneut-ein-urteil-zugunsten-eines-geschaedigten-vw-fahrers-mit-ea288-motor-einstecken\/\" target=\"_self\" rel=\"bookmark noopener noreferrer\">VW has to accept another ruling in favor of an injured VW driver with an EA288 engine<\/a>\n\t\t\t<\/h4>\n\t\t\t\t\t\t<div class='uagb-post__text uagb-post-grid-byline'>\n\t\t\t\t\t\t\t<\/div>\n\t\t\t\t\t\t\t<div class='uagb-post__text uagb-post__excerpt'>\n\t\t\t\t\t<p>Before the Berlin Regional Court (case number: 13 O 37\/20), the plaintiff was awarded damages in the amount of\u2026\t\t\t\t<\/div>\n\t\t\t\n\t\t\t\t\t\t\t\t\t<\/article>\n\t\t\t\t\t\t\t\t\t\t\t\t\t\t\t\t<article class=\"uagb-post__inner-wrap\">\t\t\t\t\t\t\t\t<div class='uagb-post__image'>\n\t\t\t\t\t\t\t\t\t<a href=\"https:\/\/ru.law\/en\/unzulaessige-abschalteinrichtung-auch-im-ea288\/\" target=\"_self\" rel=\"bookmark noopener noreferrer\" class='uagb-image-ratio-inherit'><img loading=\"lazy\" decoding=\"async\" width=\"1024\" height=\"576\" src=\"https:\/\/ru.law\/wp-content\/uploads\/2020\/09\/abgasskandal-software-update-1024x576.jpg\" class=\"attachment-large size-large\" alt=\"Abgasskandal Software-Update\" srcset=\"https:\/\/ru.law\/wp-content\/uploads\/2020\/09\/abgasskandal-software-update-1024x576.jpg 1024w, https:\/\/ru.law\/wp-content\/uploads\/2020\/09\/abgasskandal-software-update-300x169.jpg 300w, https:\/\/ru.law\/wp-content\/uploads\/2020\/09\/abgasskandal-software-update-768x432.jpg 768w, https:\/\/ru.law\/wp-content\/uploads\/2020\/09\/abgasskandal-software-update-500x281.jpg 500w, https:\/\/ru.law\/wp-content\/uploads\/2020\/09\/abgasskandal-software-update-800x450.jpg 800w, https:\/\/ru.law\/wp-content\/uploads\/2020\/09\/abgasskandal-software-update.jpg 1200w\" sizes=\"auto, (max-width: 1024px) 100vw, 1024px\" \/>\t\t\t\t\t<\/a>\n\t\t\t\t\t\t\t<\/div>\n\t\t\t\t\t\t<h4 class=\"uagb-post__title uagb-post__text\">\n\t\t\t\t<a href=\"https:\/\/ru.law\/en\/unzulaessige-abschalteinrichtung-auch-im-ea288\/\" target=\"_self\" rel=\"bookmark noopener noreferrer\">Unauthorized shutdown device also in the EA288<\/a>\n\t\t\t<\/h4>\n\t\t\t\t\t\t<div class='uagb-post__text uagb-post-grid-byline'>\n\t\t\t\t\t\t\t<\/div>\n\t\t\t\t\t\t\t<div class='uagb-post__text uagb-post__excerpt'>\n\t\t\t\t\t<p>The turning point in the EA288 emissions scandal is coming. There is another reason why the prospects of success with the EA288\u2026\t\t\t\t<\/div>\n\t\t\t\n\t\t\t\t\t\t\t\t\t<\/article>\n\t\t\t\t\t\t\t\t\t\t\t\t\t\t\t\t<article class=\"uagb-post__inner-wrap\">\t\t\t\t\t\t\t\t<div class='uagb-post__image'>\n\t\t\t\t\t\t\t\t\t<a href=\"https:\/\/ru.law\/en\/olg-naumburg-erachtet-abschalteinrichtung-bei-vw-t6-mit-ea288-motor-und-eu6-zulassung-als-unzulaessig\/\" target=\"_self\" rel=\"bookmark noopener noreferrer\" class='uagb-image-ratio-inherit'><img loading=\"lazy\" decoding=\"async\" width=\"1024\" height=\"576\" src=\"https:\/\/ru.law\/wp-content\/uploads\/2021\/08\/rogert-ulbrich-rechtsanwalt-kanzlei-abgasskandal-ea288-vw-t6-1024x576.jpg\" class=\"attachment-large size-large\" alt=\"Abschalteinrichtung\" srcset=\"https:\/\/ru.law\/wp-content\/uploads\/2021\/08\/rogert-ulbrich-rechtsanwalt-kanzlei-abgasskandal-ea288-vw-t6-1024x576.jpg 1024w, https:\/\/ru.law\/wp-content\/uploads\/2021\/08\/rogert-ulbrich-rechtsanwalt-kanzlei-abgasskandal-ea288-vw-t6-300x169.jpg 300w, https:\/\/ru.law\/wp-content\/uploads\/2021\/08\/rogert-ulbrich-rechtsanwalt-kanzlei-abgasskandal-ea288-vw-t6-768x432.jpg 768w, https:\/\/ru.law\/wp-content\/uploads\/2021\/08\/rogert-ulbrich-rechtsanwalt-kanzlei-abgasskandal-ea288-vw-t6.jpg 1200w\" sizes=\"auto, (max-width: 1024px) 100vw, 1024px\" \/>\t\t\t\t\t<\/a>\n\t\t\t\t\t\t\t<\/div>\n\t\t\t\t\t\t<h4 class=\"uagb-post__title uagb-post__text\">\n\t\t\t\t<a href=\"https:\/\/ru.law\/en\/olg-naumburg-erachtet-abschalteinrichtung-bei-vw-t6-mit-ea288-motor-und-eu6-zulassung-als-unzulaessig\/\" target=\"_self\" rel=\"bookmark noopener noreferrer\">OLG Naumburg considers defeat device in VW T6 with EA288 engine and EU6 approval to be inadmissible<\/a>\n\t\t\t<\/h4>\n\t\t\t\t\t\t<div class='uagb-post__text uagb-post-grid-byline'>\n\t\t\t\t\t\t\t<\/div>\n\t\t\t\t\t\t\t<div class='uagb-post__text uagb-post__excerpt'>\n\t\t\t\t\t<p>The Naumburg Higher Regional Court ruled in its decision of July 19, 2021, ref. no.: 8 U 11\/21,\u2026\t\t\t\t<\/div>\n\t\t\t\n\t\t\t\t\t\t\t\t\t<\/article>\n\t\t\t\t\t\t\t\t\t\t\t<\/div>\n\t\t\t<\/div><\/div>\n<\/div><\/section>","protected":false},"excerpt":{"rendered":"<p>Ein weiterer R\u00fcckschlag f\u00fcr die VW AG im Dieselskandal 2.0: Das Oberlandesgericht (OLG) Naumburg hat die VW AG ein weiteres Mal aufgrund vors\u00e4tzlicher und sittenwidriger [&hellip;]<\/p>\n","protected":false},"author":21,"featured_media":23163,"comment_status":"closed","ping_status":"open","sticky":false,"template":"","format":"standard","meta":{"_uag_custom_page_level_css":"","site-sidebar-layout":"default","site-content-layout":"","ast-site-content-layout":"default","site-content-style":"default","site-sidebar-style":"default","ast-global-header-display":"","ast-banner-title-visibility":"","ast-main-header-display":"","ast-hfb-above-header-display":"","ast-hfb-below-header-display":"","ast-hfb-mobile-header-display":"","site-post-title":"","ast-breadcrumbs-content":"","ast-featured-img":"","footer-sml-layout":"","ast-disable-related-posts":"","theme-transparent-header-meta":"","adv-header-id-meta":"","stick-header-meta":"","header-above-stick-meta":"","header-main-stick-meta":"","header-below-stick-meta":"","astra-migrate-meta-layouts":"default","ast-page-background-enabled":"default","ast-page-background-meta":{"desktop":{"background-color":"","background-image":"","background-repeat":"repeat","background-position":"center center","background-size":"auto","background-attachment":"scroll","background-type":"","background-media":"","overlay-type":"","overlay-color":"","overlay-opacity":"","overlay-gradient":""},"tablet":{"background-color":"","background-image":"","background-repeat":"repeat","background-position":"center center","background-size":"auto","background-attachment":"scroll","background-type":"","background-media":"","overlay-type":"","overlay-color":"","overlay-opacity":"","overlay-gradient":""},"mobile":{"background-color":"","background-image":"","background-repeat":"repeat","background-position":"center center","background-size":"auto","background-attachment":"scroll","background-type":"","background-media":"","overlay-type":"","overlay-color":"","overlay-opacity":"","overlay-gradient":""}},"ast-content-background-meta":{"desktop":{"background-color":"var(--ast-global-color-5)","background-image":"","background-repeat":"repeat","background-position":"center center","background-size":"auto","background-attachment":"scroll","background-type":"","background-media":"","overlay-type":"","overlay-color":"","overlay-opacity":"","overlay-gradient":""},"tablet":{"background-color":"var(--ast-global-color-5)","background-image":"","background-repeat":"repeat","background-position":"center center","background-size":"auto","background-attachment":"scroll","background-type":"","background-media":"","overlay-type":"","overlay-color":"","overlay-opacity":"","overlay-gradient":""},"mobile":{"background-color":"var(--ast-global-color-5)","background-image":"","background-repeat":"repeat","background-position":"center center","background-size":"auto","background-attachment":"scroll","background-type":"","background-media":"","overlay-type":"","overlay-color":"","overlay-opacity":"","overlay-gradient":""}},"footnotes":""},"categories":[2,507],"tags":[20,24,37,45],"class_list":["post-23157","post","type-post","status-publish","format-standard","has-post-thumbnail","hentry","category-abgasskandal","category-urteile","tag-ea288","tag-euro-6","tag-schadensersatz","tag-vw"],"yoast_head":"<!-- This site is optimized with the Yoast SEO Premium plugin v27.4 (Yoast SEO v27.4) - https:\/\/yoast.com\/product\/yoast-seo-premium-wordpress\/ -->\n<title>Dieselskandal 2.0 - Schadensersatz bei VW Beetle - R&amp;U<\/title>\n<meta name=\"description\" content=\"Ein weiterer R\u00fcckschlag f\u00fcr VW im Dieselskandal 2.0: Das OLG Naumburg hat VW ein weiteres mal zu Schadensersatz verurteilt.\" \/>\n<meta name=\"robots\" content=\"index, follow, max-snippet:-1, max-image-preview:large, max-video-preview:-1\" \/>\n<link rel=\"canonical\" href=\"https:\/\/ru.law\/en\/dieselskandal-2-0-schadensersatz-bei-vw-beetle\/\" \/>\n<meta property=\"og:locale\" content=\"en_GB\" \/>\n<meta property=\"og:type\" content=\"article\" \/>\n<meta property=\"og:title\" content=\"Dieselskandal 2.0 - Schadensersatz bei VW Beetle\" \/>\n<meta property=\"og:description\" content=\"Ein weiterer R\u00fcckschlag f\u00fcr VW im Dieselskandal 2.0: Das OLG Naumburg hat VW ein weiteres mal zu Schadensersatz verurteilt.\" \/>\n<meta property=\"og:url\" content=\"https:\/\/ru.law\/en\/dieselskandal-2-0-schadensersatz-bei-vw-beetle\/\" \/>\n<meta property=\"og:site_name\" content=\"R&amp;U\" \/>\n<meta property=\"article:publisher\" content=\"https:\/\/www.facebook.com\/RogertUlbrich\/\" \/>\n<meta property=\"article:published_time\" content=\"2021-12-09T11:53:00+00:00\" \/>\n<meta property=\"article:modified_time\" content=\"2024-07-08T11:12:07+00:00\" \/>\n<meta property=\"og:image\" content=\"https:\/\/ru.law\/wp-content\/uploads\/2021\/12\/Rogert-Ulbrich-Rechtsanwaelte-Kanzlei-Abgasskandal-VW-Beetle-Schadensersatz.jpg\" \/>\n\t<meta property=\"og:image:width\" content=\"1200\" \/>\n\t<meta property=\"og:image:height\" content=\"675\" \/>\n\t<meta property=\"og:image:type\" content=\"image\/jpeg\" \/>\n<meta name=\"author\" content=\"Marco Rogert\" \/>\n<meta name=\"twitter:card\" content=\"summary_large_image\" \/>\n<meta name=\"twitter:creator\" content=\"@RogertUlbrich\" \/>\n<meta name=\"twitter:site\" content=\"@RogertUlbrich\" \/>\n<script type=\"application\/ld+json\" class=\"yoast-schema-graph\">{\"@context\":\"https:\\\/\\\/schema.org\",\"@graph\":[{\"@type\":\"Article\",\"@id\":\"https:\\\/\\\/ru.law\\\/dieselskandal-2-0-schadensersatz-bei-vw-beetle\\\/#article\",\"isPartOf\":{\"@id\":\"https:\\\/\\\/ru.law\\\/dieselskandal-2-0-schadensersatz-bei-vw-beetle\\\/\"},\"author\":{\"name\":\"Marco Rogert\",\"@id\":\"https:\\\/\\\/ru.law\\\/#\\\/schema\\\/person\\\/b020d506e6bbc471b4565d3a98173b87\"},\"headline\":\"Dieselskandal 2.0 &#8211; Schadensersatz bei VW Beetle\",\"datePublished\":\"2021-12-09T11:53:00+00:00\",\"dateModified\":\"2024-07-08T11:12:07+00:00\",\"mainEntityOfPage\":{\"@id\":\"https:\\\/\\\/ru.law\\\/dieselskandal-2-0-schadensersatz-bei-vw-beetle\\\/\"},\"wordCount\":281,\"publisher\":{\"@id\":\"https:\\\/\\\/ru.law\\\/#organization\"},\"image\":{\"@id\":\"https:\\\/\\\/ru.law\\\/dieselskandal-2-0-schadensersatz-bei-vw-beetle\\\/#primaryimage\"},\"thumbnailUrl\":\"https:\\\/\\\/ru.law\\\/wp-content\\\/uploads\\\/2021\\\/12\\\/Rogert-Ulbrich-Rechtsanwaelte-Kanzlei-Abgasskandal-VW-Beetle-Schadensersatz.jpg\",\"keywords\":[\"EA288\",\"Euro-6\",\"Schadensersatz\",\"VW\"],\"articleSection\":[\"Abgasskandal\",\"Urteile\"],\"inLanguage\":\"en-GB\"},{\"@type\":\"WebPage\",\"@id\":\"https:\\\/\\\/ru.law\\\/dieselskandal-2-0-schadensersatz-bei-vw-beetle\\\/\",\"url\":\"https:\\\/\\\/ru.law\\\/dieselskandal-2-0-schadensersatz-bei-vw-beetle\\\/\",\"name\":\"Dieselskandal 2.0 - Schadensersatz bei VW Beetle - R&amp;U\",\"isPartOf\":{\"@id\":\"https:\\\/\\\/ru.law\\\/#website\"},\"primaryImageOfPage\":{\"@id\":\"https:\\\/\\\/ru.law\\\/dieselskandal-2-0-schadensersatz-bei-vw-beetle\\\/#primaryimage\"},\"image\":{\"@id\":\"https:\\\/\\\/ru.law\\\/dieselskandal-2-0-schadensersatz-bei-vw-beetle\\\/#primaryimage\"},\"thumbnailUrl\":\"https:\\\/\\\/ru.law\\\/wp-content\\\/uploads\\\/2021\\\/12\\\/Rogert-Ulbrich-Rechtsanwaelte-Kanzlei-Abgasskandal-VW-Beetle-Schadensersatz.jpg\",\"datePublished\":\"2021-12-09T11:53:00+00:00\",\"dateModified\":\"2024-07-08T11:12:07+00:00\",\"description\":\"Ein weiterer R\u00fcckschlag f\u00fcr VW im Dieselskandal 2.0: Das OLG Naumburg hat VW ein weiteres mal zu Schadensersatz verurteilt.\",\"breadcrumb\":{\"@id\":\"https:\\\/\\\/ru.law\\\/dieselskandal-2-0-schadensersatz-bei-vw-beetle\\\/#breadcrumb\"},\"inLanguage\":\"en-GB\",\"potentialAction\":[{\"@type\":\"ReadAction\",\"target\":[\"https:\\\/\\\/ru.law\\\/dieselskandal-2-0-schadensersatz-bei-vw-beetle\\\/\"]}]},{\"@type\":\"ImageObject\",\"inLanguage\":\"en-GB\",\"@id\":\"https:\\\/\\\/ru.law\\\/dieselskandal-2-0-schadensersatz-bei-vw-beetle\\\/#primaryimage\",\"url\":\"https:\\\/\\\/ru.law\\\/wp-content\\\/uploads\\\/2021\\\/12\\\/Rogert-Ulbrich-Rechtsanwaelte-Kanzlei-Abgasskandal-VW-Beetle-Schadensersatz.jpg\",\"contentUrl\":\"https:\\\/\\\/ru.law\\\/wp-content\\\/uploads\\\/2021\\\/12\\\/Rogert-Ulbrich-Rechtsanwaelte-Kanzlei-Abgasskandal-VW-Beetle-Schadensersatz.jpg\",\"width\":1200,\"height\":675},{\"@type\":\"BreadcrumbList\",\"@id\":\"https:\\\/\\\/ru.law\\\/dieselskandal-2-0-schadensersatz-bei-vw-beetle\\\/#breadcrumb\",\"itemListElement\":[{\"@type\":\"ListItem\",\"position\":1,\"name\":\"Startseite\",\"item\":\"https:\\\/\\\/ru.law\\\/\"},{\"@type\":\"ListItem\",\"position\":2,\"name\":\"Dieselskandal 2.0 &#8211; Schadensersatz bei VW Beetle\"}]},{\"@type\":\"WebSite\",\"@id\":\"https:\\\/\\\/ru.law\\\/#website\",\"url\":\"https:\\\/\\\/ru.law\\\/\",\"name\":\"R&U\",\"description\":\"Verbraucheranw\u00e4lte\",\"publisher\":{\"@id\":\"https:\\\/\\\/ru.law\\\/#organization\"},\"alternateName\":\"Rogert & Ulbrich\",\"potentialAction\":[{\"@type\":\"SearchAction\",\"target\":{\"@type\":\"EntryPoint\",\"urlTemplate\":\"https:\\\/\\\/ru.law\\\/?s={search_term_string}\"},\"query-input\":{\"@type\":\"PropertyValueSpecification\",\"valueRequired\":true,\"valueName\":\"search_term_string\"}}],\"inLanguage\":\"en-GB\"},{\"@type\":\"Organization\",\"@id\":\"https:\\\/\\\/ru.law\\\/#organization\",\"name\":\"Kanzlei Rogert & Ulbrich\",\"url\":\"https:\\\/\\\/ru.law\\\/\",\"logo\":{\"@type\":\"ImageObject\",\"inLanguage\":\"en-GB\",\"@id\":\"https:\\\/\\\/ru.law\\\/#\\\/schema\\\/logo\\\/image\\\/\",\"url\":\"https:\\\/\\\/ru.law\\\/wp-content\\\/uploads\\\/2020\\\/12\\\/logo-ru-law.svg\",\"contentUrl\":\"https:\\\/\\\/ru.law\\\/wp-content\\\/uploads\\\/2020\\\/12\\\/logo-ru-law.svg\",\"width\":992,\"height\":259,\"caption\":\"Kanzlei Rogert & Ulbrich\"},\"image\":{\"@id\":\"https:\\\/\\\/ru.law\\\/#\\\/schema\\\/logo\\\/image\\\/\"},\"sameAs\":[\"https:\\\/\\\/www.facebook.com\\\/RogertUlbrich\\\/\",\"https:\\\/\\\/x.com\\\/RogertUlbrich\",\"https:\\\/\\\/www.instagram.com\\\/rogertulbrich\\\/\",\"https:\\\/\\\/www.linkedin.com\\\/company\\\/rogert-ulbrich\\\/\",\"https:\\\/\\\/www.youtube.com\\\/channel\\\/UCganCgpvwpPFqMFf1vVmG2A\"]},{\"@type\":\"Person\",\"@id\":\"https:\\\/\\\/ru.law\\\/#\\\/schema\\\/person\\\/b020d506e6bbc471b4565d3a98173b87\",\"name\":\"Marco Rogert\",\"url\":\"https:\\\/\\\/ru.law\\\/en\\\/author\\\/rogertru-law\\\/\"}]}<\/script>\n<!-- \/ Yoast SEO Premium plugin. -->","yoast_head_json":{"title":"Dieselgate 2.0 - Compensation for VW Beetle - R&amp;U","description":"Another setback for VW in the Dieselgate 2.0 scandal: The Higher Regional Court of Naumburg has once again ordered VW to pay damages.","robots":{"index":"index","follow":"follow","max-snippet":"max-snippet:-1","max-image-preview":"max-image-preview:large","max-video-preview":"max-video-preview:-1"},"canonical":"https:\/\/ru.law\/en\/dieselskandal-2-0-schadensersatz-bei-vw-beetle\/","og_locale":"en_GB","og_type":"article","og_title":"Dieselskandal 2.0 - Schadensersatz bei VW Beetle","og_description":"Ein weiterer R\u00fcckschlag f\u00fcr VW im Dieselskandal 2.0: Das OLG Naumburg hat VW ein weiteres mal zu Schadensersatz verurteilt.","og_url":"https:\/\/ru.law\/en\/dieselskandal-2-0-schadensersatz-bei-vw-beetle\/","og_site_name":"R&amp;U","article_publisher":"https:\/\/www.facebook.com\/RogertUlbrich\/","article_published_time":"2021-12-09T11:53:00+00:00","article_modified_time":"2024-07-08T11:12:07+00:00","og_image":[{"width":1200,"height":675,"url":"https:\/\/ru.law\/wp-content\/uploads\/2021\/12\/Rogert-Ulbrich-Rechtsanwaelte-Kanzlei-Abgasskandal-VW-Beetle-Schadensersatz.jpg","type":"image\/jpeg"}],"author":"Marco Rogert","twitter_card":"summary_large_image","twitter_creator":"@RogertUlbrich","twitter_site":"@RogertUlbrich","schema":{"@context":"https:\/\/schema.org","@graph":[{"@type":"Article","@id":"https:\/\/ru.law\/dieselskandal-2-0-schadensersatz-bei-vw-beetle\/#article","isPartOf":{"@id":"https:\/\/ru.law\/dieselskandal-2-0-schadensersatz-bei-vw-beetle\/"},"author":{"name":"Marco Rogert","@id":"https:\/\/ru.law\/#\/schema\/person\/b020d506e6bbc471b4565d3a98173b87"},"headline":"Dieselskandal 2.0 &#8211; Schadensersatz bei VW Beetle","datePublished":"2021-12-09T11:53:00+00:00","dateModified":"2024-07-08T11:12:07+00:00","mainEntityOfPage":{"@id":"https:\/\/ru.law\/dieselskandal-2-0-schadensersatz-bei-vw-beetle\/"},"wordCount":281,"publisher":{"@id":"https:\/\/ru.law\/#organization"},"image":{"@id":"https:\/\/ru.law\/dieselskandal-2-0-schadensersatz-bei-vw-beetle\/#primaryimage"},"thumbnailUrl":"https:\/\/ru.law\/wp-content\/uploads\/2021\/12\/Rogert-Ulbrich-Rechtsanwaelte-Kanzlei-Abgasskandal-VW-Beetle-Schadensersatz.jpg","keywords":["EA288","Euro-6","Schadensersatz","VW"],"articleSection":["Abgasskandal","Urteile"],"inLanguage":"en-GB"},{"@type":"WebPage","@id":"https:\/\/ru.law\/dieselskandal-2-0-schadensersatz-bei-vw-beetle\/","url":"https:\/\/ru.law\/dieselskandal-2-0-schadensersatz-bei-vw-beetle\/","name":"Dieselgate 2.0 - Compensation for VW Beetle - R&amp;U","isPartOf":{"@id":"https:\/\/ru.law\/#website"},"primaryImageOfPage":{"@id":"https:\/\/ru.law\/dieselskandal-2-0-schadensersatz-bei-vw-beetle\/#primaryimage"},"image":{"@id":"https:\/\/ru.law\/dieselskandal-2-0-schadensersatz-bei-vw-beetle\/#primaryimage"},"thumbnailUrl":"https:\/\/ru.law\/wp-content\/uploads\/2021\/12\/Rogert-Ulbrich-Rechtsanwaelte-Kanzlei-Abgasskandal-VW-Beetle-Schadensersatz.jpg","datePublished":"2021-12-09T11:53:00+00:00","dateModified":"2024-07-08T11:12:07+00:00","description":"Another setback for VW in the Dieselgate 2.0 scandal: The Higher Regional Court of Naumburg has once again ordered VW to pay damages.","breadcrumb":{"@id":"https:\/\/ru.law\/dieselskandal-2-0-schadensersatz-bei-vw-beetle\/#breadcrumb"},"inLanguage":"en-GB","potentialAction":[{"@type":"ReadAction","target":["https:\/\/ru.law\/dieselskandal-2-0-schadensersatz-bei-vw-beetle\/"]}]},{"@type":"ImageObject","inLanguage":"en-GB","@id":"https:\/\/ru.law\/dieselskandal-2-0-schadensersatz-bei-vw-beetle\/#primaryimage","url":"https:\/\/ru.law\/wp-content\/uploads\/2021\/12\/Rogert-Ulbrich-Rechtsanwaelte-Kanzlei-Abgasskandal-VW-Beetle-Schadensersatz.jpg","contentUrl":"https:\/\/ru.law\/wp-content\/uploads\/2021\/12\/Rogert-Ulbrich-Rechtsanwaelte-Kanzlei-Abgasskandal-VW-Beetle-Schadensersatz.jpg","width":1200,"height":675},{"@type":"BreadcrumbList","@id":"https:\/\/ru.law\/dieselskandal-2-0-schadensersatz-bei-vw-beetle\/#breadcrumb","itemListElement":[{"@type":"ListItem","position":1,"name":"Startseite","item":"https:\/\/ru.law\/"},{"@type":"ListItem","position":2,"name":"Dieselskandal 2.0 &#8211; Schadensersatz bei VW Beetle"}]},{"@type":"WebSite","@id":"https:\/\/ru.law\/#website","url":"https:\/\/ru.law\/","name":"R&amp;U","description":"Consumer lawyers","publisher":{"@id":"https:\/\/ru.law\/#organization"},"alternateName":"Rogert & Ulbrich","potentialAction":[{"@type":"SearchAction","target":{"@type":"EntryPoint","urlTemplate":"https:\/\/ru.law\/?s={search_term_string}"},"query-input":{"@type":"PropertyValueSpecification","valueRequired":true,"valueName":"search_term_string"}}],"inLanguage":"en-GB"},{"@type":"Organization","@id":"https:\/\/ru.law\/#organization","name":"Rogert &amp; Ulbrich Law Firm","url":"https:\/\/ru.law\/","logo":{"@type":"ImageObject","inLanguage":"en-GB","@id":"https:\/\/ru.law\/#\/schema\/logo\/image\/","url":"https:\/\/ru.law\/wp-content\/uploads\/2020\/12\/logo-ru-law.svg","contentUrl":"https:\/\/ru.law\/wp-content\/uploads\/2020\/12\/logo-ru-law.svg","width":992,"height":259,"caption":"Kanzlei Rogert & Ulbrich"},"image":{"@id":"https:\/\/ru.law\/#\/schema\/logo\/image\/"},"sameAs":["https:\/\/www.facebook.com\/RogertUlbrich\/","https:\/\/x.com\/RogertUlbrich","https:\/\/www.instagram.com\/rogertulbrich\/","https:\/\/www.linkedin.com\/company\/rogert-ulbrich\/","https:\/\/www.youtube.com\/channel\/UCganCgpvwpPFqMFf1vVmG2A"]},{"@type":"Person","@id":"https:\/\/ru.law\/#\/schema\/person\/b020d506e6bbc471b4565d3a98173b87","name":"Marco Rogert","url":"https:\/\/ru.law\/en\/author\/rogertru-law\/"}]}},"uagb_featured_image_src":{"full":["https:\/\/ru.law\/wp-content\/uploads\/2021\/12\/Rogert-Ulbrich-Rechtsanwaelte-Kanzlei-Abgasskandal-VW-Beetle-Schadensersatz.jpg",1200,675,false],"thumbnail":["https:\/\/ru.law\/wp-content\/uploads\/2021\/12\/Rogert-Ulbrich-Rechtsanwaelte-Kanzlei-Abgasskandal-VW-Beetle-Schadensersatz-150x150.jpg",96,96,true],"medium":["https:\/\/ru.law\/wp-content\/uploads\/2021\/12\/Rogert-Ulbrich-Rechtsanwaelte-Kanzlei-Abgasskandal-VW-Beetle-Schadensersatz-300x169.jpg",300,169,true],"medium_large":["https:\/\/ru.law\/wp-content\/uploads\/2021\/12\/Rogert-Ulbrich-Rechtsanwaelte-Kanzlei-Abgasskandal-VW-Beetle-Schadensersatz-768x432.jpg",768,432,true],"large":["https:\/\/ru.law\/wp-content\/uploads\/2021\/12\/Rogert-Ulbrich-Rechtsanwaelte-Kanzlei-Abgasskandal-VW-Beetle-Schadensersatz-1024x576.jpg",1024,576,true],"1536x1536":["https:\/\/ru.law\/wp-content\/uploads\/2021\/12\/Rogert-Ulbrich-Rechtsanwaelte-Kanzlei-Abgasskandal-VW-Beetle-Schadensersatz.jpg",1200,675,false],"2048x2048":["https:\/\/ru.law\/wp-content\/uploads\/2021\/12\/Rogert-Ulbrich-Rechtsanwaelte-Kanzlei-Abgasskandal-VW-Beetle-Schadensersatz.jpg",1200,675,false],"trp-custom-language-flag":["https:\/\/ru.law\/wp-content\/uploads\/2021\/12\/Rogert-Ulbrich-Rechtsanwaelte-Kanzlei-Abgasskandal-VW-Beetle-Schadensersatz.jpg",18,10,false]},"uagb_author_info":{"display_name":"Marco Rogert","author_link":"https:\/\/ru.law\/en\/author\/rogertru-law\/"},"uagb_comment_info":0,"uagb_excerpt":"Ein weiterer R\u00fcckschlag f\u00fcr die VW AG im Dieselskandal 2.0: Das Oberlandesgericht (OLG) Naumburg hat die VW AG ein weiteres Mal aufgrund vors\u00e4tzlicher und sittenwidriger [&hellip;]","_links":{"self":[{"href":"https:\/\/ru.law\/en\/wp-json\/wp\/v2\/posts\/23157","targetHints":{"allow":["GET"]}}],"collection":[{"href":"https:\/\/ru.law\/en\/wp-json\/wp\/v2\/posts"}],"about":[{"href":"https:\/\/ru.law\/en\/wp-json\/wp\/v2\/types\/post"}],"author":[{"embeddable":true,"href":"https:\/\/ru.law\/en\/wp-json\/wp\/v2\/users\/21"}],"replies":[{"embeddable":true,"href":"https:\/\/ru.law\/en\/wp-json\/wp\/v2\/comments?post=23157"}],"version-history":[{"count":0,"href":"https:\/\/ru.law\/en\/wp-json\/wp\/v2\/posts\/23157\/revisions"}],"wp:featuredmedia":[{"embeddable":true,"href":"https:\/\/ru.law\/en\/wp-json\/wp\/v2\/media\/23163"}],"wp:attachment":[{"href":"https:\/\/ru.law\/en\/wp-json\/wp\/v2\/media?parent=23157"}],"wp:term":[{"taxonomy":"category","embeddable":true,"href":"https:\/\/ru.law\/en\/wp-json\/wp\/v2\/categories?post=23157"},{"taxonomy":"post_tag","embeddable":true,"href":"https:\/\/ru.law\/en\/wp-json\/wp\/v2\/tags?post=23157"}],"curies":[{"name":"wp","href":"https:\/\/api.w.org\/{rel}","templated":true}]}}