{"id":2307,"date":"2020-07-06T10:35:59","date_gmt":"2020-07-06T08:35:59","guid":{"rendered":"https:\/\/www.rogertulbrich.de\/wp\/?p=2307"},"modified":"2024-07-08T13:13:04","modified_gmt":"2024-07-08T11:13:04","slug":"bundesgerichtshof-verhandelt-weitere-verfahren-im-diesel-abgasskandal","status":"publish","type":"post","link":"https:\/\/ru.law\/en\/bundesgerichtshof-verhandelt-weitere-verfahren-im-diesel-abgasskandal\/","title":{"rendered":"Federal Court of Justice hears four more cases in diesel emissions scandal"},"content":{"rendered":"<h2 class=\"wp-block-heading\" id=\"h-bgh-entscheidet-uber-deliktische-zinsen-nutzungsentschadigung-und-verjahrung\">BGH decides on tortious interest, compensation for use and statute of limitations.<\/h2>\n\n\n<p>The processing of the <a href=\"https:\/\/ru.law\/en\/expertise\/abgasskandal\/\">diesel emissions scandal<\/a> is moving up a gear. Following its consumer-friendly landmark ruling in May, the 6th Civil Chamber of the Federal Court of Justice (BGH) will be dealing with the consequences of VW&#039;s emissions manipulation at four further hearings on July 21 and July 28. The hearings will cover controversial issues such as compensation for damages after refusing a software update, tortious interest, compensation for use, and the question of the statute of limitations for claims made by injured diesel buyers.<\/p>\n\n\n<h3 class=\"wp-block-heading\" id=\"h-zwei-verfahren-vom-olg-braunschweig-zur-revision-beim-bgh\">Two cases from the Higher Regional Court of Braunschweig to the Federal Court of Justice<\/h3>\n\n\n<p>The Regional Court and the Higher Regional Court of Braunschweig are in <a href=\"https:\/\/ru.law\/en\/expertise\/abgasskandal\/vw-diesel\/\">VW emissions scandal<\/a> has not yet attracted attention with consumer-friendly rulings, although the Braunschweig Regional Court recently announced that it was abandoning its pro-VW stance. Two injured VW customers were not discouraged by the rejection of their claims for damages against the car company by the two courts.\u00a0<a href=\"https:\/\/www.bundesgerichtshof.de\/SharedDocs\/Pressemitteilungen\/DE\/2020\/2020031.html?nn=10690868\" target=\"_blank\" rel=\"noopener noreferrer\">Their cases will now be appealed to the 6th Civil Senate of the Federal Court of Justice on July 21.<\/a><\/p>\n<p>Both plaintiffs base their claims against Volkswagen on the installation of impermissible defeat devices. In one case, the plaintiff had a software update offered by VW installed (case number VI ZR 367\/19). His claim was dismissed on the grounds that the defeat device had already been removed by the update before the claim was received. In addition, the plaintiff had not conclusively explained which specific person at VW had intentionally and immorally harmed him (August 13, 2019, case number 7 U 352\/18).<\/p>\n<p>The other plaintiff had refused the update, whereupon he was prohibited from operating the vehicle (case number VI ZR 354\/19). The Higher Regional Court of Braunschweig rejected his claim for damages on the grounds that the elements of fraud had not been met. In addition, the compensation for use now outweighs the purchase price (20.08.2019, case number 7 U 5\/18).<\/p>\n\n\n<h3 class=\"wp-block-heading\" id=\"h-kauf-nach-kenntnis-wann-beginnt-die-verjahrungsfrist-im-abgasskandal\">Purchase after knowledge: When does the limitation period in the emissions scandal begin?<\/h3>\n\n\n<p>When could buyers of VW diesels have known about the illegal emissions manipulation? The answer to this highly controversial question will determine when the claims of injured VW customers expire \u2013 an issue that affects tens of thousands of car buyers. A decision by the Supreme Court on this is still pending. Perhaps it will come on July 28. Then the Federal Court of Justice will deal with the&nbsp;<a href=\"https:\/\/www.bundesgerichtshof.de\/SharedDocs\/Termine\/DE\/Termine\/VIZR5-20.html\" target=\"_blank\" rel=\"noopener noreferrer\">Claims for damages from a used car buyer who purchased his diesel in August 2016<\/a>, i.e. almost a year after the emissions manipulation became known (case number VI ZR 5\/20). His claims for compensation were rejected by both lower courts (District Court of Trier, May 3, 2019, case number 5 O 686\/18, Higher Regional Court of Koblenz, December 2, 2019, case number 12 U 804\/19) because &quot;the plaintiff did not substantiate why, despite the extensive media coverage, he should have been unaware that the vehicle was equipped with the inadmissible switching logic.&quot;<\/p>\n<p>However, the Koblenz Higher Regional Court ruled in favour of a diesel buyer who had purchased his VW in January 2016 and awarded him damages for intentionally causing immoral damage (05.06.2020, case number 8 U 1295\/19). The reasoning: an ad hoc announcement published by Volkswagen in September 2015 did not indicate that the engine control software had been deliberately manipulated. Moreover, Volkswagen&#039;s immoral behaviour had continued at the time of the vehicle purchase. The Higher Regional Courts of Cologne, Oldenburg and&nbsp;<a href=\"https:\/\/rsw.beck.de\/aktuell\/daily\/meldung\/detail\/olg-hamm-vw-muss-auch-fuer-nach-bekanntwerden-des-abgasskandals-erworbenen-pkw-schadensersatz-an-kundin-zahlen\" target=\"_blank\" rel=\"noopener noreferrer\">Hamm<\/a>&nbsp;as well as the&nbsp;<a href=\"https:\/\/www.presseportal.de\/pm\/105254\/4651605\" target=\"_blank\" rel=\"noopener noreferrer\">Paderborn Regional Court<\/a>&nbsp;and most recently Frankfurt am Main. The Marburg District Court even takes the view that the claim for damages by injured parties should only expire after 10 years.<\/p>\n\n\n\n\n<h3 class=\"wp-block-heading\" id=\"h-bestehen-anspruche-auf-deliktische-zinsen-und-nutzungsentschadigung\">Are there claims for tortious interest and compensation for use?<\/h3>\n\n\n<p>The second BGH case on 28 July concerns the&nbsp;<a href=\"https:\/\/www.bundesgerichtshof.de\/SharedDocs\/Pressemitteilungen\/DE\/2020\/2020032.html?nn=10690868\" target=\"_blank\" rel=\"noopener noreferrer\">claim for tortious interest<\/a>&nbsp;(Ref. VI ZR 397\/19). The Oldenburg Regional Court had already ordered Volkswagen to reimburse the purchase price of a VW Golf VI 1.6 TDI less compensation for use due to intentional immoral damage (January 11, 2019, Ref. 3 O 1275\/18). The plaintiff had appealed against the deduction of compensation for use and also demanded payment of tort interest. The Oldenburg Higher Regional Court had awarded her this, but the judges confirmed the decision of the lower court regarding compensation for use (October 2, 2019, Ref. 5 U 47\/19). Both the plaintiff and Volkswagen have appealed against this judgment.<\/p>\n\n\n<div class=\"wp-block-columns header__gradient_blog ghostkit-custom-xNr4Y is-layout-flex wp-container-core-columns-is-layout-28f84493 wp-block-columns-is-layout-flex\">\n<div class=\"wp-block-column is-vertically-aligned-top is-layout-flow wp-block-column-is-layout-flow\" style=\"flex-basis:20%\">\n<figure class=\"wp-block-image size-large zitat\"><img decoding=\"async\" src=\"https:\/\/www.rogertulbrich.de\/wp\/wp-content\/uploads\/2020\/07\/marco_rogert_handy-2.jpg\" alt=\"\" class=\"wp-image-749\" \/><\/figure>\n<\/div>\n\n\n\n<div class=\"wp-block-column is-vertically-aligned-center ghostkit-custom-1SOwj2 is-layout-flow wp-block-column-is-layout-flow\" style=\"flex-basis:80%\">\n<p>&quot;In the past, courts have assessed the claim to tortious interest very differently. Most regional courts have generally awarded this interest to injured car buyers from the time of purchase of the vehicle, as have some higher regional courts, such as Oldenburg, Cologne and Brandenburg. We assume that the Federal Court of Justice will confirm this consumer-friendly legal opinion. On the issue of limitation and in the appeal hearings on June 21, we firmly expect decisions that encourage injured diesel buyers to assert their rights. In any case, the rulings of the Federal Court of Justice will have far-reaching effects on the proceedings in the emissions scandal. Then the other diesel manufacturers will finally have to face up to their responsibility.&quot;<\/p>\n\n\n\n<p class=\"has-text-align-left\">Partner Dr. Marco Rogert <\/p>\n<\/div>\n<\/div>\n\n\n\n<h3 class=\"wp-block-heading\" id=\"h-nuntzungsentschadigung-entscheidet-letzendlich-der-europaische-gerichtshof\">Compensation for non-use: will the European Court of Justice ultimately decide?<\/h3>\n\n\n<p>The question of compensation for use could also become exciting again. Although the Federal Court of Justice already ruled in the VW case in May that compensation for use for the kilometers already driven must be deducted from the damages, there are also signs of a trend reversal in case law here. Several regional courts have awarded car buyers compensation without deducting compensation for use. The Frankfurt am Main Regional Court explicitly justified this with Volkswagen&#039;s &quot;particularly reprehensible conduct&quot; (April 30, 2020, case number 2-27 O 2\/19).<\/p>\n<p>A judge at the Erfurt Regional Court gave a similar reasoning for his&nbsp;<a href=\"https:\/\/www.lifepr.de\/pressemitteilung\/dr-stoll-sauer-rechtsanwaltsgesellschaft-mbh\/VW-Skandal-Landgericht-Erfurt-laesst-erstes-BGH-Urteil-von-EuGH-ueberpuefen\/boxid\/804661\" target=\"_blank\" rel=\"noopener noreferrer\">decision<\/a>, to have the VW ruling of the BGH of May 25 (case number VI ZR 252\/19) reviewed by the European Court of Justice for conformity with European law (June 15, 2020, case number 8 O 1045\/18): A usage compensation for kilometers driven means that &quot;the longer the legal dispute drags on, the less sanctions VW has to fear. This could create a strong incentive to commit the infringement nonetheless and to unduly delay the fulfillment of the claim.&quot; Against this background, it will be extremely exciting to see how the BGH will decide on this issue on June 28.<\/p>\n\n\n<section class=\"wp-block-uagb-columns uagb-columns__wrap uagb-columns__background-undefined uagb-columns__stack-mobile uagb-columns__valign-undefined uagb-columns__gap-10 alignundefined uagb-block-a63b8d4d contrast blog_beitraege\"><div class=\"uagb-columns__overlay\"><\/div><div class=\"uagb-columns__inner-wrap uagb-columns__columns-1\">\n<div class=\"wp-block-uagb-column uagb-column__wrap uagb-column__background-undefined uagb-block-6e00ddba\"><div class=\"uagb-column__overlay\"><\/div><div class=\"uagb-column__inner-wrap\">\n<h3 class=\"wp-block-heading\" id=\"das-konnte-sie-auch-interessieren\">You might also be interested in:<\/h3>\n\n\n\n\t\t\t<div class=\"wp-block-uagb-post-grid uagb-post-grid  uagb-post__image-position-top uagb-post__image-enabled uagb-block-ff875f2e     uagb-post__items uagb-post__columns-3 is-grid uagb-post__columns-tablet-2 uagb-post__columns-mobile-1 uagb-post__equal-height\" data-total=\"3\" style=\"\">\n\n\t\t\t\t\t\t\t\t\t\t\t\t<article class=\"uagb-post__inner-wrap\">\t\t\t\t\t\t\t\t<div class='uagb-post__image'>\n\t\t\t\t\t\t\t\t\t<a href=\"https:\/\/ru.law\/en\/diesel-ueberholt-benzinpreis-jetzt-erst-recht\/\" target=\"_self\" rel=\"bookmark noopener noreferrer\" class='uagb-image-ratio-inherit'><img loading=\"lazy\" decoding=\"async\" width=\"1024\" height=\"576\" src=\"https:\/\/ru.law\/wp-content\/uploads\/2022\/03\/2021-News-Header-1200x675-2972-1024x576.jpg\" class=\"attachment-large size-large\" alt=\"Rogert-Ulbrich-Rechtsanwaelte-Kanzlei-Diesel-Benzin-Preise\" srcset=\"https:\/\/ru.law\/wp-content\/uploads\/2022\/03\/2021-News-Header-1200x675-2972-1024x576.jpg 1024w, https:\/\/ru.law\/wp-content\/uploads\/2022\/03\/2021-News-Header-1200x675-2972-300x169.jpg 300w, https:\/\/ru.law\/wp-content\/uploads\/2022\/03\/2021-News-Header-1200x675-2972-768x432.jpg 768w, https:\/\/ru.law\/wp-content\/uploads\/2022\/03\/2021-News-Header-1200x675-2972.jpg 1200w\" sizes=\"auto, (max-width: 1024px) 100vw, 1024px\" \/>\t\t\t\t\t<\/a>\n\t\t\t\t\t\t\t<\/div>\n\t\t\t\t\t\t<h4 class=\"uagb-post__title uagb-post__text\">\n\t\t\t\t<a href=\"https:\/\/ru.law\/en\/diesel-ueberholt-benzinpreis-jetzt-erst-recht\/\" target=\"_self\" rel=\"bookmark noopener noreferrer\">Record prices for diesel - Now is the time to reverse your car<\/a>\n\t\t\t<\/h4>\n\t\t\t\t\t\t<div class='uagb-post__text uagb-post-grid-byline'>\n\t\t\t\t\t\t\t<\/div>\n\t\t\t\t\t\t\t<div class='uagb-post__text uagb-post__excerpt'>\n\t\t\t\t\t<p>Diesel is at a record high in Germany and petrol is also approaching a\u2026\t\t\t\t<\/div>\n\t\t\t\t\t\t<div class=\"uagb-post__text uagb-post__cta wp-block-button\">\n\t\t\t\t<a class=\"wp-block-button__link uagb-text-link\" style=\"\" href=\"https:\/\/ru.law\/en\/diesel-ueberholt-benzinpreis-jetzt-erst-recht\/\" target=\"_self\" rel=\"bookmark noopener noreferrer\">Read More<\/a>\n\t\t\t<\/div>\n\t\t\t\n\t\t\t\t\t\t\t\t<a class=\"uagb-post__link-complete-box\" href=\"https:\/\/ru.law\/en\/diesel-ueberholt-benzinpreis-jetzt-erst-recht\/\" target=\"_self\" rel=\"bookmark noopener noreferrer\"><\/a>\n\t\t\t\t\t\t\t<\/article>\n\t\t\t\t\t\t\t\t\t\t\t\t\t\t\t\t<article class=\"uagb-post__inner-wrap\">\t\t\t\t\t\t\t\t<div class='uagb-post__image'>\n\t\t\t\t\t\t\t\t\t<a href=\"https:\/\/ru.law\/en\/vtdi-abgasskandal-rund-um-vw-audi-und-porsche\/\" target=\"_self\" rel=\"bookmark noopener noreferrer\" class='uagb-image-ratio-inherit'><img loading=\"lazy\" decoding=\"async\" width=\"1024\" height=\"576\" src=\"https:\/\/ru.law\/wp-content\/uploads\/2022\/01\/Rogert-Ulbrich-Rechtsanwaelte-Kanzlei-Abgasskandal-Audi-Verjaehrung-2022-1024x576.jpg\" class=\"attachment-large size-large\" alt=\"\" srcset=\"https:\/\/ru.law\/wp-content\/uploads\/2022\/01\/Rogert-Ulbrich-Rechtsanwaelte-Kanzlei-Abgasskandal-Audi-Verjaehrung-2022-1024x576.jpg 1024w, https:\/\/ru.law\/wp-content\/uploads\/2022\/01\/Rogert-Ulbrich-Rechtsanwaelte-Kanzlei-Abgasskandal-Audi-Verjaehrung-2022-300x169.jpg 300w, https:\/\/ru.law\/wp-content\/uploads\/2022\/01\/Rogert-Ulbrich-Rechtsanwaelte-Kanzlei-Abgasskandal-Audi-Verjaehrung-2022-768x432.jpg 768w, https:\/\/ru.law\/wp-content\/uploads\/2022\/01\/Rogert-Ulbrich-Rechtsanwaelte-Kanzlei-Abgasskandal-Audi-Verjaehrung-2022.jpg 1200w\" sizes=\"auto, (max-width: 1024px) 100vw, 1024px\" \/>\t\t\t\t\t<\/a>\n\t\t\t\t\t\t\t<\/div>\n\t\t\t\t\t\t<h4 class=\"uagb-post__title uagb-post__text\">\n\t\t\t\t<a href=\"https:\/\/ru.law\/en\/vtdi-abgasskandal-rund-um-vw-audi-und-porsche\/\" target=\"_self\" rel=\"bookmark noopener noreferrer\">VTDI emissions scandal involving VW, Audi and Porsche<\/a>\n\t\t\t<\/h4>\n\t\t\t\t\t\t<div class='uagb-post__text uagb-post-grid-byline'>\n\t\t\t\t\t\t\t<\/div>\n\t\t\t\t\t\t\t<div class='uagb-post__text uagb-post__excerpt'>\n\t\t\t\t\t<p>For many German car manufacturers, the diesel emissions scandal is still omnipresent, including the VW Group\u2026\t\t\t\t<\/div>\n\t\t\t\t\t\t<div class=\"uagb-post__text uagb-post__cta wp-block-button\">\n\t\t\t\t<a class=\"wp-block-button__link uagb-text-link\" style=\"\" href=\"https:\/\/ru.law\/en\/vtdi-abgasskandal-rund-um-vw-audi-und-porsche\/\" target=\"_self\" rel=\"bookmark noopener noreferrer\">Read More<\/a>\n\t\t\t<\/div>\n\t\t\t\n\t\t\t\t\t\t\t\t<a class=\"uagb-post__link-complete-box\" href=\"https:\/\/ru.law\/en\/vtdi-abgasskandal-rund-um-vw-audi-und-porsche\/\" target=\"_self\" rel=\"bookmark noopener noreferrer\"><\/a>\n\t\t\t\t\t\t\t<\/article>\n\t\t\t\t\t\t\t\t\t\t\t\t\t\t\t\t<article class=\"uagb-post__inner-wrap\">\t\t\t\t\t\t\t\t<div class='uagb-post__image'>\n\t\t\t\t\t\t\t\t\t<a href=\"https:\/\/ru.law\/en\/olg-koeln-verurteilt-audi-ag\/\" target=\"_self\" rel=\"bookmark noopener noreferrer\" class='uagb-image-ratio-inherit'><img loading=\"lazy\" decoding=\"async\" width=\"1024\" height=\"576\" src=\"https:\/\/ru.law\/wp-content\/uploads\/2021\/09\/rogert-ulbrich-rechtsanwalt-kanzlei-abgasskandal-premium-modelle-porsche-42l-1024x576.jpg\" class=\"attachment-large size-large\" alt=\"\" srcset=\"https:\/\/ru.law\/wp-content\/uploads\/2021\/09\/rogert-ulbrich-rechtsanwalt-kanzlei-abgasskandal-premium-modelle-porsche-42l-1024x576.jpg 1024w, https:\/\/ru.law\/wp-content\/uploads\/2021\/09\/rogert-ulbrich-rechtsanwalt-kanzlei-abgasskandal-premium-modelle-porsche-42l-300x169.jpg 300w, https:\/\/ru.law\/wp-content\/uploads\/2021\/09\/rogert-ulbrich-rechtsanwalt-kanzlei-abgasskandal-premium-modelle-porsche-42l-768x432.jpg 768w, https:\/\/ru.law\/wp-content\/uploads\/2021\/09\/rogert-ulbrich-rechtsanwalt-kanzlei-abgasskandal-premium-modelle-porsche-42l.jpg 1200w\" sizes=\"auto, (max-width: 1024px) 100vw, 1024px\" \/>\t\t\t\t\t<\/a>\n\t\t\t\t\t\t\t<\/div>\n\t\t\t\t\t\t<h4 class=\"uagb-post__title uagb-post__text\">\n\t\t\t\t<a href=\"https:\/\/ru.law\/en\/olg-koeln-verurteilt-audi-ag\/\" target=\"_self\" rel=\"bookmark noopener noreferrer\">Audi AG ordered to take back a Porsche Cayenne S<\/a>\n\t\t\t<\/h4>\n\t\t\t\t\t\t<div class='uagb-post__text uagb-post-grid-byline'>\n\t\t\t\t\t\t\t<\/div>\n\t\t\t\t\t\t\t<div class='uagb-post__text uagb-post__excerpt'>\n\t\t\t\t\t<p>Audi AG was ordered by the Cologne Higher Regional Court to take back a Porsche Cayenne S 4.2l\u2026.\t\t\t\t<\/div>\n\t\t\t\t\t\t<div class=\"uagb-post__text uagb-post__cta wp-block-button\">\n\t\t\t\t<a class=\"wp-block-button__link uagb-text-link\" style=\"\" href=\"https:\/\/ru.law\/en\/olg-koeln-verurteilt-audi-ag\/\" target=\"_self\" rel=\"bookmark noopener noreferrer\">Read More<\/a>\n\t\t\t<\/div>\n\t\t\t\n\t\t\t\t\t\t\t\t<a class=\"uagb-post__link-complete-box\" href=\"https:\/\/ru.law\/en\/olg-koeln-verurteilt-audi-ag\/\" target=\"_self\" rel=\"bookmark noopener noreferrer\"><\/a>\n\t\t\t\t\t\t\t<\/article>\n\t\t\t\t\t\t\t\t\t\t\t<\/div>\n\t\t\t\n\n\n<p><\/p>\n<\/div><\/div>\n<\/div><\/section>","protected":false},"excerpt":{"rendered":"<p>BGH entscheidet \u00fcber deliktische Zinsen, Nutzungsentsch\u00e4digung und Verj\u00e4hrung. Die Aufarbeitung des Diesel-Abgasskandals legt einen weiteren Gang zu. Nach ihrem verbraucherfreundlichen Grundsatzurteil im Mai befasst sich [&hellip;]<\/p>\n","protected":false},"author":21,"featured_media":7552,"comment_status":"closed","ping_status":"open","sticky":false,"template":"","format":"standard","meta":{"_uag_custom_page_level_css":"","site-sidebar-layout":"default","site-content-layout":"default","ast-site-content-layout":"default","site-content-style":"default","site-sidebar-style":"default","ast-global-header-display":"","ast-banner-title-visibility":"","ast-main-header-display":"","ast-hfb-above-header-display":"","ast-hfb-below-header-display":"","ast-hfb-mobile-header-display":"","site-post-title":"","ast-breadcrumbs-content":"","ast-featured-img":"","footer-sml-layout":"","ast-disable-related-posts":"","theme-transparent-header-meta":"default","adv-header-id-meta":"","stick-header-meta":"","header-above-stick-meta":"","header-main-stick-meta":"","header-below-stick-meta":"","astra-migrate-meta-layouts":"default","ast-page-background-enabled":"default","ast-page-background-meta":{"desktop":{"background-color":"","background-image":"","background-repeat":"repeat","background-position":"center center","background-size":"auto","background-attachment":"scroll","background-type":"","background-media":"","overlay-type":"","overlay-color":"","overlay-opacity":"","overlay-gradient":""},"tablet":{"background-color":"","background-image":"","background-repeat":"repeat","background-position":"center center","background-size":"auto","background-attachment":"scroll","background-type":"","background-media":"","overlay-type":"","overlay-color":"","overlay-opacity":"","overlay-gradient":""},"mobile":{"background-color":"","background-image":"","background-repeat":"repeat","background-position":"center center","background-size":"auto","background-attachment":"scroll","background-type":"","background-media":"","overlay-type":"","overlay-color":"","overlay-opacity":"","overlay-gradient":""}},"ast-content-background-meta":{"desktop":{"background-color":"var(--ast-global-color-5)","background-image":"","background-repeat":"repeat","background-position":"center center","background-size":"auto","background-attachment":"scroll","background-type":"","background-media":"","overlay-type":"","overlay-color":"","overlay-opacity":"","overlay-gradient":""},"tablet":{"background-color":"var(--ast-global-color-5)","background-image":"","background-repeat":"repeat","background-position":"center center","background-size":"auto","background-attachment":"scroll","background-type":"","background-media":"","overlay-type":"","overlay-color":"","overlay-opacity":"","overlay-gradient":""},"mobile":{"background-color":"var(--ast-global-color-5)","background-image":"","background-repeat":"repeat","background-position":"center center","background-size":"auto","background-attachment":"scroll","background-type":"","background-media":"","overlay-type":"","overlay-color":"","overlay-opacity":"","overlay-gradient":""}},"footnotes":""},"categories":[2],"tags":[14,28],"class_list":["post-2307","post","type-post","status-publish","format-standard","has-post-thumbnail","hentry","category-abgasskandal","tag-bgh","tag-nutzungsentschaedigung"],"yoast_head":"<!-- This site is optimized with the Yoast SEO Premium plugin v27.4 (Yoast SEO v27.4) - https:\/\/yoast.com\/product\/yoast-seo-premium-wordpress\/ -->\n<title>BGH verhandelt vier neue Verfahren im Diesel-Abgasskandal - R&amp;U<\/title>\n<meta name=\"description\" content=\"Vier weitere Verfahren im Diesel-Abgasskandal: BGH entscheidet \u00fcber deliktische Zinsen, Nutzungsentsch\u00e4digung und Verj\u00e4hrung.\" \/>\n<meta name=\"robots\" content=\"index, follow, max-snippet:-1, max-image-preview:large, max-video-preview:-1\" \/>\n<link rel=\"canonical\" href=\"https:\/\/ru.law\/en\/bundesgerichtshof-verhandelt-weitere-verfahren-im-diesel-abgasskandal\/\" \/>\n<meta property=\"og:locale\" content=\"en_GB\" \/>\n<meta property=\"og:type\" content=\"article\" \/>\n<meta property=\"og:title\" content=\"Bundesgerichtshof verhandelt vier weitere Verfahren im Diesel-Abgasskandal\" \/>\n<meta property=\"og:description\" content=\"Vier weitere Verfahren im Diesel-Abgasskandal: BGH entscheidet \u00fcber deliktische Zinsen, Nutzungsentsch\u00e4digung und Verj\u00e4hrung.\" \/>\n<meta property=\"og:url\" content=\"https:\/\/ru.law\/en\/bundesgerichtshof-verhandelt-weitere-verfahren-im-diesel-abgasskandal\/\" \/>\n<meta property=\"og:site_name\" content=\"R&amp;U\" \/>\n<meta property=\"article:publisher\" content=\"https:\/\/www.facebook.com\/RogertUlbrich\/\" \/>\n<meta property=\"article:published_time\" content=\"2020-07-06T08:35:59+00:00\" \/>\n<meta property=\"article:modified_time\" content=\"2024-07-08T11:13:04+00:00\" \/>\n<meta property=\"og:image\" content=\"https:\/\/ru.law\/wp-content\/uploads\/2020\/07\/abgasskandal-vw-diesel-fahrzeug-3.jpg\" \/>\n\t<meta property=\"og:image:width\" content=\"1200\" \/>\n\t<meta property=\"og:image:height\" content=\"675\" \/>\n\t<meta property=\"og:image:type\" content=\"image\/jpeg\" \/>\n<meta name=\"author\" content=\"Marco Rogert\" \/>\n<meta name=\"twitter:card\" content=\"summary_large_image\" \/>\n<meta name=\"twitter:creator\" content=\"@RogertUlbrich\" \/>\n<meta name=\"twitter:site\" content=\"@RogertUlbrich\" \/>\n<script type=\"application\/ld+json\" class=\"yoast-schema-graph\">{\"@context\":\"https:\\\/\\\/schema.org\",\"@graph\":[{\"@type\":\"Article\",\"@id\":\"https:\\\/\\\/ru.law\\\/bundesgerichtshof-verhandelt-weitere-verfahren-im-diesel-abgasskandal\\\/#article\",\"isPartOf\":{\"@id\":\"https:\\\/\\\/ru.law\\\/bundesgerichtshof-verhandelt-weitere-verfahren-im-diesel-abgasskandal\\\/\"},\"author\":{\"name\":\"Marco Rogert\",\"@id\":\"https:\\\/\\\/ru.law\\\/#\\\/schema\\\/person\\\/b020d506e6bbc471b4565d3a98173b87\"},\"headline\":\"Bundesgerichtshof verhandelt vier weitere Verfahren im Diesel-Abgasskandal\",\"datePublished\":\"2020-07-06T08:35:59+00:00\",\"dateModified\":\"2024-07-08T11:13:04+00:00\",\"mainEntityOfPage\":{\"@id\":\"https:\\\/\\\/ru.law\\\/bundesgerichtshof-verhandelt-weitere-verfahren-im-diesel-abgasskandal\\\/\"},\"wordCount\":963,\"publisher\":{\"@id\":\"https:\\\/\\\/ru.law\\\/#organization\"},\"image\":{\"@id\":\"https:\\\/\\\/ru.law\\\/bundesgerichtshof-verhandelt-weitere-verfahren-im-diesel-abgasskandal\\\/#primaryimage\"},\"thumbnailUrl\":\"https:\\\/\\\/ru.law\\\/wp-content\\\/uploads\\\/2020\\\/07\\\/abgasskandal-vw-diesel-fahrzeug-3.jpg\",\"keywords\":[\"BGH\",\"Nutzungsentsch\u00e4digung\"],\"articleSection\":[\"Abgasskandal\"],\"inLanguage\":\"en-GB\"},{\"@type\":\"WebPage\",\"@id\":\"https:\\\/\\\/ru.law\\\/bundesgerichtshof-verhandelt-weitere-verfahren-im-diesel-abgasskandal\\\/\",\"url\":\"https:\\\/\\\/ru.law\\\/bundesgerichtshof-verhandelt-weitere-verfahren-im-diesel-abgasskandal\\\/\",\"name\":\"BGH verhandelt vier neue Verfahren im Diesel-Abgasskandal - R&amp;U\",\"isPartOf\":{\"@id\":\"https:\\\/\\\/ru.law\\\/#website\"},\"primaryImageOfPage\":{\"@id\":\"https:\\\/\\\/ru.law\\\/bundesgerichtshof-verhandelt-weitere-verfahren-im-diesel-abgasskandal\\\/#primaryimage\"},\"image\":{\"@id\":\"https:\\\/\\\/ru.law\\\/bundesgerichtshof-verhandelt-weitere-verfahren-im-diesel-abgasskandal\\\/#primaryimage\"},\"thumbnailUrl\":\"https:\\\/\\\/ru.law\\\/wp-content\\\/uploads\\\/2020\\\/07\\\/abgasskandal-vw-diesel-fahrzeug-3.jpg\",\"datePublished\":\"2020-07-06T08:35:59+00:00\",\"dateModified\":\"2024-07-08T11:13:04+00:00\",\"description\":\"Vier weitere Verfahren im Diesel-Abgasskandal: BGH entscheidet \u00fcber deliktische Zinsen, Nutzungsentsch\u00e4digung und Verj\u00e4hrung.\",\"breadcrumb\":{\"@id\":\"https:\\\/\\\/ru.law\\\/bundesgerichtshof-verhandelt-weitere-verfahren-im-diesel-abgasskandal\\\/#breadcrumb\"},\"inLanguage\":\"en-GB\",\"potentialAction\":[{\"@type\":\"ReadAction\",\"target\":[\"https:\\\/\\\/ru.law\\\/bundesgerichtshof-verhandelt-weitere-verfahren-im-diesel-abgasskandal\\\/\"]}]},{\"@type\":\"ImageObject\",\"inLanguage\":\"en-GB\",\"@id\":\"https:\\\/\\\/ru.law\\\/bundesgerichtshof-verhandelt-weitere-verfahren-im-diesel-abgasskandal\\\/#primaryimage\",\"url\":\"https:\\\/\\\/ru.law\\\/wp-content\\\/uploads\\\/2020\\\/07\\\/abgasskandal-vw-diesel-fahrzeug-3.jpg\",\"contentUrl\":\"https:\\\/\\\/ru.law\\\/wp-content\\\/uploads\\\/2020\\\/07\\\/abgasskandal-vw-diesel-fahrzeug-3.jpg\",\"width\":1200,\"height\":675,\"caption\":\"Abgasskandal VW Diesel-Fahrzeug\"},{\"@type\":\"BreadcrumbList\",\"@id\":\"https:\\\/\\\/ru.law\\\/bundesgerichtshof-verhandelt-weitere-verfahren-im-diesel-abgasskandal\\\/#breadcrumb\",\"itemListElement\":[{\"@type\":\"ListItem\",\"position\":1,\"name\":\"Startseite\",\"item\":\"https:\\\/\\\/ru.law\\\/\"},{\"@type\":\"ListItem\",\"position\":2,\"name\":\"Bundesgerichtshof verhandelt vier weitere Verfahren im Diesel-Abgasskandal\"}]},{\"@type\":\"WebSite\",\"@id\":\"https:\\\/\\\/ru.law\\\/#website\",\"url\":\"https:\\\/\\\/ru.law\\\/\",\"name\":\"R&U\",\"description\":\"Verbraucheranw\u00e4lte\",\"publisher\":{\"@id\":\"https:\\\/\\\/ru.law\\\/#organization\"},\"alternateName\":\"Rogert & Ulbrich\",\"potentialAction\":[{\"@type\":\"SearchAction\",\"target\":{\"@type\":\"EntryPoint\",\"urlTemplate\":\"https:\\\/\\\/ru.law\\\/?s={search_term_string}\"},\"query-input\":{\"@type\":\"PropertyValueSpecification\",\"valueRequired\":true,\"valueName\":\"search_term_string\"}}],\"inLanguage\":\"en-GB\"},{\"@type\":\"Organization\",\"@id\":\"https:\\\/\\\/ru.law\\\/#organization\",\"name\":\"Kanzlei Rogert & Ulbrich\",\"url\":\"https:\\\/\\\/ru.law\\\/\",\"logo\":{\"@type\":\"ImageObject\",\"inLanguage\":\"en-GB\",\"@id\":\"https:\\\/\\\/ru.law\\\/#\\\/schema\\\/logo\\\/image\\\/\",\"url\":\"https:\\\/\\\/ru.law\\\/wp-content\\\/uploads\\\/2020\\\/12\\\/logo-ru-law.svg\",\"contentUrl\":\"https:\\\/\\\/ru.law\\\/wp-content\\\/uploads\\\/2020\\\/12\\\/logo-ru-law.svg\",\"width\":992,\"height\":259,\"caption\":\"Kanzlei Rogert & Ulbrich\"},\"image\":{\"@id\":\"https:\\\/\\\/ru.law\\\/#\\\/schema\\\/logo\\\/image\\\/\"},\"sameAs\":[\"https:\\\/\\\/www.facebook.com\\\/RogertUlbrich\\\/\",\"https:\\\/\\\/x.com\\\/RogertUlbrich\",\"https:\\\/\\\/www.instagram.com\\\/rogertulbrich\\\/\",\"https:\\\/\\\/www.linkedin.com\\\/company\\\/rogert-ulbrich\\\/\",\"https:\\\/\\\/www.youtube.com\\\/channel\\\/UCganCgpvwpPFqMFf1vVmG2A\"]},{\"@type\":\"Person\",\"@id\":\"https:\\\/\\\/ru.law\\\/#\\\/schema\\\/person\\\/b020d506e6bbc471b4565d3a98173b87\",\"name\":\"Marco Rogert\",\"url\":\"https:\\\/\\\/ru.law\\\/en\\\/author\\\/rogertru-law\\\/\"}]}<\/script>\n<!-- \/ Yoast SEO Premium plugin. -->","yoast_head_json":{"title":"BGH verhandelt vier neue Verfahren im Diesel-Abgasskandal - R&amp;U","description":"Vier weitere Verfahren im Diesel-Abgasskandal: BGH entscheidet \u00fcber deliktische Zinsen, Nutzungsentsch\u00e4digung und Verj\u00e4hrung.","robots":{"index":"index","follow":"follow","max-snippet":"max-snippet:-1","max-image-preview":"max-image-preview:large","max-video-preview":"max-video-preview:-1"},"canonical":"https:\/\/ru.law\/en\/bundesgerichtshof-verhandelt-weitere-verfahren-im-diesel-abgasskandal\/","og_locale":"en_GB","og_type":"article","og_title":"Bundesgerichtshof verhandelt vier weitere Verfahren im Diesel-Abgasskandal","og_description":"Vier weitere Verfahren im Diesel-Abgasskandal: BGH entscheidet \u00fcber deliktische Zinsen, Nutzungsentsch\u00e4digung und Verj\u00e4hrung.","og_url":"https:\/\/ru.law\/en\/bundesgerichtshof-verhandelt-weitere-verfahren-im-diesel-abgasskandal\/","og_site_name":"R&amp;U","article_publisher":"https:\/\/www.facebook.com\/RogertUlbrich\/","article_published_time":"2020-07-06T08:35:59+00:00","article_modified_time":"2024-07-08T11:13:04+00:00","og_image":[{"width":1200,"height":675,"url":"https:\/\/ru.law\/wp-content\/uploads\/2020\/07\/abgasskandal-vw-diesel-fahrzeug-3.jpg","type":"image\/jpeg"}],"author":"Marco Rogert","twitter_card":"summary_large_image","twitter_creator":"@RogertUlbrich","twitter_site":"@RogertUlbrich","schema":{"@context":"https:\/\/schema.org","@graph":[{"@type":"Article","@id":"https:\/\/ru.law\/bundesgerichtshof-verhandelt-weitere-verfahren-im-diesel-abgasskandal\/#article","isPartOf":{"@id":"https:\/\/ru.law\/bundesgerichtshof-verhandelt-weitere-verfahren-im-diesel-abgasskandal\/"},"author":{"name":"Marco Rogert","@id":"https:\/\/ru.law\/#\/schema\/person\/b020d506e6bbc471b4565d3a98173b87"},"headline":"Bundesgerichtshof verhandelt vier weitere Verfahren im Diesel-Abgasskandal","datePublished":"2020-07-06T08:35:59+00:00","dateModified":"2024-07-08T11:13:04+00:00","mainEntityOfPage":{"@id":"https:\/\/ru.law\/bundesgerichtshof-verhandelt-weitere-verfahren-im-diesel-abgasskandal\/"},"wordCount":963,"publisher":{"@id":"https:\/\/ru.law\/#organization"},"image":{"@id":"https:\/\/ru.law\/bundesgerichtshof-verhandelt-weitere-verfahren-im-diesel-abgasskandal\/#primaryimage"},"thumbnailUrl":"https:\/\/ru.law\/wp-content\/uploads\/2020\/07\/abgasskandal-vw-diesel-fahrzeug-3.jpg","keywords":["BGH","Nutzungsentsch\u00e4digung"],"articleSection":["Abgasskandal"],"inLanguage":"en-GB"},{"@type":"WebPage","@id":"https:\/\/ru.law\/bundesgerichtshof-verhandelt-weitere-verfahren-im-diesel-abgasskandal\/","url":"https:\/\/ru.law\/bundesgerichtshof-verhandelt-weitere-verfahren-im-diesel-abgasskandal\/","name":"BGH verhandelt vier neue Verfahren im Diesel-Abgasskandal - R&amp;U","isPartOf":{"@id":"https:\/\/ru.law\/#website"},"primaryImageOfPage":{"@id":"https:\/\/ru.law\/bundesgerichtshof-verhandelt-weitere-verfahren-im-diesel-abgasskandal\/#primaryimage"},"image":{"@id":"https:\/\/ru.law\/bundesgerichtshof-verhandelt-weitere-verfahren-im-diesel-abgasskandal\/#primaryimage"},"thumbnailUrl":"https:\/\/ru.law\/wp-content\/uploads\/2020\/07\/abgasskandal-vw-diesel-fahrzeug-3.jpg","datePublished":"2020-07-06T08:35:59+00:00","dateModified":"2024-07-08T11:13:04+00:00","description":"Vier weitere Verfahren im Diesel-Abgasskandal: BGH entscheidet \u00fcber deliktische Zinsen, Nutzungsentsch\u00e4digung und Verj\u00e4hrung.","breadcrumb":{"@id":"https:\/\/ru.law\/bundesgerichtshof-verhandelt-weitere-verfahren-im-diesel-abgasskandal\/#breadcrumb"},"inLanguage":"en-GB","potentialAction":[{"@type":"ReadAction","target":["https:\/\/ru.law\/bundesgerichtshof-verhandelt-weitere-verfahren-im-diesel-abgasskandal\/"]}]},{"@type":"ImageObject","inLanguage":"en-GB","@id":"https:\/\/ru.law\/bundesgerichtshof-verhandelt-weitere-verfahren-im-diesel-abgasskandal\/#primaryimage","url":"https:\/\/ru.law\/wp-content\/uploads\/2020\/07\/abgasskandal-vw-diesel-fahrzeug-3.jpg","contentUrl":"https:\/\/ru.law\/wp-content\/uploads\/2020\/07\/abgasskandal-vw-diesel-fahrzeug-3.jpg","width":1200,"height":675,"caption":"Abgasskandal VW Diesel-Fahrzeug"},{"@type":"BreadcrumbList","@id":"https:\/\/ru.law\/bundesgerichtshof-verhandelt-weitere-verfahren-im-diesel-abgasskandal\/#breadcrumb","itemListElement":[{"@type":"ListItem","position":1,"name":"Startseite","item":"https:\/\/ru.law\/"},{"@type":"ListItem","position":2,"name":"Bundesgerichtshof verhandelt vier weitere Verfahren im Diesel-Abgasskandal"}]},{"@type":"WebSite","@id":"https:\/\/ru.law\/#website","url":"https:\/\/ru.law\/","name":"R&amp;U","description":"Consumer lawyers","publisher":{"@id":"https:\/\/ru.law\/#organization"},"alternateName":"Rogert & Ulbrich","potentialAction":[{"@type":"SearchAction","target":{"@type":"EntryPoint","urlTemplate":"https:\/\/ru.law\/?s={search_term_string}"},"query-input":{"@type":"PropertyValueSpecification","valueRequired":true,"valueName":"search_term_string"}}],"inLanguage":"en-GB"},{"@type":"Organization","@id":"https:\/\/ru.law\/#organization","name":"Rogert &amp; Ulbrich Law Firm","url":"https:\/\/ru.law\/","logo":{"@type":"ImageObject","inLanguage":"en-GB","@id":"https:\/\/ru.law\/#\/schema\/logo\/image\/","url":"https:\/\/ru.law\/wp-content\/uploads\/2020\/12\/logo-ru-law.svg","contentUrl":"https:\/\/ru.law\/wp-content\/uploads\/2020\/12\/logo-ru-law.svg","width":992,"height":259,"caption":"Kanzlei Rogert & Ulbrich"},"image":{"@id":"https:\/\/ru.law\/#\/schema\/logo\/image\/"},"sameAs":["https:\/\/www.facebook.com\/RogertUlbrich\/","https:\/\/x.com\/RogertUlbrich","https:\/\/www.instagram.com\/rogertulbrich\/","https:\/\/www.linkedin.com\/company\/rogert-ulbrich\/","https:\/\/www.youtube.com\/channel\/UCganCgpvwpPFqMFf1vVmG2A"]},{"@type":"Person","@id":"https:\/\/ru.law\/#\/schema\/person\/b020d506e6bbc471b4565d3a98173b87","name":"Marco Rogert","url":"https:\/\/ru.law\/en\/author\/rogertru-law\/"}]}},"uagb_featured_image_src":{"full":["https:\/\/ru.law\/wp-content\/uploads\/2020\/07\/abgasskandal-vw-diesel-fahrzeug-3.jpg",1200,675,false],"thumbnail":["https:\/\/ru.law\/wp-content\/uploads\/2020\/07\/abgasskandal-vw-diesel-fahrzeug-3-150x150.jpg",96,96,true],"medium":["https:\/\/ru.law\/wp-content\/uploads\/2020\/07\/abgasskandal-vw-diesel-fahrzeug-3-300x169.jpg",300,169,true],"medium_large":["https:\/\/ru.law\/wp-content\/uploads\/2020\/07\/abgasskandal-vw-diesel-fahrzeug-3-768x432.jpg",768,432,true],"large":["https:\/\/ru.law\/wp-content\/uploads\/2020\/07\/abgasskandal-vw-diesel-fahrzeug-3-1024x576.jpg",1024,576,true],"1536x1536":["https:\/\/ru.law\/wp-content\/uploads\/2020\/07\/abgasskandal-vw-diesel-fahrzeug-3.jpg",1200,675,false],"2048x2048":["https:\/\/ru.law\/wp-content\/uploads\/2020\/07\/abgasskandal-vw-diesel-fahrzeug-3.jpg",1200,675,false],"trp-custom-language-flag":["https:\/\/ru.law\/wp-content\/uploads\/2020\/07\/abgasskandal-vw-diesel-fahrzeug-3.jpg",18,10,false]},"uagb_author_info":{"display_name":"Marco Rogert","author_link":"https:\/\/ru.law\/en\/author\/rogertru-law\/"},"uagb_comment_info":0,"uagb_excerpt":"BGH entscheidet \u00fcber deliktische Zinsen, Nutzungsentsch\u00e4digung und Verj\u00e4hrung. Die Aufarbeitung des Diesel-Abgasskandals legt einen weiteren Gang zu. Nach ihrem verbraucherfreundlichen Grundsatzurteil im Mai befasst sich [&hellip;]","_links":{"self":[{"href":"https:\/\/ru.law\/en\/wp-json\/wp\/v2\/posts\/2307","targetHints":{"allow":["GET"]}}],"collection":[{"href":"https:\/\/ru.law\/en\/wp-json\/wp\/v2\/posts"}],"about":[{"href":"https:\/\/ru.law\/en\/wp-json\/wp\/v2\/types\/post"}],"author":[{"embeddable":true,"href":"https:\/\/ru.law\/en\/wp-json\/wp\/v2\/users\/21"}],"replies":[{"embeddable":true,"href":"https:\/\/ru.law\/en\/wp-json\/wp\/v2\/comments?post=2307"}],"version-history":[{"count":0,"href":"https:\/\/ru.law\/en\/wp-json\/wp\/v2\/posts\/2307\/revisions"}],"wp:featuredmedia":[{"embeddable":true,"href":"https:\/\/ru.law\/en\/wp-json\/wp\/v2\/media\/7552"}],"wp:attachment":[{"href":"https:\/\/ru.law\/en\/wp-json\/wp\/v2\/media?parent=2307"}],"wp:term":[{"taxonomy":"category","embeddable":true,"href":"https:\/\/ru.law\/en\/wp-json\/wp\/v2\/categories?post=2307"},{"taxonomy":"post_tag","embeddable":true,"href":"https:\/\/ru.law\/en\/wp-json\/wp\/v2\/tags?post=2307"}],"curies":[{"name":"wp","href":"https:\/\/api.w.org\/{rel}","templated":true}]}}