{"id":22334,"date":"2021-11-05T12:55:01","date_gmt":"2021-11-05T11:55:01","guid":{"rendered":"https:\/\/ru.law\/?p=22334"},"modified":"2024-07-08T13:12:11","modified_gmt":"2024-07-08T11:12:11","slug":"neues-gutachten-bestaerkt-vorwuerfe-gegen-daimler-ag","status":"publish","type":"post","link":"https:\/\/ru.law\/en\/neues-gutachten-bestaerkt-vorwuerfe-gegen-daimler-ag\/","title":{"rendered":"New report confirms allegations against Daimler AG"},"content":{"rendered":"<p>The renowned expert and software developer Felix Domke has prepared a Daimler report that confirms the allegations against the company. He comes to the conclusion that Daimler has eight <a href=\"https:\/\/ru.law\/en\/expertise\/abgasskandal\/mercedes-benz-diesel\/#abschalteinrichtungen\">unauthorized shutdown devices<\/a> in diesel vehicles. His findings are based on reading and analyzing the control software of a Mercedes Benz E-Class, which was <a href=\"https:\/\/ru.law\/en\/expertise\/abgasskandal\/mercedes-benz-diesel\/#motor\">diesel engine type OM642<\/a> is driven.<\/p>\n\n\n\n<p>When the diesel emissions scandal became known in autumn 2015, Felix Domke had already demonstrated how the VW Group had manipulated its engines. <\/p>\n\n\n\n<h2 class=\"wp-block-heading\">Report puts Daimler AG in trouble<\/h2>\n\n\n\n<p>Daimler AG has so far denied that illegal switch-off devices were installed in diesel models. However, the current report refutes this. During the extensive investigation, the engine control software of a<a href=\"https:\/\/ru.law\/en\/expertise\/abgasskandal\/mercedes-benz-diesel\/#modelle\"> Mercedes Benz E350 diesel vehicle<\/a> analyzed in various driving situations. 10,000 kilometers were covered and the original software was compared with the update for the named engine. <\/p>\n\n\n\n<p>Six of the eight defeat devices found affect the cleaning of exhaust gases by the SCR catalyst. The supply of urea AdBlue is significantly reduced, but this results in significantly higher NOx emissions. As soon as the average consumption of urea AdBlue is exceeded, the software switches to the &quot;dirtier mode&quot;. <\/p>\n\n\n\n<h3 class=\"wp-block-heading\">Expert opinion improves chance of compensation<\/h3>\n\n\n\n<p>So far, Daimler has hardly been ordered to pay damages for the OM642 engine, but that could change now. We therefore recommend that you&nbsp;<a href=\"https:\/\/ru.law\/en\/expertise\/abgasskandal\/mercedes-benz-diesel\/#erstberatung\">claims<\/a>&nbsp;to have it checked by us free of charge and without obligation.  <\/p>\n\n\n\n<section class=\"wp-block-uagb-columns uagb-columns__wrap uagb-columns__background-undefined uagb-columns__stack-mobile uagb-columns__valign-undefined uagb-columns__gap-10 alignundefined uagb-block-62251288 contrast blog_beitraege\"><div class=\"uagb-columns__overlay\"><\/div><div class=\"uagb-columns__inner-wrap uagb-columns__columns-1\">\n<div class=\"wp-block-uagb-column uagb-column__wrap uagb-column__background-undefined uagb-block-8a89bfd1\"><div class=\"uagb-column__overlay\"><\/div><div class=\"uagb-column__inner-wrap\">\n<h3 class=\"wp-block-heading\" id=\"h-das-konnte-sie-auch-interessieren\">You might also be interested in:<\/h3>\n\n\n\n\t\t\t<div class=\"wp-block-uagb-post-grid uagb-post-grid  uagb-post__image-position-top uagb-post__image-enabled uagb-block-d7d68329     uagb-post__items uagb-post__columns-3 is-grid uagb-post__columns-tablet-2 uagb-post__columns-mobile-1 uagb-post__equal-height\" data-total=\"9\" style=\"\">\n\n\t\t\t\t\t\t\t\t\t\t\t\t<article class=\"uagb-post__inner-wrap\">\t\t\t\t\t\t\t\t<div class='uagb-post__image'>\n\t\t\t\t\t\t\t\t\t<a href=\"https:\/\/ru.law\/en\/musterfeststellungsklage-gegen-die-daimler-ag\/\" target=\"_self\" rel=\"bookmark noopener noreferrer\" class='uagb-image-ratio-inherit'><img loading=\"lazy\" decoding=\"async\" width=\"1024\" height=\"576\" src=\"https:\/\/ru.law\/wp-content\/uploads\/2021\/07\/Rogert-Ulbrich-Rechtsanwalts-Kanzlei-Mercedes-Benz-Musterfestellungsklage72-1024x576.jpg\" class=\"attachment-large size-large\" alt=\"\" srcset=\"https:\/\/ru.law\/wp-content\/uploads\/2021\/07\/Rogert-Ulbrich-Rechtsanwalts-Kanzlei-Mercedes-Benz-Musterfestellungsklage72-1024x576.jpg 1024w, https:\/\/ru.law\/wp-content\/uploads\/2021\/07\/Rogert-Ulbrich-Rechtsanwalts-Kanzlei-Mercedes-Benz-Musterfestellungsklage72-300x169.jpg 300w, https:\/\/ru.law\/wp-content\/uploads\/2021\/07\/Rogert-Ulbrich-Rechtsanwalts-Kanzlei-Mercedes-Benz-Musterfestellungsklage72-768x432.jpg 768w, https:\/\/ru.law\/wp-content\/uploads\/2021\/07\/Rogert-Ulbrich-Rechtsanwalts-Kanzlei-Mercedes-Benz-Musterfestellungsklage72.jpg 1200w\" sizes=\"auto, (max-width: 1024px) 100vw, 1024px\" \/>\t\t\t\t\t<\/a>\n\t\t\t\t\t\t\t<\/div>\n\t\t\t\t\t\t<h4 class=\"uagb-post__title uagb-post__text\">\n\t\t\t\t<a href=\"https:\/\/ru.law\/en\/musterfeststellungsklage-gegen-die-daimler-ag\/\" target=\"_self\" rel=\"bookmark noopener noreferrer\">vzbv files another model declaratory action \u2013 Volkswagen is followed by Daimler AG<\/a>\n\t\t\t<\/h4>\n\t\t\t\t\t\t<div class='uagb-post__text uagb-post-grid-byline'>\n\t\t\t\t\t\t\t<\/div>\n\t\t\t\t\t\t\t<div class='uagb-post__text uagb-post__excerpt'>\n\t\t\t\t\t<p>Bad news for the car manufacturers from Stuttgart. The Federal Association of Consumer Organizations (vzbv) is being\u2026\t\t\t\t<\/div>\n\t\t\t\n\t\t\t\t\t\t\t\t\t<\/article>\n\t\t\t\t\t\t\t\t\t\t\t\t\t\t\t\t<article class=\"uagb-post__inner-wrap\">\t\t\t\t\t\t\t\t<div class='uagb-post__image'>\n\t\t\t\t\t\t\t\t\t<a href=\"https:\/\/ru.law\/en\/verjaehrung-bei-mercedes-benz-zum-ende-des-jahres-2021\/\" target=\"_self\" rel=\"bookmark noopener noreferrer\" class='uagb-image-ratio-inherit'><img loading=\"lazy\" decoding=\"async\" width=\"1024\" height=\"576\" src=\"https:\/\/ru.law\/wp-content\/uploads\/2021\/10\/Rogert-Ulbrich-Rechtsanwaelte-Kanzlei-Mercedes-Vito-GLC-Marco-Polo-Euro6-1024x576.jpg\" class=\"attachment-large size-large\" alt=\"Rogert-Ulbrich-Rechtsanwaelte-Kanzlei-Mercedes-Vito-GLC-Marco-Polo-Euro6.jp\" srcset=\"https:\/\/ru.law\/wp-content\/uploads\/2021\/10\/Rogert-Ulbrich-Rechtsanwaelte-Kanzlei-Mercedes-Vito-GLC-Marco-Polo-Euro6-1024x576.jpg 1024w, https:\/\/ru.law\/wp-content\/uploads\/2021\/10\/Rogert-Ulbrich-Rechtsanwaelte-Kanzlei-Mercedes-Vito-GLC-Marco-Polo-Euro6-300x169.jpg 300w, https:\/\/ru.law\/wp-content\/uploads\/2021\/10\/Rogert-Ulbrich-Rechtsanwaelte-Kanzlei-Mercedes-Vito-GLC-Marco-Polo-Euro6-768x432.jpg 768w, https:\/\/ru.law\/wp-content\/uploads\/2021\/10\/Rogert-Ulbrich-Rechtsanwaelte-Kanzlei-Mercedes-Vito-GLC-Marco-Polo-Euro6.jpg 1200w\" sizes=\"auto, (max-width: 1024px) 100vw, 1024px\" \/>\t\t\t\t\t<\/a>\n\t\t\t\t\t\t\t<\/div>\n\t\t\t\t\t\t<h4 class=\"uagb-post__title uagb-post__text\">\n\t\t\t\t<a href=\"https:\/\/ru.law\/en\/verjaehrung-bei-mercedes-benz-zum-ende-des-jahres-2021\/\" target=\"_self\" rel=\"bookmark noopener noreferrer\">Limitation period at Mercedes-Benz at the end of 2021<\/a>\n\t\t\t<\/h4>\n\t\t\t\t\t\t<div class='uagb-post__text uagb-post-grid-byline'>\n\t\t\t\t\t\t\t<\/div>\n\t\t\t\t\t\t\t<div class='uagb-post__text uagb-post__excerpt'>\n\t\t\t\t\t<p>Do you drive a Mercedes-Benz GLC, V-Class, Vito or Marco Polo? Then you should note that...\t\t\t\t<\/div>\n\t\t\t\n\t\t\t\t\t\t\t\t\t<\/article>\n\t\t\t\t\t\t\t\t\t\t\t\t\t\t\t\t<article class=\"uagb-post__inner-wrap\">\t\t\t\t\t\t\t\t<div class='uagb-post__image'>\n\t\t\t\t\t\t\t\t\t<a href=\"https:\/\/ru.law\/en\/urteil-gegen-daimler-ag-vorsaetzlich-sittenwidrige-schaedigung\/\" target=\"_self\" rel=\"bookmark noopener noreferrer\" class='uagb-image-ratio-inherit'><img loading=\"lazy\" decoding=\"async\" width=\"1024\" height=\"576\" src=\"https:\/\/ru.law\/wp-content\/uploads\/2022\/02\/Rogert-Ulbrich-Rechtsanwaelte-Kanzlei-Abgasskandal-Urteile-Daimler-Mercedes-Benz-1024x576.png\" class=\"attachment-large size-large\" alt=\"\" srcset=\"https:\/\/ru.law\/wp-content\/uploads\/2022\/02\/Rogert-Ulbrich-Rechtsanwaelte-Kanzlei-Abgasskandal-Urteile-Daimler-Mercedes-Benz-1024x576.png 1024w, https:\/\/ru.law\/wp-content\/uploads\/2022\/02\/Rogert-Ulbrich-Rechtsanwaelte-Kanzlei-Abgasskandal-Urteile-Daimler-Mercedes-Benz-300x169.png 300w, https:\/\/ru.law\/wp-content\/uploads\/2022\/02\/Rogert-Ulbrich-Rechtsanwaelte-Kanzlei-Abgasskandal-Urteile-Daimler-Mercedes-Benz-768x432.png 768w, https:\/\/ru.law\/wp-content\/uploads\/2022\/02\/Rogert-Ulbrich-Rechtsanwaelte-Kanzlei-Abgasskandal-Urteile-Daimler-Mercedes-Benz.png 1200w\" sizes=\"auto, (max-width: 1024px) 100vw, 1024px\" \/>\t\t\t\t\t<\/a>\n\t\t\t\t\t\t\t<\/div>\n\t\t\t\t\t\t<h4 class=\"uagb-post__title uagb-post__text\">\n\t\t\t\t<a href=\"https:\/\/ru.law\/en\/urteil-gegen-daimler-ag-vorsaetzlich-sittenwidrige-schaedigung\/\" target=\"_self\" rel=\"bookmark noopener noreferrer\">Judgment against Daimler AG \u2013 intentional immoral damage<\/a>\n\t\t\t<\/h4>\n\t\t\t\t\t\t<div class='uagb-post__text uagb-post-grid-byline'>\n\t\t\t\t\t\t\t<\/div>\n\t\t\t\t\t\t\t<div class='uagb-post__text uagb-post__excerpt'>\n\t\t\t\t\t<p>In its judgment of January 28, 2022, the Stuttgart Regional Court (LG) sentenced Daimler AG to\u2026\t\t\t\t<\/div>\n\t\t\t\n\t\t\t\t\t\t\t\t\t<\/article>\n\t\t\t\t\t\t\t\t\t\t\t<\/div>\n\t\t\t<\/div><\/div>\n<\/div><\/section>","protected":false},"excerpt":{"rendered":"<p>Der renommierte Gutachter und Software-Entwickler Felix Domke hat ein Daimler-Gutachten erstellt, dass die Vorw\u00fcrfe gegen den Konzern best\u00e4rkt. Er kommt zu dem Ergebnis, dass Daimler [&hellip;]<\/p>\n","protected":false},"author":21,"featured_media":22338,"comment_status":"closed","ping_status":"open","sticky":false,"template":"","format":"standard","meta":{"_uag_custom_page_level_css":"","site-sidebar-layout":"default","site-content-layout":"","ast-site-content-layout":"default","site-content-style":"default","site-sidebar-style":"default","ast-global-header-display":"","ast-banner-title-visibility":"","ast-main-header-display":"","ast-hfb-above-header-display":"","ast-hfb-below-header-display":"","ast-hfb-mobile-header-display":"","site-post-title":"","ast-breadcrumbs-content":"","ast-featured-img":"","footer-sml-layout":"","ast-disable-related-posts":"","theme-transparent-header-meta":"","adv-header-id-meta":"","stick-header-meta":"","header-above-stick-meta":"","header-main-stick-meta":"","header-below-stick-meta":"","astra-migrate-meta-layouts":"default","ast-page-background-enabled":"default","ast-page-background-meta":{"desktop":{"background-color":"","background-image":"","background-repeat":"repeat","background-position":"center center","background-size":"auto","background-attachment":"scroll","background-type":"","background-media":"","overlay-type":"","overlay-color":"","overlay-opacity":"","overlay-gradient":""},"tablet":{"background-color":"","background-image":"","background-repeat":"repeat","background-position":"center center","background-size":"auto","background-attachment":"scroll","background-type":"","background-media":"","overlay-type":"","overlay-color":"","overlay-opacity":"","overlay-gradient":""},"mobile":{"background-color":"","background-image":"","background-repeat":"repeat","background-position":"center center","background-size":"auto","background-attachment":"scroll","background-type":"","background-media":"","overlay-type":"","overlay-color":"","overlay-opacity":"","overlay-gradient":""}},"ast-content-background-meta":{"desktop":{"background-color":"var(--ast-global-color-5)","background-image":"","background-repeat":"repeat","background-position":"center center","background-size":"auto","background-attachment":"scroll","background-type":"","background-media":"","overlay-type":"","overlay-color":"","overlay-opacity":"","overlay-gradient":""},"tablet":{"background-color":"var(--ast-global-color-5)","background-image":"","background-repeat":"repeat","background-position":"center center","background-size":"auto","background-attachment":"scroll","background-type":"","background-media":"","overlay-type":"","overlay-color":"","overlay-opacity":"","overlay-gradient":""},"mobile":{"background-color":"var(--ast-global-color-5)","background-image":"","background-repeat":"repeat","background-position":"center center","background-size":"auto","background-attachment":"scroll","background-type":"","background-media":"","overlay-type":"","overlay-color":"","overlay-opacity":"","overlay-gradient":""}},"footnotes":""},"categories":[2],"tags":[895,18,876],"class_list":["post-22334","post","type-post","status-publish","format-standard","has-post-thumbnail","hentry","category-abgasskandal","tag-abschalteinrichtung","tag-daimler","tag-mercedes-benz"],"yoast_head":"<!-- This site is optimized with the Yoast SEO Premium plugin v27.4 (Yoast SEO v27.4) - https:\/\/yoast.com\/product\/yoast-seo-premium-wordpress\/ -->\n<title>Neues Gutachten best\u00e4rkt Vorw\u00fcrfe gegen Daimler AG - R&amp;U<\/title>\n<meta name=\"description\" content=\"Software-Entwickler Felix Domke hat ein neues Gutachten erstellt, dass die Vorw\u00fcrfe gegen Daimler best\u00e4rkt.\" \/>\n<meta name=\"robots\" content=\"index, follow, max-snippet:-1, max-image-preview:large, max-video-preview:-1\" \/>\n<link rel=\"canonical\" href=\"https:\/\/ru.law\/en\/neues-gutachten-bestaerkt-vorwuerfe-gegen-daimler-ag\/\" \/>\n<meta property=\"og:locale\" content=\"en_GB\" \/>\n<meta property=\"og:type\" content=\"article\" \/>\n<meta property=\"og:title\" content=\"Neues Gutachten best\u00e4rkt Vorw\u00fcrfe gegen Daimler AG\" \/>\n<meta property=\"og:description\" content=\"Software-Entwickler Felix Domke hat ein neues Gutachten erstellt, dass die Vorw\u00fcrfe gegen Daimler best\u00e4rkt.\" \/>\n<meta property=\"og:url\" content=\"https:\/\/ru.law\/en\/neues-gutachten-bestaerkt-vorwuerfe-gegen-daimler-ag\/\" \/>\n<meta property=\"og:site_name\" content=\"R&amp;U\" \/>\n<meta property=\"article:publisher\" content=\"https:\/\/www.facebook.com\/RogertUlbrich\/\" \/>\n<meta property=\"article:published_time\" content=\"2021-11-05T11:55:01+00:00\" \/>\n<meta property=\"article:modified_time\" content=\"2024-07-08T11:12:11+00:00\" \/>\n<meta property=\"og:image\" content=\"https:\/\/ru.law\/wp-content\/uploads\/2021\/11\/Rogert-Ulbrich-Rechtsanwaelte-Kanzlei-Daimler-Mercedes-Benz-Gutachten-Abgasskandal.jpg\" \/>\n\t<meta property=\"og:image:width\" content=\"1200\" \/>\n\t<meta property=\"og:image:height\" content=\"675\" \/>\n\t<meta property=\"og:image:type\" content=\"image\/jpeg\" \/>\n<meta name=\"author\" content=\"Marco Rogert\" \/>\n<meta name=\"twitter:card\" content=\"summary_large_image\" \/>\n<meta name=\"twitter:creator\" content=\"@RogertUlbrich\" \/>\n<meta name=\"twitter:site\" content=\"@RogertUlbrich\" \/>\n<script type=\"application\/ld+json\" class=\"yoast-schema-graph\">{\"@context\":\"https:\\\/\\\/schema.org\",\"@graph\":[{\"@type\":\"Article\",\"@id\":\"https:\\\/\\\/ru.law\\\/neues-gutachten-bestaerkt-vorwuerfe-gegen-daimler-ag\\\/#article\",\"isPartOf\":{\"@id\":\"https:\\\/\\\/ru.law\\\/neues-gutachten-bestaerkt-vorwuerfe-gegen-daimler-ag\\\/\"},\"author\":{\"name\":\"Marco Rogert\",\"@id\":\"https:\\\/\\\/ru.law\\\/#\\\/schema\\\/person\\\/b020d506e6bbc471b4565d3a98173b87\"},\"headline\":\"Neues Gutachten best\u00e4rkt Vorw\u00fcrfe gegen Daimler AG\",\"datePublished\":\"2021-11-05T11:55:01+00:00\",\"dateModified\":\"2024-07-08T11:12:11+00:00\",\"mainEntityOfPage\":{\"@id\":\"https:\\\/\\\/ru.law\\\/neues-gutachten-bestaerkt-vorwuerfe-gegen-daimler-ag\\\/\"},\"wordCount\":248,\"publisher\":{\"@id\":\"https:\\\/\\\/ru.law\\\/#organization\"},\"image\":{\"@id\":\"https:\\\/\\\/ru.law\\\/neues-gutachten-bestaerkt-vorwuerfe-gegen-daimler-ag\\\/#primaryimage\"},\"thumbnailUrl\":\"https:\\\/\\\/ru.law\\\/wp-content\\\/uploads\\\/2021\\\/11\\\/Rogert-Ulbrich-Rechtsanwaelte-Kanzlei-Daimler-Mercedes-Benz-Gutachten-Abgasskandal.jpg\",\"keywords\":[\"Abschalteinrichtung\",\"Daimler\",\"Mercedes-Benz\"],\"articleSection\":[\"Abgasskandal\"],\"inLanguage\":\"en-GB\"},{\"@type\":\"WebPage\",\"@id\":\"https:\\\/\\\/ru.law\\\/neues-gutachten-bestaerkt-vorwuerfe-gegen-daimler-ag\\\/\",\"url\":\"https:\\\/\\\/ru.law\\\/neues-gutachten-bestaerkt-vorwuerfe-gegen-daimler-ag\\\/\",\"name\":\"Neues Gutachten best\u00e4rkt Vorw\u00fcrfe gegen Daimler AG - R&amp;U\",\"isPartOf\":{\"@id\":\"https:\\\/\\\/ru.law\\\/#website\"},\"primaryImageOfPage\":{\"@id\":\"https:\\\/\\\/ru.law\\\/neues-gutachten-bestaerkt-vorwuerfe-gegen-daimler-ag\\\/#primaryimage\"},\"image\":{\"@id\":\"https:\\\/\\\/ru.law\\\/neues-gutachten-bestaerkt-vorwuerfe-gegen-daimler-ag\\\/#primaryimage\"},\"thumbnailUrl\":\"https:\\\/\\\/ru.law\\\/wp-content\\\/uploads\\\/2021\\\/11\\\/Rogert-Ulbrich-Rechtsanwaelte-Kanzlei-Daimler-Mercedes-Benz-Gutachten-Abgasskandal.jpg\",\"datePublished\":\"2021-11-05T11:55:01+00:00\",\"dateModified\":\"2024-07-08T11:12:11+00:00\",\"description\":\"Software-Entwickler Felix Domke hat ein neues Gutachten erstellt, dass die Vorw\u00fcrfe gegen Daimler best\u00e4rkt.\",\"breadcrumb\":{\"@id\":\"https:\\\/\\\/ru.law\\\/neues-gutachten-bestaerkt-vorwuerfe-gegen-daimler-ag\\\/#breadcrumb\"},\"inLanguage\":\"en-GB\",\"potentialAction\":[{\"@type\":\"ReadAction\",\"target\":[\"https:\\\/\\\/ru.law\\\/neues-gutachten-bestaerkt-vorwuerfe-gegen-daimler-ag\\\/\"]}]},{\"@type\":\"ImageObject\",\"inLanguage\":\"en-GB\",\"@id\":\"https:\\\/\\\/ru.law\\\/neues-gutachten-bestaerkt-vorwuerfe-gegen-daimler-ag\\\/#primaryimage\",\"url\":\"https:\\\/\\\/ru.law\\\/wp-content\\\/uploads\\\/2021\\\/11\\\/Rogert-Ulbrich-Rechtsanwaelte-Kanzlei-Daimler-Mercedes-Benz-Gutachten-Abgasskandal.jpg\",\"contentUrl\":\"https:\\\/\\\/ru.law\\\/wp-content\\\/uploads\\\/2021\\\/11\\\/Rogert-Ulbrich-Rechtsanwaelte-Kanzlei-Daimler-Mercedes-Benz-Gutachten-Abgasskandal.jpg\",\"width\":1200,\"height\":675,\"caption\":\"Rogert-Ulbrich-Rechtsanwaelte-Kanzlei-Daimler-Mercedes-Benz-Gutachten-Abgasskandal\"},{\"@type\":\"BreadcrumbList\",\"@id\":\"https:\\\/\\\/ru.law\\\/neues-gutachten-bestaerkt-vorwuerfe-gegen-daimler-ag\\\/#breadcrumb\",\"itemListElement\":[{\"@type\":\"ListItem\",\"position\":1,\"name\":\"Startseite\",\"item\":\"https:\\\/\\\/ru.law\\\/\"},{\"@type\":\"ListItem\",\"position\":2,\"name\":\"Neues Gutachten best\u00e4rkt Vorw\u00fcrfe gegen Daimler AG\"}]},{\"@type\":\"WebSite\",\"@id\":\"https:\\\/\\\/ru.law\\\/#website\",\"url\":\"https:\\\/\\\/ru.law\\\/\",\"name\":\"R&U\",\"description\":\"Verbraucheranw\u00e4lte\",\"publisher\":{\"@id\":\"https:\\\/\\\/ru.law\\\/#organization\"},\"alternateName\":\"Rogert & Ulbrich\",\"potentialAction\":[{\"@type\":\"SearchAction\",\"target\":{\"@type\":\"EntryPoint\",\"urlTemplate\":\"https:\\\/\\\/ru.law\\\/?s={search_term_string}\"},\"query-input\":{\"@type\":\"PropertyValueSpecification\",\"valueRequired\":true,\"valueName\":\"search_term_string\"}}],\"inLanguage\":\"en-GB\"},{\"@type\":\"Organization\",\"@id\":\"https:\\\/\\\/ru.law\\\/#organization\",\"name\":\"Kanzlei Rogert & Ulbrich\",\"url\":\"https:\\\/\\\/ru.law\\\/\",\"logo\":{\"@type\":\"ImageObject\",\"inLanguage\":\"en-GB\",\"@id\":\"https:\\\/\\\/ru.law\\\/#\\\/schema\\\/logo\\\/image\\\/\",\"url\":\"https:\\\/\\\/ru.law\\\/wp-content\\\/uploads\\\/2020\\\/12\\\/logo-ru-law.svg\",\"contentUrl\":\"https:\\\/\\\/ru.law\\\/wp-content\\\/uploads\\\/2020\\\/12\\\/logo-ru-law.svg\",\"width\":992,\"height\":259,\"caption\":\"Kanzlei Rogert & Ulbrich\"},\"image\":{\"@id\":\"https:\\\/\\\/ru.law\\\/#\\\/schema\\\/logo\\\/image\\\/\"},\"sameAs\":[\"https:\\\/\\\/www.facebook.com\\\/RogertUlbrich\\\/\",\"https:\\\/\\\/x.com\\\/RogertUlbrich\",\"https:\\\/\\\/www.instagram.com\\\/rogertulbrich\\\/\",\"https:\\\/\\\/www.linkedin.com\\\/company\\\/rogert-ulbrich\\\/\",\"https:\\\/\\\/www.youtube.com\\\/channel\\\/UCganCgpvwpPFqMFf1vVmG2A\"]},{\"@type\":\"Person\",\"@id\":\"https:\\\/\\\/ru.law\\\/#\\\/schema\\\/person\\\/b020d506e6bbc471b4565d3a98173b87\",\"name\":\"Marco Rogert\",\"url\":\"https:\\\/\\\/ru.law\\\/en\\\/author\\\/rogertru-law\\\/\"}]}<\/script>\n<!-- \/ Yoast SEO Premium plugin. -->","yoast_head_json":{"title":"Neues Gutachten best\u00e4rkt Vorw\u00fcrfe gegen Daimler AG - R&amp;U","description":"Software-Entwickler Felix Domke hat ein neues Gutachten erstellt, dass die Vorw\u00fcrfe gegen Daimler best\u00e4rkt.","robots":{"index":"index","follow":"follow","max-snippet":"max-snippet:-1","max-image-preview":"max-image-preview:large","max-video-preview":"max-video-preview:-1"},"canonical":"https:\/\/ru.law\/en\/neues-gutachten-bestaerkt-vorwuerfe-gegen-daimler-ag\/","og_locale":"en_GB","og_type":"article","og_title":"Neues Gutachten best\u00e4rkt Vorw\u00fcrfe gegen Daimler AG","og_description":"Software-Entwickler Felix Domke hat ein neues Gutachten erstellt, dass die Vorw\u00fcrfe gegen Daimler best\u00e4rkt.","og_url":"https:\/\/ru.law\/en\/neues-gutachten-bestaerkt-vorwuerfe-gegen-daimler-ag\/","og_site_name":"R&amp;U","article_publisher":"https:\/\/www.facebook.com\/RogertUlbrich\/","article_published_time":"2021-11-05T11:55:01+00:00","article_modified_time":"2024-07-08T11:12:11+00:00","og_image":[{"width":1200,"height":675,"url":"https:\/\/ru.law\/wp-content\/uploads\/2021\/11\/Rogert-Ulbrich-Rechtsanwaelte-Kanzlei-Daimler-Mercedes-Benz-Gutachten-Abgasskandal.jpg","type":"image\/jpeg"}],"author":"Marco Rogert","twitter_card":"summary_large_image","twitter_creator":"@RogertUlbrich","twitter_site":"@RogertUlbrich","schema":{"@context":"https:\/\/schema.org","@graph":[{"@type":"Article","@id":"https:\/\/ru.law\/neues-gutachten-bestaerkt-vorwuerfe-gegen-daimler-ag\/#article","isPartOf":{"@id":"https:\/\/ru.law\/neues-gutachten-bestaerkt-vorwuerfe-gegen-daimler-ag\/"},"author":{"name":"Marco Rogert","@id":"https:\/\/ru.law\/#\/schema\/person\/b020d506e6bbc471b4565d3a98173b87"},"headline":"Neues Gutachten best\u00e4rkt Vorw\u00fcrfe gegen Daimler AG","datePublished":"2021-11-05T11:55:01+00:00","dateModified":"2024-07-08T11:12:11+00:00","mainEntityOfPage":{"@id":"https:\/\/ru.law\/neues-gutachten-bestaerkt-vorwuerfe-gegen-daimler-ag\/"},"wordCount":248,"publisher":{"@id":"https:\/\/ru.law\/#organization"},"image":{"@id":"https:\/\/ru.law\/neues-gutachten-bestaerkt-vorwuerfe-gegen-daimler-ag\/#primaryimage"},"thumbnailUrl":"https:\/\/ru.law\/wp-content\/uploads\/2021\/11\/Rogert-Ulbrich-Rechtsanwaelte-Kanzlei-Daimler-Mercedes-Benz-Gutachten-Abgasskandal.jpg","keywords":["Abschalteinrichtung","Daimler","Mercedes-Benz"],"articleSection":["Abgasskandal"],"inLanguage":"en-GB"},{"@type":"WebPage","@id":"https:\/\/ru.law\/neues-gutachten-bestaerkt-vorwuerfe-gegen-daimler-ag\/","url":"https:\/\/ru.law\/neues-gutachten-bestaerkt-vorwuerfe-gegen-daimler-ag\/","name":"Neues Gutachten best\u00e4rkt Vorw\u00fcrfe gegen Daimler AG - R&amp;U","isPartOf":{"@id":"https:\/\/ru.law\/#website"},"primaryImageOfPage":{"@id":"https:\/\/ru.law\/neues-gutachten-bestaerkt-vorwuerfe-gegen-daimler-ag\/#primaryimage"},"image":{"@id":"https:\/\/ru.law\/neues-gutachten-bestaerkt-vorwuerfe-gegen-daimler-ag\/#primaryimage"},"thumbnailUrl":"https:\/\/ru.law\/wp-content\/uploads\/2021\/11\/Rogert-Ulbrich-Rechtsanwaelte-Kanzlei-Daimler-Mercedes-Benz-Gutachten-Abgasskandal.jpg","datePublished":"2021-11-05T11:55:01+00:00","dateModified":"2024-07-08T11:12:11+00:00","description":"Software-Entwickler Felix Domke hat ein neues Gutachten erstellt, dass die Vorw\u00fcrfe gegen Daimler best\u00e4rkt.","breadcrumb":{"@id":"https:\/\/ru.law\/neues-gutachten-bestaerkt-vorwuerfe-gegen-daimler-ag\/#breadcrumb"},"inLanguage":"en-GB","potentialAction":[{"@type":"ReadAction","target":["https:\/\/ru.law\/neues-gutachten-bestaerkt-vorwuerfe-gegen-daimler-ag\/"]}]},{"@type":"ImageObject","inLanguage":"en-GB","@id":"https:\/\/ru.law\/neues-gutachten-bestaerkt-vorwuerfe-gegen-daimler-ag\/#primaryimage","url":"https:\/\/ru.law\/wp-content\/uploads\/2021\/11\/Rogert-Ulbrich-Rechtsanwaelte-Kanzlei-Daimler-Mercedes-Benz-Gutachten-Abgasskandal.jpg","contentUrl":"https:\/\/ru.law\/wp-content\/uploads\/2021\/11\/Rogert-Ulbrich-Rechtsanwaelte-Kanzlei-Daimler-Mercedes-Benz-Gutachten-Abgasskandal.jpg","width":1200,"height":675,"caption":"Rogert-Ulbrich-Rechtsanwaelte-Kanzlei-Daimler-Mercedes-Benz-Gutachten-Abgasskandal"},{"@type":"BreadcrumbList","@id":"https:\/\/ru.law\/neues-gutachten-bestaerkt-vorwuerfe-gegen-daimler-ag\/#breadcrumb","itemListElement":[{"@type":"ListItem","position":1,"name":"Startseite","item":"https:\/\/ru.law\/"},{"@type":"ListItem","position":2,"name":"Neues Gutachten best\u00e4rkt Vorw\u00fcrfe gegen Daimler AG"}]},{"@type":"WebSite","@id":"https:\/\/ru.law\/#website","url":"https:\/\/ru.law\/","name":"R&amp;U","description":"Consumer lawyers","publisher":{"@id":"https:\/\/ru.law\/#organization"},"alternateName":"Rogert & Ulbrich","potentialAction":[{"@type":"SearchAction","target":{"@type":"EntryPoint","urlTemplate":"https:\/\/ru.law\/?s={search_term_string}"},"query-input":{"@type":"PropertyValueSpecification","valueRequired":true,"valueName":"search_term_string"}}],"inLanguage":"en-GB"},{"@type":"Organization","@id":"https:\/\/ru.law\/#organization","name":"Rogert &amp; Ulbrich Law Firm","url":"https:\/\/ru.law\/","logo":{"@type":"ImageObject","inLanguage":"en-GB","@id":"https:\/\/ru.law\/#\/schema\/logo\/image\/","url":"https:\/\/ru.law\/wp-content\/uploads\/2020\/12\/logo-ru-law.svg","contentUrl":"https:\/\/ru.law\/wp-content\/uploads\/2020\/12\/logo-ru-law.svg","width":992,"height":259,"caption":"Kanzlei Rogert & Ulbrich"},"image":{"@id":"https:\/\/ru.law\/#\/schema\/logo\/image\/"},"sameAs":["https:\/\/www.facebook.com\/RogertUlbrich\/","https:\/\/x.com\/RogertUlbrich","https:\/\/www.instagram.com\/rogertulbrich\/","https:\/\/www.linkedin.com\/company\/rogert-ulbrich\/","https:\/\/www.youtube.com\/channel\/UCganCgpvwpPFqMFf1vVmG2A"]},{"@type":"Person","@id":"https:\/\/ru.law\/#\/schema\/person\/b020d506e6bbc471b4565d3a98173b87","name":"Marco Rogert","url":"https:\/\/ru.law\/en\/author\/rogertru-law\/"}]}},"uagb_featured_image_src":{"full":["https:\/\/ru.law\/wp-content\/uploads\/2021\/11\/Rogert-Ulbrich-Rechtsanwaelte-Kanzlei-Daimler-Mercedes-Benz-Gutachten-Abgasskandal.jpg",1200,675,false],"thumbnail":["https:\/\/ru.law\/wp-content\/uploads\/2021\/11\/Rogert-Ulbrich-Rechtsanwaelte-Kanzlei-Daimler-Mercedes-Benz-Gutachten-Abgasskandal-150x150.jpg",96,96,true],"medium":["https:\/\/ru.law\/wp-content\/uploads\/2021\/11\/Rogert-Ulbrich-Rechtsanwaelte-Kanzlei-Daimler-Mercedes-Benz-Gutachten-Abgasskandal-300x169.jpg",300,169,true],"medium_large":["https:\/\/ru.law\/wp-content\/uploads\/2021\/11\/Rogert-Ulbrich-Rechtsanwaelte-Kanzlei-Daimler-Mercedes-Benz-Gutachten-Abgasskandal-768x432.jpg",768,432,true],"large":["https:\/\/ru.law\/wp-content\/uploads\/2021\/11\/Rogert-Ulbrich-Rechtsanwaelte-Kanzlei-Daimler-Mercedes-Benz-Gutachten-Abgasskandal-1024x576.jpg",1024,576,true],"1536x1536":["https:\/\/ru.law\/wp-content\/uploads\/2021\/11\/Rogert-Ulbrich-Rechtsanwaelte-Kanzlei-Daimler-Mercedes-Benz-Gutachten-Abgasskandal.jpg",1200,675,false],"2048x2048":["https:\/\/ru.law\/wp-content\/uploads\/2021\/11\/Rogert-Ulbrich-Rechtsanwaelte-Kanzlei-Daimler-Mercedes-Benz-Gutachten-Abgasskandal.jpg",1200,675,false],"trp-custom-language-flag":["https:\/\/ru.law\/wp-content\/uploads\/2021\/11\/Rogert-Ulbrich-Rechtsanwaelte-Kanzlei-Daimler-Mercedes-Benz-Gutachten-Abgasskandal.jpg",18,10,false]},"uagb_author_info":{"display_name":"Marco Rogert","author_link":"https:\/\/ru.law\/en\/author\/rogertru-law\/"},"uagb_comment_info":0,"uagb_excerpt":"Der renommierte Gutachter und Software-Entwickler Felix Domke hat ein Daimler-Gutachten erstellt, dass die Vorw\u00fcrfe gegen den Konzern best\u00e4rkt. Er kommt zu dem Ergebnis, dass Daimler [&hellip;]","_links":{"self":[{"href":"https:\/\/ru.law\/en\/wp-json\/wp\/v2\/posts\/22334","targetHints":{"allow":["GET"]}}],"collection":[{"href":"https:\/\/ru.law\/en\/wp-json\/wp\/v2\/posts"}],"about":[{"href":"https:\/\/ru.law\/en\/wp-json\/wp\/v2\/types\/post"}],"author":[{"embeddable":true,"href":"https:\/\/ru.law\/en\/wp-json\/wp\/v2\/users\/21"}],"replies":[{"embeddable":true,"href":"https:\/\/ru.law\/en\/wp-json\/wp\/v2\/comments?post=22334"}],"version-history":[{"count":0,"href":"https:\/\/ru.law\/en\/wp-json\/wp\/v2\/posts\/22334\/revisions"}],"wp:featuredmedia":[{"embeddable":true,"href":"https:\/\/ru.law\/en\/wp-json\/wp\/v2\/media\/22338"}],"wp:attachment":[{"href":"https:\/\/ru.law\/en\/wp-json\/wp\/v2\/media?parent=22334"}],"wp:term":[{"taxonomy":"category","embeddable":true,"href":"https:\/\/ru.law\/en\/wp-json\/wp\/v2\/categories?post=22334"},{"taxonomy":"post_tag","embeddable":true,"href":"https:\/\/ru.law\/en\/wp-json\/wp\/v2\/tags?post=22334"}],"curies":[{"name":"wp","href":"https:\/\/api.w.org\/{rel}","templated":true}]}}