{"id":21787,"date":"2021-10-07T12:31:00","date_gmt":"2021-10-07T10:31:00","guid":{"rendered":"https:\/\/ru.law\/?p=21787"},"modified":"2024-07-08T13:12:14","modified_gmt":"2024-07-08T11:12:14","slug":"erstes-rechtskraeftiges-urteil-gegen-daimler","status":"publish","type":"post","link":"https:\/\/ru.law\/en\/erstes-rechtskraeftiges-urteil-gegen-daimler\/","title":{"rendered":"Rogert &amp; Ulbrich obtains final judgment against Daimler AG"},"content":{"rendered":"<p>By withdrawing his appeal before the Higher Regional Court (OLG) in Stuttgart, a plaintiff represented by our law firm has now achieved one of the first legally binding <a href=\"https:\/\/ru.law\/en\/expertise\/abgasskandal\/mercedes-benz-diesel\/#urteile\">judgments <\/a>against Daimler AG. In the judgment of the Stuttgart Regional Court of October 17, 2019, Ref. No.: 20 O 9\/18, Daimler AG was ordered to pay damages in the amount of \u20ac 44,926.85 plus interest in return for the return of the manipulated vehicle. The subject of the dispute was a <a href=\"https:\/\/ru.law\/en\/expertise\/abgasskandal\/mercedes-benz-diesel\/#modelle\">Mercedes-Benz GLC 220d 4MATIC<\/a> with first registration in June 2016 and Euro 6 emissions standard. The plaintiff purchased the vehicle for a new price of around \u20ac 51,000. <\/p>\n\n\n\n<h2 class=\"wp-block-heading\" id=\"h-daimler-ag-immer-mehr-in-bredouille\">Daimler AG increasingly in trouble<\/h2>\n\n\n\n<p>With the legally binding judgment, we have reached another major milestone in the emissions scandal against Daimler AG. With its judgment against Daimler AG, the Stuttgart Regional Court affirmed a claim for damages under Section 823 of the German Civil Code, which was already unusual in 2019. The plaintiff suffered damage as a result of purchasing the vehicle in question. This resulted from the fact that the vehicle did not comply with the permitted limit values. Although the limit values of 80 mg\/km nitrogen oxides were complied with in the test bench, in real driving conditions they exceeded the limit by six times.<\/p>\n\n\n\n<p>Failure to comply with the prescribed limits puts the plaintiff at risk of being shut down, which is the cause of the damage. A vehicle that is not allowed to drive on public roads does not fulfil its intended purpose, according to the judges of the Stuttgart Regional Court. They have thus already <a href=\"https:\/\/ru.law\/en\/der-bundesgerichtshof-entscheidet-erstmals-gegen-die-daimler-ag\/\">decision of the Federal Court of Justice (BGH)<\/a> In May 2020, in which the Federal Court of Justice did not allow a claim for damages under Section 823 of the German Civil Code (BGB), such a claim was affirmed. <\/p>\n\n\n\n<h3 class=\"wp-block-heading\" id=\"h-vorreiter-im-diesel-abgasskandal-auch-gegen-daimler-ag\">Pioneer in the diesel emissions scandal \u2013 also against Daimler AG <\/h3>\n\n\n\n<p>We are a renowned commercial law firm with special expertise in consumer protection and a pioneer in the emissions scandal. We can also say that we are the first law firm in Germany to obtain a positive decision before the Federal Court of Justice in a Daimler case. This is not only an enormous success for us as a law firm, but above all an incredible success for every affected and injured vehicle owner. We recommend that you&nbsp;<a href=\"https:\/\/ru.law\/en\/daimler-musterfeststellungsklage\/\">claims<\/a>&nbsp;to have it checked by us free of charge and without obligation.<\/p>\n\n\n\n<section class=\"wp-block-uagb-columns uagb-columns__wrap uagb-columns__background-undefined uagb-columns__stack-mobile uagb-columns__valign-undefined uagb-columns__gap-10 alignundefined uagb-block-b255f7f7 contrast blog_beitraege\"><div class=\"uagb-columns__overlay\"><\/div><div class=\"uagb-columns__inner-wrap uagb-columns__columns-1\">\n<div class=\"wp-block-uagb-column uagb-column__wrap uagb-column__background-undefined uagb-block-f018b0dd\"><div class=\"uagb-column__overlay\"><\/div><div class=\"uagb-column__inner-wrap\">\n<h3 class=\"wp-block-heading\" id=\"h-das-konnte-sie-auch-interessieren\">You might also be interested in:<\/h3>\n\n\n\n\t\t\t<div class=\"wp-block-uagb-post-grid uagb-post-grid  uagb-post__image-position-top uagb-post__image-enabled uagb-block-a2fed3ba     uagb-post__items uagb-post__columns-3 is-grid uagb-post__columns-tablet-2 uagb-post__columns-mobile-1 uagb-post__equal-height\" data-total=\"9\" style=\"\">\n\n\t\t\t\t\t\t\t\t\t\t\t\t<article class=\"uagb-post__inner-wrap\">\t\t\t\t\t\t\t\t<div class='uagb-post__image'>\n\t\t\t\t\t\t\t\t\t<a href=\"https:\/\/ru.law\/en\/musterfeststellungsklage-gegen-die-daimler-ag\/\" target=\"_self\" rel=\"bookmark noopener noreferrer\" class='uagb-image-ratio-inherit'><img loading=\"lazy\" decoding=\"async\" width=\"1024\" height=\"576\" src=\"https:\/\/ru.law\/wp-content\/uploads\/2021\/07\/Rogert-Ulbrich-Rechtsanwalts-Kanzlei-Mercedes-Benz-Musterfestellungsklage72-1024x576.jpg\" class=\"attachment-large size-large\" alt=\"\" srcset=\"https:\/\/ru.law\/wp-content\/uploads\/2021\/07\/Rogert-Ulbrich-Rechtsanwalts-Kanzlei-Mercedes-Benz-Musterfestellungsklage72-1024x576.jpg 1024w, https:\/\/ru.law\/wp-content\/uploads\/2021\/07\/Rogert-Ulbrich-Rechtsanwalts-Kanzlei-Mercedes-Benz-Musterfestellungsklage72-300x169.jpg 300w, https:\/\/ru.law\/wp-content\/uploads\/2021\/07\/Rogert-Ulbrich-Rechtsanwalts-Kanzlei-Mercedes-Benz-Musterfestellungsklage72-768x432.jpg 768w, https:\/\/ru.law\/wp-content\/uploads\/2021\/07\/Rogert-Ulbrich-Rechtsanwalts-Kanzlei-Mercedes-Benz-Musterfestellungsklage72.jpg 1200w\" sizes=\"auto, (max-width: 1024px) 100vw, 1024px\" \/>\t\t\t\t\t<\/a>\n\t\t\t\t\t\t\t<\/div>\n\t\t\t\t\t\t<h4 class=\"uagb-post__title uagb-post__text\">\n\t\t\t\t<a href=\"https:\/\/ru.law\/en\/musterfeststellungsklage-gegen-die-daimler-ag\/\" target=\"_self\" rel=\"bookmark noopener noreferrer\">vzbv files another model declaratory action \u2013 Volkswagen is followed by Daimler AG<\/a>\n\t\t\t<\/h4>\n\t\t\t\t\t\t<div class='uagb-post__text uagb-post-grid-byline'>\n\t\t\t\t\t\t\t<\/div>\n\t\t\t\t\t\t\t<div class='uagb-post__text uagb-post__excerpt'>\n\t\t\t\t\t<p>Bad news for the car manufacturers from Stuttgart. The Federal Association of Consumer Organizations (vzbv) is being\u2026\t\t\t\t<\/div>\n\t\t\t\n\t\t\t\t\t\t\t\t\t<\/article>\n\t\t\t\t\t\t\t\t\t\t\t\t\t\t\t\t<article class=\"uagb-post__inner-wrap\">\t\t\t\t\t\t\t\t<div class='uagb-post__image'>\n\t\t\t\t\t\t\t\t\t<a href=\"https:\/\/ru.law\/en\/verjaehrung-bei-mercedes-benz-zum-ende-des-jahres-2021\/\" target=\"_self\" rel=\"bookmark noopener noreferrer\" class='uagb-image-ratio-inherit'><img loading=\"lazy\" decoding=\"async\" width=\"1024\" height=\"576\" src=\"https:\/\/ru.law\/wp-content\/uploads\/2021\/10\/Rogert-Ulbrich-Rechtsanwaelte-Kanzlei-Mercedes-Vito-GLC-Marco-Polo-Euro6-1024x576.jpg\" class=\"attachment-large size-large\" alt=\"Rogert-Ulbrich-Rechtsanwaelte-Kanzlei-Mercedes-Vito-GLC-Marco-Polo-Euro6.jp\" srcset=\"https:\/\/ru.law\/wp-content\/uploads\/2021\/10\/Rogert-Ulbrich-Rechtsanwaelte-Kanzlei-Mercedes-Vito-GLC-Marco-Polo-Euro6-1024x576.jpg 1024w, https:\/\/ru.law\/wp-content\/uploads\/2021\/10\/Rogert-Ulbrich-Rechtsanwaelte-Kanzlei-Mercedes-Vito-GLC-Marco-Polo-Euro6-300x169.jpg 300w, https:\/\/ru.law\/wp-content\/uploads\/2021\/10\/Rogert-Ulbrich-Rechtsanwaelte-Kanzlei-Mercedes-Vito-GLC-Marco-Polo-Euro6-768x432.jpg 768w, https:\/\/ru.law\/wp-content\/uploads\/2021\/10\/Rogert-Ulbrich-Rechtsanwaelte-Kanzlei-Mercedes-Vito-GLC-Marco-Polo-Euro6.jpg 1200w\" sizes=\"auto, (max-width: 1024px) 100vw, 1024px\" \/>\t\t\t\t\t<\/a>\n\t\t\t\t\t\t\t<\/div>\n\t\t\t\t\t\t<h4 class=\"uagb-post__title uagb-post__text\">\n\t\t\t\t<a href=\"https:\/\/ru.law\/en\/verjaehrung-bei-mercedes-benz-zum-ende-des-jahres-2021\/\" target=\"_self\" rel=\"bookmark noopener noreferrer\">Limitation period at Mercedes-Benz at the end of 2021<\/a>\n\t\t\t<\/h4>\n\t\t\t\t\t\t<div class='uagb-post__text uagb-post-grid-byline'>\n\t\t\t\t\t\t\t<\/div>\n\t\t\t\t\t\t\t<div class='uagb-post__text uagb-post__excerpt'>\n\t\t\t\t\t<p>Do you drive a Mercedes-Benz GLC, V-Class, Vito or Marco Polo? Then you should note that...\t\t\t\t<\/div>\n\t\t\t\n\t\t\t\t\t\t\t\t\t<\/article>\n\t\t\t\t\t\t\t\t\t\t\t\t\t\t\t\t<article class=\"uagb-post__inner-wrap\">\t\t\t\t\t\t\t\t<div class='uagb-post__image'>\n\t\t\t\t\t\t\t\t\t<a href=\"https:\/\/ru.law\/en\/urteil-gegen-daimler-ag-vorsaetzlich-sittenwidrige-schaedigung\/\" target=\"_self\" rel=\"bookmark noopener noreferrer\" class='uagb-image-ratio-inherit'><img loading=\"lazy\" decoding=\"async\" width=\"1024\" height=\"576\" src=\"https:\/\/ru.law\/wp-content\/uploads\/2022\/02\/Rogert-Ulbrich-Rechtsanwaelte-Kanzlei-Abgasskandal-Urteile-Daimler-Mercedes-Benz-1024x576.png\" class=\"attachment-large size-large\" alt=\"\" srcset=\"https:\/\/ru.law\/wp-content\/uploads\/2022\/02\/Rogert-Ulbrich-Rechtsanwaelte-Kanzlei-Abgasskandal-Urteile-Daimler-Mercedes-Benz-1024x576.png 1024w, https:\/\/ru.law\/wp-content\/uploads\/2022\/02\/Rogert-Ulbrich-Rechtsanwaelte-Kanzlei-Abgasskandal-Urteile-Daimler-Mercedes-Benz-300x169.png 300w, https:\/\/ru.law\/wp-content\/uploads\/2022\/02\/Rogert-Ulbrich-Rechtsanwaelte-Kanzlei-Abgasskandal-Urteile-Daimler-Mercedes-Benz-768x432.png 768w, https:\/\/ru.law\/wp-content\/uploads\/2022\/02\/Rogert-Ulbrich-Rechtsanwaelte-Kanzlei-Abgasskandal-Urteile-Daimler-Mercedes-Benz.png 1200w\" sizes=\"auto, (max-width: 1024px) 100vw, 1024px\" \/>\t\t\t\t\t<\/a>\n\t\t\t\t\t\t\t<\/div>\n\t\t\t\t\t\t<h4 class=\"uagb-post__title uagb-post__text\">\n\t\t\t\t<a href=\"https:\/\/ru.law\/en\/urteil-gegen-daimler-ag-vorsaetzlich-sittenwidrige-schaedigung\/\" target=\"_self\" rel=\"bookmark noopener noreferrer\">Judgment against Daimler AG \u2013 intentional immoral damage<\/a>\n\t\t\t<\/h4>\n\t\t\t\t\t\t<div class='uagb-post__text uagb-post-grid-byline'>\n\t\t\t\t\t\t\t<\/div>\n\t\t\t\t\t\t\t<div class='uagb-post__text uagb-post__excerpt'>\n\t\t\t\t\t<p>In its judgment of January 28, 2022, the Stuttgart Regional Court (LG) sentenced Daimler AG to\u2026\t\t\t\t<\/div>\n\t\t\t\n\t\t\t\t\t\t\t\t\t<\/article>\n\t\t\t\t\t\t\t\t\t\t\t<\/div>\n\t\t\t<\/div><\/div>\n<\/div><\/section>","protected":false},"excerpt":{"rendered":"<p>Durch Berufungsr\u00fccknahme vor dem Oberlandesgericht (OLG) Stuttgart erzielte nun ein durch unsere Kanzlei vertretener Kl\u00e4ger eines der ersten rechtskr\u00e4ftigen Urteile gegen die Daimler AG. In [&hellip;]<\/p>\n","protected":false},"author":21,"featured_media":21819,"comment_status":"closed","ping_status":"open","sticky":false,"template":"","format":"standard","meta":{"_uag_custom_page_level_css":"","site-sidebar-layout":"default","site-content-layout":"default","ast-site-content-layout":"default","site-content-style":"default","site-sidebar-style":"default","ast-global-header-display":"","ast-banner-title-visibility":"","ast-main-header-display":"","ast-hfb-above-header-display":"","ast-hfb-below-header-display":"","ast-hfb-mobile-header-display":"","site-post-title":"","ast-breadcrumbs-content":"","ast-featured-img":"","footer-sml-layout":"","ast-disable-related-posts":"","theme-transparent-header-meta":"default","adv-header-id-meta":"","stick-header-meta":"","header-above-stick-meta":"","header-main-stick-meta":"","header-below-stick-meta":"","astra-migrate-meta-layouts":"default","ast-page-background-enabled":"default","ast-page-background-meta":{"desktop":{"background-color":"","background-image":"","background-repeat":"repeat","background-position":"center center","background-size":"auto","background-attachment":"scroll","background-type":"","background-media":"","overlay-type":"","overlay-color":"","overlay-opacity":"","overlay-gradient":""},"tablet":{"background-color":"","background-image":"","background-repeat":"repeat","background-position":"center center","background-size":"auto","background-attachment":"scroll","background-type":"","background-media":"","overlay-type":"","overlay-color":"","overlay-opacity":"","overlay-gradient":""},"mobile":{"background-color":"","background-image":"","background-repeat":"repeat","background-position":"center center","background-size":"auto","background-attachment":"scroll","background-type":"","background-media":"","overlay-type":"","overlay-color":"","overlay-opacity":"","overlay-gradient":""}},"ast-content-background-meta":{"desktop":{"background-color":"var(--ast-global-color-5)","background-image":"","background-repeat":"repeat","background-position":"center center","background-size":"auto","background-attachment":"scroll","background-type":"","background-media":"","overlay-type":"","overlay-color":"","overlay-opacity":"","overlay-gradient":""},"tablet":{"background-color":"var(--ast-global-color-5)","background-image":"","background-repeat":"repeat","background-position":"center center","background-size":"auto","background-attachment":"scroll","background-type":"","background-media":"","overlay-type":"","overlay-color":"","overlay-opacity":"","overlay-gradient":""},"mobile":{"background-color":"var(--ast-global-color-5)","background-image":"","background-repeat":"repeat","background-position":"center center","background-size":"auto","background-attachment":"scroll","background-type":"","background-media":"","overlay-type":"","overlay-color":"","overlay-opacity":"","overlay-gradient":""}},"footnotes":""},"categories":[2,507],"tags":[18,24,876,37],"class_list":["post-21787","post","type-post","status-publish","format-standard","has-post-thumbnail","hentry","category-abgasskandal","category-urteile","tag-daimler","tag-euro-6","tag-mercedes-benz","tag-schadensersatz"],"yoast_head":"<!-- This site is optimized with the Yoast SEO Premium plugin v27.4 (Yoast SEO v27.4) - https:\/\/yoast.com\/product\/yoast-seo-premium-wordpress\/ -->\n<title>Rogert &amp; Ulbrich erzielt rechtskr\u00e4ftiges Urteil gegen die Daimler AG<\/title>\n<meta name=\"description\" content=\"Daimler AG kommt mehr und mehr in Durch die Bredouille. Erstes rechtskr\u00e4ftiges Urteil durch Berufungsr\u00fccknahme.\" \/>\n<meta name=\"robots\" content=\"index, follow, max-snippet:-1, max-image-preview:large, max-video-preview:-1\" \/>\n<link rel=\"canonical\" href=\"https:\/\/ru.law\/en\/erstes-rechtskraeftiges-urteil-gegen-daimler\/\" \/>\n<meta property=\"og:locale\" content=\"en_GB\" \/>\n<meta property=\"og:type\" content=\"article\" \/>\n<meta property=\"og:title\" content=\"Rogert &amp; Ulbrich erzielt rechtskr\u00e4ftiges Urteil gegen die Daimler AG\" \/>\n<meta property=\"og:description\" content=\"Daimler AG kommt mehr und mehr in Durch die Bredouille. Erstes rechtskr\u00e4ftiges Urteil durch Berufungsr\u00fccknahme.\" \/>\n<meta property=\"og:url\" content=\"https:\/\/ru.law\/en\/erstes-rechtskraeftiges-urteil-gegen-daimler\/\" \/>\n<meta property=\"og:site_name\" content=\"R&amp;U\" \/>\n<meta property=\"article:publisher\" content=\"https:\/\/www.facebook.com\/RogertUlbrich\/\" \/>\n<meta property=\"article:published_time\" content=\"2021-10-07T10:31:00+00:00\" \/>\n<meta property=\"article:modified_time\" content=\"2024-07-08T11:12:14+00:00\" \/>\n<meta property=\"og:image\" content=\"https:\/\/ru.law\/wp-content\/uploads\/2021\/10\/Rogert-Ulbrich-Rechtsanwaelte-Kanzlei-Mercedes-Urteil-Berufung-GLC-.jpg\" \/>\n\t<meta property=\"og:image:width\" content=\"1200\" \/>\n\t<meta property=\"og:image:height\" content=\"675\" \/>\n\t<meta property=\"og:image:type\" content=\"image\/jpeg\" \/>\n<meta name=\"author\" content=\"Marco Rogert\" \/>\n<meta name=\"twitter:card\" content=\"summary_large_image\" \/>\n<meta name=\"twitter:creator\" content=\"@RogertUlbrich\" \/>\n<meta name=\"twitter:site\" content=\"@RogertUlbrich\" \/>\n<script type=\"application\/ld+json\" class=\"yoast-schema-graph\">{\"@context\":\"https:\\\/\\\/schema.org\",\"@graph\":[{\"@type\":\"Article\",\"@id\":\"https:\\\/\\\/ru.law\\\/erstes-rechtskraeftiges-urteil-gegen-daimler\\\/#article\",\"isPartOf\":{\"@id\":\"https:\\\/\\\/ru.law\\\/erstes-rechtskraeftiges-urteil-gegen-daimler\\\/\"},\"author\":{\"name\":\"Marco Rogert\",\"@id\":\"https:\\\/\\\/ru.law\\\/#\\\/schema\\\/person\\\/b020d506e6bbc471b4565d3a98173b87\"},\"headline\":\"Rogert &amp; Ulbrich erzielt rechtskr\u00e4ftiges Urteil gegen die Daimler AG\",\"datePublished\":\"2021-10-07T10:31:00+00:00\",\"dateModified\":\"2024-07-08T11:12:14+00:00\",\"mainEntityOfPage\":{\"@id\":\"https:\\\/\\\/ru.law\\\/erstes-rechtskraeftiges-urteil-gegen-daimler\\\/\"},\"wordCount\":353,\"publisher\":{\"@id\":\"https:\\\/\\\/ru.law\\\/#organization\"},\"image\":{\"@id\":\"https:\\\/\\\/ru.law\\\/erstes-rechtskraeftiges-urteil-gegen-daimler\\\/#primaryimage\"},\"thumbnailUrl\":\"https:\\\/\\\/ru.law\\\/wp-content\\\/uploads\\\/2021\\\/10\\\/Rogert-Ulbrich-Rechtsanwaelte-Kanzlei-Mercedes-Urteil-Berufung-GLC-.jpg\",\"keywords\":[\"Daimler\",\"Euro-6\",\"Mercedes-Benz\",\"Schadensersatz\"],\"articleSection\":[\"Abgasskandal\",\"Urteile\"],\"inLanguage\":\"en-GB\"},{\"@type\":\"WebPage\",\"@id\":\"https:\\\/\\\/ru.law\\\/erstes-rechtskraeftiges-urteil-gegen-daimler\\\/\",\"url\":\"https:\\\/\\\/ru.law\\\/erstes-rechtskraeftiges-urteil-gegen-daimler\\\/\",\"name\":\"Rogert &amp; Ulbrich erzielt rechtskr\u00e4ftiges Urteil gegen die Daimler AG\",\"isPartOf\":{\"@id\":\"https:\\\/\\\/ru.law\\\/#website\"},\"primaryImageOfPage\":{\"@id\":\"https:\\\/\\\/ru.law\\\/erstes-rechtskraeftiges-urteil-gegen-daimler\\\/#primaryimage\"},\"image\":{\"@id\":\"https:\\\/\\\/ru.law\\\/erstes-rechtskraeftiges-urteil-gegen-daimler\\\/#primaryimage\"},\"thumbnailUrl\":\"https:\\\/\\\/ru.law\\\/wp-content\\\/uploads\\\/2021\\\/10\\\/Rogert-Ulbrich-Rechtsanwaelte-Kanzlei-Mercedes-Urteil-Berufung-GLC-.jpg\",\"datePublished\":\"2021-10-07T10:31:00+00:00\",\"dateModified\":\"2024-07-08T11:12:14+00:00\",\"description\":\"Daimler AG kommt mehr und mehr in Durch die Bredouille. Erstes rechtskr\u00e4ftiges Urteil durch Berufungsr\u00fccknahme.\",\"breadcrumb\":{\"@id\":\"https:\\\/\\\/ru.law\\\/erstes-rechtskraeftiges-urteil-gegen-daimler\\\/#breadcrumb\"},\"inLanguage\":\"en-GB\",\"potentialAction\":[{\"@type\":\"ReadAction\",\"target\":[\"https:\\\/\\\/ru.law\\\/erstes-rechtskraeftiges-urteil-gegen-daimler\\\/\"]}]},{\"@type\":\"ImageObject\",\"inLanguage\":\"en-GB\",\"@id\":\"https:\\\/\\\/ru.law\\\/erstes-rechtskraeftiges-urteil-gegen-daimler\\\/#primaryimage\",\"url\":\"https:\\\/\\\/ru.law\\\/wp-content\\\/uploads\\\/2021\\\/10\\\/Rogert-Ulbrich-Rechtsanwaelte-Kanzlei-Mercedes-Urteil-Berufung-GLC-.jpg\",\"contentUrl\":\"https:\\\/\\\/ru.law\\\/wp-content\\\/uploads\\\/2021\\\/10\\\/Rogert-Ulbrich-Rechtsanwaelte-Kanzlei-Mercedes-Urteil-Berufung-GLC-.jpg\",\"width\":1200,\"height\":675,\"caption\":\"Rogert-Ulbrich-Rechtsanwaelte-Kanzlei-Mercedes-Urteil-Berufung-GLC\"},{\"@type\":\"BreadcrumbList\",\"@id\":\"https:\\\/\\\/ru.law\\\/erstes-rechtskraeftiges-urteil-gegen-daimler\\\/#breadcrumb\",\"itemListElement\":[{\"@type\":\"ListItem\",\"position\":1,\"name\":\"Startseite\",\"item\":\"https:\\\/\\\/ru.law\\\/\"},{\"@type\":\"ListItem\",\"position\":2,\"name\":\"Rogert &amp; Ulbrich erzielt rechtskr\u00e4ftiges Urteil gegen die Daimler AG\"}]},{\"@type\":\"WebSite\",\"@id\":\"https:\\\/\\\/ru.law\\\/#website\",\"url\":\"https:\\\/\\\/ru.law\\\/\",\"name\":\"R&U\",\"description\":\"Verbraucheranw\u00e4lte\",\"publisher\":{\"@id\":\"https:\\\/\\\/ru.law\\\/#organization\"},\"alternateName\":\"Rogert & Ulbrich\",\"potentialAction\":[{\"@type\":\"SearchAction\",\"target\":{\"@type\":\"EntryPoint\",\"urlTemplate\":\"https:\\\/\\\/ru.law\\\/?s={search_term_string}\"},\"query-input\":{\"@type\":\"PropertyValueSpecification\",\"valueRequired\":true,\"valueName\":\"search_term_string\"}}],\"inLanguage\":\"en-GB\"},{\"@type\":\"Organization\",\"@id\":\"https:\\\/\\\/ru.law\\\/#organization\",\"name\":\"Kanzlei Rogert & Ulbrich\",\"url\":\"https:\\\/\\\/ru.law\\\/\",\"logo\":{\"@type\":\"ImageObject\",\"inLanguage\":\"en-GB\",\"@id\":\"https:\\\/\\\/ru.law\\\/#\\\/schema\\\/logo\\\/image\\\/\",\"url\":\"https:\\\/\\\/ru.law\\\/wp-content\\\/uploads\\\/2020\\\/12\\\/logo-ru-law.svg\",\"contentUrl\":\"https:\\\/\\\/ru.law\\\/wp-content\\\/uploads\\\/2020\\\/12\\\/logo-ru-law.svg\",\"width\":992,\"height\":259,\"caption\":\"Kanzlei Rogert & Ulbrich\"},\"image\":{\"@id\":\"https:\\\/\\\/ru.law\\\/#\\\/schema\\\/logo\\\/image\\\/\"},\"sameAs\":[\"https:\\\/\\\/www.facebook.com\\\/RogertUlbrich\\\/\",\"https:\\\/\\\/x.com\\\/RogertUlbrich\",\"https:\\\/\\\/www.instagram.com\\\/rogertulbrich\\\/\",\"https:\\\/\\\/www.linkedin.com\\\/company\\\/rogert-ulbrich\\\/\",\"https:\\\/\\\/www.youtube.com\\\/channel\\\/UCganCgpvwpPFqMFf1vVmG2A\"]},{\"@type\":\"Person\",\"@id\":\"https:\\\/\\\/ru.law\\\/#\\\/schema\\\/person\\\/b020d506e6bbc471b4565d3a98173b87\",\"name\":\"Marco Rogert\",\"url\":\"https:\\\/\\\/ru.law\\\/en\\\/author\\\/rogertru-law\\\/\"}]}<\/script>\n<!-- \/ Yoast SEO Premium plugin. -->","yoast_head_json":{"title":"Rogert &amp; Ulbrich obtains final judgment against Daimler AG","description":"Daimler AG is getting into increasingly dire straits. First legally binding ruling through withdrawal of appeal.","robots":{"index":"index","follow":"follow","max-snippet":"max-snippet:-1","max-image-preview":"max-image-preview:large","max-video-preview":"max-video-preview:-1"},"canonical":"https:\/\/ru.law\/en\/erstes-rechtskraeftiges-urteil-gegen-daimler\/","og_locale":"en_GB","og_type":"article","og_title":"Rogert &amp; Ulbrich erzielt rechtskr\u00e4ftiges Urteil gegen die Daimler AG","og_description":"Daimler AG kommt mehr und mehr in Durch die Bredouille. Erstes rechtskr\u00e4ftiges Urteil durch Berufungsr\u00fccknahme.","og_url":"https:\/\/ru.law\/en\/erstes-rechtskraeftiges-urteil-gegen-daimler\/","og_site_name":"R&amp;U","article_publisher":"https:\/\/www.facebook.com\/RogertUlbrich\/","article_published_time":"2021-10-07T10:31:00+00:00","article_modified_time":"2024-07-08T11:12:14+00:00","og_image":[{"width":1200,"height":675,"url":"https:\/\/ru.law\/wp-content\/uploads\/2021\/10\/Rogert-Ulbrich-Rechtsanwaelte-Kanzlei-Mercedes-Urteil-Berufung-GLC-.jpg","type":"image\/jpeg"}],"author":"Marco Rogert","twitter_card":"summary_large_image","twitter_creator":"@RogertUlbrich","twitter_site":"@RogertUlbrich","schema":{"@context":"https:\/\/schema.org","@graph":[{"@type":"Article","@id":"https:\/\/ru.law\/erstes-rechtskraeftiges-urteil-gegen-daimler\/#article","isPartOf":{"@id":"https:\/\/ru.law\/erstes-rechtskraeftiges-urteil-gegen-daimler\/"},"author":{"name":"Marco Rogert","@id":"https:\/\/ru.law\/#\/schema\/person\/b020d506e6bbc471b4565d3a98173b87"},"headline":"Rogert &amp; Ulbrich erzielt rechtskr\u00e4ftiges Urteil gegen die Daimler AG","datePublished":"2021-10-07T10:31:00+00:00","dateModified":"2024-07-08T11:12:14+00:00","mainEntityOfPage":{"@id":"https:\/\/ru.law\/erstes-rechtskraeftiges-urteil-gegen-daimler\/"},"wordCount":353,"publisher":{"@id":"https:\/\/ru.law\/#organization"},"image":{"@id":"https:\/\/ru.law\/erstes-rechtskraeftiges-urteil-gegen-daimler\/#primaryimage"},"thumbnailUrl":"https:\/\/ru.law\/wp-content\/uploads\/2021\/10\/Rogert-Ulbrich-Rechtsanwaelte-Kanzlei-Mercedes-Urteil-Berufung-GLC-.jpg","keywords":["Daimler","Euro-6","Mercedes-Benz","Schadensersatz"],"articleSection":["Abgasskandal","Urteile"],"inLanguage":"en-GB"},{"@type":"WebPage","@id":"https:\/\/ru.law\/erstes-rechtskraeftiges-urteil-gegen-daimler\/","url":"https:\/\/ru.law\/erstes-rechtskraeftiges-urteil-gegen-daimler\/","name":"Rogert &amp; Ulbrich obtains final judgment against Daimler AG","isPartOf":{"@id":"https:\/\/ru.law\/#website"},"primaryImageOfPage":{"@id":"https:\/\/ru.law\/erstes-rechtskraeftiges-urteil-gegen-daimler\/#primaryimage"},"image":{"@id":"https:\/\/ru.law\/erstes-rechtskraeftiges-urteil-gegen-daimler\/#primaryimage"},"thumbnailUrl":"https:\/\/ru.law\/wp-content\/uploads\/2021\/10\/Rogert-Ulbrich-Rechtsanwaelte-Kanzlei-Mercedes-Urteil-Berufung-GLC-.jpg","datePublished":"2021-10-07T10:31:00+00:00","dateModified":"2024-07-08T11:12:14+00:00","description":"Daimler AG is getting into increasingly dire straits. First legally binding ruling through withdrawal of appeal.","breadcrumb":{"@id":"https:\/\/ru.law\/erstes-rechtskraeftiges-urteil-gegen-daimler\/#breadcrumb"},"inLanguage":"en-GB","potentialAction":[{"@type":"ReadAction","target":["https:\/\/ru.law\/erstes-rechtskraeftiges-urteil-gegen-daimler\/"]}]},{"@type":"ImageObject","inLanguage":"en-GB","@id":"https:\/\/ru.law\/erstes-rechtskraeftiges-urteil-gegen-daimler\/#primaryimage","url":"https:\/\/ru.law\/wp-content\/uploads\/2021\/10\/Rogert-Ulbrich-Rechtsanwaelte-Kanzlei-Mercedes-Urteil-Berufung-GLC-.jpg","contentUrl":"https:\/\/ru.law\/wp-content\/uploads\/2021\/10\/Rogert-Ulbrich-Rechtsanwaelte-Kanzlei-Mercedes-Urteil-Berufung-GLC-.jpg","width":1200,"height":675,"caption":"Rogert-Ulbrich-Rechtsanwaelte-Kanzlei-Mercedes-Urteil-Berufung-GLC"},{"@type":"BreadcrumbList","@id":"https:\/\/ru.law\/erstes-rechtskraeftiges-urteil-gegen-daimler\/#breadcrumb","itemListElement":[{"@type":"ListItem","position":1,"name":"Startseite","item":"https:\/\/ru.law\/"},{"@type":"ListItem","position":2,"name":"Rogert &amp; Ulbrich erzielt rechtskr\u00e4ftiges Urteil gegen die Daimler AG"}]},{"@type":"WebSite","@id":"https:\/\/ru.law\/#website","url":"https:\/\/ru.law\/","name":"R&amp;U","description":"Consumer lawyers","publisher":{"@id":"https:\/\/ru.law\/#organization"},"alternateName":"Rogert & Ulbrich","potentialAction":[{"@type":"SearchAction","target":{"@type":"EntryPoint","urlTemplate":"https:\/\/ru.law\/?s={search_term_string}"},"query-input":{"@type":"PropertyValueSpecification","valueRequired":true,"valueName":"search_term_string"}}],"inLanguage":"en-GB"},{"@type":"Organization","@id":"https:\/\/ru.law\/#organization","name":"Rogert &amp; Ulbrich Law Firm","url":"https:\/\/ru.law\/","logo":{"@type":"ImageObject","inLanguage":"en-GB","@id":"https:\/\/ru.law\/#\/schema\/logo\/image\/","url":"https:\/\/ru.law\/wp-content\/uploads\/2020\/12\/logo-ru-law.svg","contentUrl":"https:\/\/ru.law\/wp-content\/uploads\/2020\/12\/logo-ru-law.svg","width":992,"height":259,"caption":"Kanzlei Rogert & Ulbrich"},"image":{"@id":"https:\/\/ru.law\/#\/schema\/logo\/image\/"},"sameAs":["https:\/\/www.facebook.com\/RogertUlbrich\/","https:\/\/x.com\/RogertUlbrich","https:\/\/www.instagram.com\/rogertulbrich\/","https:\/\/www.linkedin.com\/company\/rogert-ulbrich\/","https:\/\/www.youtube.com\/channel\/UCganCgpvwpPFqMFf1vVmG2A"]},{"@type":"Person","@id":"https:\/\/ru.law\/#\/schema\/person\/b020d506e6bbc471b4565d3a98173b87","name":"Marco Rogert","url":"https:\/\/ru.law\/en\/author\/rogertru-law\/"}]}},"uagb_featured_image_src":{"full":["https:\/\/ru.law\/wp-content\/uploads\/2021\/10\/Rogert-Ulbrich-Rechtsanwaelte-Kanzlei-Mercedes-Urteil-Berufung-GLC-.jpg",1200,675,false],"thumbnail":["https:\/\/ru.law\/wp-content\/uploads\/2021\/10\/Rogert-Ulbrich-Rechtsanwaelte-Kanzlei-Mercedes-Urteil-Berufung-GLC--150x150.jpg",96,96,true],"medium":["https:\/\/ru.law\/wp-content\/uploads\/2021\/10\/Rogert-Ulbrich-Rechtsanwaelte-Kanzlei-Mercedes-Urteil-Berufung-GLC--300x169.jpg",300,169,true],"medium_large":["https:\/\/ru.law\/wp-content\/uploads\/2021\/10\/Rogert-Ulbrich-Rechtsanwaelte-Kanzlei-Mercedes-Urteil-Berufung-GLC--768x432.jpg",768,432,true],"large":["https:\/\/ru.law\/wp-content\/uploads\/2021\/10\/Rogert-Ulbrich-Rechtsanwaelte-Kanzlei-Mercedes-Urteil-Berufung-GLC--1024x576.jpg",1024,576,true],"1536x1536":["https:\/\/ru.law\/wp-content\/uploads\/2021\/10\/Rogert-Ulbrich-Rechtsanwaelte-Kanzlei-Mercedes-Urteil-Berufung-GLC-.jpg",1200,675,false],"2048x2048":["https:\/\/ru.law\/wp-content\/uploads\/2021\/10\/Rogert-Ulbrich-Rechtsanwaelte-Kanzlei-Mercedes-Urteil-Berufung-GLC-.jpg",1200,675,false],"trp-custom-language-flag":["https:\/\/ru.law\/wp-content\/uploads\/2021\/10\/Rogert-Ulbrich-Rechtsanwaelte-Kanzlei-Mercedes-Urteil-Berufung-GLC-.jpg",18,10,false]},"uagb_author_info":{"display_name":"Marco Rogert","author_link":"https:\/\/ru.law\/en\/author\/rogertru-law\/"},"uagb_comment_info":0,"uagb_excerpt":"Durch Berufungsr\u00fccknahme vor dem Oberlandesgericht (OLG) Stuttgart erzielte nun ein durch unsere Kanzlei vertretener Kl\u00e4ger eines der ersten rechtskr\u00e4ftigen Urteile gegen die Daimler AG. In [&hellip;]","_links":{"self":[{"href":"https:\/\/ru.law\/en\/wp-json\/wp\/v2\/posts\/21787","targetHints":{"allow":["GET"]}}],"collection":[{"href":"https:\/\/ru.law\/en\/wp-json\/wp\/v2\/posts"}],"about":[{"href":"https:\/\/ru.law\/en\/wp-json\/wp\/v2\/types\/post"}],"author":[{"embeddable":true,"href":"https:\/\/ru.law\/en\/wp-json\/wp\/v2\/users\/21"}],"replies":[{"embeddable":true,"href":"https:\/\/ru.law\/en\/wp-json\/wp\/v2\/comments?post=21787"}],"version-history":[{"count":0,"href":"https:\/\/ru.law\/en\/wp-json\/wp\/v2\/posts\/21787\/revisions"}],"wp:featuredmedia":[{"embeddable":true,"href":"https:\/\/ru.law\/en\/wp-json\/wp\/v2\/media\/21819"}],"wp:attachment":[{"href":"https:\/\/ru.law\/en\/wp-json\/wp\/v2\/media?parent=21787"}],"wp:term":[{"taxonomy":"category","embeddable":true,"href":"https:\/\/ru.law\/en\/wp-json\/wp\/v2\/categories?post=21787"},{"taxonomy":"post_tag","embeddable":true,"href":"https:\/\/ru.law\/en\/wp-json\/wp\/v2\/tags?post=21787"}],"curies":[{"name":"wp","href":"https:\/\/api.w.org\/{rel}","templated":true}]}}