{"id":21453,"date":"2021-09-17T09:48:20","date_gmt":"2021-09-17T07:48:20","guid":{"rendered":"https:\/\/ru.law\/?p=21453"},"modified":"2024-07-08T13:12:16","modified_gmt":"2024-07-08T11:12:16","slug":"wer-traegt-die-verantwortung-fuer-den-dieselabgasskandal","status":"publish","type":"post","link":"https:\/\/ru.law\/en\/wer-traegt-die-verantwortung-fuer-den-dieselabgasskandal\/","title":{"rendered":"VW diesel fraud trial starts \u2013 who is responsible?"},"content":{"rendered":"<p>The Braunschweig Regional Court (case number: 6 KLs 23\/19) is now trying to determine who bears personal responsibility for the millions of manipulations of diesel vehicles. <a href=\"https:\/\/ru.law\/en\/expertise\/abgasskandal\/vw-diesel\/#erstberatung\">diesel emissions scandal<\/a> was discovered 6 years ago in the USA and now clarity is to be provided. 4 former managers are accused, including <strong>Martin Winterkorn<\/strong>, which for health reasons is initially considered separately from the procedure. <\/p>\n\n\n\n<p>The managers are accused of, among other things, gang fraud. Above all, however, they are said to have known about the diesel manipulation and thus deceived authorities and customers. The fraudulent software ensured that the diesel engines complied with the emissions standards on the test bench, but not in real driving conditions, i.e. on the roads. This software was active in more than eleven million vehicles. The Federal Court of Justice even found that the company had intentionally and immorally harmed its customers. With the current trial, Volkswagen AG&#039;s deceptions are coming before a German criminal court for the first time.&nbsp;&nbsp;<\/p>\n\n\n\n<h2 class=\"wp-block-heading\">concessions by Volkswagen AG&nbsp;<\/h2>\n\n\n\n<p>As early as September 2015, VW admitted that diesel emissions had been manipulated millions of times. As a result, Volkswagen AG had to pay damages amounting to over 32 billion euros. We at <a href=\"https:\/\/ru.law\/en\/\">Rogert &amp; Ulbrich<\/a> have been there since the beginning and represent more than <a href=\"https:\/\/ru.law\/en\/expertise\/abgasskandal\/#mandat\">25,000 affected consumers <\/a>and help them to get their rights. We are convinced that many more concessions will come from Volkswagen. <\/p>\n\n\n\n<h3 class=\"wp-block-heading\">Rogert &amp; Ulbrich recommends:<\/h3>\n\n\n\n<p>If you also own an affected diesel vehicle or would like to have it checked: <a href=\"https:\/\/ru.law\/en\/expertise\/abgasskandal\/#erstberatung\">Contact us free of charge and without obligation and we will advise you<\/a>We will examine your case individually and inform you about your options and chances of success. <\/p>\n\n\n\n<section class=\"wp-block-uagb-columns uagb-columns__wrap uagb-columns__background-undefined uagb-columns__stack-mobile uagb-columns__valign-undefined uagb-columns__gap-10 alignundefined uagb-block-6acca3c5 contrast blog_beitraege\"><div class=\"uagb-columns__overlay\"><\/div><div class=\"uagb-columns__inner-wrap uagb-columns__columns-1\">\n<div class=\"wp-block-uagb-column uagb-column__wrap uagb-column__background-undefined uagb-block-a0048fc9\"><div class=\"uagb-column__overlay\"><\/div><div class=\"uagb-column__inner-wrap\">\n<h3 class=\"wp-block-heading\" id=\"h-das-konnte-sie-auch-interessieren\">You might also be interested in:<\/h3>\n\n\n\n\t\t\t<div class=\"wp-block-uagb-post-grid uagb-post-grid  uagb-post__image-position-top uagb-post__image-enabled uagb-block-da221aa0     uagb-post__items uagb-post__columns-3 is-grid uagb-post__columns-tablet-2 uagb-post__columns-mobile-1 uagb-post__equal-height\" data-total=\"2\" style=\"\">\n\n\t\t\t\t\t\t\t\t\t\t\t\t<article class=\"uagb-post__inner-wrap\">\t\t\t\t\t\t\t\t<div class='uagb-post__image'>\n\t\t\t\t\t\t\t\t\t<a href=\"https:\/\/ru.law\/en\/wettbewerbsstrafen-gegen-bmw-und-volkswagen-in-millionen-hoehe\/\" target=\"_self\" rel=\"bookmark noopener noreferrer\" class='uagb-image-ratio-inherit'><img loading=\"lazy\" decoding=\"async\" width=\"1024\" height=\"576\" src=\"https:\/\/ru.law\/wp-content\/uploads\/2021\/07\/Rogert-Ulbrich-Rechtsanwalt-Kanzlei-BMW-Volkswagen-AdBlue72-1024x576.jpg\" class=\"attachment-large size-large\" alt=\"\" srcset=\"https:\/\/ru.law\/wp-content\/uploads\/2021\/07\/Rogert-Ulbrich-Rechtsanwalt-Kanzlei-BMW-Volkswagen-AdBlue72-1024x576.jpg 1024w, https:\/\/ru.law\/wp-content\/uploads\/2021\/07\/Rogert-Ulbrich-Rechtsanwalt-Kanzlei-BMW-Volkswagen-AdBlue72-300x169.jpg 300w, https:\/\/ru.law\/wp-content\/uploads\/2021\/07\/Rogert-Ulbrich-Rechtsanwalt-Kanzlei-BMW-Volkswagen-AdBlue72-768x432.jpg 768w, https:\/\/ru.law\/wp-content\/uploads\/2021\/07\/Rogert-Ulbrich-Rechtsanwalt-Kanzlei-BMW-Volkswagen-AdBlue72.jpg 1200w\" sizes=\"auto, (max-width: 1024px) 100vw, 1024px\" \/>\t\t\t\t\t<\/a>\n\t\t\t\t\t\t\t<\/div>\n\t\t\t\t\t\t<h4 class=\"uagb-post__title uagb-post__text\">\n\t\t\t\t<a href=\"https:\/\/ru.law\/en\/wettbewerbsstrafen-gegen-bmw-und-volkswagen-in-millionen-hoehe\/\" target=\"_self\" rel=\"bookmark noopener noreferrer\">Competition fines against BMW and Volkswagen amounting to millions<\/a>\n\t\t\t<\/h4>\n\t\t\t\t\t\t<div class='uagb-post__text uagb-post-grid-byline'>\n\t\t\t\t\t\t\t<\/div>\n\t\t\t\t\t\t\t<div class='uagb-post__text uagb-post__excerpt'>\n\t\t\t\t\t<p>BMW and Volkswagen are accused of having entered into illegal agreements with their competitors. In detail\u2026\t\t\t\t<\/div>\n\t\t\t\n\t\t\t\t\t\t\t\t\t<\/article>\n\t\t\t\t\t\t\t\t\t\t\t\t\t\t\t\t<article class=\"uagb-post__inner-wrap\">\t\t\t\t\t\t\t\t<div class='uagb-post__image'>\n\t\t\t\t\t\t\t\t\t<a href=\"https:\/\/ru.law\/en\/olg-naumburg-erachtet-abschalteinrichtung-bei-vw-t6-mit-ea288-motor-und-eu6-zulassung-als-unzulaessig\/\" target=\"_self\" rel=\"bookmark noopener noreferrer\" class='uagb-image-ratio-inherit'><img loading=\"lazy\" decoding=\"async\" width=\"1024\" height=\"576\" src=\"https:\/\/ru.law\/wp-content\/uploads\/2021\/08\/rogert-ulbrich-rechtsanwalt-kanzlei-abgasskandal-ea288-vw-t6-1024x576.jpg\" class=\"attachment-large size-large\" alt=\"Abschalteinrichtung\" srcset=\"https:\/\/ru.law\/wp-content\/uploads\/2021\/08\/rogert-ulbrich-rechtsanwalt-kanzlei-abgasskandal-ea288-vw-t6-1024x576.jpg 1024w, https:\/\/ru.law\/wp-content\/uploads\/2021\/08\/rogert-ulbrich-rechtsanwalt-kanzlei-abgasskandal-ea288-vw-t6-300x169.jpg 300w, https:\/\/ru.law\/wp-content\/uploads\/2021\/08\/rogert-ulbrich-rechtsanwalt-kanzlei-abgasskandal-ea288-vw-t6-768x432.jpg 768w, https:\/\/ru.law\/wp-content\/uploads\/2021\/08\/rogert-ulbrich-rechtsanwalt-kanzlei-abgasskandal-ea288-vw-t6.jpg 1200w\" sizes=\"auto, (max-width: 1024px) 100vw, 1024px\" \/>\t\t\t\t\t<\/a>\n\t\t\t\t\t\t\t<\/div>\n\t\t\t\t\t\t<h4 class=\"uagb-post__title uagb-post__text\">\n\t\t\t\t<a href=\"https:\/\/ru.law\/en\/olg-naumburg-erachtet-abschalteinrichtung-bei-vw-t6-mit-ea288-motor-und-eu6-zulassung-als-unzulaessig\/\" target=\"_self\" rel=\"bookmark noopener noreferrer\">OLG Naumburg considers defeat device in VW T6 with EA288 engine and EU6 approval to be inadmissible<\/a>\n\t\t\t<\/h4>\n\t\t\t\t\t\t<div class='uagb-post__text uagb-post-grid-byline'>\n\t\t\t\t\t\t\t<\/div>\n\t\t\t\t\t\t\t<div class='uagb-post__text uagb-post__excerpt'>\n\t\t\t\t\t<p>The Naumburg Higher Regional Court ruled in its decision of July 19, 2021, ref. no.: 8 U 11\/21,\u2026\t\t\t\t<\/div>\n\t\t\t\n\t\t\t\t\t\t\t\t\t<\/article>\n\t\t\t\t\t\t\t\t\t\t\t\t\t\t\t\t<article class=\"uagb-post__inner-wrap\">\t\t\t\t\t\t\t\t<div class='uagb-post__image'>\n\t\t\t\t\t\t\t\t\t<a href=\"https:\/\/ru.law\/en\/olg-koeln-bestaetigt-schadensersatzanspruch-beim-vw-t5\/\" target=\"_self\" rel=\"bookmark noopener noreferrer\" class='uagb-image-ratio-inherit'><img loading=\"lazy\" decoding=\"async\" width=\"1024\" height=\"576\" src=\"https:\/\/ru.law\/wp-content\/uploads\/2021\/07\/Rogert-Ulbrich-Rechtsanwalts-kanzlei-VW-Wohnmobil-Abgasskandal-T5-1024x576.jpg\" class=\"attachment-large size-large\" alt=\"\" srcset=\"https:\/\/ru.law\/wp-content\/uploads\/2021\/07\/Rogert-Ulbrich-Rechtsanwalts-kanzlei-VW-Wohnmobil-Abgasskandal-T5-1024x576.jpg 1024w, https:\/\/ru.law\/wp-content\/uploads\/2021\/07\/Rogert-Ulbrich-Rechtsanwalts-kanzlei-VW-Wohnmobil-Abgasskandal-T5-300x169.jpg 300w, https:\/\/ru.law\/wp-content\/uploads\/2021\/07\/Rogert-Ulbrich-Rechtsanwalts-kanzlei-VW-Wohnmobil-Abgasskandal-T5-768x432.jpg 768w, https:\/\/ru.law\/wp-content\/uploads\/2021\/07\/Rogert-Ulbrich-Rechtsanwalts-kanzlei-VW-Wohnmobil-Abgasskandal-T5.jpg 1200w\" sizes=\"auto, (max-width: 1024px) 100vw, 1024px\" \/>\t\t\t\t\t<\/a>\n\t\t\t\t\t\t\t<\/div>\n\t\t\t\t\t\t<h4 class=\"uagb-post__title uagb-post__text\">\n\t\t\t\t<a href=\"https:\/\/ru.law\/en\/olg-koeln-bestaetigt-schadensersatzanspruch-beim-vw-t5\/\" target=\"_self\" rel=\"bookmark noopener noreferrer\">Cologne Higher Regional Court confirms claim for damages in VW T5<\/a>\n\t\t\t<\/h4>\n\t\t\t\t\t\t<div class='uagb-post__text uagb-post-grid-byline'>\n\t\t\t\t\t\t\t<\/div>\n\t\t\t\t\t\t\t<div class='uagb-post__text uagb-post__excerpt'>\n\t\t\t\t\t<p>The Cologne Higher Regional Court awards our client (case number I-25 U 91\/20) damages in the amount of\u2026\t\t\t\t<\/div>\n\t\t\t\n\t\t\t\t\t\t\t\t\t<\/article>\n\t\t\t\t\t\t\t\t\t\t\t<\/div>\n\t\t\t<\/div><\/div>\n<\/div><\/section>","protected":false},"excerpt":{"rendered":"<p>Vor dem Landgericht Braunschweig (Az: 6 KLs 23\/19) wird jetzt gekl\u00e4rt, wer die&nbsp;pers\u00f6nliche&nbsp;Verantwortung f\u00fcr die millionenfache Manipulation von Dieselfahrzeugen tr\u00e4gt. Der Dieselabgasskandal flog vor 6 [&hellip;]<\/p>\n","protected":false},"author":21,"featured_media":21481,"comment_status":"closed","ping_status":"open","sticky":false,"template":"","format":"standard","meta":{"_uag_custom_page_level_css":"","site-sidebar-layout":"default","site-content-layout":"default","ast-site-content-layout":"default","site-content-style":"default","site-sidebar-style":"default","ast-global-header-display":"","ast-banner-title-visibility":"","ast-main-header-display":"","ast-hfb-above-header-display":"","ast-hfb-below-header-display":"","ast-hfb-mobile-header-display":"","site-post-title":"","ast-breadcrumbs-content":"","ast-featured-img":"","footer-sml-layout":"","ast-disable-related-posts":"","theme-transparent-header-meta":"default","adv-header-id-meta":"","stick-header-meta":"","header-above-stick-meta":"","header-main-stick-meta":"","header-below-stick-meta":"","astra-migrate-meta-layouts":"default","ast-page-background-enabled":"default","ast-page-background-meta":{"desktop":{"background-color":"","background-image":"","background-repeat":"repeat","background-position":"center center","background-size":"auto","background-attachment":"scroll","background-type":"","background-media":"","overlay-type":"","overlay-color":"","overlay-opacity":"","overlay-gradient":""},"tablet":{"background-color":"","background-image":"","background-repeat":"repeat","background-position":"center center","background-size":"auto","background-attachment":"scroll","background-type":"","background-media":"","overlay-type":"","overlay-color":"","overlay-opacity":"","overlay-gradient":""},"mobile":{"background-color":"","background-image":"","background-repeat":"repeat","background-position":"center center","background-size":"auto","background-attachment":"scroll","background-type":"","background-media":"","overlay-type":"","overlay-color":"","overlay-opacity":"","overlay-gradient":""}},"ast-content-background-meta":{"desktop":{"background-color":"var(--ast-global-color-5)","background-image":"","background-repeat":"repeat","background-position":"center center","background-size":"auto","background-attachment":"scroll","background-type":"","background-media":"","overlay-type":"","overlay-color":"","overlay-opacity":"","overlay-gradient":""},"tablet":{"background-color":"var(--ast-global-color-5)","background-image":"","background-repeat":"repeat","background-position":"center center","background-size":"auto","background-attachment":"scroll","background-type":"","background-media":"","overlay-type":"","overlay-color":"","overlay-opacity":"","overlay-gradient":""},"mobile":{"background-color":"var(--ast-global-color-5)","background-image":"","background-repeat":"repeat","background-position":"center center","background-size":"auto","background-attachment":"scroll","background-type":"","background-media":"","overlay-type":"","overlay-color":"","overlay-opacity":"","overlay-gradient":""}},"footnotes":""},"categories":[2],"tags":[985,40,900],"class_list":["post-21453","post","type-post","status-publish","format-standard","has-post-thumbnail","hentry","category-abgasskandal","tag-prozess","tag-software-update","tag-volkswagen"],"yoast_head":"<!-- This site is optimized with the Yoast SEO Premium plugin v27.4 (Yoast SEO v27.4) - https:\/\/yoast.com\/product\/yoast-seo-premium-wordpress\/ -->\n<title>VW-Diesel-Betrugsprozess startet - Wer tr\u00e4gt die Verantwortung? - R&amp;U<\/title>\n<meta name=\"description\" content=\"Jetzt wird gekl\u00e4rt wer die\u00a0pers\u00f6nliche\u00a0Verantwortung f\u00fcr die millionenfache Manipulation von Dieselabgasen tr\u00e4gt.\" \/>\n<meta name=\"robots\" content=\"index, follow, max-snippet:-1, max-image-preview:large, max-video-preview:-1\" \/>\n<link rel=\"canonical\" href=\"https:\/\/ru.law\/en\/wer-traegt-die-verantwortung-fuer-den-dieselabgasskandal\/\" \/>\n<meta property=\"og:locale\" content=\"en_GB\" \/>\n<meta property=\"og:type\" content=\"article\" \/>\n<meta property=\"og:title\" content=\"VW-Diesel-Betrugsprozess startet - Wer tr\u00e4gt die Verantwortung?\" \/>\n<meta property=\"og:description\" content=\"Jetzt wird gekl\u00e4rt wer die\u00a0pers\u00f6nliche\u00a0Verantwortung f\u00fcr die millionenfache Manipulation von Dieselabgasen tr\u00e4gt.\" \/>\n<meta property=\"og:url\" content=\"https:\/\/ru.law\/en\/wer-traegt-die-verantwortung-fuer-den-dieselabgasskandal\/\" \/>\n<meta property=\"og:site_name\" content=\"R&amp;U\" \/>\n<meta property=\"article:publisher\" content=\"https:\/\/www.facebook.com\/RogertUlbrich\/\" \/>\n<meta property=\"article:published_time\" content=\"2021-09-17T07:48:20+00:00\" \/>\n<meta property=\"article:modified_time\" content=\"2024-07-08T11:12:16+00:00\" \/>\n<meta property=\"og:image\" content=\"https:\/\/ru.law\/wp-content\/uploads\/2021\/09\/Rogert-Ulbrich-Rechtsanwalt-Kanzlei-VW-Volkswagen-Betrugsprozess-Abgasskandal.jpg\" \/>\n\t<meta property=\"og:image:width\" content=\"1200\" \/>\n\t<meta property=\"og:image:height\" content=\"675\" \/>\n\t<meta property=\"og:image:type\" content=\"image\/jpeg\" \/>\n<meta name=\"author\" content=\"Marco Rogert\" \/>\n<meta name=\"twitter:card\" content=\"summary_large_image\" \/>\n<meta name=\"twitter:creator\" content=\"@RogertUlbrich\" \/>\n<meta name=\"twitter:site\" content=\"@RogertUlbrich\" \/>\n<script type=\"application\/ld+json\" class=\"yoast-schema-graph\">{\"@context\":\"https:\\\/\\\/schema.org\",\"@graph\":[{\"@type\":\"Article\",\"@id\":\"https:\\\/\\\/ru.law\\\/wer-traegt-die-verantwortung-fuer-den-dieselabgasskandal\\\/#article\",\"isPartOf\":{\"@id\":\"https:\\\/\\\/ru.law\\\/wer-traegt-die-verantwortung-fuer-den-dieselabgasskandal\\\/\"},\"author\":{\"name\":\"Marco Rogert\",\"@id\":\"https:\\\/\\\/ru.law\\\/#\\\/schema\\\/person\\\/b020d506e6bbc471b4565d3a98173b87\"},\"headline\":\"VW-Diesel-Betrugsprozess startet &#8211; Wer tr\u00e4gt die Verantwortung?\",\"datePublished\":\"2021-09-17T07:48:20+00:00\",\"dateModified\":\"2024-07-08T11:12:16+00:00\",\"mainEntityOfPage\":{\"@id\":\"https:\\\/\\\/ru.law\\\/wer-traegt-die-verantwortung-fuer-den-dieselabgasskandal\\\/\"},\"wordCount\":303,\"publisher\":{\"@id\":\"https:\\\/\\\/ru.law\\\/#organization\"},\"image\":{\"@id\":\"https:\\\/\\\/ru.law\\\/wer-traegt-die-verantwortung-fuer-den-dieselabgasskandal\\\/#primaryimage\"},\"thumbnailUrl\":\"https:\\\/\\\/ru.law\\\/wp-content\\\/uploads\\\/2021\\\/09\\\/Rogert-Ulbrich-Rechtsanwalt-Kanzlei-VW-Volkswagen-Betrugsprozess-Abgasskandal.jpg\",\"keywords\":[\"Prozess\",\"Software-Update\",\"Volkswagen\"],\"articleSection\":[\"Abgasskandal\"],\"inLanguage\":\"en-GB\"},{\"@type\":\"WebPage\",\"@id\":\"https:\\\/\\\/ru.law\\\/wer-traegt-die-verantwortung-fuer-den-dieselabgasskandal\\\/\",\"url\":\"https:\\\/\\\/ru.law\\\/wer-traegt-die-verantwortung-fuer-den-dieselabgasskandal\\\/\",\"name\":\"VW-Diesel-Betrugsprozess startet - Wer tr\u00e4gt die Verantwortung? - R&amp;U\",\"isPartOf\":{\"@id\":\"https:\\\/\\\/ru.law\\\/#website\"},\"primaryImageOfPage\":{\"@id\":\"https:\\\/\\\/ru.law\\\/wer-traegt-die-verantwortung-fuer-den-dieselabgasskandal\\\/#primaryimage\"},\"image\":{\"@id\":\"https:\\\/\\\/ru.law\\\/wer-traegt-die-verantwortung-fuer-den-dieselabgasskandal\\\/#primaryimage\"},\"thumbnailUrl\":\"https:\\\/\\\/ru.law\\\/wp-content\\\/uploads\\\/2021\\\/09\\\/Rogert-Ulbrich-Rechtsanwalt-Kanzlei-VW-Volkswagen-Betrugsprozess-Abgasskandal.jpg\",\"datePublished\":\"2021-09-17T07:48:20+00:00\",\"dateModified\":\"2024-07-08T11:12:16+00:00\",\"description\":\"Jetzt wird gekl\u00e4rt wer die\u00a0pers\u00f6nliche\u00a0Verantwortung f\u00fcr die millionenfache Manipulation von Dieselabgasen tr\u00e4gt.\",\"breadcrumb\":{\"@id\":\"https:\\\/\\\/ru.law\\\/wer-traegt-die-verantwortung-fuer-den-dieselabgasskandal\\\/#breadcrumb\"},\"inLanguage\":\"en-GB\",\"potentialAction\":[{\"@type\":\"ReadAction\",\"target\":[\"https:\\\/\\\/ru.law\\\/wer-traegt-die-verantwortung-fuer-den-dieselabgasskandal\\\/\"]}]},{\"@type\":\"ImageObject\",\"inLanguage\":\"en-GB\",\"@id\":\"https:\\\/\\\/ru.law\\\/wer-traegt-die-verantwortung-fuer-den-dieselabgasskandal\\\/#primaryimage\",\"url\":\"https:\\\/\\\/ru.law\\\/wp-content\\\/uploads\\\/2021\\\/09\\\/Rogert-Ulbrich-Rechtsanwalt-Kanzlei-VW-Volkswagen-Betrugsprozess-Abgasskandal.jpg\",\"contentUrl\":\"https:\\\/\\\/ru.law\\\/wp-content\\\/uploads\\\/2021\\\/09\\\/Rogert-Ulbrich-Rechtsanwalt-Kanzlei-VW-Volkswagen-Betrugsprozess-Abgasskandal.jpg\",\"width\":1200,\"height\":675,\"caption\":\"Rogert-Ulbrich-Rechtsanwalt-Kanzlei-VW-Volkswagen-Betrugsprozess-Abgasskandal\"},{\"@type\":\"BreadcrumbList\",\"@id\":\"https:\\\/\\\/ru.law\\\/wer-traegt-die-verantwortung-fuer-den-dieselabgasskandal\\\/#breadcrumb\",\"itemListElement\":[{\"@type\":\"ListItem\",\"position\":1,\"name\":\"Startseite\",\"item\":\"https:\\\/\\\/ru.law\\\/\"},{\"@type\":\"ListItem\",\"position\":2,\"name\":\"VW-Diesel-Betrugsprozess startet &#8211; Wer tr\u00e4gt die Verantwortung?\"}]},{\"@type\":\"WebSite\",\"@id\":\"https:\\\/\\\/ru.law\\\/#website\",\"url\":\"https:\\\/\\\/ru.law\\\/\",\"name\":\"R&U\",\"description\":\"Verbraucheranw\u00e4lte\",\"publisher\":{\"@id\":\"https:\\\/\\\/ru.law\\\/#organization\"},\"alternateName\":\"Rogert & Ulbrich\",\"potentialAction\":[{\"@type\":\"SearchAction\",\"target\":{\"@type\":\"EntryPoint\",\"urlTemplate\":\"https:\\\/\\\/ru.law\\\/?s={search_term_string}\"},\"query-input\":{\"@type\":\"PropertyValueSpecification\",\"valueRequired\":true,\"valueName\":\"search_term_string\"}}],\"inLanguage\":\"en-GB\"},{\"@type\":\"Organization\",\"@id\":\"https:\\\/\\\/ru.law\\\/#organization\",\"name\":\"Kanzlei Rogert & Ulbrich\",\"url\":\"https:\\\/\\\/ru.law\\\/\",\"logo\":{\"@type\":\"ImageObject\",\"inLanguage\":\"en-GB\",\"@id\":\"https:\\\/\\\/ru.law\\\/#\\\/schema\\\/logo\\\/image\\\/\",\"url\":\"https:\\\/\\\/ru.law\\\/wp-content\\\/uploads\\\/2020\\\/12\\\/logo-ru-law.svg\",\"contentUrl\":\"https:\\\/\\\/ru.law\\\/wp-content\\\/uploads\\\/2020\\\/12\\\/logo-ru-law.svg\",\"width\":992,\"height\":259,\"caption\":\"Kanzlei Rogert & Ulbrich\"},\"image\":{\"@id\":\"https:\\\/\\\/ru.law\\\/#\\\/schema\\\/logo\\\/image\\\/\"},\"sameAs\":[\"https:\\\/\\\/www.facebook.com\\\/RogertUlbrich\\\/\",\"https:\\\/\\\/x.com\\\/RogertUlbrich\",\"https:\\\/\\\/www.instagram.com\\\/rogertulbrich\\\/\",\"https:\\\/\\\/www.linkedin.com\\\/company\\\/rogert-ulbrich\\\/\",\"https:\\\/\\\/www.youtube.com\\\/channel\\\/UCganCgpvwpPFqMFf1vVmG2A\"]},{\"@type\":\"Person\",\"@id\":\"https:\\\/\\\/ru.law\\\/#\\\/schema\\\/person\\\/b020d506e6bbc471b4565d3a98173b87\",\"name\":\"Marco Rogert\",\"url\":\"https:\\\/\\\/ru.law\\\/en\\\/author\\\/rogertru-law\\\/\"}]}<\/script>\n<!-- \/ Yoast SEO Premium plugin. -->","yoast_head_json":{"title":"VW diesel emissions scandal trial begins \u2013 Who bears the responsibility? \u2013 R&amp;U","description":"Now it will be clarified who bears personal responsibility for the manipulation of diesel exhaust on a massive scale.","robots":{"index":"index","follow":"follow","max-snippet":"max-snippet:-1","max-image-preview":"max-image-preview:large","max-video-preview":"max-video-preview:-1"},"canonical":"https:\/\/ru.law\/en\/wer-traegt-die-verantwortung-fuer-den-dieselabgasskandal\/","og_locale":"en_GB","og_type":"article","og_title":"VW-Diesel-Betrugsprozess startet - Wer tr\u00e4gt die Verantwortung?","og_description":"Jetzt wird gekl\u00e4rt wer die\u00a0pers\u00f6nliche\u00a0Verantwortung f\u00fcr die millionenfache Manipulation von Dieselabgasen tr\u00e4gt.","og_url":"https:\/\/ru.law\/en\/wer-traegt-die-verantwortung-fuer-den-dieselabgasskandal\/","og_site_name":"R&amp;U","article_publisher":"https:\/\/www.facebook.com\/RogertUlbrich\/","article_published_time":"2021-09-17T07:48:20+00:00","article_modified_time":"2024-07-08T11:12:16+00:00","og_image":[{"width":1200,"height":675,"url":"https:\/\/ru.law\/wp-content\/uploads\/2021\/09\/Rogert-Ulbrich-Rechtsanwalt-Kanzlei-VW-Volkswagen-Betrugsprozess-Abgasskandal.jpg","type":"image\/jpeg"}],"author":"Marco Rogert","twitter_card":"summary_large_image","twitter_creator":"@RogertUlbrich","twitter_site":"@RogertUlbrich","schema":{"@context":"https:\/\/schema.org","@graph":[{"@type":"Article","@id":"https:\/\/ru.law\/wer-traegt-die-verantwortung-fuer-den-dieselabgasskandal\/#article","isPartOf":{"@id":"https:\/\/ru.law\/wer-traegt-die-verantwortung-fuer-den-dieselabgasskandal\/"},"author":{"name":"Marco Rogert","@id":"https:\/\/ru.law\/#\/schema\/person\/b020d506e6bbc471b4565d3a98173b87"},"headline":"VW-Diesel-Betrugsprozess startet &#8211; Wer tr\u00e4gt die Verantwortung?","datePublished":"2021-09-17T07:48:20+00:00","dateModified":"2024-07-08T11:12:16+00:00","mainEntityOfPage":{"@id":"https:\/\/ru.law\/wer-traegt-die-verantwortung-fuer-den-dieselabgasskandal\/"},"wordCount":303,"publisher":{"@id":"https:\/\/ru.law\/#organization"},"image":{"@id":"https:\/\/ru.law\/wer-traegt-die-verantwortung-fuer-den-dieselabgasskandal\/#primaryimage"},"thumbnailUrl":"https:\/\/ru.law\/wp-content\/uploads\/2021\/09\/Rogert-Ulbrich-Rechtsanwalt-Kanzlei-VW-Volkswagen-Betrugsprozess-Abgasskandal.jpg","keywords":["Prozess","Software-Update","Volkswagen"],"articleSection":["Abgasskandal"],"inLanguage":"en-GB"},{"@type":"WebPage","@id":"https:\/\/ru.law\/wer-traegt-die-verantwortung-fuer-den-dieselabgasskandal\/","url":"https:\/\/ru.law\/wer-traegt-die-verantwortung-fuer-den-dieselabgasskandal\/","name":"VW diesel emissions scandal trial begins \u2013 Who bears the responsibility? \u2013 R&amp;U","isPartOf":{"@id":"https:\/\/ru.law\/#website"},"primaryImageOfPage":{"@id":"https:\/\/ru.law\/wer-traegt-die-verantwortung-fuer-den-dieselabgasskandal\/#primaryimage"},"image":{"@id":"https:\/\/ru.law\/wer-traegt-die-verantwortung-fuer-den-dieselabgasskandal\/#primaryimage"},"thumbnailUrl":"https:\/\/ru.law\/wp-content\/uploads\/2021\/09\/Rogert-Ulbrich-Rechtsanwalt-Kanzlei-VW-Volkswagen-Betrugsprozess-Abgasskandal.jpg","datePublished":"2021-09-17T07:48:20+00:00","dateModified":"2024-07-08T11:12:16+00:00","description":"Now it will be clarified who bears personal responsibility for the manipulation of diesel exhaust on a massive scale.","breadcrumb":{"@id":"https:\/\/ru.law\/wer-traegt-die-verantwortung-fuer-den-dieselabgasskandal\/#breadcrumb"},"inLanguage":"en-GB","potentialAction":[{"@type":"ReadAction","target":["https:\/\/ru.law\/wer-traegt-die-verantwortung-fuer-den-dieselabgasskandal\/"]}]},{"@type":"ImageObject","inLanguage":"en-GB","@id":"https:\/\/ru.law\/wer-traegt-die-verantwortung-fuer-den-dieselabgasskandal\/#primaryimage","url":"https:\/\/ru.law\/wp-content\/uploads\/2021\/09\/Rogert-Ulbrich-Rechtsanwalt-Kanzlei-VW-Volkswagen-Betrugsprozess-Abgasskandal.jpg","contentUrl":"https:\/\/ru.law\/wp-content\/uploads\/2021\/09\/Rogert-Ulbrich-Rechtsanwalt-Kanzlei-VW-Volkswagen-Betrugsprozess-Abgasskandal.jpg","width":1200,"height":675,"caption":"Rogert-Ulbrich-Rechtsanwalt-Kanzlei-VW-Volkswagen-Betrugsprozess-Abgasskandal"},{"@type":"BreadcrumbList","@id":"https:\/\/ru.law\/wer-traegt-die-verantwortung-fuer-den-dieselabgasskandal\/#breadcrumb","itemListElement":[{"@type":"ListItem","position":1,"name":"Startseite","item":"https:\/\/ru.law\/"},{"@type":"ListItem","position":2,"name":"VW-Diesel-Betrugsprozess startet &#8211; Wer tr\u00e4gt die Verantwortung?"}]},{"@type":"WebSite","@id":"https:\/\/ru.law\/#website","url":"https:\/\/ru.law\/","name":"R&amp;U","description":"Consumer lawyers","publisher":{"@id":"https:\/\/ru.law\/#organization"},"alternateName":"Rogert & Ulbrich","potentialAction":[{"@type":"SearchAction","target":{"@type":"EntryPoint","urlTemplate":"https:\/\/ru.law\/?s={search_term_string}"},"query-input":{"@type":"PropertyValueSpecification","valueRequired":true,"valueName":"search_term_string"}}],"inLanguage":"en-GB"},{"@type":"Organization","@id":"https:\/\/ru.law\/#organization","name":"Rogert &amp; Ulbrich Law Firm","url":"https:\/\/ru.law\/","logo":{"@type":"ImageObject","inLanguage":"en-GB","@id":"https:\/\/ru.law\/#\/schema\/logo\/image\/","url":"https:\/\/ru.law\/wp-content\/uploads\/2020\/12\/logo-ru-law.svg","contentUrl":"https:\/\/ru.law\/wp-content\/uploads\/2020\/12\/logo-ru-law.svg","width":992,"height":259,"caption":"Kanzlei Rogert & Ulbrich"},"image":{"@id":"https:\/\/ru.law\/#\/schema\/logo\/image\/"},"sameAs":["https:\/\/www.facebook.com\/RogertUlbrich\/","https:\/\/x.com\/RogertUlbrich","https:\/\/www.instagram.com\/rogertulbrich\/","https:\/\/www.linkedin.com\/company\/rogert-ulbrich\/","https:\/\/www.youtube.com\/channel\/UCganCgpvwpPFqMFf1vVmG2A"]},{"@type":"Person","@id":"https:\/\/ru.law\/#\/schema\/person\/b020d506e6bbc471b4565d3a98173b87","name":"Marco Rogert","url":"https:\/\/ru.law\/en\/author\/rogertru-law\/"}]}},"uagb_featured_image_src":{"full":["https:\/\/ru.law\/wp-content\/uploads\/2021\/09\/Rogert-Ulbrich-Rechtsanwalt-Kanzlei-VW-Volkswagen-Betrugsprozess-Abgasskandal.jpg",1200,675,false],"thumbnail":["https:\/\/ru.law\/wp-content\/uploads\/2021\/09\/Rogert-Ulbrich-Rechtsanwalt-Kanzlei-VW-Volkswagen-Betrugsprozess-Abgasskandal-150x150.jpg",96,96,true],"medium":["https:\/\/ru.law\/wp-content\/uploads\/2021\/09\/Rogert-Ulbrich-Rechtsanwalt-Kanzlei-VW-Volkswagen-Betrugsprozess-Abgasskandal-300x169.jpg",300,169,true],"medium_large":["https:\/\/ru.law\/wp-content\/uploads\/2021\/09\/Rogert-Ulbrich-Rechtsanwalt-Kanzlei-VW-Volkswagen-Betrugsprozess-Abgasskandal-768x432.jpg",768,432,true],"large":["https:\/\/ru.law\/wp-content\/uploads\/2021\/09\/Rogert-Ulbrich-Rechtsanwalt-Kanzlei-VW-Volkswagen-Betrugsprozess-Abgasskandal-1024x576.jpg",1024,576,true],"1536x1536":["https:\/\/ru.law\/wp-content\/uploads\/2021\/09\/Rogert-Ulbrich-Rechtsanwalt-Kanzlei-VW-Volkswagen-Betrugsprozess-Abgasskandal.jpg",1200,675,false],"2048x2048":["https:\/\/ru.law\/wp-content\/uploads\/2021\/09\/Rogert-Ulbrich-Rechtsanwalt-Kanzlei-VW-Volkswagen-Betrugsprozess-Abgasskandal.jpg",1200,675,false],"trp-custom-language-flag":["https:\/\/ru.law\/wp-content\/uploads\/2021\/09\/Rogert-Ulbrich-Rechtsanwalt-Kanzlei-VW-Volkswagen-Betrugsprozess-Abgasskandal.jpg",18,10,false]},"uagb_author_info":{"display_name":"Marco Rogert","author_link":"https:\/\/ru.law\/en\/author\/rogertru-law\/"},"uagb_comment_info":0,"uagb_excerpt":"Vor dem Landgericht Braunschweig (Az: 6 KLs 23\/19) wird jetzt gekl\u00e4rt, wer die&nbsp;pers\u00f6nliche&nbsp;Verantwortung f\u00fcr die millionenfache Manipulation von Dieselfahrzeugen tr\u00e4gt. Der Dieselabgasskandal flog vor 6 [&hellip;]","_links":{"self":[{"href":"https:\/\/ru.law\/en\/wp-json\/wp\/v2\/posts\/21453","targetHints":{"allow":["GET"]}}],"collection":[{"href":"https:\/\/ru.law\/en\/wp-json\/wp\/v2\/posts"}],"about":[{"href":"https:\/\/ru.law\/en\/wp-json\/wp\/v2\/types\/post"}],"author":[{"embeddable":true,"href":"https:\/\/ru.law\/en\/wp-json\/wp\/v2\/users\/21"}],"replies":[{"embeddable":true,"href":"https:\/\/ru.law\/en\/wp-json\/wp\/v2\/comments?post=21453"}],"version-history":[{"count":0,"href":"https:\/\/ru.law\/en\/wp-json\/wp\/v2\/posts\/21453\/revisions"}],"wp:featuredmedia":[{"embeddable":true,"href":"https:\/\/ru.law\/en\/wp-json\/wp\/v2\/media\/21481"}],"wp:attachment":[{"href":"https:\/\/ru.law\/en\/wp-json\/wp\/v2\/media?parent=21453"}],"wp:term":[{"taxonomy":"category","embeddable":true,"href":"https:\/\/ru.law\/en\/wp-json\/wp\/v2\/categories?post=21453"},{"taxonomy":"post_tag","embeddable":true,"href":"https:\/\/ru.law\/en\/wp-json\/wp\/v2\/tags?post=21453"}],"curies":[{"name":"wp","href":"https:\/\/api.w.org\/{rel}","templated":true}]}}