{"id":20337,"date":"2021-07-30T12:52:20","date_gmt":"2021-07-30T10:52:20","guid":{"rendered":"https:\/\/ru.law\/?p=20337"},"modified":"2024-07-08T13:12:23","modified_gmt":"2024-07-08T11:12:23","slug":"olg-koeln-bestaetigt-schadensersatzanspruch-beim-vw-t5","status":"publish","type":"post","link":"https:\/\/ru.law\/en\/olg-koeln-bestaetigt-schadensersatzanspruch-beim-vw-t5\/","title":{"rendered":"Cologne Higher Regional Court confirms claim for damages in VW T5"},"content":{"rendered":"<p>The Higher Regional Court of Cologne has granted our client (<a href=\"https:\/\/www.presseportal.de\/pm\/119896\/4978520\" target=\"_blank\" rel=\"noreferrer noopener\">Ref. No. I-25 U 91\/20<\/a>) damages in the amount of \u20ac48,000. The vehicle in question is a VW camper van. The plaintiff&#039;s camper van is equipped with the controversial EA189 engine, which, according to the court, is also equipped with an illegal defeat device. <\/p>\n\n\n\n<h2 class=\"wp-block-heading\" id=\"h-entschadigung-auch-ohne-offiziellen-kba-ruckruf\">Compensation even without an official KBA recall<\/h2>\n\n\n\n<p>Although there was never an official recall for the VW T5 from the Federal Motor Transport Authority, the court awarded our client damages. The motorhome is equipped with the same engine (EA189) as other VW vehicles with an official KBA recall. The advantage: Since there has been no official recall for this model to date, the statute of limitations has not expired. &quot;I advise anyone who owns a T5 to seek legal advice from a specialist lawyer.&quot;&nbsp;<a href=\"https:\/\/ru.law\/en\/expertise\/abgasskandal\/vw-diesel\/#erstberatung\">advise<\/a>&nbsp;to let it go,&quot; says Dr. Marco Rogert, whose law firm handled this case in Cologne.  <\/p>\n\n\n\n<h3 class=\"wp-block-heading\" id=\"h-rogert-ulbrich-empfiehlt\">Rogert &amp; Ulbrich recommends<\/h3>\n\n\n\n<p>We are a renowned law firm with special expertise in consumer protection. We advise and represent vehicle buyers nationwide who have been harmed in the diesel emissions scandal. Therefore, we also recommend your <a href=\"https:\/\/ru.law\/en\/\">claims for damages<\/a> to have it checked and asserted. <\/p>\n\n\n\n<section class=\"wp-block-uagb-columns uagb-columns__wrap uagb-columns__background-undefined uagb-columns__stack-mobile uagb-columns__valign-undefined uagb-columns__gap-10 alignundefined uagb-block-c4a150d3 contrast blog_beitraege\"><div class=\"uagb-columns__overlay\"><\/div><div class=\"uagb-columns__inner-wrap uagb-columns__columns-1\">\n<div class=\"wp-block-uagb-column uagb-column__wrap uagb-column__background-undefined uagb-block-713d3fd1\"><div class=\"uagb-column__overlay\"><\/div><div class=\"uagb-column__inner-wrap\">\n<h3 class=\"wp-block-heading\" id=\"h-das-konnte-sie-auch-interessieren\">You might also be interested in:<\/h3>\n\n\n\n\t\t\t<div class=\"wp-block-uagb-post-grid uagb-post-grid  uagb-post__image-position-top uagb-post__image-enabled uagb-block-8c8a54b4     uagb-post__items uagb-post__columns-3 is-grid uagb-post__columns-tablet-2 uagb-post__columns-mobile-1 uagb-post__equal-height\" data-total=\"2\" style=\"\">\n\n\t\t\t\t\t\t\t\t\t\t\t\t<article class=\"uagb-post__inner-wrap\">\t\t\t\t\t\t\t\t<div class='uagb-post__image'>\n\t\t\t\t\t\t\t\t\t<a href=\"https:\/\/ru.law\/en\/fiat-abgasskandal-abschalteinrichtungen-in-sunlight-wohnmobil\/\" target=\"_self\" rel=\"bookmark noopener noreferrer\" class='uagb-image-ratio-inherit'><img loading=\"lazy\" decoding=\"async\" width=\"1024\" height=\"576\" src=\"https:\/\/ru.law\/wp-content\/uploads\/2023\/10\/ogert-Ulbrich-Rechtsanwaelte-Kanzlei-Abgasskandal-Fiat-Wohmoil-Ducato.png\" class=\"attachment-large size-large\" alt=\"\" srcset=\"https:\/\/ru.law\/wp-content\/uploads\/2023\/10\/ogert-Ulbrich-Rechtsanwaelte-Kanzlei-Abgasskandal-Fiat-Wohmoil-Ducato.png 1024w, https:\/\/ru.law\/wp-content\/uploads\/2023\/10\/ogert-Ulbrich-Rechtsanwaelte-Kanzlei-Abgasskandal-Fiat-Wohmoil-Ducato-768x432.png 768w\" sizes=\"auto, (max-width: 1024px) 100vw, 1024px\" \/>\t\t\t\t\t<\/a>\n\t\t\t\t\t\t\t<\/div>\n\t\t\t\t\t\t<h4 class=\"uagb-post__title uagb-post__text\">\n\t\t\t\t<a href=\"https:\/\/ru.law\/en\/fiat-abgasskandal-abschalteinrichtungen-in-sunlight-wohnmobil\/\" target=\"_self\" rel=\"bookmark noopener noreferrer\">Fiat emissions scandal: defeat devices in Sunlight motorhome<\/a>\n\t\t\t<\/h4>\n\t\t\t\t\t\t<div class='uagb-post__text uagb-post-grid-byline'>\n\t\t\t\t\t\t\t<\/div>\n\t\t\t\t\t\t\t<div class='uagb-post__text uagb-post__excerpt'>\n\t\t\t\t\t<p>The Naumburg Higher Regional Court ruled on September 15, 2023 that Stellantis, the parent company of Fiat-Chrysler,\u2026\t\t\t\t<\/div>\n\t\t\t\n\t\t\t\t\t\t\t\t\t<\/article>\n\t\t\t\t\t\t\t\t\t\t\t\t\t\t\t\t<article class=\"uagb-post__inner-wrap\">\t\t\t\t\t\t\t\t<div class='uagb-post__image'>\n\t\t\t\t\t\t\t\t\t<a href=\"https:\/\/ru.law\/en\/fiat-abgasskandal-immer-mehr-wohnmobile-betroffen\/\" target=\"_self\" rel=\"bookmark noopener noreferrer\" class='uagb-image-ratio-inherit'><img loading=\"lazy\" decoding=\"async\" width=\"1024\" height=\"576\" src=\"https:\/\/ru.law\/wp-content\/uploads\/2022\/04\/Rogert-Ulbrich-Rechtsanwaelte-Kanzlei-Abgasskandal-Fiat-Wohmoil-Ducato-1024x576.jpg\" class=\"attachment-large size-large\" alt=\"\" srcset=\"https:\/\/ru.law\/wp-content\/uploads\/2022\/04\/Rogert-Ulbrich-Rechtsanwaelte-Kanzlei-Abgasskandal-Fiat-Wohmoil-Ducato-1024x576.jpg 1024w, https:\/\/ru.law\/wp-content\/uploads\/2022\/04\/Rogert-Ulbrich-Rechtsanwaelte-Kanzlei-Abgasskandal-Fiat-Wohmoil-Ducato-300x169.jpg 300w, https:\/\/ru.law\/wp-content\/uploads\/2022\/04\/Rogert-Ulbrich-Rechtsanwaelte-Kanzlei-Abgasskandal-Fiat-Wohmoil-Ducato-768x432.jpg 768w, https:\/\/ru.law\/wp-content\/uploads\/2022\/04\/Rogert-Ulbrich-Rechtsanwaelte-Kanzlei-Abgasskandal-Fiat-Wohmoil-Ducato.jpg 1200w\" sizes=\"auto, (max-width: 1024px) 100vw, 1024px\" \/>\t\t\t\t\t<\/a>\n\t\t\t\t\t\t\t<\/div>\n\t\t\t\t\t\t<h4 class=\"uagb-post__title uagb-post__text\">\n\t\t\t\t<a href=\"https:\/\/ru.law\/en\/fiat-abgasskandal-immer-mehr-wohnmobile-betroffen\/\" target=\"_self\" rel=\"bookmark noopener noreferrer\">Fiat emissions scandal: More and more motorhomes affected<\/a>\n\t\t\t<\/h4>\n\t\t\t\t\t\t<div class='uagb-post__text uagb-post-grid-byline'>\n\t\t\t\t\t\t\t<\/div>\n\t\t\t\t\t\t\t<div class='uagb-post__text uagb-post__excerpt'>\n\t\t\t\t\t<p>The Regional Court (LG) Dessau-Ro\u00dflau sentenced FCA Italy SpA (Fiat Chrysler Automobiles) to pay\u2026\t\t\t\t<\/div>\n\t\t\t\n\t\t\t\t\t\t\t\t\t<\/article>\n\t\t\t\t\t\t\t\t\t\t\t\t\t\t\t\t<article class=\"uagb-post__inner-wrap\">\t\t\t\t\t\t\t\t<div class='uagb-post__image'>\n\t\t\t\t\t\t\t\t\t<a href=\"https:\/\/ru.law\/en\/fiat-abgasskandal-chancen-fuer-verbraucher-steigen\/\" target=\"_self\" rel=\"bookmark noopener noreferrer\" class='uagb-image-ratio-inherit'><img loading=\"lazy\" decoding=\"async\" width=\"1024\" height=\"576\" src=\"https:\/\/ru.law\/wp-content\/uploads\/2022\/04\/Rogert-Ulbrich-Rechtsanwaelte-Kanzlei-Abgasskandal-Fiat-Wohnmobil-Schadensersatz-1024x576.jpg\" class=\"attachment-large size-large\" alt=\"\" srcset=\"https:\/\/ru.law\/wp-content\/uploads\/2022\/04\/Rogert-Ulbrich-Rechtsanwaelte-Kanzlei-Abgasskandal-Fiat-Wohnmobil-Schadensersatz-1024x576.jpg 1024w, https:\/\/ru.law\/wp-content\/uploads\/2022\/04\/Rogert-Ulbrich-Rechtsanwaelte-Kanzlei-Abgasskandal-Fiat-Wohnmobil-Schadensersatz-300x169.jpg 300w, https:\/\/ru.law\/wp-content\/uploads\/2022\/04\/Rogert-Ulbrich-Rechtsanwaelte-Kanzlei-Abgasskandal-Fiat-Wohnmobil-Schadensersatz-768x432.jpg 768w, https:\/\/ru.law\/wp-content\/uploads\/2022\/04\/Rogert-Ulbrich-Rechtsanwaelte-Kanzlei-Abgasskandal-Fiat-Wohnmobil-Schadensersatz.jpg 1200w\" sizes=\"auto, (max-width: 1024px) 100vw, 1024px\" \/>\t\t\t\t\t<\/a>\n\t\t\t\t\t\t\t<\/div>\n\t\t\t\t\t\t<h4 class=\"uagb-post__title uagb-post__text\">\n\t\t\t\t<a href=\"https:\/\/ru.law\/en\/fiat-abgasskandal-chancen-fuer-verbraucher-steigen\/\" target=\"_self\" rel=\"bookmark noopener noreferrer\">Fiat emissions scandal: opportunities for consumers increase<\/a>\n\t\t\t<\/h4>\n\t\t\t\t\t\t<div class='uagb-post__text uagb-post-grid-byline'>\n\t\t\t\t\t\t\t<\/div>\n\t\t\t\t\t\t\t<div class='uagb-post__text uagb-post__excerpt'>\n\t\t\t\t\t<p>The Higher Regional Court (OLG) of Cologne announced in a decision dated February 24, 2022 that it intends to\u2026\t\t\t\t<\/div>\n\t\t\t\n\t\t\t\t\t\t\t\t\t<\/article>\n\t\t\t\t\t\t\t\t\t\t\t<\/div>\n\t\t\t<\/div><\/div>\n<\/div><\/section>","protected":false},"excerpt":{"rendered":"<p>Das OLG K\u00f6ln spricht unserem Mandanten (Az. I-25 U 91\/20) einen Schadensersatz in H\u00f6he von \u20ac 48.000,- zu. Bei dem streitgegenst\u00e4ndlichen Fahrzeug handelt es sich [&hellip;]<\/p>\n","protected":false},"author":21,"featured_media":20347,"comment_status":"closed","ping_status":"open","sticky":false,"template":"","format":"standard","meta":{"_uag_custom_page_level_css":"","site-sidebar-layout":"default","site-content-layout":"default","ast-site-content-layout":"default","site-content-style":"default","site-sidebar-style":"default","ast-global-header-display":"","ast-banner-title-visibility":"","ast-main-header-display":"","ast-hfb-above-header-display":"","ast-hfb-below-header-display":"","ast-hfb-mobile-header-display":"","site-post-title":"","ast-breadcrumbs-content":"","ast-featured-img":"","footer-sml-layout":"","ast-disable-related-posts":"","theme-transparent-header-meta":"default","adv-header-id-meta":"","stick-header-meta":"","header-above-stick-meta":"","header-main-stick-meta":"","header-below-stick-meta":"","astra-migrate-meta-layouts":"default","ast-page-background-enabled":"default","ast-page-background-meta":{"desktop":{"background-color":"","background-image":"","background-repeat":"repeat","background-position":"center center","background-size":"auto","background-attachment":"scroll","background-type":"","background-media":"","overlay-type":"","overlay-color":"","overlay-opacity":"","overlay-gradient":""},"tablet":{"background-color":"","background-image":"","background-repeat":"repeat","background-position":"center center","background-size":"auto","background-attachment":"scroll","background-type":"","background-media":"","overlay-type":"","overlay-color":"","overlay-opacity":"","overlay-gradient":""},"mobile":{"background-color":"","background-image":"","background-repeat":"repeat","background-position":"center center","background-size":"auto","background-attachment":"scroll","background-type":"","background-media":"","overlay-type":"","overlay-color":"","overlay-opacity":"","overlay-gradient":""}},"ast-content-background-meta":{"desktop":{"background-color":"var(--ast-global-color-5)","background-image":"","background-repeat":"repeat","background-position":"center center","background-size":"auto","background-attachment":"scroll","background-type":"","background-media":"","overlay-type":"","overlay-color":"","overlay-opacity":"","overlay-gradient":""},"tablet":{"background-color":"var(--ast-global-color-5)","background-image":"","background-repeat":"repeat","background-position":"center center","background-size":"auto","background-attachment":"scroll","background-type":"","background-media":"","overlay-type":"","overlay-color":"","overlay-opacity":"","overlay-gradient":""},"mobile":{"background-color":"var(--ast-global-color-5)","background-image":"","background-repeat":"repeat","background-position":"center center","background-size":"auto","background-attachment":"scroll","background-type":"","background-media":"","overlay-type":"","overlay-color":"","overlay-opacity":"","overlay-gradient":""}},"footnotes":""},"categories":[2,507],"tags":[900,773],"class_list":["post-20337","post","type-post","status-publish","format-standard","has-post-thumbnail","hentry","category-abgasskandal","category-urteile","tag-volkswagen","tag-wohnmobil"],"yoast_head":"<!-- This site is optimized with the Yoast SEO Premium plugin v27.4 (Yoast SEO v27.4) - https:\/\/yoast.com\/product\/yoast-seo-premium-wordpress\/ -->\n<title>OLG K\u00f6ln best\u00e4tigt Schadensersatzanspruch beim VW T5 - R&amp;U<\/title>\n<meta name=\"description\" content=\"Das OLG K\u00f6ln spricht unserem Mandanten ( Az. I-25 U 91\/20) einen Schadensersatzanspruch in H\u00f6he von \u20ac 48.000,- zu.\" \/>\n<meta name=\"robots\" content=\"index, follow, max-snippet:-1, max-image-preview:large, max-video-preview:-1\" \/>\n<link rel=\"canonical\" href=\"https:\/\/ru.law\/en\/olg-koeln-bestaetigt-schadensersatzanspruch-beim-vw-t5\/\" \/>\n<meta property=\"og:locale\" content=\"en_GB\" \/>\n<meta property=\"og:type\" content=\"article\" \/>\n<meta property=\"og:title\" content=\"OLG K\u00f6ln best\u00e4tigt Schadensersatzanspruch beim VW T5\" \/>\n<meta property=\"og:description\" content=\"Das OLG K\u00f6ln spricht unserem Mandanten ( Az. I-25 U 91\/20) einen Schadensersatzanspruch in H\u00f6he von \u20ac 48.000,- zu.\" \/>\n<meta property=\"og:url\" content=\"https:\/\/ru.law\/en\/olg-koeln-bestaetigt-schadensersatzanspruch-beim-vw-t5\/\" \/>\n<meta property=\"og:site_name\" content=\"R&amp;U\" \/>\n<meta property=\"article:publisher\" content=\"https:\/\/www.facebook.com\/RogertUlbrich\/\" \/>\n<meta property=\"article:published_time\" content=\"2021-07-30T10:52:20+00:00\" \/>\n<meta property=\"article:modified_time\" content=\"2024-07-08T11:12:23+00:00\" \/>\n<meta property=\"og:image\" content=\"https:\/\/ru.law\/wp-content\/uploads\/2021\/07\/Rogert-Ulbrich-Rechtsanwalts-kanzlei-VW-Wohnmobil-Abgasskandal-T5.jpg\" \/>\n\t<meta property=\"og:image:width\" content=\"1200\" \/>\n\t<meta property=\"og:image:height\" content=\"675\" \/>\n\t<meta property=\"og:image:type\" content=\"image\/jpeg\" \/>\n<meta name=\"author\" content=\"Marco Rogert\" \/>\n<meta name=\"twitter:card\" content=\"summary_large_image\" \/>\n<meta name=\"twitter:creator\" content=\"@RogertUlbrich\" \/>\n<meta name=\"twitter:site\" content=\"@RogertUlbrich\" \/>\n<script type=\"application\/ld+json\" class=\"yoast-schema-graph\">{\"@context\":\"https:\\\/\\\/schema.org\",\"@graph\":[{\"@type\":\"Article\",\"@id\":\"https:\\\/\\\/ru.law\\\/olg-koeln-bestaetigt-schadensersatzanspruch-beim-vw-t5\\\/#article\",\"isPartOf\":{\"@id\":\"https:\\\/\\\/ru.law\\\/olg-koeln-bestaetigt-schadensersatzanspruch-beim-vw-t5\\\/\"},\"author\":{\"name\":\"Marco Rogert\",\"@id\":\"https:\\\/\\\/ru.law\\\/#\\\/schema\\\/person\\\/b020d506e6bbc471b4565d3a98173b87\"},\"headline\":\"OLG K\u00f6ln best\u00e4tigt Schadensersatzanspruch beim VW T5\",\"datePublished\":\"2021-07-30T10:52:20+00:00\",\"dateModified\":\"2024-07-08T11:12:23+00:00\",\"mainEntityOfPage\":{\"@id\":\"https:\\\/\\\/ru.law\\\/olg-koeln-bestaetigt-schadensersatzanspruch-beim-vw-t5\\\/\"},\"wordCount\":213,\"publisher\":{\"@id\":\"https:\\\/\\\/ru.law\\\/#organization\"},\"image\":{\"@id\":\"https:\\\/\\\/ru.law\\\/olg-koeln-bestaetigt-schadensersatzanspruch-beim-vw-t5\\\/#primaryimage\"},\"thumbnailUrl\":\"https:\\\/\\\/ru.law\\\/wp-content\\\/uploads\\\/2021\\\/07\\\/Rogert-Ulbrich-Rechtsanwalts-kanzlei-VW-Wohnmobil-Abgasskandal-T5.jpg\",\"keywords\":[\"Volkswagen\",\"Wohnmobil\"],\"articleSection\":[\"Abgasskandal\",\"Urteile\"],\"inLanguage\":\"en-GB\"},{\"@type\":\"WebPage\",\"@id\":\"https:\\\/\\\/ru.law\\\/olg-koeln-bestaetigt-schadensersatzanspruch-beim-vw-t5\\\/\",\"url\":\"https:\\\/\\\/ru.law\\\/olg-koeln-bestaetigt-schadensersatzanspruch-beim-vw-t5\\\/\",\"name\":\"OLG K\u00f6ln best\u00e4tigt Schadensersatzanspruch beim VW T5 - R&amp;U\",\"isPartOf\":{\"@id\":\"https:\\\/\\\/ru.law\\\/#website\"},\"primaryImageOfPage\":{\"@id\":\"https:\\\/\\\/ru.law\\\/olg-koeln-bestaetigt-schadensersatzanspruch-beim-vw-t5\\\/#primaryimage\"},\"image\":{\"@id\":\"https:\\\/\\\/ru.law\\\/olg-koeln-bestaetigt-schadensersatzanspruch-beim-vw-t5\\\/#primaryimage\"},\"thumbnailUrl\":\"https:\\\/\\\/ru.law\\\/wp-content\\\/uploads\\\/2021\\\/07\\\/Rogert-Ulbrich-Rechtsanwalts-kanzlei-VW-Wohnmobil-Abgasskandal-T5.jpg\",\"datePublished\":\"2021-07-30T10:52:20+00:00\",\"dateModified\":\"2024-07-08T11:12:23+00:00\",\"description\":\"Das OLG K\u00f6ln spricht unserem Mandanten ( Az. I-25 U 91\\\/20) einen Schadensersatzanspruch in H\u00f6he von \u20ac 48.000,- zu.\",\"breadcrumb\":{\"@id\":\"https:\\\/\\\/ru.law\\\/olg-koeln-bestaetigt-schadensersatzanspruch-beim-vw-t5\\\/#breadcrumb\"},\"inLanguage\":\"en-GB\",\"potentialAction\":[{\"@type\":\"ReadAction\",\"target\":[\"https:\\\/\\\/ru.law\\\/olg-koeln-bestaetigt-schadensersatzanspruch-beim-vw-t5\\\/\"]}]},{\"@type\":\"ImageObject\",\"inLanguage\":\"en-GB\",\"@id\":\"https:\\\/\\\/ru.law\\\/olg-koeln-bestaetigt-schadensersatzanspruch-beim-vw-t5\\\/#primaryimage\",\"url\":\"https:\\\/\\\/ru.law\\\/wp-content\\\/uploads\\\/2021\\\/07\\\/Rogert-Ulbrich-Rechtsanwalts-kanzlei-VW-Wohnmobil-Abgasskandal-T5.jpg\",\"contentUrl\":\"https:\\\/\\\/ru.law\\\/wp-content\\\/uploads\\\/2021\\\/07\\\/Rogert-Ulbrich-Rechtsanwalts-kanzlei-VW-Wohnmobil-Abgasskandal-T5.jpg\",\"width\":1200,\"height\":675},{\"@type\":\"BreadcrumbList\",\"@id\":\"https:\\\/\\\/ru.law\\\/olg-koeln-bestaetigt-schadensersatzanspruch-beim-vw-t5\\\/#breadcrumb\",\"itemListElement\":[{\"@type\":\"ListItem\",\"position\":1,\"name\":\"Startseite\",\"item\":\"https:\\\/\\\/ru.law\\\/\"},{\"@type\":\"ListItem\",\"position\":2,\"name\":\"OLG K\u00f6ln best\u00e4tigt Schadensersatzanspruch beim VW T5\"}]},{\"@type\":\"WebSite\",\"@id\":\"https:\\\/\\\/ru.law\\\/#website\",\"url\":\"https:\\\/\\\/ru.law\\\/\",\"name\":\"R&U\",\"description\":\"Verbraucheranw\u00e4lte\",\"publisher\":{\"@id\":\"https:\\\/\\\/ru.law\\\/#organization\"},\"alternateName\":\"Rogert & Ulbrich\",\"potentialAction\":[{\"@type\":\"SearchAction\",\"target\":{\"@type\":\"EntryPoint\",\"urlTemplate\":\"https:\\\/\\\/ru.law\\\/?s={search_term_string}\"},\"query-input\":{\"@type\":\"PropertyValueSpecification\",\"valueRequired\":true,\"valueName\":\"search_term_string\"}}],\"inLanguage\":\"en-GB\"},{\"@type\":\"Organization\",\"@id\":\"https:\\\/\\\/ru.law\\\/#organization\",\"name\":\"Kanzlei Rogert & Ulbrich\",\"url\":\"https:\\\/\\\/ru.law\\\/\",\"logo\":{\"@type\":\"ImageObject\",\"inLanguage\":\"en-GB\",\"@id\":\"https:\\\/\\\/ru.law\\\/#\\\/schema\\\/logo\\\/image\\\/\",\"url\":\"https:\\\/\\\/ru.law\\\/wp-content\\\/uploads\\\/2020\\\/12\\\/logo-ru-law.svg\",\"contentUrl\":\"https:\\\/\\\/ru.law\\\/wp-content\\\/uploads\\\/2020\\\/12\\\/logo-ru-law.svg\",\"width\":992,\"height\":259,\"caption\":\"Kanzlei Rogert & Ulbrich\"},\"image\":{\"@id\":\"https:\\\/\\\/ru.law\\\/#\\\/schema\\\/logo\\\/image\\\/\"},\"sameAs\":[\"https:\\\/\\\/www.facebook.com\\\/RogertUlbrich\\\/\",\"https:\\\/\\\/x.com\\\/RogertUlbrich\",\"https:\\\/\\\/www.instagram.com\\\/rogertulbrich\\\/\",\"https:\\\/\\\/www.linkedin.com\\\/company\\\/rogert-ulbrich\\\/\",\"https:\\\/\\\/www.youtube.com\\\/channel\\\/UCganCgpvwpPFqMFf1vVmG2A\"]},{\"@type\":\"Person\",\"@id\":\"https:\\\/\\\/ru.law\\\/#\\\/schema\\\/person\\\/b020d506e6bbc471b4565d3a98173b87\",\"name\":\"Marco Rogert\",\"url\":\"https:\\\/\\\/ru.law\\\/en\\\/author\\\/rogertru-law\\\/\"}]}<\/script>\n<!-- \/ Yoast SEO Premium plugin. -->","yoast_head_json":{"title":"Cologne Higher Regional Court confirms claim for damages in VW T5 case - R&amp;U","description":"The Higher Regional Court of Cologne (Case No. I-25 U 91\/20) awarded our client damages in the amount of \u20ac48,000.","robots":{"index":"index","follow":"follow","max-snippet":"max-snippet:-1","max-image-preview":"max-image-preview:large","max-video-preview":"max-video-preview:-1"},"canonical":"https:\/\/ru.law\/en\/olg-koeln-bestaetigt-schadensersatzanspruch-beim-vw-t5\/","og_locale":"en_GB","og_type":"article","og_title":"OLG K\u00f6ln best\u00e4tigt Schadensersatzanspruch beim VW T5","og_description":"Das OLG K\u00f6ln spricht unserem Mandanten ( Az. I-25 U 91\/20) einen Schadensersatzanspruch in H\u00f6he von \u20ac 48.000,- zu.","og_url":"https:\/\/ru.law\/en\/olg-koeln-bestaetigt-schadensersatzanspruch-beim-vw-t5\/","og_site_name":"R&amp;U","article_publisher":"https:\/\/www.facebook.com\/RogertUlbrich\/","article_published_time":"2021-07-30T10:52:20+00:00","article_modified_time":"2024-07-08T11:12:23+00:00","og_image":[{"width":1200,"height":675,"url":"https:\/\/ru.law\/wp-content\/uploads\/2021\/07\/Rogert-Ulbrich-Rechtsanwalts-kanzlei-VW-Wohnmobil-Abgasskandal-T5.jpg","type":"image\/jpeg"}],"author":"Marco Rogert","twitter_card":"summary_large_image","twitter_creator":"@RogertUlbrich","twitter_site":"@RogertUlbrich","schema":{"@context":"https:\/\/schema.org","@graph":[{"@type":"Article","@id":"https:\/\/ru.law\/olg-koeln-bestaetigt-schadensersatzanspruch-beim-vw-t5\/#article","isPartOf":{"@id":"https:\/\/ru.law\/olg-koeln-bestaetigt-schadensersatzanspruch-beim-vw-t5\/"},"author":{"name":"Marco Rogert","@id":"https:\/\/ru.law\/#\/schema\/person\/b020d506e6bbc471b4565d3a98173b87"},"headline":"OLG K\u00f6ln best\u00e4tigt Schadensersatzanspruch beim VW T5","datePublished":"2021-07-30T10:52:20+00:00","dateModified":"2024-07-08T11:12:23+00:00","mainEntityOfPage":{"@id":"https:\/\/ru.law\/olg-koeln-bestaetigt-schadensersatzanspruch-beim-vw-t5\/"},"wordCount":213,"publisher":{"@id":"https:\/\/ru.law\/#organization"},"image":{"@id":"https:\/\/ru.law\/olg-koeln-bestaetigt-schadensersatzanspruch-beim-vw-t5\/#primaryimage"},"thumbnailUrl":"https:\/\/ru.law\/wp-content\/uploads\/2021\/07\/Rogert-Ulbrich-Rechtsanwalts-kanzlei-VW-Wohnmobil-Abgasskandal-T5.jpg","keywords":["Volkswagen","Wohnmobil"],"articleSection":["Abgasskandal","Urteile"],"inLanguage":"en-GB"},{"@type":"WebPage","@id":"https:\/\/ru.law\/olg-koeln-bestaetigt-schadensersatzanspruch-beim-vw-t5\/","url":"https:\/\/ru.law\/olg-koeln-bestaetigt-schadensersatzanspruch-beim-vw-t5\/","name":"Cologne Higher Regional Court confirms claim for damages in VW T5 case - R&amp;U","isPartOf":{"@id":"https:\/\/ru.law\/#website"},"primaryImageOfPage":{"@id":"https:\/\/ru.law\/olg-koeln-bestaetigt-schadensersatzanspruch-beim-vw-t5\/#primaryimage"},"image":{"@id":"https:\/\/ru.law\/olg-koeln-bestaetigt-schadensersatzanspruch-beim-vw-t5\/#primaryimage"},"thumbnailUrl":"https:\/\/ru.law\/wp-content\/uploads\/2021\/07\/Rogert-Ulbrich-Rechtsanwalts-kanzlei-VW-Wohnmobil-Abgasskandal-T5.jpg","datePublished":"2021-07-30T10:52:20+00:00","dateModified":"2024-07-08T11:12:23+00:00","description":"The Higher Regional Court of Cologne (Case No. I-25 U 91\/20) awarded our client damages in the amount of \u20ac48,000.","breadcrumb":{"@id":"https:\/\/ru.law\/olg-koeln-bestaetigt-schadensersatzanspruch-beim-vw-t5\/#breadcrumb"},"inLanguage":"en-GB","potentialAction":[{"@type":"ReadAction","target":["https:\/\/ru.law\/olg-koeln-bestaetigt-schadensersatzanspruch-beim-vw-t5\/"]}]},{"@type":"ImageObject","inLanguage":"en-GB","@id":"https:\/\/ru.law\/olg-koeln-bestaetigt-schadensersatzanspruch-beim-vw-t5\/#primaryimage","url":"https:\/\/ru.law\/wp-content\/uploads\/2021\/07\/Rogert-Ulbrich-Rechtsanwalts-kanzlei-VW-Wohnmobil-Abgasskandal-T5.jpg","contentUrl":"https:\/\/ru.law\/wp-content\/uploads\/2021\/07\/Rogert-Ulbrich-Rechtsanwalts-kanzlei-VW-Wohnmobil-Abgasskandal-T5.jpg","width":1200,"height":675},{"@type":"BreadcrumbList","@id":"https:\/\/ru.law\/olg-koeln-bestaetigt-schadensersatzanspruch-beim-vw-t5\/#breadcrumb","itemListElement":[{"@type":"ListItem","position":1,"name":"Startseite","item":"https:\/\/ru.law\/"},{"@type":"ListItem","position":2,"name":"OLG K\u00f6ln best\u00e4tigt Schadensersatzanspruch beim VW T5"}]},{"@type":"WebSite","@id":"https:\/\/ru.law\/#website","url":"https:\/\/ru.law\/","name":"R&amp;U","description":"Consumer lawyers","publisher":{"@id":"https:\/\/ru.law\/#organization"},"alternateName":"Rogert & Ulbrich","potentialAction":[{"@type":"SearchAction","target":{"@type":"EntryPoint","urlTemplate":"https:\/\/ru.law\/?s={search_term_string}"},"query-input":{"@type":"PropertyValueSpecification","valueRequired":true,"valueName":"search_term_string"}}],"inLanguage":"en-GB"},{"@type":"Organization","@id":"https:\/\/ru.law\/#organization","name":"Rogert &amp; Ulbrich Law Firm","url":"https:\/\/ru.law\/","logo":{"@type":"ImageObject","inLanguage":"en-GB","@id":"https:\/\/ru.law\/#\/schema\/logo\/image\/","url":"https:\/\/ru.law\/wp-content\/uploads\/2020\/12\/logo-ru-law.svg","contentUrl":"https:\/\/ru.law\/wp-content\/uploads\/2020\/12\/logo-ru-law.svg","width":992,"height":259,"caption":"Kanzlei Rogert & Ulbrich"},"image":{"@id":"https:\/\/ru.law\/#\/schema\/logo\/image\/"},"sameAs":["https:\/\/www.facebook.com\/RogertUlbrich\/","https:\/\/x.com\/RogertUlbrich","https:\/\/www.instagram.com\/rogertulbrich\/","https:\/\/www.linkedin.com\/company\/rogert-ulbrich\/","https:\/\/www.youtube.com\/channel\/UCganCgpvwpPFqMFf1vVmG2A"]},{"@type":"Person","@id":"https:\/\/ru.law\/#\/schema\/person\/b020d506e6bbc471b4565d3a98173b87","name":"Marco Rogert","url":"https:\/\/ru.law\/en\/author\/rogertru-law\/"}]}},"uagb_featured_image_src":{"full":["https:\/\/ru.law\/wp-content\/uploads\/2021\/07\/Rogert-Ulbrich-Rechtsanwalts-kanzlei-VW-Wohnmobil-Abgasskandal-T5.jpg",1200,675,false],"thumbnail":["https:\/\/ru.law\/wp-content\/uploads\/2021\/07\/Rogert-Ulbrich-Rechtsanwalts-kanzlei-VW-Wohnmobil-Abgasskandal-T5-150x150.jpg",96,96,true],"medium":["https:\/\/ru.law\/wp-content\/uploads\/2021\/07\/Rogert-Ulbrich-Rechtsanwalts-kanzlei-VW-Wohnmobil-Abgasskandal-T5-300x169.jpg",300,169,true],"medium_large":["https:\/\/ru.law\/wp-content\/uploads\/2021\/07\/Rogert-Ulbrich-Rechtsanwalts-kanzlei-VW-Wohnmobil-Abgasskandal-T5-768x432.jpg",768,432,true],"large":["https:\/\/ru.law\/wp-content\/uploads\/2021\/07\/Rogert-Ulbrich-Rechtsanwalts-kanzlei-VW-Wohnmobil-Abgasskandal-T5-1024x576.jpg",1024,576,true],"1536x1536":["https:\/\/ru.law\/wp-content\/uploads\/2021\/07\/Rogert-Ulbrich-Rechtsanwalts-kanzlei-VW-Wohnmobil-Abgasskandal-T5.jpg",1200,675,false],"2048x2048":["https:\/\/ru.law\/wp-content\/uploads\/2021\/07\/Rogert-Ulbrich-Rechtsanwalts-kanzlei-VW-Wohnmobil-Abgasskandal-T5.jpg",1200,675,false],"trp-custom-language-flag":["https:\/\/ru.law\/wp-content\/uploads\/2021\/07\/Rogert-Ulbrich-Rechtsanwalts-kanzlei-VW-Wohnmobil-Abgasskandal-T5.jpg",18,10,false]},"uagb_author_info":{"display_name":"Marco Rogert","author_link":"https:\/\/ru.law\/en\/author\/rogertru-law\/"},"uagb_comment_info":0,"uagb_excerpt":"Das OLG K\u00f6ln spricht unserem Mandanten (Az. I-25 U 91\/20) einen Schadensersatz in H\u00f6he von \u20ac 48.000,- zu. Bei dem streitgegenst\u00e4ndlichen Fahrzeug handelt es sich [&hellip;]","_links":{"self":[{"href":"https:\/\/ru.law\/en\/wp-json\/wp\/v2\/posts\/20337","targetHints":{"allow":["GET"]}}],"collection":[{"href":"https:\/\/ru.law\/en\/wp-json\/wp\/v2\/posts"}],"about":[{"href":"https:\/\/ru.law\/en\/wp-json\/wp\/v2\/types\/post"}],"author":[{"embeddable":true,"href":"https:\/\/ru.law\/en\/wp-json\/wp\/v2\/users\/21"}],"replies":[{"embeddable":true,"href":"https:\/\/ru.law\/en\/wp-json\/wp\/v2\/comments?post=20337"}],"version-history":[{"count":0,"href":"https:\/\/ru.law\/en\/wp-json\/wp\/v2\/posts\/20337\/revisions"}],"wp:featuredmedia":[{"embeddable":true,"href":"https:\/\/ru.law\/en\/wp-json\/wp\/v2\/media\/20347"}],"wp:attachment":[{"href":"https:\/\/ru.law\/en\/wp-json\/wp\/v2\/media?parent=20337"}],"wp:term":[{"taxonomy":"category","embeddable":true,"href":"https:\/\/ru.law\/en\/wp-json\/wp\/v2\/categories?post=20337"},{"taxonomy":"post_tag","embeddable":true,"href":"https:\/\/ru.law\/en\/wp-json\/wp\/v2\/tags?post=20337"}],"curies":[{"name":"wp","href":"https:\/\/api.w.org\/{rel}","templated":true}]}}