{"id":18883,"date":"2021-07-01T15:42:52","date_gmt":"2021-07-01T13:42:52","guid":{"rendered":"https:\/\/ru.law\/?p=18883"},"modified":"2024-07-08T13:12:28","modified_gmt":"2024-07-08T11:12:28","slug":"bgh-illegale-abschalteinrichtung-bei-mercedes-benz","status":"publish","type":"post","link":"https:\/\/ru.law\/en\/bgh-illegale-abschalteinrichtung-bei-mercedes-benz\/","title":{"rendered":"Illegal defeat device at Mercedes-Benz"},"content":{"rendered":"<p>It is currently evident that <a href=\"https:\/\/ru.law\/en\/expertise\/abgasskandal\/mercedes-benz-diesel\/\">Mercedes<\/a> has installed further illegal defeat devices in Mercedes vehicles. In the oral hearing before the Federal Court of Justice, it was determined that a temperature-controlled defeat device had been installed in the Mercedes-Benz C220 CDI in question. This time, it was a <a href=\"https:\/\/ru.law\/en\/expertise\/abgasskandal\/mercedes-benz-diesel\/#:~:text=Arten%20von%20Abschalteinrichtungen,Euro%205-Norm.\">Software function<\/a>which controls the temperature. The coolant circuit is artificially kept colder to delay the warming of the engine oil. This deliberately keeps the nitrogen oxide levels and thus the exhaust emissions on the test bench below the legally prescribed limit.<\/p>\n\n\n\n<h2 class=\"wp-block-heading\" id=\"h-schadensersatz-auch-ohne-kba-ruckruf\">Compensation even without KBA recall<\/h2>\n\n\n\n<p>In practice, courts often only awarded damages after an official recall by the Federal Motor Transport Authority. Since May 11, 2021, the situation has changed. The Federal Court of Justice ruled in favor of injured consumers. The success of the lawsuit will no longer be determined by the arbitrary KBA recall. This has led to numerous successful lawsuits against <a href=\"https:\/\/ru.law\/en\/expertise\/abgasskandal\/mercedes-benz-diesel\/#:~:text=Aktuelle%20Urteile%20im,O%20276\/19\">Daimler<\/a> is to be expected. <\/p>\n\n\n\n<section class=\"wp-block-uagb-columns uagb-columns__wrap uagb-columns__background-undefined uagb-columns__stack-mobile uagb-columns__valign-undefined uagb-columns__gap-10 alignundefined uagb-block-bc84277f contrast blog_beitraege\"><div class=\"uagb-columns__overlay\"><\/div><div class=\"uagb-columns__inner-wrap uagb-columns__columns-1\">\n<div class=\"wp-block-uagb-column uagb-column__wrap uagb-column__background-undefined uagb-block-1a5aa65b\"><div class=\"uagb-column__overlay\"><\/div><div class=\"uagb-column__inner-wrap\">\n<h3 class=\"wp-block-heading\" id=\"h-das-konnte-sie-auch-interessieren\">You might also be interested in:<\/h3>\n\n\n\n\t\t\t<div class=\"wp-block-uagb-post-grid uagb-post-grid  uagb-post__image-position-top uagb-post__image-enabled uagb-block-5d9bef9a     uagb-post__items uagb-post__columns-3 is-grid uagb-post__columns-tablet-2 uagb-post__columns-mobile-1 uagb-post__equal-height\" data-total=\"4\" style=\"\">\n\n\t\t\t\t\t\t\t\t\t\t\t\t<article class=\"uagb-post__inner-wrap\">\t\t\t\t\t\t\t\t<div class='uagb-post__image'>\n\t\t\t\t\t\t\t\t\t<a href=\"https:\/\/ru.law\/en\/neue-beweisbeschluesse-in-verfahren-gegen-mercedes-benz\/\" target=\"_self\" rel=\"bookmark noopener noreferrer\" class='uagb-image-ratio-inherit'><img loading=\"lazy\" decoding=\"async\" width=\"1024\" height=\"576\" src=\"https:\/\/ru.law\/wp-content\/uploads\/2020\/09\/daimler-abgasskandal-motor-om-651-1024x576.jpg\" class=\"attachment-large size-large\" alt=\"Daimler Abgasskandal-Motor OM651\" srcset=\"https:\/\/ru.law\/wp-content\/uploads\/2020\/09\/daimler-abgasskandal-motor-om-651-1024x576.jpg 1024w, https:\/\/ru.law\/wp-content\/uploads\/2020\/09\/daimler-abgasskandal-motor-om-651-300x169.jpg 300w, https:\/\/ru.law\/wp-content\/uploads\/2020\/09\/daimler-abgasskandal-motor-om-651-768x432.jpg 768w, https:\/\/ru.law\/wp-content\/uploads\/2020\/09\/daimler-abgasskandal-motor-om-651-500x281.jpg 500w, https:\/\/ru.law\/wp-content\/uploads\/2020\/09\/daimler-abgasskandal-motor-om-651-800x450.jpg 800w, https:\/\/ru.law\/wp-content\/uploads\/2020\/09\/daimler-abgasskandal-motor-om-651.jpg 1200w\" sizes=\"auto, (max-width: 1024px) 100vw, 1024px\" \/>\t\t\t\t\t<\/a>\n\t\t\t\t\t\t\t<\/div>\n\t\t\t\t\t\t<h4 class=\"uagb-post__title uagb-post__text\">\n\t\t\t\t<a href=\"https:\/\/ru.law\/en\/neue-beweisbeschluesse-in-verfahren-gegen-mercedes-benz\/\" target=\"_self\" rel=\"bookmark noopener noreferrer\">New evidence orders in proceedings against Mercedes Benz<\/a>\n\t\t\t<\/h4>\n\t\t\t\t\t\t<div class='uagb-post__text uagb-post-grid-byline'>\n\t\t\t\t\t\t\t<\/div>\n\t\t\t\t\t\t\t<div class='uagb-post__text uagb-post__excerpt'>\n\t\t\t\t\t<p>Illegal shutdown devices in the OM 651 engine. In two trials involving the...\t\t\t\t<\/div>\n\t\t\t\n\t\t\t\t\t\t\t\t\t<\/article>\n\t\t\t\t\t\t\t\t\t\t\t\t\t\t\t\t<article class=\"uagb-post__inner-wrap\">\t\t\t\t\t\t\t\t<div class='uagb-post__image'>\n\t\t\t\t\t\t\t\t\t<a href=\"https:\/\/ru.law\/en\/milliarden-zahlungen-im-diesel-abgasskandal\/\" target=\"_self\" rel=\"bookmark noopener noreferrer\" class='uagb-image-ratio-inherit'><img loading=\"lazy\" decoding=\"async\" width=\"1024\" height=\"576\" src=\"https:\/\/ru.law\/wp-content\/uploads\/2020\/08\/abgasskandal-daimler-mercedes-rueckruf-1-1024x576.jpg\" class=\"attachment-large size-large\" alt=\"Abgasskandal Daimler Mercedes-Rueckruf\" srcset=\"https:\/\/ru.law\/wp-content\/uploads\/2020\/08\/abgasskandal-daimler-mercedes-rueckruf-1-1024x576.jpg 1024w, https:\/\/ru.law\/wp-content\/uploads\/2020\/08\/abgasskandal-daimler-mercedes-rueckruf-1-300x169.jpg 300w, https:\/\/ru.law\/wp-content\/uploads\/2020\/08\/abgasskandal-daimler-mercedes-rueckruf-1-768x432.jpg 768w, https:\/\/ru.law\/wp-content\/uploads\/2020\/08\/abgasskandal-daimler-mercedes-rueckruf-1-500x281.jpg 500w, https:\/\/ru.law\/wp-content\/uploads\/2020\/08\/abgasskandal-daimler-mercedes-rueckruf-1-800x450.jpg 800w, https:\/\/ru.law\/wp-content\/uploads\/2020\/08\/abgasskandal-daimler-mercedes-rueckruf-1.jpg 1200w\" sizes=\"auto, (max-width: 1024px) 100vw, 1024px\" \/>\t\t\t\t\t<\/a>\n\t\t\t\t\t\t\t<\/div>\n\t\t\t\t\t\t<h4 class=\"uagb-post__title uagb-post__text\">\n\t\t\t\t<a href=\"https:\/\/ru.law\/en\/milliarden-zahlungen-im-diesel-abgasskandal\/\" target=\"_self\" rel=\"bookmark noopener noreferrer\">Billions in payments in the diesel emissions scandal in the USA<\/a>\n\t\t\t<\/h4>\n\t\t\t\t\t\t<div class='uagb-post__text uagb-post-grid-byline'>\n\t\t\t\t\t\t\t<\/div>\n\t\t\t\t\t\t\t<div class='uagb-post__text uagb-post__excerpt'>\n\t\t\t\t\t<p>Daimler refuses to settle in Germany, but victims have a good chance of getting their case back. In the USA\u2026\t\t\t\t<\/div>\n\t\t\t\n\t\t\t\t\t\t\t\t\t<\/article>\n\t\t\t\t\t\t\t\t\t\t\t\t\t\t\t\t<article class=\"uagb-post__inner-wrap\">\t\t\t\t\t\t\t\t<div class='uagb-post__image'>\n\t\t\t\t\t\t\t\t\t<a href=\"https:\/\/ru.law\/en\/mercedes-rueckrufe-im-abgasskandal\/\" target=\"_self\" rel=\"bookmark noopener noreferrer\" class='uagb-image-ratio-inherit'><img loading=\"lazy\" decoding=\"async\" width=\"1024\" height=\"576\" src=\"https:\/\/ru.law\/wp-content\/uploads\/2020\/06\/abgasskandal-mercedes-fahrzeugdetail-1-1024x576.jpg\" class=\"attachment-large size-large\" alt=\"Abgasskandal Mercedes Fahrzeugdetail\" srcset=\"https:\/\/ru.law\/wp-content\/uploads\/2020\/06\/abgasskandal-mercedes-fahrzeugdetail-1-1024x576.jpg 1024w, https:\/\/ru.law\/wp-content\/uploads\/2020\/06\/abgasskandal-mercedes-fahrzeugdetail-1-300x169.jpg 300w, https:\/\/ru.law\/wp-content\/uploads\/2020\/06\/abgasskandal-mercedes-fahrzeugdetail-1-768x432.jpg 768w, https:\/\/ru.law\/wp-content\/uploads\/2020\/06\/abgasskandal-mercedes-fahrzeugdetail-1-500x281.jpg 500w, https:\/\/ru.law\/wp-content\/uploads\/2020\/06\/abgasskandal-mercedes-fahrzeugdetail-1-800x450.jpg 800w, https:\/\/ru.law\/wp-content\/uploads\/2020\/06\/abgasskandal-mercedes-fahrzeugdetail-1.jpg 1200w\" sizes=\"auto, (max-width: 1024px) 100vw, 1024px\" \/>\t\t\t\t\t<\/a>\n\t\t\t\t\t\t\t<\/div>\n\t\t\t\t\t\t<h4 class=\"uagb-post__title uagb-post__text\">\n\t\t\t\t<a href=\"https:\/\/ru.law\/en\/mercedes-rueckrufe-im-abgasskandal\/\" target=\"_self\" rel=\"bookmark noopener noreferrer\">Mercedes recalls in the emissions scandal<\/a>\n\t\t\t<\/h4>\n\t\t\t\t\t\t<div class='uagb-post__text uagb-post-grid-byline'>\n\t\t\t\t\t\t\t<\/div>\n\t\t\t\t\t\t\t<div class='uagb-post__text uagb-post__excerpt'>\n\t\t\t\t\t<p>Why Daimler customers should act now. The emissions scandal is becoming a never-ending story for Daimler too. To\u2026\t\t\t\t<\/div>\n\t\t\t\n\t\t\t\t\t\t\t\t\t<\/article>\n\t\t\t\t\t\t\t\t\t\t\t<\/div>\n\t\t\t<\/div><\/div>\n<\/div><\/section>","protected":false},"excerpt":{"rendered":"<p>Ganz aktuell zeigt sich, dass Mercedes weitere illegale Abschalteinrichtungen in Mercedes Fahrzeugen verbaut hat. In der m\u00fcndlichen Verhandlung vor dem BGH wurde beim streitgegenst\u00e4ndigen Mercedes-Benz [&hellip;]<\/p>\n","protected":false},"author":21,"featured_media":16028,"comment_status":"closed","ping_status":"open","sticky":false,"template":"","format":"standard","meta":{"_uag_custom_page_level_css":"","site-sidebar-layout":"default","site-content-layout":"default","ast-site-content-layout":"default","site-content-style":"default","site-sidebar-style":"default","ast-global-header-display":"","ast-banner-title-visibility":"","ast-main-header-display":"","ast-hfb-above-header-display":"","ast-hfb-below-header-display":"","ast-hfb-mobile-header-display":"","site-post-title":"","ast-breadcrumbs-content":"","ast-featured-img":"","footer-sml-layout":"","ast-disable-related-posts":"","theme-transparent-header-meta":"default","adv-header-id-meta":"","stick-header-meta":"","header-above-stick-meta":"","header-main-stick-meta":"","header-below-stick-meta":"","astra-migrate-meta-layouts":"default","ast-page-background-enabled":"default","ast-page-background-meta":{"desktop":{"background-color":"","background-image":"","background-repeat":"repeat","background-position":"center center","background-size":"auto","background-attachment":"scroll","background-type":"","background-media":"","overlay-type":"","overlay-color":"","overlay-opacity":"","overlay-gradient":""},"tablet":{"background-color":"","background-image":"","background-repeat":"repeat","background-position":"center center","background-size":"auto","background-attachment":"scroll","background-type":"","background-media":"","overlay-type":"","overlay-color":"","overlay-opacity":"","overlay-gradient":""},"mobile":{"background-color":"","background-image":"","background-repeat":"repeat","background-position":"center center","background-size":"auto","background-attachment":"scroll","background-type":"","background-media":"","overlay-type":"","overlay-color":"","overlay-opacity":"","overlay-gradient":""}},"ast-content-background-meta":{"desktop":{"background-color":"var(--ast-global-color-5)","background-image":"","background-repeat":"repeat","background-position":"center center","background-size":"auto","background-attachment":"scroll","background-type":"","background-media":"","overlay-type":"","overlay-color":"","overlay-opacity":"","overlay-gradient":""},"tablet":{"background-color":"var(--ast-global-color-5)","background-image":"","background-repeat":"repeat","background-position":"center center","background-size":"auto","background-attachment":"scroll","background-type":"","background-media":"","overlay-type":"","overlay-color":"","overlay-opacity":"","overlay-gradient":""},"mobile":{"background-color":"var(--ast-global-color-5)","background-image":"","background-repeat":"repeat","background-position":"center center","background-size":"auto","background-attachment":"scroll","background-type":"","background-media":"","overlay-type":"","overlay-color":"","overlay-opacity":"","overlay-gradient":""}},"footnotes":""},"categories":[2],"tags":[757,23,876,30,37],"class_list":["post-18883","post","type-post","status-publish","format-standard","has-post-thumbnail","hentry","category-abgasskandal","tag-abgasskandal","tag-euro-5","tag-mercedes-benz","tag-om651","tag-schadensersatz"],"yoast_head":"<!-- This site is optimized with the Yoast SEO Premium plugin v27.4 (Yoast SEO v27.4) - https:\/\/yoast.com\/product\/yoast-seo-premium-wordpress\/ -->\n<title>R&amp;U - Illegale Abschalteinrichtung bei Mercedes-Benz Abgasskandal<\/title>\n<meta name=\"description\" content=\"M\u00fcndliche Verhandlung vor dem BGH: Weitere Illegale Abschalteinrichtung bei Mercedes-Benz Fahrzeugen best\u00e4tigt - K\u00fchlmittelregulierung.\" \/>\n<meta name=\"robots\" content=\"index, follow, max-snippet:-1, max-image-preview:large, max-video-preview:-1\" \/>\n<link rel=\"canonical\" href=\"https:\/\/ru.law\/en\/bgh-illegale-abschalteinrichtung-bei-mercedes-benz\/\" \/>\n<meta property=\"og:locale\" content=\"en_GB\" \/>\n<meta property=\"og:type\" content=\"article\" \/>\n<meta property=\"og:title\" content=\"Illegale Abschalteinrichtung bei Mercedes-Benz\" \/>\n<meta property=\"og:description\" content=\"M\u00fcndliche Verhandlung vor dem BGH: Weitere Illegale Abschalteinrichtung bei Mercedes-Benz Fahrzeugen best\u00e4tigt - K\u00fchlmittelregulierung.\" \/>\n<meta property=\"og:url\" content=\"https:\/\/ru.law\/en\/bgh-illegale-abschalteinrichtung-bei-mercedes-benz\/\" \/>\n<meta property=\"og:site_name\" content=\"R&amp;U\" \/>\n<meta property=\"article:publisher\" content=\"https:\/\/www.facebook.com\/RogertUlbrich\/\" \/>\n<meta property=\"article:published_time\" content=\"2021-07-01T13:42:52+00:00\" \/>\n<meta property=\"article:modified_time\" content=\"2024-07-08T11:12:28+00:00\" \/>\n<meta property=\"og:image\" content=\"https:\/\/ru.law\/wp-content\/uploads\/2021\/05\/rogert-ulbrich-rechtsanwalt-kanzlei-abgasskandal-daimler-glk-1.jpg\" \/>\n\t<meta property=\"og:image:width\" content=\"1200\" \/>\n\t<meta property=\"og:image:height\" content=\"675\" \/>\n\t<meta property=\"og:image:type\" content=\"image\/jpeg\" \/>\n<meta name=\"author\" content=\"Marco Rogert\" \/>\n<meta name=\"twitter:card\" content=\"summary_large_image\" \/>\n<meta name=\"twitter:creator\" content=\"@RogertUlbrich\" \/>\n<meta name=\"twitter:site\" content=\"@RogertUlbrich\" \/>\n<script type=\"application\/ld+json\" class=\"yoast-schema-graph\">{\"@context\":\"https:\\\/\\\/schema.org\",\"@graph\":[{\"@type\":\"Article\",\"@id\":\"https:\\\/\\\/ru.law\\\/bgh-illegale-abschalteinrichtung-bei-mercedes-benz\\\/#article\",\"isPartOf\":{\"@id\":\"https:\\\/\\\/ru.law\\\/bgh-illegale-abschalteinrichtung-bei-mercedes-benz\\\/\"},\"author\":{\"name\":\"Marco Rogert\",\"@id\":\"https:\\\/\\\/ru.law\\\/#\\\/schema\\\/person\\\/b020d506e6bbc471b4565d3a98173b87\"},\"headline\":\"Illegale Abschalteinrichtung bei Mercedes-Benz\",\"datePublished\":\"2021-07-01T13:42:52+00:00\",\"dateModified\":\"2024-07-08T11:12:28+00:00\",\"mainEntityOfPage\":{\"@id\":\"https:\\\/\\\/ru.law\\\/bgh-illegale-abschalteinrichtung-bei-mercedes-benz\\\/\"},\"wordCount\":168,\"publisher\":{\"@id\":\"https:\\\/\\\/ru.law\\\/#organization\"},\"image\":{\"@id\":\"https:\\\/\\\/ru.law\\\/bgh-illegale-abschalteinrichtung-bei-mercedes-benz\\\/#primaryimage\"},\"thumbnailUrl\":\"https:\\\/\\\/ru.law\\\/wp-content\\\/uploads\\\/2021\\\/05\\\/rogert-ulbrich-rechtsanwalt-kanzlei-abgasskandal-daimler-glk-1.jpg\",\"keywords\":[\"Abgasskandal\",\"Euro-5\",\"Mercedes-Benz\",\"OM651\",\"Schadensersatz\"],\"articleSection\":[\"Abgasskandal\"],\"inLanguage\":\"en-GB\"},{\"@type\":\"WebPage\",\"@id\":\"https:\\\/\\\/ru.law\\\/bgh-illegale-abschalteinrichtung-bei-mercedes-benz\\\/\",\"url\":\"https:\\\/\\\/ru.law\\\/bgh-illegale-abschalteinrichtung-bei-mercedes-benz\\\/\",\"name\":\"R&amp;U - Illegale Abschalteinrichtung bei Mercedes-Benz Abgasskandal\",\"isPartOf\":{\"@id\":\"https:\\\/\\\/ru.law\\\/#website\"},\"primaryImageOfPage\":{\"@id\":\"https:\\\/\\\/ru.law\\\/bgh-illegale-abschalteinrichtung-bei-mercedes-benz\\\/#primaryimage\"},\"image\":{\"@id\":\"https:\\\/\\\/ru.law\\\/bgh-illegale-abschalteinrichtung-bei-mercedes-benz\\\/#primaryimage\"},\"thumbnailUrl\":\"https:\\\/\\\/ru.law\\\/wp-content\\\/uploads\\\/2021\\\/05\\\/rogert-ulbrich-rechtsanwalt-kanzlei-abgasskandal-daimler-glk-1.jpg\",\"datePublished\":\"2021-07-01T13:42:52+00:00\",\"dateModified\":\"2024-07-08T11:12:28+00:00\",\"description\":\"M\u00fcndliche Verhandlung vor dem BGH: Weitere Illegale Abschalteinrichtung bei Mercedes-Benz Fahrzeugen best\u00e4tigt - K\u00fchlmittelregulierung.\",\"breadcrumb\":{\"@id\":\"https:\\\/\\\/ru.law\\\/bgh-illegale-abschalteinrichtung-bei-mercedes-benz\\\/#breadcrumb\"},\"inLanguage\":\"en-GB\",\"potentialAction\":[{\"@type\":\"ReadAction\",\"target\":[\"https:\\\/\\\/ru.law\\\/bgh-illegale-abschalteinrichtung-bei-mercedes-benz\\\/\"]}]},{\"@type\":\"ImageObject\",\"inLanguage\":\"en-GB\",\"@id\":\"https:\\\/\\\/ru.law\\\/bgh-illegale-abschalteinrichtung-bei-mercedes-benz\\\/#primaryimage\",\"url\":\"https:\\\/\\\/ru.law\\\/wp-content\\\/uploads\\\/2021\\\/05\\\/rogert-ulbrich-rechtsanwalt-kanzlei-abgasskandal-daimler-glk-1.jpg\",\"contentUrl\":\"https:\\\/\\\/ru.law\\\/wp-content\\\/uploads\\\/2021\\\/05\\\/rogert-ulbrich-rechtsanwalt-kanzlei-abgasskandal-daimler-glk-1.jpg\",\"width\":1200,\"height\":675,\"caption\":\"M\u00fcndliche Verhandlung vor dem BGH: Illegale temperaturgef\u00fchrte Abschalteinrichtung bei Mercedes-Benz\"},{\"@type\":\"BreadcrumbList\",\"@id\":\"https:\\\/\\\/ru.law\\\/bgh-illegale-abschalteinrichtung-bei-mercedes-benz\\\/#breadcrumb\",\"itemListElement\":[{\"@type\":\"ListItem\",\"position\":1,\"name\":\"Startseite\",\"item\":\"https:\\\/\\\/ru.law\\\/\"},{\"@type\":\"ListItem\",\"position\":2,\"name\":\"Illegale Abschalteinrichtung bei Mercedes-Benz\"}]},{\"@type\":\"WebSite\",\"@id\":\"https:\\\/\\\/ru.law\\\/#website\",\"url\":\"https:\\\/\\\/ru.law\\\/\",\"name\":\"R&U\",\"description\":\"Verbraucheranw\u00e4lte\",\"publisher\":{\"@id\":\"https:\\\/\\\/ru.law\\\/#organization\"},\"alternateName\":\"Rogert & Ulbrich\",\"potentialAction\":[{\"@type\":\"SearchAction\",\"target\":{\"@type\":\"EntryPoint\",\"urlTemplate\":\"https:\\\/\\\/ru.law\\\/?s={search_term_string}\"},\"query-input\":{\"@type\":\"PropertyValueSpecification\",\"valueRequired\":true,\"valueName\":\"search_term_string\"}}],\"inLanguage\":\"en-GB\"},{\"@type\":\"Organization\",\"@id\":\"https:\\\/\\\/ru.law\\\/#organization\",\"name\":\"Kanzlei Rogert & Ulbrich\",\"url\":\"https:\\\/\\\/ru.law\\\/\",\"logo\":{\"@type\":\"ImageObject\",\"inLanguage\":\"en-GB\",\"@id\":\"https:\\\/\\\/ru.law\\\/#\\\/schema\\\/logo\\\/image\\\/\",\"url\":\"https:\\\/\\\/ru.law\\\/wp-content\\\/uploads\\\/2020\\\/12\\\/logo-ru-law.svg\",\"contentUrl\":\"https:\\\/\\\/ru.law\\\/wp-content\\\/uploads\\\/2020\\\/12\\\/logo-ru-law.svg\",\"width\":992,\"height\":259,\"caption\":\"Kanzlei Rogert & Ulbrich\"},\"image\":{\"@id\":\"https:\\\/\\\/ru.law\\\/#\\\/schema\\\/logo\\\/image\\\/\"},\"sameAs\":[\"https:\\\/\\\/www.facebook.com\\\/RogertUlbrich\\\/\",\"https:\\\/\\\/x.com\\\/RogertUlbrich\",\"https:\\\/\\\/www.instagram.com\\\/rogertulbrich\\\/\",\"https:\\\/\\\/www.linkedin.com\\\/company\\\/rogert-ulbrich\\\/\",\"https:\\\/\\\/www.youtube.com\\\/channel\\\/UCganCgpvwpPFqMFf1vVmG2A\"]},{\"@type\":\"Person\",\"@id\":\"https:\\\/\\\/ru.law\\\/#\\\/schema\\\/person\\\/b020d506e6bbc471b4565d3a98173b87\",\"name\":\"Marco Rogert\",\"url\":\"https:\\\/\\\/ru.law\\\/en\\\/author\\\/rogertru-law\\\/\"}]}<\/script>\n<!-- \/ Yoast SEO Premium plugin. -->","yoast_head_json":{"title":"R&amp;U - Illegal defeat device in Mercedes-Benz emissions scandal","description":"Oral hearing before the Federal Court of Justice: Further illegal defeat device in Mercedes-Benz vehicles confirmed - coolant regulation.","robots":{"index":"index","follow":"follow","max-snippet":"max-snippet:-1","max-image-preview":"max-image-preview:large","max-video-preview":"max-video-preview:-1"},"canonical":"https:\/\/ru.law\/en\/bgh-illegale-abschalteinrichtung-bei-mercedes-benz\/","og_locale":"en_GB","og_type":"article","og_title":"Illegale Abschalteinrichtung bei Mercedes-Benz","og_description":"M\u00fcndliche Verhandlung vor dem BGH: Weitere Illegale Abschalteinrichtung bei Mercedes-Benz Fahrzeugen best\u00e4tigt - K\u00fchlmittelregulierung.","og_url":"https:\/\/ru.law\/en\/bgh-illegale-abschalteinrichtung-bei-mercedes-benz\/","og_site_name":"R&amp;U","article_publisher":"https:\/\/www.facebook.com\/RogertUlbrich\/","article_published_time":"2021-07-01T13:42:52+00:00","article_modified_time":"2024-07-08T11:12:28+00:00","og_image":[{"width":1200,"height":675,"url":"https:\/\/ru.law\/wp-content\/uploads\/2021\/05\/rogert-ulbrich-rechtsanwalt-kanzlei-abgasskandal-daimler-glk-1.jpg","type":"image\/jpeg"}],"author":"Marco Rogert","twitter_card":"summary_large_image","twitter_creator":"@RogertUlbrich","twitter_site":"@RogertUlbrich","schema":{"@context":"https:\/\/schema.org","@graph":[{"@type":"Article","@id":"https:\/\/ru.law\/bgh-illegale-abschalteinrichtung-bei-mercedes-benz\/#article","isPartOf":{"@id":"https:\/\/ru.law\/bgh-illegale-abschalteinrichtung-bei-mercedes-benz\/"},"author":{"name":"Marco Rogert","@id":"https:\/\/ru.law\/#\/schema\/person\/b020d506e6bbc471b4565d3a98173b87"},"headline":"Illegale Abschalteinrichtung bei Mercedes-Benz","datePublished":"2021-07-01T13:42:52+00:00","dateModified":"2024-07-08T11:12:28+00:00","mainEntityOfPage":{"@id":"https:\/\/ru.law\/bgh-illegale-abschalteinrichtung-bei-mercedes-benz\/"},"wordCount":168,"publisher":{"@id":"https:\/\/ru.law\/#organization"},"image":{"@id":"https:\/\/ru.law\/bgh-illegale-abschalteinrichtung-bei-mercedes-benz\/#primaryimage"},"thumbnailUrl":"https:\/\/ru.law\/wp-content\/uploads\/2021\/05\/rogert-ulbrich-rechtsanwalt-kanzlei-abgasskandal-daimler-glk-1.jpg","keywords":["Abgasskandal","Euro-5","Mercedes-Benz","OM651","Schadensersatz"],"articleSection":["Abgasskandal"],"inLanguage":"en-GB"},{"@type":"WebPage","@id":"https:\/\/ru.law\/bgh-illegale-abschalteinrichtung-bei-mercedes-benz\/","url":"https:\/\/ru.law\/bgh-illegale-abschalteinrichtung-bei-mercedes-benz\/","name":"R&amp;U - Illegal defeat device in Mercedes-Benz emissions scandal","isPartOf":{"@id":"https:\/\/ru.law\/#website"},"primaryImageOfPage":{"@id":"https:\/\/ru.law\/bgh-illegale-abschalteinrichtung-bei-mercedes-benz\/#primaryimage"},"image":{"@id":"https:\/\/ru.law\/bgh-illegale-abschalteinrichtung-bei-mercedes-benz\/#primaryimage"},"thumbnailUrl":"https:\/\/ru.law\/wp-content\/uploads\/2021\/05\/rogert-ulbrich-rechtsanwalt-kanzlei-abgasskandal-daimler-glk-1.jpg","datePublished":"2021-07-01T13:42:52+00:00","dateModified":"2024-07-08T11:12:28+00:00","description":"Oral hearing before the Federal Court of Justice: Further illegal defeat device in Mercedes-Benz vehicles confirmed - coolant regulation.","breadcrumb":{"@id":"https:\/\/ru.law\/bgh-illegale-abschalteinrichtung-bei-mercedes-benz\/#breadcrumb"},"inLanguage":"en-GB","potentialAction":[{"@type":"ReadAction","target":["https:\/\/ru.law\/bgh-illegale-abschalteinrichtung-bei-mercedes-benz\/"]}]},{"@type":"ImageObject","inLanguage":"en-GB","@id":"https:\/\/ru.law\/bgh-illegale-abschalteinrichtung-bei-mercedes-benz\/#primaryimage","url":"https:\/\/ru.law\/wp-content\/uploads\/2021\/05\/rogert-ulbrich-rechtsanwalt-kanzlei-abgasskandal-daimler-glk-1.jpg","contentUrl":"https:\/\/ru.law\/wp-content\/uploads\/2021\/05\/rogert-ulbrich-rechtsanwalt-kanzlei-abgasskandal-daimler-glk-1.jpg","width":1200,"height":675,"caption":"M\u00fcndliche Verhandlung vor dem BGH: Illegale temperaturgef\u00fchrte Abschalteinrichtung bei Mercedes-Benz"},{"@type":"BreadcrumbList","@id":"https:\/\/ru.law\/bgh-illegale-abschalteinrichtung-bei-mercedes-benz\/#breadcrumb","itemListElement":[{"@type":"ListItem","position":1,"name":"Startseite","item":"https:\/\/ru.law\/"},{"@type":"ListItem","position":2,"name":"Illegale Abschalteinrichtung bei Mercedes-Benz"}]},{"@type":"WebSite","@id":"https:\/\/ru.law\/#website","url":"https:\/\/ru.law\/","name":"R&amp;U","description":"Consumer lawyers","publisher":{"@id":"https:\/\/ru.law\/#organization"},"alternateName":"Rogert & Ulbrich","potentialAction":[{"@type":"SearchAction","target":{"@type":"EntryPoint","urlTemplate":"https:\/\/ru.law\/?s={search_term_string}"},"query-input":{"@type":"PropertyValueSpecification","valueRequired":true,"valueName":"search_term_string"}}],"inLanguage":"en-GB"},{"@type":"Organization","@id":"https:\/\/ru.law\/#organization","name":"Rogert &amp; Ulbrich Law Firm","url":"https:\/\/ru.law\/","logo":{"@type":"ImageObject","inLanguage":"en-GB","@id":"https:\/\/ru.law\/#\/schema\/logo\/image\/","url":"https:\/\/ru.law\/wp-content\/uploads\/2020\/12\/logo-ru-law.svg","contentUrl":"https:\/\/ru.law\/wp-content\/uploads\/2020\/12\/logo-ru-law.svg","width":992,"height":259,"caption":"Kanzlei Rogert & Ulbrich"},"image":{"@id":"https:\/\/ru.law\/#\/schema\/logo\/image\/"},"sameAs":["https:\/\/www.facebook.com\/RogertUlbrich\/","https:\/\/x.com\/RogertUlbrich","https:\/\/www.instagram.com\/rogertulbrich\/","https:\/\/www.linkedin.com\/company\/rogert-ulbrich\/","https:\/\/www.youtube.com\/channel\/UCganCgpvwpPFqMFf1vVmG2A"]},{"@type":"Person","@id":"https:\/\/ru.law\/#\/schema\/person\/b020d506e6bbc471b4565d3a98173b87","name":"Marco Rogert","url":"https:\/\/ru.law\/en\/author\/rogertru-law\/"}]}},"uagb_featured_image_src":{"full":["https:\/\/ru.law\/wp-content\/uploads\/2021\/05\/rogert-ulbrich-rechtsanwalt-kanzlei-abgasskandal-daimler-glk-1.jpg",1200,675,false],"thumbnail":["https:\/\/ru.law\/wp-content\/uploads\/2021\/05\/rogert-ulbrich-rechtsanwalt-kanzlei-abgasskandal-daimler-glk-1-150x150.jpg",96,96,true],"medium":["https:\/\/ru.law\/wp-content\/uploads\/2021\/05\/rogert-ulbrich-rechtsanwalt-kanzlei-abgasskandal-daimler-glk-1-300x169.jpg",300,169,true],"medium_large":["https:\/\/ru.law\/wp-content\/uploads\/2021\/05\/rogert-ulbrich-rechtsanwalt-kanzlei-abgasskandal-daimler-glk-1-768x432.jpg",768,432,true],"large":["https:\/\/ru.law\/wp-content\/uploads\/2021\/05\/rogert-ulbrich-rechtsanwalt-kanzlei-abgasskandal-daimler-glk-1-1024x576.jpg",1024,576,true],"1536x1536":["https:\/\/ru.law\/wp-content\/uploads\/2021\/05\/rogert-ulbrich-rechtsanwalt-kanzlei-abgasskandal-daimler-glk-1.jpg",1200,675,false],"2048x2048":["https:\/\/ru.law\/wp-content\/uploads\/2021\/05\/rogert-ulbrich-rechtsanwalt-kanzlei-abgasskandal-daimler-glk-1.jpg",1200,675,false],"trp-custom-language-flag":["https:\/\/ru.law\/wp-content\/uploads\/2021\/05\/rogert-ulbrich-rechtsanwalt-kanzlei-abgasskandal-daimler-glk-1.jpg",18,10,false]},"uagb_author_info":{"display_name":"Marco Rogert","author_link":"https:\/\/ru.law\/en\/author\/rogertru-law\/"},"uagb_comment_info":0,"uagb_excerpt":"Ganz aktuell zeigt sich, dass Mercedes weitere illegale Abschalteinrichtungen in Mercedes Fahrzeugen verbaut hat. In der m\u00fcndlichen Verhandlung vor dem BGH wurde beim streitgegenst\u00e4ndigen Mercedes-Benz [&hellip;]","_links":{"self":[{"href":"https:\/\/ru.law\/en\/wp-json\/wp\/v2\/posts\/18883","targetHints":{"allow":["GET"]}}],"collection":[{"href":"https:\/\/ru.law\/en\/wp-json\/wp\/v2\/posts"}],"about":[{"href":"https:\/\/ru.law\/en\/wp-json\/wp\/v2\/types\/post"}],"author":[{"embeddable":true,"href":"https:\/\/ru.law\/en\/wp-json\/wp\/v2\/users\/21"}],"replies":[{"embeddable":true,"href":"https:\/\/ru.law\/en\/wp-json\/wp\/v2\/comments?post=18883"}],"version-history":[{"count":0,"href":"https:\/\/ru.law\/en\/wp-json\/wp\/v2\/posts\/18883\/revisions"}],"wp:featuredmedia":[{"embeddable":true,"href":"https:\/\/ru.law\/en\/wp-json\/wp\/v2\/media\/16028"}],"wp:attachment":[{"href":"https:\/\/ru.law\/en\/wp-json\/wp\/v2\/media?parent=18883"}],"wp:term":[{"taxonomy":"category","embeddable":true,"href":"https:\/\/ru.law\/en\/wp-json\/wp\/v2\/categories?post=18883"},{"taxonomy":"post_tag","embeddable":true,"href":"https:\/\/ru.law\/en\/wp-json\/wp\/v2\/tags?post=18883"}],"curies":[{"name":"wp","href":"https:\/\/api.w.org\/{rel}","templated":true}]}}