{"id":17064,"date":"2021-06-07T15:47:00","date_gmt":"2021-06-07T13:47:00","guid":{"rendered":"https:\/\/ru.law\/?p=17064"},"modified":"2024-07-08T13:12:30","modified_gmt":"2024-07-08T11:12:30","slug":"nutzungsentschaedigung-olg-muenchen-kippt-ingolstaedter-berechnung","status":"publish","type":"post","link":"https:\/\/ru.law\/en\/nutzungsentschaedigung-olg-muenchen-kippt-ingolstaedter-berechnung\/","title":{"rendered":"Compensation for use: Munich Higher Regional Court overturns Ingolstadt calculation"},"content":{"rendered":"<p>In a judgment we won before the Higher Regional Court of Munich, the Senate upheld the appeal filed solely against the calculation of the compensation for use.<\/p>\n\n\n\n<p>Audi now has to pay a further \u20ac2,700 to our client.<\/p>\n\n\n\n<p>The Ingolstadt Regional Court calculated the compensation for use taking into account the loss in value of the vehicles, which is not linear but degressive. New vehicles suffer a high loss in value, especially in the first few years after purchase. Therefore, <a href=\"https:\/\/ru.law\/en\/expertise\/abgasskandal\/#rechner\">Calculation of compensation for use<\/a> not based on the maximum possible mileage, but on the usual period of use. A very poor method of calculation for the consumer.<\/p>\n\n\n\n<h2 class=\"wp-block-heading\" id=\"h-degressive-berechnungsmethode-zur-bezifferung-der-nutzungsentschadigung-nicht-uberzeugend\">Degressive calculation method for quantifying the compensation for use is not convincing<\/h2>\n\n\n\n<p>The Munich Higher Regional Court has now put a stop to this. The degressive, step-by-step calculation by the Ingolstadt Regional Court is not convincing. It is based on statistics from the KBA on the average annual mileage in Germany and otherwise only on unsubstantiated assumptions by the court. The formation of the individual steps and their weighting are poorly founded and not comprehensible.<\/p>\n\n\n\n<p>The objection raised by Audi against the usual calculation of usage, namely that new vehicles are less prone to wear and tear and repairs, is also not valid. This claim is certainly correct in its general nature, but a specific calculation of usage compensation cannot be derived from such a general statement.<\/p>\n\n\n\n<section class=\"wp-block-uagb-columns uagb-columns__wrap uagb-columns__background-undefined uagb-columns__stack-mobile uagb-columns__valign-undefined uagb-columns__gap-10 alignundefined uagb-block-063f61fb contrast blog_beitraege\"><div class=\"uagb-columns__overlay\"><\/div><div class=\"uagb-columns__inner-wrap uagb-columns__columns-1\">\n<div class=\"wp-block-uagb-column uagb-column__wrap uagb-column__background-undefined uagb-block-868dda94\"><div class=\"uagb-column__overlay\"><\/div><div class=\"uagb-column__inner-wrap\">\n<h3 class=\"wp-block-heading\" id=\"h-das-konnte-sie-auch-interessieren\">You might also be interested in:<\/h3>\n\n\n\n\t\t\t<div class=\"wp-block-uagb-post-grid uagb-post-grid  uagb-post__image-position-top uagb-post__image-enabled uagb-block-a97104e5     uagb-post__items uagb-post__columns-3 is-grid uagb-post__columns-tablet-2 uagb-post__columns-mobile-1 uagb-post__equal-height\" data-total=\"51\" style=\"\">\n\n\t\t\t\t\t\t\t\t\t\t\t\t<article class=\"uagb-post__inner-wrap\">\t\t\t\t\t\t\t\t<div class='uagb-post__image'>\n\t\t\t\t\t\t\t\t\t<a href=\"https:\/\/ru.law\/en\/drohendes-fahrverbot-fuer-volvo-diesel-kba-fordert-rueckruf-wegen-abgasmanipulation\/\" target=\"_self\" rel=\"bookmark noopener noreferrer\" class='uagb-image-ratio-inherit'><img loading=\"lazy\" decoding=\"async\" width=\"2560\" height=\"1707\" src=\"https:\/\/ru.law\/wp-content\/uploads\/2025\/07\/AdobeStock_231361714-scaled.jpeg\" class=\"attachment-large size-large\" alt=\"\" srcset=\"https:\/\/ru.law\/wp-content\/uploads\/2025\/07\/AdobeStock_231361714-scaled.jpeg 2560w, https:\/\/ru.law\/wp-content\/uploads\/2025\/07\/AdobeStock_231361714-768x512.jpeg 768w, https:\/\/ru.law\/wp-content\/uploads\/2025\/07\/AdobeStock_231361714-1536x1024.jpeg 1536w, https:\/\/ru.law\/wp-content\/uploads\/2025\/07\/AdobeStock_231361714-2048x1365.jpeg 2048w, https:\/\/ru.law\/wp-content\/uploads\/2025\/07\/AdobeStock_231361714-18x12.jpeg 18w\" sizes=\"auto, (max-width: 2560px) 100vw, 2560px\" \/>\t\t\t\t\t<\/a>\n\t\t\t\t\t\t\t<\/div>\n\t\t\t\t\t\t<h4 class=\"uagb-post__title uagb-post__text\">\n\t\t\t\t<a href=\"https:\/\/ru.law\/en\/drohendes-fahrverbot-fuer-volvo-diesel-kba-fordert-rueckruf-wegen-abgasmanipulation\/\" target=\"_self\" rel=\"bookmark noopener noreferrer\">Threatening driving ban for Volvo diesel: KBA demands recall due to emissions manipulation<\/a>\n\t\t\t<\/h4>\n\t\t\t\t\t\t<div class='uagb-post__text uagb-post-grid-byline'>\n\t\t\t\t\t\t\t<\/div>\n\t\t\t\t\t\t\t<div class='uagb-post__text uagb-post__excerpt'>\n\t\t\t\t\t<p>Volvo has long since left the diesel engine behind and is concentrating on hybrid and electric vehicles....\t\t\t\t<\/div>\n\t\t\t\n\t\t\t\t\t\t\t\t\t<\/article>\n\t\t\t\t\t\t\t\t\t\t\t\t\t\t\t\t<article class=\"uagb-post__inner-wrap\">\t\t\t\t\t\t\t\t<div class='uagb-post__image'>\n\t\t\t\t\t\t\t\t\t<a href=\"https:\/\/ru.law\/en\/volvo-inmitten-eines-diesel-abgasskandals-zulassungsverbot-fuer-130-000-fahrzeuge-droht\/\" target=\"_self\" rel=\"bookmark noopener noreferrer\" class='uagb-image-ratio-inherit'><img loading=\"lazy\" decoding=\"async\" width=\"2560\" height=\"1683\" src=\"https:\/\/ru.law\/wp-content\/uploads\/2025\/07\/AdobeStock_155979331-scaled.jpeg\" class=\"attachment-large size-large\" alt=\"\" srcset=\"https:\/\/ru.law\/wp-content\/uploads\/2025\/07\/AdobeStock_155979331-scaled.jpeg 2560w, https:\/\/ru.law\/wp-content\/uploads\/2025\/07\/AdobeStock_155979331-768x505.jpeg 768w, https:\/\/ru.law\/wp-content\/uploads\/2025\/07\/AdobeStock_155979331-1536x1010.jpeg 1536w, https:\/\/ru.law\/wp-content\/uploads\/2025\/07\/AdobeStock_155979331-2048x1346.jpeg 2048w, https:\/\/ru.law\/wp-content\/uploads\/2025\/07\/AdobeStock_155979331-18x12.jpeg 18w\" sizes=\"auto, (max-width: 2560px) 100vw, 2560px\" \/>\t\t\t\t\t<\/a>\n\t\t\t\t\t\t\t<\/div>\n\t\t\t\t\t\t<h4 class=\"uagb-post__title uagb-post__text\">\n\t\t\t\t<a href=\"https:\/\/ru.law\/en\/volvo-inmitten-eines-diesel-abgasskandals-zulassungsverbot-fuer-130-000-fahrzeuge-droht\/\" target=\"_self\" rel=\"bookmark noopener noreferrer\">Volvo in the midst of a diesel emissions scandal \u2013 registration ban for 130,000 vehicles threatened<\/a>\n\t\t\t<\/h4>\n\t\t\t\t\t\t<div class='uagb-post__text uagb-post-grid-byline'>\n\t\t\t\t\t\t\t<\/div>\n\t\t\t\t\t\t\t<div class='uagb-post__text uagb-post__excerpt'>\n\t\t\t\t\t<p>Volvo is currently at the center of a major diesel emissions scandal that is putting the company under enormous pressure\u2026\t\t\t\t<\/div>\n\t\t\t\n\t\t\t\t\t\t\t\t\t<\/article>\n\t\t\t\t\t\t\t\t\t\t\t\t\t\t\t\t<article class=\"uagb-post__inner-wrap\">\t\t\t\t\t\t\t\t<div class='uagb-post__image'>\n\t\t\t\t\t\t\t\t\t<a href=\"https:\/\/ru.law\/en\/musterfeststellungsklage-gegen-mercedes-benz-verbraucherschuetzer-erzielen-teilerfolg\/\" target=\"_self\" rel=\"bookmark noopener noreferrer\" class='uagb-image-ratio-inherit'><img loading=\"lazy\" decoding=\"async\" width=\"1200\" height=\"675\" src=\"https:\/\/ru.law\/wp-content\/uploads\/2022\/06\/Rogert-Ulbrich-Rechtsanwaelt-Kanzlei-Abgasskandal-Mercedes-Benz-KBA-Rueckruf-Abschalteinrichtung-kuehlmittelsolltemperatur.jpg\" class=\"attachment-large size-large\" alt=\"\" srcset=\"https:\/\/ru.law\/wp-content\/uploads\/2022\/06\/Rogert-Ulbrich-Rechtsanwaelt-Kanzlei-Abgasskandal-Mercedes-Benz-KBA-Rueckruf-Abschalteinrichtung-kuehlmittelsolltemperatur.jpg 1200w, https:\/\/ru.law\/wp-content\/uploads\/2022\/06\/Rogert-Ulbrich-Rechtsanwaelt-Kanzlei-Abgasskandal-Mercedes-Benz-KBA-Rueckruf-Abschalteinrichtung-kuehlmittelsolltemperatur-768x432.jpg 768w\" sizes=\"auto, (max-width: 1200px) 100vw, 1200px\" \/>\t\t\t\t\t<\/a>\n\t\t\t\t\t\t\t<\/div>\n\t\t\t\t\t\t<h4 class=\"uagb-post__title uagb-post__text\">\n\t\t\t\t<a href=\"https:\/\/ru.law\/en\/musterfeststellungsklage-gegen-mercedes-benz-verbraucherschuetzer-erzielen-teilerfolg\/\" target=\"_self\" rel=\"bookmark noopener noreferrer\">Model declaratory action against Mercedes-Benz: Consumer advocates achieve partial success<\/a>\n\t\t\t<\/h4>\n\t\t\t\t\t\t<div class='uagb-post__text uagb-post-grid-byline'>\n\t\t\t\t\t\t\t<\/div>\n\t\t\t\t\t\t\t<div class='uagb-post__text uagb-post__excerpt'>\n\t\t\t\t\t<p>After a long legal dispute, the Stuttgart Higher Regional Court (OLG) ruled in favor of consumers on March 28, 2024 (case number:\u2026\t\t\t\t<\/div>\n\t\t\t\n\t\t\t\t\t\t\t\t\t<\/article>\n\t\t\t\t\t\t\t\t\t\t\t<\/div>\n\t\t\t<\/div><\/div>\n<\/div><\/section>","protected":false},"excerpt":{"rendered":"<p>In einem von uns erstrittenen Urteil vor dem OLG M\u00fcnchen gab der Senat der lediglich gegen die Berechnung der Nutzungsentsch\u00e4digung eingelegten Berufung statt. Nun muss [&hellip;]<\/p>\n","protected":false},"author":21,"featured_media":17070,"comment_status":"closed","ping_status":"open","sticky":false,"template":"","format":"standard","meta":{"_uag_custom_page_level_css":"","site-sidebar-layout":"default","site-content-layout":"default","ast-site-content-layout":"default","site-content-style":"default","site-sidebar-style":"default","ast-global-header-display":"","ast-banner-title-visibility":"","ast-main-header-display":"","ast-hfb-above-header-display":"","ast-hfb-below-header-display":"","ast-hfb-mobile-header-display":"","site-post-title":"","ast-breadcrumbs-content":"","ast-featured-img":"","footer-sml-layout":"","ast-disable-related-posts":"","theme-transparent-header-meta":"default","adv-header-id-meta":"","stick-header-meta":"","header-above-stick-meta":"","header-main-stick-meta":"","header-below-stick-meta":"","astra-migrate-meta-layouts":"default","ast-page-background-enabled":"default","ast-page-background-meta":{"desktop":{"background-color":"","background-image":"","background-repeat":"repeat","background-position":"center center","background-size":"auto","background-attachment":"scroll","background-type":"","background-media":"","overlay-type":"","overlay-color":"","overlay-opacity":"","overlay-gradient":""},"tablet":{"background-color":"","background-image":"","background-repeat":"repeat","background-position":"center center","background-size":"auto","background-attachment":"scroll","background-type":"","background-media":"","overlay-type":"","overlay-color":"","overlay-opacity":"","overlay-gradient":""},"mobile":{"background-color":"","background-image":"","background-repeat":"repeat","background-position":"center center","background-size":"auto","background-attachment":"scroll","background-type":"","background-media":"","overlay-type":"","overlay-color":"","overlay-opacity":"","overlay-gradient":""}},"ast-content-background-meta":{"desktop":{"background-color":"var(--ast-global-color-5)","background-image":"","background-repeat":"repeat","background-position":"center center","background-size":"auto","background-attachment":"scroll","background-type":"","background-media":"","overlay-type":"","overlay-color":"","overlay-opacity":"","overlay-gradient":""},"tablet":{"background-color":"var(--ast-global-color-5)","background-image":"","background-repeat":"repeat","background-position":"center center","background-size":"auto","background-attachment":"scroll","background-type":"","background-media":"","overlay-type":"","overlay-color":"","overlay-opacity":"","overlay-gradient":""},"mobile":{"background-color":"var(--ast-global-color-5)","background-image":"","background-repeat":"repeat","background-position":"center center","background-size":"auto","background-attachment":"scroll","background-type":"","background-media":"","overlay-type":"","overlay-color":"","overlay-opacity":"","overlay-gradient":""}},"footnotes":""},"categories":[2,507],"tags":[9,697,28],"class_list":["post-17064","post","type-post","status-publish","format-standard","has-post-thumbnail","hentry","category-abgasskandal","category-urteile","tag-audi","tag-kba","tag-nutzungsentschaedigung"],"yoast_head":"<!-- This site is optimized with the Yoast SEO Premium plugin v27.4 (Yoast SEO v27.4) - https:\/\/yoast.com\/product\/yoast-seo-premium-wordpress\/ -->\n<title>Nutzungsentsch\u00e4digung: OLG M\u00fcnchen kippt Ingolst\u00e4dter Berechnung - R&amp;U<\/title>\n<meta name=\"description\" content=\"In einem von uns erstrittenen Urteil gab der Senat der lediglich gegen die Berechnung der Nutzungsentsch\u00e4digung eingelegten Berufung statt.\" \/>\n<meta name=\"robots\" content=\"index, follow, max-snippet:-1, max-image-preview:large, max-video-preview:-1\" \/>\n<link rel=\"canonical\" href=\"https:\/\/ru.law\/en\/nutzungsentschaedigung-olg-muenchen-kippt-ingolstaedter-berechnung\/\" \/>\n<meta property=\"og:locale\" content=\"en_GB\" \/>\n<meta property=\"og:type\" content=\"article\" \/>\n<meta property=\"og:title\" content=\"Nutzungsentsch\u00e4digung: OLG M\u00fcnchen kippt Ingolst\u00e4dter Berechnung\" \/>\n<meta property=\"og:description\" content=\"In einem von uns erstrittenen Urteil gab der Senat der lediglich gegen die Berechnung der Nutzungsentsch\u00e4digung eingelegten Berufung statt.\" \/>\n<meta property=\"og:url\" content=\"https:\/\/ru.law\/en\/nutzungsentschaedigung-olg-muenchen-kippt-ingolstaedter-berechnung\/\" \/>\n<meta property=\"og:site_name\" content=\"R&amp;U\" \/>\n<meta property=\"article:publisher\" content=\"https:\/\/www.facebook.com\/RogertUlbrich\/\" \/>\n<meta property=\"article:published_time\" content=\"2021-06-07T13:47:00+00:00\" \/>\n<meta property=\"article:modified_time\" content=\"2024-07-08T11:12:30+00:00\" \/>\n<meta property=\"og:image\" content=\"https:\/\/ru.law\/wp-content\/uploads\/2021\/06\/rogert-ulbrich-rechtsanwalt-kanzlei-abgasskandal-nutzungsentschaedigung.jpg\" \/>\n\t<meta property=\"og:image:width\" content=\"1200\" \/>\n\t<meta property=\"og:image:height\" content=\"675\" \/>\n\t<meta property=\"og:image:type\" content=\"image\/jpeg\" \/>\n<meta name=\"author\" content=\"Marco Rogert\" \/>\n<meta name=\"twitter:card\" content=\"summary_large_image\" \/>\n<meta name=\"twitter:creator\" content=\"@RogertUlbrich\" \/>\n<meta name=\"twitter:site\" content=\"@RogertUlbrich\" \/>\n<script type=\"application\/ld+json\" class=\"yoast-schema-graph\">{\"@context\":\"https:\\\/\\\/schema.org\",\"@graph\":[{\"@type\":\"Article\",\"@id\":\"https:\\\/\\\/ru.law\\\/nutzungsentschaedigung-olg-muenchen-kippt-ingolstaedter-berechnung\\\/#article\",\"isPartOf\":{\"@id\":\"https:\\\/\\\/ru.law\\\/nutzungsentschaedigung-olg-muenchen-kippt-ingolstaedter-berechnung\\\/\"},\"author\":{\"name\":\"Marco Rogert\",\"@id\":\"https:\\\/\\\/ru.law\\\/#\\\/schema\\\/person\\\/b020d506e6bbc471b4565d3a98173b87\"},\"headline\":\"Nutzungsentsch\u00e4digung: OLG M\u00fcnchen kippt Ingolst\u00e4dter Berechnung\",\"datePublished\":\"2021-06-07T13:47:00+00:00\",\"dateModified\":\"2024-07-08T11:12:30+00:00\",\"mainEntityOfPage\":{\"@id\":\"https:\\\/\\\/ru.law\\\/nutzungsentschaedigung-olg-muenchen-kippt-ingolstaedter-berechnung\\\/\"},\"wordCount\":235,\"publisher\":{\"@id\":\"https:\\\/\\\/ru.law\\\/#organization\"},\"image\":{\"@id\":\"https:\\\/\\\/ru.law\\\/nutzungsentschaedigung-olg-muenchen-kippt-ingolstaedter-berechnung\\\/#primaryimage\"},\"thumbnailUrl\":\"https:\\\/\\\/ru.law\\\/wp-content\\\/uploads\\\/2021\\\/06\\\/rogert-ulbrich-rechtsanwalt-kanzlei-abgasskandal-nutzungsentschaedigung.jpg\",\"keywords\":[\"Audi\",\"KBA\",\"Nutzungsentsch\u00e4digung\"],\"articleSection\":[\"Abgasskandal\",\"Urteile\"],\"inLanguage\":\"en-GB\"},{\"@type\":\"WebPage\",\"@id\":\"https:\\\/\\\/ru.law\\\/nutzungsentschaedigung-olg-muenchen-kippt-ingolstaedter-berechnung\\\/\",\"url\":\"https:\\\/\\\/ru.law\\\/nutzungsentschaedigung-olg-muenchen-kippt-ingolstaedter-berechnung\\\/\",\"name\":\"Nutzungsentsch\u00e4digung: OLG M\u00fcnchen kippt Ingolst\u00e4dter Berechnung - R&amp;U\",\"isPartOf\":{\"@id\":\"https:\\\/\\\/ru.law\\\/#website\"},\"primaryImageOfPage\":{\"@id\":\"https:\\\/\\\/ru.law\\\/nutzungsentschaedigung-olg-muenchen-kippt-ingolstaedter-berechnung\\\/#primaryimage\"},\"image\":{\"@id\":\"https:\\\/\\\/ru.law\\\/nutzungsentschaedigung-olg-muenchen-kippt-ingolstaedter-berechnung\\\/#primaryimage\"},\"thumbnailUrl\":\"https:\\\/\\\/ru.law\\\/wp-content\\\/uploads\\\/2021\\\/06\\\/rogert-ulbrich-rechtsanwalt-kanzlei-abgasskandal-nutzungsentschaedigung.jpg\",\"datePublished\":\"2021-06-07T13:47:00+00:00\",\"dateModified\":\"2024-07-08T11:12:30+00:00\",\"description\":\"In einem von uns erstrittenen Urteil gab der Senat der lediglich gegen die Berechnung der Nutzungsentsch\u00e4digung eingelegten Berufung statt.\",\"breadcrumb\":{\"@id\":\"https:\\\/\\\/ru.law\\\/nutzungsentschaedigung-olg-muenchen-kippt-ingolstaedter-berechnung\\\/#breadcrumb\"},\"inLanguage\":\"en-GB\",\"potentialAction\":[{\"@type\":\"ReadAction\",\"target\":[\"https:\\\/\\\/ru.law\\\/nutzungsentschaedigung-olg-muenchen-kippt-ingolstaedter-berechnung\\\/\"]}]},{\"@type\":\"ImageObject\",\"inLanguage\":\"en-GB\",\"@id\":\"https:\\\/\\\/ru.law\\\/nutzungsentschaedigung-olg-muenchen-kippt-ingolstaedter-berechnung\\\/#primaryimage\",\"url\":\"https:\\\/\\\/ru.law\\\/wp-content\\\/uploads\\\/2021\\\/06\\\/rogert-ulbrich-rechtsanwalt-kanzlei-abgasskandal-nutzungsentschaedigung.jpg\",\"contentUrl\":\"https:\\\/\\\/ru.law\\\/wp-content\\\/uploads\\\/2021\\\/06\\\/rogert-ulbrich-rechtsanwalt-kanzlei-abgasskandal-nutzungsentschaedigung.jpg\",\"width\":1200,\"height\":675},{\"@type\":\"BreadcrumbList\",\"@id\":\"https:\\\/\\\/ru.law\\\/nutzungsentschaedigung-olg-muenchen-kippt-ingolstaedter-berechnung\\\/#breadcrumb\",\"itemListElement\":[{\"@type\":\"ListItem\",\"position\":1,\"name\":\"Startseite\",\"item\":\"https:\\\/\\\/ru.law\\\/\"},{\"@type\":\"ListItem\",\"position\":2,\"name\":\"Nutzungsentsch\u00e4digung: OLG M\u00fcnchen kippt Ingolst\u00e4dter Berechnung\"}]},{\"@type\":\"WebSite\",\"@id\":\"https:\\\/\\\/ru.law\\\/#website\",\"url\":\"https:\\\/\\\/ru.law\\\/\",\"name\":\"R&U\",\"description\":\"Verbraucheranw\u00e4lte\",\"publisher\":{\"@id\":\"https:\\\/\\\/ru.law\\\/#organization\"},\"alternateName\":\"Rogert & Ulbrich\",\"potentialAction\":[{\"@type\":\"SearchAction\",\"target\":{\"@type\":\"EntryPoint\",\"urlTemplate\":\"https:\\\/\\\/ru.law\\\/?s={search_term_string}\"},\"query-input\":{\"@type\":\"PropertyValueSpecification\",\"valueRequired\":true,\"valueName\":\"search_term_string\"}}],\"inLanguage\":\"en-GB\"},{\"@type\":\"Organization\",\"@id\":\"https:\\\/\\\/ru.law\\\/#organization\",\"name\":\"Kanzlei Rogert & Ulbrich\",\"url\":\"https:\\\/\\\/ru.law\\\/\",\"logo\":{\"@type\":\"ImageObject\",\"inLanguage\":\"en-GB\",\"@id\":\"https:\\\/\\\/ru.law\\\/#\\\/schema\\\/logo\\\/image\\\/\",\"url\":\"https:\\\/\\\/ru.law\\\/wp-content\\\/uploads\\\/2020\\\/12\\\/logo-ru-law.svg\",\"contentUrl\":\"https:\\\/\\\/ru.law\\\/wp-content\\\/uploads\\\/2020\\\/12\\\/logo-ru-law.svg\",\"width\":992,\"height\":259,\"caption\":\"Kanzlei Rogert & Ulbrich\"},\"image\":{\"@id\":\"https:\\\/\\\/ru.law\\\/#\\\/schema\\\/logo\\\/image\\\/\"},\"sameAs\":[\"https:\\\/\\\/www.facebook.com\\\/RogertUlbrich\\\/\",\"https:\\\/\\\/x.com\\\/RogertUlbrich\",\"https:\\\/\\\/www.instagram.com\\\/rogertulbrich\\\/\",\"https:\\\/\\\/www.linkedin.com\\\/company\\\/rogert-ulbrich\\\/\",\"https:\\\/\\\/www.youtube.com\\\/channel\\\/UCganCgpvwpPFqMFf1vVmG2A\"]},{\"@type\":\"Person\",\"@id\":\"https:\\\/\\\/ru.law\\\/#\\\/schema\\\/person\\\/b020d506e6bbc471b4565d3a98173b87\",\"name\":\"Marco Rogert\",\"url\":\"https:\\\/\\\/ru.law\\\/en\\\/author\\\/rogertru-law\\\/\"}]}<\/script>\n<!-- \/ Yoast SEO Premium plugin. -->","yoast_head_json":{"title":"Compensation for use: Munich Higher Regional Court overturns Ingolstadt&#039;s calculation - R&amp;U","description":"In a judgment we obtained, the Senate upheld the appeal, which was solely against the calculation of the compensation for use.","robots":{"index":"index","follow":"follow","max-snippet":"max-snippet:-1","max-image-preview":"max-image-preview:large","max-video-preview":"max-video-preview:-1"},"canonical":"https:\/\/ru.law\/en\/nutzungsentschaedigung-olg-muenchen-kippt-ingolstaedter-berechnung\/","og_locale":"en_GB","og_type":"article","og_title":"Nutzungsentsch\u00e4digung: OLG M\u00fcnchen kippt Ingolst\u00e4dter Berechnung","og_description":"In einem von uns erstrittenen Urteil gab der Senat der lediglich gegen die Berechnung der Nutzungsentsch\u00e4digung eingelegten Berufung statt.","og_url":"https:\/\/ru.law\/en\/nutzungsentschaedigung-olg-muenchen-kippt-ingolstaedter-berechnung\/","og_site_name":"R&amp;U","article_publisher":"https:\/\/www.facebook.com\/RogertUlbrich\/","article_published_time":"2021-06-07T13:47:00+00:00","article_modified_time":"2024-07-08T11:12:30+00:00","og_image":[{"width":1200,"height":675,"url":"https:\/\/ru.law\/wp-content\/uploads\/2021\/06\/rogert-ulbrich-rechtsanwalt-kanzlei-abgasskandal-nutzungsentschaedigung.jpg","type":"image\/jpeg"}],"author":"Marco Rogert","twitter_card":"summary_large_image","twitter_creator":"@RogertUlbrich","twitter_site":"@RogertUlbrich","schema":{"@context":"https:\/\/schema.org","@graph":[{"@type":"Article","@id":"https:\/\/ru.law\/nutzungsentschaedigung-olg-muenchen-kippt-ingolstaedter-berechnung\/#article","isPartOf":{"@id":"https:\/\/ru.law\/nutzungsentschaedigung-olg-muenchen-kippt-ingolstaedter-berechnung\/"},"author":{"name":"Marco Rogert","@id":"https:\/\/ru.law\/#\/schema\/person\/b020d506e6bbc471b4565d3a98173b87"},"headline":"Nutzungsentsch\u00e4digung: OLG M\u00fcnchen kippt Ingolst\u00e4dter Berechnung","datePublished":"2021-06-07T13:47:00+00:00","dateModified":"2024-07-08T11:12:30+00:00","mainEntityOfPage":{"@id":"https:\/\/ru.law\/nutzungsentschaedigung-olg-muenchen-kippt-ingolstaedter-berechnung\/"},"wordCount":235,"publisher":{"@id":"https:\/\/ru.law\/#organization"},"image":{"@id":"https:\/\/ru.law\/nutzungsentschaedigung-olg-muenchen-kippt-ingolstaedter-berechnung\/#primaryimage"},"thumbnailUrl":"https:\/\/ru.law\/wp-content\/uploads\/2021\/06\/rogert-ulbrich-rechtsanwalt-kanzlei-abgasskandal-nutzungsentschaedigung.jpg","keywords":["Audi","KBA","Nutzungsentsch\u00e4digung"],"articleSection":["Abgasskandal","Urteile"],"inLanguage":"en-GB"},{"@type":"WebPage","@id":"https:\/\/ru.law\/nutzungsentschaedigung-olg-muenchen-kippt-ingolstaedter-berechnung\/","url":"https:\/\/ru.law\/nutzungsentschaedigung-olg-muenchen-kippt-ingolstaedter-berechnung\/","name":"Compensation for use: Munich Higher Regional Court overturns Ingolstadt&#039;s calculation - R&amp;U","isPartOf":{"@id":"https:\/\/ru.law\/#website"},"primaryImageOfPage":{"@id":"https:\/\/ru.law\/nutzungsentschaedigung-olg-muenchen-kippt-ingolstaedter-berechnung\/#primaryimage"},"image":{"@id":"https:\/\/ru.law\/nutzungsentschaedigung-olg-muenchen-kippt-ingolstaedter-berechnung\/#primaryimage"},"thumbnailUrl":"https:\/\/ru.law\/wp-content\/uploads\/2021\/06\/rogert-ulbrich-rechtsanwalt-kanzlei-abgasskandal-nutzungsentschaedigung.jpg","datePublished":"2021-06-07T13:47:00+00:00","dateModified":"2024-07-08T11:12:30+00:00","description":"In a judgment we obtained, the Senate upheld the appeal, which was solely against the calculation of the compensation for use.","breadcrumb":{"@id":"https:\/\/ru.law\/nutzungsentschaedigung-olg-muenchen-kippt-ingolstaedter-berechnung\/#breadcrumb"},"inLanguage":"en-GB","potentialAction":[{"@type":"ReadAction","target":["https:\/\/ru.law\/nutzungsentschaedigung-olg-muenchen-kippt-ingolstaedter-berechnung\/"]}]},{"@type":"ImageObject","inLanguage":"en-GB","@id":"https:\/\/ru.law\/nutzungsentschaedigung-olg-muenchen-kippt-ingolstaedter-berechnung\/#primaryimage","url":"https:\/\/ru.law\/wp-content\/uploads\/2021\/06\/rogert-ulbrich-rechtsanwalt-kanzlei-abgasskandal-nutzungsentschaedigung.jpg","contentUrl":"https:\/\/ru.law\/wp-content\/uploads\/2021\/06\/rogert-ulbrich-rechtsanwalt-kanzlei-abgasskandal-nutzungsentschaedigung.jpg","width":1200,"height":675},{"@type":"BreadcrumbList","@id":"https:\/\/ru.law\/nutzungsentschaedigung-olg-muenchen-kippt-ingolstaedter-berechnung\/#breadcrumb","itemListElement":[{"@type":"ListItem","position":1,"name":"Startseite","item":"https:\/\/ru.law\/"},{"@type":"ListItem","position":2,"name":"Nutzungsentsch\u00e4digung: OLG M\u00fcnchen kippt Ingolst\u00e4dter Berechnung"}]},{"@type":"WebSite","@id":"https:\/\/ru.law\/#website","url":"https:\/\/ru.law\/","name":"R&amp;U","description":"Consumer lawyers","publisher":{"@id":"https:\/\/ru.law\/#organization"},"alternateName":"Rogert & Ulbrich","potentialAction":[{"@type":"SearchAction","target":{"@type":"EntryPoint","urlTemplate":"https:\/\/ru.law\/?s={search_term_string}"},"query-input":{"@type":"PropertyValueSpecification","valueRequired":true,"valueName":"search_term_string"}}],"inLanguage":"en-GB"},{"@type":"Organization","@id":"https:\/\/ru.law\/#organization","name":"Rogert &amp; Ulbrich Law Firm","url":"https:\/\/ru.law\/","logo":{"@type":"ImageObject","inLanguage":"en-GB","@id":"https:\/\/ru.law\/#\/schema\/logo\/image\/","url":"https:\/\/ru.law\/wp-content\/uploads\/2020\/12\/logo-ru-law.svg","contentUrl":"https:\/\/ru.law\/wp-content\/uploads\/2020\/12\/logo-ru-law.svg","width":992,"height":259,"caption":"Kanzlei Rogert & Ulbrich"},"image":{"@id":"https:\/\/ru.law\/#\/schema\/logo\/image\/"},"sameAs":["https:\/\/www.facebook.com\/RogertUlbrich\/","https:\/\/x.com\/RogertUlbrich","https:\/\/www.instagram.com\/rogertulbrich\/","https:\/\/www.linkedin.com\/company\/rogert-ulbrich\/","https:\/\/www.youtube.com\/channel\/UCganCgpvwpPFqMFf1vVmG2A"]},{"@type":"Person","@id":"https:\/\/ru.law\/#\/schema\/person\/b020d506e6bbc471b4565d3a98173b87","name":"Marco Rogert","url":"https:\/\/ru.law\/en\/author\/rogertru-law\/"}]}},"uagb_featured_image_src":{"full":["https:\/\/ru.law\/wp-content\/uploads\/2021\/06\/rogert-ulbrich-rechtsanwalt-kanzlei-abgasskandal-nutzungsentschaedigung.jpg",1200,675,false],"thumbnail":["https:\/\/ru.law\/wp-content\/uploads\/2021\/06\/rogert-ulbrich-rechtsanwalt-kanzlei-abgasskandal-nutzungsentschaedigung-150x150.jpg",96,96,true],"medium":["https:\/\/ru.law\/wp-content\/uploads\/2021\/06\/rogert-ulbrich-rechtsanwalt-kanzlei-abgasskandal-nutzungsentschaedigung-300x169.jpg",300,169,true],"medium_large":["https:\/\/ru.law\/wp-content\/uploads\/2021\/06\/rogert-ulbrich-rechtsanwalt-kanzlei-abgasskandal-nutzungsentschaedigung-768x432.jpg",768,432,true],"large":["https:\/\/ru.law\/wp-content\/uploads\/2021\/06\/rogert-ulbrich-rechtsanwalt-kanzlei-abgasskandal-nutzungsentschaedigung-1024x576.jpg",1024,576,true],"1536x1536":["https:\/\/ru.law\/wp-content\/uploads\/2021\/06\/rogert-ulbrich-rechtsanwalt-kanzlei-abgasskandal-nutzungsentschaedigung.jpg",1200,675,false],"2048x2048":["https:\/\/ru.law\/wp-content\/uploads\/2021\/06\/rogert-ulbrich-rechtsanwalt-kanzlei-abgasskandal-nutzungsentschaedigung.jpg",1200,675,false],"trp-custom-language-flag":["https:\/\/ru.law\/wp-content\/uploads\/2021\/06\/rogert-ulbrich-rechtsanwalt-kanzlei-abgasskandal-nutzungsentschaedigung.jpg",18,10,false]},"uagb_author_info":{"display_name":"Marco Rogert","author_link":"https:\/\/ru.law\/en\/author\/rogertru-law\/"},"uagb_comment_info":0,"uagb_excerpt":"In einem von uns erstrittenen Urteil vor dem OLG M\u00fcnchen gab der Senat der lediglich gegen die Berechnung der Nutzungsentsch\u00e4digung eingelegten Berufung statt. Nun muss [&hellip;]","_links":{"self":[{"href":"https:\/\/ru.law\/en\/wp-json\/wp\/v2\/posts\/17064","targetHints":{"allow":["GET"]}}],"collection":[{"href":"https:\/\/ru.law\/en\/wp-json\/wp\/v2\/posts"}],"about":[{"href":"https:\/\/ru.law\/en\/wp-json\/wp\/v2\/types\/post"}],"author":[{"embeddable":true,"href":"https:\/\/ru.law\/en\/wp-json\/wp\/v2\/users\/21"}],"replies":[{"embeddable":true,"href":"https:\/\/ru.law\/en\/wp-json\/wp\/v2\/comments?post=17064"}],"version-history":[{"count":0,"href":"https:\/\/ru.law\/en\/wp-json\/wp\/v2\/posts\/17064\/revisions"}],"wp:featuredmedia":[{"embeddable":true,"href":"https:\/\/ru.law\/en\/wp-json\/wp\/v2\/media\/17070"}],"wp:attachment":[{"href":"https:\/\/ru.law\/en\/wp-json\/wp\/v2\/media?parent=17064"}],"wp:term":[{"taxonomy":"category","embeddable":true,"href":"https:\/\/ru.law\/en\/wp-json\/wp\/v2\/categories?post=17064"},{"taxonomy":"post_tag","embeddable":true,"href":"https:\/\/ru.law\/en\/wp-json\/wp\/v2\/tags?post=17064"}],"curies":[{"name":"wp","href":"https:\/\/api.w.org\/{rel}","templated":true}]}}