{"id":15845,"date":"2021-05-20T16:19:11","date_gmt":"2021-05-20T14:19:11","guid":{"rendered":"https:\/\/ru.law\/?p=15845"},"modified":"2024-07-08T13:12:32","modified_gmt":"2024-07-08T11:12:32","slug":"landgericht-moenchengladbach-schafft-klare-verhaeltnisse","status":"publish","type":"post","link":"https:\/\/ru.law\/en\/landgericht-moenchengladbach-schafft-klare-verhaeltnisse\/","title":{"rendered":"M\u00f6nchengladbach Regional Court creates clarity"},"content":{"rendered":"<p>The District Court of M\u00f6nchengladbach has upheld the action against the Daimler Group and ordered it to withdraw a <a href=\"https:\/\/ru.law\/en\/expertise\/abgasskandal\/mercedes-benz-diesel\/#modelle\">Mercedes-Benz V-Class 250d 4M<\/a> (LG M\u00f6nchengladbach, judgment of 12.05.2021, Az. 6 O 78\/19). This model is equipped with an engine with the designation <a href=\"https:\/\/ru.law\/en\/expertise\/abgasskandal\/mercedes-benz-diesel\/#motor\">OM651<\/a> and was recalled by the KBA.<\/p>\n\n\n\n<p>The court made it clear that the Mercedes-Benz van sold in June 2018 for \u20ac69,900 was not free of material defects because it did not have the quality that is usual and to be expected for such purchases. In other words: The vehicle is defective and the buyer is therefore entitled to withdraw from the purchase contract - without setting a deadline for rectification!<\/p>\n\n\n\n<h2 class=\"wp-block-heading\" id=\"h-mercedes-v-klasse-verfugt-uber-unzulassige-abschalteinrichtung\">Mercedes V-Class has an illegal switch-off device<\/h2>\n\n\n\n<p>In its judgment, the court followed the plaintiffs&#039; arguments and found that various devices were implemented in the vehicle which, with regard to exhaust gas treatment, differentiated between a situation on the test bench and outside the test bench and only ensured exhaust gas purification in compliance with the legal limits on the test bench; the vehicle was therefore equipped with a switch-off device.<\/p>\n\n\n\n<p>The reasonable average buyer expects that the vehicle in question is either legally registered or eligible for registration and assumes that the vehicle meets the technical and legal requirements for registration. Requirements that the V-Class does not meet.<\/p>\n\n\n\n<h3 class=\"wp-block-heading\" id=\"h-frist-zur-nachbesserung-nicht-erforderlich\">Deadline for rectification not required<\/h3>\n\n\n\n<p>A deadline for rectification or removal of the defect did not have to be set here, as the fraudulent deception of the buyer - but also of the authority responsible for registering the vehicle - had destroyed the relationship of trust between the buyer and seller to such an extent that such a deadline was unnecessary. For the court, it was irrelevant whether the defect could be remedied by installing the software update. The fact that a defect can be remedied retrospectively does not change the fact that the purchased item had this defect when the risk was transferred and that the buyer was fraudulently deceived about it. Otherwise, the party obliged to rectify the defect, who has already committed a deception towards the authority, could claim that he is being monitored by the same authority that has already been deceived. In view of this, it is unreasonable for the plaintiff to agree to a rectification again.<\/p>\n\n\n\n<p>The court calculated here for the 41,349 km driven just under \u20ac 11,800 as <a href=\"https:\/\/ru.law\/en\/expertise\/abgasskandal\/mercedes-benz-diesel\/#rechner\">compensation for use<\/a> on the purchase price. The plaintiffs are therefore entitled to an amount of around \u20ac 57,200.<\/p>\n\n\n\n<section class=\"wp-block-uagb-columns uagb-columns__wrap uagb-columns__background-undefined uagb-columns__stack-mobile uagb-columns__valign-undefined uagb-columns__gap-10 alignundefined uagb-block-489a864e contrast blog_beitraege\"><div class=\"uagb-columns__overlay\"><\/div><div class=\"uagb-columns__inner-wrap uagb-columns__columns-1\">\n<div class=\"wp-block-uagb-column uagb-column__wrap uagb-column__background-undefined uagb-block-e032061c\"><div class=\"uagb-column__overlay\"><\/div><div class=\"uagb-column__inner-wrap\">\n<h3 class=\"wp-block-heading\" id=\"h-das-konnte-sie-auch-interessieren\">You might also be interested in:<\/h3>\n\n\n\n\t\t\t<div class=\"wp-block-uagb-post-grid uagb-post-grid  uagb-post__image-position-top uagb-post__image-enabled uagb-block-d59deacf     uagb-post__items uagb-post__columns-3 is-grid uagb-post__columns-tablet-2 uagb-post__columns-mobile-1 uagb-post__equal-height\" data-total=\"4\" style=\"\">\n\n\t\t\t\t\t\t\t\t\t\t\t\t<article class=\"uagb-post__inner-wrap\">\t\t\t\t\t\t\t\t<div class='uagb-post__image'>\n\t\t\t\t\t\t\t\t\t<a href=\"https:\/\/ru.law\/en\/neue-beweisbeschluesse-in-verfahren-gegen-mercedes-benz\/\" target=\"_self\" rel=\"bookmark noopener noreferrer\" class='uagb-image-ratio-inherit'><img loading=\"lazy\" decoding=\"async\" width=\"1024\" height=\"576\" src=\"https:\/\/ru.law\/wp-content\/uploads\/2020\/09\/daimler-abgasskandal-motor-om-651-1024x576.jpg\" class=\"attachment-large size-large\" alt=\"Daimler Abgasskandal-Motor OM651\" srcset=\"https:\/\/ru.law\/wp-content\/uploads\/2020\/09\/daimler-abgasskandal-motor-om-651-1024x576.jpg 1024w, https:\/\/ru.law\/wp-content\/uploads\/2020\/09\/daimler-abgasskandal-motor-om-651-300x169.jpg 300w, https:\/\/ru.law\/wp-content\/uploads\/2020\/09\/daimler-abgasskandal-motor-om-651-768x432.jpg 768w, https:\/\/ru.law\/wp-content\/uploads\/2020\/09\/daimler-abgasskandal-motor-om-651-500x281.jpg 500w, https:\/\/ru.law\/wp-content\/uploads\/2020\/09\/daimler-abgasskandal-motor-om-651-800x450.jpg 800w, https:\/\/ru.law\/wp-content\/uploads\/2020\/09\/daimler-abgasskandal-motor-om-651.jpg 1200w\" sizes=\"auto, (max-width: 1024px) 100vw, 1024px\" \/>\t\t\t\t\t<\/a>\n\t\t\t\t\t\t\t<\/div>\n\t\t\t\t\t\t<h4 class=\"uagb-post__title uagb-post__text\">\n\t\t\t\t<a href=\"https:\/\/ru.law\/en\/neue-beweisbeschluesse-in-verfahren-gegen-mercedes-benz\/\" target=\"_self\" rel=\"bookmark noopener noreferrer\">New evidence orders in proceedings against Mercedes Benz<\/a>\n\t\t\t<\/h4>\n\t\t\t\t\t\t<div class='uagb-post__text uagb-post-grid-byline'>\n\t\t\t\t\t\t\t<\/div>\n\t\t\t\t\t\t\t<div class='uagb-post__text uagb-post__excerpt'>\n\t\t\t\t\t<p>Illegal shutdown devices in the OM 651 engine. In two trials involving the...\t\t\t\t<\/div>\n\t\t\t\n\t\t\t\t\t\t\t\t\t<\/article>\n\t\t\t\t\t\t\t\t\t\t\t\t\t\t\t\t<article class=\"uagb-post__inner-wrap\">\t\t\t\t\t\t\t\t<div class='uagb-post__image'>\n\t\t\t\t\t\t\t\t\t<a href=\"https:\/\/ru.law\/en\/milliarden-zahlungen-im-diesel-abgasskandal\/\" target=\"_self\" rel=\"bookmark noopener noreferrer\" class='uagb-image-ratio-inherit'><img loading=\"lazy\" decoding=\"async\" width=\"1024\" height=\"576\" src=\"https:\/\/ru.law\/wp-content\/uploads\/2020\/08\/abgasskandal-daimler-mercedes-rueckruf-1-1024x576.jpg\" class=\"attachment-large size-large\" alt=\"Abgasskandal Daimler Mercedes-Rueckruf\" srcset=\"https:\/\/ru.law\/wp-content\/uploads\/2020\/08\/abgasskandal-daimler-mercedes-rueckruf-1-1024x576.jpg 1024w, https:\/\/ru.law\/wp-content\/uploads\/2020\/08\/abgasskandal-daimler-mercedes-rueckruf-1-300x169.jpg 300w, https:\/\/ru.law\/wp-content\/uploads\/2020\/08\/abgasskandal-daimler-mercedes-rueckruf-1-768x432.jpg 768w, https:\/\/ru.law\/wp-content\/uploads\/2020\/08\/abgasskandal-daimler-mercedes-rueckruf-1-500x281.jpg 500w, https:\/\/ru.law\/wp-content\/uploads\/2020\/08\/abgasskandal-daimler-mercedes-rueckruf-1-800x450.jpg 800w, https:\/\/ru.law\/wp-content\/uploads\/2020\/08\/abgasskandal-daimler-mercedes-rueckruf-1.jpg 1200w\" sizes=\"auto, (max-width: 1024px) 100vw, 1024px\" \/>\t\t\t\t\t<\/a>\n\t\t\t\t\t\t\t<\/div>\n\t\t\t\t\t\t<h4 class=\"uagb-post__title uagb-post__text\">\n\t\t\t\t<a href=\"https:\/\/ru.law\/en\/milliarden-zahlungen-im-diesel-abgasskandal\/\" target=\"_self\" rel=\"bookmark noopener noreferrer\">Billions in payments in the diesel emissions scandal in the USA<\/a>\n\t\t\t<\/h4>\n\t\t\t\t\t\t<div class='uagb-post__text uagb-post-grid-byline'>\n\t\t\t\t\t\t\t<\/div>\n\t\t\t\t\t\t\t<div class='uagb-post__text uagb-post__excerpt'>\n\t\t\t\t\t<p>Daimler refuses to settle in Germany, but victims have a good chance of getting their case back. In the USA\u2026\t\t\t\t<\/div>\n\t\t\t\n\t\t\t\t\t\t\t\t\t<\/article>\n\t\t\t\t\t\t\t\t\t\t\t\t\t\t\t\t<article class=\"uagb-post__inner-wrap\">\t\t\t\t\t\t\t\t<div class='uagb-post__image'>\n\t\t\t\t\t\t\t\t\t<a href=\"https:\/\/ru.law\/en\/mercedes-rueckrufe-im-abgasskandal\/\" target=\"_self\" rel=\"bookmark noopener noreferrer\" class='uagb-image-ratio-inherit'><img loading=\"lazy\" decoding=\"async\" width=\"1024\" height=\"576\" src=\"https:\/\/ru.law\/wp-content\/uploads\/2020\/06\/abgasskandal-mercedes-fahrzeugdetail-1-1024x576.jpg\" class=\"attachment-large size-large\" alt=\"Abgasskandal Mercedes Fahrzeugdetail\" srcset=\"https:\/\/ru.law\/wp-content\/uploads\/2020\/06\/abgasskandal-mercedes-fahrzeugdetail-1-1024x576.jpg 1024w, https:\/\/ru.law\/wp-content\/uploads\/2020\/06\/abgasskandal-mercedes-fahrzeugdetail-1-300x169.jpg 300w, https:\/\/ru.law\/wp-content\/uploads\/2020\/06\/abgasskandal-mercedes-fahrzeugdetail-1-768x432.jpg 768w, https:\/\/ru.law\/wp-content\/uploads\/2020\/06\/abgasskandal-mercedes-fahrzeugdetail-1-500x281.jpg 500w, https:\/\/ru.law\/wp-content\/uploads\/2020\/06\/abgasskandal-mercedes-fahrzeugdetail-1-800x450.jpg 800w, https:\/\/ru.law\/wp-content\/uploads\/2020\/06\/abgasskandal-mercedes-fahrzeugdetail-1.jpg 1200w\" sizes=\"auto, (max-width: 1024px) 100vw, 1024px\" \/>\t\t\t\t\t<\/a>\n\t\t\t\t\t\t\t<\/div>\n\t\t\t\t\t\t<h4 class=\"uagb-post__title uagb-post__text\">\n\t\t\t\t<a href=\"https:\/\/ru.law\/en\/mercedes-rueckrufe-im-abgasskandal\/\" target=\"_self\" rel=\"bookmark noopener noreferrer\">Mercedes recalls in the emissions scandal<\/a>\n\t\t\t<\/h4>\n\t\t\t\t\t\t<div class='uagb-post__text uagb-post-grid-byline'>\n\t\t\t\t\t\t\t<\/div>\n\t\t\t\t\t\t\t<div class='uagb-post__text uagb-post__excerpt'>\n\t\t\t\t\t<p>Why Daimler customers should act now. The emissions scandal is becoming a never-ending story for Daimler too. To\u2026\t\t\t\t<\/div>\n\t\t\t\n\t\t\t\t\t\t\t\t\t<\/article>\n\t\t\t\t\t\t\t\t\t\t\t<\/div>\n\t\t\t<\/div><\/div>\n<\/div><\/section>","protected":false},"excerpt":{"rendered":"<p>Das Landgericht M\u00f6nchengladbach hat der Klage gegen den Daimler-Konzern stattgegeben und verurteilte diesen zur R\u00fccknahme einer Mercedes-Benz V-Klasse 250d 4M (LG M\u00f6nchengladbach, Urteil vom 12.05.2021, [&hellip;]<\/p>\n","protected":false},"author":21,"featured_media":15854,"comment_status":"closed","ping_status":"open","sticky":false,"template":"","format":"standard","meta":{"_uag_custom_page_level_css":"","site-sidebar-layout":"default","site-content-layout":"default","ast-site-content-layout":"default","site-content-style":"default","site-sidebar-style":"default","ast-global-header-display":"","ast-banner-title-visibility":"","ast-main-header-display":"","ast-hfb-above-header-display":"","ast-hfb-below-header-display":"","ast-hfb-mobile-header-display":"","site-post-title":"","ast-breadcrumbs-content":"","ast-featured-img":"","footer-sml-layout":"","ast-disable-related-posts":"","theme-transparent-header-meta":"default","adv-header-id-meta":"","stick-header-meta":"","header-above-stick-meta":"","header-main-stick-meta":"","header-below-stick-meta":"","astra-migrate-meta-layouts":"default","ast-page-background-enabled":"default","ast-page-background-meta":{"desktop":{"background-color":"","background-image":"","background-repeat":"repeat","background-position":"center center","background-size":"auto","background-attachment":"scroll","background-type":"","background-media":"","overlay-type":"","overlay-color":"","overlay-opacity":"","overlay-gradient":""},"tablet":{"background-color":"","background-image":"","background-repeat":"repeat","background-position":"center center","background-size":"auto","background-attachment":"scroll","background-type":"","background-media":"","overlay-type":"","overlay-color":"","overlay-opacity":"","overlay-gradient":""},"mobile":{"background-color":"","background-image":"","background-repeat":"repeat","background-position":"center center","background-size":"auto","background-attachment":"scroll","background-type":"","background-media":"","overlay-type":"","overlay-color":"","overlay-opacity":"","overlay-gradient":""}},"ast-content-background-meta":{"desktop":{"background-color":"var(--ast-global-color-5)","background-image":"","background-repeat":"repeat","background-position":"center center","background-size":"auto","background-attachment":"scroll","background-type":"","background-media":"","overlay-type":"","overlay-color":"","overlay-opacity":"","overlay-gradient":""},"tablet":{"background-color":"var(--ast-global-color-5)","background-image":"","background-repeat":"repeat","background-position":"center center","background-size":"auto","background-attachment":"scroll","background-type":"","background-media":"","overlay-type":"","overlay-color":"","overlay-opacity":"","overlay-gradient":""},"mobile":{"background-color":"var(--ast-global-color-5)","background-image":"","background-repeat":"repeat","background-position":"center center","background-size":"auto","background-attachment":"scroll","background-type":"","background-media":"","overlay-type":"","overlay-color":"","overlay-opacity":"","overlay-gradient":""}},"footnotes":""},"categories":[2,507],"tags":[697,876,30],"class_list":["post-15845","post","type-post","status-publish","format-standard","has-post-thumbnail","hentry","category-abgasskandal","category-urteile","tag-kba","tag-mercedes-benz","tag-om651"],"yoast_head":"<!-- This site is optimized with the Yoast SEO Premium plugin v27.4 (Yoast SEO v27.4) - https:\/\/yoast.com\/product\/yoast-seo-premium-wordpress\/ -->\n<title>Landgericht M\u00f6nchengladbach schafft klare Verh\u00e4ltnisse - R&amp;U<\/title>\n<meta name=\"description\" content=\"Das Landgericht M\u00f6nchengladbach hat der Klage gegen den Daimler-Konzern stattgegeben und verurteilte diesen zur R\u00fccknahme einer Mercedes-Benz V-Klasse 250d 4M (LG M\u00f6nchengladbach, Urteil vom 12.05.2021, Az. 6 O 78\/19)\" \/>\n<meta name=\"robots\" content=\"index, follow, max-snippet:-1, max-image-preview:large, max-video-preview:-1\" \/>\n<link rel=\"canonical\" href=\"https:\/\/ru.law\/en\/landgericht-moenchengladbach-schafft-klare-verhaeltnisse\/\" \/>\n<meta property=\"og:locale\" content=\"en_GB\" \/>\n<meta property=\"og:type\" content=\"article\" \/>\n<meta property=\"og:title\" content=\"Landgericht M\u00f6nchengladbach schafft klare Verh\u00e4ltnisse\" \/>\n<meta property=\"og:description\" content=\"Das Landgericht M\u00f6nchengladbach hat der Klage gegen den Daimler-Konzern stattgegeben und verurteilte diesen zur R\u00fccknahme einer Mercedes-Benz V-Klasse 250d 4M (LG M\u00f6nchengladbach, Urteil vom 12.05.2021, Az. 6 O 78\/19)\" \/>\n<meta property=\"og:url\" content=\"https:\/\/ru.law\/en\/landgericht-moenchengladbach-schafft-klare-verhaeltnisse\/\" \/>\n<meta property=\"og:site_name\" content=\"R&amp;U\" \/>\n<meta property=\"article:publisher\" content=\"https:\/\/www.facebook.com\/RogertUlbrich\/\" \/>\n<meta property=\"article:published_time\" content=\"2021-05-20T14:19:11+00:00\" \/>\n<meta property=\"article:modified_time\" content=\"2024-07-08T11:12:32+00:00\" \/>\n<meta property=\"og:image\" content=\"https:\/\/ru.law\/wp-content\/uploads\/2021\/05\/rogert-ulbrich.rechtsanwalt-kanzlei-abgasskandal-mercedes-benz.jpg\" \/>\n\t<meta property=\"og:image:width\" content=\"1200\" \/>\n\t<meta property=\"og:image:height\" content=\"675\" \/>\n\t<meta property=\"og:image:type\" content=\"image\/jpeg\" \/>\n<meta name=\"author\" content=\"Marco Rogert\" \/>\n<meta name=\"twitter:card\" content=\"summary_large_image\" \/>\n<meta name=\"twitter:creator\" content=\"@RogertUlbrich\" \/>\n<meta name=\"twitter:site\" content=\"@RogertUlbrich\" \/>\n<script type=\"application\/ld+json\" class=\"yoast-schema-graph\">{\"@context\":\"https:\\\/\\\/schema.org\",\"@graph\":[{\"@type\":\"Article\",\"@id\":\"https:\\\/\\\/ru.law\\\/landgericht-moenchengladbach-schafft-klare-verhaeltnisse\\\/#article\",\"isPartOf\":{\"@id\":\"https:\\\/\\\/ru.law\\\/landgericht-moenchengladbach-schafft-klare-verhaeltnisse\\\/\"},\"author\":{\"name\":\"Marco Rogert\",\"@id\":\"https:\\\/\\\/ru.law\\\/#\\\/schema\\\/person\\\/b020d506e6bbc471b4565d3a98173b87\"},\"headline\":\"Landgericht M\u00f6nchengladbach schafft klare Verh\u00e4ltnisse\",\"datePublished\":\"2021-05-20T14:19:11+00:00\",\"dateModified\":\"2024-07-08T11:12:32+00:00\",\"mainEntityOfPage\":{\"@id\":\"https:\\\/\\\/ru.law\\\/landgericht-moenchengladbach-schafft-klare-verhaeltnisse\\\/\"},\"wordCount\":432,\"publisher\":{\"@id\":\"https:\\\/\\\/ru.law\\\/#organization\"},\"image\":{\"@id\":\"https:\\\/\\\/ru.law\\\/landgericht-moenchengladbach-schafft-klare-verhaeltnisse\\\/#primaryimage\"},\"thumbnailUrl\":\"https:\\\/\\\/ru.law\\\/wp-content\\\/uploads\\\/2021\\\/05\\\/rogert-ulbrich.rechtsanwalt-kanzlei-abgasskandal-mercedes-benz.jpg\",\"keywords\":[\"KBA\",\"Mercedes-Benz\",\"OM651\"],\"articleSection\":[\"Abgasskandal\",\"Urteile\"],\"inLanguage\":\"en-GB\"},{\"@type\":\"WebPage\",\"@id\":\"https:\\\/\\\/ru.law\\\/landgericht-moenchengladbach-schafft-klare-verhaeltnisse\\\/\",\"url\":\"https:\\\/\\\/ru.law\\\/landgericht-moenchengladbach-schafft-klare-verhaeltnisse\\\/\",\"name\":\"Landgericht M\u00f6nchengladbach schafft klare Verh\u00e4ltnisse - R&amp;U\",\"isPartOf\":{\"@id\":\"https:\\\/\\\/ru.law\\\/#website\"},\"primaryImageOfPage\":{\"@id\":\"https:\\\/\\\/ru.law\\\/landgericht-moenchengladbach-schafft-klare-verhaeltnisse\\\/#primaryimage\"},\"image\":{\"@id\":\"https:\\\/\\\/ru.law\\\/landgericht-moenchengladbach-schafft-klare-verhaeltnisse\\\/#primaryimage\"},\"thumbnailUrl\":\"https:\\\/\\\/ru.law\\\/wp-content\\\/uploads\\\/2021\\\/05\\\/rogert-ulbrich.rechtsanwalt-kanzlei-abgasskandal-mercedes-benz.jpg\",\"datePublished\":\"2021-05-20T14:19:11+00:00\",\"dateModified\":\"2024-07-08T11:12:32+00:00\",\"description\":\"Das Landgericht M\u00f6nchengladbach hat der Klage gegen den Daimler-Konzern stattgegeben und verurteilte diesen zur R\u00fccknahme einer Mercedes-Benz V-Klasse 250d 4M (LG M\u00f6nchengladbach, Urteil vom 12.05.2021, Az. 6 O 78\\\/19)\",\"breadcrumb\":{\"@id\":\"https:\\\/\\\/ru.law\\\/landgericht-moenchengladbach-schafft-klare-verhaeltnisse\\\/#breadcrumb\"},\"inLanguage\":\"en-GB\",\"potentialAction\":[{\"@type\":\"ReadAction\",\"target\":[\"https:\\\/\\\/ru.law\\\/landgericht-moenchengladbach-schafft-klare-verhaeltnisse\\\/\"]}]},{\"@type\":\"ImageObject\",\"inLanguage\":\"en-GB\",\"@id\":\"https:\\\/\\\/ru.law\\\/landgericht-moenchengladbach-schafft-klare-verhaeltnisse\\\/#primaryimage\",\"url\":\"https:\\\/\\\/ru.law\\\/wp-content\\\/uploads\\\/2021\\\/05\\\/rogert-ulbrich.rechtsanwalt-kanzlei-abgasskandal-mercedes-benz.jpg\",\"contentUrl\":\"https:\\\/\\\/ru.law\\\/wp-content\\\/uploads\\\/2021\\\/05\\\/rogert-ulbrich.rechtsanwalt-kanzlei-abgasskandal-mercedes-benz.jpg\",\"width\":1200,\"height\":675},{\"@type\":\"BreadcrumbList\",\"@id\":\"https:\\\/\\\/ru.law\\\/landgericht-moenchengladbach-schafft-klare-verhaeltnisse\\\/#breadcrumb\",\"itemListElement\":[{\"@type\":\"ListItem\",\"position\":1,\"name\":\"Startseite\",\"item\":\"https:\\\/\\\/ru.law\\\/\"},{\"@type\":\"ListItem\",\"position\":2,\"name\":\"Landgericht M\u00f6nchengladbach schafft klare Verh\u00e4ltnisse\"}]},{\"@type\":\"WebSite\",\"@id\":\"https:\\\/\\\/ru.law\\\/#website\",\"url\":\"https:\\\/\\\/ru.law\\\/\",\"name\":\"R&U\",\"description\":\"Verbraucheranw\u00e4lte\",\"publisher\":{\"@id\":\"https:\\\/\\\/ru.law\\\/#organization\"},\"alternateName\":\"Rogert & Ulbrich\",\"potentialAction\":[{\"@type\":\"SearchAction\",\"target\":{\"@type\":\"EntryPoint\",\"urlTemplate\":\"https:\\\/\\\/ru.law\\\/?s={search_term_string}\"},\"query-input\":{\"@type\":\"PropertyValueSpecification\",\"valueRequired\":true,\"valueName\":\"search_term_string\"}}],\"inLanguage\":\"en-GB\"},{\"@type\":\"Organization\",\"@id\":\"https:\\\/\\\/ru.law\\\/#organization\",\"name\":\"Kanzlei Rogert & Ulbrich\",\"url\":\"https:\\\/\\\/ru.law\\\/\",\"logo\":{\"@type\":\"ImageObject\",\"inLanguage\":\"en-GB\",\"@id\":\"https:\\\/\\\/ru.law\\\/#\\\/schema\\\/logo\\\/image\\\/\",\"url\":\"https:\\\/\\\/ru.law\\\/wp-content\\\/uploads\\\/2020\\\/12\\\/logo-ru-law.svg\",\"contentUrl\":\"https:\\\/\\\/ru.law\\\/wp-content\\\/uploads\\\/2020\\\/12\\\/logo-ru-law.svg\",\"width\":992,\"height\":259,\"caption\":\"Kanzlei Rogert & Ulbrich\"},\"image\":{\"@id\":\"https:\\\/\\\/ru.law\\\/#\\\/schema\\\/logo\\\/image\\\/\"},\"sameAs\":[\"https:\\\/\\\/www.facebook.com\\\/RogertUlbrich\\\/\",\"https:\\\/\\\/x.com\\\/RogertUlbrich\",\"https:\\\/\\\/www.instagram.com\\\/rogertulbrich\\\/\",\"https:\\\/\\\/www.linkedin.com\\\/company\\\/rogert-ulbrich\\\/\",\"https:\\\/\\\/www.youtube.com\\\/channel\\\/UCganCgpvwpPFqMFf1vVmG2A\"]},{\"@type\":\"Person\",\"@id\":\"https:\\\/\\\/ru.law\\\/#\\\/schema\\\/person\\\/b020d506e6bbc471b4565d3a98173b87\",\"name\":\"Marco Rogert\",\"url\":\"https:\\\/\\\/ru.law\\\/en\\\/author\\\/rogertru-law\\\/\"}]}<\/script>\n<!-- \/ Yoast SEO Premium plugin. -->","yoast_head_json":{"title":"Landgericht M\u00f6nchengladbach schafft klare Verh\u00e4ltnisse - R&amp;U","description":"Das Landgericht M\u00f6nchengladbach hat der Klage gegen den Daimler-Konzern stattgegeben und verurteilte diesen zur R\u00fccknahme einer Mercedes-Benz V-Klasse 250d 4M (LG M\u00f6nchengladbach, Urteil vom 12.05.2021, Az. 6 O 78\/19)","robots":{"index":"index","follow":"follow","max-snippet":"max-snippet:-1","max-image-preview":"max-image-preview:large","max-video-preview":"max-video-preview:-1"},"canonical":"https:\/\/ru.law\/en\/landgericht-moenchengladbach-schafft-klare-verhaeltnisse\/","og_locale":"en_GB","og_type":"article","og_title":"Landgericht M\u00f6nchengladbach schafft klare Verh\u00e4ltnisse","og_description":"Das Landgericht M\u00f6nchengladbach hat der Klage gegen den Daimler-Konzern stattgegeben und verurteilte diesen zur R\u00fccknahme einer Mercedes-Benz V-Klasse 250d 4M (LG M\u00f6nchengladbach, Urteil vom 12.05.2021, Az. 6 O 78\/19)","og_url":"https:\/\/ru.law\/en\/landgericht-moenchengladbach-schafft-klare-verhaeltnisse\/","og_site_name":"R&amp;U","article_publisher":"https:\/\/www.facebook.com\/RogertUlbrich\/","article_published_time":"2021-05-20T14:19:11+00:00","article_modified_time":"2024-07-08T11:12:32+00:00","og_image":[{"width":1200,"height":675,"url":"https:\/\/ru.law\/wp-content\/uploads\/2021\/05\/rogert-ulbrich.rechtsanwalt-kanzlei-abgasskandal-mercedes-benz.jpg","type":"image\/jpeg"}],"author":"Marco Rogert","twitter_card":"summary_large_image","twitter_creator":"@RogertUlbrich","twitter_site":"@RogertUlbrich","schema":{"@context":"https:\/\/schema.org","@graph":[{"@type":"Article","@id":"https:\/\/ru.law\/landgericht-moenchengladbach-schafft-klare-verhaeltnisse\/#article","isPartOf":{"@id":"https:\/\/ru.law\/landgericht-moenchengladbach-schafft-klare-verhaeltnisse\/"},"author":{"name":"Marco Rogert","@id":"https:\/\/ru.law\/#\/schema\/person\/b020d506e6bbc471b4565d3a98173b87"},"headline":"Landgericht M\u00f6nchengladbach schafft klare Verh\u00e4ltnisse","datePublished":"2021-05-20T14:19:11+00:00","dateModified":"2024-07-08T11:12:32+00:00","mainEntityOfPage":{"@id":"https:\/\/ru.law\/landgericht-moenchengladbach-schafft-klare-verhaeltnisse\/"},"wordCount":432,"publisher":{"@id":"https:\/\/ru.law\/#organization"},"image":{"@id":"https:\/\/ru.law\/landgericht-moenchengladbach-schafft-klare-verhaeltnisse\/#primaryimage"},"thumbnailUrl":"https:\/\/ru.law\/wp-content\/uploads\/2021\/05\/rogert-ulbrich.rechtsanwalt-kanzlei-abgasskandal-mercedes-benz.jpg","keywords":["KBA","Mercedes-Benz","OM651"],"articleSection":["Abgasskandal","Urteile"],"inLanguage":"en-GB"},{"@type":"WebPage","@id":"https:\/\/ru.law\/landgericht-moenchengladbach-schafft-klare-verhaeltnisse\/","url":"https:\/\/ru.law\/landgericht-moenchengladbach-schafft-klare-verhaeltnisse\/","name":"Landgericht M\u00f6nchengladbach schafft klare Verh\u00e4ltnisse - R&amp;U","isPartOf":{"@id":"https:\/\/ru.law\/#website"},"primaryImageOfPage":{"@id":"https:\/\/ru.law\/landgericht-moenchengladbach-schafft-klare-verhaeltnisse\/#primaryimage"},"image":{"@id":"https:\/\/ru.law\/landgericht-moenchengladbach-schafft-klare-verhaeltnisse\/#primaryimage"},"thumbnailUrl":"https:\/\/ru.law\/wp-content\/uploads\/2021\/05\/rogert-ulbrich.rechtsanwalt-kanzlei-abgasskandal-mercedes-benz.jpg","datePublished":"2021-05-20T14:19:11+00:00","dateModified":"2024-07-08T11:12:32+00:00","description":"Das Landgericht M\u00f6nchengladbach hat der Klage gegen den Daimler-Konzern stattgegeben und verurteilte diesen zur R\u00fccknahme einer Mercedes-Benz V-Klasse 250d 4M (LG M\u00f6nchengladbach, Urteil vom 12.05.2021, Az. 6 O 78\/19)","breadcrumb":{"@id":"https:\/\/ru.law\/landgericht-moenchengladbach-schafft-klare-verhaeltnisse\/#breadcrumb"},"inLanguage":"en-GB","potentialAction":[{"@type":"ReadAction","target":["https:\/\/ru.law\/landgericht-moenchengladbach-schafft-klare-verhaeltnisse\/"]}]},{"@type":"ImageObject","inLanguage":"en-GB","@id":"https:\/\/ru.law\/landgericht-moenchengladbach-schafft-klare-verhaeltnisse\/#primaryimage","url":"https:\/\/ru.law\/wp-content\/uploads\/2021\/05\/rogert-ulbrich.rechtsanwalt-kanzlei-abgasskandal-mercedes-benz.jpg","contentUrl":"https:\/\/ru.law\/wp-content\/uploads\/2021\/05\/rogert-ulbrich.rechtsanwalt-kanzlei-abgasskandal-mercedes-benz.jpg","width":1200,"height":675},{"@type":"BreadcrumbList","@id":"https:\/\/ru.law\/landgericht-moenchengladbach-schafft-klare-verhaeltnisse\/#breadcrumb","itemListElement":[{"@type":"ListItem","position":1,"name":"Startseite","item":"https:\/\/ru.law\/"},{"@type":"ListItem","position":2,"name":"Landgericht M\u00f6nchengladbach schafft klare Verh\u00e4ltnisse"}]},{"@type":"WebSite","@id":"https:\/\/ru.law\/#website","url":"https:\/\/ru.law\/","name":"R&amp;U","description":"Consumer lawyers","publisher":{"@id":"https:\/\/ru.law\/#organization"},"alternateName":"Rogert & Ulbrich","potentialAction":[{"@type":"SearchAction","target":{"@type":"EntryPoint","urlTemplate":"https:\/\/ru.law\/?s={search_term_string}"},"query-input":{"@type":"PropertyValueSpecification","valueRequired":true,"valueName":"search_term_string"}}],"inLanguage":"en-GB"},{"@type":"Organization","@id":"https:\/\/ru.law\/#organization","name":"Rogert &amp; Ulbrich Law Firm","url":"https:\/\/ru.law\/","logo":{"@type":"ImageObject","inLanguage":"en-GB","@id":"https:\/\/ru.law\/#\/schema\/logo\/image\/","url":"https:\/\/ru.law\/wp-content\/uploads\/2020\/12\/logo-ru-law.svg","contentUrl":"https:\/\/ru.law\/wp-content\/uploads\/2020\/12\/logo-ru-law.svg","width":992,"height":259,"caption":"Kanzlei Rogert & Ulbrich"},"image":{"@id":"https:\/\/ru.law\/#\/schema\/logo\/image\/"},"sameAs":["https:\/\/www.facebook.com\/RogertUlbrich\/","https:\/\/x.com\/RogertUlbrich","https:\/\/www.instagram.com\/rogertulbrich\/","https:\/\/www.linkedin.com\/company\/rogert-ulbrich\/","https:\/\/www.youtube.com\/channel\/UCganCgpvwpPFqMFf1vVmG2A"]},{"@type":"Person","@id":"https:\/\/ru.law\/#\/schema\/person\/b020d506e6bbc471b4565d3a98173b87","name":"Marco Rogert","url":"https:\/\/ru.law\/en\/author\/rogertru-law\/"}]}},"uagb_featured_image_src":{"full":["https:\/\/ru.law\/wp-content\/uploads\/2021\/05\/rogert-ulbrich.rechtsanwalt-kanzlei-abgasskandal-mercedes-benz.jpg",1200,675,false],"thumbnail":["https:\/\/ru.law\/wp-content\/uploads\/2021\/05\/rogert-ulbrich.rechtsanwalt-kanzlei-abgasskandal-mercedes-benz-150x150.jpg",96,96,true],"medium":["https:\/\/ru.law\/wp-content\/uploads\/2021\/05\/rogert-ulbrich.rechtsanwalt-kanzlei-abgasskandal-mercedes-benz-300x169.jpg",300,169,true],"medium_large":["https:\/\/ru.law\/wp-content\/uploads\/2021\/05\/rogert-ulbrich.rechtsanwalt-kanzlei-abgasskandal-mercedes-benz-768x432.jpg",768,432,true],"large":["https:\/\/ru.law\/wp-content\/uploads\/2021\/05\/rogert-ulbrich.rechtsanwalt-kanzlei-abgasskandal-mercedes-benz-1024x576.jpg",1024,576,true],"1536x1536":["https:\/\/ru.law\/wp-content\/uploads\/2021\/05\/rogert-ulbrich.rechtsanwalt-kanzlei-abgasskandal-mercedes-benz.jpg",1200,675,false],"2048x2048":["https:\/\/ru.law\/wp-content\/uploads\/2021\/05\/rogert-ulbrich.rechtsanwalt-kanzlei-abgasskandal-mercedes-benz.jpg",1200,675,false],"trp-custom-language-flag":["https:\/\/ru.law\/wp-content\/uploads\/2021\/05\/rogert-ulbrich.rechtsanwalt-kanzlei-abgasskandal-mercedes-benz.jpg",18,10,false]},"uagb_author_info":{"display_name":"Marco Rogert","author_link":"https:\/\/ru.law\/en\/author\/rogertru-law\/"},"uagb_comment_info":0,"uagb_excerpt":"Das Landgericht M\u00f6nchengladbach hat der Klage gegen den Daimler-Konzern stattgegeben und verurteilte diesen zur R\u00fccknahme einer Mercedes-Benz V-Klasse 250d 4M (LG M\u00f6nchengladbach, Urteil vom 12.05.2021, [&hellip;]","_links":{"self":[{"href":"https:\/\/ru.law\/en\/wp-json\/wp\/v2\/posts\/15845","targetHints":{"allow":["GET"]}}],"collection":[{"href":"https:\/\/ru.law\/en\/wp-json\/wp\/v2\/posts"}],"about":[{"href":"https:\/\/ru.law\/en\/wp-json\/wp\/v2\/types\/post"}],"author":[{"embeddable":true,"href":"https:\/\/ru.law\/en\/wp-json\/wp\/v2\/users\/21"}],"replies":[{"embeddable":true,"href":"https:\/\/ru.law\/en\/wp-json\/wp\/v2\/comments?post=15845"}],"version-history":[{"count":0,"href":"https:\/\/ru.law\/en\/wp-json\/wp\/v2\/posts\/15845\/revisions"}],"wp:featuredmedia":[{"embeddable":true,"href":"https:\/\/ru.law\/en\/wp-json\/wp\/v2\/media\/15854"}],"wp:attachment":[{"href":"https:\/\/ru.law\/en\/wp-json\/wp\/v2\/media?parent=15845"}],"wp:term":[{"taxonomy":"category","embeddable":true,"href":"https:\/\/ru.law\/en\/wp-json\/wp\/v2\/categories?post=15845"},{"taxonomy":"post_tag","embeddable":true,"href":"https:\/\/ru.law\/en\/wp-json\/wp\/v2\/tags?post=15845"}],"curies":[{"name":"wp","href":"https:\/\/api.w.org\/{rel}","templated":true}]}}