{"id":12372,"date":"2020-12-02T14:11:11","date_gmt":"2020-12-02T13:11:11","guid":{"rendered":"https:\/\/ru.law\/?p=12372"},"modified":"2024-07-08T13:12:43","modified_gmt":"2024-07-08T11:12:43","slug":"das-thermofenster-abschalteinrichtung-im-wohnmobil","status":"publish","type":"post","link":"https:\/\/ru.law\/en\/das-thermofenster-abschalteinrichtung-im-wohnmobil\/","title":{"rendered":"The thermal window: Unauthorized shutdown device in the motorhome"},"content":{"rendered":"<h2 class=\"wp-block-heading\" id=\"h-volkswagen-muss-t5-zurucknehmen\"><strong>Volkswagen must take back T5<\/strong><\/h2>\n\n\n\n<p>In a case we conducted, the Cologne Regional Court ordered Volkswagen AG to pay damages: The plaintiff can look forward to EUR 47,991.64 and return the motorhome equipped with the fraudulent EA189 engine to the Volkswagen Group (LG Cologne of November 19, 2020, case number 24 O 167\/20).<\/p>\n\n\n\n<p>The plaintiff had bought the <a href=\"https:\/\/ru.law\/en\/landgericht-verurteilt-volkswagen-zur-ruecknahme-eines-vw-t5\/\">Volkswagen T5 California<\/a> 2.0l TDI of the Euro 5 emissions class in March 2015. In January 2020, the KBA published a <a href=\"https:\/\/ru.law\/en\/neuer-ueberwachter-vw-rueckruf-vom-kraftfahrt-bundesamt\/\">recall<\/a> for this model.<\/p>\n\n\n\n<p>The vehicle indisputably has a <a href=\"https:\/\/ru.law\/en\/zykluserkennung-thermofenster-co\/\">thermal window<\/a>, said the judges. The defendant Volkswagen AG did not contradict the claim that the thermal window leads to a shutdown or significant reduction of exhaust gas recirculation. In general, VW&#039;s statements seemed evasive and not very specific.<\/p>\n\n\n\n<h3 class=\"wp-block-heading\" id=\"h-das-thermofenster-in-seiner-ausgestaltung-nicht-zulassig\"><strong>The thermal window in its design is not permitted<\/strong><\/h3>\n\n\n\n<p>The <a href=\"https:\/\/ru.law\/en\/expertise\/abgasskandal\/vw-diesel\/\">Volkswagen AG<\/a> stated hesitantly that exhaust gas recirculation only takes place depending on the ambient air temperature in a temperature range of about 3 degrees Celsius to over 35 degrees Celsius. However, she did not elaborate on this.<\/p>\n\n\n\n<p>Instead, the car manufacturer resorted to general statements about the function and necessity of the thermal window. The court therefore found that even in this temperature range, the exhaust gas recirculation required to comply with the pollutant values was not carried out to its full extent.<\/p>\n\n\n\n<p>The thermal window is not permitted in its specific form. The shutdown device is also not designed to protect the engine. The European standard clearly aims to accept immediate risks that affect the reliability of the engine and pose a danger when driving the vehicle as a reason for deviating from the standard. However, this does not apply if you want to prevent wear or contamination of the engine.<\/p>\n\n\n\n<p>Otherwise the exception would become the rule.<\/p>\n\n\n\n<section class=\"wp-block-uagb-columns uagb-columns__wrap uagb-columns__background-undefined uagb-columns__stack-mobile uagb-columns__valign-undefined uagb-columns__gap-10 alignundefined uagb-block-949b667c contrast blog_beitraege\"><div class=\"uagb-columns__overlay\"><\/div><div class=\"uagb-columns__inner-wrap uagb-columns__columns-1\">\n<div class=\"wp-block-uagb-column uagb-column__wrap uagb-column__background-undefined uagb-block-fc4e40ef\"><div class=\"uagb-column__overlay\"><\/div><div class=\"uagb-column__inner-wrap\">\n<h3 class=\"wp-block-heading\" id=\"h-das-konnte-sie-auch-interessieren\">You might also be interested in:<\/h3>\n\n\n\n\t\t\t<div class=\"wp-block-uagb-post-grid uagb-post-grid  uagb-post__image-position-top uagb-post__image-enabled uagb-block-2624b1b0     uagb-post__items uagb-post__columns-3 is-grid uagb-post__columns-tablet-2 uagb-post__columns-mobile-1 uagb-post__equal-height\" data-total=\"2\" style=\"\">\n\n\t\t\t\t\t\t\t\t\t\t\t\t<article class=\"uagb-post__inner-wrap\">\t\t\t\t\t\t\t\t<div class='uagb-post__image'>\n\t\t\t\t\t\t\t\t\t<a href=\"https:\/\/ru.law\/en\/fiat-abgasskandal-abschalteinrichtungen-in-sunlight-wohnmobil\/\" target=\"_self\" rel=\"bookmark noopener noreferrer\" class='uagb-image-ratio-inherit'><img loading=\"lazy\" decoding=\"async\" width=\"1024\" height=\"576\" src=\"https:\/\/ru.law\/wp-content\/uploads\/2023\/10\/ogert-Ulbrich-Rechtsanwaelte-Kanzlei-Abgasskandal-Fiat-Wohmoil-Ducato.png\" class=\"attachment-large size-large\" alt=\"\" srcset=\"https:\/\/ru.law\/wp-content\/uploads\/2023\/10\/ogert-Ulbrich-Rechtsanwaelte-Kanzlei-Abgasskandal-Fiat-Wohmoil-Ducato.png 1024w, https:\/\/ru.law\/wp-content\/uploads\/2023\/10\/ogert-Ulbrich-Rechtsanwaelte-Kanzlei-Abgasskandal-Fiat-Wohmoil-Ducato-768x432.png 768w\" sizes=\"auto, (max-width: 1024px) 100vw, 1024px\" \/>\t\t\t\t\t<\/a>\n\t\t\t\t\t\t\t<\/div>\n\t\t\t\t\t\t<h4 class=\"uagb-post__title uagb-post__text\">\n\t\t\t\t<a href=\"https:\/\/ru.law\/en\/fiat-abgasskandal-abschalteinrichtungen-in-sunlight-wohnmobil\/\" target=\"_self\" rel=\"bookmark noopener noreferrer\">Fiat emissions scandal: defeat devices in Sunlight motorhome<\/a>\n\t\t\t<\/h4>\n\t\t\t\t\t\t<div class='uagb-post__text uagb-post-grid-byline'>\n\t\t\t\t\t\t\t<\/div>\n\t\t\t\t\t\t\t<div class='uagb-post__text uagb-post__excerpt'>\n\t\t\t\t\t<p>The Naumburg Higher Regional Court ruled on September 15, 2023 that Stellantis, the parent company of Fiat-Chrysler,\u2026\t\t\t\t<\/div>\n\t\t\t\n\t\t\t\t\t\t\t\t\t<\/article>\n\t\t\t\t\t\t\t\t\t\t\t\t\t\t\t\t<article class=\"uagb-post__inner-wrap\">\t\t\t\t\t\t\t\t<div class='uagb-post__image'>\n\t\t\t\t\t\t\t\t\t<a href=\"https:\/\/ru.law\/en\/fiat-abgasskandal-immer-mehr-wohnmobile-betroffen\/\" target=\"_self\" rel=\"bookmark noopener noreferrer\" class='uagb-image-ratio-inherit'><img loading=\"lazy\" decoding=\"async\" width=\"1024\" height=\"576\" src=\"https:\/\/ru.law\/wp-content\/uploads\/2022\/04\/Rogert-Ulbrich-Rechtsanwaelte-Kanzlei-Abgasskandal-Fiat-Wohmoil-Ducato-1024x576.jpg\" class=\"attachment-large size-large\" alt=\"\" srcset=\"https:\/\/ru.law\/wp-content\/uploads\/2022\/04\/Rogert-Ulbrich-Rechtsanwaelte-Kanzlei-Abgasskandal-Fiat-Wohmoil-Ducato-1024x576.jpg 1024w, https:\/\/ru.law\/wp-content\/uploads\/2022\/04\/Rogert-Ulbrich-Rechtsanwaelte-Kanzlei-Abgasskandal-Fiat-Wohmoil-Ducato-300x169.jpg 300w, https:\/\/ru.law\/wp-content\/uploads\/2022\/04\/Rogert-Ulbrich-Rechtsanwaelte-Kanzlei-Abgasskandal-Fiat-Wohmoil-Ducato-768x432.jpg 768w, https:\/\/ru.law\/wp-content\/uploads\/2022\/04\/Rogert-Ulbrich-Rechtsanwaelte-Kanzlei-Abgasskandal-Fiat-Wohmoil-Ducato.jpg 1200w\" sizes=\"auto, (max-width: 1024px) 100vw, 1024px\" \/>\t\t\t\t\t<\/a>\n\t\t\t\t\t\t\t<\/div>\n\t\t\t\t\t\t<h4 class=\"uagb-post__title uagb-post__text\">\n\t\t\t\t<a href=\"https:\/\/ru.law\/en\/fiat-abgasskandal-immer-mehr-wohnmobile-betroffen\/\" target=\"_self\" rel=\"bookmark noopener noreferrer\">Fiat emissions scandal: More and more motorhomes affected<\/a>\n\t\t\t<\/h4>\n\t\t\t\t\t\t<div class='uagb-post__text uagb-post-grid-byline'>\n\t\t\t\t\t\t\t<\/div>\n\t\t\t\t\t\t\t<div class='uagb-post__text uagb-post__excerpt'>\n\t\t\t\t\t<p>The Regional Court (LG) Dessau-Ro\u00dflau sentenced FCA Italy SpA (Fiat Chrysler Automobiles) to pay\u2026\t\t\t\t<\/div>\n\t\t\t\n\t\t\t\t\t\t\t\t\t<\/article>\n\t\t\t\t\t\t\t\t\t\t\t\t\t\t\t\t<article class=\"uagb-post__inner-wrap\">\t\t\t\t\t\t\t\t<div class='uagb-post__image'>\n\t\t\t\t\t\t\t\t\t<a href=\"https:\/\/ru.law\/en\/fiat-abgasskandal-chancen-fuer-verbraucher-steigen\/\" target=\"_self\" rel=\"bookmark noopener noreferrer\" class='uagb-image-ratio-inherit'><img loading=\"lazy\" decoding=\"async\" width=\"1024\" height=\"576\" src=\"https:\/\/ru.law\/wp-content\/uploads\/2022\/04\/Rogert-Ulbrich-Rechtsanwaelte-Kanzlei-Abgasskandal-Fiat-Wohnmobil-Schadensersatz-1024x576.jpg\" class=\"attachment-large size-large\" alt=\"\" srcset=\"https:\/\/ru.law\/wp-content\/uploads\/2022\/04\/Rogert-Ulbrich-Rechtsanwaelte-Kanzlei-Abgasskandal-Fiat-Wohnmobil-Schadensersatz-1024x576.jpg 1024w, https:\/\/ru.law\/wp-content\/uploads\/2022\/04\/Rogert-Ulbrich-Rechtsanwaelte-Kanzlei-Abgasskandal-Fiat-Wohnmobil-Schadensersatz-300x169.jpg 300w, https:\/\/ru.law\/wp-content\/uploads\/2022\/04\/Rogert-Ulbrich-Rechtsanwaelte-Kanzlei-Abgasskandal-Fiat-Wohnmobil-Schadensersatz-768x432.jpg 768w, https:\/\/ru.law\/wp-content\/uploads\/2022\/04\/Rogert-Ulbrich-Rechtsanwaelte-Kanzlei-Abgasskandal-Fiat-Wohnmobil-Schadensersatz.jpg 1200w\" sizes=\"auto, (max-width: 1024px) 100vw, 1024px\" \/>\t\t\t\t\t<\/a>\n\t\t\t\t\t\t\t<\/div>\n\t\t\t\t\t\t<h4 class=\"uagb-post__title uagb-post__text\">\n\t\t\t\t<a href=\"https:\/\/ru.law\/en\/fiat-abgasskandal-chancen-fuer-verbraucher-steigen\/\" target=\"_self\" rel=\"bookmark noopener noreferrer\">Fiat emissions scandal: opportunities for consumers increase<\/a>\n\t\t\t<\/h4>\n\t\t\t\t\t\t<div class='uagb-post__text uagb-post-grid-byline'>\n\t\t\t\t\t\t\t<\/div>\n\t\t\t\t\t\t\t<div class='uagb-post__text uagb-post__excerpt'>\n\t\t\t\t\t<p>The Higher Regional Court (OLG) of Cologne announced in a decision dated February 24, 2022 that it intends to\u2026\t\t\t\t<\/div>\n\t\t\t\n\t\t\t\t\t\t\t\t\t<\/article>\n\t\t\t\t\t\t\t\t\t\t\t<\/div>\n\t\t\t<\/div><\/div>\n<\/div><\/section>","protected":false},"excerpt":{"rendered":"<p>Volkswagen muss T5 zur\u00fccknehmen In einem von uns gef\u00fchrten Verfahren verurteilte das Landgericht K\u00f6ln die Volkswagen AG zur Zahlung von Schadensersatz: Der Kl\u00e4ger kann sich [&hellip;]<\/p>\n","protected":false},"author":21,"featured_media":12373,"comment_status":"closed","ping_status":"open","sticky":false,"template":"","format":"standard","meta":{"_uag_custom_page_level_css":"","site-sidebar-layout":"default","site-content-layout":"default","ast-site-content-layout":"default","site-content-style":"default","site-sidebar-style":"default","ast-global-header-display":"","ast-banner-title-visibility":"","ast-main-header-display":"","ast-hfb-above-header-display":"","ast-hfb-below-header-display":"","ast-hfb-mobile-header-display":"","site-post-title":"","ast-breadcrumbs-content":"","ast-featured-img":"","footer-sml-layout":"","ast-disable-related-posts":"","theme-transparent-header-meta":"default","adv-header-id-meta":"","stick-header-meta":"","header-above-stick-meta":"","header-main-stick-meta":"","header-below-stick-meta":"","astra-migrate-meta-layouts":"default","ast-page-background-enabled":"default","ast-page-background-meta":{"desktop":{"background-color":"","background-image":"","background-repeat":"repeat","background-position":"center center","background-size":"auto","background-attachment":"scroll","background-type":"","background-media":"","overlay-type":"","overlay-color":"","overlay-opacity":"","overlay-gradient":""},"tablet":{"background-color":"","background-image":"","background-repeat":"repeat","background-position":"center center","background-size":"auto","background-attachment":"scroll","background-type":"","background-media":"","overlay-type":"","overlay-color":"","overlay-opacity":"","overlay-gradient":""},"mobile":{"background-color":"","background-image":"","background-repeat":"repeat","background-position":"center center","background-size":"auto","background-attachment":"scroll","background-type":"","background-media":"","overlay-type":"","overlay-color":"","overlay-opacity":"","overlay-gradient":""}},"ast-content-background-meta":{"desktop":{"background-color":"var(--ast-global-color-5)","background-image":"","background-repeat":"repeat","background-position":"center center","background-size":"auto","background-attachment":"scroll","background-type":"","background-media":"","overlay-type":"","overlay-color":"","overlay-opacity":"","overlay-gradient":""},"tablet":{"background-color":"var(--ast-global-color-5)","background-image":"","background-repeat":"repeat","background-position":"center center","background-size":"auto","background-attachment":"scroll","background-type":"","background-media":"","overlay-type":"","overlay-color":"","overlay-opacity":"","overlay-gradient":""},"mobile":{"background-color":"var(--ast-global-color-5)","background-image":"","background-repeat":"repeat","background-position":"center center","background-size":"auto","background-attachment":"scroll","background-type":"","background-media":"","overlay-type":"","overlay-color":"","overlay-opacity":"","overlay-gradient":""}},"footnotes":""},"categories":[2,507],"tags":[41,45,773],"class_list":["post-12372","post","type-post","status-publish","format-standard","has-post-thumbnail","hentry","category-abgasskandal","category-urteile","tag-thermofenster","tag-vw","tag-wohnmobil"],"yoast_head":"<!-- This site is optimized with the Yoast SEO Premium plugin v27.4 (Yoast SEO v27.4) - https:\/\/yoast.com\/product\/yoast-seo-premium-wordpress\/ -->\n<title>Das Thermofenster: Unzul\u00e4ssige Abschalteinrichtung im Wohnmobil - R&amp;U<\/title>\n<meta name=\"description\" content=\"Landgericht K\u00f6ln verurteilt die Volkswagen AG zur Zahlung von Schadensersatz: Der Wohnmobil-Besitzer kann sich \u00fcber 47.991,64 EUR freuen.\" \/>\n<meta name=\"robots\" content=\"index, follow, max-snippet:-1, max-image-preview:large, max-video-preview:-1\" \/>\n<link rel=\"canonical\" href=\"https:\/\/ru.law\/en\/das-thermofenster-abschalteinrichtung-im-wohnmobil\/\" \/>\n<meta property=\"og:locale\" content=\"en_GB\" \/>\n<meta property=\"og:type\" content=\"article\" \/>\n<meta property=\"og:title\" content=\"Das Thermofenster: Unzul\u00e4ssige Abschalteinrichtung im Wohnmobil\" \/>\n<meta property=\"og:description\" content=\"Landgericht K\u00f6ln verurteilt die Volkswagen AG zur Zahlung von Schadensersatz: Der Wohnmobil-Besitzer kann sich \u00fcber 47.991,64 EUR freuen.\" \/>\n<meta property=\"og:url\" content=\"https:\/\/ru.law\/en\/das-thermofenster-abschalteinrichtung-im-wohnmobil\/\" \/>\n<meta property=\"og:site_name\" content=\"R&amp;U\" \/>\n<meta property=\"article:publisher\" content=\"https:\/\/www.facebook.com\/RogertUlbrich\/\" \/>\n<meta property=\"article:published_time\" content=\"2020-12-02T13:11:11+00:00\" \/>\n<meta property=\"article:modified_time\" content=\"2024-07-08T11:12:43+00:00\" \/>\n<meta property=\"og:image\" content=\"https:\/\/ru.law\/wp-content\/uploads\/2020\/12\/volkswagen-t5-wohnmobil.jpg\" \/>\n\t<meta property=\"og:image:width\" content=\"1200\" \/>\n\t<meta property=\"og:image:height\" content=\"675\" \/>\n\t<meta property=\"og:image:type\" content=\"image\/jpeg\" \/>\n<meta name=\"author\" content=\"Marco Rogert\" \/>\n<meta name=\"twitter:card\" content=\"summary_large_image\" \/>\n<meta name=\"twitter:creator\" content=\"@RogertUlbrich\" \/>\n<meta name=\"twitter:site\" content=\"@RogertUlbrich\" \/>\n<script type=\"application\/ld+json\" class=\"yoast-schema-graph\">{\"@context\":\"https:\\\/\\\/schema.org\",\"@graph\":[{\"@type\":\"Article\",\"@id\":\"https:\\\/\\\/ru.law\\\/das-thermofenster-abschalteinrichtung-im-wohnmobil\\\/#article\",\"isPartOf\":{\"@id\":\"https:\\\/\\\/ru.law\\\/das-thermofenster-abschalteinrichtung-im-wohnmobil\\\/\"},\"author\":{\"name\":\"Marco Rogert\",\"@id\":\"https:\\\/\\\/ru.law\\\/#\\\/schema\\\/person\\\/b020d506e6bbc471b4565d3a98173b87\"},\"headline\":\"Das Thermofenster: Unzul\u00e4ssige Abschalteinrichtung im Wohnmobil\",\"datePublished\":\"2020-12-02T13:11:11+00:00\",\"dateModified\":\"2024-07-08T11:12:43+00:00\",\"mainEntityOfPage\":{\"@id\":\"https:\\\/\\\/ru.law\\\/das-thermofenster-abschalteinrichtung-im-wohnmobil\\\/\"},\"wordCount\":306,\"publisher\":{\"@id\":\"https:\\\/\\\/ru.law\\\/#organization\"},\"image\":{\"@id\":\"https:\\\/\\\/ru.law\\\/das-thermofenster-abschalteinrichtung-im-wohnmobil\\\/#primaryimage\"},\"thumbnailUrl\":\"https:\\\/\\\/ru.law\\\/wp-content\\\/uploads\\\/2020\\\/12\\\/volkswagen-t5-wohnmobil.jpg\",\"keywords\":[\"Thermofenster\",\"VW\",\"Wohnmobil\"],\"articleSection\":[\"Abgasskandal\",\"Urteile\"],\"inLanguage\":\"en-GB\"},{\"@type\":\"WebPage\",\"@id\":\"https:\\\/\\\/ru.law\\\/das-thermofenster-abschalteinrichtung-im-wohnmobil\\\/\",\"url\":\"https:\\\/\\\/ru.law\\\/das-thermofenster-abschalteinrichtung-im-wohnmobil\\\/\",\"name\":\"Das Thermofenster: Unzul\u00e4ssige Abschalteinrichtung im Wohnmobil - R&amp;U\",\"isPartOf\":{\"@id\":\"https:\\\/\\\/ru.law\\\/#website\"},\"primaryImageOfPage\":{\"@id\":\"https:\\\/\\\/ru.law\\\/das-thermofenster-abschalteinrichtung-im-wohnmobil\\\/#primaryimage\"},\"image\":{\"@id\":\"https:\\\/\\\/ru.law\\\/das-thermofenster-abschalteinrichtung-im-wohnmobil\\\/#primaryimage\"},\"thumbnailUrl\":\"https:\\\/\\\/ru.law\\\/wp-content\\\/uploads\\\/2020\\\/12\\\/volkswagen-t5-wohnmobil.jpg\",\"datePublished\":\"2020-12-02T13:11:11+00:00\",\"dateModified\":\"2024-07-08T11:12:43+00:00\",\"description\":\"Landgericht K\u00f6ln verurteilt die Volkswagen AG zur Zahlung von Schadensersatz: Der Wohnmobil-Besitzer kann sich \u00fcber 47.991,64 EUR freuen.\",\"breadcrumb\":{\"@id\":\"https:\\\/\\\/ru.law\\\/das-thermofenster-abschalteinrichtung-im-wohnmobil\\\/#breadcrumb\"},\"inLanguage\":\"en-GB\",\"potentialAction\":[{\"@type\":\"ReadAction\",\"target\":[\"https:\\\/\\\/ru.law\\\/das-thermofenster-abschalteinrichtung-im-wohnmobil\\\/\"]}]},{\"@type\":\"ImageObject\",\"inLanguage\":\"en-GB\",\"@id\":\"https:\\\/\\\/ru.law\\\/das-thermofenster-abschalteinrichtung-im-wohnmobil\\\/#primaryimage\",\"url\":\"https:\\\/\\\/ru.law\\\/wp-content\\\/uploads\\\/2020\\\/12\\\/volkswagen-t5-wohnmobil.jpg\",\"contentUrl\":\"https:\\\/\\\/ru.law\\\/wp-content\\\/uploads\\\/2020\\\/12\\\/volkswagen-t5-wohnmobil.jpg\",\"width\":1200,\"height\":675,\"caption\":\"Volkswagen T5 Wohnmobil\"},{\"@type\":\"BreadcrumbList\",\"@id\":\"https:\\\/\\\/ru.law\\\/das-thermofenster-abschalteinrichtung-im-wohnmobil\\\/#breadcrumb\",\"itemListElement\":[{\"@type\":\"ListItem\",\"position\":1,\"name\":\"Startseite\",\"item\":\"https:\\\/\\\/ru.law\\\/\"},{\"@type\":\"ListItem\",\"position\":2,\"name\":\"Das Thermofenster: Unzul\u00e4ssige Abschalteinrichtung im Wohnmobil\"}]},{\"@type\":\"WebSite\",\"@id\":\"https:\\\/\\\/ru.law\\\/#website\",\"url\":\"https:\\\/\\\/ru.law\\\/\",\"name\":\"R&U\",\"description\":\"Verbraucheranw\u00e4lte\",\"publisher\":{\"@id\":\"https:\\\/\\\/ru.law\\\/#organization\"},\"alternateName\":\"Rogert & Ulbrich\",\"potentialAction\":[{\"@type\":\"SearchAction\",\"target\":{\"@type\":\"EntryPoint\",\"urlTemplate\":\"https:\\\/\\\/ru.law\\\/?s={search_term_string}\"},\"query-input\":{\"@type\":\"PropertyValueSpecification\",\"valueRequired\":true,\"valueName\":\"search_term_string\"}}],\"inLanguage\":\"en-GB\"},{\"@type\":\"Organization\",\"@id\":\"https:\\\/\\\/ru.law\\\/#organization\",\"name\":\"Kanzlei Rogert & Ulbrich\",\"url\":\"https:\\\/\\\/ru.law\\\/\",\"logo\":{\"@type\":\"ImageObject\",\"inLanguage\":\"en-GB\",\"@id\":\"https:\\\/\\\/ru.law\\\/#\\\/schema\\\/logo\\\/image\\\/\",\"url\":\"https:\\\/\\\/ru.law\\\/wp-content\\\/uploads\\\/2020\\\/12\\\/logo-ru-law.svg\",\"contentUrl\":\"https:\\\/\\\/ru.law\\\/wp-content\\\/uploads\\\/2020\\\/12\\\/logo-ru-law.svg\",\"width\":992,\"height\":259,\"caption\":\"Kanzlei Rogert & Ulbrich\"},\"image\":{\"@id\":\"https:\\\/\\\/ru.law\\\/#\\\/schema\\\/logo\\\/image\\\/\"},\"sameAs\":[\"https:\\\/\\\/www.facebook.com\\\/RogertUlbrich\\\/\",\"https:\\\/\\\/x.com\\\/RogertUlbrich\",\"https:\\\/\\\/www.instagram.com\\\/rogertulbrich\\\/\",\"https:\\\/\\\/www.linkedin.com\\\/company\\\/rogert-ulbrich\\\/\",\"https:\\\/\\\/www.youtube.com\\\/channel\\\/UCganCgpvwpPFqMFf1vVmG2A\"]},{\"@type\":\"Person\",\"@id\":\"https:\\\/\\\/ru.law\\\/#\\\/schema\\\/person\\\/b020d506e6bbc471b4565d3a98173b87\",\"name\":\"Marco Rogert\",\"url\":\"https:\\\/\\\/ru.law\\\/en\\\/author\\\/rogertru-law\\\/\"}]}<\/script>\n<!-- \/ Yoast SEO Premium plugin. -->","yoast_head_json":{"title":"The thermal window: An impermissible shutdown device in motorhomes - R&amp;U","description":"The Cologne Regional Court has ordered Volkswagen AG to pay damages: The motorhome owner can look forward to receiving \u20ac47,991.64.","robots":{"index":"index","follow":"follow","max-snippet":"max-snippet:-1","max-image-preview":"max-image-preview:large","max-video-preview":"max-video-preview:-1"},"canonical":"https:\/\/ru.law\/en\/das-thermofenster-abschalteinrichtung-im-wohnmobil\/","og_locale":"en_GB","og_type":"article","og_title":"Das Thermofenster: Unzul\u00e4ssige Abschalteinrichtung im Wohnmobil","og_description":"Landgericht K\u00f6ln verurteilt die Volkswagen AG zur Zahlung von Schadensersatz: Der Wohnmobil-Besitzer kann sich \u00fcber 47.991,64 EUR freuen.","og_url":"https:\/\/ru.law\/en\/das-thermofenster-abschalteinrichtung-im-wohnmobil\/","og_site_name":"R&amp;U","article_publisher":"https:\/\/www.facebook.com\/RogertUlbrich\/","article_published_time":"2020-12-02T13:11:11+00:00","article_modified_time":"2024-07-08T11:12:43+00:00","og_image":[{"width":1200,"height":675,"url":"https:\/\/ru.law\/wp-content\/uploads\/2020\/12\/volkswagen-t5-wohnmobil.jpg","type":"image\/jpeg"}],"author":"Marco Rogert","twitter_card":"summary_large_image","twitter_creator":"@RogertUlbrich","twitter_site":"@RogertUlbrich","schema":{"@context":"https:\/\/schema.org","@graph":[{"@type":"Article","@id":"https:\/\/ru.law\/das-thermofenster-abschalteinrichtung-im-wohnmobil\/#article","isPartOf":{"@id":"https:\/\/ru.law\/das-thermofenster-abschalteinrichtung-im-wohnmobil\/"},"author":{"name":"Marco Rogert","@id":"https:\/\/ru.law\/#\/schema\/person\/b020d506e6bbc471b4565d3a98173b87"},"headline":"Das Thermofenster: Unzul\u00e4ssige Abschalteinrichtung im Wohnmobil","datePublished":"2020-12-02T13:11:11+00:00","dateModified":"2024-07-08T11:12:43+00:00","mainEntityOfPage":{"@id":"https:\/\/ru.law\/das-thermofenster-abschalteinrichtung-im-wohnmobil\/"},"wordCount":306,"publisher":{"@id":"https:\/\/ru.law\/#organization"},"image":{"@id":"https:\/\/ru.law\/das-thermofenster-abschalteinrichtung-im-wohnmobil\/#primaryimage"},"thumbnailUrl":"https:\/\/ru.law\/wp-content\/uploads\/2020\/12\/volkswagen-t5-wohnmobil.jpg","keywords":["Thermofenster","VW","Wohnmobil"],"articleSection":["Abgasskandal","Urteile"],"inLanguage":"en-GB"},{"@type":"WebPage","@id":"https:\/\/ru.law\/das-thermofenster-abschalteinrichtung-im-wohnmobil\/","url":"https:\/\/ru.law\/das-thermofenster-abschalteinrichtung-im-wohnmobil\/","name":"The thermal window: An impermissible shutdown device in motorhomes - R&amp;U","isPartOf":{"@id":"https:\/\/ru.law\/#website"},"primaryImageOfPage":{"@id":"https:\/\/ru.law\/das-thermofenster-abschalteinrichtung-im-wohnmobil\/#primaryimage"},"image":{"@id":"https:\/\/ru.law\/das-thermofenster-abschalteinrichtung-im-wohnmobil\/#primaryimage"},"thumbnailUrl":"https:\/\/ru.law\/wp-content\/uploads\/2020\/12\/volkswagen-t5-wohnmobil.jpg","datePublished":"2020-12-02T13:11:11+00:00","dateModified":"2024-07-08T11:12:43+00:00","description":"The Cologne Regional Court has ordered Volkswagen AG to pay damages: The motorhome owner can look forward to receiving \u20ac47,991.64.","breadcrumb":{"@id":"https:\/\/ru.law\/das-thermofenster-abschalteinrichtung-im-wohnmobil\/#breadcrumb"},"inLanguage":"en-GB","potentialAction":[{"@type":"ReadAction","target":["https:\/\/ru.law\/das-thermofenster-abschalteinrichtung-im-wohnmobil\/"]}]},{"@type":"ImageObject","inLanguage":"en-GB","@id":"https:\/\/ru.law\/das-thermofenster-abschalteinrichtung-im-wohnmobil\/#primaryimage","url":"https:\/\/ru.law\/wp-content\/uploads\/2020\/12\/volkswagen-t5-wohnmobil.jpg","contentUrl":"https:\/\/ru.law\/wp-content\/uploads\/2020\/12\/volkswagen-t5-wohnmobil.jpg","width":1200,"height":675,"caption":"Volkswagen T5 Wohnmobil"},{"@type":"BreadcrumbList","@id":"https:\/\/ru.law\/das-thermofenster-abschalteinrichtung-im-wohnmobil\/#breadcrumb","itemListElement":[{"@type":"ListItem","position":1,"name":"Startseite","item":"https:\/\/ru.law\/"},{"@type":"ListItem","position":2,"name":"Das Thermofenster: Unzul\u00e4ssige Abschalteinrichtung im Wohnmobil"}]},{"@type":"WebSite","@id":"https:\/\/ru.law\/#website","url":"https:\/\/ru.law\/","name":"R&amp;U","description":"Consumer lawyers","publisher":{"@id":"https:\/\/ru.law\/#organization"},"alternateName":"Rogert & Ulbrich","potentialAction":[{"@type":"SearchAction","target":{"@type":"EntryPoint","urlTemplate":"https:\/\/ru.law\/?s={search_term_string}"},"query-input":{"@type":"PropertyValueSpecification","valueRequired":true,"valueName":"search_term_string"}}],"inLanguage":"en-GB"},{"@type":"Organization","@id":"https:\/\/ru.law\/#organization","name":"Rogert &amp; Ulbrich Law Firm","url":"https:\/\/ru.law\/","logo":{"@type":"ImageObject","inLanguage":"en-GB","@id":"https:\/\/ru.law\/#\/schema\/logo\/image\/","url":"https:\/\/ru.law\/wp-content\/uploads\/2020\/12\/logo-ru-law.svg","contentUrl":"https:\/\/ru.law\/wp-content\/uploads\/2020\/12\/logo-ru-law.svg","width":992,"height":259,"caption":"Kanzlei Rogert & Ulbrich"},"image":{"@id":"https:\/\/ru.law\/#\/schema\/logo\/image\/"},"sameAs":["https:\/\/www.facebook.com\/RogertUlbrich\/","https:\/\/x.com\/RogertUlbrich","https:\/\/www.instagram.com\/rogertulbrich\/","https:\/\/www.linkedin.com\/company\/rogert-ulbrich\/","https:\/\/www.youtube.com\/channel\/UCganCgpvwpPFqMFf1vVmG2A"]},{"@type":"Person","@id":"https:\/\/ru.law\/#\/schema\/person\/b020d506e6bbc471b4565d3a98173b87","name":"Marco Rogert","url":"https:\/\/ru.law\/en\/author\/rogertru-law\/"}]}},"uagb_featured_image_src":{"full":["https:\/\/ru.law\/wp-content\/uploads\/2020\/12\/volkswagen-t5-wohnmobil.jpg",1200,675,false],"thumbnail":["https:\/\/ru.law\/wp-content\/uploads\/2020\/12\/volkswagen-t5-wohnmobil-150x150.jpg",96,96,true],"medium":["https:\/\/ru.law\/wp-content\/uploads\/2020\/12\/volkswagen-t5-wohnmobil-300x169.jpg",300,169,true],"medium_large":["https:\/\/ru.law\/wp-content\/uploads\/2020\/12\/volkswagen-t5-wohnmobil-768x432.jpg",768,432,true],"large":["https:\/\/ru.law\/wp-content\/uploads\/2020\/12\/volkswagen-t5-wohnmobil-1024x576.jpg",1024,576,true],"1536x1536":["https:\/\/ru.law\/wp-content\/uploads\/2020\/12\/volkswagen-t5-wohnmobil.jpg",1200,675,false],"2048x2048":["https:\/\/ru.law\/wp-content\/uploads\/2020\/12\/volkswagen-t5-wohnmobil.jpg",1200,675,false],"trp-custom-language-flag":["https:\/\/ru.law\/wp-content\/uploads\/2020\/12\/volkswagen-t5-wohnmobil.jpg",18,10,false]},"uagb_author_info":{"display_name":"Marco Rogert","author_link":"https:\/\/ru.law\/en\/author\/rogertru-law\/"},"uagb_comment_info":0,"uagb_excerpt":"Volkswagen muss T5 zur\u00fccknehmen In einem von uns gef\u00fchrten Verfahren verurteilte das Landgericht K\u00f6ln die Volkswagen AG zur Zahlung von Schadensersatz: Der Kl\u00e4ger kann sich [&hellip;]","_links":{"self":[{"href":"https:\/\/ru.law\/en\/wp-json\/wp\/v2\/posts\/12372","targetHints":{"allow":["GET"]}}],"collection":[{"href":"https:\/\/ru.law\/en\/wp-json\/wp\/v2\/posts"}],"about":[{"href":"https:\/\/ru.law\/en\/wp-json\/wp\/v2\/types\/post"}],"author":[{"embeddable":true,"href":"https:\/\/ru.law\/en\/wp-json\/wp\/v2\/users\/21"}],"replies":[{"embeddable":true,"href":"https:\/\/ru.law\/en\/wp-json\/wp\/v2\/comments?post=12372"}],"version-history":[{"count":0,"href":"https:\/\/ru.law\/en\/wp-json\/wp\/v2\/posts\/12372\/revisions"}],"wp:featuredmedia":[{"embeddable":true,"href":"https:\/\/ru.law\/en\/wp-json\/wp\/v2\/media\/12373"}],"wp:attachment":[{"href":"https:\/\/ru.law\/en\/wp-json\/wp\/v2\/media?parent=12372"}],"wp:term":[{"taxonomy":"category","embeddable":true,"href":"https:\/\/ru.law\/en\/wp-json\/wp\/v2\/categories?post=12372"},{"taxonomy":"post_tag","embeddable":true,"href":"https:\/\/ru.law\/en\/wp-json\/wp\/v2\/tags?post=12372"}],"curies":[{"name":"wp","href":"https:\/\/api.w.org\/{rel}","templated":true}]}}