{"id":12064,"date":"2020-11-24T11:29:57","date_gmt":"2020-11-24T10:29:57","guid":{"rendered":"https:\/\/ru.law\/?p=12064"},"modified":"2024-07-08T13:12:44","modified_gmt":"2024-07-08T11:12:44","slug":"mercedes-abgasskandal-landgericht-stuttgart-gibt-klage-statt","status":"publish","type":"post","link":"https:\/\/ru.law\/en\/mercedes-abgasskandal-landgericht-stuttgart-gibt-klage-statt\/","title":{"rendered":"Mercedes emissions scandal: Stuttgart Regional Court grants lawsuit"},"content":{"rendered":"<h2 class=\"wp-block-heading\" id=\"h-11-000-eur-schadensersatz-fur-den-e-klasse-fahrer\"><strong>11,000+ EUR compensation for the E-Class driver<\/strong>.<\/h2>\n\n\n\n<p>The Stuttgart Regional Court sentenced Daimler-Benz AG to pay 11,327.90 euros in return for the return of the plaintiff&#039;s vehicle, a Mercedes Benz E-Class 220 CDI with the Euro 5 emissions class and the OM 651 engine.<br>The plaintiff had bought the car second-hand in 2013 for 35,500 euros and had driven it a distance of almost 155,000 km. When calculating the compensation for use, the court assumed a total mileage of 250,000 km.<\/p>\n\n\n\n<p>The <a href=\"https:\/\/ru.law\/en\/expertise\/abgasskandal\/mercedes-benz-diesel\/\">Mercedes Benz<\/a> The Court rejected the argument that the vehicle complied with the emission limits for nitrogen oxides in the tests provided for by law.<br>According to the relevant case law, the limit values specified in Annex I to Regulation (EC) No 715\/2007 must also be complied with in real driving conditions, the judgment states.<\/p>\n\n\n\n<h3 class=\"wp-block-heading\" id=\"h-die-folgen-fur-mercedes-besitzer-wertverlust-und-drohende-fahrzeug-stilllegungen\"><strong>The consequences for Mercedes owners: loss of value and threatened vehicle immobilization<\/strong>.<\/h3>\n\n\n\n<p>Daimler-Benz AG has placed vehicles on the market and in this context obtained an EC type approval without fulfilling the necessary requirement that nitrogen oxide emissions in real driving conditions do not exceed the limit values according to Annex I of Regulation (EC) No. 71512007. This puts the continued existence of the EC type approval at risk. If the Federal Motor Transport Authority revokes the registration and the operating license expires, every owner faces the risk of having their vehicle taken off the road. Every vehicle is also at risk of a massive loss in value.<\/p>\n\n\n\n<p>The resulting damage was caused by negligence on the part of Daimler-Benz AG employees. It does not meet the due diligence requirements within the approval process for a vehicle type that a car manufacturer assumes that passing the test bench tests is sufficient. The regulation and its legal framework provide no evidence that this assumption is correct.<\/p>\n\n\n\n<section class=\"wp-block-uagb-columns uagb-columns__wrap uagb-columns__background-undefined uagb-columns__stack-mobile uagb-columns__valign-undefined uagb-columns__gap-10 alignundefined uagb-block-a63b8d4d contrast blog_beitraege\"><div class=\"uagb-columns__overlay\"><\/div><div class=\"uagb-columns__inner-wrap uagb-columns__columns-1\">\n<div class=\"wp-block-uagb-column uagb-column__wrap uagb-column__background-undefined uagb-block-6e00ddba\"><div class=\"uagb-column__overlay\"><\/div><div class=\"uagb-column__inner-wrap\">\n<h3 class=\"wp-block-heading\" id=\"das-konnte-sie-auch-interessieren\">You might also be interested in:<\/h3>\n\n\n\n\t\t\t<div class=\"wp-block-uagb-post-grid uagb-post-grid  uagb-post__image-position-top uagb-post__image-enabled uagb-block-ff875f2e     uagb-post__items uagb-post__columns-3 is-grid uagb-post__columns-tablet-2 uagb-post__columns-mobile-1 uagb-post__equal-height\" data-total=\"3\" style=\"\">\n\n\t\t\t\t\t\t\t\t\t\t\t\t<article class=\"uagb-post__inner-wrap\">\t\t\t\t\t\t\t\t<div class='uagb-post__image'>\n\t\t\t\t\t\t\t\t\t<a href=\"https:\/\/ru.law\/en\/diesel-ueberholt-benzinpreis-jetzt-erst-recht\/\" target=\"_self\" rel=\"bookmark noopener noreferrer\" class='uagb-image-ratio-inherit'><img loading=\"lazy\" decoding=\"async\" width=\"1024\" height=\"576\" src=\"https:\/\/ru.law\/wp-content\/uploads\/2022\/03\/2021-News-Header-1200x675-2972-1024x576.jpg\" class=\"attachment-large size-large\" alt=\"Rogert-Ulbrich-Rechtsanwaelte-Kanzlei-Diesel-Benzin-Preise\" srcset=\"https:\/\/ru.law\/wp-content\/uploads\/2022\/03\/2021-News-Header-1200x675-2972-1024x576.jpg 1024w, https:\/\/ru.law\/wp-content\/uploads\/2022\/03\/2021-News-Header-1200x675-2972-300x169.jpg 300w, https:\/\/ru.law\/wp-content\/uploads\/2022\/03\/2021-News-Header-1200x675-2972-768x432.jpg 768w, https:\/\/ru.law\/wp-content\/uploads\/2022\/03\/2021-News-Header-1200x675-2972.jpg 1200w\" sizes=\"auto, (max-width: 1024px) 100vw, 1024px\" \/>\t\t\t\t\t<\/a>\n\t\t\t\t\t\t\t<\/div>\n\t\t\t\t\t\t<h4 class=\"uagb-post__title uagb-post__text\">\n\t\t\t\t<a href=\"https:\/\/ru.law\/en\/diesel-ueberholt-benzinpreis-jetzt-erst-recht\/\" target=\"_self\" rel=\"bookmark noopener noreferrer\">Record prices for diesel - Now is the time to reverse your car<\/a>\n\t\t\t<\/h4>\n\t\t\t\t\t\t<div class='uagb-post__text uagb-post-grid-byline'>\n\t\t\t\t\t\t\t<\/div>\n\t\t\t\t\t\t\t<div class='uagb-post__text uagb-post__excerpt'>\n\t\t\t\t\t<p>Diesel is at a record high in Germany and petrol is also approaching a\u2026\t\t\t\t<\/div>\n\t\t\t\t\t\t<div class=\"uagb-post__text uagb-post__cta wp-block-button\">\n\t\t\t\t<a class=\"wp-block-button__link uagb-text-link\" style=\"\" href=\"https:\/\/ru.law\/en\/diesel-ueberholt-benzinpreis-jetzt-erst-recht\/\" target=\"_self\" rel=\"bookmark noopener noreferrer\">Read More<\/a>\n\t\t\t<\/div>\n\t\t\t\n\t\t\t\t\t\t\t\t<a class=\"uagb-post__link-complete-box\" href=\"https:\/\/ru.law\/en\/diesel-ueberholt-benzinpreis-jetzt-erst-recht\/\" target=\"_self\" rel=\"bookmark noopener noreferrer\"><\/a>\n\t\t\t\t\t\t\t<\/article>\n\t\t\t\t\t\t\t\t\t\t\t\t\t\t\t\t<article class=\"uagb-post__inner-wrap\">\t\t\t\t\t\t\t\t<div class='uagb-post__image'>\n\t\t\t\t\t\t\t\t\t<a href=\"https:\/\/ru.law\/en\/vtdi-abgasskandal-rund-um-vw-audi-und-porsche\/\" target=\"_self\" rel=\"bookmark noopener noreferrer\" class='uagb-image-ratio-inherit'><img loading=\"lazy\" decoding=\"async\" width=\"1024\" height=\"576\" src=\"https:\/\/ru.law\/wp-content\/uploads\/2022\/01\/Rogert-Ulbrich-Rechtsanwaelte-Kanzlei-Abgasskandal-Audi-Verjaehrung-2022-1024x576.jpg\" class=\"attachment-large size-large\" alt=\"\" srcset=\"https:\/\/ru.law\/wp-content\/uploads\/2022\/01\/Rogert-Ulbrich-Rechtsanwaelte-Kanzlei-Abgasskandal-Audi-Verjaehrung-2022-1024x576.jpg 1024w, https:\/\/ru.law\/wp-content\/uploads\/2022\/01\/Rogert-Ulbrich-Rechtsanwaelte-Kanzlei-Abgasskandal-Audi-Verjaehrung-2022-300x169.jpg 300w, https:\/\/ru.law\/wp-content\/uploads\/2022\/01\/Rogert-Ulbrich-Rechtsanwaelte-Kanzlei-Abgasskandal-Audi-Verjaehrung-2022-768x432.jpg 768w, https:\/\/ru.law\/wp-content\/uploads\/2022\/01\/Rogert-Ulbrich-Rechtsanwaelte-Kanzlei-Abgasskandal-Audi-Verjaehrung-2022.jpg 1200w\" sizes=\"auto, (max-width: 1024px) 100vw, 1024px\" \/>\t\t\t\t\t<\/a>\n\t\t\t\t\t\t\t<\/div>\n\t\t\t\t\t\t<h4 class=\"uagb-post__title uagb-post__text\">\n\t\t\t\t<a href=\"https:\/\/ru.law\/en\/vtdi-abgasskandal-rund-um-vw-audi-und-porsche\/\" target=\"_self\" rel=\"bookmark noopener noreferrer\">VTDI emissions scandal involving VW, Audi and Porsche<\/a>\n\t\t\t<\/h4>\n\t\t\t\t\t\t<div class='uagb-post__text uagb-post-grid-byline'>\n\t\t\t\t\t\t\t<\/div>\n\t\t\t\t\t\t\t<div class='uagb-post__text uagb-post__excerpt'>\n\t\t\t\t\t<p>For many German car manufacturers, the diesel emissions scandal is still omnipresent, including the VW Group\u2026\t\t\t\t<\/div>\n\t\t\t\t\t\t<div class=\"uagb-post__text uagb-post__cta wp-block-button\">\n\t\t\t\t<a class=\"wp-block-button__link uagb-text-link\" style=\"\" href=\"https:\/\/ru.law\/en\/vtdi-abgasskandal-rund-um-vw-audi-und-porsche\/\" target=\"_self\" rel=\"bookmark noopener noreferrer\">Read More<\/a>\n\t\t\t<\/div>\n\t\t\t\n\t\t\t\t\t\t\t\t<a class=\"uagb-post__link-complete-box\" href=\"https:\/\/ru.law\/en\/vtdi-abgasskandal-rund-um-vw-audi-und-porsche\/\" target=\"_self\" rel=\"bookmark noopener noreferrer\"><\/a>\n\t\t\t\t\t\t\t<\/article>\n\t\t\t\t\t\t\t\t\t\t\t\t\t\t\t\t<article class=\"uagb-post__inner-wrap\">\t\t\t\t\t\t\t\t<div class='uagb-post__image'>\n\t\t\t\t\t\t\t\t\t<a href=\"https:\/\/ru.law\/en\/olg-koeln-verurteilt-audi-ag\/\" target=\"_self\" rel=\"bookmark noopener noreferrer\" class='uagb-image-ratio-inherit'><img loading=\"lazy\" decoding=\"async\" width=\"1024\" height=\"576\" src=\"https:\/\/ru.law\/wp-content\/uploads\/2021\/09\/rogert-ulbrich-rechtsanwalt-kanzlei-abgasskandal-premium-modelle-porsche-42l-1024x576.jpg\" class=\"attachment-large size-large\" alt=\"\" srcset=\"https:\/\/ru.law\/wp-content\/uploads\/2021\/09\/rogert-ulbrich-rechtsanwalt-kanzlei-abgasskandal-premium-modelle-porsche-42l-1024x576.jpg 1024w, https:\/\/ru.law\/wp-content\/uploads\/2021\/09\/rogert-ulbrich-rechtsanwalt-kanzlei-abgasskandal-premium-modelle-porsche-42l-300x169.jpg 300w, https:\/\/ru.law\/wp-content\/uploads\/2021\/09\/rogert-ulbrich-rechtsanwalt-kanzlei-abgasskandal-premium-modelle-porsche-42l-768x432.jpg 768w, https:\/\/ru.law\/wp-content\/uploads\/2021\/09\/rogert-ulbrich-rechtsanwalt-kanzlei-abgasskandal-premium-modelle-porsche-42l.jpg 1200w\" sizes=\"auto, (max-width: 1024px) 100vw, 1024px\" \/>\t\t\t\t\t<\/a>\n\t\t\t\t\t\t\t<\/div>\n\t\t\t\t\t\t<h4 class=\"uagb-post__title uagb-post__text\">\n\t\t\t\t<a href=\"https:\/\/ru.law\/en\/olg-koeln-verurteilt-audi-ag\/\" target=\"_self\" rel=\"bookmark noopener noreferrer\">Audi AG ordered to take back a Porsche Cayenne S<\/a>\n\t\t\t<\/h4>\n\t\t\t\t\t\t<div class='uagb-post__text uagb-post-grid-byline'>\n\t\t\t\t\t\t\t<\/div>\n\t\t\t\t\t\t\t<div class='uagb-post__text uagb-post__excerpt'>\n\t\t\t\t\t<p>Audi AG was ordered by the Cologne Higher Regional Court to take back a Porsche Cayenne S 4.2l\u2026.\t\t\t\t<\/div>\n\t\t\t\t\t\t<div class=\"uagb-post__text uagb-post__cta wp-block-button\">\n\t\t\t\t<a class=\"wp-block-button__link uagb-text-link\" style=\"\" href=\"https:\/\/ru.law\/en\/olg-koeln-verurteilt-audi-ag\/\" target=\"_self\" rel=\"bookmark noopener noreferrer\">Read More<\/a>\n\t\t\t<\/div>\n\t\t\t\n\t\t\t\t\t\t\t\t<a class=\"uagb-post__link-complete-box\" href=\"https:\/\/ru.law\/en\/olg-koeln-verurteilt-audi-ag\/\" target=\"_self\" rel=\"bookmark noopener noreferrer\"><\/a>\n\t\t\t\t\t\t\t<\/article>\n\t\t\t\t\t\t\t\t\t\t\t<\/div>\n\t\t\t\n\n\n<p><\/p>\n<\/div><\/div>\n<\/div><\/section>","protected":false},"excerpt":{"rendered":"<p>11.000+ EUR Schadensersatz f\u00fcr den E-Klasse Fahrer. Das Landgericht Stuttgart verurteilte die Daimler-Benz AG zur Zahlung von 11.327,90 Euro gegen R\u00fccknahme des Fahrzeugs des Kl\u00e4gers, [&hellip;]<\/p>\n","protected":false},"author":21,"featured_media":12091,"comment_status":"closed","ping_status":"open","sticky":false,"template":"","format":"standard","meta":{"_uag_custom_page_level_css":"","site-sidebar-layout":"default","site-content-layout":"default","ast-site-content-layout":"default","site-content-style":"default","site-sidebar-style":"default","ast-global-header-display":"","ast-banner-title-visibility":"","ast-main-header-display":"","ast-hfb-above-header-display":"","ast-hfb-below-header-display":"","ast-hfb-mobile-header-display":"","site-post-title":"","ast-breadcrumbs-content":"","ast-featured-img":"","footer-sml-layout":"","ast-disable-related-posts":"","theme-transparent-header-meta":"default","adv-header-id-meta":"","stick-header-meta":"","header-above-stick-meta":"","header-main-stick-meta":"","header-below-stick-meta":"","astra-migrate-meta-layouts":"default","ast-page-background-enabled":"default","ast-page-background-meta":{"desktop":{"background-color":"","background-image":"","background-repeat":"repeat","background-position":"center center","background-size":"auto","background-attachment":"scroll","background-type":"","background-media":"","overlay-type":"","overlay-color":"","overlay-opacity":"","overlay-gradient":""},"tablet":{"background-color":"","background-image":"","background-repeat":"repeat","background-position":"center center","background-size":"auto","background-attachment":"scroll","background-type":"","background-media":"","overlay-type":"","overlay-color":"","overlay-opacity":"","overlay-gradient":""},"mobile":{"background-color":"","background-image":"","background-repeat":"repeat","background-position":"center center","background-size":"auto","background-attachment":"scroll","background-type":"","background-media":"","overlay-type":"","overlay-color":"","overlay-opacity":"","overlay-gradient":""}},"ast-content-background-meta":{"desktop":{"background-color":"var(--ast-global-color-5)","background-image":"","background-repeat":"repeat","background-position":"center center","background-size":"auto","background-attachment":"scroll","background-type":"","background-media":"","overlay-type":"","overlay-color":"","overlay-opacity":"","overlay-gradient":""},"tablet":{"background-color":"var(--ast-global-color-5)","background-image":"","background-repeat":"repeat","background-position":"center center","background-size":"auto","background-attachment":"scroll","background-type":"","background-media":"","overlay-type":"","overlay-color":"","overlay-opacity":"","overlay-gradient":""},"mobile":{"background-color":"var(--ast-global-color-5)","background-image":"","background-repeat":"repeat","background-position":"center center","background-size":"auto","background-attachment":"scroll","background-type":"","background-media":"","overlay-type":"","overlay-color":"","overlay-opacity":"","overlay-gradient":""}},"footnotes":""},"categories":[2,507],"tags":[18,133,30],"class_list":["post-12064","post","type-post","status-publish","format-standard","has-post-thumbnail","hentry","category-abgasskandal","category-urteile","tag-daimler","tag-mercedes","tag-om651"],"yoast_head":"<!-- This site is optimized with the Yoast SEO Premium plugin v27.4 (Yoast SEO v27.4) - https:\/\/yoast.com\/product\/yoast-seo-premium-wordpress\/ -->\n<title>Mercedes-Abgasskandal: Landgericht Stuttgart gibt Klage statt - R&amp;U<\/title>\n<meta name=\"description\" content=\"Das LG Stuttgart verurteilte die Daimler AG zur Zahlung von 11.327,90 Euro gegen R\u00fccknahme einen Mercedes Benz E-Klasse 220 CDI.\" \/>\n<meta name=\"robots\" content=\"index, follow, max-snippet:-1, max-image-preview:large, max-video-preview:-1\" \/>\n<link rel=\"canonical\" href=\"https:\/\/ru.law\/en\/mercedes-abgasskandal-landgericht-stuttgart-gibt-klage-statt\/\" \/>\n<meta property=\"og:locale\" content=\"en_GB\" \/>\n<meta property=\"og:type\" content=\"article\" \/>\n<meta property=\"og:title\" content=\"Mercedes-Abgasskandal: Landgericht Stuttgart gibt Klage statt\" \/>\n<meta property=\"og:description\" content=\"Das LG Stuttgart verurteilte die Daimler AG zur Zahlung von 11.327,90 Euro gegen R\u00fccknahme einen Mercedes Benz E-Klasse 220 CDI.\" \/>\n<meta property=\"og:url\" content=\"https:\/\/ru.law\/en\/mercedes-abgasskandal-landgericht-stuttgart-gibt-klage-statt\/\" \/>\n<meta property=\"og:site_name\" content=\"R&amp;U\" \/>\n<meta property=\"article:publisher\" content=\"https:\/\/www.facebook.com\/RogertUlbrich\/\" \/>\n<meta property=\"article:published_time\" content=\"2020-11-24T10:29:57+00:00\" \/>\n<meta property=\"article:modified_time\" content=\"2024-07-08T11:12:44+00:00\" \/>\n<meta property=\"og:image\" content=\"https:\/\/ru.law\/wp-content\/uploads\/2020\/11\/daimler-abgasskandal-mercedes-e-classe.jpg\" \/>\n\t<meta property=\"og:image:width\" content=\"1200\" \/>\n\t<meta property=\"og:image:height\" content=\"675\" \/>\n\t<meta property=\"og:image:type\" content=\"image\/jpeg\" \/>\n<meta name=\"author\" content=\"Marco Rogert\" \/>\n<meta name=\"twitter:card\" content=\"summary_large_image\" \/>\n<meta name=\"twitter:creator\" content=\"@RogertUlbrich\" \/>\n<meta name=\"twitter:site\" content=\"@RogertUlbrich\" \/>\n<script type=\"application\/ld+json\" class=\"yoast-schema-graph\">{\"@context\":\"https:\\\/\\\/schema.org\",\"@graph\":[{\"@type\":\"Article\",\"@id\":\"https:\\\/\\\/ru.law\\\/mercedes-abgasskandal-landgericht-stuttgart-gibt-klage-statt\\\/#article\",\"isPartOf\":{\"@id\":\"https:\\\/\\\/ru.law\\\/mercedes-abgasskandal-landgericht-stuttgart-gibt-klage-statt\\\/\"},\"author\":{\"name\":\"Marco Rogert\",\"@id\":\"https:\\\/\\\/ru.law\\\/#\\\/schema\\\/person\\\/b020d506e6bbc471b4565d3a98173b87\"},\"headline\":\"Mercedes-Abgasskandal: Landgericht Stuttgart gibt Klage statt\",\"datePublished\":\"2020-11-24T10:29:57+00:00\",\"dateModified\":\"2024-07-08T11:12:44+00:00\",\"mainEntityOfPage\":{\"@id\":\"https:\\\/\\\/ru.law\\\/mercedes-abgasskandal-landgericht-stuttgart-gibt-klage-statt\\\/\"},\"wordCount\":272,\"publisher\":{\"@id\":\"https:\\\/\\\/ru.law\\\/#organization\"},\"image\":{\"@id\":\"https:\\\/\\\/ru.law\\\/mercedes-abgasskandal-landgericht-stuttgart-gibt-klage-statt\\\/#primaryimage\"},\"thumbnailUrl\":\"https:\\\/\\\/ru.law\\\/wp-content\\\/uploads\\\/2020\\\/11\\\/daimler-abgasskandal-mercedes-e-classe.jpg\",\"keywords\":[\"Daimler\",\"Mercedes\",\"OM651\"],\"articleSection\":[\"Abgasskandal\",\"Urteile\"],\"inLanguage\":\"en-GB\"},{\"@type\":\"WebPage\",\"@id\":\"https:\\\/\\\/ru.law\\\/mercedes-abgasskandal-landgericht-stuttgart-gibt-klage-statt\\\/\",\"url\":\"https:\\\/\\\/ru.law\\\/mercedes-abgasskandal-landgericht-stuttgart-gibt-klage-statt\\\/\",\"name\":\"Mercedes-Abgasskandal: Landgericht Stuttgart gibt Klage statt - R&amp;U\",\"isPartOf\":{\"@id\":\"https:\\\/\\\/ru.law\\\/#website\"},\"primaryImageOfPage\":{\"@id\":\"https:\\\/\\\/ru.law\\\/mercedes-abgasskandal-landgericht-stuttgart-gibt-klage-statt\\\/#primaryimage\"},\"image\":{\"@id\":\"https:\\\/\\\/ru.law\\\/mercedes-abgasskandal-landgericht-stuttgart-gibt-klage-statt\\\/#primaryimage\"},\"thumbnailUrl\":\"https:\\\/\\\/ru.law\\\/wp-content\\\/uploads\\\/2020\\\/11\\\/daimler-abgasskandal-mercedes-e-classe.jpg\",\"datePublished\":\"2020-11-24T10:29:57+00:00\",\"dateModified\":\"2024-07-08T11:12:44+00:00\",\"description\":\"Das LG Stuttgart verurteilte die Daimler AG zur Zahlung von 11.327,90 Euro gegen R\u00fccknahme einen Mercedes Benz E-Klasse 220 CDI.\",\"breadcrumb\":{\"@id\":\"https:\\\/\\\/ru.law\\\/mercedes-abgasskandal-landgericht-stuttgart-gibt-klage-statt\\\/#breadcrumb\"},\"inLanguage\":\"en-GB\",\"potentialAction\":[{\"@type\":\"ReadAction\",\"target\":[\"https:\\\/\\\/ru.law\\\/mercedes-abgasskandal-landgericht-stuttgart-gibt-klage-statt\\\/\"]}]},{\"@type\":\"ImageObject\",\"inLanguage\":\"en-GB\",\"@id\":\"https:\\\/\\\/ru.law\\\/mercedes-abgasskandal-landgericht-stuttgart-gibt-klage-statt\\\/#primaryimage\",\"url\":\"https:\\\/\\\/ru.law\\\/wp-content\\\/uploads\\\/2020\\\/11\\\/daimler-abgasskandal-mercedes-e-classe.jpg\",\"contentUrl\":\"https:\\\/\\\/ru.law\\\/wp-content\\\/uploads\\\/2020\\\/11\\\/daimler-abgasskandal-mercedes-e-classe.jpg\",\"width\":1200,\"height\":675,\"caption\":\"Daimler Abgasskandal Mercedes E-Klasse\"},{\"@type\":\"BreadcrumbList\",\"@id\":\"https:\\\/\\\/ru.law\\\/mercedes-abgasskandal-landgericht-stuttgart-gibt-klage-statt\\\/#breadcrumb\",\"itemListElement\":[{\"@type\":\"ListItem\",\"position\":1,\"name\":\"Startseite\",\"item\":\"https:\\\/\\\/ru.law\\\/\"},{\"@type\":\"ListItem\",\"position\":2,\"name\":\"Mercedes-Abgasskandal: Landgericht Stuttgart gibt Klage statt\"}]},{\"@type\":\"WebSite\",\"@id\":\"https:\\\/\\\/ru.law\\\/#website\",\"url\":\"https:\\\/\\\/ru.law\\\/\",\"name\":\"R&U\",\"description\":\"Verbraucheranw\u00e4lte\",\"publisher\":{\"@id\":\"https:\\\/\\\/ru.law\\\/#organization\"},\"alternateName\":\"Rogert & Ulbrich\",\"potentialAction\":[{\"@type\":\"SearchAction\",\"target\":{\"@type\":\"EntryPoint\",\"urlTemplate\":\"https:\\\/\\\/ru.law\\\/?s={search_term_string}\"},\"query-input\":{\"@type\":\"PropertyValueSpecification\",\"valueRequired\":true,\"valueName\":\"search_term_string\"}}],\"inLanguage\":\"en-GB\"},{\"@type\":\"Organization\",\"@id\":\"https:\\\/\\\/ru.law\\\/#organization\",\"name\":\"Kanzlei Rogert & Ulbrich\",\"url\":\"https:\\\/\\\/ru.law\\\/\",\"logo\":{\"@type\":\"ImageObject\",\"inLanguage\":\"en-GB\",\"@id\":\"https:\\\/\\\/ru.law\\\/#\\\/schema\\\/logo\\\/image\\\/\",\"url\":\"https:\\\/\\\/ru.law\\\/wp-content\\\/uploads\\\/2020\\\/12\\\/logo-ru-law.svg\",\"contentUrl\":\"https:\\\/\\\/ru.law\\\/wp-content\\\/uploads\\\/2020\\\/12\\\/logo-ru-law.svg\",\"width\":992,\"height\":259,\"caption\":\"Kanzlei Rogert & Ulbrich\"},\"image\":{\"@id\":\"https:\\\/\\\/ru.law\\\/#\\\/schema\\\/logo\\\/image\\\/\"},\"sameAs\":[\"https:\\\/\\\/www.facebook.com\\\/RogertUlbrich\\\/\",\"https:\\\/\\\/x.com\\\/RogertUlbrich\",\"https:\\\/\\\/www.instagram.com\\\/rogertulbrich\\\/\",\"https:\\\/\\\/www.linkedin.com\\\/company\\\/rogert-ulbrich\\\/\",\"https:\\\/\\\/www.youtube.com\\\/channel\\\/UCganCgpvwpPFqMFf1vVmG2A\"]},{\"@type\":\"Person\",\"@id\":\"https:\\\/\\\/ru.law\\\/#\\\/schema\\\/person\\\/b020d506e6bbc471b4565d3a98173b87\",\"name\":\"Marco Rogert\",\"url\":\"https:\\\/\\\/ru.law\\\/en\\\/author\\\/rogertru-law\\\/\"}]}<\/script>\n<!-- \/ Yoast SEO Premium plugin. -->","yoast_head_json":{"title":"Mercedes-Abgasskandal: Landgericht Stuttgart gibt Klage statt - R&amp;U","description":"Das LG Stuttgart verurteilte die Daimler AG zur Zahlung von 11.327,90 Euro gegen R\u00fccknahme einen Mercedes Benz E-Klasse 220 CDI.","robots":{"index":"index","follow":"follow","max-snippet":"max-snippet:-1","max-image-preview":"max-image-preview:large","max-video-preview":"max-video-preview:-1"},"canonical":"https:\/\/ru.law\/en\/mercedes-abgasskandal-landgericht-stuttgart-gibt-klage-statt\/","og_locale":"en_GB","og_type":"article","og_title":"Mercedes-Abgasskandal: Landgericht Stuttgart gibt Klage statt","og_description":"Das LG Stuttgart verurteilte die Daimler AG zur Zahlung von 11.327,90 Euro gegen R\u00fccknahme einen Mercedes Benz E-Klasse 220 CDI.","og_url":"https:\/\/ru.law\/en\/mercedes-abgasskandal-landgericht-stuttgart-gibt-klage-statt\/","og_site_name":"R&amp;U","article_publisher":"https:\/\/www.facebook.com\/RogertUlbrich\/","article_published_time":"2020-11-24T10:29:57+00:00","article_modified_time":"2024-07-08T11:12:44+00:00","og_image":[{"width":1200,"height":675,"url":"https:\/\/ru.law\/wp-content\/uploads\/2020\/11\/daimler-abgasskandal-mercedes-e-classe.jpg","type":"image\/jpeg"}],"author":"Marco Rogert","twitter_card":"summary_large_image","twitter_creator":"@RogertUlbrich","twitter_site":"@RogertUlbrich","schema":{"@context":"https:\/\/schema.org","@graph":[{"@type":"Article","@id":"https:\/\/ru.law\/mercedes-abgasskandal-landgericht-stuttgart-gibt-klage-statt\/#article","isPartOf":{"@id":"https:\/\/ru.law\/mercedes-abgasskandal-landgericht-stuttgart-gibt-klage-statt\/"},"author":{"name":"Marco Rogert","@id":"https:\/\/ru.law\/#\/schema\/person\/b020d506e6bbc471b4565d3a98173b87"},"headline":"Mercedes-Abgasskandal: Landgericht Stuttgart gibt Klage statt","datePublished":"2020-11-24T10:29:57+00:00","dateModified":"2024-07-08T11:12:44+00:00","mainEntityOfPage":{"@id":"https:\/\/ru.law\/mercedes-abgasskandal-landgericht-stuttgart-gibt-klage-statt\/"},"wordCount":272,"publisher":{"@id":"https:\/\/ru.law\/#organization"},"image":{"@id":"https:\/\/ru.law\/mercedes-abgasskandal-landgericht-stuttgart-gibt-klage-statt\/#primaryimage"},"thumbnailUrl":"https:\/\/ru.law\/wp-content\/uploads\/2020\/11\/daimler-abgasskandal-mercedes-e-classe.jpg","keywords":["Daimler","Mercedes","OM651"],"articleSection":["Abgasskandal","Urteile"],"inLanguage":"en-GB"},{"@type":"WebPage","@id":"https:\/\/ru.law\/mercedes-abgasskandal-landgericht-stuttgart-gibt-klage-statt\/","url":"https:\/\/ru.law\/mercedes-abgasskandal-landgericht-stuttgart-gibt-klage-statt\/","name":"Mercedes-Abgasskandal: Landgericht Stuttgart gibt Klage statt - R&amp;U","isPartOf":{"@id":"https:\/\/ru.law\/#website"},"primaryImageOfPage":{"@id":"https:\/\/ru.law\/mercedes-abgasskandal-landgericht-stuttgart-gibt-klage-statt\/#primaryimage"},"image":{"@id":"https:\/\/ru.law\/mercedes-abgasskandal-landgericht-stuttgart-gibt-klage-statt\/#primaryimage"},"thumbnailUrl":"https:\/\/ru.law\/wp-content\/uploads\/2020\/11\/daimler-abgasskandal-mercedes-e-classe.jpg","datePublished":"2020-11-24T10:29:57+00:00","dateModified":"2024-07-08T11:12:44+00:00","description":"Das LG Stuttgart verurteilte die Daimler AG zur Zahlung von 11.327,90 Euro gegen R\u00fccknahme einen Mercedes Benz E-Klasse 220 CDI.","breadcrumb":{"@id":"https:\/\/ru.law\/mercedes-abgasskandal-landgericht-stuttgart-gibt-klage-statt\/#breadcrumb"},"inLanguage":"en-GB","potentialAction":[{"@type":"ReadAction","target":["https:\/\/ru.law\/mercedes-abgasskandal-landgericht-stuttgart-gibt-klage-statt\/"]}]},{"@type":"ImageObject","inLanguage":"en-GB","@id":"https:\/\/ru.law\/mercedes-abgasskandal-landgericht-stuttgart-gibt-klage-statt\/#primaryimage","url":"https:\/\/ru.law\/wp-content\/uploads\/2020\/11\/daimler-abgasskandal-mercedes-e-classe.jpg","contentUrl":"https:\/\/ru.law\/wp-content\/uploads\/2020\/11\/daimler-abgasskandal-mercedes-e-classe.jpg","width":1200,"height":675,"caption":"Daimler Abgasskandal Mercedes E-Klasse"},{"@type":"BreadcrumbList","@id":"https:\/\/ru.law\/mercedes-abgasskandal-landgericht-stuttgart-gibt-klage-statt\/#breadcrumb","itemListElement":[{"@type":"ListItem","position":1,"name":"Startseite","item":"https:\/\/ru.law\/"},{"@type":"ListItem","position":2,"name":"Mercedes-Abgasskandal: Landgericht Stuttgart gibt Klage statt"}]},{"@type":"WebSite","@id":"https:\/\/ru.law\/#website","url":"https:\/\/ru.law\/","name":"R&amp;U","description":"Consumer lawyers","publisher":{"@id":"https:\/\/ru.law\/#organization"},"alternateName":"Rogert & Ulbrich","potentialAction":[{"@type":"SearchAction","target":{"@type":"EntryPoint","urlTemplate":"https:\/\/ru.law\/?s={search_term_string}"},"query-input":{"@type":"PropertyValueSpecification","valueRequired":true,"valueName":"search_term_string"}}],"inLanguage":"en-GB"},{"@type":"Organization","@id":"https:\/\/ru.law\/#organization","name":"Rogert &amp; Ulbrich Law Firm","url":"https:\/\/ru.law\/","logo":{"@type":"ImageObject","inLanguage":"en-GB","@id":"https:\/\/ru.law\/#\/schema\/logo\/image\/","url":"https:\/\/ru.law\/wp-content\/uploads\/2020\/12\/logo-ru-law.svg","contentUrl":"https:\/\/ru.law\/wp-content\/uploads\/2020\/12\/logo-ru-law.svg","width":992,"height":259,"caption":"Kanzlei Rogert & Ulbrich"},"image":{"@id":"https:\/\/ru.law\/#\/schema\/logo\/image\/"},"sameAs":["https:\/\/www.facebook.com\/RogertUlbrich\/","https:\/\/x.com\/RogertUlbrich","https:\/\/www.instagram.com\/rogertulbrich\/","https:\/\/www.linkedin.com\/company\/rogert-ulbrich\/","https:\/\/www.youtube.com\/channel\/UCganCgpvwpPFqMFf1vVmG2A"]},{"@type":"Person","@id":"https:\/\/ru.law\/#\/schema\/person\/b020d506e6bbc471b4565d3a98173b87","name":"Marco Rogert","url":"https:\/\/ru.law\/en\/author\/rogertru-law\/"}]}},"uagb_featured_image_src":{"full":["https:\/\/ru.law\/wp-content\/uploads\/2020\/11\/daimler-abgasskandal-mercedes-e-classe.jpg",1200,675,false],"thumbnail":["https:\/\/ru.law\/wp-content\/uploads\/2020\/11\/daimler-abgasskandal-mercedes-e-classe-150x150.jpg",96,96,true],"medium":["https:\/\/ru.law\/wp-content\/uploads\/2020\/11\/daimler-abgasskandal-mercedes-e-classe-300x169.jpg",300,169,true],"medium_large":["https:\/\/ru.law\/wp-content\/uploads\/2020\/11\/daimler-abgasskandal-mercedes-e-classe-768x432.jpg",768,432,true],"large":["https:\/\/ru.law\/wp-content\/uploads\/2020\/11\/daimler-abgasskandal-mercedes-e-classe-1024x576.jpg",1024,576,true],"1536x1536":["https:\/\/ru.law\/wp-content\/uploads\/2020\/11\/daimler-abgasskandal-mercedes-e-classe.jpg",1200,675,false],"2048x2048":["https:\/\/ru.law\/wp-content\/uploads\/2020\/11\/daimler-abgasskandal-mercedes-e-classe.jpg",1200,675,false],"trp-custom-language-flag":["https:\/\/ru.law\/wp-content\/uploads\/2020\/11\/daimler-abgasskandal-mercedes-e-classe.jpg",18,10,false]},"uagb_author_info":{"display_name":"Marco Rogert","author_link":"https:\/\/ru.law\/en\/author\/rogertru-law\/"},"uagb_comment_info":0,"uagb_excerpt":"11.000+ EUR Schadensersatz f\u00fcr den E-Klasse Fahrer. Das Landgericht Stuttgart verurteilte die Daimler-Benz AG zur Zahlung von 11.327,90 Euro gegen R\u00fccknahme des Fahrzeugs des Kl\u00e4gers, [&hellip;]","_links":{"self":[{"href":"https:\/\/ru.law\/en\/wp-json\/wp\/v2\/posts\/12064","targetHints":{"allow":["GET"]}}],"collection":[{"href":"https:\/\/ru.law\/en\/wp-json\/wp\/v2\/posts"}],"about":[{"href":"https:\/\/ru.law\/en\/wp-json\/wp\/v2\/types\/post"}],"author":[{"embeddable":true,"href":"https:\/\/ru.law\/en\/wp-json\/wp\/v2\/users\/21"}],"replies":[{"embeddable":true,"href":"https:\/\/ru.law\/en\/wp-json\/wp\/v2\/comments?post=12064"}],"version-history":[{"count":0,"href":"https:\/\/ru.law\/en\/wp-json\/wp\/v2\/posts\/12064\/revisions"}],"wp:featuredmedia":[{"embeddable":true,"href":"https:\/\/ru.law\/en\/wp-json\/wp\/v2\/media\/12091"}],"wp:attachment":[{"href":"https:\/\/ru.law\/en\/wp-json\/wp\/v2\/media?parent=12064"}],"wp:term":[{"taxonomy":"category","embeddable":true,"href":"https:\/\/ru.law\/en\/wp-json\/wp\/v2\/categories?post=12064"},{"taxonomy":"post_tag","embeddable":true,"href":"https:\/\/ru.law\/en\/wp-json\/wp\/v2\/tags?post=12064"}],"curies":[{"name":"wp","href":"https:\/\/api.w.org\/{rel}","templated":true}]}}