{"id":11723,"date":"2020-11-19T12:53:48","date_gmt":"2020-11-19T11:53:48","guid":{"rendered":"https:\/\/ru.law\/?p=11723"},"modified":"2024-07-08T13:12:44","modified_gmt":"2024-07-08T11:12:44","slug":"volkswagen-nimmt-berufung-zurueck","status":"publish","type":"post","link":"https:\/\/ru.law\/en\/volkswagen-nimmt-berufung-zurueck\/","title":{"rendered":"Volkswagen withdraws appeal in late buyer case"},"content":{"rendered":"<h2 class=\"wp-block-heading\" id=\"h-schadensersatz-trotz-kauf-nach-ad-hoc-mitteilung\"><strong>Compensation despite purchase after ad-hoc notification<\/strong>.<\/h2>\n\n\n\n<p>Following the sensational verdict in Ingolstadt, the leading law firm in the emissions scandal, Rogert &amp; Ulbrich, can claim another success in the case of a so-called late buyer.<br>So exactly the buyer who is responding to the statements of the <a href=\"https:\/\/ru.law\/en\/expertise\/abgasskandal\/vw-diesel\/\">Volkswagen Group<\/a> after the announcement of the <a href=\"https:\/\/ru.law\/en\/expertise\/abgasskandal\/\">emissions scandal<\/a>, trusted. Everything was supposed to get better now. But VW customers were bitterly disappointed by both the company&#039;s subsequent behavior and the Federal Court of Justice&#039;s decision at the end of July 2020.<\/p>\n\n\n\n<p>The current case before the Higher Regional Court of Frankfurt am Main concerned the rescission of a VW Tiguan that had been purchased as a new car. On 24 October 2015, just over a month after the publication of the <a href=\"https:\/\/ru.law\/en\/abgasskandal-prozessbetrug-bgh-urteil-zur-vw-ad-hoc-mitteilung\/\">ad hoc announcement<\/a> Volkswagen AG bought the car for just under 30,000 euros.<\/p>\n\n\n\n<h3 class=\"wp-block-heading\" id=\"h-der-kaufzeitpunkt-des-betrugsautos-spielt-keine-rolle-urteil-rechtskraftig\"><strong>The time of purchase of the fraudulent car is irrelevant. Judgment legally binding<\/strong>.<\/h3>\n\n\n\n<p>In the first instance, the regional court in Hanau ruled in favor of the plaintiff and ordered Volkswagen AG to pay 23,289 euros and to take back the fraudulent car (Hanau Regional Court of May 21, 2019, case number 1 O 1518\/18). The court spoke clearly and affirmed that there had been intentional immoral damage. The use of the fraudulent software was solely intended to deceive buyers of diesel vehicles on a large scale for Volkswagen due to incompetence or profit-seeking in order to gain a competitive advantage. The time of purchase played no role in the judgment.<\/p>\n\n\n\n<p>Volkswagen AG has now withdrawn its appeal against the Hanau Regional Court&#039;s ruling at the Frankfurt Higher Regional Court. The Hanau Regional Court&#039;s ruling has thus become final and binding - the plaintiff will now soon be able to return his diesel to the VW Group.<\/p>\n\n\n\n<h3 class=\"wp-block-heading\" id=\"h-neue-argumente-stellen-die-inhalte-der-ad-hoc-mitteilung-von-vw-stark-in-frage\"><strong>New arguments strongly question the contents of VW&#039;s ad-hoc announcement<\/strong>.<\/h3>\n\n\n\n<p>The reason for the withdrawal could be that new arguments have been put forward in these proceedings. These have called into question the credibility of the Volkswagen Group with regard to the content of the <a href=\"https:\/\/ru.law\/en\/abgasskandal-prozessbetrug-bgh-urteil-zur-vw-ad-hoc-mitteilung\/\">ad hoc announcement<\/a> very much in question. In the ad hoc announcement, VW claimed, among other things, that the software in question had no influence on &quot;driving behavior, consumption or emissions.&quot; However, it is questionable what purpose the software would have served if not to comply with emission limits on the test bench that were exceeded in road use.<\/p>\n\n\n\n<section class=\"wp-block-uagb-columns uagb-columns__wrap uagb-columns__background-undefined uagb-columns__stack-mobile uagb-columns__valign-undefined uagb-columns__gap-10 alignundefined uagb-block-a63b8d4d contrast blog_beitraege\"><div class=\"uagb-columns__overlay\"><\/div><div class=\"uagb-columns__inner-wrap uagb-columns__columns-1\">\n<div class=\"wp-block-uagb-column uagb-column__wrap uagb-column__background-undefined uagb-block-6e00ddba\"><div class=\"uagb-column__overlay\"><\/div><div class=\"uagb-column__inner-wrap\">\n<h3 class=\"wp-block-heading\" id=\"das-konnte-sie-auch-interessieren\">You might also be interested in:<\/h3>\n\n\n\n\t\t\t<div class=\"wp-block-uagb-post-grid uagb-post-grid  uagb-post__image-position-top uagb-post__image-enabled uagb-block-ff875f2e     uagb-post__items uagb-post__columns-3 is-grid uagb-post__columns-tablet-2 uagb-post__columns-mobile-1 uagb-post__equal-height\" data-total=\"3\" style=\"\">\n\n\t\t\t\t\t\t\t\t\t\t\t\t<article class=\"uagb-post__inner-wrap\">\t\t\t\t\t\t\t\t<div class='uagb-post__image'>\n\t\t\t\t\t\t\t\t\t<a href=\"https:\/\/ru.law\/en\/diesel-ueberholt-benzinpreis-jetzt-erst-recht\/\" target=\"_self\" rel=\"bookmark noopener noreferrer\" class='uagb-image-ratio-inherit'><img loading=\"lazy\" decoding=\"async\" width=\"1024\" height=\"576\" src=\"https:\/\/ru.law\/wp-content\/uploads\/2022\/03\/2021-News-Header-1200x675-2972-1024x576.jpg\" class=\"attachment-large size-large\" alt=\"Rogert-Ulbrich-Rechtsanwaelte-Kanzlei-Diesel-Benzin-Preise\" srcset=\"https:\/\/ru.law\/wp-content\/uploads\/2022\/03\/2021-News-Header-1200x675-2972-1024x576.jpg 1024w, https:\/\/ru.law\/wp-content\/uploads\/2022\/03\/2021-News-Header-1200x675-2972-300x169.jpg 300w, https:\/\/ru.law\/wp-content\/uploads\/2022\/03\/2021-News-Header-1200x675-2972-768x432.jpg 768w, https:\/\/ru.law\/wp-content\/uploads\/2022\/03\/2021-News-Header-1200x675-2972.jpg 1200w\" sizes=\"auto, (max-width: 1024px) 100vw, 1024px\" \/>\t\t\t\t\t<\/a>\n\t\t\t\t\t\t\t<\/div>\n\t\t\t\t\t\t<h4 class=\"uagb-post__title uagb-post__text\">\n\t\t\t\t<a href=\"https:\/\/ru.law\/en\/diesel-ueberholt-benzinpreis-jetzt-erst-recht\/\" target=\"_self\" rel=\"bookmark noopener noreferrer\">Record prices for diesel - Now is the time to reverse your car<\/a>\n\t\t\t<\/h4>\n\t\t\t\t\t\t<div class='uagb-post__text uagb-post-grid-byline'>\n\t\t\t\t\t\t\t<\/div>\n\t\t\t\t\t\t\t<div class='uagb-post__text uagb-post__excerpt'>\n\t\t\t\t\t<p>Diesel is at a record high in Germany and petrol is also approaching a\u2026\t\t\t\t<\/div>\n\t\t\t\t\t\t<div class=\"uagb-post__text uagb-post__cta wp-block-button\">\n\t\t\t\t<a class=\"wp-block-button__link uagb-text-link\" style=\"\" href=\"https:\/\/ru.law\/en\/diesel-ueberholt-benzinpreis-jetzt-erst-recht\/\" target=\"_self\" rel=\"bookmark noopener noreferrer\">Read More<\/a>\n\t\t\t<\/div>\n\t\t\t\n\t\t\t\t\t\t\t\t<a class=\"uagb-post__link-complete-box\" href=\"https:\/\/ru.law\/en\/diesel-ueberholt-benzinpreis-jetzt-erst-recht\/\" target=\"_self\" rel=\"bookmark noopener noreferrer\"><\/a>\n\t\t\t\t\t\t\t<\/article>\n\t\t\t\t\t\t\t\t\t\t\t\t\t\t\t\t<article class=\"uagb-post__inner-wrap\">\t\t\t\t\t\t\t\t<div class='uagb-post__image'>\n\t\t\t\t\t\t\t\t\t<a href=\"https:\/\/ru.law\/en\/vtdi-abgasskandal-rund-um-vw-audi-und-porsche\/\" target=\"_self\" rel=\"bookmark noopener noreferrer\" class='uagb-image-ratio-inherit'><img loading=\"lazy\" decoding=\"async\" width=\"1024\" height=\"576\" src=\"https:\/\/ru.law\/wp-content\/uploads\/2022\/01\/Rogert-Ulbrich-Rechtsanwaelte-Kanzlei-Abgasskandal-Audi-Verjaehrung-2022-1024x576.jpg\" class=\"attachment-large size-large\" alt=\"\" srcset=\"https:\/\/ru.law\/wp-content\/uploads\/2022\/01\/Rogert-Ulbrich-Rechtsanwaelte-Kanzlei-Abgasskandal-Audi-Verjaehrung-2022-1024x576.jpg 1024w, https:\/\/ru.law\/wp-content\/uploads\/2022\/01\/Rogert-Ulbrich-Rechtsanwaelte-Kanzlei-Abgasskandal-Audi-Verjaehrung-2022-300x169.jpg 300w, https:\/\/ru.law\/wp-content\/uploads\/2022\/01\/Rogert-Ulbrich-Rechtsanwaelte-Kanzlei-Abgasskandal-Audi-Verjaehrung-2022-768x432.jpg 768w, https:\/\/ru.law\/wp-content\/uploads\/2022\/01\/Rogert-Ulbrich-Rechtsanwaelte-Kanzlei-Abgasskandal-Audi-Verjaehrung-2022.jpg 1200w\" sizes=\"auto, (max-width: 1024px) 100vw, 1024px\" \/>\t\t\t\t\t<\/a>\n\t\t\t\t\t\t\t<\/div>\n\t\t\t\t\t\t<h4 class=\"uagb-post__title uagb-post__text\">\n\t\t\t\t<a href=\"https:\/\/ru.law\/en\/vtdi-abgasskandal-rund-um-vw-audi-und-porsche\/\" target=\"_self\" rel=\"bookmark noopener noreferrer\">VTDI emissions scandal involving VW, Audi and Porsche<\/a>\n\t\t\t<\/h4>\n\t\t\t\t\t\t<div class='uagb-post__text uagb-post-grid-byline'>\n\t\t\t\t\t\t\t<\/div>\n\t\t\t\t\t\t\t<div class='uagb-post__text uagb-post__excerpt'>\n\t\t\t\t\t<p>For many German car manufacturers, the diesel emissions scandal is still omnipresent, including the VW Group\u2026\t\t\t\t<\/div>\n\t\t\t\t\t\t<div class=\"uagb-post__text uagb-post__cta wp-block-button\">\n\t\t\t\t<a class=\"wp-block-button__link uagb-text-link\" style=\"\" href=\"https:\/\/ru.law\/en\/vtdi-abgasskandal-rund-um-vw-audi-und-porsche\/\" target=\"_self\" rel=\"bookmark noopener noreferrer\">Read More<\/a>\n\t\t\t<\/div>\n\t\t\t\n\t\t\t\t\t\t\t\t<a class=\"uagb-post__link-complete-box\" href=\"https:\/\/ru.law\/en\/vtdi-abgasskandal-rund-um-vw-audi-und-porsche\/\" target=\"_self\" rel=\"bookmark noopener noreferrer\"><\/a>\n\t\t\t\t\t\t\t<\/article>\n\t\t\t\t\t\t\t\t\t\t\t\t\t\t\t\t<article class=\"uagb-post__inner-wrap\">\t\t\t\t\t\t\t\t<div class='uagb-post__image'>\n\t\t\t\t\t\t\t\t\t<a href=\"https:\/\/ru.law\/en\/olg-koeln-verurteilt-audi-ag\/\" target=\"_self\" rel=\"bookmark noopener noreferrer\" class='uagb-image-ratio-inherit'><img loading=\"lazy\" decoding=\"async\" width=\"1024\" height=\"576\" src=\"https:\/\/ru.law\/wp-content\/uploads\/2021\/09\/rogert-ulbrich-rechtsanwalt-kanzlei-abgasskandal-premium-modelle-porsche-42l-1024x576.jpg\" class=\"attachment-large size-large\" alt=\"\" srcset=\"https:\/\/ru.law\/wp-content\/uploads\/2021\/09\/rogert-ulbrich-rechtsanwalt-kanzlei-abgasskandal-premium-modelle-porsche-42l-1024x576.jpg 1024w, https:\/\/ru.law\/wp-content\/uploads\/2021\/09\/rogert-ulbrich-rechtsanwalt-kanzlei-abgasskandal-premium-modelle-porsche-42l-300x169.jpg 300w, https:\/\/ru.law\/wp-content\/uploads\/2021\/09\/rogert-ulbrich-rechtsanwalt-kanzlei-abgasskandal-premium-modelle-porsche-42l-768x432.jpg 768w, https:\/\/ru.law\/wp-content\/uploads\/2021\/09\/rogert-ulbrich-rechtsanwalt-kanzlei-abgasskandal-premium-modelle-porsche-42l.jpg 1200w\" sizes=\"auto, (max-width: 1024px) 100vw, 1024px\" \/>\t\t\t\t\t<\/a>\n\t\t\t\t\t\t\t<\/div>\n\t\t\t\t\t\t<h4 class=\"uagb-post__title uagb-post__text\">\n\t\t\t\t<a href=\"https:\/\/ru.law\/en\/olg-koeln-verurteilt-audi-ag\/\" target=\"_self\" rel=\"bookmark noopener noreferrer\">Audi AG ordered to take back a Porsche Cayenne S<\/a>\n\t\t\t<\/h4>\n\t\t\t\t\t\t<div class='uagb-post__text uagb-post-grid-byline'>\n\t\t\t\t\t\t\t<\/div>\n\t\t\t\t\t\t\t<div class='uagb-post__text uagb-post__excerpt'>\n\t\t\t\t\t<p>Audi AG was ordered by the Cologne Higher Regional Court to take back a Porsche Cayenne S 4.2l\u2026.\t\t\t\t<\/div>\n\t\t\t\t\t\t<div class=\"uagb-post__text uagb-post__cta wp-block-button\">\n\t\t\t\t<a class=\"wp-block-button__link uagb-text-link\" style=\"\" href=\"https:\/\/ru.law\/en\/olg-koeln-verurteilt-audi-ag\/\" target=\"_self\" rel=\"bookmark noopener noreferrer\">Read More<\/a>\n\t\t\t<\/div>\n\t\t\t\n\t\t\t\t\t\t\t\t<a class=\"uagb-post__link-complete-box\" href=\"https:\/\/ru.law\/en\/olg-koeln-verurteilt-audi-ag\/\" target=\"_self\" rel=\"bookmark noopener noreferrer\"><\/a>\n\t\t\t\t\t\t\t<\/article>\n\t\t\t\t\t\t\t\t\t\t\t<\/div>\n\t\t\t\n\n\n<p><\/p>\n<\/div><\/div>\n<\/div><\/section>","protected":false},"excerpt":{"rendered":"<p>Schadensersatz trotz Kauf nach ad-hoc Mitteilung. Nach dem sensationellen Urteil in Ingolstadt kann sich die im Abgasskandal f\u00fchrende Kanzlei Rogert &amp; Ulbrich einen weiteren Erfolg [&hellip;]<\/p>\n","protected":false},"author":21,"featured_media":11724,"comment_status":"closed","ping_status":"open","sticky":false,"template":"","format":"standard","meta":{"_uag_custom_page_level_css":"","site-sidebar-layout":"default","site-content-layout":"default","ast-site-content-layout":"default","site-content-style":"default","site-sidebar-style":"default","ast-global-header-display":"","ast-banner-title-visibility":"","ast-main-header-display":"","ast-hfb-above-header-display":"","ast-hfb-below-header-display":"","ast-hfb-mobile-header-display":"","site-post-title":"","ast-breadcrumbs-content":"","ast-featured-img":"","footer-sml-layout":"","ast-disable-related-posts":"","theme-transparent-header-meta":"default","adv-header-id-meta":"","stick-header-meta":"","header-above-stick-meta":"","header-main-stick-meta":"","header-below-stick-meta":"","astra-migrate-meta-layouts":"default","ast-page-background-enabled":"default","ast-page-background-meta":{"desktop":{"background-color":"","background-image":"","background-repeat":"repeat","background-position":"center center","background-size":"auto","background-attachment":"scroll","background-type":"","background-media":"","overlay-type":"","overlay-color":"","overlay-opacity":"","overlay-gradient":""},"tablet":{"background-color":"","background-image":"","background-repeat":"repeat","background-position":"center center","background-size":"auto","background-attachment":"scroll","background-type":"","background-media":"","overlay-type":"","overlay-color":"","overlay-opacity":"","overlay-gradient":""},"mobile":{"background-color":"","background-image":"","background-repeat":"repeat","background-position":"center center","background-size":"auto","background-attachment":"scroll","background-type":"","background-media":"","overlay-type":"","overlay-color":"","overlay-opacity":"","overlay-gradient":""}},"ast-content-background-meta":{"desktop":{"background-color":"var(--ast-global-color-5)","background-image":"","background-repeat":"repeat","background-position":"center center","background-size":"auto","background-attachment":"scroll","background-type":"","background-media":"","overlay-type":"","overlay-color":"","overlay-opacity":"","overlay-gradient":""},"tablet":{"background-color":"var(--ast-global-color-5)","background-image":"","background-repeat":"repeat","background-position":"center center","background-size":"auto","background-attachment":"scroll","background-type":"","background-media":"","overlay-type":"","overlay-color":"","overlay-opacity":"","overlay-gradient":""},"mobile":{"background-color":"var(--ast-global-color-5)","background-image":"","background-repeat":"repeat","background-position":"center center","background-size":"auto","background-attachment":"scroll","background-type":"","background-media":"","overlay-type":"","overlay-color":"","overlay-opacity":"","overlay-gradient":""}},"footnotes":""},"categories":[2,507],"tags":[37,45],"class_list":["post-11723","post","type-post","status-publish","format-standard","has-post-thumbnail","hentry","category-abgasskandal","category-urteile","tag-schadensersatz","tag-vw"],"yoast_head":"<!-- This site is optimized with the Yoast SEO Premium plugin v27.4 (Yoast SEO v27.4) - https:\/\/yoast.com\/product\/yoast-seo-premium-wordpress\/ -->\n<title>Volkswagen nimmt im Sp\u00e4tk\u00e4ufer-Verfahren die Berufung zur\u00fcck! - R&amp;U<\/title>\n<meta name=\"description\" content=\"Nach dem sensationellen Urteil in Ingolstadt erzielten wir einen weiteren Erfolg im Prozess eines sog. Sp\u00e4tk\u00e4ufers! Erfaren Sie mehr!\" \/>\n<meta name=\"robots\" content=\"index, follow, max-snippet:-1, max-image-preview:large, max-video-preview:-1\" \/>\n<link rel=\"canonical\" href=\"https:\/\/ru.law\/en\/volkswagen-nimmt-berufung-zurueck\/\" \/>\n<meta property=\"og:locale\" content=\"en_GB\" \/>\n<meta property=\"og:type\" content=\"article\" \/>\n<meta property=\"og:title\" content=\"Volkswagen nimmt im Verfahren eines Sp\u00e4tk\u00e4ufers die Berufung zur\u00fcck\" \/>\n<meta property=\"og:description\" content=\"Nach dem sensationellen Urteil in Ingolstadt erzielten wir einen weiteren Erfolg im Prozess eines sog. Sp\u00e4tk\u00e4ufers! Erfaren Sie mehr!\" \/>\n<meta property=\"og:url\" content=\"https:\/\/ru.law\/en\/volkswagen-nimmt-berufung-zurueck\/\" \/>\n<meta property=\"og:site_name\" content=\"R&amp;U\" \/>\n<meta property=\"article:publisher\" content=\"https:\/\/www.facebook.com\/RogertUlbrich\/\" \/>\n<meta property=\"article:published_time\" content=\"2020-11-19T11:53:48+00:00\" \/>\n<meta property=\"article:modified_time\" content=\"2024-07-08T11:12:44+00:00\" \/>\n<meta property=\"og:image\" content=\"https:\/\/ru.law\/wp-content\/uploads\/2020\/11\/abgasskandal-volkswagen-tiguan.jpg\" \/>\n\t<meta property=\"og:image:width\" content=\"1200\" \/>\n\t<meta property=\"og:image:height\" content=\"676\" \/>\n\t<meta property=\"og:image:type\" content=\"image\/jpeg\" \/>\n<meta name=\"author\" content=\"Marco Rogert\" \/>\n<meta name=\"twitter:card\" content=\"summary_large_image\" \/>\n<meta name=\"twitter:creator\" content=\"@RogertUlbrich\" \/>\n<meta name=\"twitter:site\" content=\"@RogertUlbrich\" \/>\n<script type=\"application\/ld+json\" class=\"yoast-schema-graph\">{\"@context\":\"https:\\\/\\\/schema.org\",\"@graph\":[{\"@type\":\"Article\",\"@id\":\"https:\\\/\\\/ru.law\\\/volkswagen-nimmt-berufung-zurueck\\\/#article\",\"isPartOf\":{\"@id\":\"https:\\\/\\\/ru.law\\\/volkswagen-nimmt-berufung-zurueck\\\/\"},\"author\":{\"name\":\"Marco Rogert\",\"@id\":\"https:\\\/\\\/ru.law\\\/#\\\/schema\\\/person\\\/b020d506e6bbc471b4565d3a98173b87\"},\"headline\":\"Volkswagen nimmt im Verfahren eines Sp\u00e4tk\u00e4ufers die Berufung zur\u00fcck\",\"datePublished\":\"2020-11-19T11:53:48+00:00\",\"dateModified\":\"2024-07-08T11:12:44+00:00\",\"mainEntityOfPage\":{\"@id\":\"https:\\\/\\\/ru.law\\\/volkswagen-nimmt-berufung-zurueck\\\/\"},\"wordCount\":390,\"publisher\":{\"@id\":\"https:\\\/\\\/ru.law\\\/#organization\"},\"image\":{\"@id\":\"https:\\\/\\\/ru.law\\\/volkswagen-nimmt-berufung-zurueck\\\/#primaryimage\"},\"thumbnailUrl\":\"https:\\\/\\\/ru.law\\\/wp-content\\\/uploads\\\/2020\\\/11\\\/abgasskandal-volkswagen-tiguan.jpg\",\"keywords\":[\"Schadensersatz\",\"VW\"],\"articleSection\":[\"Abgasskandal\",\"Urteile\"],\"inLanguage\":\"en-GB\"},{\"@type\":\"WebPage\",\"@id\":\"https:\\\/\\\/ru.law\\\/volkswagen-nimmt-berufung-zurueck\\\/\",\"url\":\"https:\\\/\\\/ru.law\\\/volkswagen-nimmt-berufung-zurueck\\\/\",\"name\":\"Volkswagen nimmt im Sp\u00e4tk\u00e4ufer-Verfahren die Berufung zur\u00fcck! - R&amp;U\",\"isPartOf\":{\"@id\":\"https:\\\/\\\/ru.law\\\/#website\"},\"primaryImageOfPage\":{\"@id\":\"https:\\\/\\\/ru.law\\\/volkswagen-nimmt-berufung-zurueck\\\/#primaryimage\"},\"image\":{\"@id\":\"https:\\\/\\\/ru.law\\\/volkswagen-nimmt-berufung-zurueck\\\/#primaryimage\"},\"thumbnailUrl\":\"https:\\\/\\\/ru.law\\\/wp-content\\\/uploads\\\/2020\\\/11\\\/abgasskandal-volkswagen-tiguan.jpg\",\"datePublished\":\"2020-11-19T11:53:48+00:00\",\"dateModified\":\"2024-07-08T11:12:44+00:00\",\"description\":\"Nach dem sensationellen Urteil in Ingolstadt erzielten wir einen weiteren Erfolg im Prozess eines sog. Sp\u00e4tk\u00e4ufers! Erfaren Sie mehr!\",\"breadcrumb\":{\"@id\":\"https:\\\/\\\/ru.law\\\/volkswagen-nimmt-berufung-zurueck\\\/#breadcrumb\"},\"inLanguage\":\"en-GB\",\"potentialAction\":[{\"@type\":\"ReadAction\",\"target\":[\"https:\\\/\\\/ru.law\\\/volkswagen-nimmt-berufung-zurueck\\\/\"]}]},{\"@type\":\"ImageObject\",\"inLanguage\":\"en-GB\",\"@id\":\"https:\\\/\\\/ru.law\\\/volkswagen-nimmt-berufung-zurueck\\\/#primaryimage\",\"url\":\"https:\\\/\\\/ru.law\\\/wp-content\\\/uploads\\\/2020\\\/11\\\/abgasskandal-volkswagen-tiguan.jpg\",\"contentUrl\":\"https:\\\/\\\/ru.law\\\/wp-content\\\/uploads\\\/2020\\\/11\\\/abgasskandal-volkswagen-tiguan.jpg\",\"width\":1200,\"height\":676},{\"@type\":\"BreadcrumbList\",\"@id\":\"https:\\\/\\\/ru.law\\\/volkswagen-nimmt-berufung-zurueck\\\/#breadcrumb\",\"itemListElement\":[{\"@type\":\"ListItem\",\"position\":1,\"name\":\"Startseite\",\"item\":\"https:\\\/\\\/ru.law\\\/\"},{\"@type\":\"ListItem\",\"position\":2,\"name\":\"Volkswagen nimmt im Verfahren eines Sp\u00e4tk\u00e4ufers die Berufung zur\u00fcck\"}]},{\"@type\":\"WebSite\",\"@id\":\"https:\\\/\\\/ru.law\\\/#website\",\"url\":\"https:\\\/\\\/ru.law\\\/\",\"name\":\"R&U\",\"description\":\"Verbraucheranw\u00e4lte\",\"publisher\":{\"@id\":\"https:\\\/\\\/ru.law\\\/#organization\"},\"alternateName\":\"Rogert & Ulbrich\",\"potentialAction\":[{\"@type\":\"SearchAction\",\"target\":{\"@type\":\"EntryPoint\",\"urlTemplate\":\"https:\\\/\\\/ru.law\\\/?s={search_term_string}\"},\"query-input\":{\"@type\":\"PropertyValueSpecification\",\"valueRequired\":true,\"valueName\":\"search_term_string\"}}],\"inLanguage\":\"en-GB\"},{\"@type\":\"Organization\",\"@id\":\"https:\\\/\\\/ru.law\\\/#organization\",\"name\":\"Kanzlei Rogert & Ulbrich\",\"url\":\"https:\\\/\\\/ru.law\\\/\",\"logo\":{\"@type\":\"ImageObject\",\"inLanguage\":\"en-GB\",\"@id\":\"https:\\\/\\\/ru.law\\\/#\\\/schema\\\/logo\\\/image\\\/\",\"url\":\"https:\\\/\\\/ru.law\\\/wp-content\\\/uploads\\\/2020\\\/12\\\/logo-ru-law.svg\",\"contentUrl\":\"https:\\\/\\\/ru.law\\\/wp-content\\\/uploads\\\/2020\\\/12\\\/logo-ru-law.svg\",\"width\":992,\"height\":259,\"caption\":\"Kanzlei Rogert & Ulbrich\"},\"image\":{\"@id\":\"https:\\\/\\\/ru.law\\\/#\\\/schema\\\/logo\\\/image\\\/\"},\"sameAs\":[\"https:\\\/\\\/www.facebook.com\\\/RogertUlbrich\\\/\",\"https:\\\/\\\/x.com\\\/RogertUlbrich\",\"https:\\\/\\\/www.instagram.com\\\/rogertulbrich\\\/\",\"https:\\\/\\\/www.linkedin.com\\\/company\\\/rogert-ulbrich\\\/\",\"https:\\\/\\\/www.youtube.com\\\/channel\\\/UCganCgpvwpPFqMFf1vVmG2A\"]},{\"@type\":\"Person\",\"@id\":\"https:\\\/\\\/ru.law\\\/#\\\/schema\\\/person\\\/b020d506e6bbc471b4565d3a98173b87\",\"name\":\"Marco Rogert\",\"url\":\"https:\\\/\\\/ru.law\\\/en\\\/author\\\/rogertru-law\\\/\"}]}<\/script>\n<!-- \/ Yoast SEO Premium plugin. -->","yoast_head_json":{"title":"Volkswagen withdraws its appeal in the late-buyer case! - R&amp;U","description":"Following the sensational verdict in Ingolstadt, we achieved another success in the case of a so-called late buyer! Find out more!","robots":{"index":"index","follow":"follow","max-snippet":"max-snippet:-1","max-image-preview":"max-image-preview:large","max-video-preview":"max-video-preview:-1"},"canonical":"https:\/\/ru.law\/en\/volkswagen-nimmt-berufung-zurueck\/","og_locale":"en_GB","og_type":"article","og_title":"Volkswagen nimmt im Verfahren eines Sp\u00e4tk\u00e4ufers die Berufung zur\u00fcck","og_description":"Nach dem sensationellen Urteil in Ingolstadt erzielten wir einen weiteren Erfolg im Prozess eines sog. Sp\u00e4tk\u00e4ufers! Erfaren Sie mehr!","og_url":"https:\/\/ru.law\/en\/volkswagen-nimmt-berufung-zurueck\/","og_site_name":"R&amp;U","article_publisher":"https:\/\/www.facebook.com\/RogertUlbrich\/","article_published_time":"2020-11-19T11:53:48+00:00","article_modified_time":"2024-07-08T11:12:44+00:00","og_image":[{"width":1200,"height":676,"url":"https:\/\/ru.law\/wp-content\/uploads\/2020\/11\/abgasskandal-volkswagen-tiguan.jpg","type":"image\/jpeg"}],"author":"Marco Rogert","twitter_card":"summary_large_image","twitter_creator":"@RogertUlbrich","twitter_site":"@RogertUlbrich","schema":{"@context":"https:\/\/schema.org","@graph":[{"@type":"Article","@id":"https:\/\/ru.law\/volkswagen-nimmt-berufung-zurueck\/#article","isPartOf":{"@id":"https:\/\/ru.law\/volkswagen-nimmt-berufung-zurueck\/"},"author":{"name":"Marco Rogert","@id":"https:\/\/ru.law\/#\/schema\/person\/b020d506e6bbc471b4565d3a98173b87"},"headline":"Volkswagen nimmt im Verfahren eines Sp\u00e4tk\u00e4ufers die Berufung zur\u00fcck","datePublished":"2020-11-19T11:53:48+00:00","dateModified":"2024-07-08T11:12:44+00:00","mainEntityOfPage":{"@id":"https:\/\/ru.law\/volkswagen-nimmt-berufung-zurueck\/"},"wordCount":390,"publisher":{"@id":"https:\/\/ru.law\/#organization"},"image":{"@id":"https:\/\/ru.law\/volkswagen-nimmt-berufung-zurueck\/#primaryimage"},"thumbnailUrl":"https:\/\/ru.law\/wp-content\/uploads\/2020\/11\/abgasskandal-volkswagen-tiguan.jpg","keywords":["Schadensersatz","VW"],"articleSection":["Abgasskandal","Urteile"],"inLanguage":"en-GB"},{"@type":"WebPage","@id":"https:\/\/ru.law\/volkswagen-nimmt-berufung-zurueck\/","url":"https:\/\/ru.law\/volkswagen-nimmt-berufung-zurueck\/","name":"Volkswagen withdraws its appeal in the late-buyer case! - R&amp;U","isPartOf":{"@id":"https:\/\/ru.law\/#website"},"primaryImageOfPage":{"@id":"https:\/\/ru.law\/volkswagen-nimmt-berufung-zurueck\/#primaryimage"},"image":{"@id":"https:\/\/ru.law\/volkswagen-nimmt-berufung-zurueck\/#primaryimage"},"thumbnailUrl":"https:\/\/ru.law\/wp-content\/uploads\/2020\/11\/abgasskandal-volkswagen-tiguan.jpg","datePublished":"2020-11-19T11:53:48+00:00","dateModified":"2024-07-08T11:12:44+00:00","description":"Following the sensational verdict in Ingolstadt, we achieved another success in the case of a so-called late buyer! Find out more!","breadcrumb":{"@id":"https:\/\/ru.law\/volkswagen-nimmt-berufung-zurueck\/#breadcrumb"},"inLanguage":"en-GB","potentialAction":[{"@type":"ReadAction","target":["https:\/\/ru.law\/volkswagen-nimmt-berufung-zurueck\/"]}]},{"@type":"ImageObject","inLanguage":"en-GB","@id":"https:\/\/ru.law\/volkswagen-nimmt-berufung-zurueck\/#primaryimage","url":"https:\/\/ru.law\/wp-content\/uploads\/2020\/11\/abgasskandal-volkswagen-tiguan.jpg","contentUrl":"https:\/\/ru.law\/wp-content\/uploads\/2020\/11\/abgasskandal-volkswagen-tiguan.jpg","width":1200,"height":676},{"@type":"BreadcrumbList","@id":"https:\/\/ru.law\/volkswagen-nimmt-berufung-zurueck\/#breadcrumb","itemListElement":[{"@type":"ListItem","position":1,"name":"Startseite","item":"https:\/\/ru.law\/"},{"@type":"ListItem","position":2,"name":"Volkswagen nimmt im Verfahren eines Sp\u00e4tk\u00e4ufers die Berufung zur\u00fcck"}]},{"@type":"WebSite","@id":"https:\/\/ru.law\/#website","url":"https:\/\/ru.law\/","name":"R&amp;U","description":"Consumer lawyers","publisher":{"@id":"https:\/\/ru.law\/#organization"},"alternateName":"Rogert & Ulbrich","potentialAction":[{"@type":"SearchAction","target":{"@type":"EntryPoint","urlTemplate":"https:\/\/ru.law\/?s={search_term_string}"},"query-input":{"@type":"PropertyValueSpecification","valueRequired":true,"valueName":"search_term_string"}}],"inLanguage":"en-GB"},{"@type":"Organization","@id":"https:\/\/ru.law\/#organization","name":"Rogert &amp; Ulbrich Law Firm","url":"https:\/\/ru.law\/","logo":{"@type":"ImageObject","inLanguage":"en-GB","@id":"https:\/\/ru.law\/#\/schema\/logo\/image\/","url":"https:\/\/ru.law\/wp-content\/uploads\/2020\/12\/logo-ru-law.svg","contentUrl":"https:\/\/ru.law\/wp-content\/uploads\/2020\/12\/logo-ru-law.svg","width":992,"height":259,"caption":"Kanzlei Rogert & Ulbrich"},"image":{"@id":"https:\/\/ru.law\/#\/schema\/logo\/image\/"},"sameAs":["https:\/\/www.facebook.com\/RogertUlbrich\/","https:\/\/x.com\/RogertUlbrich","https:\/\/www.instagram.com\/rogertulbrich\/","https:\/\/www.linkedin.com\/company\/rogert-ulbrich\/","https:\/\/www.youtube.com\/channel\/UCganCgpvwpPFqMFf1vVmG2A"]},{"@type":"Person","@id":"https:\/\/ru.law\/#\/schema\/person\/b020d506e6bbc471b4565d3a98173b87","name":"Marco Rogert","url":"https:\/\/ru.law\/en\/author\/rogertru-law\/"}]}},"uagb_featured_image_src":{"full":["https:\/\/ru.law\/wp-content\/uploads\/2020\/11\/abgasskandal-volkswagen-tiguan.jpg",1200,676,false],"thumbnail":["https:\/\/ru.law\/wp-content\/uploads\/2020\/11\/abgasskandal-volkswagen-tiguan-150x150.jpg",96,96,true],"medium":["https:\/\/ru.law\/wp-content\/uploads\/2020\/11\/abgasskandal-volkswagen-tiguan-300x169.jpg",300,169,true],"medium_large":["https:\/\/ru.law\/wp-content\/uploads\/2020\/11\/abgasskandal-volkswagen-tiguan-768x433.jpg",768,433,true],"large":["https:\/\/ru.law\/wp-content\/uploads\/2020\/11\/abgasskandal-volkswagen-tiguan-1024x577.jpg",1024,577,true],"1536x1536":["https:\/\/ru.law\/wp-content\/uploads\/2020\/11\/abgasskandal-volkswagen-tiguan.jpg",1200,676,false],"2048x2048":["https:\/\/ru.law\/wp-content\/uploads\/2020\/11\/abgasskandal-volkswagen-tiguan.jpg",1200,676,false],"trp-custom-language-flag":["https:\/\/ru.law\/wp-content\/uploads\/2020\/11\/abgasskandal-volkswagen-tiguan.jpg",18,10,false]},"uagb_author_info":{"display_name":"Marco Rogert","author_link":"https:\/\/ru.law\/en\/author\/rogertru-law\/"},"uagb_comment_info":0,"uagb_excerpt":"Schadensersatz trotz Kauf nach ad-hoc Mitteilung. Nach dem sensationellen Urteil in Ingolstadt kann sich die im Abgasskandal f\u00fchrende Kanzlei Rogert &amp; Ulbrich einen weiteren Erfolg [&hellip;]","_links":{"self":[{"href":"https:\/\/ru.law\/en\/wp-json\/wp\/v2\/posts\/11723","targetHints":{"allow":["GET"]}}],"collection":[{"href":"https:\/\/ru.law\/en\/wp-json\/wp\/v2\/posts"}],"about":[{"href":"https:\/\/ru.law\/en\/wp-json\/wp\/v2\/types\/post"}],"author":[{"embeddable":true,"href":"https:\/\/ru.law\/en\/wp-json\/wp\/v2\/users\/21"}],"replies":[{"embeddable":true,"href":"https:\/\/ru.law\/en\/wp-json\/wp\/v2\/comments?post=11723"}],"version-history":[{"count":0,"href":"https:\/\/ru.law\/en\/wp-json\/wp\/v2\/posts\/11723\/revisions"}],"wp:featuredmedia":[{"embeddable":true,"href":"https:\/\/ru.law\/en\/wp-json\/wp\/v2\/media\/11724"}],"wp:attachment":[{"href":"https:\/\/ru.law\/en\/wp-json\/wp\/v2\/media?parent=11723"}],"wp:term":[{"taxonomy":"category","embeddable":true,"href":"https:\/\/ru.law\/en\/wp-json\/wp\/v2\/categories?post=11723"},{"taxonomy":"post_tag","embeddable":true,"href":"https:\/\/ru.law\/en\/wp-json\/wp\/v2\/tags?post=11723"}],"curies":[{"name":"wp","href":"https:\/\/api.w.org\/{rel}","templated":true}]}}