{"id":11408,"date":"2020-11-17T12:14:47","date_gmt":"2020-11-17T11:14:47","guid":{"rendered":"https:\/\/ru.law\/?p=11408"},"modified":"2024-07-08T13:12:45","modified_gmt":"2024-07-08T11:12:45","slug":"neue-hoffnung-fuer-spaetkaeufer-von-diesel-betrugsfahrzeugen","status":"publish","type":"post","link":"https:\/\/ru.law\/en\/neue-hoffnung-fuer-spaetkaeufer-von-diesel-betrugsfahrzeugen\/","title":{"rendered":"New hope for late buyers of diesel fraud vehicles"},"content":{"rendered":"<h2 class=\"wp-block-heading\" id=\"h-landgericht-ingolstadt-spricht-klartext\"><strong>Ingolstadt Regional Court speaks plainly<\/strong>.<\/h2>\n\n\n\n<p>In a sensational judgment of 12 November 2020, case no. 81 O 571\/19, the Ingolstadt Regional Court ruled in favour of a plaintiff in proceedings against the <a href=\"https:\/\/ru.law\/en\/expertise\/abgasskandal\/audi-diesel\/\">Audi<\/a> AG was right. It ordered Audi AG to repay the purchase price and take back the car \u2013 even though the plaintiff had bought his car in January 2016, i.e. <strong>AFTER the announcement of the <a href=\"https:\/\/ru.law\/en\/expertise\/abgasskandal\/\">emissions scandal<\/a><\/strong> acquired.<\/p>\n\n\n\n<p>The plaintiff bought the <strong>Audi A4 Avant 2.0 l TDI<\/strong> used with 17,500 km for <strong>28,150 EUR<\/strong> in January 2016, almost four months after the emissions scandal became known.<br>In a similar case, the Federal Court of Justice rejected the claim because, in the opinion of the Senate, Volkswagen AG&#039;s behavior had changed so much since the ad hoc announcement was published on September 22, 2015 that it could no longer be considered immoral. The courts have so far unanimously followed this view and dismissed the lawsuits on this basis.<\/p>\n\n\n\n<h3 class=\"wp-block-heading\" id=\"h-urteil-differenziert-klar-zwischen-den-vag-auto-marken\"><strong>Judgment clearly differentiates between the VAG car brands<\/strong><\/h3>\n\n\n\n<p>The judgment of the Ingolstadt Regional Court correctly differentiates between the individual brands within the Volkswagen Group and therefore comes to a different conclusion.<\/p>\n\n\n\n<p>Contrary to Audi AG&#039;s opinion, its conduct does not mean that the accusation of immorality made against it is no longer justified.<\/p>\n\n\n\n<p>The court did not fail to recognize, the ruling states, that the required overall assessment also includes the conduct of Audi AG (after the vehicle was put on the market) up to the conclusion of the purchase contract. The court took the view that the measures taken by the parent company, i.e. Volkswagen AG, were not sufficient to remove the verdict of immorality for Audi, as numerous other vehicles in the entire group were affected.<\/p>\n\n\n\n<h3 class=\"wp-block-heading\" id=\"h-das-software-update-von-volkswagen-reicht-nicht-zur-entlastung\"><strong>Volkswagen\u2019s software update is not enough to relieve the<\/strong><\/h3>\n\n\n\n<p>The measures taken by the parent company also do not allow the necessary conclusion that Audi AG&#039;s decision to deceive the relevant authorities and ultimately vehicle buyers in the interest of its own profit was replaced by the strategy of going public, admitting irregularities and working with the Federal Motor Transport Authority to develop measures to remedy the illegal situation. The software update provided by the parent company cannot therefore exonerate Audi. Even the extensive media coverage that made the problem accessible to the general public can only be taken into account to a limited extent when assessing what efforts Audi AG should have made to make its behavior appear not to be immoral.<\/p>\n\n\n\n\n\n<h3 class=\"wp-block-heading\" id=\"h-mediale-berichterstattung-durch-die-presseabteilung-der-volkswagen-ag-initiiert\"><strong>Media coverage initiated by the press department of Volkswagen AG<\/strong><\/h3>\n\n\n\n<p>The media coverage was initiated almost exclusively by the press department of Volkswagen AG and was therefore primarily seen as <em>\u201e<a href=\"https:\/\/ru.law\/en\/expertise\/abgasskandal\/vw-diesel\/\">VW EMISSIONS SCANDAL<\/a>\u201e<\/em> been an important topic.<\/p>\n\n\n\n<p>Other topics such as the creation of an information website, the KBA measure and the provision of the software update were primarily associated with Volkswagen AG and not with Audi AG. If these measures can be associated with a change in behavior at all, it is in any case not possible to conclude that the defendant has changed behavior.<\/p>\n\n\n\n<p>This is all the more true as it is known to the court that Audi AG used illegal defeat devices in numerous other vehicles it produced and developed, which contained engines it developed and produced, from the time the vehicle in question was placed on the market until the conclusion of the purchase contract. Against this background, it does not seem possible to assume a change of attitude that would eliminate the immorality.<\/p>\n\n\n\n<div class=\"wp-block-columns header__gradient_blog ghostkit-custom-xNr4Y is-layout-flex wp-container-core-columns-is-layout-28f84493 wp-block-columns-is-layout-flex\">\n<div class=\"wp-block-column is-vertically-aligned-top is-layout-flow wp-block-column-is-layout-flow\" style=\"flex-basis:20%\">\n<figure class=\"wp-block-image size-large zitat\"><img loading=\"lazy\" decoding=\"async\" width=\"800\" height=\"800\" src=\"https:\/\/ru.law\/wp-content\/uploads\/2020\/09\/marco_rogert.jpg\" alt=\"\" class=\"wp-image-7473\" srcset=\"https:\/\/ru.law\/wp-content\/uploads\/2020\/09\/marco_rogert.jpg 800w, https:\/\/ru.law\/wp-content\/uploads\/2020\/09\/marco_rogert-300x300.jpg 300w, https:\/\/ru.law\/wp-content\/uploads\/2020\/09\/marco_rogert-150x150.jpg 150w, https:\/\/ru.law\/wp-content\/uploads\/2020\/09\/marco_rogert-768x768.jpg 768w, https:\/\/ru.law\/wp-content\/uploads\/2020\/09\/marco_rogert-500x500.jpg 500w\" sizes=\"auto, (max-width: 800px) 100vw, 800px\" \/><\/figure>\n<\/div>\n\n\n\n<div class=\"wp-block-column is-vertically-aligned-center ghostkit-custom-1SOwj2 is-layout-flow wp-block-column-is-layout-flow\" style=\"flex-basis:80%\">\n<p>&quot;This decision rightly does not follow the BGH and therefore does not give Audi AG the opportunity to evade responsibility. The flimsy and untruthful ad hoc announcement from Wolfsburg has not become a clean bill of health for the entire group. A development that we very much welcome in the interests of consumer protection. I am sure that many other courts will follow the reasoning in this judgment.&quot;<\/p>\n\n\n\n<p class=\"has-text-align-left\">Partner Dr. Marco Rogert <\/p>\n<\/div>\n<\/div>\n\n\n\n<section class=\"wp-block-uagb-columns uagb-columns__wrap uagb-columns__background-undefined uagb-columns__stack-mobile uagb-columns__valign-undefined uagb-columns__gap-10 alignundefined uagb-block-a63b8d4d contrast blog_beitraege\"><div class=\"uagb-columns__overlay\"><\/div><div class=\"uagb-columns__inner-wrap uagb-columns__columns-1\">\n<div class=\"wp-block-uagb-column uagb-column__wrap uagb-column__background-undefined uagb-block-6e00ddba\"><div class=\"uagb-column__overlay\"><\/div><div class=\"uagb-column__inner-wrap\">\n<h3 class=\"wp-block-heading\" id=\"das-konnte-sie-auch-interessieren\">You might also be interested in:<\/h3>\n\n\n\n\t\t\t<div class=\"wp-block-uagb-post-grid uagb-post-grid  uagb-post__image-position-top uagb-post__image-enabled uagb-block-ff875f2e     uagb-post__items uagb-post__columns-3 is-grid uagb-post__columns-tablet-2 uagb-post__columns-mobile-1 uagb-post__equal-height\" data-total=\"3\" style=\"\">\n\n\t\t\t\t\t\t\t\t\t\t\t\t<article class=\"uagb-post__inner-wrap\">\t\t\t\t\t\t\t\t<div class='uagb-post__image'>\n\t\t\t\t\t\t\t\t\t<a href=\"https:\/\/ru.law\/en\/diesel-ueberholt-benzinpreis-jetzt-erst-recht\/\" target=\"_self\" rel=\"bookmark noopener noreferrer\" class='uagb-image-ratio-inherit'><img loading=\"lazy\" decoding=\"async\" width=\"1024\" height=\"576\" src=\"https:\/\/ru.law\/wp-content\/uploads\/2022\/03\/2021-News-Header-1200x675-2972-1024x576.jpg\" class=\"attachment-large size-large\" alt=\"Rogert-Ulbrich-Rechtsanwaelte-Kanzlei-Diesel-Benzin-Preise\" srcset=\"https:\/\/ru.law\/wp-content\/uploads\/2022\/03\/2021-News-Header-1200x675-2972-1024x576.jpg 1024w, https:\/\/ru.law\/wp-content\/uploads\/2022\/03\/2021-News-Header-1200x675-2972-300x169.jpg 300w, https:\/\/ru.law\/wp-content\/uploads\/2022\/03\/2021-News-Header-1200x675-2972-768x432.jpg 768w, https:\/\/ru.law\/wp-content\/uploads\/2022\/03\/2021-News-Header-1200x675-2972.jpg 1200w\" sizes=\"auto, (max-width: 1024px) 100vw, 1024px\" \/>\t\t\t\t\t<\/a>\n\t\t\t\t\t\t\t<\/div>\n\t\t\t\t\t\t<h4 class=\"uagb-post__title uagb-post__text\">\n\t\t\t\t<a href=\"https:\/\/ru.law\/en\/diesel-ueberholt-benzinpreis-jetzt-erst-recht\/\" target=\"_self\" rel=\"bookmark noopener noreferrer\">Record prices for diesel - Now is the time to reverse your car<\/a>\n\t\t\t<\/h4>\n\t\t\t\t\t\t<div class='uagb-post__text uagb-post-grid-byline'>\n\t\t\t\t\t\t\t<\/div>\n\t\t\t\t\t\t\t<div class='uagb-post__text uagb-post__excerpt'>\n\t\t\t\t\t<p>Diesel is at a record high in Germany and petrol is also approaching a\u2026\t\t\t\t<\/div>\n\t\t\t\t\t\t<div class=\"uagb-post__text uagb-post__cta wp-block-button\">\n\t\t\t\t<a class=\"wp-block-button__link uagb-text-link\" style=\"\" href=\"https:\/\/ru.law\/en\/diesel-ueberholt-benzinpreis-jetzt-erst-recht\/\" target=\"_self\" rel=\"bookmark noopener noreferrer\">Read More<\/a>\n\t\t\t<\/div>\n\t\t\t\n\t\t\t\t\t\t\t\t<a class=\"uagb-post__link-complete-box\" href=\"https:\/\/ru.law\/en\/diesel-ueberholt-benzinpreis-jetzt-erst-recht\/\" target=\"_self\" rel=\"bookmark noopener noreferrer\"><\/a>\n\t\t\t\t\t\t\t<\/article>\n\t\t\t\t\t\t\t\t\t\t\t\t\t\t\t\t<article class=\"uagb-post__inner-wrap\">\t\t\t\t\t\t\t\t<div class='uagb-post__image'>\n\t\t\t\t\t\t\t\t\t<a href=\"https:\/\/ru.law\/en\/vtdi-abgasskandal-rund-um-vw-audi-und-porsche\/\" target=\"_self\" rel=\"bookmark noopener noreferrer\" class='uagb-image-ratio-inherit'><img loading=\"lazy\" decoding=\"async\" width=\"1024\" height=\"576\" src=\"https:\/\/ru.law\/wp-content\/uploads\/2022\/01\/Rogert-Ulbrich-Rechtsanwaelte-Kanzlei-Abgasskandal-Audi-Verjaehrung-2022-1024x576.jpg\" class=\"attachment-large size-large\" alt=\"\" srcset=\"https:\/\/ru.law\/wp-content\/uploads\/2022\/01\/Rogert-Ulbrich-Rechtsanwaelte-Kanzlei-Abgasskandal-Audi-Verjaehrung-2022-1024x576.jpg 1024w, https:\/\/ru.law\/wp-content\/uploads\/2022\/01\/Rogert-Ulbrich-Rechtsanwaelte-Kanzlei-Abgasskandal-Audi-Verjaehrung-2022-300x169.jpg 300w, https:\/\/ru.law\/wp-content\/uploads\/2022\/01\/Rogert-Ulbrich-Rechtsanwaelte-Kanzlei-Abgasskandal-Audi-Verjaehrung-2022-768x432.jpg 768w, https:\/\/ru.law\/wp-content\/uploads\/2022\/01\/Rogert-Ulbrich-Rechtsanwaelte-Kanzlei-Abgasskandal-Audi-Verjaehrung-2022.jpg 1200w\" sizes=\"auto, (max-width: 1024px) 100vw, 1024px\" \/>\t\t\t\t\t<\/a>\n\t\t\t\t\t\t\t<\/div>\n\t\t\t\t\t\t<h4 class=\"uagb-post__title uagb-post__text\">\n\t\t\t\t<a href=\"https:\/\/ru.law\/en\/vtdi-abgasskandal-rund-um-vw-audi-und-porsche\/\" target=\"_self\" rel=\"bookmark noopener noreferrer\">VTDI emissions scandal involving VW, Audi and Porsche<\/a>\n\t\t\t<\/h4>\n\t\t\t\t\t\t<div class='uagb-post__text uagb-post-grid-byline'>\n\t\t\t\t\t\t\t<\/div>\n\t\t\t\t\t\t\t<div class='uagb-post__text uagb-post__excerpt'>\n\t\t\t\t\t<p>For many German car manufacturers, the diesel emissions scandal is still omnipresent, including the VW Group\u2026\t\t\t\t<\/div>\n\t\t\t\t\t\t<div class=\"uagb-post__text uagb-post__cta wp-block-button\">\n\t\t\t\t<a class=\"wp-block-button__link uagb-text-link\" style=\"\" href=\"https:\/\/ru.law\/en\/vtdi-abgasskandal-rund-um-vw-audi-und-porsche\/\" target=\"_self\" rel=\"bookmark noopener noreferrer\">Read More<\/a>\n\t\t\t<\/div>\n\t\t\t\n\t\t\t\t\t\t\t\t<a class=\"uagb-post__link-complete-box\" href=\"https:\/\/ru.law\/en\/vtdi-abgasskandal-rund-um-vw-audi-und-porsche\/\" target=\"_self\" rel=\"bookmark noopener noreferrer\"><\/a>\n\t\t\t\t\t\t\t<\/article>\n\t\t\t\t\t\t\t\t\t\t\t\t\t\t\t\t<article class=\"uagb-post__inner-wrap\">\t\t\t\t\t\t\t\t<div class='uagb-post__image'>\n\t\t\t\t\t\t\t\t\t<a href=\"https:\/\/ru.law\/en\/olg-koeln-verurteilt-audi-ag\/\" target=\"_self\" rel=\"bookmark noopener noreferrer\" class='uagb-image-ratio-inherit'><img loading=\"lazy\" decoding=\"async\" width=\"1024\" height=\"576\" src=\"https:\/\/ru.law\/wp-content\/uploads\/2021\/09\/rogert-ulbrich-rechtsanwalt-kanzlei-abgasskandal-premium-modelle-porsche-42l-1024x576.jpg\" class=\"attachment-large size-large\" alt=\"\" srcset=\"https:\/\/ru.law\/wp-content\/uploads\/2021\/09\/rogert-ulbrich-rechtsanwalt-kanzlei-abgasskandal-premium-modelle-porsche-42l-1024x576.jpg 1024w, https:\/\/ru.law\/wp-content\/uploads\/2021\/09\/rogert-ulbrich-rechtsanwalt-kanzlei-abgasskandal-premium-modelle-porsche-42l-300x169.jpg 300w, https:\/\/ru.law\/wp-content\/uploads\/2021\/09\/rogert-ulbrich-rechtsanwalt-kanzlei-abgasskandal-premium-modelle-porsche-42l-768x432.jpg 768w, https:\/\/ru.law\/wp-content\/uploads\/2021\/09\/rogert-ulbrich-rechtsanwalt-kanzlei-abgasskandal-premium-modelle-porsche-42l.jpg 1200w\" sizes=\"auto, (max-width: 1024px) 100vw, 1024px\" \/>\t\t\t\t\t<\/a>\n\t\t\t\t\t\t\t<\/div>\n\t\t\t\t\t\t<h4 class=\"uagb-post__title uagb-post__text\">\n\t\t\t\t<a href=\"https:\/\/ru.law\/en\/olg-koeln-verurteilt-audi-ag\/\" target=\"_self\" rel=\"bookmark noopener noreferrer\">Audi AG ordered to take back a Porsche Cayenne S<\/a>\n\t\t\t<\/h4>\n\t\t\t\t\t\t<div class='uagb-post__text uagb-post-grid-byline'>\n\t\t\t\t\t\t\t<\/div>\n\t\t\t\t\t\t\t<div class='uagb-post__text uagb-post__excerpt'>\n\t\t\t\t\t<p>Audi AG was ordered by the Cologne Higher Regional Court to take back a Porsche Cayenne S 4.2l\u2026.\t\t\t\t<\/div>\n\t\t\t\t\t\t<div class=\"uagb-post__text uagb-post__cta wp-block-button\">\n\t\t\t\t<a class=\"wp-block-button__link uagb-text-link\" style=\"\" href=\"https:\/\/ru.law\/en\/olg-koeln-verurteilt-audi-ag\/\" target=\"_self\" rel=\"bookmark noopener noreferrer\">Read More<\/a>\n\t\t\t<\/div>\n\t\t\t\n\t\t\t\t\t\t\t\t<a class=\"uagb-post__link-complete-box\" href=\"https:\/\/ru.law\/en\/olg-koeln-verurteilt-audi-ag\/\" target=\"_self\" rel=\"bookmark noopener noreferrer\"><\/a>\n\t\t\t\t\t\t\t<\/article>\n\t\t\t\t\t\t\t\t\t\t\t<\/div>\n\t\t\t\n\n\n<p><\/p>\n<\/div><\/div>\n<\/div><\/section>","protected":false},"excerpt":{"rendered":"<p>Landgericht Ingolstadt spricht Klartext. Das Landgericht Ingolstadt hat in einem sensationellen Urteil vom 12.11.2020, Az. 81 O 571\/19, einem Kl\u00e4ger in einem Verfahren gegen die [&hellip;]<\/p>\n","protected":false},"author":21,"featured_media":11436,"comment_status":"closed","ping_status":"open","sticky":false,"template":"","format":"standard","meta":{"_uag_custom_page_level_css":"","site-sidebar-layout":"default","site-content-layout":"default","ast-site-content-layout":"default","site-content-style":"default","site-sidebar-style":"default","ast-global-header-display":"","ast-banner-title-visibility":"","ast-main-header-display":"","ast-hfb-above-header-display":"","ast-hfb-below-header-display":"","ast-hfb-mobile-header-display":"","site-post-title":"","ast-breadcrumbs-content":"","ast-featured-img":"","footer-sml-layout":"","ast-disable-related-posts":"","theme-transparent-header-meta":"default","adv-header-id-meta":"","stick-header-meta":"","header-above-stick-meta":"","header-main-stick-meta":"","header-below-stick-meta":"","astra-migrate-meta-layouts":"default","ast-page-background-enabled":"default","ast-page-background-meta":{"desktop":{"background-color":"","background-image":"","background-repeat":"repeat","background-position":"center center","background-size":"auto","background-attachment":"scroll","background-type":"","background-media":"","overlay-type":"","overlay-color":"","overlay-opacity":"","overlay-gradient":""},"tablet":{"background-color":"","background-image":"","background-repeat":"repeat","background-position":"center center","background-size":"auto","background-attachment":"scroll","background-type":"","background-media":"","overlay-type":"","overlay-color":"","overlay-opacity":"","overlay-gradient":""},"mobile":{"background-color":"","background-image":"","background-repeat":"repeat","background-position":"center center","background-size":"auto","background-attachment":"scroll","background-type":"","background-media":"","overlay-type":"","overlay-color":"","overlay-opacity":"","overlay-gradient":""}},"ast-content-background-meta":{"desktop":{"background-color":"var(--ast-global-color-5)","background-image":"","background-repeat":"repeat","background-position":"center center","background-size":"auto","background-attachment":"scroll","background-type":"","background-media":"","overlay-type":"","overlay-color":"","overlay-opacity":"","overlay-gradient":""},"tablet":{"background-color":"var(--ast-global-color-5)","background-image":"","background-repeat":"repeat","background-position":"center center","background-size":"auto","background-attachment":"scroll","background-type":"","background-media":"","overlay-type":"","overlay-color":"","overlay-opacity":"","overlay-gradient":""},"mobile":{"background-color":"var(--ast-global-color-5)","background-image":"","background-repeat":"repeat","background-position":"center center","background-size":"auto","background-attachment":"scroll","background-type":"","background-media":"","overlay-type":"","overlay-color":"","overlay-opacity":"","overlay-gradient":""}},"footnotes":""},"categories":[2,507],"tags":[9,14],"class_list":["post-11408","post","type-post","status-publish","format-standard","has-post-thumbnail","hentry","category-abgasskandal","category-urteile","tag-audi","tag-bgh"],"yoast_head":"<!-- This site is optimized with the Yoast SEO Premium plugin v27.4 (Yoast SEO v27.4) - https:\/\/yoast.com\/product\/yoast-seo-premium-wordpress\/ -->\n<title>Neue Hoffnung f\u00fcr Sp\u00e4tk\u00e4ufer von Diesel-Betrugsfahrzeugen - R&amp;U<\/title>\n<meta name=\"description\" content=\"Das LG Ingolstadt hat verurteilte die Audi AG zur R\u00fcckzahlung des Kaufpreises obwohl der Kl\u00e4ger seinen PKW NACH dem Bekanntwerden des Abgasskandals erworben hat.\" \/>\n<meta name=\"robots\" content=\"index, follow, max-snippet:-1, max-image-preview:large, max-video-preview:-1\" \/>\n<link rel=\"canonical\" href=\"https:\/\/ru.law\/en\/neue-hoffnung-fuer-spaetkaeufer-von-diesel-betrugsfahrzeugen\/\" \/>\n<meta property=\"og:locale\" content=\"en_GB\" \/>\n<meta property=\"og:type\" content=\"article\" \/>\n<meta property=\"og:title\" content=\"Neue Hoffnung f\u00fcr Sp\u00e4tk\u00e4ufer von Diesel-Betrugsfahrzeugen\" \/>\n<meta property=\"og:description\" content=\"Das LG Ingolstadt hat verurteilte die Audi AG zur R\u00fcckzahlung des Kaufpreises obwohl der Kl\u00e4ger seinen PKW NACH dem Bekanntwerden des Abgasskandals erworben hat.\" \/>\n<meta property=\"og:url\" content=\"https:\/\/ru.law\/en\/neue-hoffnung-fuer-spaetkaeufer-von-diesel-betrugsfahrzeugen\/\" \/>\n<meta property=\"og:site_name\" content=\"R&amp;U\" \/>\n<meta property=\"article:publisher\" content=\"https:\/\/www.facebook.com\/RogertUlbrich\/\" \/>\n<meta property=\"article:published_time\" content=\"2020-11-17T11:14:47+00:00\" \/>\n<meta property=\"article:modified_time\" content=\"2024-07-08T11:12:45+00:00\" \/>\n<meta property=\"og:image\" content=\"https:\/\/ru.law\/wp-content\/uploads\/2020\/11\/audi-spaetkauf-pkw.jpg\" \/>\n\t<meta property=\"og:image:width\" content=\"1200\" \/>\n\t<meta property=\"og:image:height\" content=\"675\" \/>\n\t<meta property=\"og:image:type\" content=\"image\/jpeg\" \/>\n<meta name=\"author\" content=\"Marco Rogert\" \/>\n<meta name=\"twitter:card\" content=\"summary_large_image\" \/>\n<meta name=\"twitter:creator\" content=\"@RogertUlbrich\" \/>\n<meta name=\"twitter:site\" content=\"@RogertUlbrich\" \/>\n<script type=\"application\/ld+json\" class=\"yoast-schema-graph\">{\"@context\":\"https:\\\/\\\/schema.org\",\"@graph\":[{\"@type\":\"Article\",\"@id\":\"https:\\\/\\\/ru.law\\\/neue-hoffnung-fuer-spaetkaeufer-von-diesel-betrugsfahrzeugen\\\/#article\",\"isPartOf\":{\"@id\":\"https:\\\/\\\/ru.law\\\/neue-hoffnung-fuer-spaetkaeufer-von-diesel-betrugsfahrzeugen\\\/\"},\"author\":{\"name\":\"Marco Rogert\",\"@id\":\"https:\\\/\\\/ru.law\\\/#\\\/schema\\\/person\\\/b020d506e6bbc471b4565d3a98173b87\"},\"headline\":\"Neue Hoffnung f\u00fcr Sp\u00e4tk\u00e4ufer von Diesel-Betrugsfahrzeugen\",\"datePublished\":\"2020-11-17T11:14:47+00:00\",\"dateModified\":\"2024-07-08T11:12:45+00:00\",\"mainEntityOfPage\":{\"@id\":\"https:\\\/\\\/ru.law\\\/neue-hoffnung-fuer-spaetkaeufer-von-diesel-betrugsfahrzeugen\\\/\"},\"wordCount\":668,\"publisher\":{\"@id\":\"https:\\\/\\\/ru.law\\\/#organization\"},\"image\":{\"@id\":\"https:\\\/\\\/ru.law\\\/neue-hoffnung-fuer-spaetkaeufer-von-diesel-betrugsfahrzeugen\\\/#primaryimage\"},\"thumbnailUrl\":\"https:\\\/\\\/ru.law\\\/wp-content\\\/uploads\\\/2020\\\/11\\\/audi-spaetkauf-pkw.jpg\",\"keywords\":[\"Audi\",\"BGH\"],\"articleSection\":[\"Abgasskandal\",\"Urteile\"],\"inLanguage\":\"en-GB\"},{\"@type\":\"WebPage\",\"@id\":\"https:\\\/\\\/ru.law\\\/neue-hoffnung-fuer-spaetkaeufer-von-diesel-betrugsfahrzeugen\\\/\",\"url\":\"https:\\\/\\\/ru.law\\\/neue-hoffnung-fuer-spaetkaeufer-von-diesel-betrugsfahrzeugen\\\/\",\"name\":\"Neue Hoffnung f\u00fcr Sp\u00e4tk\u00e4ufer von Diesel-Betrugsfahrzeugen - R&amp;U\",\"isPartOf\":{\"@id\":\"https:\\\/\\\/ru.law\\\/#website\"},\"primaryImageOfPage\":{\"@id\":\"https:\\\/\\\/ru.law\\\/neue-hoffnung-fuer-spaetkaeufer-von-diesel-betrugsfahrzeugen\\\/#primaryimage\"},\"image\":{\"@id\":\"https:\\\/\\\/ru.law\\\/neue-hoffnung-fuer-spaetkaeufer-von-diesel-betrugsfahrzeugen\\\/#primaryimage\"},\"thumbnailUrl\":\"https:\\\/\\\/ru.law\\\/wp-content\\\/uploads\\\/2020\\\/11\\\/audi-spaetkauf-pkw.jpg\",\"datePublished\":\"2020-11-17T11:14:47+00:00\",\"dateModified\":\"2024-07-08T11:12:45+00:00\",\"description\":\"Das LG Ingolstadt hat verurteilte die Audi AG zur R\u00fcckzahlung des Kaufpreises obwohl der Kl\u00e4ger seinen PKW NACH dem Bekanntwerden des Abgasskandals erworben hat.\",\"breadcrumb\":{\"@id\":\"https:\\\/\\\/ru.law\\\/neue-hoffnung-fuer-spaetkaeufer-von-diesel-betrugsfahrzeugen\\\/#breadcrumb\"},\"inLanguage\":\"en-GB\",\"potentialAction\":[{\"@type\":\"ReadAction\",\"target\":[\"https:\\\/\\\/ru.law\\\/neue-hoffnung-fuer-spaetkaeufer-von-diesel-betrugsfahrzeugen\\\/\"]}]},{\"@type\":\"ImageObject\",\"inLanguage\":\"en-GB\",\"@id\":\"https:\\\/\\\/ru.law\\\/neue-hoffnung-fuer-spaetkaeufer-von-diesel-betrugsfahrzeugen\\\/#primaryimage\",\"url\":\"https:\\\/\\\/ru.law\\\/wp-content\\\/uploads\\\/2020\\\/11\\\/audi-spaetkauf-pkw.jpg\",\"contentUrl\":\"https:\\\/\\\/ru.law\\\/wp-content\\\/uploads\\\/2020\\\/11\\\/audi-spaetkauf-pkw.jpg\",\"width\":1200,\"height\":675,\"caption\":\"Audi Spaetkauf PKW\"},{\"@type\":\"BreadcrumbList\",\"@id\":\"https:\\\/\\\/ru.law\\\/neue-hoffnung-fuer-spaetkaeufer-von-diesel-betrugsfahrzeugen\\\/#breadcrumb\",\"itemListElement\":[{\"@type\":\"ListItem\",\"position\":1,\"name\":\"Startseite\",\"item\":\"https:\\\/\\\/ru.law\\\/\"},{\"@type\":\"ListItem\",\"position\":2,\"name\":\"Neue Hoffnung f\u00fcr Sp\u00e4tk\u00e4ufer von Diesel-Betrugsfahrzeugen\"}]},{\"@type\":\"WebSite\",\"@id\":\"https:\\\/\\\/ru.law\\\/#website\",\"url\":\"https:\\\/\\\/ru.law\\\/\",\"name\":\"R&U\",\"description\":\"Verbraucheranw\u00e4lte\",\"publisher\":{\"@id\":\"https:\\\/\\\/ru.law\\\/#organization\"},\"alternateName\":\"Rogert & Ulbrich\",\"potentialAction\":[{\"@type\":\"SearchAction\",\"target\":{\"@type\":\"EntryPoint\",\"urlTemplate\":\"https:\\\/\\\/ru.law\\\/?s={search_term_string}\"},\"query-input\":{\"@type\":\"PropertyValueSpecification\",\"valueRequired\":true,\"valueName\":\"search_term_string\"}}],\"inLanguage\":\"en-GB\"},{\"@type\":\"Organization\",\"@id\":\"https:\\\/\\\/ru.law\\\/#organization\",\"name\":\"Kanzlei Rogert & Ulbrich\",\"url\":\"https:\\\/\\\/ru.law\\\/\",\"logo\":{\"@type\":\"ImageObject\",\"inLanguage\":\"en-GB\",\"@id\":\"https:\\\/\\\/ru.law\\\/#\\\/schema\\\/logo\\\/image\\\/\",\"url\":\"https:\\\/\\\/ru.law\\\/wp-content\\\/uploads\\\/2020\\\/12\\\/logo-ru-law.svg\",\"contentUrl\":\"https:\\\/\\\/ru.law\\\/wp-content\\\/uploads\\\/2020\\\/12\\\/logo-ru-law.svg\",\"width\":992,\"height\":259,\"caption\":\"Kanzlei Rogert & Ulbrich\"},\"image\":{\"@id\":\"https:\\\/\\\/ru.law\\\/#\\\/schema\\\/logo\\\/image\\\/\"},\"sameAs\":[\"https:\\\/\\\/www.facebook.com\\\/RogertUlbrich\\\/\",\"https:\\\/\\\/x.com\\\/RogertUlbrich\",\"https:\\\/\\\/www.instagram.com\\\/rogertulbrich\\\/\",\"https:\\\/\\\/www.linkedin.com\\\/company\\\/rogert-ulbrich\\\/\",\"https:\\\/\\\/www.youtube.com\\\/channel\\\/UCganCgpvwpPFqMFf1vVmG2A\"]},{\"@type\":\"Person\",\"@id\":\"https:\\\/\\\/ru.law\\\/#\\\/schema\\\/person\\\/b020d506e6bbc471b4565d3a98173b87\",\"name\":\"Marco Rogert\",\"url\":\"https:\\\/\\\/ru.law\\\/en\\\/author\\\/rogertru-law\\\/\"}]}<\/script>\n<!-- \/ Yoast SEO Premium plugin. -->","yoast_head_json":{"title":"New hope for late buyers of diesel vehicles affected by emissions scandals - R&amp;U","description":"The Ingolstadt Regional Court ordered Audi AG to refund the purchase price even though the plaintiff acquired his car AFTER the emissions scandal became public.","robots":{"index":"index","follow":"follow","max-snippet":"max-snippet:-1","max-image-preview":"max-image-preview:large","max-video-preview":"max-video-preview:-1"},"canonical":"https:\/\/ru.law\/en\/neue-hoffnung-fuer-spaetkaeufer-von-diesel-betrugsfahrzeugen\/","og_locale":"en_GB","og_type":"article","og_title":"Neue Hoffnung f\u00fcr Sp\u00e4tk\u00e4ufer von Diesel-Betrugsfahrzeugen","og_description":"Das LG Ingolstadt hat verurteilte die Audi AG zur R\u00fcckzahlung des Kaufpreises obwohl der Kl\u00e4ger seinen PKW NACH dem Bekanntwerden des Abgasskandals erworben hat.","og_url":"https:\/\/ru.law\/en\/neue-hoffnung-fuer-spaetkaeufer-von-diesel-betrugsfahrzeugen\/","og_site_name":"R&amp;U","article_publisher":"https:\/\/www.facebook.com\/RogertUlbrich\/","article_published_time":"2020-11-17T11:14:47+00:00","article_modified_time":"2024-07-08T11:12:45+00:00","og_image":[{"width":1200,"height":675,"url":"https:\/\/ru.law\/wp-content\/uploads\/2020\/11\/audi-spaetkauf-pkw.jpg","type":"image\/jpeg"}],"author":"Marco Rogert","twitter_card":"summary_large_image","twitter_creator":"@RogertUlbrich","twitter_site":"@RogertUlbrich","schema":{"@context":"https:\/\/schema.org","@graph":[{"@type":"Article","@id":"https:\/\/ru.law\/neue-hoffnung-fuer-spaetkaeufer-von-diesel-betrugsfahrzeugen\/#article","isPartOf":{"@id":"https:\/\/ru.law\/neue-hoffnung-fuer-spaetkaeufer-von-diesel-betrugsfahrzeugen\/"},"author":{"name":"Marco Rogert","@id":"https:\/\/ru.law\/#\/schema\/person\/b020d506e6bbc471b4565d3a98173b87"},"headline":"Neue Hoffnung f\u00fcr Sp\u00e4tk\u00e4ufer von Diesel-Betrugsfahrzeugen","datePublished":"2020-11-17T11:14:47+00:00","dateModified":"2024-07-08T11:12:45+00:00","mainEntityOfPage":{"@id":"https:\/\/ru.law\/neue-hoffnung-fuer-spaetkaeufer-von-diesel-betrugsfahrzeugen\/"},"wordCount":668,"publisher":{"@id":"https:\/\/ru.law\/#organization"},"image":{"@id":"https:\/\/ru.law\/neue-hoffnung-fuer-spaetkaeufer-von-diesel-betrugsfahrzeugen\/#primaryimage"},"thumbnailUrl":"https:\/\/ru.law\/wp-content\/uploads\/2020\/11\/audi-spaetkauf-pkw.jpg","keywords":["Audi","BGH"],"articleSection":["Abgasskandal","Urteile"],"inLanguage":"en-GB"},{"@type":"WebPage","@id":"https:\/\/ru.law\/neue-hoffnung-fuer-spaetkaeufer-von-diesel-betrugsfahrzeugen\/","url":"https:\/\/ru.law\/neue-hoffnung-fuer-spaetkaeufer-von-diesel-betrugsfahrzeugen\/","name":"New hope for late buyers of diesel vehicles affected by emissions scandals - R&amp;U","isPartOf":{"@id":"https:\/\/ru.law\/#website"},"primaryImageOfPage":{"@id":"https:\/\/ru.law\/neue-hoffnung-fuer-spaetkaeufer-von-diesel-betrugsfahrzeugen\/#primaryimage"},"image":{"@id":"https:\/\/ru.law\/neue-hoffnung-fuer-spaetkaeufer-von-diesel-betrugsfahrzeugen\/#primaryimage"},"thumbnailUrl":"https:\/\/ru.law\/wp-content\/uploads\/2020\/11\/audi-spaetkauf-pkw.jpg","datePublished":"2020-11-17T11:14:47+00:00","dateModified":"2024-07-08T11:12:45+00:00","description":"The Ingolstadt Regional Court ordered Audi AG to refund the purchase price even though the plaintiff acquired his car AFTER the emissions scandal became public.","breadcrumb":{"@id":"https:\/\/ru.law\/neue-hoffnung-fuer-spaetkaeufer-von-diesel-betrugsfahrzeugen\/#breadcrumb"},"inLanguage":"en-GB","potentialAction":[{"@type":"ReadAction","target":["https:\/\/ru.law\/neue-hoffnung-fuer-spaetkaeufer-von-diesel-betrugsfahrzeugen\/"]}]},{"@type":"ImageObject","inLanguage":"en-GB","@id":"https:\/\/ru.law\/neue-hoffnung-fuer-spaetkaeufer-von-diesel-betrugsfahrzeugen\/#primaryimage","url":"https:\/\/ru.law\/wp-content\/uploads\/2020\/11\/audi-spaetkauf-pkw.jpg","contentUrl":"https:\/\/ru.law\/wp-content\/uploads\/2020\/11\/audi-spaetkauf-pkw.jpg","width":1200,"height":675,"caption":"Audi Spaetkauf PKW"},{"@type":"BreadcrumbList","@id":"https:\/\/ru.law\/neue-hoffnung-fuer-spaetkaeufer-von-diesel-betrugsfahrzeugen\/#breadcrumb","itemListElement":[{"@type":"ListItem","position":1,"name":"Startseite","item":"https:\/\/ru.law\/"},{"@type":"ListItem","position":2,"name":"Neue Hoffnung f\u00fcr Sp\u00e4tk\u00e4ufer von Diesel-Betrugsfahrzeugen"}]},{"@type":"WebSite","@id":"https:\/\/ru.law\/#website","url":"https:\/\/ru.law\/","name":"R&amp;U","description":"Consumer lawyers","publisher":{"@id":"https:\/\/ru.law\/#organization"},"alternateName":"Rogert & Ulbrich","potentialAction":[{"@type":"SearchAction","target":{"@type":"EntryPoint","urlTemplate":"https:\/\/ru.law\/?s={search_term_string}"},"query-input":{"@type":"PropertyValueSpecification","valueRequired":true,"valueName":"search_term_string"}}],"inLanguage":"en-GB"},{"@type":"Organization","@id":"https:\/\/ru.law\/#organization","name":"Rogert &amp; Ulbrich Law Firm","url":"https:\/\/ru.law\/","logo":{"@type":"ImageObject","inLanguage":"en-GB","@id":"https:\/\/ru.law\/#\/schema\/logo\/image\/","url":"https:\/\/ru.law\/wp-content\/uploads\/2020\/12\/logo-ru-law.svg","contentUrl":"https:\/\/ru.law\/wp-content\/uploads\/2020\/12\/logo-ru-law.svg","width":992,"height":259,"caption":"Kanzlei Rogert & Ulbrich"},"image":{"@id":"https:\/\/ru.law\/#\/schema\/logo\/image\/"},"sameAs":["https:\/\/www.facebook.com\/RogertUlbrich\/","https:\/\/x.com\/RogertUlbrich","https:\/\/www.instagram.com\/rogertulbrich\/","https:\/\/www.linkedin.com\/company\/rogert-ulbrich\/","https:\/\/www.youtube.com\/channel\/UCganCgpvwpPFqMFf1vVmG2A"]},{"@type":"Person","@id":"https:\/\/ru.law\/#\/schema\/person\/b020d506e6bbc471b4565d3a98173b87","name":"Marco Rogert","url":"https:\/\/ru.law\/en\/author\/rogertru-law\/"}]}},"uagb_featured_image_src":{"full":["https:\/\/ru.law\/wp-content\/uploads\/2020\/11\/audi-spaetkauf-pkw.jpg",1200,675,false],"thumbnail":["https:\/\/ru.law\/wp-content\/uploads\/2020\/11\/audi-spaetkauf-pkw-150x150.jpg",96,96,true],"medium":["https:\/\/ru.law\/wp-content\/uploads\/2020\/11\/audi-spaetkauf-pkw-300x169.jpg",300,169,true],"medium_large":["https:\/\/ru.law\/wp-content\/uploads\/2020\/11\/audi-spaetkauf-pkw-768x432.jpg",768,432,true],"large":["https:\/\/ru.law\/wp-content\/uploads\/2020\/11\/audi-spaetkauf-pkw-1024x576.jpg",1024,576,true],"1536x1536":["https:\/\/ru.law\/wp-content\/uploads\/2020\/11\/audi-spaetkauf-pkw.jpg",1200,675,false],"2048x2048":["https:\/\/ru.law\/wp-content\/uploads\/2020\/11\/audi-spaetkauf-pkw.jpg",1200,675,false],"trp-custom-language-flag":["https:\/\/ru.law\/wp-content\/uploads\/2020\/11\/audi-spaetkauf-pkw.jpg",18,10,false]},"uagb_author_info":{"display_name":"Marco Rogert","author_link":"https:\/\/ru.law\/en\/author\/rogertru-law\/"},"uagb_comment_info":0,"uagb_excerpt":"Landgericht Ingolstadt spricht Klartext. Das Landgericht Ingolstadt hat in einem sensationellen Urteil vom 12.11.2020, Az. 81 O 571\/19, einem Kl\u00e4ger in einem Verfahren gegen die [&hellip;]","_links":{"self":[{"href":"https:\/\/ru.law\/en\/wp-json\/wp\/v2\/posts\/11408","targetHints":{"allow":["GET"]}}],"collection":[{"href":"https:\/\/ru.law\/en\/wp-json\/wp\/v2\/posts"}],"about":[{"href":"https:\/\/ru.law\/en\/wp-json\/wp\/v2\/types\/post"}],"author":[{"embeddable":true,"href":"https:\/\/ru.law\/en\/wp-json\/wp\/v2\/users\/21"}],"replies":[{"embeddable":true,"href":"https:\/\/ru.law\/en\/wp-json\/wp\/v2\/comments?post=11408"}],"version-history":[{"count":0,"href":"https:\/\/ru.law\/en\/wp-json\/wp\/v2\/posts\/11408\/revisions"}],"wp:featuredmedia":[{"embeddable":true,"href":"https:\/\/ru.law\/en\/wp-json\/wp\/v2\/media\/11436"}],"wp:attachment":[{"href":"https:\/\/ru.law\/en\/wp-json\/wp\/v2\/media?parent=11408"}],"wp:term":[{"taxonomy":"category","embeddable":true,"href":"https:\/\/ru.law\/en\/wp-json\/wp\/v2\/categories?post=11408"},{"taxonomy":"post_tag","embeddable":true,"href":"https:\/\/ru.law\/en\/wp-json\/wp\/v2\/tags?post=11408"}],"curies":[{"name":"wp","href":"https:\/\/api.w.org\/{rel}","templated":true}]}}