{"id":10974,"date":"2020-11-12T11:10:00","date_gmt":"2020-11-12T10:10:00","guid":{"rendered":"https:\/\/ru.law\/?p=10974"},"modified":"2024-07-08T13:12:45","modified_gmt":"2024-07-08T11:12:45","slug":"neue-urteile-gegen-audi-ag-modelle-mit-3-0l-motoren-betroffen","status":"publish","type":"post","link":"https:\/\/ru.law\/en\/neue-urteile-gegen-audi-ag-modelle-mit-3-0l-motoren-betroffen\/","title":{"rendered":"New rulings against Audi AG: Models with 3.0l engines affected"},"content":{"rendered":"<h2 class=\"wp-block-heading\" id=\"h-zwei-geschadigte-auto-kaufer-freuen-sich-uber-schadensersatz\"><strong>Two injured car buyers are happy about compensation<\/strong>.<\/h2>\n\n\n\n<p>We were able to obtain two interesting judgments in favor of our clients before the Ingolstadt Regional Court.<\/p>\n\n\n\n<p>In both cases, these are Audis with 3.0l engines.<\/p>\n\n\n\n<p>In a proceeding, the plaintiff can rely on a <strong>amount of<\/strong> <strong>21,239 euros<\/strong> and can take the car to the <a href=\"https:\/\/ru.law\/en\/expertise\/abgasskandal\/audi-diesel\/\">Audi<\/a> AG (LG Ingolstadt dated 30.10.2020, ref. 31 O 255\/20). He had his <strong>Audi Q5 3.0l Euro 6<\/strong> with the fraudulent software in January 2018 for just under 37,000 euros and has since driven a good 60,000 km with it. He was also exempted from paying the remaining loan amount of 7,100 euros.<\/p>\n\n\n\n<p>In accordance with the case law of the Federal Court of Justice, he has to be credited with a usage fee of almost 9,600 euros for the distance travelled.<\/p>\n\n\n\n<h3 class=\"wp-block-heading\" id=\"h-der-zweite-audi-fall-schadensersatz-trotz-verkauf-des-wagens\"><strong>The second Audi case: compensation despite the sale of the car<\/strong><\/h3>\n\n\n\n<p>The second case is somewhat different. Here, the plaintiff had the car, a <strong>Audi A7 3.0l Euro 6<\/strong>, sold it for 31,500 euros during the proceedings. He had bought it in October 2016 for 56,550 euros and had driven it almost 85,000 km.<br>The court has now sentenced Audi AG to <strong>payment of an additional 8,600 euros<\/strong> (LG Ingolstadt dated October 30, 2020, Ref. 51 O 714\/20).<\/p>\n\n\n\n<p>In both cases, the court was convinced that an illegal defeat device had been used in the engine control software of both models.<\/p>\n\n\n\n<h3 class=\"wp-block-heading\" id=\"h-gleich-zwei-urteile-im-sinne-der-verbraucher-in-einer-sehr-kurzen-zeit\"><strong>Two judgments in favour of consumers in a very short period of time<\/strong><\/h3>\n\n\n\n<p>The judges saw the damaging act as the placing of the defective vehicles on the market. Audi AG concealed the illegal software programming, which led to a recall by the KBA. This behavior was classified as immoral and intentional damage. The deception by Audi obviously only served the purpose of cutting costs.<\/p>\n\n\n\n<p>The car manufacturer has attempted to avoid legally and technically sound but more expensive exhaust gas purification solutions and to gain a competitive advantage by using seemingly environmentally friendly test bench values.<\/p>\n\n\n\n<p>We are particularly pleased that we were able to obtain the two convictions against Audi AG within a very short period of time. Both lawsuits were filed in the first quarter of 2020 and were concluded at the end of October 2020. Now, despite the fact that the case has not yet become final, we are hoping for an equally quick and problem-free reversal due to the clear legal situation set out by the Federal Court of Justice.<\/p>\n\n\n\n\n\n<section class=\"wp-block-uagb-columns uagb-columns__wrap uagb-columns__background-undefined uagb-columns__stack-mobile uagb-columns__valign-undefined uagb-columns__gap-10 alignundefined uagb-block-a63b8d4d contrast blog_beitraege\"><div class=\"uagb-columns__overlay\"><\/div><div class=\"uagb-columns__inner-wrap uagb-columns__columns-1\">\n<div class=\"wp-block-uagb-column uagb-column__wrap uagb-column__background-undefined uagb-block-6e00ddba\"><div class=\"uagb-column__overlay\"><\/div><div class=\"uagb-column__inner-wrap\">\n<h3 class=\"wp-block-heading\" id=\"das-konnte-sie-auch-interessieren\">You might also be interested in:<\/h3>\n\n\n\n\t\t\t<div class=\"wp-block-uagb-post-grid uagb-post-grid  uagb-post__image-position-top uagb-post__image-enabled uagb-block-ff875f2e     uagb-post__items uagb-post__columns-3 is-grid uagb-post__columns-tablet-2 uagb-post__columns-mobile-1 uagb-post__equal-height\" data-total=\"3\" style=\"\">\n\n\t\t\t\t\t\t\t\t\t\t\t\t<article class=\"uagb-post__inner-wrap\">\t\t\t\t\t\t\t\t<div class='uagb-post__image'>\n\t\t\t\t\t\t\t\t\t<a href=\"https:\/\/ru.law\/en\/diesel-ueberholt-benzinpreis-jetzt-erst-recht\/\" target=\"_self\" rel=\"bookmark noopener noreferrer\" class='uagb-image-ratio-inherit'><img loading=\"lazy\" decoding=\"async\" width=\"1024\" height=\"576\" src=\"https:\/\/ru.law\/wp-content\/uploads\/2022\/03\/2021-News-Header-1200x675-2972-1024x576.jpg\" class=\"attachment-large size-large\" alt=\"Rogert-Ulbrich-Rechtsanwaelte-Kanzlei-Diesel-Benzin-Preise\" srcset=\"https:\/\/ru.law\/wp-content\/uploads\/2022\/03\/2021-News-Header-1200x675-2972-1024x576.jpg 1024w, https:\/\/ru.law\/wp-content\/uploads\/2022\/03\/2021-News-Header-1200x675-2972-300x169.jpg 300w, https:\/\/ru.law\/wp-content\/uploads\/2022\/03\/2021-News-Header-1200x675-2972-768x432.jpg 768w, https:\/\/ru.law\/wp-content\/uploads\/2022\/03\/2021-News-Header-1200x675-2972.jpg 1200w\" sizes=\"auto, (max-width: 1024px) 100vw, 1024px\" \/>\t\t\t\t\t<\/a>\n\t\t\t\t\t\t\t<\/div>\n\t\t\t\t\t\t<h4 class=\"uagb-post__title uagb-post__text\">\n\t\t\t\t<a href=\"https:\/\/ru.law\/en\/diesel-ueberholt-benzinpreis-jetzt-erst-recht\/\" target=\"_self\" rel=\"bookmark noopener noreferrer\">Record prices for diesel - Now is the time to reverse your car<\/a>\n\t\t\t<\/h4>\n\t\t\t\t\t\t<div class='uagb-post__text uagb-post-grid-byline'>\n\t\t\t\t\t\t\t<\/div>\n\t\t\t\t\t\t\t<div class='uagb-post__text uagb-post__excerpt'>\n\t\t\t\t\t<p>Diesel is at a record high in Germany and petrol is also approaching a\u2026\t\t\t\t<\/div>\n\t\t\t\t\t\t<div class=\"uagb-post__text uagb-post__cta wp-block-button\">\n\t\t\t\t<a class=\"wp-block-button__link uagb-text-link\" style=\"\" href=\"https:\/\/ru.law\/en\/diesel-ueberholt-benzinpreis-jetzt-erst-recht\/\" target=\"_self\" rel=\"bookmark noopener noreferrer\">Read More<\/a>\n\t\t\t<\/div>\n\t\t\t\n\t\t\t\t\t\t\t\t<a class=\"uagb-post__link-complete-box\" href=\"https:\/\/ru.law\/en\/diesel-ueberholt-benzinpreis-jetzt-erst-recht\/\" target=\"_self\" rel=\"bookmark noopener noreferrer\"><\/a>\n\t\t\t\t\t\t\t<\/article>\n\t\t\t\t\t\t\t\t\t\t\t\t\t\t\t\t<article class=\"uagb-post__inner-wrap\">\t\t\t\t\t\t\t\t<div class='uagb-post__image'>\n\t\t\t\t\t\t\t\t\t<a href=\"https:\/\/ru.law\/en\/vtdi-abgasskandal-rund-um-vw-audi-und-porsche\/\" target=\"_self\" rel=\"bookmark noopener noreferrer\" class='uagb-image-ratio-inherit'><img loading=\"lazy\" decoding=\"async\" width=\"1024\" height=\"576\" src=\"https:\/\/ru.law\/wp-content\/uploads\/2022\/01\/Rogert-Ulbrich-Rechtsanwaelte-Kanzlei-Abgasskandal-Audi-Verjaehrung-2022-1024x576.jpg\" class=\"attachment-large size-large\" alt=\"\" srcset=\"https:\/\/ru.law\/wp-content\/uploads\/2022\/01\/Rogert-Ulbrich-Rechtsanwaelte-Kanzlei-Abgasskandal-Audi-Verjaehrung-2022-1024x576.jpg 1024w, https:\/\/ru.law\/wp-content\/uploads\/2022\/01\/Rogert-Ulbrich-Rechtsanwaelte-Kanzlei-Abgasskandal-Audi-Verjaehrung-2022-300x169.jpg 300w, https:\/\/ru.law\/wp-content\/uploads\/2022\/01\/Rogert-Ulbrich-Rechtsanwaelte-Kanzlei-Abgasskandal-Audi-Verjaehrung-2022-768x432.jpg 768w, https:\/\/ru.law\/wp-content\/uploads\/2022\/01\/Rogert-Ulbrich-Rechtsanwaelte-Kanzlei-Abgasskandal-Audi-Verjaehrung-2022.jpg 1200w\" sizes=\"auto, (max-width: 1024px) 100vw, 1024px\" \/>\t\t\t\t\t<\/a>\n\t\t\t\t\t\t\t<\/div>\n\t\t\t\t\t\t<h4 class=\"uagb-post__title uagb-post__text\">\n\t\t\t\t<a href=\"https:\/\/ru.law\/en\/vtdi-abgasskandal-rund-um-vw-audi-und-porsche\/\" target=\"_self\" rel=\"bookmark noopener noreferrer\">VTDI emissions scandal involving VW, Audi and Porsche<\/a>\n\t\t\t<\/h4>\n\t\t\t\t\t\t<div class='uagb-post__text uagb-post-grid-byline'>\n\t\t\t\t\t\t\t<\/div>\n\t\t\t\t\t\t\t<div class='uagb-post__text uagb-post__excerpt'>\n\t\t\t\t\t<p>For many German car manufacturers, the diesel emissions scandal is still omnipresent, including the VW Group\u2026\t\t\t\t<\/div>\n\t\t\t\t\t\t<div class=\"uagb-post__text uagb-post__cta wp-block-button\">\n\t\t\t\t<a class=\"wp-block-button__link uagb-text-link\" style=\"\" href=\"https:\/\/ru.law\/en\/vtdi-abgasskandal-rund-um-vw-audi-und-porsche\/\" target=\"_self\" rel=\"bookmark noopener noreferrer\">Read More<\/a>\n\t\t\t<\/div>\n\t\t\t\n\t\t\t\t\t\t\t\t<a class=\"uagb-post__link-complete-box\" href=\"https:\/\/ru.law\/en\/vtdi-abgasskandal-rund-um-vw-audi-und-porsche\/\" target=\"_self\" rel=\"bookmark noopener noreferrer\"><\/a>\n\t\t\t\t\t\t\t<\/article>\n\t\t\t\t\t\t\t\t\t\t\t\t\t\t\t\t<article class=\"uagb-post__inner-wrap\">\t\t\t\t\t\t\t\t<div class='uagb-post__image'>\n\t\t\t\t\t\t\t\t\t<a href=\"https:\/\/ru.law\/en\/olg-koeln-verurteilt-audi-ag\/\" target=\"_self\" rel=\"bookmark noopener noreferrer\" class='uagb-image-ratio-inherit'><img loading=\"lazy\" decoding=\"async\" width=\"1024\" height=\"576\" src=\"https:\/\/ru.law\/wp-content\/uploads\/2021\/09\/rogert-ulbrich-rechtsanwalt-kanzlei-abgasskandal-premium-modelle-porsche-42l-1024x576.jpg\" class=\"attachment-large size-large\" alt=\"\" srcset=\"https:\/\/ru.law\/wp-content\/uploads\/2021\/09\/rogert-ulbrich-rechtsanwalt-kanzlei-abgasskandal-premium-modelle-porsche-42l-1024x576.jpg 1024w, https:\/\/ru.law\/wp-content\/uploads\/2021\/09\/rogert-ulbrich-rechtsanwalt-kanzlei-abgasskandal-premium-modelle-porsche-42l-300x169.jpg 300w, https:\/\/ru.law\/wp-content\/uploads\/2021\/09\/rogert-ulbrich-rechtsanwalt-kanzlei-abgasskandal-premium-modelle-porsche-42l-768x432.jpg 768w, https:\/\/ru.law\/wp-content\/uploads\/2021\/09\/rogert-ulbrich-rechtsanwalt-kanzlei-abgasskandal-premium-modelle-porsche-42l.jpg 1200w\" sizes=\"auto, (max-width: 1024px) 100vw, 1024px\" \/>\t\t\t\t\t<\/a>\n\t\t\t\t\t\t\t<\/div>\n\t\t\t\t\t\t<h4 class=\"uagb-post__title uagb-post__text\">\n\t\t\t\t<a href=\"https:\/\/ru.law\/en\/olg-koeln-verurteilt-audi-ag\/\" target=\"_self\" rel=\"bookmark noopener noreferrer\">Audi AG ordered to take back a Porsche Cayenne S<\/a>\n\t\t\t<\/h4>\n\t\t\t\t\t\t<div class='uagb-post__text uagb-post-grid-byline'>\n\t\t\t\t\t\t\t<\/div>\n\t\t\t\t\t\t\t<div class='uagb-post__text uagb-post__excerpt'>\n\t\t\t\t\t<p>Audi AG was ordered by the Cologne Higher Regional Court to take back a Porsche Cayenne S 4.2l\u2026.\t\t\t\t<\/div>\n\t\t\t\t\t\t<div class=\"uagb-post__text uagb-post__cta wp-block-button\">\n\t\t\t\t<a class=\"wp-block-button__link uagb-text-link\" style=\"\" href=\"https:\/\/ru.law\/en\/olg-koeln-verurteilt-audi-ag\/\" target=\"_self\" rel=\"bookmark noopener noreferrer\">Read More<\/a>\n\t\t\t<\/div>\n\t\t\t\n\t\t\t\t\t\t\t\t<a class=\"uagb-post__link-complete-box\" href=\"https:\/\/ru.law\/en\/olg-koeln-verurteilt-audi-ag\/\" target=\"_self\" rel=\"bookmark noopener noreferrer\"><\/a>\n\t\t\t\t\t\t\t<\/article>\n\t\t\t\t\t\t\t\t\t\t\t<\/div>\n\t\t\t\n\n\n<p><\/p>\n<\/div><\/div>\n<\/div><\/section>","protected":false},"excerpt":{"rendered":"<p>Zwei gesch\u00e4digte Auto-K\u00e4ufer freuen sich \u00fcber Schadensersatz. Gleich zwei interessante Urteile konnten wir vor dem Landgericht Ingolstadt zu Gunsten unserer Mandanten erringen. In beiden F\u00e4llen [&hellip;]<\/p>\n","protected":false},"author":21,"featured_media":11002,"comment_status":"closed","ping_status":"open","sticky":false,"template":"","format":"standard","meta":{"_uag_custom_page_level_css":"","site-sidebar-layout":"default","site-content-layout":"default","ast-site-content-layout":"default","site-content-style":"default","site-sidebar-style":"default","ast-global-header-display":"","ast-banner-title-visibility":"","ast-main-header-display":"","ast-hfb-above-header-display":"","ast-hfb-below-header-display":"","ast-hfb-mobile-header-display":"","site-post-title":"","ast-breadcrumbs-content":"","ast-featured-img":"","footer-sml-layout":"","ast-disable-related-posts":"","theme-transparent-header-meta":"default","adv-header-id-meta":"","stick-header-meta":"","header-above-stick-meta":"","header-main-stick-meta":"","header-below-stick-meta":"","astra-migrate-meta-layouts":"default","ast-page-background-enabled":"default","ast-page-background-meta":{"desktop":{"background-color":"","background-image":"","background-repeat":"repeat","background-position":"center center","background-size":"auto","background-attachment":"scroll","background-type":"","background-media":"","overlay-type":"","overlay-color":"","overlay-opacity":"","overlay-gradient":""},"tablet":{"background-color":"","background-image":"","background-repeat":"repeat","background-position":"center center","background-size":"auto","background-attachment":"scroll","background-type":"","background-media":"","overlay-type":"","overlay-color":"","overlay-opacity":"","overlay-gradient":""},"mobile":{"background-color":"","background-image":"","background-repeat":"repeat","background-position":"center center","background-size":"auto","background-attachment":"scroll","background-type":"","background-media":"","overlay-type":"","overlay-color":"","overlay-opacity":"","overlay-gradient":""}},"ast-content-background-meta":{"desktop":{"background-color":"var(--ast-global-color-5)","background-image":"","background-repeat":"repeat","background-position":"center center","background-size":"auto","background-attachment":"scroll","background-type":"","background-media":"","overlay-type":"","overlay-color":"","overlay-opacity":"","overlay-gradient":""},"tablet":{"background-color":"var(--ast-global-color-5)","background-image":"","background-repeat":"repeat","background-position":"center center","background-size":"auto","background-attachment":"scroll","background-type":"","background-media":"","overlay-type":"","overlay-color":"","overlay-opacity":"","overlay-gradient":""},"mobile":{"background-color":"var(--ast-global-color-5)","background-image":"","background-repeat":"repeat","background-position":"center center","background-size":"auto","background-attachment":"scroll","background-type":"","background-media":"","overlay-type":"","overlay-color":"","overlay-opacity":"","overlay-gradient":""}},"footnotes":""},"categories":[2,507],"tags":[9],"class_list":["post-10974","post","type-post","status-publish","format-standard","has-post-thumbnail","hentry","category-abgasskandal","category-urteile","tag-audi"],"yoast_head":"<!-- This site is optimized with the Yoast SEO Premium plugin v27.4 (Yoast SEO v27.4) - https:\/\/yoast.com\/product\/yoast-seo-premium-wordpress\/ -->\n<title>Audi AG: Modelle mit 3.0l Motoren im Abgasskandal - R&amp;U<\/title>\n<meta name=\"description\" content=\"Neue Urteile gegen Audi AG: Zwei gesch\u00e4digte Audi-K\u00e4ufer freuen sich \u00fcber Schadensersatz. In beiden F\u00e4llen geht es um Audis mit 3.0l-Motoren.\" \/>\n<meta name=\"robots\" content=\"index, follow, max-snippet:-1, max-image-preview:large, max-video-preview:-1\" \/>\n<link rel=\"canonical\" href=\"https:\/\/ru.law\/en\/neue-urteile-gegen-audi-ag-modelle-mit-3-0l-motoren-betroffen\/\" \/>\n<meta property=\"og:locale\" content=\"en_GB\" \/>\n<meta property=\"og:type\" content=\"article\" \/>\n<meta property=\"og:title\" content=\"Neue Urteile gegen Audi AG: Modelle mit 3.0l Motoren betroffen\" \/>\n<meta property=\"og:description\" content=\"Neue Urteile gegen Audi AG: Zwei gesch\u00e4digte Audi-K\u00e4ufer freuen sich \u00fcber Schadensersatz. In beiden F\u00e4llen geht es um Audis mit 3.0l-Motoren.\" \/>\n<meta property=\"og:url\" content=\"https:\/\/ru.law\/en\/neue-urteile-gegen-audi-ag-modelle-mit-3-0l-motoren-betroffen\/\" \/>\n<meta property=\"og:site_name\" content=\"R&amp;U\" \/>\n<meta property=\"article:publisher\" content=\"https:\/\/www.facebook.com\/RogertUlbrich\/\" \/>\n<meta property=\"article:published_time\" content=\"2020-11-12T10:10:00+00:00\" \/>\n<meta property=\"article:modified_time\" content=\"2024-07-08T11:12:45+00:00\" \/>\n<meta property=\"og:image\" content=\"https:\/\/ru.law\/wp-content\/uploads\/2020\/11\/audi-mit-3-liter-motor.jpg\" \/>\n\t<meta property=\"og:image:width\" content=\"1201\" \/>\n\t<meta property=\"og:image:height\" content=\"675\" \/>\n\t<meta property=\"og:image:type\" content=\"image\/jpeg\" \/>\n<meta name=\"author\" content=\"Marco Rogert\" \/>\n<meta name=\"twitter:card\" content=\"summary_large_image\" \/>\n<meta name=\"twitter:creator\" content=\"@RogertUlbrich\" \/>\n<meta name=\"twitter:site\" content=\"@RogertUlbrich\" \/>\n<script type=\"application\/ld+json\" class=\"yoast-schema-graph\">{\"@context\":\"https:\\\/\\\/schema.org\",\"@graph\":[{\"@type\":\"Article\",\"@id\":\"https:\\\/\\\/ru.law\\\/neue-urteile-gegen-audi-ag-modelle-mit-3-0l-motoren-betroffen\\\/#article\",\"isPartOf\":{\"@id\":\"https:\\\/\\\/ru.law\\\/neue-urteile-gegen-audi-ag-modelle-mit-3-0l-motoren-betroffen\\\/\"},\"author\":{\"name\":\"Marco Rogert\",\"@id\":\"https:\\\/\\\/ru.law\\\/#\\\/schema\\\/person\\\/b020d506e6bbc471b4565d3a98173b87\"},\"headline\":\"Neue Urteile gegen Audi AG: Modelle mit 3.0l Motoren betroffen\",\"datePublished\":\"2020-11-12T10:10:00+00:00\",\"dateModified\":\"2024-07-08T11:12:45+00:00\",\"mainEntityOfPage\":{\"@id\":\"https:\\\/\\\/ru.law\\\/neue-urteile-gegen-audi-ag-modelle-mit-3-0l-motoren-betroffen\\\/\"},\"wordCount\":374,\"publisher\":{\"@id\":\"https:\\\/\\\/ru.law\\\/#organization\"},\"image\":{\"@id\":\"https:\\\/\\\/ru.law\\\/neue-urteile-gegen-audi-ag-modelle-mit-3-0l-motoren-betroffen\\\/#primaryimage\"},\"thumbnailUrl\":\"https:\\\/\\\/ru.law\\\/wp-content\\\/uploads\\\/2020\\\/11\\\/audi-mit-3-liter-motor.jpg\",\"keywords\":[\"Audi\"],\"articleSection\":[\"Abgasskandal\",\"Urteile\"],\"inLanguage\":\"en-GB\"},{\"@type\":\"WebPage\",\"@id\":\"https:\\\/\\\/ru.law\\\/neue-urteile-gegen-audi-ag-modelle-mit-3-0l-motoren-betroffen\\\/\",\"url\":\"https:\\\/\\\/ru.law\\\/neue-urteile-gegen-audi-ag-modelle-mit-3-0l-motoren-betroffen\\\/\",\"name\":\"Audi AG: Modelle mit 3.0l Motoren im Abgasskandal - R&amp;U\",\"isPartOf\":{\"@id\":\"https:\\\/\\\/ru.law\\\/#website\"},\"primaryImageOfPage\":{\"@id\":\"https:\\\/\\\/ru.law\\\/neue-urteile-gegen-audi-ag-modelle-mit-3-0l-motoren-betroffen\\\/#primaryimage\"},\"image\":{\"@id\":\"https:\\\/\\\/ru.law\\\/neue-urteile-gegen-audi-ag-modelle-mit-3-0l-motoren-betroffen\\\/#primaryimage\"},\"thumbnailUrl\":\"https:\\\/\\\/ru.law\\\/wp-content\\\/uploads\\\/2020\\\/11\\\/audi-mit-3-liter-motor.jpg\",\"datePublished\":\"2020-11-12T10:10:00+00:00\",\"dateModified\":\"2024-07-08T11:12:45+00:00\",\"description\":\"Neue Urteile gegen Audi AG: Zwei gesch\u00e4digte Audi-K\u00e4ufer freuen sich \u00fcber Schadensersatz. In beiden F\u00e4llen geht es um Audis mit 3.0l-Motoren.\",\"breadcrumb\":{\"@id\":\"https:\\\/\\\/ru.law\\\/neue-urteile-gegen-audi-ag-modelle-mit-3-0l-motoren-betroffen\\\/#breadcrumb\"},\"inLanguage\":\"en-GB\",\"potentialAction\":[{\"@type\":\"ReadAction\",\"target\":[\"https:\\\/\\\/ru.law\\\/neue-urteile-gegen-audi-ag-modelle-mit-3-0l-motoren-betroffen\\\/\"]}]},{\"@type\":\"ImageObject\",\"inLanguage\":\"en-GB\",\"@id\":\"https:\\\/\\\/ru.law\\\/neue-urteile-gegen-audi-ag-modelle-mit-3-0l-motoren-betroffen\\\/#primaryimage\",\"url\":\"https:\\\/\\\/ru.law\\\/wp-content\\\/uploads\\\/2020\\\/11\\\/audi-mit-3-liter-motor.jpg\",\"contentUrl\":\"https:\\\/\\\/ru.law\\\/wp-content\\\/uploads\\\/2020\\\/11\\\/audi-mit-3-liter-motor.jpg\",\"width\":1201,\"height\":675},{\"@type\":\"BreadcrumbList\",\"@id\":\"https:\\\/\\\/ru.law\\\/neue-urteile-gegen-audi-ag-modelle-mit-3-0l-motoren-betroffen\\\/#breadcrumb\",\"itemListElement\":[{\"@type\":\"ListItem\",\"position\":1,\"name\":\"Startseite\",\"item\":\"https:\\\/\\\/ru.law\\\/\"},{\"@type\":\"ListItem\",\"position\":2,\"name\":\"Neue Urteile gegen Audi AG: Modelle mit 3.0l Motoren betroffen\"}]},{\"@type\":\"WebSite\",\"@id\":\"https:\\\/\\\/ru.law\\\/#website\",\"url\":\"https:\\\/\\\/ru.law\\\/\",\"name\":\"R&U\",\"description\":\"Verbraucheranw\u00e4lte\",\"publisher\":{\"@id\":\"https:\\\/\\\/ru.law\\\/#organization\"},\"alternateName\":\"Rogert & Ulbrich\",\"potentialAction\":[{\"@type\":\"SearchAction\",\"target\":{\"@type\":\"EntryPoint\",\"urlTemplate\":\"https:\\\/\\\/ru.law\\\/?s={search_term_string}\"},\"query-input\":{\"@type\":\"PropertyValueSpecification\",\"valueRequired\":true,\"valueName\":\"search_term_string\"}}],\"inLanguage\":\"en-GB\"},{\"@type\":\"Organization\",\"@id\":\"https:\\\/\\\/ru.law\\\/#organization\",\"name\":\"Kanzlei Rogert & Ulbrich\",\"url\":\"https:\\\/\\\/ru.law\\\/\",\"logo\":{\"@type\":\"ImageObject\",\"inLanguage\":\"en-GB\",\"@id\":\"https:\\\/\\\/ru.law\\\/#\\\/schema\\\/logo\\\/image\\\/\",\"url\":\"https:\\\/\\\/ru.law\\\/wp-content\\\/uploads\\\/2020\\\/12\\\/logo-ru-law.svg\",\"contentUrl\":\"https:\\\/\\\/ru.law\\\/wp-content\\\/uploads\\\/2020\\\/12\\\/logo-ru-law.svg\",\"width\":992,\"height\":259,\"caption\":\"Kanzlei Rogert & Ulbrich\"},\"image\":{\"@id\":\"https:\\\/\\\/ru.law\\\/#\\\/schema\\\/logo\\\/image\\\/\"},\"sameAs\":[\"https:\\\/\\\/www.facebook.com\\\/RogertUlbrich\\\/\",\"https:\\\/\\\/x.com\\\/RogertUlbrich\",\"https:\\\/\\\/www.instagram.com\\\/rogertulbrich\\\/\",\"https:\\\/\\\/www.linkedin.com\\\/company\\\/rogert-ulbrich\\\/\",\"https:\\\/\\\/www.youtube.com\\\/channel\\\/UCganCgpvwpPFqMFf1vVmG2A\"]},{\"@type\":\"Person\",\"@id\":\"https:\\\/\\\/ru.law\\\/#\\\/schema\\\/person\\\/b020d506e6bbc471b4565d3a98173b87\",\"name\":\"Marco Rogert\",\"url\":\"https:\\\/\\\/ru.law\\\/en\\\/author\\\/rogertru-law\\\/\"}]}<\/script>\n<!-- \/ Yoast SEO Premium plugin. -->","yoast_head_json":{"title":"Audi AG: Models with 3.0l engines in the emissions scandal - R&amp;U","description":"New rulings against Audi AG: Two aggrieved Audi buyers are receiving compensation. Both cases involve Audis with 3.0-liter engines.","robots":{"index":"index","follow":"follow","max-snippet":"max-snippet:-1","max-image-preview":"max-image-preview:large","max-video-preview":"max-video-preview:-1"},"canonical":"https:\/\/ru.law\/en\/neue-urteile-gegen-audi-ag-modelle-mit-3-0l-motoren-betroffen\/","og_locale":"en_GB","og_type":"article","og_title":"Neue Urteile gegen Audi AG: Modelle mit 3.0l Motoren betroffen","og_description":"Neue Urteile gegen Audi AG: Zwei gesch\u00e4digte Audi-K\u00e4ufer freuen sich \u00fcber Schadensersatz. In beiden F\u00e4llen geht es um Audis mit 3.0l-Motoren.","og_url":"https:\/\/ru.law\/en\/neue-urteile-gegen-audi-ag-modelle-mit-3-0l-motoren-betroffen\/","og_site_name":"R&amp;U","article_publisher":"https:\/\/www.facebook.com\/RogertUlbrich\/","article_published_time":"2020-11-12T10:10:00+00:00","article_modified_time":"2024-07-08T11:12:45+00:00","og_image":[{"width":1201,"height":675,"url":"https:\/\/ru.law\/wp-content\/uploads\/2020\/11\/audi-mit-3-liter-motor.jpg","type":"image\/jpeg"}],"author":"Marco Rogert","twitter_card":"summary_large_image","twitter_creator":"@RogertUlbrich","twitter_site":"@RogertUlbrich","schema":{"@context":"https:\/\/schema.org","@graph":[{"@type":"Article","@id":"https:\/\/ru.law\/neue-urteile-gegen-audi-ag-modelle-mit-3-0l-motoren-betroffen\/#article","isPartOf":{"@id":"https:\/\/ru.law\/neue-urteile-gegen-audi-ag-modelle-mit-3-0l-motoren-betroffen\/"},"author":{"name":"Marco Rogert","@id":"https:\/\/ru.law\/#\/schema\/person\/b020d506e6bbc471b4565d3a98173b87"},"headline":"Neue Urteile gegen Audi AG: Modelle mit 3.0l Motoren betroffen","datePublished":"2020-11-12T10:10:00+00:00","dateModified":"2024-07-08T11:12:45+00:00","mainEntityOfPage":{"@id":"https:\/\/ru.law\/neue-urteile-gegen-audi-ag-modelle-mit-3-0l-motoren-betroffen\/"},"wordCount":374,"publisher":{"@id":"https:\/\/ru.law\/#organization"},"image":{"@id":"https:\/\/ru.law\/neue-urteile-gegen-audi-ag-modelle-mit-3-0l-motoren-betroffen\/#primaryimage"},"thumbnailUrl":"https:\/\/ru.law\/wp-content\/uploads\/2020\/11\/audi-mit-3-liter-motor.jpg","keywords":["Audi"],"articleSection":["Abgasskandal","Urteile"],"inLanguage":"en-GB"},{"@type":"WebPage","@id":"https:\/\/ru.law\/neue-urteile-gegen-audi-ag-modelle-mit-3-0l-motoren-betroffen\/","url":"https:\/\/ru.law\/neue-urteile-gegen-audi-ag-modelle-mit-3-0l-motoren-betroffen\/","name":"Audi AG: Models with 3.0l engines in the emissions scandal - R&amp;U","isPartOf":{"@id":"https:\/\/ru.law\/#website"},"primaryImageOfPage":{"@id":"https:\/\/ru.law\/neue-urteile-gegen-audi-ag-modelle-mit-3-0l-motoren-betroffen\/#primaryimage"},"image":{"@id":"https:\/\/ru.law\/neue-urteile-gegen-audi-ag-modelle-mit-3-0l-motoren-betroffen\/#primaryimage"},"thumbnailUrl":"https:\/\/ru.law\/wp-content\/uploads\/2020\/11\/audi-mit-3-liter-motor.jpg","datePublished":"2020-11-12T10:10:00+00:00","dateModified":"2024-07-08T11:12:45+00:00","description":"New rulings against Audi AG: Two aggrieved Audi buyers are receiving compensation. Both cases involve Audis with 3.0-liter engines.","breadcrumb":{"@id":"https:\/\/ru.law\/neue-urteile-gegen-audi-ag-modelle-mit-3-0l-motoren-betroffen\/#breadcrumb"},"inLanguage":"en-GB","potentialAction":[{"@type":"ReadAction","target":["https:\/\/ru.law\/neue-urteile-gegen-audi-ag-modelle-mit-3-0l-motoren-betroffen\/"]}]},{"@type":"ImageObject","inLanguage":"en-GB","@id":"https:\/\/ru.law\/neue-urteile-gegen-audi-ag-modelle-mit-3-0l-motoren-betroffen\/#primaryimage","url":"https:\/\/ru.law\/wp-content\/uploads\/2020\/11\/audi-mit-3-liter-motor.jpg","contentUrl":"https:\/\/ru.law\/wp-content\/uploads\/2020\/11\/audi-mit-3-liter-motor.jpg","width":1201,"height":675},{"@type":"BreadcrumbList","@id":"https:\/\/ru.law\/neue-urteile-gegen-audi-ag-modelle-mit-3-0l-motoren-betroffen\/#breadcrumb","itemListElement":[{"@type":"ListItem","position":1,"name":"Startseite","item":"https:\/\/ru.law\/"},{"@type":"ListItem","position":2,"name":"Neue Urteile gegen Audi AG: Modelle mit 3.0l Motoren betroffen"}]},{"@type":"WebSite","@id":"https:\/\/ru.law\/#website","url":"https:\/\/ru.law\/","name":"R&amp;U","description":"Consumer lawyers","publisher":{"@id":"https:\/\/ru.law\/#organization"},"alternateName":"Rogert & Ulbrich","potentialAction":[{"@type":"SearchAction","target":{"@type":"EntryPoint","urlTemplate":"https:\/\/ru.law\/?s={search_term_string}"},"query-input":{"@type":"PropertyValueSpecification","valueRequired":true,"valueName":"search_term_string"}}],"inLanguage":"en-GB"},{"@type":"Organization","@id":"https:\/\/ru.law\/#organization","name":"Rogert &amp; Ulbrich Law Firm","url":"https:\/\/ru.law\/","logo":{"@type":"ImageObject","inLanguage":"en-GB","@id":"https:\/\/ru.law\/#\/schema\/logo\/image\/","url":"https:\/\/ru.law\/wp-content\/uploads\/2020\/12\/logo-ru-law.svg","contentUrl":"https:\/\/ru.law\/wp-content\/uploads\/2020\/12\/logo-ru-law.svg","width":992,"height":259,"caption":"Kanzlei Rogert & Ulbrich"},"image":{"@id":"https:\/\/ru.law\/#\/schema\/logo\/image\/"},"sameAs":["https:\/\/www.facebook.com\/RogertUlbrich\/","https:\/\/x.com\/RogertUlbrich","https:\/\/www.instagram.com\/rogertulbrich\/","https:\/\/www.linkedin.com\/company\/rogert-ulbrich\/","https:\/\/www.youtube.com\/channel\/UCganCgpvwpPFqMFf1vVmG2A"]},{"@type":"Person","@id":"https:\/\/ru.law\/#\/schema\/person\/b020d506e6bbc471b4565d3a98173b87","name":"Marco Rogert","url":"https:\/\/ru.law\/en\/author\/rogertru-law\/"}]}},"uagb_featured_image_src":{"full":["https:\/\/ru.law\/wp-content\/uploads\/2020\/11\/audi-mit-3-liter-motor.jpg",1201,675,false],"thumbnail":["https:\/\/ru.law\/wp-content\/uploads\/2020\/11\/audi-mit-3-liter-motor-150x150.jpg",96,96,true],"medium":["https:\/\/ru.law\/wp-content\/uploads\/2020\/11\/audi-mit-3-liter-motor-300x169.jpg",300,169,true],"medium_large":["https:\/\/ru.law\/wp-content\/uploads\/2020\/11\/audi-mit-3-liter-motor-768x432.jpg",768,432,true],"large":["https:\/\/ru.law\/wp-content\/uploads\/2020\/11\/audi-mit-3-liter-motor-1024x576.jpg",1024,576,true],"1536x1536":["https:\/\/ru.law\/wp-content\/uploads\/2020\/11\/audi-mit-3-liter-motor.jpg",1201,675,false],"2048x2048":["https:\/\/ru.law\/wp-content\/uploads\/2020\/11\/audi-mit-3-liter-motor.jpg",1201,675,false],"trp-custom-language-flag":["https:\/\/ru.law\/wp-content\/uploads\/2020\/11\/audi-mit-3-liter-motor.jpg",18,10,false]},"uagb_author_info":{"display_name":"Marco Rogert","author_link":"https:\/\/ru.law\/en\/author\/rogertru-law\/"},"uagb_comment_info":0,"uagb_excerpt":"Zwei gesch\u00e4digte Auto-K\u00e4ufer freuen sich \u00fcber Schadensersatz. Gleich zwei interessante Urteile konnten wir vor dem Landgericht Ingolstadt zu Gunsten unserer Mandanten erringen. In beiden F\u00e4llen [&hellip;]","_links":{"self":[{"href":"https:\/\/ru.law\/en\/wp-json\/wp\/v2\/posts\/10974","targetHints":{"allow":["GET"]}}],"collection":[{"href":"https:\/\/ru.law\/en\/wp-json\/wp\/v2\/posts"}],"about":[{"href":"https:\/\/ru.law\/en\/wp-json\/wp\/v2\/types\/post"}],"author":[{"embeddable":true,"href":"https:\/\/ru.law\/en\/wp-json\/wp\/v2\/users\/21"}],"replies":[{"embeddable":true,"href":"https:\/\/ru.law\/en\/wp-json\/wp\/v2\/comments?post=10974"}],"version-history":[{"count":0,"href":"https:\/\/ru.law\/en\/wp-json\/wp\/v2\/posts\/10974\/revisions"}],"wp:featuredmedia":[{"embeddable":true,"href":"https:\/\/ru.law\/en\/wp-json\/wp\/v2\/media\/11002"}],"wp:attachment":[{"href":"https:\/\/ru.law\/en\/wp-json\/wp\/v2\/media?parent=10974"}],"wp:term":[{"taxonomy":"category","embeddable":true,"href":"https:\/\/ru.law\/en\/wp-json\/wp\/v2\/categories?post=10974"},{"taxonomy":"post_tag","embeddable":true,"href":"https:\/\/ru.law\/en\/wp-json\/wp\/v2\/tags?post=10974"}],"curies":[{"name":"wp","href":"https:\/\/api.w.org\/{rel}","templated":true}]}}